{"id":36091,"date":"2021-12-13T15:25:12","date_gmt":"2021-12-13T13:25:12","guid":{"rendered":"https:\/\/buletin.de\/bucuresti\/?p=36091"},"modified":"2021-12-13T15:26:35","modified_gmt":"2021-12-13T13:26:35","slug":"42-de-puz-uri-ramase-din-epoca-firea-ajung-la-votul-consiliului-general-pentru-majoritatea-se-va-cere-respingerea","status":"publish","type":"post","link":"https:\/\/buletin.de\/bucuresti\/42-de-puz-uri-ramase-din-epoca-firea-ajung-la-votul-consiliului-general-pentru-majoritatea-se-va-cere-respingerea\/","title":{"rendered":"42 de PUZ-uri r\u0103mase din epoca Firea, ajung la votul Consiliului General. Pentru majoritatea va cere respingerea"},"content":{"rendered":"\n<p class=\"has-pale-cyan-blue-background-color has-background\"><strong>Edilul general al Capitalei, Nicu\u0219or Dan, a prezentat public concluziile analizei celor 42 de PUZ-uri r\u0103mase \u00een dezbatere, din mandatul Gabrielei Firea. Actualul primar sus\u021bine c\u0103 toate acestea prezint\u0103 probleme mari de legalitate \u0219i c\u0103 va propune respingerea lor, \u00een Consiliul General. \u00cen cauz\u0103 sunt proiecte imobiliare din toate zonele Capitalei<\/strong> <strong>care, conform raportului Comisiei Tehnice de Urbanism, nu respect\u0103 indicatorii de urbanism. <\/strong><\/p>\n\n\n\n<p>Raportul prezentat de Nicu\u0219or Dan a fost \u00eentocmit de Comisia Tehnic\u0103 de Amenajarea Teritoriului \u0219i Urbanism din Prim\u0103ria Bucure\u0219ti. Speciali\u0219tii au analizat documenta\u021biile depuse \u00een mandatul Gabrielei Firea \u0219i mo\u0219tenite de actuala administra\u021bie \u0219i au \u00eentocmit un tabel cu problemele semnalate. <\/p>\n\n\n\n<p><br>\u201d<em>E vorba de 43 de PUZ-uri din care unul a fost retras. Pe acestea le voi pune pe ordinea de zi a Consiliului General, pentru marea majoritate dintre ele voi propune respingerea. \u00cen zilele de 14, 15, 16 decembrie sunt programate consilii ale comisiilor de urbanism ale Consiliului General, \u00een care vor fi luate la r\u00e2nd o parte din aceste documenta\u0163ii. \u00cen referatele mele, pentru marea majoritate o s\u0103 propun respingerea. Este probabil s\u0103 avem o \u015fedin\u0163\u0103 de Consiliu general pentru primele 20 \u00een cursul lunii decembrie<\/em>&#8220;, a explicat Nicu\u0219or Dan.<\/p>\n\n\n\n<p><br>Pre\u0219edintele Comisiei Tehnice de Amenajarea Teritoriului \u0219i Urbanism, Bogdan Suditu sus\u021bine c\u0103 raportul \u00eentocmit nu va \u021bine loc de avizare. Dar c\u0103 scoate la iveal\u0103 modul incorect \u00een care s-a aplicat legea.  Comisia a identificat \u0219i solu\u021bii ca, \u00een viitor, construc\u021biile din Bucure\u0219ti s\u0103 respecte anumite principii.<\/p>\n\n\n\n<p>\u201e<em>Am discutat despre gabaritul investi\u0163iilor \u015fi rela\u0163ia proiectului viitor cu \u0163esutul urban adiacent, modul de a\u015fezare pe parcel\u0103 al construc\u0163iilor propuse, \u00een a\u015fa fel \u00eenc\u00e2t nu numai \u00een interiorul parcelei s\u0103 fie func\u0163ional, \u00een situa\u0163ia \u00een care sunt mai multe cl\u0103diri, dar s\u0103 nu aib\u0103 impact negativ asupra parcelelor \u00eenvecinate, s\u0103 limiteze poten\u0163ialul de dezvoltare al parcelelor \u00eenvecinate. Nu \u00een ultimul r\u00e2nd, o component\u0103 important\u0103 a analizei noastre a fost legat\u0103, dac\u0103 vre\u0163i, de respectarea elementelor normative \u015fi tehnice cu privire la realizarea documenta\u0163iilor de urbanism<\/em>\u201d, a spus Bogdan Suditu.<\/p>\n\n\n\n<p>Despre viziunea de viitor a vorbit \u0219i Nicu\u0219or Dan. Un set de reguli care asigure o dezvoltare echilibrat\u0103 a Capitalei. <\/p>\n\n\n\n<p>&#8220;<em>Am spus c\u0103 acest ora\u0219 nu se mai poate dezvolta \u00een stilul haotic \u0219i chiar nociv \u00een care s-a dezvoltat p\u00e2n\u0103 acum, c\u0103 trebuie impuse \u0219i respectate reguli care s\u0103 asigure o dezvoltare urban\u0103 echilibrat\u0103, prin care s\u0103 se dea prioritate interesului public, al \u00eentregii comunit\u0103\u021bi bucure\u0219tene<\/em>.<\/p>\n\n\n\n<p><em>Am ar\u0103tat c\u0103, de-acum \u00eenainte, va trebui respectat\u0103 o gril\u0103 de criterii clare, obiective, conform legii \u0219i am prezentat felul \u00een care aceste criterii au fost sau, mai bine zis, NU au fost respectate \u00een documenta\u021biile de urbanism realizate \u00een trecut, \u00een timpul precedentei administra\u021bii<\/em>&#8220;, a men\u021bionat Nicu\u0219or Dan.<\/p>\n\n\n\n<p>Edilul a precizat \u0219i cum anune va fi implementat\u0103 noua politic\u0103 de urbanism.<\/p>\n\n\n\n<p>&#8220;<em>Vom fi clari \u0219i transparen\u021bi cu investitorii din sectorul imobiliar, vom preciza riguros grila de criterii care va trebui \u00eendeplinit\u0103, vom impune respectarea legii \u0219i refacerea documenta\u021biilor de urbanism acolo unde e cazul, vom cere investitorilor \u00een mod concret, \u00een scris, s\u0103 participe, al\u0103turi de prim\u0103rie, la crearea infrastructurii rutiere, sociale sau de mediu \u00een zonele pe care doresc s\u0103 le dezvolte din punct de vedere imobiliar<\/em>&#8220;, a ad\u0103ugat Nicu\u0219or Dan.<\/p>\n\n\n\n<p>Conform jurnali\u0219tilor de la <a href=\"https:\/\/www.hotnews.ro\/stiri-administratie_locala-25237737-nicusor-dan-finalizat-analiza-proiectelor-imobiliare-lasate-mostenire-gabriela-firea-pentru-marea-majoritate-propun-consilierilor-generali-respingerea-proiecte-imobiliare-sunt-vizate.htm%20,%20PUZ-urile%20au%20fost%20analizate%20de%20noua%20Comisia%20Tehnic%C4%83%20de%20Amenajarea%20Teritoriului%20%C5%9Fi%20Urbanism%20(CTATU)\">Hotnews.ro<\/a>, printre cele mai controversate proiecte imobiliare din aceast\u0103 list\u0103 se num\u0103r\u0103: un bloc de 6 etaje \u00eentre 6 cl\u0103diri monument istoric, pe Calea Victoriei, vizavi de Casa Vernescu, blocuri de 5 \u0219i 7 etaje printre casele din zona protejat\u0103 Vatra Luminoas\u0103, un bloc de 6 etaje \u00een centrul istoric, vizavi de Banca Na\u021bional\u0103, un bloc de 4 etaje pe \u0218os Kiseleff 39, \u00een locul casei interbelice demolate \u00een 2010, \u00een baza unei autoriza\u021bii emise ilegal de fostul primar Sorin Oprescu, un bloc de \u0219ase etaje pe bd Pache Protopopescu 33-35, \u00een locul unei case \u00een stil neorom\u00e2nesc, demolate \u00een 2020.<\/p>\n\n\n\n<p><\/p>\n\n\n\n<p><\/p>\n\n\n\n<p><\/p>\n","protected":false},"excerpt":{"rendered":"<p>Edilul general al Capitalei, Nicu\u0219or Dan, a prezentat public concluziile analizei celor 42 de PUZ-uri r\u0103mase \u00een dezbatere, din mandatul Gabrielei Firea. Actualul primar sus\u021bine c\u0103 toate acestea prezint\u0103 probleme mari de legalitate \u0219i c\u0103 va propune respingerea lor, \u00een Consiliul General. \u00cen cauz\u0103 sunt proiecte imobiliare din toate zonele Capitalei care, conform raportului Comisiei [&hellip;]<\/p>\n","protected":false},"author":18,"featured_media":36102,"comment_status":"closed","ping_status":"open","sticky":false,"template":"","format":"standard","meta":{"_acf_changed":false,"inline_featured_image":false,"ngg_post_thumbnail":0,"footnotes":""},"categories":[62],"tags":[3221,223,3671,3672],"ppma_author":[22579],"class_list":["post-36091","post","type-post","status-publish","format-standard","has-post-thumbnail","hentry","category-stiri","tag-nereguli","tag-nicusor-dan","tag-puz-uri","tag-respinse"],"acf":[],"yoast_head":"<!-- This site is optimized with the Yoast SEO Premium plugin v25.3 (Yoast SEO v27.4) - https:\/\/yoast.com\/product\/yoast-seo-premium-wordpress\/ -->\n<title>42 de PUZ-uri r\u0103mase din epoca Firea, ajung la votul Consiliului General. Pentru majoritatea va cere respingerea - Buletin de Bucure\u0219ti<\/title>\n<meta name=\"robots\" content=\"index, follow, max-snippet:-1, max-image-preview:large, max-video-preview:-1\" \/>\n<link rel=\"canonical\" href=\"https:\/\/buletin.de\/bucuresti\/42-de-puz-uri-ramase-din-epoca-firea-ajung-la-votul-consiliului-general-pentru-majoritatea-se-va-cere-respingerea\/\" \/>\n<meta property=\"og:locale\" content=\"en_GB\" \/>\n<meta property=\"og:type\" content=\"article\" \/>\n<meta property=\"og:title\" content=\"42 de PUZ-uri r\u0103mase din epoca Firea, ajung la votul Consiliului General. Pentru majoritatea va cere respingerea\" \/>\n<meta property=\"og:description\" content=\"Edilul general al Capitalei, Nicu\u0219or Dan, a prezentat public concluziile analizei celor 42 de PUZ-uri r\u0103mase \u00een dezbatere, din mandatul Gabrielei Firea. Actualul primar sus\u021bine c\u0103 toate acestea prezint\u0103 probleme mari de legalitate \u0219i c\u0103 va propune respingerea lor, \u00een Consiliul General. \u00cen cauz\u0103 sunt proiecte imobiliare din toate zonele Capitalei care, conform raportului Comisiei [&hellip;]\" \/>\n<meta property=\"og:url\" content=\"https:\/\/buletin.de\/bucuresti\/42-de-puz-uri-ramase-din-epoca-firea-ajung-la-votul-consiliului-general-pentru-majoritatea-se-va-cere-respingerea\/\" \/>\n<meta property=\"og:site_name\" content=\"Buletin de Bucure\u0219ti\" \/>\n<meta property=\"article:publisher\" content=\"https:\/\/www.facebook.com\/buletin.de.buc\" \/>\n<meta property=\"article:published_time\" content=\"2021-12-13T13:25:12+00:00\" \/>\n<meta property=\"article:modified_time\" content=\"2021-12-13T13:26:35+00:00\" \/>\n<meta property=\"og:image\" content=\"https:\/\/buletin.de\/bucuresti\/wp-content\/uploads\/05c7f2ca-3b0b-4903-b2b8-ed18590288ca.jpg\" \/>\n\t<meta property=\"og:image:width\" content=\"1600\" \/>\n\t<meta property=\"og:image:height\" content=\"1066\" \/>\n\t<meta property=\"og:image:type\" content=\"image\/jpeg\" \/>\n<meta name=\"author\" content=\"Teodora Stroe\" \/>\n<meta name=\"twitter:card\" content=\"summary_large_image\" \/>\n<meta name=\"twitter:label1\" content=\"Written by\" \/>\n\t<meta name=\"twitter:data1\" content=\"Teodora Stroe\" \/>\n\t<meta name=\"twitter:label2\" content=\"Estimated reading time\" \/>\n\t<meta name=\"twitter:data2\" content=\"3 minutes\" \/>\n<script type=\"application\/ld+json\" class=\"yoast-schema-graph\">{\"@context\":\"https:\\\/\\\/schema.org\",\"@graph\":[{\"@type\":\"Article\",\"@id\":\"https:\\\/\\\/buletin.de\\\/bucuresti\\\/42-de-puz-uri-ramase-din-epoca-firea-ajung-la-votul-consiliului-general-pentru-majoritatea-se-va-cere-respingerea\\\/#article\",\"isPartOf\":{\"@id\":\"https:\\\/\\\/buletin.de\\\/bucuresti\\\/42-de-puz-uri-ramase-din-epoca-firea-ajung-la-votul-consiliului-general-pentru-majoritatea-se-va-cere-respingerea\\\/\"},\"author\":{\"name\":\"Teodora Stroe\",\"@id\":\"https:\\\/\\\/buletin.de\\\/bucuresti\\\/#\\\/schema\\\/person\\\/d369d7ddc775abece205795e0b804614\"},\"headline\":\"42 de PUZ-uri r\u0103mase din epoca Firea, ajung la votul Consiliului General. Pentru majoritatea va cere respingerea\",\"datePublished\":\"2021-12-13T13:25:12+00:00\",\"dateModified\":\"2021-12-13T13:26:35+00:00\",\"mainEntityOfPage\":{\"@id\":\"https:\\\/\\\/buletin.de\\\/bucuresti\\\/42-de-puz-uri-ramase-din-epoca-firea-ajung-la-votul-consiliului-general-pentru-majoritatea-se-va-cere-respingerea\\\/\"},\"wordCount\":692,\"publisher\":{\"@id\":\"https:\\\/\\\/buletin.de\\\/bucuresti\\\/#organization\"},\"image\":{\"@id\":\"https:\\\/\\\/buletin.de\\\/bucuresti\\\/42-de-puz-uri-ramase-din-epoca-firea-ajung-la-votul-consiliului-general-pentru-majoritatea-se-va-cere-respingerea\\\/#primaryimage\"},\"thumbnailUrl\":\"https:\\\/\\\/buletin.de\\\/bucuresti\\\/wp-content\\\/uploads\\\/05c7f2ca-3b0b-4903-b2b8-ed18590288ca.jpg\",\"keywords\":[\"nereguli\",\"nicusor dan\",\"puz-uri\",\"respinse\"],\"articleSection\":[\"\u0218tiri\"],\"inLanguage\":\"en-GB\",\"copyrightYear\":\"2021\",\"copyrightHolder\":{\"@id\":\"https:\\\/\\\/buletin.de\\\/bucuresti\\\/#organization\"}},{\"@type\":\"WebPage\",\"@id\":\"https:\\\/\\\/buletin.de\\\/bucuresti\\\/42-de-puz-uri-ramase-din-epoca-firea-ajung-la-votul-consiliului-general-pentru-majoritatea-se-va-cere-respingerea\\\/\",\"url\":\"https:\\\/\\\/buletin.de\\\/bucuresti\\\/42-de-puz-uri-ramase-din-epoca-firea-ajung-la-votul-consiliului-general-pentru-majoritatea-se-va-cere-respingerea\\\/\",\"name\":\"42 de PUZ-uri r\u0103mase din epoca Firea, ajung la votul Consiliului General. Pentru majoritatea va cere respingerea - Buletin de Bucure\u0219ti\",\"isPartOf\":{\"@id\":\"https:\\\/\\\/buletin.de\\\/bucuresti\\\/#website\"},\"primaryImageOfPage\":{\"@id\":\"https:\\\/\\\/buletin.de\\\/bucuresti\\\/42-de-puz-uri-ramase-din-epoca-firea-ajung-la-votul-consiliului-general-pentru-majoritatea-se-va-cere-respingerea\\\/#primaryimage\"},\"image\":{\"@id\":\"https:\\\/\\\/buletin.de\\\/bucuresti\\\/42-de-puz-uri-ramase-din-epoca-firea-ajung-la-votul-consiliului-general-pentru-majoritatea-se-va-cere-respingerea\\\/#primaryimage\"},\"thumbnailUrl\":\"https:\\\/\\\/buletin.de\\\/bucuresti\\\/wp-content\\\/uploads\\\/05c7f2ca-3b0b-4903-b2b8-ed18590288ca.jpg\",\"datePublished\":\"2021-12-13T13:25:12+00:00\",\"dateModified\":\"2021-12-13T13:26:35+00:00\",\"breadcrumb\":{\"@id\":\"https:\\\/\\\/buletin.de\\\/bucuresti\\\/42-de-puz-uri-ramase-din-epoca-firea-ajung-la-votul-consiliului-general-pentru-majoritatea-se-va-cere-respingerea\\\/#breadcrumb\"},\"inLanguage\":\"en-GB\",\"potentialAction\":[{\"@type\":\"ReadAction\",\"target\":[\"https:\\\/\\\/buletin.de\\\/bucuresti\\\/42-de-puz-uri-ramase-din-epoca-firea-ajung-la-votul-consiliului-general-pentru-majoritatea-se-va-cere-respingerea\\\/\"]}]},{\"@type\":\"ImageObject\",\"inLanguage\":\"en-GB\",\"@id\":\"https:\\\/\\\/buletin.de\\\/bucuresti\\\/42-de-puz-uri-ramase-din-epoca-firea-ajung-la-votul-consiliului-general-pentru-majoritatea-se-va-cere-respingerea\\\/#primaryimage\",\"url\":\"https:\\\/\\\/buletin.de\\\/bucuresti\\\/wp-content\\\/uploads\\\/05c7f2ca-3b0b-4903-b2b8-ed18590288ca.jpg\",\"contentUrl\":\"https:\\\/\\\/buletin.de\\\/bucuresti\\\/wp-content\\\/uploads\\\/05c7f2ca-3b0b-4903-b2b8-ed18590288ca.jpg\",\"width\":1600,\"height\":1066},{\"@type\":\"BreadcrumbList\",\"@id\":\"https:\\\/\\\/buletin.de\\\/bucuresti\\\/42-de-puz-uri-ramase-din-epoca-firea-ajung-la-votul-consiliului-general-pentru-majoritatea-se-va-cere-respingerea\\\/#breadcrumb\",\"itemListElement\":[{\"@type\":\"ListItem\",\"position\":1,\"name\":\"Acas\u0103\",\"item\":\"https:\\\/\\\/buletin.de\\\/bucuresti\\\/\"},{\"@type\":\"ListItem\",\"position\":2,\"name\":\"42 de PUZ-uri r\u0103mase din epoca Firea, ajung la votul Consiliului General. Pentru majoritatea va cere respingerea\"}]},{\"@type\":\"WebSite\",\"@id\":\"https:\\\/\\\/buletin.de\\\/bucuresti\\\/#website\",\"url\":\"https:\\\/\\\/buletin.de\\\/bucuresti\\\/\",\"name\":\"Buletin de Bucure\u0219ti\",\"description\":\"\u0218tiri \u0219i investiga\u021bii esen\u021biale din capital\u0103\",\"publisher\":{\"@id\":\"https:\\\/\\\/buletin.de\\\/bucuresti\\\/#organization\"},\"potentialAction\":[{\"@type\":\"SearchAction\",\"target\":{\"@type\":\"EntryPoint\",\"urlTemplate\":\"https:\\\/\\\/buletin.de\\\/bucuresti\\\/?s={search_term_string}\"},\"query-input\":{\"@type\":\"PropertyValueSpecification\",\"valueRequired\":true,\"valueName\":\"search_term_string\"}}],\"inLanguage\":\"en-GB\"},{\"@type\":\"Organization\",\"@id\":\"https:\\\/\\\/buletin.de\\\/bucuresti\\\/#organization\",\"name\":\"Buletin de Bucure\u0219ti\",\"url\":\"https:\\\/\\\/buletin.de\\\/bucuresti\\\/\",\"logo\":{\"@type\":\"ImageObject\",\"inLanguage\":\"en-GB\",\"@id\":\"https:\\\/\\\/buletin.de\\\/bucuresti\\\/#\\\/schema\\\/logo\\\/image\\\/\",\"url\":\"https:\\\/\\\/buletin.de\\\/bucuresti\\\/wp-content\\\/uploads\\\/logo-bdb-full-wide-vernil-transparent.png\",\"contentUrl\":\"https:\\\/\\\/buletin.de\\\/bucuresti\\\/wp-content\\\/uploads\\\/logo-bdb-full-wide-vernil-transparent.png\",\"width\":1782,\"height\":626,\"caption\":\"Buletin de Bucure\u0219ti\"},\"image\":{\"@id\":\"https:\\\/\\\/buletin.de\\\/bucuresti\\\/#\\\/schema\\\/logo\\\/image\\\/\"},\"sameAs\":[\"https:\\\/\\\/www.facebook.com\\\/buletin.de.buc\",\"https:\\\/\\\/www.instagram.com\\\/buletinde.bucuresti\\\/\"]},{\"@type\":\"Person\",\"@id\":\"https:\\\/\\\/buletin.de\\\/bucuresti\\\/#\\\/schema\\\/person\\\/d369d7ddc775abece205795e0b804614\",\"name\":\"Teodora Stroe\",\"image\":{\"@type\":\"ImageObject\",\"inLanguage\":\"en-GB\",\"@id\":\"https:\\\/\\\/secure.gravatar.com\\\/avatar\\\/2560b4cd9f5f1bc100b123158e657d75584bd1c3e1d9c69285720b9457c1b78d?s=96&d=monsterid&r=gc104800242ba5f2d78dd5d7dc4df08b6\",\"url\":\"https:\\\/\\\/secure.gravatar.com\\\/avatar\\\/2560b4cd9f5f1bc100b123158e657d75584bd1c3e1d9c69285720b9457c1b78d?s=96&d=monsterid&r=g\",\"contentUrl\":\"https:\\\/\\\/secure.gravatar.com\\\/avatar\\\/2560b4cd9f5f1bc100b123158e657d75584bd1c3e1d9c69285720b9457c1b78d?s=96&d=monsterid&r=g\",\"caption\":\"Teodora Stroe\"},\"url\":\"https:\\\/\\\/buletin.de\\\/bucuresti\\\/author\\\/simonacarlugea\\\/\"}]}<\/script>\n<!-- \/ Yoast SEO Premium plugin. -->","yoast_head_json":{"title":"42 de PUZ-uri r\u0103mase din epoca Firea, ajung la votul Consiliului General. Pentru majoritatea va cere respingerea - Buletin de Bucure\u0219ti","robots":{"index":"index","follow":"follow","max-snippet":"max-snippet:-1","max-image-preview":"max-image-preview:large","max-video-preview":"max-video-preview:-1"},"canonical":"https:\/\/buletin.de\/bucuresti\/42-de-puz-uri-ramase-din-epoca-firea-ajung-la-votul-consiliului-general-pentru-majoritatea-se-va-cere-respingerea\/","og_locale":"en_GB","og_type":"article","og_title":"42 de PUZ-uri r\u0103mase din epoca Firea, ajung la votul Consiliului General. Pentru majoritatea va cere respingerea","og_description":"Edilul general al Capitalei, Nicu\u0219or Dan, a prezentat public concluziile analizei celor 42 de PUZ-uri r\u0103mase \u00een dezbatere, din mandatul Gabrielei Firea. Actualul primar sus\u021bine c\u0103 toate acestea prezint\u0103 probleme mari de legalitate \u0219i c\u0103 va propune respingerea lor, \u00een Consiliul General. \u00cen cauz\u0103 sunt proiecte imobiliare din toate zonele Capitalei care, conform raportului Comisiei [&hellip;]","og_url":"https:\/\/buletin.de\/bucuresti\/42-de-puz-uri-ramase-din-epoca-firea-ajung-la-votul-consiliului-general-pentru-majoritatea-se-va-cere-respingerea\/","og_site_name":"Buletin de Bucure\u0219ti","article_publisher":"https:\/\/www.facebook.com\/buletin.de.buc","article_published_time":"2021-12-13T13:25:12+00:00","article_modified_time":"2021-12-13T13:26:35+00:00","og_image":[{"width":1600,"height":1066,"url":"https:\/\/buletin.de\/bucuresti\/wp-content\/uploads\/05c7f2ca-3b0b-4903-b2b8-ed18590288ca.jpg","type":"image\/jpeg"}],"author":"Teodora Stroe","twitter_card":"summary_large_image","twitter_misc":{"Written by":"Teodora Stroe","Estimated reading time":"3 minutes"},"schema":{"@context":"https:\/\/schema.org","@graph":[{"@type":"Article","@id":"https:\/\/buletin.de\/bucuresti\/42-de-puz-uri-ramase-din-epoca-firea-ajung-la-votul-consiliului-general-pentru-majoritatea-se-va-cere-respingerea\/#article","isPartOf":{"@id":"https:\/\/buletin.de\/bucuresti\/42-de-puz-uri-ramase-din-epoca-firea-ajung-la-votul-consiliului-general-pentru-majoritatea-se-va-cere-respingerea\/"},"author":{"name":"Teodora Stroe","@id":"https:\/\/buletin.de\/bucuresti\/#\/schema\/person\/d369d7ddc775abece205795e0b804614"},"headline":"42 de PUZ-uri r\u0103mase din epoca Firea, ajung la votul Consiliului General. Pentru majoritatea va cere respingerea","datePublished":"2021-12-13T13:25:12+00:00","dateModified":"2021-12-13T13:26:35+00:00","mainEntityOfPage":{"@id":"https:\/\/buletin.de\/bucuresti\/42-de-puz-uri-ramase-din-epoca-firea-ajung-la-votul-consiliului-general-pentru-majoritatea-se-va-cere-respingerea\/"},"wordCount":692,"publisher":{"@id":"https:\/\/buletin.de\/bucuresti\/#organization"},"image":{"@id":"https:\/\/buletin.de\/bucuresti\/42-de-puz-uri-ramase-din-epoca-firea-ajung-la-votul-consiliului-general-pentru-majoritatea-se-va-cere-respingerea\/#primaryimage"},"thumbnailUrl":"https:\/\/buletin.de\/bucuresti\/wp-content\/uploads\/05c7f2ca-3b0b-4903-b2b8-ed18590288ca.jpg","keywords":["nereguli","nicusor dan","puz-uri","respinse"],"articleSection":["\u0218tiri"],"inLanguage":"en-GB","copyrightYear":"2021","copyrightHolder":{"@id":"https:\/\/buletin.de\/bucuresti\/#organization"}},{"@type":"WebPage","@id":"https:\/\/buletin.de\/bucuresti\/42-de-puz-uri-ramase-din-epoca-firea-ajung-la-votul-consiliului-general-pentru-majoritatea-se-va-cere-respingerea\/","url":"https:\/\/buletin.de\/bucuresti\/42-de-puz-uri-ramase-din-epoca-firea-ajung-la-votul-consiliului-general-pentru-majoritatea-se-va-cere-respingerea\/","name":"42 de PUZ-uri r\u0103mase din epoca Firea, ajung la votul Consiliului General. Pentru majoritatea va cere respingerea - Buletin de Bucure\u0219ti","isPartOf":{"@id":"https:\/\/buletin.de\/bucuresti\/#website"},"primaryImageOfPage":{"@id":"https:\/\/buletin.de\/bucuresti\/42-de-puz-uri-ramase-din-epoca-firea-ajung-la-votul-consiliului-general-pentru-majoritatea-se-va-cere-respingerea\/#primaryimage"},"image":{"@id":"https:\/\/buletin.de\/bucuresti\/42-de-puz-uri-ramase-din-epoca-firea-ajung-la-votul-consiliului-general-pentru-majoritatea-se-va-cere-respingerea\/#primaryimage"},"thumbnailUrl":"https:\/\/buletin.de\/bucuresti\/wp-content\/uploads\/05c7f2ca-3b0b-4903-b2b8-ed18590288ca.jpg","datePublished":"2021-12-13T13:25:12+00:00","dateModified":"2021-12-13T13:26:35+00:00","breadcrumb":{"@id":"https:\/\/buletin.de\/bucuresti\/42-de-puz-uri-ramase-din-epoca-firea-ajung-la-votul-consiliului-general-pentru-majoritatea-se-va-cere-respingerea\/#breadcrumb"},"inLanguage":"en-GB","potentialAction":[{"@type":"ReadAction","target":["https:\/\/buletin.de\/bucuresti\/42-de-puz-uri-ramase-din-epoca-firea-ajung-la-votul-consiliului-general-pentru-majoritatea-se-va-cere-respingerea\/"]}]},{"@type":"ImageObject","inLanguage":"en-GB","@id":"https:\/\/buletin.de\/bucuresti\/42-de-puz-uri-ramase-din-epoca-firea-ajung-la-votul-consiliului-general-pentru-majoritatea-se-va-cere-respingerea\/#primaryimage","url":"https:\/\/buletin.de\/bucuresti\/wp-content\/uploads\/05c7f2ca-3b0b-4903-b2b8-ed18590288ca.jpg","contentUrl":"https:\/\/buletin.de\/bucuresti\/wp-content\/uploads\/05c7f2ca-3b0b-4903-b2b8-ed18590288ca.jpg","width":1600,"height":1066},{"@type":"BreadcrumbList","@id":"https:\/\/buletin.de\/bucuresti\/42-de-puz-uri-ramase-din-epoca-firea-ajung-la-votul-consiliului-general-pentru-majoritatea-se-va-cere-respingerea\/#breadcrumb","itemListElement":[{"@type":"ListItem","position":1,"name":"Acas\u0103","item":"https:\/\/buletin.de\/bucuresti\/"},{"@type":"ListItem","position":2,"name":"42 de PUZ-uri r\u0103mase din epoca Firea, ajung la votul Consiliului General. Pentru majoritatea va cere respingerea"}]},{"@type":"WebSite","@id":"https:\/\/buletin.de\/bucuresti\/#website","url":"https:\/\/buletin.de\/bucuresti\/","name":"Buletin de Bucure\u0219ti","description":"\u0218tiri \u0219i investiga\u021bii esen\u021biale din capital\u0103","publisher":{"@id":"https:\/\/buletin.de\/bucuresti\/#organization"},"potentialAction":[{"@type":"SearchAction","target":{"@type":"EntryPoint","urlTemplate":"https:\/\/buletin.de\/bucuresti\/?s={search_term_string}"},"query-input":{"@type":"PropertyValueSpecification","valueRequired":true,"valueName":"search_term_string"}}],"inLanguage":"en-GB"},{"@type":"Organization","@id":"https:\/\/buletin.de\/bucuresti\/#organization","name":"Buletin de Bucure\u0219ti","url":"https:\/\/buletin.de\/bucuresti\/","logo":{"@type":"ImageObject","inLanguage":"en-GB","@id":"https:\/\/buletin.de\/bucuresti\/#\/schema\/logo\/image\/","url":"https:\/\/buletin.de\/bucuresti\/wp-content\/uploads\/logo-bdb-full-wide-vernil-transparent.png","contentUrl":"https:\/\/buletin.de\/bucuresti\/wp-content\/uploads\/logo-bdb-full-wide-vernil-transparent.png","width":1782,"height":626,"caption":"Buletin de Bucure\u0219ti"},"image":{"@id":"https:\/\/buletin.de\/bucuresti\/#\/schema\/logo\/image\/"},"sameAs":["https:\/\/www.facebook.com\/buletin.de.buc","https:\/\/www.instagram.com\/buletinde.bucuresti\/"]},{"@type":"Person","@id":"https:\/\/buletin.de\/bucuresti\/#\/schema\/person\/d369d7ddc775abece205795e0b804614","name":"Teodora Stroe","image":{"@type":"ImageObject","inLanguage":"en-GB","@id":"https:\/\/secure.gravatar.com\/avatar\/2560b4cd9f5f1bc100b123158e657d75584bd1c3e1d9c69285720b9457c1b78d?s=96&d=monsterid&r=gc104800242ba5f2d78dd5d7dc4df08b6","url":"https:\/\/secure.gravatar.com\/avatar\/2560b4cd9f5f1bc100b123158e657d75584bd1c3e1d9c69285720b9457c1b78d?s=96&d=monsterid&r=g","contentUrl":"https:\/\/secure.gravatar.com\/avatar\/2560b4cd9f5f1bc100b123158e657d75584bd1c3e1d9c69285720b9457c1b78d?s=96&d=monsterid&r=g","caption":"Teodora Stroe"},"url":"https:\/\/buletin.de\/bucuresti\/author\/simonacarlugea\/"}]}},"authors":[{"term_id":22579,"user_id":18,"is_guest":0,"slug":"simonacarlugea","display_name":"Teodora Stroe","avatar_url":"https:\/\/secure.gravatar.com\/avatar\/2560b4cd9f5f1bc100b123158e657d75584bd1c3e1d9c69285720b9457c1b78d?s=96&d=monsterid&r=g","0":null,"1":"","2":"","3":"","4":"","5":"","6":"","7":"","8":""}],"_links":{"self":[{"href":"https:\/\/buletin.de\/bucuresti\/wp-json\/wp\/v2\/posts\/36091","targetHints":{"allow":["GET"]}}],"collection":[{"href":"https:\/\/buletin.de\/bucuresti\/wp-json\/wp\/v2\/posts"}],"about":[{"href":"https:\/\/buletin.de\/bucuresti\/wp-json\/wp\/v2\/types\/post"}],"author":[{"embeddable":true,"href":"https:\/\/buletin.de\/bucuresti\/wp-json\/wp\/v2\/users\/18"}],"replies":[{"embeddable":true,"href":"https:\/\/buletin.de\/bucuresti\/wp-json\/wp\/v2\/comments?post=36091"}],"version-history":[{"count":5,"href":"https:\/\/buletin.de\/bucuresti\/wp-json\/wp\/v2\/posts\/36091\/revisions"}],"predecessor-version":[{"id":36103,"href":"https:\/\/buletin.de\/bucuresti\/wp-json\/wp\/v2\/posts\/36091\/revisions\/36103"}],"wp:featuredmedia":[{"embeddable":true,"href":"https:\/\/buletin.de\/bucuresti\/wp-json\/wp\/v2\/media\/36102"}],"wp:attachment":[{"href":"https:\/\/buletin.de\/bucuresti\/wp-json\/wp\/v2\/media?parent=36091"}],"wp:term":[{"taxonomy":"category","embeddable":true,"href":"https:\/\/buletin.de\/bucuresti\/wp-json\/wp\/v2\/categories?post=36091"},{"taxonomy":"post_tag","embeddable":true,"href":"https:\/\/buletin.de\/bucuresti\/wp-json\/wp\/v2\/tags?post=36091"},{"taxonomy":"author","embeddable":true,"href":"https:\/\/buletin.de\/bucuresti\/wp-json\/wp\/v2\/ppma_author?post=36091"}],"curies":[{"name":"wp","href":"https:\/\/api.w.org\/{rel}","templated":true}]}}