{"id":35431,"date":"2021-11-25T11:59:41","date_gmt":"2021-11-25T09:59:41","guid":{"rendered":"https:\/\/buletin.de\/bucuresti\/?p=35431"},"modified":"2021-11-25T11:59:42","modified_gmt":"2021-11-25T09:59:42","slug":"adp-sector-1-facturi-neplatite-la-utilitati-de-pe-peste-sase-luni-rectificarea-bugetara-a-opta-oara-in-sedinta-de-consiliu","status":"publish","type":"post","link":"https:\/\/buletin.de\/bucuresti\/adp-sector-1-facturi-neplatite-la-utilitati-de-pe-peste-sase-luni-rectificarea-bugetara-a-opta-oara-in-sedinta-de-consiliu\/","title":{"rendered":"ADP Sector 1, facturi nepl\u0103tite la utilit\u0103\u021bi de pe peste \u0219ase luni. Rectificarea bugetar\u0103, a opta oar\u0103 \u00een \u0219edin\u021ba de consiliu"},"content":{"rendered":"\n<p>Peste 1,7 milioane de lei are de achitat Administra\u021bia Domeniului Public a Sectorului 1 pentru facturile la utilit\u0103\u021bi. Acestea nu au mai fost pl\u0103tite de \u0219ase luni, iar banii necesari nu au fost aproba\u021bi la rectificare bugetar\u0103. Proiectul de hot\u0103r\u00e2re prin care se prevede o nou\u0103 rectificare bugetar\u0103 se afla ast\u0103zi a opta oar\u0103 pe masa consilierilor locali ai Sectorului 1.<\/p>\n\n\n\n<p>\u201eFacturile de utilit\u0103\u021bi nu au fost achitate din cauza lipsei sumelor disponibile cu aceast\u0103 destina\u021bie \u00een bugetul institu\u021biei. Aceste sume au fost solicitate prin Proiectele de Rectificare bugetar\u0103, care nu au fost aprobate p\u00e2n\u0103 \u00een prezent de c\u0103tre Consiliul Local.<\/p>\n\n\n\n<p>Valoarea total\u0103 a facturilor de utilit\u0103\u021bi neachitate este de 1.725.648,51 de lei\u201d, se precizeaz\u0103 \u00eentr-un document primit de Buletin de Bucure\u0219ti.<\/p>\n\n\n\n<figure class=\"wp-block-image size-full\"><img fetchpriority=\"high\" decoding=\"async\" width=\"531\" height=\"653\" src=\"data:image\/gif;base64,R0lGODlhAQABAAAAACH5BAEKAAEALAAAAAABAAEAAAICTAEAOw==\" data-src=\"https:\/\/buletin.de\/bucuresti\/wp-content\/uploads\/facturi-utilitati-neachitate-adp-s1.jpg\" alt=\"\" class=\"wp-image-35432 lazyload\" data-sizes=\"auto\" data-srcset=\"https:\/\/buletin.de\/bucuresti\/wp-content\/uploads\/facturi-utilitati-neachitate-adp-s1.jpg 531w, https:\/\/buletin.de\/bucuresti\/wp-content\/uploads\/facturi-utilitati-neachitate-adp-s1-244x300.jpg 244w, https:\/\/buletin.de\/bucuresti\/wp-content\/uploads\/facturi-utilitati-neachitate-adp-s1-407x500.jpg 407w\" sizes=\"(max-width: 531px) 100vw, 531px\" \/><\/figure>\n\n\n\n<p>Totodat\u0103, ADP Sector 1 mai are datorii de aproape 14 milioane c\u0103tre mai multe societ\u0103\u021bi comerciale.<\/p>\n\n\n\n<figure class=\"wp-block-image size-full\"><img decoding=\"async\" width=\"750\" height=\"176\" src=\"data:image\/gif;base64,R0lGODlhAQABAAAAACH5BAEKAAEALAAAAAABAAEAAAICTAEAOw==\" data-src=\"https:\/\/buletin.de\/bucuresti\/wp-content\/uploads\/datorii-adp-s1.jpg\" alt=\"\" class=\"wp-image-35433 lazyload\" data-sizes=\"auto\" data-srcset=\"https:\/\/buletin.de\/bucuresti\/wp-content\/uploads\/datorii-adp-s1.jpg 750w, https:\/\/buletin.de\/bucuresti\/wp-content\/uploads\/datorii-adp-s1-300x70.jpg 300w, https:\/\/buletin.de\/bucuresti\/wp-content\/uploads\/datorii-adp-s1-550x129.jpg 550w, https:\/\/buletin.de\/bucuresti\/wp-content\/uploads\/datorii-adp-s1-600x141.jpg 600w\" sizes=\"(max-width: 750px) 100vw, 750px\" \/><\/figure>\n\n\n\n<p>Suma solicitat\u0103 de ADP Sector 1, \u00een proiectul de rectificare bugetar\u0103, urma s\u0103 fie cheltuit\u0103 pentru:<\/p>\n\n\n\n<ul class=\"wp-block-list\"><li>plata utilit\u0103\u021bilor;<\/li><li>servicii de \u00eentre\u021binere spa\u021bii verzi;<\/li><li>\u00eentre\u021binere \u0219i amenajare terenuri de joac\u0103;<\/li><li>toalet\u0103ri \u0219i defri\u0219\u0103ri arbori;<\/li><li>plant\u0103ri de arbori;<\/li><li>servicii de paz\u0103;<\/li><li>lucr\u0103ri de demolare;<\/li><li>lucr\u0103ri de degrafitare mobilier urban;<\/li><li>repara\u021bii construc\u021bii \u0219i instala\u021bii pentru imobile administrate de ADP Sector 1.<\/li><\/ul>\n\n\n\n<p>ADP Sector 1 are 97 de angaja\u021bi.<\/p>\n","protected":false},"excerpt":{"rendered":"<p>Peste 1,7 milioane de lei are de achitat Administra\u021bia Domeniului Public a Sectorului 1 pentru facturile la utilit\u0103\u021bi. Acestea nu au mai fost pl\u0103tite de \u0219ase luni, iar banii necesari nu au fost aproba\u021bi la rectificare bugetar\u0103. Proiectul de hot\u0103r\u00e2re prin care se prevede o nou\u0103 rectificare bugetar\u0103 se afla ast\u0103zi a opta oar\u0103 pe [&hellip;]<\/p>\n","protected":false},"author":25,"featured_media":21706,"comment_status":"closed","ping_status":"open","sticky":false,"template":"","format":"standard","meta":{"_acf_changed":false,"inline_featured_image":false,"ngg_post_thumbnail":0,"footnotes":""},"categories":[62],"tags":[2388,3305,695,308,1669,2320,346],"ppma_author":[22597],"class_list":["post-35431","post","type-post","status-publish","format-standard","has-post-thumbnail","hentry","category-stiri","tag-adp-sector-1","tag-rectificare-buget-sectorul-1","tag-rectificare-bugetara","tag-sector-1","tag-sedinta-consiliu-local","tag-sedinta-de-consiliu","tag-sedinta-sector-1"],"acf":[],"yoast_head":"<!-- This site is optimized with the Yoast SEO Premium plugin v25.3 (Yoast SEO v27.5) - https:\/\/yoast.com\/product\/yoast-seo-premium-wordpress\/ -->\n<title>ADP Sector 1, facturi nepl\u0103tite la utilit\u0103\u021bi de pe peste \u0219ase luni. Rectificarea bugetar\u0103, a opta oar\u0103 \u00een \u0219edin\u021ba de consiliu - Buletin de Bucure\u0219ti<\/title>\n<meta name=\"robots\" content=\"index, follow, max-snippet:-1, max-image-preview:large, max-video-preview:-1\" \/>\n<link rel=\"canonical\" href=\"https:\/\/buletin.de\/bucuresti\/adp-sector-1-facturi-neplatite-la-utilitati-de-pe-peste-sase-luni-rectificarea-bugetara-a-opta-oara-in-sedinta-de-consiliu\/\" \/>\n<meta property=\"og:locale\" content=\"en_GB\" \/>\n<meta property=\"og:type\" content=\"article\" \/>\n<meta property=\"og:title\" content=\"ADP Sector 1, facturi nepl\u0103tite la utilit\u0103\u021bi de pe peste \u0219ase luni. Rectificarea bugetar\u0103, a opta oar\u0103 \u00een \u0219edin\u021ba de consiliu\" \/>\n<meta property=\"og:description\" content=\"Peste 1,7 milioane de lei are de achitat Administra\u021bia Domeniului Public a Sectorului 1 pentru facturile la utilit\u0103\u021bi. Acestea nu au mai fost pl\u0103tite de \u0219ase luni, iar banii necesari nu au fost aproba\u021bi la rectificare bugetar\u0103. Proiectul de hot\u0103r\u00e2re prin care se prevede o nou\u0103 rectificare bugetar\u0103 se afla ast\u0103zi a opta oar\u0103 pe [&hellip;]\" \/>\n<meta property=\"og:url\" content=\"https:\/\/buletin.de\/bucuresti\/adp-sector-1-facturi-neplatite-la-utilitati-de-pe-peste-sase-luni-rectificarea-bugetara-a-opta-oara-in-sedinta-de-consiliu\/\" \/>\n<meta property=\"og:site_name\" content=\"Buletin de Bucure\u0219ti\" \/>\n<meta property=\"article:publisher\" content=\"https:\/\/www.facebook.com\/buletin.de.buc\" \/>\n<meta property=\"article:published_time\" content=\"2021-11-25T09:59:41+00:00\" \/>\n<meta property=\"article:modified_time\" content=\"2021-11-25T09:59:42+00:00\" \/>\n<meta property=\"og:image\" content=\"https:\/\/buletin.de\/bucuresti\/wp-content\/uploads\/adp-sector-1-sediu.jpg\" \/>\n\t<meta property=\"og:image:width\" content=\"944\" \/>\n\t<meta property=\"og:image:height\" content=\"944\" \/>\n\t<meta property=\"og:image:type\" content=\"image\/jpeg\" \/>\n<meta name=\"author\" content=\"Ana Tudor\" \/>\n<meta name=\"twitter:card\" content=\"summary_large_image\" \/>\n<meta name=\"twitter:label1\" content=\"Written by\" \/>\n\t<meta name=\"twitter:data1\" content=\"Ana Tudor\" \/>\n\t<meta name=\"twitter:label2\" content=\"Estimated reading time\" \/>\n\t<meta name=\"twitter:data2\" content=\"2 minutes\" \/>\n<script type=\"application\/ld+json\" class=\"yoast-schema-graph\">{\"@context\":\"https:\\\/\\\/schema.org\",\"@graph\":[{\"@type\":\"Article\",\"@id\":\"https:\\\/\\\/buletin.de\\\/bucuresti\\\/adp-sector-1-facturi-neplatite-la-utilitati-de-pe-peste-sase-luni-rectificarea-bugetara-a-opta-oara-in-sedinta-de-consiliu\\\/#article\",\"isPartOf\":{\"@id\":\"https:\\\/\\\/buletin.de\\\/bucuresti\\\/adp-sector-1-facturi-neplatite-la-utilitati-de-pe-peste-sase-luni-rectificarea-bugetara-a-opta-oara-in-sedinta-de-consiliu\\\/\"},\"author\":{\"name\":\"Ana Tudor\",\"@id\":\"https:\\\/\\\/buletin.de\\\/bucuresti\\\/#\\\/schema\\\/person\\\/8ce85bbda5515a1abb525993294155a8\"},\"headline\":\"ADP Sector 1, facturi nepl\u0103tite la utilit\u0103\u021bi de pe peste \u0219ase luni. Rectificarea bugetar\u0103, a opta oar\u0103 \u00een \u0219edin\u021ba de consiliu\",\"datePublished\":\"2021-11-25T09:59:41+00:00\",\"dateModified\":\"2021-11-25T09:59:42+00:00\",\"mainEntityOfPage\":{\"@id\":\"https:\\\/\\\/buletin.de\\\/bucuresti\\\/adp-sector-1-facturi-neplatite-la-utilitati-de-pe-peste-sase-luni-rectificarea-bugetara-a-opta-oara-in-sedinta-de-consiliu\\\/\"},\"wordCount\":245,\"publisher\":{\"@id\":\"https:\\\/\\\/buletin.de\\\/bucuresti\\\/#organization\"},\"image\":{\"@id\":\"https:\\\/\\\/buletin.de\\\/bucuresti\\\/adp-sector-1-facturi-neplatite-la-utilitati-de-pe-peste-sase-luni-rectificarea-bugetara-a-opta-oara-in-sedinta-de-consiliu\\\/#primaryimage\"},\"thumbnailUrl\":\"https:\\\/\\\/buletin.de\\\/bucuresti\\\/wp-content\\\/uploads\\\/adp-sector-1-sediu.jpg\",\"keywords\":[\"adp sector 1\",\"rectificare buget sectorul 1\",\"rectificare bugetara\",\"Sector 1\",\"Sedinta Consiliu Local\",\"sedinta de consiliu\",\"sedinta sector 1\"],\"articleSection\":[\"\u0218tiri\"],\"inLanguage\":\"en-GB\",\"copyrightYear\":\"2021\",\"copyrightHolder\":{\"@id\":\"https:\\\/\\\/buletin.de\\\/bucuresti\\\/#organization\"}},{\"@type\":\"WebPage\",\"@id\":\"https:\\\/\\\/buletin.de\\\/bucuresti\\\/adp-sector-1-facturi-neplatite-la-utilitati-de-pe-peste-sase-luni-rectificarea-bugetara-a-opta-oara-in-sedinta-de-consiliu\\\/\",\"url\":\"https:\\\/\\\/buletin.de\\\/bucuresti\\\/adp-sector-1-facturi-neplatite-la-utilitati-de-pe-peste-sase-luni-rectificarea-bugetara-a-opta-oara-in-sedinta-de-consiliu\\\/\",\"name\":\"ADP Sector 1, facturi nepl\u0103tite la utilit\u0103\u021bi de pe peste \u0219ase luni. Rectificarea bugetar\u0103, a opta oar\u0103 \u00een \u0219edin\u021ba de consiliu - Buletin de Bucure\u0219ti\",\"isPartOf\":{\"@id\":\"https:\\\/\\\/buletin.de\\\/bucuresti\\\/#website\"},\"primaryImageOfPage\":{\"@id\":\"https:\\\/\\\/buletin.de\\\/bucuresti\\\/adp-sector-1-facturi-neplatite-la-utilitati-de-pe-peste-sase-luni-rectificarea-bugetara-a-opta-oara-in-sedinta-de-consiliu\\\/#primaryimage\"},\"image\":{\"@id\":\"https:\\\/\\\/buletin.de\\\/bucuresti\\\/adp-sector-1-facturi-neplatite-la-utilitati-de-pe-peste-sase-luni-rectificarea-bugetara-a-opta-oara-in-sedinta-de-consiliu\\\/#primaryimage\"},\"thumbnailUrl\":\"https:\\\/\\\/buletin.de\\\/bucuresti\\\/wp-content\\\/uploads\\\/adp-sector-1-sediu.jpg\",\"datePublished\":\"2021-11-25T09:59:41+00:00\",\"dateModified\":\"2021-11-25T09:59:42+00:00\",\"breadcrumb\":{\"@id\":\"https:\\\/\\\/buletin.de\\\/bucuresti\\\/adp-sector-1-facturi-neplatite-la-utilitati-de-pe-peste-sase-luni-rectificarea-bugetara-a-opta-oara-in-sedinta-de-consiliu\\\/#breadcrumb\"},\"inLanguage\":\"en-GB\",\"potentialAction\":[{\"@type\":\"ReadAction\",\"target\":[\"https:\\\/\\\/buletin.de\\\/bucuresti\\\/adp-sector-1-facturi-neplatite-la-utilitati-de-pe-peste-sase-luni-rectificarea-bugetara-a-opta-oara-in-sedinta-de-consiliu\\\/\"]}]},{\"@type\":\"ImageObject\",\"inLanguage\":\"en-GB\",\"@id\":\"https:\\\/\\\/buletin.de\\\/bucuresti\\\/adp-sector-1-facturi-neplatite-la-utilitati-de-pe-peste-sase-luni-rectificarea-bugetara-a-opta-oara-in-sedinta-de-consiliu\\\/#primaryimage\",\"url\":\"https:\\\/\\\/buletin.de\\\/bucuresti\\\/wp-content\\\/uploads\\\/adp-sector-1-sediu.jpg\",\"contentUrl\":\"https:\\\/\\\/buletin.de\\\/bucuresti\\\/wp-content\\\/uploads\\\/adp-sector-1-sediu.jpg\",\"width\":944,\"height\":944,\"caption\":\"sursa foto: ADP Sector 1\"},{\"@type\":\"BreadcrumbList\",\"@id\":\"https:\\\/\\\/buletin.de\\\/bucuresti\\\/adp-sector-1-facturi-neplatite-la-utilitati-de-pe-peste-sase-luni-rectificarea-bugetara-a-opta-oara-in-sedinta-de-consiliu\\\/#breadcrumb\",\"itemListElement\":[{\"@type\":\"ListItem\",\"position\":1,\"name\":\"Acas\u0103\",\"item\":\"https:\\\/\\\/buletin.de\\\/bucuresti\\\/\"},{\"@type\":\"ListItem\",\"position\":2,\"name\":\"ADP Sector 1, facturi nepl\u0103tite la utilit\u0103\u021bi de pe peste \u0219ase luni. Rectificarea bugetar\u0103, a opta oar\u0103 \u00een \u0219edin\u021ba de consiliu\"}]},{\"@type\":\"WebSite\",\"@id\":\"https:\\\/\\\/buletin.de\\\/bucuresti\\\/#website\",\"url\":\"https:\\\/\\\/buletin.de\\\/bucuresti\\\/\",\"name\":\"Buletin de Bucure\u0219ti\",\"description\":\"\u0218tiri \u0219i investiga\u021bii esen\u021biale din capital\u0103\",\"publisher\":{\"@id\":\"https:\\\/\\\/buletin.de\\\/bucuresti\\\/#organization\"},\"potentialAction\":[{\"@type\":\"SearchAction\",\"target\":{\"@type\":\"EntryPoint\",\"urlTemplate\":\"https:\\\/\\\/buletin.de\\\/bucuresti\\\/?s={search_term_string}\"},\"query-input\":{\"@type\":\"PropertyValueSpecification\",\"valueRequired\":true,\"valueName\":\"search_term_string\"}}],\"inLanguage\":\"en-GB\"},{\"@type\":\"Organization\",\"@id\":\"https:\\\/\\\/buletin.de\\\/bucuresti\\\/#organization\",\"name\":\"Buletin de Bucure\u0219ti\",\"url\":\"https:\\\/\\\/buletin.de\\\/bucuresti\\\/\",\"logo\":{\"@type\":\"ImageObject\",\"inLanguage\":\"en-GB\",\"@id\":\"https:\\\/\\\/buletin.de\\\/bucuresti\\\/#\\\/schema\\\/logo\\\/image\\\/\",\"url\":\"https:\\\/\\\/buletin.de\\\/bucuresti\\\/wp-content\\\/uploads\\\/logo-bdb-full-wide-vernil-transparent.png\",\"contentUrl\":\"https:\\\/\\\/buletin.de\\\/bucuresti\\\/wp-content\\\/uploads\\\/logo-bdb-full-wide-vernil-transparent.png\",\"width\":1782,\"height\":626,\"caption\":\"Buletin de Bucure\u0219ti\"},\"image\":{\"@id\":\"https:\\\/\\\/buletin.de\\\/bucuresti\\\/#\\\/schema\\\/logo\\\/image\\\/\"},\"sameAs\":[\"https:\\\/\\\/www.facebook.com\\\/buletin.de.buc\",\"https:\\\/\\\/www.instagram.com\\\/buletinde.bucuresti\\\/\"]},{\"@type\":\"Person\",\"@id\":\"https:\\\/\\\/buletin.de\\\/bucuresti\\\/#\\\/schema\\\/person\\\/8ce85bbda5515a1abb525993294155a8\",\"name\":\"Ana Tudor\",\"image\":{\"@type\":\"ImageObject\",\"inLanguage\":\"en-GB\",\"@id\":\"https:\\\/\\\/secure.gravatar.com\\\/avatar\\\/390c40e2d9367046adb10d832317e3f5fb181fdecb236cb1a8187477756ae24a?s=96&d=monsterid&r=g0f86ad5d6b77046fd61bd633bbfa4a29\",\"url\":\"https:\\\/\\\/secure.gravatar.com\\\/avatar\\\/390c40e2d9367046adb10d832317e3f5fb181fdecb236cb1a8187477756ae24a?s=96&d=monsterid&r=g\",\"contentUrl\":\"https:\\\/\\\/secure.gravatar.com\\\/avatar\\\/390c40e2d9367046adb10d832317e3f5fb181fdecb236cb1a8187477756ae24a?s=96&d=monsterid&r=g\",\"caption\":\"Ana Tudor\"},\"url\":\"https:\\\/\\\/buletin.de\\\/bucuresti\\\/author\\\/anamaria\\\/\"}]}<\/script>\n<!-- \/ Yoast SEO Premium plugin. -->","yoast_head_json":{"title":"ADP Sector 1, facturi nepl\u0103tite la utilit\u0103\u021bi de pe peste \u0219ase luni. Rectificarea bugetar\u0103, a opta oar\u0103 \u00een \u0219edin\u021ba de consiliu - Buletin de Bucure\u0219ti","robots":{"index":"index","follow":"follow","max-snippet":"max-snippet:-1","max-image-preview":"max-image-preview:large","max-video-preview":"max-video-preview:-1"},"canonical":"https:\/\/buletin.de\/bucuresti\/adp-sector-1-facturi-neplatite-la-utilitati-de-pe-peste-sase-luni-rectificarea-bugetara-a-opta-oara-in-sedinta-de-consiliu\/","og_locale":"en_GB","og_type":"article","og_title":"ADP Sector 1, facturi nepl\u0103tite la utilit\u0103\u021bi de pe peste \u0219ase luni. Rectificarea bugetar\u0103, a opta oar\u0103 \u00een \u0219edin\u021ba de consiliu","og_description":"Peste 1,7 milioane de lei are de achitat Administra\u021bia Domeniului Public a Sectorului 1 pentru facturile la utilit\u0103\u021bi. Acestea nu au mai fost pl\u0103tite de \u0219ase luni, iar banii necesari nu au fost aproba\u021bi la rectificare bugetar\u0103. Proiectul de hot\u0103r\u00e2re prin care se prevede o nou\u0103 rectificare bugetar\u0103 se afla ast\u0103zi a opta oar\u0103 pe [&hellip;]","og_url":"https:\/\/buletin.de\/bucuresti\/adp-sector-1-facturi-neplatite-la-utilitati-de-pe-peste-sase-luni-rectificarea-bugetara-a-opta-oara-in-sedinta-de-consiliu\/","og_site_name":"Buletin de Bucure\u0219ti","article_publisher":"https:\/\/www.facebook.com\/buletin.de.buc","article_published_time":"2021-11-25T09:59:41+00:00","article_modified_time":"2021-11-25T09:59:42+00:00","og_image":[{"width":944,"height":944,"url":"https:\/\/buletin.de\/bucuresti\/wp-content\/uploads\/adp-sector-1-sediu.jpg","type":"image\/jpeg"}],"author":"Ana Tudor","twitter_card":"summary_large_image","twitter_misc":{"Written by":"Ana Tudor","Estimated reading time":"2 minutes"},"schema":{"@context":"https:\/\/schema.org","@graph":[{"@type":"Article","@id":"https:\/\/buletin.de\/bucuresti\/adp-sector-1-facturi-neplatite-la-utilitati-de-pe-peste-sase-luni-rectificarea-bugetara-a-opta-oara-in-sedinta-de-consiliu\/#article","isPartOf":{"@id":"https:\/\/buletin.de\/bucuresti\/adp-sector-1-facturi-neplatite-la-utilitati-de-pe-peste-sase-luni-rectificarea-bugetara-a-opta-oara-in-sedinta-de-consiliu\/"},"author":{"name":"Ana Tudor","@id":"https:\/\/buletin.de\/bucuresti\/#\/schema\/person\/8ce85bbda5515a1abb525993294155a8"},"headline":"ADP Sector 1, facturi nepl\u0103tite la utilit\u0103\u021bi de pe peste \u0219ase luni. Rectificarea bugetar\u0103, a opta oar\u0103 \u00een \u0219edin\u021ba de consiliu","datePublished":"2021-11-25T09:59:41+00:00","dateModified":"2021-11-25T09:59:42+00:00","mainEntityOfPage":{"@id":"https:\/\/buletin.de\/bucuresti\/adp-sector-1-facturi-neplatite-la-utilitati-de-pe-peste-sase-luni-rectificarea-bugetara-a-opta-oara-in-sedinta-de-consiliu\/"},"wordCount":245,"publisher":{"@id":"https:\/\/buletin.de\/bucuresti\/#organization"},"image":{"@id":"https:\/\/buletin.de\/bucuresti\/adp-sector-1-facturi-neplatite-la-utilitati-de-pe-peste-sase-luni-rectificarea-bugetara-a-opta-oara-in-sedinta-de-consiliu\/#primaryimage"},"thumbnailUrl":"https:\/\/buletin.de\/bucuresti\/wp-content\/uploads\/adp-sector-1-sediu.jpg","keywords":["adp sector 1","rectificare buget sectorul 1","rectificare bugetara","Sector 1","Sedinta Consiliu Local","sedinta de consiliu","sedinta sector 1"],"articleSection":["\u0218tiri"],"inLanguage":"en-GB","copyrightYear":"2021","copyrightHolder":{"@id":"https:\/\/buletin.de\/bucuresti\/#organization"}},{"@type":"WebPage","@id":"https:\/\/buletin.de\/bucuresti\/adp-sector-1-facturi-neplatite-la-utilitati-de-pe-peste-sase-luni-rectificarea-bugetara-a-opta-oara-in-sedinta-de-consiliu\/","url":"https:\/\/buletin.de\/bucuresti\/adp-sector-1-facturi-neplatite-la-utilitati-de-pe-peste-sase-luni-rectificarea-bugetara-a-opta-oara-in-sedinta-de-consiliu\/","name":"ADP Sector 1, facturi nepl\u0103tite la utilit\u0103\u021bi de pe peste \u0219ase luni. Rectificarea bugetar\u0103, a opta oar\u0103 \u00een \u0219edin\u021ba de consiliu - Buletin de Bucure\u0219ti","isPartOf":{"@id":"https:\/\/buletin.de\/bucuresti\/#website"},"primaryImageOfPage":{"@id":"https:\/\/buletin.de\/bucuresti\/adp-sector-1-facturi-neplatite-la-utilitati-de-pe-peste-sase-luni-rectificarea-bugetara-a-opta-oara-in-sedinta-de-consiliu\/#primaryimage"},"image":{"@id":"https:\/\/buletin.de\/bucuresti\/adp-sector-1-facturi-neplatite-la-utilitati-de-pe-peste-sase-luni-rectificarea-bugetara-a-opta-oara-in-sedinta-de-consiliu\/#primaryimage"},"thumbnailUrl":"https:\/\/buletin.de\/bucuresti\/wp-content\/uploads\/adp-sector-1-sediu.jpg","datePublished":"2021-11-25T09:59:41+00:00","dateModified":"2021-11-25T09:59:42+00:00","breadcrumb":{"@id":"https:\/\/buletin.de\/bucuresti\/adp-sector-1-facturi-neplatite-la-utilitati-de-pe-peste-sase-luni-rectificarea-bugetara-a-opta-oara-in-sedinta-de-consiliu\/#breadcrumb"},"inLanguage":"en-GB","potentialAction":[{"@type":"ReadAction","target":["https:\/\/buletin.de\/bucuresti\/adp-sector-1-facturi-neplatite-la-utilitati-de-pe-peste-sase-luni-rectificarea-bugetara-a-opta-oara-in-sedinta-de-consiliu\/"]}]},{"@type":"ImageObject","inLanguage":"en-GB","@id":"https:\/\/buletin.de\/bucuresti\/adp-sector-1-facturi-neplatite-la-utilitati-de-pe-peste-sase-luni-rectificarea-bugetara-a-opta-oara-in-sedinta-de-consiliu\/#primaryimage","url":"https:\/\/buletin.de\/bucuresti\/wp-content\/uploads\/adp-sector-1-sediu.jpg","contentUrl":"https:\/\/buletin.de\/bucuresti\/wp-content\/uploads\/adp-sector-1-sediu.jpg","width":944,"height":944,"caption":"sursa foto: ADP Sector 1"},{"@type":"BreadcrumbList","@id":"https:\/\/buletin.de\/bucuresti\/adp-sector-1-facturi-neplatite-la-utilitati-de-pe-peste-sase-luni-rectificarea-bugetara-a-opta-oara-in-sedinta-de-consiliu\/#breadcrumb","itemListElement":[{"@type":"ListItem","position":1,"name":"Acas\u0103","item":"https:\/\/buletin.de\/bucuresti\/"},{"@type":"ListItem","position":2,"name":"ADP Sector 1, facturi nepl\u0103tite la utilit\u0103\u021bi de pe peste \u0219ase luni. Rectificarea bugetar\u0103, a opta oar\u0103 \u00een \u0219edin\u021ba de consiliu"}]},{"@type":"WebSite","@id":"https:\/\/buletin.de\/bucuresti\/#website","url":"https:\/\/buletin.de\/bucuresti\/","name":"Buletin de Bucure\u0219ti","description":"\u0218tiri \u0219i investiga\u021bii esen\u021biale din capital\u0103","publisher":{"@id":"https:\/\/buletin.de\/bucuresti\/#organization"},"potentialAction":[{"@type":"SearchAction","target":{"@type":"EntryPoint","urlTemplate":"https:\/\/buletin.de\/bucuresti\/?s={search_term_string}"},"query-input":{"@type":"PropertyValueSpecification","valueRequired":true,"valueName":"search_term_string"}}],"inLanguage":"en-GB"},{"@type":"Organization","@id":"https:\/\/buletin.de\/bucuresti\/#organization","name":"Buletin de Bucure\u0219ti","url":"https:\/\/buletin.de\/bucuresti\/","logo":{"@type":"ImageObject","inLanguage":"en-GB","@id":"https:\/\/buletin.de\/bucuresti\/#\/schema\/logo\/image\/","url":"https:\/\/buletin.de\/bucuresti\/wp-content\/uploads\/logo-bdb-full-wide-vernil-transparent.png","contentUrl":"https:\/\/buletin.de\/bucuresti\/wp-content\/uploads\/logo-bdb-full-wide-vernil-transparent.png","width":1782,"height":626,"caption":"Buletin de Bucure\u0219ti"},"image":{"@id":"https:\/\/buletin.de\/bucuresti\/#\/schema\/logo\/image\/"},"sameAs":["https:\/\/www.facebook.com\/buletin.de.buc","https:\/\/www.instagram.com\/buletinde.bucuresti\/"]},{"@type":"Person","@id":"https:\/\/buletin.de\/bucuresti\/#\/schema\/person\/8ce85bbda5515a1abb525993294155a8","name":"Ana Tudor","image":{"@type":"ImageObject","inLanguage":"en-GB","@id":"https:\/\/secure.gravatar.com\/avatar\/390c40e2d9367046adb10d832317e3f5fb181fdecb236cb1a8187477756ae24a?s=96&d=monsterid&r=g0f86ad5d6b77046fd61bd633bbfa4a29","url":"https:\/\/secure.gravatar.com\/avatar\/390c40e2d9367046adb10d832317e3f5fb181fdecb236cb1a8187477756ae24a?s=96&d=monsterid&r=g","contentUrl":"https:\/\/secure.gravatar.com\/avatar\/390c40e2d9367046adb10d832317e3f5fb181fdecb236cb1a8187477756ae24a?s=96&d=monsterid&r=g","caption":"Ana Tudor"},"url":"https:\/\/buletin.de\/bucuresti\/author\/anamaria\/"}]}},"authors":[{"term_id":22597,"user_id":25,"is_guest":0,"slug":"anamaria","display_name":"Ana Tudor","avatar_url":"https:\/\/secure.gravatar.com\/avatar\/390c40e2d9367046adb10d832317e3f5fb181fdecb236cb1a8187477756ae24a?s=96&d=monsterid&r=g","0":null,"1":"","2":"","3":"","4":"","5":"","6":"","7":"","8":""}],"_links":{"self":[{"href":"https:\/\/buletin.de\/bucuresti\/wp-json\/wp\/v2\/posts\/35431","targetHints":{"allow":["GET"]}}],"collection":[{"href":"https:\/\/buletin.de\/bucuresti\/wp-json\/wp\/v2\/posts"}],"about":[{"href":"https:\/\/buletin.de\/bucuresti\/wp-json\/wp\/v2\/types\/post"}],"author":[{"embeddable":true,"href":"https:\/\/buletin.de\/bucuresti\/wp-json\/wp\/v2\/users\/25"}],"replies":[{"embeddable":true,"href":"https:\/\/buletin.de\/bucuresti\/wp-json\/wp\/v2\/comments?post=35431"}],"version-history":[{"count":1,"href":"https:\/\/buletin.de\/bucuresti\/wp-json\/wp\/v2\/posts\/35431\/revisions"}],"predecessor-version":[{"id":35434,"href":"https:\/\/buletin.de\/bucuresti\/wp-json\/wp\/v2\/posts\/35431\/revisions\/35434"}],"wp:featuredmedia":[{"embeddable":true,"href":"https:\/\/buletin.de\/bucuresti\/wp-json\/wp\/v2\/media\/21706"}],"wp:attachment":[{"href":"https:\/\/buletin.de\/bucuresti\/wp-json\/wp\/v2\/media?parent=35431"}],"wp:term":[{"taxonomy":"category","embeddable":true,"href":"https:\/\/buletin.de\/bucuresti\/wp-json\/wp\/v2\/categories?post=35431"},{"taxonomy":"post_tag","embeddable":true,"href":"https:\/\/buletin.de\/bucuresti\/wp-json\/wp\/v2\/tags?post=35431"},{"taxonomy":"author","embeddable":true,"href":"https:\/\/buletin.de\/bucuresti\/wp-json\/wp\/v2\/ppma_author?post=35431"}],"curies":[{"name":"wp","href":"https:\/\/api.w.org\/{rel}","templated":true}]}}