{"id":35042,"date":"2021-11-19T20:51:31","date_gmt":"2021-11-19T18:51:31","guid":{"rendered":"https:\/\/buletin.de\/bucuresti\/?p=35042"},"modified":"2021-11-19T20:51:33","modified_gmt":"2021-11-19T18:51:33","slug":"aproape-1-000-de-masini-abandonate-ridicate-de-pe-strazile-din-sectorul-6","status":"publish","type":"post","link":"https:\/\/buletin.de\/bucuresti\/aproape-1-000-de-masini-abandonate-ridicate-de-pe-strazile-din-sectorul-6\/","title":{"rendered":"Aproape 1.000 de ma\u0219ini abandonate, ridicate de pe str\u0103zile din Sectorul 6"},"content":{"rendered":"\n<p><strong>Peste 10.000 de ma\u0219ini abandonate au fost identificate pe str\u0103zile din Sectorul 6, \u00een timp ce aproape 1.000 au fost ridicate, fie de proprietarii care au primit soma\u021bii, fie de Administra\u021bia Domeniului Public \u0219i Dezvoltare Urban\u0103 (ADPDU) Sector 6.<\/strong><\/p>\n\n\n\n<p>Poli\u021bi\u0219tii locali au ridicat doar joi 25 de autovehicule care erau parcate de ani \u00eentregi pe str\u0103zile Liniei, Constantin Marinescu, Ioan Culcer, Pietrele Doamnei, Calea Giule\u0219ti \u0219i pe bulevardele Uverturii, Iuliu Maniu \u0219i Preciziei.<\/p>\n\n\n\n<p><em>\u201eMulte dintre ele erau adev\u0103rate focare de infec\u021bie, pline cu gunoaie, haine \u0219i alte obiecte str\u00e2nse de persoane f\u0103r\u0103 ad\u0103post, care-\u0219i f\u0103cuser\u0103 culcu\u0219 \u00een interiorul lor\u201d,<\/em> se precizeaz\u0103 \u00eentr-un comunicat al Prim\u0103riei Sectorului 6.<\/p>\n\n\n\n<p>Pentru 1.163 de ma\u0219ini din cele peste 10.000 identificate au fost trimise soma\u021bii c\u0103tre proprietari. 771 dintre ace\u0219tia le-au ridicat de bun\u0103voie \u0219i le-au dus fie la fier vechi, fie le-au repus \u00een circula\u021bie, \u00een timp ce ADPDU a ridicat \u00eenc\u0103 159 de ma\u0219ini vechi.<\/p>\n\n\n\n<p>Toate sunt depozitate \u00eentr-un spa\u021biu amenajat, \u00een Bulevardul Preciziei nr. 24. Proprietarii care vor s\u0103 le revendice au dou\u0103 luni la dispozi\u021bie, apoi ma\u0219inile merg la REMAT.<\/p>\n\n\n\n<p>Cei care doresc s\u0103-\u0219i recupereze ma\u0219inile ridicate au de achitat o tax\u0103 de 530 de lei, cu TVA. Suma acoper\u0103 cheltuielile cu ridicarea, transportul \u0219i depozitarea ma\u0219inilor.<\/p>\n\n\n\n<p><em>\u201eAm estimat c\u0103 sunt 15.000 de ma\u0219ini abandonate \u00een Sectorul 6. Mul\u021bi nu m-au crezut. Deja am identificat 10.000\u201d, <\/em>a precizat Ciprian Ciucu, primarul Sectorului 6.<\/p>\n\n\n\n<iframe src=\"https:\/\/www.facebook.com\/plugins\/post.php?href=https%3A%2F%2Fwww.facebook.com%2Fciprian.ciucu%2Fposts%2F10160133538484203&amp;show_text=true&amp;width=500\" width=\"500\" height=\"577\" style=\"border:none;overflow:hidden\" scrolling=\"no\" frameborder=\"0\" allowfullscreen=\"true\" allow=\"autoplay; clipboard-write; encrypted-media; picture-in-picture; web-share\"><\/iframe>\n\n\n\n<p>Campania de ridicare a ma\u015finilor abandonate de pe raza Sectorului 6 a \u00eenceput \u00een luna ianuarie a acestui an.<\/p>\n","protected":false},"excerpt":{"rendered":"<p>Peste 10.000 de ma\u0219ini abandonate au fost identificate pe str\u0103zile din Sectorul 6, \u00een timp ce aproape 1.000 au fost ridicate, fie de proprietarii care au primit soma\u021bii, fie de Administra\u021bia Domeniului Public \u0219i Dezvoltare Urban\u0103 (ADPDU) Sector 6. Poli\u021bi\u0219tii locali au ridicat doar joi 25 de autovehicule care erau parcate de ani \u00eentregi pe [&hellip;]<\/p>\n","protected":false},"author":25,"featured_media":35043,"comment_status":"closed","ping_status":"open","sticky":false,"template":"","format":"standard","meta":{"_acf_changed":false,"inline_featured_image":false,"ngg_post_thumbnail":0,"footnotes":""},"categories":[62],"tags":[523],"ppma_author":[22597],"class_list":["post-35042","post","type-post","status-publish","format-standard","has-post-thumbnail","hentry","category-stiri","tag-sector-6"],"acf":[],"yoast_head":"<!-- This site is optimized with the Yoast SEO Premium plugin v25.3 (Yoast SEO v27.5) - https:\/\/yoast.com\/product\/yoast-seo-premium-wordpress\/ -->\n<title>Aproape 1.000 de ma\u0219ini abandonate, ridicate de pe str\u0103zile din Sectorul 6 - Buletin de Bucure\u0219ti<\/title>\n<meta name=\"robots\" content=\"index, follow, max-snippet:-1, max-image-preview:large, max-video-preview:-1\" \/>\n<link rel=\"canonical\" href=\"https:\/\/buletin.de\/bucuresti\/aproape-1-000-de-masini-abandonate-ridicate-de-pe-strazile-din-sectorul-6\/\" \/>\n<meta property=\"og:locale\" content=\"en_GB\" \/>\n<meta property=\"og:type\" content=\"article\" \/>\n<meta property=\"og:title\" content=\"Aproape 1.000 de ma\u0219ini abandonate, ridicate de pe str\u0103zile din Sectorul 6\" \/>\n<meta property=\"og:description\" content=\"Peste 10.000 de ma\u0219ini abandonate au fost identificate pe str\u0103zile din Sectorul 6, \u00een timp ce aproape 1.000 au fost ridicate, fie de proprietarii care au primit soma\u021bii, fie de Administra\u021bia Domeniului Public \u0219i Dezvoltare Urban\u0103 (ADPDU) Sector 6. Poli\u021bi\u0219tii locali au ridicat doar joi 25 de autovehicule care erau parcate de ani \u00eentregi pe [&hellip;]\" \/>\n<meta property=\"og:url\" content=\"https:\/\/buletin.de\/bucuresti\/aproape-1-000-de-masini-abandonate-ridicate-de-pe-strazile-din-sectorul-6\/\" \/>\n<meta property=\"og:site_name\" content=\"Buletin de Bucure\u0219ti\" \/>\n<meta property=\"article:publisher\" content=\"https:\/\/www.facebook.com\/buletin.de.buc\" \/>\n<meta property=\"article:published_time\" content=\"2021-11-19T18:51:31+00:00\" \/>\n<meta property=\"article:modified_time\" content=\"2021-11-19T18:51:33+00:00\" \/>\n<meta property=\"og:image\" content=\"https:\/\/buletin.de\/bucuresti\/wp-content\/uploads\/masini-abandonate-s6.jpg\" \/>\n\t<meta property=\"og:image:width\" content=\"1078\" \/>\n\t<meta property=\"og:image:height\" content=\"458\" \/>\n\t<meta property=\"og:image:type\" content=\"image\/jpeg\" \/>\n<meta name=\"author\" content=\"Ana Tudor\" \/>\n<meta name=\"twitter:card\" content=\"summary_large_image\" \/>\n<meta name=\"twitter:label1\" content=\"Written by\" \/>\n\t<meta name=\"twitter:data1\" content=\"Ana Tudor\" \/>\n\t<meta name=\"twitter:label2\" content=\"Estimated reading time\" \/>\n\t<meta name=\"twitter:data2\" content=\"2 minutes\" \/>\n<script type=\"application\/ld+json\" class=\"yoast-schema-graph\">{\"@context\":\"https:\\\/\\\/schema.org\",\"@graph\":[{\"@type\":\"Article\",\"@id\":\"https:\\\/\\\/buletin.de\\\/bucuresti\\\/aproape-1-000-de-masini-abandonate-ridicate-de-pe-strazile-din-sectorul-6\\\/#article\",\"isPartOf\":{\"@id\":\"https:\\\/\\\/buletin.de\\\/bucuresti\\\/aproape-1-000-de-masini-abandonate-ridicate-de-pe-strazile-din-sectorul-6\\\/\"},\"author\":{\"name\":\"Ana Tudor\",\"@id\":\"https:\\\/\\\/buletin.de\\\/bucuresti\\\/#\\\/schema\\\/person\\\/8ce85bbda5515a1abb525993294155a8\"},\"headline\":\"Aproape 1.000 de ma\u0219ini abandonate, ridicate de pe str\u0103zile din Sectorul 6\",\"datePublished\":\"2021-11-19T18:51:31+00:00\",\"dateModified\":\"2021-11-19T18:51:33+00:00\",\"mainEntityOfPage\":{\"@id\":\"https:\\\/\\\/buletin.de\\\/bucuresti\\\/aproape-1-000-de-masini-abandonate-ridicate-de-pe-strazile-din-sectorul-6\\\/\"},\"wordCount\":279,\"publisher\":{\"@id\":\"https:\\\/\\\/buletin.de\\\/bucuresti\\\/#organization\"},\"image\":{\"@id\":\"https:\\\/\\\/buletin.de\\\/bucuresti\\\/aproape-1-000-de-masini-abandonate-ridicate-de-pe-strazile-din-sectorul-6\\\/#primaryimage\"},\"thumbnailUrl\":\"https:\\\/\\\/buletin.de\\\/bucuresti\\\/wp-content\\\/uploads\\\/masini-abandonate-s6.jpg\",\"keywords\":[\"Sector 6\"],\"articleSection\":[\"\u0218tiri\"],\"inLanguage\":\"en-GB\",\"copyrightYear\":\"2021\",\"copyrightHolder\":{\"@id\":\"https:\\\/\\\/buletin.de\\\/bucuresti\\\/#organization\"}},{\"@type\":\"WebPage\",\"@id\":\"https:\\\/\\\/buletin.de\\\/bucuresti\\\/aproape-1-000-de-masini-abandonate-ridicate-de-pe-strazile-din-sectorul-6\\\/\",\"url\":\"https:\\\/\\\/buletin.de\\\/bucuresti\\\/aproape-1-000-de-masini-abandonate-ridicate-de-pe-strazile-din-sectorul-6\\\/\",\"name\":\"Aproape 1.000 de ma\u0219ini abandonate, ridicate de pe str\u0103zile din Sectorul 6 - Buletin de Bucure\u0219ti\",\"isPartOf\":{\"@id\":\"https:\\\/\\\/buletin.de\\\/bucuresti\\\/#website\"},\"primaryImageOfPage\":{\"@id\":\"https:\\\/\\\/buletin.de\\\/bucuresti\\\/aproape-1-000-de-masini-abandonate-ridicate-de-pe-strazile-din-sectorul-6\\\/#primaryimage\"},\"image\":{\"@id\":\"https:\\\/\\\/buletin.de\\\/bucuresti\\\/aproape-1-000-de-masini-abandonate-ridicate-de-pe-strazile-din-sectorul-6\\\/#primaryimage\"},\"thumbnailUrl\":\"https:\\\/\\\/buletin.de\\\/bucuresti\\\/wp-content\\\/uploads\\\/masini-abandonate-s6.jpg\",\"datePublished\":\"2021-11-19T18:51:31+00:00\",\"dateModified\":\"2021-11-19T18:51:33+00:00\",\"breadcrumb\":{\"@id\":\"https:\\\/\\\/buletin.de\\\/bucuresti\\\/aproape-1-000-de-masini-abandonate-ridicate-de-pe-strazile-din-sectorul-6\\\/#breadcrumb\"},\"inLanguage\":\"en-GB\",\"potentialAction\":[{\"@type\":\"ReadAction\",\"target\":[\"https:\\\/\\\/buletin.de\\\/bucuresti\\\/aproape-1-000-de-masini-abandonate-ridicate-de-pe-strazile-din-sectorul-6\\\/\"]}]},{\"@type\":\"ImageObject\",\"inLanguage\":\"en-GB\",\"@id\":\"https:\\\/\\\/buletin.de\\\/bucuresti\\\/aproape-1-000-de-masini-abandonate-ridicate-de-pe-strazile-din-sectorul-6\\\/#primaryimage\",\"url\":\"https:\\\/\\\/buletin.de\\\/bucuresti\\\/wp-content\\\/uploads\\\/masini-abandonate-s6.jpg\",\"contentUrl\":\"https:\\\/\\\/buletin.de\\\/bucuresti\\\/wp-content\\\/uploads\\\/masini-abandonate-s6.jpg\",\"width\":1078,\"height\":458},{\"@type\":\"BreadcrumbList\",\"@id\":\"https:\\\/\\\/buletin.de\\\/bucuresti\\\/aproape-1-000-de-masini-abandonate-ridicate-de-pe-strazile-din-sectorul-6\\\/#breadcrumb\",\"itemListElement\":[{\"@type\":\"ListItem\",\"position\":1,\"name\":\"Acas\u0103\",\"item\":\"https:\\\/\\\/buletin.de\\\/bucuresti\\\/\"},{\"@type\":\"ListItem\",\"position\":2,\"name\":\"Aproape 1.000 de ma\u0219ini abandonate, ridicate de pe str\u0103zile din Sectorul 6\"}]},{\"@type\":\"WebSite\",\"@id\":\"https:\\\/\\\/buletin.de\\\/bucuresti\\\/#website\",\"url\":\"https:\\\/\\\/buletin.de\\\/bucuresti\\\/\",\"name\":\"Buletin de Bucure\u0219ti\",\"description\":\"\u0218tiri \u0219i investiga\u021bii esen\u021biale din capital\u0103\",\"publisher\":{\"@id\":\"https:\\\/\\\/buletin.de\\\/bucuresti\\\/#organization\"},\"potentialAction\":[{\"@type\":\"SearchAction\",\"target\":{\"@type\":\"EntryPoint\",\"urlTemplate\":\"https:\\\/\\\/buletin.de\\\/bucuresti\\\/?s={search_term_string}\"},\"query-input\":{\"@type\":\"PropertyValueSpecification\",\"valueRequired\":true,\"valueName\":\"search_term_string\"}}],\"inLanguage\":\"en-GB\"},{\"@type\":\"Organization\",\"@id\":\"https:\\\/\\\/buletin.de\\\/bucuresti\\\/#organization\",\"name\":\"Buletin de Bucure\u0219ti\",\"url\":\"https:\\\/\\\/buletin.de\\\/bucuresti\\\/\",\"logo\":{\"@type\":\"ImageObject\",\"inLanguage\":\"en-GB\",\"@id\":\"https:\\\/\\\/buletin.de\\\/bucuresti\\\/#\\\/schema\\\/logo\\\/image\\\/\",\"url\":\"https:\\\/\\\/buletin.de\\\/bucuresti\\\/wp-content\\\/uploads\\\/logo-bdb-full-wide-vernil-transparent.png\",\"contentUrl\":\"https:\\\/\\\/buletin.de\\\/bucuresti\\\/wp-content\\\/uploads\\\/logo-bdb-full-wide-vernil-transparent.png\",\"width\":1782,\"height\":626,\"caption\":\"Buletin de Bucure\u0219ti\"},\"image\":{\"@id\":\"https:\\\/\\\/buletin.de\\\/bucuresti\\\/#\\\/schema\\\/logo\\\/image\\\/\"},\"sameAs\":[\"https:\\\/\\\/www.facebook.com\\\/buletin.de.buc\",\"https:\\\/\\\/www.instagram.com\\\/buletinde.bucuresti\\\/\"]},{\"@type\":\"Person\",\"@id\":\"https:\\\/\\\/buletin.de\\\/bucuresti\\\/#\\\/schema\\\/person\\\/8ce85bbda5515a1abb525993294155a8\",\"name\":\"Ana Tudor\",\"image\":{\"@type\":\"ImageObject\",\"inLanguage\":\"en-GB\",\"@id\":\"https:\\\/\\\/secure.gravatar.com\\\/avatar\\\/390c40e2d9367046adb10d832317e3f5fb181fdecb236cb1a8187477756ae24a?s=96&d=monsterid&r=g0f86ad5d6b77046fd61bd633bbfa4a29\",\"url\":\"https:\\\/\\\/secure.gravatar.com\\\/avatar\\\/390c40e2d9367046adb10d832317e3f5fb181fdecb236cb1a8187477756ae24a?s=96&d=monsterid&r=g\",\"contentUrl\":\"https:\\\/\\\/secure.gravatar.com\\\/avatar\\\/390c40e2d9367046adb10d832317e3f5fb181fdecb236cb1a8187477756ae24a?s=96&d=monsterid&r=g\",\"caption\":\"Ana Tudor\"},\"url\":\"https:\\\/\\\/buletin.de\\\/bucuresti\\\/author\\\/anamaria\\\/\"}]}<\/script>\n<!-- \/ Yoast SEO Premium plugin. -->","yoast_head_json":{"title":"Aproape 1.000 de ma\u0219ini abandonate, ridicate de pe str\u0103zile din Sectorul 6 - Buletin de Bucure\u0219ti","robots":{"index":"index","follow":"follow","max-snippet":"max-snippet:-1","max-image-preview":"max-image-preview:large","max-video-preview":"max-video-preview:-1"},"canonical":"https:\/\/buletin.de\/bucuresti\/aproape-1-000-de-masini-abandonate-ridicate-de-pe-strazile-din-sectorul-6\/","og_locale":"en_GB","og_type":"article","og_title":"Aproape 1.000 de ma\u0219ini abandonate, ridicate de pe str\u0103zile din Sectorul 6","og_description":"Peste 10.000 de ma\u0219ini abandonate au fost identificate pe str\u0103zile din Sectorul 6, \u00een timp ce aproape 1.000 au fost ridicate, fie de proprietarii care au primit soma\u021bii, fie de Administra\u021bia Domeniului Public \u0219i Dezvoltare Urban\u0103 (ADPDU) Sector 6. Poli\u021bi\u0219tii locali au ridicat doar joi 25 de autovehicule care erau parcate de ani \u00eentregi pe [&hellip;]","og_url":"https:\/\/buletin.de\/bucuresti\/aproape-1-000-de-masini-abandonate-ridicate-de-pe-strazile-din-sectorul-6\/","og_site_name":"Buletin de Bucure\u0219ti","article_publisher":"https:\/\/www.facebook.com\/buletin.de.buc","article_published_time":"2021-11-19T18:51:31+00:00","article_modified_time":"2021-11-19T18:51:33+00:00","og_image":[{"width":1078,"height":458,"url":"https:\/\/buletin.de\/bucuresti\/wp-content\/uploads\/masini-abandonate-s6.jpg","type":"image\/jpeg"}],"author":"Ana Tudor","twitter_card":"summary_large_image","twitter_misc":{"Written by":"Ana Tudor","Estimated reading time":"2 minutes"},"schema":{"@context":"https:\/\/schema.org","@graph":[{"@type":"Article","@id":"https:\/\/buletin.de\/bucuresti\/aproape-1-000-de-masini-abandonate-ridicate-de-pe-strazile-din-sectorul-6\/#article","isPartOf":{"@id":"https:\/\/buletin.de\/bucuresti\/aproape-1-000-de-masini-abandonate-ridicate-de-pe-strazile-din-sectorul-6\/"},"author":{"name":"Ana Tudor","@id":"https:\/\/buletin.de\/bucuresti\/#\/schema\/person\/8ce85bbda5515a1abb525993294155a8"},"headline":"Aproape 1.000 de ma\u0219ini abandonate, ridicate de pe str\u0103zile din Sectorul 6","datePublished":"2021-11-19T18:51:31+00:00","dateModified":"2021-11-19T18:51:33+00:00","mainEntityOfPage":{"@id":"https:\/\/buletin.de\/bucuresti\/aproape-1-000-de-masini-abandonate-ridicate-de-pe-strazile-din-sectorul-6\/"},"wordCount":279,"publisher":{"@id":"https:\/\/buletin.de\/bucuresti\/#organization"},"image":{"@id":"https:\/\/buletin.de\/bucuresti\/aproape-1-000-de-masini-abandonate-ridicate-de-pe-strazile-din-sectorul-6\/#primaryimage"},"thumbnailUrl":"https:\/\/buletin.de\/bucuresti\/wp-content\/uploads\/masini-abandonate-s6.jpg","keywords":["Sector 6"],"articleSection":["\u0218tiri"],"inLanguage":"en-GB","copyrightYear":"2021","copyrightHolder":{"@id":"https:\/\/buletin.de\/bucuresti\/#organization"}},{"@type":"WebPage","@id":"https:\/\/buletin.de\/bucuresti\/aproape-1-000-de-masini-abandonate-ridicate-de-pe-strazile-din-sectorul-6\/","url":"https:\/\/buletin.de\/bucuresti\/aproape-1-000-de-masini-abandonate-ridicate-de-pe-strazile-din-sectorul-6\/","name":"Aproape 1.000 de ma\u0219ini abandonate, ridicate de pe str\u0103zile din Sectorul 6 - Buletin de Bucure\u0219ti","isPartOf":{"@id":"https:\/\/buletin.de\/bucuresti\/#website"},"primaryImageOfPage":{"@id":"https:\/\/buletin.de\/bucuresti\/aproape-1-000-de-masini-abandonate-ridicate-de-pe-strazile-din-sectorul-6\/#primaryimage"},"image":{"@id":"https:\/\/buletin.de\/bucuresti\/aproape-1-000-de-masini-abandonate-ridicate-de-pe-strazile-din-sectorul-6\/#primaryimage"},"thumbnailUrl":"https:\/\/buletin.de\/bucuresti\/wp-content\/uploads\/masini-abandonate-s6.jpg","datePublished":"2021-11-19T18:51:31+00:00","dateModified":"2021-11-19T18:51:33+00:00","breadcrumb":{"@id":"https:\/\/buletin.de\/bucuresti\/aproape-1-000-de-masini-abandonate-ridicate-de-pe-strazile-din-sectorul-6\/#breadcrumb"},"inLanguage":"en-GB","potentialAction":[{"@type":"ReadAction","target":["https:\/\/buletin.de\/bucuresti\/aproape-1-000-de-masini-abandonate-ridicate-de-pe-strazile-din-sectorul-6\/"]}]},{"@type":"ImageObject","inLanguage":"en-GB","@id":"https:\/\/buletin.de\/bucuresti\/aproape-1-000-de-masini-abandonate-ridicate-de-pe-strazile-din-sectorul-6\/#primaryimage","url":"https:\/\/buletin.de\/bucuresti\/wp-content\/uploads\/masini-abandonate-s6.jpg","contentUrl":"https:\/\/buletin.de\/bucuresti\/wp-content\/uploads\/masini-abandonate-s6.jpg","width":1078,"height":458},{"@type":"BreadcrumbList","@id":"https:\/\/buletin.de\/bucuresti\/aproape-1-000-de-masini-abandonate-ridicate-de-pe-strazile-din-sectorul-6\/#breadcrumb","itemListElement":[{"@type":"ListItem","position":1,"name":"Acas\u0103","item":"https:\/\/buletin.de\/bucuresti\/"},{"@type":"ListItem","position":2,"name":"Aproape 1.000 de ma\u0219ini abandonate, ridicate de pe str\u0103zile din Sectorul 6"}]},{"@type":"WebSite","@id":"https:\/\/buletin.de\/bucuresti\/#website","url":"https:\/\/buletin.de\/bucuresti\/","name":"Buletin de Bucure\u0219ti","description":"\u0218tiri \u0219i investiga\u021bii esen\u021biale din capital\u0103","publisher":{"@id":"https:\/\/buletin.de\/bucuresti\/#organization"},"potentialAction":[{"@type":"SearchAction","target":{"@type":"EntryPoint","urlTemplate":"https:\/\/buletin.de\/bucuresti\/?s={search_term_string}"},"query-input":{"@type":"PropertyValueSpecification","valueRequired":true,"valueName":"search_term_string"}}],"inLanguage":"en-GB"},{"@type":"Organization","@id":"https:\/\/buletin.de\/bucuresti\/#organization","name":"Buletin de Bucure\u0219ti","url":"https:\/\/buletin.de\/bucuresti\/","logo":{"@type":"ImageObject","inLanguage":"en-GB","@id":"https:\/\/buletin.de\/bucuresti\/#\/schema\/logo\/image\/","url":"https:\/\/buletin.de\/bucuresti\/wp-content\/uploads\/logo-bdb-full-wide-vernil-transparent.png","contentUrl":"https:\/\/buletin.de\/bucuresti\/wp-content\/uploads\/logo-bdb-full-wide-vernil-transparent.png","width":1782,"height":626,"caption":"Buletin de Bucure\u0219ti"},"image":{"@id":"https:\/\/buletin.de\/bucuresti\/#\/schema\/logo\/image\/"},"sameAs":["https:\/\/www.facebook.com\/buletin.de.buc","https:\/\/www.instagram.com\/buletinde.bucuresti\/"]},{"@type":"Person","@id":"https:\/\/buletin.de\/bucuresti\/#\/schema\/person\/8ce85bbda5515a1abb525993294155a8","name":"Ana Tudor","image":{"@type":"ImageObject","inLanguage":"en-GB","@id":"https:\/\/secure.gravatar.com\/avatar\/390c40e2d9367046adb10d832317e3f5fb181fdecb236cb1a8187477756ae24a?s=96&d=monsterid&r=g0f86ad5d6b77046fd61bd633bbfa4a29","url":"https:\/\/secure.gravatar.com\/avatar\/390c40e2d9367046adb10d832317e3f5fb181fdecb236cb1a8187477756ae24a?s=96&d=monsterid&r=g","contentUrl":"https:\/\/secure.gravatar.com\/avatar\/390c40e2d9367046adb10d832317e3f5fb181fdecb236cb1a8187477756ae24a?s=96&d=monsterid&r=g","caption":"Ana Tudor"},"url":"https:\/\/buletin.de\/bucuresti\/author\/anamaria\/"}]}},"authors":[{"term_id":22597,"user_id":25,"is_guest":0,"slug":"anamaria","display_name":"Ana Tudor","avatar_url":"https:\/\/secure.gravatar.com\/avatar\/390c40e2d9367046adb10d832317e3f5fb181fdecb236cb1a8187477756ae24a?s=96&d=monsterid&r=g","0":null,"1":"","2":"","3":"","4":"","5":"","6":"","7":"","8":""}],"_links":{"self":[{"href":"https:\/\/buletin.de\/bucuresti\/wp-json\/wp\/v2\/posts\/35042","targetHints":{"allow":["GET"]}}],"collection":[{"href":"https:\/\/buletin.de\/bucuresti\/wp-json\/wp\/v2\/posts"}],"about":[{"href":"https:\/\/buletin.de\/bucuresti\/wp-json\/wp\/v2\/types\/post"}],"author":[{"embeddable":true,"href":"https:\/\/buletin.de\/bucuresti\/wp-json\/wp\/v2\/users\/25"}],"replies":[{"embeddable":true,"href":"https:\/\/buletin.de\/bucuresti\/wp-json\/wp\/v2\/comments?post=35042"}],"version-history":[{"count":2,"href":"https:\/\/buletin.de\/bucuresti\/wp-json\/wp\/v2\/posts\/35042\/revisions"}],"predecessor-version":[{"id":35050,"href":"https:\/\/buletin.de\/bucuresti\/wp-json\/wp\/v2\/posts\/35042\/revisions\/35050"}],"wp:featuredmedia":[{"embeddable":true,"href":"https:\/\/buletin.de\/bucuresti\/wp-json\/wp\/v2\/media\/35043"}],"wp:attachment":[{"href":"https:\/\/buletin.de\/bucuresti\/wp-json\/wp\/v2\/media?parent=35042"}],"wp:term":[{"taxonomy":"category","embeddable":true,"href":"https:\/\/buletin.de\/bucuresti\/wp-json\/wp\/v2\/categories?post=35042"},{"taxonomy":"post_tag","embeddable":true,"href":"https:\/\/buletin.de\/bucuresti\/wp-json\/wp\/v2\/tags?post=35042"},{"taxonomy":"author","embeddable":true,"href":"https:\/\/buletin.de\/bucuresti\/wp-json\/wp\/v2\/ppma_author?post=35042"}],"curies":[{"name":"wp","href":"https:\/\/api.w.org\/{rel}","templated":true}]}}