{"id":35005,"date":"2021-11-19T16:52:29","date_gmt":"2021-11-19T14:52:29","guid":{"rendered":"https:\/\/buletin.de\/bucuresti\/?p=35005"},"modified":"2021-11-19T16:52:30","modified_gmt":"2021-11-19T14:52:30","slug":"video-strain-arestat-preventiv-pentru-agresiune-sexuala-in-bucuresti","status":"publish","type":"post","link":"https:\/\/buletin.de\/bucuresti\/video-strain-arestat-preventiv-pentru-agresiune-sexuala-in-bucuresti\/","title":{"rendered":"VIDEO: Str\u0103in arestat preventiv pentru agresiune sexual\u0103, \u00een Bucure\u0219ti"},"content":{"rendered":"\n<p><strong>Un cet\u0103\u021bean str\u0103in a fost arestat preventiv, ast\u0103zi, sub acuza\u021bia de agresiune sexual\u0103 asupra unor minore. O fapt\u0103 s-ar fi petrecut \u00een luna iunie, iar alta la \u00eenceputul lui noiembrie. Conform unor surse Buletin de Bucure\u0219ti, b\u0103rbatul este peruan. <\/strong><\/p>\n\n\n\n<p>Poli\u021bi\u0219tii au primit prima sesizare pe 22 iunie. O femeie a reclamat c\u0103 fiica sa, minor\u0103, a fost agresat\u0103 sexual, \u00eentr-o sta\u021bie STB din sectorul 1. <\/p>\n\n\n\n<p>Pe 2 noiembrie, o alt\u0103 mam\u0103 le sesiza poli\u021bi\u0219tilor o infrac\u021biune. Fiica sa, minor\u0103, fusese agresat\u0103 sexual de un b\u0103rbat. Fapta s-a petrecut \u00een plin\u0103 zi, pe o strad\u0103 din sectorul 4.<\/p>\n\n\n\n<p>&#8220;<em>\u00cen baza probatoriului administrat a rezultat presupunerea rezonabil\u0103 c\u0103 faptele ar fi fost s\u0103v\u00e2r\u0219ite de aceea\u0219i persoan\u0103, un cet\u0103\u021bean str\u0103in, care ar fi profitat de momentele \u00een care a r\u0103mas singur cu minorele \u015fi de faptul c\u0103 erau \u00een imposibilitatea de a se ap\u0103ra, iar prin constr\u00e2ngere le-ar fi s\u0103rutat<\/em>.&#8221;<em>, <\/em>scrie \u00een comunicatul trimis de Poli\u021bia Capitalei.<\/p>\n\n\n\n<p>Suspectul a fost depistat, ieri, de poli\u021bi\u0219tii Biroului Agresiuni Sexuale din cadrul Serviciului Omoruri. Dup\u0103 audieri, b\u0103rbatul, de origine peruan\u0103, a fost re\u0163inut. Cel cauz\u0103 a fost prezentat ast\u0103zi magistra\u021bilor, pe numele lui fiind emis mandat de arestare preventiv\u0103.<\/p>\n\n\n\n<figure class=\"wp-block-video\"><video controls src=\"https:\/\/buletin.de\/bucuresti\/wp-content\/uploads\/WhatsApp-Video-2021-11-19-at-4.27.36-PM.mp4\"><\/video><figcaption>sursa Poli\u021bia Capitalei<\/figcaption><\/figure>\n\n\n\n<p>Cercet\u0103rile sunt continuate de Serviciul Omoruri \u2013 Biroul Agresiuni Sexuale, sub supravegherea Parchetului de pe l\u00e2ng\u0103 Judec\u0103toria Sectorului 1.<\/p>\n\n\n\n<p><\/p>\n\n\n\n<p>sursa foto cover Captura Video Poli\u021bia Roman\u0103<\/p>\n","protected":false},"excerpt":{"rendered":"<p>Un cet\u0103\u021bean str\u0103in a fost arestat preventiv, ast\u0103zi, sub acuza\u021bia de agresiune sexual\u0103 asupra unor minore. O fapt\u0103 s-ar fi petrecut \u00een luna iunie, iar alta la \u00eenceputul lui noiembrie. Conform unor surse Buletin de Bucure\u0219ti, b\u0103rbatul este peruan. Poli\u021bi\u0219tii au primit prima sesizare pe 22 iunie. O femeie a reclamat c\u0103 fiica sa, minor\u0103, [&hellip;]<\/p>\n","protected":false},"author":18,"featured_media":35013,"comment_status":"closed","ping_status":"open","sticky":false,"template":"","format":"standard","meta":{"_acf_changed":false,"inline_featured_image":false,"ngg_post_thumbnail":0,"footnotes":""},"categories":[62],"tags":[3509,9,3510,3511],"ppma_author":[22579],"class_list":["post-35005","post","type-post","status-publish","format-standard","has-post-thumbnail","hentry","category-stiri","tag-agresiune-sexualam","tag-bucuresti","tag-minore","tag-strain"],"acf":[],"yoast_head":"<!-- This site is optimized with the Yoast SEO Premium plugin v25.3 (Yoast SEO v27.5) - https:\/\/yoast.com\/product\/yoast-seo-premium-wordpress\/ -->\n<title>VIDEO: Str\u0103in arestat preventiv pentru agresiune sexual\u0103, \u00een Bucure\u0219ti - Buletin de Bucure\u0219ti<\/title>\n<meta name=\"robots\" content=\"index, follow, max-snippet:-1, max-image-preview:large, max-video-preview:-1\" \/>\n<link rel=\"canonical\" href=\"https:\/\/buletin.de\/bucuresti\/video-strain-arestat-preventiv-pentru-agresiune-sexuala-in-bucuresti\/\" \/>\n<meta property=\"og:locale\" content=\"en_GB\" \/>\n<meta property=\"og:type\" content=\"article\" \/>\n<meta property=\"og:title\" content=\"VIDEO: Str\u0103in arestat preventiv pentru agresiune sexual\u0103, \u00een Bucure\u0219ti\" \/>\n<meta property=\"og:description\" content=\"Un cet\u0103\u021bean str\u0103in a fost arestat preventiv, ast\u0103zi, sub acuza\u021bia de agresiune sexual\u0103 asupra unor minore. O fapt\u0103 s-ar fi petrecut \u00een luna iunie, iar alta la \u00eenceputul lui noiembrie. Conform unor surse Buletin de Bucure\u0219ti, b\u0103rbatul este peruan. Poli\u021bi\u0219tii au primit prima sesizare pe 22 iunie. O femeie a reclamat c\u0103 fiica sa, minor\u0103, [&hellip;]\" \/>\n<meta property=\"og:url\" content=\"https:\/\/buletin.de\/bucuresti\/video-strain-arestat-preventiv-pentru-agresiune-sexuala-in-bucuresti\/\" \/>\n<meta property=\"og:site_name\" content=\"Buletin de Bucure\u0219ti\" \/>\n<meta property=\"article:publisher\" content=\"https:\/\/www.facebook.com\/buletin.de.buc\" \/>\n<meta property=\"article:published_time\" content=\"2021-11-19T14:52:29+00:00\" \/>\n<meta property=\"article:modified_time\" content=\"2021-11-19T14:52:30+00:00\" \/>\n<meta property=\"og:image\" content=\"https:\/\/buletin.de\/bucuresti\/wp-content\/uploads\/image-966.png\" \/>\n\t<meta property=\"og:image:width\" content=\"436\" \/>\n\t<meta property=\"og:image:height\" content=\"398\" \/>\n\t<meta property=\"og:image:type\" content=\"image\/png\" \/>\n<meta name=\"author\" content=\"Teodora Stroe\" \/>\n<meta name=\"twitter:card\" content=\"summary_large_image\" \/>\n<meta name=\"twitter:label1\" content=\"Written by\" \/>\n\t<meta name=\"twitter:data1\" content=\"Teodora Stroe\" \/>\n\t<meta name=\"twitter:label2\" content=\"Estimated reading time\" \/>\n\t<meta name=\"twitter:data2\" content=\"1 minute\" \/>\n<script type=\"application\/ld+json\" class=\"yoast-schema-graph\">{\"@context\":\"https:\\\/\\\/schema.org\",\"@graph\":[{\"@type\":\"Article\",\"@id\":\"https:\\\/\\\/buletin.de\\\/bucuresti\\\/video-strain-arestat-preventiv-pentru-agresiune-sexuala-in-bucuresti\\\/#article\",\"isPartOf\":{\"@id\":\"https:\\\/\\\/buletin.de\\\/bucuresti\\\/video-strain-arestat-preventiv-pentru-agresiune-sexuala-in-bucuresti\\\/\"},\"author\":{\"name\":\"Teodora Stroe\",\"@id\":\"https:\\\/\\\/buletin.de\\\/bucuresti\\\/#\\\/schema\\\/person\\\/d369d7ddc775abece205795e0b804614\"},\"headline\":\"VIDEO: Str\u0103in arestat preventiv pentru agresiune sexual\u0103, \u00een Bucure\u0219ti\",\"datePublished\":\"2021-11-19T14:52:29+00:00\",\"dateModified\":\"2021-11-19T14:52:30+00:00\",\"mainEntityOfPage\":{\"@id\":\"https:\\\/\\\/buletin.de\\\/bucuresti\\\/video-strain-arestat-preventiv-pentru-agresiune-sexuala-in-bucuresti\\\/\"},\"wordCount\":262,\"publisher\":{\"@id\":\"https:\\\/\\\/buletin.de\\\/bucuresti\\\/#organization\"},\"image\":{\"@id\":\"https:\\\/\\\/buletin.de\\\/bucuresti\\\/video-strain-arestat-preventiv-pentru-agresiune-sexuala-in-bucuresti\\\/#primaryimage\"},\"thumbnailUrl\":\"https:\\\/\\\/buletin.de\\\/bucuresti\\\/wp-content\\\/uploads\\\/image-966.png\",\"keywords\":[\"agresiune sexualam\",\"bucuresti\",\"minore\",\"strain\"],\"articleSection\":[\"\u0218tiri\"],\"inLanguage\":\"en-GB\",\"copyrightYear\":\"2021\",\"copyrightHolder\":{\"@id\":\"https:\\\/\\\/buletin.de\\\/bucuresti\\\/#organization\"}},{\"@type\":\"WebPage\",\"@id\":\"https:\\\/\\\/buletin.de\\\/bucuresti\\\/video-strain-arestat-preventiv-pentru-agresiune-sexuala-in-bucuresti\\\/\",\"url\":\"https:\\\/\\\/buletin.de\\\/bucuresti\\\/video-strain-arestat-preventiv-pentru-agresiune-sexuala-in-bucuresti\\\/\",\"name\":\"VIDEO: Str\u0103in arestat preventiv pentru agresiune sexual\u0103, \u00een Bucure\u0219ti - Buletin de Bucure\u0219ti\",\"isPartOf\":{\"@id\":\"https:\\\/\\\/buletin.de\\\/bucuresti\\\/#website\"},\"primaryImageOfPage\":{\"@id\":\"https:\\\/\\\/buletin.de\\\/bucuresti\\\/video-strain-arestat-preventiv-pentru-agresiune-sexuala-in-bucuresti\\\/#primaryimage\"},\"image\":{\"@id\":\"https:\\\/\\\/buletin.de\\\/bucuresti\\\/video-strain-arestat-preventiv-pentru-agresiune-sexuala-in-bucuresti\\\/#primaryimage\"},\"thumbnailUrl\":\"https:\\\/\\\/buletin.de\\\/bucuresti\\\/wp-content\\\/uploads\\\/image-966.png\",\"datePublished\":\"2021-11-19T14:52:29+00:00\",\"dateModified\":\"2021-11-19T14:52:30+00:00\",\"breadcrumb\":{\"@id\":\"https:\\\/\\\/buletin.de\\\/bucuresti\\\/video-strain-arestat-preventiv-pentru-agresiune-sexuala-in-bucuresti\\\/#breadcrumb\"},\"inLanguage\":\"en-GB\",\"potentialAction\":[{\"@type\":\"ReadAction\",\"target\":[\"https:\\\/\\\/buletin.de\\\/bucuresti\\\/video-strain-arestat-preventiv-pentru-agresiune-sexuala-in-bucuresti\\\/\"]}]},{\"@type\":\"ImageObject\",\"inLanguage\":\"en-GB\",\"@id\":\"https:\\\/\\\/buletin.de\\\/bucuresti\\\/video-strain-arestat-preventiv-pentru-agresiune-sexuala-in-bucuresti\\\/#primaryimage\",\"url\":\"https:\\\/\\\/buletin.de\\\/bucuresti\\\/wp-content\\\/uploads\\\/image-966.png\",\"contentUrl\":\"https:\\\/\\\/buletin.de\\\/bucuresti\\\/wp-content\\\/uploads\\\/image-966.png\",\"width\":436,\"height\":398},{\"@type\":\"BreadcrumbList\",\"@id\":\"https:\\\/\\\/buletin.de\\\/bucuresti\\\/video-strain-arestat-preventiv-pentru-agresiune-sexuala-in-bucuresti\\\/#breadcrumb\",\"itemListElement\":[{\"@type\":\"ListItem\",\"position\":1,\"name\":\"Acas\u0103\",\"item\":\"https:\\\/\\\/buletin.de\\\/bucuresti\\\/\"},{\"@type\":\"ListItem\",\"position\":2,\"name\":\"VIDEO: Str\u0103in arestat preventiv pentru agresiune sexual\u0103, \u00een Bucure\u0219ti\"}]},{\"@type\":\"WebSite\",\"@id\":\"https:\\\/\\\/buletin.de\\\/bucuresti\\\/#website\",\"url\":\"https:\\\/\\\/buletin.de\\\/bucuresti\\\/\",\"name\":\"Buletin de Bucure\u0219ti\",\"description\":\"\u0218tiri \u0219i investiga\u021bii esen\u021biale din capital\u0103\",\"publisher\":{\"@id\":\"https:\\\/\\\/buletin.de\\\/bucuresti\\\/#organization\"},\"potentialAction\":[{\"@type\":\"SearchAction\",\"target\":{\"@type\":\"EntryPoint\",\"urlTemplate\":\"https:\\\/\\\/buletin.de\\\/bucuresti\\\/?s={search_term_string}\"},\"query-input\":{\"@type\":\"PropertyValueSpecification\",\"valueRequired\":true,\"valueName\":\"search_term_string\"}}],\"inLanguage\":\"en-GB\"},{\"@type\":\"Organization\",\"@id\":\"https:\\\/\\\/buletin.de\\\/bucuresti\\\/#organization\",\"name\":\"Buletin de Bucure\u0219ti\",\"url\":\"https:\\\/\\\/buletin.de\\\/bucuresti\\\/\",\"logo\":{\"@type\":\"ImageObject\",\"inLanguage\":\"en-GB\",\"@id\":\"https:\\\/\\\/buletin.de\\\/bucuresti\\\/#\\\/schema\\\/logo\\\/image\\\/\",\"url\":\"https:\\\/\\\/buletin.de\\\/bucuresti\\\/wp-content\\\/uploads\\\/logo-bdb-full-wide-vernil-transparent.png\",\"contentUrl\":\"https:\\\/\\\/buletin.de\\\/bucuresti\\\/wp-content\\\/uploads\\\/logo-bdb-full-wide-vernil-transparent.png\",\"width\":1782,\"height\":626,\"caption\":\"Buletin de Bucure\u0219ti\"},\"image\":{\"@id\":\"https:\\\/\\\/buletin.de\\\/bucuresti\\\/#\\\/schema\\\/logo\\\/image\\\/\"},\"sameAs\":[\"https:\\\/\\\/www.facebook.com\\\/buletin.de.buc\",\"https:\\\/\\\/www.instagram.com\\\/buletinde.bucuresti\\\/\"]},{\"@type\":\"Person\",\"@id\":\"https:\\\/\\\/buletin.de\\\/bucuresti\\\/#\\\/schema\\\/person\\\/d369d7ddc775abece205795e0b804614\",\"name\":\"Teodora Stroe\",\"image\":{\"@type\":\"ImageObject\",\"inLanguage\":\"en-GB\",\"@id\":\"https:\\\/\\\/secure.gravatar.com\\\/avatar\\\/2560b4cd9f5f1bc100b123158e657d75584bd1c3e1d9c69285720b9457c1b78d?s=96&d=monsterid&r=gc104800242ba5f2d78dd5d7dc4df08b6\",\"url\":\"https:\\\/\\\/secure.gravatar.com\\\/avatar\\\/2560b4cd9f5f1bc100b123158e657d75584bd1c3e1d9c69285720b9457c1b78d?s=96&d=monsterid&r=g\",\"contentUrl\":\"https:\\\/\\\/secure.gravatar.com\\\/avatar\\\/2560b4cd9f5f1bc100b123158e657d75584bd1c3e1d9c69285720b9457c1b78d?s=96&d=monsterid&r=g\",\"caption\":\"Teodora Stroe\"},\"url\":\"https:\\\/\\\/buletin.de\\\/bucuresti\\\/author\\\/simonacarlugea\\\/\"}]}<\/script>\n<!-- \/ Yoast SEO Premium plugin. -->","yoast_head_json":{"title":"VIDEO: Str\u0103in arestat preventiv pentru agresiune sexual\u0103, \u00een Bucure\u0219ti - Buletin de Bucure\u0219ti","robots":{"index":"index","follow":"follow","max-snippet":"max-snippet:-1","max-image-preview":"max-image-preview:large","max-video-preview":"max-video-preview:-1"},"canonical":"https:\/\/buletin.de\/bucuresti\/video-strain-arestat-preventiv-pentru-agresiune-sexuala-in-bucuresti\/","og_locale":"en_GB","og_type":"article","og_title":"VIDEO: Str\u0103in arestat preventiv pentru agresiune sexual\u0103, \u00een Bucure\u0219ti","og_description":"Un cet\u0103\u021bean str\u0103in a fost arestat preventiv, ast\u0103zi, sub acuza\u021bia de agresiune sexual\u0103 asupra unor minore. O fapt\u0103 s-ar fi petrecut \u00een luna iunie, iar alta la \u00eenceputul lui noiembrie. Conform unor surse Buletin de Bucure\u0219ti, b\u0103rbatul este peruan. Poli\u021bi\u0219tii au primit prima sesizare pe 22 iunie. O femeie a reclamat c\u0103 fiica sa, minor\u0103, [&hellip;]","og_url":"https:\/\/buletin.de\/bucuresti\/video-strain-arestat-preventiv-pentru-agresiune-sexuala-in-bucuresti\/","og_site_name":"Buletin de Bucure\u0219ti","article_publisher":"https:\/\/www.facebook.com\/buletin.de.buc","article_published_time":"2021-11-19T14:52:29+00:00","article_modified_time":"2021-11-19T14:52:30+00:00","og_image":[{"width":436,"height":398,"url":"https:\/\/buletin.de\/bucuresti\/wp-content\/uploads\/image-966.png","type":"image\/png"}],"author":"Teodora Stroe","twitter_card":"summary_large_image","twitter_misc":{"Written by":"Teodora Stroe","Estimated reading time":"1 minute"},"schema":{"@context":"https:\/\/schema.org","@graph":[{"@type":"Article","@id":"https:\/\/buletin.de\/bucuresti\/video-strain-arestat-preventiv-pentru-agresiune-sexuala-in-bucuresti\/#article","isPartOf":{"@id":"https:\/\/buletin.de\/bucuresti\/video-strain-arestat-preventiv-pentru-agresiune-sexuala-in-bucuresti\/"},"author":{"name":"Teodora Stroe","@id":"https:\/\/buletin.de\/bucuresti\/#\/schema\/person\/d369d7ddc775abece205795e0b804614"},"headline":"VIDEO: Str\u0103in arestat preventiv pentru agresiune sexual\u0103, \u00een Bucure\u0219ti","datePublished":"2021-11-19T14:52:29+00:00","dateModified":"2021-11-19T14:52:30+00:00","mainEntityOfPage":{"@id":"https:\/\/buletin.de\/bucuresti\/video-strain-arestat-preventiv-pentru-agresiune-sexuala-in-bucuresti\/"},"wordCount":262,"publisher":{"@id":"https:\/\/buletin.de\/bucuresti\/#organization"},"image":{"@id":"https:\/\/buletin.de\/bucuresti\/video-strain-arestat-preventiv-pentru-agresiune-sexuala-in-bucuresti\/#primaryimage"},"thumbnailUrl":"https:\/\/buletin.de\/bucuresti\/wp-content\/uploads\/image-966.png","keywords":["agresiune sexualam","bucuresti","minore","strain"],"articleSection":["\u0218tiri"],"inLanguage":"en-GB","copyrightYear":"2021","copyrightHolder":{"@id":"https:\/\/buletin.de\/bucuresti\/#organization"}},{"@type":"WebPage","@id":"https:\/\/buletin.de\/bucuresti\/video-strain-arestat-preventiv-pentru-agresiune-sexuala-in-bucuresti\/","url":"https:\/\/buletin.de\/bucuresti\/video-strain-arestat-preventiv-pentru-agresiune-sexuala-in-bucuresti\/","name":"VIDEO: Str\u0103in arestat preventiv pentru agresiune sexual\u0103, \u00een Bucure\u0219ti - Buletin de Bucure\u0219ti","isPartOf":{"@id":"https:\/\/buletin.de\/bucuresti\/#website"},"primaryImageOfPage":{"@id":"https:\/\/buletin.de\/bucuresti\/video-strain-arestat-preventiv-pentru-agresiune-sexuala-in-bucuresti\/#primaryimage"},"image":{"@id":"https:\/\/buletin.de\/bucuresti\/video-strain-arestat-preventiv-pentru-agresiune-sexuala-in-bucuresti\/#primaryimage"},"thumbnailUrl":"https:\/\/buletin.de\/bucuresti\/wp-content\/uploads\/image-966.png","datePublished":"2021-11-19T14:52:29+00:00","dateModified":"2021-11-19T14:52:30+00:00","breadcrumb":{"@id":"https:\/\/buletin.de\/bucuresti\/video-strain-arestat-preventiv-pentru-agresiune-sexuala-in-bucuresti\/#breadcrumb"},"inLanguage":"en-GB","potentialAction":[{"@type":"ReadAction","target":["https:\/\/buletin.de\/bucuresti\/video-strain-arestat-preventiv-pentru-agresiune-sexuala-in-bucuresti\/"]}]},{"@type":"ImageObject","inLanguage":"en-GB","@id":"https:\/\/buletin.de\/bucuresti\/video-strain-arestat-preventiv-pentru-agresiune-sexuala-in-bucuresti\/#primaryimage","url":"https:\/\/buletin.de\/bucuresti\/wp-content\/uploads\/image-966.png","contentUrl":"https:\/\/buletin.de\/bucuresti\/wp-content\/uploads\/image-966.png","width":436,"height":398},{"@type":"BreadcrumbList","@id":"https:\/\/buletin.de\/bucuresti\/video-strain-arestat-preventiv-pentru-agresiune-sexuala-in-bucuresti\/#breadcrumb","itemListElement":[{"@type":"ListItem","position":1,"name":"Acas\u0103","item":"https:\/\/buletin.de\/bucuresti\/"},{"@type":"ListItem","position":2,"name":"VIDEO: Str\u0103in arestat preventiv pentru agresiune sexual\u0103, \u00een Bucure\u0219ti"}]},{"@type":"WebSite","@id":"https:\/\/buletin.de\/bucuresti\/#website","url":"https:\/\/buletin.de\/bucuresti\/","name":"Buletin de Bucure\u0219ti","description":"\u0218tiri \u0219i investiga\u021bii esen\u021biale din capital\u0103","publisher":{"@id":"https:\/\/buletin.de\/bucuresti\/#organization"},"potentialAction":[{"@type":"SearchAction","target":{"@type":"EntryPoint","urlTemplate":"https:\/\/buletin.de\/bucuresti\/?s={search_term_string}"},"query-input":{"@type":"PropertyValueSpecification","valueRequired":true,"valueName":"search_term_string"}}],"inLanguage":"en-GB"},{"@type":"Organization","@id":"https:\/\/buletin.de\/bucuresti\/#organization","name":"Buletin de Bucure\u0219ti","url":"https:\/\/buletin.de\/bucuresti\/","logo":{"@type":"ImageObject","inLanguage":"en-GB","@id":"https:\/\/buletin.de\/bucuresti\/#\/schema\/logo\/image\/","url":"https:\/\/buletin.de\/bucuresti\/wp-content\/uploads\/logo-bdb-full-wide-vernil-transparent.png","contentUrl":"https:\/\/buletin.de\/bucuresti\/wp-content\/uploads\/logo-bdb-full-wide-vernil-transparent.png","width":1782,"height":626,"caption":"Buletin de Bucure\u0219ti"},"image":{"@id":"https:\/\/buletin.de\/bucuresti\/#\/schema\/logo\/image\/"},"sameAs":["https:\/\/www.facebook.com\/buletin.de.buc","https:\/\/www.instagram.com\/buletinde.bucuresti\/"]},{"@type":"Person","@id":"https:\/\/buletin.de\/bucuresti\/#\/schema\/person\/d369d7ddc775abece205795e0b804614","name":"Teodora Stroe","image":{"@type":"ImageObject","inLanguage":"en-GB","@id":"https:\/\/secure.gravatar.com\/avatar\/2560b4cd9f5f1bc100b123158e657d75584bd1c3e1d9c69285720b9457c1b78d?s=96&d=monsterid&r=gc104800242ba5f2d78dd5d7dc4df08b6","url":"https:\/\/secure.gravatar.com\/avatar\/2560b4cd9f5f1bc100b123158e657d75584bd1c3e1d9c69285720b9457c1b78d?s=96&d=monsterid&r=g","contentUrl":"https:\/\/secure.gravatar.com\/avatar\/2560b4cd9f5f1bc100b123158e657d75584bd1c3e1d9c69285720b9457c1b78d?s=96&d=monsterid&r=g","caption":"Teodora Stroe"},"url":"https:\/\/buletin.de\/bucuresti\/author\/simonacarlugea\/"}]}},"authors":[{"term_id":22579,"user_id":18,"is_guest":0,"slug":"simonacarlugea","display_name":"Teodora Stroe","avatar_url":"https:\/\/secure.gravatar.com\/avatar\/2560b4cd9f5f1bc100b123158e657d75584bd1c3e1d9c69285720b9457c1b78d?s=96&d=monsterid&r=g","0":null,"1":"","2":"","3":"","4":"","5":"","6":"","7":"","8":""}],"_links":{"self":[{"href":"https:\/\/buletin.de\/bucuresti\/wp-json\/wp\/v2\/posts\/35005","targetHints":{"allow":["GET"]}}],"collection":[{"href":"https:\/\/buletin.de\/bucuresti\/wp-json\/wp\/v2\/posts"}],"about":[{"href":"https:\/\/buletin.de\/bucuresti\/wp-json\/wp\/v2\/types\/post"}],"author":[{"embeddable":true,"href":"https:\/\/buletin.de\/bucuresti\/wp-json\/wp\/v2\/users\/18"}],"replies":[{"embeddable":true,"href":"https:\/\/buletin.de\/bucuresti\/wp-json\/wp\/v2\/comments?post=35005"}],"version-history":[{"count":7,"href":"https:\/\/buletin.de\/bucuresti\/wp-json\/wp\/v2\/posts\/35005\/revisions"}],"predecessor-version":[{"id":35023,"href":"https:\/\/buletin.de\/bucuresti\/wp-json\/wp\/v2\/posts\/35005\/revisions\/35023"}],"wp:featuredmedia":[{"embeddable":true,"href":"https:\/\/buletin.de\/bucuresti\/wp-json\/wp\/v2\/media\/35013"}],"wp:attachment":[{"href":"https:\/\/buletin.de\/bucuresti\/wp-json\/wp\/v2\/media?parent=35005"}],"wp:term":[{"taxonomy":"category","embeddable":true,"href":"https:\/\/buletin.de\/bucuresti\/wp-json\/wp\/v2\/categories?post=35005"},{"taxonomy":"post_tag","embeddable":true,"href":"https:\/\/buletin.de\/bucuresti\/wp-json\/wp\/v2\/tags?post=35005"},{"taxonomy":"author","embeddable":true,"href":"https:\/\/buletin.de\/bucuresti\/wp-json\/wp\/v2\/ppma_author?post=35005"}],"curies":[{"name":"wp","href":"https:\/\/api.w.org\/{rel}","templated":true}]}}