{"id":34950,"date":"2021-11-19T11:54:02","date_gmt":"2021-11-19T09:54:02","guid":{"rendered":"https:\/\/buletin.de\/bucuresti\/?p=34950"},"modified":"2021-11-19T12:21:03","modified_gmt":"2021-11-19T10:21:03","slug":"seful-anpc-a-fost-demis-dolot-protectia-consumatorilor-nu-se-negociaza","status":"publish","type":"post","link":"https:\/\/buletin.de\/bucuresti\/seful-anpc-a-fost-demis-dolot-protectia-consumatorilor-nu-se-negociaza\/","title":{"rendered":"\u0218eful ANPC a fost demis. Dolot: \u201eAm aflat de la un amic\u201d"},"content":{"rendered":"\n<p><strong>Premierul interimar Florin C\u00ee\u021bu l-a demis, joi sear\u0103, pe pre\u0219edintele Autorit\u0103\u021bii Na\u021bionale pentru Protec\u021bia Consumatorului (ANPC), Claudiu Daniel Dolot. Acesta fusese numit \u0219ef al ANPC tot de c\u0103tre Florin C\u00ee\u021bu, \u00een luna februarie a acestui an.<\/strong><\/p>\n\n\n\n<p>\u201e<em>Am aflat de la un amic ce mi-a trimis pe whatsapp un print din Monitorul Oficial cu demiterea mea. Nu \u0219tiu motivul, n-am avut nicio discu\u021bie pe aceast\u0103 tem\u0103\u201d,<\/em> a declarat, pentru <a href=\"https:\/\/buletin.de\/bucuresti\/\">Buletin de Bucure\u0219ti, <\/a>fostul \u0219ef al ANPC.<\/p>\n\n\n\n<p>Claudiu Dolot a fost \u00eenlocuit temporar de Mihai Culeafa, vicepre\u0219edinte al ANPC, p\u00e2n\u0103 la numirea unui nou \u0219ef al institu\u021biei, potrivit legii, se precizeaz\u0103 \u00een decizia premierului interimar.<\/p>\n\n\n\n<p>\u201eAst\u0103zi, am aflat c\u0103 mandatul meu de pre\u0219edinte al ANPC s-a \u00eencheiat. Func\u021biile sunt trec\u0103toare, dar cel mai important este ceea ce la\u0219i \u00een urm\u0103. Protec\u021bia consumatorilor nu se negociaz\u0103, sens \u00een care doar ac\u021biunile, \u00eenso\u021bite de rezultate, conteaz\u0103!\u201d, a scris fostul \u0219ef al ANPC joi seara pe pagina de Facebook a institu\u021biei.<\/p>\n\n\n\n<iframe src=\"https:\/\/www.facebook.com\/plugins\/post.php?href=https%3A%2F%2Fwww.facebook.com%2FANPC.gov%2Fposts%2F262291172598156&amp;show_text=true&amp;width=500\" width=\"500\" height=\"698\" style=\"border:none;overflow:hidden\" scrolling=\"no\" frameborder=\"0\" allowfullscreen=\"true\" allow=\"autoplay; clipboard-write; encrypted-media; picture-in-picture; web-share\"><\/iframe>\n\n\n\n<p>\u00cen ultima vreme, ANPC s-a remarcat prin mai multe sanc\u021biuni aplicate unor mari retaileri \u0219i hoteluri:<\/p>\n\n\n\n<p><a href=\"https:\/\/buletin.de\/bucuresti\/noi-controale-anpc-carrefour-baneasa-si-mega-image-balotesti-amendate-cu-13-000-de-lei-ikea-sanctiuni-de-20-000-lei\/\">Carrefour B\u0103neasa \u0219i Mega Image Balote\u0219ti, amendate cu 13.000 de lei. IKEA, sanc\u021biuni de 20.000 lei<\/a>.<\/p>\n\n\n\n<p><a href=\"https:\/\/buletin.de\/bucuresti\/insecte-moarte-in-vitrine-frigidere-murdare-si-mancare-stricata-protectia-consumatorului-inchide-temporar-2-magazine-cora-din-capitala-in-urma-unui-control\/\">Insecte moarte \u00een vitrine, frigidere murdare \u0219i m\u00e2ncare stricat\u0103. Protec\u021bia consumatorului \u00eenchide temporar 2 magazine Cora din Capital\u0103, \u00een urma unui control.<\/a><\/p>\n\n\n\n<p>De Black Friday, zeci de firme au fost amendate pentru c\u0103 prezentau oferte \u00een\u0219el\u0103toare.<\/p>\n\n\n\n<p>S\u0103pt\u0103m\u00e2na aceasta, tot printr-o decizie a premierului interimar, a fost demis \u0219i Robert-Viorel Chioveanu, \u0219eful Autorit\u0103\u0163ii Na\u0163ionale Sanitare Veterinare \u015fi pentru Siguran\u0163a Alimentelor (ANSVSA).<\/p>\n\n\n\n<p><strong>S<em>ursa foto<\/em><\/strong><em>: Facebook \/ ANPC<\/em><\/p>\n","protected":false},"excerpt":{"rendered":"<p>Premierul interimar Florin C\u00ee\u021bu l-a demis, joi sear\u0103, pe pre\u0219edintele Autorit\u0103\u021bii Na\u021bionale pentru Protec\u021bia Consumatorului (ANPC), Claudiu Daniel Dolot. Acesta fusese numit \u0219ef al ANPC tot de c\u0103tre Florin C\u00ee\u021bu, \u00een luna februarie a acestui an. \u201eAm aflat de la un amic ce mi-a trimis pe whatsapp un print din Monitorul Oficial cu demiterea mea. [&hellip;]<\/p>\n","protected":false},"author":25,"featured_media":34951,"comment_status":"closed","ping_status":"open","sticky":false,"template":"","format":"standard","meta":{"_acf_changed":false,"inline_featured_image":false,"ngg_post_thumbnail":0,"footnotes":""},"categories":[62],"tags":[3410,3500,505],"ppma_author":[22597],"class_list":["post-34950","post","type-post","status-publish","format-standard","has-post-thumbnail","hentry","category-stiri","tag-anpc","tag-claudiu-dolot","tag-florin-citu"],"acf":[],"yoast_head":"<!-- This site is optimized with the Yoast SEO Premium plugin v25.3 (Yoast SEO v27.5) - https:\/\/yoast.com\/product\/yoast-seo-premium-wordpress\/ -->\n<title>\u0218eful ANPC a fost demis. Dolot: \u201eAm aflat de la un amic\u201d - Buletin de Bucure\u0219ti<\/title>\n<meta name=\"robots\" content=\"index, follow, max-snippet:-1, max-image-preview:large, max-video-preview:-1\" \/>\n<link rel=\"canonical\" href=\"https:\/\/buletin.de\/bucuresti\/seful-anpc-a-fost-demis-dolot-protectia-consumatorilor-nu-se-negociaza\/\" \/>\n<meta property=\"og:locale\" content=\"en_GB\" \/>\n<meta property=\"og:type\" content=\"article\" \/>\n<meta property=\"og:title\" content=\"\u0218eful ANPC a fost demis. Dolot: \u201eAm aflat de la un amic\u201d\" \/>\n<meta property=\"og:description\" content=\"Premierul interimar Florin C\u00ee\u021bu l-a demis, joi sear\u0103, pe pre\u0219edintele Autorit\u0103\u021bii Na\u021bionale pentru Protec\u021bia Consumatorului (ANPC), Claudiu Daniel Dolot. Acesta fusese numit \u0219ef al ANPC tot de c\u0103tre Florin C\u00ee\u021bu, \u00een luna februarie a acestui an. \u201eAm aflat de la un amic ce mi-a trimis pe whatsapp un print din Monitorul Oficial cu demiterea mea. [&hellip;]\" \/>\n<meta property=\"og:url\" content=\"https:\/\/buletin.de\/bucuresti\/seful-anpc-a-fost-demis-dolot-protectia-consumatorilor-nu-se-negociaza\/\" \/>\n<meta property=\"og:site_name\" content=\"Buletin de Bucure\u0219ti\" \/>\n<meta property=\"article:publisher\" content=\"https:\/\/www.facebook.com\/buletin.de.buc\" \/>\n<meta property=\"article:published_time\" content=\"2021-11-19T09:54:02+00:00\" \/>\n<meta property=\"article:modified_time\" content=\"2021-11-19T10:21:03+00:00\" \/>\n<meta property=\"og:image\" content=\"https:\/\/buletin.de\/bucuresti\/wp-content\/uploads\/claudiu-dolot.jpg\" \/>\n\t<meta property=\"og:image:width\" content=\"870\" \/>\n\t<meta property=\"og:image:height\" content=\"960\" \/>\n\t<meta property=\"og:image:type\" content=\"image\/jpeg\" \/>\n<meta name=\"author\" content=\"Ana Tudor\" \/>\n<meta name=\"twitter:card\" content=\"summary_large_image\" \/>\n<meta name=\"twitter:label1\" content=\"Written by\" \/>\n\t<meta name=\"twitter:data1\" content=\"Ana Tudor\" \/>\n\t<meta name=\"twitter:label2\" content=\"Estimated reading time\" \/>\n\t<meta name=\"twitter:data2\" content=\"2 minutes\" \/>\n<script type=\"application\/ld+json\" class=\"yoast-schema-graph\">{\"@context\":\"https:\\\/\\\/schema.org\",\"@graph\":[{\"@type\":\"Article\",\"@id\":\"https:\\\/\\\/buletin.de\\\/bucuresti\\\/seful-anpc-a-fost-demis-dolot-protectia-consumatorilor-nu-se-negociaza\\\/#article\",\"isPartOf\":{\"@id\":\"https:\\\/\\\/buletin.de\\\/bucuresti\\\/seful-anpc-a-fost-demis-dolot-protectia-consumatorilor-nu-se-negociaza\\\/\"},\"author\":{\"name\":\"Ana Tudor\",\"@id\":\"https:\\\/\\\/buletin.de\\\/bucuresti\\\/#\\\/schema\\\/person\\\/8ce85bbda5515a1abb525993294155a8\"},\"headline\":\"\u0218eful ANPC a fost demis. Dolot: \u201eAm aflat de la un amic\u201d\",\"datePublished\":\"2021-11-19T09:54:02+00:00\",\"dateModified\":\"2021-11-19T10:21:03+00:00\",\"mainEntityOfPage\":{\"@id\":\"https:\\\/\\\/buletin.de\\\/bucuresti\\\/seful-anpc-a-fost-demis-dolot-protectia-consumatorilor-nu-se-negociaza\\\/\"},\"wordCount\":296,\"publisher\":{\"@id\":\"https:\\\/\\\/buletin.de\\\/bucuresti\\\/#organization\"},\"image\":{\"@id\":\"https:\\\/\\\/buletin.de\\\/bucuresti\\\/seful-anpc-a-fost-demis-dolot-protectia-consumatorilor-nu-se-negociaza\\\/#primaryimage\"},\"thumbnailUrl\":\"https:\\\/\\\/buletin.de\\\/bucuresti\\\/wp-content\\\/uploads\\\/claudiu-dolot.jpg\",\"keywords\":[\"anpc\",\"claudiu dolot\",\"florin citu\"],\"articleSection\":[\"\u0218tiri\"],\"inLanguage\":\"en-GB\",\"copyrightYear\":\"2021\",\"copyrightHolder\":{\"@id\":\"https:\\\/\\\/buletin.de\\\/bucuresti\\\/#organization\"}},{\"@type\":\"WebPage\",\"@id\":\"https:\\\/\\\/buletin.de\\\/bucuresti\\\/seful-anpc-a-fost-demis-dolot-protectia-consumatorilor-nu-se-negociaza\\\/\",\"url\":\"https:\\\/\\\/buletin.de\\\/bucuresti\\\/seful-anpc-a-fost-demis-dolot-protectia-consumatorilor-nu-se-negociaza\\\/\",\"name\":\"\u0218eful ANPC a fost demis. Dolot: \u201eAm aflat de la un amic\u201d - Buletin de Bucure\u0219ti\",\"isPartOf\":{\"@id\":\"https:\\\/\\\/buletin.de\\\/bucuresti\\\/#website\"},\"primaryImageOfPage\":{\"@id\":\"https:\\\/\\\/buletin.de\\\/bucuresti\\\/seful-anpc-a-fost-demis-dolot-protectia-consumatorilor-nu-se-negociaza\\\/#primaryimage\"},\"image\":{\"@id\":\"https:\\\/\\\/buletin.de\\\/bucuresti\\\/seful-anpc-a-fost-demis-dolot-protectia-consumatorilor-nu-se-negociaza\\\/#primaryimage\"},\"thumbnailUrl\":\"https:\\\/\\\/buletin.de\\\/bucuresti\\\/wp-content\\\/uploads\\\/claudiu-dolot.jpg\",\"datePublished\":\"2021-11-19T09:54:02+00:00\",\"dateModified\":\"2021-11-19T10:21:03+00:00\",\"breadcrumb\":{\"@id\":\"https:\\\/\\\/buletin.de\\\/bucuresti\\\/seful-anpc-a-fost-demis-dolot-protectia-consumatorilor-nu-se-negociaza\\\/#breadcrumb\"},\"inLanguage\":\"en-GB\",\"potentialAction\":[{\"@type\":\"ReadAction\",\"target\":[\"https:\\\/\\\/buletin.de\\\/bucuresti\\\/seful-anpc-a-fost-demis-dolot-protectia-consumatorilor-nu-se-negociaza\\\/\"]}]},{\"@type\":\"ImageObject\",\"inLanguage\":\"en-GB\",\"@id\":\"https:\\\/\\\/buletin.de\\\/bucuresti\\\/seful-anpc-a-fost-demis-dolot-protectia-consumatorilor-nu-se-negociaza\\\/#primaryimage\",\"url\":\"https:\\\/\\\/buletin.de\\\/bucuresti\\\/wp-content\\\/uploads\\\/claudiu-dolot.jpg\",\"contentUrl\":\"https:\\\/\\\/buletin.de\\\/bucuresti\\\/wp-content\\\/uploads\\\/claudiu-dolot.jpg\",\"width\":870,\"height\":960},{\"@type\":\"BreadcrumbList\",\"@id\":\"https:\\\/\\\/buletin.de\\\/bucuresti\\\/seful-anpc-a-fost-demis-dolot-protectia-consumatorilor-nu-se-negociaza\\\/#breadcrumb\",\"itemListElement\":[{\"@type\":\"ListItem\",\"position\":1,\"name\":\"Acas\u0103\",\"item\":\"https:\\\/\\\/buletin.de\\\/bucuresti\\\/\"},{\"@type\":\"ListItem\",\"position\":2,\"name\":\"\u0218eful ANPC a fost demis. Dolot: \u201eAm aflat de la un amic\u201d\"}]},{\"@type\":\"WebSite\",\"@id\":\"https:\\\/\\\/buletin.de\\\/bucuresti\\\/#website\",\"url\":\"https:\\\/\\\/buletin.de\\\/bucuresti\\\/\",\"name\":\"Buletin de Bucure\u0219ti\",\"description\":\"\u0218tiri \u0219i investiga\u021bii esen\u021biale din capital\u0103\",\"publisher\":{\"@id\":\"https:\\\/\\\/buletin.de\\\/bucuresti\\\/#organization\"},\"potentialAction\":[{\"@type\":\"SearchAction\",\"target\":{\"@type\":\"EntryPoint\",\"urlTemplate\":\"https:\\\/\\\/buletin.de\\\/bucuresti\\\/?s={search_term_string}\"},\"query-input\":{\"@type\":\"PropertyValueSpecification\",\"valueRequired\":true,\"valueName\":\"search_term_string\"}}],\"inLanguage\":\"en-GB\"},{\"@type\":\"Organization\",\"@id\":\"https:\\\/\\\/buletin.de\\\/bucuresti\\\/#organization\",\"name\":\"Buletin de Bucure\u0219ti\",\"url\":\"https:\\\/\\\/buletin.de\\\/bucuresti\\\/\",\"logo\":{\"@type\":\"ImageObject\",\"inLanguage\":\"en-GB\",\"@id\":\"https:\\\/\\\/buletin.de\\\/bucuresti\\\/#\\\/schema\\\/logo\\\/image\\\/\",\"url\":\"https:\\\/\\\/buletin.de\\\/bucuresti\\\/wp-content\\\/uploads\\\/logo-bdb-full-wide-vernil-transparent.png\",\"contentUrl\":\"https:\\\/\\\/buletin.de\\\/bucuresti\\\/wp-content\\\/uploads\\\/logo-bdb-full-wide-vernil-transparent.png\",\"width\":1782,\"height\":626,\"caption\":\"Buletin de Bucure\u0219ti\"},\"image\":{\"@id\":\"https:\\\/\\\/buletin.de\\\/bucuresti\\\/#\\\/schema\\\/logo\\\/image\\\/\"},\"sameAs\":[\"https:\\\/\\\/www.facebook.com\\\/buletin.de.buc\",\"https:\\\/\\\/www.instagram.com\\\/buletinde.bucuresti\\\/\"]},{\"@type\":\"Person\",\"@id\":\"https:\\\/\\\/buletin.de\\\/bucuresti\\\/#\\\/schema\\\/person\\\/8ce85bbda5515a1abb525993294155a8\",\"name\":\"Ana Tudor\",\"image\":{\"@type\":\"ImageObject\",\"inLanguage\":\"en-GB\",\"@id\":\"https:\\\/\\\/secure.gravatar.com\\\/avatar\\\/390c40e2d9367046adb10d832317e3f5fb181fdecb236cb1a8187477756ae24a?s=96&d=monsterid&r=g0f86ad5d6b77046fd61bd633bbfa4a29\",\"url\":\"https:\\\/\\\/secure.gravatar.com\\\/avatar\\\/390c40e2d9367046adb10d832317e3f5fb181fdecb236cb1a8187477756ae24a?s=96&d=monsterid&r=g\",\"contentUrl\":\"https:\\\/\\\/secure.gravatar.com\\\/avatar\\\/390c40e2d9367046adb10d832317e3f5fb181fdecb236cb1a8187477756ae24a?s=96&d=monsterid&r=g\",\"caption\":\"Ana Tudor\"},\"url\":\"https:\\\/\\\/buletin.de\\\/bucuresti\\\/author\\\/anamaria\\\/\"}]}<\/script>\n<!-- \/ Yoast SEO Premium plugin. -->","yoast_head_json":{"title":"\u0218eful ANPC a fost demis. Dolot: \u201eAm aflat de la un amic\u201d - Buletin de Bucure\u0219ti","robots":{"index":"index","follow":"follow","max-snippet":"max-snippet:-1","max-image-preview":"max-image-preview:large","max-video-preview":"max-video-preview:-1"},"canonical":"https:\/\/buletin.de\/bucuresti\/seful-anpc-a-fost-demis-dolot-protectia-consumatorilor-nu-se-negociaza\/","og_locale":"en_GB","og_type":"article","og_title":"\u0218eful ANPC a fost demis. Dolot: \u201eAm aflat de la un amic\u201d","og_description":"Premierul interimar Florin C\u00ee\u021bu l-a demis, joi sear\u0103, pe pre\u0219edintele Autorit\u0103\u021bii Na\u021bionale pentru Protec\u021bia Consumatorului (ANPC), Claudiu Daniel Dolot. Acesta fusese numit \u0219ef al ANPC tot de c\u0103tre Florin C\u00ee\u021bu, \u00een luna februarie a acestui an. \u201eAm aflat de la un amic ce mi-a trimis pe whatsapp un print din Monitorul Oficial cu demiterea mea. [&hellip;]","og_url":"https:\/\/buletin.de\/bucuresti\/seful-anpc-a-fost-demis-dolot-protectia-consumatorilor-nu-se-negociaza\/","og_site_name":"Buletin de Bucure\u0219ti","article_publisher":"https:\/\/www.facebook.com\/buletin.de.buc","article_published_time":"2021-11-19T09:54:02+00:00","article_modified_time":"2021-11-19T10:21:03+00:00","og_image":[{"width":870,"height":960,"url":"https:\/\/buletin.de\/bucuresti\/wp-content\/uploads\/claudiu-dolot.jpg","type":"image\/jpeg"}],"author":"Ana Tudor","twitter_card":"summary_large_image","twitter_misc":{"Written by":"Ana Tudor","Estimated reading time":"2 minutes"},"schema":{"@context":"https:\/\/schema.org","@graph":[{"@type":"Article","@id":"https:\/\/buletin.de\/bucuresti\/seful-anpc-a-fost-demis-dolot-protectia-consumatorilor-nu-se-negociaza\/#article","isPartOf":{"@id":"https:\/\/buletin.de\/bucuresti\/seful-anpc-a-fost-demis-dolot-protectia-consumatorilor-nu-se-negociaza\/"},"author":{"name":"Ana Tudor","@id":"https:\/\/buletin.de\/bucuresti\/#\/schema\/person\/8ce85bbda5515a1abb525993294155a8"},"headline":"\u0218eful ANPC a fost demis. Dolot: \u201eAm aflat de la un amic\u201d","datePublished":"2021-11-19T09:54:02+00:00","dateModified":"2021-11-19T10:21:03+00:00","mainEntityOfPage":{"@id":"https:\/\/buletin.de\/bucuresti\/seful-anpc-a-fost-demis-dolot-protectia-consumatorilor-nu-se-negociaza\/"},"wordCount":296,"publisher":{"@id":"https:\/\/buletin.de\/bucuresti\/#organization"},"image":{"@id":"https:\/\/buletin.de\/bucuresti\/seful-anpc-a-fost-demis-dolot-protectia-consumatorilor-nu-se-negociaza\/#primaryimage"},"thumbnailUrl":"https:\/\/buletin.de\/bucuresti\/wp-content\/uploads\/claudiu-dolot.jpg","keywords":["anpc","claudiu dolot","florin citu"],"articleSection":["\u0218tiri"],"inLanguage":"en-GB","copyrightYear":"2021","copyrightHolder":{"@id":"https:\/\/buletin.de\/bucuresti\/#organization"}},{"@type":"WebPage","@id":"https:\/\/buletin.de\/bucuresti\/seful-anpc-a-fost-demis-dolot-protectia-consumatorilor-nu-se-negociaza\/","url":"https:\/\/buletin.de\/bucuresti\/seful-anpc-a-fost-demis-dolot-protectia-consumatorilor-nu-se-negociaza\/","name":"\u0218eful ANPC a fost demis. Dolot: \u201eAm aflat de la un amic\u201d - Buletin de Bucure\u0219ti","isPartOf":{"@id":"https:\/\/buletin.de\/bucuresti\/#website"},"primaryImageOfPage":{"@id":"https:\/\/buletin.de\/bucuresti\/seful-anpc-a-fost-demis-dolot-protectia-consumatorilor-nu-se-negociaza\/#primaryimage"},"image":{"@id":"https:\/\/buletin.de\/bucuresti\/seful-anpc-a-fost-demis-dolot-protectia-consumatorilor-nu-se-negociaza\/#primaryimage"},"thumbnailUrl":"https:\/\/buletin.de\/bucuresti\/wp-content\/uploads\/claudiu-dolot.jpg","datePublished":"2021-11-19T09:54:02+00:00","dateModified":"2021-11-19T10:21:03+00:00","breadcrumb":{"@id":"https:\/\/buletin.de\/bucuresti\/seful-anpc-a-fost-demis-dolot-protectia-consumatorilor-nu-se-negociaza\/#breadcrumb"},"inLanguage":"en-GB","potentialAction":[{"@type":"ReadAction","target":["https:\/\/buletin.de\/bucuresti\/seful-anpc-a-fost-demis-dolot-protectia-consumatorilor-nu-se-negociaza\/"]}]},{"@type":"ImageObject","inLanguage":"en-GB","@id":"https:\/\/buletin.de\/bucuresti\/seful-anpc-a-fost-demis-dolot-protectia-consumatorilor-nu-se-negociaza\/#primaryimage","url":"https:\/\/buletin.de\/bucuresti\/wp-content\/uploads\/claudiu-dolot.jpg","contentUrl":"https:\/\/buletin.de\/bucuresti\/wp-content\/uploads\/claudiu-dolot.jpg","width":870,"height":960},{"@type":"BreadcrumbList","@id":"https:\/\/buletin.de\/bucuresti\/seful-anpc-a-fost-demis-dolot-protectia-consumatorilor-nu-se-negociaza\/#breadcrumb","itemListElement":[{"@type":"ListItem","position":1,"name":"Acas\u0103","item":"https:\/\/buletin.de\/bucuresti\/"},{"@type":"ListItem","position":2,"name":"\u0218eful ANPC a fost demis. Dolot: \u201eAm aflat de la un amic\u201d"}]},{"@type":"WebSite","@id":"https:\/\/buletin.de\/bucuresti\/#website","url":"https:\/\/buletin.de\/bucuresti\/","name":"Buletin de Bucure\u0219ti","description":"\u0218tiri \u0219i investiga\u021bii esen\u021biale din capital\u0103","publisher":{"@id":"https:\/\/buletin.de\/bucuresti\/#organization"},"potentialAction":[{"@type":"SearchAction","target":{"@type":"EntryPoint","urlTemplate":"https:\/\/buletin.de\/bucuresti\/?s={search_term_string}"},"query-input":{"@type":"PropertyValueSpecification","valueRequired":true,"valueName":"search_term_string"}}],"inLanguage":"en-GB"},{"@type":"Organization","@id":"https:\/\/buletin.de\/bucuresti\/#organization","name":"Buletin de Bucure\u0219ti","url":"https:\/\/buletin.de\/bucuresti\/","logo":{"@type":"ImageObject","inLanguage":"en-GB","@id":"https:\/\/buletin.de\/bucuresti\/#\/schema\/logo\/image\/","url":"https:\/\/buletin.de\/bucuresti\/wp-content\/uploads\/logo-bdb-full-wide-vernil-transparent.png","contentUrl":"https:\/\/buletin.de\/bucuresti\/wp-content\/uploads\/logo-bdb-full-wide-vernil-transparent.png","width":1782,"height":626,"caption":"Buletin de Bucure\u0219ti"},"image":{"@id":"https:\/\/buletin.de\/bucuresti\/#\/schema\/logo\/image\/"},"sameAs":["https:\/\/www.facebook.com\/buletin.de.buc","https:\/\/www.instagram.com\/buletinde.bucuresti\/"]},{"@type":"Person","@id":"https:\/\/buletin.de\/bucuresti\/#\/schema\/person\/8ce85bbda5515a1abb525993294155a8","name":"Ana Tudor","image":{"@type":"ImageObject","inLanguage":"en-GB","@id":"https:\/\/secure.gravatar.com\/avatar\/390c40e2d9367046adb10d832317e3f5fb181fdecb236cb1a8187477756ae24a?s=96&d=monsterid&r=g0f86ad5d6b77046fd61bd633bbfa4a29","url":"https:\/\/secure.gravatar.com\/avatar\/390c40e2d9367046adb10d832317e3f5fb181fdecb236cb1a8187477756ae24a?s=96&d=monsterid&r=g","contentUrl":"https:\/\/secure.gravatar.com\/avatar\/390c40e2d9367046adb10d832317e3f5fb181fdecb236cb1a8187477756ae24a?s=96&d=monsterid&r=g","caption":"Ana Tudor"},"url":"https:\/\/buletin.de\/bucuresti\/author\/anamaria\/"}]}},"authors":[{"term_id":22597,"user_id":25,"is_guest":0,"slug":"anamaria","display_name":"Ana Tudor","avatar_url":"https:\/\/secure.gravatar.com\/avatar\/390c40e2d9367046adb10d832317e3f5fb181fdecb236cb1a8187477756ae24a?s=96&d=monsterid&r=g","0":null,"1":"","2":"","3":"","4":"","5":"","6":"","7":"","8":""}],"_links":{"self":[{"href":"https:\/\/buletin.de\/bucuresti\/wp-json\/wp\/v2\/posts\/34950","targetHints":{"allow":["GET"]}}],"collection":[{"href":"https:\/\/buletin.de\/bucuresti\/wp-json\/wp\/v2\/posts"}],"about":[{"href":"https:\/\/buletin.de\/bucuresti\/wp-json\/wp\/v2\/types\/post"}],"author":[{"embeddable":true,"href":"https:\/\/buletin.de\/bucuresti\/wp-json\/wp\/v2\/users\/25"}],"replies":[{"embeddable":true,"href":"https:\/\/buletin.de\/bucuresti\/wp-json\/wp\/v2\/comments?post=34950"}],"version-history":[{"count":7,"href":"https:\/\/buletin.de\/bucuresti\/wp-json\/wp\/v2\/posts\/34950\/revisions"}],"predecessor-version":[{"id":34972,"href":"https:\/\/buletin.de\/bucuresti\/wp-json\/wp\/v2\/posts\/34950\/revisions\/34972"}],"wp:featuredmedia":[{"embeddable":true,"href":"https:\/\/buletin.de\/bucuresti\/wp-json\/wp\/v2\/media\/34951"}],"wp:attachment":[{"href":"https:\/\/buletin.de\/bucuresti\/wp-json\/wp\/v2\/media?parent=34950"}],"wp:term":[{"taxonomy":"category","embeddable":true,"href":"https:\/\/buletin.de\/bucuresti\/wp-json\/wp\/v2\/categories?post=34950"},{"taxonomy":"post_tag","embeddable":true,"href":"https:\/\/buletin.de\/bucuresti\/wp-json\/wp\/v2\/tags?post=34950"},{"taxonomy":"author","embeddable":true,"href":"https:\/\/buletin.de\/bucuresti\/wp-json\/wp\/v2\/ppma_author?post=34950"}],"curies":[{"name":"wp","href":"https:\/\/api.w.org\/{rel}","templated":true}]}}