{"id":34940,"date":"2021-11-19T11:39:41","date_gmt":"2021-11-19T09:39:41","guid":{"rendered":"https:\/\/buletin.de\/bucuresti\/?p=34940"},"modified":"2021-11-19T12:02:39","modified_gmt":"2021-11-19T10:02:39","slug":"rezidentiat-la-romexpo-4500-de-candidati-inscrisi-la-bucuresti","status":"publish","type":"post","link":"https:\/\/buletin.de\/bucuresti\/rezidentiat-la-romexpo-4500-de-candidati-inscrisi-la-bucuresti\/","title":{"rendered":"Reziden\u021biat la Romexpo. 4500 de candida\u021bi \u00eenscri\u0219i la Bucure\u0219ti"},"content":{"rendered":"\n<p><strong>Reziden\u021biatul 2021 \u00eencepe, duminic\u0103 21 noiembrie, la ora 7.00, \u00een toate cele 6 centre ce concurs din \u021bar\u0103. Cei 4.560 de candida\u021bii \u00eenscri\u0219i la UMF Bucure\u0219ti vor sus\u021bine concursul \u00een Pavilioanele Romexpo. La nivel na\u021bional sunt 12.564 de candida\u021bi care concureaz\u0103 pe 5.949 de locuri. <strong>Cea mai mare concuren\u021b\u0103 este la Farmacie, 3,8 candida\u021bi pe un loc. La Stomatologie sunt 2,4 candida\u021bi pe un loc, iar la medicin\u0103 general\u0103 1,46. <\/strong> Accesul \u00een s\u0103lile de concurs se face doar cu certificat verde.<\/strong><\/p>\n\n\n\n<h2 class=\"wp-block-heading\">Reziden\u021biat la Romexpo<\/h2>\n\n\n\n<p>UMF Bucure\u0219ti organizeaz\u0103 \u201e<a href=\"http:\/\/rezidentiat.umfcd.ro\/\">Reziden\u021biat 2021<\/a>\u201d la Romexpo. S\u0103lile de concurs sunt amenajate \u00een Pavilioanele A, B1, B2 \u0219i B3. Pe listele de concurs sunt \u00eenscri\u0219i 12.564 de candida\u021bi. Sunt 1974 pe listele de la Medicin\u0103 General\u0103, 1045 la Medicin\u0103 Dentar\u0103 \u0219i 1541 la Farmacie.  Examenul dureaz\u0103 4 ore \u0219i este sub form\u0103 de test-gril\u0103 cu 200 de \u00eentreb\u0103ri.<\/p>\n\n\n\n<p>Repartizarea candida\u021bilor pe s\u0103li o g\u0103si\u021bi <a href=\"http:\/\/rezidentiat.umfcd.ro\/\">aici<\/a>. <\/p>\n\n\n\n<p>Din cauza pandemiei, concursul se va desf\u0103\u0219ura \u00een condi\u021bii speciale, comunicate de organizatori.<\/p>\n\n\n\n<ul class=\"wp-block-list\"><li><strong>Accesul candida\u021bilor \u00een Complexul ROMEXPO se face \u00eencep\u00e2nd cu ora 7:00<\/strong>&nbsp;pentru triajul epidemiologic.<\/li><li>La intrarea \u00een Complexul ROMEXPO candida\u021bilor le va fi m\u0103surat\u0103 temperatura.  Nu trebuie s\u0103 dep\u0103\u0219easc\u0103 37,3\u00b0C.<\/li><li>Candida\u021bii a c\u0103ror temperatur\u0103 dep\u0103\u0219e\u0219te 37,3\u00b0C vor fi condu\u0219i pe un traseu separat. Vor sus\u021bine examenul \u00een sala de rezerv\u0103 special destinat\u0103 acestor candida\u021bi.<\/li><li>Masca medical\u0103 va fi purtat\u0103 de candida\u0163i \u015fi supraveghetori\/\u015feful de sal\u0103 pe toat\u0103 durata concursului p\u00e2n\u0103 la p\u0103r\u0103sirea cl\u0103dirii unde au fost repartiza\u0163i.<\/li><li>Candida\u021bii care \u0219i-au schimbat numele \u00eentre data \u00eenscrierii \u0219i data concursului vor avea asupra lor acte doveditoare: certificat de c\u0103s\u0103torie, hot\u0103r\u00e2re judec\u0103toreasc\u0103 etc.<\/li><li>Colectarea m\u0103\u0219tilor purtate se va face \u00een locuri speciale, semnalizate corespunz\u0103tor de organizatori.<\/li><\/ul>\n\n\n\n<h2 class=\"wp-block-heading\">Condi\u021bii de concurs<\/h2>\n\n\n\n<p>Accesul \u00een cl\u0103direa de concurs este permis doar celor care fac dovada:<\/p>\n\n\n\n<ul class=\"wp-block-list\"><li>vaccin\u0103rii \u00eempotriva virusului SARS-CoV-2 \u015fi pentru care au trecut 10 zile de la finalizarea schemei complete de vaccinare. <\/li><li>rezultat negativ al unui test RT-PCR pentru infec\u0163ia cu virusul SARS-CoV- 2 nu mai vechi de 72 de ore<\/li><li>rezultat negativ al unui test antigen rapid nu mai vechi de 48 de ore, efectuat de un furnizor de servicii medicale autorizat<\/li><li>se afl\u0103 \u00een perioada cuprins\u0103 \u00eentre a 15-a zi \u015fi a 180-a zi ulterioar\u0103 infect\u0103rii cu SARS-CoV-2.<\/li><\/ul>\n\n\n\n<h2 class=\"wp-block-heading\">Reziden\u021biat na\u021bional<\/h2>\n\n\n\n<p>La nivel na\u021bional, Reziden\u021biatul 2021 se organizeaz\u0103 \u00een 6 centre universitare: Bucure\u0219ti, Cluj Napoca, Craiova, Ia\u0219i, T\u00eergu Mure\u0219 \u0219i Timi\u0219oara. Sunt 12.564 de locuri, la toate cele 3 domenii  \u0219i 270 de posturi \u00een sistemul public de s\u0103n\u0103tate. <\/p>\n\n\n\n<p>Lista de locuri poate fi consultat\u0103 <a href=\"file:\/\/\/C:\/Users\/simona.carlugea\/Downloads\/20211121-posturi.pdf\">aici.<\/a><\/p>\n\n\n\n<p><\/p>\n\n\n\n<figure class=\"wp-block-table is-style-stripes\"><table><tbody><tr><td><strong>CENTRUL UNIVERSITAR<\/strong><\/td><td><strong>MEDICIN\u0102<\/strong><\/td><td><strong>MEDICIN\u0102 DENTAR\u0102<\/strong><\/td><td><strong>FARMACIE<\/strong><\/td><td><strong>TOTAL<\/strong><\/td><\/tr><tr><td><strong>BUCURE\u0218TI<\/strong><\/td><td><strong>1.974<\/strong><\/td><td><strong>1.045<\/strong><\/td><td><strong>1.541<\/strong><\/td><td><strong>4.560<\/strong><\/td><\/tr><tr><td><strong>CLUJ-NAPOCA<\/strong><\/td><td><strong>746<\/strong><\/td><td><strong>322<\/strong><\/td><td><strong>541<\/strong><\/td><td><strong>1.609<\/strong><\/td><\/tr><tr><td><strong>CRAIOVA<\/strong><\/td><td><strong>520<\/strong><\/td><td><strong>232<\/strong><\/td><td><strong>570<\/strong><\/td><td><strong>1.322<\/strong><\/td><\/tr><tr><td><strong>IA\u0218I<\/strong><\/td><td><strong>1.086<\/strong><\/td><td><strong>508<\/strong><\/td><td><strong>553<\/strong><\/td><td><strong>2.147<\/strong><\/td><\/tr><tr><td><strong>T\u00c2RGU MURE\u0218<\/strong><\/td><td><strong>532<\/strong><\/td><td><strong>234<\/strong><\/td><td><strong>399<\/strong><\/td><td><strong>1.165<\/strong><\/td><\/tr><tr><td><strong>TIMI\u0218OARA<\/strong><\/td><td><strong>898<\/strong><\/td><td><strong>336<\/strong><\/td><td><strong>527<\/strong><\/td><td><strong>1.761<\/strong><\/td><\/tr><tr><td><strong>Total<\/strong><\/td><td><strong>5.756<\/strong><\/td><td><strong>2.677<\/strong><\/td><td><strong>4.131<\/strong><\/td><td><strong>12.564<\/strong><\/td><\/tr><\/tbody><\/table><\/figure>\n\n\n\n<p>Cea mai mare concuren\u021b\u0103 este la Farmacie, 3,8 candida\u021bi pe un loc. La Stomatologie sunt 2,4 iar la Medicin\u0103 candideaz\u0103 1,46 candida\u021bi pe un loc.<\/p>\n","protected":false},"excerpt":{"rendered":"<p>Reziden\u021biatul 2021 \u00eencepe, duminic\u0103 21 noiembrie, la ora 7.00, \u00een toate cele 6 centre ce concurs din \u021bar\u0103. Cei 4.560 de candida\u021bii \u00eenscri\u0219i la UMF Bucure\u0219ti vor sus\u021bine concursul \u00een Pavilioanele Romexpo. La nivel na\u021bional sunt 12.564 de candida\u021bi care concureaz\u0103 pe 5.949 de locuri. Cea mai mare concuren\u021b\u0103 este la Farmacie, 3,8 candida\u021bi pe [&hellip;]<\/p>\n","protected":false},"author":18,"featured_media":34964,"comment_status":"closed","ping_status":"open","sticky":false,"template":"","format":"standard","meta":{"_acf_changed":false,"inline_featured_image":false,"ngg_post_thumbnail":0,"footnotes":""},"categories":[62],"tags":[9,3502,3501,2824],"ppma_author":[22579],"class_list":["post-34940","post","type-post","status-publish","format-standard","has-post-thumbnail","hentry","category-stiri","tag-bucuresti","tag-certificat-verde","tag-rezidentiat","tag-romexpo"],"acf":[],"yoast_head":"<!-- This site is optimized with the Yoast SEO Premium plugin v25.3 (Yoast SEO v27.5) - https:\/\/yoast.com\/product\/yoast-seo-premium-wordpress\/ -->\n<title>Reziden\u021biat la Romexpo. 4500 de candida\u021bi \u00eenscri\u0219i la Bucure\u0219ti - Buletin de Bucure\u0219ti<\/title>\n<meta name=\"description\" content=\"Reziden\u021biat la Romexpo, doar cu certificat verde. La Bucure\u0219ti sunt 4500 de candida\u021bi. La nivel na\u021bional sunt 12564 de candida\u021bi care concureaz\u0103 pe 5949 de locuri. Cea mai mare concuren\u021b\u0103 este la Farmacie, 6.4 candida\u021bi pe un loc. La Stomatologie sunt 2,5 candida\u021bi pe un loc iar la medicin\u0103 general\u0103 1,9.\" \/>\n<meta name=\"robots\" content=\"index, follow, max-snippet:-1, max-image-preview:large, max-video-preview:-1\" \/>\n<link rel=\"canonical\" href=\"https:\/\/buletin.de\/bucuresti\/rezidentiat-la-romexpo-4500-de-candidati-inscrisi-la-bucuresti\/\" \/>\n<meta property=\"og:locale\" content=\"en_GB\" \/>\n<meta property=\"og:type\" content=\"article\" \/>\n<meta property=\"og:title\" content=\"Reziden\u021biat la Romexpo. 4500 de candida\u021bi \u00eenscri\u0219i la Bucure\u0219ti\" \/>\n<meta property=\"og:description\" content=\"Reziden\u021biat la Romexpo, doar cu certificat verde. La Bucure\u0219ti sunt 4500 de candida\u021bi. La nivel na\u021bional sunt 12564 de candida\u021bi care concureaz\u0103 pe 5949 de locuri. Cea mai mare concuren\u021b\u0103 este la Farmacie, 6.4 candida\u021bi pe un loc. La Stomatologie sunt 2,5 candida\u021bi pe un loc iar la medicin\u0103 general\u0103 1,9.\" \/>\n<meta property=\"og:url\" content=\"https:\/\/buletin.de\/bucuresti\/rezidentiat-la-romexpo-4500-de-candidati-inscrisi-la-bucuresti\/\" \/>\n<meta property=\"og:site_name\" content=\"Buletin de Bucure\u0219ti\" \/>\n<meta property=\"article:publisher\" content=\"https:\/\/www.facebook.com\/buletin.de.buc\" \/>\n<meta property=\"article:published_time\" content=\"2021-11-19T09:39:41+00:00\" \/>\n<meta property=\"article:modified_time\" content=\"2021-11-19T10:02:39+00:00\" \/>\n<meta property=\"og:image\" content=\"https:\/\/buletin.de\/bucuresti\/wp-content\/uploads\/Bucuresti_Romania._ROMEXPO._2_Iunie_2018.jpg\" \/>\n\t<meta property=\"og:image:width\" content=\"2000\" \/>\n\t<meta property=\"og:image:height\" content=\"1500\" \/>\n\t<meta property=\"og:image:type\" content=\"image\/jpeg\" \/>\n<meta name=\"author\" content=\"Teodora Stroe\" \/>\n<meta name=\"twitter:card\" content=\"summary_large_image\" \/>\n<meta name=\"twitter:label1\" content=\"Written by\" \/>\n\t<meta name=\"twitter:data1\" content=\"Teodora Stroe\" \/>\n\t<meta name=\"twitter:label2\" content=\"Estimated reading time\" \/>\n\t<meta name=\"twitter:data2\" content=\"3 minutes\" \/>\n<script type=\"application\/ld+json\" class=\"yoast-schema-graph\">{\"@context\":\"https:\\\/\\\/schema.org\",\"@graph\":[{\"@type\":\"Article\",\"@id\":\"https:\\\/\\\/buletin.de\\\/bucuresti\\\/rezidentiat-la-romexpo-4500-de-candidati-inscrisi-la-bucuresti\\\/#article\",\"isPartOf\":{\"@id\":\"https:\\\/\\\/buletin.de\\\/bucuresti\\\/rezidentiat-la-romexpo-4500-de-candidati-inscrisi-la-bucuresti\\\/\"},\"author\":{\"name\":\"Teodora Stroe\",\"@id\":\"https:\\\/\\\/buletin.de\\\/bucuresti\\\/#\\\/schema\\\/person\\\/d369d7ddc775abece205795e0b804614\"},\"headline\":\"Reziden\u021biat la Romexpo. 4500 de candida\u021bi \u00eenscri\u0219i la Bucure\u0219ti\",\"datePublished\":\"2021-11-19T09:39:41+00:00\",\"dateModified\":\"2021-11-19T10:02:39+00:00\",\"mainEntityOfPage\":{\"@id\":\"https:\\\/\\\/buletin.de\\\/bucuresti\\\/rezidentiat-la-romexpo-4500-de-candidati-inscrisi-la-bucuresti\\\/\"},\"wordCount\":507,\"publisher\":{\"@id\":\"https:\\\/\\\/buletin.de\\\/bucuresti\\\/#organization\"},\"image\":{\"@id\":\"https:\\\/\\\/buletin.de\\\/bucuresti\\\/rezidentiat-la-romexpo-4500-de-candidati-inscrisi-la-bucuresti\\\/#primaryimage\"},\"thumbnailUrl\":\"https:\\\/\\\/buletin.de\\\/bucuresti\\\/wp-content\\\/uploads\\\/Bucuresti_Romania._ROMEXPO._2_Iunie_2018.jpg\",\"keywords\":[\"bucuresti\",\"certificat verde\",\"rezidentiat\",\"romexpo\"],\"articleSection\":[\"\u0218tiri\"],\"inLanguage\":\"en-GB\",\"copyrightYear\":\"2021\",\"copyrightHolder\":{\"@id\":\"https:\\\/\\\/buletin.de\\\/bucuresti\\\/#organization\"}},{\"@type\":\"WebPage\",\"@id\":\"https:\\\/\\\/buletin.de\\\/bucuresti\\\/rezidentiat-la-romexpo-4500-de-candidati-inscrisi-la-bucuresti\\\/\",\"url\":\"https:\\\/\\\/buletin.de\\\/bucuresti\\\/rezidentiat-la-romexpo-4500-de-candidati-inscrisi-la-bucuresti\\\/\",\"name\":\"Reziden\u021biat la Romexpo. 4500 de candida\u021bi \u00eenscri\u0219i la Bucure\u0219ti - Buletin de Bucure\u0219ti\",\"isPartOf\":{\"@id\":\"https:\\\/\\\/buletin.de\\\/bucuresti\\\/#website\"},\"primaryImageOfPage\":{\"@id\":\"https:\\\/\\\/buletin.de\\\/bucuresti\\\/rezidentiat-la-romexpo-4500-de-candidati-inscrisi-la-bucuresti\\\/#primaryimage\"},\"image\":{\"@id\":\"https:\\\/\\\/buletin.de\\\/bucuresti\\\/rezidentiat-la-romexpo-4500-de-candidati-inscrisi-la-bucuresti\\\/#primaryimage\"},\"thumbnailUrl\":\"https:\\\/\\\/buletin.de\\\/bucuresti\\\/wp-content\\\/uploads\\\/Bucuresti_Romania._ROMEXPO._2_Iunie_2018.jpg\",\"datePublished\":\"2021-11-19T09:39:41+00:00\",\"dateModified\":\"2021-11-19T10:02:39+00:00\",\"description\":\"Reziden\u021biat la Romexpo, doar cu certificat verde. La Bucure\u0219ti sunt 4500 de candida\u021bi. La nivel na\u021bional sunt 12564 de candida\u021bi care concureaz\u0103 pe 5949 de locuri. Cea mai mare concuren\u021b\u0103 este la Farmacie, 6.4 candida\u021bi pe un loc. La Stomatologie sunt 2,5 candida\u021bi pe un loc iar la medicin\u0103 general\u0103 1,9.\",\"breadcrumb\":{\"@id\":\"https:\\\/\\\/buletin.de\\\/bucuresti\\\/rezidentiat-la-romexpo-4500-de-candidati-inscrisi-la-bucuresti\\\/#breadcrumb\"},\"inLanguage\":\"en-GB\",\"potentialAction\":[{\"@type\":\"ReadAction\",\"target\":[\"https:\\\/\\\/buletin.de\\\/bucuresti\\\/rezidentiat-la-romexpo-4500-de-candidati-inscrisi-la-bucuresti\\\/\"]}]},{\"@type\":\"ImageObject\",\"inLanguage\":\"en-GB\",\"@id\":\"https:\\\/\\\/buletin.de\\\/bucuresti\\\/rezidentiat-la-romexpo-4500-de-candidati-inscrisi-la-bucuresti\\\/#primaryimage\",\"url\":\"https:\\\/\\\/buletin.de\\\/bucuresti\\\/wp-content\\\/uploads\\\/Bucuresti_Romania._ROMEXPO._2_Iunie_2018.jpg\",\"contentUrl\":\"https:\\\/\\\/buletin.de\\\/bucuresti\\\/wp-content\\\/uploads\\\/Bucuresti_Romania._ROMEXPO._2_Iunie_2018.jpg\",\"width\":2000,\"height\":1500},{\"@type\":\"BreadcrumbList\",\"@id\":\"https:\\\/\\\/buletin.de\\\/bucuresti\\\/rezidentiat-la-romexpo-4500-de-candidati-inscrisi-la-bucuresti\\\/#breadcrumb\",\"itemListElement\":[{\"@type\":\"ListItem\",\"position\":1,\"name\":\"Acas\u0103\",\"item\":\"https:\\\/\\\/buletin.de\\\/bucuresti\\\/\"},{\"@type\":\"ListItem\",\"position\":2,\"name\":\"Reziden\u021biat la Romexpo. 4500 de candida\u021bi \u00eenscri\u0219i la Bucure\u0219ti\"}]},{\"@type\":\"WebSite\",\"@id\":\"https:\\\/\\\/buletin.de\\\/bucuresti\\\/#website\",\"url\":\"https:\\\/\\\/buletin.de\\\/bucuresti\\\/\",\"name\":\"Buletin de Bucure\u0219ti\",\"description\":\"\u0218tiri \u0219i investiga\u021bii esen\u021biale din capital\u0103\",\"publisher\":{\"@id\":\"https:\\\/\\\/buletin.de\\\/bucuresti\\\/#organization\"},\"potentialAction\":[{\"@type\":\"SearchAction\",\"target\":{\"@type\":\"EntryPoint\",\"urlTemplate\":\"https:\\\/\\\/buletin.de\\\/bucuresti\\\/?s={search_term_string}\"},\"query-input\":{\"@type\":\"PropertyValueSpecification\",\"valueRequired\":true,\"valueName\":\"search_term_string\"}}],\"inLanguage\":\"en-GB\"},{\"@type\":\"Organization\",\"@id\":\"https:\\\/\\\/buletin.de\\\/bucuresti\\\/#organization\",\"name\":\"Buletin de Bucure\u0219ti\",\"url\":\"https:\\\/\\\/buletin.de\\\/bucuresti\\\/\",\"logo\":{\"@type\":\"ImageObject\",\"inLanguage\":\"en-GB\",\"@id\":\"https:\\\/\\\/buletin.de\\\/bucuresti\\\/#\\\/schema\\\/logo\\\/image\\\/\",\"url\":\"https:\\\/\\\/buletin.de\\\/bucuresti\\\/wp-content\\\/uploads\\\/logo-bdb-full-wide-vernil-transparent.png\",\"contentUrl\":\"https:\\\/\\\/buletin.de\\\/bucuresti\\\/wp-content\\\/uploads\\\/logo-bdb-full-wide-vernil-transparent.png\",\"width\":1782,\"height\":626,\"caption\":\"Buletin de Bucure\u0219ti\"},\"image\":{\"@id\":\"https:\\\/\\\/buletin.de\\\/bucuresti\\\/#\\\/schema\\\/logo\\\/image\\\/\"},\"sameAs\":[\"https:\\\/\\\/www.facebook.com\\\/buletin.de.buc\",\"https:\\\/\\\/www.instagram.com\\\/buletinde.bucuresti\\\/\"]},{\"@type\":\"Person\",\"@id\":\"https:\\\/\\\/buletin.de\\\/bucuresti\\\/#\\\/schema\\\/person\\\/d369d7ddc775abece205795e0b804614\",\"name\":\"Teodora Stroe\",\"image\":{\"@type\":\"ImageObject\",\"inLanguage\":\"en-GB\",\"@id\":\"https:\\\/\\\/secure.gravatar.com\\\/avatar\\\/2560b4cd9f5f1bc100b123158e657d75584bd1c3e1d9c69285720b9457c1b78d?s=96&d=monsterid&r=gc104800242ba5f2d78dd5d7dc4df08b6\",\"url\":\"https:\\\/\\\/secure.gravatar.com\\\/avatar\\\/2560b4cd9f5f1bc100b123158e657d75584bd1c3e1d9c69285720b9457c1b78d?s=96&d=monsterid&r=g\",\"contentUrl\":\"https:\\\/\\\/secure.gravatar.com\\\/avatar\\\/2560b4cd9f5f1bc100b123158e657d75584bd1c3e1d9c69285720b9457c1b78d?s=96&d=monsterid&r=g\",\"caption\":\"Teodora Stroe\"},\"url\":\"https:\\\/\\\/buletin.de\\\/bucuresti\\\/author\\\/simonacarlugea\\\/\"}]}<\/script>\n<!-- \/ Yoast SEO Premium plugin. -->","yoast_head_json":{"title":"Reziden\u021biat la Romexpo. 4500 de candida\u021bi \u00eenscri\u0219i la Bucure\u0219ti - Buletin de Bucure\u0219ti","description":"Reziden\u021biat la Romexpo, doar cu certificat verde. La Bucure\u0219ti sunt 4500 de candida\u021bi. La nivel na\u021bional sunt 12564 de candida\u021bi care concureaz\u0103 pe 5949 de locuri. Cea mai mare concuren\u021b\u0103 este la Farmacie, 6.4 candida\u021bi pe un loc. La Stomatologie sunt 2,5 candida\u021bi pe un loc iar la medicin\u0103 general\u0103 1,9.","robots":{"index":"index","follow":"follow","max-snippet":"max-snippet:-1","max-image-preview":"max-image-preview:large","max-video-preview":"max-video-preview:-1"},"canonical":"https:\/\/buletin.de\/bucuresti\/rezidentiat-la-romexpo-4500-de-candidati-inscrisi-la-bucuresti\/","og_locale":"en_GB","og_type":"article","og_title":"Reziden\u021biat la Romexpo. 4500 de candida\u021bi \u00eenscri\u0219i la Bucure\u0219ti","og_description":"Reziden\u021biat la Romexpo, doar cu certificat verde. La Bucure\u0219ti sunt 4500 de candida\u021bi. La nivel na\u021bional sunt 12564 de candida\u021bi care concureaz\u0103 pe 5949 de locuri. Cea mai mare concuren\u021b\u0103 este la Farmacie, 6.4 candida\u021bi pe un loc. La Stomatologie sunt 2,5 candida\u021bi pe un loc iar la medicin\u0103 general\u0103 1,9.","og_url":"https:\/\/buletin.de\/bucuresti\/rezidentiat-la-romexpo-4500-de-candidati-inscrisi-la-bucuresti\/","og_site_name":"Buletin de Bucure\u0219ti","article_publisher":"https:\/\/www.facebook.com\/buletin.de.buc","article_published_time":"2021-11-19T09:39:41+00:00","article_modified_time":"2021-11-19T10:02:39+00:00","og_image":[{"width":2000,"height":1500,"url":"https:\/\/buletin.de\/bucuresti\/wp-content\/uploads\/Bucuresti_Romania._ROMEXPO._2_Iunie_2018.jpg","type":"image\/jpeg"}],"author":"Teodora Stroe","twitter_card":"summary_large_image","twitter_misc":{"Written by":"Teodora Stroe","Estimated reading time":"3 minutes"},"schema":{"@context":"https:\/\/schema.org","@graph":[{"@type":"Article","@id":"https:\/\/buletin.de\/bucuresti\/rezidentiat-la-romexpo-4500-de-candidati-inscrisi-la-bucuresti\/#article","isPartOf":{"@id":"https:\/\/buletin.de\/bucuresti\/rezidentiat-la-romexpo-4500-de-candidati-inscrisi-la-bucuresti\/"},"author":{"name":"Teodora Stroe","@id":"https:\/\/buletin.de\/bucuresti\/#\/schema\/person\/d369d7ddc775abece205795e0b804614"},"headline":"Reziden\u021biat la Romexpo. 4500 de candida\u021bi \u00eenscri\u0219i la Bucure\u0219ti","datePublished":"2021-11-19T09:39:41+00:00","dateModified":"2021-11-19T10:02:39+00:00","mainEntityOfPage":{"@id":"https:\/\/buletin.de\/bucuresti\/rezidentiat-la-romexpo-4500-de-candidati-inscrisi-la-bucuresti\/"},"wordCount":507,"publisher":{"@id":"https:\/\/buletin.de\/bucuresti\/#organization"},"image":{"@id":"https:\/\/buletin.de\/bucuresti\/rezidentiat-la-romexpo-4500-de-candidati-inscrisi-la-bucuresti\/#primaryimage"},"thumbnailUrl":"https:\/\/buletin.de\/bucuresti\/wp-content\/uploads\/Bucuresti_Romania._ROMEXPO._2_Iunie_2018.jpg","keywords":["bucuresti","certificat verde","rezidentiat","romexpo"],"articleSection":["\u0218tiri"],"inLanguage":"en-GB","copyrightYear":"2021","copyrightHolder":{"@id":"https:\/\/buletin.de\/bucuresti\/#organization"}},{"@type":"WebPage","@id":"https:\/\/buletin.de\/bucuresti\/rezidentiat-la-romexpo-4500-de-candidati-inscrisi-la-bucuresti\/","url":"https:\/\/buletin.de\/bucuresti\/rezidentiat-la-romexpo-4500-de-candidati-inscrisi-la-bucuresti\/","name":"Reziden\u021biat la Romexpo. 4500 de candida\u021bi \u00eenscri\u0219i la Bucure\u0219ti - Buletin de Bucure\u0219ti","isPartOf":{"@id":"https:\/\/buletin.de\/bucuresti\/#website"},"primaryImageOfPage":{"@id":"https:\/\/buletin.de\/bucuresti\/rezidentiat-la-romexpo-4500-de-candidati-inscrisi-la-bucuresti\/#primaryimage"},"image":{"@id":"https:\/\/buletin.de\/bucuresti\/rezidentiat-la-romexpo-4500-de-candidati-inscrisi-la-bucuresti\/#primaryimage"},"thumbnailUrl":"https:\/\/buletin.de\/bucuresti\/wp-content\/uploads\/Bucuresti_Romania._ROMEXPO._2_Iunie_2018.jpg","datePublished":"2021-11-19T09:39:41+00:00","dateModified":"2021-11-19T10:02:39+00:00","description":"Reziden\u021biat la Romexpo, doar cu certificat verde. La Bucure\u0219ti sunt 4500 de candida\u021bi. La nivel na\u021bional sunt 12564 de candida\u021bi care concureaz\u0103 pe 5949 de locuri. Cea mai mare concuren\u021b\u0103 este la Farmacie, 6.4 candida\u021bi pe un loc. La Stomatologie sunt 2,5 candida\u021bi pe un loc iar la medicin\u0103 general\u0103 1,9.","breadcrumb":{"@id":"https:\/\/buletin.de\/bucuresti\/rezidentiat-la-romexpo-4500-de-candidati-inscrisi-la-bucuresti\/#breadcrumb"},"inLanguage":"en-GB","potentialAction":[{"@type":"ReadAction","target":["https:\/\/buletin.de\/bucuresti\/rezidentiat-la-romexpo-4500-de-candidati-inscrisi-la-bucuresti\/"]}]},{"@type":"ImageObject","inLanguage":"en-GB","@id":"https:\/\/buletin.de\/bucuresti\/rezidentiat-la-romexpo-4500-de-candidati-inscrisi-la-bucuresti\/#primaryimage","url":"https:\/\/buletin.de\/bucuresti\/wp-content\/uploads\/Bucuresti_Romania._ROMEXPO._2_Iunie_2018.jpg","contentUrl":"https:\/\/buletin.de\/bucuresti\/wp-content\/uploads\/Bucuresti_Romania._ROMEXPO._2_Iunie_2018.jpg","width":2000,"height":1500},{"@type":"BreadcrumbList","@id":"https:\/\/buletin.de\/bucuresti\/rezidentiat-la-romexpo-4500-de-candidati-inscrisi-la-bucuresti\/#breadcrumb","itemListElement":[{"@type":"ListItem","position":1,"name":"Acas\u0103","item":"https:\/\/buletin.de\/bucuresti\/"},{"@type":"ListItem","position":2,"name":"Reziden\u021biat la Romexpo. 4500 de candida\u021bi \u00eenscri\u0219i la Bucure\u0219ti"}]},{"@type":"WebSite","@id":"https:\/\/buletin.de\/bucuresti\/#website","url":"https:\/\/buletin.de\/bucuresti\/","name":"Buletin de Bucure\u0219ti","description":"\u0218tiri \u0219i investiga\u021bii esen\u021biale din capital\u0103","publisher":{"@id":"https:\/\/buletin.de\/bucuresti\/#organization"},"potentialAction":[{"@type":"SearchAction","target":{"@type":"EntryPoint","urlTemplate":"https:\/\/buletin.de\/bucuresti\/?s={search_term_string}"},"query-input":{"@type":"PropertyValueSpecification","valueRequired":true,"valueName":"search_term_string"}}],"inLanguage":"en-GB"},{"@type":"Organization","@id":"https:\/\/buletin.de\/bucuresti\/#organization","name":"Buletin de Bucure\u0219ti","url":"https:\/\/buletin.de\/bucuresti\/","logo":{"@type":"ImageObject","inLanguage":"en-GB","@id":"https:\/\/buletin.de\/bucuresti\/#\/schema\/logo\/image\/","url":"https:\/\/buletin.de\/bucuresti\/wp-content\/uploads\/logo-bdb-full-wide-vernil-transparent.png","contentUrl":"https:\/\/buletin.de\/bucuresti\/wp-content\/uploads\/logo-bdb-full-wide-vernil-transparent.png","width":1782,"height":626,"caption":"Buletin de Bucure\u0219ti"},"image":{"@id":"https:\/\/buletin.de\/bucuresti\/#\/schema\/logo\/image\/"},"sameAs":["https:\/\/www.facebook.com\/buletin.de.buc","https:\/\/www.instagram.com\/buletinde.bucuresti\/"]},{"@type":"Person","@id":"https:\/\/buletin.de\/bucuresti\/#\/schema\/person\/d369d7ddc775abece205795e0b804614","name":"Teodora Stroe","image":{"@type":"ImageObject","inLanguage":"en-GB","@id":"https:\/\/secure.gravatar.com\/avatar\/2560b4cd9f5f1bc100b123158e657d75584bd1c3e1d9c69285720b9457c1b78d?s=96&d=monsterid&r=gc104800242ba5f2d78dd5d7dc4df08b6","url":"https:\/\/secure.gravatar.com\/avatar\/2560b4cd9f5f1bc100b123158e657d75584bd1c3e1d9c69285720b9457c1b78d?s=96&d=monsterid&r=g","contentUrl":"https:\/\/secure.gravatar.com\/avatar\/2560b4cd9f5f1bc100b123158e657d75584bd1c3e1d9c69285720b9457c1b78d?s=96&d=monsterid&r=g","caption":"Teodora Stroe"},"url":"https:\/\/buletin.de\/bucuresti\/author\/simonacarlugea\/"}]}},"authors":[{"term_id":22579,"user_id":18,"is_guest":0,"slug":"simonacarlugea","display_name":"Teodora Stroe","avatar_url":"https:\/\/secure.gravatar.com\/avatar\/2560b4cd9f5f1bc100b123158e657d75584bd1c3e1d9c69285720b9457c1b78d?s=96&d=monsterid&r=g","0":null,"1":"","2":"","3":"","4":"","5":"","6":"","7":"","8":""}],"_links":{"self":[{"href":"https:\/\/buletin.de\/bucuresti\/wp-json\/wp\/v2\/posts\/34940","targetHints":{"allow":["GET"]}}],"collection":[{"href":"https:\/\/buletin.de\/bucuresti\/wp-json\/wp\/v2\/posts"}],"about":[{"href":"https:\/\/buletin.de\/bucuresti\/wp-json\/wp\/v2\/types\/post"}],"author":[{"embeddable":true,"href":"https:\/\/buletin.de\/bucuresti\/wp-json\/wp\/v2\/users\/18"}],"replies":[{"embeddable":true,"href":"https:\/\/buletin.de\/bucuresti\/wp-json\/wp\/v2\/comments?post=34940"}],"version-history":[{"count":17,"href":"https:\/\/buletin.de\/bucuresti\/wp-json\/wp\/v2\/posts\/34940\/revisions"}],"predecessor-version":[{"id":34968,"href":"https:\/\/buletin.de\/bucuresti\/wp-json\/wp\/v2\/posts\/34940\/revisions\/34968"}],"wp:featuredmedia":[{"embeddable":true,"href":"https:\/\/buletin.de\/bucuresti\/wp-json\/wp\/v2\/media\/34964"}],"wp:attachment":[{"href":"https:\/\/buletin.de\/bucuresti\/wp-json\/wp\/v2\/media?parent=34940"}],"wp:term":[{"taxonomy":"category","embeddable":true,"href":"https:\/\/buletin.de\/bucuresti\/wp-json\/wp\/v2\/categories?post=34940"},{"taxonomy":"post_tag","embeddable":true,"href":"https:\/\/buletin.de\/bucuresti\/wp-json\/wp\/v2\/tags?post=34940"},{"taxonomy":"author","embeddable":true,"href":"https:\/\/buletin.de\/bucuresti\/wp-json\/wp\/v2\/ppma_author?post=34940"}],"curies":[{"name":"wp","href":"https:\/\/api.w.org\/{rel}","templated":true}]}}