{"id":34831,"date":"2021-11-18T13:27:45","date_gmt":"2021-11-18T11:27:45","guid":{"rendered":"https:\/\/buletin.de\/bucuresti\/?p=34831"},"modified":"2021-11-18T13:46:47","modified_gmt":"2021-11-18T11:46:47","slug":"dosare-penale-in-bucuresti-pentru-172-de-persoane-care-au-utilizat-certificate-covid-19-posibil-false","status":"publish","type":"post","link":"https:\/\/buletin.de\/bucuresti\/dosare-penale-in-bucuresti-pentru-172-de-persoane-care-au-utilizat-certificate-covid-19-posibil-false\/","title":{"rendered":"Dosare penale \u00een Bucure\u0219ti pentru 172 de persoane care au utilizat certificate Covid-19 posibil false"},"content":{"rendered":"\n<p><strong><em>Politi\u0219tii Direc\u021biei Generale de Poli\u021bie a Municipiului Bucure\u0219ti (DGPMB) au identificat 172 de persoane care au utilizat certificate Covid-19 cu privire la care exist\u0103 suspiciuni c\u0103 ar con\u021bine date nereale.<\/em><\/strong><\/p>\n\n\n\n<p>Au fost deschise dosare penale \u00een care se efectueaz\u0103 cercet\u0103ri sub supravegherea unit\u0103\u021bilor de parchet, conform informa\u021biilor transmise de DGPMB pentru Buletin de Bucure\u0219ti.<\/p>\n\n\n\n<p>Fenomenul certificatelor verzi false nu se limiteaz\u0103 la Capital\u0103, ci este prezent \u00een toat\u0103 \u021bara. \u00cen urm\u0103 cu dou\u0103 zile, procurorii DNA au f\u0103cut perchezi\u021bii \u00een Bihor \u0219i Satu Mare \u00eentr-un dosar care vizeaz\u0103 eliberarea de c\u00e2teva mii de certificate false de vaccinare.<\/p>\n\n\n\n<p>La final de octombrie, centrul de vaccinare Neghini\u021b\u0103, din Sectorul 2, s-a \u00eenchis temporar dup\u0103 ce au ap\u0103rut suspiciuni c\u0103 din acest centru au fost eliberate mai multe <a href=\"https:\/\/buletin.de\/bucuresti\/suspiciuni-de-vaccinare-fictiva-la-centrul-neghinita-din-sectorul-2-178-de-persoane-vor-fi-audiate\/\">certificate false de vaccinare.<\/a>&nbsp;Conform anchetatorilor, \u00een luna august 2021 au \u00eenceput cercet\u0103rile legate de activitatea mai multor func\u021bionari publici deta\u0219a\u021bi la Centrul Neghini\u021b\u0103, care au \u00eenlocuit datele unor persoane vaccinate \u00eempotriva Covid-19 cu date ale unor persoane care nu au fost vaccinate \u00een realitate, av\u00e2nd ca scop ob\u021binerea frauduloas\u0103 a documentelor care s\u0103 ateste vaccinarea.<\/p>\n\n\n\n<p>Surs\u0103 cover: Facebook RO Vaccinare<\/p>\n","protected":false},"excerpt":{"rendered":"<p>Politi\u0219tii Direc\u021biei Generale de Poli\u021bie a Municipiului Bucure\u0219ti (DGPMB) au identificat 172 de persoane care au utilizat certificate Covid-19 cu privire la care exist\u0103 suspiciuni c\u0103 ar con\u021bine date nereale. Au fost deschise dosare penale \u00een care se efectueaz\u0103 cercet\u0103ri sub supravegherea unit\u0103\u021bilor de parchet, conform informa\u021biilor transmise de DGPMB pentru Buletin de Bucure\u0219ti. Fenomenul [&hellip;]<\/p>\n","protected":false},"author":6,"featured_media":34832,"comment_status":"closed","ping_status":"open","sticky":false,"template":"","format":"standard","meta":{"_acf_changed":false,"inline_featured_image":false,"ngg_post_thumbnail":0,"footnotes":""},"categories":[996],"tags":[3485,3486,3484],"ppma_author":[22588],"class_list":["post-34831","post","type-post","status-publish","format-standard","has-post-thumbnail","hentry","category-covid-19","tag-certificate-covid-19","tag-certificate-covid-false-bucuresti","tag-certificate-verzi-false"],"acf":[],"yoast_head":"<!-- This site is optimized with the Yoast SEO Premium plugin v25.3 (Yoast SEO v27.5) - https:\/\/yoast.com\/product\/yoast-seo-premium-wordpress\/ -->\n<title>Dosare penale \u00een Bucure\u0219ti pentru 172 de persoane care au utilizat certificate Covid-19 posibil false - Buletin de Bucure\u0219ti<\/title>\n<meta name=\"robots\" content=\"index, follow, max-snippet:-1, max-image-preview:large, max-video-preview:-1\" \/>\n<link rel=\"canonical\" href=\"https:\/\/buletin.de\/bucuresti\/dosare-penale-in-bucuresti-pentru-172-de-persoane-care-au-utilizat-certificate-covid-19-posibil-false\/\" \/>\n<meta property=\"og:locale\" content=\"en_GB\" \/>\n<meta property=\"og:type\" content=\"article\" \/>\n<meta property=\"og:title\" content=\"Dosare penale \u00een Bucure\u0219ti pentru 172 de persoane care au utilizat certificate Covid-19 posibil false\" \/>\n<meta property=\"og:description\" content=\"Politi\u0219tii Direc\u021biei Generale de Poli\u021bie a Municipiului Bucure\u0219ti (DGPMB) au identificat 172 de persoane care au utilizat certificate Covid-19 cu privire la care exist\u0103 suspiciuni c\u0103 ar con\u021bine date nereale. Au fost deschise dosare penale \u00een care se efectueaz\u0103 cercet\u0103ri sub supravegherea unit\u0103\u021bilor de parchet, conform informa\u021biilor transmise de DGPMB pentru Buletin de Bucure\u0219ti. Fenomenul [&hellip;]\" \/>\n<meta property=\"og:url\" content=\"https:\/\/buletin.de\/bucuresti\/dosare-penale-in-bucuresti-pentru-172-de-persoane-care-au-utilizat-certificate-covid-19-posibil-false\/\" \/>\n<meta property=\"og:site_name\" content=\"Buletin de Bucure\u0219ti\" \/>\n<meta property=\"article:publisher\" content=\"https:\/\/www.facebook.com\/buletin.de.buc\" \/>\n<meta property=\"article:published_time\" content=\"2021-11-18T11:27:45+00:00\" \/>\n<meta property=\"article:modified_time\" content=\"2021-11-18T11:46:47+00:00\" \/>\n<meta property=\"og:image\" content=\"https:\/\/buletin.de\/bucuresti\/wp-content\/uploads\/161459099_141680107845740_5567083788575035626_n.jpg\" \/>\n\t<meta property=\"og:image:width\" content=\"1130\" \/>\n\t<meta property=\"og:image:height\" content=\"724\" \/>\n\t<meta property=\"og:image:type\" content=\"image\/jpeg\" \/>\n<meta name=\"author\" content=\"Bianca Albu\" \/>\n<meta name=\"twitter:card\" content=\"summary_large_image\" \/>\n<meta name=\"twitter:label1\" content=\"Written by\" \/>\n\t<meta name=\"twitter:data1\" content=\"Bianca Albu\" \/>\n\t<meta name=\"twitter:label2\" content=\"Estimated reading time\" \/>\n\t<meta name=\"twitter:data2\" content=\"1 minute\" \/>\n<script type=\"application\/ld+json\" class=\"yoast-schema-graph\">{\"@context\":\"https:\\\/\\\/schema.org\",\"@graph\":[{\"@type\":\"Article\",\"@id\":\"https:\\\/\\\/buletin.de\\\/bucuresti\\\/dosare-penale-in-bucuresti-pentru-172-de-persoane-care-au-utilizat-certificate-covid-19-posibil-false\\\/#article\",\"isPartOf\":{\"@id\":\"https:\\\/\\\/buletin.de\\\/bucuresti\\\/dosare-penale-in-bucuresti-pentru-172-de-persoane-care-au-utilizat-certificate-covid-19-posibil-false\\\/\"},\"author\":{\"name\":\"Bianca Albu\",\"@id\":\"https:\\\/\\\/buletin.de\\\/bucuresti\\\/#\\\/schema\\\/person\\\/295dc2228d2dc79294d636619468dc7f\"},\"headline\":\"Dosare penale \u00een Bucure\u0219ti pentru 172 de persoane care au utilizat certificate Covid-19 posibil false\",\"datePublished\":\"2021-11-18T11:27:45+00:00\",\"dateModified\":\"2021-11-18T11:46:47+00:00\",\"mainEntityOfPage\":{\"@id\":\"https:\\\/\\\/buletin.de\\\/bucuresti\\\/dosare-penale-in-bucuresti-pentru-172-de-persoane-care-au-utilizat-certificate-covid-19-posibil-false\\\/\"},\"wordCount\":218,\"publisher\":{\"@id\":\"https:\\\/\\\/buletin.de\\\/bucuresti\\\/#organization\"},\"image\":{\"@id\":\"https:\\\/\\\/buletin.de\\\/bucuresti\\\/dosare-penale-in-bucuresti-pentru-172-de-persoane-care-au-utilizat-certificate-covid-19-posibil-false\\\/#primaryimage\"},\"thumbnailUrl\":\"https:\\\/\\\/buletin.de\\\/bucuresti\\\/wp-content\\\/uploads\\\/161459099_141680107845740_5567083788575035626_n.jpg\",\"keywords\":[\"certificate covid 19\",\"certificate covid false bucuresti\",\"certificate verzi false\"],\"articleSection\":[\"Covid-19\"],\"inLanguage\":\"en-GB\",\"copyrightYear\":\"2021\",\"copyrightHolder\":{\"@id\":\"https:\\\/\\\/buletin.de\\\/bucuresti\\\/#organization\"}},{\"@type\":\"WebPage\",\"@id\":\"https:\\\/\\\/buletin.de\\\/bucuresti\\\/dosare-penale-in-bucuresti-pentru-172-de-persoane-care-au-utilizat-certificate-covid-19-posibil-false\\\/\",\"url\":\"https:\\\/\\\/buletin.de\\\/bucuresti\\\/dosare-penale-in-bucuresti-pentru-172-de-persoane-care-au-utilizat-certificate-covid-19-posibil-false\\\/\",\"name\":\"Dosare penale \u00een Bucure\u0219ti pentru 172 de persoane care au utilizat certificate Covid-19 posibil false - Buletin de Bucure\u0219ti\",\"isPartOf\":{\"@id\":\"https:\\\/\\\/buletin.de\\\/bucuresti\\\/#website\"},\"primaryImageOfPage\":{\"@id\":\"https:\\\/\\\/buletin.de\\\/bucuresti\\\/dosare-penale-in-bucuresti-pentru-172-de-persoane-care-au-utilizat-certificate-covid-19-posibil-false\\\/#primaryimage\"},\"image\":{\"@id\":\"https:\\\/\\\/buletin.de\\\/bucuresti\\\/dosare-penale-in-bucuresti-pentru-172-de-persoane-care-au-utilizat-certificate-covid-19-posibil-false\\\/#primaryimage\"},\"thumbnailUrl\":\"https:\\\/\\\/buletin.de\\\/bucuresti\\\/wp-content\\\/uploads\\\/161459099_141680107845740_5567083788575035626_n.jpg\",\"datePublished\":\"2021-11-18T11:27:45+00:00\",\"dateModified\":\"2021-11-18T11:46:47+00:00\",\"breadcrumb\":{\"@id\":\"https:\\\/\\\/buletin.de\\\/bucuresti\\\/dosare-penale-in-bucuresti-pentru-172-de-persoane-care-au-utilizat-certificate-covid-19-posibil-false\\\/#breadcrumb\"},\"inLanguage\":\"en-GB\",\"potentialAction\":[{\"@type\":\"ReadAction\",\"target\":[\"https:\\\/\\\/buletin.de\\\/bucuresti\\\/dosare-penale-in-bucuresti-pentru-172-de-persoane-care-au-utilizat-certificate-covid-19-posibil-false\\\/\"]}]},{\"@type\":\"ImageObject\",\"inLanguage\":\"en-GB\",\"@id\":\"https:\\\/\\\/buletin.de\\\/bucuresti\\\/dosare-penale-in-bucuresti-pentru-172-de-persoane-care-au-utilizat-certificate-covid-19-posibil-false\\\/#primaryimage\",\"url\":\"https:\\\/\\\/buletin.de\\\/bucuresti\\\/wp-content\\\/uploads\\\/161459099_141680107845740_5567083788575035626_n.jpg\",\"contentUrl\":\"https:\\\/\\\/buletin.de\\\/bucuresti\\\/wp-content\\\/uploads\\\/161459099_141680107845740_5567083788575035626_n.jpg\",\"width\":1130,\"height\":724},{\"@type\":\"BreadcrumbList\",\"@id\":\"https:\\\/\\\/buletin.de\\\/bucuresti\\\/dosare-penale-in-bucuresti-pentru-172-de-persoane-care-au-utilizat-certificate-covid-19-posibil-false\\\/#breadcrumb\",\"itemListElement\":[{\"@type\":\"ListItem\",\"position\":1,\"name\":\"Acas\u0103\",\"item\":\"https:\\\/\\\/buletin.de\\\/bucuresti\\\/\"},{\"@type\":\"ListItem\",\"position\":2,\"name\":\"Dosare penale \u00een Bucure\u0219ti pentru 172 de persoane care au utilizat certificate Covid-19 posibil false\"}]},{\"@type\":\"WebSite\",\"@id\":\"https:\\\/\\\/buletin.de\\\/bucuresti\\\/#website\",\"url\":\"https:\\\/\\\/buletin.de\\\/bucuresti\\\/\",\"name\":\"Buletin de Bucure\u0219ti\",\"description\":\"\u0218tiri \u0219i investiga\u021bii esen\u021biale din capital\u0103\",\"publisher\":{\"@id\":\"https:\\\/\\\/buletin.de\\\/bucuresti\\\/#organization\"},\"potentialAction\":[{\"@type\":\"SearchAction\",\"target\":{\"@type\":\"EntryPoint\",\"urlTemplate\":\"https:\\\/\\\/buletin.de\\\/bucuresti\\\/?s={search_term_string}\"},\"query-input\":{\"@type\":\"PropertyValueSpecification\",\"valueRequired\":true,\"valueName\":\"search_term_string\"}}],\"inLanguage\":\"en-GB\"},{\"@type\":\"Organization\",\"@id\":\"https:\\\/\\\/buletin.de\\\/bucuresti\\\/#organization\",\"name\":\"Buletin de Bucure\u0219ti\",\"url\":\"https:\\\/\\\/buletin.de\\\/bucuresti\\\/\",\"logo\":{\"@type\":\"ImageObject\",\"inLanguage\":\"en-GB\",\"@id\":\"https:\\\/\\\/buletin.de\\\/bucuresti\\\/#\\\/schema\\\/logo\\\/image\\\/\",\"url\":\"https:\\\/\\\/buletin.de\\\/bucuresti\\\/wp-content\\\/uploads\\\/logo-bdb-full-wide-vernil-transparent.png\",\"contentUrl\":\"https:\\\/\\\/buletin.de\\\/bucuresti\\\/wp-content\\\/uploads\\\/logo-bdb-full-wide-vernil-transparent.png\",\"width\":1782,\"height\":626,\"caption\":\"Buletin de Bucure\u0219ti\"},\"image\":{\"@id\":\"https:\\\/\\\/buletin.de\\\/bucuresti\\\/#\\\/schema\\\/logo\\\/image\\\/\"},\"sameAs\":[\"https:\\\/\\\/www.facebook.com\\\/buletin.de.buc\",\"https:\\\/\\\/www.instagram.com\\\/buletinde.bucuresti\\\/\"]},{\"@type\":\"Person\",\"@id\":\"https:\\\/\\\/buletin.de\\\/bucuresti\\\/#\\\/schema\\\/person\\\/295dc2228d2dc79294d636619468dc7f\",\"name\":\"Bianca Albu\",\"image\":{\"@type\":\"ImageObject\",\"inLanguage\":\"en-GB\",\"@id\":\"https:\\\/\\\/secure.gravatar.com\\\/avatar\\\/3df2e34e20f529e6fd7be4311ee1f7c4ec4aa886971590baf6fa214b15743516?s=96&d=monsterid&r=gf541c715eeec409ce8101252a3c0d8a7\",\"url\":\"https:\\\/\\\/secure.gravatar.com\\\/avatar\\\/3df2e34e20f529e6fd7be4311ee1f7c4ec4aa886971590baf6fa214b15743516?s=96&d=monsterid&r=g\",\"contentUrl\":\"https:\\\/\\\/secure.gravatar.com\\\/avatar\\\/3df2e34e20f529e6fd7be4311ee1f7c4ec4aa886971590baf6fa214b15743516?s=96&d=monsterid&r=g\",\"caption\":\"Bianca Albu\"},\"description\":\"Reporter\",\"url\":\"https:\\\/\\\/buletin.de\\\/bucuresti\\\/author\\\/biancaalbu\\\/\"}]}<\/script>\n<!-- \/ Yoast SEO Premium plugin. -->","yoast_head_json":{"title":"Dosare penale \u00een Bucure\u0219ti pentru 172 de persoane care au utilizat certificate Covid-19 posibil false - Buletin de Bucure\u0219ti","robots":{"index":"index","follow":"follow","max-snippet":"max-snippet:-1","max-image-preview":"max-image-preview:large","max-video-preview":"max-video-preview:-1"},"canonical":"https:\/\/buletin.de\/bucuresti\/dosare-penale-in-bucuresti-pentru-172-de-persoane-care-au-utilizat-certificate-covid-19-posibil-false\/","og_locale":"en_GB","og_type":"article","og_title":"Dosare penale \u00een Bucure\u0219ti pentru 172 de persoane care au utilizat certificate Covid-19 posibil false","og_description":"Politi\u0219tii Direc\u021biei Generale de Poli\u021bie a Municipiului Bucure\u0219ti (DGPMB) au identificat 172 de persoane care au utilizat certificate Covid-19 cu privire la care exist\u0103 suspiciuni c\u0103 ar con\u021bine date nereale. Au fost deschise dosare penale \u00een care se efectueaz\u0103 cercet\u0103ri sub supravegherea unit\u0103\u021bilor de parchet, conform informa\u021biilor transmise de DGPMB pentru Buletin de Bucure\u0219ti. Fenomenul [&hellip;]","og_url":"https:\/\/buletin.de\/bucuresti\/dosare-penale-in-bucuresti-pentru-172-de-persoane-care-au-utilizat-certificate-covid-19-posibil-false\/","og_site_name":"Buletin de Bucure\u0219ti","article_publisher":"https:\/\/www.facebook.com\/buletin.de.buc","article_published_time":"2021-11-18T11:27:45+00:00","article_modified_time":"2021-11-18T11:46:47+00:00","og_image":[{"width":1130,"height":724,"url":"https:\/\/buletin.de\/bucuresti\/wp-content\/uploads\/161459099_141680107845740_5567083788575035626_n.jpg","type":"image\/jpeg"}],"author":"Bianca Albu","twitter_card":"summary_large_image","twitter_misc":{"Written by":"Bianca Albu","Estimated reading time":"1 minute"},"schema":{"@context":"https:\/\/schema.org","@graph":[{"@type":"Article","@id":"https:\/\/buletin.de\/bucuresti\/dosare-penale-in-bucuresti-pentru-172-de-persoane-care-au-utilizat-certificate-covid-19-posibil-false\/#article","isPartOf":{"@id":"https:\/\/buletin.de\/bucuresti\/dosare-penale-in-bucuresti-pentru-172-de-persoane-care-au-utilizat-certificate-covid-19-posibil-false\/"},"author":{"name":"Bianca Albu","@id":"https:\/\/buletin.de\/bucuresti\/#\/schema\/person\/295dc2228d2dc79294d636619468dc7f"},"headline":"Dosare penale \u00een Bucure\u0219ti pentru 172 de persoane care au utilizat certificate Covid-19 posibil false","datePublished":"2021-11-18T11:27:45+00:00","dateModified":"2021-11-18T11:46:47+00:00","mainEntityOfPage":{"@id":"https:\/\/buletin.de\/bucuresti\/dosare-penale-in-bucuresti-pentru-172-de-persoane-care-au-utilizat-certificate-covid-19-posibil-false\/"},"wordCount":218,"publisher":{"@id":"https:\/\/buletin.de\/bucuresti\/#organization"},"image":{"@id":"https:\/\/buletin.de\/bucuresti\/dosare-penale-in-bucuresti-pentru-172-de-persoane-care-au-utilizat-certificate-covid-19-posibil-false\/#primaryimage"},"thumbnailUrl":"https:\/\/buletin.de\/bucuresti\/wp-content\/uploads\/161459099_141680107845740_5567083788575035626_n.jpg","keywords":["certificate covid 19","certificate covid false bucuresti","certificate verzi false"],"articleSection":["Covid-19"],"inLanguage":"en-GB","copyrightYear":"2021","copyrightHolder":{"@id":"https:\/\/buletin.de\/bucuresti\/#organization"}},{"@type":"WebPage","@id":"https:\/\/buletin.de\/bucuresti\/dosare-penale-in-bucuresti-pentru-172-de-persoane-care-au-utilizat-certificate-covid-19-posibil-false\/","url":"https:\/\/buletin.de\/bucuresti\/dosare-penale-in-bucuresti-pentru-172-de-persoane-care-au-utilizat-certificate-covid-19-posibil-false\/","name":"Dosare penale \u00een Bucure\u0219ti pentru 172 de persoane care au utilizat certificate Covid-19 posibil false - Buletin de Bucure\u0219ti","isPartOf":{"@id":"https:\/\/buletin.de\/bucuresti\/#website"},"primaryImageOfPage":{"@id":"https:\/\/buletin.de\/bucuresti\/dosare-penale-in-bucuresti-pentru-172-de-persoane-care-au-utilizat-certificate-covid-19-posibil-false\/#primaryimage"},"image":{"@id":"https:\/\/buletin.de\/bucuresti\/dosare-penale-in-bucuresti-pentru-172-de-persoane-care-au-utilizat-certificate-covid-19-posibil-false\/#primaryimage"},"thumbnailUrl":"https:\/\/buletin.de\/bucuresti\/wp-content\/uploads\/161459099_141680107845740_5567083788575035626_n.jpg","datePublished":"2021-11-18T11:27:45+00:00","dateModified":"2021-11-18T11:46:47+00:00","breadcrumb":{"@id":"https:\/\/buletin.de\/bucuresti\/dosare-penale-in-bucuresti-pentru-172-de-persoane-care-au-utilizat-certificate-covid-19-posibil-false\/#breadcrumb"},"inLanguage":"en-GB","potentialAction":[{"@type":"ReadAction","target":["https:\/\/buletin.de\/bucuresti\/dosare-penale-in-bucuresti-pentru-172-de-persoane-care-au-utilizat-certificate-covid-19-posibil-false\/"]}]},{"@type":"ImageObject","inLanguage":"en-GB","@id":"https:\/\/buletin.de\/bucuresti\/dosare-penale-in-bucuresti-pentru-172-de-persoane-care-au-utilizat-certificate-covid-19-posibil-false\/#primaryimage","url":"https:\/\/buletin.de\/bucuresti\/wp-content\/uploads\/161459099_141680107845740_5567083788575035626_n.jpg","contentUrl":"https:\/\/buletin.de\/bucuresti\/wp-content\/uploads\/161459099_141680107845740_5567083788575035626_n.jpg","width":1130,"height":724},{"@type":"BreadcrumbList","@id":"https:\/\/buletin.de\/bucuresti\/dosare-penale-in-bucuresti-pentru-172-de-persoane-care-au-utilizat-certificate-covid-19-posibil-false\/#breadcrumb","itemListElement":[{"@type":"ListItem","position":1,"name":"Acas\u0103","item":"https:\/\/buletin.de\/bucuresti\/"},{"@type":"ListItem","position":2,"name":"Dosare penale \u00een Bucure\u0219ti pentru 172 de persoane care au utilizat certificate Covid-19 posibil false"}]},{"@type":"WebSite","@id":"https:\/\/buletin.de\/bucuresti\/#website","url":"https:\/\/buletin.de\/bucuresti\/","name":"Buletin de Bucure\u0219ti","description":"\u0218tiri \u0219i investiga\u021bii esen\u021biale din capital\u0103","publisher":{"@id":"https:\/\/buletin.de\/bucuresti\/#organization"},"potentialAction":[{"@type":"SearchAction","target":{"@type":"EntryPoint","urlTemplate":"https:\/\/buletin.de\/bucuresti\/?s={search_term_string}"},"query-input":{"@type":"PropertyValueSpecification","valueRequired":true,"valueName":"search_term_string"}}],"inLanguage":"en-GB"},{"@type":"Organization","@id":"https:\/\/buletin.de\/bucuresti\/#organization","name":"Buletin de Bucure\u0219ti","url":"https:\/\/buletin.de\/bucuresti\/","logo":{"@type":"ImageObject","inLanguage":"en-GB","@id":"https:\/\/buletin.de\/bucuresti\/#\/schema\/logo\/image\/","url":"https:\/\/buletin.de\/bucuresti\/wp-content\/uploads\/logo-bdb-full-wide-vernil-transparent.png","contentUrl":"https:\/\/buletin.de\/bucuresti\/wp-content\/uploads\/logo-bdb-full-wide-vernil-transparent.png","width":1782,"height":626,"caption":"Buletin de Bucure\u0219ti"},"image":{"@id":"https:\/\/buletin.de\/bucuresti\/#\/schema\/logo\/image\/"},"sameAs":["https:\/\/www.facebook.com\/buletin.de.buc","https:\/\/www.instagram.com\/buletinde.bucuresti\/"]},{"@type":"Person","@id":"https:\/\/buletin.de\/bucuresti\/#\/schema\/person\/295dc2228d2dc79294d636619468dc7f","name":"Bianca Albu","image":{"@type":"ImageObject","inLanguage":"en-GB","@id":"https:\/\/secure.gravatar.com\/avatar\/3df2e34e20f529e6fd7be4311ee1f7c4ec4aa886971590baf6fa214b15743516?s=96&d=monsterid&r=gf541c715eeec409ce8101252a3c0d8a7","url":"https:\/\/secure.gravatar.com\/avatar\/3df2e34e20f529e6fd7be4311ee1f7c4ec4aa886971590baf6fa214b15743516?s=96&d=monsterid&r=g","contentUrl":"https:\/\/secure.gravatar.com\/avatar\/3df2e34e20f529e6fd7be4311ee1f7c4ec4aa886971590baf6fa214b15743516?s=96&d=monsterid&r=g","caption":"Bianca Albu"},"description":"Reporter","url":"https:\/\/buletin.de\/bucuresti\/author\/biancaalbu\/"}]}},"authors":[{"term_id":22588,"user_id":6,"is_guest":0,"slug":"biancaalbu","display_name":"Bianca Albu","avatar_url":"https:\/\/secure.gravatar.com\/avatar\/3df2e34e20f529e6fd7be4311ee1f7c4ec4aa886971590baf6fa214b15743516?s=96&d=monsterid&r=g","0":null,"1":"","2":"","3":"","4":"","5":"","6":"","7":"","8":""}],"_links":{"self":[{"href":"https:\/\/buletin.de\/bucuresti\/wp-json\/wp\/v2\/posts\/34831","targetHints":{"allow":["GET"]}}],"collection":[{"href":"https:\/\/buletin.de\/bucuresti\/wp-json\/wp\/v2\/posts"}],"about":[{"href":"https:\/\/buletin.de\/bucuresti\/wp-json\/wp\/v2\/types\/post"}],"author":[{"embeddable":true,"href":"https:\/\/buletin.de\/bucuresti\/wp-json\/wp\/v2\/users\/6"}],"replies":[{"embeddable":true,"href":"https:\/\/buletin.de\/bucuresti\/wp-json\/wp\/v2\/comments?post=34831"}],"version-history":[{"count":3,"href":"https:\/\/buletin.de\/bucuresti\/wp-json\/wp\/v2\/posts\/34831\/revisions"}],"predecessor-version":[{"id":34856,"href":"https:\/\/buletin.de\/bucuresti\/wp-json\/wp\/v2\/posts\/34831\/revisions\/34856"}],"wp:featuredmedia":[{"embeddable":true,"href":"https:\/\/buletin.de\/bucuresti\/wp-json\/wp\/v2\/media\/34832"}],"wp:attachment":[{"href":"https:\/\/buletin.de\/bucuresti\/wp-json\/wp\/v2\/media?parent=34831"}],"wp:term":[{"taxonomy":"category","embeddable":true,"href":"https:\/\/buletin.de\/bucuresti\/wp-json\/wp\/v2\/categories?post=34831"},{"taxonomy":"post_tag","embeddable":true,"href":"https:\/\/buletin.de\/bucuresti\/wp-json\/wp\/v2\/tags?post=34831"},{"taxonomy":"author","embeddable":true,"href":"https:\/\/buletin.de\/bucuresti\/wp-json\/wp\/v2\/ppma_author?post=34831"}],"curies":[{"name":"wp","href":"https:\/\/api.w.org\/{rel}","templated":true}]}}