{"id":34722,"date":"2021-11-17T17:11:31","date_gmt":"2021-11-17T15:11:31","guid":{"rendered":"https:\/\/buletin.de\/bucuresti\/?p=34722"},"modified":"2021-11-17T17:13:42","modified_gmt":"2021-11-17T15:13:42","slug":"video-autostrada-a0-se-lucreaza-pe-doua-tronsoane-din-sapte","status":"publish","type":"post","link":"https:\/\/buletin.de\/bucuresti\/video-autostrada-a0-se-lucreaza-pe-doua-tronsoane-din-sapte\/","title":{"rendered":"VIDEO | Autostrada A0, se lucreaz\u0103 pe dou\u0103 tronsoane din \u0219apte"},"content":{"rendered":"\n<p><strong>100 de km de \u0219osea de mare vitez\u0103, circular\u0103 \u00een jurul Bucure\u0219tiului<\/strong>. <strong>Solu\u021bia care ar trebui s\u0103 rezolve o parte dintre problemele de trafic cu care se confrunt\u0103, \u00een acest moment Capitala<\/strong>. <strong>Autostrada A0 e \u00eens\u0103 departe de finalizare, \u00een condi\u021biile \u00een care doar pe 2 din cele 7 trosoane \u00een care a fost \u00eemp\u0103r\u021bit\u0103, se lucreaz\u0103 \u00een prezent<\/strong>. <strong>Un tronson e \u00eenc\u0103 \u00een licita\u021bie iar la altul, c\u00e2\u0219tig\u0103torul a fost desemnat luna trecut\u0103.  Nu<\/strong> <strong>a expirat \u00eens\u0103 perioada \u00een care se pot depune contesta\u021bii. <\/strong><\/p>\n\n\n\n<h2 class=\"wp-block-heading\">La Lotul 2, Bragadiru-Vidra, se lucreaz\u0103 \u00een plin<\/h2>\n\n\n\n<p>CNAIR a publicat, mar\u021bi 16 noiembrie, un film realizat pe \u0219antierul Autostr\u0103zii A0, Lotul 2 Bragadiru-Vidra. Cei 16.3 km ai tronsonului au termen din finalizare luna februarie 2023, iar lucr\u0103rile au ajuns aproape la o treime. Este cel mai avansat tronson din A0.<\/p>\n\n\n\n<figure class=\"wp-block-embed is-type-rich is-provider-embed-handler wp-block-embed-embed-handler\"><div class=\"wp-block-embed__wrapper\">\n<div style=\"width: 640px;\" class=\"wp-video\"><video class=\"wp-video-shortcode\" id=\"video-34722-1\" width=\"640\" height=\"360\" preload=\"metadata\" controls=\"controls\"><source type=\"video\/mp4\" src=\"https:\/\/buletin.de\/bucuresti\/wp-content\/uploads\/Watch-Facebook-3.mp4?_=1\" \/><a href=\"https:\/\/buletin.de\/bucuresti\/wp-content\/uploads\/Watch-Facebook-3.mp4\">https:\/\/buletin.de\/bucuresti\/wp-content\/uploads\/Watch-Facebook-3.mp4<\/a><\/video><\/div>\n<\/div><figcaption>sursa Facebook CNAIR<\/figcaption><\/figure>\n\n\n\n<p>Constructorul Lotului 2, Bragadiru-Virda este firma turceasc\u0103 <span style=\"font-size: revert; color: initial;\">Alsim Alarko Sanayi Tesisleri ve Ticaret AS<\/span>. Aceea\u0219i firm\u0103 a fost desemnat\u0103 c\u00e2\u0219tig\u0103toare \u0219i la Lotul 1, Glina-Vidra. Aici lucr\u0103rile au \u00eenceput \u00een februarie 2021 \u0219i au ajuns la aproape 14% stadiul fizic de execu\u021bie. <\/p>\n\n\n\n<p>La deschiderea lucr\u0103rilor, ministrul Transportului de la acea vreme, C\u0103t\u0103lin Drul\u0103, a declarat c\u0103 sper\u0103 ca pe ambele tronsoane s\u0103 se poat\u0103 circula la sf\u00e2r\u0219itul anului viitor, mai devreme dec\u00e2t termenul contractual de finalizare.<\/p>\n\n\n\n<div id=\"fb-root\"><\/div>\n<script async=\"\" defer=\"\" crossorigin=\"anonymous\" src=\"https:\/\/connect.facebook.net\/en_GB\/sdk.js#xfbml=1&amp;version=v12.0&amp;appId=458503948109773&amp;autoLogAppEvents=1\" nonce=\"lS7sUKzT\"><\/script>\n\n\n<div style=\"max-width:500px; display: block; margin: 0 auto;\">\n<div class=\"fb-video\" data-href=\"https:\/\/www.facebook.com\/catalindrulausr\/videos\/862638207912406\/\" data-width=\"500\" data-show-text=\"false\"><blockquote cite=\"https:\/\/www.facebook.com\/catalindrulausr\/videos\/862638207912406\/\" class=\"fb-xfbml-parse-ignore\"><a href=\"https:\/\/www.facebook.com\/catalindrulausr\/videos\/862638207912406\/\">Ordin de \u00eencepere a lucr\u0103rilor &#8211; A0, lot 1<\/a><p>Ordin de \u00eencepere a lucr\u0103rilor dat ieri la Lotul 1 din Autostrada de Centur\u0103 a Bucure\u0219tiului A0 Sud. \u00cen total se lucreaz\u0103 acum pe 33 km (lot 1 + lot 2) din cei 55 km ai semi-inelului sudic de autostrad\u0103 al Bucure\u0219tiului dintre A1 \u0219i A2.<\/p>Posted by <a href=\"https:\/\/www.facebook.com\/catalindrulausr\">C\u0103t\u0103lin Drul\u0103<\/a> on Monday, 15 February 2021<\/blockquote><\/div>\n<\/div>\n\n\n\n<h2 class=\"wp-block-heading\">Un inel cu 7 sectoare<\/h2>\n\n\n\n<p>Compania Na\u021bional\u0103 de Drumuri a \u00eemp\u0103r\u021bit centura circular\u0103 a Capitalei \u00een 7 tronsoane, organizate pe loturi Sud \/ Nord. Primele licita\u021bii s-au f\u0103cut \u00een 2019, iar primul contract a fost semnat un an mai t\u00e2rziu. Pe pagina CNAIR, la sec\u021biunea proiecte, au fost actualizate datele la zi, pentru luna noiembrie 2021, privind stadiul lucr\u0103rilor \u0219i termenele de finalizare.<\/p>\n\n\n\n<figure class=\"wp-block-image size-large\"><img fetchpriority=\"high\" decoding=\"async\" width=\"900\" height=\"649\" src=\"data:image\/gif;base64,R0lGODlhAQABAAAAACH5BAEKAAEALAAAAAABAAEAAAICTAEAOw==\" data-src=\"https:\/\/buletin.de\/bucuresti\/wp-content\/uploads\/image-963-900x649.png\" alt=\"\" class=\"wp-image-34760 lazyload\" data-sizes=\"auto\" data-srcset=\"https:\/\/buletin.de\/bucuresti\/wp-content\/uploads\/image-963-900x649.png 900w, https:\/\/buletin.de\/bucuresti\/wp-content\/uploads\/image-963-300x216.png 300w, https:\/\/buletin.de\/bucuresti\/wp-content\/uploads\/image-963-768x554.png 768w, https:\/\/buletin.de\/bucuresti\/wp-content\/uploads\/image-963-550x397.png 550w, https:\/\/buletin.de\/bucuresti\/wp-content\/uploads\/image-963-693x500.png 693w, https:\/\/buletin.de\/bucuresti\/wp-content\/uploads\/image-963-600x433.png 600w, https:\/\/buletin.de\/bucuresti\/wp-content\/uploads\/image-963.png 1013w\" sizes=\"(max-width: 900px) 100vw, 900px\" \/><figcaption>Sursa Hotnews.ro<\/figcaption><\/figure>\n\n\n\n<div class=\"wp-block-buttons is-content-justification-center is-layout-flex wp-block-buttons-is-layout-flex\">\n<div class=\"wp-block-button has-custom-font-size\" style=\"font-size:40px\"><a class=\"wp-block-button__link\"><strong>INELUL NORD<\/strong><\/a><\/div>\n<\/div>\n\n\n\n<p>Inelul Nord al Centurii Capitalei \u00eencepe de la intersec\u021bia cu DJ601 \u0219i merge p\u00e2n\u0103 la intersec\u021bia cu A2 \u0219i are 4 loturi. Pe niciunul dintre ele nu au \u00eenceput lucr\u0103rile.<\/p>\n\n\n\n<ul class=\"wp-block-list\"><li>Lotul 1 &#8211; DJ601 &#8211; DN 1 Corbeanca<\/li><li>Lotul 2 &#8211; DN1 (Corbeanca) &#8211; DN2 (Afuma\u021bi)<\/li><li>Lotul 3 &#8211; DN 2 (Afuma\u021bi) &#8211; DN3 (Cernica)<\/li><li>Lotul 4 &#8211; DN3 (Cernica) &#8211; A 2<\/li><\/ul>\n\n\n\n<div class=\"wp-block-columns is-layout-flex wp-container-core-columns-is-layout-9d6595d7 wp-block-columns-is-layout-flex\">\n<div class=\"wp-block-column is-layout-flow wp-block-column-is-layout-flow\" style=\"flex-basis:50%\">\n<figure class=\"wp-block-image size-large\"><img decoding=\"async\" width=\"360\" height=\"900\" src=\"data:image\/gif;base64,R0lGODlhAQABAAAAACH5BAEKAAEALAAAAAABAAEAAAICTAEAOw==\" data-src=\"https:\/\/buletin.de\/bucuresti\/wp-content\/uploads\/Autostrada-A0-Corect-5-360x900.png\" alt=\"\" class=\"wp-image-34756 lazyload\" data-sizes=\"auto\" data-srcset=\"https:\/\/buletin.de\/bucuresti\/wp-content\/uploads\/Autostrada-A0-Corect-5-360x900.png 360w, https:\/\/buletin.de\/bucuresti\/wp-content\/uploads\/Autostrada-A0-Corect-5-120x300.png 120w, https:\/\/buletin.de\/bucuresti\/wp-content\/uploads\/Autostrada-A0-Corect-5-768x1920.png 768w, https:\/\/buletin.de\/bucuresti\/wp-content\/uploads\/Autostrada-A0-Corect-5-614x1536.png 614w, https:\/\/buletin.de\/bucuresti\/wp-content\/uploads\/Autostrada-A0-Corect-5-550x1375.png 550w, https:\/\/buletin.de\/bucuresti\/wp-content\/uploads\/Autostrada-A0-Corect-5-200x500.png 200w, https:\/\/buletin.de\/bucuresti\/wp-content\/uploads\/Autostrada-A0-Corect-5-432x1080.png 432w, https:\/\/buletin.de\/bucuresti\/wp-content\/uploads\/Autostrada-A0-Corect-5-600x1500.png 600w, https:\/\/buletin.de\/bucuresti\/wp-content\/uploads\/Autostrada-A0-Corect-5.png 800w\" sizes=\"(max-width: 360px) 100vw, 360px\" \/><\/figure>\n<\/div>\n\n\n\n<div class=\"wp-block-column is-layout-flow wp-block-column-is-layout-flow\" style=\"flex-basis:50%\">\n<figure class=\"wp-block-image size-large\"><img decoding=\"async\" width=\"360\" height=\"900\" src=\"data:image\/gif;base64,R0lGODlhAQABAAAAACH5BAEKAAEALAAAAAABAAEAAAICTAEAOw==\" data-src=\"https:\/\/buletin.de\/bucuresti\/wp-content\/uploads\/Autostrada-A0-Corect-1-360x900.png\" alt=\"\" class=\"wp-image-34753 lazyload\" data-sizes=\"auto\" data-srcset=\"https:\/\/buletin.de\/bucuresti\/wp-content\/uploads\/Autostrada-A0-Corect-1-360x900.png 360w, https:\/\/buletin.de\/bucuresti\/wp-content\/uploads\/Autostrada-A0-Corect-1-120x300.png 120w, https:\/\/buletin.de\/bucuresti\/wp-content\/uploads\/Autostrada-A0-Corect-1-768x1920.png 768w, https:\/\/buletin.de\/bucuresti\/wp-content\/uploads\/Autostrada-A0-Corect-1-614x1536.png 614w, https:\/\/buletin.de\/bucuresti\/wp-content\/uploads\/Autostrada-A0-Corect-1-550x1375.png 550w, https:\/\/buletin.de\/bucuresti\/wp-content\/uploads\/Autostrada-A0-Corect-1-200x500.png 200w, https:\/\/buletin.de\/bucuresti\/wp-content\/uploads\/Autostrada-A0-Corect-1-432x1080.png 432w, https:\/\/buletin.de\/bucuresti\/wp-content\/uploads\/Autostrada-A0-Corect-1-600x1500.png 600w, https:\/\/buletin.de\/bucuresti\/wp-content\/uploads\/Autostrada-A0-Corect-1.png 800w\" sizes=\"(max-width: 360px) 100vw, 360px\" \/><\/figure>\n<\/div>\n<\/div>\n\n\n\n<div class=\"wp-block-columns is-layout-flex wp-container-core-columns-is-layout-9d6595d7 wp-block-columns-is-layout-flex\">\n<div class=\"wp-block-column is-layout-flow wp-block-column-is-layout-flow\" style=\"flex-basis:50%\">\n<figure class=\"wp-block-image size-large\"><img loading=\"lazy\" decoding=\"async\" width=\"360\" height=\"900\" src=\"data:image\/gif;base64,R0lGODlhAQABAAAAACH5BAEKAAEALAAAAAABAAEAAAICTAEAOw==\" data-src=\"https:\/\/buletin.de\/bucuresti\/wp-content\/uploads\/Autostrada-A0-Corect-6-360x900.png\" alt=\"\" class=\"wp-image-34757 lazyload\" data-sizes=\"auto\" data-srcset=\"https:\/\/buletin.de\/bucuresti\/wp-content\/uploads\/Autostrada-A0-Corect-6-360x900.png 360w, https:\/\/buletin.de\/bucuresti\/wp-content\/uploads\/Autostrada-A0-Corect-6-120x300.png 120w, https:\/\/buletin.de\/bucuresti\/wp-content\/uploads\/Autostrada-A0-Corect-6-768x1920.png 768w, https:\/\/buletin.de\/bucuresti\/wp-content\/uploads\/Autostrada-A0-Corect-6-614x1536.png 614w, https:\/\/buletin.de\/bucuresti\/wp-content\/uploads\/Autostrada-A0-Corect-6-550x1375.png 550w, https:\/\/buletin.de\/bucuresti\/wp-content\/uploads\/Autostrada-A0-Corect-6-200x500.png 200w, https:\/\/buletin.de\/bucuresti\/wp-content\/uploads\/Autostrada-A0-Corect-6-432x1080.png 432w, https:\/\/buletin.de\/bucuresti\/wp-content\/uploads\/Autostrada-A0-Corect-6-600x1500.png 600w, https:\/\/buletin.de\/bucuresti\/wp-content\/uploads\/Autostrada-A0-Corect-6.png 800w\" sizes=\"(max-width: 360px) 100vw, 360px\" \/><\/figure>\n<\/div>\n\n\n\n<div class=\"wp-block-column is-layout-flow wp-block-column-is-layout-flow\" style=\"flex-basis:50%\">\n<figure class=\"wp-block-image size-large\"><img loading=\"lazy\" decoding=\"async\" width=\"360\" height=\"900\" src=\"data:image\/gif;base64,R0lGODlhAQABAAAAACH5BAEKAAEALAAAAAABAAEAAAICTAEAOw==\" data-src=\"https:\/\/buletin.de\/bucuresti\/wp-content\/uploads\/Autostrada-A0-Corect-360x900.png\" alt=\"\" class=\"wp-image-34752 lazyload\" data-sizes=\"auto\" data-srcset=\"https:\/\/buletin.de\/bucuresti\/wp-content\/uploads\/Autostrada-A0-Corect-360x900.png 360w, https:\/\/buletin.de\/bucuresti\/wp-content\/uploads\/Autostrada-A0-Corect-120x300.png 120w, https:\/\/buletin.de\/bucuresti\/wp-content\/uploads\/Autostrada-A0-Corect-768x1920.png 768w, https:\/\/buletin.de\/bucuresti\/wp-content\/uploads\/Autostrada-A0-Corect-614x1536.png 614w, https:\/\/buletin.de\/bucuresti\/wp-content\/uploads\/Autostrada-A0-Corect-550x1375.png 550w, https:\/\/buletin.de\/bucuresti\/wp-content\/uploads\/Autostrada-A0-Corect-200x500.png 200w, https:\/\/buletin.de\/bucuresti\/wp-content\/uploads\/Autostrada-A0-Corect-432x1080.png 432w, https:\/\/buletin.de\/bucuresti\/wp-content\/uploads\/Autostrada-A0-Corect-600x1500.png 600w, https:\/\/buletin.de\/bucuresti\/wp-content\/uploads\/Autostrada-A0-Corect.png 800w\" sizes=\"(max-width: 360px) 100vw, 360px\" \/><\/figure>\n<\/div>\n<\/div>\n\n\n\n<div class=\"wp-block-buttons is-content-justification-center is-layout-flex wp-block-buttons-is-layout-flex\">\n<div class=\"wp-block-button has-custom-font-size\" style=\"font-size:40px\"><a class=\"wp-block-button__link\"><strong>INELUL SUD<\/strong><\/a><\/div>\n<\/div>\n\n\n\n<p>Partea de Sud a Centurii Capitalei \u00eencepe de la intersec\u021bia cu A2 \u0219i merge p\u00e2n\u0103 la intersec\u021bia cu A1 prin Sudul Capitalei \u0219i are 3 loturi. Pe dou\u0103 dintre ele au \u00eenceput lucr\u0103rile.<\/p>\n\n\n\n<ul class=\"wp-block-list\"><li>Lotul 1 &#8211; A2 &#8211; Jilava<\/li><li>Lotul 2 &#8211; Jilava &#8211; DN6<\/li><li>Lotul 3 &#8211; DN6 &#8211;  A1<\/li><\/ul>\n\n\n\n<div class=\"wp-block-columns is-layout-flex wp-container-core-columns-is-layout-9d6595d7 wp-block-columns-is-layout-flex\">\n<div class=\"wp-block-column is-layout-flow wp-block-column-is-layout-flow\" style=\"flex-basis:33.33%\">\n<figure class=\"wp-block-image size-large\"><img loading=\"lazy\" decoding=\"async\" width=\"360\" height=\"900\" src=\"data:image\/gif;base64,R0lGODlhAQABAAAAACH5BAEKAAEALAAAAAABAAEAAAICTAEAOw==\" data-src=\"https:\/\/buletin.de\/bucuresti\/wp-content\/uploads\/Autostrada-A0-Corect-3-360x900.png\" alt=\"\" class=\"wp-image-34754 lazyload\" data-sizes=\"auto\" data-srcset=\"https:\/\/buletin.de\/bucuresti\/wp-content\/uploads\/Autostrada-A0-Corect-3-360x900.png 360w, https:\/\/buletin.de\/bucuresti\/wp-content\/uploads\/Autostrada-A0-Corect-3-120x300.png 120w, https:\/\/buletin.de\/bucuresti\/wp-content\/uploads\/Autostrada-A0-Corect-3-768x1920.png 768w, https:\/\/buletin.de\/bucuresti\/wp-content\/uploads\/Autostrada-A0-Corect-3-614x1536.png 614w, https:\/\/buletin.de\/bucuresti\/wp-content\/uploads\/Autostrada-A0-Corect-3-550x1375.png 550w, https:\/\/buletin.de\/bucuresti\/wp-content\/uploads\/Autostrada-A0-Corect-3-200x500.png 200w, https:\/\/buletin.de\/bucuresti\/wp-content\/uploads\/Autostrada-A0-Corect-3-432x1080.png 432w, https:\/\/buletin.de\/bucuresti\/wp-content\/uploads\/Autostrada-A0-Corect-3-600x1500.png 600w, https:\/\/buletin.de\/bucuresti\/wp-content\/uploads\/Autostrada-A0-Corect-3.png 800w\" sizes=\"(max-width: 360px) 100vw, 360px\" \/><\/figure>\n<\/div>\n\n\n\n<div class=\"wp-block-column is-layout-flow wp-block-column-is-layout-flow\" style=\"flex-basis:33.33%\">\n<figure class=\"wp-block-image size-large\"><img loading=\"lazy\" decoding=\"async\" width=\"360\" height=\"900\" src=\"data:image\/gif;base64,R0lGODlhAQABAAAAACH5BAEKAAEALAAAAAABAAEAAAICTAEAOw==\" data-src=\"https:\/\/buletin.de\/bucuresti\/wp-content\/uploads\/Autostrada-A0-Corect-2-360x900.png\" alt=\"\" class=\"wp-image-34759 lazyload\" data-sizes=\"auto\" data-srcset=\"https:\/\/buletin.de\/bucuresti\/wp-content\/uploads\/Autostrada-A0-Corect-2-360x900.png 360w, https:\/\/buletin.de\/bucuresti\/wp-content\/uploads\/Autostrada-A0-Corect-2-120x300.png 120w, https:\/\/buletin.de\/bucuresti\/wp-content\/uploads\/Autostrada-A0-Corect-2-768x1920.png 768w, https:\/\/buletin.de\/bucuresti\/wp-content\/uploads\/Autostrada-A0-Corect-2-614x1536.png 614w, https:\/\/buletin.de\/bucuresti\/wp-content\/uploads\/Autostrada-A0-Corect-2-550x1375.png 550w, https:\/\/buletin.de\/bucuresti\/wp-content\/uploads\/Autostrada-A0-Corect-2-200x500.png 200w, https:\/\/buletin.de\/bucuresti\/wp-content\/uploads\/Autostrada-A0-Corect-2-432x1080.png 432w, https:\/\/buletin.de\/bucuresti\/wp-content\/uploads\/Autostrada-A0-Corect-2-600x1500.png 600w, https:\/\/buletin.de\/bucuresti\/wp-content\/uploads\/Autostrada-A0-Corect-2.png 800w\" sizes=\"(max-width: 360px) 100vw, 360px\" \/><\/figure>\n<\/div>\n\n\n\n<div class=\"wp-block-column is-layout-flow wp-block-column-is-layout-flow\" style=\"flex-basis:33.33%\">\n<figure class=\"wp-block-image size-large\"><img loading=\"lazy\" decoding=\"async\" width=\"360\" height=\"900\" src=\"data:image\/gif;base64,R0lGODlhAQABAAAAACH5BAEKAAEALAAAAAABAAEAAAICTAEAOw==\" data-src=\"https:\/\/buletin.de\/bucuresti\/wp-content\/uploads\/Autostrada-A0-Corect-4-360x900.png\" alt=\"\" class=\"wp-image-34755 lazyload\" data-sizes=\"auto\" data-srcset=\"https:\/\/buletin.de\/bucuresti\/wp-content\/uploads\/Autostrada-A0-Corect-4-360x900.png 360w, https:\/\/buletin.de\/bucuresti\/wp-content\/uploads\/Autostrada-A0-Corect-4-120x300.png 120w, https:\/\/buletin.de\/bucuresti\/wp-content\/uploads\/Autostrada-A0-Corect-4-768x1920.png 768w, https:\/\/buletin.de\/bucuresti\/wp-content\/uploads\/Autostrada-A0-Corect-4-614x1536.png 614w, https:\/\/buletin.de\/bucuresti\/wp-content\/uploads\/Autostrada-A0-Corect-4-550x1375.png 550w, https:\/\/buletin.de\/bucuresti\/wp-content\/uploads\/Autostrada-A0-Corect-4-200x500.png 200w, https:\/\/buletin.de\/bucuresti\/wp-content\/uploads\/Autostrada-A0-Corect-4-432x1080.png 432w, https:\/\/buletin.de\/bucuresti\/wp-content\/uploads\/Autostrada-A0-Corect-4-600x1500.png 600w, https:\/\/buletin.de\/bucuresti\/wp-content\/uploads\/Autostrada-A0-Corect-4.png 800w\" sizes=\"(max-width: 360px) 100vw, 360px\" \/><\/figure>\n<\/div>\n<\/div>\n\n\n\n<p><\/p>\n\n\n\n<p><a href=\"https:\/\/buletin.de\/bucuresti\/verde-la-constructia-centurii-bucuresti-nord-autostrada-a0-curtea-de-apel-bucuresti-a-respins-definitiv-contestatia-pentru-cotractul-aferent-lotului-2\/\">Verde la construc\u021bia Centurii Bucure\u0219ti Nord \u2013 Autostrada A0<\/a><\/p>\n\n\n\n<p><a href=\"https:\/\/buletin.de\/bucuresti\/m-transporturilor-lucrari-pe-ambele-centuri-ale-bucurestiului\/\">Ministrul Transporturilor, lucr\u0103ri pe ambele centuri ale Bucure\u0219tiului<\/a><\/p>\n\n\n\n<p><\/p>\n\n\n\n<p>sursa foto cover hotnews.ro<\/p>\n","protected":false},"excerpt":{"rendered":"<p>100 de km de \u0219osea de mare vitez\u0103, circular\u0103 \u00een jurul Bucure\u0219tiului. Solu\u021bia care ar trebui s\u0103 rezolve o parte dintre problemele de trafic cu care se confrunt\u0103, \u00een acest moment Capitala. Autostrada A0 e \u00eens\u0103 departe de finalizare, \u00een condi\u021biile \u00een care doar pe 2 din cele 7 trosoane \u00een care a fost \u00eemp\u0103r\u021bit\u0103, [&hellip;]<\/p>\n","protected":false},"author":18,"featured_media":34760,"comment_status":"closed","ping_status":"open","sticky":false,"template":"","format":"standard","meta":{"_acf_changed":false,"inline_featured_image":false,"ngg_post_thumbnail":0,"footnotes":""},"categories":[62,650],"tags":[1465,624,595],"ppma_author":[22579],"class_list":["post-34722","post","type-post","status-publish","format-standard","has-post-thumbnail","hentry","category-stiri","category-transport","tag-a0","tag-autostrada","tag-centura"],"acf":[],"yoast_head":"<!-- This site is optimized with the Yoast SEO Premium plugin v25.3 (Yoast SEO v27.5) - https:\/\/yoast.com\/product\/yoast-seo-premium-wordpress\/ -->\n<title>VIDEO | Autostrada A0, se lucreaz\u0103 pe dou\u0103 tronsoane din \u0219apte - Buletin de Bucure\u0219ti<\/title>\n<meta name=\"description\" content=\"A0 se lucreaz\u0103 pe dou\u0103 tronsoane \u00een prezent. Un tronson e \u00eenc\u0103 \u00een licita\u021bie\" \/>\n<meta name=\"robots\" content=\"index, follow, max-snippet:-1, max-image-preview:large, max-video-preview:-1\" \/>\n<link rel=\"canonical\" href=\"https:\/\/buletin.de\/bucuresti\/video-autostrada-a0-se-lucreaza-pe-doua-tronsoane-din-sapte\/\" \/>\n<meta property=\"og:locale\" content=\"en_GB\" \/>\n<meta property=\"og:type\" content=\"article\" \/>\n<meta property=\"og:title\" content=\"VIDEO | Autostrada A0, se lucreaz\u0103 pe dou\u0103 tronsoane din \u0219apte\" \/>\n<meta property=\"og:description\" content=\"A0 se lucreaz\u0103 pe dou\u0103 tronsoane \u00een prezent. Un tronson e \u00eenc\u0103 \u00een licita\u021bie\" \/>\n<meta property=\"og:url\" content=\"https:\/\/buletin.de\/bucuresti\/video-autostrada-a0-se-lucreaza-pe-doua-tronsoane-din-sapte\/\" \/>\n<meta property=\"og:site_name\" content=\"Buletin de Bucure\u0219ti\" \/>\n<meta property=\"article:publisher\" content=\"https:\/\/www.facebook.com\/buletin.de.buc\" \/>\n<meta property=\"article:published_time\" content=\"2021-11-17T15:11:31+00:00\" \/>\n<meta property=\"article:modified_time\" content=\"2021-11-17T15:13:42+00:00\" \/>\n<meta property=\"og:image\" content=\"https:\/\/buletin.de\/bucuresti\/wp-content\/uploads\/image-963.png\" \/>\n\t<meta property=\"og:image:width\" content=\"1013\" \/>\n\t<meta property=\"og:image:height\" content=\"731\" \/>\n\t<meta property=\"og:image:type\" content=\"image\/png\" \/>\n<meta name=\"author\" content=\"Teodora Stroe\" \/>\n<meta name=\"twitter:card\" content=\"summary_large_image\" \/>\n<meta name=\"twitter:label1\" content=\"Written by\" \/>\n\t<meta name=\"twitter:data1\" content=\"Teodora Stroe\" \/>\n\t<meta name=\"twitter:label2\" content=\"Estimated reading time\" \/>\n\t<meta name=\"twitter:data2\" content=\"4 minutes\" \/>\n<script type=\"application\/ld+json\" class=\"yoast-schema-graph\">{\"@context\":\"https:\\\/\\\/schema.org\",\"@graph\":[{\"@type\":\"Article\",\"@id\":\"https:\\\/\\\/buletin.de\\\/bucuresti\\\/video-autostrada-a0-se-lucreaza-pe-doua-tronsoane-din-sapte\\\/#article\",\"isPartOf\":{\"@id\":\"https:\\\/\\\/buletin.de\\\/bucuresti\\\/video-autostrada-a0-se-lucreaza-pe-doua-tronsoane-din-sapte\\\/\"},\"author\":{\"name\":\"Teodora Stroe\",\"@id\":\"https:\\\/\\\/buletin.de\\\/bucuresti\\\/#\\\/schema\\\/person\\\/d369d7ddc775abece205795e0b804614\"},\"headline\":\"VIDEO | Autostrada A0, se lucreaz\u0103 pe dou\u0103 tronsoane din \u0219apte\",\"datePublished\":\"2021-11-17T15:11:31+00:00\",\"dateModified\":\"2021-11-17T15:13:42+00:00\",\"mainEntityOfPage\":{\"@id\":\"https:\\\/\\\/buletin.de\\\/bucuresti\\\/video-autostrada-a0-se-lucreaza-pe-doua-tronsoane-din-sapte\\\/\"},\"wordCount\":515,\"publisher\":{\"@id\":\"https:\\\/\\\/buletin.de\\\/bucuresti\\\/#organization\"},\"image\":{\"@id\":\"https:\\\/\\\/buletin.de\\\/bucuresti\\\/video-autostrada-a0-se-lucreaza-pe-doua-tronsoane-din-sapte\\\/#primaryimage\"},\"thumbnailUrl\":\"https:\\\/\\\/buletin.de\\\/bucuresti\\\/wp-content\\\/uploads\\\/image-963.png\",\"keywords\":[\"A0\",\"autostrada\",\"centura\"],\"articleSection\":[\"\u0218tiri\",\"Transport\"],\"inLanguage\":\"en-GB\",\"copyrightYear\":\"2021\",\"copyrightHolder\":{\"@id\":\"https:\\\/\\\/buletin.de\\\/bucuresti\\\/#organization\"}},{\"@type\":\"WebPage\",\"@id\":\"https:\\\/\\\/buletin.de\\\/bucuresti\\\/video-autostrada-a0-se-lucreaza-pe-doua-tronsoane-din-sapte\\\/\",\"url\":\"https:\\\/\\\/buletin.de\\\/bucuresti\\\/video-autostrada-a0-se-lucreaza-pe-doua-tronsoane-din-sapte\\\/\",\"name\":\"VIDEO | Autostrada A0, se lucreaz\u0103 pe dou\u0103 tronsoane din \u0219apte - Buletin de Bucure\u0219ti\",\"isPartOf\":{\"@id\":\"https:\\\/\\\/buletin.de\\\/bucuresti\\\/#website\"},\"primaryImageOfPage\":{\"@id\":\"https:\\\/\\\/buletin.de\\\/bucuresti\\\/video-autostrada-a0-se-lucreaza-pe-doua-tronsoane-din-sapte\\\/#primaryimage\"},\"image\":{\"@id\":\"https:\\\/\\\/buletin.de\\\/bucuresti\\\/video-autostrada-a0-se-lucreaza-pe-doua-tronsoane-din-sapte\\\/#primaryimage\"},\"thumbnailUrl\":\"https:\\\/\\\/buletin.de\\\/bucuresti\\\/wp-content\\\/uploads\\\/image-963.png\",\"datePublished\":\"2021-11-17T15:11:31+00:00\",\"dateModified\":\"2021-11-17T15:13:42+00:00\",\"description\":\"A0 se lucreaz\u0103 pe dou\u0103 tronsoane \u00een prezent. Un tronson e \u00eenc\u0103 \u00een licita\u021bie\",\"breadcrumb\":{\"@id\":\"https:\\\/\\\/buletin.de\\\/bucuresti\\\/video-autostrada-a0-se-lucreaza-pe-doua-tronsoane-din-sapte\\\/#breadcrumb\"},\"inLanguage\":\"en-GB\",\"potentialAction\":[{\"@type\":\"ReadAction\",\"target\":[\"https:\\\/\\\/buletin.de\\\/bucuresti\\\/video-autostrada-a0-se-lucreaza-pe-doua-tronsoane-din-sapte\\\/\"]}]},{\"@type\":\"ImageObject\",\"inLanguage\":\"en-GB\",\"@id\":\"https:\\\/\\\/buletin.de\\\/bucuresti\\\/video-autostrada-a0-se-lucreaza-pe-doua-tronsoane-din-sapte\\\/#primaryimage\",\"url\":\"https:\\\/\\\/buletin.de\\\/bucuresti\\\/wp-content\\\/uploads\\\/image-963.png\",\"contentUrl\":\"https:\\\/\\\/buletin.de\\\/bucuresti\\\/wp-content\\\/uploads\\\/image-963.png\",\"width\":1013,\"height\":731},{\"@type\":\"BreadcrumbList\",\"@id\":\"https:\\\/\\\/buletin.de\\\/bucuresti\\\/video-autostrada-a0-se-lucreaza-pe-doua-tronsoane-din-sapte\\\/#breadcrumb\",\"itemListElement\":[{\"@type\":\"ListItem\",\"position\":1,\"name\":\"Acas\u0103\",\"item\":\"https:\\\/\\\/buletin.de\\\/bucuresti\\\/\"},{\"@type\":\"ListItem\",\"position\":2,\"name\":\"VIDEO | Autostrada A0, se lucreaz\u0103 pe dou\u0103 tronsoane din \u0219apte\"}]},{\"@type\":\"WebSite\",\"@id\":\"https:\\\/\\\/buletin.de\\\/bucuresti\\\/#website\",\"url\":\"https:\\\/\\\/buletin.de\\\/bucuresti\\\/\",\"name\":\"Buletin de Bucure\u0219ti\",\"description\":\"\u0218tiri \u0219i investiga\u021bii esen\u021biale din capital\u0103\",\"publisher\":{\"@id\":\"https:\\\/\\\/buletin.de\\\/bucuresti\\\/#organization\"},\"potentialAction\":[{\"@type\":\"SearchAction\",\"target\":{\"@type\":\"EntryPoint\",\"urlTemplate\":\"https:\\\/\\\/buletin.de\\\/bucuresti\\\/?s={search_term_string}\"},\"query-input\":{\"@type\":\"PropertyValueSpecification\",\"valueRequired\":true,\"valueName\":\"search_term_string\"}}],\"inLanguage\":\"en-GB\"},{\"@type\":\"Organization\",\"@id\":\"https:\\\/\\\/buletin.de\\\/bucuresti\\\/#organization\",\"name\":\"Buletin de Bucure\u0219ti\",\"url\":\"https:\\\/\\\/buletin.de\\\/bucuresti\\\/\",\"logo\":{\"@type\":\"ImageObject\",\"inLanguage\":\"en-GB\",\"@id\":\"https:\\\/\\\/buletin.de\\\/bucuresti\\\/#\\\/schema\\\/logo\\\/image\\\/\",\"url\":\"https:\\\/\\\/buletin.de\\\/bucuresti\\\/wp-content\\\/uploads\\\/logo-bdb-full-wide-vernil-transparent.png\",\"contentUrl\":\"https:\\\/\\\/buletin.de\\\/bucuresti\\\/wp-content\\\/uploads\\\/logo-bdb-full-wide-vernil-transparent.png\",\"width\":1782,\"height\":626,\"caption\":\"Buletin de Bucure\u0219ti\"},\"image\":{\"@id\":\"https:\\\/\\\/buletin.de\\\/bucuresti\\\/#\\\/schema\\\/logo\\\/image\\\/\"},\"sameAs\":[\"https:\\\/\\\/www.facebook.com\\\/buletin.de.buc\",\"https:\\\/\\\/www.instagram.com\\\/buletinde.bucuresti\\\/\"]},{\"@type\":\"Person\",\"@id\":\"https:\\\/\\\/buletin.de\\\/bucuresti\\\/#\\\/schema\\\/person\\\/d369d7ddc775abece205795e0b804614\",\"name\":\"Teodora Stroe\",\"image\":{\"@type\":\"ImageObject\",\"inLanguage\":\"en-GB\",\"@id\":\"https:\\\/\\\/secure.gravatar.com\\\/avatar\\\/2560b4cd9f5f1bc100b123158e657d75584bd1c3e1d9c69285720b9457c1b78d?s=96&d=monsterid&r=gc104800242ba5f2d78dd5d7dc4df08b6\",\"url\":\"https:\\\/\\\/secure.gravatar.com\\\/avatar\\\/2560b4cd9f5f1bc100b123158e657d75584bd1c3e1d9c69285720b9457c1b78d?s=96&d=monsterid&r=g\",\"contentUrl\":\"https:\\\/\\\/secure.gravatar.com\\\/avatar\\\/2560b4cd9f5f1bc100b123158e657d75584bd1c3e1d9c69285720b9457c1b78d?s=96&d=monsterid&r=g\",\"caption\":\"Teodora Stroe\"},\"url\":\"https:\\\/\\\/buletin.de\\\/bucuresti\\\/author\\\/simonacarlugea\\\/\"}]}<\/script>\n<!-- \/ Yoast SEO Premium plugin. -->","yoast_head_json":{"title":"VIDEO | Autostrada A0, se lucreaz\u0103 pe dou\u0103 tronsoane din \u0219apte - Buletin de Bucure\u0219ti","description":"A0 se lucreaz\u0103 pe dou\u0103 tronsoane \u00een prezent. Un tronson e \u00eenc\u0103 \u00een licita\u021bie","robots":{"index":"index","follow":"follow","max-snippet":"max-snippet:-1","max-image-preview":"max-image-preview:large","max-video-preview":"max-video-preview:-1"},"canonical":"https:\/\/buletin.de\/bucuresti\/video-autostrada-a0-se-lucreaza-pe-doua-tronsoane-din-sapte\/","og_locale":"en_GB","og_type":"article","og_title":"VIDEO | Autostrada A0, se lucreaz\u0103 pe dou\u0103 tronsoane din \u0219apte","og_description":"A0 se lucreaz\u0103 pe dou\u0103 tronsoane \u00een prezent. Un tronson e \u00eenc\u0103 \u00een licita\u021bie","og_url":"https:\/\/buletin.de\/bucuresti\/video-autostrada-a0-se-lucreaza-pe-doua-tronsoane-din-sapte\/","og_site_name":"Buletin de Bucure\u0219ti","article_publisher":"https:\/\/www.facebook.com\/buletin.de.buc","article_published_time":"2021-11-17T15:11:31+00:00","article_modified_time":"2021-11-17T15:13:42+00:00","og_image":[{"width":1013,"height":731,"url":"https:\/\/buletin.de\/bucuresti\/wp-content\/uploads\/image-963.png","type":"image\/png"}],"author":"Teodora Stroe","twitter_card":"summary_large_image","twitter_misc":{"Written by":"Teodora Stroe","Estimated reading time":"4 minutes"},"schema":{"@context":"https:\/\/schema.org","@graph":[{"@type":"Article","@id":"https:\/\/buletin.de\/bucuresti\/video-autostrada-a0-se-lucreaza-pe-doua-tronsoane-din-sapte\/#article","isPartOf":{"@id":"https:\/\/buletin.de\/bucuresti\/video-autostrada-a0-se-lucreaza-pe-doua-tronsoane-din-sapte\/"},"author":{"name":"Teodora Stroe","@id":"https:\/\/buletin.de\/bucuresti\/#\/schema\/person\/d369d7ddc775abece205795e0b804614"},"headline":"VIDEO | Autostrada A0, se lucreaz\u0103 pe dou\u0103 tronsoane din \u0219apte","datePublished":"2021-11-17T15:11:31+00:00","dateModified":"2021-11-17T15:13:42+00:00","mainEntityOfPage":{"@id":"https:\/\/buletin.de\/bucuresti\/video-autostrada-a0-se-lucreaza-pe-doua-tronsoane-din-sapte\/"},"wordCount":515,"publisher":{"@id":"https:\/\/buletin.de\/bucuresti\/#organization"},"image":{"@id":"https:\/\/buletin.de\/bucuresti\/video-autostrada-a0-se-lucreaza-pe-doua-tronsoane-din-sapte\/#primaryimage"},"thumbnailUrl":"https:\/\/buletin.de\/bucuresti\/wp-content\/uploads\/image-963.png","keywords":["A0","autostrada","centura"],"articleSection":["\u0218tiri","Transport"],"inLanguage":"en-GB","copyrightYear":"2021","copyrightHolder":{"@id":"https:\/\/buletin.de\/bucuresti\/#organization"}},{"@type":"WebPage","@id":"https:\/\/buletin.de\/bucuresti\/video-autostrada-a0-se-lucreaza-pe-doua-tronsoane-din-sapte\/","url":"https:\/\/buletin.de\/bucuresti\/video-autostrada-a0-se-lucreaza-pe-doua-tronsoane-din-sapte\/","name":"VIDEO | Autostrada A0, se lucreaz\u0103 pe dou\u0103 tronsoane din \u0219apte - Buletin de Bucure\u0219ti","isPartOf":{"@id":"https:\/\/buletin.de\/bucuresti\/#website"},"primaryImageOfPage":{"@id":"https:\/\/buletin.de\/bucuresti\/video-autostrada-a0-se-lucreaza-pe-doua-tronsoane-din-sapte\/#primaryimage"},"image":{"@id":"https:\/\/buletin.de\/bucuresti\/video-autostrada-a0-se-lucreaza-pe-doua-tronsoane-din-sapte\/#primaryimage"},"thumbnailUrl":"https:\/\/buletin.de\/bucuresti\/wp-content\/uploads\/image-963.png","datePublished":"2021-11-17T15:11:31+00:00","dateModified":"2021-11-17T15:13:42+00:00","description":"A0 se lucreaz\u0103 pe dou\u0103 tronsoane \u00een prezent. Un tronson e \u00eenc\u0103 \u00een licita\u021bie","breadcrumb":{"@id":"https:\/\/buletin.de\/bucuresti\/video-autostrada-a0-se-lucreaza-pe-doua-tronsoane-din-sapte\/#breadcrumb"},"inLanguage":"en-GB","potentialAction":[{"@type":"ReadAction","target":["https:\/\/buletin.de\/bucuresti\/video-autostrada-a0-se-lucreaza-pe-doua-tronsoane-din-sapte\/"]}]},{"@type":"ImageObject","inLanguage":"en-GB","@id":"https:\/\/buletin.de\/bucuresti\/video-autostrada-a0-se-lucreaza-pe-doua-tronsoane-din-sapte\/#primaryimage","url":"https:\/\/buletin.de\/bucuresti\/wp-content\/uploads\/image-963.png","contentUrl":"https:\/\/buletin.de\/bucuresti\/wp-content\/uploads\/image-963.png","width":1013,"height":731},{"@type":"BreadcrumbList","@id":"https:\/\/buletin.de\/bucuresti\/video-autostrada-a0-se-lucreaza-pe-doua-tronsoane-din-sapte\/#breadcrumb","itemListElement":[{"@type":"ListItem","position":1,"name":"Acas\u0103","item":"https:\/\/buletin.de\/bucuresti\/"},{"@type":"ListItem","position":2,"name":"VIDEO | Autostrada A0, se lucreaz\u0103 pe dou\u0103 tronsoane din \u0219apte"}]},{"@type":"WebSite","@id":"https:\/\/buletin.de\/bucuresti\/#website","url":"https:\/\/buletin.de\/bucuresti\/","name":"Buletin de Bucure\u0219ti","description":"\u0218tiri \u0219i investiga\u021bii esen\u021biale din capital\u0103","publisher":{"@id":"https:\/\/buletin.de\/bucuresti\/#organization"},"potentialAction":[{"@type":"SearchAction","target":{"@type":"EntryPoint","urlTemplate":"https:\/\/buletin.de\/bucuresti\/?s={search_term_string}"},"query-input":{"@type":"PropertyValueSpecification","valueRequired":true,"valueName":"search_term_string"}}],"inLanguage":"en-GB"},{"@type":"Organization","@id":"https:\/\/buletin.de\/bucuresti\/#organization","name":"Buletin de Bucure\u0219ti","url":"https:\/\/buletin.de\/bucuresti\/","logo":{"@type":"ImageObject","inLanguage":"en-GB","@id":"https:\/\/buletin.de\/bucuresti\/#\/schema\/logo\/image\/","url":"https:\/\/buletin.de\/bucuresti\/wp-content\/uploads\/logo-bdb-full-wide-vernil-transparent.png","contentUrl":"https:\/\/buletin.de\/bucuresti\/wp-content\/uploads\/logo-bdb-full-wide-vernil-transparent.png","width":1782,"height":626,"caption":"Buletin de Bucure\u0219ti"},"image":{"@id":"https:\/\/buletin.de\/bucuresti\/#\/schema\/logo\/image\/"},"sameAs":["https:\/\/www.facebook.com\/buletin.de.buc","https:\/\/www.instagram.com\/buletinde.bucuresti\/"]},{"@type":"Person","@id":"https:\/\/buletin.de\/bucuresti\/#\/schema\/person\/d369d7ddc775abece205795e0b804614","name":"Teodora Stroe","image":{"@type":"ImageObject","inLanguage":"en-GB","@id":"https:\/\/secure.gravatar.com\/avatar\/2560b4cd9f5f1bc100b123158e657d75584bd1c3e1d9c69285720b9457c1b78d?s=96&d=monsterid&r=gc104800242ba5f2d78dd5d7dc4df08b6","url":"https:\/\/secure.gravatar.com\/avatar\/2560b4cd9f5f1bc100b123158e657d75584bd1c3e1d9c69285720b9457c1b78d?s=96&d=monsterid&r=g","contentUrl":"https:\/\/secure.gravatar.com\/avatar\/2560b4cd9f5f1bc100b123158e657d75584bd1c3e1d9c69285720b9457c1b78d?s=96&d=monsterid&r=g","caption":"Teodora Stroe"},"url":"https:\/\/buletin.de\/bucuresti\/author\/simonacarlugea\/"}]}},"authors":[{"term_id":22579,"user_id":18,"is_guest":0,"slug":"simonacarlugea","display_name":"Teodora Stroe","avatar_url":"https:\/\/secure.gravatar.com\/avatar\/2560b4cd9f5f1bc100b123158e657d75584bd1c3e1d9c69285720b9457c1b78d?s=96&d=monsterid&r=g","0":null,"1":"","2":"","3":"","4":"","5":"","6":"","7":"","8":""}],"_links":{"self":[{"href":"https:\/\/buletin.de\/bucuresti\/wp-json\/wp\/v2\/posts\/34722","targetHints":{"allow":["GET"]}}],"collection":[{"href":"https:\/\/buletin.de\/bucuresti\/wp-json\/wp\/v2\/posts"}],"about":[{"href":"https:\/\/buletin.de\/bucuresti\/wp-json\/wp\/v2\/types\/post"}],"author":[{"embeddable":true,"href":"https:\/\/buletin.de\/bucuresti\/wp-json\/wp\/v2\/users\/18"}],"replies":[{"embeddable":true,"href":"https:\/\/buletin.de\/bucuresti\/wp-json\/wp\/v2\/comments?post=34722"}],"version-history":[{"count":41,"href":"https:\/\/buletin.de\/bucuresti\/wp-json\/wp\/v2\/posts\/34722\/revisions"}],"predecessor-version":[{"id":34816,"href":"https:\/\/buletin.de\/bucuresti\/wp-json\/wp\/v2\/posts\/34722\/revisions\/34816"}],"wp:featuredmedia":[{"embeddable":true,"href":"https:\/\/buletin.de\/bucuresti\/wp-json\/wp\/v2\/media\/34760"}],"wp:attachment":[{"href":"https:\/\/buletin.de\/bucuresti\/wp-json\/wp\/v2\/media?parent=34722"}],"wp:term":[{"taxonomy":"category","embeddable":true,"href":"https:\/\/buletin.de\/bucuresti\/wp-json\/wp\/v2\/categories?post=34722"},{"taxonomy":"post_tag","embeddable":true,"href":"https:\/\/buletin.de\/bucuresti\/wp-json\/wp\/v2\/tags?post=34722"},{"taxonomy":"author","embeddable":true,"href":"https:\/\/buletin.de\/bucuresti\/wp-json\/wp\/v2\/ppma_author?post=34722"}],"curies":[{"name":"wp","href":"https:\/\/api.w.org\/{rel}","templated":true}]}}