{"id":34644,"date":"2021-11-14T12:36:30","date_gmt":"2021-11-14T10:36:30","guid":{"rendered":"https:\/\/buletin.de\/bucuresti\/?p=34644"},"modified":"2021-11-16T17:38:23","modified_gmt":"2021-11-16T15:38:23","slug":"dragos-dumitru-jurnalist-sputnik-si-fost-deputat-a-murit-in-urma-unui-infarct-post-covid-19","status":"publish","type":"post","link":"https:\/\/buletin.de\/bucuresti\/dragos-dumitru-jurnalist-sputnik-si-fost-deputat-a-murit-in-urma-unui-infarct-post-covid-19\/","title":{"rendered":"Drago\u0219 Dumitriu, jurnalist Sputnik \u0219i fost deputat, a murit \u00een urma unui infarct post-Covid-19"},"content":{"rendered":"\n<p><strong>Fostul deputat Drago\u0219 Dumitriu a murit, ieri sear\u0103, la v\u00e2rsta de 57 de ani, dup\u0103 un infarct suferit post-Covid-19. Aproape o lun\u0103 a stat \u00een spital, \u00een urma infec\u021biei cu Covid-19, conform <a href=\"https:\/\/jurnaluldearges.ro\/fostul-deputat-de-arges-dragos-dumitriu-a-murit-dupa-un-infarct-post-covid-152707\/\">Jurnalul de Arge\u0219<\/a>.  Decesul a fost anun\u021bat de Sputnik.md, publica\u021bie la care jurnalistul lucra \u00een prezent \u0219i pentru care a scris intens \u00een aceast\u0103 perioad\u0103 despre protestele anti-masc\u0103, anti-restric\u021bii \u0219i anti-vaccinare. <\/strong><\/p>\n\n\n\n<blockquote class=\"wp-block-quote is-layout-flow wp-block-quote-is-layout-flow\"><p>Drago\u0219 Dumitriu, colegul nostru, a plecat la cele ve\u0219nice, dup\u0103 o via\u021b\u0103 \u00een care a ap\u0103rat valorile rom\u00e2ne\u0219ti \u0219i a fost mereu de partea adev\u0103rului!<br><br>Drago\u0219 Dumitriu a fost sufletul redac\u021biei Sputnik din Rom\u00e2nia, articolele sale lans\u00e2nd adev\u0103rate dezbateri publice \u0219i ating\u00e2nd temele fundamentale ale actualit\u0103\u021bii rom\u00e2ne\u0219ti, pe care presa mainstream le ocole\u0219te, de multe ori.<br><br>A avut curajul s\u0103 spun\u0103 lucrurilor pe nume \u0219i atunci, sau mai ales atunci c\u00e2nd deranja. Dar adev\u0103rul era mai important dec\u00e2t orice pentru Drago\u0219!<br><br>Fost deputat \u00een Parlamentul Rom\u00e2niei, care \u0219i-a dedicat via\u021ba ap\u0103r\u0103rii \u0219i promov\u0103rii valorilor rom\u00e2ne\u0219ti, Drago\u0219 Dumitriu a transpus \u00een paginile Sputnik ardoarea iubirii sale de \u021bar\u0103, dar \u0219i sup\u0103rarea fa\u021b\u0103 de cei care discrediteaz\u0103 \u0219i \u00eengroap\u0103 trecutul Rom\u00e2niei \u0219i \u0219ansele ei de a fi o \u021bar\u0103 independent\u0103 \u0219i puternic\u0103, a\u0219a cum \u0219i-o dorea el.<br><br><br>Redac\u021bia Sputnik<\/p><cite>A scris ieri sear\u0103 redac\u021bia Sputnik.md<\/cite><\/blockquote>\n\n\n\n<p>Pe l\u00e2ng\u0103 func\u021bia de deputat \u00een legislatura 2004-2008, unde a fost membru al grupurilor PRM \u0219i PC, Drago\u0219 Dumitriu a candidat \u0219i la Prim\u0103ria C\u00e2mpulung Muscel. <\/p>\n\n\n\n<p><strong>Surs\u0103 Cover: <\/strong>Sputnik.md <\/p>\n","protected":false},"excerpt":{"rendered":"<p>Fostul deputat Drago\u0219 Dumitriu a murit, ieri sear\u0103, la v\u00e2rsta de 57 de ani, dup\u0103 un infarct suferit post-Covid-19. Aproape o lun\u0103 a stat \u00een spital, \u00een urma infec\u021biei cu Covid-19, conform Jurnalul de Arge\u0219. Decesul a fost anun\u021bat de Sputnik.md, publica\u021bie la care jurnalistul lucra \u00een prezent \u0219i pentru care a scris intens \u00een [&hellip;]<\/p>\n","protected":false},"author":17,"featured_media":34645,"comment_status":"closed","ping_status":"open","sticky":false,"template":"","format":"standard","meta":{"_acf_changed":false,"inline_featured_image":false,"ngg_post_thumbnail":0,"footnotes":""},"categories":[62],"tags":[529,640,1537,3477,3478,3479],"ppma_author":[22576],"class_list":["post-34644","post","type-post","status-publish","format-standard","has-post-thumbnail","hentry","category-stiri","tag-coronavirus","tag-covid","tag-deces","tag-dragos-dumitru","tag-infarct","tag-sputnik"],"acf":[],"yoast_head":"<!-- This site is optimized with the Yoast SEO Premium plugin v25.3 (Yoast SEO v27.5) - https:\/\/yoast.com\/product\/yoast-seo-premium-wordpress\/ -->\n<title>Drago\u0219 Dumitriu, jurnalist Sputnik \u0219i fost deputat, a murit \u00een urma unui infarct post-Covid-19 - Buletin de Bucure\u0219ti<\/title>\n<meta name=\"robots\" content=\"index, follow, max-snippet:-1, max-image-preview:large, max-video-preview:-1\" \/>\n<link rel=\"canonical\" href=\"https:\/\/buletin.de\/bucuresti\/dragos-dumitru-jurnalist-sputnik-si-fost-deputat-a-murit-in-urma-unui-infarct-post-covid-19\/\" \/>\n<meta property=\"og:locale\" content=\"en_GB\" \/>\n<meta property=\"og:type\" content=\"article\" \/>\n<meta property=\"og:title\" content=\"Drago\u0219 Dumitriu, jurnalist Sputnik \u0219i fost deputat, a murit \u00een urma unui infarct post-Covid-19\" \/>\n<meta property=\"og:description\" content=\"Fostul deputat Drago\u0219 Dumitriu a murit, ieri sear\u0103, la v\u00e2rsta de 57 de ani, dup\u0103 un infarct suferit post-Covid-19. Aproape o lun\u0103 a stat \u00een spital, \u00een urma infec\u021biei cu Covid-19, conform Jurnalul de Arge\u0219. Decesul a fost anun\u021bat de Sputnik.md, publica\u021bie la care jurnalistul lucra \u00een prezent \u0219i pentru care a scris intens \u00een [&hellip;]\" \/>\n<meta property=\"og:url\" content=\"https:\/\/buletin.de\/bucuresti\/dragos-dumitru-jurnalist-sputnik-si-fost-deputat-a-murit-in-urma-unui-infarct-post-covid-19\/\" \/>\n<meta property=\"og:site_name\" content=\"Buletin de Bucure\u0219ti\" \/>\n<meta property=\"article:publisher\" content=\"https:\/\/www.facebook.com\/buletin.de.buc\" \/>\n<meta property=\"article:published_time\" content=\"2021-11-14T10:36:30+00:00\" \/>\n<meta property=\"article:modified_time\" content=\"2021-11-16T15:38:23+00:00\" \/>\n<meta property=\"og:image\" content=\"https:\/\/buletin.de\/bucuresti\/wp-content\/uploads\/e331607c988c283f9291d3805f887220-ct12001200.jpeg\" \/>\n\t<meta property=\"og:image:width\" content=\"1200\" \/>\n\t<meta property=\"og:image:height\" content=\"675\" \/>\n\t<meta property=\"og:image:type\" content=\"image\/jpeg\" \/>\n<meta name=\"author\" content=\"Florin R\u00e2\u0219teiu\" \/>\n<meta name=\"twitter:card\" content=\"summary_large_image\" \/>\n<meta name=\"twitter:label1\" content=\"Written by\" \/>\n\t<meta name=\"twitter:data1\" content=\"Florin R\u00e2\u0219teiu\" \/>\n\t<meta name=\"twitter:label2\" content=\"Estimated reading time\" \/>\n\t<meta name=\"twitter:data2\" content=\"2 minutes\" \/>\n<script type=\"application\/ld+json\" class=\"yoast-schema-graph\">{\"@context\":\"https:\\\/\\\/schema.org\",\"@graph\":[{\"@type\":\"Article\",\"@id\":\"https:\\\/\\\/buletin.de\\\/bucuresti\\\/dragos-dumitru-jurnalist-sputnik-si-fost-deputat-a-murit-in-urma-unui-infarct-post-covid-19\\\/#article\",\"isPartOf\":{\"@id\":\"https:\\\/\\\/buletin.de\\\/bucuresti\\\/dragos-dumitru-jurnalist-sputnik-si-fost-deputat-a-murit-in-urma-unui-infarct-post-covid-19\\\/\"},\"author\":{\"name\":\"Florin R\u00e2\u0219teiu\",\"@id\":\"https:\\\/\\\/buletin.de\\\/bucuresti\\\/#\\\/schema\\\/person\\\/b0686d7a8b666c6afc78239777fd8a89\"},\"headline\":\"Drago\u0219 Dumitriu, jurnalist Sputnik \u0219i fost deputat, a murit \u00een urma unui infarct post-Covid-19\",\"datePublished\":\"2021-11-14T10:36:30+00:00\",\"dateModified\":\"2021-11-16T15:38:23+00:00\",\"mainEntityOfPage\":{\"@id\":\"https:\\\/\\\/buletin.de\\\/bucuresti\\\/dragos-dumitru-jurnalist-sputnik-si-fost-deputat-a-murit-in-urma-unui-infarct-post-covid-19\\\/\"},\"wordCount\":289,\"publisher\":{\"@id\":\"https:\\\/\\\/buletin.de\\\/bucuresti\\\/#organization\"},\"image\":{\"@id\":\"https:\\\/\\\/buletin.de\\\/bucuresti\\\/dragos-dumitru-jurnalist-sputnik-si-fost-deputat-a-murit-in-urma-unui-infarct-post-covid-19\\\/#primaryimage\"},\"thumbnailUrl\":\"https:\\\/\\\/buletin.de\\\/bucuresti\\\/wp-content\\\/uploads\\\/e331607c988c283f9291d3805f887220-ct12001200.jpeg\",\"keywords\":[\"coronavirus\",\"covid\",\"deces\",\"Drago\u0219 Dumitru\",\"infarct\",\"Sputnik\"],\"articleSection\":[\"\u0218tiri\"],\"inLanguage\":\"en-GB\",\"copyrightYear\":\"2021\",\"copyrightHolder\":{\"@id\":\"https:\\\/\\\/buletin.de\\\/bucuresti\\\/#organization\"}},{\"@type\":\"WebPage\",\"@id\":\"https:\\\/\\\/buletin.de\\\/bucuresti\\\/dragos-dumitru-jurnalist-sputnik-si-fost-deputat-a-murit-in-urma-unui-infarct-post-covid-19\\\/\",\"url\":\"https:\\\/\\\/buletin.de\\\/bucuresti\\\/dragos-dumitru-jurnalist-sputnik-si-fost-deputat-a-murit-in-urma-unui-infarct-post-covid-19\\\/\",\"name\":\"Drago\u0219 Dumitriu, jurnalist Sputnik \u0219i fost deputat, a murit \u00een urma unui infarct post-Covid-19 - Buletin de Bucure\u0219ti\",\"isPartOf\":{\"@id\":\"https:\\\/\\\/buletin.de\\\/bucuresti\\\/#website\"},\"primaryImageOfPage\":{\"@id\":\"https:\\\/\\\/buletin.de\\\/bucuresti\\\/dragos-dumitru-jurnalist-sputnik-si-fost-deputat-a-murit-in-urma-unui-infarct-post-covid-19\\\/#primaryimage\"},\"image\":{\"@id\":\"https:\\\/\\\/buletin.de\\\/bucuresti\\\/dragos-dumitru-jurnalist-sputnik-si-fost-deputat-a-murit-in-urma-unui-infarct-post-covid-19\\\/#primaryimage\"},\"thumbnailUrl\":\"https:\\\/\\\/buletin.de\\\/bucuresti\\\/wp-content\\\/uploads\\\/e331607c988c283f9291d3805f887220-ct12001200.jpeg\",\"datePublished\":\"2021-11-14T10:36:30+00:00\",\"dateModified\":\"2021-11-16T15:38:23+00:00\",\"breadcrumb\":{\"@id\":\"https:\\\/\\\/buletin.de\\\/bucuresti\\\/dragos-dumitru-jurnalist-sputnik-si-fost-deputat-a-murit-in-urma-unui-infarct-post-covid-19\\\/#breadcrumb\"},\"inLanguage\":\"en-GB\",\"potentialAction\":[{\"@type\":\"ReadAction\",\"target\":[\"https:\\\/\\\/buletin.de\\\/bucuresti\\\/dragos-dumitru-jurnalist-sputnik-si-fost-deputat-a-murit-in-urma-unui-infarct-post-covid-19\\\/\"]}]},{\"@type\":\"ImageObject\",\"inLanguage\":\"en-GB\",\"@id\":\"https:\\\/\\\/buletin.de\\\/bucuresti\\\/dragos-dumitru-jurnalist-sputnik-si-fost-deputat-a-murit-in-urma-unui-infarct-post-covid-19\\\/#primaryimage\",\"url\":\"https:\\\/\\\/buletin.de\\\/bucuresti\\\/wp-content\\\/uploads\\\/e331607c988c283f9291d3805f887220-ct12001200.jpeg\",\"contentUrl\":\"https:\\\/\\\/buletin.de\\\/bucuresti\\\/wp-content\\\/uploads\\\/e331607c988c283f9291d3805f887220-ct12001200.jpeg\",\"width\":1200,\"height\":675},{\"@type\":\"BreadcrumbList\",\"@id\":\"https:\\\/\\\/buletin.de\\\/bucuresti\\\/dragos-dumitru-jurnalist-sputnik-si-fost-deputat-a-murit-in-urma-unui-infarct-post-covid-19\\\/#breadcrumb\",\"itemListElement\":[{\"@type\":\"ListItem\",\"position\":1,\"name\":\"Acas\u0103\",\"item\":\"https:\\\/\\\/buletin.de\\\/bucuresti\\\/\"},{\"@type\":\"ListItem\",\"position\":2,\"name\":\"Drago\u0219 Dumitriu, jurnalist Sputnik \u0219i fost deputat, a murit \u00een urma unui infarct post-Covid-19\"}]},{\"@type\":\"WebSite\",\"@id\":\"https:\\\/\\\/buletin.de\\\/bucuresti\\\/#website\",\"url\":\"https:\\\/\\\/buletin.de\\\/bucuresti\\\/\",\"name\":\"Buletin de Bucure\u0219ti\",\"description\":\"\u0218tiri \u0219i investiga\u021bii esen\u021biale din capital\u0103\",\"publisher\":{\"@id\":\"https:\\\/\\\/buletin.de\\\/bucuresti\\\/#organization\"},\"potentialAction\":[{\"@type\":\"SearchAction\",\"target\":{\"@type\":\"EntryPoint\",\"urlTemplate\":\"https:\\\/\\\/buletin.de\\\/bucuresti\\\/?s={search_term_string}\"},\"query-input\":{\"@type\":\"PropertyValueSpecification\",\"valueRequired\":true,\"valueName\":\"search_term_string\"}}],\"inLanguage\":\"en-GB\"},{\"@type\":\"Organization\",\"@id\":\"https:\\\/\\\/buletin.de\\\/bucuresti\\\/#organization\",\"name\":\"Buletin de Bucure\u0219ti\",\"url\":\"https:\\\/\\\/buletin.de\\\/bucuresti\\\/\",\"logo\":{\"@type\":\"ImageObject\",\"inLanguage\":\"en-GB\",\"@id\":\"https:\\\/\\\/buletin.de\\\/bucuresti\\\/#\\\/schema\\\/logo\\\/image\\\/\",\"url\":\"https:\\\/\\\/buletin.de\\\/bucuresti\\\/wp-content\\\/uploads\\\/logo-bdb-full-wide-vernil-transparent.png\",\"contentUrl\":\"https:\\\/\\\/buletin.de\\\/bucuresti\\\/wp-content\\\/uploads\\\/logo-bdb-full-wide-vernil-transparent.png\",\"width\":1782,\"height\":626,\"caption\":\"Buletin de Bucure\u0219ti\"},\"image\":{\"@id\":\"https:\\\/\\\/buletin.de\\\/bucuresti\\\/#\\\/schema\\\/logo\\\/image\\\/\"},\"sameAs\":[\"https:\\\/\\\/www.facebook.com\\\/buletin.de.buc\",\"https:\\\/\\\/www.instagram.com\\\/buletinde.bucuresti\\\/\"]},{\"@type\":\"Person\",\"@id\":\"https:\\\/\\\/buletin.de\\\/bucuresti\\\/#\\\/schema\\\/person\\\/b0686d7a8b666c6afc78239777fd8a89\",\"name\":\"Florin R\u00e2\u0219teiu\",\"image\":{\"@type\":\"ImageObject\",\"inLanguage\":\"en-GB\",\"@id\":\"https:\\\/\\\/buletin.de\\\/bucuresti\\\/wp-content\\\/uploads\\\/Florin-Rasteiu-96x96.jpgf0a6fe28453aa12f0a60e4d0a2e3a78c\",\"url\":\"https:\\\/\\\/buletin.de\\\/bucuresti\\\/wp-content\\\/uploads\\\/Florin-Rasteiu-96x96.jpg\",\"contentUrl\":\"https:\\\/\\\/buletin.de\\\/bucuresti\\\/wp-content\\\/uploads\\\/Florin-Rasteiu-96x96.jpg\",\"caption\":\"Florin R\u00e2\u0219teiu\"},\"description\":\"Jurnalist de investiga\u021bie. Lucreaz\u0103 de aproape 6 ani la Buletin de Bucure\u0219ti, unde a publicat articole care scot la suprafa\u021b\u0103 corup\u021bia din Capital\u0103. Analizeaz\u0103 baze de date zilnic \u0219i scoate pove\u0219ti din exceluri pline de cifre. Pune reflectorul pe adev\u0103r cu fiecare ocazie. A c\u00e2\u0219tigat premiul I la categoria Pres\u0103 Local\u0103 \u00een 2025 \u0219i locul al II-lea la aceea\u0219i categorie \u00een 2024 \u00een cadrul Premiilor Superscrieri pentru jurnalism independent.\",\"url\":\"https:\\\/\\\/buletin.de\\\/bucuresti\\\/author\\\/florinrasteiu\\\/\"}]}<\/script>\n<!-- \/ Yoast SEO Premium plugin. -->","yoast_head_json":{"title":"Drago\u0219 Dumitriu, jurnalist Sputnik \u0219i fost deputat, a murit \u00een urma unui infarct post-Covid-19 - Buletin de Bucure\u0219ti","robots":{"index":"index","follow":"follow","max-snippet":"max-snippet:-1","max-image-preview":"max-image-preview:large","max-video-preview":"max-video-preview:-1"},"canonical":"https:\/\/buletin.de\/bucuresti\/dragos-dumitru-jurnalist-sputnik-si-fost-deputat-a-murit-in-urma-unui-infarct-post-covid-19\/","og_locale":"en_GB","og_type":"article","og_title":"Drago\u0219 Dumitriu, jurnalist Sputnik \u0219i fost deputat, a murit \u00een urma unui infarct post-Covid-19","og_description":"Fostul deputat Drago\u0219 Dumitriu a murit, ieri sear\u0103, la v\u00e2rsta de 57 de ani, dup\u0103 un infarct suferit post-Covid-19. Aproape o lun\u0103 a stat \u00een spital, \u00een urma infec\u021biei cu Covid-19, conform Jurnalul de Arge\u0219. Decesul a fost anun\u021bat de Sputnik.md, publica\u021bie la care jurnalistul lucra \u00een prezent \u0219i pentru care a scris intens \u00een [&hellip;]","og_url":"https:\/\/buletin.de\/bucuresti\/dragos-dumitru-jurnalist-sputnik-si-fost-deputat-a-murit-in-urma-unui-infarct-post-covid-19\/","og_site_name":"Buletin de Bucure\u0219ti","article_publisher":"https:\/\/www.facebook.com\/buletin.de.buc","article_published_time":"2021-11-14T10:36:30+00:00","article_modified_time":"2021-11-16T15:38:23+00:00","og_image":[{"width":1200,"height":675,"url":"https:\/\/buletin.de\/bucuresti\/wp-content\/uploads\/e331607c988c283f9291d3805f887220-ct12001200.jpeg","type":"image\/jpeg"}],"author":"Florin R\u00e2\u0219teiu","twitter_card":"summary_large_image","twitter_misc":{"Written by":"Florin R\u00e2\u0219teiu","Estimated reading time":"2 minutes"},"schema":{"@context":"https:\/\/schema.org","@graph":[{"@type":"Article","@id":"https:\/\/buletin.de\/bucuresti\/dragos-dumitru-jurnalist-sputnik-si-fost-deputat-a-murit-in-urma-unui-infarct-post-covid-19\/#article","isPartOf":{"@id":"https:\/\/buletin.de\/bucuresti\/dragos-dumitru-jurnalist-sputnik-si-fost-deputat-a-murit-in-urma-unui-infarct-post-covid-19\/"},"author":{"name":"Florin R\u00e2\u0219teiu","@id":"https:\/\/buletin.de\/bucuresti\/#\/schema\/person\/b0686d7a8b666c6afc78239777fd8a89"},"headline":"Drago\u0219 Dumitriu, jurnalist Sputnik \u0219i fost deputat, a murit \u00een urma unui infarct post-Covid-19","datePublished":"2021-11-14T10:36:30+00:00","dateModified":"2021-11-16T15:38:23+00:00","mainEntityOfPage":{"@id":"https:\/\/buletin.de\/bucuresti\/dragos-dumitru-jurnalist-sputnik-si-fost-deputat-a-murit-in-urma-unui-infarct-post-covid-19\/"},"wordCount":289,"publisher":{"@id":"https:\/\/buletin.de\/bucuresti\/#organization"},"image":{"@id":"https:\/\/buletin.de\/bucuresti\/dragos-dumitru-jurnalist-sputnik-si-fost-deputat-a-murit-in-urma-unui-infarct-post-covid-19\/#primaryimage"},"thumbnailUrl":"https:\/\/buletin.de\/bucuresti\/wp-content\/uploads\/e331607c988c283f9291d3805f887220-ct12001200.jpeg","keywords":["coronavirus","covid","deces","Drago\u0219 Dumitru","infarct","Sputnik"],"articleSection":["\u0218tiri"],"inLanguage":"en-GB","copyrightYear":"2021","copyrightHolder":{"@id":"https:\/\/buletin.de\/bucuresti\/#organization"}},{"@type":"WebPage","@id":"https:\/\/buletin.de\/bucuresti\/dragos-dumitru-jurnalist-sputnik-si-fost-deputat-a-murit-in-urma-unui-infarct-post-covid-19\/","url":"https:\/\/buletin.de\/bucuresti\/dragos-dumitru-jurnalist-sputnik-si-fost-deputat-a-murit-in-urma-unui-infarct-post-covid-19\/","name":"Drago\u0219 Dumitriu, jurnalist Sputnik \u0219i fost deputat, a murit \u00een urma unui infarct post-Covid-19 - Buletin de Bucure\u0219ti","isPartOf":{"@id":"https:\/\/buletin.de\/bucuresti\/#website"},"primaryImageOfPage":{"@id":"https:\/\/buletin.de\/bucuresti\/dragos-dumitru-jurnalist-sputnik-si-fost-deputat-a-murit-in-urma-unui-infarct-post-covid-19\/#primaryimage"},"image":{"@id":"https:\/\/buletin.de\/bucuresti\/dragos-dumitru-jurnalist-sputnik-si-fost-deputat-a-murit-in-urma-unui-infarct-post-covid-19\/#primaryimage"},"thumbnailUrl":"https:\/\/buletin.de\/bucuresti\/wp-content\/uploads\/e331607c988c283f9291d3805f887220-ct12001200.jpeg","datePublished":"2021-11-14T10:36:30+00:00","dateModified":"2021-11-16T15:38:23+00:00","breadcrumb":{"@id":"https:\/\/buletin.de\/bucuresti\/dragos-dumitru-jurnalist-sputnik-si-fost-deputat-a-murit-in-urma-unui-infarct-post-covid-19\/#breadcrumb"},"inLanguage":"en-GB","potentialAction":[{"@type":"ReadAction","target":["https:\/\/buletin.de\/bucuresti\/dragos-dumitru-jurnalist-sputnik-si-fost-deputat-a-murit-in-urma-unui-infarct-post-covid-19\/"]}]},{"@type":"ImageObject","inLanguage":"en-GB","@id":"https:\/\/buletin.de\/bucuresti\/dragos-dumitru-jurnalist-sputnik-si-fost-deputat-a-murit-in-urma-unui-infarct-post-covid-19\/#primaryimage","url":"https:\/\/buletin.de\/bucuresti\/wp-content\/uploads\/e331607c988c283f9291d3805f887220-ct12001200.jpeg","contentUrl":"https:\/\/buletin.de\/bucuresti\/wp-content\/uploads\/e331607c988c283f9291d3805f887220-ct12001200.jpeg","width":1200,"height":675},{"@type":"BreadcrumbList","@id":"https:\/\/buletin.de\/bucuresti\/dragos-dumitru-jurnalist-sputnik-si-fost-deputat-a-murit-in-urma-unui-infarct-post-covid-19\/#breadcrumb","itemListElement":[{"@type":"ListItem","position":1,"name":"Acas\u0103","item":"https:\/\/buletin.de\/bucuresti\/"},{"@type":"ListItem","position":2,"name":"Drago\u0219 Dumitriu, jurnalist Sputnik \u0219i fost deputat, a murit \u00een urma unui infarct post-Covid-19"}]},{"@type":"WebSite","@id":"https:\/\/buletin.de\/bucuresti\/#website","url":"https:\/\/buletin.de\/bucuresti\/","name":"Buletin de Bucure\u0219ti","description":"\u0218tiri \u0219i investiga\u021bii esen\u021biale din capital\u0103","publisher":{"@id":"https:\/\/buletin.de\/bucuresti\/#organization"},"potentialAction":[{"@type":"SearchAction","target":{"@type":"EntryPoint","urlTemplate":"https:\/\/buletin.de\/bucuresti\/?s={search_term_string}"},"query-input":{"@type":"PropertyValueSpecification","valueRequired":true,"valueName":"search_term_string"}}],"inLanguage":"en-GB"},{"@type":"Organization","@id":"https:\/\/buletin.de\/bucuresti\/#organization","name":"Buletin de Bucure\u0219ti","url":"https:\/\/buletin.de\/bucuresti\/","logo":{"@type":"ImageObject","inLanguage":"en-GB","@id":"https:\/\/buletin.de\/bucuresti\/#\/schema\/logo\/image\/","url":"https:\/\/buletin.de\/bucuresti\/wp-content\/uploads\/logo-bdb-full-wide-vernil-transparent.png","contentUrl":"https:\/\/buletin.de\/bucuresti\/wp-content\/uploads\/logo-bdb-full-wide-vernil-transparent.png","width":1782,"height":626,"caption":"Buletin de Bucure\u0219ti"},"image":{"@id":"https:\/\/buletin.de\/bucuresti\/#\/schema\/logo\/image\/"},"sameAs":["https:\/\/www.facebook.com\/buletin.de.buc","https:\/\/www.instagram.com\/buletinde.bucuresti\/"]},{"@type":"Person","@id":"https:\/\/buletin.de\/bucuresti\/#\/schema\/person\/b0686d7a8b666c6afc78239777fd8a89","name":"Florin R\u00e2\u0219teiu","image":{"@type":"ImageObject","inLanguage":"en-GB","@id":"https:\/\/buletin.de\/bucuresti\/wp-content\/uploads\/Florin-Rasteiu-96x96.jpgf0a6fe28453aa12f0a60e4d0a2e3a78c","url":"https:\/\/buletin.de\/bucuresti\/wp-content\/uploads\/Florin-Rasteiu-96x96.jpg","contentUrl":"https:\/\/buletin.de\/bucuresti\/wp-content\/uploads\/Florin-Rasteiu-96x96.jpg","caption":"Florin R\u00e2\u0219teiu"},"description":"Jurnalist de investiga\u021bie. Lucreaz\u0103 de aproape 6 ani la Buletin de Bucure\u0219ti, unde a publicat articole care scot la suprafa\u021b\u0103 corup\u021bia din Capital\u0103. Analizeaz\u0103 baze de date zilnic \u0219i scoate pove\u0219ti din exceluri pline de cifre. Pune reflectorul pe adev\u0103r cu fiecare ocazie. A c\u00e2\u0219tigat premiul I la categoria Pres\u0103 Local\u0103 \u00een 2025 \u0219i locul al II-lea la aceea\u0219i categorie \u00een 2024 \u00een cadrul Premiilor Superscrieri pentru jurnalism independent.","url":"https:\/\/buletin.de\/bucuresti\/author\/florinrasteiu\/"}]}},"authors":[{"term_id":22576,"user_id":17,"is_guest":0,"slug":"florinrasteiu","display_name":"Florin R\u00e2\u0219teiu","avatar_url":"https:\/\/buletin.de\/bucuresti\/wp-content\/uploads\/Florin-Rasteiu-96x96.jpg","0":null,"1":"","2":"","3":"","4":"","5":"","6":"","7":"","8":""}],"_links":{"self":[{"href":"https:\/\/buletin.de\/bucuresti\/wp-json\/wp\/v2\/posts\/34644","targetHints":{"allow":["GET"]}}],"collection":[{"href":"https:\/\/buletin.de\/bucuresti\/wp-json\/wp\/v2\/posts"}],"about":[{"href":"https:\/\/buletin.de\/bucuresti\/wp-json\/wp\/v2\/types\/post"}],"author":[{"embeddable":true,"href":"https:\/\/buletin.de\/bucuresti\/wp-json\/wp\/v2\/users\/17"}],"replies":[{"embeddable":true,"href":"https:\/\/buletin.de\/bucuresti\/wp-json\/wp\/v2\/comments?post=34644"}],"version-history":[{"count":3,"href":"https:\/\/buletin.de\/bucuresti\/wp-json\/wp\/v2\/posts\/34644\/revisions"}],"predecessor-version":[{"id":34700,"href":"https:\/\/buletin.de\/bucuresti\/wp-json\/wp\/v2\/posts\/34644\/revisions\/34700"}],"wp:featuredmedia":[{"embeddable":true,"href":"https:\/\/buletin.de\/bucuresti\/wp-json\/wp\/v2\/media\/34645"}],"wp:attachment":[{"href":"https:\/\/buletin.de\/bucuresti\/wp-json\/wp\/v2\/media?parent=34644"}],"wp:term":[{"taxonomy":"category","embeddable":true,"href":"https:\/\/buletin.de\/bucuresti\/wp-json\/wp\/v2\/categories?post=34644"},{"taxonomy":"post_tag","embeddable":true,"href":"https:\/\/buletin.de\/bucuresti\/wp-json\/wp\/v2\/tags?post=34644"},{"taxonomy":"author","embeddable":true,"href":"https:\/\/buletin.de\/bucuresti\/wp-json\/wp\/v2\/ppma_author?post=34644"}],"curies":[{"name":"wp","href":"https:\/\/api.w.org\/{rel}","templated":true}]}}