{"id":34456,"date":"2021-11-11T20:02:47","date_gmt":"2021-11-11T18:02:47","guid":{"rendered":"https:\/\/buletin.de\/bucuresti\/?p=34456"},"modified":"2021-11-12T22:53:14","modified_gmt":"2021-11-12T20:53:14","slug":"orbital-bucuresti-intre-planurile-de-dezvoltare-si-interesele-imobiliare-din-ilfov-concluzii-din-dezbaterea-marele-bucuresti","status":"publish","type":"post","link":"https:\/\/buletin.de\/bucuresti\/orbital-bucuresti-intre-planurile-de-dezvoltare-si-interesele-imobiliare-din-ilfov-concluzii-din-dezbaterea-marele-bucuresti\/","title":{"rendered":"\u201eOrbital Bucure\u0219ti\u201d, \u00eentre planurile de dezvoltare \u0219i interesele imobiliare din Ilfov. Concluzii din dezbaterea \u201eMarele Bucure\u0219ti\u201d"},"content":{"rendered":"\n<p><strong>Autorit\u0103\u021bile vor pl\u0103ti 700 milioane de euro pentru proiectul <em>\u201eDrumuri Radiale &#8211; Orbital Bucure\u0219ti\u201d<\/em>, care promite c\u0103 va rezolva problema traficului din Capital\u0103. Practic, proiectul face leg\u0103tura dintre Municipiul Bucure\u0219ti \u0219i noul inel de centur\u0103 A0 \u0219i localit\u0103\u021bile din Ilfov, prin 10 drumuri radiale de aproape 100 km. Radialele vor fi construite \u00een zone agricole, lucru care va contribui la deservirea acestora c\u0103tre afacerile imobiliare \u0219i vor crea o dispersie urban\u0103, sus\u021bine Mihaela Negulescu, arhitact urbanist, \u00een cadrul dezbaterii \u201eMarele Bucure\u0219ti\u201d. Gabriel C\u0103rbunaru, consilier jude\u021bean, spune \u0219i el c\u0103 exist\u0103 pericolul unei expansiuni imobiliare necontrolate de-a lungul acestor radiale, la fel ca \u00een Chiajna sau Pope\u0219ti Leordeni. \u00cen replic\u0103, Ionel Scrio\u0219teanu, secretar de stat \u00een Ministerul Transporturilor spune c\u0103 ideea acestor drumuri radiale a ap\u0103rut \u00eenc\u0103 din 2018-2019, c\u00e2nd a fost contactat\u0103 Banca Mondial\u0103 pentru a face strategia de dezvoltare a Ilfovului. <\/strong><\/p>\n\n\n\n<blockquote class=\"wp-block-quote is-layout-flow wp-block-quote-is-layout-flow\"><p>Este un sistem rutier radial ce prevede 10 radiale, care se adaug\u0103 celor 11 radiale majore de drumuri na\u021bionale \u0219i trei autostr\u0103zi, la care se mai adaug\u0103 ni\u0219te radiale de drumuri jude\u021bene. Deci avem deja o gr\u0103mad\u0103 de radiale. \u0218i mai vin \u00eenc\u0103 10 radiale care vor fragmenta zona de extindere a Bucure\u0219tiului. Eu nu spun c\u0103 nu este nevoie de noi radiale, va fi nevoie, dar etapizat \u0219i nu toate dintr-o dat\u0103. Pentru c\u0103 dezvoltarea ora\u0219ului este tentacular\u0103 \u00een lungul radialelor rutiere existente. <\/p><p>Ce vor face aceste noi 10 radiale? Vor mai crea ni\u0219te tentacule de dezvoltare, vor accesibiliza terenurile agricole pentru c\u0103 toate aceste radiale sunt \u00een zone neconstruibile. Dintr-o dat\u0103 e un proiect de 10 artere mari care nu deservesc nimic. \u00cen schimb vor avea efectul pervers c\u0103 deservesc terenurile agricole prin care trec, l\u0103s\u00e2nd deoparte c\u0103 pre\u021bul le va cre\u0219te, spre fericirea proprietarilor, nici asta nu e o problem\u0103, ci faptul c\u0103 vor crea dispersie urban\u0103. Deci, \u00eenc\u0103 o cre\u0219tere dinasta cu c\u0103su\u021be mici care nu poate s\u0103 rentabilizeze transportul. Noi nu am reu\u0219it s\u0103 rezolv\u0103m transportul public nici pe radialele existente, dar mai b\u0103g\u0103m 10 radiale.<\/p><cite>A declarat Mihaela Negulescu, expert \u00een mobilitate urban\u0103, \u00een cadrul dezbaterii Marele Bucure\u0219ti<\/cite><\/blockquote>\n\n\n\n<p>Legat de promisiunea c\u0103 noile radiale vor sc\u0103pa Bucure\u0219tiul de trafic \u0219i vor ajuta la dezvoltarea zonei din jurul A0, exist\u0103 \u00eendoieli \u0219i \u00een r\u00e2ndul ilfovenilor, care au deja mai multe exemple cum ar fi: Pope\u0219ti-Leordeni, Bragadiru sau Chiajna, unde dezvoltarea imobiliar\u0103 a fost sc\u0103pat\u0103 de sub control \u0219i f\u0103cut\u0103 dup\u0103 ureche de c\u0103tre dezvoltatorii imobiliari. Gabriel C\u0103rbunaru a atras aten\u021bia \u0219i c\u0103 proiectul radialelor este unul recent ap\u0103rut \u00een spa\u021biul public \u0219i c\u0103 ar fi meritat s\u0103 existe mai mult\u0103 dezbatere pe marginea lui \u00eenainte de semnarea acestui protocol. <\/p>\n\n\n\n<blockquote class=\"wp-block-quote is-layout-flow wp-block-quote-is-layout-flow\"><p>Provocarea principal\u0103 a acestor radiale e legat\u0103 de valorizarea, ca s\u0103 zic a\u0219a, autostr\u0103zii A0, pentru o mai bun\u0103 activitate \u00een special pe ceea ce \u00eenseamn\u0103 comercial, industrial, servicii, a\u0219a sunt ele prezentate azi. Exist\u0103 o preocupare legat\u0103 de radiale cu privire la poten\u021bialul, sau poate chiar pericolul, unei expansiuni imobiliare sc\u0103pate de sub control [\u2026] \u00centrebarea care se pune \u00een leg\u0103tur\u0103 cu radialele este \u00een ce m\u0103sur\u0103 autorit\u0103\u021bile de azi sau de peste 3-7 ani vor reu\u0219i, totu\u0219i, s\u0103 valorizeze proiectul astfel \u00eenc\u00e2t aceste radiale s\u0103 fie \u00een rela\u021bie cu obiectivul principal stabilit azi sau acum c\u00e2\u021biva ani. [\u2026] Trebuie spus c\u0103 acest proiect al radialelor este unul destul de recent ap\u0103rut \u00een spa\u021biul public, dup\u0103 care s-au aprobat ca principiu acordurile de asociere \u00eentre PMB \u0219i Ministerul Transporturilor \u0219i CJ Ilfov, practic nu a existat mult\u0103 dezbatere \u0219i analiz\u0103 din partea public\u0103.\u00a0<\/p><cite>A declarat Gabriel C\u0103rbunaru, consilier jude\u021bean Ilfov <\/cite><\/blockquote>\n\n\n\n<p>Replica autorit\u0103\u021bilor centrale a venit de la Irinel Scrio\u0219teanu, secretar de stat \u00een Ministerul Transporturilor, care sus\u021bine c\u0103, de fapt, sunt \u0219apte radiale, celelalte trei sunt <span style=\"font-size: revert; color: initial;\">A1, DN3 \u0219i centura Afuma\u021bi, pe care se va face doar l\u0103rgirea unor benzi pentru a fluidiza traficul. Tot secretarul de stat al Ministerului transporturilor <\/span>spune c\u0103 acest proiect este unul strategic din punct de vedere economic pentru c\u0103 decongestioneaz\u0103 traficul din zona care aduce 30% din PIB-ul \u021b\u0103rii. <\/p>\n\n\n\n<blockquote class=\"wp-block-quote is-layout-flow wp-block-quote-is-layout-flow\"><p>Aceast\u0103 zon\u0103 produce aproape 30% din PIB-ul Rom\u00e2niei. Din punct de vedere economic e o chestiune strategic\u0103 na\u021bional\u0103 ca acest motor economic al Rom\u00e2niei s\u0103 func\u021bioneze. Ast\u0103zi are probleme foarte mari din cauza traficului foarte aglomerat pe actuala centur\u0103 \u0219i zonele adiacente. \u0218i nu sunt 10, sunt 7 noi radiale. Trei dintre ele reprezint\u0103 A1 l\u0103rgire la trei benzi, practic urbanizarea primului sector de aproximativ 20 de km din A1, pentru c\u0103 apare marele nod cu A0 \u0219i aceast\u0103 zon\u0103 \u00eentre Capital\u0103, A0 \u0219i pu\u021bin mai departe trebuie reg\u00e2ndit\u0103, reconfigurat\u0103. Cel\u0103lalt radial care reprezint\u0103 DN3, practic de le Leb\u0103da de Jos, p\u00e2n\u0103 la intersec\u021bia cu A0 urm\u0103rim s\u0103 facem patru benzi dar cu posibilitatea s\u0103 ducem tramvaiul p\u00e2n\u0103 dincolo de Pantelimon, eventual s\u0103 \u0219i supratraves\u0103m \u0219i s\u0103 facem un park&amp;ride dincolo de actuala centur\u0103. Un alt radial \u00eel reprezint\u0103, de fapt, centura Afuma\u021biului, pentru c\u0103 acolo avem cele mai negre puncte de pe DN2,&nbsp; Afuma\u021bi-Voluntari. Deci, trei dintre radiale sunt dou\u0103 drumuri A1 \u0219i DN3 \u0219i centura Afuma\u021bi. Celelalte \u0219apte, practic un singur sector are dou\u0103, Sectorul 6. Aceste radiale, c\u00e2nd le-am g\u00e2ndit cu Banca Mondial\u0103 au fost \u00een primul r\u00e2nd pentru a lega zona economic\u0103 Bucure\u0219ti-Ilfov de Coridorul 4.&nbsp;<\/p><cite>A declarat Irinel Scrio\u0219teanu, secretar de stat \u00een Ministerul Transporturilor, \u00een cadrul dezbaterii Marele Bucure\u0219ti <\/cite><\/blockquote>\n\n\n\n<p>Pe 29 octombrie, consilierii generali din Capital\u0103 au decis s\u0103 se asocieze cu Ministerul Transporturilor \u0219i Consiliul Jude\u021bean Ilfov pentru a realiza o re\u021bea de 10 drumuri radiale \u00eentre Bucure\u0219ti, noul inel de centur\u0103 A0 \u0219i localit\u0103\u021bile din Ilfov. Cei 100 km de drumuri radiale ar urma s\u0103 coste 700 de milioane de euro, bani care vor asigura\u021bi din fonduri europene, de la bugetul de stat, dar \u0219i din bugetul local al PMB. <\/p>\n\n\n\n<p>La o s\u0103pt\u0103m\u00e2n\u0103 de la votul din CGMB, a fost semnat \u0219i protocolul de colaborare dintre Ministerul Transporturilor cu Prim\u0103ria Capitalei, la \u00eenceputul c\u0103ruia este scris \u0219i scopul acestor drumuri: <em> \u201ecre\u0219terea atractivit\u0103\u021bii investi\u0163iei autostr\u0103zii A0 &#8211; Inel Bucure\u0219ti prin conectarea acesteia la municipiul Bucure\u0219ti \u0219i la aria metropolitan\u0103.\u201d<\/em><\/p>\n\n\n\n<h3 class=\"wp-block-heading\"><strong>Cele 10 noi drumuri radiale care urmeaz\u0103 s\u0103 fie f\u0103cute \u00een Bucure\u0219ti: <\/strong><\/h3>\n\n\n\n<ul class=\"has-background wp-block-list\" style=\"background-color:#fbef86\"><li>DR1 &#8211; Vest Expres, are o lungime de 8.98 km \u0219i realizeaz\u0103 leg\u0103tura \u00eentre Autostrada A0 &#8211; DNCB &#8211; Bulevardul Timi\u0219oara, av\u00e2nd un cost estimat de 75.11 mil. euro cu TVA.<\/li><li>DR2 &#8211; Autostrada A1, are o lungime de 12.02 km \u0219i scopul proiectului este de extindere la trei benzi pe sens \u00eentre km 10 \u0219i km 23 a Autostr\u0103zii A1. Costul estimat este de 42.90 mil. euro cu TVA.<\/li><li>DR3 &#8211; Giule\u0219ti Expres, drum radial care are o lungime de 10.37 km, conecteaz\u0103 S\u0103b\u0103reni la Autostrada AO, se prelunge\u015fte p\u00e2n\u0103 la DNCB apoi realizeaz\u0103 leg\u0103tura cu Calea Giule\u015fti. Costul estimat este de 72.62 mil. euro cu TVA.<\/li><li>DR4 &#8211; NordExpres, cu o lungime de 12.59 km realizeaz\u0103 conexiunea localit\u0103\u0163ii Corbeanca la Autostrada A0 apoi se prelunge\u0219te spre DNCB \u0219i Bulevardul Poligrafiei. Costul total estimat este de 102.39 mil. euro cu TVA.<\/li><li>DR5 &#8211; Pipera Expres, are o lungime de 10.53 km \u0219i realizeaz\u0103 leg\u0103tura \u00eentre Autostrada A0 \u0219i localit\u0103\u021bile Otopeni &#8211; Tunari &#8211; DNCB- Pipera &#8211; B\u0103neasa Nord. Costul total estimat este de 85.97 mil. euro cu TVA.<\/li><li>DR6 &#8211; Afuma\u0163i Expres, drumul radial ce realizeaz\u0103 conexiunea Autostr\u0103zii A0 cu DN2, devenind o variant\u0103 de ocolire a localit\u0103\u021bii Afuma\u0163i. Are o lungime de 4.39 km \u0219i un cost total de 34.14 mil. euro cu TVA.<\/li><li>DR7 &#8211; Est Expres are o lungime total\u0103 de 6.10 km \u0219i conecteaz\u0103 Moara Domneasc\u0103 la Autostrada A0 \u0219i realizeaz\u0103 leg\u0103tura municipiului Bucure\u0219ti la A0 prin Dobroie\u0219ti-Pantelimon &#8211; DNCB \u2013 A0. Costul estimat este de 58.34 mil. euro cu TVA.<\/li><li>DR8 -Splai Expres cu o lungime de 5.49 km conecteaz\u0103 Autostrada A0 cu municipiul Bucure\u0219ti prin leg\u0103tura la DNCB \u0219i Splaiul Unirii, dar \u0219i conexiunea cu zona metropolitan\u0103 prin nodul Cernica. Costul total estimat este de 36.51 mil. euro cu TVA.<\/li><li>DR9 &#8211; Sud Expres, are o lungime de 13.86 km \u0219i realizeaz\u0103 conexiunea Vidra &#8211; Autostrada A0 &#8211; DNCB &#8211; Bulevardul Metalurgiei\/ Gara Progresu. Costul estimat este de 96.44 mil. euro cu TVA.<\/li><li>DR10 \u2013 M\u0103gurele Expres, realizeaz\u0103 leg\u0103tura Autostr\u0103zii A0 la DNCB &#8211; Parc Industrial M\u0103gurele &#8211; Prelungirea Ferentari. Are o lungime de 9.62 km \u0219i un cost total estimat de 76.65 mil. euro cu TVA.<\/li><\/ul>\n\n\n\n<figure class=\"wp-block-image size-large\"><a href=\"https:\/\/buletin.de\/bucuresti\/wp-content\/uploads\/harta-drumuri-radiale.jpg\"><img fetchpriority=\"high\" decoding=\"async\" width=\"900\" height=\"604\" src=\"data:image\/gif;base64,R0lGODlhAQABAAAAACH5BAEKAAEALAAAAAABAAEAAAICTAEAOw==\" data-src=\"https:\/\/buletin.de\/bucuresti\/wp-content\/uploads\/harta-drumuri-radiale-900x604.jpg\" alt=\"\" class=\"wp-image-34483 lazyload\" data-sizes=\"auto\" data-srcset=\"https:\/\/buletin.de\/bucuresti\/wp-content\/uploads\/harta-drumuri-radiale-900x604.jpg 900w, https:\/\/buletin.de\/bucuresti\/wp-content\/uploads\/harta-drumuri-radiale-300x201.jpg 300w, https:\/\/buletin.de\/bucuresti\/wp-content\/uploads\/harta-drumuri-radiale-768x515.jpg 768w, https:\/\/buletin.de\/bucuresti\/wp-content\/uploads\/harta-drumuri-radiale-1060x711.jpg 1060w, https:\/\/buletin.de\/bucuresti\/wp-content\/uploads\/harta-drumuri-radiale-550x369.jpg 550w, https:\/\/buletin.de\/bucuresti\/wp-content\/uploads\/harta-drumuri-radiale-745x500.jpg 745w, https:\/\/buletin.de\/bucuresti\/wp-content\/uploads\/harta-drumuri-radiale-600x403.jpg 600w, https:\/\/buletin.de\/bucuresti\/wp-content\/uploads\/harta-drumuri-radiale.jpg 1371w\" sizes=\"(max-width: 900px) 100vw, 900px\" \/><\/a><figcaption>Harta celor noi 10 drumuri radiale. <strong>Surs\u0103 foto<\/strong>: PMB.ro <\/figcaption><\/figure>\n\n\n\n<p>Dezbaterea despre transportul sustenabil poate fi ascultat\u0103 integral pe pagina de Facebook Buletin de Bucure\u0219ti unde, pe 17 noiembrie, va putea fi v\u0103zut\u0103 live \u0219i a cincea dezbatere din aceast\u0103 serie cu tema \u201e<em>Bucure\u0219tiul metropolitan<\/em>\u201d:<\/p>\n\n\n\n<iframe src=\"https:\/\/www.facebook.com\/plugins\/video.php?height=314&amp;href=https%3A%2F%2Fwww.facebook.com%2Fbuletin.de.buc%2Fvideos%2F592053265331768%2F&amp;show_text=false&amp;width=560&amp;t=0\" width=\"560\" height=\"314\" style=\"border:none;overflow:hidden\" scrolling=\"no\" frameborder=\"0\" allowfullscreen=\"true\" allow=\"autoplay; clipboard-write; encrypted-media; picture-in-picture; web-share\"><\/iframe>\n\n\n\n<p>Aceasta a fost a patra discu\u021bie din seria \u201eMarele Bucure\u0219ti\u201d, o serie de \u0219ase dezbateri despre subiecte vulnerabile \u0219i de interes pentru Bucure\u0219ti. Tema dezbaterii a fost \u201eTransport sustenabil\u201d. Dezbatera a fost moderat\u0103 de Elena Calistru (Pre\u0219edinte, Funky Citizens) \u0219i&nbsp;<a href=\"https:\/\/buletin.de\/bucuresti\/author\/catalin\/\">C\u0103t\u0103lin Dosca\u0219<\/a>&nbsp;(reporter, Buletin de Bucure\u0219ti). <\/p>\n\n\n\n<hr class=\"wp-block-separator\"\/>\n\n\n\n<p><em>Marele Bucure\u0219ti este un proiect elaborat cu sprijinul B\u0103ncii Mondiale, care ofer\u0103 asisten\u021b\u0103 tehnic\u0103 Prim\u0103riei Municipiului Bucure\u0219ti pentru elaborarea Strategiei Integrate de Dezvoltare Urban\u0103 (Strategia #Bucuresti2050). Detalii pe&nbsp;<a target=\"_blank\" href=\"https:\/\/www.estibucuresti.org\/\" rel=\"noreferrer noopener\">estibucuresti.org<\/a>&nbsp;\/\/&nbsp;<a target=\"_blank\" href=\"http:\/\/www.fb.com\/estibucuresti.org\" rel=\"noreferrer noopener\">www.fb.com\/estibucuresti.org<\/a><\/em><\/p>\n\n\n\n<p>Cite\u0219te mai multe detalii aici:<\/p>\n\n\n\n<h3 class=\"wp-block-heading\"><a href=\"https:\/\/buletin.de\/bucuresti\/marele-bucuresti\/\"><strong>Marele Bucure\u0219ti<\/strong><\/a><\/h3>\n","protected":false},"excerpt":{"rendered":"<p>Autorit\u0103\u021bile vor pl\u0103ti 700 milioane de euro pentru proiectul \u201eDrumuri Radiale &#8211; Orbital Bucure\u0219ti\u201d, care promite c\u0103 va rezolva problema traficului din Capital\u0103. Practic, proiectul face leg\u0103tura dintre Municipiul Bucure\u0219ti \u0219i noul inel de centur\u0103 A0 \u0219i localit\u0103\u021bile din Ilfov, prin 10 drumuri radiale de aproape 100 km. Radialele vor fi construite \u00een zone agricole, [&hellip;]<\/p>\n","protected":false},"author":17,"featured_media":34525,"comment_status":"closed","ping_status":"open","sticky":false,"template":"","format":"standard","meta":{"_acf_changed":false,"inline_featured_image":false,"ngg_post_thumbnail":0,"footnotes":""},"categories":[3419,650],"tags":[554,3246,3462],"ppma_author":[22576],"class_list":["post-34456","post","type-post","status-publish","format-standard","has-post-thumbnail","hentry","category-featured","category-transport","tag-dezbatere","tag-marele-bucuresti-2","tag-orbital-bucuresti"],"acf":[],"yoast_head":"<!-- This site is optimized with the Yoast SEO Premium plugin v25.3 (Yoast SEO v27.5) - https:\/\/yoast.com\/product\/yoast-seo-premium-wordpress\/ -->\n<title>\u201eOrbital Bucure\u0219ti\u201d, \u00eentre planurile de dezvoltare \u0219i interesele imobiliare din Ilfov. Concluzii din dezbaterea \u201eMarele Bucure\u0219ti\u201d - Buletin de Bucure\u0219ti<\/title>\n<meta name=\"robots\" content=\"index, follow, max-snippet:-1, max-image-preview:large, max-video-preview:-1\" \/>\n<link rel=\"canonical\" href=\"https:\/\/buletin.de\/bucuresti\/orbital-bucuresti-intre-planurile-de-dezvoltare-si-interesele-imobiliare-din-ilfov-concluzii-din-dezbaterea-marele-bucuresti\/\" \/>\n<meta property=\"og:locale\" content=\"en_GB\" \/>\n<meta property=\"og:type\" content=\"article\" \/>\n<meta property=\"og:title\" content=\"\u201eOrbital Bucure\u0219ti\u201d, \u00eentre planurile de dezvoltare \u0219i interesele imobiliare din Ilfov. Concluzii din dezbaterea \u201eMarele Bucure\u0219ti\u201d\" \/>\n<meta property=\"og:description\" content=\"Autorit\u0103\u021bile vor pl\u0103ti 700 milioane de euro pentru proiectul \u201eDrumuri Radiale &#8211; Orbital Bucure\u0219ti\u201d, care promite c\u0103 va rezolva problema traficului din Capital\u0103. Practic, proiectul face leg\u0103tura dintre Municipiul Bucure\u0219ti \u0219i noul inel de centur\u0103 A0 \u0219i localit\u0103\u021bile din Ilfov, prin 10 drumuri radiale de aproape 100 km. Radialele vor fi construite \u00een zone agricole, [&hellip;]\" \/>\n<meta property=\"og:url\" content=\"https:\/\/buletin.de\/bucuresti\/orbital-bucuresti-intre-planurile-de-dezvoltare-si-interesele-imobiliare-din-ilfov-concluzii-din-dezbaterea-marele-bucuresti\/\" \/>\n<meta property=\"og:site_name\" content=\"Buletin de Bucure\u0219ti\" \/>\n<meta property=\"article:publisher\" content=\"https:\/\/www.facebook.com\/buletin.de.buc\" \/>\n<meta property=\"article:published_time\" content=\"2021-11-11T18:02:47+00:00\" \/>\n<meta property=\"article:modified_time\" content=\"2021-11-12T20:53:14+00:00\" \/>\n<meta property=\"og:image\" content=\"https:\/\/buletin.de\/bucuresti\/wp-content\/uploads\/arderi-ilfov-1.jpg\" \/>\n\t<meta property=\"og:image:width\" content=\"2000\" \/>\n\t<meta property=\"og:image:height\" content=\"827\" \/>\n\t<meta property=\"og:image:type\" content=\"image\/jpeg\" \/>\n<meta name=\"author\" content=\"Florin R\u00e2\u0219teiu\" \/>\n<meta name=\"twitter:card\" content=\"summary_large_image\" \/>\n<meta name=\"twitter:label1\" content=\"Written by\" \/>\n\t<meta name=\"twitter:data1\" content=\"Florin R\u00e2\u0219teiu\" \/>\n\t<meta name=\"twitter:label2\" content=\"Estimated reading time\" \/>\n\t<meta name=\"twitter:data2\" content=\"7 minutes\" \/>\n<script type=\"application\/ld+json\" class=\"yoast-schema-graph\">{\"@context\":\"https:\\\/\\\/schema.org\",\"@graph\":[{\"@type\":\"Article\",\"@id\":\"https:\\\/\\\/buletin.de\\\/bucuresti\\\/orbital-bucuresti-intre-planurile-de-dezvoltare-si-interesele-imobiliare-din-ilfov-concluzii-din-dezbaterea-marele-bucuresti\\\/#article\",\"isPartOf\":{\"@id\":\"https:\\\/\\\/buletin.de\\\/bucuresti\\\/orbital-bucuresti-intre-planurile-de-dezvoltare-si-interesele-imobiliare-din-ilfov-concluzii-din-dezbaterea-marele-bucuresti\\\/\"},\"author\":{\"name\":\"Florin R\u00e2\u0219teiu\",\"@id\":\"https:\\\/\\\/buletin.de\\\/bucuresti\\\/#\\\/schema\\\/person\\\/b0686d7a8b666c6afc78239777fd8a89\"},\"headline\":\"\u201eOrbital Bucure\u0219ti\u201d, \u00eentre planurile de dezvoltare \u0219i interesele imobiliare din Ilfov. Concluzii din dezbaterea \u201eMarele Bucure\u0219ti\u201d\",\"datePublished\":\"2021-11-11T18:02:47+00:00\",\"dateModified\":\"2021-11-12T20:53:14+00:00\",\"mainEntityOfPage\":{\"@id\":\"https:\\\/\\\/buletin.de\\\/bucuresti\\\/orbital-bucuresti-intre-planurile-de-dezvoltare-si-interesele-imobiliare-din-ilfov-concluzii-din-dezbaterea-marele-bucuresti\\\/\"},\"wordCount\":1640,\"publisher\":{\"@id\":\"https:\\\/\\\/buletin.de\\\/bucuresti\\\/#organization\"},\"image\":{\"@id\":\"https:\\\/\\\/buletin.de\\\/bucuresti\\\/orbital-bucuresti-intre-planurile-de-dezvoltare-si-interesele-imobiliare-din-ilfov-concluzii-din-dezbaterea-marele-bucuresti\\\/#primaryimage\"},\"thumbnailUrl\":\"https:\\\/\\\/buletin.de\\\/bucuresti\\\/wp-content\\\/uploads\\\/arderi-ilfov-1.jpg\",\"keywords\":[\"dezbatere\",\"marele bucuresti\",\"orbital bucuresti\"],\"articleSection\":[\"Featured\",\"Transport\"],\"inLanguage\":\"en-GB\",\"copyrightYear\":\"2021\",\"copyrightHolder\":{\"@id\":\"https:\\\/\\\/buletin.de\\\/bucuresti\\\/#organization\"}},{\"@type\":\"WebPage\",\"@id\":\"https:\\\/\\\/buletin.de\\\/bucuresti\\\/orbital-bucuresti-intre-planurile-de-dezvoltare-si-interesele-imobiliare-din-ilfov-concluzii-din-dezbaterea-marele-bucuresti\\\/\",\"url\":\"https:\\\/\\\/buletin.de\\\/bucuresti\\\/orbital-bucuresti-intre-planurile-de-dezvoltare-si-interesele-imobiliare-din-ilfov-concluzii-din-dezbaterea-marele-bucuresti\\\/\",\"name\":\"\u201eOrbital Bucure\u0219ti\u201d, \u00eentre planurile de dezvoltare \u0219i interesele imobiliare din Ilfov. Concluzii din dezbaterea \u201eMarele Bucure\u0219ti\u201d - Buletin de Bucure\u0219ti\",\"isPartOf\":{\"@id\":\"https:\\\/\\\/buletin.de\\\/bucuresti\\\/#website\"},\"primaryImageOfPage\":{\"@id\":\"https:\\\/\\\/buletin.de\\\/bucuresti\\\/orbital-bucuresti-intre-planurile-de-dezvoltare-si-interesele-imobiliare-din-ilfov-concluzii-din-dezbaterea-marele-bucuresti\\\/#primaryimage\"},\"image\":{\"@id\":\"https:\\\/\\\/buletin.de\\\/bucuresti\\\/orbital-bucuresti-intre-planurile-de-dezvoltare-si-interesele-imobiliare-din-ilfov-concluzii-din-dezbaterea-marele-bucuresti\\\/#primaryimage\"},\"thumbnailUrl\":\"https:\\\/\\\/buletin.de\\\/bucuresti\\\/wp-content\\\/uploads\\\/arderi-ilfov-1.jpg\",\"datePublished\":\"2021-11-11T18:02:47+00:00\",\"dateModified\":\"2021-11-12T20:53:14+00:00\",\"breadcrumb\":{\"@id\":\"https:\\\/\\\/buletin.de\\\/bucuresti\\\/orbital-bucuresti-intre-planurile-de-dezvoltare-si-interesele-imobiliare-din-ilfov-concluzii-din-dezbaterea-marele-bucuresti\\\/#breadcrumb\"},\"inLanguage\":\"en-GB\",\"potentialAction\":[{\"@type\":\"ReadAction\",\"target\":[\"https:\\\/\\\/buletin.de\\\/bucuresti\\\/orbital-bucuresti-intre-planurile-de-dezvoltare-si-interesele-imobiliare-din-ilfov-concluzii-din-dezbaterea-marele-bucuresti\\\/\"]}]},{\"@type\":\"ImageObject\",\"inLanguage\":\"en-GB\",\"@id\":\"https:\\\/\\\/buletin.de\\\/bucuresti\\\/orbital-bucuresti-intre-planurile-de-dezvoltare-si-interesele-imobiliare-din-ilfov-concluzii-din-dezbaterea-marele-bucuresti\\\/#primaryimage\",\"url\":\"https:\\\/\\\/buletin.de\\\/bucuresti\\\/wp-content\\\/uploads\\\/arderi-ilfov-1.jpg\",\"contentUrl\":\"https:\\\/\\\/buletin.de\\\/bucuresti\\\/wp-content\\\/uploads\\\/arderi-ilfov-1.jpg\",\"width\":2000,\"height\":827},{\"@type\":\"BreadcrumbList\",\"@id\":\"https:\\\/\\\/buletin.de\\\/bucuresti\\\/orbital-bucuresti-intre-planurile-de-dezvoltare-si-interesele-imobiliare-din-ilfov-concluzii-din-dezbaterea-marele-bucuresti\\\/#breadcrumb\",\"itemListElement\":[{\"@type\":\"ListItem\",\"position\":1,\"name\":\"Acas\u0103\",\"item\":\"https:\\\/\\\/buletin.de\\\/bucuresti\\\/\"},{\"@type\":\"ListItem\",\"position\":2,\"name\":\"\u201eOrbital Bucure\u0219ti\u201d, \u00eentre planurile de dezvoltare \u0219i interesele imobiliare din Ilfov. Concluzii din dezbaterea \u201eMarele Bucure\u0219ti\u201d\"}]},{\"@type\":\"WebSite\",\"@id\":\"https:\\\/\\\/buletin.de\\\/bucuresti\\\/#website\",\"url\":\"https:\\\/\\\/buletin.de\\\/bucuresti\\\/\",\"name\":\"Buletin de Bucure\u0219ti\",\"description\":\"\u0218tiri \u0219i investiga\u021bii esen\u021biale din capital\u0103\",\"publisher\":{\"@id\":\"https:\\\/\\\/buletin.de\\\/bucuresti\\\/#organization\"},\"potentialAction\":[{\"@type\":\"SearchAction\",\"target\":{\"@type\":\"EntryPoint\",\"urlTemplate\":\"https:\\\/\\\/buletin.de\\\/bucuresti\\\/?s={search_term_string}\"},\"query-input\":{\"@type\":\"PropertyValueSpecification\",\"valueRequired\":true,\"valueName\":\"search_term_string\"}}],\"inLanguage\":\"en-GB\"},{\"@type\":\"Organization\",\"@id\":\"https:\\\/\\\/buletin.de\\\/bucuresti\\\/#organization\",\"name\":\"Buletin de Bucure\u0219ti\",\"url\":\"https:\\\/\\\/buletin.de\\\/bucuresti\\\/\",\"logo\":{\"@type\":\"ImageObject\",\"inLanguage\":\"en-GB\",\"@id\":\"https:\\\/\\\/buletin.de\\\/bucuresti\\\/#\\\/schema\\\/logo\\\/image\\\/\",\"url\":\"https:\\\/\\\/buletin.de\\\/bucuresti\\\/wp-content\\\/uploads\\\/logo-bdb-full-wide-vernil-transparent.png\",\"contentUrl\":\"https:\\\/\\\/buletin.de\\\/bucuresti\\\/wp-content\\\/uploads\\\/logo-bdb-full-wide-vernil-transparent.png\",\"width\":1782,\"height\":626,\"caption\":\"Buletin de Bucure\u0219ti\"},\"image\":{\"@id\":\"https:\\\/\\\/buletin.de\\\/bucuresti\\\/#\\\/schema\\\/logo\\\/image\\\/\"},\"sameAs\":[\"https:\\\/\\\/www.facebook.com\\\/buletin.de.buc\",\"https:\\\/\\\/www.instagram.com\\\/buletinde.bucuresti\\\/\"]},{\"@type\":\"Person\",\"@id\":\"https:\\\/\\\/buletin.de\\\/bucuresti\\\/#\\\/schema\\\/person\\\/b0686d7a8b666c6afc78239777fd8a89\",\"name\":\"Florin R\u00e2\u0219teiu\",\"image\":{\"@type\":\"ImageObject\",\"inLanguage\":\"en-GB\",\"@id\":\"https:\\\/\\\/buletin.de\\\/bucuresti\\\/wp-content\\\/uploads\\\/Florin-Rasteiu-96x96.jpgf0a6fe28453aa12f0a60e4d0a2e3a78c\",\"url\":\"https:\\\/\\\/buletin.de\\\/bucuresti\\\/wp-content\\\/uploads\\\/Florin-Rasteiu-96x96.jpg\",\"contentUrl\":\"https:\\\/\\\/buletin.de\\\/bucuresti\\\/wp-content\\\/uploads\\\/Florin-Rasteiu-96x96.jpg\",\"caption\":\"Florin R\u00e2\u0219teiu\"},\"description\":\"Jurnalist de investiga\u021bie. Lucreaz\u0103 de aproape 6 ani la Buletin de Bucure\u0219ti, unde a publicat articole care scot la suprafa\u021b\u0103 corup\u021bia din Capital\u0103. Analizeaz\u0103 baze de date zilnic \u0219i scoate pove\u0219ti din exceluri pline de cifre. Pune reflectorul pe adev\u0103r cu fiecare ocazie. A c\u00e2\u0219tigat premiul I la categoria Pres\u0103 Local\u0103 \u00een 2025 \u0219i locul al II-lea la aceea\u0219i categorie \u00een 2024 \u00een cadrul Premiilor Superscrieri pentru jurnalism independent.\",\"url\":\"https:\\\/\\\/buletin.de\\\/bucuresti\\\/author\\\/florinrasteiu\\\/\"}]}<\/script>\n<!-- \/ Yoast SEO Premium plugin. -->","yoast_head_json":{"title":"\u201eOrbital Bucure\u0219ti\u201d, \u00eentre planurile de dezvoltare \u0219i interesele imobiliare din Ilfov. Concluzii din dezbaterea \u201eMarele Bucure\u0219ti\u201d - Buletin de Bucure\u0219ti","robots":{"index":"index","follow":"follow","max-snippet":"max-snippet:-1","max-image-preview":"max-image-preview:large","max-video-preview":"max-video-preview:-1"},"canonical":"https:\/\/buletin.de\/bucuresti\/orbital-bucuresti-intre-planurile-de-dezvoltare-si-interesele-imobiliare-din-ilfov-concluzii-din-dezbaterea-marele-bucuresti\/","og_locale":"en_GB","og_type":"article","og_title":"\u201eOrbital Bucure\u0219ti\u201d, \u00eentre planurile de dezvoltare \u0219i interesele imobiliare din Ilfov. Concluzii din dezbaterea \u201eMarele Bucure\u0219ti\u201d","og_description":"Autorit\u0103\u021bile vor pl\u0103ti 700 milioane de euro pentru proiectul \u201eDrumuri Radiale &#8211; Orbital Bucure\u0219ti\u201d, care promite c\u0103 va rezolva problema traficului din Capital\u0103. Practic, proiectul face leg\u0103tura dintre Municipiul Bucure\u0219ti \u0219i noul inel de centur\u0103 A0 \u0219i localit\u0103\u021bile din Ilfov, prin 10 drumuri radiale de aproape 100 km. Radialele vor fi construite \u00een zone agricole, [&hellip;]","og_url":"https:\/\/buletin.de\/bucuresti\/orbital-bucuresti-intre-planurile-de-dezvoltare-si-interesele-imobiliare-din-ilfov-concluzii-din-dezbaterea-marele-bucuresti\/","og_site_name":"Buletin de Bucure\u0219ti","article_publisher":"https:\/\/www.facebook.com\/buletin.de.buc","article_published_time":"2021-11-11T18:02:47+00:00","article_modified_time":"2021-11-12T20:53:14+00:00","og_image":[{"width":2000,"height":827,"url":"https:\/\/buletin.de\/bucuresti\/wp-content\/uploads\/arderi-ilfov-1.jpg","type":"image\/jpeg"}],"author":"Florin R\u00e2\u0219teiu","twitter_card":"summary_large_image","twitter_misc":{"Written by":"Florin R\u00e2\u0219teiu","Estimated reading time":"7 minutes"},"schema":{"@context":"https:\/\/schema.org","@graph":[{"@type":"Article","@id":"https:\/\/buletin.de\/bucuresti\/orbital-bucuresti-intre-planurile-de-dezvoltare-si-interesele-imobiliare-din-ilfov-concluzii-din-dezbaterea-marele-bucuresti\/#article","isPartOf":{"@id":"https:\/\/buletin.de\/bucuresti\/orbital-bucuresti-intre-planurile-de-dezvoltare-si-interesele-imobiliare-din-ilfov-concluzii-din-dezbaterea-marele-bucuresti\/"},"author":{"name":"Florin R\u00e2\u0219teiu","@id":"https:\/\/buletin.de\/bucuresti\/#\/schema\/person\/b0686d7a8b666c6afc78239777fd8a89"},"headline":"\u201eOrbital Bucure\u0219ti\u201d, \u00eentre planurile de dezvoltare \u0219i interesele imobiliare din Ilfov. Concluzii din dezbaterea \u201eMarele Bucure\u0219ti\u201d","datePublished":"2021-11-11T18:02:47+00:00","dateModified":"2021-11-12T20:53:14+00:00","mainEntityOfPage":{"@id":"https:\/\/buletin.de\/bucuresti\/orbital-bucuresti-intre-planurile-de-dezvoltare-si-interesele-imobiliare-din-ilfov-concluzii-din-dezbaterea-marele-bucuresti\/"},"wordCount":1640,"publisher":{"@id":"https:\/\/buletin.de\/bucuresti\/#organization"},"image":{"@id":"https:\/\/buletin.de\/bucuresti\/orbital-bucuresti-intre-planurile-de-dezvoltare-si-interesele-imobiliare-din-ilfov-concluzii-din-dezbaterea-marele-bucuresti\/#primaryimage"},"thumbnailUrl":"https:\/\/buletin.de\/bucuresti\/wp-content\/uploads\/arderi-ilfov-1.jpg","keywords":["dezbatere","marele bucuresti","orbital bucuresti"],"articleSection":["Featured","Transport"],"inLanguage":"en-GB","copyrightYear":"2021","copyrightHolder":{"@id":"https:\/\/buletin.de\/bucuresti\/#organization"}},{"@type":"WebPage","@id":"https:\/\/buletin.de\/bucuresti\/orbital-bucuresti-intre-planurile-de-dezvoltare-si-interesele-imobiliare-din-ilfov-concluzii-din-dezbaterea-marele-bucuresti\/","url":"https:\/\/buletin.de\/bucuresti\/orbital-bucuresti-intre-planurile-de-dezvoltare-si-interesele-imobiliare-din-ilfov-concluzii-din-dezbaterea-marele-bucuresti\/","name":"\u201eOrbital Bucure\u0219ti\u201d, \u00eentre planurile de dezvoltare \u0219i interesele imobiliare din Ilfov. Concluzii din dezbaterea \u201eMarele Bucure\u0219ti\u201d - Buletin de Bucure\u0219ti","isPartOf":{"@id":"https:\/\/buletin.de\/bucuresti\/#website"},"primaryImageOfPage":{"@id":"https:\/\/buletin.de\/bucuresti\/orbital-bucuresti-intre-planurile-de-dezvoltare-si-interesele-imobiliare-din-ilfov-concluzii-din-dezbaterea-marele-bucuresti\/#primaryimage"},"image":{"@id":"https:\/\/buletin.de\/bucuresti\/orbital-bucuresti-intre-planurile-de-dezvoltare-si-interesele-imobiliare-din-ilfov-concluzii-din-dezbaterea-marele-bucuresti\/#primaryimage"},"thumbnailUrl":"https:\/\/buletin.de\/bucuresti\/wp-content\/uploads\/arderi-ilfov-1.jpg","datePublished":"2021-11-11T18:02:47+00:00","dateModified":"2021-11-12T20:53:14+00:00","breadcrumb":{"@id":"https:\/\/buletin.de\/bucuresti\/orbital-bucuresti-intre-planurile-de-dezvoltare-si-interesele-imobiliare-din-ilfov-concluzii-din-dezbaterea-marele-bucuresti\/#breadcrumb"},"inLanguage":"en-GB","potentialAction":[{"@type":"ReadAction","target":["https:\/\/buletin.de\/bucuresti\/orbital-bucuresti-intre-planurile-de-dezvoltare-si-interesele-imobiliare-din-ilfov-concluzii-din-dezbaterea-marele-bucuresti\/"]}]},{"@type":"ImageObject","inLanguage":"en-GB","@id":"https:\/\/buletin.de\/bucuresti\/orbital-bucuresti-intre-planurile-de-dezvoltare-si-interesele-imobiliare-din-ilfov-concluzii-din-dezbaterea-marele-bucuresti\/#primaryimage","url":"https:\/\/buletin.de\/bucuresti\/wp-content\/uploads\/arderi-ilfov-1.jpg","contentUrl":"https:\/\/buletin.de\/bucuresti\/wp-content\/uploads\/arderi-ilfov-1.jpg","width":2000,"height":827},{"@type":"BreadcrumbList","@id":"https:\/\/buletin.de\/bucuresti\/orbital-bucuresti-intre-planurile-de-dezvoltare-si-interesele-imobiliare-din-ilfov-concluzii-din-dezbaterea-marele-bucuresti\/#breadcrumb","itemListElement":[{"@type":"ListItem","position":1,"name":"Acas\u0103","item":"https:\/\/buletin.de\/bucuresti\/"},{"@type":"ListItem","position":2,"name":"\u201eOrbital Bucure\u0219ti\u201d, \u00eentre planurile de dezvoltare \u0219i interesele imobiliare din Ilfov. Concluzii din dezbaterea \u201eMarele Bucure\u0219ti\u201d"}]},{"@type":"WebSite","@id":"https:\/\/buletin.de\/bucuresti\/#website","url":"https:\/\/buletin.de\/bucuresti\/","name":"Buletin de Bucure\u0219ti","description":"\u0218tiri \u0219i investiga\u021bii esen\u021biale din capital\u0103","publisher":{"@id":"https:\/\/buletin.de\/bucuresti\/#organization"},"potentialAction":[{"@type":"SearchAction","target":{"@type":"EntryPoint","urlTemplate":"https:\/\/buletin.de\/bucuresti\/?s={search_term_string}"},"query-input":{"@type":"PropertyValueSpecification","valueRequired":true,"valueName":"search_term_string"}}],"inLanguage":"en-GB"},{"@type":"Organization","@id":"https:\/\/buletin.de\/bucuresti\/#organization","name":"Buletin de Bucure\u0219ti","url":"https:\/\/buletin.de\/bucuresti\/","logo":{"@type":"ImageObject","inLanguage":"en-GB","@id":"https:\/\/buletin.de\/bucuresti\/#\/schema\/logo\/image\/","url":"https:\/\/buletin.de\/bucuresti\/wp-content\/uploads\/logo-bdb-full-wide-vernil-transparent.png","contentUrl":"https:\/\/buletin.de\/bucuresti\/wp-content\/uploads\/logo-bdb-full-wide-vernil-transparent.png","width":1782,"height":626,"caption":"Buletin de Bucure\u0219ti"},"image":{"@id":"https:\/\/buletin.de\/bucuresti\/#\/schema\/logo\/image\/"},"sameAs":["https:\/\/www.facebook.com\/buletin.de.buc","https:\/\/www.instagram.com\/buletinde.bucuresti\/"]},{"@type":"Person","@id":"https:\/\/buletin.de\/bucuresti\/#\/schema\/person\/b0686d7a8b666c6afc78239777fd8a89","name":"Florin R\u00e2\u0219teiu","image":{"@type":"ImageObject","inLanguage":"en-GB","@id":"https:\/\/buletin.de\/bucuresti\/wp-content\/uploads\/Florin-Rasteiu-96x96.jpgf0a6fe28453aa12f0a60e4d0a2e3a78c","url":"https:\/\/buletin.de\/bucuresti\/wp-content\/uploads\/Florin-Rasteiu-96x96.jpg","contentUrl":"https:\/\/buletin.de\/bucuresti\/wp-content\/uploads\/Florin-Rasteiu-96x96.jpg","caption":"Florin R\u00e2\u0219teiu"},"description":"Jurnalist de investiga\u021bie. Lucreaz\u0103 de aproape 6 ani la Buletin de Bucure\u0219ti, unde a publicat articole care scot la suprafa\u021b\u0103 corup\u021bia din Capital\u0103. Analizeaz\u0103 baze de date zilnic \u0219i scoate pove\u0219ti din exceluri pline de cifre. Pune reflectorul pe adev\u0103r cu fiecare ocazie. A c\u00e2\u0219tigat premiul I la categoria Pres\u0103 Local\u0103 \u00een 2025 \u0219i locul al II-lea la aceea\u0219i categorie \u00een 2024 \u00een cadrul Premiilor Superscrieri pentru jurnalism independent.","url":"https:\/\/buletin.de\/bucuresti\/author\/florinrasteiu\/"}]}},"authors":[{"term_id":22576,"user_id":17,"is_guest":0,"slug":"florinrasteiu","display_name":"Florin R\u00e2\u0219teiu","avatar_url":"https:\/\/buletin.de\/bucuresti\/wp-content\/uploads\/Florin-Rasteiu-96x96.jpg","0":null,"1":"","2":"","3":"","4":"","5":"","6":"","7":"","8":""}],"_links":{"self":[{"href":"https:\/\/buletin.de\/bucuresti\/wp-json\/wp\/v2\/posts\/34456","targetHints":{"allow":["GET"]}}],"collection":[{"href":"https:\/\/buletin.de\/bucuresti\/wp-json\/wp\/v2\/posts"}],"about":[{"href":"https:\/\/buletin.de\/bucuresti\/wp-json\/wp\/v2\/types\/post"}],"author":[{"embeddable":true,"href":"https:\/\/buletin.de\/bucuresti\/wp-json\/wp\/v2\/users\/17"}],"replies":[{"embeddable":true,"href":"https:\/\/buletin.de\/bucuresti\/wp-json\/wp\/v2\/comments?post=34456"}],"version-history":[{"count":10,"href":"https:\/\/buletin.de\/bucuresti\/wp-json\/wp\/v2\/posts\/34456\/revisions"}],"predecessor-version":[{"id":34618,"href":"https:\/\/buletin.de\/bucuresti\/wp-json\/wp\/v2\/posts\/34456\/revisions\/34618"}],"wp:featuredmedia":[{"embeddable":true,"href":"https:\/\/buletin.de\/bucuresti\/wp-json\/wp\/v2\/media\/34525"}],"wp:attachment":[{"href":"https:\/\/buletin.de\/bucuresti\/wp-json\/wp\/v2\/media?parent=34456"}],"wp:term":[{"taxonomy":"category","embeddable":true,"href":"https:\/\/buletin.de\/bucuresti\/wp-json\/wp\/v2\/categories?post=34456"},{"taxonomy":"post_tag","embeddable":true,"href":"https:\/\/buletin.de\/bucuresti\/wp-json\/wp\/v2\/tags?post=34456"},{"taxonomy":"author","embeddable":true,"href":"https:\/\/buletin.de\/bucuresti\/wp-json\/wp\/v2\/ppma_author?post=34456"}],"curies":[{"name":"wp","href":"https:\/\/api.w.org\/{rel}","templated":true}]}}