{"id":34022,"date":"2021-11-04T19:32:44","date_gmt":"2021-11-04T16:32:44","guid":{"rendered":"https:\/\/buletin.de\/bucuresti\/?p=34022"},"modified":"2021-11-04T19:49:17","modified_gmt":"2021-11-04T16:49:17","slug":"cursurile-fizice-se-reiau-de-luni-in-functie-de-gradul-de-vaccinare-al-personalului","status":"publish","type":"post","link":"https:\/\/buletin.de\/bucuresti\/cursurile-fizice-se-reiau-de-luni-in-functie-de-gradul-de-vaccinare-al-personalului\/","title":{"rendered":"\u0218colile din Bucure\u0219ti se deschid dac\u0103 au rata de vaccinare a presonalului de 60%"},"content":{"rendered":"\n<p><strong>Klaus Iohannis, Pre\u0219edintele Rom\u00e2niei, a declarat, \u00een aceast\u0103 sear\u0103, c\u0103 vacan\u021ba impus\u0103 \u00een urm\u0103 cu dou\u0103 s\u0103pt\u0103m\u00e2ni din cauza pandemiei de Covid-19 nu va fi prelungit\u0103. Iohannis a ad\u0103ugat c\u0103 \u0219coala va re\u00eencepe fizic, dar dup\u0103 o nou\u0103 regul\u0103: gradul de vaccinare din r\u00e2ndul personalului din \u0219coli. Aceast\u0103 nou\u0103 regul\u0103 va fi introdus\u0103 m\u00e2ine pe un ordin comun, semnat de mini\u0219trii S\u0103n\u0103t\u0103\u021bii \u0219i Educa\u021biei. Ministrul Educa\u021biei sus\u021bine c\u0103 pragul va fi de 60%, iar decizia finala va fi anun\u021bat\u0103 m\u00e2ine, la 10:00. <\/strong><\/p>\n\n\n\n<blockquote class=\"wp-block-quote is-layout-flow wp-block-quote-is-layout-flow\"><p>A doua tem\u0103 se refer\u0103 la \u0219coli \u0219i vaccinare, la sf\u00e2r\u0219itul acestor dou\u0103 s\u0103pt\u0103m\u00e2ni se termin\u0103 vacan\u021ba convocat\u0103. Nu va fi prelungit\u0103 \u0219i de luni, acolo unde situa\u021bia epidemiologic\u0103 o permite, elevii se vor \u00eentoarce fizic la \u0219coal\u0103, \u00eens\u0103 va fi introdus\u0103 o nou\u0103 regul\u0103 pentru a \u00eenv\u0103\u021ba fizic\u0103: gradul de imunizare a personalului \u0219colii.<\/p><cite>A declarat pre\u0219edintele Klaus Iohannis, \u00een cadrul unei conferin\u021be de pres\u0103<\/cite><\/blockquote>\n\n\n\n<p>Imediat dup\u0103 anun\u021bul f\u0103cut de Pre\u0219edinte, Sorin C\u00eempeanu, ministrul Educa\u021biei, a scris pe grupul de comunicare cu presa al Ministerului c\u0103 pragul se contureaz\u0103 \u00een jurul procentului de 60%. Decizia final\u0103 va fi anun\u021bat\u0103 m\u00e2ine diminea\u021b\u0103, la 10:00. <\/p>\n\n\n\n<blockquote class=\"wp-block-quote is-layout-flow wp-block-quote-is-layout-flow\"><p>Conform discu\u021biilor de p\u00e2n\u0103 acum, se contureaz\u0103 un prag de vaccinare de 60% \u00een r\u00e2ndul personalului \u0219colii, pentru a func\u021biona cu prezen\u021ba fizic\u0103. Decizia final\u0103 se va anun\u021ba m\u00e2ine, la ora 10.00, la sediul ministerului Educa\u021biei<\/p><cite>A declarat Ministrul Educa\u021biei, \u00een aceast\u0103 sear\u0103 <\/cite><\/blockquote>\n\n\n\n<p>Vacan\u021ba a fost anun\u021bat\u0103 tot de pre\u0219edintele Klaus Iohannis, pe 20 octombrie, \u00eentr-o perioad\u0103 \u00een care zeci de \u0219coli intrau de pe o zi pe alta \u00een format online, din cauza cazurilor de Covid-19 raportate la clase. Vacan\u021ba impus\u0103 a \u00eenceput pe 25 octombrie \u0219i se va termina, luni, 8 noiembrie. <\/p>\n\n\n\n<p>S<strong>urs\u0103 Foto<\/strong>: Facebook\/Klaus Iohannis<\/p>\n","protected":false},"excerpt":{"rendered":"<p>Klaus Iohannis, Pre\u0219edintele Rom\u00e2niei, a declarat, \u00een aceast\u0103 sear\u0103, c\u0103 vacan\u021ba impus\u0103 \u00een urm\u0103 cu dou\u0103 s\u0103pt\u0103m\u00e2ni din cauza pandemiei de Covid-19 nu va fi prelungit\u0103. Iohannis a ad\u0103ugat c\u0103 \u0219coala va re\u00eencepe fizic, dar dup\u0103 o nou\u0103 regul\u0103: gradul de vaccinare din r\u00e2ndul personalului din \u0219coli. Aceast\u0103 nou\u0103 regul\u0103 va fi introdus\u0103 m\u00e2ine pe [&hellip;]<\/p>\n","protected":false},"author":17,"featured_media":4778,"comment_status":"closed","ping_status":"open","sticky":false,"template":"","format":"standard","meta":{"_acf_changed":false,"inline_featured_image":false,"ngg_post_thumbnail":0,"footnotes":""},"categories":[62],"tags":[529,3425,906,482],"ppma_author":[22576],"class_list":["post-34022","post","type-post","status-publish","format-standard","has-post-thumbnail","hentry","category-stiri","tag-coronavirus","tag-cursuri-fizice","tag-iohannis","tag-scoala"],"acf":[],"yoast_head":"<!-- This site is optimized with the Yoast SEO Premium plugin v25.3 (Yoast SEO v27.5) - https:\/\/yoast.com\/product\/yoast-seo-premium-wordpress\/ -->\n<title>\u0218colile din Bucure\u0219ti se deschid dac\u0103 au rata de vaccinare a presonalului de 60% - Buletin de Bucure\u0219ti<\/title>\n<meta name=\"robots\" content=\"index, follow, max-snippet:-1, max-image-preview:large, max-video-preview:-1\" \/>\n<link rel=\"canonical\" href=\"https:\/\/buletin.de\/bucuresti\/cursurile-fizice-se-reiau-de-luni-in-functie-de-gradul-de-vaccinare-al-personalului\/\" \/>\n<meta property=\"og:locale\" content=\"en_GB\" \/>\n<meta property=\"og:type\" content=\"article\" \/>\n<meta property=\"og:title\" content=\"\u0218colile din Bucure\u0219ti se deschid dac\u0103 au rata de vaccinare a presonalului de 60%\" \/>\n<meta property=\"og:description\" content=\"Klaus Iohannis, Pre\u0219edintele Rom\u00e2niei, a declarat, \u00een aceast\u0103 sear\u0103, c\u0103 vacan\u021ba impus\u0103 \u00een urm\u0103 cu dou\u0103 s\u0103pt\u0103m\u00e2ni din cauza pandemiei de Covid-19 nu va fi prelungit\u0103. Iohannis a ad\u0103ugat c\u0103 \u0219coala va re\u00eencepe fizic, dar dup\u0103 o nou\u0103 regul\u0103: gradul de vaccinare din r\u00e2ndul personalului din \u0219coli. Aceast\u0103 nou\u0103 regul\u0103 va fi introdus\u0103 m\u00e2ine pe [&hellip;]\" \/>\n<meta property=\"og:url\" content=\"https:\/\/buletin.de\/bucuresti\/cursurile-fizice-se-reiau-de-luni-in-functie-de-gradul-de-vaccinare-al-personalului\/\" \/>\n<meta property=\"og:site_name\" content=\"Buletin de Bucure\u0219ti\" \/>\n<meta property=\"article:publisher\" content=\"https:\/\/www.facebook.com\/buletin.de.buc\" \/>\n<meta property=\"article:published_time\" content=\"2021-11-04T16:32:44+00:00\" \/>\n<meta property=\"article:modified_time\" content=\"2021-11-04T16:49:17+00:00\" \/>\n<meta property=\"og:image\" content=\"https:\/\/buletin.de\/bucuresti\/wp-content\/uploads\/klaus-iohannis-2-900x506.jpg\" \/>\n\t<meta property=\"og:image:width\" content=\"900\" \/>\n\t<meta property=\"og:image:height\" content=\"506\" \/>\n\t<meta property=\"og:image:type\" content=\"image\/jpeg\" \/>\n<meta name=\"author\" content=\"Florin R\u00e2\u0219teiu\" \/>\n<meta name=\"twitter:card\" content=\"summary_large_image\" \/>\n<meta name=\"twitter:label1\" content=\"Written by\" \/>\n\t<meta name=\"twitter:data1\" content=\"Florin R\u00e2\u0219teiu\" \/>\n\t<meta name=\"twitter:label2\" content=\"Estimated reading time\" \/>\n\t<meta name=\"twitter:data2\" content=\"2 minutes\" \/>\n<script type=\"application\/ld+json\" class=\"yoast-schema-graph\">{\"@context\":\"https:\\\/\\\/schema.org\",\"@graph\":[{\"@type\":\"Article\",\"@id\":\"https:\\\/\\\/buletin.de\\\/bucuresti\\\/cursurile-fizice-se-reiau-de-luni-in-functie-de-gradul-de-vaccinare-al-personalului\\\/#article\",\"isPartOf\":{\"@id\":\"https:\\\/\\\/buletin.de\\\/bucuresti\\\/cursurile-fizice-se-reiau-de-luni-in-functie-de-gradul-de-vaccinare-al-personalului\\\/\"},\"author\":{\"name\":\"Florin R\u00e2\u0219teiu\",\"@id\":\"https:\\\/\\\/buletin.de\\\/bucuresti\\\/#\\\/schema\\\/person\\\/b0686d7a8b666c6afc78239777fd8a89\"},\"headline\":\"\u0218colile din Bucure\u0219ti se deschid dac\u0103 au rata de vaccinare a presonalului de 60%\",\"datePublished\":\"2021-11-04T16:32:44+00:00\",\"dateModified\":\"2021-11-04T16:49:17+00:00\",\"mainEntityOfPage\":{\"@id\":\"https:\\\/\\\/buletin.de\\\/bucuresti\\\/cursurile-fizice-se-reiau-de-luni-in-functie-de-gradul-de-vaccinare-al-personalului\\\/\"},\"wordCount\":339,\"publisher\":{\"@id\":\"https:\\\/\\\/buletin.de\\\/bucuresti\\\/#organization\"},\"image\":{\"@id\":\"https:\\\/\\\/buletin.de\\\/bucuresti\\\/cursurile-fizice-se-reiau-de-luni-in-functie-de-gradul-de-vaccinare-al-personalului\\\/#primaryimage\"},\"thumbnailUrl\":\"https:\\\/\\\/buletin.de\\\/bucuresti\\\/wp-content\\\/uploads\\\/klaus-iohannis-2.jpg\",\"keywords\":[\"coronavirus\",\"cursuri fizice\",\"iohannis\",\"scoala\"],\"articleSection\":[\"\u0218tiri\"],\"inLanguage\":\"en-GB\",\"copyrightYear\":\"2021\",\"copyrightHolder\":{\"@id\":\"https:\\\/\\\/buletin.de\\\/bucuresti\\\/#organization\"}},{\"@type\":\"WebPage\",\"@id\":\"https:\\\/\\\/buletin.de\\\/bucuresti\\\/cursurile-fizice-se-reiau-de-luni-in-functie-de-gradul-de-vaccinare-al-personalului\\\/\",\"url\":\"https:\\\/\\\/buletin.de\\\/bucuresti\\\/cursurile-fizice-se-reiau-de-luni-in-functie-de-gradul-de-vaccinare-al-personalului\\\/\",\"name\":\"\u0218colile din Bucure\u0219ti se deschid dac\u0103 au rata de vaccinare a presonalului de 60% - Buletin de Bucure\u0219ti\",\"isPartOf\":{\"@id\":\"https:\\\/\\\/buletin.de\\\/bucuresti\\\/#website\"},\"primaryImageOfPage\":{\"@id\":\"https:\\\/\\\/buletin.de\\\/bucuresti\\\/cursurile-fizice-se-reiau-de-luni-in-functie-de-gradul-de-vaccinare-al-personalului\\\/#primaryimage\"},\"image\":{\"@id\":\"https:\\\/\\\/buletin.de\\\/bucuresti\\\/cursurile-fizice-se-reiau-de-luni-in-functie-de-gradul-de-vaccinare-al-personalului\\\/#primaryimage\"},\"thumbnailUrl\":\"https:\\\/\\\/buletin.de\\\/bucuresti\\\/wp-content\\\/uploads\\\/klaus-iohannis-2.jpg\",\"datePublished\":\"2021-11-04T16:32:44+00:00\",\"dateModified\":\"2021-11-04T16:49:17+00:00\",\"breadcrumb\":{\"@id\":\"https:\\\/\\\/buletin.de\\\/bucuresti\\\/cursurile-fizice-se-reiau-de-luni-in-functie-de-gradul-de-vaccinare-al-personalului\\\/#breadcrumb\"},\"inLanguage\":\"en-GB\",\"potentialAction\":[{\"@type\":\"ReadAction\",\"target\":[\"https:\\\/\\\/buletin.de\\\/bucuresti\\\/cursurile-fizice-se-reiau-de-luni-in-functie-de-gradul-de-vaccinare-al-personalului\\\/\"]}]},{\"@type\":\"ImageObject\",\"inLanguage\":\"en-GB\",\"@id\":\"https:\\\/\\\/buletin.de\\\/bucuresti\\\/cursurile-fizice-se-reiau-de-luni-in-functie-de-gradul-de-vaccinare-al-personalului\\\/#primaryimage\",\"url\":\"https:\\\/\\\/buletin.de\\\/bucuresti\\\/wp-content\\\/uploads\\\/klaus-iohannis-2.jpg\",\"contentUrl\":\"https:\\\/\\\/buletin.de\\\/bucuresti\\\/wp-content\\\/uploads\\\/klaus-iohannis-2.jpg\",\"width\":1920,\"height\":1080},{\"@type\":\"BreadcrumbList\",\"@id\":\"https:\\\/\\\/buletin.de\\\/bucuresti\\\/cursurile-fizice-se-reiau-de-luni-in-functie-de-gradul-de-vaccinare-al-personalului\\\/#breadcrumb\",\"itemListElement\":[{\"@type\":\"ListItem\",\"position\":1,\"name\":\"Acas\u0103\",\"item\":\"https:\\\/\\\/buletin.de\\\/bucuresti\\\/\"},{\"@type\":\"ListItem\",\"position\":2,\"name\":\"\u0218colile din Bucure\u0219ti se deschid dac\u0103 au rata de vaccinare a presonalului de 60%\"}]},{\"@type\":\"WebSite\",\"@id\":\"https:\\\/\\\/buletin.de\\\/bucuresti\\\/#website\",\"url\":\"https:\\\/\\\/buletin.de\\\/bucuresti\\\/\",\"name\":\"Buletin de Bucure\u0219ti\",\"description\":\"\u0218tiri \u0219i investiga\u021bii esen\u021biale din capital\u0103\",\"publisher\":{\"@id\":\"https:\\\/\\\/buletin.de\\\/bucuresti\\\/#organization\"},\"potentialAction\":[{\"@type\":\"SearchAction\",\"target\":{\"@type\":\"EntryPoint\",\"urlTemplate\":\"https:\\\/\\\/buletin.de\\\/bucuresti\\\/?s={search_term_string}\"},\"query-input\":{\"@type\":\"PropertyValueSpecification\",\"valueRequired\":true,\"valueName\":\"search_term_string\"}}],\"inLanguage\":\"en-GB\"},{\"@type\":\"Organization\",\"@id\":\"https:\\\/\\\/buletin.de\\\/bucuresti\\\/#organization\",\"name\":\"Buletin de Bucure\u0219ti\",\"url\":\"https:\\\/\\\/buletin.de\\\/bucuresti\\\/\",\"logo\":{\"@type\":\"ImageObject\",\"inLanguage\":\"en-GB\",\"@id\":\"https:\\\/\\\/buletin.de\\\/bucuresti\\\/#\\\/schema\\\/logo\\\/image\\\/\",\"url\":\"https:\\\/\\\/buletin.de\\\/bucuresti\\\/wp-content\\\/uploads\\\/logo-bdb-full-wide-vernil-transparent.png\",\"contentUrl\":\"https:\\\/\\\/buletin.de\\\/bucuresti\\\/wp-content\\\/uploads\\\/logo-bdb-full-wide-vernil-transparent.png\",\"width\":1782,\"height\":626,\"caption\":\"Buletin de Bucure\u0219ti\"},\"image\":{\"@id\":\"https:\\\/\\\/buletin.de\\\/bucuresti\\\/#\\\/schema\\\/logo\\\/image\\\/\"},\"sameAs\":[\"https:\\\/\\\/www.facebook.com\\\/buletin.de.buc\",\"https:\\\/\\\/www.instagram.com\\\/buletinde.bucuresti\\\/\"]},{\"@type\":\"Person\",\"@id\":\"https:\\\/\\\/buletin.de\\\/bucuresti\\\/#\\\/schema\\\/person\\\/b0686d7a8b666c6afc78239777fd8a89\",\"name\":\"Florin R\u00e2\u0219teiu\",\"image\":{\"@type\":\"ImageObject\",\"inLanguage\":\"en-GB\",\"@id\":\"https:\\\/\\\/buletin.de\\\/bucuresti\\\/wp-content\\\/uploads\\\/Florin-Rasteiu-96x96.jpgf0a6fe28453aa12f0a60e4d0a2e3a78c\",\"url\":\"https:\\\/\\\/buletin.de\\\/bucuresti\\\/wp-content\\\/uploads\\\/Florin-Rasteiu-96x96.jpg\",\"contentUrl\":\"https:\\\/\\\/buletin.de\\\/bucuresti\\\/wp-content\\\/uploads\\\/Florin-Rasteiu-96x96.jpg\",\"caption\":\"Florin R\u00e2\u0219teiu\"},\"description\":\"Jurnalist de investiga\u021bie. Lucreaz\u0103 de aproape 6 ani la Buletin de Bucure\u0219ti, unde a publicat articole care scot la suprafa\u021b\u0103 corup\u021bia din Capital\u0103. Analizeaz\u0103 baze de date zilnic \u0219i scoate pove\u0219ti din exceluri pline de cifre. Pune reflectorul pe adev\u0103r cu fiecare ocazie. A c\u00e2\u0219tigat premiul I la categoria Pres\u0103 Local\u0103 \u00een 2025 \u0219i locul al II-lea la aceea\u0219i categorie \u00een 2024 \u00een cadrul Premiilor Superscrieri pentru jurnalism independent.\",\"url\":\"https:\\\/\\\/buletin.de\\\/bucuresti\\\/author\\\/florinrasteiu\\\/\"}]}<\/script>\n<!-- \/ Yoast SEO Premium plugin. -->","yoast_head_json":{"title":"\u0218colile din Bucure\u0219ti se deschid dac\u0103 au rata de vaccinare a presonalului de 60% - Buletin de Bucure\u0219ti","robots":{"index":"index","follow":"follow","max-snippet":"max-snippet:-1","max-image-preview":"max-image-preview:large","max-video-preview":"max-video-preview:-1"},"canonical":"https:\/\/buletin.de\/bucuresti\/cursurile-fizice-se-reiau-de-luni-in-functie-de-gradul-de-vaccinare-al-personalului\/","og_locale":"en_GB","og_type":"article","og_title":"\u0218colile din Bucure\u0219ti se deschid dac\u0103 au rata de vaccinare a presonalului de 60%","og_description":"Klaus Iohannis, Pre\u0219edintele Rom\u00e2niei, a declarat, \u00een aceast\u0103 sear\u0103, c\u0103 vacan\u021ba impus\u0103 \u00een urm\u0103 cu dou\u0103 s\u0103pt\u0103m\u00e2ni din cauza pandemiei de Covid-19 nu va fi prelungit\u0103. Iohannis a ad\u0103ugat c\u0103 \u0219coala va re\u00eencepe fizic, dar dup\u0103 o nou\u0103 regul\u0103: gradul de vaccinare din r\u00e2ndul personalului din \u0219coli. Aceast\u0103 nou\u0103 regul\u0103 va fi introdus\u0103 m\u00e2ine pe [&hellip;]","og_url":"https:\/\/buletin.de\/bucuresti\/cursurile-fizice-se-reiau-de-luni-in-functie-de-gradul-de-vaccinare-al-personalului\/","og_site_name":"Buletin de Bucure\u0219ti","article_publisher":"https:\/\/www.facebook.com\/buletin.de.buc","article_published_time":"2021-11-04T16:32:44+00:00","article_modified_time":"2021-11-04T16:49:17+00:00","og_image":[{"width":900,"height":506,"url":"https:\/\/buletin.de\/bucuresti\/wp-content\/uploads\/klaus-iohannis-2-900x506.jpg","type":"image\/jpeg"}],"author":"Florin R\u00e2\u0219teiu","twitter_card":"summary_large_image","twitter_misc":{"Written by":"Florin R\u00e2\u0219teiu","Estimated reading time":"2 minutes"},"schema":{"@context":"https:\/\/schema.org","@graph":[{"@type":"Article","@id":"https:\/\/buletin.de\/bucuresti\/cursurile-fizice-se-reiau-de-luni-in-functie-de-gradul-de-vaccinare-al-personalului\/#article","isPartOf":{"@id":"https:\/\/buletin.de\/bucuresti\/cursurile-fizice-se-reiau-de-luni-in-functie-de-gradul-de-vaccinare-al-personalului\/"},"author":{"name":"Florin R\u00e2\u0219teiu","@id":"https:\/\/buletin.de\/bucuresti\/#\/schema\/person\/b0686d7a8b666c6afc78239777fd8a89"},"headline":"\u0218colile din Bucure\u0219ti se deschid dac\u0103 au rata de vaccinare a presonalului de 60%","datePublished":"2021-11-04T16:32:44+00:00","dateModified":"2021-11-04T16:49:17+00:00","mainEntityOfPage":{"@id":"https:\/\/buletin.de\/bucuresti\/cursurile-fizice-se-reiau-de-luni-in-functie-de-gradul-de-vaccinare-al-personalului\/"},"wordCount":339,"publisher":{"@id":"https:\/\/buletin.de\/bucuresti\/#organization"},"image":{"@id":"https:\/\/buletin.de\/bucuresti\/cursurile-fizice-se-reiau-de-luni-in-functie-de-gradul-de-vaccinare-al-personalului\/#primaryimage"},"thumbnailUrl":"https:\/\/buletin.de\/bucuresti\/wp-content\/uploads\/klaus-iohannis-2.jpg","keywords":["coronavirus","cursuri fizice","iohannis","scoala"],"articleSection":["\u0218tiri"],"inLanguage":"en-GB","copyrightYear":"2021","copyrightHolder":{"@id":"https:\/\/buletin.de\/bucuresti\/#organization"}},{"@type":"WebPage","@id":"https:\/\/buletin.de\/bucuresti\/cursurile-fizice-se-reiau-de-luni-in-functie-de-gradul-de-vaccinare-al-personalului\/","url":"https:\/\/buletin.de\/bucuresti\/cursurile-fizice-se-reiau-de-luni-in-functie-de-gradul-de-vaccinare-al-personalului\/","name":"\u0218colile din Bucure\u0219ti se deschid dac\u0103 au rata de vaccinare a presonalului de 60% - Buletin de Bucure\u0219ti","isPartOf":{"@id":"https:\/\/buletin.de\/bucuresti\/#website"},"primaryImageOfPage":{"@id":"https:\/\/buletin.de\/bucuresti\/cursurile-fizice-se-reiau-de-luni-in-functie-de-gradul-de-vaccinare-al-personalului\/#primaryimage"},"image":{"@id":"https:\/\/buletin.de\/bucuresti\/cursurile-fizice-se-reiau-de-luni-in-functie-de-gradul-de-vaccinare-al-personalului\/#primaryimage"},"thumbnailUrl":"https:\/\/buletin.de\/bucuresti\/wp-content\/uploads\/klaus-iohannis-2.jpg","datePublished":"2021-11-04T16:32:44+00:00","dateModified":"2021-11-04T16:49:17+00:00","breadcrumb":{"@id":"https:\/\/buletin.de\/bucuresti\/cursurile-fizice-se-reiau-de-luni-in-functie-de-gradul-de-vaccinare-al-personalului\/#breadcrumb"},"inLanguage":"en-GB","potentialAction":[{"@type":"ReadAction","target":["https:\/\/buletin.de\/bucuresti\/cursurile-fizice-se-reiau-de-luni-in-functie-de-gradul-de-vaccinare-al-personalului\/"]}]},{"@type":"ImageObject","inLanguage":"en-GB","@id":"https:\/\/buletin.de\/bucuresti\/cursurile-fizice-se-reiau-de-luni-in-functie-de-gradul-de-vaccinare-al-personalului\/#primaryimage","url":"https:\/\/buletin.de\/bucuresti\/wp-content\/uploads\/klaus-iohannis-2.jpg","contentUrl":"https:\/\/buletin.de\/bucuresti\/wp-content\/uploads\/klaus-iohannis-2.jpg","width":1920,"height":1080},{"@type":"BreadcrumbList","@id":"https:\/\/buletin.de\/bucuresti\/cursurile-fizice-se-reiau-de-luni-in-functie-de-gradul-de-vaccinare-al-personalului\/#breadcrumb","itemListElement":[{"@type":"ListItem","position":1,"name":"Acas\u0103","item":"https:\/\/buletin.de\/bucuresti\/"},{"@type":"ListItem","position":2,"name":"\u0218colile din Bucure\u0219ti se deschid dac\u0103 au rata de vaccinare a presonalului de 60%"}]},{"@type":"WebSite","@id":"https:\/\/buletin.de\/bucuresti\/#website","url":"https:\/\/buletin.de\/bucuresti\/","name":"Buletin de Bucure\u0219ti","description":"\u0218tiri \u0219i investiga\u021bii esen\u021biale din capital\u0103","publisher":{"@id":"https:\/\/buletin.de\/bucuresti\/#organization"},"potentialAction":[{"@type":"SearchAction","target":{"@type":"EntryPoint","urlTemplate":"https:\/\/buletin.de\/bucuresti\/?s={search_term_string}"},"query-input":{"@type":"PropertyValueSpecification","valueRequired":true,"valueName":"search_term_string"}}],"inLanguage":"en-GB"},{"@type":"Organization","@id":"https:\/\/buletin.de\/bucuresti\/#organization","name":"Buletin de Bucure\u0219ti","url":"https:\/\/buletin.de\/bucuresti\/","logo":{"@type":"ImageObject","inLanguage":"en-GB","@id":"https:\/\/buletin.de\/bucuresti\/#\/schema\/logo\/image\/","url":"https:\/\/buletin.de\/bucuresti\/wp-content\/uploads\/logo-bdb-full-wide-vernil-transparent.png","contentUrl":"https:\/\/buletin.de\/bucuresti\/wp-content\/uploads\/logo-bdb-full-wide-vernil-transparent.png","width":1782,"height":626,"caption":"Buletin de Bucure\u0219ti"},"image":{"@id":"https:\/\/buletin.de\/bucuresti\/#\/schema\/logo\/image\/"},"sameAs":["https:\/\/www.facebook.com\/buletin.de.buc","https:\/\/www.instagram.com\/buletinde.bucuresti\/"]},{"@type":"Person","@id":"https:\/\/buletin.de\/bucuresti\/#\/schema\/person\/b0686d7a8b666c6afc78239777fd8a89","name":"Florin R\u00e2\u0219teiu","image":{"@type":"ImageObject","inLanguage":"en-GB","@id":"https:\/\/buletin.de\/bucuresti\/wp-content\/uploads\/Florin-Rasteiu-96x96.jpgf0a6fe28453aa12f0a60e4d0a2e3a78c","url":"https:\/\/buletin.de\/bucuresti\/wp-content\/uploads\/Florin-Rasteiu-96x96.jpg","contentUrl":"https:\/\/buletin.de\/bucuresti\/wp-content\/uploads\/Florin-Rasteiu-96x96.jpg","caption":"Florin R\u00e2\u0219teiu"},"description":"Jurnalist de investiga\u021bie. Lucreaz\u0103 de aproape 6 ani la Buletin de Bucure\u0219ti, unde a publicat articole care scot la suprafa\u021b\u0103 corup\u021bia din Capital\u0103. Analizeaz\u0103 baze de date zilnic \u0219i scoate pove\u0219ti din exceluri pline de cifre. Pune reflectorul pe adev\u0103r cu fiecare ocazie. A c\u00e2\u0219tigat premiul I la categoria Pres\u0103 Local\u0103 \u00een 2025 \u0219i locul al II-lea la aceea\u0219i categorie \u00een 2024 \u00een cadrul Premiilor Superscrieri pentru jurnalism independent.","url":"https:\/\/buletin.de\/bucuresti\/author\/florinrasteiu\/"}]}},"authors":[{"term_id":22576,"user_id":17,"is_guest":0,"slug":"florinrasteiu","display_name":"Florin R\u00e2\u0219teiu","avatar_url":"https:\/\/buletin.de\/bucuresti\/wp-content\/uploads\/Florin-Rasteiu-96x96.jpg","0":null,"1":"","2":"","3":"","4":"","5":"","6":"","7":"","8":""}],"_links":{"self":[{"href":"https:\/\/buletin.de\/bucuresti\/wp-json\/wp\/v2\/posts\/34022","targetHints":{"allow":["GET"]}}],"collection":[{"href":"https:\/\/buletin.de\/bucuresti\/wp-json\/wp\/v2\/posts"}],"about":[{"href":"https:\/\/buletin.de\/bucuresti\/wp-json\/wp\/v2\/types\/post"}],"author":[{"embeddable":true,"href":"https:\/\/buletin.de\/bucuresti\/wp-json\/wp\/v2\/users\/17"}],"replies":[{"embeddable":true,"href":"https:\/\/buletin.de\/bucuresti\/wp-json\/wp\/v2\/comments?post=34022"}],"version-history":[{"count":7,"href":"https:\/\/buletin.de\/bucuresti\/wp-json\/wp\/v2\/posts\/34022\/revisions"}],"predecessor-version":[{"id":34031,"href":"https:\/\/buletin.de\/bucuresti\/wp-json\/wp\/v2\/posts\/34022\/revisions\/34031"}],"wp:featuredmedia":[{"embeddable":true,"href":"https:\/\/buletin.de\/bucuresti\/wp-json\/wp\/v2\/media\/4778"}],"wp:attachment":[{"href":"https:\/\/buletin.de\/bucuresti\/wp-json\/wp\/v2\/media?parent=34022"}],"wp:term":[{"taxonomy":"category","embeddable":true,"href":"https:\/\/buletin.de\/bucuresti\/wp-json\/wp\/v2\/categories?post=34022"},{"taxonomy":"post_tag","embeddable":true,"href":"https:\/\/buletin.de\/bucuresti\/wp-json\/wp\/v2\/tags?post=34022"},{"taxonomy":"author","embeddable":true,"href":"https:\/\/buletin.de\/bucuresti\/wp-json\/wp\/v2\/ppma_author?post=34022"}],"curies":[{"name":"wp","href":"https:\/\/api.w.org\/{rel}","templated":true}]}}