{"id":3363,"date":"2020-02-13T10:17:43","date_gmt":"2020-02-13T07:17:43","guid":{"rendered":"https:\/\/buletin.de\/bucuresti\/?p=3363"},"modified":"2020-02-13T10:26:29","modified_gmt":"2020-02-13T07:26:29","slug":"ong-ul-fantoma-al-gabrielei-firea-blocheaza-protestul-anti-poluare-din-fata-primariei-generale-in-spatele-asociatiei-toti-apropiatii-primaritei","status":"publish","type":"post","link":"https:\/\/buletin.de\/bucuresti\/ong-ul-fantoma-al-gabrielei-firea-blocheaza-protestul-anti-poluare-din-fata-primariei-generale-in-spatele-asociatiei-toti-apropiatii-primaritei\/","title":{"rendered":"ONG-ul \u201efantom\u0103&#8221; al Gabrielei Firea blocheaz\u0103 protestul anti-poluare din fa\u021ba Prim\u0103riei Generale. \u00cen spatele asocia\u021biei, to\u021bi apropia\u021bii prim\u0103ri\u021bei"},"content":{"rendered":"\n<p><em>Asocia\u021bia Centrul Municipal pentru Dialog Bucure\u0219ti nu figureaz\u0103 \u00een registrul ONG-urilor, dar are aviz pentru adun\u0103ri publice cu 300 de persoane \u00een fa\u021ba sediului Prim\u0103riei Generale a Municipiului Bucure\u0219ti dat chiar de prim\u0103rie. Cu ajutorul asocia\u021biei, de fiecare dat\u0103 c\u00e2nd este nevoie, sunt \u00eempiedicate orice fel de manifest\u0103ri publice \u00een fa\u021ba institu\u021biei, cum ar fi protestul \u00eempotriva polu\u0103rii aerului din Capital\u0103 din 14 februarie, care, tocmai din aeast\u0103 cauz\u0103, a fost transformat, \u00eentre timp, \u00een mar\u0219 c\u0103tre Ministerul Mediului. Asta de\u0219i autoritatea responsabil\u0103 cu implementarea m\u0103surilor pentru un aer curat la nivel municipal este chiar Prim\u0103ria General\u0103.  <\/em><\/p>\n\n\n\n<p>Mai multe organiza\u021bii civice au anun\u021bat, zilele acestea, <a href=\"https:\/\/buletin.de\/bucuresti\/primaria-generala-saboteaza-protestul-impotriva-poluarii-un-alt-eveniment-ar-fi-organizat-fix-in-acelasi-loc-si-la-aceeasi-ora\/\">un protest \u00eempotriva polu\u0103rii aerului din Capital\u0103.<\/a> Evenimentul a fost programat ini\u021bial pentru vineri, 14 februarie, \u00eencep\u00e2nd cu orele 17:00 \u00een fa\u021ba sediului Prim\u0103riei Generale de l\u00e2ng\u0103 Parcul Ci\u0219migiu.<\/p>\n\n\n\n<div style=\"display: block; max-width: 500px; margin: 0 auto;\">\n<figure><iframe src=\"https:\/\/www.facebook.com\/plugins\/post.php?href=https%3A%2F%2Fwww.facebook.com%2Fpermalink.php%3Fstory_fbid%3D133143008185434%26id%3D101182098048192&amp;width=500\" width=\"500\" height=\"603\"><\/iframe><\/figure>\n<\/div>\n\n\n\n<p>Ulterior, protestul s-a transformat \u00eentr-un mar\u0219 \u00eentre Pia\u021ba Unirii \u0219i Ministerul Mediului, pentru c\u0103 organizatorii nu au reu\u0219it s\u0103 primeasc\u0103 aprobare \u00een timp util. Asta de\u0219i, conform legisla\u021biei \u00een vigoare,<a href=\"https:\/\/buletin.de\/bucuresti\/exclusiv-poluarea-aerului-din-capitala-ajunge-in-instanta-primaria-generala-data-in-judecata-de-mai-multe-ong-uri-din-cauza-masurilor-fictive-de-imbunatatire-a-calitatii-aerului\/\"> Prim\u0103ria General\u0103 este responsabil\u0103 de preg\u0103tirea \u0219i adoptarea planurilor de calitate a aerului pentru regiunea capitalei.   <\/a><\/p>\n\n\n\n<p> \u201c<em>Explica\u021bia a fost c\u0103 \u00een perimetrul din fa\u021ba prim\u0103riei <strong>se desf\u0103\u0219oar\u0103 alt\u0103 activitate.<\/strong><\/em><em> Pentru a putea ie\u0219i pe strad\u0103 avem nevoie de alte multe avize pe care nu le vom primi \u00een timp util \u0219i este necesar\u0103 achitarea unei taxe deoarece for\u021bele de ordine care trebuie alocate (\u0219i pl\u0103tite oricum din banii contribuabililor) sunt \u00eentrerupte de la sarcinile lor zilnice pentru a ne \u00eenso\u021bi pe noi. Este \u00een regul\u0103, acesta este doar \u00eenceputul<\/em>\u201c, a transmis <a href=\"https:\/\/www.facebook.com\/FridaysForFutureRomania\/?__tn__=kC-R&amp;eid=ARA88BR_AUZGek4wqlb5KlIfaHi_uDLeJcy-mJ1--Uq4bDYNyv3b1jgFoKe_5sTzHcgnPDDnsU01o6dh&amp;hc_ref=ARRNtGonic_syCZBE2Ivll4O0wdNcfOWDVOwZ9GyLNyXHHnzz4ve4AsNfZSJ8fmcefI&amp;ref=nf_target&amp;__xts__%5B0%5D=68.ARBc2oRuEnX4yoN8yx2XbBd-hzcijQm2Xcxuakd7wX7pJfOYz4zKnf-TviGKoHbqSgXKKR48BKw1bAJ3zYdIhzKEM-dB5GO05ueTZahonRwqB9T0rJygrpbYvBI3HsxHPM_XyiO6mlZ_57J3_umBjEFyeRxDCVOpx9ikkBbmbLbmETyxMO4nuh6sDXTqIXzNtx2UmhofZ-TlsA8FjqktwoEKcAQ_XebzIEPM_YnbYtg8l-w21_SLtqYaY8WCFY7ngCqQIOhYXteKmoOONvtP4BTyBq9pSPAg2xEMdhXL2HNnU-iQNScxK-EM4Q8r1v7UFYC2Aex0hpf6MxKuLLGS_P99ShGqwkLXqRG7o7PeNAnLndC9\">Fridays for Future Romania<\/a>.<\/p>\n\n\n\n<h2 class=\"wp-block-heading\">\u201ePoltergeist&#8221; civic <\/h2>\n\n\n\n<p>Buletin de Bucure\u0219ti a descoperit, \u00eens\u0103, c\u0103 \u201eactivitatea\u201d din fa\u021ba Prim\u0103riei Generale \u00eenseamn\u0103 un aviz dat de Comisia de Avizare a Cererilor de Organizare a Adun\u0103rilor Publice unei asocia\u021bii care apare la Ministerul de Finan\u021be cu o singur\u0103 persoan\u0103 \u00een dreptul capitolul \u201e<em>efectivul de personal privind activitatea fara scop patrimonial<\/em>\u201d:<strong> Asocia\u021bia Centrul Municipal pentru Dialog Bucure\u0219ti<\/strong>. <\/p>\n\n\n\n<p>Mai mult, aceasta este controlat\u0103 chiar de Prim\u0103ria Municipiului Bucure\u0219ti \u0219i a avut la dispozitie un buget \u00een 2018 de peste 200 de mii de euro.<\/p>\n\n\n\n<p> <\/p>\n\n\n\n<figure class=\"wp-block-image size-large is-resized\"><img fetchpriority=\"high\" decoding=\"async\" src=\"data:image\/gif;base64,R0lGODlhAQABAAAAACH5BAEKAAEALAAAAAABAAEAAAICTAEAOw==\" data-src=\"https:\/\/buletin.de\/bucuresti\/wp-content\/uploads\/captura-mf-514x900.jpg\" alt=\"\" class=\"wp-image-3364 lazyload\" width=\"576\" height=\"1009\" data-sizes=\"auto\" data-srcset=\"https:\/\/buletin.de\/bucuresti\/wp-content\/uploads\/captura-mf-514x900.jpg 514w, https:\/\/buletin.de\/bucuresti\/wp-content\/uploads\/captura-mf-600x1051.jpg 600w, https:\/\/buletin.de\/bucuresti\/wp-content\/uploads\/captura-mf-171x300.jpg 171w, https:\/\/buletin.de\/bucuresti\/wp-content\/uploads\/captura-mf-550x963.jpg 550w, https:\/\/buletin.de\/bucuresti\/wp-content\/uploads\/captura-mf-286x500.jpg 286w, https:\/\/buletin.de\/bucuresti\/wp-content\/uploads\/captura-mf-617x1080.jpg 617w, https:\/\/buletin.de\/bucuresti\/wp-content\/uploads\/captura-mf.jpg 699w\" sizes=\"(max-width: 576px) 100vw, 576px\" \/><figcaption>Ultimele date contabile disponibile la Ministerul de Finan\u021be cu privire la Asocia\u021bia Centrul Municipal pentru Dialog Bucure\u0219ti sunt din 2018.<br><\/figcaption><\/figure>\n\n\n\n<h2 class=\"wp-block-heading\">Un ONG expus ca motiv&#8230;<\/h2>\n\n\n\n<p>\u00cen<a href=\"http:\/\/acteinterne.pmb.ro\/legis\/acteinterne\/AtachInt\/H476_18.pdf\"> hot\u0103r\u00e2rea de Consiliul General 476 din 26 iulie 2018<\/a>, decizia de \u00eenfiin\u021bare a asocia\u021biei vine <strong>\u201e<em>ca urmare a <\/em><\/strong><em><strong>expunerii de motive a Primarului General al municipiului Bucure\u0219ti<\/strong><\/em>\u201d.<\/p>\n\n\n\n<p>\u00cen cadrul aceluia\u0219i document apar ca membri suplean\u021bi \u00een adunarea general\u0103 a <strong>Asocia\u021bei<\/strong> <strong>Centrul Municipal pentru Dialog Bucure\u0219ti <\/strong> Stancu Cezar, directorul general al Companiei Municipale Sport pentru To\u021bi \u0219i Simona Butacu(fost\u0103 Ratz), <a href=\"https:\/\/www.primarie6.ro\/echipa\/consiliul-local\/simona-valentina-butacu\/\">consilier local la Prim\u0103ria Sectorului 6, aleas\u0103 pe listele PSD-UNPR \u00een 2016.<\/a><\/p>\n\n\n\n<figure class=\"wp-block-image size-large\"><img decoding=\"async\" width=\"900\" height=\"407\" src=\"data:image\/gif;base64,R0lGODlhAQABAAAAACH5BAEKAAEALAAAAAABAAEAAAICTAEAOw==\" data-src=\"https:\/\/buletin.de\/bucuresti\/wp-content\/uploads\/BeFunky-collage-900x407.jpg\" alt=\"\" class=\"wp-image-3365 lazyload\" data-sizes=\"auto\" data-srcset=\"https:\/\/buletin.de\/bucuresti\/wp-content\/uploads\/BeFunky-collage-900x407.jpg 900w, https:\/\/buletin.de\/bucuresti\/wp-content\/uploads\/BeFunky-collage-scaled-600x271.jpg 600w, https:\/\/buletin.de\/bucuresti\/wp-content\/uploads\/BeFunky-collage-300x136.jpg 300w, https:\/\/buletin.de\/bucuresti\/wp-content\/uploads\/BeFunky-collage-768x347.jpg 768w, https:\/\/buletin.de\/bucuresti\/wp-content\/uploads\/BeFunky-collage-1536x694.jpg 1536w, https:\/\/buletin.de\/bucuresti\/wp-content\/uploads\/BeFunky-collage-2048x925.jpg 2048w, https:\/\/buletin.de\/bucuresti\/wp-content\/uploads\/BeFunky-collage-1060x479.jpg 1060w, https:\/\/buletin.de\/bucuresti\/wp-content\/uploads\/BeFunky-collage-550x249.jpg 550w, https:\/\/buletin.de\/bucuresti\/wp-content\/uploads\/BeFunky-collage-1106x500.jpg 1106w, https:\/\/buletin.de\/bucuresti\/wp-content\/uploads\/BeFunky-collage-1920x868.jpg 1920w\" sizes=\"(max-width: 900px) 100vw, 900px\" \/><figcaption> Simona Butacu apare deoseri \u00een fotografiile oficiale ale Gabrielei Firea.<\/figcaption><\/figure>\n\n\n\n<p>Aceasta din urma este o sus\u021bin\u0103toare \u00eenfl\u0103c\u0103rat\u0103 a primarului general Gabriela Firea \u0219i a mai ap\u0103rut \u00een structurile de conducere ale Service Ciclop S.A., societate controlat\u0103 tot de PMB care, la r\u00e2ndu-i, a figurat \u00een ac\u021bionariatul mai multor companii municipale \u00eenfiin\u021bate de Gabriela Firea.  <\/p>\n\n\n\n<p>De altfel, numele asocia\u021biei nu apare \u00een Registrul Na\u021bional al ONG-urilor de la Ministerul Justi\u021biei care poate fi consultat <a href=\"http:\/\/www.just.ro\/en\/registrul-national-ong\/\">aici.<\/a><\/p>\n\n\n\n<p>Detalii cu privire la conducerea asocia\u021biei nu exist\u0103 nici m\u0103car pe site-ul oficial. Cele mai importante sec\u021biuni &#8211; <a href=\"https:\/\/www.dialogbucuresti.ro\/despre-noi\/\">\u201eDespre noi\u201d<\/a> \u0219i <a href=\"https:\/\/www.dialogbucuresti.ro\/evenimente\/\">\u201cEvenimente\/Proiecte\u201d<\/a> &#8211; sunt nefunc\u021bionale.<\/p>\n\n\n\n<figure class=\"wp-block-image size-large\"><img decoding=\"async\" width=\"900\" height=\"334\" src=\"data:image\/gif;base64,R0lGODlhAQABAAAAACH5BAEKAAEALAAAAAABAAEAAAICTAEAOw==\" data-src=\"https:\/\/buletin.de\/bucuresti\/wp-content\/uploads\/evenimente-900x334.jpg\" alt=\"\" class=\"wp-image-3366 lazyload\" data-sizes=\"auto\" data-srcset=\"https:\/\/buletin.de\/bucuresti\/wp-content\/uploads\/evenimente-900x334.jpg 900w, https:\/\/buletin.de\/bucuresti\/wp-content\/uploads\/evenimente-600x223.jpg 600w, https:\/\/buletin.de\/bucuresti\/wp-content\/uploads\/evenimente-300x111.jpg 300w, https:\/\/buletin.de\/bucuresti\/wp-content\/uploads\/evenimente-768x285.jpg 768w, https:\/\/buletin.de\/bucuresti\/wp-content\/uploads\/evenimente-1536x570.jpg 1536w, https:\/\/buletin.de\/bucuresti\/wp-content\/uploads\/evenimente-1060x394.jpg 1060w, https:\/\/buletin.de\/bucuresti\/wp-content\/uploads\/evenimente-550x204.jpg 550w, https:\/\/buletin.de\/bucuresti\/wp-content\/uploads\/evenimente-1347x500.jpg 1347w, https:\/\/buletin.de\/bucuresti\/wp-content\/uploads\/evenimente-1920x713.jpg 1920w, https:\/\/buletin.de\/bucuresti\/wp-content\/uploads\/evenimente.jpg 2004w\" sizes=\"(max-width: 900px) 100vw, 900px\" \/><figcaption><a href=\"https:\/\/www.dialogbucuresti.ro\/\">dialogbucuresti.ro<\/a>, site-ul oficial al Asocia\u021biei Centrul Municipal pentru Dialog Bucure\u0219ti, este nefunc\u021bional.<\/figcaption><\/figure>\n\n\n\n<h2 class=\"wp-block-heading\">Trotuar blocat, Jandarmeria informat\u0103<\/h2>\n\n\n\n<p>Potrivit descrierii oficiale, Asocia\u021bia Centrul Municipal pentru Dialog Bucure\u0219ti \u201e<em>vine \u00een sprijinul comunit\u0103\u021bii Municipiului Bucure\u0219ti aduc\u00e2nd la aceea\u0219i mas\u0103 trei categorii mari de actori: <strong>institu\u021biile publice, organiza\u021biile economice \u0219i societatea civil\u0103<\/strong>, astfel \u00eenc\u00e2t s\u0103 putem organiza <strong>dezbateri publice la care s\u0103 participe cet\u0103\u021benii \u0219i alte p\u0103r\u021bi interesate<\/strong>, pentru a realiza un schimb de opinii pe marginea unor anumite subiecte<\/em>\u201d.<\/p>\n\n\n\n<p>Aceasta pare s\u0103 fie \u0219i motivul oficial pentru care Comisia de Avizare a Cererilor de Organizare a Adun\u0103rilor Publice din cadrul PMB \u0219i-a dat acordul pentru organizarea de activit\u0103\u021bi \u00een fa\u021ba prim\u0103riei, iar Jardarmeria Bucure\u0219ti, care are un reprezentat \u00een aceast\u0103 structur\u0103, a fost notificat\u0103 \u00een consecin\u021b\u0103.  <\/p>\n\n\n\n<p> \u201e<em>Din documentele noastre reiese c\u0103 este o activitate a unei asocia\u021bii de dialog a Prim\u0103riei Bucure\u0219ti care se bazeaz\u0103 pe <strong>promovarea proiectelor Prim\u0103riei.<\/strong> Exista un aviz pentru desf\u0103\u0219urarea de activit\u0103\u021bi de pe 1 pe 29 februarie pentru aproximativ 300 de persoane pe zi<\/em>\u201d, au transmis la solicitatea Buletin de Bucure\u0219ti reprezenta\u021bii Jandarmeriei Capitalei.<\/p>\n\n\n\n<p> Totu\u0219i, \u201e<em>informa\u021biile privind data la care a fost depus\u0103 aceast\u0103 solicitare \u0219i dac\u0103 au mai fost astfel de solicit\u0103ri \u00een lunile anterioare din partea Asocia\u021biei nu intra sub inciden\u021ba legii 544\/2001<\/em>\u201d, au punctat oficialii.  <\/p>\n\n\n\n<p>De altfel, redac\u021bia a solicitat \u00een baza legii 544\/2001 privind informa\u021biile de interes public care este numele evenimentului care se desf\u0103\u0219oar\u0103 \u00een fa\u021ba institu\u021biei pe 14 februarie 2020 \u0219i cine este organizatorul acestuia. <\/p>\n\n\n\n<p>De\u0219i aceste informa\u021bii nu necesit\u0103 verific\u0103ri am\u0103nun\u021bite la nivelul direc\u021biilor de specialitate din subordinea Prim\u0103riei Municipiului Bucure\u0219ti, Direc\u021bia de Pres\u0103 nu a transmis niciun r\u0103spuns p\u00e2n\u0103 la publicarea acestui material.<\/p>\n\n\n\n<p><em>Editor: Oana Despa<\/em><\/p>\n\n\n\n<div class=\"wp-block-group\"><div class=\"wp-block-group__inner-container is-layout-flow wp-block-group-is-layout-flow\">\n<div style=\"height:30px\" aria-hidden=\"true\" class=\"wp-block-spacer\"><\/div>\n\n\n\n<div class=\"wp-block-button aligncenter\"><a class=\"wp-block-button__link has-text-color has-very-dark-gray-color has-background has-light-green-cyan-background-color\" href=\"http:\/\/bit.ly\/BuletinBucDoneaza\"><strong>Ajut\u0103-ne s\u0103 te \u021binem informat!<\/strong><\/a><\/div>\n\n\n\n<p class=\"has-text-color has-text-align-left has-vivid-red-color small\"><em>Po\u021bi contribui la campaniile de informare \u0219i jurnalismul independent pe care \u00eel facem printr-o dona\u021bie recurent\u0103 c\u0103tre Asocia\u021bia Funky Citizens.<\/em><\/p>\n\n\n\n<style>\n.small {\nmax-width: 300px;\ndisplay: block;\nmargin: -10px auto;\n}\n<\/style>\n<\/div><\/div>\n","protected":false},"excerpt":{"rendered":"<p>Asocia\u021bia Centrul Municipal pentru Dialog Bucure\u0219ti nu figureaz\u0103 \u00een registrul ONG-urilor, dar are aviz pentru adun\u0103ri publice cu 300 de persoane \u00een fa\u021ba sediului Prim\u0103riei Generale a Municipiului Bucure\u0219ti dat chiar de prim\u0103rie. Cu ajutorul asocia\u021biei, de fiecare dat\u0103 c\u00e2nd este nevoie, sunt \u00eempiedicate orice fel de manifest\u0103ri publice \u00een fa\u021ba institu\u021biei, cum ar fi [&hellip;]<\/p>\n","protected":false},"author":10,"featured_media":3388,"comment_status":"closed","ping_status":"open","sticky":false,"template":"","format":"standard","meta":{"_acf_changed":false,"inline_featured_image":false,"ngg_post_thumbnail":0,"footnotes":""},"categories":[109,24,62],"tags":[581,582,580,36,497,579,132,35,114,583],"ppma_author":[22575],"class_list":["post-3363","post","type-post","status-publish","format-standard","has-post-thumbnail","hentry","category-mediu","category-primarie","category-stiri","tag-centrul-municipal","tag-dialog","tag-fantoma","tag-gabriela-firea","tag-poluaremareamusamalizare","tag-ong","tag-poluare","tag-primarie","tag-protest","tag-website"],"acf":[],"yoast_head":"<!-- This site is optimized with the Yoast SEO Premium plugin v25.3 (Yoast SEO v27.5) - https:\/\/yoast.com\/product\/yoast-seo-premium-wordpress\/ -->\n<title>ONG-ul \u201efantom\u0103&quot; al Gabrielei Firea blocheaz\u0103 protestul anti-poluare din fa\u021ba Prim\u0103riei Generale. \u00cen spatele asocia\u021biei, to\u021bi apropia\u021bii prim\u0103ri\u021bei - Buletin de Bucure\u0219ti<\/title>\n<meta name=\"robots\" content=\"index, follow, max-snippet:-1, max-image-preview:large, max-video-preview:-1\" \/>\n<link rel=\"canonical\" href=\"https:\/\/buletin.de\/bucuresti\/ong-ul-fantoma-al-gabrielei-firea-blocheaza-protestul-anti-poluare-din-fata-primariei-generale-in-spatele-asociatiei-toti-apropiatii-primaritei\/\" \/>\n<meta property=\"og:locale\" content=\"en_GB\" \/>\n<meta property=\"og:type\" content=\"article\" \/>\n<meta property=\"og:title\" content=\"ONG-ul \u201efantom\u0103&quot; al Gabrielei Firea blocheaz\u0103 protestul anti-poluare din fa\u021ba Prim\u0103riei Generale. \u00cen spatele asocia\u021biei, to\u021bi apropia\u021bii prim\u0103ri\u021bei\" \/>\n<meta property=\"og:description\" content=\"Asocia\u021bia Centrul Municipal pentru Dialog Bucure\u0219ti nu figureaz\u0103 \u00een registrul ONG-urilor, dar are aviz pentru adun\u0103ri publice cu 300 de persoane \u00een fa\u021ba sediului Prim\u0103riei Generale a Municipiului Bucure\u0219ti dat chiar de prim\u0103rie. Cu ajutorul asocia\u021biei, de fiecare dat\u0103 c\u00e2nd este nevoie, sunt \u00eempiedicate orice fel de manifest\u0103ri publice \u00een fa\u021ba institu\u021biei, cum ar fi [&hellip;]\" \/>\n<meta property=\"og:url\" content=\"https:\/\/buletin.de\/bucuresti\/ong-ul-fantoma-al-gabrielei-firea-blocheaza-protestul-anti-poluare-din-fata-primariei-generale-in-spatele-asociatiei-toti-apropiatii-primaritei\/\" \/>\n<meta property=\"og:site_name\" content=\"Buletin de Bucure\u0219ti\" \/>\n<meta property=\"article:publisher\" content=\"https:\/\/www.facebook.com\/buletin.de.buc\" \/>\n<meta property=\"article:published_time\" content=\"2020-02-13T07:17:43+00:00\" \/>\n<meta property=\"article:modified_time\" content=\"2020-02-13T07:26:29+00:00\" \/>\n<meta property=\"og:image\" content=\"https:\/\/buletin.de\/bucuresti\/wp-content\/uploads\/Screenshot-2020-02-13-at-09.14.37.png\" \/>\n\t<meta property=\"og:image:width\" content=\"1370\" \/>\n\t<meta property=\"og:image:height\" content=\"913\" \/>\n\t<meta property=\"og:image:type\" content=\"image\/png\" \/>\n<meta name=\"author\" content=\"C\u0103t\u0103lin Dosca\u0219\" \/>\n<meta name=\"twitter:card\" content=\"summary_large_image\" \/>\n<meta name=\"twitter:label1\" content=\"Written by\" \/>\n\t<meta name=\"twitter:data1\" content=\"C\u0103t\u0103lin Dosca\u0219\" \/>\n\t<meta name=\"twitter:label2\" content=\"Estimated reading time\" \/>\n\t<meta name=\"twitter:data2\" content=\"5 minutes\" \/>\n<script type=\"application\/ld+json\" class=\"yoast-schema-graph\">{\"@context\":\"https:\\\/\\\/schema.org\",\"@graph\":[{\"@type\":\"Article\",\"@id\":\"https:\\\/\\\/buletin.de\\\/bucuresti\\\/ong-ul-fantoma-al-gabrielei-firea-blocheaza-protestul-anti-poluare-din-fata-primariei-generale-in-spatele-asociatiei-toti-apropiatii-primaritei\\\/#article\",\"isPartOf\":{\"@id\":\"https:\\\/\\\/buletin.de\\\/bucuresti\\\/ong-ul-fantoma-al-gabrielei-firea-blocheaza-protestul-anti-poluare-din-fata-primariei-generale-in-spatele-asociatiei-toti-apropiatii-primaritei\\\/\"},\"author\":{\"name\":\"C\u0103t\u0103lin Dosca\u0219\",\"@id\":\"https:\\\/\\\/buletin.de\\\/bucuresti\\\/#\\\/schema\\\/person\\\/31117187ed4d0bdb0a4c7d6acc79d0f8\"},\"headline\":\"ONG-ul \u201efantom\u0103&#8221; al Gabrielei Firea blocheaz\u0103 protestul anti-poluare din fa\u021ba Prim\u0103riei Generale. \u00cen spatele asocia\u021biei, to\u021bi apropia\u021bii prim\u0103ri\u021bei\",\"datePublished\":\"2020-02-13T07:17:43+00:00\",\"dateModified\":\"2020-02-13T07:26:29+00:00\",\"mainEntityOfPage\":{\"@id\":\"https:\\\/\\\/buletin.de\\\/bucuresti\\\/ong-ul-fantoma-al-gabrielei-firea-blocheaza-protestul-anti-poluare-din-fata-primariei-generale-in-spatele-asociatiei-toti-apropiatii-primaritei\\\/\"},\"wordCount\":952,\"publisher\":{\"@id\":\"https:\\\/\\\/buletin.de\\\/bucuresti\\\/#organization\"},\"image\":{\"@id\":\"https:\\\/\\\/buletin.de\\\/bucuresti\\\/ong-ul-fantoma-al-gabrielei-firea-blocheaza-protestul-anti-poluare-din-fata-primariei-generale-in-spatele-asociatiei-toti-apropiatii-primaritei\\\/#primaryimage\"},\"thumbnailUrl\":\"https:\\\/\\\/buletin.de\\\/bucuresti\\\/wp-content\\\/uploads\\\/Screenshot-2020-02-13-at-09.14.37.png\",\"keywords\":[\"centrul municipal\",\"dialog\",\"fantoma\",\"gabriela firea\",\"Marea Musamalizare a Aerului din Bucure\u0219ti\",\"ong\",\"poluare\",\"primarie\",\"protest\",\"website\"],\"articleSection\":[\"Mediu\",\"Prim\u0103rie\",\"\u0218tiri\"],\"inLanguage\":\"en-GB\",\"copyrightYear\":\"2020\",\"copyrightHolder\":{\"@id\":\"https:\\\/\\\/buletin.de\\\/bucuresti\\\/#organization\"}},{\"@type\":\"WebPage\",\"@id\":\"https:\\\/\\\/buletin.de\\\/bucuresti\\\/ong-ul-fantoma-al-gabrielei-firea-blocheaza-protestul-anti-poluare-din-fata-primariei-generale-in-spatele-asociatiei-toti-apropiatii-primaritei\\\/\",\"url\":\"https:\\\/\\\/buletin.de\\\/bucuresti\\\/ong-ul-fantoma-al-gabrielei-firea-blocheaza-protestul-anti-poluare-din-fata-primariei-generale-in-spatele-asociatiei-toti-apropiatii-primaritei\\\/\",\"name\":\"ONG-ul \u201efantom\u0103\\\" al Gabrielei Firea blocheaz\u0103 protestul anti-poluare din fa\u021ba Prim\u0103riei Generale. \u00cen spatele asocia\u021biei, to\u021bi apropia\u021bii prim\u0103ri\u021bei - Buletin de Bucure\u0219ti\",\"isPartOf\":{\"@id\":\"https:\\\/\\\/buletin.de\\\/bucuresti\\\/#website\"},\"primaryImageOfPage\":{\"@id\":\"https:\\\/\\\/buletin.de\\\/bucuresti\\\/ong-ul-fantoma-al-gabrielei-firea-blocheaza-protestul-anti-poluare-din-fata-primariei-generale-in-spatele-asociatiei-toti-apropiatii-primaritei\\\/#primaryimage\"},\"image\":{\"@id\":\"https:\\\/\\\/buletin.de\\\/bucuresti\\\/ong-ul-fantoma-al-gabrielei-firea-blocheaza-protestul-anti-poluare-din-fata-primariei-generale-in-spatele-asociatiei-toti-apropiatii-primaritei\\\/#primaryimage\"},\"thumbnailUrl\":\"https:\\\/\\\/buletin.de\\\/bucuresti\\\/wp-content\\\/uploads\\\/Screenshot-2020-02-13-at-09.14.37.png\",\"datePublished\":\"2020-02-13T07:17:43+00:00\",\"dateModified\":\"2020-02-13T07:26:29+00:00\",\"breadcrumb\":{\"@id\":\"https:\\\/\\\/buletin.de\\\/bucuresti\\\/ong-ul-fantoma-al-gabrielei-firea-blocheaza-protestul-anti-poluare-din-fata-primariei-generale-in-spatele-asociatiei-toti-apropiatii-primaritei\\\/#breadcrumb\"},\"inLanguage\":\"en-GB\",\"potentialAction\":[{\"@type\":\"ReadAction\",\"target\":[\"https:\\\/\\\/buletin.de\\\/bucuresti\\\/ong-ul-fantoma-al-gabrielei-firea-blocheaza-protestul-anti-poluare-din-fata-primariei-generale-in-spatele-asociatiei-toti-apropiatii-primaritei\\\/\"]}]},{\"@type\":\"ImageObject\",\"inLanguage\":\"en-GB\",\"@id\":\"https:\\\/\\\/buletin.de\\\/bucuresti\\\/ong-ul-fantoma-al-gabrielei-firea-blocheaza-protestul-anti-poluare-din-fata-primariei-generale-in-spatele-asociatiei-toti-apropiatii-primaritei\\\/#primaryimage\",\"url\":\"https:\\\/\\\/buletin.de\\\/bucuresti\\\/wp-content\\\/uploads\\\/Screenshot-2020-02-13-at-09.14.37.png\",\"contentUrl\":\"https:\\\/\\\/buletin.de\\\/bucuresti\\\/wp-content\\\/uploads\\\/Screenshot-2020-02-13-at-09.14.37.png\",\"width\":1370,\"height\":913},{\"@type\":\"BreadcrumbList\",\"@id\":\"https:\\\/\\\/buletin.de\\\/bucuresti\\\/ong-ul-fantoma-al-gabrielei-firea-blocheaza-protestul-anti-poluare-din-fata-primariei-generale-in-spatele-asociatiei-toti-apropiatii-primaritei\\\/#breadcrumb\",\"itemListElement\":[{\"@type\":\"ListItem\",\"position\":1,\"name\":\"Acas\u0103\",\"item\":\"https:\\\/\\\/buletin.de\\\/bucuresti\\\/\"},{\"@type\":\"ListItem\",\"position\":2,\"name\":\"ONG-ul \u201efantom\u0103&#8221; al Gabrielei Firea blocheaz\u0103 protestul anti-poluare din fa\u021ba Prim\u0103riei Generale. \u00cen spatele asocia\u021biei, to\u021bi apropia\u021bii prim\u0103ri\u021bei\"}]},{\"@type\":\"WebSite\",\"@id\":\"https:\\\/\\\/buletin.de\\\/bucuresti\\\/#website\",\"url\":\"https:\\\/\\\/buletin.de\\\/bucuresti\\\/\",\"name\":\"Buletin de Bucure\u0219ti\",\"description\":\"\u0218tiri \u0219i investiga\u021bii esen\u021biale din capital\u0103\",\"publisher\":{\"@id\":\"https:\\\/\\\/buletin.de\\\/bucuresti\\\/#organization\"},\"potentialAction\":[{\"@type\":\"SearchAction\",\"target\":{\"@type\":\"EntryPoint\",\"urlTemplate\":\"https:\\\/\\\/buletin.de\\\/bucuresti\\\/?s={search_term_string}\"},\"query-input\":{\"@type\":\"PropertyValueSpecification\",\"valueRequired\":true,\"valueName\":\"search_term_string\"}}],\"inLanguage\":\"en-GB\"},{\"@type\":\"Organization\",\"@id\":\"https:\\\/\\\/buletin.de\\\/bucuresti\\\/#organization\",\"name\":\"Buletin de Bucure\u0219ti\",\"url\":\"https:\\\/\\\/buletin.de\\\/bucuresti\\\/\",\"logo\":{\"@type\":\"ImageObject\",\"inLanguage\":\"en-GB\",\"@id\":\"https:\\\/\\\/buletin.de\\\/bucuresti\\\/#\\\/schema\\\/logo\\\/image\\\/\",\"url\":\"https:\\\/\\\/buletin.de\\\/bucuresti\\\/wp-content\\\/uploads\\\/logo-bdb-full-wide-vernil-transparent.png\",\"contentUrl\":\"https:\\\/\\\/buletin.de\\\/bucuresti\\\/wp-content\\\/uploads\\\/logo-bdb-full-wide-vernil-transparent.png\",\"width\":1782,\"height\":626,\"caption\":\"Buletin de Bucure\u0219ti\"},\"image\":{\"@id\":\"https:\\\/\\\/buletin.de\\\/bucuresti\\\/#\\\/schema\\\/logo\\\/image\\\/\"},\"sameAs\":[\"https:\\\/\\\/www.facebook.com\\\/buletin.de.buc\",\"https:\\\/\\\/www.instagram.com\\\/buletinde.bucuresti\\\/\"]},{\"@type\":\"Person\",\"@id\":\"https:\\\/\\\/buletin.de\\\/bucuresti\\\/#\\\/schema\\\/person\\\/31117187ed4d0bdb0a4c7d6acc79d0f8\",\"name\":\"C\u0103t\u0103lin Dosca\u0219\",\"image\":{\"@type\":\"ImageObject\",\"inLanguage\":\"en-GB\",\"@id\":\"https:\\\/\\\/buletin.de\\\/bucuresti\\\/wp-content\\\/uploads\\\/Catalin-Doscas-e1732731064764-96x96.jpga93e2943bb3b1c1f9ead823df6e6317a\",\"url\":\"https:\\\/\\\/buletin.de\\\/bucuresti\\\/wp-content\\\/uploads\\\/Catalin-Doscas-e1732731064764-96x96.jpg\",\"contentUrl\":\"https:\\\/\\\/buletin.de\\\/bucuresti\\\/wp-content\\\/uploads\\\/Catalin-Doscas-e1732731064764-96x96.jpg\",\"caption\":\"C\u0103t\u0103lin Dosca\u0219\"},\"description\":\"Reporter \u0219i redactor-\u0219ef Buletin de Bucure\u0219ti. Lucreaz\u0103 \u00een mass-media de la v\u00e2rsta de 15 ani, c\u00e2nd a publicat primele articole \u00een presa local\u0103 din Tecuci. \u00cen Bucure\u0219ti a lucrat \u00een redac\u021bii radio ca reporter, redactor \u0219i prezentator (StudentFM, Na\u021bionalFM, Radio Total, Smart FM), unde a acoperit domeniile politic, economic, social \u0219i externe. Ulterior, a fost editor-coordonator al postului Realitatea FM. Experien\u021ba \u00een jurnalismul online a dob\u00e2ndit-o la portalul B365.ro, unde a fost editor. \u00cen 2012 s-a angajat \u00een televiziune. La Realitatea TV a fost, pe r\u00e2nd, reporter la sec\u021bia Social, reporter special la emisiunea de reportaje \u0219i anchete \u201eReporterii Realit\u0103\u021bii\u201d, dar \u0219i editor al jurnalelor de \u0219tiri. Ulterior, a f\u0103cut parte din sec\u021bia de Investiga\u021bii de la Digi24 \u0219i a lucrat la campania \u201eRom\u00e2nia furat\u0103\u201d. A revenit \u00een presa scris\u0103 \u00een 2017, ca reporter special, \u00een cadrul unui proiect de repozi\u021bionare a tabloidului Libertatea \u00een cotidian generalist. Este jurnalist Buletin de Bucure\u0219ti din 2019.\",\"url\":\"https:\\\/\\\/buletin.de\\\/bucuresti\\\/author\\\/catalin\\\/\"}]}<\/script>\n<!-- \/ Yoast SEO Premium plugin. -->","yoast_head_json":{"title":"ONG-ul \u201efantom\u0103\" al Gabrielei Firea blocheaz\u0103 protestul anti-poluare din fa\u021ba Prim\u0103riei Generale. \u00cen spatele asocia\u021biei, to\u021bi apropia\u021bii prim\u0103ri\u021bei - Buletin de Bucure\u0219ti","robots":{"index":"index","follow":"follow","max-snippet":"max-snippet:-1","max-image-preview":"max-image-preview:large","max-video-preview":"max-video-preview:-1"},"canonical":"https:\/\/buletin.de\/bucuresti\/ong-ul-fantoma-al-gabrielei-firea-blocheaza-protestul-anti-poluare-din-fata-primariei-generale-in-spatele-asociatiei-toti-apropiatii-primaritei\/","og_locale":"en_GB","og_type":"article","og_title":"ONG-ul \u201efantom\u0103\" al Gabrielei Firea blocheaz\u0103 protestul anti-poluare din fa\u021ba Prim\u0103riei Generale. \u00cen spatele asocia\u021biei, to\u021bi apropia\u021bii prim\u0103ri\u021bei","og_description":"Asocia\u021bia Centrul Municipal pentru Dialog Bucure\u0219ti nu figureaz\u0103 \u00een registrul ONG-urilor, dar are aviz pentru adun\u0103ri publice cu 300 de persoane \u00een fa\u021ba sediului Prim\u0103riei Generale a Municipiului Bucure\u0219ti dat chiar de prim\u0103rie. Cu ajutorul asocia\u021biei, de fiecare dat\u0103 c\u00e2nd este nevoie, sunt \u00eempiedicate orice fel de manifest\u0103ri publice \u00een fa\u021ba institu\u021biei, cum ar fi [&hellip;]","og_url":"https:\/\/buletin.de\/bucuresti\/ong-ul-fantoma-al-gabrielei-firea-blocheaza-protestul-anti-poluare-din-fata-primariei-generale-in-spatele-asociatiei-toti-apropiatii-primaritei\/","og_site_name":"Buletin de Bucure\u0219ti","article_publisher":"https:\/\/www.facebook.com\/buletin.de.buc","article_published_time":"2020-02-13T07:17:43+00:00","article_modified_time":"2020-02-13T07:26:29+00:00","og_image":[{"width":1370,"height":913,"url":"https:\/\/buletin.de\/bucuresti\/wp-content\/uploads\/Screenshot-2020-02-13-at-09.14.37.png","type":"image\/png"}],"author":"C\u0103t\u0103lin Dosca\u0219","twitter_card":"summary_large_image","twitter_misc":{"Written by":"C\u0103t\u0103lin Dosca\u0219","Estimated reading time":"5 minutes"},"schema":{"@context":"https:\/\/schema.org","@graph":[{"@type":"Article","@id":"https:\/\/buletin.de\/bucuresti\/ong-ul-fantoma-al-gabrielei-firea-blocheaza-protestul-anti-poluare-din-fata-primariei-generale-in-spatele-asociatiei-toti-apropiatii-primaritei\/#article","isPartOf":{"@id":"https:\/\/buletin.de\/bucuresti\/ong-ul-fantoma-al-gabrielei-firea-blocheaza-protestul-anti-poluare-din-fata-primariei-generale-in-spatele-asociatiei-toti-apropiatii-primaritei\/"},"author":{"name":"C\u0103t\u0103lin Dosca\u0219","@id":"https:\/\/buletin.de\/bucuresti\/#\/schema\/person\/31117187ed4d0bdb0a4c7d6acc79d0f8"},"headline":"ONG-ul \u201efantom\u0103&#8221; al Gabrielei Firea blocheaz\u0103 protestul anti-poluare din fa\u021ba Prim\u0103riei Generale. \u00cen spatele asocia\u021biei, to\u021bi apropia\u021bii prim\u0103ri\u021bei","datePublished":"2020-02-13T07:17:43+00:00","dateModified":"2020-02-13T07:26:29+00:00","mainEntityOfPage":{"@id":"https:\/\/buletin.de\/bucuresti\/ong-ul-fantoma-al-gabrielei-firea-blocheaza-protestul-anti-poluare-din-fata-primariei-generale-in-spatele-asociatiei-toti-apropiatii-primaritei\/"},"wordCount":952,"publisher":{"@id":"https:\/\/buletin.de\/bucuresti\/#organization"},"image":{"@id":"https:\/\/buletin.de\/bucuresti\/ong-ul-fantoma-al-gabrielei-firea-blocheaza-protestul-anti-poluare-din-fata-primariei-generale-in-spatele-asociatiei-toti-apropiatii-primaritei\/#primaryimage"},"thumbnailUrl":"https:\/\/buletin.de\/bucuresti\/wp-content\/uploads\/Screenshot-2020-02-13-at-09.14.37.png","keywords":["centrul municipal","dialog","fantoma","gabriela firea","Marea Musamalizare a Aerului din Bucure\u0219ti","ong","poluare","primarie","protest","website"],"articleSection":["Mediu","Prim\u0103rie","\u0218tiri"],"inLanguage":"en-GB","copyrightYear":"2020","copyrightHolder":{"@id":"https:\/\/buletin.de\/bucuresti\/#organization"}},{"@type":"WebPage","@id":"https:\/\/buletin.de\/bucuresti\/ong-ul-fantoma-al-gabrielei-firea-blocheaza-protestul-anti-poluare-din-fata-primariei-generale-in-spatele-asociatiei-toti-apropiatii-primaritei\/","url":"https:\/\/buletin.de\/bucuresti\/ong-ul-fantoma-al-gabrielei-firea-blocheaza-protestul-anti-poluare-din-fata-primariei-generale-in-spatele-asociatiei-toti-apropiatii-primaritei\/","name":"ONG-ul \u201efantom\u0103\" al Gabrielei Firea blocheaz\u0103 protestul anti-poluare din fa\u021ba Prim\u0103riei Generale. \u00cen spatele asocia\u021biei, to\u021bi apropia\u021bii prim\u0103ri\u021bei - Buletin de Bucure\u0219ti","isPartOf":{"@id":"https:\/\/buletin.de\/bucuresti\/#website"},"primaryImageOfPage":{"@id":"https:\/\/buletin.de\/bucuresti\/ong-ul-fantoma-al-gabrielei-firea-blocheaza-protestul-anti-poluare-din-fata-primariei-generale-in-spatele-asociatiei-toti-apropiatii-primaritei\/#primaryimage"},"image":{"@id":"https:\/\/buletin.de\/bucuresti\/ong-ul-fantoma-al-gabrielei-firea-blocheaza-protestul-anti-poluare-din-fata-primariei-generale-in-spatele-asociatiei-toti-apropiatii-primaritei\/#primaryimage"},"thumbnailUrl":"https:\/\/buletin.de\/bucuresti\/wp-content\/uploads\/Screenshot-2020-02-13-at-09.14.37.png","datePublished":"2020-02-13T07:17:43+00:00","dateModified":"2020-02-13T07:26:29+00:00","breadcrumb":{"@id":"https:\/\/buletin.de\/bucuresti\/ong-ul-fantoma-al-gabrielei-firea-blocheaza-protestul-anti-poluare-din-fata-primariei-generale-in-spatele-asociatiei-toti-apropiatii-primaritei\/#breadcrumb"},"inLanguage":"en-GB","potentialAction":[{"@type":"ReadAction","target":["https:\/\/buletin.de\/bucuresti\/ong-ul-fantoma-al-gabrielei-firea-blocheaza-protestul-anti-poluare-din-fata-primariei-generale-in-spatele-asociatiei-toti-apropiatii-primaritei\/"]}]},{"@type":"ImageObject","inLanguage":"en-GB","@id":"https:\/\/buletin.de\/bucuresti\/ong-ul-fantoma-al-gabrielei-firea-blocheaza-protestul-anti-poluare-din-fata-primariei-generale-in-spatele-asociatiei-toti-apropiatii-primaritei\/#primaryimage","url":"https:\/\/buletin.de\/bucuresti\/wp-content\/uploads\/Screenshot-2020-02-13-at-09.14.37.png","contentUrl":"https:\/\/buletin.de\/bucuresti\/wp-content\/uploads\/Screenshot-2020-02-13-at-09.14.37.png","width":1370,"height":913},{"@type":"BreadcrumbList","@id":"https:\/\/buletin.de\/bucuresti\/ong-ul-fantoma-al-gabrielei-firea-blocheaza-protestul-anti-poluare-din-fata-primariei-generale-in-spatele-asociatiei-toti-apropiatii-primaritei\/#breadcrumb","itemListElement":[{"@type":"ListItem","position":1,"name":"Acas\u0103","item":"https:\/\/buletin.de\/bucuresti\/"},{"@type":"ListItem","position":2,"name":"ONG-ul \u201efantom\u0103&#8221; al Gabrielei Firea blocheaz\u0103 protestul anti-poluare din fa\u021ba Prim\u0103riei Generale. \u00cen spatele asocia\u021biei, to\u021bi apropia\u021bii prim\u0103ri\u021bei"}]},{"@type":"WebSite","@id":"https:\/\/buletin.de\/bucuresti\/#website","url":"https:\/\/buletin.de\/bucuresti\/","name":"Buletin de Bucure\u0219ti","description":"\u0218tiri \u0219i investiga\u021bii esen\u021biale din capital\u0103","publisher":{"@id":"https:\/\/buletin.de\/bucuresti\/#organization"},"potentialAction":[{"@type":"SearchAction","target":{"@type":"EntryPoint","urlTemplate":"https:\/\/buletin.de\/bucuresti\/?s={search_term_string}"},"query-input":{"@type":"PropertyValueSpecification","valueRequired":true,"valueName":"search_term_string"}}],"inLanguage":"en-GB"},{"@type":"Organization","@id":"https:\/\/buletin.de\/bucuresti\/#organization","name":"Buletin de Bucure\u0219ti","url":"https:\/\/buletin.de\/bucuresti\/","logo":{"@type":"ImageObject","inLanguage":"en-GB","@id":"https:\/\/buletin.de\/bucuresti\/#\/schema\/logo\/image\/","url":"https:\/\/buletin.de\/bucuresti\/wp-content\/uploads\/logo-bdb-full-wide-vernil-transparent.png","contentUrl":"https:\/\/buletin.de\/bucuresti\/wp-content\/uploads\/logo-bdb-full-wide-vernil-transparent.png","width":1782,"height":626,"caption":"Buletin de Bucure\u0219ti"},"image":{"@id":"https:\/\/buletin.de\/bucuresti\/#\/schema\/logo\/image\/"},"sameAs":["https:\/\/www.facebook.com\/buletin.de.buc","https:\/\/www.instagram.com\/buletinde.bucuresti\/"]},{"@type":"Person","@id":"https:\/\/buletin.de\/bucuresti\/#\/schema\/person\/31117187ed4d0bdb0a4c7d6acc79d0f8","name":"C\u0103t\u0103lin Dosca\u0219","image":{"@type":"ImageObject","inLanguage":"en-GB","@id":"https:\/\/buletin.de\/bucuresti\/wp-content\/uploads\/Catalin-Doscas-e1732731064764-96x96.jpga93e2943bb3b1c1f9ead823df6e6317a","url":"https:\/\/buletin.de\/bucuresti\/wp-content\/uploads\/Catalin-Doscas-e1732731064764-96x96.jpg","contentUrl":"https:\/\/buletin.de\/bucuresti\/wp-content\/uploads\/Catalin-Doscas-e1732731064764-96x96.jpg","caption":"C\u0103t\u0103lin Dosca\u0219"},"description":"Reporter \u0219i redactor-\u0219ef Buletin de Bucure\u0219ti. Lucreaz\u0103 \u00een mass-media de la v\u00e2rsta de 15 ani, c\u00e2nd a publicat primele articole \u00een presa local\u0103 din Tecuci. \u00cen Bucure\u0219ti a lucrat \u00een redac\u021bii radio ca reporter, redactor \u0219i prezentator (StudentFM, Na\u021bionalFM, Radio Total, Smart FM), unde a acoperit domeniile politic, economic, social \u0219i externe. Ulterior, a fost editor-coordonator al postului Realitatea FM. Experien\u021ba \u00een jurnalismul online a dob\u00e2ndit-o la portalul B365.ro, unde a fost editor. \u00cen 2012 s-a angajat \u00een televiziune. La Realitatea TV a fost, pe r\u00e2nd, reporter la sec\u021bia Social, reporter special la emisiunea de reportaje \u0219i anchete \u201eReporterii Realit\u0103\u021bii\u201d, dar \u0219i editor al jurnalelor de \u0219tiri. Ulterior, a f\u0103cut parte din sec\u021bia de Investiga\u021bii de la Digi24 \u0219i a lucrat la campania \u201eRom\u00e2nia furat\u0103\u201d. A revenit \u00een presa scris\u0103 \u00een 2017, ca reporter special, \u00een cadrul unui proiect de repozi\u021bionare a tabloidului Libertatea \u00een cotidian generalist. Este jurnalist Buletin de Bucure\u0219ti din 2019.","url":"https:\/\/buletin.de\/bucuresti\/author\/catalin\/"}]}},"authors":[{"term_id":22575,"user_id":10,"is_guest":0,"slug":"catalin","display_name":"C\u0103t\u0103lin Dosca\u0219","avatar_url":"https:\/\/buletin.de\/bucuresti\/wp-content\/uploads\/Catalin-Doscas-e1732731064764-96x96.jpg","0":null,"1":"","2":"","3":"","4":"","5":"","6":"","7":"","8":""}],"_links":{"self":[{"href":"https:\/\/buletin.de\/bucuresti\/wp-json\/wp\/v2\/posts\/3363","targetHints":{"allow":["GET"]}}],"collection":[{"href":"https:\/\/buletin.de\/bucuresti\/wp-json\/wp\/v2\/posts"}],"about":[{"href":"https:\/\/buletin.de\/bucuresti\/wp-json\/wp\/v2\/types\/post"}],"author":[{"embeddable":true,"href":"https:\/\/buletin.de\/bucuresti\/wp-json\/wp\/v2\/users\/10"}],"replies":[{"embeddable":true,"href":"https:\/\/buletin.de\/bucuresti\/wp-json\/wp\/v2\/comments?post=3363"}],"version-history":[{"count":17,"href":"https:\/\/buletin.de\/bucuresti\/wp-json\/wp\/v2\/posts\/3363\/revisions"}],"predecessor-version":[{"id":3391,"href":"https:\/\/buletin.de\/bucuresti\/wp-json\/wp\/v2\/posts\/3363\/revisions\/3391"}],"wp:featuredmedia":[{"embeddable":true,"href":"https:\/\/buletin.de\/bucuresti\/wp-json\/wp\/v2\/media\/3388"}],"wp:attachment":[{"href":"https:\/\/buletin.de\/bucuresti\/wp-json\/wp\/v2\/media?parent=3363"}],"wp:term":[{"taxonomy":"category","embeddable":true,"href":"https:\/\/buletin.de\/bucuresti\/wp-json\/wp\/v2\/categories?post=3363"},{"taxonomy":"post_tag","embeddable":true,"href":"https:\/\/buletin.de\/bucuresti\/wp-json\/wp\/v2\/tags?post=3363"},{"taxonomy":"author","embeddable":true,"href":"https:\/\/buletin.de\/bucuresti\/wp-json\/wp\/v2\/ppma_author?post=3363"}],"curies":[{"name":"wp","href":"https:\/\/api.w.org\/{rel}","templated":true}]}}