{"id":33589,"date":"2021-10-29T16:03:45","date_gmt":"2021-10-29T13:03:45","guid":{"rendered":"https:\/\/buletin.de\/bucuresti\/?p=33589"},"modified":"2021-10-29T16:03:46","modified_gmt":"2021-10-29T13:03:46","slug":"m5-incepe-proiectarea-pentru-tronsonul-eroilor-piata-iancului","status":"publish","type":"post","link":"https:\/\/buletin.de\/bucuresti\/m5-incepe-proiectarea-pentru-tronsonul-eroilor-piata-iancului\/","title":{"rendered":"M5 | \u00cencepe proiectarea pentru tronsonul Eroilor \u2013 Pia\u021ba Iancului"},"content":{"rendered":"\n<p><strong>Metrorex a semnat, ast\u0103zi, cu Asocierea 3TI Progetti Italia &#8211; Ingegneria Integrata SpA &amp; SWS Engineering SpA &amp;\u00a0 Coding Srl &amp;\u00a0 METRANS Engineering SRL, contractul de prest\u0103ri servicii de proiectare \u0219i asisten\u021b\u0103 tehnic\u0103 pentru proiectul Linia de metrou Magistrala 5 (Drumul Taberei \u2013 Pantelimon), Sec\u021biunea Eroilor (PS Oper\u0103) &#8211; Pia\u021ba Iancului. <\/strong><\/p>\n\n\n\n<p>Magistrala 5 de metrou realizeaz\u0103 leg\u0103tura Est-Vest, \u00eentre cartierul Drumul Taberei \u0219i Pantelimon \u0219i o conexiune direct\u0103 dintre aceste dou\u0103 zone reziden\u021biale \u0219i centrul ora\u0219ului. De asemenea, va face conexiunea cu Magistrala M4 Gara de Nord \u2013 Gara Progresu, cu Magistrala M2 Berceni \u2013 Pipera \u0219i cu Magistrala 1 Pantelimon \u2013 Dristor. <\/p>\n\n\n\n<p>Sec\u021biunea Eroilor \u2013 Pia\u021ba Iancului va avea o lungime de 5,4 km \u0219i 6 sta\u021bii, respectiv Ha\u0219deu, Ci\u0219migiu, Universitate, Calea Mo\u0219ilor, Traian, Pia\u021ba Iancului. <\/p>\n\n\n\n<p>\u201eEste un contract foarte important at\u00e2t pentru Metrorex, c\u00e2t si pentru bucure\u0219teni. Am cerut antreprenorilor s\u0103 depun\u0103 toate eforturile astfel \u00eenc\u00e2t s\u0103 poat\u0103 termina \u00eenainte de termenul contractual, chiar daca va trebui s\u0103 lucreze \u00een mai multe schimburi.\u00a0 Sunt sigur c\u0103 vor g\u0103si cele mai noi \u0219i bune solu\u021bii astfel \u00eenc\u00e2t disconfortul creat cet\u0103\u021benilor s\u0103 fie c\u00e2t mai mic\u201d, a declarat secretarul de stat Ionel Scrio\u0219teanu, prezent la semnarea contractului.<\/p>\n\n\n\n<p>Valoarea contractul de prest\u0103ri servicii de proiectare \u0219i asisten\u021b\u0103 tehnic\u0103 pentru proiectul Linia de metrou Magistrala 5 (Drumul Taberei \u2013 Pantelimon)\u00a0Sec\u021biunea Eroilor (PS Oper\u0103) \u2013 Pia\u021ba Iancului este de 39.660.707,31 lei la care se adaug\u0103 TVA, respectiv 7.535.534,39 lei, rezult\u00e2nd un total de 47.196.241,70 lei cu TVA.<\/p>\n\n\n\n<p><\/p>\n\n\n\n<p><\/p>\n\n\n\n<p>sursa foto Metrorex<\/p>\n","protected":false},"excerpt":{"rendered":"<p>Metrorex a semnat, ast\u0103zi, cu Asocierea 3TI Progetti Italia &#8211; Ingegneria Integrata SpA &amp; SWS Engineering SpA &amp;\u00a0 Coding Srl &amp;\u00a0 METRANS Engineering SRL, contractul de prest\u0103ri servicii de proiectare \u0219i asisten\u021b\u0103 tehnic\u0103 pentru proiectul Linia de metrou Magistrala 5 (Drumul Taberei \u2013 Pantelimon), Sec\u021biunea Eroilor (PS Oper\u0103) &#8211; Pia\u021ba Iancului. Magistrala 5 de metrou [&hellip;]<\/p>\n","protected":false},"author":18,"featured_media":33597,"comment_status":"closed","ping_status":"open","sticky":false,"template":"","format":"standard","meta":{"_acf_changed":false,"inline_featured_image":false,"ngg_post_thumbnail":0,"footnotes":""},"categories":[62,650],"tags":[3403,1262,376,3404,521],"ppma_author":[22579],"class_list":["post-33589","post","type-post","status-publish","format-standard","has-post-thumbnail","hentry","category-stiri","category-transport","tag-eroilor","tag-m5","tag-metrou","tag-piata-iancului","tag-proiect"],"acf":[],"yoast_head":"<!-- This site is optimized with the Yoast SEO Premium plugin v25.3 (Yoast SEO v27.5) - https:\/\/yoast.com\/product\/yoast-seo-premium-wordpress\/ -->\n<title>M5 | \u00cencepe proiectarea pentru tronsonul Eroilor \u2013 Pia\u021ba Iancului - Buletin de Bucure\u0219ti<\/title>\n<meta name=\"robots\" content=\"index, follow, max-snippet:-1, max-image-preview:large, max-video-preview:-1\" \/>\n<link rel=\"canonical\" href=\"https:\/\/buletin.de\/bucuresti\/m5-incepe-proiectarea-pentru-tronsonul-eroilor-piata-iancului\/\" \/>\n<meta property=\"og:locale\" content=\"en_GB\" \/>\n<meta property=\"og:type\" content=\"article\" \/>\n<meta property=\"og:title\" content=\"M5 | \u00cencepe proiectarea pentru tronsonul Eroilor \u2013 Pia\u021ba Iancului\" \/>\n<meta property=\"og:description\" content=\"Metrorex a semnat, ast\u0103zi, cu Asocierea 3TI Progetti Italia &#8211; Ingegneria Integrata SpA &amp; SWS Engineering SpA &amp;\u00a0 Coding Srl &amp;\u00a0 METRANS Engineering SRL, contractul de prest\u0103ri servicii de proiectare \u0219i asisten\u021b\u0103 tehnic\u0103 pentru proiectul Linia de metrou Magistrala 5 (Drumul Taberei \u2013 Pantelimon), Sec\u021biunea Eroilor (PS Oper\u0103) &#8211; Pia\u021ba Iancului. Magistrala 5 de metrou [&hellip;]\" \/>\n<meta property=\"og:url\" content=\"https:\/\/buletin.de\/bucuresti\/m5-incepe-proiectarea-pentru-tronsonul-eroilor-piata-iancului\/\" \/>\n<meta property=\"og:site_name\" content=\"Buletin de Bucure\u0219ti\" \/>\n<meta property=\"article:publisher\" content=\"https:\/\/www.facebook.com\/buletin.de.buc\" \/>\n<meta property=\"article:published_time\" content=\"2021-10-29T13:03:45+00:00\" \/>\n<meta property=\"article:modified_time\" content=\"2021-10-29T13:03:46+00:00\" \/>\n<meta property=\"og:image\" content=\"https:\/\/buletin.de\/bucuresti\/wp-content\/uploads\/Untitled-1.png\" \/>\n\t<meta property=\"og:image:width\" content=\"627\" \/>\n\t<meta property=\"og:image:height\" content=\"381\" \/>\n\t<meta property=\"og:image:type\" content=\"image\/png\" \/>\n<meta name=\"author\" content=\"Teodora Stroe\" \/>\n<meta name=\"twitter:card\" content=\"summary_large_image\" \/>\n<meta name=\"twitter:label1\" content=\"Written by\" \/>\n\t<meta name=\"twitter:data1\" content=\"Teodora Stroe\" \/>\n\t<meta name=\"twitter:label2\" content=\"Estimated reading time\" \/>\n\t<meta name=\"twitter:data2\" content=\"2 minutes\" \/>\n<script type=\"application\/ld+json\" class=\"yoast-schema-graph\">{\"@context\":\"https:\\\/\\\/schema.org\",\"@graph\":[{\"@type\":\"Article\",\"@id\":\"https:\\\/\\\/buletin.de\\\/bucuresti\\\/m5-incepe-proiectarea-pentru-tronsonul-eroilor-piata-iancului\\\/#article\",\"isPartOf\":{\"@id\":\"https:\\\/\\\/buletin.de\\\/bucuresti\\\/m5-incepe-proiectarea-pentru-tronsonul-eroilor-piata-iancului\\\/\"},\"author\":{\"name\":\"Teodora Stroe\",\"@id\":\"https:\\\/\\\/buletin.de\\\/bucuresti\\\/#\\\/schema\\\/person\\\/d369d7ddc775abece205795e0b804614\"},\"headline\":\"M5 | \u00cencepe proiectarea pentru tronsonul Eroilor \u2013 Pia\u021ba Iancului\",\"datePublished\":\"2021-10-29T13:03:45+00:00\",\"dateModified\":\"2021-10-29T13:03:46+00:00\",\"mainEntityOfPage\":{\"@id\":\"https:\\\/\\\/buletin.de\\\/bucuresti\\\/m5-incepe-proiectarea-pentru-tronsonul-eroilor-piata-iancului\\\/\"},\"wordCount\":269,\"publisher\":{\"@id\":\"https:\\\/\\\/buletin.de\\\/bucuresti\\\/#organization\"},\"image\":{\"@id\":\"https:\\\/\\\/buletin.de\\\/bucuresti\\\/m5-incepe-proiectarea-pentru-tronsonul-eroilor-piata-iancului\\\/#primaryimage\"},\"thumbnailUrl\":\"https:\\\/\\\/buletin.de\\\/bucuresti\\\/wp-content\\\/uploads\\\/Untitled-1.png\",\"keywords\":[\"eroilor\",\"M5\",\"metrou\",\"piata iancului\",\"proiect\"],\"articleSection\":[\"\u0218tiri\",\"Transport\"],\"inLanguage\":\"en-GB\",\"copyrightYear\":\"2021\",\"copyrightHolder\":{\"@id\":\"https:\\\/\\\/buletin.de\\\/bucuresti\\\/#organization\"}},{\"@type\":\"WebPage\",\"@id\":\"https:\\\/\\\/buletin.de\\\/bucuresti\\\/m5-incepe-proiectarea-pentru-tronsonul-eroilor-piata-iancului\\\/\",\"url\":\"https:\\\/\\\/buletin.de\\\/bucuresti\\\/m5-incepe-proiectarea-pentru-tronsonul-eroilor-piata-iancului\\\/\",\"name\":\"M5 | \u00cencepe proiectarea pentru tronsonul Eroilor \u2013 Pia\u021ba Iancului - Buletin de Bucure\u0219ti\",\"isPartOf\":{\"@id\":\"https:\\\/\\\/buletin.de\\\/bucuresti\\\/#website\"},\"primaryImageOfPage\":{\"@id\":\"https:\\\/\\\/buletin.de\\\/bucuresti\\\/m5-incepe-proiectarea-pentru-tronsonul-eroilor-piata-iancului\\\/#primaryimage\"},\"image\":{\"@id\":\"https:\\\/\\\/buletin.de\\\/bucuresti\\\/m5-incepe-proiectarea-pentru-tronsonul-eroilor-piata-iancului\\\/#primaryimage\"},\"thumbnailUrl\":\"https:\\\/\\\/buletin.de\\\/bucuresti\\\/wp-content\\\/uploads\\\/Untitled-1.png\",\"datePublished\":\"2021-10-29T13:03:45+00:00\",\"dateModified\":\"2021-10-29T13:03:46+00:00\",\"breadcrumb\":{\"@id\":\"https:\\\/\\\/buletin.de\\\/bucuresti\\\/m5-incepe-proiectarea-pentru-tronsonul-eroilor-piata-iancului\\\/#breadcrumb\"},\"inLanguage\":\"en-GB\",\"potentialAction\":[{\"@type\":\"ReadAction\",\"target\":[\"https:\\\/\\\/buletin.de\\\/bucuresti\\\/m5-incepe-proiectarea-pentru-tronsonul-eroilor-piata-iancului\\\/\"]}]},{\"@type\":\"ImageObject\",\"inLanguage\":\"en-GB\",\"@id\":\"https:\\\/\\\/buletin.de\\\/bucuresti\\\/m5-incepe-proiectarea-pentru-tronsonul-eroilor-piata-iancului\\\/#primaryimage\",\"url\":\"https:\\\/\\\/buletin.de\\\/bucuresti\\\/wp-content\\\/uploads\\\/Untitled-1.png\",\"contentUrl\":\"https:\\\/\\\/buletin.de\\\/bucuresti\\\/wp-content\\\/uploads\\\/Untitled-1.png\",\"width\":627,\"height\":381},{\"@type\":\"BreadcrumbList\",\"@id\":\"https:\\\/\\\/buletin.de\\\/bucuresti\\\/m5-incepe-proiectarea-pentru-tronsonul-eroilor-piata-iancului\\\/#breadcrumb\",\"itemListElement\":[{\"@type\":\"ListItem\",\"position\":1,\"name\":\"Acas\u0103\",\"item\":\"https:\\\/\\\/buletin.de\\\/bucuresti\\\/\"},{\"@type\":\"ListItem\",\"position\":2,\"name\":\"M5 | \u00cencepe proiectarea pentru tronsonul Eroilor \u2013 Pia\u021ba Iancului\"}]},{\"@type\":\"WebSite\",\"@id\":\"https:\\\/\\\/buletin.de\\\/bucuresti\\\/#website\",\"url\":\"https:\\\/\\\/buletin.de\\\/bucuresti\\\/\",\"name\":\"Buletin de Bucure\u0219ti\",\"description\":\"\u0218tiri \u0219i investiga\u021bii esen\u021biale din capital\u0103\",\"publisher\":{\"@id\":\"https:\\\/\\\/buletin.de\\\/bucuresti\\\/#organization\"},\"potentialAction\":[{\"@type\":\"SearchAction\",\"target\":{\"@type\":\"EntryPoint\",\"urlTemplate\":\"https:\\\/\\\/buletin.de\\\/bucuresti\\\/?s={search_term_string}\"},\"query-input\":{\"@type\":\"PropertyValueSpecification\",\"valueRequired\":true,\"valueName\":\"search_term_string\"}}],\"inLanguage\":\"en-GB\"},{\"@type\":\"Organization\",\"@id\":\"https:\\\/\\\/buletin.de\\\/bucuresti\\\/#organization\",\"name\":\"Buletin de Bucure\u0219ti\",\"url\":\"https:\\\/\\\/buletin.de\\\/bucuresti\\\/\",\"logo\":{\"@type\":\"ImageObject\",\"inLanguage\":\"en-GB\",\"@id\":\"https:\\\/\\\/buletin.de\\\/bucuresti\\\/#\\\/schema\\\/logo\\\/image\\\/\",\"url\":\"https:\\\/\\\/buletin.de\\\/bucuresti\\\/wp-content\\\/uploads\\\/logo-bdb-full-wide-vernil-transparent.png\",\"contentUrl\":\"https:\\\/\\\/buletin.de\\\/bucuresti\\\/wp-content\\\/uploads\\\/logo-bdb-full-wide-vernil-transparent.png\",\"width\":1782,\"height\":626,\"caption\":\"Buletin de Bucure\u0219ti\"},\"image\":{\"@id\":\"https:\\\/\\\/buletin.de\\\/bucuresti\\\/#\\\/schema\\\/logo\\\/image\\\/\"},\"sameAs\":[\"https:\\\/\\\/www.facebook.com\\\/buletin.de.buc\",\"https:\\\/\\\/www.instagram.com\\\/buletinde.bucuresti\\\/\"]},{\"@type\":\"Person\",\"@id\":\"https:\\\/\\\/buletin.de\\\/bucuresti\\\/#\\\/schema\\\/person\\\/d369d7ddc775abece205795e0b804614\",\"name\":\"Teodora Stroe\",\"image\":{\"@type\":\"ImageObject\",\"inLanguage\":\"en-GB\",\"@id\":\"https:\\\/\\\/secure.gravatar.com\\\/avatar\\\/2560b4cd9f5f1bc100b123158e657d75584bd1c3e1d9c69285720b9457c1b78d?s=96&d=monsterid&r=gc104800242ba5f2d78dd5d7dc4df08b6\",\"url\":\"https:\\\/\\\/secure.gravatar.com\\\/avatar\\\/2560b4cd9f5f1bc100b123158e657d75584bd1c3e1d9c69285720b9457c1b78d?s=96&d=monsterid&r=g\",\"contentUrl\":\"https:\\\/\\\/secure.gravatar.com\\\/avatar\\\/2560b4cd9f5f1bc100b123158e657d75584bd1c3e1d9c69285720b9457c1b78d?s=96&d=monsterid&r=g\",\"caption\":\"Teodora Stroe\"},\"url\":\"https:\\\/\\\/buletin.de\\\/bucuresti\\\/author\\\/simonacarlugea\\\/\"}]}<\/script>\n<!-- \/ Yoast SEO Premium plugin. -->","yoast_head_json":{"title":"M5 | \u00cencepe proiectarea pentru tronsonul Eroilor \u2013 Pia\u021ba Iancului - Buletin de Bucure\u0219ti","robots":{"index":"index","follow":"follow","max-snippet":"max-snippet:-1","max-image-preview":"max-image-preview:large","max-video-preview":"max-video-preview:-1"},"canonical":"https:\/\/buletin.de\/bucuresti\/m5-incepe-proiectarea-pentru-tronsonul-eroilor-piata-iancului\/","og_locale":"en_GB","og_type":"article","og_title":"M5 | \u00cencepe proiectarea pentru tronsonul Eroilor \u2013 Pia\u021ba Iancului","og_description":"Metrorex a semnat, ast\u0103zi, cu Asocierea 3TI Progetti Italia &#8211; Ingegneria Integrata SpA &amp; SWS Engineering SpA &amp;\u00a0 Coding Srl &amp;\u00a0 METRANS Engineering SRL, contractul de prest\u0103ri servicii de proiectare \u0219i asisten\u021b\u0103 tehnic\u0103 pentru proiectul Linia de metrou Magistrala 5 (Drumul Taberei \u2013 Pantelimon), Sec\u021biunea Eroilor (PS Oper\u0103) &#8211; Pia\u021ba Iancului. Magistrala 5 de metrou [&hellip;]","og_url":"https:\/\/buletin.de\/bucuresti\/m5-incepe-proiectarea-pentru-tronsonul-eroilor-piata-iancului\/","og_site_name":"Buletin de Bucure\u0219ti","article_publisher":"https:\/\/www.facebook.com\/buletin.de.buc","article_published_time":"2021-10-29T13:03:45+00:00","article_modified_time":"2021-10-29T13:03:46+00:00","og_image":[{"width":627,"height":381,"url":"https:\/\/buletin.de\/bucuresti\/wp-content\/uploads\/Untitled-1.png","type":"image\/png"}],"author":"Teodora Stroe","twitter_card":"summary_large_image","twitter_misc":{"Written by":"Teodora Stroe","Estimated reading time":"2 minutes"},"schema":{"@context":"https:\/\/schema.org","@graph":[{"@type":"Article","@id":"https:\/\/buletin.de\/bucuresti\/m5-incepe-proiectarea-pentru-tronsonul-eroilor-piata-iancului\/#article","isPartOf":{"@id":"https:\/\/buletin.de\/bucuresti\/m5-incepe-proiectarea-pentru-tronsonul-eroilor-piata-iancului\/"},"author":{"name":"Teodora Stroe","@id":"https:\/\/buletin.de\/bucuresti\/#\/schema\/person\/d369d7ddc775abece205795e0b804614"},"headline":"M5 | \u00cencepe proiectarea pentru tronsonul Eroilor \u2013 Pia\u021ba Iancului","datePublished":"2021-10-29T13:03:45+00:00","dateModified":"2021-10-29T13:03:46+00:00","mainEntityOfPage":{"@id":"https:\/\/buletin.de\/bucuresti\/m5-incepe-proiectarea-pentru-tronsonul-eroilor-piata-iancului\/"},"wordCount":269,"publisher":{"@id":"https:\/\/buletin.de\/bucuresti\/#organization"},"image":{"@id":"https:\/\/buletin.de\/bucuresti\/m5-incepe-proiectarea-pentru-tronsonul-eroilor-piata-iancului\/#primaryimage"},"thumbnailUrl":"https:\/\/buletin.de\/bucuresti\/wp-content\/uploads\/Untitled-1.png","keywords":["eroilor","M5","metrou","piata iancului","proiect"],"articleSection":["\u0218tiri","Transport"],"inLanguage":"en-GB","copyrightYear":"2021","copyrightHolder":{"@id":"https:\/\/buletin.de\/bucuresti\/#organization"}},{"@type":"WebPage","@id":"https:\/\/buletin.de\/bucuresti\/m5-incepe-proiectarea-pentru-tronsonul-eroilor-piata-iancului\/","url":"https:\/\/buletin.de\/bucuresti\/m5-incepe-proiectarea-pentru-tronsonul-eroilor-piata-iancului\/","name":"M5 | \u00cencepe proiectarea pentru tronsonul Eroilor \u2013 Pia\u021ba Iancului - Buletin de Bucure\u0219ti","isPartOf":{"@id":"https:\/\/buletin.de\/bucuresti\/#website"},"primaryImageOfPage":{"@id":"https:\/\/buletin.de\/bucuresti\/m5-incepe-proiectarea-pentru-tronsonul-eroilor-piata-iancului\/#primaryimage"},"image":{"@id":"https:\/\/buletin.de\/bucuresti\/m5-incepe-proiectarea-pentru-tronsonul-eroilor-piata-iancului\/#primaryimage"},"thumbnailUrl":"https:\/\/buletin.de\/bucuresti\/wp-content\/uploads\/Untitled-1.png","datePublished":"2021-10-29T13:03:45+00:00","dateModified":"2021-10-29T13:03:46+00:00","breadcrumb":{"@id":"https:\/\/buletin.de\/bucuresti\/m5-incepe-proiectarea-pentru-tronsonul-eroilor-piata-iancului\/#breadcrumb"},"inLanguage":"en-GB","potentialAction":[{"@type":"ReadAction","target":["https:\/\/buletin.de\/bucuresti\/m5-incepe-proiectarea-pentru-tronsonul-eroilor-piata-iancului\/"]}]},{"@type":"ImageObject","inLanguage":"en-GB","@id":"https:\/\/buletin.de\/bucuresti\/m5-incepe-proiectarea-pentru-tronsonul-eroilor-piata-iancului\/#primaryimage","url":"https:\/\/buletin.de\/bucuresti\/wp-content\/uploads\/Untitled-1.png","contentUrl":"https:\/\/buletin.de\/bucuresti\/wp-content\/uploads\/Untitled-1.png","width":627,"height":381},{"@type":"BreadcrumbList","@id":"https:\/\/buletin.de\/bucuresti\/m5-incepe-proiectarea-pentru-tronsonul-eroilor-piata-iancului\/#breadcrumb","itemListElement":[{"@type":"ListItem","position":1,"name":"Acas\u0103","item":"https:\/\/buletin.de\/bucuresti\/"},{"@type":"ListItem","position":2,"name":"M5 | \u00cencepe proiectarea pentru tronsonul Eroilor \u2013 Pia\u021ba Iancului"}]},{"@type":"WebSite","@id":"https:\/\/buletin.de\/bucuresti\/#website","url":"https:\/\/buletin.de\/bucuresti\/","name":"Buletin de Bucure\u0219ti","description":"\u0218tiri \u0219i investiga\u021bii esen\u021biale din capital\u0103","publisher":{"@id":"https:\/\/buletin.de\/bucuresti\/#organization"},"potentialAction":[{"@type":"SearchAction","target":{"@type":"EntryPoint","urlTemplate":"https:\/\/buletin.de\/bucuresti\/?s={search_term_string}"},"query-input":{"@type":"PropertyValueSpecification","valueRequired":true,"valueName":"search_term_string"}}],"inLanguage":"en-GB"},{"@type":"Organization","@id":"https:\/\/buletin.de\/bucuresti\/#organization","name":"Buletin de Bucure\u0219ti","url":"https:\/\/buletin.de\/bucuresti\/","logo":{"@type":"ImageObject","inLanguage":"en-GB","@id":"https:\/\/buletin.de\/bucuresti\/#\/schema\/logo\/image\/","url":"https:\/\/buletin.de\/bucuresti\/wp-content\/uploads\/logo-bdb-full-wide-vernil-transparent.png","contentUrl":"https:\/\/buletin.de\/bucuresti\/wp-content\/uploads\/logo-bdb-full-wide-vernil-transparent.png","width":1782,"height":626,"caption":"Buletin de Bucure\u0219ti"},"image":{"@id":"https:\/\/buletin.de\/bucuresti\/#\/schema\/logo\/image\/"},"sameAs":["https:\/\/www.facebook.com\/buletin.de.buc","https:\/\/www.instagram.com\/buletinde.bucuresti\/"]},{"@type":"Person","@id":"https:\/\/buletin.de\/bucuresti\/#\/schema\/person\/d369d7ddc775abece205795e0b804614","name":"Teodora Stroe","image":{"@type":"ImageObject","inLanguage":"en-GB","@id":"https:\/\/secure.gravatar.com\/avatar\/2560b4cd9f5f1bc100b123158e657d75584bd1c3e1d9c69285720b9457c1b78d?s=96&d=monsterid&r=gc104800242ba5f2d78dd5d7dc4df08b6","url":"https:\/\/secure.gravatar.com\/avatar\/2560b4cd9f5f1bc100b123158e657d75584bd1c3e1d9c69285720b9457c1b78d?s=96&d=monsterid&r=g","contentUrl":"https:\/\/secure.gravatar.com\/avatar\/2560b4cd9f5f1bc100b123158e657d75584bd1c3e1d9c69285720b9457c1b78d?s=96&d=monsterid&r=g","caption":"Teodora Stroe"},"url":"https:\/\/buletin.de\/bucuresti\/author\/simonacarlugea\/"}]}},"authors":[{"term_id":22579,"user_id":18,"is_guest":0,"slug":"simonacarlugea","display_name":"Teodora Stroe","avatar_url":"https:\/\/secure.gravatar.com\/avatar\/2560b4cd9f5f1bc100b123158e657d75584bd1c3e1d9c69285720b9457c1b78d?s=96&d=monsterid&r=g","0":null,"1":"","2":"","3":"","4":"","5":"","6":"","7":"","8":""}],"_links":{"self":[{"href":"https:\/\/buletin.de\/bucuresti\/wp-json\/wp\/v2\/posts\/33589","targetHints":{"allow":["GET"]}}],"collection":[{"href":"https:\/\/buletin.de\/bucuresti\/wp-json\/wp\/v2\/posts"}],"about":[{"href":"https:\/\/buletin.de\/bucuresti\/wp-json\/wp\/v2\/types\/post"}],"author":[{"embeddable":true,"href":"https:\/\/buletin.de\/bucuresti\/wp-json\/wp\/v2\/users\/18"}],"replies":[{"embeddable":true,"href":"https:\/\/buletin.de\/bucuresti\/wp-json\/wp\/v2\/comments?post=33589"}],"version-history":[{"count":5,"href":"https:\/\/buletin.de\/bucuresti\/wp-json\/wp\/v2\/posts\/33589\/revisions"}],"predecessor-version":[{"id":33600,"href":"https:\/\/buletin.de\/bucuresti\/wp-json\/wp\/v2\/posts\/33589\/revisions\/33600"}],"wp:featuredmedia":[{"embeddable":true,"href":"https:\/\/buletin.de\/bucuresti\/wp-json\/wp\/v2\/media\/33597"}],"wp:attachment":[{"href":"https:\/\/buletin.de\/bucuresti\/wp-json\/wp\/v2\/media?parent=33589"}],"wp:term":[{"taxonomy":"category","embeddable":true,"href":"https:\/\/buletin.de\/bucuresti\/wp-json\/wp\/v2\/categories?post=33589"},{"taxonomy":"post_tag","embeddable":true,"href":"https:\/\/buletin.de\/bucuresti\/wp-json\/wp\/v2\/tags?post=33589"},{"taxonomy":"author","embeddable":true,"href":"https:\/\/buletin.de\/bucuresti\/wp-json\/wp\/v2\/ppma_author?post=33589"}],"curies":[{"name":"wp","href":"https:\/\/api.w.org\/{rel}","templated":true}]}}