{"id":33085,"date":"2021-10-26T09:31:39","date_gmt":"2021-10-26T06:31:39","guid":{"rendered":"https:\/\/buletin.de\/bucuresti\/?p=33085"},"modified":"2021-10-26T09:31:40","modified_gmt":"2021-10-26T06:31:40","slug":"sectorul-4-singurul-care-nu-transmite-live-sedintele-de-consiliu-local-si-nu-le-afiseaza-pe-site","status":"publish","type":"post","link":"https:\/\/buletin.de\/bucuresti\/sectorul-4-singurul-care-nu-transmite-live-sedintele-de-consiliu-local-si-nu-le-afiseaza-pe-site\/","title":{"rendered":"Sectorul 4, singurul care nu transmite live \u0219edintele de consiliu local \u0219i nu le afi\u0219eaz\u0103 pe site"},"content":{"rendered":"\n<p><strong>La o simpl\u0103 c\u0103utare pe Google, ultima \u0219edin\u021b\u0103 de Consiliu Local Sector 4 transmis\u0103 \u00een direct apare c\u0103 a fost \u00een primavara anului 2017. Sectorul condus de Daniel B\u0103lu\u021b\u0103 este singurul unde \u0219edin\u021bele sunt \u021binute secret.<\/strong><\/p>\n\n\n\n<p>Pe pagina de pe site unde ar fi trebuit s\u0103 fie afi\u0219ate \u0219edin\u021bele \u00eenregistrate nu apare nimic.<\/p>\n\n\n\n<figure class=\"wp-block-image size-large\"><img fetchpriority=\"high\" decoding=\"async\" width=\"900\" height=\"484\" src=\"data:image\/gif;base64,R0lGODlhAQABAAAAACH5BAEKAAEALAAAAAABAAEAAAICTAEAOw==\" data-src=\"https:\/\/buletin.de\/bucuresti\/wp-content\/uploads\/Screenshot_1-4-900x484.jpg\" alt=\"\" class=\"wp-image-33086 lazyload\" data-sizes=\"auto\" data-srcset=\"https:\/\/buletin.de\/bucuresti\/wp-content\/uploads\/Screenshot_1-4-900x484.jpg 900w, https:\/\/buletin.de\/bucuresti\/wp-content\/uploads\/Screenshot_1-4-300x161.jpg 300w, https:\/\/buletin.de\/bucuresti\/wp-content\/uploads\/Screenshot_1-4-768x413.jpg 768w, https:\/\/buletin.de\/bucuresti\/wp-content\/uploads\/Screenshot_1-4-1060x570.jpg 1060w, https:\/\/buletin.de\/bucuresti\/wp-content\/uploads\/Screenshot_1-4-550x296.jpg 550w, https:\/\/buletin.de\/bucuresti\/wp-content\/uploads\/Screenshot_1-4-929x500.jpg 929w, https:\/\/buletin.de\/bucuresti\/wp-content\/uploads\/Screenshot_1-4-600x323.jpg 600w, https:\/\/buletin.de\/bucuresti\/wp-content\/uploads\/Screenshot_1-4.jpg 1383w\" sizes=\"(max-width: 900px) 100vw, 900px\" \/><\/figure>\n\n\n\n<p><\/p>\n\n\n\n<p>\u00cen \u0219edin\u021ba care a avut loc la mijlocul lunii iulie din acest an, consilierul USR-PLUS, Mircea Olaru, a propus un amendament pentru achizi\u021bionarea de materiale necesare transmiterii \u00een direct pe internet \u0219i \u00eenregistrarea \u0219edin\u021belor. Consilierii PSD au votat \u00eempotriv\u0103, iar amendamentul nu a trecut cu 14 voturi \u00eempotriva \u0219i 12 voturi pentru.<\/p>\n\n\n\n<p>Situa\u021bia s-a repetat \u0219i \u00een \u0219edin\u021ba de la final de septembrie, atunci c\u00e2nd s-a votat rectificarea bugetar\u0103.<\/p>\n\n\n\n<p><\/p>\n","protected":false},"excerpt":{"rendered":"<p>La o simpl\u0103 c\u0103utare pe Google, ultima \u0219edin\u021b\u0103 de Consiliu Local Sector 4 transmis\u0103 \u00een direct apare c\u0103 a fost \u00een primavara anului 2017. Sectorul condus de Daniel B\u0103lu\u021b\u0103 este singurul unde \u0219edin\u021bele sunt \u021binute secret. Pe pagina de pe site unde ar fi trebuit s\u0103 fie afi\u0219ate \u0219edin\u021bele \u00eenregistrate nu apare nimic. \u00cen \u0219edin\u021ba [&hellip;]<\/p>\n","protected":false},"author":6,"featured_media":33086,"comment_status":"closed","ping_status":"open","sticky":false,"template":"","format":"standard","meta":{"_acf_changed":false,"inline_featured_image":false,"ngg_post_thumbnail":0,"footnotes":""},"categories":[24],"tags":[1204,3363,1849,765,3362],"ppma_author":[22588],"class_list":["post-33085","post","type-post","status-publish","format-standard","has-post-thumbnail","hentry","category-primarie","tag-daniel-baluta","tag-netransparenta","tag-primaria-sector-4","tag-sector-4","tag-sedinte-consiliu-sector-4"],"acf":[],"yoast_head":"<!-- This site is optimized with the Yoast SEO Premium plugin v25.3 (Yoast SEO v27.5) - https:\/\/yoast.com\/product\/yoast-seo-premium-wordpress\/ -->\n<title>Sectorul 4, singurul care nu transmite live \u0219edintele de consiliu local \u0219i nu le afi\u0219eaz\u0103 pe site - Buletin de Bucure\u0219ti<\/title>\n<meta name=\"robots\" content=\"index, follow, max-snippet:-1, max-image-preview:large, max-video-preview:-1\" \/>\n<link rel=\"canonical\" href=\"https:\/\/buletin.de\/bucuresti\/sectorul-4-singurul-care-nu-transmite-live-sedintele-de-consiliu-local-si-nu-le-afiseaza-pe-site\/\" \/>\n<meta property=\"og:locale\" content=\"en_GB\" \/>\n<meta property=\"og:type\" content=\"article\" \/>\n<meta property=\"og:title\" content=\"Sectorul 4, singurul care nu transmite live \u0219edintele de consiliu local \u0219i nu le afi\u0219eaz\u0103 pe site\" \/>\n<meta property=\"og:description\" content=\"La o simpl\u0103 c\u0103utare pe Google, ultima \u0219edin\u021b\u0103 de Consiliu Local Sector 4 transmis\u0103 \u00een direct apare c\u0103 a fost \u00een primavara anului 2017. Sectorul condus de Daniel B\u0103lu\u021b\u0103 este singurul unde \u0219edin\u021bele sunt \u021binute secret. Pe pagina de pe site unde ar fi trebuit s\u0103 fie afi\u0219ate \u0219edin\u021bele \u00eenregistrate nu apare nimic. \u00cen \u0219edin\u021ba [&hellip;]\" \/>\n<meta property=\"og:url\" content=\"https:\/\/buletin.de\/bucuresti\/sectorul-4-singurul-care-nu-transmite-live-sedintele-de-consiliu-local-si-nu-le-afiseaza-pe-site\/\" \/>\n<meta property=\"og:site_name\" content=\"Buletin de Bucure\u0219ti\" \/>\n<meta property=\"article:publisher\" content=\"https:\/\/www.facebook.com\/buletin.de.buc\" \/>\n<meta property=\"article:published_time\" content=\"2021-10-26T06:31:39+00:00\" \/>\n<meta property=\"article:modified_time\" content=\"2021-10-26T06:31:40+00:00\" \/>\n<meta property=\"og:image\" content=\"https:\/\/buletin.de\/bucuresti\/wp-content\/uploads\/Screenshot_1-4.jpg\" \/>\n\t<meta property=\"og:image:width\" content=\"1383\" \/>\n\t<meta property=\"og:image:height\" content=\"744\" \/>\n\t<meta property=\"og:image:type\" content=\"image\/jpeg\" \/>\n<meta name=\"author\" content=\"Bianca Albu\" \/>\n<meta name=\"twitter:card\" content=\"summary_large_image\" \/>\n<meta name=\"twitter:label1\" content=\"Written by\" \/>\n\t<meta name=\"twitter:data1\" content=\"Bianca Albu\" \/>\n\t<meta name=\"twitter:label2\" content=\"Estimated reading time\" \/>\n\t<meta name=\"twitter:data2\" content=\"1 minute\" \/>\n<script type=\"application\/ld+json\" class=\"yoast-schema-graph\">{\"@context\":\"https:\\\/\\\/schema.org\",\"@graph\":[{\"@type\":\"Article\",\"@id\":\"https:\\\/\\\/buletin.de\\\/bucuresti\\\/sectorul-4-singurul-care-nu-transmite-live-sedintele-de-consiliu-local-si-nu-le-afiseaza-pe-site\\\/#article\",\"isPartOf\":{\"@id\":\"https:\\\/\\\/buletin.de\\\/bucuresti\\\/sectorul-4-singurul-care-nu-transmite-live-sedintele-de-consiliu-local-si-nu-le-afiseaza-pe-site\\\/\"},\"author\":{\"name\":\"Bianca Albu\",\"@id\":\"https:\\\/\\\/buletin.de\\\/bucuresti\\\/#\\\/schema\\\/person\\\/295dc2228d2dc79294d636619468dc7f\"},\"headline\":\"Sectorul 4, singurul care nu transmite live \u0219edintele de consiliu local \u0219i nu le afi\u0219eaz\u0103 pe site\",\"datePublished\":\"2021-10-26T06:31:39+00:00\",\"dateModified\":\"2021-10-26T06:31:40+00:00\",\"mainEntityOfPage\":{\"@id\":\"https:\\\/\\\/buletin.de\\\/bucuresti\\\/sectorul-4-singurul-care-nu-transmite-live-sedintele-de-consiliu-local-si-nu-le-afiseaza-pe-site\\\/\"},\"wordCount\":146,\"publisher\":{\"@id\":\"https:\\\/\\\/buletin.de\\\/bucuresti\\\/#organization\"},\"image\":{\"@id\":\"https:\\\/\\\/buletin.de\\\/bucuresti\\\/sectorul-4-singurul-care-nu-transmite-live-sedintele-de-consiliu-local-si-nu-le-afiseaza-pe-site\\\/#primaryimage\"},\"thumbnailUrl\":\"https:\\\/\\\/buletin.de\\\/bucuresti\\\/wp-content\\\/uploads\\\/Screenshot_1-4.jpg\",\"keywords\":[\"daniel baluta\",\"netransparenta\",\"primaria sector 4\",\"Sector 4\",\"sedinte consiliu sector 4\"],\"articleSection\":[\"Prim\u0103rie\"],\"inLanguage\":\"en-GB\",\"copyrightYear\":\"2021\",\"copyrightHolder\":{\"@id\":\"https:\\\/\\\/buletin.de\\\/bucuresti\\\/#organization\"}},{\"@type\":\"WebPage\",\"@id\":\"https:\\\/\\\/buletin.de\\\/bucuresti\\\/sectorul-4-singurul-care-nu-transmite-live-sedintele-de-consiliu-local-si-nu-le-afiseaza-pe-site\\\/\",\"url\":\"https:\\\/\\\/buletin.de\\\/bucuresti\\\/sectorul-4-singurul-care-nu-transmite-live-sedintele-de-consiliu-local-si-nu-le-afiseaza-pe-site\\\/\",\"name\":\"Sectorul 4, singurul care nu transmite live \u0219edintele de consiliu local \u0219i nu le afi\u0219eaz\u0103 pe site - Buletin de Bucure\u0219ti\",\"isPartOf\":{\"@id\":\"https:\\\/\\\/buletin.de\\\/bucuresti\\\/#website\"},\"primaryImageOfPage\":{\"@id\":\"https:\\\/\\\/buletin.de\\\/bucuresti\\\/sectorul-4-singurul-care-nu-transmite-live-sedintele-de-consiliu-local-si-nu-le-afiseaza-pe-site\\\/#primaryimage\"},\"image\":{\"@id\":\"https:\\\/\\\/buletin.de\\\/bucuresti\\\/sectorul-4-singurul-care-nu-transmite-live-sedintele-de-consiliu-local-si-nu-le-afiseaza-pe-site\\\/#primaryimage\"},\"thumbnailUrl\":\"https:\\\/\\\/buletin.de\\\/bucuresti\\\/wp-content\\\/uploads\\\/Screenshot_1-4.jpg\",\"datePublished\":\"2021-10-26T06:31:39+00:00\",\"dateModified\":\"2021-10-26T06:31:40+00:00\",\"breadcrumb\":{\"@id\":\"https:\\\/\\\/buletin.de\\\/bucuresti\\\/sectorul-4-singurul-care-nu-transmite-live-sedintele-de-consiliu-local-si-nu-le-afiseaza-pe-site\\\/#breadcrumb\"},\"inLanguage\":\"en-GB\",\"potentialAction\":[{\"@type\":\"ReadAction\",\"target\":[\"https:\\\/\\\/buletin.de\\\/bucuresti\\\/sectorul-4-singurul-care-nu-transmite-live-sedintele-de-consiliu-local-si-nu-le-afiseaza-pe-site\\\/\"]}]},{\"@type\":\"ImageObject\",\"inLanguage\":\"en-GB\",\"@id\":\"https:\\\/\\\/buletin.de\\\/bucuresti\\\/sectorul-4-singurul-care-nu-transmite-live-sedintele-de-consiliu-local-si-nu-le-afiseaza-pe-site\\\/#primaryimage\",\"url\":\"https:\\\/\\\/buletin.de\\\/bucuresti\\\/wp-content\\\/uploads\\\/Screenshot_1-4.jpg\",\"contentUrl\":\"https:\\\/\\\/buletin.de\\\/bucuresti\\\/wp-content\\\/uploads\\\/Screenshot_1-4.jpg\",\"width\":1383,\"height\":744},{\"@type\":\"BreadcrumbList\",\"@id\":\"https:\\\/\\\/buletin.de\\\/bucuresti\\\/sectorul-4-singurul-care-nu-transmite-live-sedintele-de-consiliu-local-si-nu-le-afiseaza-pe-site\\\/#breadcrumb\",\"itemListElement\":[{\"@type\":\"ListItem\",\"position\":1,\"name\":\"Acas\u0103\",\"item\":\"https:\\\/\\\/buletin.de\\\/bucuresti\\\/\"},{\"@type\":\"ListItem\",\"position\":2,\"name\":\"Sectorul 4, singurul care nu transmite live \u0219edintele de consiliu local \u0219i nu le afi\u0219eaz\u0103 pe site\"}]},{\"@type\":\"WebSite\",\"@id\":\"https:\\\/\\\/buletin.de\\\/bucuresti\\\/#website\",\"url\":\"https:\\\/\\\/buletin.de\\\/bucuresti\\\/\",\"name\":\"Buletin de Bucure\u0219ti\",\"description\":\"\u0218tiri \u0219i investiga\u021bii esen\u021biale din capital\u0103\",\"publisher\":{\"@id\":\"https:\\\/\\\/buletin.de\\\/bucuresti\\\/#organization\"},\"potentialAction\":[{\"@type\":\"SearchAction\",\"target\":{\"@type\":\"EntryPoint\",\"urlTemplate\":\"https:\\\/\\\/buletin.de\\\/bucuresti\\\/?s={search_term_string}\"},\"query-input\":{\"@type\":\"PropertyValueSpecification\",\"valueRequired\":true,\"valueName\":\"search_term_string\"}}],\"inLanguage\":\"en-GB\"},{\"@type\":\"Organization\",\"@id\":\"https:\\\/\\\/buletin.de\\\/bucuresti\\\/#organization\",\"name\":\"Buletin de Bucure\u0219ti\",\"url\":\"https:\\\/\\\/buletin.de\\\/bucuresti\\\/\",\"logo\":{\"@type\":\"ImageObject\",\"inLanguage\":\"en-GB\",\"@id\":\"https:\\\/\\\/buletin.de\\\/bucuresti\\\/#\\\/schema\\\/logo\\\/image\\\/\",\"url\":\"https:\\\/\\\/buletin.de\\\/bucuresti\\\/wp-content\\\/uploads\\\/logo-bdb-full-wide-vernil-transparent.png\",\"contentUrl\":\"https:\\\/\\\/buletin.de\\\/bucuresti\\\/wp-content\\\/uploads\\\/logo-bdb-full-wide-vernil-transparent.png\",\"width\":1782,\"height\":626,\"caption\":\"Buletin de Bucure\u0219ti\"},\"image\":{\"@id\":\"https:\\\/\\\/buletin.de\\\/bucuresti\\\/#\\\/schema\\\/logo\\\/image\\\/\"},\"sameAs\":[\"https:\\\/\\\/www.facebook.com\\\/buletin.de.buc\",\"https:\\\/\\\/www.instagram.com\\\/buletinde.bucuresti\\\/\"]},{\"@type\":\"Person\",\"@id\":\"https:\\\/\\\/buletin.de\\\/bucuresti\\\/#\\\/schema\\\/person\\\/295dc2228d2dc79294d636619468dc7f\",\"name\":\"Bianca Albu\",\"image\":{\"@type\":\"ImageObject\",\"inLanguage\":\"en-GB\",\"@id\":\"https:\\\/\\\/secure.gravatar.com\\\/avatar\\\/3df2e34e20f529e6fd7be4311ee1f7c4ec4aa886971590baf6fa214b15743516?s=96&d=monsterid&r=gf541c715eeec409ce8101252a3c0d8a7\",\"url\":\"https:\\\/\\\/secure.gravatar.com\\\/avatar\\\/3df2e34e20f529e6fd7be4311ee1f7c4ec4aa886971590baf6fa214b15743516?s=96&d=monsterid&r=g\",\"contentUrl\":\"https:\\\/\\\/secure.gravatar.com\\\/avatar\\\/3df2e34e20f529e6fd7be4311ee1f7c4ec4aa886971590baf6fa214b15743516?s=96&d=monsterid&r=g\",\"caption\":\"Bianca Albu\"},\"description\":\"Reporter\",\"url\":\"https:\\\/\\\/buletin.de\\\/bucuresti\\\/author\\\/biancaalbu\\\/\"}]}<\/script>\n<!-- \/ Yoast SEO Premium plugin. -->","yoast_head_json":{"title":"Sectorul 4, singurul care nu transmite live \u0219edintele de consiliu local \u0219i nu le afi\u0219eaz\u0103 pe site - Buletin de Bucure\u0219ti","robots":{"index":"index","follow":"follow","max-snippet":"max-snippet:-1","max-image-preview":"max-image-preview:large","max-video-preview":"max-video-preview:-1"},"canonical":"https:\/\/buletin.de\/bucuresti\/sectorul-4-singurul-care-nu-transmite-live-sedintele-de-consiliu-local-si-nu-le-afiseaza-pe-site\/","og_locale":"en_GB","og_type":"article","og_title":"Sectorul 4, singurul care nu transmite live \u0219edintele de consiliu local \u0219i nu le afi\u0219eaz\u0103 pe site","og_description":"La o simpl\u0103 c\u0103utare pe Google, ultima \u0219edin\u021b\u0103 de Consiliu Local Sector 4 transmis\u0103 \u00een direct apare c\u0103 a fost \u00een primavara anului 2017. Sectorul condus de Daniel B\u0103lu\u021b\u0103 este singurul unde \u0219edin\u021bele sunt \u021binute secret. Pe pagina de pe site unde ar fi trebuit s\u0103 fie afi\u0219ate \u0219edin\u021bele \u00eenregistrate nu apare nimic. \u00cen \u0219edin\u021ba [&hellip;]","og_url":"https:\/\/buletin.de\/bucuresti\/sectorul-4-singurul-care-nu-transmite-live-sedintele-de-consiliu-local-si-nu-le-afiseaza-pe-site\/","og_site_name":"Buletin de Bucure\u0219ti","article_publisher":"https:\/\/www.facebook.com\/buletin.de.buc","article_published_time":"2021-10-26T06:31:39+00:00","article_modified_time":"2021-10-26T06:31:40+00:00","og_image":[{"width":1383,"height":744,"url":"https:\/\/buletin.de\/bucuresti\/wp-content\/uploads\/Screenshot_1-4.jpg","type":"image\/jpeg"}],"author":"Bianca Albu","twitter_card":"summary_large_image","twitter_misc":{"Written by":"Bianca Albu","Estimated reading time":"1 minute"},"schema":{"@context":"https:\/\/schema.org","@graph":[{"@type":"Article","@id":"https:\/\/buletin.de\/bucuresti\/sectorul-4-singurul-care-nu-transmite-live-sedintele-de-consiliu-local-si-nu-le-afiseaza-pe-site\/#article","isPartOf":{"@id":"https:\/\/buletin.de\/bucuresti\/sectorul-4-singurul-care-nu-transmite-live-sedintele-de-consiliu-local-si-nu-le-afiseaza-pe-site\/"},"author":{"name":"Bianca Albu","@id":"https:\/\/buletin.de\/bucuresti\/#\/schema\/person\/295dc2228d2dc79294d636619468dc7f"},"headline":"Sectorul 4, singurul care nu transmite live \u0219edintele de consiliu local \u0219i nu le afi\u0219eaz\u0103 pe site","datePublished":"2021-10-26T06:31:39+00:00","dateModified":"2021-10-26T06:31:40+00:00","mainEntityOfPage":{"@id":"https:\/\/buletin.de\/bucuresti\/sectorul-4-singurul-care-nu-transmite-live-sedintele-de-consiliu-local-si-nu-le-afiseaza-pe-site\/"},"wordCount":146,"publisher":{"@id":"https:\/\/buletin.de\/bucuresti\/#organization"},"image":{"@id":"https:\/\/buletin.de\/bucuresti\/sectorul-4-singurul-care-nu-transmite-live-sedintele-de-consiliu-local-si-nu-le-afiseaza-pe-site\/#primaryimage"},"thumbnailUrl":"https:\/\/buletin.de\/bucuresti\/wp-content\/uploads\/Screenshot_1-4.jpg","keywords":["daniel baluta","netransparenta","primaria sector 4","Sector 4","sedinte consiliu sector 4"],"articleSection":["Prim\u0103rie"],"inLanguage":"en-GB","copyrightYear":"2021","copyrightHolder":{"@id":"https:\/\/buletin.de\/bucuresti\/#organization"}},{"@type":"WebPage","@id":"https:\/\/buletin.de\/bucuresti\/sectorul-4-singurul-care-nu-transmite-live-sedintele-de-consiliu-local-si-nu-le-afiseaza-pe-site\/","url":"https:\/\/buletin.de\/bucuresti\/sectorul-4-singurul-care-nu-transmite-live-sedintele-de-consiliu-local-si-nu-le-afiseaza-pe-site\/","name":"Sectorul 4, singurul care nu transmite live \u0219edintele de consiliu local \u0219i nu le afi\u0219eaz\u0103 pe site - Buletin de Bucure\u0219ti","isPartOf":{"@id":"https:\/\/buletin.de\/bucuresti\/#website"},"primaryImageOfPage":{"@id":"https:\/\/buletin.de\/bucuresti\/sectorul-4-singurul-care-nu-transmite-live-sedintele-de-consiliu-local-si-nu-le-afiseaza-pe-site\/#primaryimage"},"image":{"@id":"https:\/\/buletin.de\/bucuresti\/sectorul-4-singurul-care-nu-transmite-live-sedintele-de-consiliu-local-si-nu-le-afiseaza-pe-site\/#primaryimage"},"thumbnailUrl":"https:\/\/buletin.de\/bucuresti\/wp-content\/uploads\/Screenshot_1-4.jpg","datePublished":"2021-10-26T06:31:39+00:00","dateModified":"2021-10-26T06:31:40+00:00","breadcrumb":{"@id":"https:\/\/buletin.de\/bucuresti\/sectorul-4-singurul-care-nu-transmite-live-sedintele-de-consiliu-local-si-nu-le-afiseaza-pe-site\/#breadcrumb"},"inLanguage":"en-GB","potentialAction":[{"@type":"ReadAction","target":["https:\/\/buletin.de\/bucuresti\/sectorul-4-singurul-care-nu-transmite-live-sedintele-de-consiliu-local-si-nu-le-afiseaza-pe-site\/"]}]},{"@type":"ImageObject","inLanguage":"en-GB","@id":"https:\/\/buletin.de\/bucuresti\/sectorul-4-singurul-care-nu-transmite-live-sedintele-de-consiliu-local-si-nu-le-afiseaza-pe-site\/#primaryimage","url":"https:\/\/buletin.de\/bucuresti\/wp-content\/uploads\/Screenshot_1-4.jpg","contentUrl":"https:\/\/buletin.de\/bucuresti\/wp-content\/uploads\/Screenshot_1-4.jpg","width":1383,"height":744},{"@type":"BreadcrumbList","@id":"https:\/\/buletin.de\/bucuresti\/sectorul-4-singurul-care-nu-transmite-live-sedintele-de-consiliu-local-si-nu-le-afiseaza-pe-site\/#breadcrumb","itemListElement":[{"@type":"ListItem","position":1,"name":"Acas\u0103","item":"https:\/\/buletin.de\/bucuresti\/"},{"@type":"ListItem","position":2,"name":"Sectorul 4, singurul care nu transmite live \u0219edintele de consiliu local \u0219i nu le afi\u0219eaz\u0103 pe site"}]},{"@type":"WebSite","@id":"https:\/\/buletin.de\/bucuresti\/#website","url":"https:\/\/buletin.de\/bucuresti\/","name":"Buletin de Bucure\u0219ti","description":"\u0218tiri \u0219i investiga\u021bii esen\u021biale din capital\u0103","publisher":{"@id":"https:\/\/buletin.de\/bucuresti\/#organization"},"potentialAction":[{"@type":"SearchAction","target":{"@type":"EntryPoint","urlTemplate":"https:\/\/buletin.de\/bucuresti\/?s={search_term_string}"},"query-input":{"@type":"PropertyValueSpecification","valueRequired":true,"valueName":"search_term_string"}}],"inLanguage":"en-GB"},{"@type":"Organization","@id":"https:\/\/buletin.de\/bucuresti\/#organization","name":"Buletin de Bucure\u0219ti","url":"https:\/\/buletin.de\/bucuresti\/","logo":{"@type":"ImageObject","inLanguage":"en-GB","@id":"https:\/\/buletin.de\/bucuresti\/#\/schema\/logo\/image\/","url":"https:\/\/buletin.de\/bucuresti\/wp-content\/uploads\/logo-bdb-full-wide-vernil-transparent.png","contentUrl":"https:\/\/buletin.de\/bucuresti\/wp-content\/uploads\/logo-bdb-full-wide-vernil-transparent.png","width":1782,"height":626,"caption":"Buletin de Bucure\u0219ti"},"image":{"@id":"https:\/\/buletin.de\/bucuresti\/#\/schema\/logo\/image\/"},"sameAs":["https:\/\/www.facebook.com\/buletin.de.buc","https:\/\/www.instagram.com\/buletinde.bucuresti\/"]},{"@type":"Person","@id":"https:\/\/buletin.de\/bucuresti\/#\/schema\/person\/295dc2228d2dc79294d636619468dc7f","name":"Bianca Albu","image":{"@type":"ImageObject","inLanguage":"en-GB","@id":"https:\/\/secure.gravatar.com\/avatar\/3df2e34e20f529e6fd7be4311ee1f7c4ec4aa886971590baf6fa214b15743516?s=96&d=monsterid&r=gf541c715eeec409ce8101252a3c0d8a7","url":"https:\/\/secure.gravatar.com\/avatar\/3df2e34e20f529e6fd7be4311ee1f7c4ec4aa886971590baf6fa214b15743516?s=96&d=monsterid&r=g","contentUrl":"https:\/\/secure.gravatar.com\/avatar\/3df2e34e20f529e6fd7be4311ee1f7c4ec4aa886971590baf6fa214b15743516?s=96&d=monsterid&r=g","caption":"Bianca Albu"},"description":"Reporter","url":"https:\/\/buletin.de\/bucuresti\/author\/biancaalbu\/"}]}},"authors":[{"term_id":22588,"user_id":6,"is_guest":0,"slug":"biancaalbu","display_name":"Bianca Albu","avatar_url":"https:\/\/secure.gravatar.com\/avatar\/3df2e34e20f529e6fd7be4311ee1f7c4ec4aa886971590baf6fa214b15743516?s=96&d=monsterid&r=g","0":null,"1":"","2":"","3":"","4":"","5":"","6":"","7":"","8":""}],"_links":{"self":[{"href":"https:\/\/buletin.de\/bucuresti\/wp-json\/wp\/v2\/posts\/33085","targetHints":{"allow":["GET"]}}],"collection":[{"href":"https:\/\/buletin.de\/bucuresti\/wp-json\/wp\/v2\/posts"}],"about":[{"href":"https:\/\/buletin.de\/bucuresti\/wp-json\/wp\/v2\/types\/post"}],"author":[{"embeddable":true,"href":"https:\/\/buletin.de\/bucuresti\/wp-json\/wp\/v2\/users\/6"}],"replies":[{"embeddable":true,"href":"https:\/\/buletin.de\/bucuresti\/wp-json\/wp\/v2\/comments?post=33085"}],"version-history":[{"count":1,"href":"https:\/\/buletin.de\/bucuresti\/wp-json\/wp\/v2\/posts\/33085\/revisions"}],"predecessor-version":[{"id":33087,"href":"https:\/\/buletin.de\/bucuresti\/wp-json\/wp\/v2\/posts\/33085\/revisions\/33087"}],"wp:featuredmedia":[{"embeddable":true,"href":"https:\/\/buletin.de\/bucuresti\/wp-json\/wp\/v2\/media\/33086"}],"wp:attachment":[{"href":"https:\/\/buletin.de\/bucuresti\/wp-json\/wp\/v2\/media?parent=33085"}],"wp:term":[{"taxonomy":"category","embeddable":true,"href":"https:\/\/buletin.de\/bucuresti\/wp-json\/wp\/v2\/categories?post=33085"},{"taxonomy":"post_tag","embeddable":true,"href":"https:\/\/buletin.de\/bucuresti\/wp-json\/wp\/v2\/tags?post=33085"},{"taxonomy":"author","embeddable":true,"href":"https:\/\/buletin.de\/bucuresti\/wp-json\/wp\/v2\/ppma_author?post=33085"}],"curies":[{"name":"wp","href":"https:\/\/api.w.org\/{rel}","templated":true}]}}