{"id":33025,"date":"2021-10-24T15:47:38","date_gmt":"2021-10-24T12:47:38","guid":{"rendered":"https:\/\/buletin.de\/bucuresti\/?p=33025"},"modified":"2021-10-24T20:22:55","modified_gmt":"2021-10-24T17:22:55","slug":"coronavirus-romania-24-octombrie-2021","status":"publish","type":"post","link":"https:\/\/buletin.de\/bucuresti\/coronavirus-romania-24-octombrie-2021\/","title":{"rendered":"11.725 de cazuri de COVID-19 \u00een ultimele 24 de ore. 381 de oameni au murit"},"content":{"rendered":"\n<p><\/p>\n\n\n\n<style>\n\n.full-width {\n  width: 100vw;\n  position: relative;\n  left: 50%;\n  right: 50%;\n  margin-left: -50vw;\n  margin-right: -50vw;\n}\n\n<\/style>\n\n\n\n<p><\/p>\n\n\n\n<p class=\"has-text-align-center has-white-color has-vivid-red-background-color has-text-color has-background\" style=\"font-size:26px\">11.725 cazuri noi de COVID-19, depistate azi, 24 octombrie 2021<\/p>\n\n\n\n<p>11.725 de cazuri noi de COVID-19 s-au \u00eenregistrat, duminc\u0103, \u00een Rom\u00e2nia. Dintre acestea, 148 sunt ale unor pacien\u021bi care s-au \u00eemboln\u0103vit a doua oar\u0103.<\/p>\n\n\n\n<p>\u00cen ultimele 24 de ore au fost efectuate 19.041 de teste PCR  \u0219i 23.745 &nbsp;de teste rapide antigenice.<\/p>\n\n\n\n<p>\u00cen Bucure\u0219ti s-au raportat 2.790 noi infect\u0103ri. Rata de infectare \u00een Capital\u0103 este de 16,38 cazuri la 1.000 de locuitori.<\/p>\n\n\n\n<p>\u00cen jude\u021bul Ilfov s-au \u00eenregistrat 734 noi cazuri de COVID-19. Rata de infectare \u00een acest jude\u021b este de 16,93 cazuri la 1.000 de locuitori.<\/p>\n\n\n\n<figure class=\"wp-block-table is-style-stripes\"><table><tbody><tr><td><strong>Nr. crt.<\/strong><\/td><td><strong>Jude\u021b<\/strong><\/td><td><strong>Num\u0103r de cazuri confirmate(total)<\/strong><\/td><td><strong>Num\u0103r de cazuri nou confirmate<\/strong><\/td><td><strong>Inciden\u021ba&nbsp; \u00eenregistrat\u0103 la 14 zile<\/strong><\/td><\/tr><tr><td>1.<\/td><td>Alba<\/td><td>28951<\/td><td>264<\/td><td>10,02<\/td><\/tr><tr><td>2.<\/td><td>Arad<\/td><td>34082<\/td><td>245<\/td><td>9,29<\/td><\/tr><tr><td>3.<\/td><td>Arge\u0219<\/td><td>37741<\/td><td>362<\/td><td>8,82<\/td><\/tr><tr><td>4.<\/td><td>Bac\u0103u<\/td><td>35815<\/td><td>298<\/td><td>5,04<\/td><\/tr><tr><td>5.<\/td><td>Bihor<\/td><td>40370<\/td><td>389<\/td><td>8,64<\/td><\/tr><tr><td>6.<\/td><td>Bistri\u021ba-N\u0103s\u0103ud<\/td><td>17505<\/td><td>116<\/td><td>5,11<\/td><\/tr><tr><td>7.<\/td><td>Boto\u0219ani<\/td><td>20338<\/td><td>129<\/td><td>4,80<\/td><\/tr><tr><td>8.<\/td><td>Bra\u0219ov<\/td><td>56638<\/td><td>748<\/td><td>9,41<\/td><\/tr><tr><td>9.<\/td><td>Br\u0103ila<\/td><td>18952<\/td><td>247<\/td><td>8,57<\/td><\/tr><tr><td>10.<\/td><td>Buz\u0103u<\/td><td>19178<\/td><td>218<\/td><td>7,37<\/td><\/tr><tr><td>11.<\/td><td>Cara\u0219-Severin<\/td><td>16069<\/td><td>149<\/td><td>5,63<\/td><\/tr><tr><td>12.<\/td><td>C\u0103l\u0103ra\u0219i<\/td><td>15352<\/td><td>158<\/td><td>7,76<\/td><\/tr><tr><td>13.<\/td><td>Cluj<\/td><td>76544<\/td><td>375<\/td><td>9,43<\/td><\/tr><tr><td>14.<\/td><td>Constan\u021ba<\/td><td>60354<\/td><td>439<\/td><td>9,99<\/td><\/tr><tr><td>15.<\/td><td>Covasna<\/td><td>10667<\/td><td>143<\/td><td>5,03<\/td><\/tr><tr><td>16.<\/td><td>D\u00e2mbovi\u021ba<\/td><td>30769<\/td><td>311<\/td><td>7,94<\/td><\/tr><tr><td>17.<\/td><td>Dolj<\/td><td>40546<\/td><td>301<\/td><td>7,28<\/td><\/tr><tr><td>18.<\/td><td>Gala\u021bi<\/td><td>37060<\/td><td>339<\/td><td>6,43<\/td><\/tr><tr><td>19.<\/td><td>Giurgiu<\/td><td>16641<\/td><td>283<\/td><td>9,26<\/td><\/tr><tr><td>20.<\/td><td>Gorj<\/td><td>13145<\/td><td>75<\/td><td>4,91<\/td><\/tr><tr><td>21.<\/td><td>Harghita<\/td><td>11564<\/td><td>102<\/td><td>5,02<\/td><\/tr><tr><td>22.<\/td><td>Hunedoara<\/td><td>30234<\/td><td>374<\/td><td>7,15<\/td><\/tr><tr><td>23.<\/td><td>Ialomi\u021ba<\/td><td>16304<\/td><td>130<\/td><td>10,00<\/td><\/tr><tr><td>24.<\/td><td>Ia\u0219i<\/td><td>63378<\/td><td>605<\/td><td>8,95<\/td><\/tr><tr><td>25.<\/td><td>Ilfov<\/td><td>65576<\/td><td>734<\/td><td>16,93<\/td><\/tr><tr><td>26.<\/td><td>Maramure\u0219<\/td><td>27999<\/td><td>95<\/td><td>4,18<\/td><\/tr><tr><td>27.<\/td><td>Mehedin\u021bi<\/td><td>13766<\/td><td>127<\/td><td>8,07<\/td><\/tr><tr><td>28.<\/td><td>Mure\u0219<\/td><td>32358<\/td><td>365<\/td><td>6,97<\/td><\/tr><tr><td>29.<\/td><td>Neam\u021b<\/td><td>27059<\/td><td>129<\/td><td>6,06<\/td><\/tr><tr><td>30.<\/td><td>Olt<\/td><td>22299<\/td><td>188<\/td><td>7,53<\/td><\/tr><tr><td>31.<\/td><td>Prahova<\/td><td>53764<\/td><td>783<\/td><td>11,13<\/td><\/tr><tr><td>32.<\/td><td>Satu Mare<\/td><td>18350<\/td><td>53<\/td><td>3,35<\/td><\/tr><tr><td>33.<\/td><td>S\u0103laj<\/td><td>15518<\/td><td>166<\/td><td>6,89<\/td><\/tr><tr><td>34.<\/td><td>Sibiu<\/td><td>34649<\/td><td>243<\/td><td>7,15<\/td><\/tr><tr><td>35.<\/td><td>Suceava<\/td><td>34738<\/td><td>138<\/td><td>4,15<\/td><\/tr><tr><td>36.<\/td><td>Teleorman<\/td><td>21128<\/td><td>211<\/td><td>8,12<\/td><\/tr><tr><td>37.<\/td><td>Timi\u0219<\/td><td>76940<\/td><td>582<\/td><td>10,17<\/td><\/tr><tr><td>38.<\/td><td>Tulcea<\/td><td>11672<\/td><td>86<\/td><td>6,81<\/td><\/tr><tr><td>39.<\/td><td>Vaslui<\/td><td>23855<\/td><td>197<\/td><td>6,14<\/td><\/tr><tr><td>40.<\/td><td>V\u00e2lcea<\/td><td>22182<\/td><td>210<\/td><td>7,26<\/td><\/tr><tr><td>41.<\/td><td>Vrancea<\/td><td>15197<\/td><td>103<\/td><td>4,87<\/td><\/tr><tr><td>42.<\/td><td>Mun. Bucure\u0219ti<\/td><td>272319<\/td><td>2790<\/td><td>16,38<\/td><\/tr><tr><td>43.<\/td><td>Din str\u0103in\u0103tate**<\/td><td>1668<\/td><td>5<\/td><td>&nbsp;<\/td><\/tr><tr><td>44.<\/td><td>Cazuri noi nealocate pe jude\u021be<\/td><td>&nbsp; &nbsp; 22694*<\/td><td>-2.280<\/td><td>&nbsp;<\/td><\/tr><tr><td><strong>&nbsp;TOTAL<\/strong><\/td><td>1.561.928<\/td><td>11.725<\/td><td>&nbsp;<\/td><\/tr><\/tbody><\/table><\/figure>\n\n\n\n<p>\u00cen ultimele 24 de ore au murit 389 de persoane ( 201 b\u0103rba\u021bi \u0219i 188 femei), din care 8 anterioare intervalului de referin\u021b\u0103<\/p>\n\n\n\n<p>Dintre cele 389 de decese, 5 au fost \u00eenregistrate la categoria de v\u00e2rst\u0103 30-39 ani, 14 la categoria de v\u00e2rst\u0103 40-49 ani, 35 la categoria de v\u00e2rst\u0103 50-59 ani, 97 la categoria de v\u00e2rst\u0103 60-69 ani, 141 la categoria de v\u00e2rst\u0103 70-79 ani \u0219i 97 la categoria de v\u00e2rst\u0103 peste 80 ani.<\/p>\n\n\n\n<p>347 dintre decesele \u00eenregistrate sunt ale unor pacien\u021bi care au prezentat comorbidit\u0103\u021bi, 12 pacien\u021bi deceda\u021bi nu au \u00eenregistrat comorbidit\u0103\u021bi, iar pentru 30 pacien\u021bi deceda\u021bi nu au fost raportate comorbidit\u0103\u021bi p\u00e2n\u0103 \u00een prezent.<\/p>\n\n\n\n<p>Din totalul de 389 de pacien\u021bi deceda\u021bi, 361 erau nevaccina\u021bi \u0219i 28 vaccina\u021bi. Cei 28 de pacien\u021bi deceda\u021bi vaccina\u021bi aveau v\u00e2rste cuprinse \u00eentre grupele de v\u00e2rst\u0103 40-49 de ani \u0219i peste 80 de ani. To\u021bi pacien\u021bii deceda\u021bi vaccina\u021bi prezentau comorbidit\u0103\u021bi.<\/p>\n\n\n\n<p>\u00cen unit\u0103\u021bile sanitare de profil, num\u0103rul total de persoane internate cu COVID-19 este de 20.323. Dintre acestea, 1.846 sunt internate la ATI.<\/p>\n\n\n\n<p>Din totalul pacien\u021bilor interna\u021bi, 471 sunt minori, 432 fiind interna\u021bi \u00een sec\u021bii \u0219i 39 la ATI.<\/p>\n\n\n\n<div class=\"full-width\" style=\"padding: 0 5px;\">\n<iframe class=\"incidenta\" src=\"https:\/\/www.graphs.ro\/embed.php?embed=covid_pe_zi&amp;range=year_2021\" height=\"900\" style=\"width:100%;border:none;overflow:hidden;\" scrolling=\"no\" frameborder=\"0\"><\/iframe> \n<\/div>\n\n\n\n<div class=\"full-width\" style=\"padding: 0 5px;\">\n<iframe class=\"incidenta\" src=\"https:\/\/www.graphs.ro\/embed.php?embed=covid_pe_zi_compare_ati&amp;range=year_2021\" height=\"750\" style=\"width:100%;border:none;overflow:hidden;\" scrolling=\"no\" frameborder=\"0\"><\/iframe> \n<\/div>\n\n\n\n<div class=\"full-width\" style=\"padding: 0 5px;\">\n<iframe class=\"incidenta\" src=\"https:\/\/www.graphs.ro\/embed.php?embed=covid_ati&amp;range=year_2021\" height=\"750\" style=\"width:100%;border:none;overflow:hidden;\" scrolling=\"no\" frameborder=\"0\"><\/iframe> \n<\/div>\n\n\n\n<div class=\"full-width\">\n<iframe class=\"incidenta\" src=\"https:\/\/www.graphs.ro\/embed.php?embed=covid_incidenta_oficiala\" height=\"750\" style=\"width:100%;border:none;overflow:hidden;\" scrolling=\"no\" frameborder=\"0\"><\/iframe> \n<\/div>\n\n\n\n<div class=\"wp-block-columns full-width is-layout-flex wp-container-core-columns-is-layout-9d6595d7 wp-block-columns-is-layout-flex\">\n<div class=\"wp-block-column is-layout-flow wp-block-column-is-layout-flow\">\n<iframe class=\"incidenta\" src=\"https:\/\/www.graphs.ro\/embed.php?embed=covid_incidenta_judete&amp;range=full&amp;judet_id=B\" style=\"width:100%;border:none;overflow:hidden;\" scrolling=\"no\" frameborder=\"0\"><\/iframe>\n<\/div>\n\n\n\n<div class=\"wp-block-column is-layout-flow wp-block-column-is-layout-flow\">\n<iframe class=\"incidenta\" src=\"https:\/\/www.graphs.ro\/embed.php?embed=covid_incidenta_judete&amp;range=full&amp;judet_id=IF\" style=\"width:100%;border:none;overflow:hidden;\" scrolling=\"no\" frameborder=\"0\"><\/iframe>\n<\/div>\n<\/div>\n\n\n\n<p><em>Grafice via <a href=\"http:\/\/graphs.ro\" target=\"_blank\" rel=\"noreferrer noopener\">graphs.ro<\/a><\/em><\/p>\n","protected":false},"excerpt":{"rendered":"<p>11.725 cazuri noi de COVID-19, depistate azi, 24 octombrie 2021 11.725 de cazuri noi de COVID-19 s-au \u00eenregistrat, duminc\u0103, \u00een Rom\u00e2nia. Dintre acestea, 148 sunt ale unor pacien\u021bi care s-au \u00eemboln\u0103vit a doua oar\u0103. \u00cen ultimele 24 de ore au fost efectuate 19.041 de teste PCR \u0219i 23.745 &nbsp;de teste rapide antigenice. \u00cen Bucure\u0219ti s-au [&hellip;]<\/p>\n","protected":false},"author":18,"featured_media":33004,"comment_status":"closed","ping_status":"open","sticky":false,"template":"","format":"standard","meta":{"_acf_changed":false,"inline_featured_image":false,"ngg_post_thumbnail":0,"footnotes":""},"categories":[996],"tags":[2381,529,820,1725,2382],"ppma_author":[22579],"class_list":["post-33025","post","type-post","status-publish","format-standard","has-post-thumbnail","hentry","category-covid-19","tag-buletin-zilnic","tag-coronavirus","tag-ilfov","tag-incidenta-cumulata","tag-internati-ati"],"acf":[],"yoast_head":"<!-- This site is optimized with the Yoast SEO Premium plugin v25.3 (Yoast SEO v27.5) - https:\/\/yoast.com\/product\/yoast-seo-premium-wordpress\/ -->\n<title>11.725 de cazuri de COVID-19 \u00een ultimele 24 de ore. 381 de oameni au murit - Buletin de Bucure\u0219ti<\/title>\n<meta name=\"robots\" content=\"index, follow, max-snippet:-1, max-image-preview:large, max-video-preview:-1\" \/>\n<link rel=\"canonical\" href=\"https:\/\/buletin.de\/bucuresti\/coronavirus-romania-24-octombrie-2021\/\" \/>\n<meta property=\"og:locale\" content=\"en_GB\" \/>\n<meta property=\"og:type\" content=\"article\" \/>\n<meta property=\"og:title\" content=\"11.725 de cazuri de COVID-19 \u00een ultimele 24 de ore. 381 de oameni au murit\" \/>\n<meta property=\"og:description\" content=\"11.725 cazuri noi de COVID-19, depistate azi, 24 octombrie 2021 11.725 de cazuri noi de COVID-19 s-au \u00eenregistrat, duminc\u0103, \u00een Rom\u00e2nia. Dintre acestea, 148 sunt ale unor pacien\u021bi care s-au \u00eemboln\u0103vit a doua oar\u0103. \u00cen ultimele 24 de ore au fost efectuate 19.041 de teste PCR \u0219i 23.745 &nbsp;de teste rapide antigenice. \u00cen Bucure\u0219ti s-au [&hellip;]\" \/>\n<meta property=\"og:url\" content=\"https:\/\/buletin.de\/bucuresti\/coronavirus-romania-24-octombrie-2021\/\" \/>\n<meta property=\"og:site_name\" content=\"Buletin de Bucure\u0219ti\" \/>\n<meta property=\"article:publisher\" content=\"https:\/\/www.facebook.com\/buletin.de.buc\" \/>\n<meta property=\"article:published_time\" content=\"2021-10-24T12:47:38+00:00\" \/>\n<meta property=\"article:modified_time\" content=\"2021-10-24T17:22:55+00:00\" \/>\n<meta property=\"og:image\" content=\"https:\/\/buletin.de\/bucuresti\/wp-content\/uploads\/bilant-23-oct-main.jpg\" \/>\n\t<meta property=\"og:image:width\" content=\"1559\" \/>\n\t<meta property=\"og:image:height\" content=\"656\" \/>\n\t<meta property=\"og:image:type\" content=\"image\/jpeg\" \/>\n<meta name=\"author\" content=\"Teodora Stroe\" \/>\n<meta name=\"twitter:card\" content=\"summary_large_image\" \/>\n<meta name=\"twitter:label1\" content=\"Written by\" \/>\n\t<meta name=\"twitter:data1\" content=\"Teodora Stroe\" \/>\n\t<meta name=\"twitter:label2\" content=\"Estimated reading time\" \/>\n\t<meta name=\"twitter:data2\" content=\"3 minutes\" \/>\n<script type=\"application\/ld+json\" class=\"yoast-schema-graph\">{\"@context\":\"https:\\\/\\\/schema.org\",\"@graph\":[{\"@type\":\"Article\",\"@id\":\"https:\\\/\\\/buletin.de\\\/bucuresti\\\/coronavirus-romania-24-octombrie-2021\\\/#article\",\"isPartOf\":{\"@id\":\"https:\\\/\\\/buletin.de\\\/bucuresti\\\/coronavirus-romania-24-octombrie-2021\\\/\"},\"author\":{\"name\":\"Teodora Stroe\",\"@id\":\"https:\\\/\\\/buletin.de\\\/bucuresti\\\/#\\\/schema\\\/person\\\/d369d7ddc775abece205795e0b804614\"},\"headline\":\"11.725 de cazuri de COVID-19 \u00een ultimele 24 de ore. 381 de oameni au murit\",\"datePublished\":\"2021-10-24T12:47:38+00:00\",\"dateModified\":\"2021-10-24T17:22:55+00:00\",\"mainEntityOfPage\":{\"@id\":\"https:\\\/\\\/buletin.de\\\/bucuresti\\\/coronavirus-romania-24-octombrie-2021\\\/\"},\"wordCount\":405,\"publisher\":{\"@id\":\"https:\\\/\\\/buletin.de\\\/bucuresti\\\/#organization\"},\"image\":{\"@id\":\"https:\\\/\\\/buletin.de\\\/bucuresti\\\/coronavirus-romania-24-octombrie-2021\\\/#primaryimage\"},\"thumbnailUrl\":\"https:\\\/\\\/buletin.de\\\/bucuresti\\\/wp-content\\\/uploads\\\/bilant-23-oct-main.jpg\",\"keywords\":[\"buletin zilnic\",\"coronavirus\",\"Ilfov\",\"incidenta cumulata\",\"internati ati\"],\"articleSection\":[\"Covid-19\"],\"inLanguage\":\"en-GB\",\"copyrightYear\":\"2021\",\"copyrightHolder\":{\"@id\":\"https:\\\/\\\/buletin.de\\\/bucuresti\\\/#organization\"}},{\"@type\":\"WebPage\",\"@id\":\"https:\\\/\\\/buletin.de\\\/bucuresti\\\/coronavirus-romania-24-octombrie-2021\\\/\",\"url\":\"https:\\\/\\\/buletin.de\\\/bucuresti\\\/coronavirus-romania-24-octombrie-2021\\\/\",\"name\":\"11.725 de cazuri de COVID-19 \u00een ultimele 24 de ore. 381 de oameni au murit - Buletin de Bucure\u0219ti\",\"isPartOf\":{\"@id\":\"https:\\\/\\\/buletin.de\\\/bucuresti\\\/#website\"},\"primaryImageOfPage\":{\"@id\":\"https:\\\/\\\/buletin.de\\\/bucuresti\\\/coronavirus-romania-24-octombrie-2021\\\/#primaryimage\"},\"image\":{\"@id\":\"https:\\\/\\\/buletin.de\\\/bucuresti\\\/coronavirus-romania-24-octombrie-2021\\\/#primaryimage\"},\"thumbnailUrl\":\"https:\\\/\\\/buletin.de\\\/bucuresti\\\/wp-content\\\/uploads\\\/bilant-23-oct-main.jpg\",\"datePublished\":\"2021-10-24T12:47:38+00:00\",\"dateModified\":\"2021-10-24T17:22:55+00:00\",\"breadcrumb\":{\"@id\":\"https:\\\/\\\/buletin.de\\\/bucuresti\\\/coronavirus-romania-24-octombrie-2021\\\/#breadcrumb\"},\"inLanguage\":\"en-GB\",\"potentialAction\":[{\"@type\":\"ReadAction\",\"target\":[\"https:\\\/\\\/buletin.de\\\/bucuresti\\\/coronavirus-romania-24-octombrie-2021\\\/\"]}]},{\"@type\":\"ImageObject\",\"inLanguage\":\"en-GB\",\"@id\":\"https:\\\/\\\/buletin.de\\\/bucuresti\\\/coronavirus-romania-24-octombrie-2021\\\/#primaryimage\",\"url\":\"https:\\\/\\\/buletin.de\\\/bucuresti\\\/wp-content\\\/uploads\\\/bilant-23-oct-main.jpg\",\"contentUrl\":\"https:\\\/\\\/buletin.de\\\/bucuresti\\\/wp-content\\\/uploads\\\/bilant-23-oct-main.jpg\",\"width\":1559,\"height\":656},{\"@type\":\"BreadcrumbList\",\"@id\":\"https:\\\/\\\/buletin.de\\\/bucuresti\\\/coronavirus-romania-24-octombrie-2021\\\/#breadcrumb\",\"itemListElement\":[{\"@type\":\"ListItem\",\"position\":1,\"name\":\"Acas\u0103\",\"item\":\"https:\\\/\\\/buletin.de\\\/bucuresti\\\/\"},{\"@type\":\"ListItem\",\"position\":2,\"name\":\"11.725 de cazuri de COVID-19 \u00een ultimele 24 de ore. 381 de oameni au murit\"}]},{\"@type\":\"WebSite\",\"@id\":\"https:\\\/\\\/buletin.de\\\/bucuresti\\\/#website\",\"url\":\"https:\\\/\\\/buletin.de\\\/bucuresti\\\/\",\"name\":\"Buletin de Bucure\u0219ti\",\"description\":\"\u0218tiri \u0219i investiga\u021bii esen\u021biale din capital\u0103\",\"publisher\":{\"@id\":\"https:\\\/\\\/buletin.de\\\/bucuresti\\\/#organization\"},\"potentialAction\":[{\"@type\":\"SearchAction\",\"target\":{\"@type\":\"EntryPoint\",\"urlTemplate\":\"https:\\\/\\\/buletin.de\\\/bucuresti\\\/?s={search_term_string}\"},\"query-input\":{\"@type\":\"PropertyValueSpecification\",\"valueRequired\":true,\"valueName\":\"search_term_string\"}}],\"inLanguage\":\"en-GB\"},{\"@type\":\"Organization\",\"@id\":\"https:\\\/\\\/buletin.de\\\/bucuresti\\\/#organization\",\"name\":\"Buletin de Bucure\u0219ti\",\"url\":\"https:\\\/\\\/buletin.de\\\/bucuresti\\\/\",\"logo\":{\"@type\":\"ImageObject\",\"inLanguage\":\"en-GB\",\"@id\":\"https:\\\/\\\/buletin.de\\\/bucuresti\\\/#\\\/schema\\\/logo\\\/image\\\/\",\"url\":\"https:\\\/\\\/buletin.de\\\/bucuresti\\\/wp-content\\\/uploads\\\/logo-bdb-full-wide-vernil-transparent.png\",\"contentUrl\":\"https:\\\/\\\/buletin.de\\\/bucuresti\\\/wp-content\\\/uploads\\\/logo-bdb-full-wide-vernil-transparent.png\",\"width\":1782,\"height\":626,\"caption\":\"Buletin de Bucure\u0219ti\"},\"image\":{\"@id\":\"https:\\\/\\\/buletin.de\\\/bucuresti\\\/#\\\/schema\\\/logo\\\/image\\\/\"},\"sameAs\":[\"https:\\\/\\\/www.facebook.com\\\/buletin.de.buc\",\"https:\\\/\\\/www.instagram.com\\\/buletinde.bucuresti\\\/\"]},{\"@type\":\"Person\",\"@id\":\"https:\\\/\\\/buletin.de\\\/bucuresti\\\/#\\\/schema\\\/person\\\/d369d7ddc775abece205795e0b804614\",\"name\":\"Teodora Stroe\",\"image\":{\"@type\":\"ImageObject\",\"inLanguage\":\"en-GB\",\"@id\":\"https:\\\/\\\/secure.gravatar.com\\\/avatar\\\/2560b4cd9f5f1bc100b123158e657d75584bd1c3e1d9c69285720b9457c1b78d?s=96&d=monsterid&r=gc104800242ba5f2d78dd5d7dc4df08b6\",\"url\":\"https:\\\/\\\/secure.gravatar.com\\\/avatar\\\/2560b4cd9f5f1bc100b123158e657d75584bd1c3e1d9c69285720b9457c1b78d?s=96&d=monsterid&r=g\",\"contentUrl\":\"https:\\\/\\\/secure.gravatar.com\\\/avatar\\\/2560b4cd9f5f1bc100b123158e657d75584bd1c3e1d9c69285720b9457c1b78d?s=96&d=monsterid&r=g\",\"caption\":\"Teodora Stroe\"},\"url\":\"https:\\\/\\\/buletin.de\\\/bucuresti\\\/author\\\/simonacarlugea\\\/\"}]}<\/script>\n<!-- \/ Yoast SEO Premium plugin. -->","yoast_head_json":{"title":"11.725 de cazuri de COVID-19 \u00een ultimele 24 de ore. 381 de oameni au murit - Buletin de Bucure\u0219ti","robots":{"index":"index","follow":"follow","max-snippet":"max-snippet:-1","max-image-preview":"max-image-preview:large","max-video-preview":"max-video-preview:-1"},"canonical":"https:\/\/buletin.de\/bucuresti\/coronavirus-romania-24-octombrie-2021\/","og_locale":"en_GB","og_type":"article","og_title":"11.725 de cazuri de COVID-19 \u00een ultimele 24 de ore. 381 de oameni au murit","og_description":"11.725 cazuri noi de COVID-19, depistate azi, 24 octombrie 2021 11.725 de cazuri noi de COVID-19 s-au \u00eenregistrat, duminc\u0103, \u00een Rom\u00e2nia. Dintre acestea, 148 sunt ale unor pacien\u021bi care s-au \u00eemboln\u0103vit a doua oar\u0103. \u00cen ultimele 24 de ore au fost efectuate 19.041 de teste PCR \u0219i 23.745 &nbsp;de teste rapide antigenice. \u00cen Bucure\u0219ti s-au [&hellip;]","og_url":"https:\/\/buletin.de\/bucuresti\/coronavirus-romania-24-octombrie-2021\/","og_site_name":"Buletin de Bucure\u0219ti","article_publisher":"https:\/\/www.facebook.com\/buletin.de.buc","article_published_time":"2021-10-24T12:47:38+00:00","article_modified_time":"2021-10-24T17:22:55+00:00","og_image":[{"width":1559,"height":656,"url":"https:\/\/buletin.de\/bucuresti\/wp-content\/uploads\/bilant-23-oct-main.jpg","type":"image\/jpeg"}],"author":"Teodora Stroe","twitter_card":"summary_large_image","twitter_misc":{"Written by":"Teodora Stroe","Estimated reading time":"3 minutes"},"schema":{"@context":"https:\/\/schema.org","@graph":[{"@type":"Article","@id":"https:\/\/buletin.de\/bucuresti\/coronavirus-romania-24-octombrie-2021\/#article","isPartOf":{"@id":"https:\/\/buletin.de\/bucuresti\/coronavirus-romania-24-octombrie-2021\/"},"author":{"name":"Teodora Stroe","@id":"https:\/\/buletin.de\/bucuresti\/#\/schema\/person\/d369d7ddc775abece205795e0b804614"},"headline":"11.725 de cazuri de COVID-19 \u00een ultimele 24 de ore. 381 de oameni au murit","datePublished":"2021-10-24T12:47:38+00:00","dateModified":"2021-10-24T17:22:55+00:00","mainEntityOfPage":{"@id":"https:\/\/buletin.de\/bucuresti\/coronavirus-romania-24-octombrie-2021\/"},"wordCount":405,"publisher":{"@id":"https:\/\/buletin.de\/bucuresti\/#organization"},"image":{"@id":"https:\/\/buletin.de\/bucuresti\/coronavirus-romania-24-octombrie-2021\/#primaryimage"},"thumbnailUrl":"https:\/\/buletin.de\/bucuresti\/wp-content\/uploads\/bilant-23-oct-main.jpg","keywords":["buletin zilnic","coronavirus","Ilfov","incidenta cumulata","internati ati"],"articleSection":["Covid-19"],"inLanguage":"en-GB","copyrightYear":"2021","copyrightHolder":{"@id":"https:\/\/buletin.de\/bucuresti\/#organization"}},{"@type":"WebPage","@id":"https:\/\/buletin.de\/bucuresti\/coronavirus-romania-24-octombrie-2021\/","url":"https:\/\/buletin.de\/bucuresti\/coronavirus-romania-24-octombrie-2021\/","name":"11.725 de cazuri de COVID-19 \u00een ultimele 24 de ore. 381 de oameni au murit - Buletin de Bucure\u0219ti","isPartOf":{"@id":"https:\/\/buletin.de\/bucuresti\/#website"},"primaryImageOfPage":{"@id":"https:\/\/buletin.de\/bucuresti\/coronavirus-romania-24-octombrie-2021\/#primaryimage"},"image":{"@id":"https:\/\/buletin.de\/bucuresti\/coronavirus-romania-24-octombrie-2021\/#primaryimage"},"thumbnailUrl":"https:\/\/buletin.de\/bucuresti\/wp-content\/uploads\/bilant-23-oct-main.jpg","datePublished":"2021-10-24T12:47:38+00:00","dateModified":"2021-10-24T17:22:55+00:00","breadcrumb":{"@id":"https:\/\/buletin.de\/bucuresti\/coronavirus-romania-24-octombrie-2021\/#breadcrumb"},"inLanguage":"en-GB","potentialAction":[{"@type":"ReadAction","target":["https:\/\/buletin.de\/bucuresti\/coronavirus-romania-24-octombrie-2021\/"]}]},{"@type":"ImageObject","inLanguage":"en-GB","@id":"https:\/\/buletin.de\/bucuresti\/coronavirus-romania-24-octombrie-2021\/#primaryimage","url":"https:\/\/buletin.de\/bucuresti\/wp-content\/uploads\/bilant-23-oct-main.jpg","contentUrl":"https:\/\/buletin.de\/bucuresti\/wp-content\/uploads\/bilant-23-oct-main.jpg","width":1559,"height":656},{"@type":"BreadcrumbList","@id":"https:\/\/buletin.de\/bucuresti\/coronavirus-romania-24-octombrie-2021\/#breadcrumb","itemListElement":[{"@type":"ListItem","position":1,"name":"Acas\u0103","item":"https:\/\/buletin.de\/bucuresti\/"},{"@type":"ListItem","position":2,"name":"11.725 de cazuri de COVID-19 \u00een ultimele 24 de ore. 381 de oameni au murit"}]},{"@type":"WebSite","@id":"https:\/\/buletin.de\/bucuresti\/#website","url":"https:\/\/buletin.de\/bucuresti\/","name":"Buletin de Bucure\u0219ti","description":"\u0218tiri \u0219i investiga\u021bii esen\u021biale din capital\u0103","publisher":{"@id":"https:\/\/buletin.de\/bucuresti\/#organization"},"potentialAction":[{"@type":"SearchAction","target":{"@type":"EntryPoint","urlTemplate":"https:\/\/buletin.de\/bucuresti\/?s={search_term_string}"},"query-input":{"@type":"PropertyValueSpecification","valueRequired":true,"valueName":"search_term_string"}}],"inLanguage":"en-GB"},{"@type":"Organization","@id":"https:\/\/buletin.de\/bucuresti\/#organization","name":"Buletin de Bucure\u0219ti","url":"https:\/\/buletin.de\/bucuresti\/","logo":{"@type":"ImageObject","inLanguage":"en-GB","@id":"https:\/\/buletin.de\/bucuresti\/#\/schema\/logo\/image\/","url":"https:\/\/buletin.de\/bucuresti\/wp-content\/uploads\/logo-bdb-full-wide-vernil-transparent.png","contentUrl":"https:\/\/buletin.de\/bucuresti\/wp-content\/uploads\/logo-bdb-full-wide-vernil-transparent.png","width":1782,"height":626,"caption":"Buletin de Bucure\u0219ti"},"image":{"@id":"https:\/\/buletin.de\/bucuresti\/#\/schema\/logo\/image\/"},"sameAs":["https:\/\/www.facebook.com\/buletin.de.buc","https:\/\/www.instagram.com\/buletinde.bucuresti\/"]},{"@type":"Person","@id":"https:\/\/buletin.de\/bucuresti\/#\/schema\/person\/d369d7ddc775abece205795e0b804614","name":"Teodora Stroe","image":{"@type":"ImageObject","inLanguage":"en-GB","@id":"https:\/\/secure.gravatar.com\/avatar\/2560b4cd9f5f1bc100b123158e657d75584bd1c3e1d9c69285720b9457c1b78d?s=96&d=monsterid&r=gc104800242ba5f2d78dd5d7dc4df08b6","url":"https:\/\/secure.gravatar.com\/avatar\/2560b4cd9f5f1bc100b123158e657d75584bd1c3e1d9c69285720b9457c1b78d?s=96&d=monsterid&r=g","contentUrl":"https:\/\/secure.gravatar.com\/avatar\/2560b4cd9f5f1bc100b123158e657d75584bd1c3e1d9c69285720b9457c1b78d?s=96&d=monsterid&r=g","caption":"Teodora Stroe"},"url":"https:\/\/buletin.de\/bucuresti\/author\/simonacarlugea\/"}]}},"authors":[{"term_id":22579,"user_id":18,"is_guest":0,"slug":"simonacarlugea","display_name":"Teodora Stroe","avatar_url":"https:\/\/secure.gravatar.com\/avatar\/2560b4cd9f5f1bc100b123158e657d75584bd1c3e1d9c69285720b9457c1b78d?s=96&d=monsterid&r=g","0":null,"1":"","2":"","3":"","4":"","5":"","6":"","7":"","8":""}],"_links":{"self":[{"href":"https:\/\/buletin.de\/bucuresti\/wp-json\/wp\/v2\/posts\/33025","targetHints":{"allow":["GET"]}}],"collection":[{"href":"https:\/\/buletin.de\/bucuresti\/wp-json\/wp\/v2\/posts"}],"about":[{"href":"https:\/\/buletin.de\/bucuresti\/wp-json\/wp\/v2\/types\/post"}],"author":[{"embeddable":true,"href":"https:\/\/buletin.de\/bucuresti\/wp-json\/wp\/v2\/users\/18"}],"replies":[{"embeddable":true,"href":"https:\/\/buletin.de\/bucuresti\/wp-json\/wp\/v2\/comments?post=33025"}],"version-history":[{"count":3,"href":"https:\/\/buletin.de\/bucuresti\/wp-json\/wp\/v2\/posts\/33025\/revisions"}],"predecessor-version":[{"id":33029,"href":"https:\/\/buletin.de\/bucuresti\/wp-json\/wp\/v2\/posts\/33025\/revisions\/33029"}],"wp:featuredmedia":[{"embeddable":true,"href":"https:\/\/buletin.de\/bucuresti\/wp-json\/wp\/v2\/media\/33004"}],"wp:attachment":[{"href":"https:\/\/buletin.de\/bucuresti\/wp-json\/wp\/v2\/media?parent=33025"}],"wp:term":[{"taxonomy":"category","embeddable":true,"href":"https:\/\/buletin.de\/bucuresti\/wp-json\/wp\/v2\/categories?post=33025"},{"taxonomy":"post_tag","embeddable":true,"href":"https:\/\/buletin.de\/bucuresti\/wp-json\/wp\/v2\/tags?post=33025"},{"taxonomy":"author","embeddable":true,"href":"https:\/\/buletin.de\/bucuresti\/wp-json\/wp\/v2\/ppma_author?post=33025"}],"curies":[{"name":"wp","href":"https:\/\/api.w.org\/{rel}","templated":true}]}}