{"id":32910,"date":"2021-10-21T19:42:42","date_gmt":"2021-10-21T16:42:42","guid":{"rendered":"https:\/\/buletin.de\/bucuresti\/?p=32910"},"modified":"2021-10-21T19:42:43","modified_gmt":"2021-10-21T16:42:43","slug":"piateta-favorit-a-primit-votul-consilierilor-de-la-sectorul-6","status":"publish","type":"post","link":"https:\/\/buletin.de\/bucuresti\/piateta-favorit-a-primit-votul-consilierilor-de-la-sectorul-6\/","title":{"rendered":"Pia\u021beta Favorit a primit votul consilierilor de la Sectorul 6"},"content":{"rendered":"\n<p><strong>Proiectul Pia\u021beta Favorit a fost aprobat, ast\u0103zi, de consilierii locali din Sectorul 6 cu 18 voturi pentru \u0219i 9 ab\u021bineri venite din partea \u00eentreg grupului de consilieri PSD. Pia\u021beta va fi construit\u0103  \u00een partea vestic\u0103 a municipiului Bucure\u0219ti \u00eentre intersec\u021bia cu Strada Sibiu \u0219i intersec\u021bia Strada Drumul Taberei \u0219i strada Prav\u0103\u021b pe o suprafa\u021b\u0103 de aproximativ 1,2 hectare. Investi\u021bia are ca scop principal reamenajarea zonei \u0219i crearea unor oportunit\u0103\u021bi de relaxare pentru cet\u0103\u021benii sectorului 6.  Suprafa\u021ba total\u0103 de interven\u021biei este de: 11.786,2 mp, din care: 8.018,4 mp circula\u021bii pietonale \u0219i de tip shared space, 3.129,2 mp spa\u021bii verzi \u0219i 638,6 mp circula\u021bii carosabile, iar costul proiectului se ridic\u0103 la peste 18 milioane de lei, iar conform indicatorilor tehnico-economici ar trebuie s\u0103 fie finalizat \u00een 24 de luni. <\/strong><\/p>\n\n\n\n<figure class=\"wp-block-video\"><video controls src=\"https:\/\/buletin.de\/bucuresti\/wp-content\/uploads\/10000000_537689814149420_6886444095836392823_n.mp4\"><\/video><figcaption> Versiunea final\u0103 a machetei Pia\u021betei Favorit, postat\u0103 pe 19 august de Ciprian Ciucu pe Facebook <\/figcaption><\/figure>\n\n\n\n<p>Pia\u021beta aprobat\u0103 ast\u0103zi are multiple func\u021bionalit\u0103\u021bi: centru de cartier, pretabil\u0103 pentru evenimente \u0219i promenad\u0103, ex. t\u00e2rgu\u0219or de Cr\u0103ciun, cinema de art\u0103 \u00een aer liber, urm\u0103rire competi\u021bii sportive, food fest etc, dar nu are prev\u0103zute trasee de biciclete, locuri de joac\u0103 pentru c\u0103\u021bei \u0219i p\u0103dure urban\u0103.<\/p>\n\n\n\n<figure class=\"wp-block-image size-large\"><a href=\"https:\/\/buletin.de\/bucuresti\/wp-content\/uploads\/Captura-ecran-186.png\"><img fetchpriority=\"high\" decoding=\"async\" width=\"900\" height=\"440\" src=\"data:image\/gif;base64,R0lGODlhAQABAAAAACH5BAEKAAEALAAAAAABAAEAAAICTAEAOw==\" data-src=\"https:\/\/buletin.de\/bucuresti\/wp-content\/uploads\/Captura-ecran-186-900x440.png\" alt=\"\" class=\"wp-image-32915 lazyload\" data-sizes=\"auto\" data-srcset=\"https:\/\/buletin.de\/bucuresti\/wp-content\/uploads\/Captura-ecran-186-900x440.png 900w, https:\/\/buletin.de\/bucuresti\/wp-content\/uploads\/Captura-ecran-186-300x147.png 300w, https:\/\/buletin.de\/bucuresti\/wp-content\/uploads\/Captura-ecran-186-768x376.png 768w, https:\/\/buletin.de\/bucuresti\/wp-content\/uploads\/Captura-ecran-186-550x269.png 550w, https:\/\/buletin.de\/bucuresti\/wp-content\/uploads\/Captura-ecran-186-600x293.png 600w, https:\/\/buletin.de\/bucuresti\/wp-content\/uploads\/Captura-ecran-186.png 912w\" sizes=\"(max-width: 900px) 100vw, 900px\" \/><\/a><figcaption>Captur\u0103 ecran: Proiect de hot\u0103r\u00e2re Pia\u021beta Favorit <\/figcaption><\/figure>\n\n\n\n<p>Lucr\u0103rile cost\u0103 18,8 milioane de lei \u0219i vor fi finan\u021bate de Administra\u0163ia Domeniului Public \u015fi Dezvoltare Urban\u0103 Sector 6. <\/p>\n\n\n\n<figure class=\"wp-block-image size-large\"><a href=\"https:\/\/buletin.de\/bucuresti\/wp-content\/uploads\/Captura-ecran-187.png\"><img decoding=\"async\" width=\"900\" height=\"372\" src=\"data:image\/gif;base64,R0lGODlhAQABAAAAACH5BAEKAAEALAAAAAABAAEAAAICTAEAOw==\" data-src=\"https:\/\/buletin.de\/bucuresti\/wp-content\/uploads\/Captura-ecran-187-900x372.png\" alt=\"\" class=\"wp-image-32916 lazyload\" data-sizes=\"auto\" data-srcset=\"https:\/\/buletin.de\/bucuresti\/wp-content\/uploads\/Captura-ecran-187-900x372.png 900w, https:\/\/buletin.de\/bucuresti\/wp-content\/uploads\/Captura-ecran-187-300x124.png 300w, https:\/\/buletin.de\/bucuresti\/wp-content\/uploads\/Captura-ecran-187-768x317.png 768w, https:\/\/buletin.de\/bucuresti\/wp-content\/uploads\/Captura-ecran-187-550x227.png 550w, https:\/\/buletin.de\/bucuresti\/wp-content\/uploads\/Captura-ecran-187-600x248.png 600w, https:\/\/buletin.de\/bucuresti\/wp-content\/uploads\/Captura-ecran-187.png 964w\" sizes=\"(max-width: 900px) 100vw, 900px\" \/><\/a><figcaption>Indicatorii tehnico-economici aproba\u021bi \u00een \u0219edin\u021ba de ast\u0103zi<\/figcaption><\/figure>\n\n\n\n<p>Ini\u021bial, proiectul a primit multe critici din partea locuitorilor din Sectorul 6 pentru c\u0103 este foarte mult spa\u021biu cimentat. Pe 19 iulie, Edilul a postat dou\u0103 variante ale machetei \u00een aceea\u0219i zi. A doua variant\u0103 a venit la c\u00e2teva ore dup\u0103 prima, \u0219i dup\u0103 ce c\u00e2teva sute de bucure\u0219teni s-au declarat \u00eempotriva proiectului care ar avea prea pu\u021bine zone verzi. Ciprian Ciucu le-a r\u0103spuns atunci acestora \u00een comentarii cu link c\u0103tre a doua versiune a pia\u021betei. Edilul le-a cerut cet\u0103\u021benilor s\u0103 aleag\u0103 dac\u0103 vor pia\u021bet\u0103 sau parc, motiv\u00e2nd c\u0103 nu se pot face ambele.<\/p>\n\n\n\n<p>Proiectul a fost contestat \u00een \u0219edin\u021ba de ast\u0103zi de grupul PSD, care au sus\u021binut, prin interven\u021bia consilierului Constantin Tomescu, c\u0103 Pia\u021beta Favorit interfereaz\u0103 cu proiectul de reabilitare a fostului Cinema Favorit. <\/p>\n\n\n\n<blockquote class=\"wp-block-quote is-layout-flow wp-block-quote-is-layout-flow\"><p>Vreau s\u0103 v\u0103 pun o \u00eentrebare \u0219i s\u0103 v\u0103 aduc la cuno\u0219tin\u021ba faptul ca se afla \u00een imediata vecinatate sau \u00een exteriorul Cinema Favorit \u0219i noi chiar ast\u0103zi voiam s\u0103 redeschidem \u0219antierul de acolo. Vor veni ma\u0219ini grele care vor distruge ce am f\u0103cut acolo.Grupul PSD nu este \u00eempotriva acestui proiect, doar c\u0103 nu este momentul lui acum.&nbsp;<\/p><cite>A declarat Constantin Tomescu, \u00een cadrul \u0219edin\u021bei de Consiliu Local <\/cite><\/blockquote>\n\n\n\n<p>\u00cen replic\u0103, Edilul Sectorului 6 a spus c\u0103 \u00eenainte de propunerea acestui proiect a studiat posibilele probleme \u0219i aceste dou\u0103 proiecte nu interfereaz\u0103. <\/p>\n\n\n\n<blockquote class=\"wp-block-quote is-layout-flow wp-block-quote-is-layout-flow\"><p>Mi se pare valid punctul domnului Tomescu. C\u00e2nd ne-am angajat la acest proiect am studiat proiectul Cinema Favorit \u0219i nu exista interferen\u021be \u00eentre acestea doua. \u00cen acest moment estim\u0103m ca imediat ce reluam lucr\u0103rile la Cinema favorit o sa se lucreze \u00een paralel \u0219i vrem s\u0103 livr\u0103m \u00een acela\u0219i timp cele doua lucrari. Pe hart\u0103 ne uit\u0103m \u0219i cele dou\u0103 nu interfereaza.<\/p><cite>A ad\u0103ugat Ciprian Ciucu <\/cite><\/blockquote>\n\n\n\n<p>La fostul Cinema Favorit, lucr\u0103rile treneaz\u0103 de ani buni. Constructorul a c\u00e2\u0219tigat licita\u021bia cu 57,4 de milioane lei. Fosta administra\u021bie i-a crescut contractul la 63,4 de milioane lei. S-au executat lucr\u0103ri de 13 milioane. Acum, pentru diferen\u021ba de 50 de milioane r\u0103mas\u0103 din contract, solicit\u0103 85 de milioane pentru a continua lucr\u0103rile, sus\u021binea Ciprian Ciucu pe 19 iulie. <\/p>\n\n\n\n<p>Aceste argumente au fost reluate \u0219i \u00een cadrul \u0219edin\u021bei de ast\u0103zi, dup\u0103 interven\u021bia consilierului Tomescu. Edilul a ad\u0103ugat \u0219i c\u0103 lucr\u0103rile de la fosul Cinema Favorit vor fi reluate \u00een prim\u0103var\u0103. <\/p>\n\n\n\n<blockquote class=\"wp-block-quote is-layout-flow wp-block-quote-is-layout-flow\"><p>Dup\u0103 cum \u0219ti\u021bi, au fost multe \u00eent\u00e2rzieri, nu doar de anul acesta. Constructorul a cerut mai mul\u021bi bani \u0219i a venit anul acesta cu o cerere de 100 de milioane. Nu aveam ca primar justificare s\u0103 zic Consiliului Local s\u0103 fac\u0103 aceste schimb\u0103ri. Ei spun c\u0103 dac\u0103 lucreaz\u0103, lucreaz\u0103 \u00een pierdere, iar noi nu avem baza legal\u0103 s\u0103 dubl\u0103m pre\u021bul. Solu\u021bia e s\u0103 oprim contractul \u0219i s\u0103 scoatem iar proiectul la licita\u021bie. Eu cred c\u0103 \u00een prim\u0103vara lucr\u0103rile o s\u0103 fie reluate \u0219i se vor desf\u0103\u0219ura conform graficului.<\/p><cite>A declarat Ciprian Ciucu, \u00een cadrul \u0219edin\u021bei de Consiliu Local <\/cite><\/blockquote>\n\n\n\n<p>Surs\u0103 Foto: Ciprian Ciucu\/facebook <\/p>\n\n\n\n<p><strong>CITE\u0218TE \u0218I: <\/strong><\/p>\n\n\n\n<p><a href=\"https:\/\/buletin.de\/bucuresti\/ciprian-ciucu-a-publicat-doua-machete-ale-viitoarei-piatete-favorit-in-decurs-de-citeva-ore-locuitorii-sectorului-sunt-nemultumiti-pentru-ca-proiectul-are-prea-mult-ciment-si-beton\/\">Ciprian Ciucu a publicat dou\u0103 machete ale viitoarei Pia\u021bete Favorit, \u00een decurs de c\u00e2teva ore. Locuitorii sectorului sunt nemul\u021bumi\u021bi pentru c\u0103 proiectul are prea mult \u201eciment \u0219i beton\u201d<\/a><\/p>\n","protected":false},"excerpt":{"rendered":"<p>Proiectul Pia\u021beta Favorit a fost aprobat, ast\u0103zi, de consilierii locali din Sectorul 6 cu 18 voturi pentru \u0219i 9 ab\u021bineri venite din partea \u00eentreg grupului de consilieri PSD. Pia\u021beta va fi construit\u0103 \u00een partea vestic\u0103 a municipiului Bucure\u0219ti \u00eentre intersec\u021bia cu Strada Sibiu \u0219i intersec\u021bia Strada Drumul Taberei \u0219i strada Prav\u0103\u021b pe o suprafa\u021b\u0103 de [&hellip;]<\/p>\n","protected":false},"author":17,"featured_media":32919,"comment_status":"closed","ping_status":"open","sticky":false,"template":"","format":"standard","meta":{"_acf_changed":false,"inline_featured_image":false,"ngg_post_thumbnail":0,"footnotes":""},"categories":[62],"tags":[],"ppma_author":[22576],"class_list":["post-32910","post","type-post","status-publish","format-standard","has-post-thumbnail","hentry","category-stiri"],"acf":[],"yoast_head":"<!-- This site is optimized with the Yoast SEO Premium plugin v25.3 (Yoast SEO v27.5) - https:\/\/yoast.com\/product\/yoast-seo-premium-wordpress\/ -->\n<title>Pia\u021beta Favorit a primit votul consilierilor de la Sectorul 6 - Buletin de Bucure\u0219ti<\/title>\n<meta name=\"robots\" content=\"index, follow, max-snippet:-1, max-image-preview:large, max-video-preview:-1\" \/>\n<link rel=\"canonical\" href=\"https:\/\/buletin.de\/bucuresti\/piateta-favorit-a-primit-votul-consilierilor-de-la-sectorul-6\/\" \/>\n<meta property=\"og:locale\" content=\"en_GB\" \/>\n<meta property=\"og:type\" content=\"article\" \/>\n<meta property=\"og:title\" content=\"Pia\u021beta Favorit a primit votul consilierilor de la Sectorul 6\" \/>\n<meta property=\"og:description\" content=\"Proiectul Pia\u021beta Favorit a fost aprobat, ast\u0103zi, de consilierii locali din Sectorul 6 cu 18 voturi pentru \u0219i 9 ab\u021bineri venite din partea \u00eentreg grupului de consilieri PSD. Pia\u021beta va fi construit\u0103 \u00een partea vestic\u0103 a municipiului Bucure\u0219ti \u00eentre intersec\u021bia cu Strada Sibiu \u0219i intersec\u021bia Strada Drumul Taberei \u0219i strada Prav\u0103\u021b pe o suprafa\u021b\u0103 de [&hellip;]\" \/>\n<meta property=\"og:url\" content=\"https:\/\/buletin.de\/bucuresti\/piateta-favorit-a-primit-votul-consilierilor-de-la-sectorul-6\/\" \/>\n<meta property=\"og:site_name\" content=\"Buletin de Bucure\u0219ti\" \/>\n<meta property=\"article:publisher\" content=\"https:\/\/www.facebook.com\/buletin.de.buc\" \/>\n<meta property=\"article:published_time\" content=\"2021-10-21T16:42:42+00:00\" \/>\n<meta property=\"article:modified_time\" content=\"2021-10-21T16:42:43+00:00\" \/>\n<meta property=\"og:image\" content=\"https:\/\/buletin.de\/bucuresti\/wp-content\/uploads\/Captura-ecran-191-900x506.png\" \/>\n\t<meta property=\"og:image:width\" content=\"900\" \/>\n\t<meta property=\"og:image:height\" content=\"506\" \/>\n\t<meta property=\"og:image:type\" content=\"image\/png\" \/>\n<meta name=\"author\" content=\"Florin R\u00e2\u0219teiu\" \/>\n<meta name=\"twitter:card\" content=\"summary_large_image\" \/>\n<meta name=\"twitter:label1\" content=\"Written by\" \/>\n\t<meta name=\"twitter:data1\" content=\"Florin R\u00e2\u0219teiu\" \/>\n\t<meta name=\"twitter:label2\" content=\"Estimated reading time\" \/>\n\t<meta name=\"twitter:data2\" content=\"4 minutes\" \/>\n<script type=\"application\/ld+json\" class=\"yoast-schema-graph\">{\"@context\":\"https:\\\/\\\/schema.org\",\"@graph\":[{\"@type\":\"Article\",\"@id\":\"https:\\\/\\\/buletin.de\\\/bucuresti\\\/piateta-favorit-a-primit-votul-consilierilor-de-la-sectorul-6\\\/#article\",\"isPartOf\":{\"@id\":\"https:\\\/\\\/buletin.de\\\/bucuresti\\\/piateta-favorit-a-primit-votul-consilierilor-de-la-sectorul-6\\\/\"},\"author\":{\"name\":\"Florin R\u00e2\u0219teiu\",\"@id\":\"https:\\\/\\\/buletin.de\\\/bucuresti\\\/#\\\/schema\\\/person\\\/b0686d7a8b666c6afc78239777fd8a89\"},\"headline\":\"Pia\u021beta Favorit a primit votul consilierilor de la Sectorul 6\",\"datePublished\":\"2021-10-21T16:42:42+00:00\",\"dateModified\":\"2021-10-21T16:42:43+00:00\",\"mainEntityOfPage\":{\"@id\":\"https:\\\/\\\/buletin.de\\\/bucuresti\\\/piateta-favorit-a-primit-votul-consilierilor-de-la-sectorul-6\\\/\"},\"wordCount\":813,\"publisher\":{\"@id\":\"https:\\\/\\\/buletin.de\\\/bucuresti\\\/#organization\"},\"image\":{\"@id\":\"https:\\\/\\\/buletin.de\\\/bucuresti\\\/piateta-favorit-a-primit-votul-consilierilor-de-la-sectorul-6\\\/#primaryimage\"},\"thumbnailUrl\":\"https:\\\/\\\/buletin.de\\\/bucuresti\\\/wp-content\\\/uploads\\\/Captura-ecran-191.png\",\"articleSection\":[\"\u0218tiri\"],\"inLanguage\":\"en-GB\",\"copyrightYear\":\"2021\",\"copyrightHolder\":{\"@id\":\"https:\\\/\\\/buletin.de\\\/bucuresti\\\/#organization\"}},{\"@type\":\"WebPage\",\"@id\":\"https:\\\/\\\/buletin.de\\\/bucuresti\\\/piateta-favorit-a-primit-votul-consilierilor-de-la-sectorul-6\\\/\",\"url\":\"https:\\\/\\\/buletin.de\\\/bucuresti\\\/piateta-favorit-a-primit-votul-consilierilor-de-la-sectorul-6\\\/\",\"name\":\"Pia\u021beta Favorit a primit votul consilierilor de la Sectorul 6 - Buletin de Bucure\u0219ti\",\"isPartOf\":{\"@id\":\"https:\\\/\\\/buletin.de\\\/bucuresti\\\/#website\"},\"primaryImageOfPage\":{\"@id\":\"https:\\\/\\\/buletin.de\\\/bucuresti\\\/piateta-favorit-a-primit-votul-consilierilor-de-la-sectorul-6\\\/#primaryimage\"},\"image\":{\"@id\":\"https:\\\/\\\/buletin.de\\\/bucuresti\\\/piateta-favorit-a-primit-votul-consilierilor-de-la-sectorul-6\\\/#primaryimage\"},\"thumbnailUrl\":\"https:\\\/\\\/buletin.de\\\/bucuresti\\\/wp-content\\\/uploads\\\/Captura-ecran-191.png\",\"datePublished\":\"2021-10-21T16:42:42+00:00\",\"dateModified\":\"2021-10-21T16:42:43+00:00\",\"breadcrumb\":{\"@id\":\"https:\\\/\\\/buletin.de\\\/bucuresti\\\/piateta-favorit-a-primit-votul-consilierilor-de-la-sectorul-6\\\/#breadcrumb\"},\"inLanguage\":\"en-GB\",\"potentialAction\":[{\"@type\":\"ReadAction\",\"target\":[\"https:\\\/\\\/buletin.de\\\/bucuresti\\\/piateta-favorit-a-primit-votul-consilierilor-de-la-sectorul-6\\\/\"]}]},{\"@type\":\"ImageObject\",\"inLanguage\":\"en-GB\",\"@id\":\"https:\\\/\\\/buletin.de\\\/bucuresti\\\/piateta-favorit-a-primit-votul-consilierilor-de-la-sectorul-6\\\/#primaryimage\",\"url\":\"https:\\\/\\\/buletin.de\\\/bucuresti\\\/wp-content\\\/uploads\\\/Captura-ecran-191.png\",\"contentUrl\":\"https:\\\/\\\/buletin.de\\\/bucuresti\\\/wp-content\\\/uploads\\\/Captura-ecran-191.png\",\"width\":1920,\"height\":1080},{\"@type\":\"BreadcrumbList\",\"@id\":\"https:\\\/\\\/buletin.de\\\/bucuresti\\\/piateta-favorit-a-primit-votul-consilierilor-de-la-sectorul-6\\\/#breadcrumb\",\"itemListElement\":[{\"@type\":\"ListItem\",\"position\":1,\"name\":\"Acas\u0103\",\"item\":\"https:\\\/\\\/buletin.de\\\/bucuresti\\\/\"},{\"@type\":\"ListItem\",\"position\":2,\"name\":\"Pia\u021beta Favorit a primit votul consilierilor de la Sectorul 6\"}]},{\"@type\":\"WebSite\",\"@id\":\"https:\\\/\\\/buletin.de\\\/bucuresti\\\/#website\",\"url\":\"https:\\\/\\\/buletin.de\\\/bucuresti\\\/\",\"name\":\"Buletin de Bucure\u0219ti\",\"description\":\"\u0218tiri \u0219i investiga\u021bii esen\u021biale din capital\u0103\",\"publisher\":{\"@id\":\"https:\\\/\\\/buletin.de\\\/bucuresti\\\/#organization\"},\"potentialAction\":[{\"@type\":\"SearchAction\",\"target\":{\"@type\":\"EntryPoint\",\"urlTemplate\":\"https:\\\/\\\/buletin.de\\\/bucuresti\\\/?s={search_term_string}\"},\"query-input\":{\"@type\":\"PropertyValueSpecification\",\"valueRequired\":true,\"valueName\":\"search_term_string\"}}],\"inLanguage\":\"en-GB\"},{\"@type\":\"Organization\",\"@id\":\"https:\\\/\\\/buletin.de\\\/bucuresti\\\/#organization\",\"name\":\"Buletin de Bucure\u0219ti\",\"url\":\"https:\\\/\\\/buletin.de\\\/bucuresti\\\/\",\"logo\":{\"@type\":\"ImageObject\",\"inLanguage\":\"en-GB\",\"@id\":\"https:\\\/\\\/buletin.de\\\/bucuresti\\\/#\\\/schema\\\/logo\\\/image\\\/\",\"url\":\"https:\\\/\\\/buletin.de\\\/bucuresti\\\/wp-content\\\/uploads\\\/logo-bdb-full-wide-vernil-transparent.png\",\"contentUrl\":\"https:\\\/\\\/buletin.de\\\/bucuresti\\\/wp-content\\\/uploads\\\/logo-bdb-full-wide-vernil-transparent.png\",\"width\":1782,\"height\":626,\"caption\":\"Buletin de Bucure\u0219ti\"},\"image\":{\"@id\":\"https:\\\/\\\/buletin.de\\\/bucuresti\\\/#\\\/schema\\\/logo\\\/image\\\/\"},\"sameAs\":[\"https:\\\/\\\/www.facebook.com\\\/buletin.de.buc\",\"https:\\\/\\\/www.instagram.com\\\/buletinde.bucuresti\\\/\"]},{\"@type\":\"Person\",\"@id\":\"https:\\\/\\\/buletin.de\\\/bucuresti\\\/#\\\/schema\\\/person\\\/b0686d7a8b666c6afc78239777fd8a89\",\"name\":\"Florin R\u00e2\u0219teiu\",\"image\":{\"@type\":\"ImageObject\",\"inLanguage\":\"en-GB\",\"@id\":\"https:\\\/\\\/buletin.de\\\/bucuresti\\\/wp-content\\\/uploads\\\/Florin-Rasteiu-96x96.jpgf0a6fe28453aa12f0a60e4d0a2e3a78c\",\"url\":\"https:\\\/\\\/buletin.de\\\/bucuresti\\\/wp-content\\\/uploads\\\/Florin-Rasteiu-96x96.jpg\",\"contentUrl\":\"https:\\\/\\\/buletin.de\\\/bucuresti\\\/wp-content\\\/uploads\\\/Florin-Rasteiu-96x96.jpg\",\"caption\":\"Florin R\u00e2\u0219teiu\"},\"description\":\"Jurnalist de investiga\u021bie. Lucreaz\u0103 de aproape 6 ani la Buletin de Bucure\u0219ti, unde a publicat articole care scot la suprafa\u021b\u0103 corup\u021bia din Capital\u0103. Analizeaz\u0103 baze de date zilnic \u0219i scoate pove\u0219ti din exceluri pline de cifre. Pune reflectorul pe adev\u0103r cu fiecare ocazie. A c\u00e2\u0219tigat premiul I la categoria Pres\u0103 Local\u0103 \u00een 2025 \u0219i locul al II-lea la aceea\u0219i categorie \u00een 2024 \u00een cadrul Premiilor Superscrieri pentru jurnalism independent.\",\"url\":\"https:\\\/\\\/buletin.de\\\/bucuresti\\\/author\\\/florinrasteiu\\\/\"}]}<\/script>\n<!-- \/ Yoast SEO Premium plugin. -->","yoast_head_json":{"title":"Pia\u021beta Favorit a primit votul consilierilor de la Sectorul 6 - Buletin de Bucure\u0219ti","robots":{"index":"index","follow":"follow","max-snippet":"max-snippet:-1","max-image-preview":"max-image-preview:large","max-video-preview":"max-video-preview:-1"},"canonical":"https:\/\/buletin.de\/bucuresti\/piateta-favorit-a-primit-votul-consilierilor-de-la-sectorul-6\/","og_locale":"en_GB","og_type":"article","og_title":"Pia\u021beta Favorit a primit votul consilierilor de la Sectorul 6","og_description":"Proiectul Pia\u021beta Favorit a fost aprobat, ast\u0103zi, de consilierii locali din Sectorul 6 cu 18 voturi pentru \u0219i 9 ab\u021bineri venite din partea \u00eentreg grupului de consilieri PSD. Pia\u021beta va fi construit\u0103 \u00een partea vestic\u0103 a municipiului Bucure\u0219ti \u00eentre intersec\u021bia cu Strada Sibiu \u0219i intersec\u021bia Strada Drumul Taberei \u0219i strada Prav\u0103\u021b pe o suprafa\u021b\u0103 de [&hellip;]","og_url":"https:\/\/buletin.de\/bucuresti\/piateta-favorit-a-primit-votul-consilierilor-de-la-sectorul-6\/","og_site_name":"Buletin de Bucure\u0219ti","article_publisher":"https:\/\/www.facebook.com\/buletin.de.buc","article_published_time":"2021-10-21T16:42:42+00:00","article_modified_time":"2021-10-21T16:42:43+00:00","og_image":[{"width":900,"height":506,"url":"https:\/\/buletin.de\/bucuresti\/wp-content\/uploads\/Captura-ecran-191-900x506.png","type":"image\/png"}],"author":"Florin R\u00e2\u0219teiu","twitter_card":"summary_large_image","twitter_misc":{"Written by":"Florin R\u00e2\u0219teiu","Estimated reading time":"4 minutes"},"schema":{"@context":"https:\/\/schema.org","@graph":[{"@type":"Article","@id":"https:\/\/buletin.de\/bucuresti\/piateta-favorit-a-primit-votul-consilierilor-de-la-sectorul-6\/#article","isPartOf":{"@id":"https:\/\/buletin.de\/bucuresti\/piateta-favorit-a-primit-votul-consilierilor-de-la-sectorul-6\/"},"author":{"name":"Florin R\u00e2\u0219teiu","@id":"https:\/\/buletin.de\/bucuresti\/#\/schema\/person\/b0686d7a8b666c6afc78239777fd8a89"},"headline":"Pia\u021beta Favorit a primit votul consilierilor de la Sectorul 6","datePublished":"2021-10-21T16:42:42+00:00","dateModified":"2021-10-21T16:42:43+00:00","mainEntityOfPage":{"@id":"https:\/\/buletin.de\/bucuresti\/piateta-favorit-a-primit-votul-consilierilor-de-la-sectorul-6\/"},"wordCount":813,"publisher":{"@id":"https:\/\/buletin.de\/bucuresti\/#organization"},"image":{"@id":"https:\/\/buletin.de\/bucuresti\/piateta-favorit-a-primit-votul-consilierilor-de-la-sectorul-6\/#primaryimage"},"thumbnailUrl":"https:\/\/buletin.de\/bucuresti\/wp-content\/uploads\/Captura-ecran-191.png","articleSection":["\u0218tiri"],"inLanguage":"en-GB","copyrightYear":"2021","copyrightHolder":{"@id":"https:\/\/buletin.de\/bucuresti\/#organization"}},{"@type":"WebPage","@id":"https:\/\/buletin.de\/bucuresti\/piateta-favorit-a-primit-votul-consilierilor-de-la-sectorul-6\/","url":"https:\/\/buletin.de\/bucuresti\/piateta-favorit-a-primit-votul-consilierilor-de-la-sectorul-6\/","name":"Pia\u021beta Favorit a primit votul consilierilor de la Sectorul 6 - Buletin de Bucure\u0219ti","isPartOf":{"@id":"https:\/\/buletin.de\/bucuresti\/#website"},"primaryImageOfPage":{"@id":"https:\/\/buletin.de\/bucuresti\/piateta-favorit-a-primit-votul-consilierilor-de-la-sectorul-6\/#primaryimage"},"image":{"@id":"https:\/\/buletin.de\/bucuresti\/piateta-favorit-a-primit-votul-consilierilor-de-la-sectorul-6\/#primaryimage"},"thumbnailUrl":"https:\/\/buletin.de\/bucuresti\/wp-content\/uploads\/Captura-ecran-191.png","datePublished":"2021-10-21T16:42:42+00:00","dateModified":"2021-10-21T16:42:43+00:00","breadcrumb":{"@id":"https:\/\/buletin.de\/bucuresti\/piateta-favorit-a-primit-votul-consilierilor-de-la-sectorul-6\/#breadcrumb"},"inLanguage":"en-GB","potentialAction":[{"@type":"ReadAction","target":["https:\/\/buletin.de\/bucuresti\/piateta-favorit-a-primit-votul-consilierilor-de-la-sectorul-6\/"]}]},{"@type":"ImageObject","inLanguage":"en-GB","@id":"https:\/\/buletin.de\/bucuresti\/piateta-favorit-a-primit-votul-consilierilor-de-la-sectorul-6\/#primaryimage","url":"https:\/\/buletin.de\/bucuresti\/wp-content\/uploads\/Captura-ecran-191.png","contentUrl":"https:\/\/buletin.de\/bucuresti\/wp-content\/uploads\/Captura-ecran-191.png","width":1920,"height":1080},{"@type":"BreadcrumbList","@id":"https:\/\/buletin.de\/bucuresti\/piateta-favorit-a-primit-votul-consilierilor-de-la-sectorul-6\/#breadcrumb","itemListElement":[{"@type":"ListItem","position":1,"name":"Acas\u0103","item":"https:\/\/buletin.de\/bucuresti\/"},{"@type":"ListItem","position":2,"name":"Pia\u021beta Favorit a primit votul consilierilor de la Sectorul 6"}]},{"@type":"WebSite","@id":"https:\/\/buletin.de\/bucuresti\/#website","url":"https:\/\/buletin.de\/bucuresti\/","name":"Buletin de Bucure\u0219ti","description":"\u0218tiri \u0219i investiga\u021bii esen\u021biale din capital\u0103","publisher":{"@id":"https:\/\/buletin.de\/bucuresti\/#organization"},"potentialAction":[{"@type":"SearchAction","target":{"@type":"EntryPoint","urlTemplate":"https:\/\/buletin.de\/bucuresti\/?s={search_term_string}"},"query-input":{"@type":"PropertyValueSpecification","valueRequired":true,"valueName":"search_term_string"}}],"inLanguage":"en-GB"},{"@type":"Organization","@id":"https:\/\/buletin.de\/bucuresti\/#organization","name":"Buletin de Bucure\u0219ti","url":"https:\/\/buletin.de\/bucuresti\/","logo":{"@type":"ImageObject","inLanguage":"en-GB","@id":"https:\/\/buletin.de\/bucuresti\/#\/schema\/logo\/image\/","url":"https:\/\/buletin.de\/bucuresti\/wp-content\/uploads\/logo-bdb-full-wide-vernil-transparent.png","contentUrl":"https:\/\/buletin.de\/bucuresti\/wp-content\/uploads\/logo-bdb-full-wide-vernil-transparent.png","width":1782,"height":626,"caption":"Buletin de Bucure\u0219ti"},"image":{"@id":"https:\/\/buletin.de\/bucuresti\/#\/schema\/logo\/image\/"},"sameAs":["https:\/\/www.facebook.com\/buletin.de.buc","https:\/\/www.instagram.com\/buletinde.bucuresti\/"]},{"@type":"Person","@id":"https:\/\/buletin.de\/bucuresti\/#\/schema\/person\/b0686d7a8b666c6afc78239777fd8a89","name":"Florin R\u00e2\u0219teiu","image":{"@type":"ImageObject","inLanguage":"en-GB","@id":"https:\/\/buletin.de\/bucuresti\/wp-content\/uploads\/Florin-Rasteiu-96x96.jpgf0a6fe28453aa12f0a60e4d0a2e3a78c","url":"https:\/\/buletin.de\/bucuresti\/wp-content\/uploads\/Florin-Rasteiu-96x96.jpg","contentUrl":"https:\/\/buletin.de\/bucuresti\/wp-content\/uploads\/Florin-Rasteiu-96x96.jpg","caption":"Florin R\u00e2\u0219teiu"},"description":"Jurnalist de investiga\u021bie. Lucreaz\u0103 de aproape 6 ani la Buletin de Bucure\u0219ti, unde a publicat articole care scot la suprafa\u021b\u0103 corup\u021bia din Capital\u0103. Analizeaz\u0103 baze de date zilnic \u0219i scoate pove\u0219ti din exceluri pline de cifre. Pune reflectorul pe adev\u0103r cu fiecare ocazie. A c\u00e2\u0219tigat premiul I la categoria Pres\u0103 Local\u0103 \u00een 2025 \u0219i locul al II-lea la aceea\u0219i categorie \u00een 2024 \u00een cadrul Premiilor Superscrieri pentru jurnalism independent.","url":"https:\/\/buletin.de\/bucuresti\/author\/florinrasteiu\/"}]}},"authors":[{"term_id":22576,"user_id":17,"is_guest":0,"slug":"florinrasteiu","display_name":"Florin R\u00e2\u0219teiu","avatar_url":"https:\/\/buletin.de\/bucuresti\/wp-content\/uploads\/Florin-Rasteiu-96x96.jpg","0":null,"1":"","2":"","3":"","4":"","5":"","6":"","7":"","8":""}],"_links":{"self":[{"href":"https:\/\/buletin.de\/bucuresti\/wp-json\/wp\/v2\/posts\/32910","targetHints":{"allow":["GET"]}}],"collection":[{"href":"https:\/\/buletin.de\/bucuresti\/wp-json\/wp\/v2\/posts"}],"about":[{"href":"https:\/\/buletin.de\/bucuresti\/wp-json\/wp\/v2\/types\/post"}],"author":[{"embeddable":true,"href":"https:\/\/buletin.de\/bucuresti\/wp-json\/wp\/v2\/users\/17"}],"replies":[{"embeddable":true,"href":"https:\/\/buletin.de\/bucuresti\/wp-json\/wp\/v2\/comments?post=32910"}],"version-history":[{"count":5,"href":"https:\/\/buletin.de\/bucuresti\/wp-json\/wp\/v2\/posts\/32910\/revisions"}],"predecessor-version":[{"id":32922,"href":"https:\/\/buletin.de\/bucuresti\/wp-json\/wp\/v2\/posts\/32910\/revisions\/32922"}],"wp:featuredmedia":[{"embeddable":true,"href":"https:\/\/buletin.de\/bucuresti\/wp-json\/wp\/v2\/media\/32919"}],"wp:attachment":[{"href":"https:\/\/buletin.de\/bucuresti\/wp-json\/wp\/v2\/media?parent=32910"}],"wp:term":[{"taxonomy":"category","embeddable":true,"href":"https:\/\/buletin.de\/bucuresti\/wp-json\/wp\/v2\/categories?post=32910"},{"taxonomy":"post_tag","embeddable":true,"href":"https:\/\/buletin.de\/bucuresti\/wp-json\/wp\/v2\/tags?post=32910"},{"taxonomy":"author","embeddable":true,"href":"https:\/\/buletin.de\/bucuresti\/wp-json\/wp\/v2\/ppma_author?post=32910"}],"curies":[{"name":"wp","href":"https:\/\/api.w.org\/{rel}","templated":true}]}}