{"id":32889,"date":"2021-10-21T14:51:53","date_gmt":"2021-10-21T11:51:53","guid":{"rendered":"https:\/\/buletin.de\/bucuresti\/?p=32889"},"modified":"2021-10-21T14:51:54","modified_gmt":"2021-10-21T11:51:54","slug":"proiect-sector-2-peste-260-milioane-de-lei-pentru-reabilitarea-termica-a-56-de-blocuri","status":"publish","type":"post","link":"https:\/\/buletin.de\/bucuresti\/proiect-sector-2-peste-260-milioane-de-lei-pentru-reabilitarea-termica-a-56-de-blocuri\/","title":{"rendered":"Proiect Sector 2 | Peste 260 milioane de lei pentru reabilitarea termic\u0103 a 56 de blocuri"},"content":{"rendered":"\n<p><strong>Consilierii locali din Sectorul 2 vor decide, \u00een \u0219edin\u021ba de ast\u0103zi, dac\u0103 sunt de acord ca \u00een urm\u0103toarele luni s\u0103 se reabiliteze termic 56 de blocuri, investi\u021bia total\u0103 ajunge p\u00e2n\u0103 la 263 de milioane de lei. \u00cen total, 3.018 apartamente vor beneficia de aceast\u0103 reabilitare care face parte dintr-un program care se deruleaz\u0103 din 2006 \u0219i vizeaz\u0103 reabilitarea a 1700 de blocuri din sector. <\/strong><\/p>\n\n\n\n<blockquote class=\"wp-block-quote is-layout-flow wp-block-quote-is-layout-flow\"><p>Administra\u0163iile publice trebuie s\u0103 fie un exemplu \u00een materie de eficien\u0163\u0103 energetic\u0103 prin reabilitarea locuin\u0163elor colective at\u00e2t pentru reducerea la minim a consumului de energie \u015fi a emisiilor de bioxid de carbon, c\u00e2t \u015fi pentru a deveni prietenoase cu mediul \u00eenconjur\u0103tor. Sectorul 2 este unul dintre cele 6 sectoare ale Municipiului Bucure\u015fti care deruleaz\u0103 din anul 2006 cel mai mare program de reabilitare termic\u0103 la nivelul \u00eentregii \u021b\u0103ri, program ce include peste 1700 de obiective aflate \u00een diverse stadii.\u00a0<\/p><cite>Se arat\u0103 \u00een referatul de aprobare al proiectului de hot\u0103r\u00e2re <\/cite><\/blockquote>\n\n\n\n<figure class=\"wp-block-gallery columns-1 is-cropped wp-block-gallery-1 is-layout-flex wp-block-gallery-is-layout-flex\"><ul class=\"blocks-gallery-grid\"><li class=\"blocks-gallery-item\"><figure><a href=\"https:\/\/buletin.de\/bucuresti\/wp-content\/uploads\/Captura-ecran-184.png\"><img fetchpriority=\"high\" decoding=\"async\" width=\"688\" height=\"804\" src=\"data:image\/gif;base64,R0lGODlhAQABAAAAACH5BAEKAAEALAAAAAABAAEAAAICTAEAOw==\" data-src=\"https:\/\/buletin.de\/bucuresti\/wp-content\/uploads\/Captura-ecran-184.png\" alt=\"\" data-id=\"32891\" data-full-url=\"https:\/\/buletin.de\/bucuresti\/wp-content\/uploads\/Captura-ecran-184.png\" data-link=\"https:\/\/buletin.de\/bucuresti\/?attachment_id=32891\" class=\"wp-image-32891 lazyload\" data-sizes=\"auto\" data-srcset=\"https:\/\/buletin.de\/bucuresti\/wp-content\/uploads\/Captura-ecran-184.png 688w, https:\/\/buletin.de\/bucuresti\/wp-content\/uploads\/Captura-ecran-184-257x300.png 257w, https:\/\/buletin.de\/bucuresti\/wp-content\/uploads\/Captura-ecran-184-550x643.png 550w, https:\/\/buletin.de\/bucuresti\/wp-content\/uploads\/Captura-ecran-184-428x500.png 428w, https:\/\/buletin.de\/bucuresti\/wp-content\/uploads\/Captura-ecran-184-600x701.png 600w\" sizes=\"(max-width: 688px) 100vw, 688px\" \/><\/a><\/figure><\/li><li class=\"blocks-gallery-item\"><figure><a href=\"https:\/\/buletin.de\/bucuresti\/wp-content\/uploads\/Captura-ecran-185.png\"><img decoding=\"async\" width=\"691\" height=\"617\" src=\"data:image\/gif;base64,R0lGODlhAQABAAAAACH5BAEKAAEALAAAAAABAAEAAAICTAEAOw==\" data-src=\"https:\/\/buletin.de\/bucuresti\/wp-content\/uploads\/Captura-ecran-185.png\" alt=\"\" data-id=\"32890\" data-full-url=\"https:\/\/buletin.de\/bucuresti\/wp-content\/uploads\/Captura-ecran-185.png\" data-link=\"https:\/\/buletin.de\/bucuresti\/?attachment_id=32890\" class=\"wp-image-32890 lazyload\" data-sizes=\"auto\" data-srcset=\"https:\/\/buletin.de\/bucuresti\/wp-content\/uploads\/Captura-ecran-185.png 691w, https:\/\/buletin.de\/bucuresti\/wp-content\/uploads\/Captura-ecran-185-300x268.png 300w, https:\/\/buletin.de\/bucuresti\/wp-content\/uploads\/Captura-ecran-185-550x491.png 550w, https:\/\/buletin.de\/bucuresti\/wp-content\/uploads\/Captura-ecran-185-560x500.png 560w, https:\/\/buletin.de\/bucuresti\/wp-content\/uploads\/Captura-ecran-185-600x536.png 600w\" sizes=\"(max-width: 691px) 100vw, 691px\" \/><\/a><\/figure><\/li><\/ul><figcaption class=\"blocks-gallery-caption\">Lista blocurilor care urmeaz\u0103 s\u0103 fie reabilitate din punct de vedere termic dac\u0103 proiectul de hot\u0103r\u00e2re va fi aprobat <\/figcaption><\/figure>\n\n\n\n<p>Scopul pentru care vor fi reabilitate cele 56 de blocuri ale Sectorului 2 este de a cre\u0219te performan\u021ba energetic\u0103 a locuin\u021belor, dar \u0219i de a reduce consumul de energie pentru \u00eenc\u0103lzirea apartamentelor sub 100 kWh\/m2 arie util\u0103. Efectele dorite sunt urm\u0103toarele: <\/p>\n\n\n\n<ul class=\"has-background wp-block-list\" style=\"background-color:#fffcba\"><li><em>reducerea costurilor de \u00eentre\u021binere cu \u00eenc\u0103lzirea;<\/em><\/li><li><em>diminuarea efectelor schimb\u0103rilor climatice, prin reducerea emisiilor de gaze cu efect de ser\u0103,<\/em><\/li><li><em>cre\u015fterea independen\u021bei energetice, prin reducerea consumului de combustibil utilizat la prepararea agentului termic pentru \u00eenc\u0103lzire,<\/em><\/li><li><em>ameliorarea aspectului urbanistic al localit\u0103\u021bilor <\/em><\/li><li><em>se asigur\u0103 sus\u021binerea operatorilor economici din domeniul construc\u0163iilor \u015fi se creeaz\u0103 noi locuri de munc\u0103.<\/em><\/li><\/ul>\n\n\n\n<p>De asemenea, blocurile din Capital\u0103 construite \u00een perioada comunist\u0103 nu au fost g\u00e2ndite pentru a avea un consum mic la energie, a\u0219a c\u0103 60% din blocurile construite \u00eenainte de 1989 sunt asamblate din placi prefabricate \u015fi compartimentate interior cu beton autoclavizat (BCA). Restul cladirilor, construite p\u00e2n\u0103 \u00een anii 1970 sunt locuin\u0163e individuale, majoritatea construite din c\u0103r\u0103mid\u0103, scrie \u00een raportul de specialitate. <\/p>\n\n\n\n<p>Conform directivelor UE, administra\u0163iile publice trebuie s\u0103 fie un exemplu \u00een materie de eficien\u021b\u0103 energetic\u0103 prin reabilitarea locuin\u021belor colective, at\u00e2t pentru reducerea la minim a consumului de energie \u0219i a emisiilor de bioxid de carbon c\u00e2t \u0219i pentru a deveni prietenoase cu mediul \u00eenconjur\u0103. <\/p>\n\n\n\n<p>Surs\u0103 Foto: Cosmin Pojoranu <\/p>\n","protected":false},"excerpt":{"rendered":"<p>Consilierii locali din Sectorul 2 vor decide, \u00een \u0219edin\u021ba de ast\u0103zi, dac\u0103 sunt de acord ca \u00een urm\u0103toarele luni s\u0103 se reabiliteze termic 56 de blocuri, investi\u021bia total\u0103 ajunge p\u00e2n\u0103 la 263 de milioane de lei. \u00cen total, 3.018 apartamente vor beneficia de aceast\u0103 reabilitare care face parte dintr-un program care se deruleaz\u0103 din 2006 [&hellip;]<\/p>\n","protected":false},"author":17,"featured_media":32666,"comment_status":"closed","ping_status":"open","sticky":false,"template":"","format":"standard","meta":{"_acf_changed":false,"inline_featured_image":false,"ngg_post_thumbnail":0,"footnotes":""},"categories":[62],"tags":[],"ppma_author":[22576],"class_list":["post-32889","post","type-post","status-publish","format-standard","has-post-thumbnail","hentry","category-stiri"],"acf":[],"yoast_head":"<!-- This site is optimized with the Yoast SEO Premium plugin v25.3 (Yoast SEO v27.5) - https:\/\/yoast.com\/product\/yoast-seo-premium-wordpress\/ -->\n<title>Proiect Sector 2 | Peste 260 milioane de lei pentru reabilitarea termic\u0103 a 56 de blocuri - Buletin de Bucure\u0219ti<\/title>\n<meta name=\"robots\" content=\"index, follow, max-snippet:-1, max-image-preview:large, max-video-preview:-1\" \/>\n<link rel=\"canonical\" href=\"https:\/\/buletin.de\/bucuresti\/proiect-sector-2-peste-260-milioane-de-lei-pentru-reabilitarea-termica-a-56-de-blocuri\/\" \/>\n<meta property=\"og:locale\" content=\"en_GB\" \/>\n<meta property=\"og:type\" content=\"article\" \/>\n<meta property=\"og:title\" content=\"Proiect Sector 2 | Peste 260 milioane de lei pentru reabilitarea termic\u0103 a 56 de blocuri\" \/>\n<meta property=\"og:description\" content=\"Consilierii locali din Sectorul 2 vor decide, \u00een \u0219edin\u021ba de ast\u0103zi, dac\u0103 sunt de acord ca \u00een urm\u0103toarele luni s\u0103 se reabiliteze termic 56 de blocuri, investi\u021bia total\u0103 ajunge p\u00e2n\u0103 la 263 de milioane de lei. \u00cen total, 3.018 apartamente vor beneficia de aceast\u0103 reabilitare care face parte dintr-un program care se deruleaz\u0103 din 2006 [&hellip;]\" \/>\n<meta property=\"og:url\" content=\"https:\/\/buletin.de\/bucuresti\/proiect-sector-2-peste-260-milioane-de-lei-pentru-reabilitarea-termica-a-56-de-blocuri\/\" \/>\n<meta property=\"og:site_name\" content=\"Buletin de Bucure\u0219ti\" \/>\n<meta property=\"article:publisher\" content=\"https:\/\/www.facebook.com\/buletin.de.buc\" \/>\n<meta property=\"article:published_time\" content=\"2021-10-21T11:51:53+00:00\" \/>\n<meta property=\"article:modified_time\" content=\"2021-10-21T11:51:54+00:00\" \/>\n<meta property=\"og:image\" content=\"https:\/\/buletin.de\/bucuresti\/wp-content\/uploads\/20191003_174439.jpg\" \/>\n\t<meta property=\"og:image:width\" content=\"1476\" \/>\n\t<meta property=\"og:image:height\" content=\"830\" \/>\n\t<meta property=\"og:image:type\" content=\"image\/jpeg\" \/>\n<meta name=\"author\" content=\"Florin R\u00e2\u0219teiu\" \/>\n<meta name=\"twitter:card\" content=\"summary_large_image\" \/>\n<meta name=\"twitter:label1\" content=\"Written by\" \/>\n\t<meta name=\"twitter:data1\" content=\"Florin R\u00e2\u0219teiu\" \/>\n\t<meta name=\"twitter:label2\" content=\"Estimated reading time\" \/>\n\t<meta name=\"twitter:data2\" content=\"3 minutes\" \/>\n<script type=\"application\/ld+json\" class=\"yoast-schema-graph\">{\"@context\":\"https:\\\/\\\/schema.org\",\"@graph\":[{\"@type\":\"Article\",\"@id\":\"https:\\\/\\\/buletin.de\\\/bucuresti\\\/proiect-sector-2-peste-260-milioane-de-lei-pentru-reabilitarea-termica-a-56-de-blocuri\\\/#article\",\"isPartOf\":{\"@id\":\"https:\\\/\\\/buletin.de\\\/bucuresti\\\/proiect-sector-2-peste-260-milioane-de-lei-pentru-reabilitarea-termica-a-56-de-blocuri\\\/\"},\"author\":{\"name\":\"Florin R\u00e2\u0219teiu\",\"@id\":\"https:\\\/\\\/buletin.de\\\/bucuresti\\\/#\\\/schema\\\/person\\\/b0686d7a8b666c6afc78239777fd8a89\"},\"headline\":\"Proiect Sector 2 | Peste 260 milioane de lei pentru reabilitarea termic\u0103 a 56 de blocuri\",\"datePublished\":\"2021-10-21T11:51:53+00:00\",\"dateModified\":\"2021-10-21T11:51:54+00:00\",\"mainEntityOfPage\":{\"@id\":\"https:\\\/\\\/buletin.de\\\/bucuresti\\\/proiect-sector-2-peste-260-milioane-de-lei-pentru-reabilitarea-termica-a-56-de-blocuri\\\/\"},\"wordCount\":412,\"publisher\":{\"@id\":\"https:\\\/\\\/buletin.de\\\/bucuresti\\\/#organization\"},\"image\":{\"@id\":\"https:\\\/\\\/buletin.de\\\/bucuresti\\\/proiect-sector-2-peste-260-milioane-de-lei-pentru-reabilitarea-termica-a-56-de-blocuri\\\/#primaryimage\"},\"thumbnailUrl\":\"https:\\\/\\\/buletin.de\\\/bucuresti\\\/wp-content\\\/uploads\\\/20191003_174439.jpg\",\"articleSection\":[\"\u0218tiri\"],\"inLanguage\":\"en-GB\",\"copyrightYear\":\"2021\",\"copyrightHolder\":{\"@id\":\"https:\\\/\\\/buletin.de\\\/bucuresti\\\/#organization\"}},{\"@type\":\"WebPage\",\"@id\":\"https:\\\/\\\/buletin.de\\\/bucuresti\\\/proiect-sector-2-peste-260-milioane-de-lei-pentru-reabilitarea-termica-a-56-de-blocuri\\\/\",\"url\":\"https:\\\/\\\/buletin.de\\\/bucuresti\\\/proiect-sector-2-peste-260-milioane-de-lei-pentru-reabilitarea-termica-a-56-de-blocuri\\\/\",\"name\":\"Proiect Sector 2 | Peste 260 milioane de lei pentru reabilitarea termic\u0103 a 56 de blocuri - Buletin de Bucure\u0219ti\",\"isPartOf\":{\"@id\":\"https:\\\/\\\/buletin.de\\\/bucuresti\\\/#website\"},\"primaryImageOfPage\":{\"@id\":\"https:\\\/\\\/buletin.de\\\/bucuresti\\\/proiect-sector-2-peste-260-milioane-de-lei-pentru-reabilitarea-termica-a-56-de-blocuri\\\/#primaryimage\"},\"image\":{\"@id\":\"https:\\\/\\\/buletin.de\\\/bucuresti\\\/proiect-sector-2-peste-260-milioane-de-lei-pentru-reabilitarea-termica-a-56-de-blocuri\\\/#primaryimage\"},\"thumbnailUrl\":\"https:\\\/\\\/buletin.de\\\/bucuresti\\\/wp-content\\\/uploads\\\/20191003_174439.jpg\",\"datePublished\":\"2021-10-21T11:51:53+00:00\",\"dateModified\":\"2021-10-21T11:51:54+00:00\",\"breadcrumb\":{\"@id\":\"https:\\\/\\\/buletin.de\\\/bucuresti\\\/proiect-sector-2-peste-260-milioane-de-lei-pentru-reabilitarea-termica-a-56-de-blocuri\\\/#breadcrumb\"},\"inLanguage\":\"en-GB\",\"potentialAction\":[{\"@type\":\"ReadAction\",\"target\":[\"https:\\\/\\\/buletin.de\\\/bucuresti\\\/proiect-sector-2-peste-260-milioane-de-lei-pentru-reabilitarea-termica-a-56-de-blocuri\\\/\"]}]},{\"@type\":\"ImageObject\",\"inLanguage\":\"en-GB\",\"@id\":\"https:\\\/\\\/buletin.de\\\/bucuresti\\\/proiect-sector-2-peste-260-milioane-de-lei-pentru-reabilitarea-termica-a-56-de-blocuri\\\/#primaryimage\",\"url\":\"https:\\\/\\\/buletin.de\\\/bucuresti\\\/wp-content\\\/uploads\\\/20191003_174439.jpg\",\"contentUrl\":\"https:\\\/\\\/buletin.de\\\/bucuresti\\\/wp-content\\\/uploads\\\/20191003_174439.jpg\",\"width\":1476,\"height\":830},{\"@type\":\"BreadcrumbList\",\"@id\":\"https:\\\/\\\/buletin.de\\\/bucuresti\\\/proiect-sector-2-peste-260-milioane-de-lei-pentru-reabilitarea-termica-a-56-de-blocuri\\\/#breadcrumb\",\"itemListElement\":[{\"@type\":\"ListItem\",\"position\":1,\"name\":\"Acas\u0103\",\"item\":\"https:\\\/\\\/buletin.de\\\/bucuresti\\\/\"},{\"@type\":\"ListItem\",\"position\":2,\"name\":\"Proiect Sector 2 | Peste 260 milioane de lei pentru reabilitarea termic\u0103 a 56 de blocuri\"}]},{\"@type\":\"WebSite\",\"@id\":\"https:\\\/\\\/buletin.de\\\/bucuresti\\\/#website\",\"url\":\"https:\\\/\\\/buletin.de\\\/bucuresti\\\/\",\"name\":\"Buletin de Bucure\u0219ti\",\"description\":\"\u0218tiri \u0219i investiga\u021bii esen\u021biale din capital\u0103\",\"publisher\":{\"@id\":\"https:\\\/\\\/buletin.de\\\/bucuresti\\\/#organization\"},\"potentialAction\":[{\"@type\":\"SearchAction\",\"target\":{\"@type\":\"EntryPoint\",\"urlTemplate\":\"https:\\\/\\\/buletin.de\\\/bucuresti\\\/?s={search_term_string}\"},\"query-input\":{\"@type\":\"PropertyValueSpecification\",\"valueRequired\":true,\"valueName\":\"search_term_string\"}}],\"inLanguage\":\"en-GB\"},{\"@type\":\"Organization\",\"@id\":\"https:\\\/\\\/buletin.de\\\/bucuresti\\\/#organization\",\"name\":\"Buletin de Bucure\u0219ti\",\"url\":\"https:\\\/\\\/buletin.de\\\/bucuresti\\\/\",\"logo\":{\"@type\":\"ImageObject\",\"inLanguage\":\"en-GB\",\"@id\":\"https:\\\/\\\/buletin.de\\\/bucuresti\\\/#\\\/schema\\\/logo\\\/image\\\/\",\"url\":\"https:\\\/\\\/buletin.de\\\/bucuresti\\\/wp-content\\\/uploads\\\/logo-bdb-full-wide-vernil-transparent.png\",\"contentUrl\":\"https:\\\/\\\/buletin.de\\\/bucuresti\\\/wp-content\\\/uploads\\\/logo-bdb-full-wide-vernil-transparent.png\",\"width\":1782,\"height\":626,\"caption\":\"Buletin de Bucure\u0219ti\"},\"image\":{\"@id\":\"https:\\\/\\\/buletin.de\\\/bucuresti\\\/#\\\/schema\\\/logo\\\/image\\\/\"},\"sameAs\":[\"https:\\\/\\\/www.facebook.com\\\/buletin.de.buc\",\"https:\\\/\\\/www.instagram.com\\\/buletinde.bucuresti\\\/\"]},{\"@type\":\"Person\",\"@id\":\"https:\\\/\\\/buletin.de\\\/bucuresti\\\/#\\\/schema\\\/person\\\/b0686d7a8b666c6afc78239777fd8a89\",\"name\":\"Florin R\u00e2\u0219teiu\",\"image\":{\"@type\":\"ImageObject\",\"inLanguage\":\"en-GB\",\"@id\":\"https:\\\/\\\/buletin.de\\\/bucuresti\\\/wp-content\\\/uploads\\\/Florin-Rasteiu-96x96.jpgf0a6fe28453aa12f0a60e4d0a2e3a78c\",\"url\":\"https:\\\/\\\/buletin.de\\\/bucuresti\\\/wp-content\\\/uploads\\\/Florin-Rasteiu-96x96.jpg\",\"contentUrl\":\"https:\\\/\\\/buletin.de\\\/bucuresti\\\/wp-content\\\/uploads\\\/Florin-Rasteiu-96x96.jpg\",\"caption\":\"Florin R\u00e2\u0219teiu\"},\"description\":\"Jurnalist de investiga\u021bie. Lucreaz\u0103 de aproape 6 ani la Buletin de Bucure\u0219ti, unde a publicat articole care scot la suprafa\u021b\u0103 corup\u021bia din Capital\u0103. Analizeaz\u0103 baze de date zilnic \u0219i scoate pove\u0219ti din exceluri pline de cifre. Pune reflectorul pe adev\u0103r cu fiecare ocazie. A c\u00e2\u0219tigat premiul I la categoria Pres\u0103 Local\u0103 \u00een 2025 \u0219i locul al II-lea la aceea\u0219i categorie \u00een 2024 \u00een cadrul Premiilor Superscrieri pentru jurnalism independent.\",\"url\":\"https:\\\/\\\/buletin.de\\\/bucuresti\\\/author\\\/florinrasteiu\\\/\"}]}<\/script>\n<!-- \/ Yoast SEO Premium plugin. -->","yoast_head_json":{"title":"Proiect Sector 2 | Peste 260 milioane de lei pentru reabilitarea termic\u0103 a 56 de blocuri - Buletin de Bucure\u0219ti","robots":{"index":"index","follow":"follow","max-snippet":"max-snippet:-1","max-image-preview":"max-image-preview:large","max-video-preview":"max-video-preview:-1"},"canonical":"https:\/\/buletin.de\/bucuresti\/proiect-sector-2-peste-260-milioane-de-lei-pentru-reabilitarea-termica-a-56-de-blocuri\/","og_locale":"en_GB","og_type":"article","og_title":"Proiect Sector 2 | Peste 260 milioane de lei pentru reabilitarea termic\u0103 a 56 de blocuri","og_description":"Consilierii locali din Sectorul 2 vor decide, \u00een \u0219edin\u021ba de ast\u0103zi, dac\u0103 sunt de acord ca \u00een urm\u0103toarele luni s\u0103 se reabiliteze termic 56 de blocuri, investi\u021bia total\u0103 ajunge p\u00e2n\u0103 la 263 de milioane de lei. \u00cen total, 3.018 apartamente vor beneficia de aceast\u0103 reabilitare care face parte dintr-un program care se deruleaz\u0103 din 2006 [&hellip;]","og_url":"https:\/\/buletin.de\/bucuresti\/proiect-sector-2-peste-260-milioane-de-lei-pentru-reabilitarea-termica-a-56-de-blocuri\/","og_site_name":"Buletin de Bucure\u0219ti","article_publisher":"https:\/\/www.facebook.com\/buletin.de.buc","article_published_time":"2021-10-21T11:51:53+00:00","article_modified_time":"2021-10-21T11:51:54+00:00","og_image":[{"width":1476,"height":830,"url":"https:\/\/buletin.de\/bucuresti\/wp-content\/uploads\/20191003_174439.jpg","type":"image\/jpeg"}],"author":"Florin R\u00e2\u0219teiu","twitter_card":"summary_large_image","twitter_misc":{"Written by":"Florin R\u00e2\u0219teiu","Estimated reading time":"3 minutes"},"schema":{"@context":"https:\/\/schema.org","@graph":[{"@type":"Article","@id":"https:\/\/buletin.de\/bucuresti\/proiect-sector-2-peste-260-milioane-de-lei-pentru-reabilitarea-termica-a-56-de-blocuri\/#article","isPartOf":{"@id":"https:\/\/buletin.de\/bucuresti\/proiect-sector-2-peste-260-milioane-de-lei-pentru-reabilitarea-termica-a-56-de-blocuri\/"},"author":{"name":"Florin R\u00e2\u0219teiu","@id":"https:\/\/buletin.de\/bucuresti\/#\/schema\/person\/b0686d7a8b666c6afc78239777fd8a89"},"headline":"Proiect Sector 2 | Peste 260 milioane de lei pentru reabilitarea termic\u0103 a 56 de blocuri","datePublished":"2021-10-21T11:51:53+00:00","dateModified":"2021-10-21T11:51:54+00:00","mainEntityOfPage":{"@id":"https:\/\/buletin.de\/bucuresti\/proiect-sector-2-peste-260-milioane-de-lei-pentru-reabilitarea-termica-a-56-de-blocuri\/"},"wordCount":412,"publisher":{"@id":"https:\/\/buletin.de\/bucuresti\/#organization"},"image":{"@id":"https:\/\/buletin.de\/bucuresti\/proiect-sector-2-peste-260-milioane-de-lei-pentru-reabilitarea-termica-a-56-de-blocuri\/#primaryimage"},"thumbnailUrl":"https:\/\/buletin.de\/bucuresti\/wp-content\/uploads\/20191003_174439.jpg","articleSection":["\u0218tiri"],"inLanguage":"en-GB","copyrightYear":"2021","copyrightHolder":{"@id":"https:\/\/buletin.de\/bucuresti\/#organization"}},{"@type":"WebPage","@id":"https:\/\/buletin.de\/bucuresti\/proiect-sector-2-peste-260-milioane-de-lei-pentru-reabilitarea-termica-a-56-de-blocuri\/","url":"https:\/\/buletin.de\/bucuresti\/proiect-sector-2-peste-260-milioane-de-lei-pentru-reabilitarea-termica-a-56-de-blocuri\/","name":"Proiect Sector 2 | Peste 260 milioane de lei pentru reabilitarea termic\u0103 a 56 de blocuri - Buletin de Bucure\u0219ti","isPartOf":{"@id":"https:\/\/buletin.de\/bucuresti\/#website"},"primaryImageOfPage":{"@id":"https:\/\/buletin.de\/bucuresti\/proiect-sector-2-peste-260-milioane-de-lei-pentru-reabilitarea-termica-a-56-de-blocuri\/#primaryimage"},"image":{"@id":"https:\/\/buletin.de\/bucuresti\/proiect-sector-2-peste-260-milioane-de-lei-pentru-reabilitarea-termica-a-56-de-blocuri\/#primaryimage"},"thumbnailUrl":"https:\/\/buletin.de\/bucuresti\/wp-content\/uploads\/20191003_174439.jpg","datePublished":"2021-10-21T11:51:53+00:00","dateModified":"2021-10-21T11:51:54+00:00","breadcrumb":{"@id":"https:\/\/buletin.de\/bucuresti\/proiect-sector-2-peste-260-milioane-de-lei-pentru-reabilitarea-termica-a-56-de-blocuri\/#breadcrumb"},"inLanguage":"en-GB","potentialAction":[{"@type":"ReadAction","target":["https:\/\/buletin.de\/bucuresti\/proiect-sector-2-peste-260-milioane-de-lei-pentru-reabilitarea-termica-a-56-de-blocuri\/"]}]},{"@type":"ImageObject","inLanguage":"en-GB","@id":"https:\/\/buletin.de\/bucuresti\/proiect-sector-2-peste-260-milioane-de-lei-pentru-reabilitarea-termica-a-56-de-blocuri\/#primaryimage","url":"https:\/\/buletin.de\/bucuresti\/wp-content\/uploads\/20191003_174439.jpg","contentUrl":"https:\/\/buletin.de\/bucuresti\/wp-content\/uploads\/20191003_174439.jpg","width":1476,"height":830},{"@type":"BreadcrumbList","@id":"https:\/\/buletin.de\/bucuresti\/proiect-sector-2-peste-260-milioane-de-lei-pentru-reabilitarea-termica-a-56-de-blocuri\/#breadcrumb","itemListElement":[{"@type":"ListItem","position":1,"name":"Acas\u0103","item":"https:\/\/buletin.de\/bucuresti\/"},{"@type":"ListItem","position":2,"name":"Proiect Sector 2 | Peste 260 milioane de lei pentru reabilitarea termic\u0103 a 56 de blocuri"}]},{"@type":"WebSite","@id":"https:\/\/buletin.de\/bucuresti\/#website","url":"https:\/\/buletin.de\/bucuresti\/","name":"Buletin de Bucure\u0219ti","description":"\u0218tiri \u0219i investiga\u021bii esen\u021biale din capital\u0103","publisher":{"@id":"https:\/\/buletin.de\/bucuresti\/#organization"},"potentialAction":[{"@type":"SearchAction","target":{"@type":"EntryPoint","urlTemplate":"https:\/\/buletin.de\/bucuresti\/?s={search_term_string}"},"query-input":{"@type":"PropertyValueSpecification","valueRequired":true,"valueName":"search_term_string"}}],"inLanguage":"en-GB"},{"@type":"Organization","@id":"https:\/\/buletin.de\/bucuresti\/#organization","name":"Buletin de Bucure\u0219ti","url":"https:\/\/buletin.de\/bucuresti\/","logo":{"@type":"ImageObject","inLanguage":"en-GB","@id":"https:\/\/buletin.de\/bucuresti\/#\/schema\/logo\/image\/","url":"https:\/\/buletin.de\/bucuresti\/wp-content\/uploads\/logo-bdb-full-wide-vernil-transparent.png","contentUrl":"https:\/\/buletin.de\/bucuresti\/wp-content\/uploads\/logo-bdb-full-wide-vernil-transparent.png","width":1782,"height":626,"caption":"Buletin de Bucure\u0219ti"},"image":{"@id":"https:\/\/buletin.de\/bucuresti\/#\/schema\/logo\/image\/"},"sameAs":["https:\/\/www.facebook.com\/buletin.de.buc","https:\/\/www.instagram.com\/buletinde.bucuresti\/"]},{"@type":"Person","@id":"https:\/\/buletin.de\/bucuresti\/#\/schema\/person\/b0686d7a8b666c6afc78239777fd8a89","name":"Florin R\u00e2\u0219teiu","image":{"@type":"ImageObject","inLanguage":"en-GB","@id":"https:\/\/buletin.de\/bucuresti\/wp-content\/uploads\/Florin-Rasteiu-96x96.jpgf0a6fe28453aa12f0a60e4d0a2e3a78c","url":"https:\/\/buletin.de\/bucuresti\/wp-content\/uploads\/Florin-Rasteiu-96x96.jpg","contentUrl":"https:\/\/buletin.de\/bucuresti\/wp-content\/uploads\/Florin-Rasteiu-96x96.jpg","caption":"Florin R\u00e2\u0219teiu"},"description":"Jurnalist de investiga\u021bie. Lucreaz\u0103 de aproape 6 ani la Buletin de Bucure\u0219ti, unde a publicat articole care scot la suprafa\u021b\u0103 corup\u021bia din Capital\u0103. Analizeaz\u0103 baze de date zilnic \u0219i scoate pove\u0219ti din exceluri pline de cifre. Pune reflectorul pe adev\u0103r cu fiecare ocazie. A c\u00e2\u0219tigat premiul I la categoria Pres\u0103 Local\u0103 \u00een 2025 \u0219i locul al II-lea la aceea\u0219i categorie \u00een 2024 \u00een cadrul Premiilor Superscrieri pentru jurnalism independent.","url":"https:\/\/buletin.de\/bucuresti\/author\/florinrasteiu\/"}]}},"authors":[{"term_id":22576,"user_id":17,"is_guest":0,"slug":"florinrasteiu","display_name":"Florin R\u00e2\u0219teiu","avatar_url":"https:\/\/buletin.de\/bucuresti\/wp-content\/uploads\/Florin-Rasteiu-96x96.jpg","0":null,"1":"","2":"","3":"","4":"","5":"","6":"","7":"","8":""}],"_links":{"self":[{"href":"https:\/\/buletin.de\/bucuresti\/wp-json\/wp\/v2\/posts\/32889","targetHints":{"allow":["GET"]}}],"collection":[{"href":"https:\/\/buletin.de\/bucuresti\/wp-json\/wp\/v2\/posts"}],"about":[{"href":"https:\/\/buletin.de\/bucuresti\/wp-json\/wp\/v2\/types\/post"}],"author":[{"embeddable":true,"href":"https:\/\/buletin.de\/bucuresti\/wp-json\/wp\/v2\/users\/17"}],"replies":[{"embeddable":true,"href":"https:\/\/buletin.de\/bucuresti\/wp-json\/wp\/v2\/comments?post=32889"}],"version-history":[{"count":6,"href":"https:\/\/buletin.de\/bucuresti\/wp-json\/wp\/v2\/posts\/32889\/revisions"}],"predecessor-version":[{"id":32905,"href":"https:\/\/buletin.de\/bucuresti\/wp-json\/wp\/v2\/posts\/32889\/revisions\/32905"}],"wp:featuredmedia":[{"embeddable":true,"href":"https:\/\/buletin.de\/bucuresti\/wp-json\/wp\/v2\/media\/32666"}],"wp:attachment":[{"href":"https:\/\/buletin.de\/bucuresti\/wp-json\/wp\/v2\/media?parent=32889"}],"wp:term":[{"taxonomy":"category","embeddable":true,"href":"https:\/\/buletin.de\/bucuresti\/wp-json\/wp\/v2\/categories?post=32889"},{"taxonomy":"post_tag","embeddable":true,"href":"https:\/\/buletin.de\/bucuresti\/wp-json\/wp\/v2\/tags?post=32889"},{"taxonomy":"author","embeddable":true,"href":"https:\/\/buletin.de\/bucuresti\/wp-json\/wp\/v2\/ppma_author?post=32889"}],"curies":[{"name":"wp","href":"https:\/\/api.w.org\/{rel}","templated":true}]}}