{"id":32796,"date":"2021-10-20T16:15:32","date_gmt":"2021-10-20T13:15:32","guid":{"rendered":"https:\/\/buletin.de\/bucuresti\/?p=32796"},"modified":"2021-11-04T17:27:16","modified_gmt":"2021-11-04T14:27:16","slug":"teapa-elvetiana-dedesubturile-unei-afaceri-care-a-lasat-statul-roman-si-fara-doua-milioane-de-euro-si-fara-ventilatoare-medicale","status":"publish","type":"post","link":"https:\/\/buletin.de\/bucuresti\/teapa-elvetiana-dedesubturile-unei-afaceri-care-a-lasat-statul-roman-si-fara-doua-milioane-de-euro-si-fara-ventilatoare-medicale\/","title":{"rendered":"\u021aeapa elve\u021bian\u0103. Dedesubturile unei afaceri care a l\u0103sat statul rom\u00e2n \u0219i f\u0103r\u0103 dou\u0103 milioane de EURO, \u0219i f\u0103r\u0103 ventilatoare medicale"},"content":{"rendered":"\n<p><strong><em>O firma elve\u021bian\u0103 \u0219i un furnizor chinez au dat o \u021beap\u0103 de 1.9 milioane de EURO statului rom\u00e2n dup\u0103 ce i-au promis 150 de ventilatoare pentru bolnavii de Covid \u0219i nu au mai livrat niciunul. Se \u00eent\u00e2mpla \u00een mijlocul st\u0103rii de urgen\u021b\u0103, \u00een aprilie anul trecut, c\u00e2nd autorit\u0103\u021bile de la Bucure\u0219ti relaxau condi\u021biile pentru achizi\u021bii. C\u00e2teva luni mai t\u00e2rziu, aceea\u0219i firm\u0103 \u00ee\u0219i deschidea o filial\u0103 \u00een Rom\u00e2nia, specializat\u0103 chiar \u00een echipamente medicale. <\/em><\/strong><\/p>\n\n\n\n<p><strong><em>Firma elve\u021bian\u0103 a pornit filiala rom\u00e2neasc\u0103 \u00eempreun\u0103 cu Intercloud Investment SRL. Intercloud Investment mai de\u021bine o societate \u00een Rom\u00e2nia \u00eempreun\u0103 cu un broker de petrol acuzat de SUA c\u0103 finan\u021beaz\u0103, prin contraband\u0103, G\u0103rzile Revolu\u021bionare din Iran.<\/em><\/strong> <\/p>\n\n\n\n<p>Pe 1 aprilie 2020, c\u00e2nd Rom\u00e2nia era \u00een mijlocul st\u0103rii de urgen\u021b\u0103 cauzat\u0103 de pandemia de Covid-19, Oficiul Na\u021bional pentru Achizi\u021bii Centralizate semneaz\u0103 un contract acord-cadru de 6.5 milioane de EURO pentru achizi\u021bionarea a 250 de ventilatoare medicale. Firma care ar fi urmat s\u0103 le livreze, GSC Consulting and Management, are sediul \u00een Elve\u021bia \u0219i a fost singura care a participat la procedura de negociere direct\u0103 f\u0103r\u0103 publicare prealabil\u0103.&nbsp;<\/p>\n\n\n\n<p>A doua zi, Inspectoratul General pentru Situa\u021bii de Urgen\u021b\u0103 (IGSU) trimite firmei un avans de 1.9 milioane de EURO. P\u00e2n\u0103 la finalul lunii aprilie, \u00een Rom\u00e2nia ar fi trebuit s\u0103 ajung\u0103 150 de ventilatoare. Un an \u0219i jum\u0103tate mai t\u00e2rziu, niciun ventilator din Elve\u021bia nu a fost livrat.<\/p>\n\n\n\n<p>GSC Consulting and Management nu a mai r\u0103spuns statului rom\u00e2n nici la e-mail, nici la telefon, nici la fax. La 1.700 de km dep\u0103rtare, starea pacien\u021bilor interna\u021bi \u00een spitalele din Rom\u00e2nia se agrava, iar ventilatoarele deveneau indispensabile pentru via\u021ba lor.<\/p>\n\n\n\n<p>Pe 1 iulie 2020, IGSU d\u0103 \u00een judecat\u0103 firma.<\/p>\n\n\n\n<h2 class=\"wp-block-heading\"><strong>\u021aeapa chinezeasc\u0103<\/strong><\/h2>\n\n\n\n<p>La finalul lunii aprilie 2020, \u00een <a href=\"https:\/\/www.theguardian.com\/uk-news\/2020\/apr\/30\/entire-order-of-250-chinese-ventilators-were-useless-despite\">presa interna\u021bional\u0103 <\/a>izbucne\u0219te un scandal: 250 de ventilatoare care au sosit din China \u00een Marea Britanie nu pot fi folosite deoarece au fost construite prost, nepotrivite pentru utilizarea \u00een spitale \u0219i poten\u021bial periculoase pentru pacien\u021bi.<\/p>\n\n\n\n<p>Ventilatoarele care ar fi trebuit s\u0103 ajung\u0103 \u00een Rom\u00e2nia erau produse de acela\u0219i furnizor chinez al produselor cu probleme &#8211; Beijing Aeonmed Co. Conducerea firmei elve\u021biene sus\u021bine c\u0103 a informat autorit\u0103\u021bile rom\u00e2ne despre situa\u021bie \u0219i a venit cu o nou\u0103 propunere: un alt model de ventilator, conform standardelor UE, la acela\u0219i pre\u021b.&nbsp;<\/p>\n\n\n\n<p>IGSU a refuzat, sus\u021bine GSC Consulting, \u0219i a reziliat contractul.&nbsp;<\/p>\n\n\n\n<figure class=\"wp-block-video\"><video controls src=\"https:\/\/buletin.de\/bucuresti\/wp-content\/uploads\/237094107_418790022887024_5184974783123882730_n.mp4\"><\/video><figcaption>Ventilatoarele VG70 care ar fi trebuit s\u0103 ajung\u0103 \u00een Rom\u00e2nia. Surs\u0103: Beijing AEONMED Co. Ltd.<\/figcaption><\/figure>\n\n\n\n<p><\/p>\n\n\n\n<h2 class=\"wp-block-heading\"><strong>Patronul, pe lista de alert\u0103 a Autorit\u0103\u021bii Elve\u021biene de Supraveghere a Pie\u021bei Financiare<\/strong><\/h2>\n\n\n\n<p>GSC Consulting and Management are sediul \u00een Elve\u021bia, \u00een ora\u0219ul Cuira, la aceea\u0219i adres\u0103 cu alte 16 companii.<\/p>\n\n\n\n<p>P\u00e2n\u0103 \u00een toamna anului 2017, firma, \u00eenmatriculat\u0103 sub alt nume, s-a ocupat de minerit, de construirea sistemelor de pirogazeificare \u00een Italia, de instalarea centralelor electrice \u0219i de producerea de energie termic\u0103 \u0219i electric\u0103. Din prezentarea f\u0103cut\u0103 acum pe site-ul companiei, rezult\u0103 c\u0103 GSC Consulting and Management este specializat\u0103 \u00een managementul resurselor umane, afaceri imobiliare \u0219i consultan\u021b\u0103 juridic\u0103, fiscal\u0103 \u0219i financiar\u0103.<\/p>\n\n\n\n<p>Proprietarul firmei \u0219i cel care a semnat contractul cu Inspectoratul General pentru Situa\u021bii de Urgen\u021b\u0103 este Roberto Spano. \u00cen decembrie 2020, la opt luni dup\u0103 ce autorit\u0103\u021bile rom\u00e2ne \u00eei pl\u0103tiser\u0103 elve\u021bianului avansul, Autoritatea Elve\u021bian\u0103 de Supraveghere a Pie\u021bei Financiare \u2013 FINMA l-a trecut pe Roberto Spano pe<a href=\"https:\/\/www.finma.ch\/en\/enforcement\/enforcement-tools\/publication-of-final-rulings\/spano-roberto\/\"> o list\u0103 de alert\u0103<\/a> prin care \u00eei este interzis s\u0103 mai fac\u0103 opera\u021biuni financiare cu fonduri publice sub amenin\u021barea unei amenzi de 100.000 de franci elve\u021bieni.&nbsp;<\/p>\n\n\n\n<blockquote class=\"wp-block-quote is-layout-flow wp-block-quote-is-layout-flow\"><p>\u201eRoberto Spano este obligat s\u0103 se ab\u021bin\u0103 de la orice activitate care necesit\u0103 autorizare \u00een temeiul legisla\u021biei pie\u021bei financiare. \u00cen special, Roberto Spano este obligat s\u0103 se ab\u021bin\u0103 de la acceptarea depozitelor publice pe baz\u0103 comercial\u0103 \u0219i de la publicitatea sub orice form\u0103 f\u0103r\u0103 autoriza\u021bie.\u201d<\/p><cite>FINMA<\/cite><\/blockquote>\n\n\n\n<p>Cu doar \u0219apte luni \u00eenainte ca FINMA s\u0103-i interzic\u0103 s\u0103 se mai implice \u00een pia\u021ba financiar\u0103, Roberto Spano \u00ee\u0219i f\u0103cea publicitate \u00een<a href=\"https:\/\/www.forbes.at\/artikel\/sagenhafte-wendigkeit.html\"> Forbes Austria<\/a> pentru modul \u00een care \u201e<em>folose\u0219te vremurile dificile pentru a extinde \u0219i dezvolta noi domenii de activitate<\/em>\u201d. \u00cen advertorial este men\u021bionat\u0103 o alt\u0103 firm\u0103 condus\u0103 de Spano, Pegasus Development, \u0219i proasp\u0103ta colaborare \u00eencheiat\u0103 cu produc\u0103torul britanic de dezinfectan\u021bi Nuevo.&nbsp;<\/p>\n\n\n\n<div class=\"wp-block-image\"><figure class=\"aligncenter size-full is-resized\"><img fetchpriority=\"high\" decoding=\"async\" src=\"data:image\/gif;base64,R0lGODlhAQABAAAAACH5BAEKAAEALAAAAAABAAEAAAICTAEAOw==\" data-src=\"https:\/\/buletin.de\/bucuresti\/wp-content\/uploads\/image-926.png\" alt=\"\" class=\"wp-image-32802 lazyload\" width=\"824\" height=\"751\" data-sizes=\"auto\" data-srcset=\"https:\/\/buletin.de\/bucuresti\/wp-content\/uploads\/image-926.png 824w, https:\/\/buletin.de\/bucuresti\/wp-content\/uploads\/image-926-300x273.png 300w, https:\/\/buletin.de\/bucuresti\/wp-content\/uploads\/image-926-768x700.png 768w, https:\/\/buletin.de\/bucuresti\/wp-content\/uploads\/image-926-550x501.png 550w, https:\/\/buletin.de\/bucuresti\/wp-content\/uploads\/image-926-549x500.png 549w, https:\/\/buletin.de\/bucuresti\/wp-content\/uploads\/image-926-600x547.png 600w\" sizes=\"(max-width: 824px) 100vw, 824px\" \/><figcaption>Roberto Spano, \u00een <a href=\"https:\/\/www.forbes.at\/artikel\/sagenhafte-wendigkeit.html\">advertorialul<\/a> din Forbes Austria<\/figcaption><\/figure><\/div>\n\n\n\n<p>Noul brand Pegastril Nuevo urma s\u0103 produc\u0103 cabine de dezinfectare care pot pulveriza \u00eentregul corp cu dezinfectant \u00een c\u00e2teva secunde. Un advertorial publicat anul trecut pe<a href=\"https:\/\/apnews.com\/press-release\/business-wire\/ceb28ef5873c41228aa9f3cd4a166bf7\"> Associated Press<\/a> zicea despre aceast\u0103 asociere c\u0103 \u201e<em>va deschide o pia\u021b\u0103 imens\u0103 pentru Pegasus Development AG, care promite o cre\u0219tere extraordinar\u0103<\/em>\u201d.<\/p>\n\n\n\n<p>Advertorialele pl\u0103tite de Spano, majoritatea \u00een englez\u0103, turc\u0103 sau german\u0103, sus\u021bineau c\u0103 mai multe b\u0103nci europene \u0219i state din Orientul Mijlociu \u0219i Africa \u0219i-au exprimat deja interesul pentru aceast\u0103 tehnologie.<\/p>\n\n\n\n<p>\u00cen decembrie, Spano a declarat falimentul firmei, cu 3 s\u0103pt\u0103m\u00e2ni \u00eenainte de data de plat\u0103 a return\u0103rii primelor obliga\u021biuni de 3 milioane EURO c\u0103tre investitori, conform<a href=\"https:\/\/www.gomopa.net\/Pressemitteilungen.html?id=3071\"> GoMoPa<\/a>, o re\u021bea interna\u021bional\u0103 de exper\u021bi financiari \u00eenfiin\u021bat\u0103 la New York cu scopul de a preveni \u0219i educa despre fraud\u0103 \u00een afaceri.<\/p>\n\n\n\n<p>GSC Consulting ne-a transmis c\u0103 decizia FINMA nu are leg\u0103tur\u0103 cu Pegastril Nuevo.&nbsp;<\/p>\n\n\n\n<h2 class=\"wp-block-heading\"><strong>O filial\u0103 \u00een Rom\u00e2nia<\/strong><\/h2>\n\n\n\n<p>\u00cen istoricul firmei elve\u021biene, de la \u00eenfiin\u021barea din 2008 \u0219i p\u00e2n\u0103 \u00een toamna lui 2020, nu a existat nicio urm\u0103 de prezen\u021b\u0103 rom\u00e2neasc\u0103, dac\u0103 vorbim despre un proprietar rom\u00e2n sau o asociere cu o firm\u0103 din \u021bar\u0103. \u00cen contractul cu ONAC firma pare s\u0103 fi venit de nic\u0103ieri.&nbsp;<\/p>\n\n\n\n<p>La jum\u0103tate de an dup\u0103 ce a l\u0103sat o gaur\u0103 de 1.9 milioane de EURO \u00een bugetul statului, GSC Consulting and Management a deschis o filial\u0103 \u00een Rom\u00e2nia specializat\u0103 fix pe produse medicale.&nbsp;<\/p>\n\n\n\n<p>\u201e<em>Chiar dac\u0103 este un moment dificil pentru o companie s\u0103 piard\u0103 milioane de euro \u00eentr-un contract, credem c\u0103 a fost un eveniment nefericit \u0219i suntem aici pentru a r\u0103m\u00e2ne \u0219i a dezvolta o afacere etic\u0103 \u0219i transparent\u0103. Suntem o companie interna\u021bional\u0103; avem o reputa\u021bie solid\u0103 la nivel mondial \u0219i scopul nostru este s\u0103 dezvolt\u0103m afacerea \u00een acela\u0219i mod \u00een Rom\u00e2nia<\/em>\u201d, sus\u021bine GSC Consulting and Management.<\/p>\n\n\n\n<p>Pe<a href=\"https:\/\/gsc-consultingandmanagement.com\/news\/\"> site<\/a>, GSC Medical Europe SRL este prezentat\u0103 drept o firm\u0103 recunoscut\u0103 mondial pentru furnizare de echipamente medicale de \u00eenalt\u0103 calitate, cu o echip\u0103 de exper\u021bi cu peste 20 de ani de experien\u021b\u0103 \u00een spate. \u00cen realitate, conform Ministerului Finan\u021belor, compania nu a desf\u0103\u0219urat nicio activitate de la \u00eenfiin\u021bare \u0219i p\u00e2n\u0103 \u00een ultima zi a anului 2020.<\/p>\n\n\n\n<blockquote class=\"wp-block-quote is-layout-flow wp-block-quote-is-layout-flow\"><p>\u201eGSC Medical, o subdiviziune a GSC Consulting and Management AG, datorit\u0103 experien\u021bei sale \u0219i a standardelor de \u00eenalt\u0103 calitate, a fost onorat\u0103 s\u0103 poat\u0103 colabora cu guvernele europene la achizi\u021bionarea acestor produse care ajut\u0103 la combaterea situa\u021biei pandemice.\u201d <\/p><cite>Conform site-ului gsc-consultingandmanagement.com&nbsp;<\/cite><\/blockquote>\n\n\n\n<p>Atunci c\u00e2nd societatea elve\u021bian\u0103 \u0219i-a deschis filial\u0103 \u00een Rom\u00e2nia, pe 5 octombrie, a preluat o firm\u0103 deja \u00eenfiin\u021bat\u0103 cu un an \u00een urm\u0103 \u0219i doar i-a schimbat numele, din Codepo Waste Management \u00een GSC Medical Europe. Sediul social al companiei \u201erecunoscute mondial\u201d este \u00eentr-un apartament de l\u00e2ng\u0103 gara din Cluj. \u00cen acela\u0219i apartament mai au sediu \u0219i alte 21 de firme.<\/p>\n\n\n\n<div class=\"wp-block-image\"><figure class=\"aligncenter size-large is-resized\"><img decoding=\"async\" src=\"data:image\/gif;base64,R0lGODlhAQABAAAAACH5BAEKAAEALAAAAAABAAEAAAICTAEAOw==\" data-src=\"https:\/\/buletin.de\/bucuresti\/wp-content\/uploads\/image-927-900x456.png\" alt=\"\" class=\"wp-image-32803 lazyload\" width=\"900\" height=\"456\" data-sizes=\"auto\" data-srcset=\"https:\/\/buletin.de\/bucuresti\/wp-content\/uploads\/image-927-900x456.png 900w, https:\/\/buletin.de\/bucuresti\/wp-content\/uploads\/image-927-300x152.png 300w, https:\/\/buletin.de\/bucuresti\/wp-content\/uploads\/image-927-768x389.png 768w, https:\/\/buletin.de\/bucuresti\/wp-content\/uploads\/image-927-1060x537.png 1060w, https:\/\/buletin.de\/bucuresti\/wp-content\/uploads\/image-927-550x278.png 550w, https:\/\/buletin.de\/bucuresti\/wp-content\/uploads\/image-927-988x500.png 988w, https:\/\/buletin.de\/bucuresti\/wp-content\/uploads\/image-927-600x304.png 600w, https:\/\/buletin.de\/bucuresti\/wp-content\/uploads\/image-927.png 1529w\" sizes=\"(max-width: 900px) 100vw, 900px\" \/><figcaption>Blocul din Cluj unde are sediu GSC Medical Europe, al\u0103turi de alte 21 de firme.<\/figcaption><\/figure><\/div>\n\n\n\n<p>Conducerea GSC sus\u021bine c\u0103 a decis s\u0103 preia ac\u021biunile de la o firm\u0103 deja \u00eenfiin\u021bat\u0103 deoarece restric\u021biile impuse de pandemie au \u00eengreunat c\u0103l\u0103toriile interna\u021bionale, iar procesul de a \u00eencepe o firm\u0103 nou\u0103 de la distan\u021b\u0103 este mai dificil. \u201e<em>Unul dintre partenerii no\u0219tri din Germania de\u021bine o companie \u00een Rom\u00e2nia \u0219i ne-au solicitat s\u0103 le al\u0103tur\u0103m cu know-how-ul nostru. Sunt \u00eenregistra\u021bi la Cluj, a\u0219a c\u0103 cel mai simplu mod pentru noi a fost s\u0103 deschidem compania \u00een acela\u0219i ora\u0219.<\/em>\u201d C\u00e2nd situa\u021bia se va \u00eentoarce la normal, GSC pl\u0103nuie\u0219te s\u0103 vin\u0103 \u00een Rom\u00e2nia \u0219i s\u0103 caute un birou pentru angaja\u021bii s\u0103i.&nbsp;<\/p>\n\n\n\n<p>Pe l\u00e2ng\u0103 societatea elve\u021bian\u0103, filiala GSC din Rom\u00e2nia mai are un patron \u00een umbr\u0103: Intercloud Investment SRL, o firm\u0103 din Cluj care de\u021bine 50% dintre ac\u021biunile GSC Medical Europe. Are sediul \u00een acela\u0219i apartament de l\u00e2ng\u0103 gar\u0103 \u0219i se ocup\u0103 de consultan\u021b\u0103 \u00een management.<\/p>\n\n\n\n<blockquote class=\"wp-block-quote is-layout-flow wp-block-quote-is-layout-flow\"><p>\u201ePartenerii no\u0219tri Intercloud ne-au cerut s\u0103 le al\u0103tur\u0103m cu know-how-ul nostru pentru a fi mai competitivi pe diferite pie\u021be.\u201d <\/p><cite>GSC Consulting and Management<\/cite><\/blockquote>\n\n\n\n<p>Intercloud Investment, al\u0103turi de brokerul de petrol Mahmood Rashid Amur Al Habsi, de\u021bine \u0219i Nimr International SRL. Pe 13 august 2021, Departamentul Trezoreriei din<a href=\"https:\/\/home.treasury.gov\/news\/press-releases\/jy0320\"> SUA l-a acuzat pe Al Habsi<\/a> c\u0103 ar fi fost implicat \u00eentr-o re\u021bea interna\u021bional\u0103 de contraband\u0103 cu petrol care sus\u021bine G\u0103rzile Revolu\u021bionare din Iran, o grupare militar\u0103 controlat\u0103 de guvernul de la Teheran.<\/p>\n\n\n\n<p>Companiile lui Al Habsi, printre care \u0219i cea din Cluj, ar fi transportat m\u0103rfuri \u00een valoare de zeci de milioane de dolari, se arat\u0103 \u00een comunicat. \u201e<em>Al Habsi a manipulat sistemele de identificare automat\u0103 care sunt la bordul navelor, a falsificat documente de transport maritim \u0219i a pl\u0103tit mit\u0103, elud\u00e2nd restric\u021biile legate de Iran.<\/em>\u201d<\/p>\n\n\n\n<p>Roberto Spano sus\u021bine c\u0103 nu l-a \u00eent\u00e2lnit niciodat\u0103 pe Al Habsi \u0219i c\u0103 nu cunoa\u0219te toate firmele cu care Intercloud colaboreaz\u0103.<\/p>\n\n\n\n<p>Firma partener\u0103 de afaceri al firmei elve\u021biene care de\u021bine filiala din Rom\u00e2nia, Intercloud Investment, este la r\u00e2ndul ei de\u021binut\u0103 de un SRL \u0219i de un offshore care \u00eempart acela\u0219i nume: Connex Corporate SRL \u0219i Connex Holding LTD. Pe l\u00e2ng\u0103 asta, \u00een ac\u021bionariat mai apare \u0219i un cet\u0103\u021bean german , Kleer Uwe Edgar. <\/p>\n\n\n\n<div class=\"wp-block-image\"><figure class=\"aligncenter size-large is-resized\"><img decoding=\"async\" src=\"data:image\/gif;base64,R0lGODlhAQABAAAAACH5BAEKAAEALAAAAAABAAEAAAICTAEAOw==\" data-src=\"https:\/\/buletin.de\/bucuresti\/wp-content\/uploads\/BdB_Presstart-900x513.png\" alt=\"\" class=\"wp-image-32849 lazyload\" width=\"900\" height=\"513\" data-sizes=\"auto\" data-srcset=\"https:\/\/buletin.de\/bucuresti\/wp-content\/uploads\/BdB_Presstart-900x513.png 900w, https:\/\/buletin.de\/bucuresti\/wp-content\/uploads\/BdB_Presstart-300x171.png 300w, https:\/\/buletin.de\/bucuresti\/wp-content\/uploads\/BdB_Presstart-768x438.png 768w, https:\/\/buletin.de\/bucuresti\/wp-content\/uploads\/BdB_Presstart-1060x604.png 1060w, https:\/\/buletin.de\/bucuresti\/wp-content\/uploads\/BdB_Presstart-550x314.png 550w, https:\/\/buletin.de\/bucuresti\/wp-content\/uploads\/BdB_Presstart-877x500.png 877w, https:\/\/buletin.de\/bucuresti\/wp-content\/uploads\/BdB_Presstart-600x342.png 600w, https:\/\/buletin.de\/bucuresti\/wp-content\/uploads\/BdB_Presstart.png 1103w\" sizes=\"(max-width: 900px) 100vw, 900px\" \/><\/figure><\/div>\n\n\n\n<p><\/p>\n\n\n\n<h2 class=\"wp-block-heading\"><strong>Firma din Elve\u021bia, obligat\u0103 de instan\u021b\u0103 s\u0103 returneze avansul<\/strong><\/h2>\n\n\n\n<p>Tribunalul Bucure\u0219ti oblig\u0103 GSC Consulting and Management s\u0103 returneze statulului rom\u00e2n avansul de 1.9 milioane de EURO. \u00cen plus, societatea va trebui s\u0103 restituie dob\u00e2nzi \u015fi penalit\u0103\u0163i de 0,03% pe zi, de la data acord\u0103rii avansului, respectiv 02.04.2020, \u015fi p\u00e2n\u0103 la data restituirii efective.<\/p>\n\n\n\n<p>Curtea de Apel a respins apelul companiei elve\u021biene ca nefondat. Prima sentin\u021b\u0103 este definitiv\u0103. GSC a transmis c\u0103 va returna avansul.<\/p>\n\n\n\n<h2 class=\"wp-block-heading\">&nbsp;<strong>Finan\u021bare european\u0103 pierdut\u0103<\/strong><\/h2>\n\n\n\n<p>Pentru a evita escaladarea situa\u021biei de urgen\u021b\u0103 generat\u0103 de virusul Sars-CoV-2, Comisia European\u0103 a propus Rom\u00e2niei alocarea unei finan\u021b\u0103ri \u00een valoare de 10 milioane de EURO pentru m\u0103\u0219ti de protec\u021bie \u0219i ventilatoare pentru terapia intensiv\u0103. \u201e<em>Acestea urmeaz\u0103 a fi achizi\u021bionate de autorit\u0103\u021bile rom\u00e2ne responsabile, \u00een regim de urgen\u021b\u0103, \u00een func\u021bie de ofertele disponibile pe pia\u021ba interna\u021bional\u0103 \u0219i depozitate, prin grija Inspectoratului General pentru Situa\u021bii de Urgen\u021b\u0103 \u00een depozitele proprii<\/em>\u201d,<a href=\"https:\/\/www.facebook.com\/permalink.php?story_fbid=1686723078156023&amp;id=392141704280840\"> anun\u021ba, <\/a>anul trecut, Departamentul pentru Situa\u021bii de Urgen\u021b\u0103.<\/p>\n\n\n\n<p><a href=\"https:\/\/e-licitatie.ro\/pub\/notices\/ca-notices\/view-c\/100133567\">Achizi\u021biile <\/a>erau finan\u021bate din bani europeni, prin proiectul RescEU. Banii nu au mai fost \u00eens\u0103 deconta\u021bi din proiect dup\u0103 ce statul rom\u00e2n a r\u0103mas cu buza umflat\u0103. Astfel, avansul de 1.9 milioane de EURO a fost, de fapt, pl\u0103tit din bani de la bugetul de stat.&nbsp;<\/p>\n\n\n\n<p><\/p>\n\n\n\n<p><strong>Not\u0103.<\/strong> Ulterior public\u0103rii articolului, reprezentatul firmei GSC Consulting and Management ne-a transmis c\u0103 avansul de 1.9 milioane de EURO a fost \u00eenapoiat autorit\u0103\u021bilor rom\u00e2ne \u0219i ne-a solicitat \u0219tergerea articolului pe motiv c\u0103 subiectul nu este de actualitate. \u00cen caz contrar, firma sus\u021bine c\u0103 va da Buletin de Bucure\u0219ti \u00een judecat\u0103.<\/p>\n\n\n\n<p><\/p>\n\n\n\n<p>Surs\u0103 cover foto: Inquam Photos \/&nbsp;<a href=\"https:\/\/inquamphotos.com\/users\/georgecalin\">George&nbsp;C\u0103lin<\/a> \u0219i aeonmed.com<\/p>\n\n\n\n<p>Grafic\u0103: Cosmin Pojoranu<\/p>\n\n\n\n<p><\/p>\n\n\n\n<figure class=\"wp-block-image size-large\"><a href=\"https:\/\/www.pressstart.org\/\"><img loading=\"lazy\" decoding=\"async\" width=\"900\" height=\"221\" src=\"data:image\/gif;base64,R0lGODlhAQABAAAAACH5BAEKAAEALAAAAAABAAEAAAICTAEAOw==\" data-src=\"https:\/\/buletin.de\/bucuresti\/wp-content\/uploads\/PressStart_colour_tagline-900x221.png\" alt=\"\" class=\"wp-image-32845 lazyload\" data-sizes=\"auto\" data-srcset=\"https:\/\/buletin.de\/bucuresti\/wp-content\/uploads\/PressStart_colour_tagline-900x221.png 900w, https:\/\/buletin.de\/bucuresti\/wp-content\/uploads\/PressStart_colour_tagline-300x74.png 300w, https:\/\/buletin.de\/bucuresti\/wp-content\/uploads\/PressStart_colour_tagline-768x189.png 768w, https:\/\/buletin.de\/bucuresti\/wp-content\/uploads\/PressStart_colour_tagline-1060x260.png 1060w, https:\/\/buletin.de\/bucuresti\/wp-content\/uploads\/PressStart_colour_tagline-550x135.png 550w, https:\/\/buletin.de\/bucuresti\/wp-content\/uploads\/PressStart_colour_tagline-600x147.png 600w, https:\/\/buletin.de\/bucuresti\/wp-content\/uploads\/PressStart_colour_tagline.png 1400w\" sizes=\"(max-width: 900px) 100vw, 900px\" \/><\/a><\/figure>\n\n\n\n<p><\/p>\n","protected":false},"excerpt":{"rendered":"<p>O firma elve\u021bian\u0103 \u0219i un furnizor chinez au dat o \u021beap\u0103 de 1.9 milioane de EURO statului rom\u00e2n dup\u0103 ce i-au promis 150 de ventilatoare pentru bolnavii de Covid \u0219i nu au mai livrat niciunul. Se \u00eent\u00e2mpla \u00een mijlocul st\u0103rii de urgen\u021b\u0103, \u00een aprilie anul trecut, c\u00e2nd autorit\u0103\u021bile de la Bucure\u0219ti relaxau condi\u021biile pentru achizi\u021bii. [&hellip;]<\/p>\n","protected":false},"author":28,"featured_media":32805,"comment_status":"closed","ping_status":"open","sticky":false,"template":"","format":"standard","meta":{"_acf_changed":false,"inline_featured_image":false,"ngg_post_thumbnail":0,"footnotes":""},"categories":[996,169,4],"tags":[234,643,3349,3347,660,3348,3346],"ppma_author":[22599],"class_list":["post-32796","post","type-post","status-publish","format-standard","has-post-thumbnail","hentry","category-covid-19","category-reportaj","category-sanatate","tag-achizitii-publice","tag-covid19","tag-gsc-consulting","tag-igsu","tag-stare-de-urgenta","tag-teapa","tag-ventilatoare"],"acf":[],"yoast_head":"<!-- This site is optimized with the Yoast SEO Premium plugin v25.3 (Yoast SEO v27.4) - https:\/\/yoast.com\/product\/yoast-seo-premium-wordpress\/ -->\n<title>\u021aeapa elve\u021bian\u0103. Dedesubturile unei afaceri care a l\u0103sat statul rom\u00e2n \u0219i f\u0103r\u0103 dou\u0103 milioane de EURO, \u0219i f\u0103r\u0103 ventilatoare medicale - Buletin de Bucure\u0219ti<\/title>\n<meta name=\"robots\" content=\"index, follow, max-snippet:-1, max-image-preview:large, max-video-preview:-1\" \/>\n<link rel=\"canonical\" href=\"https:\/\/buletin.de\/bucuresti\/teapa-elvetiana-dedesubturile-unei-afaceri-care-a-lasat-statul-roman-si-fara-doua-milioane-de-euro-si-fara-ventilatoare-medicale\/\" \/>\n<meta property=\"og:locale\" content=\"en_GB\" \/>\n<meta property=\"og:type\" content=\"article\" \/>\n<meta property=\"og:title\" content=\"\u021aeapa elve\u021bian\u0103. Dedesubturile unei afaceri care a l\u0103sat statul rom\u00e2n \u0219i f\u0103r\u0103 dou\u0103 milioane de EURO, \u0219i f\u0103r\u0103 ventilatoare medicale\" \/>\n<meta property=\"og:description\" content=\"O firma elve\u021bian\u0103 \u0219i un furnizor chinez au dat o \u021beap\u0103 de 1.9 milioane de EURO statului rom\u00e2n dup\u0103 ce i-au promis 150 de ventilatoare pentru bolnavii de Covid \u0219i nu au mai livrat niciunul. Se \u00eent\u00e2mpla \u00een mijlocul st\u0103rii de urgen\u021b\u0103, \u00een aprilie anul trecut, c\u00e2nd autorit\u0103\u021bile de la Bucure\u0219ti relaxau condi\u021biile pentru achizi\u021bii. [&hellip;]\" \/>\n<meta property=\"og:url\" content=\"https:\/\/buletin.de\/bucuresti\/teapa-elvetiana-dedesubturile-unei-afaceri-care-a-lasat-statul-roman-si-fara-doua-milioane-de-euro-si-fara-ventilatoare-medicale\/\" \/>\n<meta property=\"og:site_name\" content=\"Buletin de Bucure\u0219ti\" \/>\n<meta property=\"article:publisher\" content=\"https:\/\/www.facebook.com\/buletin.de.buc\" \/>\n<meta property=\"article:published_time\" content=\"2021-10-20T13:15:32+00:00\" \/>\n<meta property=\"article:modified_time\" content=\"2021-11-04T14:27:16+00:00\" \/>\n<meta property=\"og:image\" content=\"https:\/\/buletin.de\/bucuresti\/wp-content\/uploads\/Presstart-cover-GSC.png\" \/>\n\t<meta property=\"og:image:width\" content=\"1920\" \/>\n\t<meta property=\"og:image:height\" content=\"1080\" \/>\n\t<meta property=\"og:image:type\" content=\"image\/png\" \/>\n<meta name=\"author\" content=\"Oana Despa \u0219i Bianca Albu\" \/>\n<meta name=\"twitter:card\" content=\"summary_large_image\" \/>\n<meta name=\"twitter:label1\" content=\"Written by\" \/>\n\t<meta name=\"twitter:data1\" content=\"Oana Despa \u0219i Bianca Albu\" \/>\n\t<meta name=\"twitter:label2\" content=\"Estimated reading time\" \/>\n\t<meta name=\"twitter:data2\" content=\"9 minutes\" \/>\n<script type=\"application\/ld+json\" class=\"yoast-schema-graph\">{\"@context\":\"https:\\\/\\\/schema.org\",\"@graph\":[{\"@type\":\"Article\",\"@id\":\"https:\\\/\\\/buletin.de\\\/bucuresti\\\/teapa-elvetiana-dedesubturile-unei-afaceri-care-a-lasat-statul-roman-si-fara-doua-milioane-de-euro-si-fara-ventilatoare-medicale\\\/#article\",\"isPartOf\":{\"@id\":\"https:\\\/\\\/buletin.de\\\/bucuresti\\\/teapa-elvetiana-dedesubturile-unei-afaceri-care-a-lasat-statul-roman-si-fara-doua-milioane-de-euro-si-fara-ventilatoare-medicale\\\/\"},\"author\":{\"name\":\"Oana Despa \u0219i Bianca Albu\",\"@id\":\"https:\\\/\\\/buletin.de\\\/bucuresti\\\/#\\\/schema\\\/person\\\/ebc2a92928152e1590c33daf36d55226\"},\"headline\":\"\u021aeapa elve\u021bian\u0103. Dedesubturile unei afaceri care a l\u0103sat statul rom\u00e2n \u0219i f\u0103r\u0103 dou\u0103 milioane de EURO, \u0219i f\u0103r\u0103 ventilatoare medicale\",\"datePublished\":\"2021-10-20T13:15:32+00:00\",\"dateModified\":\"2021-11-04T14:27:16+00:00\",\"mainEntityOfPage\":{\"@id\":\"https:\\\/\\\/buletin.de\\\/bucuresti\\\/teapa-elvetiana-dedesubturile-unei-afaceri-care-a-lasat-statul-roman-si-fara-doua-milioane-de-euro-si-fara-ventilatoare-medicale\\\/\"},\"wordCount\":1977,\"publisher\":{\"@id\":\"https:\\\/\\\/buletin.de\\\/bucuresti\\\/#organization\"},\"image\":{\"@id\":\"https:\\\/\\\/buletin.de\\\/bucuresti\\\/teapa-elvetiana-dedesubturile-unei-afaceri-care-a-lasat-statul-roman-si-fara-doua-milioane-de-euro-si-fara-ventilatoare-medicale\\\/#primaryimage\"},\"thumbnailUrl\":\"https:\\\/\\\/buletin.de\\\/bucuresti\\\/wp-content\\\/uploads\\\/Presstart-cover-GSC.png\",\"keywords\":[\"achizitii publice\",\"covid19\",\"gsc consulting\",\"igsu\",\"stare de urgenta\",\"teapa\",\"ventilatoare\"],\"articleSection\":[\"Covid-19\",\"Reportaj\",\"S\u0103n\u0103tate\"],\"inLanguage\":\"en-GB\",\"copyrightYear\":\"2021\",\"copyrightHolder\":{\"@id\":\"https:\\\/\\\/buletin.de\\\/bucuresti\\\/#organization\"}},{\"@type\":\"WebPage\",\"@id\":\"https:\\\/\\\/buletin.de\\\/bucuresti\\\/teapa-elvetiana-dedesubturile-unei-afaceri-care-a-lasat-statul-roman-si-fara-doua-milioane-de-euro-si-fara-ventilatoare-medicale\\\/\",\"url\":\"https:\\\/\\\/buletin.de\\\/bucuresti\\\/teapa-elvetiana-dedesubturile-unei-afaceri-care-a-lasat-statul-roman-si-fara-doua-milioane-de-euro-si-fara-ventilatoare-medicale\\\/\",\"name\":\"\u021aeapa elve\u021bian\u0103. Dedesubturile unei afaceri care a l\u0103sat statul rom\u00e2n \u0219i f\u0103r\u0103 dou\u0103 milioane de EURO, \u0219i f\u0103r\u0103 ventilatoare medicale - Buletin de Bucure\u0219ti\",\"isPartOf\":{\"@id\":\"https:\\\/\\\/buletin.de\\\/bucuresti\\\/#website\"},\"primaryImageOfPage\":{\"@id\":\"https:\\\/\\\/buletin.de\\\/bucuresti\\\/teapa-elvetiana-dedesubturile-unei-afaceri-care-a-lasat-statul-roman-si-fara-doua-milioane-de-euro-si-fara-ventilatoare-medicale\\\/#primaryimage\"},\"image\":{\"@id\":\"https:\\\/\\\/buletin.de\\\/bucuresti\\\/teapa-elvetiana-dedesubturile-unei-afaceri-care-a-lasat-statul-roman-si-fara-doua-milioane-de-euro-si-fara-ventilatoare-medicale\\\/#primaryimage\"},\"thumbnailUrl\":\"https:\\\/\\\/buletin.de\\\/bucuresti\\\/wp-content\\\/uploads\\\/Presstart-cover-GSC.png\",\"datePublished\":\"2021-10-20T13:15:32+00:00\",\"dateModified\":\"2021-11-04T14:27:16+00:00\",\"breadcrumb\":{\"@id\":\"https:\\\/\\\/buletin.de\\\/bucuresti\\\/teapa-elvetiana-dedesubturile-unei-afaceri-care-a-lasat-statul-roman-si-fara-doua-milioane-de-euro-si-fara-ventilatoare-medicale\\\/#breadcrumb\"},\"inLanguage\":\"en-GB\",\"potentialAction\":[{\"@type\":\"ReadAction\",\"target\":[\"https:\\\/\\\/buletin.de\\\/bucuresti\\\/teapa-elvetiana-dedesubturile-unei-afaceri-care-a-lasat-statul-roman-si-fara-doua-milioane-de-euro-si-fara-ventilatoare-medicale\\\/\"]}]},{\"@type\":\"ImageObject\",\"inLanguage\":\"en-GB\",\"@id\":\"https:\\\/\\\/buletin.de\\\/bucuresti\\\/teapa-elvetiana-dedesubturile-unei-afaceri-care-a-lasat-statul-roman-si-fara-doua-milioane-de-euro-si-fara-ventilatoare-medicale\\\/#primaryimage\",\"url\":\"https:\\\/\\\/buletin.de\\\/bucuresti\\\/wp-content\\\/uploads\\\/Presstart-cover-GSC.png\",\"contentUrl\":\"https:\\\/\\\/buletin.de\\\/bucuresti\\\/wp-content\\\/uploads\\\/Presstart-cover-GSC.png\",\"width\":1920,\"height\":1080},{\"@type\":\"BreadcrumbList\",\"@id\":\"https:\\\/\\\/buletin.de\\\/bucuresti\\\/teapa-elvetiana-dedesubturile-unei-afaceri-care-a-lasat-statul-roman-si-fara-doua-milioane-de-euro-si-fara-ventilatoare-medicale\\\/#breadcrumb\",\"itemListElement\":[{\"@type\":\"ListItem\",\"position\":1,\"name\":\"Acas\u0103\",\"item\":\"https:\\\/\\\/buletin.de\\\/bucuresti\\\/\"},{\"@type\":\"ListItem\",\"position\":2,\"name\":\"\u021aeapa elve\u021bian\u0103. Dedesubturile unei afaceri care a l\u0103sat statul rom\u00e2n \u0219i f\u0103r\u0103 dou\u0103 milioane de EURO, \u0219i f\u0103r\u0103 ventilatoare medicale\"}]},{\"@type\":\"WebSite\",\"@id\":\"https:\\\/\\\/buletin.de\\\/bucuresti\\\/#website\",\"url\":\"https:\\\/\\\/buletin.de\\\/bucuresti\\\/\",\"name\":\"Buletin de Bucure\u0219ti\",\"description\":\"\u0218tiri \u0219i investiga\u021bii esen\u021biale din capital\u0103\",\"publisher\":{\"@id\":\"https:\\\/\\\/buletin.de\\\/bucuresti\\\/#organization\"},\"potentialAction\":[{\"@type\":\"SearchAction\",\"target\":{\"@type\":\"EntryPoint\",\"urlTemplate\":\"https:\\\/\\\/buletin.de\\\/bucuresti\\\/?s={search_term_string}\"},\"query-input\":{\"@type\":\"PropertyValueSpecification\",\"valueRequired\":true,\"valueName\":\"search_term_string\"}}],\"inLanguage\":\"en-GB\"},{\"@type\":\"Organization\",\"@id\":\"https:\\\/\\\/buletin.de\\\/bucuresti\\\/#organization\",\"name\":\"Buletin de Bucure\u0219ti\",\"url\":\"https:\\\/\\\/buletin.de\\\/bucuresti\\\/\",\"logo\":{\"@type\":\"ImageObject\",\"inLanguage\":\"en-GB\",\"@id\":\"https:\\\/\\\/buletin.de\\\/bucuresti\\\/#\\\/schema\\\/logo\\\/image\\\/\",\"url\":\"https:\\\/\\\/buletin.de\\\/bucuresti\\\/wp-content\\\/uploads\\\/logo-bdb-full-wide-vernil-transparent.png\",\"contentUrl\":\"https:\\\/\\\/buletin.de\\\/bucuresti\\\/wp-content\\\/uploads\\\/logo-bdb-full-wide-vernil-transparent.png\",\"width\":1782,\"height\":626,\"caption\":\"Buletin de Bucure\u0219ti\"},\"image\":{\"@id\":\"https:\\\/\\\/buletin.de\\\/bucuresti\\\/#\\\/schema\\\/logo\\\/image\\\/\"},\"sameAs\":[\"https:\\\/\\\/www.facebook.com\\\/buletin.de.buc\",\"https:\\\/\\\/www.instagram.com\\\/buletinde.bucuresti\\\/\"]},{\"@type\":\"Person\",\"@id\":\"https:\\\/\\\/buletin.de\\\/bucuresti\\\/#\\\/schema\\\/person\\\/ebc2a92928152e1590c33daf36d55226\",\"name\":\"Oana Despa \u0219i Bianca Albu\",\"image\":{\"@type\":\"ImageObject\",\"inLanguage\":\"en-GB\",\"@id\":\"https:\\\/\\\/secure.gravatar.com\\\/avatar\\\/1d681e621ed3fdb9a52cb4550974c8ab518f517acaf2aba481ac698e5a15c2b5?s=96&d=monsterid&r=ge6f55eee621182fbbaa817081965365f\",\"url\":\"https:\\\/\\\/secure.gravatar.com\\\/avatar\\\/1d681e621ed3fdb9a52cb4550974c8ab518f517acaf2aba481ac698e5a15c2b5?s=96&d=monsterid&r=g\",\"contentUrl\":\"https:\\\/\\\/secure.gravatar.com\\\/avatar\\\/1d681e621ed3fdb9a52cb4550974c8ab518f517acaf2aba481ac698e5a15c2b5?s=96&d=monsterid&r=g\",\"caption\":\"Oana Despa \u0219i Bianca Albu\"},\"url\":\"https:\\\/\\\/buletin.de\\\/bucuresti\\\/author\\\/biancadespa\\\/\"}]}<\/script>\n<!-- \/ Yoast SEO Premium plugin. -->","yoast_head_json":{"title":"\u021aeapa elve\u021bian\u0103. Dedesubturile unei afaceri care a l\u0103sat statul rom\u00e2n \u0219i f\u0103r\u0103 dou\u0103 milioane de EURO, \u0219i f\u0103r\u0103 ventilatoare medicale - Buletin de Bucure\u0219ti","robots":{"index":"index","follow":"follow","max-snippet":"max-snippet:-1","max-image-preview":"max-image-preview:large","max-video-preview":"max-video-preview:-1"},"canonical":"https:\/\/buletin.de\/bucuresti\/teapa-elvetiana-dedesubturile-unei-afaceri-care-a-lasat-statul-roman-si-fara-doua-milioane-de-euro-si-fara-ventilatoare-medicale\/","og_locale":"en_GB","og_type":"article","og_title":"\u021aeapa elve\u021bian\u0103. Dedesubturile unei afaceri care a l\u0103sat statul rom\u00e2n \u0219i f\u0103r\u0103 dou\u0103 milioane de EURO, \u0219i f\u0103r\u0103 ventilatoare medicale","og_description":"O firma elve\u021bian\u0103 \u0219i un furnizor chinez au dat o \u021beap\u0103 de 1.9 milioane de EURO statului rom\u00e2n dup\u0103 ce i-au promis 150 de ventilatoare pentru bolnavii de Covid \u0219i nu au mai livrat niciunul. Se \u00eent\u00e2mpla \u00een mijlocul st\u0103rii de urgen\u021b\u0103, \u00een aprilie anul trecut, c\u00e2nd autorit\u0103\u021bile de la Bucure\u0219ti relaxau condi\u021biile pentru achizi\u021bii. [&hellip;]","og_url":"https:\/\/buletin.de\/bucuresti\/teapa-elvetiana-dedesubturile-unei-afaceri-care-a-lasat-statul-roman-si-fara-doua-milioane-de-euro-si-fara-ventilatoare-medicale\/","og_site_name":"Buletin de Bucure\u0219ti","article_publisher":"https:\/\/www.facebook.com\/buletin.de.buc","article_published_time":"2021-10-20T13:15:32+00:00","article_modified_time":"2021-11-04T14:27:16+00:00","og_image":[{"width":1920,"height":1080,"url":"https:\/\/buletin.de\/bucuresti\/wp-content\/uploads\/Presstart-cover-GSC.png","type":"image\/png"}],"author":"Oana Despa \u0219i Bianca Albu","twitter_card":"summary_large_image","twitter_misc":{"Written by":"Oana Despa \u0219i Bianca Albu","Estimated reading time":"9 minutes"},"schema":{"@context":"https:\/\/schema.org","@graph":[{"@type":"Article","@id":"https:\/\/buletin.de\/bucuresti\/teapa-elvetiana-dedesubturile-unei-afaceri-care-a-lasat-statul-roman-si-fara-doua-milioane-de-euro-si-fara-ventilatoare-medicale\/#article","isPartOf":{"@id":"https:\/\/buletin.de\/bucuresti\/teapa-elvetiana-dedesubturile-unei-afaceri-care-a-lasat-statul-roman-si-fara-doua-milioane-de-euro-si-fara-ventilatoare-medicale\/"},"author":{"name":"Oana Despa \u0219i Bianca Albu","@id":"https:\/\/buletin.de\/bucuresti\/#\/schema\/person\/ebc2a92928152e1590c33daf36d55226"},"headline":"\u021aeapa elve\u021bian\u0103. Dedesubturile unei afaceri care a l\u0103sat statul rom\u00e2n \u0219i f\u0103r\u0103 dou\u0103 milioane de EURO, \u0219i f\u0103r\u0103 ventilatoare medicale","datePublished":"2021-10-20T13:15:32+00:00","dateModified":"2021-11-04T14:27:16+00:00","mainEntityOfPage":{"@id":"https:\/\/buletin.de\/bucuresti\/teapa-elvetiana-dedesubturile-unei-afaceri-care-a-lasat-statul-roman-si-fara-doua-milioane-de-euro-si-fara-ventilatoare-medicale\/"},"wordCount":1977,"publisher":{"@id":"https:\/\/buletin.de\/bucuresti\/#organization"},"image":{"@id":"https:\/\/buletin.de\/bucuresti\/teapa-elvetiana-dedesubturile-unei-afaceri-care-a-lasat-statul-roman-si-fara-doua-milioane-de-euro-si-fara-ventilatoare-medicale\/#primaryimage"},"thumbnailUrl":"https:\/\/buletin.de\/bucuresti\/wp-content\/uploads\/Presstart-cover-GSC.png","keywords":["achizitii publice","covid19","gsc consulting","igsu","stare de urgenta","teapa","ventilatoare"],"articleSection":["Covid-19","Reportaj","S\u0103n\u0103tate"],"inLanguage":"en-GB","copyrightYear":"2021","copyrightHolder":{"@id":"https:\/\/buletin.de\/bucuresti\/#organization"}},{"@type":"WebPage","@id":"https:\/\/buletin.de\/bucuresti\/teapa-elvetiana-dedesubturile-unei-afaceri-care-a-lasat-statul-roman-si-fara-doua-milioane-de-euro-si-fara-ventilatoare-medicale\/","url":"https:\/\/buletin.de\/bucuresti\/teapa-elvetiana-dedesubturile-unei-afaceri-care-a-lasat-statul-roman-si-fara-doua-milioane-de-euro-si-fara-ventilatoare-medicale\/","name":"\u021aeapa elve\u021bian\u0103. Dedesubturile unei afaceri care a l\u0103sat statul rom\u00e2n \u0219i f\u0103r\u0103 dou\u0103 milioane de EURO, \u0219i f\u0103r\u0103 ventilatoare medicale - Buletin de Bucure\u0219ti","isPartOf":{"@id":"https:\/\/buletin.de\/bucuresti\/#website"},"primaryImageOfPage":{"@id":"https:\/\/buletin.de\/bucuresti\/teapa-elvetiana-dedesubturile-unei-afaceri-care-a-lasat-statul-roman-si-fara-doua-milioane-de-euro-si-fara-ventilatoare-medicale\/#primaryimage"},"image":{"@id":"https:\/\/buletin.de\/bucuresti\/teapa-elvetiana-dedesubturile-unei-afaceri-care-a-lasat-statul-roman-si-fara-doua-milioane-de-euro-si-fara-ventilatoare-medicale\/#primaryimage"},"thumbnailUrl":"https:\/\/buletin.de\/bucuresti\/wp-content\/uploads\/Presstart-cover-GSC.png","datePublished":"2021-10-20T13:15:32+00:00","dateModified":"2021-11-04T14:27:16+00:00","breadcrumb":{"@id":"https:\/\/buletin.de\/bucuresti\/teapa-elvetiana-dedesubturile-unei-afaceri-care-a-lasat-statul-roman-si-fara-doua-milioane-de-euro-si-fara-ventilatoare-medicale\/#breadcrumb"},"inLanguage":"en-GB","potentialAction":[{"@type":"ReadAction","target":["https:\/\/buletin.de\/bucuresti\/teapa-elvetiana-dedesubturile-unei-afaceri-care-a-lasat-statul-roman-si-fara-doua-milioane-de-euro-si-fara-ventilatoare-medicale\/"]}]},{"@type":"ImageObject","inLanguage":"en-GB","@id":"https:\/\/buletin.de\/bucuresti\/teapa-elvetiana-dedesubturile-unei-afaceri-care-a-lasat-statul-roman-si-fara-doua-milioane-de-euro-si-fara-ventilatoare-medicale\/#primaryimage","url":"https:\/\/buletin.de\/bucuresti\/wp-content\/uploads\/Presstart-cover-GSC.png","contentUrl":"https:\/\/buletin.de\/bucuresti\/wp-content\/uploads\/Presstart-cover-GSC.png","width":1920,"height":1080},{"@type":"BreadcrumbList","@id":"https:\/\/buletin.de\/bucuresti\/teapa-elvetiana-dedesubturile-unei-afaceri-care-a-lasat-statul-roman-si-fara-doua-milioane-de-euro-si-fara-ventilatoare-medicale\/#breadcrumb","itemListElement":[{"@type":"ListItem","position":1,"name":"Acas\u0103","item":"https:\/\/buletin.de\/bucuresti\/"},{"@type":"ListItem","position":2,"name":"\u021aeapa elve\u021bian\u0103. Dedesubturile unei afaceri care a l\u0103sat statul rom\u00e2n \u0219i f\u0103r\u0103 dou\u0103 milioane de EURO, \u0219i f\u0103r\u0103 ventilatoare medicale"}]},{"@type":"WebSite","@id":"https:\/\/buletin.de\/bucuresti\/#website","url":"https:\/\/buletin.de\/bucuresti\/","name":"Buletin de Bucure\u0219ti","description":"\u0218tiri \u0219i investiga\u021bii esen\u021biale din capital\u0103","publisher":{"@id":"https:\/\/buletin.de\/bucuresti\/#organization"},"potentialAction":[{"@type":"SearchAction","target":{"@type":"EntryPoint","urlTemplate":"https:\/\/buletin.de\/bucuresti\/?s={search_term_string}"},"query-input":{"@type":"PropertyValueSpecification","valueRequired":true,"valueName":"search_term_string"}}],"inLanguage":"en-GB"},{"@type":"Organization","@id":"https:\/\/buletin.de\/bucuresti\/#organization","name":"Buletin de Bucure\u0219ti","url":"https:\/\/buletin.de\/bucuresti\/","logo":{"@type":"ImageObject","inLanguage":"en-GB","@id":"https:\/\/buletin.de\/bucuresti\/#\/schema\/logo\/image\/","url":"https:\/\/buletin.de\/bucuresti\/wp-content\/uploads\/logo-bdb-full-wide-vernil-transparent.png","contentUrl":"https:\/\/buletin.de\/bucuresti\/wp-content\/uploads\/logo-bdb-full-wide-vernil-transparent.png","width":1782,"height":626,"caption":"Buletin de Bucure\u0219ti"},"image":{"@id":"https:\/\/buletin.de\/bucuresti\/#\/schema\/logo\/image\/"},"sameAs":["https:\/\/www.facebook.com\/buletin.de.buc","https:\/\/www.instagram.com\/buletinde.bucuresti\/"]},{"@type":"Person","@id":"https:\/\/buletin.de\/bucuresti\/#\/schema\/person\/ebc2a92928152e1590c33daf36d55226","name":"Oana Despa \u0219i Bianca Albu","image":{"@type":"ImageObject","inLanguage":"en-GB","@id":"https:\/\/secure.gravatar.com\/avatar\/1d681e621ed3fdb9a52cb4550974c8ab518f517acaf2aba481ac698e5a15c2b5?s=96&d=monsterid&r=ge6f55eee621182fbbaa817081965365f","url":"https:\/\/secure.gravatar.com\/avatar\/1d681e621ed3fdb9a52cb4550974c8ab518f517acaf2aba481ac698e5a15c2b5?s=96&d=monsterid&r=g","contentUrl":"https:\/\/secure.gravatar.com\/avatar\/1d681e621ed3fdb9a52cb4550974c8ab518f517acaf2aba481ac698e5a15c2b5?s=96&d=monsterid&r=g","caption":"Oana Despa \u0219i Bianca Albu"},"url":"https:\/\/buletin.de\/bucuresti\/author\/biancadespa\/"}]}},"authors":[{"term_id":22599,"user_id":28,"is_guest":0,"slug":"biancadespa","display_name":"Oana Despa \u0219i Bianca Albu","avatar_url":"https:\/\/secure.gravatar.com\/avatar\/1d681e621ed3fdb9a52cb4550974c8ab518f517acaf2aba481ac698e5a15c2b5?s=96&d=monsterid&r=g","0":null,"1":"","2":"","3":"","4":"","5":"","6":"","7":"","8":""}],"_links":{"self":[{"href":"https:\/\/buletin.de\/bucuresti\/wp-json\/wp\/v2\/posts\/32796","targetHints":{"allow":["GET"]}}],"collection":[{"href":"https:\/\/buletin.de\/bucuresti\/wp-json\/wp\/v2\/posts"}],"about":[{"href":"https:\/\/buletin.de\/bucuresti\/wp-json\/wp\/v2\/types\/post"}],"author":[{"embeddable":true,"href":"https:\/\/buletin.de\/bucuresti\/wp-json\/wp\/v2\/users\/28"}],"replies":[{"embeddable":true,"href":"https:\/\/buletin.de\/bucuresti\/wp-json\/wp\/v2\/comments?post=32796"}],"version-history":[{"count":14,"href":"https:\/\/buletin.de\/bucuresti\/wp-json\/wp\/v2\/posts\/32796\/revisions"}],"predecessor-version":[{"id":34000,"href":"https:\/\/buletin.de\/bucuresti\/wp-json\/wp\/v2\/posts\/32796\/revisions\/34000"}],"wp:featuredmedia":[{"embeddable":true,"href":"https:\/\/buletin.de\/bucuresti\/wp-json\/wp\/v2\/media\/32805"}],"wp:attachment":[{"href":"https:\/\/buletin.de\/bucuresti\/wp-json\/wp\/v2\/media?parent=32796"}],"wp:term":[{"taxonomy":"category","embeddable":true,"href":"https:\/\/buletin.de\/bucuresti\/wp-json\/wp\/v2\/categories?post=32796"},{"taxonomy":"post_tag","embeddable":true,"href":"https:\/\/buletin.de\/bucuresti\/wp-json\/wp\/v2\/tags?post=32796"},{"taxonomy":"author","embeddable":true,"href":"https:\/\/buletin.de\/bucuresti\/wp-json\/wp\/v2\/ppma_author?post=32796"}],"curies":[{"name":"wp","href":"https:\/\/api.w.org\/{rel}","templated":true}]}}