{"id":32729,"date":"2021-10-19T18:57:16","date_gmt":"2021-10-19T15:57:16","guid":{"rendered":"https:\/\/buletin.de\/bucuresti\/?p=32729"},"modified":"2021-10-19T19:05:08","modified_gmt":"2021-10-19T16:05:08","slug":"cum-regleaza-din-pix-autoritatile-rata-din-bucuresti-rata-reala-mai-mare-decat-cea-oficiala-calcul-facut-cu-informatiile-publice-ale-grupului-de-comunicare-strategica","status":"publish","type":"post","link":"https:\/\/buletin.de\/bucuresti\/cum-regleaza-din-pix-autoritatile-rata-din-bucuresti-rata-reala-mai-mare-decat-cea-oficiala-calcul-facut-cu-informatiile-publice-ale-grupului-de-comunicare-strategica\/","title":{"rendered":"Cum regleaz\u0103 din pix autorit\u0103\u021bile rata din Bucure\u0219ti. Rata real\u0103, mai mare dec\u00e2t cea oficial\u0103. Calcul f\u0103cut cu informa\u021biile publice ale Grupului de Comunicare Strategic\u00e3"},"content":{"rendered":"\n<p><strong>Rata inciden\u021bei \u00een Capitala a ajuns, ast\u0103zi, la 16.44, cu doar 0.02 mai mult ca ieri, de\u0219i num\u0103rul cazurilor este \u00een continu\u0103 cre\u0219tere. Ca s\u0103 ne convingem c\u0103 datele pe care ni le dau autorit\u0103\u021bile sunt cele reale, am simulat calculul inciden\u021bei, a\u0219a cum este el definit \u00een metodologia stabilit\u0103 prin Hot\u0103r\u00e2re de Guvern.  Folosind datele oficiale publicate zilnic de Grupul de Comunicare Strategic\u0103 \u0219i popula\u021bia folosit\u0103 \u00een calcul de autorit\u0103\u021bi am ob\u021binut o cu totul alt\u0103 valoare a inciden\u021bei &#8211; <span class=\"has-inline-color has-vivid-red-color\">16.71<\/span>. Vom explicita mai jos, cum am f\u0103cut calculul.<\/strong><\/p>\n\n\n\n<p><\/p>\n\n\n\n<h2 class=\"wp-block-heading\">METODOLOGIA<\/h2>\n\n\n\n<p>\u00cen <a href=\"https:\/\/lege5.ro\/Gratuit\/he2donbygq4a\/hotararea-nr-1090-2021-privind-prelungirea-starii-de-alerta-pe-teritoriul-romaniei-incepand-cu-data-de-10-octombrie-2021-precum-si-stabilirea-masurilor-care-se-aplica-pe-durata-acesteia-pentru-preveni\">Hot\u0103r\u00e2rea nr. 1090\/2021<\/a> privind prelungirea st\u0103rii de alert\u0103 pe teritoriul Rom\u00e2niei \u00eencep\u00e2nd cu data de 10 octombrie 2021, precum \u0219i stabilirea m\u0103surilor care se aplic\u0103 pe durata acesteia pentru prevenirea \u0219i combaterea efectelor pandemiei de COVID-19, la articolul 13 se expliciteaz\u0103 modul \u00een care se calculeaz\u0103 rata inciden\u021bei.<\/p>\n\n\n\n<p>Schematic, formula care se aplic\u0103 este num\u0103rul total de cazuri dintr-un interval de 14 zile (cuprins \u00eentre a 17-a zi \u0219i a 3-a zi anterioare datei de referin\u021b\u0103) impar\u021bit la num\u0103rul de locuitori \u0219i \u00eenmul\u021bit cu 1000. <\/p>\n\n\n\n<p><\/p>\n\n\n\n<p class=\"has-light-green-cyan-background-color has-background\"><strong> Art. 13<\/strong>  <strong>(1)<\/strong>&nbsp;Prin inciden\u021ba cumulat\u0103 la 14 zile se \u00een\u021belege inciden\u021ba cumulat\u0103 a cazurilor calculat\u0103 pe un interval de 14 zile, cuprins \u00eentre a 17-a zi \u0219i a 3-a zi, anterioare datei \u00een care aceasta se realizeaz\u0103, prin raportare la cifra reprezent\u00e2nd suma persoanelor cu domiciliul sau re\u0219edin\u021ba \u00een localitatea de referin\u021b\u0103, comunicat\u0103 comitetului jude\u021bean\/al municipiului Bucure\u0219ti pentru situa\u021bii de urgen\u021b\u0103 de c\u0103tre Direc\u021bia pentru Eviden\u021ba Persoanelor \u0219i Administrarea Bazelor de Date din cadrul Ministerului Afacerilor Interne, prin structurile teritoriale jude\u021bene, \u00een prima zi lucr\u0103toare a s\u0103pt\u0103m\u00e2nii, la ora 16,00. Cifra comunicat\u0103 de c\u0103tre Direc\u021bia pentru Eviden\u021ba Persoanelor \u0219i Administrarea Bazelor de Date, prin structurile teritoriale jude\u021bene, este utilizat\u0103 ca referin\u021b\u0103 pentru \u00eentreaga perioad\u0103 de timp p\u00e2n\u0103 la furnizarea unui nou set de date actualizate \u0219i se transmite \u0219i Serviciului de Telecomunica\u021bii Speciale. <\/p>\n\n\n\n<p><\/p>\n\n\n\n<h2 class=\"wp-block-heading\">PERIOADA LUATA \u00ceN CALCUL<\/h2>\n\n\n\n<p>Conform metodologiei de mai sus, pentru ziua de ast\u0103zi, 19 octombrie, se iau \u00een calcul 14 zile, \u00eencep\u00e2nd cu 2 octombrie, adic\u0103 perioada <strong>2-15 octombrie.<\/strong><\/p>\n\n\n\n<p><\/p>\n\n\n\n<h2 class=\"wp-block-heading\">NUMARUL TOTAL DE CAZURI IN 14 ZILE<\/h2>\n\n\n\n<p>Corespunz\u0103tor perioadei de calcul a\u0219a cum a fost ea definit\u0103 mai sus, am scos din comunic\u0103rile zilnice ale Grupului de Comunicare Strategic\u0103, num\u0103rul de <a href=\"https:\/\/stirioficiale.ro\/informatii\/buletin-de-presa-15-octombrie-2021-ora-13-00\">cazuri zilnice<\/a> raportate pentru Bucure\u0219ti.<\/p>\n\n\n\n<figure class=\"wp-block-table is-style-stripes\"><table><tbody><tr><td><strong>Data<\/strong><\/td><td><strong>Num\u0103r <br>de cazuri<\/strong><\/td><\/tr><tr><td>2.10<\/td><td>2538<\/td><\/tr><tr><td>3.10<\/td><td>2443<\/td><\/tr><tr><td>4.10<\/td><td>2269<\/td><\/tr><tr><td>5.10<\/td><td>2515<\/td><\/tr><tr><td>6.10<\/td><td>2445<\/td><\/tr><tr><td>7.10<\/td><td>2498<\/td><\/tr><tr><td>8.10<\/td><td>2665<\/td><\/tr><tr><td>9.10<\/td><td>2543<\/td><\/tr><tr><td>10.10<\/td><td>2818<\/td><\/tr><tr><td>11.10<\/td><td>2423<\/td><\/tr><tr><td>12.10<\/td><td>2380<\/td><\/tr><tr><td>13.10<\/td><td>3119<\/td><\/tr><tr><td>14.10<\/td><td>3082<\/td><\/tr><tr><td>15.10<\/td><td>3123<\/td><\/tr><tr><td>T<strong>OTAL CAZURI<\/strong><\/td><td><strong>36861<\/strong><br><\/td><\/tr><\/tbody><\/table><\/figure>\n\n\n\n<p><\/p>\n\n\n\n<p><\/p>\n\n\n\n<h2 class=\"wp-block-heading\">POPULATIA<\/h2>\n\n\n\n<p>Grupul de Comunicare Strategic\u0103 public\u0103 zilnic o situa\u021bia a inciden\u021bei COVID19 \u00een principalele ora\u0219e ale \u021b\u0103rii, comunicare \u00een care apare \u0219i popula\u021bia luat\u0103 \u00een calcul pentru rata inciden\u021bei.<\/p>\n\n\n\n<p>Pentru Capitala este luat\u0103 \u00een considerare o popula\u021bie de<strong> 2.205.227 locuitori.<\/strong><\/p>\n\n\n\n<figure class=\"wp-block-image size-full\"><img fetchpriority=\"high\" decoding=\"async\" width=\"755\" height=\"573\" src=\"data:image\/gif;base64,R0lGODlhAQABAAAAACH5BAEKAAEALAAAAAABAAEAAAICTAEAOw==\" data-src=\"https:\/\/buletin.de\/bucuresti\/wp-content\/uploads\/image-924.png\" alt=\"\" class=\"wp-image-32730 lazyload\" data-sizes=\"auto\" data-srcset=\"https:\/\/buletin.de\/bucuresti\/wp-content\/uploads\/image-924.png 755w, https:\/\/buletin.de\/bucuresti\/wp-content\/uploads\/image-924-300x228.png 300w, https:\/\/buletin.de\/bucuresti\/wp-content\/uploads\/image-924-550x417.png 550w, https:\/\/buletin.de\/bucuresti\/wp-content\/uploads\/image-924-659x500.png 659w, https:\/\/buletin.de\/bucuresti\/wp-content\/uploads\/image-924-600x455.png 600w\" sizes=\"(max-width: 755px) 100vw, 755px\" \/><figcaption>sursa Grupul de Comunicare Strategica<\/figcaption><\/figure>\n\n\n\n<h2 class=\"wp-block-heading\">RATA DE INCIDEN\u021a\u0102<\/h2>\n\n\n\n<p>Rata de inciden\u021b\u0103 la mia de locuitori, \u00een ultimele 14 zile se calculeaz\u00e4 simplu, matematic.<\/p>\n\n\n\n<p>Ri=Num\u0103r total de cazuri\/Popula\u021bie * 1000<\/p>\n\n\n\n<p>Folosind datele de mai sus, rata de inciden\u021b\u0103 \u00een Capital\u0103, ast\u0103zi 19 otombrie, este:<\/p>\n\n\n\n<p class=\"has-pale-pink-background-color has-background\"><strong>RiB=36.861\/ 2.205.227=16.71  <\/strong><\/p>\n\n\n\n<p><\/p>\n\n\n\n<h2 class=\"wp-block-heading\">CE SPUN AUTORIT\u0102\u021aILE<\/h2>\n\n\n\n<p>Conform <a href=\"https:\/\/stirioficiale.ro\/storage\/Anexa%20la%20HCNSU%203.pdf\">Hot\u0103r\u00e2rilor Comitetului Na\u021bional pentru pentru Situa\u021bii de Urgen\u021b\u0103<\/a>, (art. 71) rata de inciden\u021b\u0103 este calculat\u0103, zilnic, de DSP-uri. Din octombrie, prin <a href=\"https:\/\/lege5.ro\/Gratuit\/he2donbygq4a\/hotararea-nr-1090-2021-privind-prelungirea-starii-de-alerta-pe-teritoriul-romaniei-incepand-cu-data-de-10-octombrie-2021-precum-si-stabilirea-masurilor-care-se-aplica-pe-durata-acesteia-pentru-preveni\">HG 1090\/2021<\/a>, la decizia respectiv\u0103 a mai fost ad\u0103ugat un articol. Rata se calculeaz\u0103 \u0218I automat \u00een &#8220;corona-forms&#8221;, platforma care integreaz\u0103 toate informa\u021biile despre pandemie. <\/p>\n\n\n\n<p class=\"has-black-color has-light-green-cyan-background-color has-text-color has-background\"><strong>Art13 (3)<\/strong>Direc\u021biile de s\u0103n\u0103tate public\u0103 jude\u021bene, respectiv a municipiului Bucure\u0219ti calculeaz\u0103 zilnic, pentru fiecare localitate din zona de competen\u021b\u0103, inciden\u021ba cumulat\u0103 a cazurilor la 14 zile, astfel cum este calculat\u0103 potrivit dispozi\u021biilor&nbsp;<a target=\"_blank\" href=\"https:\/\/lege5.ro\/Gratuit\/he2donbygq4a\/hotararea-nr-1090-2021-privind-prelungirea-starii-de-alerta-pe-teritoriul-romaniei-incepand-cu-data-de-10-octombrie-2021-precum-si-stabilirea-masurilor-care-se-aplica-pe-durata-acesteia-pentru-preveni?pid=422611670&amp;d=2021-10-19#p-422611670\" rel=\"noreferrer noopener\">alin. (1)<\/a>, \u0219i prezint\u0103 comitetului jude\u021bean\/al municipiului Bucure\u0219ti pentru situa\u021bii de urgen\u021b\u0103 analiza rezultat\u0103 \u00een cel mult 24 de ore de la data constat\u0103rii atingerii limitelor stabilite \u00een prezenta hot\u0103r\u00e2re.<\/p>\n\n\n\n<p class=\"has-light-green-cyan-background-color has-background\"><strong>(4)<\/strong>&nbsp;Zilnic, pe baza rezultatelor testelor persoanelor nouconfirmate, gestionate \u00een aplica\u021bia &#8220;corona-forms&#8221;, Serviciul de Telecomunica\u021bii Speciale va prezenta automat, la ora 10,00, pe platforma &#8220;alerte.ms.ro&#8221;, rezultatul calculului ratei de inciden\u021b\u0103 conform formulei prev\u0103zute la&nbsp;<a target=\"_blank\" href=\"https:\/\/lege5.ro\/Gratuit\/he2donbygq4a\/hotararea-nr-1090-2021-privind-prelungirea-starii-de-alerta-pe-teritoriul-romaniei-incepand-cu-data-de-10-octombrie-2021-precum-si-stabilirea-masurilor-care-se-aplica-pe-durata-acesteia-pentru-preveni?pid=422611670&amp;d=2021-10-19#p-422611670\" rel=\"noreferrer noopener\">alin. (1)<\/a>.<\/p>\n\n\n\n<p><\/p>\n\n\n\n<p>Rata de inciden\u021b\u0103 comunicat\u0103 oficial, pe pagina de internet a DSP Bucure\u0219ti este, at\u0103zi, de 16.44.<\/p>\n\n\n\n<figure class=\"wp-block-image size-large is-resized\"><img decoding=\"async\" src=\"data:image\/gif;base64,R0lGODlhAQABAAAAACH5BAEKAAEALAAAAAABAAEAAAICTAEAOw==\" data-src=\"https:\/\/buletin.de\/bucuresti\/wp-content\/uploads\/image-925-900x549.png\" alt=\"\" class=\"wp-image-32733 lazyload\" width=\"840\" height=\"512\" data-sizes=\"auto\" data-srcset=\"https:\/\/buletin.de\/bucuresti\/wp-content\/uploads\/image-925-900x549.png 900w, https:\/\/buletin.de\/bucuresti\/wp-content\/uploads\/image-925-300x183.png 300w, https:\/\/buletin.de\/bucuresti\/wp-content\/uploads\/image-925-768x468.png 768w, https:\/\/buletin.de\/bucuresti\/wp-content\/uploads\/image-925-1060x647.png 1060w, https:\/\/buletin.de\/bucuresti\/wp-content\/uploads\/image-925-550x335.png 550w, https:\/\/buletin.de\/bucuresti\/wp-content\/uploads\/image-925-820x500.png 820w, https:\/\/buletin.de\/bucuresti\/wp-content\/uploads\/image-925-600x366.png 600w, https:\/\/buletin.de\/bucuresti\/wp-content\/uploads\/image-925.png 1287w\" sizes=\"(max-width: 840px) 100vw, 840px\" \/><figcaption>sursa DSP Bucuresti<\/figcaption><\/figure>\n\n\n\n<p>Am solicitat directorului DSP Bucure\u0219ti, Oana Niculescu, s\u0103 ne explice de ce apare aceast\u0103 diferen\u021b\u0103. Ne-a \u00eendrumat spre Ministerul S\u0103n\u0103t\u0103\u021bii deoarece, sus\u021bine aceasta, calculul se face direct \u00een platforma de raportare Coronaform, \u0219i nu se mai face de c\u0103tre DSP, de\u0219i la art. 13, alin. 3 se specific\u0103 explicit acest lucru. <\/p>\n\n\n\n<p> <em>Rata NU SE CALCULEAZA DE DSPMB. Se calculeaz\u0103 automat \u00een corona dup\u0103 ce se actualizeaz\u0103 datel<\/em>e, <em>\u00eentrebati la Ministerul S\u0103n\u0103t\u0103\u021bii, <\/em>a precizat dr. Oana Niculescu. <\/p>\n\n\n\n<p>La Ministerul S\u0103n\u0103t\u0103\u021bii am vorbit cu Oana Grigore, purt\u0103tor de cuv\u00e2nt, care are alt\u0103 variant\u0103. Calcul se face la Comitetul Municipal pentru Situa\u021bii de Urgen\u021b\u0103 Bucure\u0219ti.<\/p>\n\n\n\n<p>&#8220;<em>Nu Ministerul San\u0103t\u0103\u021bii calculeaz\u0103 rata inciden\u021bei. Ea se calculeaz\u0103 \u00een cadrul comitetelor jude\u021bene pentru situa\u021bii de urgen\u021b\u0103. Vorbi\u021bi la Prefectur\u0103, v\u0103 rog frumos.<\/em>&#8220;, a spus Oana Grigore.<\/p>\n\n\n\n<p>La Prefectura Bucure\u0219ti am trimis c\u00e2te un mesaj prefectului \u0219i purt\u0103torului de cuv\u00e2nt si am intrebat CINE calculeaza rata de incidenta. Purtatorul de cuvant ne-a transmis ca este in sarcina DSP acest lucru.<\/p>\n\n\n\n<p><\/p>\n\n\n\n<p><\/p>\n\n\n\n<p>A contribuit Florin R\u00e2\u0219teiu<\/p>\n","protected":false},"excerpt":{"rendered":"<p>Rata inciden\u021bei \u00een Capitala a ajuns, ast\u0103zi, la 16.44, cu doar 0.02 mai mult ca ieri, de\u0219i num\u0103rul cazurilor este \u00een continu\u0103 cre\u0219tere. Ca s\u0103 ne convingem c\u0103 datele pe care ni le dau autorit\u0103\u021bile sunt cele reale, am simulat calculul inciden\u021bei, a\u0219a cum este el definit \u00een metodologia stabilit\u0103 prin Hot\u0103r\u00e2re de Guvern. Folosind [&hellip;]<\/p>\n","protected":false},"author":18,"featured_media":32745,"comment_status":"closed","ping_status":"open","sticky":false,"template":"","format":"standard","meta":{"_acf_changed":false,"inline_featured_image":false,"ngg_post_thumbnail":0,"footnotes":""},"categories":[62],"tags":[],"ppma_author":[22579],"class_list":["post-32729","post","type-post","status-publish","format-standard","has-post-thumbnail","hentry","category-stiri"],"acf":[],"yoast_head":"<!-- This site is optimized with the Yoast SEO Premium plugin v25.3 (Yoast SEO v27.5) - https:\/\/yoast.com\/product\/yoast-seo-premium-wordpress\/ -->\n<title>Cum regleaz\u0103 din pix autorit\u0103\u021bile rata din Bucure\u0219ti. Rata real\u0103, mai mare dec\u00e2t cea oficial\u0103. Calcul f\u0103cut cu informa\u021biile publice ale Grupului de Comunicare Strategic\u00e3 - Buletin de Bucure\u0219ti<\/title>\n<meta name=\"robots\" content=\"index, follow, max-snippet:-1, max-image-preview:large, max-video-preview:-1\" \/>\n<link rel=\"canonical\" href=\"https:\/\/buletin.de\/bucuresti\/cum-regleaza-din-pix-autoritatile-rata-din-bucuresti-rata-reala-mai-mare-decat-cea-oficiala-calcul-facut-cu-informatiile-publice-ale-grupului-de-comunicare-strategica\/\" \/>\n<meta property=\"og:locale\" content=\"en_GB\" \/>\n<meta property=\"og:type\" content=\"article\" \/>\n<meta property=\"og:title\" content=\"Cum regleaz\u0103 din pix autorit\u0103\u021bile rata din Bucure\u0219ti. Rata real\u0103, mai mare dec\u00e2t cea oficial\u0103. Calcul f\u0103cut cu informa\u021biile publice ale Grupului de Comunicare Strategic\u00e3\" \/>\n<meta property=\"og:description\" content=\"Rata inciden\u021bei \u00een Capitala a ajuns, ast\u0103zi, la 16.44, cu doar 0.02 mai mult ca ieri, de\u0219i num\u0103rul cazurilor este \u00een continu\u0103 cre\u0219tere. Ca s\u0103 ne convingem c\u0103 datele pe care ni le dau autorit\u0103\u021bile sunt cele reale, am simulat calculul inciden\u021bei, a\u0219a cum este el definit \u00een metodologia stabilit\u0103 prin Hot\u0103r\u00e2re de Guvern. Folosind [&hellip;]\" \/>\n<meta property=\"og:url\" content=\"https:\/\/buletin.de\/bucuresti\/cum-regleaza-din-pix-autoritatile-rata-din-bucuresti-rata-reala-mai-mare-decat-cea-oficiala-calcul-facut-cu-informatiile-publice-ale-grupului-de-comunicare-strategica\/\" \/>\n<meta property=\"og:site_name\" content=\"Buletin de Bucure\u0219ti\" \/>\n<meta property=\"article:publisher\" content=\"https:\/\/www.facebook.com\/buletin.de.buc\" \/>\n<meta property=\"article:published_time\" content=\"2021-10-19T15:57:16+00:00\" \/>\n<meta property=\"article:modified_time\" content=\"2021-10-19T16:05:08+00:00\" \/>\n<meta property=\"og:image\" content=\"https:\/\/buletin.de\/bucuresti\/wp-content\/uploads\/michal-matlon-4ApmfdVo32Q-unsplash.jpg\" \/>\n\t<meta property=\"og:image:width\" content=\"2000\" \/>\n\t<meta property=\"og:image:height\" content=\"1331\" \/>\n\t<meta property=\"og:image:type\" content=\"image\/jpeg\" \/>\n<meta name=\"author\" content=\"Teodora Stroe\" \/>\n<meta name=\"twitter:card\" content=\"summary_large_image\" \/>\n<meta name=\"twitter:label1\" content=\"Written by\" \/>\n\t<meta name=\"twitter:data1\" content=\"Teodora Stroe\" \/>\n\t<meta name=\"twitter:label2\" content=\"Estimated reading time\" \/>\n\t<meta name=\"twitter:data2\" content=\"5 minutes\" \/>\n<script type=\"application\/ld+json\" class=\"yoast-schema-graph\">{\"@context\":\"https:\\\/\\\/schema.org\",\"@graph\":[{\"@type\":\"Article\",\"@id\":\"https:\\\/\\\/buletin.de\\\/bucuresti\\\/cum-regleaza-din-pix-autoritatile-rata-din-bucuresti-rata-reala-mai-mare-decat-cea-oficiala-calcul-facut-cu-informatiile-publice-ale-grupului-de-comunicare-strategica\\\/#article\",\"isPartOf\":{\"@id\":\"https:\\\/\\\/buletin.de\\\/bucuresti\\\/cum-regleaza-din-pix-autoritatile-rata-din-bucuresti-rata-reala-mai-mare-decat-cea-oficiala-calcul-facut-cu-informatiile-publice-ale-grupului-de-comunicare-strategica\\\/\"},\"author\":{\"name\":\"Teodora Stroe\",\"@id\":\"https:\\\/\\\/buletin.de\\\/bucuresti\\\/#\\\/schema\\\/person\\\/d369d7ddc775abece205795e0b804614\"},\"headline\":\"Cum regleaz\u0103 din pix autorit\u0103\u021bile rata din Bucure\u0219ti. Rata real\u0103, mai mare dec\u00e2t cea oficial\u0103. Calcul f\u0103cut cu informa\u021biile publice ale Grupului de Comunicare Strategic\u00e3\",\"datePublished\":\"2021-10-19T15:57:16+00:00\",\"dateModified\":\"2021-10-19T16:05:08+00:00\",\"mainEntityOfPage\":{\"@id\":\"https:\\\/\\\/buletin.de\\\/bucuresti\\\/cum-regleaza-din-pix-autoritatile-rata-din-bucuresti-rata-reala-mai-mare-decat-cea-oficiala-calcul-facut-cu-informatiile-publice-ale-grupului-de-comunicare-strategica\\\/\"},\"wordCount\":924,\"publisher\":{\"@id\":\"https:\\\/\\\/buletin.de\\\/bucuresti\\\/#organization\"},\"image\":{\"@id\":\"https:\\\/\\\/buletin.de\\\/bucuresti\\\/cum-regleaza-din-pix-autoritatile-rata-din-bucuresti-rata-reala-mai-mare-decat-cea-oficiala-calcul-facut-cu-informatiile-publice-ale-grupului-de-comunicare-strategica\\\/#primaryimage\"},\"thumbnailUrl\":\"https:\\\/\\\/buletin.de\\\/bucuresti\\\/wp-content\\\/uploads\\\/michal-matlon-4ApmfdVo32Q-unsplash.jpg\",\"articleSection\":[\"\u0218tiri\"],\"inLanguage\":\"en-GB\",\"copyrightYear\":\"2021\",\"copyrightHolder\":{\"@id\":\"https:\\\/\\\/buletin.de\\\/bucuresti\\\/#organization\"}},{\"@type\":\"WebPage\",\"@id\":\"https:\\\/\\\/buletin.de\\\/bucuresti\\\/cum-regleaza-din-pix-autoritatile-rata-din-bucuresti-rata-reala-mai-mare-decat-cea-oficiala-calcul-facut-cu-informatiile-publice-ale-grupului-de-comunicare-strategica\\\/\",\"url\":\"https:\\\/\\\/buletin.de\\\/bucuresti\\\/cum-regleaza-din-pix-autoritatile-rata-din-bucuresti-rata-reala-mai-mare-decat-cea-oficiala-calcul-facut-cu-informatiile-publice-ale-grupului-de-comunicare-strategica\\\/\",\"name\":\"Cum regleaz\u0103 din pix autorit\u0103\u021bile rata din Bucure\u0219ti. Rata real\u0103, mai mare dec\u00e2t cea oficial\u0103. Calcul f\u0103cut cu informa\u021biile publice ale Grupului de Comunicare Strategic\u00e3 - Buletin de Bucure\u0219ti\",\"isPartOf\":{\"@id\":\"https:\\\/\\\/buletin.de\\\/bucuresti\\\/#website\"},\"primaryImageOfPage\":{\"@id\":\"https:\\\/\\\/buletin.de\\\/bucuresti\\\/cum-regleaza-din-pix-autoritatile-rata-din-bucuresti-rata-reala-mai-mare-decat-cea-oficiala-calcul-facut-cu-informatiile-publice-ale-grupului-de-comunicare-strategica\\\/#primaryimage\"},\"image\":{\"@id\":\"https:\\\/\\\/buletin.de\\\/bucuresti\\\/cum-regleaza-din-pix-autoritatile-rata-din-bucuresti-rata-reala-mai-mare-decat-cea-oficiala-calcul-facut-cu-informatiile-publice-ale-grupului-de-comunicare-strategica\\\/#primaryimage\"},\"thumbnailUrl\":\"https:\\\/\\\/buletin.de\\\/bucuresti\\\/wp-content\\\/uploads\\\/michal-matlon-4ApmfdVo32Q-unsplash.jpg\",\"datePublished\":\"2021-10-19T15:57:16+00:00\",\"dateModified\":\"2021-10-19T16:05:08+00:00\",\"breadcrumb\":{\"@id\":\"https:\\\/\\\/buletin.de\\\/bucuresti\\\/cum-regleaza-din-pix-autoritatile-rata-din-bucuresti-rata-reala-mai-mare-decat-cea-oficiala-calcul-facut-cu-informatiile-publice-ale-grupului-de-comunicare-strategica\\\/#breadcrumb\"},\"inLanguage\":\"en-GB\",\"potentialAction\":[{\"@type\":\"ReadAction\",\"target\":[\"https:\\\/\\\/buletin.de\\\/bucuresti\\\/cum-regleaza-din-pix-autoritatile-rata-din-bucuresti-rata-reala-mai-mare-decat-cea-oficiala-calcul-facut-cu-informatiile-publice-ale-grupului-de-comunicare-strategica\\\/\"]}]},{\"@type\":\"ImageObject\",\"inLanguage\":\"en-GB\",\"@id\":\"https:\\\/\\\/buletin.de\\\/bucuresti\\\/cum-regleaza-din-pix-autoritatile-rata-din-bucuresti-rata-reala-mai-mare-decat-cea-oficiala-calcul-facut-cu-informatiile-publice-ale-grupului-de-comunicare-strategica\\\/#primaryimage\",\"url\":\"https:\\\/\\\/buletin.de\\\/bucuresti\\\/wp-content\\\/uploads\\\/michal-matlon-4ApmfdVo32Q-unsplash.jpg\",\"contentUrl\":\"https:\\\/\\\/buletin.de\\\/bucuresti\\\/wp-content\\\/uploads\\\/michal-matlon-4ApmfdVo32Q-unsplash.jpg\",\"width\":2000,\"height\":1331},{\"@type\":\"BreadcrumbList\",\"@id\":\"https:\\\/\\\/buletin.de\\\/bucuresti\\\/cum-regleaza-din-pix-autoritatile-rata-din-bucuresti-rata-reala-mai-mare-decat-cea-oficiala-calcul-facut-cu-informatiile-publice-ale-grupului-de-comunicare-strategica\\\/#breadcrumb\",\"itemListElement\":[{\"@type\":\"ListItem\",\"position\":1,\"name\":\"Acas\u0103\",\"item\":\"https:\\\/\\\/buletin.de\\\/bucuresti\\\/\"},{\"@type\":\"ListItem\",\"position\":2,\"name\":\"Cum regleaz\u0103 din pix autorit\u0103\u021bile rata din Bucure\u0219ti. Rata real\u0103, mai mare dec\u00e2t cea oficial\u0103. Calcul f\u0103cut cu informa\u021biile publice ale Grupului de Comunicare Strategic\u00e3\"}]},{\"@type\":\"WebSite\",\"@id\":\"https:\\\/\\\/buletin.de\\\/bucuresti\\\/#website\",\"url\":\"https:\\\/\\\/buletin.de\\\/bucuresti\\\/\",\"name\":\"Buletin de Bucure\u0219ti\",\"description\":\"\u0218tiri \u0219i investiga\u021bii esen\u021biale din capital\u0103\",\"publisher\":{\"@id\":\"https:\\\/\\\/buletin.de\\\/bucuresti\\\/#organization\"},\"potentialAction\":[{\"@type\":\"SearchAction\",\"target\":{\"@type\":\"EntryPoint\",\"urlTemplate\":\"https:\\\/\\\/buletin.de\\\/bucuresti\\\/?s={search_term_string}\"},\"query-input\":{\"@type\":\"PropertyValueSpecification\",\"valueRequired\":true,\"valueName\":\"search_term_string\"}}],\"inLanguage\":\"en-GB\"},{\"@type\":\"Organization\",\"@id\":\"https:\\\/\\\/buletin.de\\\/bucuresti\\\/#organization\",\"name\":\"Buletin de Bucure\u0219ti\",\"url\":\"https:\\\/\\\/buletin.de\\\/bucuresti\\\/\",\"logo\":{\"@type\":\"ImageObject\",\"inLanguage\":\"en-GB\",\"@id\":\"https:\\\/\\\/buletin.de\\\/bucuresti\\\/#\\\/schema\\\/logo\\\/image\\\/\",\"url\":\"https:\\\/\\\/buletin.de\\\/bucuresti\\\/wp-content\\\/uploads\\\/logo-bdb-full-wide-vernil-transparent.png\",\"contentUrl\":\"https:\\\/\\\/buletin.de\\\/bucuresti\\\/wp-content\\\/uploads\\\/logo-bdb-full-wide-vernil-transparent.png\",\"width\":1782,\"height\":626,\"caption\":\"Buletin de Bucure\u0219ti\"},\"image\":{\"@id\":\"https:\\\/\\\/buletin.de\\\/bucuresti\\\/#\\\/schema\\\/logo\\\/image\\\/\"},\"sameAs\":[\"https:\\\/\\\/www.facebook.com\\\/buletin.de.buc\",\"https:\\\/\\\/www.instagram.com\\\/buletinde.bucuresti\\\/\"]},{\"@type\":\"Person\",\"@id\":\"https:\\\/\\\/buletin.de\\\/bucuresti\\\/#\\\/schema\\\/person\\\/d369d7ddc775abece205795e0b804614\",\"name\":\"Teodora Stroe\",\"image\":{\"@type\":\"ImageObject\",\"inLanguage\":\"en-GB\",\"@id\":\"https:\\\/\\\/secure.gravatar.com\\\/avatar\\\/2560b4cd9f5f1bc100b123158e657d75584bd1c3e1d9c69285720b9457c1b78d?s=96&d=monsterid&r=gc104800242ba5f2d78dd5d7dc4df08b6\",\"url\":\"https:\\\/\\\/secure.gravatar.com\\\/avatar\\\/2560b4cd9f5f1bc100b123158e657d75584bd1c3e1d9c69285720b9457c1b78d?s=96&d=monsterid&r=g\",\"contentUrl\":\"https:\\\/\\\/secure.gravatar.com\\\/avatar\\\/2560b4cd9f5f1bc100b123158e657d75584bd1c3e1d9c69285720b9457c1b78d?s=96&d=monsterid&r=g\",\"caption\":\"Teodora Stroe\"},\"url\":\"https:\\\/\\\/buletin.de\\\/bucuresti\\\/author\\\/simonacarlugea\\\/\"}]}<\/script>\n<!-- \/ Yoast SEO Premium plugin. -->","yoast_head_json":{"title":"Cum regleaz\u0103 din pix autorit\u0103\u021bile rata din Bucure\u0219ti. Rata real\u0103, mai mare dec\u00e2t cea oficial\u0103. Calcul f\u0103cut cu informa\u021biile publice ale Grupului de Comunicare Strategic\u00e3 - Buletin de Bucure\u0219ti","robots":{"index":"index","follow":"follow","max-snippet":"max-snippet:-1","max-image-preview":"max-image-preview:large","max-video-preview":"max-video-preview:-1"},"canonical":"https:\/\/buletin.de\/bucuresti\/cum-regleaza-din-pix-autoritatile-rata-din-bucuresti-rata-reala-mai-mare-decat-cea-oficiala-calcul-facut-cu-informatiile-publice-ale-grupului-de-comunicare-strategica\/","og_locale":"en_GB","og_type":"article","og_title":"Cum regleaz\u0103 din pix autorit\u0103\u021bile rata din Bucure\u0219ti. Rata real\u0103, mai mare dec\u00e2t cea oficial\u0103. Calcul f\u0103cut cu informa\u021biile publice ale Grupului de Comunicare Strategic\u00e3","og_description":"Rata inciden\u021bei \u00een Capitala a ajuns, ast\u0103zi, la 16.44, cu doar 0.02 mai mult ca ieri, de\u0219i num\u0103rul cazurilor este \u00een continu\u0103 cre\u0219tere. Ca s\u0103 ne convingem c\u0103 datele pe care ni le dau autorit\u0103\u021bile sunt cele reale, am simulat calculul inciden\u021bei, a\u0219a cum este el definit \u00een metodologia stabilit\u0103 prin Hot\u0103r\u00e2re de Guvern. Folosind [&hellip;]","og_url":"https:\/\/buletin.de\/bucuresti\/cum-regleaza-din-pix-autoritatile-rata-din-bucuresti-rata-reala-mai-mare-decat-cea-oficiala-calcul-facut-cu-informatiile-publice-ale-grupului-de-comunicare-strategica\/","og_site_name":"Buletin de Bucure\u0219ti","article_publisher":"https:\/\/www.facebook.com\/buletin.de.buc","article_published_time":"2021-10-19T15:57:16+00:00","article_modified_time":"2021-10-19T16:05:08+00:00","og_image":[{"width":2000,"height":1331,"url":"https:\/\/buletin.de\/bucuresti\/wp-content\/uploads\/michal-matlon-4ApmfdVo32Q-unsplash.jpg","type":"image\/jpeg"}],"author":"Teodora Stroe","twitter_card":"summary_large_image","twitter_misc":{"Written by":"Teodora Stroe","Estimated reading time":"5 minutes"},"schema":{"@context":"https:\/\/schema.org","@graph":[{"@type":"Article","@id":"https:\/\/buletin.de\/bucuresti\/cum-regleaza-din-pix-autoritatile-rata-din-bucuresti-rata-reala-mai-mare-decat-cea-oficiala-calcul-facut-cu-informatiile-publice-ale-grupului-de-comunicare-strategica\/#article","isPartOf":{"@id":"https:\/\/buletin.de\/bucuresti\/cum-regleaza-din-pix-autoritatile-rata-din-bucuresti-rata-reala-mai-mare-decat-cea-oficiala-calcul-facut-cu-informatiile-publice-ale-grupului-de-comunicare-strategica\/"},"author":{"name":"Teodora Stroe","@id":"https:\/\/buletin.de\/bucuresti\/#\/schema\/person\/d369d7ddc775abece205795e0b804614"},"headline":"Cum regleaz\u0103 din pix autorit\u0103\u021bile rata din Bucure\u0219ti. Rata real\u0103, mai mare dec\u00e2t cea oficial\u0103. Calcul f\u0103cut cu informa\u021biile publice ale Grupului de Comunicare Strategic\u00e3","datePublished":"2021-10-19T15:57:16+00:00","dateModified":"2021-10-19T16:05:08+00:00","mainEntityOfPage":{"@id":"https:\/\/buletin.de\/bucuresti\/cum-regleaza-din-pix-autoritatile-rata-din-bucuresti-rata-reala-mai-mare-decat-cea-oficiala-calcul-facut-cu-informatiile-publice-ale-grupului-de-comunicare-strategica\/"},"wordCount":924,"publisher":{"@id":"https:\/\/buletin.de\/bucuresti\/#organization"},"image":{"@id":"https:\/\/buletin.de\/bucuresti\/cum-regleaza-din-pix-autoritatile-rata-din-bucuresti-rata-reala-mai-mare-decat-cea-oficiala-calcul-facut-cu-informatiile-publice-ale-grupului-de-comunicare-strategica\/#primaryimage"},"thumbnailUrl":"https:\/\/buletin.de\/bucuresti\/wp-content\/uploads\/michal-matlon-4ApmfdVo32Q-unsplash.jpg","articleSection":["\u0218tiri"],"inLanguage":"en-GB","copyrightYear":"2021","copyrightHolder":{"@id":"https:\/\/buletin.de\/bucuresti\/#organization"}},{"@type":"WebPage","@id":"https:\/\/buletin.de\/bucuresti\/cum-regleaza-din-pix-autoritatile-rata-din-bucuresti-rata-reala-mai-mare-decat-cea-oficiala-calcul-facut-cu-informatiile-publice-ale-grupului-de-comunicare-strategica\/","url":"https:\/\/buletin.de\/bucuresti\/cum-regleaza-din-pix-autoritatile-rata-din-bucuresti-rata-reala-mai-mare-decat-cea-oficiala-calcul-facut-cu-informatiile-publice-ale-grupului-de-comunicare-strategica\/","name":"Cum regleaz\u0103 din pix autorit\u0103\u021bile rata din Bucure\u0219ti. Rata real\u0103, mai mare dec\u00e2t cea oficial\u0103. Calcul f\u0103cut cu informa\u021biile publice ale Grupului de Comunicare Strategic\u00e3 - Buletin de Bucure\u0219ti","isPartOf":{"@id":"https:\/\/buletin.de\/bucuresti\/#website"},"primaryImageOfPage":{"@id":"https:\/\/buletin.de\/bucuresti\/cum-regleaza-din-pix-autoritatile-rata-din-bucuresti-rata-reala-mai-mare-decat-cea-oficiala-calcul-facut-cu-informatiile-publice-ale-grupului-de-comunicare-strategica\/#primaryimage"},"image":{"@id":"https:\/\/buletin.de\/bucuresti\/cum-regleaza-din-pix-autoritatile-rata-din-bucuresti-rata-reala-mai-mare-decat-cea-oficiala-calcul-facut-cu-informatiile-publice-ale-grupului-de-comunicare-strategica\/#primaryimage"},"thumbnailUrl":"https:\/\/buletin.de\/bucuresti\/wp-content\/uploads\/michal-matlon-4ApmfdVo32Q-unsplash.jpg","datePublished":"2021-10-19T15:57:16+00:00","dateModified":"2021-10-19T16:05:08+00:00","breadcrumb":{"@id":"https:\/\/buletin.de\/bucuresti\/cum-regleaza-din-pix-autoritatile-rata-din-bucuresti-rata-reala-mai-mare-decat-cea-oficiala-calcul-facut-cu-informatiile-publice-ale-grupului-de-comunicare-strategica\/#breadcrumb"},"inLanguage":"en-GB","potentialAction":[{"@type":"ReadAction","target":["https:\/\/buletin.de\/bucuresti\/cum-regleaza-din-pix-autoritatile-rata-din-bucuresti-rata-reala-mai-mare-decat-cea-oficiala-calcul-facut-cu-informatiile-publice-ale-grupului-de-comunicare-strategica\/"]}]},{"@type":"ImageObject","inLanguage":"en-GB","@id":"https:\/\/buletin.de\/bucuresti\/cum-regleaza-din-pix-autoritatile-rata-din-bucuresti-rata-reala-mai-mare-decat-cea-oficiala-calcul-facut-cu-informatiile-publice-ale-grupului-de-comunicare-strategica\/#primaryimage","url":"https:\/\/buletin.de\/bucuresti\/wp-content\/uploads\/michal-matlon-4ApmfdVo32Q-unsplash.jpg","contentUrl":"https:\/\/buletin.de\/bucuresti\/wp-content\/uploads\/michal-matlon-4ApmfdVo32Q-unsplash.jpg","width":2000,"height":1331},{"@type":"BreadcrumbList","@id":"https:\/\/buletin.de\/bucuresti\/cum-regleaza-din-pix-autoritatile-rata-din-bucuresti-rata-reala-mai-mare-decat-cea-oficiala-calcul-facut-cu-informatiile-publice-ale-grupului-de-comunicare-strategica\/#breadcrumb","itemListElement":[{"@type":"ListItem","position":1,"name":"Acas\u0103","item":"https:\/\/buletin.de\/bucuresti\/"},{"@type":"ListItem","position":2,"name":"Cum regleaz\u0103 din pix autorit\u0103\u021bile rata din Bucure\u0219ti. Rata real\u0103, mai mare dec\u00e2t cea oficial\u0103. Calcul f\u0103cut cu informa\u021biile publice ale Grupului de Comunicare Strategic\u00e3"}]},{"@type":"WebSite","@id":"https:\/\/buletin.de\/bucuresti\/#website","url":"https:\/\/buletin.de\/bucuresti\/","name":"Buletin de Bucure\u0219ti","description":"\u0218tiri \u0219i investiga\u021bii esen\u021biale din capital\u0103","publisher":{"@id":"https:\/\/buletin.de\/bucuresti\/#organization"},"potentialAction":[{"@type":"SearchAction","target":{"@type":"EntryPoint","urlTemplate":"https:\/\/buletin.de\/bucuresti\/?s={search_term_string}"},"query-input":{"@type":"PropertyValueSpecification","valueRequired":true,"valueName":"search_term_string"}}],"inLanguage":"en-GB"},{"@type":"Organization","@id":"https:\/\/buletin.de\/bucuresti\/#organization","name":"Buletin de Bucure\u0219ti","url":"https:\/\/buletin.de\/bucuresti\/","logo":{"@type":"ImageObject","inLanguage":"en-GB","@id":"https:\/\/buletin.de\/bucuresti\/#\/schema\/logo\/image\/","url":"https:\/\/buletin.de\/bucuresti\/wp-content\/uploads\/logo-bdb-full-wide-vernil-transparent.png","contentUrl":"https:\/\/buletin.de\/bucuresti\/wp-content\/uploads\/logo-bdb-full-wide-vernil-transparent.png","width":1782,"height":626,"caption":"Buletin de Bucure\u0219ti"},"image":{"@id":"https:\/\/buletin.de\/bucuresti\/#\/schema\/logo\/image\/"},"sameAs":["https:\/\/www.facebook.com\/buletin.de.buc","https:\/\/www.instagram.com\/buletinde.bucuresti\/"]},{"@type":"Person","@id":"https:\/\/buletin.de\/bucuresti\/#\/schema\/person\/d369d7ddc775abece205795e0b804614","name":"Teodora Stroe","image":{"@type":"ImageObject","inLanguage":"en-GB","@id":"https:\/\/secure.gravatar.com\/avatar\/2560b4cd9f5f1bc100b123158e657d75584bd1c3e1d9c69285720b9457c1b78d?s=96&d=monsterid&r=gc104800242ba5f2d78dd5d7dc4df08b6","url":"https:\/\/secure.gravatar.com\/avatar\/2560b4cd9f5f1bc100b123158e657d75584bd1c3e1d9c69285720b9457c1b78d?s=96&d=monsterid&r=g","contentUrl":"https:\/\/secure.gravatar.com\/avatar\/2560b4cd9f5f1bc100b123158e657d75584bd1c3e1d9c69285720b9457c1b78d?s=96&d=monsterid&r=g","caption":"Teodora Stroe"},"url":"https:\/\/buletin.de\/bucuresti\/author\/simonacarlugea\/"}]}},"authors":[{"term_id":22579,"user_id":18,"is_guest":0,"slug":"simonacarlugea","display_name":"Teodora Stroe","avatar_url":"https:\/\/secure.gravatar.com\/avatar\/2560b4cd9f5f1bc100b123158e657d75584bd1c3e1d9c69285720b9457c1b78d?s=96&d=monsterid&r=g","0":null,"1":"","2":"","3":"","4":"","5":"","6":"","7":"","8":""}],"_links":{"self":[{"href":"https:\/\/buletin.de\/bucuresti\/wp-json\/wp\/v2\/posts\/32729","targetHints":{"allow":["GET"]}}],"collection":[{"href":"https:\/\/buletin.de\/bucuresti\/wp-json\/wp\/v2\/posts"}],"about":[{"href":"https:\/\/buletin.de\/bucuresti\/wp-json\/wp\/v2\/types\/post"}],"author":[{"embeddable":true,"href":"https:\/\/buletin.de\/bucuresti\/wp-json\/wp\/v2\/users\/18"}],"replies":[{"embeddable":true,"href":"https:\/\/buletin.de\/bucuresti\/wp-json\/wp\/v2\/comments?post=32729"}],"version-history":[{"count":22,"href":"https:\/\/buletin.de\/bucuresti\/wp-json\/wp\/v2\/posts\/32729\/revisions"}],"predecessor-version":[{"id":32790,"href":"https:\/\/buletin.de\/bucuresti\/wp-json\/wp\/v2\/posts\/32729\/revisions\/32790"}],"wp:featuredmedia":[{"embeddable":true,"href":"https:\/\/buletin.de\/bucuresti\/wp-json\/wp\/v2\/media\/32745"}],"wp:attachment":[{"href":"https:\/\/buletin.de\/bucuresti\/wp-json\/wp\/v2\/media?parent=32729"}],"wp:term":[{"taxonomy":"category","embeddable":true,"href":"https:\/\/buletin.de\/bucuresti\/wp-json\/wp\/v2\/categories?post=32729"},{"taxonomy":"post_tag","embeddable":true,"href":"https:\/\/buletin.de\/bucuresti\/wp-json\/wp\/v2\/tags?post=32729"},{"taxonomy":"author","embeddable":true,"href":"https:\/\/buletin.de\/bucuresti\/wp-json\/wp\/v2\/ppma_author?post=32729"}],"curies":[{"name":"wp","href":"https:\/\/api.w.org\/{rel}","templated":true}]}}