{"id":32586,"date":"2021-10-16T13:35:51","date_gmt":"2021-10-16T10:35:51","guid":{"rendered":"https:\/\/buletin.de\/bucuresti\/?p=32586"},"modified":"2021-10-16T13:35:52","modified_gmt":"2021-10-16T10:35:52","slug":"coronavirus-romania-16-octombrie-2021","status":"publish","type":"post","link":"https:\/\/buletin.de\/bucuresti\/coronavirus-romania-16-octombrie-2021\/","title":{"rendered":"15.239 de cazuri de COVID-19 \u00een Rom\u00e2nia. Peste 3.000 de infect\u0103ri \u00een Capital\u0103"},"content":{"rendered":"\n<style>\n\n.full-width {\n  width: 100vw;\n  position: relative;\n  left: 50%;\n  right: 50%;\n  margin-left: -50vw;\n  margin-right: -50vw;\n}\n\n<\/style>\n\n\n\n<p><\/p>\n\n\n\n<p class=\"has-text-align-center has-white-color has-vivid-red-background-color has-text-color has-background\" style=\"font-size:26px\">15.239 cazuri noi de COVID-19, depistate azi, 16 octombrie 2021<\/p>\n\n\n\n<p>15.239 de cazuri noi de COVID-19 s-au \u00eenregistrat s\u00e2mb\u0103t\u0103, la nivel na\u021bional. Dintre acestea, 236 sunt ale unor persoane care s-au infectat cu SARS-CoV-2 a doua oar\u0103.<\/p>\n\n\n\n<p>\u00cen ultimele 24 de ore au fost efectuate 25.923 de teste RT-PCR &nbsp;\u0219i 43.326 de teste rapide antigenice.<\/p>\n\n\n\n<p>\u00cen Bucure\u0219ti s-au raportat 3.128 de cazuri de coronavirus. Rata de inciden\u021b\u0103 a crescut la 16,10 cazuri de infectare la 1.000 de locuitori.<\/p>\n\n\n\n<p>\u00cen jude\u021bul Ilfov s-au \u00eenregistrat 576 de cazuri noi, \u00een timp ce rata de infectare este de 16,49 cazuri la 1.000 de locuitori.<\/p>\n\n\n\n<figure class=\"wp-block-image size-large\"><img fetchpriority=\"high\" decoding=\"async\" width=\"725\" height=\"900\" src=\"data:image\/gif;base64,R0lGODlhAQABAAAAACH5BAEKAAEALAAAAAABAAEAAAICTAEAOw==\" data-src=\"https:\/\/buletin.de\/bucuresti\/wp-content\/uploads\/16-oct-2021-1-725x900.jpg\" alt=\"\" class=\"wp-image-32587 lazyload\" data-sizes=\"auto\" data-srcset=\"https:\/\/buletin.de\/bucuresti\/wp-content\/uploads\/16-oct-2021-1-725x900.jpg 725w, https:\/\/buletin.de\/bucuresti\/wp-content\/uploads\/16-oct-2021-1-242x300.jpg 242w, https:\/\/buletin.de\/bucuresti\/wp-content\/uploads\/16-oct-2021-1-550x683.jpg 550w, https:\/\/buletin.de\/bucuresti\/wp-content\/uploads\/16-oct-2021-1-403x500.jpg 403w, https:\/\/buletin.de\/bucuresti\/wp-content\/uploads\/16-oct-2021-1-600x745.jpg 600w, https:\/\/buletin.de\/bucuresti\/wp-content\/uploads\/16-oct-2021-1.jpg 767w\" sizes=\"(max-width: 725px) 100vw, 725px\" \/><\/figure>\n\n\n\n<figure class=\"wp-block-image size-full\"><img decoding=\"async\" width=\"763\" height=\"844\" src=\"data:image\/gif;base64,R0lGODlhAQABAAAAACH5BAEKAAEALAAAAAABAAEAAAICTAEAOw==\" data-src=\"https:\/\/buletin.de\/bucuresti\/wp-content\/uploads\/16-oct-2021-2.jpg\" alt=\"\" class=\"wp-image-32588 lazyload\" data-sizes=\"auto\" data-srcset=\"https:\/\/buletin.de\/bucuresti\/wp-content\/uploads\/16-oct-2021-2.jpg 763w, https:\/\/buletin.de\/bucuresti\/wp-content\/uploads\/16-oct-2021-2-271x300.jpg 271w, https:\/\/buletin.de\/bucuresti\/wp-content\/uploads\/16-oct-2021-2-550x608.jpg 550w, https:\/\/buletin.de\/bucuresti\/wp-content\/uploads\/16-oct-2021-2-452x500.jpg 452w, https:\/\/buletin.de\/bucuresti\/wp-content\/uploads\/16-oct-2021-2-600x664.jpg 600w\" sizes=\"(max-width: 763px) 100vw, 763px\" \/><\/figure>\n\n\n\n<p>350 de oameni au murit \u00een ultimele 24 de ore din cauza COVID-19, iar autorit\u0103\u021bile au raportat alte dou\u0103 decese, produse \u00een luna seprembrie.<\/p>\n\n\n\n<p>Din totalul de 352 de pacien\u021bi deceda\u021bi, 312 erau nevaccina\u021bi \u0219i 40 vaccina\u021bi. Cei 40 de pacien\u021bi deceda\u021bi vaccina\u021bi aveau v\u00e2rste cuprinse \u00eentre 50 \u0219i 80 de ani. 33 dintre pacien\u021bii deceda\u021bi vaccina\u021bi prezentau comorbidit\u0103\u021bi, iar pentru 7 pacien\u021bi deceda\u021bi nu au fost raportate comorbidit\u0103\u021bi.<\/p>\n\n\n\n<p>\u00cen spiatalele din \u00eentreaga \u021bar\u0103, num\u0103rul total de persoane internate cu COVID-19 este de 18.361. Dintre acestea, 1.739 sunt internate la ATI.<\/p>\n\n\n\n<p>Din totalul pacien\u021bilor interna\u021bi, 429 sunt minori, 394 fiind interna\u021bi \u00een sec\u021bii \u0219i 35 la ATI.<\/p>\n\n\n\n<div class=\"full-width\" style=\"padding: 0 5px;\">\n<iframe class=\"incidenta\" src=\"https:\/\/www.graphs.ro\/embed.php?embed=covid_pe_zi&amp;range=year_2021\" height=\"900\" style=\"width:100%;border:none;overflow:hidden;\" scrolling=\"no\" frameborder=\"0\"><\/iframe> \n<\/div>\n\n\n\n<div class=\"full-width\" style=\"padding: 0 5px;\">\n<iframe class=\"incidenta\" src=\"https:\/\/www.graphs.ro\/embed.php?embed=covid_pe_zi_compare_ati&amp;range=year_2021\" height=\"750\" style=\"width:100%;border:none;overflow:hidden;\" scrolling=\"no\" frameborder=\"0\"><\/iframe> \n<\/div>\n\n\n\n<div class=\"full-width\" style=\"padding: 0 5px;\">\n<iframe class=\"incidenta\" src=\"https:\/\/www.graphs.ro\/embed.php?embed=covid_ati&amp;range=year_2021\" height=\"750\" style=\"width:100%;border:none;overflow:hidden;\" scrolling=\"no\" frameborder=\"0\"><\/iframe> \n<\/div>\n\n\n\n<div class=\"full-width\">\n<iframe class=\"incidenta\" src=\"https:\/\/www.graphs.ro\/embed.php?embed=covid_incidenta_oficiala\" height=\"750\" style=\"width:100%;border:none;overflow:hidden;\" scrolling=\"no\" frameborder=\"0\"><\/iframe> \n<\/div>\n\n\n\n<div class=\"wp-block-columns full-width is-layout-flex wp-container-core-columns-is-layout-9d6595d7 wp-block-columns-is-layout-flex\">\n<div class=\"wp-block-column is-layout-flow wp-block-column-is-layout-flow\">\n<iframe class=\"incidenta\" src=\"https:\/\/www.graphs.ro\/embed.php?embed=covid_incidenta_judete&amp;range=full&amp;judet_id=B\" style=\"width:100%;border:none;overflow:hidden;\" scrolling=\"no\" frameborder=\"0\"><\/iframe>\n<\/div>\n\n\n\n<div class=\"wp-block-column is-layout-flow wp-block-column-is-layout-flow\">\n<iframe class=\"incidenta\" src=\"https:\/\/www.graphs.ro\/embed.php?embed=covid_incidenta_judete&amp;range=full&amp;judet_id=IF\" style=\"width:100%;border:none;overflow:hidden;\" scrolling=\"no\" frameborder=\"0\"><\/iframe>\n<\/div>\n<\/div>\n\n\n\n<p><em>Grafice via <a href=\"http:\/\/graphs.ro\" target=\"_blank\" rel=\"noreferrer noopener\">graphs.ro<\/a><\/em><\/p>\n","protected":false},"excerpt":{"rendered":"<p>15.239 cazuri noi de COVID-19, depistate azi, 16 octombrie 2021 15.239 de cazuri noi de COVID-19 s-au \u00eenregistrat s\u00e2mb\u0103t\u0103, la nivel na\u021bional. Dintre acestea, 236 sunt ale unor persoane care s-au infectat cu SARS-CoV-2 a doua oar\u0103. \u00cen ultimele 24 de ore au fost efectuate 25.923 de teste RT-PCR &nbsp;\u0219i 43.326 de teste rapide antigenice. [&hellip;]<\/p>\n","protected":false},"author":25,"featured_media":32589,"comment_status":"closed","ping_status":"open","sticky":false,"template":"","format":"standard","meta":{"_acf_changed":false,"inline_featured_image":false,"ngg_post_thumbnail":0,"footnotes":""},"categories":[996],"tags":[2381,529,820,1725,2382],"ppma_author":[22597],"class_list":["post-32586","post","type-post","status-publish","format-standard","has-post-thumbnail","hentry","category-covid-19","tag-buletin-zilnic","tag-coronavirus","tag-ilfov","tag-incidenta-cumulata","tag-internati-ati"],"acf":[],"yoast_head":"<!-- This site is optimized with the Yoast SEO Premium plugin v25.3 (Yoast SEO v27.5) - https:\/\/yoast.com\/product\/yoast-seo-premium-wordpress\/ -->\n<title>15.239 de cazuri de COVID-19 \u00een Rom\u00e2nia. Peste 3.000 de infect\u0103ri \u00een Capital\u0103 - Buletin de Bucure\u0219ti<\/title>\n<meta name=\"robots\" content=\"index, follow, max-snippet:-1, max-image-preview:large, max-video-preview:-1\" \/>\n<link rel=\"canonical\" href=\"https:\/\/buletin.de\/bucuresti\/coronavirus-romania-16-octombrie-2021\/\" \/>\n<meta property=\"og:locale\" content=\"en_GB\" \/>\n<meta property=\"og:type\" content=\"article\" \/>\n<meta property=\"og:title\" content=\"15.239 de cazuri de COVID-19 \u00een Rom\u00e2nia. Peste 3.000 de infect\u0103ri \u00een Capital\u0103\" \/>\n<meta property=\"og:description\" content=\"15.239 cazuri noi de COVID-19, depistate azi, 16 octombrie 2021 15.239 de cazuri noi de COVID-19 s-au \u00eenregistrat s\u00e2mb\u0103t\u0103, la nivel na\u021bional. Dintre acestea, 236 sunt ale unor persoane care s-au infectat cu SARS-CoV-2 a doua oar\u0103. \u00cen ultimele 24 de ore au fost efectuate 25.923 de teste RT-PCR &nbsp;\u0219i 43.326 de teste rapide antigenice. [&hellip;]\" \/>\n<meta property=\"og:url\" content=\"https:\/\/buletin.de\/bucuresti\/coronavirus-romania-16-octombrie-2021\/\" \/>\n<meta property=\"og:site_name\" content=\"Buletin de Bucure\u0219ti\" \/>\n<meta property=\"article:publisher\" content=\"https:\/\/www.facebook.com\/buletin.de.buc\" \/>\n<meta property=\"article:published_time\" content=\"2021-10-16T10:35:51+00:00\" \/>\n<meta property=\"article:modified_time\" content=\"2021-10-16T10:35:52+00:00\" \/>\n<meta property=\"og:image\" content=\"https:\/\/buletin.de\/bucuresti\/wp-content\/uploads\/16-oct-main.jpg\" \/>\n\t<meta property=\"og:image:width\" content=\"1554\" \/>\n\t<meta property=\"og:image:height\" content=\"674\" \/>\n\t<meta property=\"og:image:type\" content=\"image\/jpeg\" \/>\n<meta name=\"author\" content=\"Ana Tudor\" \/>\n<meta name=\"twitter:card\" content=\"summary_large_image\" \/>\n<meta name=\"twitter:label1\" content=\"Written by\" \/>\n\t<meta name=\"twitter:data1\" content=\"Ana Tudor\" \/>\n\t<meta name=\"twitter:label2\" content=\"Estimated reading time\" \/>\n\t<meta name=\"twitter:data2\" content=\"2 minutes\" \/>\n<script type=\"application\/ld+json\" class=\"yoast-schema-graph\">{\"@context\":\"https:\\\/\\\/schema.org\",\"@graph\":[{\"@type\":\"Article\",\"@id\":\"https:\\\/\\\/buletin.de\\\/bucuresti\\\/coronavirus-romania-16-octombrie-2021\\\/#article\",\"isPartOf\":{\"@id\":\"https:\\\/\\\/buletin.de\\\/bucuresti\\\/coronavirus-romania-16-octombrie-2021\\\/\"},\"author\":{\"name\":\"Ana Tudor\",\"@id\":\"https:\\\/\\\/buletin.de\\\/bucuresti\\\/#\\\/schema\\\/person\\\/8ce85bbda5515a1abb525993294155a8\"},\"headline\":\"15.239 de cazuri de COVID-19 \u00een Rom\u00e2nia. Peste 3.000 de infect\u0103ri \u00een Capital\u0103\",\"datePublished\":\"2021-10-16T10:35:51+00:00\",\"dateModified\":\"2021-10-16T10:35:52+00:00\",\"mainEntityOfPage\":{\"@id\":\"https:\\\/\\\/buletin.de\\\/bucuresti\\\/coronavirus-romania-16-octombrie-2021\\\/\"},\"wordCount\":223,\"publisher\":{\"@id\":\"https:\\\/\\\/buletin.de\\\/bucuresti\\\/#organization\"},\"image\":{\"@id\":\"https:\\\/\\\/buletin.de\\\/bucuresti\\\/coronavirus-romania-16-octombrie-2021\\\/#primaryimage\"},\"thumbnailUrl\":\"https:\\\/\\\/buletin.de\\\/bucuresti\\\/wp-content\\\/uploads\\\/16-oct-main.jpg\",\"keywords\":[\"buletin zilnic\",\"coronavirus\",\"Ilfov\",\"incidenta cumulata\",\"internati ati\"],\"articleSection\":[\"Covid-19\"],\"inLanguage\":\"en-GB\",\"copyrightYear\":\"2021\",\"copyrightHolder\":{\"@id\":\"https:\\\/\\\/buletin.de\\\/bucuresti\\\/#organization\"}},{\"@type\":\"WebPage\",\"@id\":\"https:\\\/\\\/buletin.de\\\/bucuresti\\\/coronavirus-romania-16-octombrie-2021\\\/\",\"url\":\"https:\\\/\\\/buletin.de\\\/bucuresti\\\/coronavirus-romania-16-octombrie-2021\\\/\",\"name\":\"15.239 de cazuri de COVID-19 \u00een Rom\u00e2nia. Peste 3.000 de infect\u0103ri \u00een Capital\u0103 - Buletin de Bucure\u0219ti\",\"isPartOf\":{\"@id\":\"https:\\\/\\\/buletin.de\\\/bucuresti\\\/#website\"},\"primaryImageOfPage\":{\"@id\":\"https:\\\/\\\/buletin.de\\\/bucuresti\\\/coronavirus-romania-16-octombrie-2021\\\/#primaryimage\"},\"image\":{\"@id\":\"https:\\\/\\\/buletin.de\\\/bucuresti\\\/coronavirus-romania-16-octombrie-2021\\\/#primaryimage\"},\"thumbnailUrl\":\"https:\\\/\\\/buletin.de\\\/bucuresti\\\/wp-content\\\/uploads\\\/16-oct-main.jpg\",\"datePublished\":\"2021-10-16T10:35:51+00:00\",\"dateModified\":\"2021-10-16T10:35:52+00:00\",\"breadcrumb\":{\"@id\":\"https:\\\/\\\/buletin.de\\\/bucuresti\\\/coronavirus-romania-16-octombrie-2021\\\/#breadcrumb\"},\"inLanguage\":\"en-GB\",\"potentialAction\":[{\"@type\":\"ReadAction\",\"target\":[\"https:\\\/\\\/buletin.de\\\/bucuresti\\\/coronavirus-romania-16-octombrie-2021\\\/\"]}]},{\"@type\":\"ImageObject\",\"inLanguage\":\"en-GB\",\"@id\":\"https:\\\/\\\/buletin.de\\\/bucuresti\\\/coronavirus-romania-16-octombrie-2021\\\/#primaryimage\",\"url\":\"https:\\\/\\\/buletin.de\\\/bucuresti\\\/wp-content\\\/uploads\\\/16-oct-main.jpg\",\"contentUrl\":\"https:\\\/\\\/buletin.de\\\/bucuresti\\\/wp-content\\\/uploads\\\/16-oct-main.jpg\",\"width\":1554,\"height\":674},{\"@type\":\"BreadcrumbList\",\"@id\":\"https:\\\/\\\/buletin.de\\\/bucuresti\\\/coronavirus-romania-16-octombrie-2021\\\/#breadcrumb\",\"itemListElement\":[{\"@type\":\"ListItem\",\"position\":1,\"name\":\"Acas\u0103\",\"item\":\"https:\\\/\\\/buletin.de\\\/bucuresti\\\/\"},{\"@type\":\"ListItem\",\"position\":2,\"name\":\"15.239 de cazuri de COVID-19 \u00een Rom\u00e2nia. Peste 3.000 de infect\u0103ri \u00een Capital\u0103\"}]},{\"@type\":\"WebSite\",\"@id\":\"https:\\\/\\\/buletin.de\\\/bucuresti\\\/#website\",\"url\":\"https:\\\/\\\/buletin.de\\\/bucuresti\\\/\",\"name\":\"Buletin de Bucure\u0219ti\",\"description\":\"\u0218tiri \u0219i investiga\u021bii esen\u021biale din capital\u0103\",\"publisher\":{\"@id\":\"https:\\\/\\\/buletin.de\\\/bucuresti\\\/#organization\"},\"potentialAction\":[{\"@type\":\"SearchAction\",\"target\":{\"@type\":\"EntryPoint\",\"urlTemplate\":\"https:\\\/\\\/buletin.de\\\/bucuresti\\\/?s={search_term_string}\"},\"query-input\":{\"@type\":\"PropertyValueSpecification\",\"valueRequired\":true,\"valueName\":\"search_term_string\"}}],\"inLanguage\":\"en-GB\"},{\"@type\":\"Organization\",\"@id\":\"https:\\\/\\\/buletin.de\\\/bucuresti\\\/#organization\",\"name\":\"Buletin de Bucure\u0219ti\",\"url\":\"https:\\\/\\\/buletin.de\\\/bucuresti\\\/\",\"logo\":{\"@type\":\"ImageObject\",\"inLanguage\":\"en-GB\",\"@id\":\"https:\\\/\\\/buletin.de\\\/bucuresti\\\/#\\\/schema\\\/logo\\\/image\\\/\",\"url\":\"https:\\\/\\\/buletin.de\\\/bucuresti\\\/wp-content\\\/uploads\\\/logo-bdb-full-wide-vernil-transparent.png\",\"contentUrl\":\"https:\\\/\\\/buletin.de\\\/bucuresti\\\/wp-content\\\/uploads\\\/logo-bdb-full-wide-vernil-transparent.png\",\"width\":1782,\"height\":626,\"caption\":\"Buletin de Bucure\u0219ti\"},\"image\":{\"@id\":\"https:\\\/\\\/buletin.de\\\/bucuresti\\\/#\\\/schema\\\/logo\\\/image\\\/\"},\"sameAs\":[\"https:\\\/\\\/www.facebook.com\\\/buletin.de.buc\",\"https:\\\/\\\/www.instagram.com\\\/buletinde.bucuresti\\\/\"]},{\"@type\":\"Person\",\"@id\":\"https:\\\/\\\/buletin.de\\\/bucuresti\\\/#\\\/schema\\\/person\\\/8ce85bbda5515a1abb525993294155a8\",\"name\":\"Ana Tudor\",\"image\":{\"@type\":\"ImageObject\",\"inLanguage\":\"en-GB\",\"@id\":\"https:\\\/\\\/secure.gravatar.com\\\/avatar\\\/390c40e2d9367046adb10d832317e3f5fb181fdecb236cb1a8187477756ae24a?s=96&d=monsterid&r=g0f86ad5d6b77046fd61bd633bbfa4a29\",\"url\":\"https:\\\/\\\/secure.gravatar.com\\\/avatar\\\/390c40e2d9367046adb10d832317e3f5fb181fdecb236cb1a8187477756ae24a?s=96&d=monsterid&r=g\",\"contentUrl\":\"https:\\\/\\\/secure.gravatar.com\\\/avatar\\\/390c40e2d9367046adb10d832317e3f5fb181fdecb236cb1a8187477756ae24a?s=96&d=monsterid&r=g\",\"caption\":\"Ana Tudor\"},\"url\":\"https:\\\/\\\/buletin.de\\\/bucuresti\\\/author\\\/anamaria\\\/\"}]}<\/script>\n<!-- \/ Yoast SEO Premium plugin. -->","yoast_head_json":{"title":"15.239 de cazuri de COVID-19 \u00een Rom\u00e2nia. Peste 3.000 de infect\u0103ri \u00een Capital\u0103 - Buletin de Bucure\u0219ti","robots":{"index":"index","follow":"follow","max-snippet":"max-snippet:-1","max-image-preview":"max-image-preview:large","max-video-preview":"max-video-preview:-1"},"canonical":"https:\/\/buletin.de\/bucuresti\/coronavirus-romania-16-octombrie-2021\/","og_locale":"en_GB","og_type":"article","og_title":"15.239 de cazuri de COVID-19 \u00een Rom\u00e2nia. Peste 3.000 de infect\u0103ri \u00een Capital\u0103","og_description":"15.239 cazuri noi de COVID-19, depistate azi, 16 octombrie 2021 15.239 de cazuri noi de COVID-19 s-au \u00eenregistrat s\u00e2mb\u0103t\u0103, la nivel na\u021bional. Dintre acestea, 236 sunt ale unor persoane care s-au infectat cu SARS-CoV-2 a doua oar\u0103. \u00cen ultimele 24 de ore au fost efectuate 25.923 de teste RT-PCR &nbsp;\u0219i 43.326 de teste rapide antigenice. [&hellip;]","og_url":"https:\/\/buletin.de\/bucuresti\/coronavirus-romania-16-octombrie-2021\/","og_site_name":"Buletin de Bucure\u0219ti","article_publisher":"https:\/\/www.facebook.com\/buletin.de.buc","article_published_time":"2021-10-16T10:35:51+00:00","article_modified_time":"2021-10-16T10:35:52+00:00","og_image":[{"width":1554,"height":674,"url":"https:\/\/buletin.de\/bucuresti\/wp-content\/uploads\/16-oct-main.jpg","type":"image\/jpeg"}],"author":"Ana Tudor","twitter_card":"summary_large_image","twitter_misc":{"Written by":"Ana Tudor","Estimated reading time":"2 minutes"},"schema":{"@context":"https:\/\/schema.org","@graph":[{"@type":"Article","@id":"https:\/\/buletin.de\/bucuresti\/coronavirus-romania-16-octombrie-2021\/#article","isPartOf":{"@id":"https:\/\/buletin.de\/bucuresti\/coronavirus-romania-16-octombrie-2021\/"},"author":{"name":"Ana Tudor","@id":"https:\/\/buletin.de\/bucuresti\/#\/schema\/person\/8ce85bbda5515a1abb525993294155a8"},"headline":"15.239 de cazuri de COVID-19 \u00een Rom\u00e2nia. Peste 3.000 de infect\u0103ri \u00een Capital\u0103","datePublished":"2021-10-16T10:35:51+00:00","dateModified":"2021-10-16T10:35:52+00:00","mainEntityOfPage":{"@id":"https:\/\/buletin.de\/bucuresti\/coronavirus-romania-16-octombrie-2021\/"},"wordCount":223,"publisher":{"@id":"https:\/\/buletin.de\/bucuresti\/#organization"},"image":{"@id":"https:\/\/buletin.de\/bucuresti\/coronavirus-romania-16-octombrie-2021\/#primaryimage"},"thumbnailUrl":"https:\/\/buletin.de\/bucuresti\/wp-content\/uploads\/16-oct-main.jpg","keywords":["buletin zilnic","coronavirus","Ilfov","incidenta cumulata","internati ati"],"articleSection":["Covid-19"],"inLanguage":"en-GB","copyrightYear":"2021","copyrightHolder":{"@id":"https:\/\/buletin.de\/bucuresti\/#organization"}},{"@type":"WebPage","@id":"https:\/\/buletin.de\/bucuresti\/coronavirus-romania-16-octombrie-2021\/","url":"https:\/\/buletin.de\/bucuresti\/coronavirus-romania-16-octombrie-2021\/","name":"15.239 de cazuri de COVID-19 \u00een Rom\u00e2nia. Peste 3.000 de infect\u0103ri \u00een Capital\u0103 - Buletin de Bucure\u0219ti","isPartOf":{"@id":"https:\/\/buletin.de\/bucuresti\/#website"},"primaryImageOfPage":{"@id":"https:\/\/buletin.de\/bucuresti\/coronavirus-romania-16-octombrie-2021\/#primaryimage"},"image":{"@id":"https:\/\/buletin.de\/bucuresti\/coronavirus-romania-16-octombrie-2021\/#primaryimage"},"thumbnailUrl":"https:\/\/buletin.de\/bucuresti\/wp-content\/uploads\/16-oct-main.jpg","datePublished":"2021-10-16T10:35:51+00:00","dateModified":"2021-10-16T10:35:52+00:00","breadcrumb":{"@id":"https:\/\/buletin.de\/bucuresti\/coronavirus-romania-16-octombrie-2021\/#breadcrumb"},"inLanguage":"en-GB","potentialAction":[{"@type":"ReadAction","target":["https:\/\/buletin.de\/bucuresti\/coronavirus-romania-16-octombrie-2021\/"]}]},{"@type":"ImageObject","inLanguage":"en-GB","@id":"https:\/\/buletin.de\/bucuresti\/coronavirus-romania-16-octombrie-2021\/#primaryimage","url":"https:\/\/buletin.de\/bucuresti\/wp-content\/uploads\/16-oct-main.jpg","contentUrl":"https:\/\/buletin.de\/bucuresti\/wp-content\/uploads\/16-oct-main.jpg","width":1554,"height":674},{"@type":"BreadcrumbList","@id":"https:\/\/buletin.de\/bucuresti\/coronavirus-romania-16-octombrie-2021\/#breadcrumb","itemListElement":[{"@type":"ListItem","position":1,"name":"Acas\u0103","item":"https:\/\/buletin.de\/bucuresti\/"},{"@type":"ListItem","position":2,"name":"15.239 de cazuri de COVID-19 \u00een Rom\u00e2nia. Peste 3.000 de infect\u0103ri \u00een Capital\u0103"}]},{"@type":"WebSite","@id":"https:\/\/buletin.de\/bucuresti\/#website","url":"https:\/\/buletin.de\/bucuresti\/","name":"Buletin de Bucure\u0219ti","description":"\u0218tiri \u0219i investiga\u021bii esen\u021biale din capital\u0103","publisher":{"@id":"https:\/\/buletin.de\/bucuresti\/#organization"},"potentialAction":[{"@type":"SearchAction","target":{"@type":"EntryPoint","urlTemplate":"https:\/\/buletin.de\/bucuresti\/?s={search_term_string}"},"query-input":{"@type":"PropertyValueSpecification","valueRequired":true,"valueName":"search_term_string"}}],"inLanguage":"en-GB"},{"@type":"Organization","@id":"https:\/\/buletin.de\/bucuresti\/#organization","name":"Buletin de Bucure\u0219ti","url":"https:\/\/buletin.de\/bucuresti\/","logo":{"@type":"ImageObject","inLanguage":"en-GB","@id":"https:\/\/buletin.de\/bucuresti\/#\/schema\/logo\/image\/","url":"https:\/\/buletin.de\/bucuresti\/wp-content\/uploads\/logo-bdb-full-wide-vernil-transparent.png","contentUrl":"https:\/\/buletin.de\/bucuresti\/wp-content\/uploads\/logo-bdb-full-wide-vernil-transparent.png","width":1782,"height":626,"caption":"Buletin de Bucure\u0219ti"},"image":{"@id":"https:\/\/buletin.de\/bucuresti\/#\/schema\/logo\/image\/"},"sameAs":["https:\/\/www.facebook.com\/buletin.de.buc","https:\/\/www.instagram.com\/buletinde.bucuresti\/"]},{"@type":"Person","@id":"https:\/\/buletin.de\/bucuresti\/#\/schema\/person\/8ce85bbda5515a1abb525993294155a8","name":"Ana Tudor","image":{"@type":"ImageObject","inLanguage":"en-GB","@id":"https:\/\/secure.gravatar.com\/avatar\/390c40e2d9367046adb10d832317e3f5fb181fdecb236cb1a8187477756ae24a?s=96&d=monsterid&r=g0f86ad5d6b77046fd61bd633bbfa4a29","url":"https:\/\/secure.gravatar.com\/avatar\/390c40e2d9367046adb10d832317e3f5fb181fdecb236cb1a8187477756ae24a?s=96&d=monsterid&r=g","contentUrl":"https:\/\/secure.gravatar.com\/avatar\/390c40e2d9367046adb10d832317e3f5fb181fdecb236cb1a8187477756ae24a?s=96&d=monsterid&r=g","caption":"Ana Tudor"},"url":"https:\/\/buletin.de\/bucuresti\/author\/anamaria\/"}]}},"authors":[{"term_id":22597,"user_id":25,"is_guest":0,"slug":"anamaria","display_name":"Ana Tudor","avatar_url":"https:\/\/secure.gravatar.com\/avatar\/390c40e2d9367046adb10d832317e3f5fb181fdecb236cb1a8187477756ae24a?s=96&d=monsterid&r=g","0":null,"1":"","2":"","3":"","4":"","5":"","6":"","7":"","8":""}],"_links":{"self":[{"href":"https:\/\/buletin.de\/bucuresti\/wp-json\/wp\/v2\/posts\/32586","targetHints":{"allow":["GET"]}}],"collection":[{"href":"https:\/\/buletin.de\/bucuresti\/wp-json\/wp\/v2\/posts"}],"about":[{"href":"https:\/\/buletin.de\/bucuresti\/wp-json\/wp\/v2\/types\/post"}],"author":[{"embeddable":true,"href":"https:\/\/buletin.de\/bucuresti\/wp-json\/wp\/v2\/users\/25"}],"replies":[{"embeddable":true,"href":"https:\/\/buletin.de\/bucuresti\/wp-json\/wp\/v2\/comments?post=32586"}],"version-history":[{"count":1,"href":"https:\/\/buletin.de\/bucuresti\/wp-json\/wp\/v2\/posts\/32586\/revisions"}],"predecessor-version":[{"id":32590,"href":"https:\/\/buletin.de\/bucuresti\/wp-json\/wp\/v2\/posts\/32586\/revisions\/32590"}],"wp:featuredmedia":[{"embeddable":true,"href":"https:\/\/buletin.de\/bucuresti\/wp-json\/wp\/v2\/media\/32589"}],"wp:attachment":[{"href":"https:\/\/buletin.de\/bucuresti\/wp-json\/wp\/v2\/media?parent=32586"}],"wp:term":[{"taxonomy":"category","embeddable":true,"href":"https:\/\/buletin.de\/bucuresti\/wp-json\/wp\/v2\/categories?post=32586"},{"taxonomy":"post_tag","embeddable":true,"href":"https:\/\/buletin.de\/bucuresti\/wp-json\/wp\/v2\/tags?post=32586"},{"taxonomy":"author","embeddable":true,"href":"https:\/\/buletin.de\/bucuresti\/wp-json\/wp\/v2\/ppma_author?post=32586"}],"curies":[{"name":"wp","href":"https:\/\/api.w.org\/{rel}","templated":true}]}}