{"id":3242,"date":"2020-02-06T14:07:35","date_gmt":"2020-02-06T11:07:35","guid":{"rendered":"https:\/\/buletin.de\/bucuresti\/?p=3242"},"modified":"2020-02-06T14:29:07","modified_gmt":"2020-02-06T11:29:07","slug":"bucurestiul-sub-cod-portocaliu-de-viscol-in-februarie","status":"publish","type":"post","link":"https:\/\/buletin.de\/bucuresti\/bucurestiul-sub-cod-portocaliu-de-viscol-in-februarie\/","title":{"rendered":"Bucure\u0219tiul, sub cod portocaliu de viscol, \u00een februarie"},"content":{"rendered":"\n<p><em>Singura z\u0103pad\u0103 c\u0103zut\u0103 \u00een aceast\u0103 iarn\u0103 peste Capital\u0103 a dat peste cap, ca \u00een fiecare an, via\u021ba de zi cu zi a bucure\u0219tenilor, de\u0219i municipalitatea anun\u021ba \u00een seara de dinaintea vijeliei c\u0103 este preg\u0103tit\u0103 din plin s\u0103 fac\u0103 fa\u021b\u0103 v\u00e2ntului puternic \u0219i n\u0103me\u021bilor a\u0219tepta\u021bi.&nbsp;<\/em><\/p>\n\n\n\n<p>A doua zi diminea\u021b\u0103, v\u00e2ntul de peste noapte \u0219i stratul de 30 de centimetri de om\u0103t s-au dovedit imposibil de gestionat. Urm\u0103rile au fost pe m\u0103sur\u0103: 40 de copaci c\u0103zu\u021bi pe ma\u0219ini \u0219i carosabil, zeci de tramvaie blocate, cozi de ma\u0219ini \u0219i pietoni nemul\u021bumi\u021bi.<\/p>\n\n\n\n<figure class=\"wp-block-gallery columns-3 is-cropped wp-block-gallery-1 is-layout-flex wp-block-gallery-is-layout-flex\"><ul class=\"blocks-gallery-grid\"><li class=\"blocks-gallery-item\"><figure><a href=\"https:\/\/buletin.de\/bucuresti\/wp-content\/uploads\/MTS5119-scaled.jpg\"><img fetchpriority=\"high\" decoding=\"async\" width=\"900\" height=\"600\" src=\"data:image\/gif;base64,R0lGODlhAQABAAAAACH5BAEKAAEALAAAAAABAAEAAAICTAEAOw==\" data-src=\"https:\/\/buletin.de\/bucuresti\/wp-content\/uploads\/MTS5119-900x600.jpg\" alt=\"\" data-id=\"3252\" data-full-url=\"https:\/\/buletin.de\/bucuresti\/wp-content\/uploads\/MTS5119-scaled.jpg\" data-link=\"https:\/\/buletin.de\/bucuresti\/?attachment_id=3252\" class=\"wp-image-3252 lazyload\" data-sizes=\"auto\" data-srcset=\"https:\/\/buletin.de\/bucuresti\/wp-content\/uploads\/MTS5119-900x600.jpg 900w, https:\/\/buletin.de\/bucuresti\/wp-content\/uploads\/MTS5119-scaled-600x400.jpg 600w, https:\/\/buletin.de\/bucuresti\/wp-content\/uploads\/MTS5119-300x200.jpg 300w, https:\/\/buletin.de\/bucuresti\/wp-content\/uploads\/MTS5119-768x512.jpg 768w, https:\/\/buletin.de\/bucuresti\/wp-content\/uploads\/MTS5119-1536x1024.jpg 1536w, https:\/\/buletin.de\/bucuresti\/wp-content\/uploads\/MTS5119-2048x1365.jpg 2048w, https:\/\/buletin.de\/bucuresti\/wp-content\/uploads\/MTS5119-1060x707.jpg 1060w, https:\/\/buletin.de\/bucuresti\/wp-content\/uploads\/MTS5119-550x367.jpg 550w, https:\/\/buletin.de\/bucuresti\/wp-content\/uploads\/MTS5119-750x500.jpg 750w, https:\/\/buletin.de\/bucuresti\/wp-content\/uploads\/MTS5119-1920x1280.jpg 1920w, https:\/\/buletin.de\/bucuresti\/wp-content\/uploads\/MTS5119-1620x1080.jpg 1620w\" sizes=\"(max-width: 900px) 100vw, 900px\" \/><\/a><\/figure><\/li><li class=\"blocks-gallery-item\"><figure><a href=\"https:\/\/buletin.de\/bucuresti\/wp-content\/uploads\/MTS5125-scaled.jpg\"><img decoding=\"async\" width=\"900\" height=\"600\" src=\"data:image\/gif;base64,R0lGODlhAQABAAAAACH5BAEKAAEALAAAAAABAAEAAAICTAEAOw==\" data-src=\"https:\/\/buletin.de\/bucuresti\/wp-content\/uploads\/MTS5125-900x600.jpg\" alt=\"\" data-id=\"3253\" data-full-url=\"https:\/\/buletin.de\/bucuresti\/wp-content\/uploads\/MTS5125-scaled.jpg\" data-link=\"https:\/\/buletin.de\/bucuresti\/?attachment_id=3253\" class=\"wp-image-3253 lazyload\" data-sizes=\"auto\" data-srcset=\"https:\/\/buletin.de\/bucuresti\/wp-content\/uploads\/MTS5125-900x600.jpg 900w, https:\/\/buletin.de\/bucuresti\/wp-content\/uploads\/MTS5125-scaled-600x400.jpg 600w, https:\/\/buletin.de\/bucuresti\/wp-content\/uploads\/MTS5125-300x200.jpg 300w, https:\/\/buletin.de\/bucuresti\/wp-content\/uploads\/MTS5125-768x512.jpg 768w, https:\/\/buletin.de\/bucuresti\/wp-content\/uploads\/MTS5125-1536x1024.jpg 1536w, https:\/\/buletin.de\/bucuresti\/wp-content\/uploads\/MTS5125-2048x1365.jpg 2048w, https:\/\/buletin.de\/bucuresti\/wp-content\/uploads\/MTS5125-1060x707.jpg 1060w, https:\/\/buletin.de\/bucuresti\/wp-content\/uploads\/MTS5125-550x367.jpg 550w, https:\/\/buletin.de\/bucuresti\/wp-content\/uploads\/MTS5125-750x500.jpg 750w, https:\/\/buletin.de\/bucuresti\/wp-content\/uploads\/MTS5125-1920x1280.jpg 1920w, https:\/\/buletin.de\/bucuresti\/wp-content\/uploads\/MTS5125-1620x1080.jpg 1620w\" sizes=\"(max-width: 900px) 100vw, 900px\" \/><\/a><\/figure><\/li><li class=\"blocks-gallery-item\"><figure><a href=\"https:\/\/buletin.de\/bucuresti\/wp-content\/uploads\/MTS5128-scaled.jpg\"><img decoding=\"async\" width=\"900\" height=\"600\" src=\"data:image\/gif;base64,R0lGODlhAQABAAAAACH5BAEKAAEALAAAAAABAAEAAAICTAEAOw==\" data-src=\"https:\/\/buletin.de\/bucuresti\/wp-content\/uploads\/MTS5128-900x600.jpg\" alt=\"\" data-id=\"3254\" data-full-url=\"https:\/\/buletin.de\/bucuresti\/wp-content\/uploads\/MTS5128-scaled.jpg\" data-link=\"https:\/\/buletin.de\/bucuresti\/?attachment_id=3254\" class=\"wp-image-3254 lazyload\" data-sizes=\"auto\" data-srcset=\"https:\/\/buletin.de\/bucuresti\/wp-content\/uploads\/MTS5128-900x600.jpg 900w, https:\/\/buletin.de\/bucuresti\/wp-content\/uploads\/MTS5128-scaled-600x400.jpg 600w, https:\/\/buletin.de\/bucuresti\/wp-content\/uploads\/MTS5128-300x200.jpg 300w, https:\/\/buletin.de\/bucuresti\/wp-content\/uploads\/MTS5128-768x512.jpg 768w, https:\/\/buletin.de\/bucuresti\/wp-content\/uploads\/MTS5128-1536x1024.jpg 1536w, https:\/\/buletin.de\/bucuresti\/wp-content\/uploads\/MTS5128-2048x1365.jpg 2048w, https:\/\/buletin.de\/bucuresti\/wp-content\/uploads\/MTS5128-1060x707.jpg 1060w, https:\/\/buletin.de\/bucuresti\/wp-content\/uploads\/MTS5128-550x367.jpg 550w, https:\/\/buletin.de\/bucuresti\/wp-content\/uploads\/MTS5128-750x500.jpg 750w, https:\/\/buletin.de\/bucuresti\/wp-content\/uploads\/MTS5128-1920x1280.jpg 1920w, https:\/\/buletin.de\/bucuresti\/wp-content\/uploads\/MTS5128-1620x1080.jpg 1620w\" sizes=\"(max-width: 900px) 100vw, 900px\" \/><\/a><\/figure><\/li><li class=\"blocks-gallery-item\"><figure><a href=\"https:\/\/buletin.de\/bucuresti\/wp-content\/uploads\/MTS5137-scaled.jpg\"><img loading=\"lazy\" decoding=\"async\" width=\"900\" height=\"600\" src=\"data:image\/gif;base64,R0lGODlhAQABAAAAACH5BAEKAAEALAAAAAABAAEAAAICTAEAOw==\" data-src=\"https:\/\/buletin.de\/bucuresti\/wp-content\/uploads\/MTS5137-900x600.jpg\" alt=\"\" data-id=\"3255\" data-full-url=\"https:\/\/buletin.de\/bucuresti\/wp-content\/uploads\/MTS5137-scaled.jpg\" data-link=\"https:\/\/buletin.de\/bucuresti\/?attachment_id=3255\" class=\"wp-image-3255 lazyload\" data-sizes=\"auto\" data-srcset=\"https:\/\/buletin.de\/bucuresti\/wp-content\/uploads\/MTS5137-900x600.jpg 900w, https:\/\/buletin.de\/bucuresti\/wp-content\/uploads\/MTS5137-scaled-600x400.jpg 600w, https:\/\/buletin.de\/bucuresti\/wp-content\/uploads\/MTS5137-300x200.jpg 300w, https:\/\/buletin.de\/bucuresti\/wp-content\/uploads\/MTS5137-768x512.jpg 768w, https:\/\/buletin.de\/bucuresti\/wp-content\/uploads\/MTS5137-1536x1024.jpg 1536w, https:\/\/buletin.de\/bucuresti\/wp-content\/uploads\/MTS5137-2048x1365.jpg 2048w, https:\/\/buletin.de\/bucuresti\/wp-content\/uploads\/MTS5137-1060x707.jpg 1060w, https:\/\/buletin.de\/bucuresti\/wp-content\/uploads\/MTS5137-550x367.jpg 550w, https:\/\/buletin.de\/bucuresti\/wp-content\/uploads\/MTS5137-750x500.jpg 750w, https:\/\/buletin.de\/bucuresti\/wp-content\/uploads\/MTS5137-1920x1280.jpg 1920w, https:\/\/buletin.de\/bucuresti\/wp-content\/uploads\/MTS5137-1620x1080.jpg 1620w\" sizes=\"(max-width: 900px) 100vw, 900px\" \/><\/a><\/figure><\/li><li class=\"blocks-gallery-item\"><figure><a href=\"https:\/\/buletin.de\/bucuresti\/wp-content\/uploads\/MTS5148-scaled.jpg\"><img loading=\"lazy\" decoding=\"async\" width=\"900\" height=\"600\" src=\"data:image\/gif;base64,R0lGODlhAQABAAAAACH5BAEKAAEALAAAAAABAAEAAAICTAEAOw==\" data-src=\"https:\/\/buletin.de\/bucuresti\/wp-content\/uploads\/MTS5148-900x600.jpg\" alt=\"\" data-id=\"3256\" data-full-url=\"https:\/\/buletin.de\/bucuresti\/wp-content\/uploads\/MTS5148-scaled.jpg\" data-link=\"https:\/\/buletin.de\/bucuresti\/?attachment_id=3256\" class=\"wp-image-3256 lazyload\" data-sizes=\"auto\" data-srcset=\"https:\/\/buletin.de\/bucuresti\/wp-content\/uploads\/MTS5148-900x600.jpg 900w, https:\/\/buletin.de\/bucuresti\/wp-content\/uploads\/MTS5148-scaled-600x400.jpg 600w, https:\/\/buletin.de\/bucuresti\/wp-content\/uploads\/MTS5148-300x200.jpg 300w, https:\/\/buletin.de\/bucuresti\/wp-content\/uploads\/MTS5148-768x512.jpg 768w, https:\/\/buletin.de\/bucuresti\/wp-content\/uploads\/MTS5148-1536x1024.jpg 1536w, https:\/\/buletin.de\/bucuresti\/wp-content\/uploads\/MTS5148-2048x1365.jpg 2048w, https:\/\/buletin.de\/bucuresti\/wp-content\/uploads\/MTS5148-1060x707.jpg 1060w, https:\/\/buletin.de\/bucuresti\/wp-content\/uploads\/MTS5148-550x367.jpg 550w, https:\/\/buletin.de\/bucuresti\/wp-content\/uploads\/MTS5148-750x500.jpg 750w, https:\/\/buletin.de\/bucuresti\/wp-content\/uploads\/MTS5148-1920x1280.jpg 1920w, https:\/\/buletin.de\/bucuresti\/wp-content\/uploads\/MTS5148-1620x1080.jpg 1620w\" sizes=\"(max-width: 900px) 100vw, 900px\" \/><\/a><\/figure><\/li><li class=\"blocks-gallery-item\"><figure><a href=\"https:\/\/buletin.de\/bucuresti\/wp-content\/uploads\/MTS5154-scaled.jpg\"><img loading=\"lazy\" decoding=\"async\" width=\"900\" height=\"600\" src=\"data:image\/gif;base64,R0lGODlhAQABAAAAACH5BAEKAAEALAAAAAABAAEAAAICTAEAOw==\" data-src=\"https:\/\/buletin.de\/bucuresti\/wp-content\/uploads\/MTS5154-900x600.jpg\" alt=\"\" data-id=\"3257\" data-full-url=\"https:\/\/buletin.de\/bucuresti\/wp-content\/uploads\/MTS5154-scaled.jpg\" data-link=\"https:\/\/buletin.de\/bucuresti\/?attachment_id=3257\" class=\"wp-image-3257 lazyload\" data-sizes=\"auto\" data-srcset=\"https:\/\/buletin.de\/bucuresti\/wp-content\/uploads\/MTS5154-900x600.jpg 900w, https:\/\/buletin.de\/bucuresti\/wp-content\/uploads\/MTS5154-scaled-600x400.jpg 600w, https:\/\/buletin.de\/bucuresti\/wp-content\/uploads\/MTS5154-300x200.jpg 300w, https:\/\/buletin.de\/bucuresti\/wp-content\/uploads\/MTS5154-768x512.jpg 768w, https:\/\/buletin.de\/bucuresti\/wp-content\/uploads\/MTS5154-1536x1024.jpg 1536w, https:\/\/buletin.de\/bucuresti\/wp-content\/uploads\/MTS5154-2048x1365.jpg 2048w, https:\/\/buletin.de\/bucuresti\/wp-content\/uploads\/MTS5154-1060x707.jpg 1060w, https:\/\/buletin.de\/bucuresti\/wp-content\/uploads\/MTS5154-550x367.jpg 550w, https:\/\/buletin.de\/bucuresti\/wp-content\/uploads\/MTS5154-750x500.jpg 750w, https:\/\/buletin.de\/bucuresti\/wp-content\/uploads\/MTS5154-1920x1280.jpg 1920w, https:\/\/buletin.de\/bucuresti\/wp-content\/uploads\/MTS5154-1620x1080.jpg 1620w\" sizes=\"(max-width: 900px) 100vw, 900px\" \/><\/a><\/figure><\/li><\/ul><figcaption class=\"blocks-gallery-caption\"><em>Fotografii de Ion Mate\u0219<\/em><\/figcaption><\/figure>\n\n\n\n<div style=\"height:30px\" aria-hidden=\"true\" class=\"wp-block-spacer\"><\/div>\n\n\n\n<p>Z\u0103pada a adus \u0219i un festival de post\u0103ri din partea bucure\u0219tenilor, nemul\u021bumi\u021bi de cum au ac\u021bionat autorit\u0103\u021bile.&nbsp;<\/p>\n\n\n\n<div style=\"display:block; margin; 0 auto;\">\n<iframe src=\"https:\/\/www.facebook.com\/plugins\/post.php?href=https%3A%2F%2Fwww.facebook.com%2Fphoto.php%3Ffbid%3D10222128970233369%26set%3Dp.10222128970233369%26type%3D3&#038;width=500\" width=\"500\" height=\"300\" style=\"border:none;overflow:hidden\" scrolling=\"no\" frameborder=\"0\" allowTransparency=\"true\" allow=\"encrypted-media\"><\/iframe>\n<\/div>\n\n\n\n<div style=\"height:30px\" aria-hidden=\"true\" class=\"wp-block-spacer\"><\/div>\n\n\n\n<p>Irina Zamfirescu a luat la pas trotuarele din Bucure\u0219ti s\u0103 vad\u0103 cum sunt cur\u0103\u021bate trecerile de pietoni.&nbsp;<\/p>\n\n\n\n<div style=\"max-width: 500px; display: block; margin: 0 auto;\">\n<iframe src=\"https:\/\/www.facebook.com\/plugins\/post.php?href=https%3A%2F%2Fwww.facebook.com%2Fzamfi.irina%2Fposts%2F10157865508314194&#038;width=500\" width=\"500\" height=\"693\" style=\"border:none;overflow:hidden\" scrolling=\"no\" frameborder=\"0\" allowTransparency=\"true\" allow=\"encrypted-media\"><\/iframe>\n<\/div>\n\n\n\n<div style=\"height:30px\" aria-hidden=\"true\" class=\"wp-block-spacer\"><\/div>\n\n\n\n<p>Oana Poenaru, precupat\u0103 \u0219i ea de lipsa de interes pentru confortul pietonilor, s-a trezit \u00eentr-o alt\u0103 dilem\u0103.&nbsp;&nbsp;<\/p>\n\n\n\n<div style=\"max-width: 500px; display:block; margin: 0 auto\">\n<iframe src=\"https:\/\/www.facebook.com\/plugins\/post.php?href=https%3A%2F%2Fwww.facebook.com%2Foanacatalina.poenaru%2Fposts%2F10157061439978247&#038;width=500\" width=\"500\" height=\"249\" style=\"border:none;overflow:hidden\" scrolling=\"no\" frameborder=\"0\" allowTransparency=\"true\" allow=\"encrypted-media\"><\/iframe>\n<\/div>\n\n\n\n<div style=\"height:30px\" aria-hidden=\"true\" class=\"wp-block-spacer\"><\/div>\n\n\n\n<div style=\"max-width: 500px; display:block; margin: 0 auto;\">\n<iframe src=\"https:\/\/www.facebook.com\/plugins\/post.php?href=https%3A%2F%2Fwww.facebook.com%2Fivan.andrei.355%2Fposts%2F3067581606799792&#038;width=500\" width=\"500\" height=\"638\" style=\"border:none;overflow:hidden\" scrolling=\"no\" frameborder=\"0\" allowTransparency=\"true\" allow=\"encrypted-media\"><\/iframe>\n<\/div>\n","protected":false},"excerpt":{"rendered":"<p>Singura z\u0103pad\u0103 c\u0103zut\u0103 \u00een aceast\u0103 iarn\u0103 peste Capital\u0103 a dat peste cap, ca \u00een fiecare an, via\u021ba de zi cu zi a bucure\u0219tenilor, de\u0219i municipalitatea anun\u021ba \u00een seara de dinaintea vijeliei c\u0103 este preg\u0103tit\u0103 din plin s\u0103 fac\u0103 fa\u021b\u0103 v\u00e2ntului puternic \u0219i n\u0103me\u021bilor a\u0219tepta\u021bi.&nbsp; A doua zi diminea\u021b\u0103, v\u00e2ntul de peste noapte \u0219i stratul de [&hellip;]<\/p>\n","protected":false},"author":2,"featured_media":3255,"comment_status":"open","ping_status":"open","sticky":false,"template":"","format":"standard","meta":{"_acf_changed":false,"inline_featured_image":false,"ngg_post_thumbnail":0,"footnotes":""},"categories":[62],"tags":[557,556,558,559,555],"ppma_author":[22584],"class_list":["post-3242","post","type-post","status-publish","format-standard","has-post-thumbnail","hentry","category-stiri","tag-ninsoare","tag-noroi","tag-viscol","tag-vreme","tag-zapada"],"acf":[],"yoast_head":"<!-- This site is optimized with the Yoast SEO Premium plugin v25.3 (Yoast SEO v27.5) - https:\/\/yoast.com\/product\/yoast-seo-premium-wordpress\/ -->\n<title>Bucure\u0219tiul, sub cod portocaliu de viscol, \u00een februarie - Buletin de Bucure\u0219ti<\/title>\n<meta name=\"robots\" content=\"index, follow, max-snippet:-1, max-image-preview:large, max-video-preview:-1\" \/>\n<link rel=\"canonical\" href=\"https:\/\/buletin.de\/bucuresti\/bucurestiul-sub-cod-portocaliu-de-viscol-in-februarie\/\" \/>\n<meta property=\"og:locale\" content=\"en_GB\" \/>\n<meta property=\"og:type\" content=\"article\" \/>\n<meta property=\"og:title\" content=\"Bucure\u0219tiul, sub cod portocaliu de viscol, \u00een februarie\" \/>\n<meta property=\"og:description\" content=\"Singura z\u0103pad\u0103 c\u0103zut\u0103 \u00een aceast\u0103 iarn\u0103 peste Capital\u0103 a dat peste cap, ca \u00een fiecare an, via\u021ba de zi cu zi a bucure\u0219tenilor, de\u0219i municipalitatea anun\u021ba \u00een seara de dinaintea vijeliei c\u0103 este preg\u0103tit\u0103 din plin s\u0103 fac\u0103 fa\u021b\u0103 v\u00e2ntului puternic \u0219i n\u0103me\u021bilor a\u0219tepta\u021bi.&nbsp; A doua zi diminea\u021b\u0103, v\u00e2ntul de peste noapte \u0219i stratul de [&hellip;]\" \/>\n<meta property=\"og:url\" content=\"https:\/\/buletin.de\/bucuresti\/bucurestiul-sub-cod-portocaliu-de-viscol-in-februarie\/\" \/>\n<meta property=\"og:site_name\" content=\"Buletin de Bucure\u0219ti\" \/>\n<meta property=\"article:publisher\" content=\"https:\/\/www.facebook.com\/buletin.de.buc\" \/>\n<meta property=\"article:published_time\" content=\"2020-02-06T11:07:35+00:00\" \/>\n<meta property=\"article:modified_time\" content=\"2020-02-06T11:29:07+00:00\" \/>\n<meta property=\"og:image\" content=\"https:\/\/buletin.de\/bucuresti\/wp-content\/uploads\/MTS5137-scaled.jpg\" \/>\n\t<meta property=\"og:image:width\" content=\"2560\" \/>\n\t<meta property=\"og:image:height\" content=\"1706\" \/>\n\t<meta property=\"og:image:type\" content=\"image\/jpeg\" \/>\n<meta name=\"author\" content=\"Oana Despa\" \/>\n<meta name=\"twitter:card\" content=\"summary_large_image\" \/>\n<meta name=\"twitter:label1\" content=\"Written by\" \/>\n\t<meta name=\"twitter:data1\" content=\"Oana Despa\" \/>\n\t<meta name=\"twitter:label2\" content=\"Estimated reading time\" \/>\n\t<meta name=\"twitter:data2\" content=\"1 minute\" \/>\n<script type=\"application\/ld+json\" class=\"yoast-schema-graph\">{\"@context\":\"https:\\\/\\\/schema.org\",\"@graph\":[{\"@type\":\"Article\",\"@id\":\"https:\\\/\\\/buletin.de\\\/bucuresti\\\/bucurestiul-sub-cod-portocaliu-de-viscol-in-februarie\\\/#article\",\"isPartOf\":{\"@id\":\"https:\\\/\\\/buletin.de\\\/bucuresti\\\/bucurestiul-sub-cod-portocaliu-de-viscol-in-februarie\\\/\"},\"author\":{\"name\":\"Oana Despa\",\"@id\":\"https:\\\/\\\/buletin.de\\\/bucuresti\\\/#\\\/schema\\\/person\\\/f02780e5e00039cf0bc1d929798d0239\"},\"headline\":\"Bucure\u0219tiul, sub cod portocaliu de viscol, \u00een februarie\",\"datePublished\":\"2020-02-06T11:07:35+00:00\",\"dateModified\":\"2020-02-06T11:29:07+00:00\",\"mainEntityOfPage\":{\"@id\":\"https:\\\/\\\/buletin.de\\\/bucuresti\\\/bucurestiul-sub-cod-portocaliu-de-viscol-in-februarie\\\/\"},\"wordCount\":186,\"commentCount\":0,\"publisher\":{\"@id\":\"https:\\\/\\\/buletin.de\\\/bucuresti\\\/#organization\"},\"image\":{\"@id\":\"https:\\\/\\\/buletin.de\\\/bucuresti\\\/bucurestiul-sub-cod-portocaliu-de-viscol-in-februarie\\\/#primaryimage\"},\"thumbnailUrl\":\"https:\\\/\\\/buletin.de\\\/bucuresti\\\/wp-content\\\/uploads\\\/MTS5137-scaled.jpg\",\"keywords\":[\"ninsoare\",\"noroi\",\"viscol\",\"vreme\",\"zapada\"],\"articleSection\":[\"\u0218tiri\"],\"inLanguage\":\"en-GB\",\"potentialAction\":[{\"@type\":\"CommentAction\",\"name\":\"Comment\",\"target\":[\"https:\\\/\\\/buletin.de\\\/bucuresti\\\/bucurestiul-sub-cod-portocaliu-de-viscol-in-februarie\\\/#respond\"]}],\"copyrightYear\":\"2020\",\"copyrightHolder\":{\"@id\":\"https:\\\/\\\/buletin.de\\\/bucuresti\\\/#organization\"}},{\"@type\":\"WebPage\",\"@id\":\"https:\\\/\\\/buletin.de\\\/bucuresti\\\/bucurestiul-sub-cod-portocaliu-de-viscol-in-februarie\\\/\",\"url\":\"https:\\\/\\\/buletin.de\\\/bucuresti\\\/bucurestiul-sub-cod-portocaliu-de-viscol-in-februarie\\\/\",\"name\":\"Bucure\u0219tiul, sub cod portocaliu de viscol, \u00een februarie - Buletin de Bucure\u0219ti\",\"isPartOf\":{\"@id\":\"https:\\\/\\\/buletin.de\\\/bucuresti\\\/#website\"},\"primaryImageOfPage\":{\"@id\":\"https:\\\/\\\/buletin.de\\\/bucuresti\\\/bucurestiul-sub-cod-portocaliu-de-viscol-in-februarie\\\/#primaryimage\"},\"image\":{\"@id\":\"https:\\\/\\\/buletin.de\\\/bucuresti\\\/bucurestiul-sub-cod-portocaliu-de-viscol-in-februarie\\\/#primaryimage\"},\"thumbnailUrl\":\"https:\\\/\\\/buletin.de\\\/bucuresti\\\/wp-content\\\/uploads\\\/MTS5137-scaled.jpg\",\"datePublished\":\"2020-02-06T11:07:35+00:00\",\"dateModified\":\"2020-02-06T11:29:07+00:00\",\"breadcrumb\":{\"@id\":\"https:\\\/\\\/buletin.de\\\/bucuresti\\\/bucurestiul-sub-cod-portocaliu-de-viscol-in-februarie\\\/#breadcrumb\"},\"inLanguage\":\"en-GB\",\"potentialAction\":[{\"@type\":\"ReadAction\",\"target\":[\"https:\\\/\\\/buletin.de\\\/bucuresti\\\/bucurestiul-sub-cod-portocaliu-de-viscol-in-februarie\\\/\"]}]},{\"@type\":\"ImageObject\",\"inLanguage\":\"en-GB\",\"@id\":\"https:\\\/\\\/buletin.de\\\/bucuresti\\\/bucurestiul-sub-cod-portocaliu-de-viscol-in-februarie\\\/#primaryimage\",\"url\":\"https:\\\/\\\/buletin.de\\\/bucuresti\\\/wp-content\\\/uploads\\\/MTS5137-scaled.jpg\",\"contentUrl\":\"https:\\\/\\\/buletin.de\\\/bucuresti\\\/wp-content\\\/uploads\\\/MTS5137-scaled.jpg\",\"width\":2560,\"height\":1706},{\"@type\":\"BreadcrumbList\",\"@id\":\"https:\\\/\\\/buletin.de\\\/bucuresti\\\/bucurestiul-sub-cod-portocaliu-de-viscol-in-februarie\\\/#breadcrumb\",\"itemListElement\":[{\"@type\":\"ListItem\",\"position\":1,\"name\":\"Acas\u0103\",\"item\":\"https:\\\/\\\/buletin.de\\\/bucuresti\\\/\"},{\"@type\":\"ListItem\",\"position\":2,\"name\":\"Bucure\u0219tiul, sub cod portocaliu de viscol, \u00een februarie\"}]},{\"@type\":\"WebSite\",\"@id\":\"https:\\\/\\\/buletin.de\\\/bucuresti\\\/#website\",\"url\":\"https:\\\/\\\/buletin.de\\\/bucuresti\\\/\",\"name\":\"Buletin de Bucure\u0219ti\",\"description\":\"\u0218tiri \u0219i investiga\u021bii esen\u021biale din capital\u0103\",\"publisher\":{\"@id\":\"https:\\\/\\\/buletin.de\\\/bucuresti\\\/#organization\"},\"potentialAction\":[{\"@type\":\"SearchAction\",\"target\":{\"@type\":\"EntryPoint\",\"urlTemplate\":\"https:\\\/\\\/buletin.de\\\/bucuresti\\\/?s={search_term_string}\"},\"query-input\":{\"@type\":\"PropertyValueSpecification\",\"valueRequired\":true,\"valueName\":\"search_term_string\"}}],\"inLanguage\":\"en-GB\"},{\"@type\":\"Organization\",\"@id\":\"https:\\\/\\\/buletin.de\\\/bucuresti\\\/#organization\",\"name\":\"Buletin de Bucure\u0219ti\",\"url\":\"https:\\\/\\\/buletin.de\\\/bucuresti\\\/\",\"logo\":{\"@type\":\"ImageObject\",\"inLanguage\":\"en-GB\",\"@id\":\"https:\\\/\\\/buletin.de\\\/bucuresti\\\/#\\\/schema\\\/logo\\\/image\\\/\",\"url\":\"https:\\\/\\\/buletin.de\\\/bucuresti\\\/wp-content\\\/uploads\\\/logo-bdb-full-wide-vernil-transparent.png\",\"contentUrl\":\"https:\\\/\\\/buletin.de\\\/bucuresti\\\/wp-content\\\/uploads\\\/logo-bdb-full-wide-vernil-transparent.png\",\"width\":1782,\"height\":626,\"caption\":\"Buletin de Bucure\u0219ti\"},\"image\":{\"@id\":\"https:\\\/\\\/buletin.de\\\/bucuresti\\\/#\\\/schema\\\/logo\\\/image\\\/\"},\"sameAs\":[\"https:\\\/\\\/www.facebook.com\\\/buletin.de.buc\",\"https:\\\/\\\/www.instagram.com\\\/buletinde.bucuresti\\\/\"]},{\"@type\":\"Person\",\"@id\":\"https:\\\/\\\/buletin.de\\\/bucuresti\\\/#\\\/schema\\\/person\\\/f02780e5e00039cf0bc1d929798d0239\",\"name\":\"Oana Despa\",\"image\":{\"@type\":\"ImageObject\",\"inLanguage\":\"en-GB\",\"@id\":\"https:\\\/\\\/secure.gravatar.com\\\/avatar\\\/315d42f2ee19dcce5c47d87713af9f3ec85494d7026ca420f44668b51324357e?s=96&d=monsterid&r=g9679e8786333bebe875735ec1e7b81f0\",\"url\":\"https:\\\/\\\/secure.gravatar.com\\\/avatar\\\/315d42f2ee19dcce5c47d87713af9f3ec85494d7026ca420f44668b51324357e?s=96&d=monsterid&r=g\",\"contentUrl\":\"https:\\\/\\\/secure.gravatar.com\\\/avatar\\\/315d42f2ee19dcce5c47d87713af9f3ec85494d7026ca420f44668b51324357e?s=96&d=monsterid&r=g\",\"caption\":\"Oana Despa\"},\"description\":\"Editor\",\"url\":\"https:\\\/\\\/buletin.de\\\/bucuresti\\\/author\\\/oanadespa\\\/\"}]}<\/script>\n<!-- \/ Yoast SEO Premium plugin. -->","yoast_head_json":{"title":"Bucure\u0219tiul, sub cod portocaliu de viscol, \u00een februarie - Buletin de Bucure\u0219ti","robots":{"index":"index","follow":"follow","max-snippet":"max-snippet:-1","max-image-preview":"max-image-preview:large","max-video-preview":"max-video-preview:-1"},"canonical":"https:\/\/buletin.de\/bucuresti\/bucurestiul-sub-cod-portocaliu-de-viscol-in-februarie\/","og_locale":"en_GB","og_type":"article","og_title":"Bucure\u0219tiul, sub cod portocaliu de viscol, \u00een februarie","og_description":"Singura z\u0103pad\u0103 c\u0103zut\u0103 \u00een aceast\u0103 iarn\u0103 peste Capital\u0103 a dat peste cap, ca \u00een fiecare an, via\u021ba de zi cu zi a bucure\u0219tenilor, de\u0219i municipalitatea anun\u021ba \u00een seara de dinaintea vijeliei c\u0103 este preg\u0103tit\u0103 din plin s\u0103 fac\u0103 fa\u021b\u0103 v\u00e2ntului puternic \u0219i n\u0103me\u021bilor a\u0219tepta\u021bi.&nbsp; A doua zi diminea\u021b\u0103, v\u00e2ntul de peste noapte \u0219i stratul de [&hellip;]","og_url":"https:\/\/buletin.de\/bucuresti\/bucurestiul-sub-cod-portocaliu-de-viscol-in-februarie\/","og_site_name":"Buletin de Bucure\u0219ti","article_publisher":"https:\/\/www.facebook.com\/buletin.de.buc","article_published_time":"2020-02-06T11:07:35+00:00","article_modified_time":"2020-02-06T11:29:07+00:00","og_image":[{"width":2560,"height":1706,"url":"https:\/\/buletin.de\/bucuresti\/wp-content\/uploads\/MTS5137-scaled.jpg","type":"image\/jpeg"}],"author":"Oana Despa","twitter_card":"summary_large_image","twitter_misc":{"Written by":"Oana Despa","Estimated reading time":"1 minute"},"schema":{"@context":"https:\/\/schema.org","@graph":[{"@type":"Article","@id":"https:\/\/buletin.de\/bucuresti\/bucurestiul-sub-cod-portocaliu-de-viscol-in-februarie\/#article","isPartOf":{"@id":"https:\/\/buletin.de\/bucuresti\/bucurestiul-sub-cod-portocaliu-de-viscol-in-februarie\/"},"author":{"name":"Oana Despa","@id":"https:\/\/buletin.de\/bucuresti\/#\/schema\/person\/f02780e5e00039cf0bc1d929798d0239"},"headline":"Bucure\u0219tiul, sub cod portocaliu de viscol, \u00een februarie","datePublished":"2020-02-06T11:07:35+00:00","dateModified":"2020-02-06T11:29:07+00:00","mainEntityOfPage":{"@id":"https:\/\/buletin.de\/bucuresti\/bucurestiul-sub-cod-portocaliu-de-viscol-in-februarie\/"},"wordCount":186,"commentCount":0,"publisher":{"@id":"https:\/\/buletin.de\/bucuresti\/#organization"},"image":{"@id":"https:\/\/buletin.de\/bucuresti\/bucurestiul-sub-cod-portocaliu-de-viscol-in-februarie\/#primaryimage"},"thumbnailUrl":"https:\/\/buletin.de\/bucuresti\/wp-content\/uploads\/MTS5137-scaled.jpg","keywords":["ninsoare","noroi","viscol","vreme","zapada"],"articleSection":["\u0218tiri"],"inLanguage":"en-GB","potentialAction":[{"@type":"CommentAction","name":"Comment","target":["https:\/\/buletin.de\/bucuresti\/bucurestiul-sub-cod-portocaliu-de-viscol-in-februarie\/#respond"]}],"copyrightYear":"2020","copyrightHolder":{"@id":"https:\/\/buletin.de\/bucuresti\/#organization"}},{"@type":"WebPage","@id":"https:\/\/buletin.de\/bucuresti\/bucurestiul-sub-cod-portocaliu-de-viscol-in-februarie\/","url":"https:\/\/buletin.de\/bucuresti\/bucurestiul-sub-cod-portocaliu-de-viscol-in-februarie\/","name":"Bucure\u0219tiul, sub cod portocaliu de viscol, \u00een februarie - Buletin de Bucure\u0219ti","isPartOf":{"@id":"https:\/\/buletin.de\/bucuresti\/#website"},"primaryImageOfPage":{"@id":"https:\/\/buletin.de\/bucuresti\/bucurestiul-sub-cod-portocaliu-de-viscol-in-februarie\/#primaryimage"},"image":{"@id":"https:\/\/buletin.de\/bucuresti\/bucurestiul-sub-cod-portocaliu-de-viscol-in-februarie\/#primaryimage"},"thumbnailUrl":"https:\/\/buletin.de\/bucuresti\/wp-content\/uploads\/MTS5137-scaled.jpg","datePublished":"2020-02-06T11:07:35+00:00","dateModified":"2020-02-06T11:29:07+00:00","breadcrumb":{"@id":"https:\/\/buletin.de\/bucuresti\/bucurestiul-sub-cod-portocaliu-de-viscol-in-februarie\/#breadcrumb"},"inLanguage":"en-GB","potentialAction":[{"@type":"ReadAction","target":["https:\/\/buletin.de\/bucuresti\/bucurestiul-sub-cod-portocaliu-de-viscol-in-februarie\/"]}]},{"@type":"ImageObject","inLanguage":"en-GB","@id":"https:\/\/buletin.de\/bucuresti\/bucurestiul-sub-cod-portocaliu-de-viscol-in-februarie\/#primaryimage","url":"https:\/\/buletin.de\/bucuresti\/wp-content\/uploads\/MTS5137-scaled.jpg","contentUrl":"https:\/\/buletin.de\/bucuresti\/wp-content\/uploads\/MTS5137-scaled.jpg","width":2560,"height":1706},{"@type":"BreadcrumbList","@id":"https:\/\/buletin.de\/bucuresti\/bucurestiul-sub-cod-portocaliu-de-viscol-in-februarie\/#breadcrumb","itemListElement":[{"@type":"ListItem","position":1,"name":"Acas\u0103","item":"https:\/\/buletin.de\/bucuresti\/"},{"@type":"ListItem","position":2,"name":"Bucure\u0219tiul, sub cod portocaliu de viscol, \u00een februarie"}]},{"@type":"WebSite","@id":"https:\/\/buletin.de\/bucuresti\/#website","url":"https:\/\/buletin.de\/bucuresti\/","name":"Buletin de Bucure\u0219ti","description":"\u0218tiri \u0219i investiga\u021bii esen\u021biale din capital\u0103","publisher":{"@id":"https:\/\/buletin.de\/bucuresti\/#organization"},"potentialAction":[{"@type":"SearchAction","target":{"@type":"EntryPoint","urlTemplate":"https:\/\/buletin.de\/bucuresti\/?s={search_term_string}"},"query-input":{"@type":"PropertyValueSpecification","valueRequired":true,"valueName":"search_term_string"}}],"inLanguage":"en-GB"},{"@type":"Organization","@id":"https:\/\/buletin.de\/bucuresti\/#organization","name":"Buletin de Bucure\u0219ti","url":"https:\/\/buletin.de\/bucuresti\/","logo":{"@type":"ImageObject","inLanguage":"en-GB","@id":"https:\/\/buletin.de\/bucuresti\/#\/schema\/logo\/image\/","url":"https:\/\/buletin.de\/bucuresti\/wp-content\/uploads\/logo-bdb-full-wide-vernil-transparent.png","contentUrl":"https:\/\/buletin.de\/bucuresti\/wp-content\/uploads\/logo-bdb-full-wide-vernil-transparent.png","width":1782,"height":626,"caption":"Buletin de Bucure\u0219ti"},"image":{"@id":"https:\/\/buletin.de\/bucuresti\/#\/schema\/logo\/image\/"},"sameAs":["https:\/\/www.facebook.com\/buletin.de.buc","https:\/\/www.instagram.com\/buletinde.bucuresti\/"]},{"@type":"Person","@id":"https:\/\/buletin.de\/bucuresti\/#\/schema\/person\/f02780e5e00039cf0bc1d929798d0239","name":"Oana Despa","image":{"@type":"ImageObject","inLanguage":"en-GB","@id":"https:\/\/secure.gravatar.com\/avatar\/315d42f2ee19dcce5c47d87713af9f3ec85494d7026ca420f44668b51324357e?s=96&d=monsterid&r=g9679e8786333bebe875735ec1e7b81f0","url":"https:\/\/secure.gravatar.com\/avatar\/315d42f2ee19dcce5c47d87713af9f3ec85494d7026ca420f44668b51324357e?s=96&d=monsterid&r=g","contentUrl":"https:\/\/secure.gravatar.com\/avatar\/315d42f2ee19dcce5c47d87713af9f3ec85494d7026ca420f44668b51324357e?s=96&d=monsterid&r=g","caption":"Oana Despa"},"description":"Editor","url":"https:\/\/buletin.de\/bucuresti\/author\/oanadespa\/"}]}},"authors":[{"term_id":22584,"user_id":2,"is_guest":0,"slug":"oanadespa","display_name":"Oana Despa","avatar_url":"https:\/\/secure.gravatar.com\/avatar\/315d42f2ee19dcce5c47d87713af9f3ec85494d7026ca420f44668b51324357e?s=96&d=monsterid&r=g","0":null,"1":"","2":"","3":"","4":"","5":"","6":"","7":"","8":""}],"_links":{"self":[{"href":"https:\/\/buletin.de\/bucuresti\/wp-json\/wp\/v2\/posts\/3242","targetHints":{"allow":["GET"]}}],"collection":[{"href":"https:\/\/buletin.de\/bucuresti\/wp-json\/wp\/v2\/posts"}],"about":[{"href":"https:\/\/buletin.de\/bucuresti\/wp-json\/wp\/v2\/types\/post"}],"author":[{"embeddable":true,"href":"https:\/\/buletin.de\/bucuresti\/wp-json\/wp\/v2\/users\/2"}],"replies":[{"embeddable":true,"href":"https:\/\/buletin.de\/bucuresti\/wp-json\/wp\/v2\/comments?post=3242"}],"version-history":[{"count":13,"href":"https:\/\/buletin.de\/bucuresti\/wp-json\/wp\/v2\/posts\/3242\/revisions"}],"predecessor-version":[{"id":3261,"href":"https:\/\/buletin.de\/bucuresti\/wp-json\/wp\/v2\/posts\/3242\/revisions\/3261"}],"wp:featuredmedia":[{"embeddable":true,"href":"https:\/\/buletin.de\/bucuresti\/wp-json\/wp\/v2\/media\/3255"}],"wp:attachment":[{"href":"https:\/\/buletin.de\/bucuresti\/wp-json\/wp\/v2\/media?parent=3242"}],"wp:term":[{"taxonomy":"category","embeddable":true,"href":"https:\/\/buletin.de\/bucuresti\/wp-json\/wp\/v2\/categories?post=3242"},{"taxonomy":"post_tag","embeddable":true,"href":"https:\/\/buletin.de\/bucuresti\/wp-json\/wp\/v2\/tags?post=3242"},{"taxonomy":"author","embeddable":true,"href":"https:\/\/buletin.de\/bucuresti\/wp-json\/wp\/v2\/ppma_author?post=3242"}],"curies":[{"name":"wp","href":"https:\/\/api.w.org\/{rel}","templated":true}]}}