{"id":32368,"date":"2021-11-04T10:23:15","date_gmt":"2021-11-04T07:23:15","guid":{"rendered":"https:\/\/buletin.de\/bucuresti\/?p=32368"},"modified":"2021-11-04T12:04:49","modified_gmt":"2021-11-04T09:04:49","slug":"robert-negoita-l-a-facut-consilierul-lui-personal-pe-administratorul-institutiei-la-care-lucrau-muncitorii-decedati-pe-santierul-ilegal-al-primarului","status":"publish","type":"post","link":"https:\/\/buletin.de\/bucuresti\/robert-negoita-l-a-facut-consilierul-lui-personal-pe-administratorul-institutiei-la-care-lucrau-muncitorii-decedati-pe-santierul-ilegal-al-primarului\/","title":{"rendered":"Robert Negoi\u021b\u0103 l-a numit consilier personal pe administratorul companiei la care lucrau muncitorii mor\u021bi pe \u0219antierul ilegal al primarului"},"content":{"rendered":"\n<p><em><strong>Pe 15 septembrie, primarul sectorului 3 l-a numit pe Radu Alin Panait, fostul director al Consiliului de Administra\u021bie (CA) \u0219i administratorul Algorithm Residential S3, consilier \u00een cadrul Compartimentului Cabinet Primar. Cu doar o lun\u0103 jum\u0103tate \u00een urm\u0103, doi muncitori din subordinea lui, care <a href=\"https:\/\/buletin.de\/bucuresti\/firma-primariei-lui-negoita-unde-erau-angajati-cei-sase-muncitori-surprinsi-de-valul-de-pamant-lucra-fara-autorizatie-pe-terenul-ministerului-culturii\/\">lucrau pe un \u0219antier ilegal al Algorithm Residential<\/a>, au fost suprin\u0219i de un val de p\u0103m\u00e2nt \u0219i au decedat.<\/strong><\/em><\/p>\n\n\n\n<p>Radu Alin Panait \u0219i-a \u00eenceput cariera public\u0103 la v\u00e2rsta de 26 de ani, \u00een func\u021bia de consilier local al sectorului 3. \u00cen 2018 a \u00eenceput s\u0103 administreze Algorithm Residential S3, societate pe ac\u021biuni finan\u021bat\u0103 din bugetul sectorului 3. A p\u0103strat aceast\u0103 func\u021bie func\u021bie p\u00e2n\u0103 la mijlocul lunii septembrie, atunci c\u00e2nd a devenit consilierul personal al primarului Negoi\u021b\u0103. <\/p>\n\n\n\n<p>Conform<a href=\"https:\/\/www.facebook.com\/AlgorithmResidentialS3\/posts\/4874884842540729\" target=\"_blank\" rel=\"noreferrer noopener\"> CV-ului lui<\/a>, prima diplom\u0103 pe care a ob\u021binut-o actualul consilier al lui Negoi\u021b\u0103 este \u00een ingineria produselor alimentare. Ulterior, a terminat Facultatea de Drept \u0219i Administra\u021bie Public\u0103 la SNSPA. Are dou\u0103 diserta\u021bii, una sus\u021binut\u0103 la \u0218tiin\u021be Politice, SNSPA, cu tema \u201e<em>Eficien\u021ba Managementului \u00een administra\u021bia public\u0103 local\u0103<\/em>\u201d \u0219i alta la Academia Na\u021bional\u0103 de Informa\u021bii Mihai Viteazul, intitulat\u0103 \u201e<em>Limbaj nonverbal \u0219i tehnici de comunicare folosite \u00een discursurile publice<\/em>\u201d.<\/p>\n\n\n\n<p>P\u00e2n\u0103 \u00een ziua de azi, Radu Alin Panait \u0219i Robert Negoi\u021b\u0103 refuz\u0103 s\u0103 r\u0103spund\u0103 \u00eentreb\u0103rilor presei despre accidentul din 2 august, de\u0219i ei erau printre cei responsabili de lucr\u0103rile care se executau pe terenul de l\u00e2ng\u0103 Biblioteca Na\u021bional\u0103.<\/p>\n\n\n\n<p>Ministerul Culturii, proprietarul terenului unde se desf\u0103\u0219ura \u0219antierul ilegal, ne-a transmis c\u0103 nu a contractat serviciile primarului Robert Negoi\u021b\u0103. Inspectoratul de Stat \u00een Construc\u021bii a comunicat c\u0103 accidentul a avut loc din cauza modului \u00een care au fost f\u0103cute lucr\u0103rile de s\u0103p\u0103tur\u0103 a \u0219an\u021bului.<\/p>\n\n\n\n<p>\u00cen momentul de fa\u021b\u0103, Inspectoratul Teritorial de Munc\u0103 din Bucure\u0219ti \u00eenc\u0103 cerceteaz\u0103 accidentul. Conform r\u0103spunsurilor primite de Buletin de Bucure\u0219ti, termenul de finalizare al cercet\u0103rii a fost prelungit din cauza faptului c\u0103 \u00eenc\u0103 nu a fost primit rezultatului expertizei tehnice. <\/p>\n","protected":false},"excerpt":{"rendered":"<p>Pe 15 septembrie, primarul sectorului 3 l-a numit pe Radu Alin Panait, fostul director al Consiliului de Administra\u021bie (CA) \u0219i administratorul Algorithm Residential S3, consilier \u00een cadrul Compartimentului Cabinet Primar. Cu doar o lun\u0103 jum\u0103tate \u00een urm\u0103, doi muncitori din subordinea lui, care lucrau pe un \u0219antier ilegal al Algorithm Residential, au fost suprin\u0219i de [&hellip;]<\/p>\n","protected":false},"author":6,"featured_media":28995,"comment_status":"closed","ping_status":"open","sticky":false,"template":"","format":"standard","meta":{"_acf_changed":false,"inline_featured_image":false,"ngg_post_thumbnail":0,"footnotes":""},"categories":[24,62],"tags":[3175,3319,3320,220,3226,440],"ppma_author":[22588],"class_list":["post-32368","post","type-post","status-publish","format-standard","has-post-thumbnail","hentry","category-primarie","category-stiri","tag-algorithm-residential","tag-muncitori-decedati","tag-radu-panait","tag-robert-negoita","tag-santier-ilegal","tag-sector-3"],"acf":[],"yoast_head":"<!-- This site is optimized with the Yoast SEO Premium plugin v25.3 (Yoast SEO v27.5) - https:\/\/yoast.com\/product\/yoast-seo-premium-wordpress\/ -->\n<title>Robert Negoi\u021b\u0103 l-a numit consilier personal pe administratorul companiei la care lucrau muncitorii mor\u021bi pe \u0219antierul ilegal al primarului - Buletin de Bucure\u0219ti<\/title>\n<meta name=\"robots\" content=\"index, follow, max-snippet:-1, max-image-preview:large, max-video-preview:-1\" \/>\n<link rel=\"canonical\" href=\"https:\/\/buletin.de\/bucuresti\/robert-negoita-l-a-facut-consilierul-lui-personal-pe-administratorul-institutiei-la-care-lucrau-muncitorii-decedati-pe-santierul-ilegal-al-primarului\/\" \/>\n<meta property=\"og:locale\" content=\"en_GB\" \/>\n<meta property=\"og:type\" content=\"article\" \/>\n<meta property=\"og:title\" content=\"Robert Negoi\u021b\u0103 l-a numit consilier personal pe administratorul companiei la care lucrau muncitorii mor\u021bi pe \u0219antierul ilegal al primarului\" \/>\n<meta property=\"og:description\" content=\"Pe 15 septembrie, primarul sectorului 3 l-a numit pe Radu Alin Panait, fostul director al Consiliului de Administra\u021bie (CA) \u0219i administratorul Algorithm Residential S3, consilier \u00een cadrul Compartimentului Cabinet Primar. Cu doar o lun\u0103 jum\u0103tate \u00een urm\u0103, doi muncitori din subordinea lui, care lucrau pe un \u0219antier ilegal al Algorithm Residential, au fost suprin\u0219i de [&hellip;]\" \/>\n<meta property=\"og:url\" content=\"https:\/\/buletin.de\/bucuresti\/robert-negoita-l-a-facut-consilierul-lui-personal-pe-administratorul-institutiei-la-care-lucrau-muncitorii-decedati-pe-santierul-ilegal-al-primarului\/\" \/>\n<meta property=\"og:site_name\" content=\"Buletin de Bucure\u0219ti\" \/>\n<meta property=\"article:publisher\" content=\"https:\/\/www.facebook.com\/buletin.de.buc\" \/>\n<meta property=\"article:published_time\" content=\"2021-11-04T07:23:15+00:00\" \/>\n<meta property=\"article:modified_time\" content=\"2021-11-04T09:04:49+00:00\" \/>\n<meta property=\"og:image\" content=\"https:\/\/buletin.de\/bucuresti\/wp-content\/uploads\/Screenshot_s1-900x422.png\" \/>\n\t<meta property=\"og:image:width\" content=\"900\" \/>\n\t<meta property=\"og:image:height\" content=\"422\" \/>\n\t<meta property=\"og:image:type\" content=\"image\/png\" \/>\n<meta name=\"author\" content=\"Bianca Albu\" \/>\n<meta name=\"twitter:card\" content=\"summary_large_image\" \/>\n<meta name=\"twitter:label1\" content=\"Written by\" \/>\n\t<meta name=\"twitter:data1\" content=\"Bianca Albu\" \/>\n\t<meta name=\"twitter:label2\" content=\"Estimated reading time\" \/>\n\t<meta name=\"twitter:data2\" content=\"2 minutes\" \/>\n<script type=\"application\/ld+json\" class=\"yoast-schema-graph\">{\"@context\":\"https:\\\/\\\/schema.org\",\"@graph\":[{\"@type\":\"Article\",\"@id\":\"https:\\\/\\\/buletin.de\\\/bucuresti\\\/robert-negoita-l-a-facut-consilierul-lui-personal-pe-administratorul-institutiei-la-care-lucrau-muncitorii-decedati-pe-santierul-ilegal-al-primarului\\\/#article\",\"isPartOf\":{\"@id\":\"https:\\\/\\\/buletin.de\\\/bucuresti\\\/robert-negoita-l-a-facut-consilierul-lui-personal-pe-administratorul-institutiei-la-care-lucrau-muncitorii-decedati-pe-santierul-ilegal-al-primarului\\\/\"},\"author\":{\"name\":\"Bianca Albu\",\"@id\":\"https:\\\/\\\/buletin.de\\\/bucuresti\\\/#\\\/schema\\\/person\\\/295dc2228d2dc79294d636619468dc7f\"},\"headline\":\"Robert Negoi\u021b\u0103 l-a numit consilier personal pe administratorul companiei la care lucrau muncitorii mor\u021bi pe \u0219antierul ilegal al primarului\",\"datePublished\":\"2021-11-04T07:23:15+00:00\",\"dateModified\":\"2021-11-04T09:04:49+00:00\",\"mainEntityOfPage\":{\"@id\":\"https:\\\/\\\/buletin.de\\\/bucuresti\\\/robert-negoita-l-a-facut-consilierul-lui-personal-pe-administratorul-institutiei-la-care-lucrau-muncitorii-decedati-pe-santierul-ilegal-al-primarului\\\/\"},\"wordCount\":362,\"publisher\":{\"@id\":\"https:\\\/\\\/buletin.de\\\/bucuresti\\\/#organization\"},\"image\":{\"@id\":\"https:\\\/\\\/buletin.de\\\/bucuresti\\\/robert-negoita-l-a-facut-consilierul-lui-personal-pe-administratorul-institutiei-la-care-lucrau-muncitorii-decedati-pe-santierul-ilegal-al-primarului\\\/#primaryimage\"},\"thumbnailUrl\":\"https:\\\/\\\/buletin.de\\\/bucuresti\\\/wp-content\\\/uploads\\\/Screenshot_s1.png\",\"keywords\":[\"algorithm residential\",\"muncitori decedati\",\"radu panait\",\"robert negoita\",\"santier ilegal\",\"Sector 3\"],\"articleSection\":[\"Prim\u0103rie\",\"\u0218tiri\"],\"inLanguage\":\"en-GB\",\"copyrightYear\":\"2021\",\"copyrightHolder\":{\"@id\":\"https:\\\/\\\/buletin.de\\\/bucuresti\\\/#organization\"}},{\"@type\":\"WebPage\",\"@id\":\"https:\\\/\\\/buletin.de\\\/bucuresti\\\/robert-negoita-l-a-facut-consilierul-lui-personal-pe-administratorul-institutiei-la-care-lucrau-muncitorii-decedati-pe-santierul-ilegal-al-primarului\\\/\",\"url\":\"https:\\\/\\\/buletin.de\\\/bucuresti\\\/robert-negoita-l-a-facut-consilierul-lui-personal-pe-administratorul-institutiei-la-care-lucrau-muncitorii-decedati-pe-santierul-ilegal-al-primarului\\\/\",\"name\":\"Robert Negoi\u021b\u0103 l-a numit consilier personal pe administratorul companiei la care lucrau muncitorii mor\u021bi pe \u0219antierul ilegal al primarului - Buletin de Bucure\u0219ti\",\"isPartOf\":{\"@id\":\"https:\\\/\\\/buletin.de\\\/bucuresti\\\/#website\"},\"primaryImageOfPage\":{\"@id\":\"https:\\\/\\\/buletin.de\\\/bucuresti\\\/robert-negoita-l-a-facut-consilierul-lui-personal-pe-administratorul-institutiei-la-care-lucrau-muncitorii-decedati-pe-santierul-ilegal-al-primarului\\\/#primaryimage\"},\"image\":{\"@id\":\"https:\\\/\\\/buletin.de\\\/bucuresti\\\/robert-negoita-l-a-facut-consilierul-lui-personal-pe-administratorul-institutiei-la-care-lucrau-muncitorii-decedati-pe-santierul-ilegal-al-primarului\\\/#primaryimage\"},\"thumbnailUrl\":\"https:\\\/\\\/buletin.de\\\/bucuresti\\\/wp-content\\\/uploads\\\/Screenshot_s1.png\",\"datePublished\":\"2021-11-04T07:23:15+00:00\",\"dateModified\":\"2021-11-04T09:04:49+00:00\",\"breadcrumb\":{\"@id\":\"https:\\\/\\\/buletin.de\\\/bucuresti\\\/robert-negoita-l-a-facut-consilierul-lui-personal-pe-administratorul-institutiei-la-care-lucrau-muncitorii-decedati-pe-santierul-ilegal-al-primarului\\\/#breadcrumb\"},\"inLanguage\":\"en-GB\",\"potentialAction\":[{\"@type\":\"ReadAction\",\"target\":[\"https:\\\/\\\/buletin.de\\\/bucuresti\\\/robert-negoita-l-a-facut-consilierul-lui-personal-pe-administratorul-institutiei-la-care-lucrau-muncitorii-decedati-pe-santierul-ilegal-al-primarului\\\/\"]}]},{\"@type\":\"ImageObject\",\"inLanguage\":\"en-GB\",\"@id\":\"https:\\\/\\\/buletin.de\\\/bucuresti\\\/robert-negoita-l-a-facut-consilierul-lui-personal-pe-administratorul-institutiei-la-care-lucrau-muncitorii-decedati-pe-santierul-ilegal-al-primarului\\\/#primaryimage\",\"url\":\"https:\\\/\\\/buletin.de\\\/bucuresti\\\/wp-content\\\/uploads\\\/Screenshot_s1.png\",\"contentUrl\":\"https:\\\/\\\/buletin.de\\\/bucuresti\\\/wp-content\\\/uploads\\\/Screenshot_s1.png\",\"width\":1831,\"height\":858},{\"@type\":\"BreadcrumbList\",\"@id\":\"https:\\\/\\\/buletin.de\\\/bucuresti\\\/robert-negoita-l-a-facut-consilierul-lui-personal-pe-administratorul-institutiei-la-care-lucrau-muncitorii-decedati-pe-santierul-ilegal-al-primarului\\\/#breadcrumb\",\"itemListElement\":[{\"@type\":\"ListItem\",\"position\":1,\"name\":\"Acas\u0103\",\"item\":\"https:\\\/\\\/buletin.de\\\/bucuresti\\\/\"},{\"@type\":\"ListItem\",\"position\":2,\"name\":\"Robert Negoi\u021b\u0103 l-a numit consilier personal pe administratorul companiei la care lucrau muncitorii mor\u021bi pe \u0219antierul ilegal al primarului\"}]},{\"@type\":\"WebSite\",\"@id\":\"https:\\\/\\\/buletin.de\\\/bucuresti\\\/#website\",\"url\":\"https:\\\/\\\/buletin.de\\\/bucuresti\\\/\",\"name\":\"Buletin de Bucure\u0219ti\",\"description\":\"\u0218tiri \u0219i investiga\u021bii esen\u021biale din capital\u0103\",\"publisher\":{\"@id\":\"https:\\\/\\\/buletin.de\\\/bucuresti\\\/#organization\"},\"potentialAction\":[{\"@type\":\"SearchAction\",\"target\":{\"@type\":\"EntryPoint\",\"urlTemplate\":\"https:\\\/\\\/buletin.de\\\/bucuresti\\\/?s={search_term_string}\"},\"query-input\":{\"@type\":\"PropertyValueSpecification\",\"valueRequired\":true,\"valueName\":\"search_term_string\"}}],\"inLanguage\":\"en-GB\"},{\"@type\":\"Organization\",\"@id\":\"https:\\\/\\\/buletin.de\\\/bucuresti\\\/#organization\",\"name\":\"Buletin de Bucure\u0219ti\",\"url\":\"https:\\\/\\\/buletin.de\\\/bucuresti\\\/\",\"logo\":{\"@type\":\"ImageObject\",\"inLanguage\":\"en-GB\",\"@id\":\"https:\\\/\\\/buletin.de\\\/bucuresti\\\/#\\\/schema\\\/logo\\\/image\\\/\",\"url\":\"https:\\\/\\\/buletin.de\\\/bucuresti\\\/wp-content\\\/uploads\\\/logo-bdb-full-wide-vernil-transparent.png\",\"contentUrl\":\"https:\\\/\\\/buletin.de\\\/bucuresti\\\/wp-content\\\/uploads\\\/logo-bdb-full-wide-vernil-transparent.png\",\"width\":1782,\"height\":626,\"caption\":\"Buletin de Bucure\u0219ti\"},\"image\":{\"@id\":\"https:\\\/\\\/buletin.de\\\/bucuresti\\\/#\\\/schema\\\/logo\\\/image\\\/\"},\"sameAs\":[\"https:\\\/\\\/www.facebook.com\\\/buletin.de.buc\",\"https:\\\/\\\/www.instagram.com\\\/buletinde.bucuresti\\\/\"]},{\"@type\":\"Person\",\"@id\":\"https:\\\/\\\/buletin.de\\\/bucuresti\\\/#\\\/schema\\\/person\\\/295dc2228d2dc79294d636619468dc7f\",\"name\":\"Bianca Albu\",\"image\":{\"@type\":\"ImageObject\",\"inLanguage\":\"en-GB\",\"@id\":\"https:\\\/\\\/secure.gravatar.com\\\/avatar\\\/3df2e34e20f529e6fd7be4311ee1f7c4ec4aa886971590baf6fa214b15743516?s=96&d=monsterid&r=gf541c715eeec409ce8101252a3c0d8a7\",\"url\":\"https:\\\/\\\/secure.gravatar.com\\\/avatar\\\/3df2e34e20f529e6fd7be4311ee1f7c4ec4aa886971590baf6fa214b15743516?s=96&d=monsterid&r=g\",\"contentUrl\":\"https:\\\/\\\/secure.gravatar.com\\\/avatar\\\/3df2e34e20f529e6fd7be4311ee1f7c4ec4aa886971590baf6fa214b15743516?s=96&d=monsterid&r=g\",\"caption\":\"Bianca Albu\"},\"description\":\"Reporter\",\"url\":\"https:\\\/\\\/buletin.de\\\/bucuresti\\\/author\\\/biancaalbu\\\/\"}]}<\/script>\n<!-- \/ Yoast SEO Premium plugin. -->","yoast_head_json":{"title":"Robert Negoi\u021b\u0103 l-a numit consilier personal pe administratorul companiei la care lucrau muncitorii mor\u021bi pe \u0219antierul ilegal al primarului - Buletin de Bucure\u0219ti","robots":{"index":"index","follow":"follow","max-snippet":"max-snippet:-1","max-image-preview":"max-image-preview:large","max-video-preview":"max-video-preview:-1"},"canonical":"https:\/\/buletin.de\/bucuresti\/robert-negoita-l-a-facut-consilierul-lui-personal-pe-administratorul-institutiei-la-care-lucrau-muncitorii-decedati-pe-santierul-ilegal-al-primarului\/","og_locale":"en_GB","og_type":"article","og_title":"Robert Negoi\u021b\u0103 l-a numit consilier personal pe administratorul companiei la care lucrau muncitorii mor\u021bi pe \u0219antierul ilegal al primarului","og_description":"Pe 15 septembrie, primarul sectorului 3 l-a numit pe Radu Alin Panait, fostul director al Consiliului de Administra\u021bie (CA) \u0219i administratorul Algorithm Residential S3, consilier \u00een cadrul Compartimentului Cabinet Primar. Cu doar o lun\u0103 jum\u0103tate \u00een urm\u0103, doi muncitori din subordinea lui, care lucrau pe un \u0219antier ilegal al Algorithm Residential, au fost suprin\u0219i de [&hellip;]","og_url":"https:\/\/buletin.de\/bucuresti\/robert-negoita-l-a-facut-consilierul-lui-personal-pe-administratorul-institutiei-la-care-lucrau-muncitorii-decedati-pe-santierul-ilegal-al-primarului\/","og_site_name":"Buletin de Bucure\u0219ti","article_publisher":"https:\/\/www.facebook.com\/buletin.de.buc","article_published_time":"2021-11-04T07:23:15+00:00","article_modified_time":"2021-11-04T09:04:49+00:00","og_image":[{"width":900,"height":422,"url":"https:\/\/buletin.de\/bucuresti\/wp-content\/uploads\/Screenshot_s1-900x422.png","type":"image\/png"}],"author":"Bianca Albu","twitter_card":"summary_large_image","twitter_misc":{"Written by":"Bianca Albu","Estimated reading time":"2 minutes"},"schema":{"@context":"https:\/\/schema.org","@graph":[{"@type":"Article","@id":"https:\/\/buletin.de\/bucuresti\/robert-negoita-l-a-facut-consilierul-lui-personal-pe-administratorul-institutiei-la-care-lucrau-muncitorii-decedati-pe-santierul-ilegal-al-primarului\/#article","isPartOf":{"@id":"https:\/\/buletin.de\/bucuresti\/robert-negoita-l-a-facut-consilierul-lui-personal-pe-administratorul-institutiei-la-care-lucrau-muncitorii-decedati-pe-santierul-ilegal-al-primarului\/"},"author":{"name":"Bianca Albu","@id":"https:\/\/buletin.de\/bucuresti\/#\/schema\/person\/295dc2228d2dc79294d636619468dc7f"},"headline":"Robert Negoi\u021b\u0103 l-a numit consilier personal pe administratorul companiei la care lucrau muncitorii mor\u021bi pe \u0219antierul ilegal al primarului","datePublished":"2021-11-04T07:23:15+00:00","dateModified":"2021-11-04T09:04:49+00:00","mainEntityOfPage":{"@id":"https:\/\/buletin.de\/bucuresti\/robert-negoita-l-a-facut-consilierul-lui-personal-pe-administratorul-institutiei-la-care-lucrau-muncitorii-decedati-pe-santierul-ilegal-al-primarului\/"},"wordCount":362,"publisher":{"@id":"https:\/\/buletin.de\/bucuresti\/#organization"},"image":{"@id":"https:\/\/buletin.de\/bucuresti\/robert-negoita-l-a-facut-consilierul-lui-personal-pe-administratorul-institutiei-la-care-lucrau-muncitorii-decedati-pe-santierul-ilegal-al-primarului\/#primaryimage"},"thumbnailUrl":"https:\/\/buletin.de\/bucuresti\/wp-content\/uploads\/Screenshot_s1.png","keywords":["algorithm residential","muncitori decedati","radu panait","robert negoita","santier ilegal","Sector 3"],"articleSection":["Prim\u0103rie","\u0218tiri"],"inLanguage":"en-GB","copyrightYear":"2021","copyrightHolder":{"@id":"https:\/\/buletin.de\/bucuresti\/#organization"}},{"@type":"WebPage","@id":"https:\/\/buletin.de\/bucuresti\/robert-negoita-l-a-facut-consilierul-lui-personal-pe-administratorul-institutiei-la-care-lucrau-muncitorii-decedati-pe-santierul-ilegal-al-primarului\/","url":"https:\/\/buletin.de\/bucuresti\/robert-negoita-l-a-facut-consilierul-lui-personal-pe-administratorul-institutiei-la-care-lucrau-muncitorii-decedati-pe-santierul-ilegal-al-primarului\/","name":"Robert Negoi\u021b\u0103 l-a numit consilier personal pe administratorul companiei la care lucrau muncitorii mor\u021bi pe \u0219antierul ilegal al primarului - Buletin de Bucure\u0219ti","isPartOf":{"@id":"https:\/\/buletin.de\/bucuresti\/#website"},"primaryImageOfPage":{"@id":"https:\/\/buletin.de\/bucuresti\/robert-negoita-l-a-facut-consilierul-lui-personal-pe-administratorul-institutiei-la-care-lucrau-muncitorii-decedati-pe-santierul-ilegal-al-primarului\/#primaryimage"},"image":{"@id":"https:\/\/buletin.de\/bucuresti\/robert-negoita-l-a-facut-consilierul-lui-personal-pe-administratorul-institutiei-la-care-lucrau-muncitorii-decedati-pe-santierul-ilegal-al-primarului\/#primaryimage"},"thumbnailUrl":"https:\/\/buletin.de\/bucuresti\/wp-content\/uploads\/Screenshot_s1.png","datePublished":"2021-11-04T07:23:15+00:00","dateModified":"2021-11-04T09:04:49+00:00","breadcrumb":{"@id":"https:\/\/buletin.de\/bucuresti\/robert-negoita-l-a-facut-consilierul-lui-personal-pe-administratorul-institutiei-la-care-lucrau-muncitorii-decedati-pe-santierul-ilegal-al-primarului\/#breadcrumb"},"inLanguage":"en-GB","potentialAction":[{"@type":"ReadAction","target":["https:\/\/buletin.de\/bucuresti\/robert-negoita-l-a-facut-consilierul-lui-personal-pe-administratorul-institutiei-la-care-lucrau-muncitorii-decedati-pe-santierul-ilegal-al-primarului\/"]}]},{"@type":"ImageObject","inLanguage":"en-GB","@id":"https:\/\/buletin.de\/bucuresti\/robert-negoita-l-a-facut-consilierul-lui-personal-pe-administratorul-institutiei-la-care-lucrau-muncitorii-decedati-pe-santierul-ilegal-al-primarului\/#primaryimage","url":"https:\/\/buletin.de\/bucuresti\/wp-content\/uploads\/Screenshot_s1.png","contentUrl":"https:\/\/buletin.de\/bucuresti\/wp-content\/uploads\/Screenshot_s1.png","width":1831,"height":858},{"@type":"BreadcrumbList","@id":"https:\/\/buletin.de\/bucuresti\/robert-negoita-l-a-facut-consilierul-lui-personal-pe-administratorul-institutiei-la-care-lucrau-muncitorii-decedati-pe-santierul-ilegal-al-primarului\/#breadcrumb","itemListElement":[{"@type":"ListItem","position":1,"name":"Acas\u0103","item":"https:\/\/buletin.de\/bucuresti\/"},{"@type":"ListItem","position":2,"name":"Robert Negoi\u021b\u0103 l-a numit consilier personal pe administratorul companiei la care lucrau muncitorii mor\u021bi pe \u0219antierul ilegal al primarului"}]},{"@type":"WebSite","@id":"https:\/\/buletin.de\/bucuresti\/#website","url":"https:\/\/buletin.de\/bucuresti\/","name":"Buletin de Bucure\u0219ti","description":"\u0218tiri \u0219i investiga\u021bii esen\u021biale din capital\u0103","publisher":{"@id":"https:\/\/buletin.de\/bucuresti\/#organization"},"potentialAction":[{"@type":"SearchAction","target":{"@type":"EntryPoint","urlTemplate":"https:\/\/buletin.de\/bucuresti\/?s={search_term_string}"},"query-input":{"@type":"PropertyValueSpecification","valueRequired":true,"valueName":"search_term_string"}}],"inLanguage":"en-GB"},{"@type":"Organization","@id":"https:\/\/buletin.de\/bucuresti\/#organization","name":"Buletin de Bucure\u0219ti","url":"https:\/\/buletin.de\/bucuresti\/","logo":{"@type":"ImageObject","inLanguage":"en-GB","@id":"https:\/\/buletin.de\/bucuresti\/#\/schema\/logo\/image\/","url":"https:\/\/buletin.de\/bucuresti\/wp-content\/uploads\/logo-bdb-full-wide-vernil-transparent.png","contentUrl":"https:\/\/buletin.de\/bucuresti\/wp-content\/uploads\/logo-bdb-full-wide-vernil-transparent.png","width":1782,"height":626,"caption":"Buletin de Bucure\u0219ti"},"image":{"@id":"https:\/\/buletin.de\/bucuresti\/#\/schema\/logo\/image\/"},"sameAs":["https:\/\/www.facebook.com\/buletin.de.buc","https:\/\/www.instagram.com\/buletinde.bucuresti\/"]},{"@type":"Person","@id":"https:\/\/buletin.de\/bucuresti\/#\/schema\/person\/295dc2228d2dc79294d636619468dc7f","name":"Bianca Albu","image":{"@type":"ImageObject","inLanguage":"en-GB","@id":"https:\/\/secure.gravatar.com\/avatar\/3df2e34e20f529e6fd7be4311ee1f7c4ec4aa886971590baf6fa214b15743516?s=96&d=monsterid&r=gf541c715eeec409ce8101252a3c0d8a7","url":"https:\/\/secure.gravatar.com\/avatar\/3df2e34e20f529e6fd7be4311ee1f7c4ec4aa886971590baf6fa214b15743516?s=96&d=monsterid&r=g","contentUrl":"https:\/\/secure.gravatar.com\/avatar\/3df2e34e20f529e6fd7be4311ee1f7c4ec4aa886971590baf6fa214b15743516?s=96&d=monsterid&r=g","caption":"Bianca Albu"},"description":"Reporter","url":"https:\/\/buletin.de\/bucuresti\/author\/biancaalbu\/"}]}},"authors":[{"term_id":22588,"user_id":6,"is_guest":0,"slug":"biancaalbu","display_name":"Bianca Albu","avatar_url":"https:\/\/secure.gravatar.com\/avatar\/3df2e34e20f529e6fd7be4311ee1f7c4ec4aa886971590baf6fa214b15743516?s=96&d=monsterid&r=g","0":null,"1":"","2":"","3":"","4":"","5":"","6":"","7":"","8":""}],"_links":{"self":[{"href":"https:\/\/buletin.de\/bucuresti\/wp-json\/wp\/v2\/posts\/32368","targetHints":{"allow":["GET"]}}],"collection":[{"href":"https:\/\/buletin.de\/bucuresti\/wp-json\/wp\/v2\/posts"}],"about":[{"href":"https:\/\/buletin.de\/bucuresti\/wp-json\/wp\/v2\/types\/post"}],"author":[{"embeddable":true,"href":"https:\/\/buletin.de\/bucuresti\/wp-json\/wp\/v2\/users\/6"}],"replies":[{"embeddable":true,"href":"https:\/\/buletin.de\/bucuresti\/wp-json\/wp\/v2\/comments?post=32368"}],"version-history":[{"count":6,"href":"https:\/\/buletin.de\/bucuresti\/wp-json\/wp\/v2\/posts\/32368\/revisions"}],"predecessor-version":[{"id":33947,"href":"https:\/\/buletin.de\/bucuresti\/wp-json\/wp\/v2\/posts\/32368\/revisions\/33947"}],"wp:featuredmedia":[{"embeddable":true,"href":"https:\/\/buletin.de\/bucuresti\/wp-json\/wp\/v2\/media\/28995"}],"wp:attachment":[{"href":"https:\/\/buletin.de\/bucuresti\/wp-json\/wp\/v2\/media?parent=32368"}],"wp:term":[{"taxonomy":"category","embeddable":true,"href":"https:\/\/buletin.de\/bucuresti\/wp-json\/wp\/v2\/categories?post=32368"},{"taxonomy":"post_tag","embeddable":true,"href":"https:\/\/buletin.de\/bucuresti\/wp-json\/wp\/v2\/tags?post=32368"},{"taxonomy":"author","embeddable":true,"href":"https:\/\/buletin.de\/bucuresti\/wp-json\/wp\/v2\/ppma_author?post=32368"}],"curies":[{"name":"wp","href":"https:\/\/api.w.org\/{rel}","templated":true}]}}