{"id":32352,"date":"2021-10-12T15:15:16","date_gmt":"2021-10-12T12:15:16","guid":{"rendered":"https:\/\/buletin.de\/bucuresti\/?p=32352"},"modified":"2021-10-12T15:15:17","modified_gmt":"2021-10-12T12:15:17","slug":"bragadiru-o-persoana-din-50-s-a-imbolnavit-de-covid-in-ultimele-14-zile","status":"publish","type":"post","link":"https:\/\/buletin.de\/bucuresti\/bragadiru-o-persoana-din-50-s-a-imbolnavit-de-covid-in-ultimele-14-zile\/","title":{"rendered":"Bragadiru: O persoan\u0103 din 50 s-a \u00eemboln\u0103vit de Covid \u00een ultimele 14 zile"},"content":{"rendered":"\n<p>Ora\u0219ul Bragadiru a ajuns la o inciden\u021b\u0103 de 19.42 de cazuri, la mia de locuitori, \u00een ultimele 14 zile, cea mai mare din \u021bar\u0103. <br>\u00centr-un top 10 dup\u0103 inciden\u021ba COVID, se mai reg\u0103sesc alte 6 localit\u0103\u021bi ilfovene \u0219i Municipiul Bucure\u0219ti. <\/p>\n\n\n\n<p>603 persoane din Bragadiru a u fost depisate pozitiv \u00een ultimele 14 zile, ceea ce, la o popula\u021bie de 31.000 de locuitori, \u00eenseamn\u0103 c\u0103 <strong>o persoan\u0103 din 50 a fost infectat\u0103 cu COVID, doar \u00een ultima jum\u0103tate de lun\u0103<\/strong>. <\/p>\n\n\n\n<p>Situa\u021bia nu e cu mult mai bun\u0103 nici \u00een Pope\u0219ti Leordeni sau Voluntari unde inciden\u021ba este peste 17 la mie sau  Otopeni cu 16.16.<\/p>\n\n\n\n<p>\u00cen toate localit\u0103\u021bile de mai sus sunt \u00een vigoare, de luna trecut\u0103, m\u0103suri menite s\u0103 reduc\u0103 num\u0103rul de \u00eemboln\u0103viri. Ce a decis CJSU Ilfov pute\u021bi citi <a href=\"https:\/\/if.prefectura.mai.gov.ro\/wp-content\/uploads\/sites\/55\/2021\/09\/Hotararea-CJSU-IF-nr-174-din-26.09.2021_.pdf\">aici<\/a>.<\/p>\n\n\n\n<p><strong>Cum arata topul primelor<\/strong> <strong>10 ora\u0219e din Rom\u00e2nia<\/strong>, <strong>dup\u0103<\/strong> <strong>inciden\u021ba COVID<\/strong>&#8211;<strong>19<\/strong><\/p>\n\n\n\n<p><\/p>\n\n\n\n<figure class=\"wp-block-table is-style-stripes\"><table><tbody><tr><td>1<\/td><td>ILFOV<\/td><td>ORA\u015e BRAGADIRU<\/td><td>31000<\/td><td>602<\/td><td>19,42<\/td><\/tr><tr><td>2<\/td><td>ILFOV<\/td><td>ORA\u015e POPE\u015eTI-LEORDENI<\/td><td>44001<\/td><td>771<\/td><td>17,52<\/td><\/tr><tr><td>3<\/td><td>ILFOV<\/td><td>ORA\u015e VOLUNTARI<\/td><td>45843<\/td><td>792<\/td><td>17,28<\/td><\/tr><tr><td>4<\/td><td>ILFOV<\/td><td>ORA\u015e OTOPENI<\/td><td>20542<\/td><td>332<\/td><td>16,16<\/td><\/tr><tr><td>5<\/td><td>TELEORMAN<\/td><td>ORA\u015e VIDELE<\/td><td>11155<\/td><td>171<\/td><td>15,33<\/td><\/tr><tr><td>6<\/td><td>ILFOV<\/td><td>ORA\u015e M\u0102GURELE<\/td><td>12597<\/td><td>188<\/td><td>14,92<\/td><\/tr><tr><td>7<\/td><td>BUCURE\u0218TI<\/td><td>MUNICIPIUL BUCURE\u0218TI<\/td><td>2205227<\/td><td>32430<\/td><td>14,71<\/td><\/tr><tr><td>8<\/td><td>ILFOV<\/td><td>ORA\u015e BUFTEA<\/td><td>23563<\/td><td>304<\/td><td>12,9<\/td><\/tr><tr><td>9<\/td><td>TIMI\u015e<\/td><td>MUNICIPIUL TIMI\u015eOARA<\/td><td>322070<\/td><td>4091<\/td><td>12,7<\/td><\/tr><tr><td>10<\/td><td>ILFOV<\/td><td>ORA\u015e PANTELIMON<\/td><td>31208<\/td><td>395<\/td><td>12,66<\/td><\/tr><\/tbody><\/table><\/figure>\n\n\n\n<p>Ora\u0219ele Bragadiru, Pope\u0219ti Leordeni \u0219i Volunatari se reg\u0103sesc \u0219i \u00een clasamentul vaccin\u0103rii din Jude\u021bul Ilfov, cu o rata de imunizare \u00een jur de 40%. Profesorul R\u0103zvan Chereche\u0219 a explicat, pentru Hotnews.ro, de ce chiar \u00een zone cu o rata mare a vaccin\u0103rii, num\u0103rul de \u00eemboln\u0103viri r\u0103m\u00e2ne ridicat, lu\u00e2nd ca exemplu Capitala care are cel mai mare procent de persoane vaccinate din \u021bar\u0103 dar \u0219i cele mai multe cazuri.<\/p>\n\n\n\n<p>&#8220;Cu doar 46,13% dintre locuitori vaccina\u021bi, chiar dac\u0103 vorbim despre cea mai mare rat\u0103 de vaccinare din \u021bar\u0103, Bucure\u0219tiul este departe de a atinge imunitatea de grup, iar \u00eentr-o zon\u0103 foarte dens populat\u0103, a\u0219a cum este Capitala, virusul se transmite foarte repede, a spus R\u0103zvan Chereche\u0219 pentru Hotnews.ro<\/p>\n\n\n\n<figure class=\"wp-block-embed is-type-wp-embed is-provider-buletin-de-bucure\u0219ti wp-block-embed-buletin-de-bucure\u0219ti\"><div class=\"wp-block-embed__wrapper\">\n<blockquote class=\"wp-embedded-content\" data-secret=\"BnFyZTPhIc\"><a href=\"https:\/\/buletin.de\/bucuresti\/otopeniul-campion-la-vaccinare-in-ilfov-cu-4446-rata-de-vaccinare-la-capatul-opus-al-clasamentului-comuna-ganeasa-cu-doar-13\/\">Otopeniul, campion la vaccinare, \u00een Ilfov, cu 44,46% rata de imunizare. La cap\u0103tul opus al clasamentului, comuna G\u0103neasa cu doar 13%<\/a><\/blockquote><iframe class=\"wp-embedded-content\" sandbox=\"allow-scripts\" security=\"restricted\" style=\"position: absolute; clip: rect(1px, 1px, 1px, 1px);\" title=\"&#8222;Otopeniul, campion la vaccinare, \u00een Ilfov, cu 44,46% rata de imunizare. La cap\u0103tul opus al clasamentului, comuna G\u0103neasa cu doar 13%&#8221; &#8212; Buletin de Bucure\u0219ti\" src=\"https:\/\/buletin.de\/bucuresti\/otopeniul-campion-la-vaccinare-in-ilfov-cu-4446-rata-de-vaccinare-la-capatul-opus-al-clasamentului-comuna-ganeasa-cu-doar-13\/embed\/#?secret=JEPjATKPMS#?secret=BnFyZTPhIc\" data-secret=\"BnFyZTPhIc\" width=\"600\" height=\"338\" frameborder=\"0\" marginwidth=\"0\" marginheight=\"0\" scrolling=\"no\"><\/iframe>\n<\/div><\/figure>\n\n\n\n<p><\/p>\n\n\n\n<p>sursa foto cover Primaria Bragadiru<\/p>\n","protected":false},"excerpt":{"rendered":"<p>Ora\u0219ul Bragadiru a ajuns la o inciden\u021b\u0103 de 19.42 de cazuri, la mia de locuitori, \u00een ultimele 14 zile, cea mai mare din \u021bar\u0103. \u00centr-un top 10 dup\u0103 inciden\u021ba COVID, se mai reg\u0103sesc alte 6 localit\u0103\u021bi ilfovene \u0219i Municipiul Bucure\u0219ti. 603 persoane din Bragadiru a u fost depisate pozitiv \u00een ultimele 14 zile, ceea ce, [&hellip;]<\/p>\n","protected":false},"author":18,"featured_media":32361,"comment_status":"closed","ping_status":"open","sticky":false,"template":"","format":"standard","meta":{"_acf_changed":false,"inline_featured_image":false,"ngg_post_thumbnail":0,"footnotes":""},"categories":[62],"tags":[],"ppma_author":[22579],"class_list":["post-32352","post","type-post","status-publish","format-standard","has-post-thumbnail","hentry","category-stiri"],"acf":[],"yoast_head":"<!-- This site is optimized with the Yoast SEO Premium plugin v25.3 (Yoast SEO v27.5) - https:\/\/yoast.com\/product\/yoast-seo-premium-wordpress\/ -->\n<title>Bragadiru: O persoan\u0103 din 50 s-a \u00eemboln\u0103vit de Covid \u00een ultimele 14 zile - Buletin de Bucure\u0219ti<\/title>\n<meta name=\"robots\" content=\"index, follow, max-snippet:-1, max-image-preview:large, max-video-preview:-1\" \/>\n<link rel=\"canonical\" href=\"https:\/\/buletin.de\/bucuresti\/bragadiru-o-persoana-din-50-s-a-imbolnavit-de-covid-in-ultimele-14-zile\/\" \/>\n<meta property=\"og:locale\" content=\"en_GB\" \/>\n<meta property=\"og:type\" content=\"article\" \/>\n<meta property=\"og:title\" content=\"Bragadiru: O persoan\u0103 din 50 s-a \u00eemboln\u0103vit de Covid \u00een ultimele 14 zile\" \/>\n<meta property=\"og:description\" content=\"Ora\u0219ul Bragadiru a ajuns la o inciden\u021b\u0103 de 19.42 de cazuri, la mia de locuitori, \u00een ultimele 14 zile, cea mai mare din \u021bar\u0103. \u00centr-un top 10 dup\u0103 inciden\u021ba COVID, se mai reg\u0103sesc alte 6 localit\u0103\u021bi ilfovene \u0219i Municipiul Bucure\u0219ti. 603 persoane din Bragadiru a u fost depisate pozitiv \u00een ultimele 14 zile, ceea ce, [&hellip;]\" \/>\n<meta property=\"og:url\" content=\"https:\/\/buletin.de\/bucuresti\/bragadiru-o-persoana-din-50-s-a-imbolnavit-de-covid-in-ultimele-14-zile\/\" \/>\n<meta property=\"og:site_name\" content=\"Buletin de Bucure\u0219ti\" \/>\n<meta property=\"article:publisher\" content=\"https:\/\/www.facebook.com\/buletin.de.buc\" \/>\n<meta property=\"article:published_time\" content=\"2021-10-12T12:15:16+00:00\" \/>\n<meta property=\"article:modified_time\" content=\"2021-10-12T12:15:17+00:00\" \/>\n<meta property=\"og:image\" content=\"https:\/\/buletin.de\/bucuresti\/wp-content\/uploads\/banner_1.jpg\" \/>\n\t<meta property=\"og:image:width\" content=\"1280\" \/>\n\t<meta property=\"og:image:height\" content=\"697\" \/>\n\t<meta property=\"og:image:type\" content=\"image\/jpeg\" \/>\n<meta name=\"author\" content=\"Teodora Stroe\" \/>\n<meta name=\"twitter:card\" content=\"summary_large_image\" \/>\n<meta name=\"twitter:label1\" content=\"Written by\" \/>\n\t<meta name=\"twitter:data1\" content=\"Teodora Stroe\" \/>\n\t<meta name=\"twitter:label2\" content=\"Estimated reading time\" \/>\n\t<meta name=\"twitter:data2\" content=\"2 minutes\" \/>\n<script type=\"application\/ld+json\" class=\"yoast-schema-graph\">{\"@context\":\"https:\\\/\\\/schema.org\",\"@graph\":[{\"@type\":\"Article\",\"@id\":\"https:\\\/\\\/buletin.de\\\/bucuresti\\\/bragadiru-o-persoana-din-50-s-a-imbolnavit-de-covid-in-ultimele-14-zile\\\/#article\",\"isPartOf\":{\"@id\":\"https:\\\/\\\/buletin.de\\\/bucuresti\\\/bragadiru-o-persoana-din-50-s-a-imbolnavit-de-covid-in-ultimele-14-zile\\\/\"},\"author\":{\"name\":\"Teodora Stroe\",\"@id\":\"https:\\\/\\\/buletin.de\\\/bucuresti\\\/#\\\/schema\\\/person\\\/d369d7ddc775abece205795e0b804614\"},\"headline\":\"Bragadiru: O persoan\u0103 din 50 s-a \u00eemboln\u0103vit de Covid \u00een ultimele 14 zile\",\"datePublished\":\"2021-10-12T12:15:16+00:00\",\"dateModified\":\"2021-10-12T12:15:17+00:00\",\"mainEntityOfPage\":{\"@id\":\"https:\\\/\\\/buletin.de\\\/bucuresti\\\/bragadiru-o-persoana-din-50-s-a-imbolnavit-de-covid-in-ultimele-14-zile\\\/\"},\"wordCount\":338,\"publisher\":{\"@id\":\"https:\\\/\\\/buletin.de\\\/bucuresti\\\/#organization\"},\"image\":{\"@id\":\"https:\\\/\\\/buletin.de\\\/bucuresti\\\/bragadiru-o-persoana-din-50-s-a-imbolnavit-de-covid-in-ultimele-14-zile\\\/#primaryimage\"},\"thumbnailUrl\":\"https:\\\/\\\/buletin.de\\\/bucuresti\\\/wp-content\\\/uploads\\\/banner_1.jpg\",\"articleSection\":[\"\u0218tiri\"],\"inLanguage\":\"en-GB\",\"copyrightYear\":\"2021\",\"copyrightHolder\":{\"@id\":\"https:\\\/\\\/buletin.de\\\/bucuresti\\\/#organization\"}},{\"@type\":\"WebPage\",\"@id\":\"https:\\\/\\\/buletin.de\\\/bucuresti\\\/bragadiru-o-persoana-din-50-s-a-imbolnavit-de-covid-in-ultimele-14-zile\\\/\",\"url\":\"https:\\\/\\\/buletin.de\\\/bucuresti\\\/bragadiru-o-persoana-din-50-s-a-imbolnavit-de-covid-in-ultimele-14-zile\\\/\",\"name\":\"Bragadiru: O persoan\u0103 din 50 s-a \u00eemboln\u0103vit de Covid \u00een ultimele 14 zile - Buletin de Bucure\u0219ti\",\"isPartOf\":{\"@id\":\"https:\\\/\\\/buletin.de\\\/bucuresti\\\/#website\"},\"primaryImageOfPage\":{\"@id\":\"https:\\\/\\\/buletin.de\\\/bucuresti\\\/bragadiru-o-persoana-din-50-s-a-imbolnavit-de-covid-in-ultimele-14-zile\\\/#primaryimage\"},\"image\":{\"@id\":\"https:\\\/\\\/buletin.de\\\/bucuresti\\\/bragadiru-o-persoana-din-50-s-a-imbolnavit-de-covid-in-ultimele-14-zile\\\/#primaryimage\"},\"thumbnailUrl\":\"https:\\\/\\\/buletin.de\\\/bucuresti\\\/wp-content\\\/uploads\\\/banner_1.jpg\",\"datePublished\":\"2021-10-12T12:15:16+00:00\",\"dateModified\":\"2021-10-12T12:15:17+00:00\",\"breadcrumb\":{\"@id\":\"https:\\\/\\\/buletin.de\\\/bucuresti\\\/bragadiru-o-persoana-din-50-s-a-imbolnavit-de-covid-in-ultimele-14-zile\\\/#breadcrumb\"},\"inLanguage\":\"en-GB\",\"potentialAction\":[{\"@type\":\"ReadAction\",\"target\":[\"https:\\\/\\\/buletin.de\\\/bucuresti\\\/bragadiru-o-persoana-din-50-s-a-imbolnavit-de-covid-in-ultimele-14-zile\\\/\"]}]},{\"@type\":\"ImageObject\",\"inLanguage\":\"en-GB\",\"@id\":\"https:\\\/\\\/buletin.de\\\/bucuresti\\\/bragadiru-o-persoana-din-50-s-a-imbolnavit-de-covid-in-ultimele-14-zile\\\/#primaryimage\",\"url\":\"https:\\\/\\\/buletin.de\\\/bucuresti\\\/wp-content\\\/uploads\\\/banner_1.jpg\",\"contentUrl\":\"https:\\\/\\\/buletin.de\\\/bucuresti\\\/wp-content\\\/uploads\\\/banner_1.jpg\",\"width\":1280,\"height\":697},{\"@type\":\"BreadcrumbList\",\"@id\":\"https:\\\/\\\/buletin.de\\\/bucuresti\\\/bragadiru-o-persoana-din-50-s-a-imbolnavit-de-covid-in-ultimele-14-zile\\\/#breadcrumb\",\"itemListElement\":[{\"@type\":\"ListItem\",\"position\":1,\"name\":\"Acas\u0103\",\"item\":\"https:\\\/\\\/buletin.de\\\/bucuresti\\\/\"},{\"@type\":\"ListItem\",\"position\":2,\"name\":\"Bragadiru: O persoan\u0103 din 50 s-a \u00eemboln\u0103vit de Covid \u00een ultimele 14 zile\"}]},{\"@type\":\"WebSite\",\"@id\":\"https:\\\/\\\/buletin.de\\\/bucuresti\\\/#website\",\"url\":\"https:\\\/\\\/buletin.de\\\/bucuresti\\\/\",\"name\":\"Buletin de Bucure\u0219ti\",\"description\":\"\u0218tiri \u0219i investiga\u021bii esen\u021biale din capital\u0103\",\"publisher\":{\"@id\":\"https:\\\/\\\/buletin.de\\\/bucuresti\\\/#organization\"},\"potentialAction\":[{\"@type\":\"SearchAction\",\"target\":{\"@type\":\"EntryPoint\",\"urlTemplate\":\"https:\\\/\\\/buletin.de\\\/bucuresti\\\/?s={search_term_string}\"},\"query-input\":{\"@type\":\"PropertyValueSpecification\",\"valueRequired\":true,\"valueName\":\"search_term_string\"}}],\"inLanguage\":\"en-GB\"},{\"@type\":\"Organization\",\"@id\":\"https:\\\/\\\/buletin.de\\\/bucuresti\\\/#organization\",\"name\":\"Buletin de Bucure\u0219ti\",\"url\":\"https:\\\/\\\/buletin.de\\\/bucuresti\\\/\",\"logo\":{\"@type\":\"ImageObject\",\"inLanguage\":\"en-GB\",\"@id\":\"https:\\\/\\\/buletin.de\\\/bucuresti\\\/#\\\/schema\\\/logo\\\/image\\\/\",\"url\":\"https:\\\/\\\/buletin.de\\\/bucuresti\\\/wp-content\\\/uploads\\\/logo-bdb-full-wide-vernil-transparent.png\",\"contentUrl\":\"https:\\\/\\\/buletin.de\\\/bucuresti\\\/wp-content\\\/uploads\\\/logo-bdb-full-wide-vernil-transparent.png\",\"width\":1782,\"height\":626,\"caption\":\"Buletin de Bucure\u0219ti\"},\"image\":{\"@id\":\"https:\\\/\\\/buletin.de\\\/bucuresti\\\/#\\\/schema\\\/logo\\\/image\\\/\"},\"sameAs\":[\"https:\\\/\\\/www.facebook.com\\\/buletin.de.buc\",\"https:\\\/\\\/www.instagram.com\\\/buletinde.bucuresti\\\/\"]},{\"@type\":\"Person\",\"@id\":\"https:\\\/\\\/buletin.de\\\/bucuresti\\\/#\\\/schema\\\/person\\\/d369d7ddc775abece205795e0b804614\",\"name\":\"Teodora Stroe\",\"image\":{\"@type\":\"ImageObject\",\"inLanguage\":\"en-GB\",\"@id\":\"https:\\\/\\\/secure.gravatar.com\\\/avatar\\\/2560b4cd9f5f1bc100b123158e657d75584bd1c3e1d9c69285720b9457c1b78d?s=96&d=monsterid&r=gc104800242ba5f2d78dd5d7dc4df08b6\",\"url\":\"https:\\\/\\\/secure.gravatar.com\\\/avatar\\\/2560b4cd9f5f1bc100b123158e657d75584bd1c3e1d9c69285720b9457c1b78d?s=96&d=monsterid&r=g\",\"contentUrl\":\"https:\\\/\\\/secure.gravatar.com\\\/avatar\\\/2560b4cd9f5f1bc100b123158e657d75584bd1c3e1d9c69285720b9457c1b78d?s=96&d=monsterid&r=g\",\"caption\":\"Teodora Stroe\"},\"url\":\"https:\\\/\\\/buletin.de\\\/bucuresti\\\/author\\\/simonacarlugea\\\/\"}]}<\/script>\n<!-- \/ Yoast SEO Premium plugin. -->","yoast_head_json":{"title":"Bragadiru: O persoan\u0103 din 50 s-a \u00eemboln\u0103vit de Covid \u00een ultimele 14 zile - Buletin de Bucure\u0219ti","robots":{"index":"index","follow":"follow","max-snippet":"max-snippet:-1","max-image-preview":"max-image-preview:large","max-video-preview":"max-video-preview:-1"},"canonical":"https:\/\/buletin.de\/bucuresti\/bragadiru-o-persoana-din-50-s-a-imbolnavit-de-covid-in-ultimele-14-zile\/","og_locale":"en_GB","og_type":"article","og_title":"Bragadiru: O persoan\u0103 din 50 s-a \u00eemboln\u0103vit de Covid \u00een ultimele 14 zile","og_description":"Ora\u0219ul Bragadiru a ajuns la o inciden\u021b\u0103 de 19.42 de cazuri, la mia de locuitori, \u00een ultimele 14 zile, cea mai mare din \u021bar\u0103. \u00centr-un top 10 dup\u0103 inciden\u021ba COVID, se mai reg\u0103sesc alte 6 localit\u0103\u021bi ilfovene \u0219i Municipiul Bucure\u0219ti. 603 persoane din Bragadiru a u fost depisate pozitiv \u00een ultimele 14 zile, ceea ce, [&hellip;]","og_url":"https:\/\/buletin.de\/bucuresti\/bragadiru-o-persoana-din-50-s-a-imbolnavit-de-covid-in-ultimele-14-zile\/","og_site_name":"Buletin de Bucure\u0219ti","article_publisher":"https:\/\/www.facebook.com\/buletin.de.buc","article_published_time":"2021-10-12T12:15:16+00:00","article_modified_time":"2021-10-12T12:15:17+00:00","og_image":[{"width":1280,"height":697,"url":"https:\/\/buletin.de\/bucuresti\/wp-content\/uploads\/banner_1.jpg","type":"image\/jpeg"}],"author":"Teodora Stroe","twitter_card":"summary_large_image","twitter_misc":{"Written by":"Teodora Stroe","Estimated reading time":"2 minutes"},"schema":{"@context":"https:\/\/schema.org","@graph":[{"@type":"Article","@id":"https:\/\/buletin.de\/bucuresti\/bragadiru-o-persoana-din-50-s-a-imbolnavit-de-covid-in-ultimele-14-zile\/#article","isPartOf":{"@id":"https:\/\/buletin.de\/bucuresti\/bragadiru-o-persoana-din-50-s-a-imbolnavit-de-covid-in-ultimele-14-zile\/"},"author":{"name":"Teodora Stroe","@id":"https:\/\/buletin.de\/bucuresti\/#\/schema\/person\/d369d7ddc775abece205795e0b804614"},"headline":"Bragadiru: O persoan\u0103 din 50 s-a \u00eemboln\u0103vit de Covid \u00een ultimele 14 zile","datePublished":"2021-10-12T12:15:16+00:00","dateModified":"2021-10-12T12:15:17+00:00","mainEntityOfPage":{"@id":"https:\/\/buletin.de\/bucuresti\/bragadiru-o-persoana-din-50-s-a-imbolnavit-de-covid-in-ultimele-14-zile\/"},"wordCount":338,"publisher":{"@id":"https:\/\/buletin.de\/bucuresti\/#organization"},"image":{"@id":"https:\/\/buletin.de\/bucuresti\/bragadiru-o-persoana-din-50-s-a-imbolnavit-de-covid-in-ultimele-14-zile\/#primaryimage"},"thumbnailUrl":"https:\/\/buletin.de\/bucuresti\/wp-content\/uploads\/banner_1.jpg","articleSection":["\u0218tiri"],"inLanguage":"en-GB","copyrightYear":"2021","copyrightHolder":{"@id":"https:\/\/buletin.de\/bucuresti\/#organization"}},{"@type":"WebPage","@id":"https:\/\/buletin.de\/bucuresti\/bragadiru-o-persoana-din-50-s-a-imbolnavit-de-covid-in-ultimele-14-zile\/","url":"https:\/\/buletin.de\/bucuresti\/bragadiru-o-persoana-din-50-s-a-imbolnavit-de-covid-in-ultimele-14-zile\/","name":"Bragadiru: O persoan\u0103 din 50 s-a \u00eemboln\u0103vit de Covid \u00een ultimele 14 zile - Buletin de Bucure\u0219ti","isPartOf":{"@id":"https:\/\/buletin.de\/bucuresti\/#website"},"primaryImageOfPage":{"@id":"https:\/\/buletin.de\/bucuresti\/bragadiru-o-persoana-din-50-s-a-imbolnavit-de-covid-in-ultimele-14-zile\/#primaryimage"},"image":{"@id":"https:\/\/buletin.de\/bucuresti\/bragadiru-o-persoana-din-50-s-a-imbolnavit-de-covid-in-ultimele-14-zile\/#primaryimage"},"thumbnailUrl":"https:\/\/buletin.de\/bucuresti\/wp-content\/uploads\/banner_1.jpg","datePublished":"2021-10-12T12:15:16+00:00","dateModified":"2021-10-12T12:15:17+00:00","breadcrumb":{"@id":"https:\/\/buletin.de\/bucuresti\/bragadiru-o-persoana-din-50-s-a-imbolnavit-de-covid-in-ultimele-14-zile\/#breadcrumb"},"inLanguage":"en-GB","potentialAction":[{"@type":"ReadAction","target":["https:\/\/buletin.de\/bucuresti\/bragadiru-o-persoana-din-50-s-a-imbolnavit-de-covid-in-ultimele-14-zile\/"]}]},{"@type":"ImageObject","inLanguage":"en-GB","@id":"https:\/\/buletin.de\/bucuresti\/bragadiru-o-persoana-din-50-s-a-imbolnavit-de-covid-in-ultimele-14-zile\/#primaryimage","url":"https:\/\/buletin.de\/bucuresti\/wp-content\/uploads\/banner_1.jpg","contentUrl":"https:\/\/buletin.de\/bucuresti\/wp-content\/uploads\/banner_1.jpg","width":1280,"height":697},{"@type":"BreadcrumbList","@id":"https:\/\/buletin.de\/bucuresti\/bragadiru-o-persoana-din-50-s-a-imbolnavit-de-covid-in-ultimele-14-zile\/#breadcrumb","itemListElement":[{"@type":"ListItem","position":1,"name":"Acas\u0103","item":"https:\/\/buletin.de\/bucuresti\/"},{"@type":"ListItem","position":2,"name":"Bragadiru: O persoan\u0103 din 50 s-a \u00eemboln\u0103vit de Covid \u00een ultimele 14 zile"}]},{"@type":"WebSite","@id":"https:\/\/buletin.de\/bucuresti\/#website","url":"https:\/\/buletin.de\/bucuresti\/","name":"Buletin de Bucure\u0219ti","description":"\u0218tiri \u0219i investiga\u021bii esen\u021biale din capital\u0103","publisher":{"@id":"https:\/\/buletin.de\/bucuresti\/#organization"},"potentialAction":[{"@type":"SearchAction","target":{"@type":"EntryPoint","urlTemplate":"https:\/\/buletin.de\/bucuresti\/?s={search_term_string}"},"query-input":{"@type":"PropertyValueSpecification","valueRequired":true,"valueName":"search_term_string"}}],"inLanguage":"en-GB"},{"@type":"Organization","@id":"https:\/\/buletin.de\/bucuresti\/#organization","name":"Buletin de Bucure\u0219ti","url":"https:\/\/buletin.de\/bucuresti\/","logo":{"@type":"ImageObject","inLanguage":"en-GB","@id":"https:\/\/buletin.de\/bucuresti\/#\/schema\/logo\/image\/","url":"https:\/\/buletin.de\/bucuresti\/wp-content\/uploads\/logo-bdb-full-wide-vernil-transparent.png","contentUrl":"https:\/\/buletin.de\/bucuresti\/wp-content\/uploads\/logo-bdb-full-wide-vernil-transparent.png","width":1782,"height":626,"caption":"Buletin de Bucure\u0219ti"},"image":{"@id":"https:\/\/buletin.de\/bucuresti\/#\/schema\/logo\/image\/"},"sameAs":["https:\/\/www.facebook.com\/buletin.de.buc","https:\/\/www.instagram.com\/buletinde.bucuresti\/"]},{"@type":"Person","@id":"https:\/\/buletin.de\/bucuresti\/#\/schema\/person\/d369d7ddc775abece205795e0b804614","name":"Teodora Stroe","image":{"@type":"ImageObject","inLanguage":"en-GB","@id":"https:\/\/secure.gravatar.com\/avatar\/2560b4cd9f5f1bc100b123158e657d75584bd1c3e1d9c69285720b9457c1b78d?s=96&d=monsterid&r=gc104800242ba5f2d78dd5d7dc4df08b6","url":"https:\/\/secure.gravatar.com\/avatar\/2560b4cd9f5f1bc100b123158e657d75584bd1c3e1d9c69285720b9457c1b78d?s=96&d=monsterid&r=g","contentUrl":"https:\/\/secure.gravatar.com\/avatar\/2560b4cd9f5f1bc100b123158e657d75584bd1c3e1d9c69285720b9457c1b78d?s=96&d=monsterid&r=g","caption":"Teodora Stroe"},"url":"https:\/\/buletin.de\/bucuresti\/author\/simonacarlugea\/"}]}},"authors":[{"term_id":22579,"user_id":18,"is_guest":0,"slug":"simonacarlugea","display_name":"Teodora Stroe","avatar_url":"https:\/\/secure.gravatar.com\/avatar\/2560b4cd9f5f1bc100b123158e657d75584bd1c3e1d9c69285720b9457c1b78d?s=96&d=monsterid&r=g","0":null,"1":"","2":"","3":"","4":"","5":"","6":"","7":"","8":""}],"_links":{"self":[{"href":"https:\/\/buletin.de\/bucuresti\/wp-json\/wp\/v2\/posts\/32352","targetHints":{"allow":["GET"]}}],"collection":[{"href":"https:\/\/buletin.de\/bucuresti\/wp-json\/wp\/v2\/posts"}],"about":[{"href":"https:\/\/buletin.de\/bucuresti\/wp-json\/wp\/v2\/types\/post"}],"author":[{"embeddable":true,"href":"https:\/\/buletin.de\/bucuresti\/wp-json\/wp\/v2\/users\/18"}],"replies":[{"embeddable":true,"href":"https:\/\/buletin.de\/bucuresti\/wp-json\/wp\/v2\/comments?post=32352"}],"version-history":[{"count":5,"href":"https:\/\/buletin.de\/bucuresti\/wp-json\/wp\/v2\/posts\/32352\/revisions"}],"predecessor-version":[{"id":32362,"href":"https:\/\/buletin.de\/bucuresti\/wp-json\/wp\/v2\/posts\/32352\/revisions\/32362"}],"wp:featuredmedia":[{"embeddable":true,"href":"https:\/\/buletin.de\/bucuresti\/wp-json\/wp\/v2\/media\/32361"}],"wp:attachment":[{"href":"https:\/\/buletin.de\/bucuresti\/wp-json\/wp\/v2\/media?parent=32352"}],"wp:term":[{"taxonomy":"category","embeddable":true,"href":"https:\/\/buletin.de\/bucuresti\/wp-json\/wp\/v2\/categories?post=32352"},{"taxonomy":"post_tag","embeddable":true,"href":"https:\/\/buletin.de\/bucuresti\/wp-json\/wp\/v2\/tags?post=32352"},{"taxonomy":"author","embeddable":true,"href":"https:\/\/buletin.de\/bucuresti\/wp-json\/wp\/v2\/ppma_author?post=32352"}],"curies":[{"name":"wp","href":"https:\/\/api.w.org\/{rel}","templated":true}]}}