{"id":32322,"date":"2021-10-11T20:30:18","date_gmt":"2021-10-11T17:30:18","guid":{"rendered":"https:\/\/buletin.de\/bucuresti\/?p=32322"},"modified":"2021-10-11T20:30:22","modified_gmt":"2021-10-11T17:30:22","slug":"46-de-scoli-din-capitala-mutate-cu-totul-in-online","status":"publish","type":"post","link":"https:\/\/buletin.de\/bucuresti\/46-de-scoli-din-capitala-mutate-cu-totul-in-online\/","title":{"rendered":"46 de \u0219coli din Capital\u0103, mutate cu totul \u00een online"},"content":{"rendered":"\n<p><strong>CMBSU a decis, ast\u0103zi, ca alte nou\u0103 \u0219coli din Bucure\u0219ti s\u0103-\u0219i mute cu totul activitatea \u00een online timp de dou\u0103 s\u0103pt\u0103m\u00e2ni, dup\u0103 ce mai mult de jum\u0103tate din clasele acestor unit\u0103\u021bi de \u00eenv\u0103\u021b\u0103m\u00e2nt au intrat \u00een online. Tot procesul de mutare al \u0219colilor cu totul \u00een online a \u00eenceput de s\u0103pt\u0103m\u00e2n\u0103 trecut\u0103, iar \u00een doar cinci zile, acela\u0219i CMBSU, a trimis 37 de \u0219coli bucure\u0219tene \u00een online. Mai mult, num\u0103rul de clase mutate \u00een online se \u00eenmul\u021be\u0219te de la o zi la alta cu cel pu\u021bin 200 de clase, ast\u0103zi cifra a ajuns la 3400 de clase.<\/strong><\/p>\n\n\n\n<figure class=\"wp-block-gallery columns-1 is-cropped wp-block-gallery-1 is-layout-flex wp-block-gallery-is-layout-flex\"><ul class=\"blocks-gallery-grid\"><li class=\"blocks-gallery-item\"><figure><a href=\"https:\/\/buletin.de\/bucuresti\/wp-content\/uploads\/Captura-ecran-158-1.png\"><img fetchpriority=\"high\" decoding=\"async\" width=\"900\" height=\"765\" src=\"data:image\/gif;base64,R0lGODlhAQABAAAAACH5BAEKAAEALAAAAAABAAEAAAICTAEAOw==\" data-src=\"https:\/\/buletin.de\/bucuresti\/wp-content\/uploads\/Captura-ecran-158-1-900x765.png\" alt=\"\" data-id=\"32326\" data-full-url=\"https:\/\/buletin.de\/bucuresti\/wp-content\/uploads\/Captura-ecran-158-1.png\" data-link=\"https:\/\/buletin.de\/bucuresti\/?attachment_id=32326\" class=\"wp-image-32326 lazyload\" data-sizes=\"auto\" data-srcset=\"https:\/\/buletin.de\/bucuresti\/wp-content\/uploads\/Captura-ecran-158-1-900x765.png 900w, https:\/\/buletin.de\/bucuresti\/wp-content\/uploads\/Captura-ecran-158-1-300x255.png 300w, https:\/\/buletin.de\/bucuresti\/wp-content\/uploads\/Captura-ecran-158-1-768x653.png 768w, https:\/\/buletin.de\/bucuresti\/wp-content\/uploads\/Captura-ecran-158-1-550x468.png 550w, https:\/\/buletin.de\/bucuresti\/wp-content\/uploads\/Captura-ecran-158-1-588x500.png 588w, https:\/\/buletin.de\/bucuresti\/wp-content\/uploads\/Captura-ecran-158-1-600x510.png 600w, https:\/\/buletin.de\/bucuresti\/wp-content\/uploads\/Captura-ecran-158-1.png 961w\" sizes=\"(max-width: 900px) 100vw, 900px\" \/><\/a><\/figure><\/li><li class=\"blocks-gallery-item\"><figure><a href=\"https:\/\/buletin.de\/bucuresti\/wp-content\/uploads\/Captura-ecran-159-900x733.png\"><img decoding=\"async\" width=\"900\" height=\"733\" src=\"data:image\/gif;base64,R0lGODlhAQABAAAAACH5BAEKAAEALAAAAAABAAEAAAICTAEAOw==\" data-src=\"https:\/\/buletin.de\/bucuresti\/wp-content\/uploads\/Captura-ecran-159-900x733.png\" alt=\"\" data-id=\"32324\" data-link=\"https:\/\/buletin.de\/bucuresti\/?attachment_id=32324\" class=\"wp-image-32324 lazyload\" data-sizes=\"auto\" data-srcset=\"https:\/\/buletin.de\/bucuresti\/wp-content\/uploads\/Captura-ecran-159-900x733.png 900w, https:\/\/buletin.de\/bucuresti\/wp-content\/uploads\/Captura-ecran-159-300x244.png 300w, https:\/\/buletin.de\/bucuresti\/wp-content\/uploads\/Captura-ecran-159-768x625.png 768w, https:\/\/buletin.de\/bucuresti\/wp-content\/uploads\/Captura-ecran-159-550x448.png 550w, https:\/\/buletin.de\/bucuresti\/wp-content\/uploads\/Captura-ecran-159-614x500.png 614w, https:\/\/buletin.de\/bucuresti\/wp-content\/uploads\/Captura-ecran-159-600x488.png 600w, https:\/\/buletin.de\/bucuresti\/wp-content\/uploads\/Captura-ecran-159.png 968w\" sizes=\"(max-width: 900px) 100vw, 900px\" \/><\/a><\/figure><\/li><\/ul><\/figure>\n\n\n\n<p>Dintre \u0219colile mutate, ast\u0103zi, cu totul \u00een online sunt cinci licee \u0219i patru \u0219coli gimnaziale, dup\u0103 cum urmeaz\u0103:<\/p>\n\n\n\n<ul class=\"wp-block-list\"><li>Colegiul Na\u021bional \u201eI.L. Caragiale\u201d &#8211; perioada: 12-25 octombrie<\/li><li>Colegiul Tehnic \u201eDimitrie Leonida\u201d &#8211; perioada: 12-25 octombrie<\/li><li>\u0218coala Gimnazial\u0103 nr.307 &#8211; perioada: 12-25 octombrie<\/li><li>\u0218coala Gimnazial\u0103 \u201eJust4Kids\u201d &#8211; perioada: 11-24 octombrie<\/li><li>\u0218coala Gimnazial\u0103 nr.195 &#8211; perioada: 12-25 octombrie<\/li><li>Colegiul Na\u021bional \u201eGheorghe Laz\u0103r\u201d &#8211; perioada: 11-24 octombrie<\/li><li>\u0218coala Gimnazial\u0103 nr. 167 &#8211; perioada: 11-24 octombrie<\/li><li>Liceul Teoretic \u201eMarin Preda\u201d- perioada: 11-24 octombrie<\/li><li>Colegiul Tehnic \u201eIuliu Maniu\u201d &#8211; perioada: 11-24 octombrie<\/li><\/ul>\n\n\n\n<p>Pe 1 octombrie, mini\u0219tri S\u0103n\u0103t\u0103\u021bii \u0219i Educa\u021biei au dat un nou ordin comun care a modificat regulile. Ordinul face ca \u0219colile s\u0103 nu se mai \u00eenchid\u0103 dac\u0103 inciden\u021ba trece de 6 la o mie de locuitori, dar reglementeaz\u0103 ca \u0219colile care au peste 50% dintre clase \u00een online s\u0103 se mute cu totul \u00een online.&nbsp;<\/p>\n\n\n\n<p class=\"has-background\" style=\"background-color:#fdfdba\"><em>\u201eLa data suspend\u0103rii cursurilor pentru 50% din totalul grupelor\/claselor, se suspend\u0103 activitatea cu prezen\u021ba fizic\u0103 la nivelul \u00eentregii unit\u0103\u021bi de \u00eenv\u0103\u021b\u0103m\u00e2nt, pentru o perioad\u0103 de 14 zile. M\u0103sura suspend\u0103rii la nivelul unit\u0103\u021bii de \u00eenv\u0103\u021b\u0103m\u00e2nt este dispus\u0103 prin hot\u0103r\u00e2rea CJSU\/CMBSU, la propunerea conducerii unit\u0103\u021bii de \u00eenv\u0103\u021b\u0103m\u00e2nt\/institu\u021biei conexe, cu avizul ISJ\/ISMB \u0219i al DSP\/DSPMB.\u201d<\/em>&nbsp;, se arat\u0103 la articolul 6, alineatul 2 din&nbsp;<a href=\"http:\/\/legislatie.just.ro\/Public\/DetaliiDocument\/246824\">Ordinul comun<\/a>&nbsp;al mini\u0219trilor Educa\u021biei \u0219i S\u0103n\u0103t\u0103\u021bii<\/p>\n\n\n\n<p>\u00cen Bucure\u0219ti s-au raportat 2.423 de cazuri noi de coronavirus. Rata de infectare este de 14,20 cazuri la 1.000 de locuitori.<\/p>\n\n\n\n<p><strong>CITE\u0218TE \u0218I:<\/strong><\/p>\n\n\n\n<p><a href=\"https:\/\/buletin.de\/bucuresti\/sorin-cimpenu-toate-scolile-care-solicita-trecerea-online-vor-avea-solicitarea-aprobata\/\">Sorin C\u00eempenu: \u201eToate \u0219colile care solicit\u0103 trecerea online vor avea solicitarea aprobat\u0103\u201d<\/a><\/p>\n","protected":false},"excerpt":{"rendered":"<p>CMBSU a decis, ast\u0103zi, ca alte nou\u0103 \u0219coli din Bucure\u0219ti s\u0103-\u0219i mute cu totul activitatea \u00een online timp de dou\u0103 s\u0103pt\u0103m\u00e2ni, dup\u0103 ce mai mult de jum\u0103tate din clasele acestor unit\u0103\u021bi de \u00eenv\u0103\u021b\u0103m\u00e2nt au intrat \u00een online. Tot procesul de mutare al \u0219colilor cu totul \u00een online a \u00eenceput de s\u0103pt\u0103m\u00e2n\u0103 trecut\u0103, iar \u00een doar [&hellip;]<\/p>\n","protected":false},"author":17,"featured_media":32328,"comment_status":"closed","ping_status":"open","sticky":false,"template":"","format":"standard","meta":{"_acf_changed":false,"inline_featured_image":false,"ngg_post_thumbnail":0,"footnotes":""},"categories":[62],"tags":[],"ppma_author":[22576],"class_list":["post-32322","post","type-post","status-publish","format-standard","has-post-thumbnail","hentry","category-stiri"],"acf":[],"yoast_head":"<!-- This site is optimized with the Yoast SEO Premium plugin v25.3 (Yoast SEO v27.5) - https:\/\/yoast.com\/product\/yoast-seo-premium-wordpress\/ -->\n<title>46 de \u0219coli din Capital\u0103, mutate cu totul \u00een online - Buletin de Bucure\u0219ti<\/title>\n<meta name=\"robots\" content=\"index, follow, max-snippet:-1, max-image-preview:large, max-video-preview:-1\" \/>\n<link rel=\"canonical\" href=\"https:\/\/buletin.de\/bucuresti\/46-de-scoli-din-capitala-mutate-cu-totul-in-online\/\" \/>\n<meta property=\"og:locale\" content=\"en_GB\" \/>\n<meta property=\"og:type\" content=\"article\" \/>\n<meta property=\"og:title\" content=\"46 de \u0219coli din Capital\u0103, mutate cu totul \u00een online\" \/>\n<meta property=\"og:description\" content=\"CMBSU a decis, ast\u0103zi, ca alte nou\u0103 \u0219coli din Bucure\u0219ti s\u0103-\u0219i mute cu totul activitatea \u00een online timp de dou\u0103 s\u0103pt\u0103m\u00e2ni, dup\u0103 ce mai mult de jum\u0103tate din clasele acestor unit\u0103\u021bi de \u00eenv\u0103\u021b\u0103m\u00e2nt au intrat \u00een online. Tot procesul de mutare al \u0219colilor cu totul \u00een online a \u00eenceput de s\u0103pt\u0103m\u00e2n\u0103 trecut\u0103, iar \u00een doar [&hellip;]\" \/>\n<meta property=\"og:url\" content=\"https:\/\/buletin.de\/bucuresti\/46-de-scoli-din-capitala-mutate-cu-totul-in-online\/\" \/>\n<meta property=\"og:site_name\" content=\"Buletin de Bucure\u0219ti\" \/>\n<meta property=\"article:publisher\" content=\"https:\/\/www.facebook.com\/buletin.de.buc\" \/>\n<meta property=\"article:published_time\" content=\"2021-10-11T17:30:18+00:00\" \/>\n<meta property=\"article:modified_time\" content=\"2021-10-11T17:30:22+00:00\" \/>\n<meta property=\"og:image\" content=\"https:\/\/buletin.de\/bucuresti\/wp-content\/uploads\/photo-1510531704581-5b2870972060.jpg\" \/>\n\t<meta property=\"og:image:width\" content=\"1173\" \/>\n\t<meta property=\"og:image:height\" content=\"780\" \/>\n\t<meta property=\"og:image:type\" content=\"image\/jpeg\" \/>\n<meta name=\"author\" content=\"Florin R\u00e2\u0219teiu\" \/>\n<meta name=\"twitter:card\" content=\"summary_large_image\" \/>\n<meta name=\"twitter:label1\" content=\"Written by\" \/>\n\t<meta name=\"twitter:data1\" content=\"Florin R\u00e2\u0219teiu\" \/>\n\t<meta name=\"twitter:label2\" content=\"Estimated reading time\" \/>\n\t<meta name=\"twitter:data2\" content=\"2 minutes\" \/>\n<script type=\"application\/ld+json\" class=\"yoast-schema-graph\">{\"@context\":\"https:\\\/\\\/schema.org\",\"@graph\":[{\"@type\":\"Article\",\"@id\":\"https:\\\/\\\/buletin.de\\\/bucuresti\\\/46-de-scoli-din-capitala-mutate-cu-totul-in-online\\\/#article\",\"isPartOf\":{\"@id\":\"https:\\\/\\\/buletin.de\\\/bucuresti\\\/46-de-scoli-din-capitala-mutate-cu-totul-in-online\\\/\"},\"author\":{\"name\":\"Florin R\u00e2\u0219teiu\",\"@id\":\"https:\\\/\\\/buletin.de\\\/bucuresti\\\/#\\\/schema\\\/person\\\/b0686d7a8b666c6afc78239777fd8a89\"},\"headline\":\"46 de \u0219coli din Capital\u0103, mutate cu totul \u00een online\",\"datePublished\":\"2021-10-11T17:30:18+00:00\",\"dateModified\":\"2021-10-11T17:30:22+00:00\",\"mainEntityOfPage\":{\"@id\":\"https:\\\/\\\/buletin.de\\\/bucuresti\\\/46-de-scoli-din-capitala-mutate-cu-totul-in-online\\\/\"},\"wordCount\":402,\"publisher\":{\"@id\":\"https:\\\/\\\/buletin.de\\\/bucuresti\\\/#organization\"},\"image\":{\"@id\":\"https:\\\/\\\/buletin.de\\\/bucuresti\\\/46-de-scoli-din-capitala-mutate-cu-totul-in-online\\\/#primaryimage\"},\"thumbnailUrl\":\"https:\\\/\\\/buletin.de\\\/bucuresti\\\/wp-content\\\/uploads\\\/photo-1510531704581-5b2870972060.jpg\",\"articleSection\":[\"\u0218tiri\"],\"inLanguage\":\"en-GB\",\"copyrightYear\":\"2021\",\"copyrightHolder\":{\"@id\":\"https:\\\/\\\/buletin.de\\\/bucuresti\\\/#organization\"}},{\"@type\":\"WebPage\",\"@id\":\"https:\\\/\\\/buletin.de\\\/bucuresti\\\/46-de-scoli-din-capitala-mutate-cu-totul-in-online\\\/\",\"url\":\"https:\\\/\\\/buletin.de\\\/bucuresti\\\/46-de-scoli-din-capitala-mutate-cu-totul-in-online\\\/\",\"name\":\"46 de \u0219coli din Capital\u0103, mutate cu totul \u00een online - Buletin de Bucure\u0219ti\",\"isPartOf\":{\"@id\":\"https:\\\/\\\/buletin.de\\\/bucuresti\\\/#website\"},\"primaryImageOfPage\":{\"@id\":\"https:\\\/\\\/buletin.de\\\/bucuresti\\\/46-de-scoli-din-capitala-mutate-cu-totul-in-online\\\/#primaryimage\"},\"image\":{\"@id\":\"https:\\\/\\\/buletin.de\\\/bucuresti\\\/46-de-scoli-din-capitala-mutate-cu-totul-in-online\\\/#primaryimage\"},\"thumbnailUrl\":\"https:\\\/\\\/buletin.de\\\/bucuresti\\\/wp-content\\\/uploads\\\/photo-1510531704581-5b2870972060.jpg\",\"datePublished\":\"2021-10-11T17:30:18+00:00\",\"dateModified\":\"2021-10-11T17:30:22+00:00\",\"breadcrumb\":{\"@id\":\"https:\\\/\\\/buletin.de\\\/bucuresti\\\/46-de-scoli-din-capitala-mutate-cu-totul-in-online\\\/#breadcrumb\"},\"inLanguage\":\"en-GB\",\"potentialAction\":[{\"@type\":\"ReadAction\",\"target\":[\"https:\\\/\\\/buletin.de\\\/bucuresti\\\/46-de-scoli-din-capitala-mutate-cu-totul-in-online\\\/\"]}]},{\"@type\":\"ImageObject\",\"inLanguage\":\"en-GB\",\"@id\":\"https:\\\/\\\/buletin.de\\\/bucuresti\\\/46-de-scoli-din-capitala-mutate-cu-totul-in-online\\\/#primaryimage\",\"url\":\"https:\\\/\\\/buletin.de\\\/bucuresti\\\/wp-content\\\/uploads\\\/photo-1510531704581-5b2870972060.jpg\",\"contentUrl\":\"https:\\\/\\\/buletin.de\\\/bucuresti\\\/wp-content\\\/uploads\\\/photo-1510531704581-5b2870972060.jpg\",\"width\":1173,\"height\":780},{\"@type\":\"BreadcrumbList\",\"@id\":\"https:\\\/\\\/buletin.de\\\/bucuresti\\\/46-de-scoli-din-capitala-mutate-cu-totul-in-online\\\/#breadcrumb\",\"itemListElement\":[{\"@type\":\"ListItem\",\"position\":1,\"name\":\"Acas\u0103\",\"item\":\"https:\\\/\\\/buletin.de\\\/bucuresti\\\/\"},{\"@type\":\"ListItem\",\"position\":2,\"name\":\"46 de \u0219coli din Capital\u0103, mutate cu totul \u00een online\"}]},{\"@type\":\"WebSite\",\"@id\":\"https:\\\/\\\/buletin.de\\\/bucuresti\\\/#website\",\"url\":\"https:\\\/\\\/buletin.de\\\/bucuresti\\\/\",\"name\":\"Buletin de Bucure\u0219ti\",\"description\":\"\u0218tiri \u0219i investiga\u021bii esen\u021biale din capital\u0103\",\"publisher\":{\"@id\":\"https:\\\/\\\/buletin.de\\\/bucuresti\\\/#organization\"},\"potentialAction\":[{\"@type\":\"SearchAction\",\"target\":{\"@type\":\"EntryPoint\",\"urlTemplate\":\"https:\\\/\\\/buletin.de\\\/bucuresti\\\/?s={search_term_string}\"},\"query-input\":{\"@type\":\"PropertyValueSpecification\",\"valueRequired\":true,\"valueName\":\"search_term_string\"}}],\"inLanguage\":\"en-GB\"},{\"@type\":\"Organization\",\"@id\":\"https:\\\/\\\/buletin.de\\\/bucuresti\\\/#organization\",\"name\":\"Buletin de Bucure\u0219ti\",\"url\":\"https:\\\/\\\/buletin.de\\\/bucuresti\\\/\",\"logo\":{\"@type\":\"ImageObject\",\"inLanguage\":\"en-GB\",\"@id\":\"https:\\\/\\\/buletin.de\\\/bucuresti\\\/#\\\/schema\\\/logo\\\/image\\\/\",\"url\":\"https:\\\/\\\/buletin.de\\\/bucuresti\\\/wp-content\\\/uploads\\\/logo-bdb-full-wide-vernil-transparent.png\",\"contentUrl\":\"https:\\\/\\\/buletin.de\\\/bucuresti\\\/wp-content\\\/uploads\\\/logo-bdb-full-wide-vernil-transparent.png\",\"width\":1782,\"height\":626,\"caption\":\"Buletin de Bucure\u0219ti\"},\"image\":{\"@id\":\"https:\\\/\\\/buletin.de\\\/bucuresti\\\/#\\\/schema\\\/logo\\\/image\\\/\"},\"sameAs\":[\"https:\\\/\\\/www.facebook.com\\\/buletin.de.buc\",\"https:\\\/\\\/www.instagram.com\\\/buletinde.bucuresti\\\/\"]},{\"@type\":\"Person\",\"@id\":\"https:\\\/\\\/buletin.de\\\/bucuresti\\\/#\\\/schema\\\/person\\\/b0686d7a8b666c6afc78239777fd8a89\",\"name\":\"Florin R\u00e2\u0219teiu\",\"image\":{\"@type\":\"ImageObject\",\"inLanguage\":\"en-GB\",\"@id\":\"https:\\\/\\\/buletin.de\\\/bucuresti\\\/wp-content\\\/uploads\\\/Florin-Rasteiu-96x96.jpgf0a6fe28453aa12f0a60e4d0a2e3a78c\",\"url\":\"https:\\\/\\\/buletin.de\\\/bucuresti\\\/wp-content\\\/uploads\\\/Florin-Rasteiu-96x96.jpg\",\"contentUrl\":\"https:\\\/\\\/buletin.de\\\/bucuresti\\\/wp-content\\\/uploads\\\/Florin-Rasteiu-96x96.jpg\",\"caption\":\"Florin R\u00e2\u0219teiu\"},\"description\":\"Jurnalist de investiga\u021bie. Lucreaz\u0103 de aproape 6 ani la Buletin de Bucure\u0219ti, unde a publicat articole care scot la suprafa\u021b\u0103 corup\u021bia din Capital\u0103. Analizeaz\u0103 baze de date zilnic \u0219i scoate pove\u0219ti din exceluri pline de cifre. Pune reflectorul pe adev\u0103r cu fiecare ocazie. A c\u00e2\u0219tigat premiul I la categoria Pres\u0103 Local\u0103 \u00een 2025 \u0219i locul al II-lea la aceea\u0219i categorie \u00een 2024 \u00een cadrul Premiilor Superscrieri pentru jurnalism independent.\",\"url\":\"https:\\\/\\\/buletin.de\\\/bucuresti\\\/author\\\/florinrasteiu\\\/\"}]}<\/script>\n<!-- \/ Yoast SEO Premium plugin. -->","yoast_head_json":{"title":"46 de \u0219coli din Capital\u0103, mutate cu totul \u00een online - Buletin de Bucure\u0219ti","robots":{"index":"index","follow":"follow","max-snippet":"max-snippet:-1","max-image-preview":"max-image-preview:large","max-video-preview":"max-video-preview:-1"},"canonical":"https:\/\/buletin.de\/bucuresti\/46-de-scoli-din-capitala-mutate-cu-totul-in-online\/","og_locale":"en_GB","og_type":"article","og_title":"46 de \u0219coli din Capital\u0103, mutate cu totul \u00een online","og_description":"CMBSU a decis, ast\u0103zi, ca alte nou\u0103 \u0219coli din Bucure\u0219ti s\u0103-\u0219i mute cu totul activitatea \u00een online timp de dou\u0103 s\u0103pt\u0103m\u00e2ni, dup\u0103 ce mai mult de jum\u0103tate din clasele acestor unit\u0103\u021bi de \u00eenv\u0103\u021b\u0103m\u00e2nt au intrat \u00een online. Tot procesul de mutare al \u0219colilor cu totul \u00een online a \u00eenceput de s\u0103pt\u0103m\u00e2n\u0103 trecut\u0103, iar \u00een doar [&hellip;]","og_url":"https:\/\/buletin.de\/bucuresti\/46-de-scoli-din-capitala-mutate-cu-totul-in-online\/","og_site_name":"Buletin de Bucure\u0219ti","article_publisher":"https:\/\/www.facebook.com\/buletin.de.buc","article_published_time":"2021-10-11T17:30:18+00:00","article_modified_time":"2021-10-11T17:30:22+00:00","og_image":[{"width":1173,"height":780,"url":"https:\/\/buletin.de\/bucuresti\/wp-content\/uploads\/photo-1510531704581-5b2870972060.jpg","type":"image\/jpeg"}],"author":"Florin R\u00e2\u0219teiu","twitter_card":"summary_large_image","twitter_misc":{"Written by":"Florin R\u00e2\u0219teiu","Estimated reading time":"2 minutes"},"schema":{"@context":"https:\/\/schema.org","@graph":[{"@type":"Article","@id":"https:\/\/buletin.de\/bucuresti\/46-de-scoli-din-capitala-mutate-cu-totul-in-online\/#article","isPartOf":{"@id":"https:\/\/buletin.de\/bucuresti\/46-de-scoli-din-capitala-mutate-cu-totul-in-online\/"},"author":{"name":"Florin R\u00e2\u0219teiu","@id":"https:\/\/buletin.de\/bucuresti\/#\/schema\/person\/b0686d7a8b666c6afc78239777fd8a89"},"headline":"46 de \u0219coli din Capital\u0103, mutate cu totul \u00een online","datePublished":"2021-10-11T17:30:18+00:00","dateModified":"2021-10-11T17:30:22+00:00","mainEntityOfPage":{"@id":"https:\/\/buletin.de\/bucuresti\/46-de-scoli-din-capitala-mutate-cu-totul-in-online\/"},"wordCount":402,"publisher":{"@id":"https:\/\/buletin.de\/bucuresti\/#organization"},"image":{"@id":"https:\/\/buletin.de\/bucuresti\/46-de-scoli-din-capitala-mutate-cu-totul-in-online\/#primaryimage"},"thumbnailUrl":"https:\/\/buletin.de\/bucuresti\/wp-content\/uploads\/photo-1510531704581-5b2870972060.jpg","articleSection":["\u0218tiri"],"inLanguage":"en-GB","copyrightYear":"2021","copyrightHolder":{"@id":"https:\/\/buletin.de\/bucuresti\/#organization"}},{"@type":"WebPage","@id":"https:\/\/buletin.de\/bucuresti\/46-de-scoli-din-capitala-mutate-cu-totul-in-online\/","url":"https:\/\/buletin.de\/bucuresti\/46-de-scoli-din-capitala-mutate-cu-totul-in-online\/","name":"46 de \u0219coli din Capital\u0103, mutate cu totul \u00een online - Buletin de Bucure\u0219ti","isPartOf":{"@id":"https:\/\/buletin.de\/bucuresti\/#website"},"primaryImageOfPage":{"@id":"https:\/\/buletin.de\/bucuresti\/46-de-scoli-din-capitala-mutate-cu-totul-in-online\/#primaryimage"},"image":{"@id":"https:\/\/buletin.de\/bucuresti\/46-de-scoli-din-capitala-mutate-cu-totul-in-online\/#primaryimage"},"thumbnailUrl":"https:\/\/buletin.de\/bucuresti\/wp-content\/uploads\/photo-1510531704581-5b2870972060.jpg","datePublished":"2021-10-11T17:30:18+00:00","dateModified":"2021-10-11T17:30:22+00:00","breadcrumb":{"@id":"https:\/\/buletin.de\/bucuresti\/46-de-scoli-din-capitala-mutate-cu-totul-in-online\/#breadcrumb"},"inLanguage":"en-GB","potentialAction":[{"@type":"ReadAction","target":["https:\/\/buletin.de\/bucuresti\/46-de-scoli-din-capitala-mutate-cu-totul-in-online\/"]}]},{"@type":"ImageObject","inLanguage":"en-GB","@id":"https:\/\/buletin.de\/bucuresti\/46-de-scoli-din-capitala-mutate-cu-totul-in-online\/#primaryimage","url":"https:\/\/buletin.de\/bucuresti\/wp-content\/uploads\/photo-1510531704581-5b2870972060.jpg","contentUrl":"https:\/\/buletin.de\/bucuresti\/wp-content\/uploads\/photo-1510531704581-5b2870972060.jpg","width":1173,"height":780},{"@type":"BreadcrumbList","@id":"https:\/\/buletin.de\/bucuresti\/46-de-scoli-din-capitala-mutate-cu-totul-in-online\/#breadcrumb","itemListElement":[{"@type":"ListItem","position":1,"name":"Acas\u0103","item":"https:\/\/buletin.de\/bucuresti\/"},{"@type":"ListItem","position":2,"name":"46 de \u0219coli din Capital\u0103, mutate cu totul \u00een online"}]},{"@type":"WebSite","@id":"https:\/\/buletin.de\/bucuresti\/#website","url":"https:\/\/buletin.de\/bucuresti\/","name":"Buletin de Bucure\u0219ti","description":"\u0218tiri \u0219i investiga\u021bii esen\u021biale din capital\u0103","publisher":{"@id":"https:\/\/buletin.de\/bucuresti\/#organization"},"potentialAction":[{"@type":"SearchAction","target":{"@type":"EntryPoint","urlTemplate":"https:\/\/buletin.de\/bucuresti\/?s={search_term_string}"},"query-input":{"@type":"PropertyValueSpecification","valueRequired":true,"valueName":"search_term_string"}}],"inLanguage":"en-GB"},{"@type":"Organization","@id":"https:\/\/buletin.de\/bucuresti\/#organization","name":"Buletin de Bucure\u0219ti","url":"https:\/\/buletin.de\/bucuresti\/","logo":{"@type":"ImageObject","inLanguage":"en-GB","@id":"https:\/\/buletin.de\/bucuresti\/#\/schema\/logo\/image\/","url":"https:\/\/buletin.de\/bucuresti\/wp-content\/uploads\/logo-bdb-full-wide-vernil-transparent.png","contentUrl":"https:\/\/buletin.de\/bucuresti\/wp-content\/uploads\/logo-bdb-full-wide-vernil-transparent.png","width":1782,"height":626,"caption":"Buletin de Bucure\u0219ti"},"image":{"@id":"https:\/\/buletin.de\/bucuresti\/#\/schema\/logo\/image\/"},"sameAs":["https:\/\/www.facebook.com\/buletin.de.buc","https:\/\/www.instagram.com\/buletinde.bucuresti\/"]},{"@type":"Person","@id":"https:\/\/buletin.de\/bucuresti\/#\/schema\/person\/b0686d7a8b666c6afc78239777fd8a89","name":"Florin R\u00e2\u0219teiu","image":{"@type":"ImageObject","inLanguage":"en-GB","@id":"https:\/\/buletin.de\/bucuresti\/wp-content\/uploads\/Florin-Rasteiu-96x96.jpgf0a6fe28453aa12f0a60e4d0a2e3a78c","url":"https:\/\/buletin.de\/bucuresti\/wp-content\/uploads\/Florin-Rasteiu-96x96.jpg","contentUrl":"https:\/\/buletin.de\/bucuresti\/wp-content\/uploads\/Florin-Rasteiu-96x96.jpg","caption":"Florin R\u00e2\u0219teiu"},"description":"Jurnalist de investiga\u021bie. Lucreaz\u0103 de aproape 6 ani la Buletin de Bucure\u0219ti, unde a publicat articole care scot la suprafa\u021b\u0103 corup\u021bia din Capital\u0103. Analizeaz\u0103 baze de date zilnic \u0219i scoate pove\u0219ti din exceluri pline de cifre. Pune reflectorul pe adev\u0103r cu fiecare ocazie. A c\u00e2\u0219tigat premiul I la categoria Pres\u0103 Local\u0103 \u00een 2025 \u0219i locul al II-lea la aceea\u0219i categorie \u00een 2024 \u00een cadrul Premiilor Superscrieri pentru jurnalism independent.","url":"https:\/\/buletin.de\/bucuresti\/author\/florinrasteiu\/"}]}},"authors":[{"term_id":22576,"user_id":17,"is_guest":0,"slug":"florinrasteiu","display_name":"Florin R\u00e2\u0219teiu","avatar_url":"https:\/\/buletin.de\/bucuresti\/wp-content\/uploads\/Florin-Rasteiu-96x96.jpg","0":null,"1":"","2":"","3":"","4":"","5":"","6":"","7":"","8":""}],"_links":{"self":[{"href":"https:\/\/buletin.de\/bucuresti\/wp-json\/wp\/v2\/posts\/32322","targetHints":{"allow":["GET"]}}],"collection":[{"href":"https:\/\/buletin.de\/bucuresti\/wp-json\/wp\/v2\/posts"}],"about":[{"href":"https:\/\/buletin.de\/bucuresti\/wp-json\/wp\/v2\/types\/post"}],"author":[{"embeddable":true,"href":"https:\/\/buletin.de\/bucuresti\/wp-json\/wp\/v2\/users\/17"}],"replies":[{"embeddable":true,"href":"https:\/\/buletin.de\/bucuresti\/wp-json\/wp\/v2\/comments?post=32322"}],"version-history":[{"count":2,"href":"https:\/\/buletin.de\/bucuresti\/wp-json\/wp\/v2\/posts\/32322\/revisions"}],"predecessor-version":[{"id":32329,"href":"https:\/\/buletin.de\/bucuresti\/wp-json\/wp\/v2\/posts\/32322\/revisions\/32329"}],"wp:featuredmedia":[{"embeddable":true,"href":"https:\/\/buletin.de\/bucuresti\/wp-json\/wp\/v2\/media\/32328"}],"wp:attachment":[{"href":"https:\/\/buletin.de\/bucuresti\/wp-json\/wp\/v2\/media?parent=32322"}],"wp:term":[{"taxonomy":"category","embeddable":true,"href":"https:\/\/buletin.de\/bucuresti\/wp-json\/wp\/v2\/categories?post=32322"},{"taxonomy":"post_tag","embeddable":true,"href":"https:\/\/buletin.de\/bucuresti\/wp-json\/wp\/v2\/tags?post=32322"},{"taxonomy":"author","embeddable":true,"href":"https:\/\/buletin.de\/bucuresti\/wp-json\/wp\/v2\/ppma_author?post=32322"}],"curies":[{"name":"wp","href":"https:\/\/api.w.org\/{rel}","templated":true}]}}