{"id":32317,"date":"2021-10-11T19:34:19","date_gmt":"2021-10-11T16:34:19","guid":{"rendered":"https:\/\/buletin.de\/bucuresti\/?p=32317"},"modified":"2021-10-11T21:23:39","modified_gmt":"2021-10-11T18:23:39","slug":"mobilizare-anticovid-in-capitala-se-deschid-doua-spitale-de-campanie-iar-concediile-cadrelor-medicale-vor-fi-revocate-la-nevoie","status":"publish","type":"post","link":"https:\/\/buletin.de\/bucuresti\/mobilizare-anticovid-in-capitala-se-deschid-doua-spitale-de-campanie-iar-concediile-cadrelor-medicale-vor-fi-revocate-la-nevoie\/","title":{"rendered":"Mobilizare anti-Covid \u00een Capital\u0103! Se deschid dou\u0103 spitale de campanie, concediile cadrelor medicale vor fi revocate la nevoie"},"content":{"rendered":"\n<p><strong><strong>DSU a anun\u021bat, ast\u0103zi, o nou\u0103 serie de m\u0103suri, menite s\u0103 sporeasc\u0103 for\u021bele angrenate \u00een lupta antiCovid, \u00een Capital\u0103. Dou\u0103 spitale de campanie, cu personalul aferent, vor deveni opera\u021bionale \u00een cel mai scut timp. O alt\u0103 m\u0103sur\u0103 anun\u021bat\u0103 este c\u0103 managerii spitalelor pot s\u0103 nu mai aprobe concediile de odihn\u0103, de studii \u0219i pentru formare profesional\u0103 ale medicilor, \u00een timp ce pentru personalul IGSU aceste categorii de concedii se suspend\u0103 direct. \u00cen Bucure\u0219ti, au fost dislocate \u0219i puse \u00een circula\u021bie \u00eenc\u0103 28 de ambulan\u021be pentru transportul bolnavilor.<\/strong><\/strong><\/p>\n\n\n\n<p>Departamentul pentru Situa\u021bii de Urgen\u021b\u0103 a \u00eentocmit 4 ordine care urm\u0103resc de o manier\u0103 prioritar\u0103 luarea unor m\u0103suri imediate \u00een vederea gestion\u0103rii eficiente a situa\u021biei pandemice dificile reg\u0103sit\u0103 \u00een acest moment, la nivel na\u021bional, av\u00e2nd \u00een vedere evolu\u021bia situa\u021biei epidemiologice cauzat\u0103 de tulpina Delta, astfel:<\/p>\n\n\n\n<ol class=\"wp-block-list\"><li>Managerii unit\u0103\u021bilor sanitare, \u00een func\u021bie de nevoile opera\u021bionale dispun \u00eentreruperea efectu\u0103rii concediilor de odihn\u0103 \u0219i de odihn\u0103 suplimentare aflate \u00een derulare, precum \u0219i \u00eencetarea acord\u0103rii de noi concedii de odihn\u0103 sau de odihn\u0103 suplimentare, f\u0103r\u0103 plat\u0103, de studii \u0219i pentru formare profesional\u0103, pentru o perioad\u0103 de 30 zile. (Concediile \u00eentrerupte sau neacordate urmeaz\u0103 a fi replanificate c\u00e2nd evolu\u021bia situa\u021biei epidemiologice va permite efectuarea acestora.<\/li><li>Medicii reziden\u021bi de anul V \u00een specialitatea medicin\u0103 de urgen\u021b\u0103 care urmau s\u0103 \u00eenceap\u0103 probele pentru examenul de medic specialist \u00eencep\u00e2nd cu luna octombrie 2021 vor sus\u021bine aceste probe \u00een luna decembrie 2021.<\/li><li>Cursurile pentru atestatul de asisten\u021b\u0103 medical\u0103 de urgen\u021b\u0103 prespitaliceasc\u0103 \u0219i respectiv spitaliceasc\u0103 se suspend\u0103, urm\u00e2nd a fi reluate \u00een luna decembrie 2021 iar medicii \u00eenscri\u0219i se re\u00eentorc \u00een unit\u0103\u021bile de baz\u0103.<\/li><\/ol>\n\n\n\n<p>Totodat\u0103, \u00een vederea lu\u0103rii la cuno\u0219tin\u021b\u0103 a num\u0103rului mare de solicit\u0103ri de sprijin venite din partea cet\u0103\u021benilor pentru asigurarea misiunilor specifice \u0219i inclusiv \u00een contextul solicit\u0103rii de transport a acestora la unit\u0103\u021bi sanitare ca urmare a cre\u0219terii exponen\u021biale a num\u0103rului de cazuri pozitive infectate cu virusul SARS-CoV-2, echipaje medicale vor fi dislocate, dup\u0103 cum urmeaz\u0103 :<\/p>\n\n\n\n<ol class=\"wp-block-list\"><li>IGSU asigur\u0103 dislocarea \u00een municipiul Bucure\u0219ti a 2 posturi medicale avansate, de categoria II cu personal aferent deservirii acestora, din cadrul unit\u0103\u021bilor subordonate. Loca\u021biile se vor stabili ulterior, \u00een func\u021bie de nevoile opera\u021bionale.<\/li><li>IGSU asigur\u0103 dislocarea a 18 autospeciale pentru transport personal \u0219i victime multiple \u0219i a 10 ambulan\u021be B2 \u00een municipiul Bucure\u0219ti, din cadrul rezervelor operative. Pentru fiecare autospecial\u0103 se vor asigura c\u00e2te 2 echipaje complete, care s\u0103 deserveasc\u0103 interven\u021bii \u00een regim permanent, pe durata a 24h. Loca\u021biile se vor stabili ulterior, \u00een func\u021bie de nevoile opera\u021bionale.<\/li><li>Pentru cre\u0219terea capacit\u0103\u021bii de r\u0103spuns la nivelul SABIF, cu sprijinul Ministerului Ap\u0103r\u0103rii Na\u021bionale \u0219i a Ministerului Afacerilor Interne, 6 ambulan\u021be (5 aflate \u00een dotarea MApN \u0219i 1 \u00een dotarea MAI -Direc\u021bia Medical\u0103 a MAI) cu \u0219ofer, se vor al\u0103tura Serviciului de Ambulan\u021b\u0103 Bucure\u0219ti-Ilfov. Acestea vor deservi pentru sprijinirea SABIF in activit\u0103\u021bile specifice de testare a cet\u0103\u021benilor.<\/li><\/ol>\n\n\n\n<p>\u00cen scopul gestionarii eficiente a solicit\u0103rilor survenite \u00een urma evolu\u021biei situa\u021biei epidemiologice la nivel na\u021bional, IGSU va dispune:<\/p>\n\n\n\n<ol class=\"wp-block-list\"><li>\u00centreruperea efectu\u0103rii concediilor de odihn\u0103 \u0219i de odihn\u0103 suplimentare aflate \u00een derulare \u0219i \u00eencetarea acord\u0103rii de noi concedii de odihn\u0103, odihn\u0103 suplimentare, f\u0103r\u0103 plat\u0103, de studii \u0219i pentru formare profesional\u0103 pentru personalul IGSU \u0219i al unit\u0103\u021bilor subordonate, pe o perioad\u0103 de 30 de zile, \u00eencep\u00e2nd cu data de 11.10.2021. (Concediile \u00eentrerupte sau neacordate urmeaz\u0103 a fi replanificare c\u00e2nd evolu\u021bia situa\u021biei epidemiologice va permite efectuarea acestora.)<\/li><\/ol>\n\n\n\n<iframe src=\"https:\/\/www.facebook.com\/plugins\/post.php?href=https%3A%2F%2Fwww.facebook.com%2Fdepartamenturgente%2Fposts%2F289276059690229&amp;show_text=true&amp;width=500\" width=\"500\" height=\"514\" style=\"border:none;overflow:hidden\" scrolling=\"no\" frameborder=\"0\" allowfullscreen=\"true\" allow=\"autoplay; clipboard-write; encrypted-media; picture-in-picture; web-share\"><\/iframe>\n\n\n\n<p>\u00cen Bucure\u0219ti s-au raportat 2.423 de cazuri noi de coronavirus. Rata de infectare este de 14,20 cazuri la 1.000 de locuitori.<\/p>\n","protected":false},"excerpt":{"rendered":"<p>DSU a anun\u021bat, ast\u0103zi, o nou\u0103 serie de m\u0103suri, menite s\u0103 sporeasc\u0103 for\u021bele angrenate \u00een lupta antiCovid, \u00een Capital\u0103. Dou\u0103 spitale de campanie, cu personalul aferent, vor deveni opera\u021bionale \u00een cel mai scut timp. O alt\u0103 m\u0103sur\u0103 anun\u021bat\u0103 este c\u0103 managerii spitalelor pot s\u0103 nu mai aprobe concediile de odihn\u0103, de studii \u0219i pentru formare [&hellip;]<\/p>\n","protected":false},"author":17,"featured_media":31406,"comment_status":"closed","ping_status":"open","sticky":false,"template":"","format":"standard","meta":{"_acf_changed":false,"inline_featured_image":false,"ngg_post_thumbnail":0,"footnotes":""},"categories":[62],"tags":[],"ppma_author":[22576],"class_list":["post-32317","post","type-post","status-publish","format-standard","has-post-thumbnail","hentry","category-stiri"],"acf":[],"yoast_head":"<!-- This site is optimized with the Yoast SEO Premium plugin v25.3 (Yoast SEO v27.5) - https:\/\/yoast.com\/product\/yoast-seo-premium-wordpress\/ -->\n<title>Mobilizare anti-Covid \u00een Capital\u0103! Se deschid dou\u0103 spitale de campanie, concediile cadrelor medicale vor fi revocate la nevoie - Buletin de Bucure\u0219ti<\/title>\n<meta name=\"robots\" content=\"index, follow, max-snippet:-1, max-image-preview:large, max-video-preview:-1\" \/>\n<link rel=\"canonical\" href=\"https:\/\/buletin.de\/bucuresti\/mobilizare-anticovid-in-capitala-se-deschid-doua-spitale-de-campanie-iar-concediile-cadrelor-medicale-vor-fi-revocate-la-nevoie\/\" \/>\n<meta property=\"og:locale\" content=\"en_GB\" \/>\n<meta property=\"og:type\" content=\"article\" \/>\n<meta property=\"og:title\" content=\"Mobilizare anti-Covid \u00een Capital\u0103! Se deschid dou\u0103 spitale de campanie, concediile cadrelor medicale vor fi revocate la nevoie\" \/>\n<meta property=\"og:description\" content=\"DSU a anun\u021bat, ast\u0103zi, o nou\u0103 serie de m\u0103suri, menite s\u0103 sporeasc\u0103 for\u021bele angrenate \u00een lupta antiCovid, \u00een Capital\u0103. Dou\u0103 spitale de campanie, cu personalul aferent, vor deveni opera\u021bionale \u00een cel mai scut timp. O alt\u0103 m\u0103sur\u0103 anun\u021bat\u0103 este c\u0103 managerii spitalelor pot s\u0103 nu mai aprobe concediile de odihn\u0103, de studii \u0219i pentru formare [&hellip;]\" \/>\n<meta property=\"og:url\" content=\"https:\/\/buletin.de\/bucuresti\/mobilizare-anticovid-in-capitala-se-deschid-doua-spitale-de-campanie-iar-concediile-cadrelor-medicale-vor-fi-revocate-la-nevoie\/\" \/>\n<meta property=\"og:site_name\" content=\"Buletin de Bucure\u0219ti\" \/>\n<meta property=\"article:publisher\" content=\"https:\/\/www.facebook.com\/buletin.de.buc\" \/>\n<meta property=\"article:published_time\" content=\"2021-10-11T16:34:19+00:00\" \/>\n<meta property=\"article:modified_time\" content=\"2021-10-11T18:23:39+00:00\" \/>\n<meta property=\"og:image\" content=\"https:\/\/buletin.de\/bucuresti\/wp-content\/uploads\/image-892.png\" \/>\n\t<meta property=\"og:image:width\" content=\"655\" \/>\n\t<meta property=\"og:image:height\" content=\"751\" \/>\n\t<meta property=\"og:image:type\" content=\"image\/png\" \/>\n<meta name=\"author\" content=\"Florin R\u00e2\u0219teiu\" \/>\n<meta name=\"twitter:card\" content=\"summary_large_image\" \/>\n<meta name=\"twitter:label1\" content=\"Written by\" \/>\n\t<meta name=\"twitter:data1\" content=\"Florin R\u00e2\u0219teiu\" \/>\n\t<meta name=\"twitter:label2\" content=\"Estimated reading time\" \/>\n\t<meta name=\"twitter:data2\" content=\"3 minutes\" \/>\n<script type=\"application\/ld+json\" class=\"yoast-schema-graph\">{\"@context\":\"https:\\\/\\\/schema.org\",\"@graph\":[{\"@type\":\"Article\",\"@id\":\"https:\\\/\\\/buletin.de\\\/bucuresti\\\/mobilizare-anticovid-in-capitala-se-deschid-doua-spitale-de-campanie-iar-concediile-cadrelor-medicale-vor-fi-revocate-la-nevoie\\\/#article\",\"isPartOf\":{\"@id\":\"https:\\\/\\\/buletin.de\\\/bucuresti\\\/mobilizare-anticovid-in-capitala-se-deschid-doua-spitale-de-campanie-iar-concediile-cadrelor-medicale-vor-fi-revocate-la-nevoie\\\/\"},\"author\":{\"name\":\"Florin R\u00e2\u0219teiu\",\"@id\":\"https:\\\/\\\/buletin.de\\\/bucuresti\\\/#\\\/schema\\\/person\\\/b0686d7a8b666c6afc78239777fd8a89\"},\"headline\":\"Mobilizare anti-Covid \u00een Capital\u0103! Se deschid dou\u0103 spitale de campanie, concediile cadrelor medicale vor fi revocate la nevoie\",\"datePublished\":\"2021-10-11T16:34:19+00:00\",\"dateModified\":\"2021-10-11T18:23:39+00:00\",\"mainEntityOfPage\":{\"@id\":\"https:\\\/\\\/buletin.de\\\/bucuresti\\\/mobilizare-anticovid-in-capitala-se-deschid-doua-spitale-de-campanie-iar-concediile-cadrelor-medicale-vor-fi-revocate-la-nevoie\\\/\"},\"wordCount\":646,\"publisher\":{\"@id\":\"https:\\\/\\\/buletin.de\\\/bucuresti\\\/#organization\"},\"image\":{\"@id\":\"https:\\\/\\\/buletin.de\\\/bucuresti\\\/mobilizare-anticovid-in-capitala-se-deschid-doua-spitale-de-campanie-iar-concediile-cadrelor-medicale-vor-fi-revocate-la-nevoie\\\/#primaryimage\"},\"thumbnailUrl\":\"https:\\\/\\\/buletin.de\\\/bucuresti\\\/wp-content\\\/uploads\\\/image-892.png\",\"articleSection\":[\"\u0218tiri\"],\"inLanguage\":\"en-GB\",\"copyrightYear\":\"2021\",\"copyrightHolder\":{\"@id\":\"https:\\\/\\\/buletin.de\\\/bucuresti\\\/#organization\"}},{\"@type\":\"WebPage\",\"@id\":\"https:\\\/\\\/buletin.de\\\/bucuresti\\\/mobilizare-anticovid-in-capitala-se-deschid-doua-spitale-de-campanie-iar-concediile-cadrelor-medicale-vor-fi-revocate-la-nevoie\\\/\",\"url\":\"https:\\\/\\\/buletin.de\\\/bucuresti\\\/mobilizare-anticovid-in-capitala-se-deschid-doua-spitale-de-campanie-iar-concediile-cadrelor-medicale-vor-fi-revocate-la-nevoie\\\/\",\"name\":\"Mobilizare anti-Covid \u00een Capital\u0103! Se deschid dou\u0103 spitale de campanie, concediile cadrelor medicale vor fi revocate la nevoie - Buletin de Bucure\u0219ti\",\"isPartOf\":{\"@id\":\"https:\\\/\\\/buletin.de\\\/bucuresti\\\/#website\"},\"primaryImageOfPage\":{\"@id\":\"https:\\\/\\\/buletin.de\\\/bucuresti\\\/mobilizare-anticovid-in-capitala-se-deschid-doua-spitale-de-campanie-iar-concediile-cadrelor-medicale-vor-fi-revocate-la-nevoie\\\/#primaryimage\"},\"image\":{\"@id\":\"https:\\\/\\\/buletin.de\\\/bucuresti\\\/mobilizare-anticovid-in-capitala-se-deschid-doua-spitale-de-campanie-iar-concediile-cadrelor-medicale-vor-fi-revocate-la-nevoie\\\/#primaryimage\"},\"thumbnailUrl\":\"https:\\\/\\\/buletin.de\\\/bucuresti\\\/wp-content\\\/uploads\\\/image-892.png\",\"datePublished\":\"2021-10-11T16:34:19+00:00\",\"dateModified\":\"2021-10-11T18:23:39+00:00\",\"breadcrumb\":{\"@id\":\"https:\\\/\\\/buletin.de\\\/bucuresti\\\/mobilizare-anticovid-in-capitala-se-deschid-doua-spitale-de-campanie-iar-concediile-cadrelor-medicale-vor-fi-revocate-la-nevoie\\\/#breadcrumb\"},\"inLanguage\":\"en-GB\",\"potentialAction\":[{\"@type\":\"ReadAction\",\"target\":[\"https:\\\/\\\/buletin.de\\\/bucuresti\\\/mobilizare-anticovid-in-capitala-se-deschid-doua-spitale-de-campanie-iar-concediile-cadrelor-medicale-vor-fi-revocate-la-nevoie\\\/\"]}]},{\"@type\":\"ImageObject\",\"inLanguage\":\"en-GB\",\"@id\":\"https:\\\/\\\/buletin.de\\\/bucuresti\\\/mobilizare-anticovid-in-capitala-se-deschid-doua-spitale-de-campanie-iar-concediile-cadrelor-medicale-vor-fi-revocate-la-nevoie\\\/#primaryimage\",\"url\":\"https:\\\/\\\/buletin.de\\\/bucuresti\\\/wp-content\\\/uploads\\\/image-892.png\",\"contentUrl\":\"https:\\\/\\\/buletin.de\\\/bucuresti\\\/wp-content\\\/uploads\\\/image-892.png\",\"width\":655,\"height\":751},{\"@type\":\"BreadcrumbList\",\"@id\":\"https:\\\/\\\/buletin.de\\\/bucuresti\\\/mobilizare-anticovid-in-capitala-se-deschid-doua-spitale-de-campanie-iar-concediile-cadrelor-medicale-vor-fi-revocate-la-nevoie\\\/#breadcrumb\",\"itemListElement\":[{\"@type\":\"ListItem\",\"position\":1,\"name\":\"Acas\u0103\",\"item\":\"https:\\\/\\\/buletin.de\\\/bucuresti\\\/\"},{\"@type\":\"ListItem\",\"position\":2,\"name\":\"Mobilizare anti-Covid \u00een Capital\u0103! Se deschid dou\u0103 spitale de campanie, concediile cadrelor medicale vor fi revocate la nevoie\"}]},{\"@type\":\"WebSite\",\"@id\":\"https:\\\/\\\/buletin.de\\\/bucuresti\\\/#website\",\"url\":\"https:\\\/\\\/buletin.de\\\/bucuresti\\\/\",\"name\":\"Buletin de Bucure\u0219ti\",\"description\":\"\u0218tiri \u0219i investiga\u021bii esen\u021biale din capital\u0103\",\"publisher\":{\"@id\":\"https:\\\/\\\/buletin.de\\\/bucuresti\\\/#organization\"},\"potentialAction\":[{\"@type\":\"SearchAction\",\"target\":{\"@type\":\"EntryPoint\",\"urlTemplate\":\"https:\\\/\\\/buletin.de\\\/bucuresti\\\/?s={search_term_string}\"},\"query-input\":{\"@type\":\"PropertyValueSpecification\",\"valueRequired\":true,\"valueName\":\"search_term_string\"}}],\"inLanguage\":\"en-GB\"},{\"@type\":\"Organization\",\"@id\":\"https:\\\/\\\/buletin.de\\\/bucuresti\\\/#organization\",\"name\":\"Buletin de Bucure\u0219ti\",\"url\":\"https:\\\/\\\/buletin.de\\\/bucuresti\\\/\",\"logo\":{\"@type\":\"ImageObject\",\"inLanguage\":\"en-GB\",\"@id\":\"https:\\\/\\\/buletin.de\\\/bucuresti\\\/#\\\/schema\\\/logo\\\/image\\\/\",\"url\":\"https:\\\/\\\/buletin.de\\\/bucuresti\\\/wp-content\\\/uploads\\\/logo-bdb-full-wide-vernil-transparent.png\",\"contentUrl\":\"https:\\\/\\\/buletin.de\\\/bucuresti\\\/wp-content\\\/uploads\\\/logo-bdb-full-wide-vernil-transparent.png\",\"width\":1782,\"height\":626,\"caption\":\"Buletin de Bucure\u0219ti\"},\"image\":{\"@id\":\"https:\\\/\\\/buletin.de\\\/bucuresti\\\/#\\\/schema\\\/logo\\\/image\\\/\"},\"sameAs\":[\"https:\\\/\\\/www.facebook.com\\\/buletin.de.buc\",\"https:\\\/\\\/www.instagram.com\\\/buletinde.bucuresti\\\/\"]},{\"@type\":\"Person\",\"@id\":\"https:\\\/\\\/buletin.de\\\/bucuresti\\\/#\\\/schema\\\/person\\\/b0686d7a8b666c6afc78239777fd8a89\",\"name\":\"Florin R\u00e2\u0219teiu\",\"image\":{\"@type\":\"ImageObject\",\"inLanguage\":\"en-GB\",\"@id\":\"https:\\\/\\\/buletin.de\\\/bucuresti\\\/wp-content\\\/uploads\\\/Florin-Rasteiu-96x96.jpgf0a6fe28453aa12f0a60e4d0a2e3a78c\",\"url\":\"https:\\\/\\\/buletin.de\\\/bucuresti\\\/wp-content\\\/uploads\\\/Florin-Rasteiu-96x96.jpg\",\"contentUrl\":\"https:\\\/\\\/buletin.de\\\/bucuresti\\\/wp-content\\\/uploads\\\/Florin-Rasteiu-96x96.jpg\",\"caption\":\"Florin R\u00e2\u0219teiu\"},\"description\":\"Jurnalist de investiga\u021bie. Lucreaz\u0103 de aproape 6 ani la Buletin de Bucure\u0219ti, unde a publicat articole care scot la suprafa\u021b\u0103 corup\u021bia din Capital\u0103. Analizeaz\u0103 baze de date zilnic \u0219i scoate pove\u0219ti din exceluri pline de cifre. Pune reflectorul pe adev\u0103r cu fiecare ocazie. A c\u00e2\u0219tigat premiul I la categoria Pres\u0103 Local\u0103 \u00een 2025 \u0219i locul al II-lea la aceea\u0219i categorie \u00een 2024 \u00een cadrul Premiilor Superscrieri pentru jurnalism independent.\",\"url\":\"https:\\\/\\\/buletin.de\\\/bucuresti\\\/author\\\/florinrasteiu\\\/\"}]}<\/script>\n<!-- \/ Yoast SEO Premium plugin. -->","yoast_head_json":{"title":"Mobilizare anti-Covid \u00een Capital\u0103! Se deschid dou\u0103 spitale de campanie, concediile cadrelor medicale vor fi revocate la nevoie - Buletin de Bucure\u0219ti","robots":{"index":"index","follow":"follow","max-snippet":"max-snippet:-1","max-image-preview":"max-image-preview:large","max-video-preview":"max-video-preview:-1"},"canonical":"https:\/\/buletin.de\/bucuresti\/mobilizare-anticovid-in-capitala-se-deschid-doua-spitale-de-campanie-iar-concediile-cadrelor-medicale-vor-fi-revocate-la-nevoie\/","og_locale":"en_GB","og_type":"article","og_title":"Mobilizare anti-Covid \u00een Capital\u0103! Se deschid dou\u0103 spitale de campanie, concediile cadrelor medicale vor fi revocate la nevoie","og_description":"DSU a anun\u021bat, ast\u0103zi, o nou\u0103 serie de m\u0103suri, menite s\u0103 sporeasc\u0103 for\u021bele angrenate \u00een lupta antiCovid, \u00een Capital\u0103. Dou\u0103 spitale de campanie, cu personalul aferent, vor deveni opera\u021bionale \u00een cel mai scut timp. O alt\u0103 m\u0103sur\u0103 anun\u021bat\u0103 este c\u0103 managerii spitalelor pot s\u0103 nu mai aprobe concediile de odihn\u0103, de studii \u0219i pentru formare [&hellip;]","og_url":"https:\/\/buletin.de\/bucuresti\/mobilizare-anticovid-in-capitala-se-deschid-doua-spitale-de-campanie-iar-concediile-cadrelor-medicale-vor-fi-revocate-la-nevoie\/","og_site_name":"Buletin de Bucure\u0219ti","article_publisher":"https:\/\/www.facebook.com\/buletin.de.buc","article_published_time":"2021-10-11T16:34:19+00:00","article_modified_time":"2021-10-11T18:23:39+00:00","og_image":[{"width":655,"height":751,"url":"https:\/\/buletin.de\/bucuresti\/wp-content\/uploads\/image-892.png","type":"image\/png"}],"author":"Florin R\u00e2\u0219teiu","twitter_card":"summary_large_image","twitter_misc":{"Written by":"Florin R\u00e2\u0219teiu","Estimated reading time":"3 minutes"},"schema":{"@context":"https:\/\/schema.org","@graph":[{"@type":"Article","@id":"https:\/\/buletin.de\/bucuresti\/mobilizare-anticovid-in-capitala-se-deschid-doua-spitale-de-campanie-iar-concediile-cadrelor-medicale-vor-fi-revocate-la-nevoie\/#article","isPartOf":{"@id":"https:\/\/buletin.de\/bucuresti\/mobilizare-anticovid-in-capitala-se-deschid-doua-spitale-de-campanie-iar-concediile-cadrelor-medicale-vor-fi-revocate-la-nevoie\/"},"author":{"name":"Florin R\u00e2\u0219teiu","@id":"https:\/\/buletin.de\/bucuresti\/#\/schema\/person\/b0686d7a8b666c6afc78239777fd8a89"},"headline":"Mobilizare anti-Covid \u00een Capital\u0103! Se deschid dou\u0103 spitale de campanie, concediile cadrelor medicale vor fi revocate la nevoie","datePublished":"2021-10-11T16:34:19+00:00","dateModified":"2021-10-11T18:23:39+00:00","mainEntityOfPage":{"@id":"https:\/\/buletin.de\/bucuresti\/mobilizare-anticovid-in-capitala-se-deschid-doua-spitale-de-campanie-iar-concediile-cadrelor-medicale-vor-fi-revocate-la-nevoie\/"},"wordCount":646,"publisher":{"@id":"https:\/\/buletin.de\/bucuresti\/#organization"},"image":{"@id":"https:\/\/buletin.de\/bucuresti\/mobilizare-anticovid-in-capitala-se-deschid-doua-spitale-de-campanie-iar-concediile-cadrelor-medicale-vor-fi-revocate-la-nevoie\/#primaryimage"},"thumbnailUrl":"https:\/\/buletin.de\/bucuresti\/wp-content\/uploads\/image-892.png","articleSection":["\u0218tiri"],"inLanguage":"en-GB","copyrightYear":"2021","copyrightHolder":{"@id":"https:\/\/buletin.de\/bucuresti\/#organization"}},{"@type":"WebPage","@id":"https:\/\/buletin.de\/bucuresti\/mobilizare-anticovid-in-capitala-se-deschid-doua-spitale-de-campanie-iar-concediile-cadrelor-medicale-vor-fi-revocate-la-nevoie\/","url":"https:\/\/buletin.de\/bucuresti\/mobilizare-anticovid-in-capitala-se-deschid-doua-spitale-de-campanie-iar-concediile-cadrelor-medicale-vor-fi-revocate-la-nevoie\/","name":"Mobilizare anti-Covid \u00een Capital\u0103! Se deschid dou\u0103 spitale de campanie, concediile cadrelor medicale vor fi revocate la nevoie - Buletin de Bucure\u0219ti","isPartOf":{"@id":"https:\/\/buletin.de\/bucuresti\/#website"},"primaryImageOfPage":{"@id":"https:\/\/buletin.de\/bucuresti\/mobilizare-anticovid-in-capitala-se-deschid-doua-spitale-de-campanie-iar-concediile-cadrelor-medicale-vor-fi-revocate-la-nevoie\/#primaryimage"},"image":{"@id":"https:\/\/buletin.de\/bucuresti\/mobilizare-anticovid-in-capitala-se-deschid-doua-spitale-de-campanie-iar-concediile-cadrelor-medicale-vor-fi-revocate-la-nevoie\/#primaryimage"},"thumbnailUrl":"https:\/\/buletin.de\/bucuresti\/wp-content\/uploads\/image-892.png","datePublished":"2021-10-11T16:34:19+00:00","dateModified":"2021-10-11T18:23:39+00:00","breadcrumb":{"@id":"https:\/\/buletin.de\/bucuresti\/mobilizare-anticovid-in-capitala-se-deschid-doua-spitale-de-campanie-iar-concediile-cadrelor-medicale-vor-fi-revocate-la-nevoie\/#breadcrumb"},"inLanguage":"en-GB","potentialAction":[{"@type":"ReadAction","target":["https:\/\/buletin.de\/bucuresti\/mobilizare-anticovid-in-capitala-se-deschid-doua-spitale-de-campanie-iar-concediile-cadrelor-medicale-vor-fi-revocate-la-nevoie\/"]}]},{"@type":"ImageObject","inLanguage":"en-GB","@id":"https:\/\/buletin.de\/bucuresti\/mobilizare-anticovid-in-capitala-se-deschid-doua-spitale-de-campanie-iar-concediile-cadrelor-medicale-vor-fi-revocate-la-nevoie\/#primaryimage","url":"https:\/\/buletin.de\/bucuresti\/wp-content\/uploads\/image-892.png","contentUrl":"https:\/\/buletin.de\/bucuresti\/wp-content\/uploads\/image-892.png","width":655,"height":751},{"@type":"BreadcrumbList","@id":"https:\/\/buletin.de\/bucuresti\/mobilizare-anticovid-in-capitala-se-deschid-doua-spitale-de-campanie-iar-concediile-cadrelor-medicale-vor-fi-revocate-la-nevoie\/#breadcrumb","itemListElement":[{"@type":"ListItem","position":1,"name":"Acas\u0103","item":"https:\/\/buletin.de\/bucuresti\/"},{"@type":"ListItem","position":2,"name":"Mobilizare anti-Covid \u00een Capital\u0103! Se deschid dou\u0103 spitale de campanie, concediile cadrelor medicale vor fi revocate la nevoie"}]},{"@type":"WebSite","@id":"https:\/\/buletin.de\/bucuresti\/#website","url":"https:\/\/buletin.de\/bucuresti\/","name":"Buletin de Bucure\u0219ti","description":"\u0218tiri \u0219i investiga\u021bii esen\u021biale din capital\u0103","publisher":{"@id":"https:\/\/buletin.de\/bucuresti\/#organization"},"potentialAction":[{"@type":"SearchAction","target":{"@type":"EntryPoint","urlTemplate":"https:\/\/buletin.de\/bucuresti\/?s={search_term_string}"},"query-input":{"@type":"PropertyValueSpecification","valueRequired":true,"valueName":"search_term_string"}}],"inLanguage":"en-GB"},{"@type":"Organization","@id":"https:\/\/buletin.de\/bucuresti\/#organization","name":"Buletin de Bucure\u0219ti","url":"https:\/\/buletin.de\/bucuresti\/","logo":{"@type":"ImageObject","inLanguage":"en-GB","@id":"https:\/\/buletin.de\/bucuresti\/#\/schema\/logo\/image\/","url":"https:\/\/buletin.de\/bucuresti\/wp-content\/uploads\/logo-bdb-full-wide-vernil-transparent.png","contentUrl":"https:\/\/buletin.de\/bucuresti\/wp-content\/uploads\/logo-bdb-full-wide-vernil-transparent.png","width":1782,"height":626,"caption":"Buletin de Bucure\u0219ti"},"image":{"@id":"https:\/\/buletin.de\/bucuresti\/#\/schema\/logo\/image\/"},"sameAs":["https:\/\/www.facebook.com\/buletin.de.buc","https:\/\/www.instagram.com\/buletinde.bucuresti\/"]},{"@type":"Person","@id":"https:\/\/buletin.de\/bucuresti\/#\/schema\/person\/b0686d7a8b666c6afc78239777fd8a89","name":"Florin R\u00e2\u0219teiu","image":{"@type":"ImageObject","inLanguage":"en-GB","@id":"https:\/\/buletin.de\/bucuresti\/wp-content\/uploads\/Florin-Rasteiu-96x96.jpgf0a6fe28453aa12f0a60e4d0a2e3a78c","url":"https:\/\/buletin.de\/bucuresti\/wp-content\/uploads\/Florin-Rasteiu-96x96.jpg","contentUrl":"https:\/\/buletin.de\/bucuresti\/wp-content\/uploads\/Florin-Rasteiu-96x96.jpg","caption":"Florin R\u00e2\u0219teiu"},"description":"Jurnalist de investiga\u021bie. Lucreaz\u0103 de aproape 6 ani la Buletin de Bucure\u0219ti, unde a publicat articole care scot la suprafa\u021b\u0103 corup\u021bia din Capital\u0103. Analizeaz\u0103 baze de date zilnic \u0219i scoate pove\u0219ti din exceluri pline de cifre. Pune reflectorul pe adev\u0103r cu fiecare ocazie. A c\u00e2\u0219tigat premiul I la categoria Pres\u0103 Local\u0103 \u00een 2025 \u0219i locul al II-lea la aceea\u0219i categorie \u00een 2024 \u00een cadrul Premiilor Superscrieri pentru jurnalism independent.","url":"https:\/\/buletin.de\/bucuresti\/author\/florinrasteiu\/"}]}},"authors":[{"term_id":22576,"user_id":17,"is_guest":0,"slug":"florinrasteiu","display_name":"Florin R\u00e2\u0219teiu","avatar_url":"https:\/\/buletin.de\/bucuresti\/wp-content\/uploads\/Florin-Rasteiu-96x96.jpg","0":null,"1":"","2":"","3":"","4":"","5":"","6":"","7":"","8":""}],"_links":{"self":[{"href":"https:\/\/buletin.de\/bucuresti\/wp-json\/wp\/v2\/posts\/32317","targetHints":{"allow":["GET"]}}],"collection":[{"href":"https:\/\/buletin.de\/bucuresti\/wp-json\/wp\/v2\/posts"}],"about":[{"href":"https:\/\/buletin.de\/bucuresti\/wp-json\/wp\/v2\/types\/post"}],"author":[{"embeddable":true,"href":"https:\/\/buletin.de\/bucuresti\/wp-json\/wp\/v2\/users\/17"}],"replies":[{"embeddable":true,"href":"https:\/\/buletin.de\/bucuresti\/wp-json\/wp\/v2\/comments?post=32317"}],"version-history":[{"count":7,"href":"https:\/\/buletin.de\/bucuresti\/wp-json\/wp\/v2\/posts\/32317\/revisions"}],"predecessor-version":[{"id":32335,"href":"https:\/\/buletin.de\/bucuresti\/wp-json\/wp\/v2\/posts\/32317\/revisions\/32335"}],"wp:featuredmedia":[{"embeddable":true,"href":"https:\/\/buletin.de\/bucuresti\/wp-json\/wp\/v2\/media\/31406"}],"wp:attachment":[{"href":"https:\/\/buletin.de\/bucuresti\/wp-json\/wp\/v2\/media?parent=32317"}],"wp:term":[{"taxonomy":"category","embeddable":true,"href":"https:\/\/buletin.de\/bucuresti\/wp-json\/wp\/v2\/categories?post=32317"},{"taxonomy":"post_tag","embeddable":true,"href":"https:\/\/buletin.de\/bucuresti\/wp-json\/wp\/v2\/tags?post=32317"},{"taxonomy":"author","embeddable":true,"href":"https:\/\/buletin.de\/bucuresti\/wp-json\/wp\/v2\/ppma_author?post=32317"}],"curies":[{"name":"wp","href":"https:\/\/api.w.org\/{rel}","templated":true}]}}