{"id":32306,"date":"2021-10-11T14:56:27","date_gmt":"2021-10-11T11:56:27","guid":{"rendered":"https:\/\/buletin.de\/bucuresti\/?p=32306"},"modified":"2021-10-11T18:12:48","modified_gmt":"2021-10-11T15:12:48","slug":"rectificarea-de-buget-de-la-sectorul-1-a-cazut-si-a-patra-oara","status":"publish","type":"post","link":"https:\/\/buletin.de\/bucuresti\/rectificarea-de-buget-de-la-sectorul-1-a-cazut-si-a-patra-oara\/","title":{"rendered":"Centrul de vaccinare de la Romexpo risc\u0103 s\u0103 fie \u00eenchis. Rectificarea de buget de la Sectorul 1 a c\u0103zut \u0219i a patra oar\u0103"},"content":{"rendered":"\n<p><strong>UPDATE 18:10 <\/strong>&#8211; Primarul Clotilde Armand precizeaz\u0103 c\u0103 centrul de vaccinare de la Romexpo risc\u0103 s\u0103 fie \u00eenchis, din moment ce consilierii locali nu au votat proiectul de hot\u0103r\u00e2re privind rectificarea bugetar\u0103.<\/p>\n\n\n\n<p>\u201eAst\u0103zi am avut a 4 &#8211; a \u0219edin\u021b\u0103 de Consiliu Local pentru rectificarea bugetar\u0103 iar consilierii PNL \u0219i PSD au f\u0103cut front <em>comun, f\u0103r\u0103 nici un motiv \u0219i n-au votat proiectul. \u00cen rectificarea respectiv\u0103 erau cuprinse mai multe puncte. Printre acestea se num\u0103r\u0103 \u0219i cheltuielile pentru a asigura func\u021bionarea centrului de vaccinare de la Romexpo. La \u00eenceputul anului am deschis aici cel mai mare centru de vaccinare din Rom\u00e2nia. Din cauza consilierilor PNL \u0219i PSD acest centru risc\u0103 s\u0103 fie \u00eenchis. (&#8230;) Dar fac din nou un apel c\u0103tre liderii responsabili din PNL \u0219i PSD &#8211; s\u0103 se g\u00e2ndeasc\u0103 la s\u0103n\u0103tatea rom\u00e2nilor, la efortul medicilor &#8211; s\u0103 nu \u00eendr\u0103zneasc\u0103 s\u0103 \u00eenchid\u0103 centrul de vaccinare. \u00cen condi\u021biile actuale acest centru mai rezist\u0103 doar c\u00e2teva zile. \u00cen loc s\u0103-\u0219i direc\u021bioneze energia pentru a convinge lumea s\u0103 se vaccineze, consilierii PNL \u0219i PSD de la Sectorul 1 depun toate eforturile s\u0103 \u00eenchid\u0103 cel mai mare centru de vaccinare din Rom\u00e2nia\u201d,<\/em> a scris primarul Sectorului 1 pe pagina sa de Facebook.<\/p>\n\n\n\n<iframe src=\"https:\/\/www.facebook.com\/plugins\/post.php?href=https%3A%2F%2Fwww.facebook.com%2Fclotildearmand.ro%2Fposts%2F416209093203755&amp;show_text=true&amp;width=500\" width=\"500\" height=\"270\" style=\"border:none;overflow:hidden\" scrolling=\"no\" frameborder=\"0\" allowfullscreen=\"true\" allow=\"autoplay; clipboard-write; encrypted-media; picture-in-picture; web-share\"><\/iframe>\n\n\n\n<p><strong>Rectificarea de buget de la Sectorul 1 a c\u0103zut \u0219i a patra oar\u0103 la vot, \u00een \u0219edin\u021ba de consiliu local de \u00eendat\u0103 de luni. Ultima \u0219edin\u021b\u0103 \u00een care proiectul de hot\u0103r\u00e2re a fost respins a avut loc \u00een data de 4 octombrie.<\/strong><\/p>\n\n\n\n<p>Aceasta \u00eenseamn\u0103 c\u0103, \u00een momentul de fa\u021b\u0103, nu pot fi achitate sumele pentru func\u021bionarea centrului de vaccinare anti-COVID de la Romexpo \u0219i nici cele solicitate de unit\u0103\u021bile de \u00eenv\u0103\u021b\u0103m\u00e2nt de pe raza proiectului.<\/p>\n\n\n\n<p>Nici Colegiul Na\u021bional de Muzic\u0103 \u201eGeorge Enescu\u201d nu va primi cele dou\u0103 milioane de lei solicitate pentru cump\u0103rarea instrumentelor muzicale.<\/p>\n\n\n\n<p>F\u0103r\u0103 bani r\u0103m\u00e2ne \u0219i Administra\u021bia Domeniului Public Sector 1, care nu \u00ee\u0219i poate acoperi plata utilit\u0103\u021bilor \u0219i alte cheltuieli necesare pentru func\u021bionarea institu\u021biei.<\/p>\n\n\n\n<p>\u201eSunt elemente cruciale pentru a face fa\u021b\u0103 pandemiei. V\u0103 rog mult s\u0103 contempla\u021bi aceast\u0103 rectificare bugetar\u0103. \u00cen spatele fiec\u0103rei linii din aceast\u0103 rectificare bugetar\u0103 se afl\u0103 o problem\u0103 a oamenilor din Sectorul 1. Sunte\u021bi aici pentru a vota, este a patra oar\u0103\u201d, a declarat primarul Clotilde Armand \u00een deschiderea \u0219edin\u021bei de consiliu local.<\/p>\n\n\n\n<p>La fel ca data trecut\u0103, consilierii locali ai PNL au cerut votarea rectific\u0103rii de buget doar pe tema Romexpo, urm\u00e2nd ca celelalte puncte s\u0103 fie votate \u00eentr-o \u0219edin\u021b\u0103 viitoare \u0219i abia dup\u0103 ce proiectele liberalilor ar urma s\u0103 fie deblocate.<\/p>\n\n\n\n<iframe src=\"https:\/\/www.facebook.com\/plugins\/post.php?href=https%3A%2F%2Fwww.facebook.com%2FPNLSectorul1%2Fposts%2F1852194854967977&amp;show_text=true&amp;width=500\" width=\"500\" height=\"290\" style=\"border:none;overflow:hidden\" scrolling=\"no\" frameborder=\"0\" allowfullscreen=\"true\" allow=\"autoplay; clipboard-write; encrypted-media; picture-in-picture; web-share\"><\/iframe>\n\n\n\n<p>Proiectul de hot\u0103r\u00e2re a c\u0103zut cu 15 ab\u021bineri \u0219i 11 voturi \u201epentru\u201d.<\/p>\n\n\n\n<iframe src=\"https:\/\/www.facebook.com\/plugins\/video.php?height=314&#038;href=https%3A%2F%2Fwww.facebook.com%2FPrimariaSectorUnu%2Fvideos%2F399307108512674%2F&#038;show_text=true&#038;width=560&#038;t=0\" width=\"560\" height=\"429\" style=\"border:none;overflow:hidden\" scrolling=\"no\" frameborder=\"0\" allowfullscreen=\"true\" allow=\"autoplay; clipboard-write; encrypted-media; picture-in-picture; web-share\" allowFullScreen=\"true\"><\/iframe>\n","protected":false},"excerpt":{"rendered":"<p>UPDATE 18:10 &#8211; Primarul Clotilde Armand precizeaz\u0103 c\u0103 centrul de vaccinare de la Romexpo risc\u0103 s\u0103 fie \u00eenchis, din moment ce consilierii locali nu au votat proiectul de hot\u0103r\u00e2re privind rectificarea bugetar\u0103. \u201eAst\u0103zi am avut a 4 &#8211; a \u0219edin\u021b\u0103 de Consiliu Local pentru rectificarea bugetar\u0103 iar consilierii PNL \u0219i PSD au f\u0103cut front comun, [&hellip;]<\/p>\n","protected":false},"author":25,"featured_media":32307,"comment_status":"closed","ping_status":"open","sticky":false,"template":"","format":"standard","meta":{"_acf_changed":false,"inline_featured_image":false,"ngg_post_thumbnail":0,"footnotes":""},"categories":[62],"tags":[308],"ppma_author":[22597],"class_list":["post-32306","post","type-post","status-publish","format-standard","has-post-thumbnail","hentry","category-stiri","tag-sector-1"],"acf":[],"yoast_head":"<!-- This site is optimized with the Yoast SEO Premium plugin v25.3 (Yoast SEO v27.5) - https:\/\/yoast.com\/product\/yoast-seo-premium-wordpress\/ -->\n<title>Centrul de vaccinare de la Romexpo risc\u0103 s\u0103 fie \u00eenchis. Rectificarea de buget de la Sectorul 1 a c\u0103zut \u0219i a patra oar\u0103 - Buletin de Bucure\u0219ti<\/title>\n<meta name=\"robots\" content=\"index, follow, max-snippet:-1, max-image-preview:large, max-video-preview:-1\" \/>\n<link rel=\"canonical\" href=\"https:\/\/buletin.de\/bucuresti\/rectificarea-de-buget-de-la-sectorul-1-a-cazut-si-a-patra-oara\/\" \/>\n<meta property=\"og:locale\" content=\"en_GB\" \/>\n<meta property=\"og:type\" content=\"article\" \/>\n<meta property=\"og:title\" content=\"Centrul de vaccinare de la Romexpo risc\u0103 s\u0103 fie \u00eenchis. Rectificarea de buget de la Sectorul 1 a c\u0103zut \u0219i a patra oar\u0103\" \/>\n<meta property=\"og:description\" content=\"UPDATE 18:10 &#8211; Primarul Clotilde Armand precizeaz\u0103 c\u0103 centrul de vaccinare de la Romexpo risc\u0103 s\u0103 fie \u00eenchis, din moment ce consilierii locali nu au votat proiectul de hot\u0103r\u00e2re privind rectificarea bugetar\u0103. \u201eAst\u0103zi am avut a 4 &#8211; a \u0219edin\u021b\u0103 de Consiliu Local pentru rectificarea bugetar\u0103 iar consilierii PNL \u0219i PSD au f\u0103cut front comun, [&hellip;]\" \/>\n<meta property=\"og:url\" content=\"https:\/\/buletin.de\/bucuresti\/rectificarea-de-buget-de-la-sectorul-1-a-cazut-si-a-patra-oara\/\" \/>\n<meta property=\"og:site_name\" content=\"Buletin de Bucure\u0219ti\" \/>\n<meta property=\"article:publisher\" content=\"https:\/\/www.facebook.com\/buletin.de.buc\" \/>\n<meta property=\"article:published_time\" content=\"2021-10-11T11:56:27+00:00\" \/>\n<meta property=\"article:modified_time\" content=\"2021-10-11T15:12:48+00:00\" \/>\n<meta property=\"og:image\" content=\"https:\/\/buletin.de\/bucuresti\/wp-content\/uploads\/sedinta-cl-s-1.jpg\" \/>\n\t<meta property=\"og:image:width\" content=\"1367\" \/>\n\t<meta property=\"og:image:height\" content=\"777\" \/>\n\t<meta property=\"og:image:type\" content=\"image\/jpeg\" \/>\n<meta name=\"author\" content=\"Ana Tudor\" \/>\n<meta name=\"twitter:card\" content=\"summary_large_image\" \/>\n<meta name=\"twitter:label1\" content=\"Written by\" \/>\n\t<meta name=\"twitter:data1\" content=\"Ana Tudor\" \/>\n\t<meta name=\"twitter:label2\" content=\"Estimated reading time\" \/>\n\t<meta name=\"twitter:data2\" content=\"2 minutes\" \/>\n<script type=\"application\/ld+json\" class=\"yoast-schema-graph\">{\"@context\":\"https:\\\/\\\/schema.org\",\"@graph\":[{\"@type\":\"Article\",\"@id\":\"https:\\\/\\\/buletin.de\\\/bucuresti\\\/rectificarea-de-buget-de-la-sectorul-1-a-cazut-si-a-patra-oara\\\/#article\",\"isPartOf\":{\"@id\":\"https:\\\/\\\/buletin.de\\\/bucuresti\\\/rectificarea-de-buget-de-la-sectorul-1-a-cazut-si-a-patra-oara\\\/\"},\"author\":{\"name\":\"Ana Tudor\",\"@id\":\"https:\\\/\\\/buletin.de\\\/bucuresti\\\/#\\\/schema\\\/person\\\/8ce85bbda5515a1abb525993294155a8\"},\"headline\":\"Centrul de vaccinare de la Romexpo risc\u0103 s\u0103 fie \u00eenchis. Rectificarea de buget de la Sectorul 1 a c\u0103zut \u0219i a patra oar\u0103\",\"datePublished\":\"2021-10-11T11:56:27+00:00\",\"dateModified\":\"2021-10-11T15:12:48+00:00\",\"mainEntityOfPage\":{\"@id\":\"https:\\\/\\\/buletin.de\\\/bucuresti\\\/rectificarea-de-buget-de-la-sectorul-1-a-cazut-si-a-patra-oara\\\/\"},\"wordCount\":481,\"publisher\":{\"@id\":\"https:\\\/\\\/buletin.de\\\/bucuresti\\\/#organization\"},\"image\":{\"@id\":\"https:\\\/\\\/buletin.de\\\/bucuresti\\\/rectificarea-de-buget-de-la-sectorul-1-a-cazut-si-a-patra-oara\\\/#primaryimage\"},\"thumbnailUrl\":\"https:\\\/\\\/buletin.de\\\/bucuresti\\\/wp-content\\\/uploads\\\/sedinta-cl-s-1.jpg\",\"keywords\":[\"Sector 1\"],\"articleSection\":[\"\u0218tiri\"],\"inLanguage\":\"en-GB\",\"copyrightYear\":\"2021\",\"copyrightHolder\":{\"@id\":\"https:\\\/\\\/buletin.de\\\/bucuresti\\\/#organization\"}},{\"@type\":\"WebPage\",\"@id\":\"https:\\\/\\\/buletin.de\\\/bucuresti\\\/rectificarea-de-buget-de-la-sectorul-1-a-cazut-si-a-patra-oara\\\/\",\"url\":\"https:\\\/\\\/buletin.de\\\/bucuresti\\\/rectificarea-de-buget-de-la-sectorul-1-a-cazut-si-a-patra-oara\\\/\",\"name\":\"Centrul de vaccinare de la Romexpo risc\u0103 s\u0103 fie \u00eenchis. Rectificarea de buget de la Sectorul 1 a c\u0103zut \u0219i a patra oar\u0103 - Buletin de Bucure\u0219ti\",\"isPartOf\":{\"@id\":\"https:\\\/\\\/buletin.de\\\/bucuresti\\\/#website\"},\"primaryImageOfPage\":{\"@id\":\"https:\\\/\\\/buletin.de\\\/bucuresti\\\/rectificarea-de-buget-de-la-sectorul-1-a-cazut-si-a-patra-oara\\\/#primaryimage\"},\"image\":{\"@id\":\"https:\\\/\\\/buletin.de\\\/bucuresti\\\/rectificarea-de-buget-de-la-sectorul-1-a-cazut-si-a-patra-oara\\\/#primaryimage\"},\"thumbnailUrl\":\"https:\\\/\\\/buletin.de\\\/bucuresti\\\/wp-content\\\/uploads\\\/sedinta-cl-s-1.jpg\",\"datePublished\":\"2021-10-11T11:56:27+00:00\",\"dateModified\":\"2021-10-11T15:12:48+00:00\",\"breadcrumb\":{\"@id\":\"https:\\\/\\\/buletin.de\\\/bucuresti\\\/rectificarea-de-buget-de-la-sectorul-1-a-cazut-si-a-patra-oara\\\/#breadcrumb\"},\"inLanguage\":\"en-GB\",\"potentialAction\":[{\"@type\":\"ReadAction\",\"target\":[\"https:\\\/\\\/buletin.de\\\/bucuresti\\\/rectificarea-de-buget-de-la-sectorul-1-a-cazut-si-a-patra-oara\\\/\"]}]},{\"@type\":\"ImageObject\",\"inLanguage\":\"en-GB\",\"@id\":\"https:\\\/\\\/buletin.de\\\/bucuresti\\\/rectificarea-de-buget-de-la-sectorul-1-a-cazut-si-a-patra-oara\\\/#primaryimage\",\"url\":\"https:\\\/\\\/buletin.de\\\/bucuresti\\\/wp-content\\\/uploads\\\/sedinta-cl-s-1.jpg\",\"contentUrl\":\"https:\\\/\\\/buletin.de\\\/bucuresti\\\/wp-content\\\/uploads\\\/sedinta-cl-s-1.jpg\",\"width\":1367,\"height\":777},{\"@type\":\"BreadcrumbList\",\"@id\":\"https:\\\/\\\/buletin.de\\\/bucuresti\\\/rectificarea-de-buget-de-la-sectorul-1-a-cazut-si-a-patra-oara\\\/#breadcrumb\",\"itemListElement\":[{\"@type\":\"ListItem\",\"position\":1,\"name\":\"Acas\u0103\",\"item\":\"https:\\\/\\\/buletin.de\\\/bucuresti\\\/\"},{\"@type\":\"ListItem\",\"position\":2,\"name\":\"Centrul de vaccinare de la Romexpo risc\u0103 s\u0103 fie \u00eenchis. Rectificarea de buget de la Sectorul 1 a c\u0103zut \u0219i a patra oar\u0103\"}]},{\"@type\":\"WebSite\",\"@id\":\"https:\\\/\\\/buletin.de\\\/bucuresti\\\/#website\",\"url\":\"https:\\\/\\\/buletin.de\\\/bucuresti\\\/\",\"name\":\"Buletin de Bucure\u0219ti\",\"description\":\"\u0218tiri \u0219i investiga\u021bii esen\u021biale din capital\u0103\",\"publisher\":{\"@id\":\"https:\\\/\\\/buletin.de\\\/bucuresti\\\/#organization\"},\"potentialAction\":[{\"@type\":\"SearchAction\",\"target\":{\"@type\":\"EntryPoint\",\"urlTemplate\":\"https:\\\/\\\/buletin.de\\\/bucuresti\\\/?s={search_term_string}\"},\"query-input\":{\"@type\":\"PropertyValueSpecification\",\"valueRequired\":true,\"valueName\":\"search_term_string\"}}],\"inLanguage\":\"en-GB\"},{\"@type\":\"Organization\",\"@id\":\"https:\\\/\\\/buletin.de\\\/bucuresti\\\/#organization\",\"name\":\"Buletin de Bucure\u0219ti\",\"url\":\"https:\\\/\\\/buletin.de\\\/bucuresti\\\/\",\"logo\":{\"@type\":\"ImageObject\",\"inLanguage\":\"en-GB\",\"@id\":\"https:\\\/\\\/buletin.de\\\/bucuresti\\\/#\\\/schema\\\/logo\\\/image\\\/\",\"url\":\"https:\\\/\\\/buletin.de\\\/bucuresti\\\/wp-content\\\/uploads\\\/logo-bdb-full-wide-vernil-transparent.png\",\"contentUrl\":\"https:\\\/\\\/buletin.de\\\/bucuresti\\\/wp-content\\\/uploads\\\/logo-bdb-full-wide-vernil-transparent.png\",\"width\":1782,\"height\":626,\"caption\":\"Buletin de Bucure\u0219ti\"},\"image\":{\"@id\":\"https:\\\/\\\/buletin.de\\\/bucuresti\\\/#\\\/schema\\\/logo\\\/image\\\/\"},\"sameAs\":[\"https:\\\/\\\/www.facebook.com\\\/buletin.de.buc\",\"https:\\\/\\\/www.instagram.com\\\/buletinde.bucuresti\\\/\"]},{\"@type\":\"Person\",\"@id\":\"https:\\\/\\\/buletin.de\\\/bucuresti\\\/#\\\/schema\\\/person\\\/8ce85bbda5515a1abb525993294155a8\",\"name\":\"Ana Tudor\",\"image\":{\"@type\":\"ImageObject\",\"inLanguage\":\"en-GB\",\"@id\":\"https:\\\/\\\/secure.gravatar.com\\\/avatar\\\/390c40e2d9367046adb10d832317e3f5fb181fdecb236cb1a8187477756ae24a?s=96&d=monsterid&r=g0f86ad5d6b77046fd61bd633bbfa4a29\",\"url\":\"https:\\\/\\\/secure.gravatar.com\\\/avatar\\\/390c40e2d9367046adb10d832317e3f5fb181fdecb236cb1a8187477756ae24a?s=96&d=monsterid&r=g\",\"contentUrl\":\"https:\\\/\\\/secure.gravatar.com\\\/avatar\\\/390c40e2d9367046adb10d832317e3f5fb181fdecb236cb1a8187477756ae24a?s=96&d=monsterid&r=g\",\"caption\":\"Ana Tudor\"},\"url\":\"https:\\\/\\\/buletin.de\\\/bucuresti\\\/author\\\/anamaria\\\/\"}]}<\/script>\n<!-- \/ Yoast SEO Premium plugin. -->","yoast_head_json":{"title":"Centrul de vaccinare de la Romexpo risc\u0103 s\u0103 fie \u00eenchis. Rectificarea de buget de la Sectorul 1 a c\u0103zut \u0219i a patra oar\u0103 - Buletin de Bucure\u0219ti","robots":{"index":"index","follow":"follow","max-snippet":"max-snippet:-1","max-image-preview":"max-image-preview:large","max-video-preview":"max-video-preview:-1"},"canonical":"https:\/\/buletin.de\/bucuresti\/rectificarea-de-buget-de-la-sectorul-1-a-cazut-si-a-patra-oara\/","og_locale":"en_GB","og_type":"article","og_title":"Centrul de vaccinare de la Romexpo risc\u0103 s\u0103 fie \u00eenchis. Rectificarea de buget de la Sectorul 1 a c\u0103zut \u0219i a patra oar\u0103","og_description":"UPDATE 18:10 &#8211; Primarul Clotilde Armand precizeaz\u0103 c\u0103 centrul de vaccinare de la Romexpo risc\u0103 s\u0103 fie \u00eenchis, din moment ce consilierii locali nu au votat proiectul de hot\u0103r\u00e2re privind rectificarea bugetar\u0103. \u201eAst\u0103zi am avut a 4 &#8211; a \u0219edin\u021b\u0103 de Consiliu Local pentru rectificarea bugetar\u0103 iar consilierii PNL \u0219i PSD au f\u0103cut front comun, [&hellip;]","og_url":"https:\/\/buletin.de\/bucuresti\/rectificarea-de-buget-de-la-sectorul-1-a-cazut-si-a-patra-oara\/","og_site_name":"Buletin de Bucure\u0219ti","article_publisher":"https:\/\/www.facebook.com\/buletin.de.buc","article_published_time":"2021-10-11T11:56:27+00:00","article_modified_time":"2021-10-11T15:12:48+00:00","og_image":[{"width":1367,"height":777,"url":"https:\/\/buletin.de\/bucuresti\/wp-content\/uploads\/sedinta-cl-s-1.jpg","type":"image\/jpeg"}],"author":"Ana Tudor","twitter_card":"summary_large_image","twitter_misc":{"Written by":"Ana Tudor","Estimated reading time":"2 minutes"},"schema":{"@context":"https:\/\/schema.org","@graph":[{"@type":"Article","@id":"https:\/\/buletin.de\/bucuresti\/rectificarea-de-buget-de-la-sectorul-1-a-cazut-si-a-patra-oara\/#article","isPartOf":{"@id":"https:\/\/buletin.de\/bucuresti\/rectificarea-de-buget-de-la-sectorul-1-a-cazut-si-a-patra-oara\/"},"author":{"name":"Ana Tudor","@id":"https:\/\/buletin.de\/bucuresti\/#\/schema\/person\/8ce85bbda5515a1abb525993294155a8"},"headline":"Centrul de vaccinare de la Romexpo risc\u0103 s\u0103 fie \u00eenchis. Rectificarea de buget de la Sectorul 1 a c\u0103zut \u0219i a patra oar\u0103","datePublished":"2021-10-11T11:56:27+00:00","dateModified":"2021-10-11T15:12:48+00:00","mainEntityOfPage":{"@id":"https:\/\/buletin.de\/bucuresti\/rectificarea-de-buget-de-la-sectorul-1-a-cazut-si-a-patra-oara\/"},"wordCount":481,"publisher":{"@id":"https:\/\/buletin.de\/bucuresti\/#organization"},"image":{"@id":"https:\/\/buletin.de\/bucuresti\/rectificarea-de-buget-de-la-sectorul-1-a-cazut-si-a-patra-oara\/#primaryimage"},"thumbnailUrl":"https:\/\/buletin.de\/bucuresti\/wp-content\/uploads\/sedinta-cl-s-1.jpg","keywords":["Sector 1"],"articleSection":["\u0218tiri"],"inLanguage":"en-GB","copyrightYear":"2021","copyrightHolder":{"@id":"https:\/\/buletin.de\/bucuresti\/#organization"}},{"@type":"WebPage","@id":"https:\/\/buletin.de\/bucuresti\/rectificarea-de-buget-de-la-sectorul-1-a-cazut-si-a-patra-oara\/","url":"https:\/\/buletin.de\/bucuresti\/rectificarea-de-buget-de-la-sectorul-1-a-cazut-si-a-patra-oara\/","name":"Centrul de vaccinare de la Romexpo risc\u0103 s\u0103 fie \u00eenchis. Rectificarea de buget de la Sectorul 1 a c\u0103zut \u0219i a patra oar\u0103 - Buletin de Bucure\u0219ti","isPartOf":{"@id":"https:\/\/buletin.de\/bucuresti\/#website"},"primaryImageOfPage":{"@id":"https:\/\/buletin.de\/bucuresti\/rectificarea-de-buget-de-la-sectorul-1-a-cazut-si-a-patra-oara\/#primaryimage"},"image":{"@id":"https:\/\/buletin.de\/bucuresti\/rectificarea-de-buget-de-la-sectorul-1-a-cazut-si-a-patra-oara\/#primaryimage"},"thumbnailUrl":"https:\/\/buletin.de\/bucuresti\/wp-content\/uploads\/sedinta-cl-s-1.jpg","datePublished":"2021-10-11T11:56:27+00:00","dateModified":"2021-10-11T15:12:48+00:00","breadcrumb":{"@id":"https:\/\/buletin.de\/bucuresti\/rectificarea-de-buget-de-la-sectorul-1-a-cazut-si-a-patra-oara\/#breadcrumb"},"inLanguage":"en-GB","potentialAction":[{"@type":"ReadAction","target":["https:\/\/buletin.de\/bucuresti\/rectificarea-de-buget-de-la-sectorul-1-a-cazut-si-a-patra-oara\/"]}]},{"@type":"ImageObject","inLanguage":"en-GB","@id":"https:\/\/buletin.de\/bucuresti\/rectificarea-de-buget-de-la-sectorul-1-a-cazut-si-a-patra-oara\/#primaryimage","url":"https:\/\/buletin.de\/bucuresti\/wp-content\/uploads\/sedinta-cl-s-1.jpg","contentUrl":"https:\/\/buletin.de\/bucuresti\/wp-content\/uploads\/sedinta-cl-s-1.jpg","width":1367,"height":777},{"@type":"BreadcrumbList","@id":"https:\/\/buletin.de\/bucuresti\/rectificarea-de-buget-de-la-sectorul-1-a-cazut-si-a-patra-oara\/#breadcrumb","itemListElement":[{"@type":"ListItem","position":1,"name":"Acas\u0103","item":"https:\/\/buletin.de\/bucuresti\/"},{"@type":"ListItem","position":2,"name":"Centrul de vaccinare de la Romexpo risc\u0103 s\u0103 fie \u00eenchis. Rectificarea de buget de la Sectorul 1 a c\u0103zut \u0219i a patra oar\u0103"}]},{"@type":"WebSite","@id":"https:\/\/buletin.de\/bucuresti\/#website","url":"https:\/\/buletin.de\/bucuresti\/","name":"Buletin de Bucure\u0219ti","description":"\u0218tiri \u0219i investiga\u021bii esen\u021biale din capital\u0103","publisher":{"@id":"https:\/\/buletin.de\/bucuresti\/#organization"},"potentialAction":[{"@type":"SearchAction","target":{"@type":"EntryPoint","urlTemplate":"https:\/\/buletin.de\/bucuresti\/?s={search_term_string}"},"query-input":{"@type":"PropertyValueSpecification","valueRequired":true,"valueName":"search_term_string"}}],"inLanguage":"en-GB"},{"@type":"Organization","@id":"https:\/\/buletin.de\/bucuresti\/#organization","name":"Buletin de Bucure\u0219ti","url":"https:\/\/buletin.de\/bucuresti\/","logo":{"@type":"ImageObject","inLanguage":"en-GB","@id":"https:\/\/buletin.de\/bucuresti\/#\/schema\/logo\/image\/","url":"https:\/\/buletin.de\/bucuresti\/wp-content\/uploads\/logo-bdb-full-wide-vernil-transparent.png","contentUrl":"https:\/\/buletin.de\/bucuresti\/wp-content\/uploads\/logo-bdb-full-wide-vernil-transparent.png","width":1782,"height":626,"caption":"Buletin de Bucure\u0219ti"},"image":{"@id":"https:\/\/buletin.de\/bucuresti\/#\/schema\/logo\/image\/"},"sameAs":["https:\/\/www.facebook.com\/buletin.de.buc","https:\/\/www.instagram.com\/buletinde.bucuresti\/"]},{"@type":"Person","@id":"https:\/\/buletin.de\/bucuresti\/#\/schema\/person\/8ce85bbda5515a1abb525993294155a8","name":"Ana Tudor","image":{"@type":"ImageObject","inLanguage":"en-GB","@id":"https:\/\/secure.gravatar.com\/avatar\/390c40e2d9367046adb10d832317e3f5fb181fdecb236cb1a8187477756ae24a?s=96&d=monsterid&r=g0f86ad5d6b77046fd61bd633bbfa4a29","url":"https:\/\/secure.gravatar.com\/avatar\/390c40e2d9367046adb10d832317e3f5fb181fdecb236cb1a8187477756ae24a?s=96&d=monsterid&r=g","contentUrl":"https:\/\/secure.gravatar.com\/avatar\/390c40e2d9367046adb10d832317e3f5fb181fdecb236cb1a8187477756ae24a?s=96&d=monsterid&r=g","caption":"Ana Tudor"},"url":"https:\/\/buletin.de\/bucuresti\/author\/anamaria\/"}]}},"authors":[{"term_id":22597,"user_id":25,"is_guest":0,"slug":"anamaria","display_name":"Ana Tudor","avatar_url":"https:\/\/secure.gravatar.com\/avatar\/390c40e2d9367046adb10d832317e3f5fb181fdecb236cb1a8187477756ae24a?s=96&d=monsterid&r=g","0":null,"1":"","2":"","3":"","4":"","5":"","6":"","7":"","8":""}],"_links":{"self":[{"href":"https:\/\/buletin.de\/bucuresti\/wp-json\/wp\/v2\/posts\/32306","targetHints":{"allow":["GET"]}}],"collection":[{"href":"https:\/\/buletin.de\/bucuresti\/wp-json\/wp\/v2\/posts"}],"about":[{"href":"https:\/\/buletin.de\/bucuresti\/wp-json\/wp\/v2\/types\/post"}],"author":[{"embeddable":true,"href":"https:\/\/buletin.de\/bucuresti\/wp-json\/wp\/v2\/users\/25"}],"replies":[{"embeddable":true,"href":"https:\/\/buletin.de\/bucuresti\/wp-json\/wp\/v2\/comments?post=32306"}],"version-history":[{"count":5,"href":"https:\/\/buletin.de\/bucuresti\/wp-json\/wp\/v2\/posts\/32306\/revisions"}],"predecessor-version":[{"id":32316,"href":"https:\/\/buletin.de\/bucuresti\/wp-json\/wp\/v2\/posts\/32306\/revisions\/32316"}],"wp:featuredmedia":[{"embeddable":true,"href":"https:\/\/buletin.de\/bucuresti\/wp-json\/wp\/v2\/media\/32307"}],"wp:attachment":[{"href":"https:\/\/buletin.de\/bucuresti\/wp-json\/wp\/v2\/media?parent=32306"}],"wp:term":[{"taxonomy":"category","embeddable":true,"href":"https:\/\/buletin.de\/bucuresti\/wp-json\/wp\/v2\/categories?post=32306"},{"taxonomy":"post_tag","embeddable":true,"href":"https:\/\/buletin.de\/bucuresti\/wp-json\/wp\/v2\/tags?post=32306"},{"taxonomy":"author","embeddable":true,"href":"https:\/\/buletin.de\/bucuresti\/wp-json\/wp\/v2\/ppma_author?post=32306"}],"curies":[{"name":"wp","href":"https:\/\/api.w.org\/{rel}","templated":true}]}}