{"id":32286,"date":"2021-10-11T12:49:39","date_gmt":"2021-10-11T09:49:39","guid":{"rendered":"https:\/\/buletin.de\/bucuresti\/?p=32286"},"modified":"2021-10-12T17:42:25","modified_gmt":"2021-10-12T14:42:25","slug":"sorin-cimpenu-toate-scolile-care-solicita-trecerea-in-online-vor-avea-solicitarea-aprobata","status":"publish","type":"post","link":"https:\/\/buletin.de\/bucuresti\/sorin-cimpenu-toate-scolile-care-solicita-trecerea-in-online-vor-avea-solicitarea-aprobata\/","title":{"rendered":"Sorin C\u00eempenu: \u201eToate \u0219colile care solicit\u0103 trecerea \u00een online vor avea solicitarea aprobat\u0103\u201d"},"content":{"rendered":"\n<p><strong><strong>Sorin C\u00eempeanu a declarat, \u00een aceast\u0103 diminea\u021b\u0103, pentru <\/strong><a href=\"https:\/\/www.educatieprivata.ro\/cimpeanu-toate-scolile-care-solicita-trecerea-online-vor-avea-solicitarea-aprobata\/\"><strong>Educa\u021biePrivat\u0103.ro<\/strong><\/a><strong> c\u0103 a discutat cu ISMB \u0219i Prefectura Bucure\u0219ti \u0219i c\u0103 toate \u0219colile bucure\u0219tene care vor solicita trecerea cursurilor \u00een format online vor avea solicit\u0103rile aprobate, f\u0103r\u0103 s\u0103 mai fie nevoie de aviz din partea DSP. Trecerea \u0219colilor din Capital\u0103 cu totul \u00een online a \u00eenceput de s\u0103pt\u0103m\u00e2na trecut\u0103, iar p\u00e2n\u0103 acum au intrat cu totul \u00een online 37 de licee, gr\u0103dini\u021be \u0219i \u0219coli gimnaziale. \u00cens\u0103 reprezentan\u021bii ISMB au declarat pentru Buletin de Bucure\u0219ti c\u0103 ast\u0103zi urmeaz\u0103 s\u0103 fac\u0103 \u0219i alte \u0219coli trecerea.\u00a0<\/strong><\/strong><\/p>\n\n\n\n<p>Am avut, ast\u0103zi, o \u0219edin\u021b\u0103 cu Prefectura Bucure\u0219ti \u0219i am discutat \u0219i cu ISMB. Toate \u0219colile care solicit\u0103 trecerea \u00een online vor avea solicit\u0103rile aprobate, cu sau f\u0103r\u0103 avizul DSP. Dac\u0103 aleg s\u0103 cear\u0103 \u00een baza articolului 3, alineatul 2, nu e nevoie de avizul DSP.&nbsp;Am discutat cu ISMB \u0219i voi discuta \u0219i cu inspectoratele \u0219colare \u0219i vor aviza aceste cereri. <\/p>\n\n\n\n<p>A declarat Sorin C\u00eempeanu pentru <a href=\"https:\/\/www.educatieprivata.ro\/cimpeanu-toate-scolile-care-solicita-trecerea-online-vor-avea-solicitarea-aprobata\/\">Educa\u021biePrivat\u0103.ro<\/a> <\/p>\n\n\n\n<p>Pe 1 octombrie, mini\u0219tri S\u0103n\u0103t\u0103\u021bii \u0219i Educa\u021biei au dat un nou ordin comun care a modificat regulile. Ordinul face ca \u0219colile s\u0103 nu se mai \u00eenchid\u0103 dac\u0103 inciden\u021ba trece de 6 la o mie de locuitori, dar reglementeaz\u0103 ca \u0219colile care au peste 50% dintre clase \u00een online s\u0103 se mute cu totul \u00een online.&nbsp;<\/p>\n\n\n\n<blockquote class=\"wp-block-quote is-layout-flow wp-block-quote-is-layout-flow\"><p>La data suspend\u0103rii cursurilor pentru 50% din totalul grupelor\/claselor, se suspend\u0103 activitatea cu prezen\u021ba fizic\u0103 la nivelul \u00eentregii unit\u0103\u021bi de \u00eenv\u0103\u021b\u0103m\u00e2nt, pentru o perioad\u0103 de 14 zile. M\u0103sura suspend\u0103rii la nivelul unit\u0103\u021bii de \u00eenv\u0103\u021b\u0103m\u00e2nt este dispus\u0103 prin hot\u0103r\u00e2rea CJSU\/CMBSU, la propunerea conducerii unit\u0103\u021bii de \u00eenv\u0103\u021b\u0103m\u00e2nt\/institu\u021biei conexe, cu avizul ISJ\/ISMB \u0219i al DSP\/DSPMB.<\/p><cite>Se arat\u0103 la articolul 6, alineatul 2 din&nbsp;<a href=\"http:\/\/legislatie.just.ro\/Public\/DetaliiDocument\/246824\">Ordinul comun<\/a>&nbsp;al mini\u0219trilor Educa\u021biei \u0219i S\u0103n\u0103t\u0103\u021bii<\/cite><\/blockquote>\n\n\n\n<p>Inciden\u021ba \u00een Bucure\u0219ti a ajuns, ast\u0103zi, la 14,2 la o mie de locuitori, iar \u00een ultimele 24 de ore au fost raportate 2.818 de noi cazuri de Covid-19<\/p>\n","protected":false},"excerpt":{"rendered":"<p>Sorin C\u00eempeanu a declarat, \u00een aceast\u0103 diminea\u021b\u0103, pentru Educa\u021biePrivat\u0103.ro c\u0103 a discutat cu ISMB \u0219i Prefectura Bucure\u0219ti \u0219i c\u0103 toate \u0219colile bucure\u0219tene care vor solicita trecerea cursurilor \u00een format online vor avea solicit\u0103rile aprobate, f\u0103r\u0103 s\u0103 mai fie nevoie de aviz din partea DSP. Trecerea \u0219colilor din Capital\u0103 cu totul \u00een online a \u00eenceput de [&hellip;]<\/p>\n","protected":false},"author":17,"featured_media":31973,"comment_status":"closed","ping_status":"open","sticky":false,"template":"","format":"standard","meta":{"_acf_changed":false,"inline_featured_image":false,"ngg_post_thumbnail":0,"footnotes":""},"categories":[62],"tags":[],"ppma_author":[22576],"class_list":["post-32286","post","type-post","status-publish","format-standard","has-post-thumbnail","hentry","category-stiri"],"acf":[],"yoast_head":"<!-- This site is optimized with the Yoast SEO Premium plugin v25.3 (Yoast SEO v27.5) - https:\/\/yoast.com\/product\/yoast-seo-premium-wordpress\/ -->\n<title>Sorin C\u00eempenu: \u201eToate \u0219colile care solicit\u0103 trecerea \u00een online vor avea solicitarea aprobat\u0103\u201d - Buletin de Bucure\u0219ti<\/title>\n<meta name=\"robots\" content=\"index, follow, max-snippet:-1, max-image-preview:large, max-video-preview:-1\" \/>\n<link rel=\"canonical\" href=\"https:\/\/buletin.de\/bucuresti\/sorin-cimpenu-toate-scolile-care-solicita-trecerea-in-online-vor-avea-solicitarea-aprobata\/\" \/>\n<meta property=\"og:locale\" content=\"en_GB\" \/>\n<meta property=\"og:type\" content=\"article\" \/>\n<meta property=\"og:title\" content=\"Sorin C\u00eempenu: \u201eToate \u0219colile care solicit\u0103 trecerea \u00een online vor avea solicitarea aprobat\u0103\u201d\" \/>\n<meta property=\"og:description\" content=\"Sorin C\u00eempeanu a declarat, \u00een aceast\u0103 diminea\u021b\u0103, pentru Educa\u021biePrivat\u0103.ro c\u0103 a discutat cu ISMB \u0219i Prefectura Bucure\u0219ti \u0219i c\u0103 toate \u0219colile bucure\u0219tene care vor solicita trecerea cursurilor \u00een format online vor avea solicit\u0103rile aprobate, f\u0103r\u0103 s\u0103 mai fie nevoie de aviz din partea DSP. Trecerea \u0219colilor din Capital\u0103 cu totul \u00een online a \u00eenceput de [&hellip;]\" \/>\n<meta property=\"og:url\" content=\"https:\/\/buletin.de\/bucuresti\/sorin-cimpenu-toate-scolile-care-solicita-trecerea-in-online-vor-avea-solicitarea-aprobata\/\" \/>\n<meta property=\"og:site_name\" content=\"Buletin de Bucure\u0219ti\" \/>\n<meta property=\"article:publisher\" content=\"https:\/\/www.facebook.com\/buletin.de.buc\" \/>\n<meta property=\"article:published_time\" content=\"2021-10-11T09:49:39+00:00\" \/>\n<meta property=\"article:modified_time\" content=\"2021-10-12T14:42:25+00:00\" \/>\n<meta property=\"og:image\" content=\"https:\/\/buletin.de\/bucuresti\/wp-content\/uploads\/cimpeanu.jpg\" \/>\n\t<meta property=\"og:image:width\" content=\"1024\" \/>\n\t<meta property=\"og:image:height\" content=\"682\" \/>\n\t<meta property=\"og:image:type\" content=\"image\/jpeg\" \/>\n<meta name=\"author\" content=\"Florin R\u00e2\u0219teiu\" \/>\n<meta name=\"twitter:card\" content=\"summary_large_image\" \/>\n<meta name=\"twitter:label1\" content=\"Written by\" \/>\n\t<meta name=\"twitter:data1\" content=\"Florin R\u00e2\u0219teiu\" \/>\n\t<meta name=\"twitter:label2\" content=\"Estimated reading time\" \/>\n\t<meta name=\"twitter:data2\" content=\"2 minutes\" \/>\n<script type=\"application\/ld+json\" class=\"yoast-schema-graph\">{\"@context\":\"https:\\\/\\\/schema.org\",\"@graph\":[{\"@type\":\"Article\",\"@id\":\"https:\\\/\\\/buletin.de\\\/bucuresti\\\/sorin-cimpenu-toate-scolile-care-solicita-trecerea-in-online-vor-avea-solicitarea-aprobata\\\/#article\",\"isPartOf\":{\"@id\":\"https:\\\/\\\/buletin.de\\\/bucuresti\\\/sorin-cimpenu-toate-scolile-care-solicita-trecerea-in-online-vor-avea-solicitarea-aprobata\\\/\"},\"author\":{\"name\":\"Florin R\u00e2\u0219teiu\",\"@id\":\"https:\\\/\\\/buletin.de\\\/bucuresti\\\/#\\\/schema\\\/person\\\/b0686d7a8b666c6afc78239777fd8a89\"},\"headline\":\"Sorin C\u00eempenu: \u201eToate \u0219colile care solicit\u0103 trecerea \u00een online vor avea solicitarea aprobat\u0103\u201d\",\"datePublished\":\"2021-10-11T09:49:39+00:00\",\"dateModified\":\"2021-10-12T14:42:25+00:00\",\"mainEntityOfPage\":{\"@id\":\"https:\\\/\\\/buletin.de\\\/bucuresti\\\/sorin-cimpenu-toate-scolile-care-solicita-trecerea-in-online-vor-avea-solicitarea-aprobata\\\/\"},\"wordCount\":372,\"publisher\":{\"@id\":\"https:\\\/\\\/buletin.de\\\/bucuresti\\\/#organization\"},\"image\":{\"@id\":\"https:\\\/\\\/buletin.de\\\/bucuresti\\\/sorin-cimpenu-toate-scolile-care-solicita-trecerea-in-online-vor-avea-solicitarea-aprobata\\\/#primaryimage\"},\"thumbnailUrl\":\"https:\\\/\\\/buletin.de\\\/bucuresti\\\/wp-content\\\/uploads\\\/cimpeanu.jpg\",\"articleSection\":[\"\u0218tiri\"],\"inLanguage\":\"en-GB\",\"copyrightYear\":\"2021\",\"copyrightHolder\":{\"@id\":\"https:\\\/\\\/buletin.de\\\/bucuresti\\\/#organization\"}},{\"@type\":\"WebPage\",\"@id\":\"https:\\\/\\\/buletin.de\\\/bucuresti\\\/sorin-cimpenu-toate-scolile-care-solicita-trecerea-in-online-vor-avea-solicitarea-aprobata\\\/\",\"url\":\"https:\\\/\\\/buletin.de\\\/bucuresti\\\/sorin-cimpenu-toate-scolile-care-solicita-trecerea-in-online-vor-avea-solicitarea-aprobata\\\/\",\"name\":\"Sorin C\u00eempenu: \u201eToate \u0219colile care solicit\u0103 trecerea \u00een online vor avea solicitarea aprobat\u0103\u201d - Buletin de Bucure\u0219ti\",\"isPartOf\":{\"@id\":\"https:\\\/\\\/buletin.de\\\/bucuresti\\\/#website\"},\"primaryImageOfPage\":{\"@id\":\"https:\\\/\\\/buletin.de\\\/bucuresti\\\/sorin-cimpenu-toate-scolile-care-solicita-trecerea-in-online-vor-avea-solicitarea-aprobata\\\/#primaryimage\"},\"image\":{\"@id\":\"https:\\\/\\\/buletin.de\\\/bucuresti\\\/sorin-cimpenu-toate-scolile-care-solicita-trecerea-in-online-vor-avea-solicitarea-aprobata\\\/#primaryimage\"},\"thumbnailUrl\":\"https:\\\/\\\/buletin.de\\\/bucuresti\\\/wp-content\\\/uploads\\\/cimpeanu.jpg\",\"datePublished\":\"2021-10-11T09:49:39+00:00\",\"dateModified\":\"2021-10-12T14:42:25+00:00\",\"breadcrumb\":{\"@id\":\"https:\\\/\\\/buletin.de\\\/bucuresti\\\/sorin-cimpenu-toate-scolile-care-solicita-trecerea-in-online-vor-avea-solicitarea-aprobata\\\/#breadcrumb\"},\"inLanguage\":\"en-GB\",\"potentialAction\":[{\"@type\":\"ReadAction\",\"target\":[\"https:\\\/\\\/buletin.de\\\/bucuresti\\\/sorin-cimpenu-toate-scolile-care-solicita-trecerea-in-online-vor-avea-solicitarea-aprobata\\\/\"]}]},{\"@type\":\"ImageObject\",\"inLanguage\":\"en-GB\",\"@id\":\"https:\\\/\\\/buletin.de\\\/bucuresti\\\/sorin-cimpenu-toate-scolile-care-solicita-trecerea-in-online-vor-avea-solicitarea-aprobata\\\/#primaryimage\",\"url\":\"https:\\\/\\\/buletin.de\\\/bucuresti\\\/wp-content\\\/uploads\\\/cimpeanu.jpg\",\"contentUrl\":\"https:\\\/\\\/buletin.de\\\/bucuresti\\\/wp-content\\\/uploads\\\/cimpeanu.jpg\",\"width\":1024,\"height\":682},{\"@type\":\"BreadcrumbList\",\"@id\":\"https:\\\/\\\/buletin.de\\\/bucuresti\\\/sorin-cimpenu-toate-scolile-care-solicita-trecerea-in-online-vor-avea-solicitarea-aprobata\\\/#breadcrumb\",\"itemListElement\":[{\"@type\":\"ListItem\",\"position\":1,\"name\":\"Acas\u0103\",\"item\":\"https:\\\/\\\/buletin.de\\\/bucuresti\\\/\"},{\"@type\":\"ListItem\",\"position\":2,\"name\":\"Sorin C\u00eempenu: \u201eToate \u0219colile care solicit\u0103 trecerea \u00een online vor avea solicitarea aprobat\u0103\u201d\"}]},{\"@type\":\"WebSite\",\"@id\":\"https:\\\/\\\/buletin.de\\\/bucuresti\\\/#website\",\"url\":\"https:\\\/\\\/buletin.de\\\/bucuresti\\\/\",\"name\":\"Buletin de Bucure\u0219ti\",\"description\":\"\u0218tiri \u0219i investiga\u021bii esen\u021biale din capital\u0103\",\"publisher\":{\"@id\":\"https:\\\/\\\/buletin.de\\\/bucuresti\\\/#organization\"},\"potentialAction\":[{\"@type\":\"SearchAction\",\"target\":{\"@type\":\"EntryPoint\",\"urlTemplate\":\"https:\\\/\\\/buletin.de\\\/bucuresti\\\/?s={search_term_string}\"},\"query-input\":{\"@type\":\"PropertyValueSpecification\",\"valueRequired\":true,\"valueName\":\"search_term_string\"}}],\"inLanguage\":\"en-GB\"},{\"@type\":\"Organization\",\"@id\":\"https:\\\/\\\/buletin.de\\\/bucuresti\\\/#organization\",\"name\":\"Buletin de Bucure\u0219ti\",\"url\":\"https:\\\/\\\/buletin.de\\\/bucuresti\\\/\",\"logo\":{\"@type\":\"ImageObject\",\"inLanguage\":\"en-GB\",\"@id\":\"https:\\\/\\\/buletin.de\\\/bucuresti\\\/#\\\/schema\\\/logo\\\/image\\\/\",\"url\":\"https:\\\/\\\/buletin.de\\\/bucuresti\\\/wp-content\\\/uploads\\\/logo-bdb-full-wide-vernil-transparent.png\",\"contentUrl\":\"https:\\\/\\\/buletin.de\\\/bucuresti\\\/wp-content\\\/uploads\\\/logo-bdb-full-wide-vernil-transparent.png\",\"width\":1782,\"height\":626,\"caption\":\"Buletin de Bucure\u0219ti\"},\"image\":{\"@id\":\"https:\\\/\\\/buletin.de\\\/bucuresti\\\/#\\\/schema\\\/logo\\\/image\\\/\"},\"sameAs\":[\"https:\\\/\\\/www.facebook.com\\\/buletin.de.buc\",\"https:\\\/\\\/www.instagram.com\\\/buletinde.bucuresti\\\/\"]},{\"@type\":\"Person\",\"@id\":\"https:\\\/\\\/buletin.de\\\/bucuresti\\\/#\\\/schema\\\/person\\\/b0686d7a8b666c6afc78239777fd8a89\",\"name\":\"Florin R\u00e2\u0219teiu\",\"image\":{\"@type\":\"ImageObject\",\"inLanguage\":\"en-GB\",\"@id\":\"https:\\\/\\\/buletin.de\\\/bucuresti\\\/wp-content\\\/uploads\\\/Florin-Rasteiu-96x96.jpgf0a6fe28453aa12f0a60e4d0a2e3a78c\",\"url\":\"https:\\\/\\\/buletin.de\\\/bucuresti\\\/wp-content\\\/uploads\\\/Florin-Rasteiu-96x96.jpg\",\"contentUrl\":\"https:\\\/\\\/buletin.de\\\/bucuresti\\\/wp-content\\\/uploads\\\/Florin-Rasteiu-96x96.jpg\",\"caption\":\"Florin R\u00e2\u0219teiu\"},\"description\":\"Jurnalist de investiga\u021bie. Lucreaz\u0103 de aproape 6 ani la Buletin de Bucure\u0219ti, unde a publicat articole care scot la suprafa\u021b\u0103 corup\u021bia din Capital\u0103. Analizeaz\u0103 baze de date zilnic \u0219i scoate pove\u0219ti din exceluri pline de cifre. Pune reflectorul pe adev\u0103r cu fiecare ocazie. A c\u00e2\u0219tigat premiul I la categoria Pres\u0103 Local\u0103 \u00een 2025 \u0219i locul al II-lea la aceea\u0219i categorie \u00een 2024 \u00een cadrul Premiilor Superscrieri pentru jurnalism independent.\",\"url\":\"https:\\\/\\\/buletin.de\\\/bucuresti\\\/author\\\/florinrasteiu\\\/\"}]}<\/script>\n<!-- \/ Yoast SEO Premium plugin. -->","yoast_head_json":{"title":"Sorin C\u00eempenu: \u201eToate \u0219colile care solicit\u0103 trecerea \u00een online vor avea solicitarea aprobat\u0103\u201d - Buletin de Bucure\u0219ti","robots":{"index":"index","follow":"follow","max-snippet":"max-snippet:-1","max-image-preview":"max-image-preview:large","max-video-preview":"max-video-preview:-1"},"canonical":"https:\/\/buletin.de\/bucuresti\/sorin-cimpenu-toate-scolile-care-solicita-trecerea-in-online-vor-avea-solicitarea-aprobata\/","og_locale":"en_GB","og_type":"article","og_title":"Sorin C\u00eempenu: \u201eToate \u0219colile care solicit\u0103 trecerea \u00een online vor avea solicitarea aprobat\u0103\u201d","og_description":"Sorin C\u00eempeanu a declarat, \u00een aceast\u0103 diminea\u021b\u0103, pentru Educa\u021biePrivat\u0103.ro c\u0103 a discutat cu ISMB \u0219i Prefectura Bucure\u0219ti \u0219i c\u0103 toate \u0219colile bucure\u0219tene care vor solicita trecerea cursurilor \u00een format online vor avea solicit\u0103rile aprobate, f\u0103r\u0103 s\u0103 mai fie nevoie de aviz din partea DSP. Trecerea \u0219colilor din Capital\u0103 cu totul \u00een online a \u00eenceput de [&hellip;]","og_url":"https:\/\/buletin.de\/bucuresti\/sorin-cimpenu-toate-scolile-care-solicita-trecerea-in-online-vor-avea-solicitarea-aprobata\/","og_site_name":"Buletin de Bucure\u0219ti","article_publisher":"https:\/\/www.facebook.com\/buletin.de.buc","article_published_time":"2021-10-11T09:49:39+00:00","article_modified_time":"2021-10-12T14:42:25+00:00","og_image":[{"width":1024,"height":682,"url":"https:\/\/buletin.de\/bucuresti\/wp-content\/uploads\/cimpeanu.jpg","type":"image\/jpeg"}],"author":"Florin R\u00e2\u0219teiu","twitter_card":"summary_large_image","twitter_misc":{"Written by":"Florin R\u00e2\u0219teiu","Estimated reading time":"2 minutes"},"schema":{"@context":"https:\/\/schema.org","@graph":[{"@type":"Article","@id":"https:\/\/buletin.de\/bucuresti\/sorin-cimpenu-toate-scolile-care-solicita-trecerea-in-online-vor-avea-solicitarea-aprobata\/#article","isPartOf":{"@id":"https:\/\/buletin.de\/bucuresti\/sorin-cimpenu-toate-scolile-care-solicita-trecerea-in-online-vor-avea-solicitarea-aprobata\/"},"author":{"name":"Florin R\u00e2\u0219teiu","@id":"https:\/\/buletin.de\/bucuresti\/#\/schema\/person\/b0686d7a8b666c6afc78239777fd8a89"},"headline":"Sorin C\u00eempenu: \u201eToate \u0219colile care solicit\u0103 trecerea \u00een online vor avea solicitarea aprobat\u0103\u201d","datePublished":"2021-10-11T09:49:39+00:00","dateModified":"2021-10-12T14:42:25+00:00","mainEntityOfPage":{"@id":"https:\/\/buletin.de\/bucuresti\/sorin-cimpenu-toate-scolile-care-solicita-trecerea-in-online-vor-avea-solicitarea-aprobata\/"},"wordCount":372,"publisher":{"@id":"https:\/\/buletin.de\/bucuresti\/#organization"},"image":{"@id":"https:\/\/buletin.de\/bucuresti\/sorin-cimpenu-toate-scolile-care-solicita-trecerea-in-online-vor-avea-solicitarea-aprobata\/#primaryimage"},"thumbnailUrl":"https:\/\/buletin.de\/bucuresti\/wp-content\/uploads\/cimpeanu.jpg","articleSection":["\u0218tiri"],"inLanguage":"en-GB","copyrightYear":"2021","copyrightHolder":{"@id":"https:\/\/buletin.de\/bucuresti\/#organization"}},{"@type":"WebPage","@id":"https:\/\/buletin.de\/bucuresti\/sorin-cimpenu-toate-scolile-care-solicita-trecerea-in-online-vor-avea-solicitarea-aprobata\/","url":"https:\/\/buletin.de\/bucuresti\/sorin-cimpenu-toate-scolile-care-solicita-trecerea-in-online-vor-avea-solicitarea-aprobata\/","name":"Sorin C\u00eempenu: \u201eToate \u0219colile care solicit\u0103 trecerea \u00een online vor avea solicitarea aprobat\u0103\u201d - Buletin de Bucure\u0219ti","isPartOf":{"@id":"https:\/\/buletin.de\/bucuresti\/#website"},"primaryImageOfPage":{"@id":"https:\/\/buletin.de\/bucuresti\/sorin-cimpenu-toate-scolile-care-solicita-trecerea-in-online-vor-avea-solicitarea-aprobata\/#primaryimage"},"image":{"@id":"https:\/\/buletin.de\/bucuresti\/sorin-cimpenu-toate-scolile-care-solicita-trecerea-in-online-vor-avea-solicitarea-aprobata\/#primaryimage"},"thumbnailUrl":"https:\/\/buletin.de\/bucuresti\/wp-content\/uploads\/cimpeanu.jpg","datePublished":"2021-10-11T09:49:39+00:00","dateModified":"2021-10-12T14:42:25+00:00","breadcrumb":{"@id":"https:\/\/buletin.de\/bucuresti\/sorin-cimpenu-toate-scolile-care-solicita-trecerea-in-online-vor-avea-solicitarea-aprobata\/#breadcrumb"},"inLanguage":"en-GB","potentialAction":[{"@type":"ReadAction","target":["https:\/\/buletin.de\/bucuresti\/sorin-cimpenu-toate-scolile-care-solicita-trecerea-in-online-vor-avea-solicitarea-aprobata\/"]}]},{"@type":"ImageObject","inLanguage":"en-GB","@id":"https:\/\/buletin.de\/bucuresti\/sorin-cimpenu-toate-scolile-care-solicita-trecerea-in-online-vor-avea-solicitarea-aprobata\/#primaryimage","url":"https:\/\/buletin.de\/bucuresti\/wp-content\/uploads\/cimpeanu.jpg","contentUrl":"https:\/\/buletin.de\/bucuresti\/wp-content\/uploads\/cimpeanu.jpg","width":1024,"height":682},{"@type":"BreadcrumbList","@id":"https:\/\/buletin.de\/bucuresti\/sorin-cimpenu-toate-scolile-care-solicita-trecerea-in-online-vor-avea-solicitarea-aprobata\/#breadcrumb","itemListElement":[{"@type":"ListItem","position":1,"name":"Acas\u0103","item":"https:\/\/buletin.de\/bucuresti\/"},{"@type":"ListItem","position":2,"name":"Sorin C\u00eempenu: \u201eToate \u0219colile care solicit\u0103 trecerea \u00een online vor avea solicitarea aprobat\u0103\u201d"}]},{"@type":"WebSite","@id":"https:\/\/buletin.de\/bucuresti\/#website","url":"https:\/\/buletin.de\/bucuresti\/","name":"Buletin de Bucure\u0219ti","description":"\u0218tiri \u0219i investiga\u021bii esen\u021biale din capital\u0103","publisher":{"@id":"https:\/\/buletin.de\/bucuresti\/#organization"},"potentialAction":[{"@type":"SearchAction","target":{"@type":"EntryPoint","urlTemplate":"https:\/\/buletin.de\/bucuresti\/?s={search_term_string}"},"query-input":{"@type":"PropertyValueSpecification","valueRequired":true,"valueName":"search_term_string"}}],"inLanguage":"en-GB"},{"@type":"Organization","@id":"https:\/\/buletin.de\/bucuresti\/#organization","name":"Buletin de Bucure\u0219ti","url":"https:\/\/buletin.de\/bucuresti\/","logo":{"@type":"ImageObject","inLanguage":"en-GB","@id":"https:\/\/buletin.de\/bucuresti\/#\/schema\/logo\/image\/","url":"https:\/\/buletin.de\/bucuresti\/wp-content\/uploads\/logo-bdb-full-wide-vernil-transparent.png","contentUrl":"https:\/\/buletin.de\/bucuresti\/wp-content\/uploads\/logo-bdb-full-wide-vernil-transparent.png","width":1782,"height":626,"caption":"Buletin de Bucure\u0219ti"},"image":{"@id":"https:\/\/buletin.de\/bucuresti\/#\/schema\/logo\/image\/"},"sameAs":["https:\/\/www.facebook.com\/buletin.de.buc","https:\/\/www.instagram.com\/buletinde.bucuresti\/"]},{"@type":"Person","@id":"https:\/\/buletin.de\/bucuresti\/#\/schema\/person\/b0686d7a8b666c6afc78239777fd8a89","name":"Florin R\u00e2\u0219teiu","image":{"@type":"ImageObject","inLanguage":"en-GB","@id":"https:\/\/buletin.de\/bucuresti\/wp-content\/uploads\/Florin-Rasteiu-96x96.jpgf0a6fe28453aa12f0a60e4d0a2e3a78c","url":"https:\/\/buletin.de\/bucuresti\/wp-content\/uploads\/Florin-Rasteiu-96x96.jpg","contentUrl":"https:\/\/buletin.de\/bucuresti\/wp-content\/uploads\/Florin-Rasteiu-96x96.jpg","caption":"Florin R\u00e2\u0219teiu"},"description":"Jurnalist de investiga\u021bie. Lucreaz\u0103 de aproape 6 ani la Buletin de Bucure\u0219ti, unde a publicat articole care scot la suprafa\u021b\u0103 corup\u021bia din Capital\u0103. Analizeaz\u0103 baze de date zilnic \u0219i scoate pove\u0219ti din exceluri pline de cifre. Pune reflectorul pe adev\u0103r cu fiecare ocazie. A c\u00e2\u0219tigat premiul I la categoria Pres\u0103 Local\u0103 \u00een 2025 \u0219i locul al II-lea la aceea\u0219i categorie \u00een 2024 \u00een cadrul Premiilor Superscrieri pentru jurnalism independent.","url":"https:\/\/buletin.de\/bucuresti\/author\/florinrasteiu\/"}]}},"authors":[{"term_id":22576,"user_id":17,"is_guest":0,"slug":"florinrasteiu","display_name":"Florin R\u00e2\u0219teiu","avatar_url":"https:\/\/buletin.de\/bucuresti\/wp-content\/uploads\/Florin-Rasteiu-96x96.jpg","0":null,"1":"","2":"","3":"","4":"","5":"","6":"","7":"","8":""}],"_links":{"self":[{"href":"https:\/\/buletin.de\/bucuresti\/wp-json\/wp\/v2\/posts\/32286","targetHints":{"allow":["GET"]}}],"collection":[{"href":"https:\/\/buletin.de\/bucuresti\/wp-json\/wp\/v2\/posts"}],"about":[{"href":"https:\/\/buletin.de\/bucuresti\/wp-json\/wp\/v2\/types\/post"}],"author":[{"embeddable":true,"href":"https:\/\/buletin.de\/bucuresti\/wp-json\/wp\/v2\/users\/17"}],"replies":[{"embeddable":true,"href":"https:\/\/buletin.de\/bucuresti\/wp-json\/wp\/v2\/comments?post=32286"}],"version-history":[{"count":4,"href":"https:\/\/buletin.de\/bucuresti\/wp-json\/wp\/v2\/posts\/32286\/revisions"}],"predecessor-version":[{"id":32380,"href":"https:\/\/buletin.de\/bucuresti\/wp-json\/wp\/v2\/posts\/32286\/revisions\/32380"}],"wp:featuredmedia":[{"embeddable":true,"href":"https:\/\/buletin.de\/bucuresti\/wp-json\/wp\/v2\/media\/31973"}],"wp:attachment":[{"href":"https:\/\/buletin.de\/bucuresti\/wp-json\/wp\/v2\/media?parent=32286"}],"wp:term":[{"taxonomy":"category","embeddable":true,"href":"https:\/\/buletin.de\/bucuresti\/wp-json\/wp\/v2\/categories?post=32286"},{"taxonomy":"post_tag","embeddable":true,"href":"https:\/\/buletin.de\/bucuresti\/wp-json\/wp\/v2\/tags?post=32286"},{"taxonomy":"author","embeddable":true,"href":"https:\/\/buletin.de\/bucuresti\/wp-json\/wp\/v2\/ppma_author?post=32286"}],"curies":[{"name":"wp","href":"https:\/\/api.w.org\/{rel}","templated":true}]}}