{"id":32264,"date":"2021-10-09T18:01:35","date_gmt":"2021-10-09T15:01:35","guid":{"rendered":"https:\/\/buletin.de\/bucuresti\/?p=32264"},"modified":"2021-10-09T18:01:36","modified_gmt":"2021-10-09T15:01:36","slug":"noi-masuri-de-protectie-in-bucuresti-prefectura-anunta-reguli-pentru-angajatorii-cu-peste-50-de-salariati","status":"publish","type":"post","link":"https:\/\/buletin.de\/bucuresti\/noi-masuri-de-protectie-in-bucuresti-prefectura-anunta-reguli-pentru-angajatorii-cu-peste-50-de-salariati\/","title":{"rendered":"Noi m\u0103suri de protec\u021bie \u00een Bucure\u0219ti. Prefectura anun\u021b\u0103 reguli pentru angajatorii cu peste 50 de salaria\u021bi"},"content":{"rendered":"\n<p><strong>Georgiana V\u0103caru, prefectul Capitalei, a anun\u021bat c\u0103 CMBSU va lua de urgen\u021b\u0103 noi m\u0103suri de restric\u021bie, dup\u0103 ce Bucure\u0219tiul a ajuns la inciden\u021ba de 12,65 la o mie de locuitori. Prefectul a spus c\u0103, de acum, angajatorii care au mai mult de 50 de angaja\u021bi au obliga\u021bia de a \u00eemp\u0103r\u021bi personalul \u00een grupe astfel \u00eenc\u00e2t sosirea \u0219i plecarea s\u0103 aib\u0103 loc la diferen\u021b\u0103 de cel pu\u021bin o or\u0103. Mai mult, jandarmii \u0219i poli\u021bi\u0219tii vor patrula mai des \u00een spa\u021biile publice, \u00een mod concret \u00een t\u00e2rguri, pie\u021be \u0219i mall-uri, asigur\u0103 Georgiana V\u0103caru. <\/strong><\/p>\n\n\n\n<blockquote class=\"wp-block-quote is-layout-flow wp-block-quote-is-layout-flow\"><p>Am convocat asta Comitetul Municipiului Bucure\u0219ti pentru Situa\u021bii de Urgen\u021b\u0103, \u00een contextul \u00een care a fost adoptat\u0103 noua Hot\u0103r\u00e2re de Guvern de prelungire a st\u0103rii de alert\u0103. \u00cen mare, am men\u021binut m\u0103surile care au fost adoptate prin hot\u0103r\u00e2rile anterioare, respectiv cea din 2 octombrie \u0219i cea din 7 octombrie. Am discutat necesitatea introducerii, \u00een cadrul Comitetului ast\u0103zi, angajatorii cu, at\u00e2t institu\u021bii publice, c\u00e2t \u0219i angajatorii priva\u021bi cu un num\u0103r de angaja\u021bi mai mare de 50, au obliga\u021bia s\u0103 organizeze programul de lucru astfel \u00eenc\u00e2t personalul s\u0103 fie \u00eemp\u0103r\u021bit pe grupe \u0219i s\u0103 \u00eenceap\u0103, respectiv s\u0103 termine programul de lucru la o diferen\u021b\u0103 de cel pu\u021bin o or\u0103, \u00een situa\u021bia \u00een care nu se poate desf\u0103\u0219ura activitatea \u00een regim de telemunc\u0103 sau munc\u0103 la domiciliu, pentru evitarea aglomer\u0103rii \u00een mijloacele de transport publice, pentru c\u0103 \u00een felul \u0103sta vom fluidiza. De la STB am aflat c\u0103 vor fi \u0219i am \u0219i dispus s\u0103 fie suplimentat num\u0103rul de ma\u0219ini \u00een perioada urm\u0103toare.<\/p><cite>A declarat \u00een cadrul unei conferin\u021be de pres\u0103, Georgiana V\u0103caru, prefectul Capitalei <\/cite><\/blockquote>\n\n\n\n<p>Prefectul Capitalei a men\u021bionat c\u0103, pe l\u00e2ng\u0103 aceste m\u0103suri, \u0219i suplimentarea curselor de transport \u00een comun de c\u0103tre STB ajut\u0103 la evitarea aglomer\u0103rii din mijloacele de transport \u00een comun din Bucure\u0219ti.<\/p>\n\n\n\n<p><a href=\"https:\/\/buletin.de\/bucuresti\/pmb-suplimenteaza-cursele-pe-48-de-linii-de-transport-in-comun\/\">Supliment\u0103rile despre care vorbe\u0219te Georgiana V\u0103caru au fost anun\u021bate, ieri, de c\u0103tre Nicu\u0219or Dan<\/a>, anume c\u0103 \u00een urm\u0103toarele dou\u0103 s\u0103pt\u0103m\u00e2ni vor fi suplimentate cursele de pe 48 de linii autobuz, dup\u0103 ce pe 24 septembrie CGMB m\u0103rit bugetul STB cu 200 de milioane de lei. Din 11 octombrie vor fi suplimentate 16 linii, iar altele 32 de pe 18 octombrie. <\/p>\n\n\n\n<p>Jandarmeria \u0219i Poli\u021bia din Capital\u0103 vor face controale \u00een locurile aglomerate, cum ar fi pie\u021bele sau mall-urile, pentru a verifica dac\u0103 m\u0103surile de protec\u021bie anti-COVID-19 sunt respectate.De asemenea, s\u0103lile de jocuri vor avea program mai scurt de acum, p\u00e2n\u0103 la maxim 00:00. <\/p>\n\n\n\n<blockquote class=\"wp-block-quote is-layout-flow wp-block-quote-is-layout-flow\"><p>Un alt aspect important de armonizare a fost intervalul orar, pentru c\u0103 a existat o modificare \u00een HG \u00een privin\u021ba activit\u0103\u021bii operatorilor economici care administreaz\u0103 s\u0103li de jocuri, s-a modificat cu ora 24.00 ora maxim\u0103. Dup\u0103 cum bine \u0219ti\u021bi, inciden\u021ba este de 12,65 la mia de locuitori. \u00cen acest nou context epidemiologic am dispus Jandarmeriei \u0219i Poli\u021biei, la nivelul municipiului Bucure\u0219ti, intensificarea controalelor \u00een spa\u021biile publice, \u00een mod concret \u00een t\u00e2rguri, pie\u021be \u0219i mall-uri. Foarte mult am insistat pe activit\u0103\u021bile de preven\u021bie, cu privire la pia\u021ba Drumul Taberei, Pia\u021ba Berceni Sudului, T\u00e2rgul Vitan, complexul alimentar Pia\u021ba Delfinului \u0219i Pia\u021ba Obor. Sunt centre importante de activitate \u0219i clar c\u0103, fiind weekend, erau spa\u021bii cu poten\u021bial de aglomerare.<\/p><cite>A ad\u0103ugat Georgiana V\u0103caru <\/cite><\/blockquote>\n\n\n\n<p>Amintim c\u0103, ast\u0103zi, 2.543 de cazuri de coronavirus sunt \u00een Capital\u0103, iar rata de infectare a crescut la 12,65 cazuri la 1.000 de locuitori.<\/p>\n","protected":false},"excerpt":{"rendered":"<p>Georgiana V\u0103caru, prefectul Capitalei, a anun\u021bat c\u0103 CMBSU va lua de urgen\u021b\u0103 noi m\u0103suri de restric\u021bie, dup\u0103 ce Bucure\u0219tiul a ajuns la inciden\u021ba de 12,65 la o mie de locuitori. Prefectul a spus c\u0103, de acum, angajatorii care au mai mult de 50 de angaja\u021bi au obliga\u021bia de a \u00eemp\u0103r\u021bi personalul \u00een grupe astfel \u00eenc\u00e2t [&hellip;]<\/p>\n","protected":false},"author":17,"featured_media":31363,"comment_status":"closed","ping_status":"open","sticky":false,"template":"","format":"standard","meta":{"_acf_changed":false,"inline_featured_image":false,"ngg_post_thumbnail":0,"footnotes":""},"categories":[62],"tags":[],"ppma_author":[22576],"class_list":["post-32264","post","type-post","status-publish","format-standard","has-post-thumbnail","hentry","category-stiri"],"acf":[],"yoast_head":"<!-- This site is optimized with the Yoast SEO Premium plugin v25.3 (Yoast SEO v27.5) - https:\/\/yoast.com\/product\/yoast-seo-premium-wordpress\/ -->\n<title>Noi m\u0103suri de protec\u021bie \u00een Bucure\u0219ti. Prefectura anun\u021b\u0103 reguli pentru angajatorii cu peste 50 de salaria\u021bi - Buletin de Bucure\u0219ti<\/title>\n<meta name=\"robots\" content=\"index, follow, max-snippet:-1, max-image-preview:large, max-video-preview:-1\" \/>\n<link rel=\"canonical\" href=\"https:\/\/buletin.de\/bucuresti\/noi-masuri-de-protectie-in-bucuresti-prefectura-anunta-reguli-pentru-angajatorii-cu-peste-50-de-salariati\/\" \/>\n<meta property=\"og:locale\" content=\"en_GB\" \/>\n<meta property=\"og:type\" content=\"article\" \/>\n<meta property=\"og:title\" content=\"Noi m\u0103suri de protec\u021bie \u00een Bucure\u0219ti. Prefectura anun\u021b\u0103 reguli pentru angajatorii cu peste 50 de salaria\u021bi\" \/>\n<meta property=\"og:description\" content=\"Georgiana V\u0103caru, prefectul Capitalei, a anun\u021bat c\u0103 CMBSU va lua de urgen\u021b\u0103 noi m\u0103suri de restric\u021bie, dup\u0103 ce Bucure\u0219tiul a ajuns la inciden\u021ba de 12,65 la o mie de locuitori. Prefectul a spus c\u0103, de acum, angajatorii care au mai mult de 50 de angaja\u021bi au obliga\u021bia de a \u00eemp\u0103r\u021bi personalul \u00een grupe astfel \u00eenc\u00e2t [&hellip;]\" \/>\n<meta property=\"og:url\" content=\"https:\/\/buletin.de\/bucuresti\/noi-masuri-de-protectie-in-bucuresti-prefectura-anunta-reguli-pentru-angajatorii-cu-peste-50-de-salariati\/\" \/>\n<meta property=\"og:site_name\" content=\"Buletin de Bucure\u0219ti\" \/>\n<meta property=\"article:publisher\" content=\"https:\/\/www.facebook.com\/buletin.de.buc\" \/>\n<meta property=\"article:published_time\" content=\"2021-10-09T15:01:35+00:00\" \/>\n<meta property=\"article:modified_time\" content=\"2021-10-09T15:01:36+00:00\" \/>\n<meta property=\"og:image\" content=\"https:\/\/buletin.de\/bucuresti\/wp-content\/uploads\/dollar-gill-R-EYaqOjhlo-unsplash.jpg\" \/>\n\t<meta property=\"og:image:width\" content=\"2000\" \/>\n\t<meta property=\"og:image:height\" content=\"1334\" \/>\n\t<meta property=\"og:image:type\" content=\"image\/jpeg\" \/>\n<meta name=\"author\" content=\"Florin R\u00e2\u0219teiu\" \/>\n<meta name=\"twitter:card\" content=\"summary_large_image\" \/>\n<meta name=\"twitter:label1\" content=\"Written by\" \/>\n\t<meta name=\"twitter:data1\" content=\"Florin R\u00e2\u0219teiu\" \/>\n\t<meta name=\"twitter:label2\" content=\"Estimated reading time\" \/>\n\t<meta name=\"twitter:data2\" content=\"3 minutes\" \/>\n<script type=\"application\/ld+json\" class=\"yoast-schema-graph\">{\"@context\":\"https:\\\/\\\/schema.org\",\"@graph\":[{\"@type\":\"Article\",\"@id\":\"https:\\\/\\\/buletin.de\\\/bucuresti\\\/noi-masuri-de-protectie-in-bucuresti-prefectura-anunta-reguli-pentru-angajatorii-cu-peste-50-de-salariati\\\/#article\",\"isPartOf\":{\"@id\":\"https:\\\/\\\/buletin.de\\\/bucuresti\\\/noi-masuri-de-protectie-in-bucuresti-prefectura-anunta-reguli-pentru-angajatorii-cu-peste-50-de-salariati\\\/\"},\"author\":{\"name\":\"Florin R\u00e2\u0219teiu\",\"@id\":\"https:\\\/\\\/buletin.de\\\/bucuresti\\\/#\\\/schema\\\/person\\\/b0686d7a8b666c6afc78239777fd8a89\"},\"headline\":\"Noi m\u0103suri de protec\u021bie \u00een Bucure\u0219ti. Prefectura anun\u021b\u0103 reguli pentru angajatorii cu peste 50 de salaria\u021bi\",\"datePublished\":\"2021-10-09T15:01:35+00:00\",\"dateModified\":\"2021-10-09T15:01:36+00:00\",\"mainEntityOfPage\":{\"@id\":\"https:\\\/\\\/buletin.de\\\/bucuresti\\\/noi-masuri-de-protectie-in-bucuresti-prefectura-anunta-reguli-pentru-angajatorii-cu-peste-50-de-salariati\\\/\"},\"wordCount\":634,\"publisher\":{\"@id\":\"https:\\\/\\\/buletin.de\\\/bucuresti\\\/#organization\"},\"image\":{\"@id\":\"https:\\\/\\\/buletin.de\\\/bucuresti\\\/noi-masuri-de-protectie-in-bucuresti-prefectura-anunta-reguli-pentru-angajatorii-cu-peste-50-de-salariati\\\/#primaryimage\"},\"thumbnailUrl\":\"https:\\\/\\\/buletin.de\\\/bucuresti\\\/wp-content\\\/uploads\\\/dollar-gill-R-EYaqOjhlo-unsplash.jpg\",\"articleSection\":[\"\u0218tiri\"],\"inLanguage\":\"en-GB\",\"copyrightYear\":\"2021\",\"copyrightHolder\":{\"@id\":\"https:\\\/\\\/buletin.de\\\/bucuresti\\\/#organization\"}},{\"@type\":\"WebPage\",\"@id\":\"https:\\\/\\\/buletin.de\\\/bucuresti\\\/noi-masuri-de-protectie-in-bucuresti-prefectura-anunta-reguli-pentru-angajatorii-cu-peste-50-de-salariati\\\/\",\"url\":\"https:\\\/\\\/buletin.de\\\/bucuresti\\\/noi-masuri-de-protectie-in-bucuresti-prefectura-anunta-reguli-pentru-angajatorii-cu-peste-50-de-salariati\\\/\",\"name\":\"Noi m\u0103suri de protec\u021bie \u00een Bucure\u0219ti. Prefectura anun\u021b\u0103 reguli pentru angajatorii cu peste 50 de salaria\u021bi - Buletin de Bucure\u0219ti\",\"isPartOf\":{\"@id\":\"https:\\\/\\\/buletin.de\\\/bucuresti\\\/#website\"},\"primaryImageOfPage\":{\"@id\":\"https:\\\/\\\/buletin.de\\\/bucuresti\\\/noi-masuri-de-protectie-in-bucuresti-prefectura-anunta-reguli-pentru-angajatorii-cu-peste-50-de-salariati\\\/#primaryimage\"},\"image\":{\"@id\":\"https:\\\/\\\/buletin.de\\\/bucuresti\\\/noi-masuri-de-protectie-in-bucuresti-prefectura-anunta-reguli-pentru-angajatorii-cu-peste-50-de-salariati\\\/#primaryimage\"},\"thumbnailUrl\":\"https:\\\/\\\/buletin.de\\\/bucuresti\\\/wp-content\\\/uploads\\\/dollar-gill-R-EYaqOjhlo-unsplash.jpg\",\"datePublished\":\"2021-10-09T15:01:35+00:00\",\"dateModified\":\"2021-10-09T15:01:36+00:00\",\"breadcrumb\":{\"@id\":\"https:\\\/\\\/buletin.de\\\/bucuresti\\\/noi-masuri-de-protectie-in-bucuresti-prefectura-anunta-reguli-pentru-angajatorii-cu-peste-50-de-salariati\\\/#breadcrumb\"},\"inLanguage\":\"en-GB\",\"potentialAction\":[{\"@type\":\"ReadAction\",\"target\":[\"https:\\\/\\\/buletin.de\\\/bucuresti\\\/noi-masuri-de-protectie-in-bucuresti-prefectura-anunta-reguli-pentru-angajatorii-cu-peste-50-de-salariati\\\/\"]}]},{\"@type\":\"ImageObject\",\"inLanguage\":\"en-GB\",\"@id\":\"https:\\\/\\\/buletin.de\\\/bucuresti\\\/noi-masuri-de-protectie-in-bucuresti-prefectura-anunta-reguli-pentru-angajatorii-cu-peste-50-de-salariati\\\/#primaryimage\",\"url\":\"https:\\\/\\\/buletin.de\\\/bucuresti\\\/wp-content\\\/uploads\\\/dollar-gill-R-EYaqOjhlo-unsplash.jpg\",\"contentUrl\":\"https:\\\/\\\/buletin.de\\\/bucuresti\\\/wp-content\\\/uploads\\\/dollar-gill-R-EYaqOjhlo-unsplash.jpg\",\"width\":2000,\"height\":1334},{\"@type\":\"BreadcrumbList\",\"@id\":\"https:\\\/\\\/buletin.de\\\/bucuresti\\\/noi-masuri-de-protectie-in-bucuresti-prefectura-anunta-reguli-pentru-angajatorii-cu-peste-50-de-salariati\\\/#breadcrumb\",\"itemListElement\":[{\"@type\":\"ListItem\",\"position\":1,\"name\":\"Acas\u0103\",\"item\":\"https:\\\/\\\/buletin.de\\\/bucuresti\\\/\"},{\"@type\":\"ListItem\",\"position\":2,\"name\":\"Noi m\u0103suri de protec\u021bie \u00een Bucure\u0219ti. Prefectura anun\u021b\u0103 reguli pentru angajatorii cu peste 50 de salaria\u021bi\"}]},{\"@type\":\"WebSite\",\"@id\":\"https:\\\/\\\/buletin.de\\\/bucuresti\\\/#website\",\"url\":\"https:\\\/\\\/buletin.de\\\/bucuresti\\\/\",\"name\":\"Buletin de Bucure\u0219ti\",\"description\":\"\u0218tiri \u0219i investiga\u021bii esen\u021biale din capital\u0103\",\"publisher\":{\"@id\":\"https:\\\/\\\/buletin.de\\\/bucuresti\\\/#organization\"},\"potentialAction\":[{\"@type\":\"SearchAction\",\"target\":{\"@type\":\"EntryPoint\",\"urlTemplate\":\"https:\\\/\\\/buletin.de\\\/bucuresti\\\/?s={search_term_string}\"},\"query-input\":{\"@type\":\"PropertyValueSpecification\",\"valueRequired\":true,\"valueName\":\"search_term_string\"}}],\"inLanguage\":\"en-GB\"},{\"@type\":\"Organization\",\"@id\":\"https:\\\/\\\/buletin.de\\\/bucuresti\\\/#organization\",\"name\":\"Buletin de Bucure\u0219ti\",\"url\":\"https:\\\/\\\/buletin.de\\\/bucuresti\\\/\",\"logo\":{\"@type\":\"ImageObject\",\"inLanguage\":\"en-GB\",\"@id\":\"https:\\\/\\\/buletin.de\\\/bucuresti\\\/#\\\/schema\\\/logo\\\/image\\\/\",\"url\":\"https:\\\/\\\/buletin.de\\\/bucuresti\\\/wp-content\\\/uploads\\\/logo-bdb-full-wide-vernil-transparent.png\",\"contentUrl\":\"https:\\\/\\\/buletin.de\\\/bucuresti\\\/wp-content\\\/uploads\\\/logo-bdb-full-wide-vernil-transparent.png\",\"width\":1782,\"height\":626,\"caption\":\"Buletin de Bucure\u0219ti\"},\"image\":{\"@id\":\"https:\\\/\\\/buletin.de\\\/bucuresti\\\/#\\\/schema\\\/logo\\\/image\\\/\"},\"sameAs\":[\"https:\\\/\\\/www.facebook.com\\\/buletin.de.buc\",\"https:\\\/\\\/www.instagram.com\\\/buletinde.bucuresti\\\/\"]},{\"@type\":\"Person\",\"@id\":\"https:\\\/\\\/buletin.de\\\/bucuresti\\\/#\\\/schema\\\/person\\\/b0686d7a8b666c6afc78239777fd8a89\",\"name\":\"Florin R\u00e2\u0219teiu\",\"image\":{\"@type\":\"ImageObject\",\"inLanguage\":\"en-GB\",\"@id\":\"https:\\\/\\\/buletin.de\\\/bucuresti\\\/wp-content\\\/uploads\\\/Florin-Rasteiu-96x96.jpgf0a6fe28453aa12f0a60e4d0a2e3a78c\",\"url\":\"https:\\\/\\\/buletin.de\\\/bucuresti\\\/wp-content\\\/uploads\\\/Florin-Rasteiu-96x96.jpg\",\"contentUrl\":\"https:\\\/\\\/buletin.de\\\/bucuresti\\\/wp-content\\\/uploads\\\/Florin-Rasteiu-96x96.jpg\",\"caption\":\"Florin R\u00e2\u0219teiu\"},\"description\":\"Jurnalist de investiga\u021bie. Lucreaz\u0103 de aproape 6 ani la Buletin de Bucure\u0219ti, unde a publicat articole care scot la suprafa\u021b\u0103 corup\u021bia din Capital\u0103. Analizeaz\u0103 baze de date zilnic \u0219i scoate pove\u0219ti din exceluri pline de cifre. Pune reflectorul pe adev\u0103r cu fiecare ocazie. A c\u00e2\u0219tigat premiul I la categoria Pres\u0103 Local\u0103 \u00een 2025 \u0219i locul al II-lea la aceea\u0219i categorie \u00een 2024 \u00een cadrul Premiilor Superscrieri pentru jurnalism independent.\",\"url\":\"https:\\\/\\\/buletin.de\\\/bucuresti\\\/author\\\/florinrasteiu\\\/\"}]}<\/script>\n<!-- \/ Yoast SEO Premium plugin. -->","yoast_head_json":{"title":"Noi m\u0103suri de protec\u021bie \u00een Bucure\u0219ti. Prefectura anun\u021b\u0103 reguli pentru angajatorii cu peste 50 de salaria\u021bi - Buletin de Bucure\u0219ti","robots":{"index":"index","follow":"follow","max-snippet":"max-snippet:-1","max-image-preview":"max-image-preview:large","max-video-preview":"max-video-preview:-1"},"canonical":"https:\/\/buletin.de\/bucuresti\/noi-masuri-de-protectie-in-bucuresti-prefectura-anunta-reguli-pentru-angajatorii-cu-peste-50-de-salariati\/","og_locale":"en_GB","og_type":"article","og_title":"Noi m\u0103suri de protec\u021bie \u00een Bucure\u0219ti. Prefectura anun\u021b\u0103 reguli pentru angajatorii cu peste 50 de salaria\u021bi","og_description":"Georgiana V\u0103caru, prefectul Capitalei, a anun\u021bat c\u0103 CMBSU va lua de urgen\u021b\u0103 noi m\u0103suri de restric\u021bie, dup\u0103 ce Bucure\u0219tiul a ajuns la inciden\u021ba de 12,65 la o mie de locuitori. Prefectul a spus c\u0103, de acum, angajatorii care au mai mult de 50 de angaja\u021bi au obliga\u021bia de a \u00eemp\u0103r\u021bi personalul \u00een grupe astfel \u00eenc\u00e2t [&hellip;]","og_url":"https:\/\/buletin.de\/bucuresti\/noi-masuri-de-protectie-in-bucuresti-prefectura-anunta-reguli-pentru-angajatorii-cu-peste-50-de-salariati\/","og_site_name":"Buletin de Bucure\u0219ti","article_publisher":"https:\/\/www.facebook.com\/buletin.de.buc","article_published_time":"2021-10-09T15:01:35+00:00","article_modified_time":"2021-10-09T15:01:36+00:00","og_image":[{"width":2000,"height":1334,"url":"https:\/\/buletin.de\/bucuresti\/wp-content\/uploads\/dollar-gill-R-EYaqOjhlo-unsplash.jpg","type":"image\/jpeg"}],"author":"Florin R\u00e2\u0219teiu","twitter_card":"summary_large_image","twitter_misc":{"Written by":"Florin R\u00e2\u0219teiu","Estimated reading time":"3 minutes"},"schema":{"@context":"https:\/\/schema.org","@graph":[{"@type":"Article","@id":"https:\/\/buletin.de\/bucuresti\/noi-masuri-de-protectie-in-bucuresti-prefectura-anunta-reguli-pentru-angajatorii-cu-peste-50-de-salariati\/#article","isPartOf":{"@id":"https:\/\/buletin.de\/bucuresti\/noi-masuri-de-protectie-in-bucuresti-prefectura-anunta-reguli-pentru-angajatorii-cu-peste-50-de-salariati\/"},"author":{"name":"Florin R\u00e2\u0219teiu","@id":"https:\/\/buletin.de\/bucuresti\/#\/schema\/person\/b0686d7a8b666c6afc78239777fd8a89"},"headline":"Noi m\u0103suri de protec\u021bie \u00een Bucure\u0219ti. Prefectura anun\u021b\u0103 reguli pentru angajatorii cu peste 50 de salaria\u021bi","datePublished":"2021-10-09T15:01:35+00:00","dateModified":"2021-10-09T15:01:36+00:00","mainEntityOfPage":{"@id":"https:\/\/buletin.de\/bucuresti\/noi-masuri-de-protectie-in-bucuresti-prefectura-anunta-reguli-pentru-angajatorii-cu-peste-50-de-salariati\/"},"wordCount":634,"publisher":{"@id":"https:\/\/buletin.de\/bucuresti\/#organization"},"image":{"@id":"https:\/\/buletin.de\/bucuresti\/noi-masuri-de-protectie-in-bucuresti-prefectura-anunta-reguli-pentru-angajatorii-cu-peste-50-de-salariati\/#primaryimage"},"thumbnailUrl":"https:\/\/buletin.de\/bucuresti\/wp-content\/uploads\/dollar-gill-R-EYaqOjhlo-unsplash.jpg","articleSection":["\u0218tiri"],"inLanguage":"en-GB","copyrightYear":"2021","copyrightHolder":{"@id":"https:\/\/buletin.de\/bucuresti\/#organization"}},{"@type":"WebPage","@id":"https:\/\/buletin.de\/bucuresti\/noi-masuri-de-protectie-in-bucuresti-prefectura-anunta-reguli-pentru-angajatorii-cu-peste-50-de-salariati\/","url":"https:\/\/buletin.de\/bucuresti\/noi-masuri-de-protectie-in-bucuresti-prefectura-anunta-reguli-pentru-angajatorii-cu-peste-50-de-salariati\/","name":"Noi m\u0103suri de protec\u021bie \u00een Bucure\u0219ti. Prefectura anun\u021b\u0103 reguli pentru angajatorii cu peste 50 de salaria\u021bi - Buletin de Bucure\u0219ti","isPartOf":{"@id":"https:\/\/buletin.de\/bucuresti\/#website"},"primaryImageOfPage":{"@id":"https:\/\/buletin.de\/bucuresti\/noi-masuri-de-protectie-in-bucuresti-prefectura-anunta-reguli-pentru-angajatorii-cu-peste-50-de-salariati\/#primaryimage"},"image":{"@id":"https:\/\/buletin.de\/bucuresti\/noi-masuri-de-protectie-in-bucuresti-prefectura-anunta-reguli-pentru-angajatorii-cu-peste-50-de-salariati\/#primaryimage"},"thumbnailUrl":"https:\/\/buletin.de\/bucuresti\/wp-content\/uploads\/dollar-gill-R-EYaqOjhlo-unsplash.jpg","datePublished":"2021-10-09T15:01:35+00:00","dateModified":"2021-10-09T15:01:36+00:00","breadcrumb":{"@id":"https:\/\/buletin.de\/bucuresti\/noi-masuri-de-protectie-in-bucuresti-prefectura-anunta-reguli-pentru-angajatorii-cu-peste-50-de-salariati\/#breadcrumb"},"inLanguage":"en-GB","potentialAction":[{"@type":"ReadAction","target":["https:\/\/buletin.de\/bucuresti\/noi-masuri-de-protectie-in-bucuresti-prefectura-anunta-reguli-pentru-angajatorii-cu-peste-50-de-salariati\/"]}]},{"@type":"ImageObject","inLanguage":"en-GB","@id":"https:\/\/buletin.de\/bucuresti\/noi-masuri-de-protectie-in-bucuresti-prefectura-anunta-reguli-pentru-angajatorii-cu-peste-50-de-salariati\/#primaryimage","url":"https:\/\/buletin.de\/bucuresti\/wp-content\/uploads\/dollar-gill-R-EYaqOjhlo-unsplash.jpg","contentUrl":"https:\/\/buletin.de\/bucuresti\/wp-content\/uploads\/dollar-gill-R-EYaqOjhlo-unsplash.jpg","width":2000,"height":1334},{"@type":"BreadcrumbList","@id":"https:\/\/buletin.de\/bucuresti\/noi-masuri-de-protectie-in-bucuresti-prefectura-anunta-reguli-pentru-angajatorii-cu-peste-50-de-salariati\/#breadcrumb","itemListElement":[{"@type":"ListItem","position":1,"name":"Acas\u0103","item":"https:\/\/buletin.de\/bucuresti\/"},{"@type":"ListItem","position":2,"name":"Noi m\u0103suri de protec\u021bie \u00een Bucure\u0219ti. Prefectura anun\u021b\u0103 reguli pentru angajatorii cu peste 50 de salaria\u021bi"}]},{"@type":"WebSite","@id":"https:\/\/buletin.de\/bucuresti\/#website","url":"https:\/\/buletin.de\/bucuresti\/","name":"Buletin de Bucure\u0219ti","description":"\u0218tiri \u0219i investiga\u021bii esen\u021biale din capital\u0103","publisher":{"@id":"https:\/\/buletin.de\/bucuresti\/#organization"},"potentialAction":[{"@type":"SearchAction","target":{"@type":"EntryPoint","urlTemplate":"https:\/\/buletin.de\/bucuresti\/?s={search_term_string}"},"query-input":{"@type":"PropertyValueSpecification","valueRequired":true,"valueName":"search_term_string"}}],"inLanguage":"en-GB"},{"@type":"Organization","@id":"https:\/\/buletin.de\/bucuresti\/#organization","name":"Buletin de Bucure\u0219ti","url":"https:\/\/buletin.de\/bucuresti\/","logo":{"@type":"ImageObject","inLanguage":"en-GB","@id":"https:\/\/buletin.de\/bucuresti\/#\/schema\/logo\/image\/","url":"https:\/\/buletin.de\/bucuresti\/wp-content\/uploads\/logo-bdb-full-wide-vernil-transparent.png","contentUrl":"https:\/\/buletin.de\/bucuresti\/wp-content\/uploads\/logo-bdb-full-wide-vernil-transparent.png","width":1782,"height":626,"caption":"Buletin de Bucure\u0219ti"},"image":{"@id":"https:\/\/buletin.de\/bucuresti\/#\/schema\/logo\/image\/"},"sameAs":["https:\/\/www.facebook.com\/buletin.de.buc","https:\/\/www.instagram.com\/buletinde.bucuresti\/"]},{"@type":"Person","@id":"https:\/\/buletin.de\/bucuresti\/#\/schema\/person\/b0686d7a8b666c6afc78239777fd8a89","name":"Florin R\u00e2\u0219teiu","image":{"@type":"ImageObject","inLanguage":"en-GB","@id":"https:\/\/buletin.de\/bucuresti\/wp-content\/uploads\/Florin-Rasteiu-96x96.jpgf0a6fe28453aa12f0a60e4d0a2e3a78c","url":"https:\/\/buletin.de\/bucuresti\/wp-content\/uploads\/Florin-Rasteiu-96x96.jpg","contentUrl":"https:\/\/buletin.de\/bucuresti\/wp-content\/uploads\/Florin-Rasteiu-96x96.jpg","caption":"Florin R\u00e2\u0219teiu"},"description":"Jurnalist de investiga\u021bie. Lucreaz\u0103 de aproape 6 ani la Buletin de Bucure\u0219ti, unde a publicat articole care scot la suprafa\u021b\u0103 corup\u021bia din Capital\u0103. Analizeaz\u0103 baze de date zilnic \u0219i scoate pove\u0219ti din exceluri pline de cifre. Pune reflectorul pe adev\u0103r cu fiecare ocazie. A c\u00e2\u0219tigat premiul I la categoria Pres\u0103 Local\u0103 \u00een 2025 \u0219i locul al II-lea la aceea\u0219i categorie \u00een 2024 \u00een cadrul Premiilor Superscrieri pentru jurnalism independent.","url":"https:\/\/buletin.de\/bucuresti\/author\/florinrasteiu\/"}]}},"authors":[{"term_id":22576,"user_id":17,"is_guest":0,"slug":"florinrasteiu","display_name":"Florin R\u00e2\u0219teiu","avatar_url":"https:\/\/buletin.de\/bucuresti\/wp-content\/uploads\/Florin-Rasteiu-96x96.jpg","0":null,"1":"","2":"","3":"","4":"","5":"","6":"","7":"","8":""}],"_links":{"self":[{"href":"https:\/\/buletin.de\/bucuresti\/wp-json\/wp\/v2\/posts\/32264","targetHints":{"allow":["GET"]}}],"collection":[{"href":"https:\/\/buletin.de\/bucuresti\/wp-json\/wp\/v2\/posts"}],"about":[{"href":"https:\/\/buletin.de\/bucuresti\/wp-json\/wp\/v2\/types\/post"}],"author":[{"embeddable":true,"href":"https:\/\/buletin.de\/bucuresti\/wp-json\/wp\/v2\/users\/17"}],"replies":[{"embeddable":true,"href":"https:\/\/buletin.de\/bucuresti\/wp-json\/wp\/v2\/comments?post=32264"}],"version-history":[{"count":2,"href":"https:\/\/buletin.de\/bucuresti\/wp-json\/wp\/v2\/posts\/32264\/revisions"}],"predecessor-version":[{"id":32266,"href":"https:\/\/buletin.de\/bucuresti\/wp-json\/wp\/v2\/posts\/32264\/revisions\/32266"}],"wp:featuredmedia":[{"embeddable":true,"href":"https:\/\/buletin.de\/bucuresti\/wp-json\/wp\/v2\/media\/31363"}],"wp:attachment":[{"href":"https:\/\/buletin.de\/bucuresti\/wp-json\/wp\/v2\/media?parent=32264"}],"wp:term":[{"taxonomy":"category","embeddable":true,"href":"https:\/\/buletin.de\/bucuresti\/wp-json\/wp\/v2\/categories?post=32264"},{"taxonomy":"post_tag","embeddable":true,"href":"https:\/\/buletin.de\/bucuresti\/wp-json\/wp\/v2\/tags?post=32264"},{"taxonomy":"author","embeddable":true,"href":"https:\/\/buletin.de\/bucuresti\/wp-json\/wp\/v2\/ppma_author?post=32264"}],"curies":[{"name":"wp","href":"https:\/\/api.w.org\/{rel}","templated":true}]}}