{"id":32261,"date":"2021-10-09T15:02:41","date_gmt":"2021-10-09T12:02:41","guid":{"rendered":"https:\/\/buletin.de\/bucuresti\/?p=32261"},"modified":"2021-10-09T15:02:42","modified_gmt":"2021-10-09T12:02:42","slug":"orasele-din-ilfov-pe-primele-cinci-locuri-la-nivel-national-la-rata-de-infectare-cu-sars-cov-2-1776-cazuri-la-mia-de-locuitori-in-bragadiru","status":"publish","type":"post","link":"https:\/\/buletin.de\/bucuresti\/orasele-din-ilfov-pe-primele-cinci-locuri-la-nivel-national-la-rata-de-infectare-cu-sars-cov-2-1776-cazuri-la-mia-de-locuitori-in-bragadiru\/","title":{"rendered":"Ora\u0219ele din Ilfov, pe primele cinci locuri la nivel na\u021bional la rata de infectare cu SARS-CoV-2. 17,76 cazuri la mia de locuitori \u00een Bragadiru"},"content":{"rendered":"\n<p>Ora\u0219ele din jude\u021bul Ilfov ocup\u0103 primele cinci pozi\u021bii la nivelul \u00eentregii \u021b\u0103ri, av\u00e2nd cele mai mari rate de infectare cu virusul SARS-CoV-2 din Rom\u00e2nia.<\/p>\n\n\n\n<p>Astfel, s\u00e2mb\u0103t\u0103, ora\u0219ul Bragadiru a \u00eenregistrat o rat\u0103 de infectare de 17,76 cazuri de COVID-19 la 1.000 de locuitori, cu 551 de noi infect\u0103ri.<\/p>\n\n\n\n<p>Pe locul doi \u00een bilan\u021bul negru al pandemiei se afl\u0103 Pope\u0219ti-Leordeni, cu o rat\u0103 de infectare de 16,13 cazuri la 1.000 de locuitori. \u00cen acest ora\u0219 s-au raportat, s\u00e2mb\u0103t\u0103, 709 cazuri noi de coronavirus.<\/p>\n\n\n\n<p>Ora\u0219ul Voluntari se afl\u0103 pe locul 3. Cu 722 de cazuri noi de COVID-19, aceast\u0103 localitate \u00eenregistreaz\u0103 o rat\u0103 de infectare de 15,75 cazuri la 1.000 de locuitori.<\/p>\n\n\n\n<p>Pozi\u021bia a patra este ocupat\u0103 de ora\u0219ul Otopeni: rata de infectare este de 14,42 cazuri la mia de locuitori, \u00een timp ce s-au raportat 296 cazuri noi de coronavirus.<\/p>\n\n\n\n<p>Pe locul cinci se afl\u0103 ora\u0219ul M\u0103gurele. Aici s-au \u00eenregistrat, s\u00e2mb\u0103t\u0103, 181 de cazuri noi de COVID-19, iar rata de infectare este de 14,36 cazuri la 1.000 de locuitori.<\/p>\n","protected":false},"excerpt":{"rendered":"<p>Ora\u0219ele din jude\u021bul Ilfov ocup\u0103 primele cinci pozi\u021bii la nivelul \u00eentregii \u021b\u0103ri, av\u00e2nd cele mai mari rate de infectare cu virusul SARS-CoV-2 din Rom\u00e2nia. Astfel, s\u00e2mb\u0103t\u0103, ora\u0219ul Bragadiru a \u00eenregistrat o rat\u0103 de infectare de 17,76 cazuri de COVID-19 la 1.000 de locuitori, cu 551 de noi infect\u0103ri. Pe locul doi \u00een bilan\u021bul negru al [&hellip;]<\/p>\n","protected":false},"author":25,"featured_media":32262,"comment_status":"closed","ping_status":"open","sticky":false,"template":"","format":"standard","meta":{"_acf_changed":false,"inline_featured_image":false,"ngg_post_thumbnail":0,"footnotes":""},"categories":[62],"tags":[1586,529,640,744,820,1785,750,1802,2154,3303,487],"ppma_author":[22597],"class_list":["post-32261","post","type-post","status-publish","format-standard","has-post-thumbnail","hentry","category-stiri","tag-bragadiru","tag-coronavirus","tag-covid","tag-covid-19-2","tag-ilfov","tag-magurele-2","tag-otopeni","tag-popesti-leordeni","tag-rata-de-incidenta","tag-rata-de-infectare","tag-voluntari"],"acf":[],"yoast_head":"<!-- This site is optimized with the Yoast SEO Premium plugin v25.3 (Yoast SEO v27.5) - https:\/\/yoast.com\/product\/yoast-seo-premium-wordpress\/ -->\n<title>Ora\u0219ele din Ilfov, pe primele cinci locuri la nivel na\u021bional la rata de infectare cu SARS-CoV-2. 17,76 cazuri la mia de locuitori \u00een Bragadiru - Buletin de Bucure\u0219ti<\/title>\n<meta name=\"robots\" content=\"index, follow, max-snippet:-1, max-image-preview:large, max-video-preview:-1\" \/>\n<link rel=\"canonical\" href=\"https:\/\/buletin.de\/bucuresti\/orasele-din-ilfov-pe-primele-cinci-locuri-la-nivel-national-la-rata-de-infectare-cu-sars-cov-2-1776-cazuri-la-mia-de-locuitori-in-bragadiru\/\" \/>\n<meta property=\"og:locale\" content=\"en_GB\" \/>\n<meta property=\"og:type\" content=\"article\" \/>\n<meta property=\"og:title\" content=\"Ora\u0219ele din Ilfov, pe primele cinci locuri la nivel na\u021bional la rata de infectare cu SARS-CoV-2. 17,76 cazuri la mia de locuitori \u00een Bragadiru\" \/>\n<meta property=\"og:description\" content=\"Ora\u0219ele din jude\u021bul Ilfov ocup\u0103 primele cinci pozi\u021bii la nivelul \u00eentregii \u021b\u0103ri, av\u00e2nd cele mai mari rate de infectare cu virusul SARS-CoV-2 din Rom\u00e2nia. Astfel, s\u00e2mb\u0103t\u0103, ora\u0219ul Bragadiru a \u00eenregistrat o rat\u0103 de infectare de 17,76 cazuri de COVID-19 la 1.000 de locuitori, cu 551 de noi infect\u0103ri. Pe locul doi \u00een bilan\u021bul negru al [&hellip;]\" \/>\n<meta property=\"og:url\" content=\"https:\/\/buletin.de\/bucuresti\/orasele-din-ilfov-pe-primele-cinci-locuri-la-nivel-national-la-rata-de-infectare-cu-sars-cov-2-1776-cazuri-la-mia-de-locuitori-in-bragadiru\/\" \/>\n<meta property=\"og:site_name\" content=\"Buletin de Bucure\u0219ti\" \/>\n<meta property=\"article:publisher\" content=\"https:\/\/www.facebook.com\/buletin.de.buc\" \/>\n<meta property=\"article:published_time\" content=\"2021-10-09T12:02:41+00:00\" \/>\n<meta property=\"article:modified_time\" content=\"2021-10-09T12:02:42+00:00\" \/>\n<meta property=\"og:image\" content=\"https:\/\/buletin.de\/bucuresti\/wp-content\/uploads\/rate-de-incidenta-ilfova.jpg\" \/>\n\t<meta property=\"og:image:width\" content=\"730\" \/>\n\t<meta property=\"og:image:height\" content=\"572\" \/>\n\t<meta property=\"og:image:type\" content=\"image\/jpeg\" \/>\n<meta name=\"author\" content=\"Ana Tudor\" \/>\n<meta name=\"twitter:card\" content=\"summary_large_image\" \/>\n<meta name=\"twitter:label1\" content=\"Written by\" \/>\n\t<meta name=\"twitter:data1\" content=\"Ana Tudor\" \/>\n\t<meta name=\"twitter:label2\" content=\"Estimated reading time\" \/>\n\t<meta name=\"twitter:data2\" content=\"1 minute\" \/>\n<script type=\"application\/ld+json\" class=\"yoast-schema-graph\">{\"@context\":\"https:\\\/\\\/schema.org\",\"@graph\":[{\"@type\":\"Article\",\"@id\":\"https:\\\/\\\/buletin.de\\\/bucuresti\\\/orasele-din-ilfov-pe-primele-cinci-locuri-la-nivel-national-la-rata-de-infectare-cu-sars-cov-2-1776-cazuri-la-mia-de-locuitori-in-bragadiru\\\/#article\",\"isPartOf\":{\"@id\":\"https:\\\/\\\/buletin.de\\\/bucuresti\\\/orasele-din-ilfov-pe-primele-cinci-locuri-la-nivel-national-la-rata-de-infectare-cu-sars-cov-2-1776-cazuri-la-mia-de-locuitori-in-bragadiru\\\/\"},\"author\":{\"name\":\"Ana Tudor\",\"@id\":\"https:\\\/\\\/buletin.de\\\/bucuresti\\\/#\\\/schema\\\/person\\\/8ce85bbda5515a1abb525993294155a8\"},\"headline\":\"Ora\u0219ele din Ilfov, pe primele cinci locuri la nivel na\u021bional la rata de infectare cu SARS-CoV-2. 17,76 cazuri la mia de locuitori \u00een Bragadiru\",\"datePublished\":\"2021-10-09T12:02:41+00:00\",\"dateModified\":\"2021-10-09T12:02:42+00:00\",\"mainEntityOfPage\":{\"@id\":\"https:\\\/\\\/buletin.de\\\/bucuresti\\\/orasele-din-ilfov-pe-primele-cinci-locuri-la-nivel-national-la-rata-de-infectare-cu-sars-cov-2-1776-cazuri-la-mia-de-locuitori-in-bragadiru\\\/\"},\"wordCount\":198,\"publisher\":{\"@id\":\"https:\\\/\\\/buletin.de\\\/bucuresti\\\/#organization\"},\"image\":{\"@id\":\"https:\\\/\\\/buletin.de\\\/bucuresti\\\/orasele-din-ilfov-pe-primele-cinci-locuri-la-nivel-national-la-rata-de-infectare-cu-sars-cov-2-1776-cazuri-la-mia-de-locuitori-in-bragadiru\\\/#primaryimage\"},\"thumbnailUrl\":\"https:\\\/\\\/buletin.de\\\/bucuresti\\\/wp-content\\\/uploads\\\/rate-de-incidenta-ilfova.jpg\",\"keywords\":[\"Bragadiru\",\"coronavirus\",\"covid\",\"covid 19\",\"Ilfov\",\"magurele\",\"otopeni\",\"popesti leordeni\",\"rata de incidenta\",\"rata de infectare\",\"voluntari\"],\"articleSection\":[\"\u0218tiri\"],\"inLanguage\":\"en-GB\",\"copyrightYear\":\"2021\",\"copyrightHolder\":{\"@id\":\"https:\\\/\\\/buletin.de\\\/bucuresti\\\/#organization\"}},{\"@type\":\"WebPage\",\"@id\":\"https:\\\/\\\/buletin.de\\\/bucuresti\\\/orasele-din-ilfov-pe-primele-cinci-locuri-la-nivel-national-la-rata-de-infectare-cu-sars-cov-2-1776-cazuri-la-mia-de-locuitori-in-bragadiru\\\/\",\"url\":\"https:\\\/\\\/buletin.de\\\/bucuresti\\\/orasele-din-ilfov-pe-primele-cinci-locuri-la-nivel-national-la-rata-de-infectare-cu-sars-cov-2-1776-cazuri-la-mia-de-locuitori-in-bragadiru\\\/\",\"name\":\"Ora\u0219ele din Ilfov, pe primele cinci locuri la nivel na\u021bional la rata de infectare cu SARS-CoV-2. 17,76 cazuri la mia de locuitori \u00een Bragadiru - Buletin de Bucure\u0219ti\",\"isPartOf\":{\"@id\":\"https:\\\/\\\/buletin.de\\\/bucuresti\\\/#website\"},\"primaryImageOfPage\":{\"@id\":\"https:\\\/\\\/buletin.de\\\/bucuresti\\\/orasele-din-ilfov-pe-primele-cinci-locuri-la-nivel-national-la-rata-de-infectare-cu-sars-cov-2-1776-cazuri-la-mia-de-locuitori-in-bragadiru\\\/#primaryimage\"},\"image\":{\"@id\":\"https:\\\/\\\/buletin.de\\\/bucuresti\\\/orasele-din-ilfov-pe-primele-cinci-locuri-la-nivel-national-la-rata-de-infectare-cu-sars-cov-2-1776-cazuri-la-mia-de-locuitori-in-bragadiru\\\/#primaryimage\"},\"thumbnailUrl\":\"https:\\\/\\\/buletin.de\\\/bucuresti\\\/wp-content\\\/uploads\\\/rate-de-incidenta-ilfova.jpg\",\"datePublished\":\"2021-10-09T12:02:41+00:00\",\"dateModified\":\"2021-10-09T12:02:42+00:00\",\"breadcrumb\":{\"@id\":\"https:\\\/\\\/buletin.de\\\/bucuresti\\\/orasele-din-ilfov-pe-primele-cinci-locuri-la-nivel-national-la-rata-de-infectare-cu-sars-cov-2-1776-cazuri-la-mia-de-locuitori-in-bragadiru\\\/#breadcrumb\"},\"inLanguage\":\"en-GB\",\"potentialAction\":[{\"@type\":\"ReadAction\",\"target\":[\"https:\\\/\\\/buletin.de\\\/bucuresti\\\/orasele-din-ilfov-pe-primele-cinci-locuri-la-nivel-national-la-rata-de-infectare-cu-sars-cov-2-1776-cazuri-la-mia-de-locuitori-in-bragadiru\\\/\"]}]},{\"@type\":\"ImageObject\",\"inLanguage\":\"en-GB\",\"@id\":\"https:\\\/\\\/buletin.de\\\/bucuresti\\\/orasele-din-ilfov-pe-primele-cinci-locuri-la-nivel-national-la-rata-de-infectare-cu-sars-cov-2-1776-cazuri-la-mia-de-locuitori-in-bragadiru\\\/#primaryimage\",\"url\":\"https:\\\/\\\/buletin.de\\\/bucuresti\\\/wp-content\\\/uploads\\\/rate-de-incidenta-ilfova.jpg\",\"contentUrl\":\"https:\\\/\\\/buletin.de\\\/bucuresti\\\/wp-content\\\/uploads\\\/rate-de-incidenta-ilfova.jpg\",\"width\":730,\"height\":572},{\"@type\":\"BreadcrumbList\",\"@id\":\"https:\\\/\\\/buletin.de\\\/bucuresti\\\/orasele-din-ilfov-pe-primele-cinci-locuri-la-nivel-national-la-rata-de-infectare-cu-sars-cov-2-1776-cazuri-la-mia-de-locuitori-in-bragadiru\\\/#breadcrumb\",\"itemListElement\":[{\"@type\":\"ListItem\",\"position\":1,\"name\":\"Acas\u0103\",\"item\":\"https:\\\/\\\/buletin.de\\\/bucuresti\\\/\"},{\"@type\":\"ListItem\",\"position\":2,\"name\":\"Ora\u0219ele din Ilfov, pe primele cinci locuri la nivel na\u021bional la rata de infectare cu SARS-CoV-2. 17,76 cazuri la mia de locuitori \u00een Bragadiru\"}]},{\"@type\":\"WebSite\",\"@id\":\"https:\\\/\\\/buletin.de\\\/bucuresti\\\/#website\",\"url\":\"https:\\\/\\\/buletin.de\\\/bucuresti\\\/\",\"name\":\"Buletin de Bucure\u0219ti\",\"description\":\"\u0218tiri \u0219i investiga\u021bii esen\u021biale din capital\u0103\",\"publisher\":{\"@id\":\"https:\\\/\\\/buletin.de\\\/bucuresti\\\/#organization\"},\"potentialAction\":[{\"@type\":\"SearchAction\",\"target\":{\"@type\":\"EntryPoint\",\"urlTemplate\":\"https:\\\/\\\/buletin.de\\\/bucuresti\\\/?s={search_term_string}\"},\"query-input\":{\"@type\":\"PropertyValueSpecification\",\"valueRequired\":true,\"valueName\":\"search_term_string\"}}],\"inLanguage\":\"en-GB\"},{\"@type\":\"Organization\",\"@id\":\"https:\\\/\\\/buletin.de\\\/bucuresti\\\/#organization\",\"name\":\"Buletin de Bucure\u0219ti\",\"url\":\"https:\\\/\\\/buletin.de\\\/bucuresti\\\/\",\"logo\":{\"@type\":\"ImageObject\",\"inLanguage\":\"en-GB\",\"@id\":\"https:\\\/\\\/buletin.de\\\/bucuresti\\\/#\\\/schema\\\/logo\\\/image\\\/\",\"url\":\"https:\\\/\\\/buletin.de\\\/bucuresti\\\/wp-content\\\/uploads\\\/logo-bdb-full-wide-vernil-transparent.png\",\"contentUrl\":\"https:\\\/\\\/buletin.de\\\/bucuresti\\\/wp-content\\\/uploads\\\/logo-bdb-full-wide-vernil-transparent.png\",\"width\":1782,\"height\":626,\"caption\":\"Buletin de Bucure\u0219ti\"},\"image\":{\"@id\":\"https:\\\/\\\/buletin.de\\\/bucuresti\\\/#\\\/schema\\\/logo\\\/image\\\/\"},\"sameAs\":[\"https:\\\/\\\/www.facebook.com\\\/buletin.de.buc\",\"https:\\\/\\\/www.instagram.com\\\/buletinde.bucuresti\\\/\"]},{\"@type\":\"Person\",\"@id\":\"https:\\\/\\\/buletin.de\\\/bucuresti\\\/#\\\/schema\\\/person\\\/8ce85bbda5515a1abb525993294155a8\",\"name\":\"Ana Tudor\",\"image\":{\"@type\":\"ImageObject\",\"inLanguage\":\"en-GB\",\"@id\":\"https:\\\/\\\/secure.gravatar.com\\\/avatar\\\/390c40e2d9367046adb10d832317e3f5fb181fdecb236cb1a8187477756ae24a?s=96&d=monsterid&r=g0f86ad5d6b77046fd61bd633bbfa4a29\",\"url\":\"https:\\\/\\\/secure.gravatar.com\\\/avatar\\\/390c40e2d9367046adb10d832317e3f5fb181fdecb236cb1a8187477756ae24a?s=96&d=monsterid&r=g\",\"contentUrl\":\"https:\\\/\\\/secure.gravatar.com\\\/avatar\\\/390c40e2d9367046adb10d832317e3f5fb181fdecb236cb1a8187477756ae24a?s=96&d=monsterid&r=g\",\"caption\":\"Ana Tudor\"},\"url\":\"https:\\\/\\\/buletin.de\\\/bucuresti\\\/author\\\/anamaria\\\/\"}]}<\/script>\n<!-- \/ Yoast SEO Premium plugin. -->","yoast_head_json":{"title":"Ora\u0219ele din Ilfov, pe primele cinci locuri la nivel na\u021bional la rata de infectare cu SARS-CoV-2. 17,76 cazuri la mia de locuitori \u00een Bragadiru - Buletin de Bucure\u0219ti","robots":{"index":"index","follow":"follow","max-snippet":"max-snippet:-1","max-image-preview":"max-image-preview:large","max-video-preview":"max-video-preview:-1"},"canonical":"https:\/\/buletin.de\/bucuresti\/orasele-din-ilfov-pe-primele-cinci-locuri-la-nivel-national-la-rata-de-infectare-cu-sars-cov-2-1776-cazuri-la-mia-de-locuitori-in-bragadiru\/","og_locale":"en_GB","og_type":"article","og_title":"Ora\u0219ele din Ilfov, pe primele cinci locuri la nivel na\u021bional la rata de infectare cu SARS-CoV-2. 17,76 cazuri la mia de locuitori \u00een Bragadiru","og_description":"Ora\u0219ele din jude\u021bul Ilfov ocup\u0103 primele cinci pozi\u021bii la nivelul \u00eentregii \u021b\u0103ri, av\u00e2nd cele mai mari rate de infectare cu virusul SARS-CoV-2 din Rom\u00e2nia. Astfel, s\u00e2mb\u0103t\u0103, ora\u0219ul Bragadiru a \u00eenregistrat o rat\u0103 de infectare de 17,76 cazuri de COVID-19 la 1.000 de locuitori, cu 551 de noi infect\u0103ri. Pe locul doi \u00een bilan\u021bul negru al [&hellip;]","og_url":"https:\/\/buletin.de\/bucuresti\/orasele-din-ilfov-pe-primele-cinci-locuri-la-nivel-national-la-rata-de-infectare-cu-sars-cov-2-1776-cazuri-la-mia-de-locuitori-in-bragadiru\/","og_site_name":"Buletin de Bucure\u0219ti","article_publisher":"https:\/\/www.facebook.com\/buletin.de.buc","article_published_time":"2021-10-09T12:02:41+00:00","article_modified_time":"2021-10-09T12:02:42+00:00","og_image":[{"width":730,"height":572,"url":"https:\/\/buletin.de\/bucuresti\/wp-content\/uploads\/rate-de-incidenta-ilfova.jpg","type":"image\/jpeg"}],"author":"Ana Tudor","twitter_card":"summary_large_image","twitter_misc":{"Written by":"Ana Tudor","Estimated reading time":"1 minute"},"schema":{"@context":"https:\/\/schema.org","@graph":[{"@type":"Article","@id":"https:\/\/buletin.de\/bucuresti\/orasele-din-ilfov-pe-primele-cinci-locuri-la-nivel-national-la-rata-de-infectare-cu-sars-cov-2-1776-cazuri-la-mia-de-locuitori-in-bragadiru\/#article","isPartOf":{"@id":"https:\/\/buletin.de\/bucuresti\/orasele-din-ilfov-pe-primele-cinci-locuri-la-nivel-national-la-rata-de-infectare-cu-sars-cov-2-1776-cazuri-la-mia-de-locuitori-in-bragadiru\/"},"author":{"name":"Ana Tudor","@id":"https:\/\/buletin.de\/bucuresti\/#\/schema\/person\/8ce85bbda5515a1abb525993294155a8"},"headline":"Ora\u0219ele din Ilfov, pe primele cinci locuri la nivel na\u021bional la rata de infectare cu SARS-CoV-2. 17,76 cazuri la mia de locuitori \u00een Bragadiru","datePublished":"2021-10-09T12:02:41+00:00","dateModified":"2021-10-09T12:02:42+00:00","mainEntityOfPage":{"@id":"https:\/\/buletin.de\/bucuresti\/orasele-din-ilfov-pe-primele-cinci-locuri-la-nivel-national-la-rata-de-infectare-cu-sars-cov-2-1776-cazuri-la-mia-de-locuitori-in-bragadiru\/"},"wordCount":198,"publisher":{"@id":"https:\/\/buletin.de\/bucuresti\/#organization"},"image":{"@id":"https:\/\/buletin.de\/bucuresti\/orasele-din-ilfov-pe-primele-cinci-locuri-la-nivel-national-la-rata-de-infectare-cu-sars-cov-2-1776-cazuri-la-mia-de-locuitori-in-bragadiru\/#primaryimage"},"thumbnailUrl":"https:\/\/buletin.de\/bucuresti\/wp-content\/uploads\/rate-de-incidenta-ilfova.jpg","keywords":["Bragadiru","coronavirus","covid","covid 19","Ilfov","magurele","otopeni","popesti leordeni","rata de incidenta","rata de infectare","voluntari"],"articleSection":["\u0218tiri"],"inLanguage":"en-GB","copyrightYear":"2021","copyrightHolder":{"@id":"https:\/\/buletin.de\/bucuresti\/#organization"}},{"@type":"WebPage","@id":"https:\/\/buletin.de\/bucuresti\/orasele-din-ilfov-pe-primele-cinci-locuri-la-nivel-national-la-rata-de-infectare-cu-sars-cov-2-1776-cazuri-la-mia-de-locuitori-in-bragadiru\/","url":"https:\/\/buletin.de\/bucuresti\/orasele-din-ilfov-pe-primele-cinci-locuri-la-nivel-national-la-rata-de-infectare-cu-sars-cov-2-1776-cazuri-la-mia-de-locuitori-in-bragadiru\/","name":"Ora\u0219ele din Ilfov, pe primele cinci locuri la nivel na\u021bional la rata de infectare cu SARS-CoV-2. 17,76 cazuri la mia de locuitori \u00een Bragadiru - Buletin de Bucure\u0219ti","isPartOf":{"@id":"https:\/\/buletin.de\/bucuresti\/#website"},"primaryImageOfPage":{"@id":"https:\/\/buletin.de\/bucuresti\/orasele-din-ilfov-pe-primele-cinci-locuri-la-nivel-national-la-rata-de-infectare-cu-sars-cov-2-1776-cazuri-la-mia-de-locuitori-in-bragadiru\/#primaryimage"},"image":{"@id":"https:\/\/buletin.de\/bucuresti\/orasele-din-ilfov-pe-primele-cinci-locuri-la-nivel-national-la-rata-de-infectare-cu-sars-cov-2-1776-cazuri-la-mia-de-locuitori-in-bragadiru\/#primaryimage"},"thumbnailUrl":"https:\/\/buletin.de\/bucuresti\/wp-content\/uploads\/rate-de-incidenta-ilfova.jpg","datePublished":"2021-10-09T12:02:41+00:00","dateModified":"2021-10-09T12:02:42+00:00","breadcrumb":{"@id":"https:\/\/buletin.de\/bucuresti\/orasele-din-ilfov-pe-primele-cinci-locuri-la-nivel-national-la-rata-de-infectare-cu-sars-cov-2-1776-cazuri-la-mia-de-locuitori-in-bragadiru\/#breadcrumb"},"inLanguage":"en-GB","potentialAction":[{"@type":"ReadAction","target":["https:\/\/buletin.de\/bucuresti\/orasele-din-ilfov-pe-primele-cinci-locuri-la-nivel-national-la-rata-de-infectare-cu-sars-cov-2-1776-cazuri-la-mia-de-locuitori-in-bragadiru\/"]}]},{"@type":"ImageObject","inLanguage":"en-GB","@id":"https:\/\/buletin.de\/bucuresti\/orasele-din-ilfov-pe-primele-cinci-locuri-la-nivel-national-la-rata-de-infectare-cu-sars-cov-2-1776-cazuri-la-mia-de-locuitori-in-bragadiru\/#primaryimage","url":"https:\/\/buletin.de\/bucuresti\/wp-content\/uploads\/rate-de-incidenta-ilfova.jpg","contentUrl":"https:\/\/buletin.de\/bucuresti\/wp-content\/uploads\/rate-de-incidenta-ilfova.jpg","width":730,"height":572},{"@type":"BreadcrumbList","@id":"https:\/\/buletin.de\/bucuresti\/orasele-din-ilfov-pe-primele-cinci-locuri-la-nivel-national-la-rata-de-infectare-cu-sars-cov-2-1776-cazuri-la-mia-de-locuitori-in-bragadiru\/#breadcrumb","itemListElement":[{"@type":"ListItem","position":1,"name":"Acas\u0103","item":"https:\/\/buletin.de\/bucuresti\/"},{"@type":"ListItem","position":2,"name":"Ora\u0219ele din Ilfov, pe primele cinci locuri la nivel na\u021bional la rata de infectare cu SARS-CoV-2. 17,76 cazuri la mia de locuitori \u00een Bragadiru"}]},{"@type":"WebSite","@id":"https:\/\/buletin.de\/bucuresti\/#website","url":"https:\/\/buletin.de\/bucuresti\/","name":"Buletin de Bucure\u0219ti","description":"\u0218tiri \u0219i investiga\u021bii esen\u021biale din capital\u0103","publisher":{"@id":"https:\/\/buletin.de\/bucuresti\/#organization"},"potentialAction":[{"@type":"SearchAction","target":{"@type":"EntryPoint","urlTemplate":"https:\/\/buletin.de\/bucuresti\/?s={search_term_string}"},"query-input":{"@type":"PropertyValueSpecification","valueRequired":true,"valueName":"search_term_string"}}],"inLanguage":"en-GB"},{"@type":"Organization","@id":"https:\/\/buletin.de\/bucuresti\/#organization","name":"Buletin de Bucure\u0219ti","url":"https:\/\/buletin.de\/bucuresti\/","logo":{"@type":"ImageObject","inLanguage":"en-GB","@id":"https:\/\/buletin.de\/bucuresti\/#\/schema\/logo\/image\/","url":"https:\/\/buletin.de\/bucuresti\/wp-content\/uploads\/logo-bdb-full-wide-vernil-transparent.png","contentUrl":"https:\/\/buletin.de\/bucuresti\/wp-content\/uploads\/logo-bdb-full-wide-vernil-transparent.png","width":1782,"height":626,"caption":"Buletin de Bucure\u0219ti"},"image":{"@id":"https:\/\/buletin.de\/bucuresti\/#\/schema\/logo\/image\/"},"sameAs":["https:\/\/www.facebook.com\/buletin.de.buc","https:\/\/www.instagram.com\/buletinde.bucuresti\/"]},{"@type":"Person","@id":"https:\/\/buletin.de\/bucuresti\/#\/schema\/person\/8ce85bbda5515a1abb525993294155a8","name":"Ana Tudor","image":{"@type":"ImageObject","inLanguage":"en-GB","@id":"https:\/\/secure.gravatar.com\/avatar\/390c40e2d9367046adb10d832317e3f5fb181fdecb236cb1a8187477756ae24a?s=96&d=monsterid&r=g0f86ad5d6b77046fd61bd633bbfa4a29","url":"https:\/\/secure.gravatar.com\/avatar\/390c40e2d9367046adb10d832317e3f5fb181fdecb236cb1a8187477756ae24a?s=96&d=monsterid&r=g","contentUrl":"https:\/\/secure.gravatar.com\/avatar\/390c40e2d9367046adb10d832317e3f5fb181fdecb236cb1a8187477756ae24a?s=96&d=monsterid&r=g","caption":"Ana Tudor"},"url":"https:\/\/buletin.de\/bucuresti\/author\/anamaria\/"}]}},"authors":[{"term_id":22597,"user_id":25,"is_guest":0,"slug":"anamaria","display_name":"Ana Tudor","avatar_url":"https:\/\/secure.gravatar.com\/avatar\/390c40e2d9367046adb10d832317e3f5fb181fdecb236cb1a8187477756ae24a?s=96&d=monsterid&r=g","0":null,"1":"","2":"","3":"","4":"","5":"","6":"","7":"","8":""}],"_links":{"self":[{"href":"https:\/\/buletin.de\/bucuresti\/wp-json\/wp\/v2\/posts\/32261","targetHints":{"allow":["GET"]}}],"collection":[{"href":"https:\/\/buletin.de\/bucuresti\/wp-json\/wp\/v2\/posts"}],"about":[{"href":"https:\/\/buletin.de\/bucuresti\/wp-json\/wp\/v2\/types\/post"}],"author":[{"embeddable":true,"href":"https:\/\/buletin.de\/bucuresti\/wp-json\/wp\/v2\/users\/25"}],"replies":[{"embeddable":true,"href":"https:\/\/buletin.de\/bucuresti\/wp-json\/wp\/v2\/comments?post=32261"}],"version-history":[{"count":1,"href":"https:\/\/buletin.de\/bucuresti\/wp-json\/wp\/v2\/posts\/32261\/revisions"}],"predecessor-version":[{"id":32263,"href":"https:\/\/buletin.de\/bucuresti\/wp-json\/wp\/v2\/posts\/32261\/revisions\/32263"}],"wp:featuredmedia":[{"embeddable":true,"href":"https:\/\/buletin.de\/bucuresti\/wp-json\/wp\/v2\/media\/32262"}],"wp:attachment":[{"href":"https:\/\/buletin.de\/bucuresti\/wp-json\/wp\/v2\/media?parent=32261"}],"wp:term":[{"taxonomy":"category","embeddable":true,"href":"https:\/\/buletin.de\/bucuresti\/wp-json\/wp\/v2\/categories?post=32261"},{"taxonomy":"post_tag","embeddable":true,"href":"https:\/\/buletin.de\/bucuresti\/wp-json\/wp\/v2\/tags?post=32261"},{"taxonomy":"author","embeddable":true,"href":"https:\/\/buletin.de\/bucuresti\/wp-json\/wp\/v2\/ppma_author?post=32261"}],"curies":[{"name":"wp","href":"https:\/\/api.w.org\/{rel}","templated":true}]}}