{"id":32223,"date":"2021-10-12T14:11:49","date_gmt":"2021-10-12T11:11:49","guid":{"rendered":"https:\/\/buletin.de\/bucuresti\/?p=32223"},"modified":"2021-10-12T14:30:41","modified_gmt":"2021-10-12T11:30:41","slug":"sectorul-4-se-infrateste-cu-pretura-buiucani-din-chisinau-baluta-continua-traditia-lui-gabriel-mutu-cel-care-a-dat-846-mii-de-euro-pentru-reabilitarea-unui-parc-din-capitala-moldovei","status":"publish","type":"post","link":"https:\/\/buletin.de\/bucuresti\/sectorul-4-se-infrateste-cu-pretura-buiucani-din-chisinau-baluta-continua-traditia-lui-gabriel-mutu-cel-care-a-dat-846-mii-de-euro-pentru-reabilitarea-unui-parc-din-capitala-moldovei\/","title":{"rendered":"Sectorul 4 se \u00eenfr\u0103\u021be\u0219te cu pretura Buiucani din Chi\u0219in\u0103u. B\u0103lu\u021b\u0103 continu\u0103 tradi\u021bia lui Gabriel Mutu, cel care a dat 846 mii de EURO pentru reabilitarea unui parc din capitala Moldovei"},"content":{"rendered":"\n<p><\/p>\n\n\n\n<p><strong><em>Trei consilieri locali ai sectorului 4 vor merge la Chi\u0219in\u0103u pentru a semna un acord de cooperare cu Pretura Buiucani, aceea\u0219i care a primit anul trecut <strong><em>846 de mii de EURO<\/em><\/strong><\/em><\/strong> <strong><em>de la fosta administra\u021bie sector 6 pentru reabilitarea unui parc. Primarul sectorului 4, Daniel B\u0103lu\u021b\u0103, a convocat o \u0219edin\u021b\u0103 extraordinar\u0103 pentru a se asigura c\u0103 deplasarea va putea avea loc \u00een aceast\u0103 s\u0103pt\u0103m\u00e2na. Ea va fi decontat\u0103 din bani publici.<\/em><\/strong><\/p>\n\n\n\n<p>Prim\u0103ria Sectorului 4 va semna un acord de \u00eenfr\u0103\u021bire cu Pretura Buiucani* din Republica Moldova. Trei consilieri locali au fost desemna\u021bi vineri, 8 octombrie, pentru a reprezenta sectorul 4 la Chi\u0219in\u0103u. Deplasarea lui \u0218tef\u0103nel Dan Marin (PMP), George Adrian Turmac (PSD) \u0219i Robert Cristian Florea (PNL) va fi decontat\u0103 din banii publici.<\/p>\n\n\n\n<p>Acordul de cooperare permite celor dou\u0103 p\u0103r\u021bi s\u0103 finan\u021beze programe comune \u0219i alte \u201e<em>ac\u021biuni care contribuie la dezvoltarea rela\u021biilor de prietenie, cu scopul asigur\u0103rii dezvolt\u0103rii economico-sociale a comunit\u0103\u021bilor locale<\/em>\u201d. Anul trecut, fostul primar Gabriel Mutu, \u00een baza unui acord de cooperare semnat de sectorul 6 tot cu Pretura Buiucani, <a href=\"https:\/\/buletin.de\/bucuresti\/primarul-sectorului-6-vrea-sa-dea-846-mii-de-euro-pentru-reabilitarea-unui-parc-din-chisinau\/\">a oferit 846 de mii de EURO<\/a> din bugetul public pentru reabilitarea parcului Alunelul din Buiucani, Chi\u0219in\u0103u.<\/p>\n\n\n\n<p><\/p>\n\n\n\n<blockquote class=\"wp-block-quote is-layout-flow wp-block-quote-is-layout-flow\"><p>Sunt foarte multe proiecte realizate cu co-participarea, prin dona\u021bii din partea diferitelor sectoare din Municipiul Bucure\u0219ti. Chi\u0219in\u0103uenii apreciaz\u0103 acest lucru, apreciaz\u0103 efortul depus.<\/p><cite>a declarat viceprimarul Chi\u0219in\u0103u, Ilie Ceban, atunci c\u00e2nd a participat la \u0219edin\u021ba CLS4 din 26 mai<\/cite><\/blockquote>\n\n\n\n<p>Pe pagina de Facebook a pretorului Vadim Br\u00eenzaniuc exist\u0103 multe poze cu oficiali rom\u00e2ni, printre care Ciprian Ciucu, primarul sectorului 6, Florin Oancea, primarul Deva, sau Narcis Constantin, primarul M\u0103gurele, Ilfov.<\/p>\n\n\n\nngg_shortcode_0_placeholder\n\n\n\n<p>Daniel B\u0103lu\u021b\u0103 a convocat pentru vineri o \u0219edin\u021b\u0103 extraordinar\u0103 pentru a ob\u021bine aprobarea acestui proiect. Dup\u0103 acesta, pe ordinea de zi au mai fost \u00eenc\u0103 alte dou\u0103 proiecte legate de m\u0103surile de protec\u021bie social\u0103 pentru consumatorul vulnerabil de energie.<\/p>\n\n\n\n<p>*Pretura este o institu\u021bie administrativ\u0103 echivalent\u0103 cu sectorul din Bucure\u0219ti. <\/p>\n\n\n\n<p><\/p>\n\n\n\n<p>Surs\u0103 cover: Facebook Vadim Br\u00eenzaniuc <\/p>\n","protected":false},"excerpt":{"rendered":"<p>Trei consilieri locali ai sectorului 4 vor merge la Chi\u0219in\u0103u pentru a semna un acord de cooperare cu Pretura Buiucani, aceea\u0219i care a primit anul trecut 846 de mii de EURO de la fosta administra\u021bie sector 6 pentru reabilitarea unui parc. Primarul sectorului 4, Daniel B\u0103lu\u021b\u0103, a convocat o \u0219edin\u021b\u0103 extraordinar\u0103 pentru a se asigura [&hellip;]<\/p>\n","protected":false},"author":6,"featured_media":32229,"comment_status":"closed","ping_status":"open","sticky":false,"template":"","format":"standard","meta":{"_acf_changed":false,"inline_featured_image":false,"ngg_post_thumbnail":0,"footnotes":""},"categories":[24,62],"tags":[3314,1386,2089,1204,1387,3313,765,523],"ppma_author":[22588],"class_list":["post-32223","post","type-post","status-publish","format-standard","has-post-thumbnail","hentry","category-primarie","category-stiri","tag-buiucani","tag-chisinau","tag-ciprian-ciucu","tag-daniel-baluta","tag-gabriel-mutu","tag-moldova","tag-sector-4","tag-sector-6"],"acf":[],"yoast_head":"<!-- This site is optimized with the Yoast SEO Premium plugin v25.3 (Yoast SEO v27.5) - https:\/\/yoast.com\/product\/yoast-seo-premium-wordpress\/ -->\n<title>Sectorul 4 se \u00eenfr\u0103\u021be\u0219te cu pretura Buiucani din Chi\u0219in\u0103u. B\u0103lu\u021b\u0103 continu\u0103 tradi\u021bia lui Gabriel Mutu, cel care a dat 846 mii de EURO pentru reabilitarea unui parc din capitala Moldovei - Buletin de Bucure\u0219ti<\/title>\n<meta name=\"robots\" content=\"index, follow, max-snippet:-1, max-image-preview:large, max-video-preview:-1\" \/>\n<link rel=\"canonical\" href=\"https:\/\/buletin.de\/bucuresti\/sectorul-4-se-infrateste-cu-pretura-buiucani-din-chisinau-baluta-continua-traditia-lui-gabriel-mutu-cel-care-a-dat-846-mii-de-euro-pentru-reabilitarea-unui-parc-din-capitala-moldovei\/\" \/>\n<meta property=\"og:locale\" content=\"en_GB\" \/>\n<meta property=\"og:type\" content=\"article\" \/>\n<meta property=\"og:title\" content=\"Sectorul 4 se \u00eenfr\u0103\u021be\u0219te cu pretura Buiucani din Chi\u0219in\u0103u. B\u0103lu\u021b\u0103 continu\u0103 tradi\u021bia lui Gabriel Mutu, cel care a dat 846 mii de EURO pentru reabilitarea unui parc din capitala Moldovei\" \/>\n<meta property=\"og:description\" content=\"Trei consilieri locali ai sectorului 4 vor merge la Chi\u0219in\u0103u pentru a semna un acord de cooperare cu Pretura Buiucani, aceea\u0219i care a primit anul trecut 846 de mii de EURO de la fosta administra\u021bie sector 6 pentru reabilitarea unui parc. Primarul sectorului 4, Daniel B\u0103lu\u021b\u0103, a convocat o \u0219edin\u021b\u0103 extraordinar\u0103 pentru a se asigura [&hellip;]\" \/>\n<meta property=\"og:url\" content=\"https:\/\/buletin.de\/bucuresti\/sectorul-4-se-infrateste-cu-pretura-buiucani-din-chisinau-baluta-continua-traditia-lui-gabriel-mutu-cel-care-a-dat-846-mii-de-euro-pentru-reabilitarea-unui-parc-din-capitala-moldovei\/\" \/>\n<meta property=\"og:site_name\" content=\"Buletin de Bucure\u0219ti\" \/>\n<meta property=\"article:publisher\" content=\"https:\/\/www.facebook.com\/buletin.de.buc\" \/>\n<meta property=\"article:published_time\" content=\"2021-10-12T11:11:49+00:00\" \/>\n<meta property=\"article:modified_time\" content=\"2021-10-12T11:30:41+00:00\" \/>\n<meta property=\"og:image\" content=\"https:\/\/buletin.de\/bucuresti\/wp-content\/uploads\/78626086_10215878547859684_1628293784917770240_n.jpg\" \/>\n\t<meta property=\"og:image:width\" content=\"960\" \/>\n\t<meta property=\"og:image:height\" content=\"558\" \/>\n\t<meta property=\"og:image:type\" content=\"image\/jpeg\" \/>\n<meta name=\"author\" content=\"Bianca Albu\" \/>\n<meta name=\"twitter:card\" content=\"summary_large_image\" \/>\n<meta name=\"twitter:label1\" content=\"Written by\" \/>\n\t<meta name=\"twitter:data1\" content=\"Bianca Albu\" \/>\n\t<meta name=\"twitter:label2\" content=\"Estimated reading time\" \/>\n\t<meta name=\"twitter:data2\" content=\"2 minutes\" \/>\n<script type=\"application\/ld+json\" class=\"yoast-schema-graph\">{\"@context\":\"https:\\\/\\\/schema.org\",\"@graph\":[{\"@type\":\"Article\",\"@id\":\"https:\\\/\\\/buletin.de\\\/bucuresti\\\/sectorul-4-se-infrateste-cu-pretura-buiucani-din-chisinau-baluta-continua-traditia-lui-gabriel-mutu-cel-care-a-dat-846-mii-de-euro-pentru-reabilitarea-unui-parc-din-capitala-moldovei\\\/#article\",\"isPartOf\":{\"@id\":\"https:\\\/\\\/buletin.de\\\/bucuresti\\\/sectorul-4-se-infrateste-cu-pretura-buiucani-din-chisinau-baluta-continua-traditia-lui-gabriel-mutu-cel-care-a-dat-846-mii-de-euro-pentru-reabilitarea-unui-parc-din-capitala-moldovei\\\/\"},\"author\":{\"name\":\"Bianca Albu\",\"@id\":\"https:\\\/\\\/buletin.de\\\/bucuresti\\\/#\\\/schema\\\/person\\\/295dc2228d2dc79294d636619468dc7f\"},\"headline\":\"Sectorul 4 se \u00eenfr\u0103\u021be\u0219te cu pretura Buiucani din Chi\u0219in\u0103u. B\u0103lu\u021b\u0103 continu\u0103 tradi\u021bia lui Gabriel Mutu, cel care a dat 846 mii de EURO pentru reabilitarea unui parc din capitala Moldovei\",\"datePublished\":\"2021-10-12T11:11:49+00:00\",\"dateModified\":\"2021-10-12T11:30:41+00:00\",\"mainEntityOfPage\":{\"@id\":\"https:\\\/\\\/buletin.de\\\/bucuresti\\\/sectorul-4-se-infrateste-cu-pretura-buiucani-din-chisinau-baluta-continua-traditia-lui-gabriel-mutu-cel-care-a-dat-846-mii-de-euro-pentru-reabilitarea-unui-parc-din-capitala-moldovei\\\/\"},\"wordCount\":385,\"publisher\":{\"@id\":\"https:\\\/\\\/buletin.de\\\/bucuresti\\\/#organization\"},\"image\":{\"@id\":\"https:\\\/\\\/buletin.de\\\/bucuresti\\\/sectorul-4-se-infrateste-cu-pretura-buiucani-din-chisinau-baluta-continua-traditia-lui-gabriel-mutu-cel-care-a-dat-846-mii-de-euro-pentru-reabilitarea-unui-parc-din-capitala-moldovei\\\/#primaryimage\"},\"thumbnailUrl\":\"https:\\\/\\\/buletin.de\\\/bucuresti\\\/wp-content\\\/uploads\\\/78626086_10215878547859684_1628293784917770240_n.jpg\",\"keywords\":[\"buiucani\",\"chisinau\",\"ciprian ciucu\",\"daniel baluta\",\"gabriel mutu\",\"moldova\",\"Sector 4\",\"Sector 6\"],\"articleSection\":[\"Prim\u0103rie\",\"\u0218tiri\"],\"inLanguage\":\"en-GB\",\"copyrightYear\":\"2021\",\"copyrightHolder\":{\"@id\":\"https:\\\/\\\/buletin.de\\\/bucuresti\\\/#organization\"}},{\"@type\":\"WebPage\",\"@id\":\"https:\\\/\\\/buletin.de\\\/bucuresti\\\/sectorul-4-se-infrateste-cu-pretura-buiucani-din-chisinau-baluta-continua-traditia-lui-gabriel-mutu-cel-care-a-dat-846-mii-de-euro-pentru-reabilitarea-unui-parc-din-capitala-moldovei\\\/\",\"url\":\"https:\\\/\\\/buletin.de\\\/bucuresti\\\/sectorul-4-se-infrateste-cu-pretura-buiucani-din-chisinau-baluta-continua-traditia-lui-gabriel-mutu-cel-care-a-dat-846-mii-de-euro-pentru-reabilitarea-unui-parc-din-capitala-moldovei\\\/\",\"name\":\"Sectorul 4 se \u00eenfr\u0103\u021be\u0219te cu pretura Buiucani din Chi\u0219in\u0103u. B\u0103lu\u021b\u0103 continu\u0103 tradi\u021bia lui Gabriel Mutu, cel care a dat 846 mii de EURO pentru reabilitarea unui parc din capitala Moldovei - Buletin de Bucure\u0219ti\",\"isPartOf\":{\"@id\":\"https:\\\/\\\/buletin.de\\\/bucuresti\\\/#website\"},\"primaryImageOfPage\":{\"@id\":\"https:\\\/\\\/buletin.de\\\/bucuresti\\\/sectorul-4-se-infrateste-cu-pretura-buiucani-din-chisinau-baluta-continua-traditia-lui-gabriel-mutu-cel-care-a-dat-846-mii-de-euro-pentru-reabilitarea-unui-parc-din-capitala-moldovei\\\/#primaryimage\"},\"image\":{\"@id\":\"https:\\\/\\\/buletin.de\\\/bucuresti\\\/sectorul-4-se-infrateste-cu-pretura-buiucani-din-chisinau-baluta-continua-traditia-lui-gabriel-mutu-cel-care-a-dat-846-mii-de-euro-pentru-reabilitarea-unui-parc-din-capitala-moldovei\\\/#primaryimage\"},\"thumbnailUrl\":\"https:\\\/\\\/buletin.de\\\/bucuresti\\\/wp-content\\\/uploads\\\/78626086_10215878547859684_1628293784917770240_n.jpg\",\"datePublished\":\"2021-10-12T11:11:49+00:00\",\"dateModified\":\"2021-10-12T11:30:41+00:00\",\"breadcrumb\":{\"@id\":\"https:\\\/\\\/buletin.de\\\/bucuresti\\\/sectorul-4-se-infrateste-cu-pretura-buiucani-din-chisinau-baluta-continua-traditia-lui-gabriel-mutu-cel-care-a-dat-846-mii-de-euro-pentru-reabilitarea-unui-parc-din-capitala-moldovei\\\/#breadcrumb\"},\"inLanguage\":\"en-GB\",\"potentialAction\":[{\"@type\":\"ReadAction\",\"target\":[\"https:\\\/\\\/buletin.de\\\/bucuresti\\\/sectorul-4-se-infrateste-cu-pretura-buiucani-din-chisinau-baluta-continua-traditia-lui-gabriel-mutu-cel-care-a-dat-846-mii-de-euro-pentru-reabilitarea-unui-parc-din-capitala-moldovei\\\/\"]}]},{\"@type\":\"ImageObject\",\"inLanguage\":\"en-GB\",\"@id\":\"https:\\\/\\\/buletin.de\\\/bucuresti\\\/sectorul-4-se-infrateste-cu-pretura-buiucani-din-chisinau-baluta-continua-traditia-lui-gabriel-mutu-cel-care-a-dat-846-mii-de-euro-pentru-reabilitarea-unui-parc-din-capitala-moldovei\\\/#primaryimage\",\"url\":\"https:\\\/\\\/buletin.de\\\/bucuresti\\\/wp-content\\\/uploads\\\/78626086_10215878547859684_1628293784917770240_n.jpg\",\"contentUrl\":\"https:\\\/\\\/buletin.de\\\/bucuresti\\\/wp-content\\\/uploads\\\/78626086_10215878547859684_1628293784917770240_n.jpg\",\"width\":960,\"height\":558},{\"@type\":\"BreadcrumbList\",\"@id\":\"https:\\\/\\\/buletin.de\\\/bucuresti\\\/sectorul-4-se-infrateste-cu-pretura-buiucani-din-chisinau-baluta-continua-traditia-lui-gabriel-mutu-cel-care-a-dat-846-mii-de-euro-pentru-reabilitarea-unui-parc-din-capitala-moldovei\\\/#breadcrumb\",\"itemListElement\":[{\"@type\":\"ListItem\",\"position\":1,\"name\":\"Acas\u0103\",\"item\":\"https:\\\/\\\/buletin.de\\\/bucuresti\\\/\"},{\"@type\":\"ListItem\",\"position\":2,\"name\":\"Sectorul 4 se \u00eenfr\u0103\u021be\u0219te cu pretura Buiucani din Chi\u0219in\u0103u. B\u0103lu\u021b\u0103 continu\u0103 tradi\u021bia lui Gabriel Mutu, cel care a dat 846 mii de EURO pentru reabilitarea unui parc din capitala Moldovei\"}]},{\"@type\":\"WebSite\",\"@id\":\"https:\\\/\\\/buletin.de\\\/bucuresti\\\/#website\",\"url\":\"https:\\\/\\\/buletin.de\\\/bucuresti\\\/\",\"name\":\"Buletin de Bucure\u0219ti\",\"description\":\"\u0218tiri \u0219i investiga\u021bii esen\u021biale din capital\u0103\",\"publisher\":{\"@id\":\"https:\\\/\\\/buletin.de\\\/bucuresti\\\/#organization\"},\"potentialAction\":[{\"@type\":\"SearchAction\",\"target\":{\"@type\":\"EntryPoint\",\"urlTemplate\":\"https:\\\/\\\/buletin.de\\\/bucuresti\\\/?s={search_term_string}\"},\"query-input\":{\"@type\":\"PropertyValueSpecification\",\"valueRequired\":true,\"valueName\":\"search_term_string\"}}],\"inLanguage\":\"en-GB\"},{\"@type\":\"Organization\",\"@id\":\"https:\\\/\\\/buletin.de\\\/bucuresti\\\/#organization\",\"name\":\"Buletin de Bucure\u0219ti\",\"url\":\"https:\\\/\\\/buletin.de\\\/bucuresti\\\/\",\"logo\":{\"@type\":\"ImageObject\",\"inLanguage\":\"en-GB\",\"@id\":\"https:\\\/\\\/buletin.de\\\/bucuresti\\\/#\\\/schema\\\/logo\\\/image\\\/\",\"url\":\"https:\\\/\\\/buletin.de\\\/bucuresti\\\/wp-content\\\/uploads\\\/logo-bdb-full-wide-vernil-transparent.png\",\"contentUrl\":\"https:\\\/\\\/buletin.de\\\/bucuresti\\\/wp-content\\\/uploads\\\/logo-bdb-full-wide-vernil-transparent.png\",\"width\":1782,\"height\":626,\"caption\":\"Buletin de Bucure\u0219ti\"},\"image\":{\"@id\":\"https:\\\/\\\/buletin.de\\\/bucuresti\\\/#\\\/schema\\\/logo\\\/image\\\/\"},\"sameAs\":[\"https:\\\/\\\/www.facebook.com\\\/buletin.de.buc\",\"https:\\\/\\\/www.instagram.com\\\/buletinde.bucuresti\\\/\"]},{\"@type\":\"Person\",\"@id\":\"https:\\\/\\\/buletin.de\\\/bucuresti\\\/#\\\/schema\\\/person\\\/295dc2228d2dc79294d636619468dc7f\",\"name\":\"Bianca Albu\",\"image\":{\"@type\":\"ImageObject\",\"inLanguage\":\"en-GB\",\"@id\":\"https:\\\/\\\/secure.gravatar.com\\\/avatar\\\/3df2e34e20f529e6fd7be4311ee1f7c4ec4aa886971590baf6fa214b15743516?s=96&d=monsterid&r=gf541c715eeec409ce8101252a3c0d8a7\",\"url\":\"https:\\\/\\\/secure.gravatar.com\\\/avatar\\\/3df2e34e20f529e6fd7be4311ee1f7c4ec4aa886971590baf6fa214b15743516?s=96&d=monsterid&r=g\",\"contentUrl\":\"https:\\\/\\\/secure.gravatar.com\\\/avatar\\\/3df2e34e20f529e6fd7be4311ee1f7c4ec4aa886971590baf6fa214b15743516?s=96&d=monsterid&r=g\",\"caption\":\"Bianca Albu\"},\"description\":\"Reporter\",\"url\":\"https:\\\/\\\/buletin.de\\\/bucuresti\\\/author\\\/biancaalbu\\\/\"}]}<\/script>\n<!-- \/ Yoast SEO Premium plugin. -->","yoast_head_json":{"title":"Sectorul 4 se \u00eenfr\u0103\u021be\u0219te cu pretura Buiucani din Chi\u0219in\u0103u. B\u0103lu\u021b\u0103 continu\u0103 tradi\u021bia lui Gabriel Mutu, cel care a dat 846 mii de EURO pentru reabilitarea unui parc din capitala Moldovei - Buletin de Bucure\u0219ti","robots":{"index":"index","follow":"follow","max-snippet":"max-snippet:-1","max-image-preview":"max-image-preview:large","max-video-preview":"max-video-preview:-1"},"canonical":"https:\/\/buletin.de\/bucuresti\/sectorul-4-se-infrateste-cu-pretura-buiucani-din-chisinau-baluta-continua-traditia-lui-gabriel-mutu-cel-care-a-dat-846-mii-de-euro-pentru-reabilitarea-unui-parc-din-capitala-moldovei\/","og_locale":"en_GB","og_type":"article","og_title":"Sectorul 4 se \u00eenfr\u0103\u021be\u0219te cu pretura Buiucani din Chi\u0219in\u0103u. B\u0103lu\u021b\u0103 continu\u0103 tradi\u021bia lui Gabriel Mutu, cel care a dat 846 mii de EURO pentru reabilitarea unui parc din capitala Moldovei","og_description":"Trei consilieri locali ai sectorului 4 vor merge la Chi\u0219in\u0103u pentru a semna un acord de cooperare cu Pretura Buiucani, aceea\u0219i care a primit anul trecut 846 de mii de EURO de la fosta administra\u021bie sector 6 pentru reabilitarea unui parc. Primarul sectorului 4, Daniel B\u0103lu\u021b\u0103, a convocat o \u0219edin\u021b\u0103 extraordinar\u0103 pentru a se asigura [&hellip;]","og_url":"https:\/\/buletin.de\/bucuresti\/sectorul-4-se-infrateste-cu-pretura-buiucani-din-chisinau-baluta-continua-traditia-lui-gabriel-mutu-cel-care-a-dat-846-mii-de-euro-pentru-reabilitarea-unui-parc-din-capitala-moldovei\/","og_site_name":"Buletin de Bucure\u0219ti","article_publisher":"https:\/\/www.facebook.com\/buletin.de.buc","article_published_time":"2021-10-12T11:11:49+00:00","article_modified_time":"2021-10-12T11:30:41+00:00","og_image":[{"width":960,"height":558,"url":"https:\/\/buletin.de\/bucuresti\/wp-content\/uploads\/78626086_10215878547859684_1628293784917770240_n.jpg","type":"image\/jpeg"}],"author":"Bianca Albu","twitter_card":"summary_large_image","twitter_misc":{"Written by":"Bianca Albu","Estimated reading time":"2 minutes"},"schema":{"@context":"https:\/\/schema.org","@graph":[{"@type":"Article","@id":"https:\/\/buletin.de\/bucuresti\/sectorul-4-se-infrateste-cu-pretura-buiucani-din-chisinau-baluta-continua-traditia-lui-gabriel-mutu-cel-care-a-dat-846-mii-de-euro-pentru-reabilitarea-unui-parc-din-capitala-moldovei\/#article","isPartOf":{"@id":"https:\/\/buletin.de\/bucuresti\/sectorul-4-se-infrateste-cu-pretura-buiucani-din-chisinau-baluta-continua-traditia-lui-gabriel-mutu-cel-care-a-dat-846-mii-de-euro-pentru-reabilitarea-unui-parc-din-capitala-moldovei\/"},"author":{"name":"Bianca Albu","@id":"https:\/\/buletin.de\/bucuresti\/#\/schema\/person\/295dc2228d2dc79294d636619468dc7f"},"headline":"Sectorul 4 se \u00eenfr\u0103\u021be\u0219te cu pretura Buiucani din Chi\u0219in\u0103u. B\u0103lu\u021b\u0103 continu\u0103 tradi\u021bia lui Gabriel Mutu, cel care a dat 846 mii de EURO pentru reabilitarea unui parc din capitala Moldovei","datePublished":"2021-10-12T11:11:49+00:00","dateModified":"2021-10-12T11:30:41+00:00","mainEntityOfPage":{"@id":"https:\/\/buletin.de\/bucuresti\/sectorul-4-se-infrateste-cu-pretura-buiucani-din-chisinau-baluta-continua-traditia-lui-gabriel-mutu-cel-care-a-dat-846-mii-de-euro-pentru-reabilitarea-unui-parc-din-capitala-moldovei\/"},"wordCount":385,"publisher":{"@id":"https:\/\/buletin.de\/bucuresti\/#organization"},"image":{"@id":"https:\/\/buletin.de\/bucuresti\/sectorul-4-se-infrateste-cu-pretura-buiucani-din-chisinau-baluta-continua-traditia-lui-gabriel-mutu-cel-care-a-dat-846-mii-de-euro-pentru-reabilitarea-unui-parc-din-capitala-moldovei\/#primaryimage"},"thumbnailUrl":"https:\/\/buletin.de\/bucuresti\/wp-content\/uploads\/78626086_10215878547859684_1628293784917770240_n.jpg","keywords":["buiucani","chisinau","ciprian ciucu","daniel baluta","gabriel mutu","moldova","Sector 4","Sector 6"],"articleSection":["Prim\u0103rie","\u0218tiri"],"inLanguage":"en-GB","copyrightYear":"2021","copyrightHolder":{"@id":"https:\/\/buletin.de\/bucuresti\/#organization"}},{"@type":"WebPage","@id":"https:\/\/buletin.de\/bucuresti\/sectorul-4-se-infrateste-cu-pretura-buiucani-din-chisinau-baluta-continua-traditia-lui-gabriel-mutu-cel-care-a-dat-846-mii-de-euro-pentru-reabilitarea-unui-parc-din-capitala-moldovei\/","url":"https:\/\/buletin.de\/bucuresti\/sectorul-4-se-infrateste-cu-pretura-buiucani-din-chisinau-baluta-continua-traditia-lui-gabriel-mutu-cel-care-a-dat-846-mii-de-euro-pentru-reabilitarea-unui-parc-din-capitala-moldovei\/","name":"Sectorul 4 se \u00eenfr\u0103\u021be\u0219te cu pretura Buiucani din Chi\u0219in\u0103u. B\u0103lu\u021b\u0103 continu\u0103 tradi\u021bia lui Gabriel Mutu, cel care a dat 846 mii de EURO pentru reabilitarea unui parc din capitala Moldovei - Buletin de Bucure\u0219ti","isPartOf":{"@id":"https:\/\/buletin.de\/bucuresti\/#website"},"primaryImageOfPage":{"@id":"https:\/\/buletin.de\/bucuresti\/sectorul-4-se-infrateste-cu-pretura-buiucani-din-chisinau-baluta-continua-traditia-lui-gabriel-mutu-cel-care-a-dat-846-mii-de-euro-pentru-reabilitarea-unui-parc-din-capitala-moldovei\/#primaryimage"},"image":{"@id":"https:\/\/buletin.de\/bucuresti\/sectorul-4-se-infrateste-cu-pretura-buiucani-din-chisinau-baluta-continua-traditia-lui-gabriel-mutu-cel-care-a-dat-846-mii-de-euro-pentru-reabilitarea-unui-parc-din-capitala-moldovei\/#primaryimage"},"thumbnailUrl":"https:\/\/buletin.de\/bucuresti\/wp-content\/uploads\/78626086_10215878547859684_1628293784917770240_n.jpg","datePublished":"2021-10-12T11:11:49+00:00","dateModified":"2021-10-12T11:30:41+00:00","breadcrumb":{"@id":"https:\/\/buletin.de\/bucuresti\/sectorul-4-se-infrateste-cu-pretura-buiucani-din-chisinau-baluta-continua-traditia-lui-gabriel-mutu-cel-care-a-dat-846-mii-de-euro-pentru-reabilitarea-unui-parc-din-capitala-moldovei\/#breadcrumb"},"inLanguage":"en-GB","potentialAction":[{"@type":"ReadAction","target":["https:\/\/buletin.de\/bucuresti\/sectorul-4-se-infrateste-cu-pretura-buiucani-din-chisinau-baluta-continua-traditia-lui-gabriel-mutu-cel-care-a-dat-846-mii-de-euro-pentru-reabilitarea-unui-parc-din-capitala-moldovei\/"]}]},{"@type":"ImageObject","inLanguage":"en-GB","@id":"https:\/\/buletin.de\/bucuresti\/sectorul-4-se-infrateste-cu-pretura-buiucani-din-chisinau-baluta-continua-traditia-lui-gabriel-mutu-cel-care-a-dat-846-mii-de-euro-pentru-reabilitarea-unui-parc-din-capitala-moldovei\/#primaryimage","url":"https:\/\/buletin.de\/bucuresti\/wp-content\/uploads\/78626086_10215878547859684_1628293784917770240_n.jpg","contentUrl":"https:\/\/buletin.de\/bucuresti\/wp-content\/uploads\/78626086_10215878547859684_1628293784917770240_n.jpg","width":960,"height":558},{"@type":"BreadcrumbList","@id":"https:\/\/buletin.de\/bucuresti\/sectorul-4-se-infrateste-cu-pretura-buiucani-din-chisinau-baluta-continua-traditia-lui-gabriel-mutu-cel-care-a-dat-846-mii-de-euro-pentru-reabilitarea-unui-parc-din-capitala-moldovei\/#breadcrumb","itemListElement":[{"@type":"ListItem","position":1,"name":"Acas\u0103","item":"https:\/\/buletin.de\/bucuresti\/"},{"@type":"ListItem","position":2,"name":"Sectorul 4 se \u00eenfr\u0103\u021be\u0219te cu pretura Buiucani din Chi\u0219in\u0103u. B\u0103lu\u021b\u0103 continu\u0103 tradi\u021bia lui Gabriel Mutu, cel care a dat 846 mii de EURO pentru reabilitarea unui parc din capitala Moldovei"}]},{"@type":"WebSite","@id":"https:\/\/buletin.de\/bucuresti\/#website","url":"https:\/\/buletin.de\/bucuresti\/","name":"Buletin de Bucure\u0219ti","description":"\u0218tiri \u0219i investiga\u021bii esen\u021biale din capital\u0103","publisher":{"@id":"https:\/\/buletin.de\/bucuresti\/#organization"},"potentialAction":[{"@type":"SearchAction","target":{"@type":"EntryPoint","urlTemplate":"https:\/\/buletin.de\/bucuresti\/?s={search_term_string}"},"query-input":{"@type":"PropertyValueSpecification","valueRequired":true,"valueName":"search_term_string"}}],"inLanguage":"en-GB"},{"@type":"Organization","@id":"https:\/\/buletin.de\/bucuresti\/#organization","name":"Buletin de Bucure\u0219ti","url":"https:\/\/buletin.de\/bucuresti\/","logo":{"@type":"ImageObject","inLanguage":"en-GB","@id":"https:\/\/buletin.de\/bucuresti\/#\/schema\/logo\/image\/","url":"https:\/\/buletin.de\/bucuresti\/wp-content\/uploads\/logo-bdb-full-wide-vernil-transparent.png","contentUrl":"https:\/\/buletin.de\/bucuresti\/wp-content\/uploads\/logo-bdb-full-wide-vernil-transparent.png","width":1782,"height":626,"caption":"Buletin de Bucure\u0219ti"},"image":{"@id":"https:\/\/buletin.de\/bucuresti\/#\/schema\/logo\/image\/"},"sameAs":["https:\/\/www.facebook.com\/buletin.de.buc","https:\/\/www.instagram.com\/buletinde.bucuresti\/"]},{"@type":"Person","@id":"https:\/\/buletin.de\/bucuresti\/#\/schema\/person\/295dc2228d2dc79294d636619468dc7f","name":"Bianca Albu","image":{"@type":"ImageObject","inLanguage":"en-GB","@id":"https:\/\/secure.gravatar.com\/avatar\/3df2e34e20f529e6fd7be4311ee1f7c4ec4aa886971590baf6fa214b15743516?s=96&d=monsterid&r=gf541c715eeec409ce8101252a3c0d8a7","url":"https:\/\/secure.gravatar.com\/avatar\/3df2e34e20f529e6fd7be4311ee1f7c4ec4aa886971590baf6fa214b15743516?s=96&d=monsterid&r=g","contentUrl":"https:\/\/secure.gravatar.com\/avatar\/3df2e34e20f529e6fd7be4311ee1f7c4ec4aa886971590baf6fa214b15743516?s=96&d=monsterid&r=g","caption":"Bianca Albu"},"description":"Reporter","url":"https:\/\/buletin.de\/bucuresti\/author\/biancaalbu\/"}]}},"authors":[{"term_id":22588,"user_id":6,"is_guest":0,"slug":"biancaalbu","display_name":"Bianca Albu","avatar_url":"https:\/\/secure.gravatar.com\/avatar\/3df2e34e20f529e6fd7be4311ee1f7c4ec4aa886971590baf6fa214b15743516?s=96&d=monsterid&r=g","0":null,"1":"","2":"","3":"","4":"","5":"","6":"","7":"","8":""}],"_links":{"self":[{"href":"https:\/\/buletin.de\/bucuresti\/wp-json\/wp\/v2\/posts\/32223","targetHints":{"allow":["GET"]}}],"collection":[{"href":"https:\/\/buletin.de\/bucuresti\/wp-json\/wp\/v2\/posts"}],"about":[{"href":"https:\/\/buletin.de\/bucuresti\/wp-json\/wp\/v2\/types\/post"}],"author":[{"embeddable":true,"href":"https:\/\/buletin.de\/bucuresti\/wp-json\/wp\/v2\/users\/6"}],"replies":[{"embeddable":true,"href":"https:\/\/buletin.de\/bucuresti\/wp-json\/wp\/v2\/comments?post=32223"}],"version-history":[{"count":10,"href":"https:\/\/buletin.de\/bucuresti\/wp-json\/wp\/v2\/posts\/32223\/revisions"}],"predecessor-version":[{"id":32355,"href":"https:\/\/buletin.de\/bucuresti\/wp-json\/wp\/v2\/posts\/32223\/revisions\/32355"}],"wp:featuredmedia":[{"embeddable":true,"href":"https:\/\/buletin.de\/bucuresti\/wp-json\/wp\/v2\/media\/32229"}],"wp:attachment":[{"href":"https:\/\/buletin.de\/bucuresti\/wp-json\/wp\/v2\/media?parent=32223"}],"wp:term":[{"taxonomy":"category","embeddable":true,"href":"https:\/\/buletin.de\/bucuresti\/wp-json\/wp\/v2\/categories?post=32223"},{"taxonomy":"post_tag","embeddable":true,"href":"https:\/\/buletin.de\/bucuresti\/wp-json\/wp\/v2\/tags?post=32223"},{"taxonomy":"author","embeddable":true,"href":"https:\/\/buletin.de\/bucuresti\/wp-json\/wp\/v2\/ppma_author?post=32223"}],"curies":[{"name":"wp","href":"https:\/\/api.w.org\/{rel}","templated":true}]}}