{"id":31971,"date":"2021-10-11T09:28:38","date_gmt":"2021-10-11T06:28:38","guid":{"rendered":"https:\/\/buletin.de\/bucuresti\/?p=31971"},"modified":"2021-10-11T09:28:38","modified_gmt":"2021-10-11T06:28:38","slug":"criza-sanitara-covid-19-institutul-parhon-achizitii-din-fonduri-europene-de-5-6-milioane-de-lei-de-la-oameni-de-afaceri-implicati-in-politica-sau-cercetati-de-dna","status":"publish","type":"post","link":"https:\/\/buletin.de\/bucuresti\/criza-sanitara-covid-19-institutul-parhon-achizitii-din-fonduri-europene-de-5-6-milioane-de-lei-de-la-oameni-de-afaceri-implicati-in-politica-sau-cercetati-de-dna\/","title":{"rendered":"Criza sanitar\u0103 Covid-19: Institutul Parhon, achizi\u021bii din fonduri europene de 5.6 milioane de lei de la oameni de afaceri implica\u021bi \u00een politic\u0103 sau cerceta\u021bi de DNA"},"content":{"rendered":"\n<p><strong><em>Institutul Parhon a cump\u0103rat, din fonduri europene, un computer tomograf \u0219i dou\u0103 aparate de radiologie de 5.6 milioane de lei. Achizi\u021biile au fost f\u0103cute \u00een cadrul unui proiect european pentru combaterea Covid-19. Dou\u0103 dintre cele trei firme c\u00e2\u0219tig\u0103toare sunt conduse de oameni de afaceri care au de\u021binut func\u021bia de consilier din partea PSD, respectiv USR-PLUS. Cel\u0103lalt patron a fost cercetat de DNA pentru c\u0103 ar fi c\u00e2\u0219tigat o licita\u021bie pentru un tomograf la suprapre\u021b.<\/em><\/strong><\/p>\n\n\n\n<p>Pe 28 septembrie 2021, num\u0103rul de cazuri Covid-19 a ajuns la un nou record de la \u00eenceputul pandemiei: 11 mii de \u00eemboln\u0103viri. \u00cen timp ce restric\u021biile se impun \u00een tot mai multe ora\u0219e, spitalele se preg\u0103tesc pentru un nou val de pacien\u021bi.<\/p>\n\n\n\n<p>Unul dintre ele este Institutul de Endocrinologie C.I. Parhon care a \u00eencheiat un contract de 5.6 milioane de lei cu TVA pentru un computer tomograf \u0219i dou\u0103 aparate de radiologie, unul mobil \u0219i altul cu detector. El urmeaz\u0103 s\u0103 fie decontat din fonduri europene.<\/p>\n\n\n\n<p>Contractul a fost c\u00e2\u0219tigat de trei firme: Minimed Solutions, Klevis Grafi Design \u0219i Editronic International. Cea mai mare parte din suma total\u0103 a ajuns la Minimed Solutions, 3.3 milioane de lei pentru computerul tomograf. Aparatul de radiologie cu detector digital a costat 1.6 milioane de lei \u0219i urmeaz\u0103 s\u0103 fie livrat de Editronic International, iar aparatul de radiologie mobil va fi furnizat de Klevis Grafi Design pentru suma de 700 mii de lei. <\/p>\n\n\n\n<p>Produsele vor fi livrate \u00een 60 de zile, conform informa\u021biilor transmise de Institutul Parhon.<\/p>\n\n\n\n<p>Patronul Minimed Solutions, Mihai Peptan, a fost consilier PSD al Consiliului General al Municipiului Bucure\u0219ti p\u00e2n\u0103 \u00een 2016. El a spus c\u0103 \u00een 2017 a ie\u0219it din partid, iar acum nu mai de\u021bine nicio func\u021bie public\u0103. Este inginer \u00een inginerie medical\u0103 \u0219i clinic\u0103 \u0219i \u201e<em>n-are nicio leg\u0103tur\u0103 c\u0103 am fost consilierul PSD, puteam s\u0103 fiu \u0219i PNL. Am f\u0103cut \u0219i eu politic\u0103, am cochetat cu politica<\/em>.\u201d<\/p>\n\n\n\n<p>Un articol publicat de <a href=\"https:\/\/www.libertatea.ro\/stiri\/ca-sa-ocoleasca-licitatia-pentru-2-700-de-holtere-cardiace-primaria-sectorului-1-s-a-folosit-de-faptul-ca-mai-primise-300-de-aparate-de-la-o-firma-si-i-a-dat-direct-contractul-3020272\">Libertatea<\/a> anul trecut arat\u0103 cum Prim\u0103ria Sectorului 1, condus\u0103 atunci de edilul PSD Dan Tudorache, s-a folosit de faptul c\u0103 mai primise 300 de holtere cardiace de la Minimed Solutions ca s\u0103 ocoleasc\u0103 licita\u021bia pentru 2.700 de astfel de produse \u0219i a atribuit direct un contract de 54 de milioane de lei firmei fostului consilier.<\/p>\n\n\n\n<p>De la \u00eenfiin\u021bare, \u00een 2008, \u0219i p\u00e2n\u0103 acum, firma a c\u00e2\u0219tigat peste 25 de milioane de lei de la spitale din toat\u0103 \u021bara. \u00cen 2020 a trecut de la o cifra de afaceri de 12 milioane de lei la una de aproape 100 de milioane de lei. Are \u0219ase angaja\u021bi \u0219i, conform siteului minimed.ro, este reprezentantul pe teritoriul Rom\u00e2niei al mai multor produc\u0103tori de aparatur\u0103 medical\u0103 din UE, USA, Korea \u0219i China.<\/p>\n\n\n\n<p>Klevis Grafi Design este condus\u0103 tot de un consilier, \u00eens\u0103 din tab\u0103ra opus\u0103. Vasile C\u0103t\u0103lin Albu este consilier local USR-PLUS \u00een comuna M\u0103neciu din Prahova. A \u00eenfiin\u021bat Klevis Grafi Design \u00een urm\u0103 cu 15 ani \u0219i a ajuns la o cifr\u0103 de afaceri de 1.4 milioane de lei.<\/p>\n\n\n\n<p>Conform declara\u021biei de avere publicat\u0103 \u00een 2020, C\u0103t\u0103lin Albu, din func\u021bia de director tehnic, a \u00eencasat \u00eentr-un an 42.120 RON.<\/p>\n\n\n\n<p>\u00cen timpul pandemiei, Klevis Grafic Design a v\u00e2ndut echipamente de protec\u021bie \u0219i medicale mai multor spitale din Rom\u00e2nia.<\/p>\n\n\n\n<p>Editronic International este cea de-a treia firm\u0103 care a c\u00e2\u0219tigat o parte din contractul de 4.7 milioane de lei de la Institutul Parhon. Ea a ap\u0103rut pe pia\u021b\u0103 \u00een 1995 \u0219i de atunci a crescut la o cifr\u0103 de afaceri de 15 milioane de lei \u0219i 20 de angaja\u021bi.<\/p>\n\n\n\n<p>\u00cen momentul de fa\u021b\u0103, la conducerea Editronic International se afl\u0103 Valentin Sisoe \u0219i Cristian Mihu\u021boiu. \u00cen 2018, procurorii Direc\u021biei Na\u021bionale Anticorup\u021bie <a href=\"https:\/\/www.pna.ro\/comunicat.xhtml?id=9004\">l-au cercetat pe Mihu\u021boiu<\/a> pentru s\u0103v\u00e2r\u0219irea infrac\u021biunii de complicitate la abuz \u00een serviciu. Conform comunicatului DNA, managerul de la vremea respectiv\u0103 al Spitalului Jude\u021bean de Urgen\u021b\u0103 Piatra Neam\u021b \u0219i \u0219eful Serviciului de achizi\u021bii ar fi cump\u0103rat de la firma lui Mihu\u021boiu un tomograf la pre\u021b supraevaluat. Mai mult, cei doi \u201e<em>au \u00eentocmit caietul de sarcini \u0219i au procedat la respingerea tuturor cererilor de clarificare \u00een scopul \u00eengr\u0103dirii accesului altor competitori la procedura de achizi\u021bie<\/em>\u201d.<\/p>\n\n\n\n<p>Conform <a href=\"https:\/\/web.archive.org\/web\/20191014080932\/https:\/www.riseproject.ro\/panamapapers\/detail.php?id=29\">Rise Project,<\/a> numele lui Valentin Sisoe a ap\u0103rut \u00een Panama Papers. Firma de avocatur\u0103 Mossack Fonseca a \u00eenfiin\u021bat un offshore pentru aceste, Global MS Ltd. Cei doi patroni ai Editronic International mai au \u0219i un alt offshore, \u00een Cipru, denumit Hopatal.<\/p>\n\n\n\n<p>\u00cen cadrul aceluia\u0219i proiect european, Institutul Parhon a mai achizi\u021bionat de la alte firme un aparat cu ultrasunete cu transductor linear \u0219i echipamente medicale.<\/p>\n\n\n\n<p>Am cerut un punct de vedere Institutul Parhon legat de func\u021biile publice de\u021binute de patronii firmelor c\u00e2\u0219tig\u0103toare \u0219i de ancheta DNA. Managerul Alexandru Velicu a transmis c\u0103 \u201e<em>suntem un institut \u00een domeniul s\u0103n\u0103t\u0103\u021bii, iar cercet\u0103rile de acest fel nu fac obiectul activit\u0103\u021bii noastre. Licita\u021bia a fost demarat\u0103 pe 15.04.2021, evaluat\u0103 \u0219i atribuit\u0103 conform Legii 98\/2016<\/em>.\u201d<\/p>\n\n\n\n<p>Nu am primit niciun r\u0103spuns din partea firmelor Klevis Grafic Design sau Editronic International. <\/p>\n\n\n\n<p>Surs\u0103 cover foto: Google Maps\/ Marian Bohus<\/p>\n","protected":false},"excerpt":{"rendered":"<p>Institutul Parhon a cump\u0103rat, din fonduri europene, un computer tomograf \u0219i dou\u0103 aparate de radiologie de 5.6 milioane de lei. Achizi\u021biile au fost f\u0103cute \u00een cadrul unui proiect european pentru combaterea Covid-19. Dou\u0103 dintre cele trei firme c\u00e2\u0219tig\u0103toare sunt conduse de oameni de afaceri care au de\u021binut func\u021bia de consilier din partea PSD, respectiv USR-PLUS. [&hellip;]<\/p>\n","protected":false},"author":6,"featured_media":31977,"comment_status":"closed","ping_status":"open","sticky":false,"template":"","format":"standard","meta":{"_acf_changed":false,"inline_featured_image":false,"ngg_post_thumbnail":0,"footnotes":""},"categories":[996,4],"tags":[720,234,643,3306],"ppma_author":[22588],"class_list":["post-31971","post","type-post","status-publish","format-standard","has-post-thumbnail","hentry","category-covid-19","category-sanatate","tag-achizitii-in-pandemie","tag-achizitii-publice","tag-covid19","tag-institutul-parhon"],"acf":[],"yoast_head":"<!-- This site is optimized with the Yoast SEO Premium plugin v25.3 (Yoast SEO v27.5) - https:\/\/yoast.com\/product\/yoast-seo-premium-wordpress\/ -->\n<title>Criza sanitar\u0103 Covid-19: Institutul Parhon, achizi\u021bii din fonduri europene de 5.6 milioane de lei de la oameni de afaceri implica\u021bi \u00een politic\u0103 sau cerceta\u021bi de DNA - Buletin de Bucure\u0219ti<\/title>\n<meta name=\"robots\" content=\"index, follow, max-snippet:-1, max-image-preview:large, max-video-preview:-1\" \/>\n<link rel=\"canonical\" href=\"https:\/\/buletin.de\/bucuresti\/criza-sanitara-covid-19-institutul-parhon-achizitii-din-fonduri-europene-de-5-6-milioane-de-lei-de-la-oameni-de-afaceri-implicati-in-politica-sau-cercetati-de-dna\/\" \/>\n<meta property=\"og:locale\" content=\"en_GB\" \/>\n<meta property=\"og:type\" content=\"article\" \/>\n<meta property=\"og:title\" content=\"Criza sanitar\u0103 Covid-19: Institutul Parhon, achizi\u021bii din fonduri europene de 5.6 milioane de lei de la oameni de afaceri implica\u021bi \u00een politic\u0103 sau cerceta\u021bi de DNA\" \/>\n<meta property=\"og:description\" content=\"Institutul Parhon a cump\u0103rat, din fonduri europene, un computer tomograf \u0219i dou\u0103 aparate de radiologie de 5.6 milioane de lei. Achizi\u021biile au fost f\u0103cute \u00een cadrul unui proiect european pentru combaterea Covid-19. Dou\u0103 dintre cele trei firme c\u00e2\u0219tig\u0103toare sunt conduse de oameni de afaceri care au de\u021binut func\u021bia de consilier din partea PSD, respectiv USR-PLUS. [&hellip;]\" \/>\n<meta property=\"og:url\" content=\"https:\/\/buletin.de\/bucuresti\/criza-sanitara-covid-19-institutul-parhon-achizitii-din-fonduri-europene-de-5-6-milioane-de-lei-de-la-oameni-de-afaceri-implicati-in-politica-sau-cercetati-de-dna\/\" \/>\n<meta property=\"og:site_name\" content=\"Buletin de Bucure\u0219ti\" \/>\n<meta property=\"article:publisher\" content=\"https:\/\/www.facebook.com\/buletin.de.buc\" \/>\n<meta property=\"article:published_time\" content=\"2021-10-11T06:28:38+00:00\" \/>\n<meta property=\"og:image\" content=\"https:\/\/buletin.de\/bucuresti\/wp-content\/uploads\/Screenshot_2.jpg\" \/>\n\t<meta property=\"og:image:width\" content=\"1232\" \/>\n\t<meta property=\"og:image:height\" content=\"720\" \/>\n\t<meta property=\"og:image:type\" content=\"image\/jpeg\" \/>\n<meta name=\"author\" content=\"Bianca Albu\" \/>\n<meta name=\"twitter:card\" content=\"summary_large_image\" \/>\n<meta name=\"twitter:label1\" content=\"Written by\" \/>\n\t<meta name=\"twitter:data1\" content=\"Bianca Albu\" \/>\n\t<meta name=\"twitter:label2\" content=\"Estimated reading time\" \/>\n\t<meta name=\"twitter:data2\" content=\"4 minutes\" \/>\n<script type=\"application\/ld+json\" class=\"yoast-schema-graph\">{\"@context\":\"https:\\\/\\\/schema.org\",\"@graph\":[{\"@type\":\"Article\",\"@id\":\"https:\\\/\\\/buletin.de\\\/bucuresti\\\/criza-sanitara-covid-19-institutul-parhon-achizitii-din-fonduri-europene-de-5-6-milioane-de-lei-de-la-oameni-de-afaceri-implicati-in-politica-sau-cercetati-de-dna\\\/#article\",\"isPartOf\":{\"@id\":\"https:\\\/\\\/buletin.de\\\/bucuresti\\\/criza-sanitara-covid-19-institutul-parhon-achizitii-din-fonduri-europene-de-5-6-milioane-de-lei-de-la-oameni-de-afaceri-implicati-in-politica-sau-cercetati-de-dna\\\/\"},\"author\":{\"name\":\"Bianca Albu\",\"@id\":\"https:\\\/\\\/buletin.de\\\/bucuresti\\\/#\\\/schema\\\/person\\\/295dc2228d2dc79294d636619468dc7f\"},\"headline\":\"Criza sanitar\u0103 Covid-19: Institutul Parhon, achizi\u021bii din fonduri europene de 5.6 milioane de lei de la oameni de afaceri implica\u021bi \u00een politic\u0103 sau cerceta\u021bi de DNA\",\"datePublished\":\"2021-10-11T06:28:38+00:00\",\"mainEntityOfPage\":{\"@id\":\"https:\\\/\\\/buletin.de\\\/bucuresti\\\/criza-sanitara-covid-19-institutul-parhon-achizitii-din-fonduri-europene-de-5-6-milioane-de-lei-de-la-oameni-de-afaceri-implicati-in-politica-sau-cercetati-de-dna\\\/\"},\"wordCount\":893,\"publisher\":{\"@id\":\"https:\\\/\\\/buletin.de\\\/bucuresti\\\/#organization\"},\"image\":{\"@id\":\"https:\\\/\\\/buletin.de\\\/bucuresti\\\/criza-sanitara-covid-19-institutul-parhon-achizitii-din-fonduri-europene-de-5-6-milioane-de-lei-de-la-oameni-de-afaceri-implicati-in-politica-sau-cercetati-de-dna\\\/#primaryimage\"},\"thumbnailUrl\":\"https:\\\/\\\/buletin.de\\\/bucuresti\\\/wp-content\\\/uploads\\\/Screenshot_2.jpg\",\"keywords\":[\"achizitii in pandemie\",\"achizitii publice\",\"covid19\",\"institutul parhon\"],\"articleSection\":[\"Covid-19\",\"S\u0103n\u0103tate\"],\"inLanguage\":\"en-GB\",\"copyrightYear\":\"2021\",\"copyrightHolder\":{\"@id\":\"https:\\\/\\\/buletin.de\\\/bucuresti\\\/#organization\"}},{\"@type\":\"WebPage\",\"@id\":\"https:\\\/\\\/buletin.de\\\/bucuresti\\\/criza-sanitara-covid-19-institutul-parhon-achizitii-din-fonduri-europene-de-5-6-milioane-de-lei-de-la-oameni-de-afaceri-implicati-in-politica-sau-cercetati-de-dna\\\/\",\"url\":\"https:\\\/\\\/buletin.de\\\/bucuresti\\\/criza-sanitara-covid-19-institutul-parhon-achizitii-din-fonduri-europene-de-5-6-milioane-de-lei-de-la-oameni-de-afaceri-implicati-in-politica-sau-cercetati-de-dna\\\/\",\"name\":\"Criza sanitar\u0103 Covid-19: Institutul Parhon, achizi\u021bii din fonduri europene de 5.6 milioane de lei de la oameni de afaceri implica\u021bi \u00een politic\u0103 sau cerceta\u021bi de DNA - Buletin de Bucure\u0219ti\",\"isPartOf\":{\"@id\":\"https:\\\/\\\/buletin.de\\\/bucuresti\\\/#website\"},\"primaryImageOfPage\":{\"@id\":\"https:\\\/\\\/buletin.de\\\/bucuresti\\\/criza-sanitara-covid-19-institutul-parhon-achizitii-din-fonduri-europene-de-5-6-milioane-de-lei-de-la-oameni-de-afaceri-implicati-in-politica-sau-cercetati-de-dna\\\/#primaryimage\"},\"image\":{\"@id\":\"https:\\\/\\\/buletin.de\\\/bucuresti\\\/criza-sanitara-covid-19-institutul-parhon-achizitii-din-fonduri-europene-de-5-6-milioane-de-lei-de-la-oameni-de-afaceri-implicati-in-politica-sau-cercetati-de-dna\\\/#primaryimage\"},\"thumbnailUrl\":\"https:\\\/\\\/buletin.de\\\/bucuresti\\\/wp-content\\\/uploads\\\/Screenshot_2.jpg\",\"datePublished\":\"2021-10-11T06:28:38+00:00\",\"breadcrumb\":{\"@id\":\"https:\\\/\\\/buletin.de\\\/bucuresti\\\/criza-sanitara-covid-19-institutul-parhon-achizitii-din-fonduri-europene-de-5-6-milioane-de-lei-de-la-oameni-de-afaceri-implicati-in-politica-sau-cercetati-de-dna\\\/#breadcrumb\"},\"inLanguage\":\"en-GB\",\"potentialAction\":[{\"@type\":\"ReadAction\",\"target\":[\"https:\\\/\\\/buletin.de\\\/bucuresti\\\/criza-sanitara-covid-19-institutul-parhon-achizitii-din-fonduri-europene-de-5-6-milioane-de-lei-de-la-oameni-de-afaceri-implicati-in-politica-sau-cercetati-de-dna\\\/\"]}]},{\"@type\":\"ImageObject\",\"inLanguage\":\"en-GB\",\"@id\":\"https:\\\/\\\/buletin.de\\\/bucuresti\\\/criza-sanitara-covid-19-institutul-parhon-achizitii-din-fonduri-europene-de-5-6-milioane-de-lei-de-la-oameni-de-afaceri-implicati-in-politica-sau-cercetati-de-dna\\\/#primaryimage\",\"url\":\"https:\\\/\\\/buletin.de\\\/bucuresti\\\/wp-content\\\/uploads\\\/Screenshot_2.jpg\",\"contentUrl\":\"https:\\\/\\\/buletin.de\\\/bucuresti\\\/wp-content\\\/uploads\\\/Screenshot_2.jpg\",\"width\":1232,\"height\":720},{\"@type\":\"BreadcrumbList\",\"@id\":\"https:\\\/\\\/buletin.de\\\/bucuresti\\\/criza-sanitara-covid-19-institutul-parhon-achizitii-din-fonduri-europene-de-5-6-milioane-de-lei-de-la-oameni-de-afaceri-implicati-in-politica-sau-cercetati-de-dna\\\/#breadcrumb\",\"itemListElement\":[{\"@type\":\"ListItem\",\"position\":1,\"name\":\"Acas\u0103\",\"item\":\"https:\\\/\\\/buletin.de\\\/bucuresti\\\/\"},{\"@type\":\"ListItem\",\"position\":2,\"name\":\"Criza sanitar\u0103 Covid-19: Institutul Parhon, achizi\u021bii din fonduri europene de 5.6 milioane de lei de la oameni de afaceri implica\u021bi \u00een politic\u0103 sau cerceta\u021bi de DNA\"}]},{\"@type\":\"WebSite\",\"@id\":\"https:\\\/\\\/buletin.de\\\/bucuresti\\\/#website\",\"url\":\"https:\\\/\\\/buletin.de\\\/bucuresti\\\/\",\"name\":\"Buletin de Bucure\u0219ti\",\"description\":\"\u0218tiri \u0219i investiga\u021bii esen\u021biale din capital\u0103\",\"publisher\":{\"@id\":\"https:\\\/\\\/buletin.de\\\/bucuresti\\\/#organization\"},\"potentialAction\":[{\"@type\":\"SearchAction\",\"target\":{\"@type\":\"EntryPoint\",\"urlTemplate\":\"https:\\\/\\\/buletin.de\\\/bucuresti\\\/?s={search_term_string}\"},\"query-input\":{\"@type\":\"PropertyValueSpecification\",\"valueRequired\":true,\"valueName\":\"search_term_string\"}}],\"inLanguage\":\"en-GB\"},{\"@type\":\"Organization\",\"@id\":\"https:\\\/\\\/buletin.de\\\/bucuresti\\\/#organization\",\"name\":\"Buletin de Bucure\u0219ti\",\"url\":\"https:\\\/\\\/buletin.de\\\/bucuresti\\\/\",\"logo\":{\"@type\":\"ImageObject\",\"inLanguage\":\"en-GB\",\"@id\":\"https:\\\/\\\/buletin.de\\\/bucuresti\\\/#\\\/schema\\\/logo\\\/image\\\/\",\"url\":\"https:\\\/\\\/buletin.de\\\/bucuresti\\\/wp-content\\\/uploads\\\/logo-bdb-full-wide-vernil-transparent.png\",\"contentUrl\":\"https:\\\/\\\/buletin.de\\\/bucuresti\\\/wp-content\\\/uploads\\\/logo-bdb-full-wide-vernil-transparent.png\",\"width\":1782,\"height\":626,\"caption\":\"Buletin de Bucure\u0219ti\"},\"image\":{\"@id\":\"https:\\\/\\\/buletin.de\\\/bucuresti\\\/#\\\/schema\\\/logo\\\/image\\\/\"},\"sameAs\":[\"https:\\\/\\\/www.facebook.com\\\/buletin.de.buc\",\"https:\\\/\\\/www.instagram.com\\\/buletinde.bucuresti\\\/\"]},{\"@type\":\"Person\",\"@id\":\"https:\\\/\\\/buletin.de\\\/bucuresti\\\/#\\\/schema\\\/person\\\/295dc2228d2dc79294d636619468dc7f\",\"name\":\"Bianca Albu\",\"image\":{\"@type\":\"ImageObject\",\"inLanguage\":\"en-GB\",\"@id\":\"https:\\\/\\\/secure.gravatar.com\\\/avatar\\\/3df2e34e20f529e6fd7be4311ee1f7c4ec4aa886971590baf6fa214b15743516?s=96&d=monsterid&r=gf541c715eeec409ce8101252a3c0d8a7\",\"url\":\"https:\\\/\\\/secure.gravatar.com\\\/avatar\\\/3df2e34e20f529e6fd7be4311ee1f7c4ec4aa886971590baf6fa214b15743516?s=96&d=monsterid&r=g\",\"contentUrl\":\"https:\\\/\\\/secure.gravatar.com\\\/avatar\\\/3df2e34e20f529e6fd7be4311ee1f7c4ec4aa886971590baf6fa214b15743516?s=96&d=monsterid&r=g\",\"caption\":\"Bianca Albu\"},\"description\":\"Reporter\",\"url\":\"https:\\\/\\\/buletin.de\\\/bucuresti\\\/author\\\/biancaalbu\\\/\"}]}<\/script>\n<!-- \/ Yoast SEO Premium plugin. -->","yoast_head_json":{"title":"Criza sanitar\u0103 Covid-19: Institutul Parhon, achizi\u021bii din fonduri europene de 5.6 milioane de lei de la oameni de afaceri implica\u021bi \u00een politic\u0103 sau cerceta\u021bi de DNA - Buletin de Bucure\u0219ti","robots":{"index":"index","follow":"follow","max-snippet":"max-snippet:-1","max-image-preview":"max-image-preview:large","max-video-preview":"max-video-preview:-1"},"canonical":"https:\/\/buletin.de\/bucuresti\/criza-sanitara-covid-19-institutul-parhon-achizitii-din-fonduri-europene-de-5-6-milioane-de-lei-de-la-oameni-de-afaceri-implicati-in-politica-sau-cercetati-de-dna\/","og_locale":"en_GB","og_type":"article","og_title":"Criza sanitar\u0103 Covid-19: Institutul Parhon, achizi\u021bii din fonduri europene de 5.6 milioane de lei de la oameni de afaceri implica\u021bi \u00een politic\u0103 sau cerceta\u021bi de DNA","og_description":"Institutul Parhon a cump\u0103rat, din fonduri europene, un computer tomograf \u0219i dou\u0103 aparate de radiologie de 5.6 milioane de lei. Achizi\u021biile au fost f\u0103cute \u00een cadrul unui proiect european pentru combaterea Covid-19. Dou\u0103 dintre cele trei firme c\u00e2\u0219tig\u0103toare sunt conduse de oameni de afaceri care au de\u021binut func\u021bia de consilier din partea PSD, respectiv USR-PLUS. [&hellip;]","og_url":"https:\/\/buletin.de\/bucuresti\/criza-sanitara-covid-19-institutul-parhon-achizitii-din-fonduri-europene-de-5-6-milioane-de-lei-de-la-oameni-de-afaceri-implicati-in-politica-sau-cercetati-de-dna\/","og_site_name":"Buletin de Bucure\u0219ti","article_publisher":"https:\/\/www.facebook.com\/buletin.de.buc","article_published_time":"2021-10-11T06:28:38+00:00","og_image":[{"width":1232,"height":720,"url":"https:\/\/buletin.de\/bucuresti\/wp-content\/uploads\/Screenshot_2.jpg","type":"image\/jpeg"}],"author":"Bianca Albu","twitter_card":"summary_large_image","twitter_misc":{"Written by":"Bianca Albu","Estimated reading time":"4 minutes"},"schema":{"@context":"https:\/\/schema.org","@graph":[{"@type":"Article","@id":"https:\/\/buletin.de\/bucuresti\/criza-sanitara-covid-19-institutul-parhon-achizitii-din-fonduri-europene-de-5-6-milioane-de-lei-de-la-oameni-de-afaceri-implicati-in-politica-sau-cercetati-de-dna\/#article","isPartOf":{"@id":"https:\/\/buletin.de\/bucuresti\/criza-sanitara-covid-19-institutul-parhon-achizitii-din-fonduri-europene-de-5-6-milioane-de-lei-de-la-oameni-de-afaceri-implicati-in-politica-sau-cercetati-de-dna\/"},"author":{"name":"Bianca Albu","@id":"https:\/\/buletin.de\/bucuresti\/#\/schema\/person\/295dc2228d2dc79294d636619468dc7f"},"headline":"Criza sanitar\u0103 Covid-19: Institutul Parhon, achizi\u021bii din fonduri europene de 5.6 milioane de lei de la oameni de afaceri implica\u021bi \u00een politic\u0103 sau cerceta\u021bi de DNA","datePublished":"2021-10-11T06:28:38+00:00","mainEntityOfPage":{"@id":"https:\/\/buletin.de\/bucuresti\/criza-sanitara-covid-19-institutul-parhon-achizitii-din-fonduri-europene-de-5-6-milioane-de-lei-de-la-oameni-de-afaceri-implicati-in-politica-sau-cercetati-de-dna\/"},"wordCount":893,"publisher":{"@id":"https:\/\/buletin.de\/bucuresti\/#organization"},"image":{"@id":"https:\/\/buletin.de\/bucuresti\/criza-sanitara-covid-19-institutul-parhon-achizitii-din-fonduri-europene-de-5-6-milioane-de-lei-de-la-oameni-de-afaceri-implicati-in-politica-sau-cercetati-de-dna\/#primaryimage"},"thumbnailUrl":"https:\/\/buletin.de\/bucuresti\/wp-content\/uploads\/Screenshot_2.jpg","keywords":["achizitii in pandemie","achizitii publice","covid19","institutul parhon"],"articleSection":["Covid-19","S\u0103n\u0103tate"],"inLanguage":"en-GB","copyrightYear":"2021","copyrightHolder":{"@id":"https:\/\/buletin.de\/bucuresti\/#organization"}},{"@type":"WebPage","@id":"https:\/\/buletin.de\/bucuresti\/criza-sanitara-covid-19-institutul-parhon-achizitii-din-fonduri-europene-de-5-6-milioane-de-lei-de-la-oameni-de-afaceri-implicati-in-politica-sau-cercetati-de-dna\/","url":"https:\/\/buletin.de\/bucuresti\/criza-sanitara-covid-19-institutul-parhon-achizitii-din-fonduri-europene-de-5-6-milioane-de-lei-de-la-oameni-de-afaceri-implicati-in-politica-sau-cercetati-de-dna\/","name":"Criza sanitar\u0103 Covid-19: Institutul Parhon, achizi\u021bii din fonduri europene de 5.6 milioane de lei de la oameni de afaceri implica\u021bi \u00een politic\u0103 sau cerceta\u021bi de DNA - Buletin de Bucure\u0219ti","isPartOf":{"@id":"https:\/\/buletin.de\/bucuresti\/#website"},"primaryImageOfPage":{"@id":"https:\/\/buletin.de\/bucuresti\/criza-sanitara-covid-19-institutul-parhon-achizitii-din-fonduri-europene-de-5-6-milioane-de-lei-de-la-oameni-de-afaceri-implicati-in-politica-sau-cercetati-de-dna\/#primaryimage"},"image":{"@id":"https:\/\/buletin.de\/bucuresti\/criza-sanitara-covid-19-institutul-parhon-achizitii-din-fonduri-europene-de-5-6-milioane-de-lei-de-la-oameni-de-afaceri-implicati-in-politica-sau-cercetati-de-dna\/#primaryimage"},"thumbnailUrl":"https:\/\/buletin.de\/bucuresti\/wp-content\/uploads\/Screenshot_2.jpg","datePublished":"2021-10-11T06:28:38+00:00","breadcrumb":{"@id":"https:\/\/buletin.de\/bucuresti\/criza-sanitara-covid-19-institutul-parhon-achizitii-din-fonduri-europene-de-5-6-milioane-de-lei-de-la-oameni-de-afaceri-implicati-in-politica-sau-cercetati-de-dna\/#breadcrumb"},"inLanguage":"en-GB","potentialAction":[{"@type":"ReadAction","target":["https:\/\/buletin.de\/bucuresti\/criza-sanitara-covid-19-institutul-parhon-achizitii-din-fonduri-europene-de-5-6-milioane-de-lei-de-la-oameni-de-afaceri-implicati-in-politica-sau-cercetati-de-dna\/"]}]},{"@type":"ImageObject","inLanguage":"en-GB","@id":"https:\/\/buletin.de\/bucuresti\/criza-sanitara-covid-19-institutul-parhon-achizitii-din-fonduri-europene-de-5-6-milioane-de-lei-de-la-oameni-de-afaceri-implicati-in-politica-sau-cercetati-de-dna\/#primaryimage","url":"https:\/\/buletin.de\/bucuresti\/wp-content\/uploads\/Screenshot_2.jpg","contentUrl":"https:\/\/buletin.de\/bucuresti\/wp-content\/uploads\/Screenshot_2.jpg","width":1232,"height":720},{"@type":"BreadcrumbList","@id":"https:\/\/buletin.de\/bucuresti\/criza-sanitara-covid-19-institutul-parhon-achizitii-din-fonduri-europene-de-5-6-milioane-de-lei-de-la-oameni-de-afaceri-implicati-in-politica-sau-cercetati-de-dna\/#breadcrumb","itemListElement":[{"@type":"ListItem","position":1,"name":"Acas\u0103","item":"https:\/\/buletin.de\/bucuresti\/"},{"@type":"ListItem","position":2,"name":"Criza sanitar\u0103 Covid-19: Institutul Parhon, achizi\u021bii din fonduri europene de 5.6 milioane de lei de la oameni de afaceri implica\u021bi \u00een politic\u0103 sau cerceta\u021bi de DNA"}]},{"@type":"WebSite","@id":"https:\/\/buletin.de\/bucuresti\/#website","url":"https:\/\/buletin.de\/bucuresti\/","name":"Buletin de Bucure\u0219ti","description":"\u0218tiri \u0219i investiga\u021bii esen\u021biale din capital\u0103","publisher":{"@id":"https:\/\/buletin.de\/bucuresti\/#organization"},"potentialAction":[{"@type":"SearchAction","target":{"@type":"EntryPoint","urlTemplate":"https:\/\/buletin.de\/bucuresti\/?s={search_term_string}"},"query-input":{"@type":"PropertyValueSpecification","valueRequired":true,"valueName":"search_term_string"}}],"inLanguage":"en-GB"},{"@type":"Organization","@id":"https:\/\/buletin.de\/bucuresti\/#organization","name":"Buletin de Bucure\u0219ti","url":"https:\/\/buletin.de\/bucuresti\/","logo":{"@type":"ImageObject","inLanguage":"en-GB","@id":"https:\/\/buletin.de\/bucuresti\/#\/schema\/logo\/image\/","url":"https:\/\/buletin.de\/bucuresti\/wp-content\/uploads\/logo-bdb-full-wide-vernil-transparent.png","contentUrl":"https:\/\/buletin.de\/bucuresti\/wp-content\/uploads\/logo-bdb-full-wide-vernil-transparent.png","width":1782,"height":626,"caption":"Buletin de Bucure\u0219ti"},"image":{"@id":"https:\/\/buletin.de\/bucuresti\/#\/schema\/logo\/image\/"},"sameAs":["https:\/\/www.facebook.com\/buletin.de.buc","https:\/\/www.instagram.com\/buletinde.bucuresti\/"]},{"@type":"Person","@id":"https:\/\/buletin.de\/bucuresti\/#\/schema\/person\/295dc2228d2dc79294d636619468dc7f","name":"Bianca Albu","image":{"@type":"ImageObject","inLanguage":"en-GB","@id":"https:\/\/secure.gravatar.com\/avatar\/3df2e34e20f529e6fd7be4311ee1f7c4ec4aa886971590baf6fa214b15743516?s=96&d=monsterid&r=gf541c715eeec409ce8101252a3c0d8a7","url":"https:\/\/secure.gravatar.com\/avatar\/3df2e34e20f529e6fd7be4311ee1f7c4ec4aa886971590baf6fa214b15743516?s=96&d=monsterid&r=g","contentUrl":"https:\/\/secure.gravatar.com\/avatar\/3df2e34e20f529e6fd7be4311ee1f7c4ec4aa886971590baf6fa214b15743516?s=96&d=monsterid&r=g","caption":"Bianca Albu"},"description":"Reporter","url":"https:\/\/buletin.de\/bucuresti\/author\/biancaalbu\/"}]}},"authors":[{"term_id":22588,"user_id":6,"is_guest":0,"slug":"biancaalbu","display_name":"Bianca Albu","avatar_url":"https:\/\/secure.gravatar.com\/avatar\/3df2e34e20f529e6fd7be4311ee1f7c4ec4aa886971590baf6fa214b15743516?s=96&d=monsterid&r=g","0":null,"1":"","2":"","3":"","4":"","5":"","6":"","7":"","8":""}],"_links":{"self":[{"href":"https:\/\/buletin.de\/bucuresti\/wp-json\/wp\/v2\/posts\/31971","targetHints":{"allow":["GET"]}}],"collection":[{"href":"https:\/\/buletin.de\/bucuresti\/wp-json\/wp\/v2\/posts"}],"about":[{"href":"https:\/\/buletin.de\/bucuresti\/wp-json\/wp\/v2\/types\/post"}],"author":[{"embeddable":true,"href":"https:\/\/buletin.de\/bucuresti\/wp-json\/wp\/v2\/users\/6"}],"replies":[{"embeddable":true,"href":"https:\/\/buletin.de\/bucuresti\/wp-json\/wp\/v2\/comments?post=31971"}],"version-history":[{"count":6,"href":"https:\/\/buletin.de\/bucuresti\/wp-json\/wp\/v2\/posts\/31971\/revisions"}],"predecessor-version":[{"id":32285,"href":"https:\/\/buletin.de\/bucuresti\/wp-json\/wp\/v2\/posts\/31971\/revisions\/32285"}],"wp:featuredmedia":[{"embeddable":true,"href":"https:\/\/buletin.de\/bucuresti\/wp-json\/wp\/v2\/media\/31977"}],"wp:attachment":[{"href":"https:\/\/buletin.de\/bucuresti\/wp-json\/wp\/v2\/media?parent=31971"}],"wp:term":[{"taxonomy":"category","embeddable":true,"href":"https:\/\/buletin.de\/bucuresti\/wp-json\/wp\/v2\/categories?post=31971"},{"taxonomy":"post_tag","embeddable":true,"href":"https:\/\/buletin.de\/bucuresti\/wp-json\/wp\/v2\/tags?post=31971"},{"taxonomy":"author","embeddable":true,"href":"https:\/\/buletin.de\/bucuresti\/wp-json\/wp\/v2\/ppma_author?post=31971"}],"curies":[{"name":"wp","href":"https:\/\/api.w.org\/{rel}","templated":true}]}}