{"id":31953,"date":"2021-10-04T17:13:41","date_gmt":"2021-10-04T14:13:41","guid":{"rendered":"https:\/\/buletin.de\/bucuresti\/?p=31953"},"modified":"2021-10-04T17:13:42","modified_gmt":"2021-10-04T14:13:42","slug":"haos-in-testarea-elevilor-scolile-nu-mai-fac-testarea-din-ziua-a-8-a-cu-teste-dsp-cimpeanu-sustine-ca-sunt-mii-de-teste-disponibile-dar-ca-nici-o-scoala-nu-a-cerut","status":"publish","type":"post","link":"https:\/\/buletin.de\/bucuresti\/haos-in-testarea-elevilor-scolile-nu-mai-fac-testarea-din-ziua-a-8-a-cu-teste-dsp-cimpeanu-sustine-ca-sunt-mii-de-teste-disponibile-dar-ca-nici-o-scoala-nu-a-cerut\/","title":{"rendered":"Haos \u00een testarea elevilor. \u0218colile nu mai fac testarea din ziua a 8-a cu teste DSP. C\u00eempeanu sus\u021bine c\u0103 sunt mii de teste disponibile, dar c\u0103 nici o \u0219coal\u0103 nu a cerut"},"content":{"rendered":"\n<p><strong>Testarea de ziua a 8-a a elevilor din clasele trecute \u00een online, dup\u0103 apari\u021bia unui caz pozitiv, st\u00e2rne\u0219te controverse. \u0218colile din Bucure\u0219ti comunic\u0103 p\u0103rin\u021bilor c\u0103 testarea se va face pe banii lor, la cabinete private, dup\u0103 ce, \u00een c\u00e2teva situa\u021bii aceasta s-a f\u0103cut organizat, cu teste de la DSP, \u00een cadrul \u0219colilor. Declara\u021bia ministrului Educa\u021biei, Sorin C\u00eempeanu ad\u00e2nce\u0219te haosul &#8211; nicio \u0219coal\u0103 din \u021bar\u0103 nu a solicitat teste la DSP-uri pentru testarea de ziua a 8-a, de\u0219i sunt mii disponibile. <\/strong><\/p>\n\n\n\n<p><\/p>\n\n\n\n<h2 class=\"wp-block-heading\">Metodologie &#8211; <strong>\u0218coala organizeaz\u0103 testarea<\/strong><\/h2>\n\n\n\n<p><em>Testarea elevilor se realizeaz\u0103 \u00een a 8-a zi de la data confirm\u0103rii cazului pozitiv de c\u0103tre cadrul medical din unitatea de \u00eenv\u0103\u021b\u0103m\u00e2nt sau, acolo unde nu este posibil, de c\u0103tre o echip\u0103 mobil\u0103 din cadrul DSPMB. P\u00e2n\u0103 la efectuarea testului, elevii continu\u0103 activitatea didactic\u0103 \u00een regim on-line.<\/em><\/p>\n\n\n\n<p><em>Cursurile pentru grupa\/clasa suspendat\u0103 se pot relua cu prezen\u021b\u0103 fizic\u0103 \u00eencep\u00e2nd cu a 8-a zi de la data confirm\u0103rii cazului pozitiv, pentru elevii care se testeaz\u0103 \u0219i rezultatul este negativ<\/em>. &#8211; sursa DSP Bucure\u0219ti<\/p>\n\n\n\n<p>Cu alte cuvinte, testarea din ziua a 8-a se face organizat de c\u0103tre fiecare unitate de \u00eenv\u0103\u021b\u0103m\u00e2nt. De\u0219i nu se men\u021bioneaz\u0103 explicit de unde vin testele, se sub\u00een\u021belege c\u0103 acestea sunt puse la dispozi\u021bie de stat, prin DSP-uri.<\/p>\n\n\n\n<p><\/p>\n\n\n\n<h2 class=\"wp-block-heading\">Procedura s-a aplicat deja dar a fost revocat\u0103<\/h2>\n\n\n\n<p>\u00cen m\u0103rturiile primite de Buletin de Bucure\u0219ti \u00een cadrul campaniei <em>Catalogul infect\u0103rii,<\/em> p\u0103rin\u021bii ne-au relatat c\u0103 astfel de test\u0103ri, cu teste de la DSP, au fost deja organizate \u00een \u0219coli din Bucure\u0219ti. <\/p>\n\n\n\n<p>&#8220;<em>La noi \u00een \u0219coal\u0103 s-a testat p\u0103n\u0103 acum. Am p\u0103rin\u021bi care pot confirma asta. Cu programare 3 elevi pe or\u0103, 20 de minute per elev. De azi, am fost anun\u021ba\u021bi c\u0103 NU se mai<\/em> <em>testeaz\u0103 \u00een \u0219coal\u0103 \u0219i c\u0103 am face bine s\u0103-i test\u0103m la un centrul autorizat<\/em>, <em>\u0219i s\u0103 ne prezent\u0103m cu rezultatul la diriga pentru a putea reveni \u00een ziua a 8-a la \u0219coal\u0103<\/em>&#8220;<\/p>\n\n\n\n<p>&#8220;<em>Noi am fost testa\u021bi joi<\/em>&#8220;<\/p>\n\n\n\n<p>&#8220;<em>La Nicolae Iorga au fost testa\u021bi copiii dintr-o clasp a 5-a, dup\u0103 un caz pozitiv<\/em>&#8220;<\/p>\n\n\n\n<p>Testarea cu teste de la DSP s-a suspendat \u00eens\u0103, cel pu\u021bin aparent. P\u0103rin\u021bii au primit un soi de comunicare din partea \u0219colilor \u00een care li se explic\u0103 ce au de f\u0103cut. Testele de la DSP vor fi folosite doar pentru depistarea unui posibil caz nou, pentru revenirea la \u0219coal\u0103 trebuie teste f\u0103cute pe banii p\u0103rin\u021bilor la cabinete acreditate.<\/p>\n\n\n\n<p><\/p>\n\n\n\n<p>&#8220;INFORMARE DIN PARTEA CABINETULUI MEDICAL<\/p>\n\n\n\n<p>Conform noului Ordin comun ME. Nr. 5337\/01.10.2021 si MS. Nr. 1082\/01.10.2021, elevii nu vor mai fi testati la cabinetul medical al scolii dacat in situatia in care acestia prezinta simptome in timpul programului scolar.<br>In cazul situatiei suspendarii cursurilor la o clasa si trecerea in invatare online, elevii pot reveni fizic la scoala dupa 14 zile sau incepand cu cea de-a 8-a zi de la data confirmarii cazului pozitiv pentru elevii care prezinta rezultatul CERTIFICAT negativ al testului antigen rapid sau RT-PCR realizat in ultimele 24 de ore.<br>Prin exceptie, elevii claselor a VII-a si a VIII-a, vaccinati impotriva virusului Sars-Cov-2 pentru care au trecut cel putin 10 zile de la finalizarea schemei complete de vaccinare, precum si elevii care au fost confirmatj pozitiv pentru infectia cu virusul Sars-Cov-2 in ultimele 180 de zile, dar pentru care au trecut mau mult de 14 zile de la data testului pozitiv, pot continua cursurile cu prezenta fizica.&#8221;, se arat\u0103 \u00een documentul primit de p\u0103rin\u021bii din Bucure\u0219ti.<\/p>\n\n\n\n<h2 class=\"wp-block-heading\">Ministrul Educa\u021biei ad\u00e2nce\u0219te haosul<\/h2>\n\n\n\n<p>Ministrul Educa\u021biei, Sorin C\u00eempeanu, a vorbit ast\u0103zi despre achizi\u021bia viitoare de teste rapide neinvazive, ce vor fi distribuite \u00een \u0219coli dar \u0219i despre alte decizii luate la nivelul guvernului. \u00cen timpul conferin\u021bei de pres\u0103 a f\u0103cut, \u00eens\u0103, o declara\u021bie despre testele deja existente la DSP-uri, cele invazive \u0219i despre testarea din ziua a 8-a. &#8220;NIMENI N-A CERUT P\u00c2N\u0102 ACUM \u00ceN \u021aAR\u0102&#8221;<\/p>\n\n\n\n<p>&#8220;<em>Vreme de 3 s\u0103pt\u0103m\u00e2ni, \u00een toat\u0103 Rom\u00e2nia, nu am \u00eenregistrat nicio situa\u021bie \u00een care s\u0103 se solicite efecturarea acestor teste. (&#8230;) \u0218i \u00eenc\u0103 o dat\u0103 o spun. \u00cen 3 s\u0103pt\u0103m\u00e2ni nu a fost nicun elev \u0219i niciun p\u0103rinte care s\u0103 doreasc\u0103 acest lucru <\/em>&#8220;, a spus Sorin C\u00eempeanu.<\/p>\n\n\n\n<p>Sorin C\u00eempeanu a anun\u021bat c\u0103 va \u00eencepe testarea periodic\u0103 \u00een \u0219coli \u0219i c\u0103 este o chestiune \u201ede zile\u201d p\u00e2n\u0103 c\u00e2nd testele non-invazive pe baz\u0103 de saliv\u0103 vor fi achizi\u021bionate. Calculul ministrului este de 70 de milioane de astfel de teste pentru o testare de dou\u0103 ori pe s\u0103pt\u0103m\u00e2n\u0103, p\u00e2n\u0103 la finalul semestrului, la nivelul \u00eentregii \u021b\u0103ri.<\/p>\n\n\n\n<p><\/p>\n\n\n\n<p>sursa Foto Cover Facebook Sorin Cimpeanu<\/p>\n\n\n\n<p><\/p>\n\n\n\n<p><\/p>\n\n\n\n<p><\/p>\n","protected":false},"excerpt":{"rendered":"<p>Testarea de ziua a 8-a a elevilor din clasele trecute \u00een online, dup\u0103 apari\u021bia unui caz pozitiv, st\u00e2rne\u0219te controverse. \u0218colile din Bucure\u0219ti comunic\u0103 p\u0103rin\u021bilor c\u0103 testarea se va face pe banii lor, la cabinete private, dup\u0103 ce, \u00een c\u00e2teva situa\u021bii aceasta s-a f\u0103cut organizat, cu teste de la DSP, \u00een cadrul \u0219colilor. Declara\u021bia ministrului Educa\u021biei, [&hellip;]<\/p>\n","protected":false},"author":18,"featured_media":31973,"comment_status":"closed","ping_status":"open","sticky":false,"template":"","format":"standard","meta":{"_acf_changed":false,"inline_featured_image":false,"ngg_post_thumbnail":0,"footnotes":""},"categories":[62],"tags":[],"ppma_author":[22579],"class_list":["post-31953","post","type-post","status-publish","format-standard","has-post-thumbnail","hentry","category-stiri"],"acf":[],"yoast_head":"<!-- This site is optimized with the Yoast SEO Premium plugin v25.3 (Yoast SEO v27.4) - https:\/\/yoast.com\/product\/yoast-seo-premium-wordpress\/ -->\n<title>Haos \u00een testarea elevilor. \u0218colile nu mai fac testarea din ziua a 8-a cu teste DSP. C\u00eempeanu sus\u021bine c\u0103 sunt mii de teste disponibile, dar c\u0103 nici o \u0219coal\u0103 nu a cerut - Buletin de Bucure\u0219ti<\/title>\n<meta name=\"robots\" content=\"index, follow, max-snippet:-1, max-image-preview:large, max-video-preview:-1\" \/>\n<link rel=\"canonical\" href=\"https:\/\/buletin.de\/bucuresti\/haos-in-testarea-elevilor-scolile-nu-mai-fac-testarea-din-ziua-a-8-a-cu-teste-dsp-cimpeanu-sustine-ca-sunt-mii-de-teste-disponibile-dar-ca-nici-o-scoala-nu-a-cerut\/\" \/>\n<meta property=\"og:locale\" content=\"en_GB\" \/>\n<meta property=\"og:type\" content=\"article\" \/>\n<meta property=\"og:title\" content=\"Haos \u00een testarea elevilor. \u0218colile nu mai fac testarea din ziua a 8-a cu teste DSP. C\u00eempeanu sus\u021bine c\u0103 sunt mii de teste disponibile, dar c\u0103 nici o \u0219coal\u0103 nu a cerut\" \/>\n<meta property=\"og:description\" content=\"Testarea de ziua a 8-a a elevilor din clasele trecute \u00een online, dup\u0103 apari\u021bia unui caz pozitiv, st\u00e2rne\u0219te controverse. \u0218colile din Bucure\u0219ti comunic\u0103 p\u0103rin\u021bilor c\u0103 testarea se va face pe banii lor, la cabinete private, dup\u0103 ce, \u00een c\u00e2teva situa\u021bii aceasta s-a f\u0103cut organizat, cu teste de la DSP, \u00een cadrul \u0219colilor. Declara\u021bia ministrului Educa\u021biei, [&hellip;]\" \/>\n<meta property=\"og:url\" content=\"https:\/\/buletin.de\/bucuresti\/haos-in-testarea-elevilor-scolile-nu-mai-fac-testarea-din-ziua-a-8-a-cu-teste-dsp-cimpeanu-sustine-ca-sunt-mii-de-teste-disponibile-dar-ca-nici-o-scoala-nu-a-cerut\/\" \/>\n<meta property=\"og:site_name\" content=\"Buletin de Bucure\u0219ti\" \/>\n<meta property=\"article:publisher\" content=\"https:\/\/www.facebook.com\/buletin.de.buc\" \/>\n<meta property=\"article:published_time\" content=\"2021-10-04T14:13:41+00:00\" \/>\n<meta property=\"article:modified_time\" content=\"2021-10-04T14:13:42+00:00\" \/>\n<meta property=\"og:image\" content=\"https:\/\/buletin.de\/bucuresti\/wp-content\/uploads\/cimpeanu.jpg\" \/>\n\t<meta property=\"og:image:width\" content=\"1024\" \/>\n\t<meta property=\"og:image:height\" content=\"682\" \/>\n\t<meta property=\"og:image:type\" content=\"image\/jpeg\" \/>\n<meta name=\"author\" content=\"Teodora Stroe\" \/>\n<meta name=\"twitter:card\" content=\"summary_large_image\" \/>\n<meta name=\"twitter:label1\" content=\"Written by\" \/>\n\t<meta name=\"twitter:data1\" content=\"Teodora Stroe\" \/>\n\t<meta name=\"twitter:label2\" content=\"Estimated reading time\" \/>\n\t<meta name=\"twitter:data2\" content=\"4 minutes\" \/>\n<script type=\"application\/ld+json\" class=\"yoast-schema-graph\">{\"@context\":\"https:\\\/\\\/schema.org\",\"@graph\":[{\"@type\":\"Article\",\"@id\":\"https:\\\/\\\/buletin.de\\\/bucuresti\\\/haos-in-testarea-elevilor-scolile-nu-mai-fac-testarea-din-ziua-a-8-a-cu-teste-dsp-cimpeanu-sustine-ca-sunt-mii-de-teste-disponibile-dar-ca-nici-o-scoala-nu-a-cerut\\\/#article\",\"isPartOf\":{\"@id\":\"https:\\\/\\\/buletin.de\\\/bucuresti\\\/haos-in-testarea-elevilor-scolile-nu-mai-fac-testarea-din-ziua-a-8-a-cu-teste-dsp-cimpeanu-sustine-ca-sunt-mii-de-teste-disponibile-dar-ca-nici-o-scoala-nu-a-cerut\\\/\"},\"author\":{\"name\":\"Teodora Stroe\",\"@id\":\"https:\\\/\\\/buletin.de\\\/bucuresti\\\/#\\\/schema\\\/person\\\/d369d7ddc775abece205795e0b804614\"},\"headline\":\"Haos \u00een testarea elevilor. \u0218colile nu mai fac testarea din ziua a 8-a cu teste DSP. C\u00eempeanu sus\u021bine c\u0103 sunt mii de teste disponibile, dar c\u0103 nici o \u0219coal\u0103 nu a cerut\",\"datePublished\":\"2021-10-04T14:13:41+00:00\",\"dateModified\":\"2021-10-04T14:13:42+00:00\",\"mainEntityOfPage\":{\"@id\":\"https:\\\/\\\/buletin.de\\\/bucuresti\\\/haos-in-testarea-elevilor-scolile-nu-mai-fac-testarea-din-ziua-a-8-a-cu-teste-dsp-cimpeanu-sustine-ca-sunt-mii-de-teste-disponibile-dar-ca-nici-o-scoala-nu-a-cerut\\\/\"},\"wordCount\":842,\"publisher\":{\"@id\":\"https:\\\/\\\/buletin.de\\\/bucuresti\\\/#organization\"},\"image\":{\"@id\":\"https:\\\/\\\/buletin.de\\\/bucuresti\\\/haos-in-testarea-elevilor-scolile-nu-mai-fac-testarea-din-ziua-a-8-a-cu-teste-dsp-cimpeanu-sustine-ca-sunt-mii-de-teste-disponibile-dar-ca-nici-o-scoala-nu-a-cerut\\\/#primaryimage\"},\"thumbnailUrl\":\"https:\\\/\\\/buletin.de\\\/bucuresti\\\/wp-content\\\/uploads\\\/cimpeanu.jpg\",\"articleSection\":[\"\u0218tiri\"],\"inLanguage\":\"en-GB\",\"copyrightYear\":\"2021\",\"copyrightHolder\":{\"@id\":\"https:\\\/\\\/buletin.de\\\/bucuresti\\\/#organization\"}},{\"@type\":\"WebPage\",\"@id\":\"https:\\\/\\\/buletin.de\\\/bucuresti\\\/haos-in-testarea-elevilor-scolile-nu-mai-fac-testarea-din-ziua-a-8-a-cu-teste-dsp-cimpeanu-sustine-ca-sunt-mii-de-teste-disponibile-dar-ca-nici-o-scoala-nu-a-cerut\\\/\",\"url\":\"https:\\\/\\\/buletin.de\\\/bucuresti\\\/haos-in-testarea-elevilor-scolile-nu-mai-fac-testarea-din-ziua-a-8-a-cu-teste-dsp-cimpeanu-sustine-ca-sunt-mii-de-teste-disponibile-dar-ca-nici-o-scoala-nu-a-cerut\\\/\",\"name\":\"Haos \u00een testarea elevilor. \u0218colile nu mai fac testarea din ziua a 8-a cu teste DSP. C\u00eempeanu sus\u021bine c\u0103 sunt mii de teste disponibile, dar c\u0103 nici o \u0219coal\u0103 nu a cerut - Buletin de Bucure\u0219ti\",\"isPartOf\":{\"@id\":\"https:\\\/\\\/buletin.de\\\/bucuresti\\\/#website\"},\"primaryImageOfPage\":{\"@id\":\"https:\\\/\\\/buletin.de\\\/bucuresti\\\/haos-in-testarea-elevilor-scolile-nu-mai-fac-testarea-din-ziua-a-8-a-cu-teste-dsp-cimpeanu-sustine-ca-sunt-mii-de-teste-disponibile-dar-ca-nici-o-scoala-nu-a-cerut\\\/#primaryimage\"},\"image\":{\"@id\":\"https:\\\/\\\/buletin.de\\\/bucuresti\\\/haos-in-testarea-elevilor-scolile-nu-mai-fac-testarea-din-ziua-a-8-a-cu-teste-dsp-cimpeanu-sustine-ca-sunt-mii-de-teste-disponibile-dar-ca-nici-o-scoala-nu-a-cerut\\\/#primaryimage\"},\"thumbnailUrl\":\"https:\\\/\\\/buletin.de\\\/bucuresti\\\/wp-content\\\/uploads\\\/cimpeanu.jpg\",\"datePublished\":\"2021-10-04T14:13:41+00:00\",\"dateModified\":\"2021-10-04T14:13:42+00:00\",\"breadcrumb\":{\"@id\":\"https:\\\/\\\/buletin.de\\\/bucuresti\\\/haos-in-testarea-elevilor-scolile-nu-mai-fac-testarea-din-ziua-a-8-a-cu-teste-dsp-cimpeanu-sustine-ca-sunt-mii-de-teste-disponibile-dar-ca-nici-o-scoala-nu-a-cerut\\\/#breadcrumb\"},\"inLanguage\":\"en-GB\",\"potentialAction\":[{\"@type\":\"ReadAction\",\"target\":[\"https:\\\/\\\/buletin.de\\\/bucuresti\\\/haos-in-testarea-elevilor-scolile-nu-mai-fac-testarea-din-ziua-a-8-a-cu-teste-dsp-cimpeanu-sustine-ca-sunt-mii-de-teste-disponibile-dar-ca-nici-o-scoala-nu-a-cerut\\\/\"]}]},{\"@type\":\"ImageObject\",\"inLanguage\":\"en-GB\",\"@id\":\"https:\\\/\\\/buletin.de\\\/bucuresti\\\/haos-in-testarea-elevilor-scolile-nu-mai-fac-testarea-din-ziua-a-8-a-cu-teste-dsp-cimpeanu-sustine-ca-sunt-mii-de-teste-disponibile-dar-ca-nici-o-scoala-nu-a-cerut\\\/#primaryimage\",\"url\":\"https:\\\/\\\/buletin.de\\\/bucuresti\\\/wp-content\\\/uploads\\\/cimpeanu.jpg\",\"contentUrl\":\"https:\\\/\\\/buletin.de\\\/bucuresti\\\/wp-content\\\/uploads\\\/cimpeanu.jpg\",\"width\":1024,\"height\":682},{\"@type\":\"BreadcrumbList\",\"@id\":\"https:\\\/\\\/buletin.de\\\/bucuresti\\\/haos-in-testarea-elevilor-scolile-nu-mai-fac-testarea-din-ziua-a-8-a-cu-teste-dsp-cimpeanu-sustine-ca-sunt-mii-de-teste-disponibile-dar-ca-nici-o-scoala-nu-a-cerut\\\/#breadcrumb\",\"itemListElement\":[{\"@type\":\"ListItem\",\"position\":1,\"name\":\"Acas\u0103\",\"item\":\"https:\\\/\\\/buletin.de\\\/bucuresti\\\/\"},{\"@type\":\"ListItem\",\"position\":2,\"name\":\"Haos \u00een testarea elevilor. \u0218colile nu mai fac testarea din ziua a 8-a cu teste DSP. C\u00eempeanu sus\u021bine c\u0103 sunt mii de teste disponibile, dar c\u0103 nici o \u0219coal\u0103 nu a cerut\"}]},{\"@type\":\"WebSite\",\"@id\":\"https:\\\/\\\/buletin.de\\\/bucuresti\\\/#website\",\"url\":\"https:\\\/\\\/buletin.de\\\/bucuresti\\\/\",\"name\":\"Buletin de Bucure\u0219ti\",\"description\":\"\u0218tiri \u0219i investiga\u021bii esen\u021biale din capital\u0103\",\"publisher\":{\"@id\":\"https:\\\/\\\/buletin.de\\\/bucuresti\\\/#organization\"},\"potentialAction\":[{\"@type\":\"SearchAction\",\"target\":{\"@type\":\"EntryPoint\",\"urlTemplate\":\"https:\\\/\\\/buletin.de\\\/bucuresti\\\/?s={search_term_string}\"},\"query-input\":{\"@type\":\"PropertyValueSpecification\",\"valueRequired\":true,\"valueName\":\"search_term_string\"}}],\"inLanguage\":\"en-GB\"},{\"@type\":\"Organization\",\"@id\":\"https:\\\/\\\/buletin.de\\\/bucuresti\\\/#organization\",\"name\":\"Buletin de Bucure\u0219ti\",\"url\":\"https:\\\/\\\/buletin.de\\\/bucuresti\\\/\",\"logo\":{\"@type\":\"ImageObject\",\"inLanguage\":\"en-GB\",\"@id\":\"https:\\\/\\\/buletin.de\\\/bucuresti\\\/#\\\/schema\\\/logo\\\/image\\\/\",\"url\":\"https:\\\/\\\/buletin.de\\\/bucuresti\\\/wp-content\\\/uploads\\\/logo-bdb-full-wide-vernil-transparent.png\",\"contentUrl\":\"https:\\\/\\\/buletin.de\\\/bucuresti\\\/wp-content\\\/uploads\\\/logo-bdb-full-wide-vernil-transparent.png\",\"width\":1782,\"height\":626,\"caption\":\"Buletin de Bucure\u0219ti\"},\"image\":{\"@id\":\"https:\\\/\\\/buletin.de\\\/bucuresti\\\/#\\\/schema\\\/logo\\\/image\\\/\"},\"sameAs\":[\"https:\\\/\\\/www.facebook.com\\\/buletin.de.buc\",\"https:\\\/\\\/www.instagram.com\\\/buletinde.bucuresti\\\/\"]},{\"@type\":\"Person\",\"@id\":\"https:\\\/\\\/buletin.de\\\/bucuresti\\\/#\\\/schema\\\/person\\\/d369d7ddc775abece205795e0b804614\",\"name\":\"Teodora Stroe\",\"image\":{\"@type\":\"ImageObject\",\"inLanguage\":\"en-GB\",\"@id\":\"https:\\\/\\\/secure.gravatar.com\\\/avatar\\\/2560b4cd9f5f1bc100b123158e657d75584bd1c3e1d9c69285720b9457c1b78d?s=96&d=monsterid&r=gc104800242ba5f2d78dd5d7dc4df08b6\",\"url\":\"https:\\\/\\\/secure.gravatar.com\\\/avatar\\\/2560b4cd9f5f1bc100b123158e657d75584bd1c3e1d9c69285720b9457c1b78d?s=96&d=monsterid&r=g\",\"contentUrl\":\"https:\\\/\\\/secure.gravatar.com\\\/avatar\\\/2560b4cd9f5f1bc100b123158e657d75584bd1c3e1d9c69285720b9457c1b78d?s=96&d=monsterid&r=g\",\"caption\":\"Teodora Stroe\"},\"url\":\"https:\\\/\\\/buletin.de\\\/bucuresti\\\/author\\\/simonacarlugea\\\/\"}]}<\/script>\n<!-- \/ Yoast SEO Premium plugin. -->","yoast_head_json":{"title":"Haos \u00een testarea elevilor. \u0218colile nu mai fac testarea din ziua a 8-a cu teste DSP. C\u00eempeanu sus\u021bine c\u0103 sunt mii de teste disponibile, dar c\u0103 nici o \u0219coal\u0103 nu a cerut - Buletin de Bucure\u0219ti","robots":{"index":"index","follow":"follow","max-snippet":"max-snippet:-1","max-image-preview":"max-image-preview:large","max-video-preview":"max-video-preview:-1"},"canonical":"https:\/\/buletin.de\/bucuresti\/haos-in-testarea-elevilor-scolile-nu-mai-fac-testarea-din-ziua-a-8-a-cu-teste-dsp-cimpeanu-sustine-ca-sunt-mii-de-teste-disponibile-dar-ca-nici-o-scoala-nu-a-cerut\/","og_locale":"en_GB","og_type":"article","og_title":"Haos \u00een testarea elevilor. \u0218colile nu mai fac testarea din ziua a 8-a cu teste DSP. C\u00eempeanu sus\u021bine c\u0103 sunt mii de teste disponibile, dar c\u0103 nici o \u0219coal\u0103 nu a cerut","og_description":"Testarea de ziua a 8-a a elevilor din clasele trecute \u00een online, dup\u0103 apari\u021bia unui caz pozitiv, st\u00e2rne\u0219te controverse. \u0218colile din Bucure\u0219ti comunic\u0103 p\u0103rin\u021bilor c\u0103 testarea se va face pe banii lor, la cabinete private, dup\u0103 ce, \u00een c\u00e2teva situa\u021bii aceasta s-a f\u0103cut organizat, cu teste de la DSP, \u00een cadrul \u0219colilor. Declara\u021bia ministrului Educa\u021biei, [&hellip;]","og_url":"https:\/\/buletin.de\/bucuresti\/haos-in-testarea-elevilor-scolile-nu-mai-fac-testarea-din-ziua-a-8-a-cu-teste-dsp-cimpeanu-sustine-ca-sunt-mii-de-teste-disponibile-dar-ca-nici-o-scoala-nu-a-cerut\/","og_site_name":"Buletin de Bucure\u0219ti","article_publisher":"https:\/\/www.facebook.com\/buletin.de.buc","article_published_time":"2021-10-04T14:13:41+00:00","article_modified_time":"2021-10-04T14:13:42+00:00","og_image":[{"width":1024,"height":682,"url":"https:\/\/buletin.de\/bucuresti\/wp-content\/uploads\/cimpeanu.jpg","type":"image\/jpeg"}],"author":"Teodora Stroe","twitter_card":"summary_large_image","twitter_misc":{"Written by":"Teodora Stroe","Estimated reading time":"4 minutes"},"schema":{"@context":"https:\/\/schema.org","@graph":[{"@type":"Article","@id":"https:\/\/buletin.de\/bucuresti\/haos-in-testarea-elevilor-scolile-nu-mai-fac-testarea-din-ziua-a-8-a-cu-teste-dsp-cimpeanu-sustine-ca-sunt-mii-de-teste-disponibile-dar-ca-nici-o-scoala-nu-a-cerut\/#article","isPartOf":{"@id":"https:\/\/buletin.de\/bucuresti\/haos-in-testarea-elevilor-scolile-nu-mai-fac-testarea-din-ziua-a-8-a-cu-teste-dsp-cimpeanu-sustine-ca-sunt-mii-de-teste-disponibile-dar-ca-nici-o-scoala-nu-a-cerut\/"},"author":{"name":"Teodora Stroe","@id":"https:\/\/buletin.de\/bucuresti\/#\/schema\/person\/d369d7ddc775abece205795e0b804614"},"headline":"Haos \u00een testarea elevilor. \u0218colile nu mai fac testarea din ziua a 8-a cu teste DSP. C\u00eempeanu sus\u021bine c\u0103 sunt mii de teste disponibile, dar c\u0103 nici o \u0219coal\u0103 nu a cerut","datePublished":"2021-10-04T14:13:41+00:00","dateModified":"2021-10-04T14:13:42+00:00","mainEntityOfPage":{"@id":"https:\/\/buletin.de\/bucuresti\/haos-in-testarea-elevilor-scolile-nu-mai-fac-testarea-din-ziua-a-8-a-cu-teste-dsp-cimpeanu-sustine-ca-sunt-mii-de-teste-disponibile-dar-ca-nici-o-scoala-nu-a-cerut\/"},"wordCount":842,"publisher":{"@id":"https:\/\/buletin.de\/bucuresti\/#organization"},"image":{"@id":"https:\/\/buletin.de\/bucuresti\/haos-in-testarea-elevilor-scolile-nu-mai-fac-testarea-din-ziua-a-8-a-cu-teste-dsp-cimpeanu-sustine-ca-sunt-mii-de-teste-disponibile-dar-ca-nici-o-scoala-nu-a-cerut\/#primaryimage"},"thumbnailUrl":"https:\/\/buletin.de\/bucuresti\/wp-content\/uploads\/cimpeanu.jpg","articleSection":["\u0218tiri"],"inLanguage":"en-GB","copyrightYear":"2021","copyrightHolder":{"@id":"https:\/\/buletin.de\/bucuresti\/#organization"}},{"@type":"WebPage","@id":"https:\/\/buletin.de\/bucuresti\/haos-in-testarea-elevilor-scolile-nu-mai-fac-testarea-din-ziua-a-8-a-cu-teste-dsp-cimpeanu-sustine-ca-sunt-mii-de-teste-disponibile-dar-ca-nici-o-scoala-nu-a-cerut\/","url":"https:\/\/buletin.de\/bucuresti\/haos-in-testarea-elevilor-scolile-nu-mai-fac-testarea-din-ziua-a-8-a-cu-teste-dsp-cimpeanu-sustine-ca-sunt-mii-de-teste-disponibile-dar-ca-nici-o-scoala-nu-a-cerut\/","name":"Haos \u00een testarea elevilor. \u0218colile nu mai fac testarea din ziua a 8-a cu teste DSP. C\u00eempeanu sus\u021bine c\u0103 sunt mii de teste disponibile, dar c\u0103 nici o \u0219coal\u0103 nu a cerut - Buletin de Bucure\u0219ti","isPartOf":{"@id":"https:\/\/buletin.de\/bucuresti\/#website"},"primaryImageOfPage":{"@id":"https:\/\/buletin.de\/bucuresti\/haos-in-testarea-elevilor-scolile-nu-mai-fac-testarea-din-ziua-a-8-a-cu-teste-dsp-cimpeanu-sustine-ca-sunt-mii-de-teste-disponibile-dar-ca-nici-o-scoala-nu-a-cerut\/#primaryimage"},"image":{"@id":"https:\/\/buletin.de\/bucuresti\/haos-in-testarea-elevilor-scolile-nu-mai-fac-testarea-din-ziua-a-8-a-cu-teste-dsp-cimpeanu-sustine-ca-sunt-mii-de-teste-disponibile-dar-ca-nici-o-scoala-nu-a-cerut\/#primaryimage"},"thumbnailUrl":"https:\/\/buletin.de\/bucuresti\/wp-content\/uploads\/cimpeanu.jpg","datePublished":"2021-10-04T14:13:41+00:00","dateModified":"2021-10-04T14:13:42+00:00","breadcrumb":{"@id":"https:\/\/buletin.de\/bucuresti\/haos-in-testarea-elevilor-scolile-nu-mai-fac-testarea-din-ziua-a-8-a-cu-teste-dsp-cimpeanu-sustine-ca-sunt-mii-de-teste-disponibile-dar-ca-nici-o-scoala-nu-a-cerut\/#breadcrumb"},"inLanguage":"en-GB","potentialAction":[{"@type":"ReadAction","target":["https:\/\/buletin.de\/bucuresti\/haos-in-testarea-elevilor-scolile-nu-mai-fac-testarea-din-ziua-a-8-a-cu-teste-dsp-cimpeanu-sustine-ca-sunt-mii-de-teste-disponibile-dar-ca-nici-o-scoala-nu-a-cerut\/"]}]},{"@type":"ImageObject","inLanguage":"en-GB","@id":"https:\/\/buletin.de\/bucuresti\/haos-in-testarea-elevilor-scolile-nu-mai-fac-testarea-din-ziua-a-8-a-cu-teste-dsp-cimpeanu-sustine-ca-sunt-mii-de-teste-disponibile-dar-ca-nici-o-scoala-nu-a-cerut\/#primaryimage","url":"https:\/\/buletin.de\/bucuresti\/wp-content\/uploads\/cimpeanu.jpg","contentUrl":"https:\/\/buletin.de\/bucuresti\/wp-content\/uploads\/cimpeanu.jpg","width":1024,"height":682},{"@type":"BreadcrumbList","@id":"https:\/\/buletin.de\/bucuresti\/haos-in-testarea-elevilor-scolile-nu-mai-fac-testarea-din-ziua-a-8-a-cu-teste-dsp-cimpeanu-sustine-ca-sunt-mii-de-teste-disponibile-dar-ca-nici-o-scoala-nu-a-cerut\/#breadcrumb","itemListElement":[{"@type":"ListItem","position":1,"name":"Acas\u0103","item":"https:\/\/buletin.de\/bucuresti\/"},{"@type":"ListItem","position":2,"name":"Haos \u00een testarea elevilor. \u0218colile nu mai fac testarea din ziua a 8-a cu teste DSP. C\u00eempeanu sus\u021bine c\u0103 sunt mii de teste disponibile, dar c\u0103 nici o \u0219coal\u0103 nu a cerut"}]},{"@type":"WebSite","@id":"https:\/\/buletin.de\/bucuresti\/#website","url":"https:\/\/buletin.de\/bucuresti\/","name":"Buletin de Bucure\u0219ti","description":"\u0218tiri \u0219i investiga\u021bii esen\u021biale din capital\u0103","publisher":{"@id":"https:\/\/buletin.de\/bucuresti\/#organization"},"potentialAction":[{"@type":"SearchAction","target":{"@type":"EntryPoint","urlTemplate":"https:\/\/buletin.de\/bucuresti\/?s={search_term_string}"},"query-input":{"@type":"PropertyValueSpecification","valueRequired":true,"valueName":"search_term_string"}}],"inLanguage":"en-GB"},{"@type":"Organization","@id":"https:\/\/buletin.de\/bucuresti\/#organization","name":"Buletin de Bucure\u0219ti","url":"https:\/\/buletin.de\/bucuresti\/","logo":{"@type":"ImageObject","inLanguage":"en-GB","@id":"https:\/\/buletin.de\/bucuresti\/#\/schema\/logo\/image\/","url":"https:\/\/buletin.de\/bucuresti\/wp-content\/uploads\/logo-bdb-full-wide-vernil-transparent.png","contentUrl":"https:\/\/buletin.de\/bucuresti\/wp-content\/uploads\/logo-bdb-full-wide-vernil-transparent.png","width":1782,"height":626,"caption":"Buletin de Bucure\u0219ti"},"image":{"@id":"https:\/\/buletin.de\/bucuresti\/#\/schema\/logo\/image\/"},"sameAs":["https:\/\/www.facebook.com\/buletin.de.buc","https:\/\/www.instagram.com\/buletinde.bucuresti\/"]},{"@type":"Person","@id":"https:\/\/buletin.de\/bucuresti\/#\/schema\/person\/d369d7ddc775abece205795e0b804614","name":"Teodora Stroe","image":{"@type":"ImageObject","inLanguage":"en-GB","@id":"https:\/\/secure.gravatar.com\/avatar\/2560b4cd9f5f1bc100b123158e657d75584bd1c3e1d9c69285720b9457c1b78d?s=96&d=monsterid&r=gc104800242ba5f2d78dd5d7dc4df08b6","url":"https:\/\/secure.gravatar.com\/avatar\/2560b4cd9f5f1bc100b123158e657d75584bd1c3e1d9c69285720b9457c1b78d?s=96&d=monsterid&r=g","contentUrl":"https:\/\/secure.gravatar.com\/avatar\/2560b4cd9f5f1bc100b123158e657d75584bd1c3e1d9c69285720b9457c1b78d?s=96&d=monsterid&r=g","caption":"Teodora Stroe"},"url":"https:\/\/buletin.de\/bucuresti\/author\/simonacarlugea\/"}]}},"authors":[{"term_id":22579,"user_id":18,"is_guest":0,"slug":"simonacarlugea","display_name":"Teodora Stroe","avatar_url":"https:\/\/secure.gravatar.com\/avatar\/2560b4cd9f5f1bc100b123158e657d75584bd1c3e1d9c69285720b9457c1b78d?s=96&d=monsterid&r=g","0":null,"1":"","2":"","3":"","4":"","5":"","6":"","7":"","8":""}],"_links":{"self":[{"href":"https:\/\/buletin.de\/bucuresti\/wp-json\/wp\/v2\/posts\/31953","targetHints":{"allow":["GET"]}}],"collection":[{"href":"https:\/\/buletin.de\/bucuresti\/wp-json\/wp\/v2\/posts"}],"about":[{"href":"https:\/\/buletin.de\/bucuresti\/wp-json\/wp\/v2\/types\/post"}],"author":[{"embeddable":true,"href":"https:\/\/buletin.de\/bucuresti\/wp-json\/wp\/v2\/users\/18"}],"replies":[{"embeddable":true,"href":"https:\/\/buletin.de\/bucuresti\/wp-json\/wp\/v2\/comments?post=31953"}],"version-history":[{"count":18,"href":"https:\/\/buletin.de\/bucuresti\/wp-json\/wp\/v2\/posts\/31953\/revisions"}],"predecessor-version":[{"id":31979,"href":"https:\/\/buletin.de\/bucuresti\/wp-json\/wp\/v2\/posts\/31953\/revisions\/31979"}],"wp:featuredmedia":[{"embeddable":true,"href":"https:\/\/buletin.de\/bucuresti\/wp-json\/wp\/v2\/media\/31973"}],"wp:attachment":[{"href":"https:\/\/buletin.de\/bucuresti\/wp-json\/wp\/v2\/media?parent=31953"}],"wp:term":[{"taxonomy":"category","embeddable":true,"href":"https:\/\/buletin.de\/bucuresti\/wp-json\/wp\/v2\/categories?post=31953"},{"taxonomy":"post_tag","embeddable":true,"href":"https:\/\/buletin.de\/bucuresti\/wp-json\/wp\/v2\/tags?post=31953"},{"taxonomy":"author","embeddable":true,"href":"https:\/\/buletin.de\/bucuresti\/wp-json\/wp\/v2\/ppma_author?post=31953"}],"curies":[{"name":"wp","href":"https:\/\/api.w.org\/{rel}","templated":true}]}}