{"id":31949,"date":"2021-10-04T15:58:13","date_gmt":"2021-10-04T12:58:13","guid":{"rendered":"https:\/\/buletin.de\/bucuresti\/?p=31949"},"modified":"2021-10-04T15:58:13","modified_gmt":"2021-10-04T12:58:13","slug":"rectificarea-de-buget-de-la-sectorul-1-trantita-pentru-a-treia-oara-la-vot-de-psd-si-pnl","status":"publish","type":"post","link":"https:\/\/buletin.de\/bucuresti\/rectificarea-de-buget-de-la-sectorul-1-trantita-pentru-a-treia-oara-la-vot-de-psd-si-pnl\/","title":{"rendered":"Rectificarea de buget de la Sectorul 1, tr\u00e2ntit\u0103 pentru a treia oar\u0103 la vot de PSD \u0219i PNL"},"content":{"rendered":"\n<p>Rectificarea de buget de la Sectorul 1 a picat a treia oar\u0103 la vot, \u00een \u0219edin\u021ba de consiliu local de luni. Astfel, \u00een acest moment nu sunt bani pentru func\u021bionarea corect\u0103 a centrului de vaccinare de la Romexpo \u0219i nici pentru Colegiul Na\u021bional de Muzic\u0103 \u201eGeorge Enescu\u201d, care solicitase dou\u0103 milioane de lei pentru cump\u0103rarea instrumentelor muzucale.<\/p>\n\n\n\n<p>Mai mult, nu vor putea fi acordate nici sumele suplimentare solicitate de unit\u0103\u021bile de \u00eenv\u0103\u021b\u0103m\u00e2nt de pe raza Sectorului 1, pentru spitale, pentru func\u021bionarea ADP Sector 1 \u0219i pentru Complexul Multifunc\u021bional Caraiman.<\/p>\n\n\n\n<p><em>\u201eAvem nevoie de ea (hot\u0103r\u00e2rea de consiliu local \u2013 n.r.) s\u0103 fie votat\u0103. Tot ce este \u00een aceast\u0103 rectificare este absolut necesar. Este vorba ca prim\u0103ria aceasta s\u0103 func\u021bioneze. Este o prioritate aceast\u0103 rectificare, pentru c\u0103 prim\u0103ria nu func\u021bioneaz\u0103 corect. Din acest motiv este justificat\u0103 urgen\u021ba cu care convoc consiliul local. Este aceea\u0219i rectificare bugetar\u0103 \u00een care sunt prev\u0103zute fonduri pentru a avea nevoie s\u0103 func\u021bion\u0103m corect \u2013 \u0219i pentru Romexpo \u0219i pentru ADP \u2013 care nu aveau bugetate nici utilit\u0103\u021bile \u0219i nici ni\u0219te servicii publice de baz\u0103. Eu \u00een\u021beleg c\u0103 vre\u021bi s\u0103 face\u021bi o grev\u0103, dar nu e o atitudine responsabil\u0103\u201d, <\/em>a declarat primarul Clotilde Armand \u00een \u0219edin\u021ba de consiliu local.<\/p>\n\n\n\n<p><a href=\"https:\/\/www.primariasector1.ro\/download\/convocator-sedinte-consiliu\/2021\/1.K2-290_Anonimizat.pdf\" target=\"_blank\" rel=\"noreferrer noopener\">Proiectul de hot\u0103r\u00e2re<\/a> a c\u0103zut cu 12 voturi \u201epentru\u201d \u0219i 14 ab\u021bineri, dup\u0103 o dezbatere care a durat mai bine de dou\u0103 ore \u0219i jum\u0103tate.<\/p>\n\n\n\n<p>Consilierii PNL motiveaz\u0103 c\u0103 nu au votat proiectul de hot\u0103r\u00e2re, \u00eentruc\u00e2t le-au fost respinse amendamentele, care prevedeau ca \u00een \u0219edin\u021ba de luni s\u0103 fie vota\u021bi doar banii pentru centrul de vaccinare de la Romexpo \u0219i pentru construirea ansamblului educa\u021bional din zona B\u0103neasa-Greenfield, iar celelalte obiective din proiect s\u0103 fie supuse votului \u00eentr-o \u0219edin\u021b\u0103 viitoare. O alt\u0103 condi\u021bie a na\u021bional liberalilor a fost ca proiectele votate \u0219i bugetate \u00eenc\u0103 din luna aprilie a acestui an s\u0103 fie deblocate.<\/p>\n\n\n\n<iframe src=\"https:\/\/www.facebook.com\/plugins\/post.php?href=https%3A%2F%2Fwww.facebook.com%2FPNLSectorul1%2Fposts%2F1846950472159082&#038;show_text=true&#038;width=500\" width=\"500\" height=\"685\" style=\"border:none;overflow:hidden\" scrolling=\"no\" frameborder=\"0\" allowfullscreen=\"true\" allow=\"autoplay; clipboard-write; encrypted-media; picture-in-picture; web-share\"><\/iframe>\n\n\n\n<p>Acesta a mai fost repins <a href=\"https:\/\/buletin.de\/bucuresti\/rectificarea-bugetului-de-la-sectorul-1-a-cazut-la-vot-la-fel-si-proiectul-prin-care-adp-isi-angaja-avocati\/\">\u00een \u0219edin\u021ba ordinar\u0103 din data de 23 septembrie<\/a> \u0219i \u00een cea extraordinar\u0103 din 4 octombrie.<\/p>\n\n\n\n<iframe src=\"https:\/\/www.facebook.com\/plugins\/video.php?height=314&#038;href=https%3A%2F%2Fwww.facebook.com%2FPrimariaSectorUnu%2Fvideos%2F166498405647482%2F&#038;show_text=true&#038;width=560&#038;t=0\" width=\"560\" height=\"429\" style=\"border:none;overflow:hidden\" scrolling=\"no\" frameborder=\"0\" allowfullscreen=\"true\" allow=\"autoplay; clipboard-write; encrypted-media; picture-in-picture; web-share\" allowFullScreen=\"true\"><\/iframe>\n","protected":false},"excerpt":{"rendered":"<p>Rectificarea de buget de la Sectorul 1 a picat a treia oar\u0103 la vot, \u00een \u0219edin\u021ba de consiliu local de luni. Astfel, \u00een acest moment nu sunt bani pentru func\u021bionarea corect\u0103 a centrului de vaccinare de la Romexpo \u0219i nici pentru Colegiul Na\u021bional de Muzic\u0103 \u201eGeorge Enescu\u201d, care solicitase dou\u0103 milioane de lei pentru cump\u0103rarea [&hellip;]<\/p>\n","protected":false},"author":25,"featured_media":22741,"comment_status":"closed","ping_status":"open","sticky":false,"template":"","format":"standard","meta":{"_acf_changed":false,"inline_featured_image":false,"ngg_post_thumbnail":0,"footnotes":""},"categories":[62],"tags":[308],"ppma_author":[22597],"class_list":["post-31949","post","type-post","status-publish","format-standard","has-post-thumbnail","hentry","category-stiri","tag-sector-1"],"acf":[],"yoast_head":"<!-- This site is optimized with the Yoast SEO Premium plugin v25.3 (Yoast SEO v27.4) - https:\/\/yoast.com\/product\/yoast-seo-premium-wordpress\/ -->\n<title>Rectificarea de buget de la Sectorul 1, tr\u00e2ntit\u0103 pentru a treia oar\u0103 la vot de PSD \u0219i PNL - Buletin de Bucure\u0219ti<\/title>\n<meta name=\"robots\" content=\"index, follow, max-snippet:-1, max-image-preview:large, max-video-preview:-1\" \/>\n<link rel=\"canonical\" href=\"https:\/\/buletin.de\/bucuresti\/rectificarea-de-buget-de-la-sectorul-1-trantita-pentru-a-treia-oara-la-vot-de-psd-si-pnl\/\" \/>\n<meta property=\"og:locale\" content=\"en_GB\" \/>\n<meta property=\"og:type\" content=\"article\" \/>\n<meta property=\"og:title\" content=\"Rectificarea de buget de la Sectorul 1, tr\u00e2ntit\u0103 pentru a treia oar\u0103 la vot de PSD \u0219i PNL\" \/>\n<meta property=\"og:description\" content=\"Rectificarea de buget de la Sectorul 1 a picat a treia oar\u0103 la vot, \u00een \u0219edin\u021ba de consiliu local de luni. Astfel, \u00een acest moment nu sunt bani pentru func\u021bionarea corect\u0103 a centrului de vaccinare de la Romexpo \u0219i nici pentru Colegiul Na\u021bional de Muzic\u0103 \u201eGeorge Enescu\u201d, care solicitase dou\u0103 milioane de lei pentru cump\u0103rarea [&hellip;]\" \/>\n<meta property=\"og:url\" content=\"https:\/\/buletin.de\/bucuresti\/rectificarea-de-buget-de-la-sectorul-1-trantita-pentru-a-treia-oara-la-vot-de-psd-si-pnl\/\" \/>\n<meta property=\"og:site_name\" content=\"Buletin de Bucure\u0219ti\" \/>\n<meta property=\"article:publisher\" content=\"https:\/\/www.facebook.com\/buletin.de.buc\" \/>\n<meta property=\"article:published_time\" content=\"2021-10-04T12:58:13+00:00\" \/>\n<meta property=\"og:image\" content=\"https:\/\/buletin.de\/bucuresti\/wp-content\/uploads\/sediu-ps1-banu-manta.jpeg\" \/>\n\t<meta property=\"og:image:width\" content=\"1600\" \/>\n\t<meta property=\"og:image:height\" content=\"1066\" \/>\n\t<meta property=\"og:image:type\" content=\"image\/jpeg\" \/>\n<meta name=\"author\" content=\"Ana Tudor\" \/>\n<meta name=\"twitter:card\" content=\"summary_large_image\" \/>\n<meta name=\"twitter:label1\" content=\"Written by\" \/>\n\t<meta name=\"twitter:data1\" content=\"Ana Tudor\" \/>\n\t<meta name=\"twitter:label2\" content=\"Estimated reading time\" \/>\n\t<meta name=\"twitter:data2\" content=\"2 minutes\" \/>\n<script type=\"application\/ld+json\" class=\"yoast-schema-graph\">{\"@context\":\"https:\\\/\\\/schema.org\",\"@graph\":[{\"@type\":\"Article\",\"@id\":\"https:\\\/\\\/buletin.de\\\/bucuresti\\\/rectificarea-de-buget-de-la-sectorul-1-trantita-pentru-a-treia-oara-la-vot-de-psd-si-pnl\\\/#article\",\"isPartOf\":{\"@id\":\"https:\\\/\\\/buletin.de\\\/bucuresti\\\/rectificarea-de-buget-de-la-sectorul-1-trantita-pentru-a-treia-oara-la-vot-de-psd-si-pnl\\\/\"},\"author\":{\"name\":\"Ana Tudor\",\"@id\":\"https:\\\/\\\/buletin.de\\\/bucuresti\\\/#\\\/schema\\\/person\\\/8ce85bbda5515a1abb525993294155a8\"},\"headline\":\"Rectificarea de buget de la Sectorul 1, tr\u00e2ntit\u0103 pentru a treia oar\u0103 la vot de PSD \u0219i PNL\",\"datePublished\":\"2021-10-04T12:58:13+00:00\",\"mainEntityOfPage\":{\"@id\":\"https:\\\/\\\/buletin.de\\\/bucuresti\\\/rectificarea-de-buget-de-la-sectorul-1-trantita-pentru-a-treia-oara-la-vot-de-psd-si-pnl\\\/\"},\"wordCount\":373,\"publisher\":{\"@id\":\"https:\\\/\\\/buletin.de\\\/bucuresti\\\/#organization\"},\"image\":{\"@id\":\"https:\\\/\\\/buletin.de\\\/bucuresti\\\/rectificarea-de-buget-de-la-sectorul-1-trantita-pentru-a-treia-oara-la-vot-de-psd-si-pnl\\\/#primaryimage\"},\"thumbnailUrl\":\"https:\\\/\\\/buletin.de\\\/bucuresti\\\/wp-content\\\/uploads\\\/sediu-ps1-banu-manta.jpeg\",\"keywords\":[\"Sector 1\"],\"articleSection\":[\"\u0218tiri\"],\"inLanguage\":\"en-GB\",\"copyrightYear\":\"2021\",\"copyrightHolder\":{\"@id\":\"https:\\\/\\\/buletin.de\\\/bucuresti\\\/#organization\"}},{\"@type\":\"WebPage\",\"@id\":\"https:\\\/\\\/buletin.de\\\/bucuresti\\\/rectificarea-de-buget-de-la-sectorul-1-trantita-pentru-a-treia-oara-la-vot-de-psd-si-pnl\\\/\",\"url\":\"https:\\\/\\\/buletin.de\\\/bucuresti\\\/rectificarea-de-buget-de-la-sectorul-1-trantita-pentru-a-treia-oara-la-vot-de-psd-si-pnl\\\/\",\"name\":\"Rectificarea de buget de la Sectorul 1, tr\u00e2ntit\u0103 pentru a treia oar\u0103 la vot de PSD \u0219i PNL - Buletin de Bucure\u0219ti\",\"isPartOf\":{\"@id\":\"https:\\\/\\\/buletin.de\\\/bucuresti\\\/#website\"},\"primaryImageOfPage\":{\"@id\":\"https:\\\/\\\/buletin.de\\\/bucuresti\\\/rectificarea-de-buget-de-la-sectorul-1-trantita-pentru-a-treia-oara-la-vot-de-psd-si-pnl\\\/#primaryimage\"},\"image\":{\"@id\":\"https:\\\/\\\/buletin.de\\\/bucuresti\\\/rectificarea-de-buget-de-la-sectorul-1-trantita-pentru-a-treia-oara-la-vot-de-psd-si-pnl\\\/#primaryimage\"},\"thumbnailUrl\":\"https:\\\/\\\/buletin.de\\\/bucuresti\\\/wp-content\\\/uploads\\\/sediu-ps1-banu-manta.jpeg\",\"datePublished\":\"2021-10-04T12:58:13+00:00\",\"breadcrumb\":{\"@id\":\"https:\\\/\\\/buletin.de\\\/bucuresti\\\/rectificarea-de-buget-de-la-sectorul-1-trantita-pentru-a-treia-oara-la-vot-de-psd-si-pnl\\\/#breadcrumb\"},\"inLanguage\":\"en-GB\",\"potentialAction\":[{\"@type\":\"ReadAction\",\"target\":[\"https:\\\/\\\/buletin.de\\\/bucuresti\\\/rectificarea-de-buget-de-la-sectorul-1-trantita-pentru-a-treia-oara-la-vot-de-psd-si-pnl\\\/\"]}]},{\"@type\":\"ImageObject\",\"inLanguage\":\"en-GB\",\"@id\":\"https:\\\/\\\/buletin.de\\\/bucuresti\\\/rectificarea-de-buget-de-la-sectorul-1-trantita-pentru-a-treia-oara-la-vot-de-psd-si-pnl\\\/#primaryimage\",\"url\":\"https:\\\/\\\/buletin.de\\\/bucuresti\\\/wp-content\\\/uploads\\\/sediu-ps1-banu-manta.jpeg\",\"contentUrl\":\"https:\\\/\\\/buletin.de\\\/bucuresti\\\/wp-content\\\/uploads\\\/sediu-ps1-banu-manta.jpeg\",\"width\":1600,\"height\":1066,\"caption\":\"FOTO: Arhiva\"},{\"@type\":\"BreadcrumbList\",\"@id\":\"https:\\\/\\\/buletin.de\\\/bucuresti\\\/rectificarea-de-buget-de-la-sectorul-1-trantita-pentru-a-treia-oara-la-vot-de-psd-si-pnl\\\/#breadcrumb\",\"itemListElement\":[{\"@type\":\"ListItem\",\"position\":1,\"name\":\"Acas\u0103\",\"item\":\"https:\\\/\\\/buletin.de\\\/bucuresti\\\/\"},{\"@type\":\"ListItem\",\"position\":2,\"name\":\"Rectificarea de buget de la Sectorul 1, tr\u00e2ntit\u0103 pentru a treia oar\u0103 la vot de PSD \u0219i PNL\"}]},{\"@type\":\"WebSite\",\"@id\":\"https:\\\/\\\/buletin.de\\\/bucuresti\\\/#website\",\"url\":\"https:\\\/\\\/buletin.de\\\/bucuresti\\\/\",\"name\":\"Buletin de Bucure\u0219ti\",\"description\":\"\u0218tiri \u0219i investiga\u021bii esen\u021biale din capital\u0103\",\"publisher\":{\"@id\":\"https:\\\/\\\/buletin.de\\\/bucuresti\\\/#organization\"},\"potentialAction\":[{\"@type\":\"SearchAction\",\"target\":{\"@type\":\"EntryPoint\",\"urlTemplate\":\"https:\\\/\\\/buletin.de\\\/bucuresti\\\/?s={search_term_string}\"},\"query-input\":{\"@type\":\"PropertyValueSpecification\",\"valueRequired\":true,\"valueName\":\"search_term_string\"}}],\"inLanguage\":\"en-GB\"},{\"@type\":\"Organization\",\"@id\":\"https:\\\/\\\/buletin.de\\\/bucuresti\\\/#organization\",\"name\":\"Buletin de Bucure\u0219ti\",\"url\":\"https:\\\/\\\/buletin.de\\\/bucuresti\\\/\",\"logo\":{\"@type\":\"ImageObject\",\"inLanguage\":\"en-GB\",\"@id\":\"https:\\\/\\\/buletin.de\\\/bucuresti\\\/#\\\/schema\\\/logo\\\/image\\\/\",\"url\":\"https:\\\/\\\/buletin.de\\\/bucuresti\\\/wp-content\\\/uploads\\\/logo-bdb-full-wide-vernil-transparent.png\",\"contentUrl\":\"https:\\\/\\\/buletin.de\\\/bucuresti\\\/wp-content\\\/uploads\\\/logo-bdb-full-wide-vernil-transparent.png\",\"width\":1782,\"height\":626,\"caption\":\"Buletin de Bucure\u0219ti\"},\"image\":{\"@id\":\"https:\\\/\\\/buletin.de\\\/bucuresti\\\/#\\\/schema\\\/logo\\\/image\\\/\"},\"sameAs\":[\"https:\\\/\\\/www.facebook.com\\\/buletin.de.buc\",\"https:\\\/\\\/www.instagram.com\\\/buletinde.bucuresti\\\/\"]},{\"@type\":\"Person\",\"@id\":\"https:\\\/\\\/buletin.de\\\/bucuresti\\\/#\\\/schema\\\/person\\\/8ce85bbda5515a1abb525993294155a8\",\"name\":\"Ana Tudor\",\"image\":{\"@type\":\"ImageObject\",\"inLanguage\":\"en-GB\",\"@id\":\"https:\\\/\\\/secure.gravatar.com\\\/avatar\\\/390c40e2d9367046adb10d832317e3f5fb181fdecb236cb1a8187477756ae24a?s=96&d=monsterid&r=g0f86ad5d6b77046fd61bd633bbfa4a29\",\"url\":\"https:\\\/\\\/secure.gravatar.com\\\/avatar\\\/390c40e2d9367046adb10d832317e3f5fb181fdecb236cb1a8187477756ae24a?s=96&d=monsterid&r=g\",\"contentUrl\":\"https:\\\/\\\/secure.gravatar.com\\\/avatar\\\/390c40e2d9367046adb10d832317e3f5fb181fdecb236cb1a8187477756ae24a?s=96&d=monsterid&r=g\",\"caption\":\"Ana Tudor\"},\"url\":\"https:\\\/\\\/buletin.de\\\/bucuresti\\\/author\\\/anamaria\\\/\"}]}<\/script>\n<!-- \/ Yoast SEO Premium plugin. -->","yoast_head_json":{"title":"Rectificarea de buget de la Sectorul 1, tr\u00e2ntit\u0103 pentru a treia oar\u0103 la vot de PSD \u0219i PNL - Buletin de Bucure\u0219ti","robots":{"index":"index","follow":"follow","max-snippet":"max-snippet:-1","max-image-preview":"max-image-preview:large","max-video-preview":"max-video-preview:-1"},"canonical":"https:\/\/buletin.de\/bucuresti\/rectificarea-de-buget-de-la-sectorul-1-trantita-pentru-a-treia-oara-la-vot-de-psd-si-pnl\/","og_locale":"en_GB","og_type":"article","og_title":"Rectificarea de buget de la Sectorul 1, tr\u00e2ntit\u0103 pentru a treia oar\u0103 la vot de PSD \u0219i PNL","og_description":"Rectificarea de buget de la Sectorul 1 a picat a treia oar\u0103 la vot, \u00een \u0219edin\u021ba de consiliu local de luni. Astfel, \u00een acest moment nu sunt bani pentru func\u021bionarea corect\u0103 a centrului de vaccinare de la Romexpo \u0219i nici pentru Colegiul Na\u021bional de Muzic\u0103 \u201eGeorge Enescu\u201d, care solicitase dou\u0103 milioane de lei pentru cump\u0103rarea [&hellip;]","og_url":"https:\/\/buletin.de\/bucuresti\/rectificarea-de-buget-de-la-sectorul-1-trantita-pentru-a-treia-oara-la-vot-de-psd-si-pnl\/","og_site_name":"Buletin de Bucure\u0219ti","article_publisher":"https:\/\/www.facebook.com\/buletin.de.buc","article_published_time":"2021-10-04T12:58:13+00:00","og_image":[{"width":1600,"height":1066,"url":"https:\/\/buletin.de\/bucuresti\/wp-content\/uploads\/sediu-ps1-banu-manta.jpeg","type":"image\/jpeg"}],"author":"Ana Tudor","twitter_card":"summary_large_image","twitter_misc":{"Written by":"Ana Tudor","Estimated reading time":"2 minutes"},"schema":{"@context":"https:\/\/schema.org","@graph":[{"@type":"Article","@id":"https:\/\/buletin.de\/bucuresti\/rectificarea-de-buget-de-la-sectorul-1-trantita-pentru-a-treia-oara-la-vot-de-psd-si-pnl\/#article","isPartOf":{"@id":"https:\/\/buletin.de\/bucuresti\/rectificarea-de-buget-de-la-sectorul-1-trantita-pentru-a-treia-oara-la-vot-de-psd-si-pnl\/"},"author":{"name":"Ana Tudor","@id":"https:\/\/buletin.de\/bucuresti\/#\/schema\/person\/8ce85bbda5515a1abb525993294155a8"},"headline":"Rectificarea de buget de la Sectorul 1, tr\u00e2ntit\u0103 pentru a treia oar\u0103 la vot de PSD \u0219i PNL","datePublished":"2021-10-04T12:58:13+00:00","mainEntityOfPage":{"@id":"https:\/\/buletin.de\/bucuresti\/rectificarea-de-buget-de-la-sectorul-1-trantita-pentru-a-treia-oara-la-vot-de-psd-si-pnl\/"},"wordCount":373,"publisher":{"@id":"https:\/\/buletin.de\/bucuresti\/#organization"},"image":{"@id":"https:\/\/buletin.de\/bucuresti\/rectificarea-de-buget-de-la-sectorul-1-trantita-pentru-a-treia-oara-la-vot-de-psd-si-pnl\/#primaryimage"},"thumbnailUrl":"https:\/\/buletin.de\/bucuresti\/wp-content\/uploads\/sediu-ps1-banu-manta.jpeg","keywords":["Sector 1"],"articleSection":["\u0218tiri"],"inLanguage":"en-GB","copyrightYear":"2021","copyrightHolder":{"@id":"https:\/\/buletin.de\/bucuresti\/#organization"}},{"@type":"WebPage","@id":"https:\/\/buletin.de\/bucuresti\/rectificarea-de-buget-de-la-sectorul-1-trantita-pentru-a-treia-oara-la-vot-de-psd-si-pnl\/","url":"https:\/\/buletin.de\/bucuresti\/rectificarea-de-buget-de-la-sectorul-1-trantita-pentru-a-treia-oara-la-vot-de-psd-si-pnl\/","name":"Rectificarea de buget de la Sectorul 1, tr\u00e2ntit\u0103 pentru a treia oar\u0103 la vot de PSD \u0219i PNL - Buletin de Bucure\u0219ti","isPartOf":{"@id":"https:\/\/buletin.de\/bucuresti\/#website"},"primaryImageOfPage":{"@id":"https:\/\/buletin.de\/bucuresti\/rectificarea-de-buget-de-la-sectorul-1-trantita-pentru-a-treia-oara-la-vot-de-psd-si-pnl\/#primaryimage"},"image":{"@id":"https:\/\/buletin.de\/bucuresti\/rectificarea-de-buget-de-la-sectorul-1-trantita-pentru-a-treia-oara-la-vot-de-psd-si-pnl\/#primaryimage"},"thumbnailUrl":"https:\/\/buletin.de\/bucuresti\/wp-content\/uploads\/sediu-ps1-banu-manta.jpeg","datePublished":"2021-10-04T12:58:13+00:00","breadcrumb":{"@id":"https:\/\/buletin.de\/bucuresti\/rectificarea-de-buget-de-la-sectorul-1-trantita-pentru-a-treia-oara-la-vot-de-psd-si-pnl\/#breadcrumb"},"inLanguage":"en-GB","potentialAction":[{"@type":"ReadAction","target":["https:\/\/buletin.de\/bucuresti\/rectificarea-de-buget-de-la-sectorul-1-trantita-pentru-a-treia-oara-la-vot-de-psd-si-pnl\/"]}]},{"@type":"ImageObject","inLanguage":"en-GB","@id":"https:\/\/buletin.de\/bucuresti\/rectificarea-de-buget-de-la-sectorul-1-trantita-pentru-a-treia-oara-la-vot-de-psd-si-pnl\/#primaryimage","url":"https:\/\/buletin.de\/bucuresti\/wp-content\/uploads\/sediu-ps1-banu-manta.jpeg","contentUrl":"https:\/\/buletin.de\/bucuresti\/wp-content\/uploads\/sediu-ps1-banu-manta.jpeg","width":1600,"height":1066,"caption":"FOTO: Arhiva"},{"@type":"BreadcrumbList","@id":"https:\/\/buletin.de\/bucuresti\/rectificarea-de-buget-de-la-sectorul-1-trantita-pentru-a-treia-oara-la-vot-de-psd-si-pnl\/#breadcrumb","itemListElement":[{"@type":"ListItem","position":1,"name":"Acas\u0103","item":"https:\/\/buletin.de\/bucuresti\/"},{"@type":"ListItem","position":2,"name":"Rectificarea de buget de la Sectorul 1, tr\u00e2ntit\u0103 pentru a treia oar\u0103 la vot de PSD \u0219i PNL"}]},{"@type":"WebSite","@id":"https:\/\/buletin.de\/bucuresti\/#website","url":"https:\/\/buletin.de\/bucuresti\/","name":"Buletin de Bucure\u0219ti","description":"\u0218tiri \u0219i investiga\u021bii esen\u021biale din capital\u0103","publisher":{"@id":"https:\/\/buletin.de\/bucuresti\/#organization"},"potentialAction":[{"@type":"SearchAction","target":{"@type":"EntryPoint","urlTemplate":"https:\/\/buletin.de\/bucuresti\/?s={search_term_string}"},"query-input":{"@type":"PropertyValueSpecification","valueRequired":true,"valueName":"search_term_string"}}],"inLanguage":"en-GB"},{"@type":"Organization","@id":"https:\/\/buletin.de\/bucuresti\/#organization","name":"Buletin de Bucure\u0219ti","url":"https:\/\/buletin.de\/bucuresti\/","logo":{"@type":"ImageObject","inLanguage":"en-GB","@id":"https:\/\/buletin.de\/bucuresti\/#\/schema\/logo\/image\/","url":"https:\/\/buletin.de\/bucuresti\/wp-content\/uploads\/logo-bdb-full-wide-vernil-transparent.png","contentUrl":"https:\/\/buletin.de\/bucuresti\/wp-content\/uploads\/logo-bdb-full-wide-vernil-transparent.png","width":1782,"height":626,"caption":"Buletin de Bucure\u0219ti"},"image":{"@id":"https:\/\/buletin.de\/bucuresti\/#\/schema\/logo\/image\/"},"sameAs":["https:\/\/www.facebook.com\/buletin.de.buc","https:\/\/www.instagram.com\/buletinde.bucuresti\/"]},{"@type":"Person","@id":"https:\/\/buletin.de\/bucuresti\/#\/schema\/person\/8ce85bbda5515a1abb525993294155a8","name":"Ana Tudor","image":{"@type":"ImageObject","inLanguage":"en-GB","@id":"https:\/\/secure.gravatar.com\/avatar\/390c40e2d9367046adb10d832317e3f5fb181fdecb236cb1a8187477756ae24a?s=96&d=monsterid&r=g0f86ad5d6b77046fd61bd633bbfa4a29","url":"https:\/\/secure.gravatar.com\/avatar\/390c40e2d9367046adb10d832317e3f5fb181fdecb236cb1a8187477756ae24a?s=96&d=monsterid&r=g","contentUrl":"https:\/\/secure.gravatar.com\/avatar\/390c40e2d9367046adb10d832317e3f5fb181fdecb236cb1a8187477756ae24a?s=96&d=monsterid&r=g","caption":"Ana Tudor"},"url":"https:\/\/buletin.de\/bucuresti\/author\/anamaria\/"}]}},"authors":[{"term_id":22597,"user_id":25,"is_guest":0,"slug":"anamaria","display_name":"Ana Tudor","avatar_url":"https:\/\/secure.gravatar.com\/avatar\/390c40e2d9367046adb10d832317e3f5fb181fdecb236cb1a8187477756ae24a?s=96&d=monsterid&r=g","0":null,"1":"","2":"","3":"","4":"","5":"","6":"","7":"","8":""}],"_links":{"self":[{"href":"https:\/\/buletin.de\/bucuresti\/wp-json\/wp\/v2\/posts\/31949","targetHints":{"allow":["GET"]}}],"collection":[{"href":"https:\/\/buletin.de\/bucuresti\/wp-json\/wp\/v2\/posts"}],"about":[{"href":"https:\/\/buletin.de\/bucuresti\/wp-json\/wp\/v2\/types\/post"}],"author":[{"embeddable":true,"href":"https:\/\/buletin.de\/bucuresti\/wp-json\/wp\/v2\/users\/25"}],"replies":[{"embeddable":true,"href":"https:\/\/buletin.de\/bucuresti\/wp-json\/wp\/v2\/comments?post=31949"}],"version-history":[{"count":3,"href":"https:\/\/buletin.de\/bucuresti\/wp-json\/wp\/v2\/posts\/31949\/revisions"}],"predecessor-version":[{"id":31954,"href":"https:\/\/buletin.de\/bucuresti\/wp-json\/wp\/v2\/posts\/31949\/revisions\/31954"}],"wp:featuredmedia":[{"embeddable":true,"href":"https:\/\/buletin.de\/bucuresti\/wp-json\/wp\/v2\/media\/22741"}],"wp:attachment":[{"href":"https:\/\/buletin.de\/bucuresti\/wp-json\/wp\/v2\/media?parent=31949"}],"wp:term":[{"taxonomy":"category","embeddable":true,"href":"https:\/\/buletin.de\/bucuresti\/wp-json\/wp\/v2\/categories?post=31949"},{"taxonomy":"post_tag","embeddable":true,"href":"https:\/\/buletin.de\/bucuresti\/wp-json\/wp\/v2\/tags?post=31949"},{"taxonomy":"author","embeddable":true,"href":"https:\/\/buletin.de\/bucuresti\/wp-json\/wp\/v2\/ppma_author?post=31949"}],"curies":[{"name":"wp","href":"https:\/\/api.w.org\/{rel}","templated":true}]}}