{"id":31935,"date":"2021-10-04T15:16:35","date_gmt":"2021-10-04T12:16:35","guid":{"rendered":"https:\/\/buletin.de\/bucuresti\/?p=31935"},"modified":"2021-10-04T15:16:36","modified_gmt":"2021-10-04T12:16:36","slug":"ministerul-educatiei-cere-in-sfarsit-ca-situatia-claselor-online-sa-fie-publica-inspectoratul-scolar-bucuresti-nu-are-o-pagina-web-dedicata-acestei-statistici","status":"publish","type":"post","link":"https:\/\/buletin.de\/bucuresti\/ministerul-educatiei-cere-in-sfarsit-ca-situatia-claselor-online-sa-fie-publica-inspectoratul-scolar-bucuresti-nu-are-o-pagina-web-dedicata-acestei-statistici\/","title":{"rendered":"Ministerul Educa\u021biei cere, \u00een sf\u00e2r\u0219it, ca situa\u021bia claselor online s\u0103 fie public\u0103. Inspectoratul \u0218colar Bucure\u0219ti nu are o pagin\u0103 web dedicat\u0103 acestei statistici"},"content":{"rendered":"\n<p><strong>Ministerul Educa\u021biei cere ca toate inspectoratele \u0219colare din \u021bar\u0103, s\u0103 publice zilnic, \u00eencep\u00e2nd de ast\u0103zi, situa\u021bia claselor trecute online, anun\u021b\u0103<\/strong> <a href=\"https:\/\/www.educatieprivata.ro\/sorin-ion-pana-la-sfarsitul-zilei-toate-isj-urile-trebuie-sa-aiba-functionale-sectiunile-din-site-pentru-raportarea-claselor-trecute-online\/\">educatieprivat\u0103<\/a><strong><a href=\"https:\/\/www.educatieprivata.ro\/sorin-ion-pana-la-sfarsitul-zilei-toate-isj-urile-trebuie-sa-aiba-functionale-sectiunile-din-site-pentru-raportarea-claselor-trecute-online\/\">.ro<\/a>. Adic\u0103 exact ce Buletin de Bucure\u0219ti a \u00eenceput s\u0103 fac\u0103, cu ajutorul comunit\u0103\u021bii, pentru Capital\u0103, \u00eenc\u0103 de s\u0103pt\u0103m\u00e2na trecut\u0103. Din 42 de inspectorate, c\u00e2te sunt \u00een toat\u0103 \u021bara, doar 28 au sec\u021biuni dedicate exclusiv listei unit\u0103\u021bilor \u0219colare cu precizarea claselor cu activitatea online . ISM Bucure\u0219ti nu se afl\u0103 printre ele<\/strong>, <strong>ISJ Ilfov da.<\/strong><\/p>\n\n\n\n<p><\/p>\n\n\n\n<p>Conform unui document ob\u021binut de educatieprivata.ro, secretarul de stat Sorin Ion a transmis, vineri, tuturor inspectoratelor \u0219colare din \u021bar\u0103 solicitarea de a \u00eenfiin\u021ba p\u00e2n\u0103 pe 4 octombrie, sec\u021biuni dedicate exclusiv informa\u021biilor privind clasele care sunt \u00een scenariul online.<\/p>\n\n\n\n<figure class=\"wp-block-image size-full\"><img fetchpriority=\"high\" decoding=\"async\" width=\"682\" height=\"866\" src=\"data:image\/gif;base64,R0lGODlhAQABAAAAACH5BAEKAAEALAAAAAABAAEAAAICTAEAOw==\" data-src=\"https:\/\/buletin.de\/bucuresti\/wp-content\/uploads\/image-906.png\" alt=\"\" class=\"wp-image-31938 lazyload\" data-sizes=\"auto\" data-srcset=\"https:\/\/buletin.de\/bucuresti\/wp-content\/uploads\/image-906.png 682w, https:\/\/buletin.de\/bucuresti\/wp-content\/uploads\/image-906-236x300.png 236w, https:\/\/buletin.de\/bucuresti\/wp-content\/uploads\/image-906-550x698.png 550w, https:\/\/buletin.de\/bucuresti\/wp-content\/uploads\/image-906-394x500.png 394w, https:\/\/buletin.de\/bucuresti\/wp-content\/uploads\/image-906-600x762.png 600w\" sizes=\"(max-width: 682px) 100vw, 682px\" \/><figcaption>sursa educatieprivata.ro<\/figcaption><\/figure>\n\n\n\n<p>Pe site-ul ministerului Educa\u021biei exist\u0103 deja o <a href=\"https:\/\/www.edu.ro\/functionare_scoli\">sec\u021biune<\/a> \u00een care apar link-urile inspectoratelor\u00a0\u0219colare jude\u021bene au creat sec\u021biuni pe site-urile proprii \u00een care public\u0103\/actualizeaz\u0103\u00a0lista unit\u0103\u021bilor \u0219colare cu precizarea claselor cu activitatea online.\u00a0Din cele 42 de inspectorate \u0219colare din \u021bar\u0103, doar 28 au deja o astfel de sec\u021biune. Inspectoratul \u0218colar al Municipiului Bucure\u0219ti NU ARE o astfel de statistic\u0103 public\u0103.<\/p>\n\n\n\n<p><\/p>\n\n\n\n<figure class=\"wp-block-image size-large\"><img decoding=\"async\" width=\"900\" height=\"506\" src=\"data:image\/gif;base64,R0lGODlhAQABAAAAACH5BAEKAAEALAAAAAABAAEAAAICTAEAOw==\" data-src=\"https:\/\/buletin.de\/bucuresti\/wp-content\/uploads\/image-905-900x506.png\" alt=\"\" class=\"wp-image-31936 lazyload\" data-sizes=\"auto\" data-srcset=\"https:\/\/buletin.de\/bucuresti\/wp-content\/uploads\/image-905-900x506.png 900w, https:\/\/buletin.de\/bucuresti\/wp-content\/uploads\/image-905-300x169.png 300w, https:\/\/buletin.de\/bucuresti\/wp-content\/uploads\/image-905-768x432.png 768w, https:\/\/buletin.de\/bucuresti\/wp-content\/uploads\/image-905-1060x596.png 1060w, https:\/\/buletin.de\/bucuresti\/wp-content\/uploads\/image-905-550x309.png 550w, https:\/\/buletin.de\/bucuresti\/wp-content\/uploads\/image-905-889x500.png 889w, https:\/\/buletin.de\/bucuresti\/wp-content\/uploads\/image-905-600x337.png 600w, https:\/\/buletin.de\/bucuresti\/wp-content\/uploads\/image-905.png 1366w\" sizes=\"(max-width: 900px) 100vw, 900px\" \/><\/figure>\n\n\n\n<p>\u00cen schimb, ISJ Ilfov are deja o astfel de <a href=\"https:\/\/isjilfov.ro\/management\/clase-online\">pagin\u0103 dedicat\u0103<\/a> care este \u0219i func\u021bional\u0103.<\/p>\n\n\n\n<p><\/p>\n\n\n\n<p>Buletin de Bucure\u0219ti a \u00eenceput, \u00eenc\u0103 de s\u0103pt\u0103m\u00e2na trecut\u0103, o astfel de campanie de str\u00e2ngere de date pentru a avea o imagine c\u00e2t mai clar\u0103 a modului \u00een care se desf\u0103\u0219oar\u0103 procesul de \u00eenv\u0103\u021b\u0103m\u00e2nt \u00een Bucure\u0219ti, ce clase sunt online, din ce \u0219coli, cine a revenit la cursurule \u00een format fizic.<\/p>\n\n\n\n<figure class=\"wp-block-embed is-type-wp-embed is-provider-buletin-de-bucure\u0219ti wp-block-embed-buletin-de-bucure\u0219ti\"><div class=\"wp-block-embed__wrapper\">\n<blockquote class=\"wp-embedded-content\" data-secret=\"KKZ5NXffeJ\"><a href=\"https:\/\/buletin.de\/bucuresti\/catalogul-infectarii-profilul-elevului-depistat-cu-covid-in-scolile-din-bucuresti-clasa-a-5-a-pozitiv-pe-28-septembrie-a-infectat-cel-putin-alte-2-persoane-face-ore-in-format-online\/\">Catalogul infect\u0103rii | Profilul elevului depistat cu Covid \u00een \u0219colile din Bucure\u0219ti: clasa a 5-a, pozitiv pe 28 septembrie, a infectat cel pu\u021bin alte 2 persoane, face ore \u00een format online<\/a><\/blockquote><iframe class=\"wp-embedded-content\" sandbox=\"allow-scripts\" security=\"restricted\" style=\"position: absolute; clip: rect(1px, 1px, 1px, 1px);\" title=\"&#8220;Catalogul infect\u0103rii | Profilul elevului depistat cu Covid \u00een \u0219colile din Bucure\u0219ti: clasa a 5-a, pozitiv pe 28 septembrie, a infectat cel pu\u021bin alte 2 persoane, face ore \u00een format online&#8221; &#8212; Buletin de Bucure\u0219ti\" src=\"https:\/\/buletin.de\/bucuresti\/catalogul-infectarii-profilul-elevului-depistat-cu-covid-in-scolile-din-bucuresti-clasa-a-5-a-pozitiv-pe-28-septembrie-a-infectat-cel-putin-alte-2-persoane-face-ore-in-format-online\/embed\/#?secret=KeqsCDuYx7#?secret=KKZ5NXffeJ\" data-secret=\"KKZ5NXffeJ\" width=\"600\" height=\"338\" frameborder=\"0\" marginwidth=\"0\" marginheight=\"0\" scrolling=\"no\"><\/iframe>\n<\/div><\/figure>\n\n\n\n<p><\/p>\n","protected":false},"excerpt":{"rendered":"<p>Ministerul Educa\u021biei cere ca toate inspectoratele \u0219colare din \u021bar\u0103, s\u0103 publice zilnic, \u00eencep\u00e2nd de ast\u0103zi, situa\u021bia claselor trecute online, anun\u021b\u0103 educatieprivat\u0103.ro. Adic\u0103 exact ce Buletin de Bucure\u0219ti a \u00eenceput s\u0103 fac\u0103, cu ajutorul comunit\u0103\u021bii, pentru Capital\u0103, \u00eenc\u0103 de s\u0103pt\u0103m\u00e2na trecut\u0103. Din 42 de inspectorate, c\u00e2te sunt \u00een toat\u0103 \u021bara, doar 28 au sec\u021biuni dedicate exclusiv [&hellip;]<\/p>\n","protected":false},"author":18,"featured_media":31947,"comment_status":"closed","ping_status":"open","sticky":false,"template":"","format":"standard","meta":{"_acf_changed":false,"inline_featured_image":false,"ngg_post_thumbnail":0,"footnotes":""},"categories":[62],"tags":[],"ppma_author":[22579],"class_list":["post-31935","post","type-post","status-publish","format-standard","has-post-thumbnail","hentry","category-stiri"],"acf":[],"yoast_head":"<!-- This site is optimized with the Yoast SEO Premium plugin v25.3 (Yoast SEO v27.4) - https:\/\/yoast.com\/product\/yoast-seo-premium-wordpress\/ -->\n<title>Ministerul Educa\u021biei cere, \u00een sf\u00e2r\u0219it, ca situa\u021bia claselor online s\u0103 fie public\u0103. Inspectoratul \u0218colar Bucure\u0219ti nu are o pagin\u0103 web dedicat\u0103 acestei statistici - Buletin de Bucure\u0219ti<\/title>\n<meta name=\"robots\" content=\"index, follow, max-snippet:-1, max-image-preview:large, max-video-preview:-1\" \/>\n<link rel=\"canonical\" href=\"https:\/\/buletin.de\/bucuresti\/ministerul-educatiei-cere-in-sfarsit-ca-situatia-claselor-online-sa-fie-publica-inspectoratul-scolar-bucuresti-nu-are-o-pagina-web-dedicata-acestei-statistici\/\" \/>\n<meta property=\"og:locale\" content=\"en_GB\" \/>\n<meta property=\"og:type\" content=\"article\" \/>\n<meta property=\"og:title\" content=\"Ministerul Educa\u021biei cere, \u00een sf\u00e2r\u0219it, ca situa\u021bia claselor online s\u0103 fie public\u0103. Inspectoratul \u0218colar Bucure\u0219ti nu are o pagin\u0103 web dedicat\u0103 acestei statistici\" \/>\n<meta property=\"og:description\" content=\"Ministerul Educa\u021biei cere ca toate inspectoratele \u0219colare din \u021bar\u0103, s\u0103 publice zilnic, \u00eencep\u00e2nd de ast\u0103zi, situa\u021bia claselor trecute online, anun\u021b\u0103 educatieprivat\u0103.ro. Adic\u0103 exact ce Buletin de Bucure\u0219ti a \u00eenceput s\u0103 fac\u0103, cu ajutorul comunit\u0103\u021bii, pentru Capital\u0103, \u00eenc\u0103 de s\u0103pt\u0103m\u00e2na trecut\u0103. Din 42 de inspectorate, c\u00e2te sunt \u00een toat\u0103 \u021bara, doar 28 au sec\u021biuni dedicate exclusiv [&hellip;]\" \/>\n<meta property=\"og:url\" content=\"https:\/\/buletin.de\/bucuresti\/ministerul-educatiei-cere-in-sfarsit-ca-situatia-claselor-online-sa-fie-publica-inspectoratul-scolar-bucuresti-nu-are-o-pagina-web-dedicata-acestei-statistici\/\" \/>\n<meta property=\"og:site_name\" content=\"Buletin de Bucure\u0219ti\" \/>\n<meta property=\"article:publisher\" content=\"https:\/\/www.facebook.com\/buletin.de.buc\" \/>\n<meta property=\"article:published_time\" content=\"2021-10-04T12:16:35+00:00\" \/>\n<meta property=\"article:modified_time\" content=\"2021-10-04T12:16:36+00:00\" \/>\n<meta property=\"og:image\" content=\"https:\/\/buletin.de\/bucuresti\/wp-content\/uploads\/pagina.png\" \/>\n\t<meta property=\"og:image:width\" content=\"1185\" \/>\n\t<meta property=\"og:image:height\" content=\"609\" \/>\n\t<meta property=\"og:image:type\" content=\"image\/png\" \/>\n<meta name=\"author\" content=\"Teodora Stroe\" \/>\n<meta name=\"twitter:card\" content=\"summary_large_image\" \/>\n<meta name=\"twitter:label1\" content=\"Written by\" \/>\n\t<meta name=\"twitter:data1\" content=\"Teodora Stroe\" \/>\n\t<meta name=\"twitter:label2\" content=\"Estimated reading time\" \/>\n\t<meta name=\"twitter:data2\" content=\"2 minutes\" \/>\n<script type=\"application\/ld+json\" class=\"yoast-schema-graph\">{\"@context\":\"https:\\\/\\\/schema.org\",\"@graph\":[{\"@type\":\"Article\",\"@id\":\"https:\\\/\\\/buletin.de\\\/bucuresti\\\/ministerul-educatiei-cere-in-sfarsit-ca-situatia-claselor-online-sa-fie-publica-inspectoratul-scolar-bucuresti-nu-are-o-pagina-web-dedicata-acestei-statistici\\\/#article\",\"isPartOf\":{\"@id\":\"https:\\\/\\\/buletin.de\\\/bucuresti\\\/ministerul-educatiei-cere-in-sfarsit-ca-situatia-claselor-online-sa-fie-publica-inspectoratul-scolar-bucuresti-nu-are-o-pagina-web-dedicata-acestei-statistici\\\/\"},\"author\":{\"name\":\"Teodora Stroe\",\"@id\":\"https:\\\/\\\/buletin.de\\\/bucuresti\\\/#\\\/schema\\\/person\\\/d369d7ddc775abece205795e0b804614\"},\"headline\":\"Ministerul Educa\u021biei cere, \u00een sf\u00e2r\u0219it, ca situa\u021bia claselor online s\u0103 fie public\u0103. Inspectoratul \u0218colar Bucure\u0219ti nu are o pagin\u0103 web dedicat\u0103 acestei statistici\",\"datePublished\":\"2021-10-04T12:16:35+00:00\",\"dateModified\":\"2021-10-04T12:16:36+00:00\",\"mainEntityOfPage\":{\"@id\":\"https:\\\/\\\/buletin.de\\\/bucuresti\\\/ministerul-educatiei-cere-in-sfarsit-ca-situatia-claselor-online-sa-fie-publica-inspectoratul-scolar-bucuresti-nu-are-o-pagina-web-dedicata-acestei-statistici\\\/\"},\"wordCount\":312,\"publisher\":{\"@id\":\"https:\\\/\\\/buletin.de\\\/bucuresti\\\/#organization\"},\"image\":{\"@id\":\"https:\\\/\\\/buletin.de\\\/bucuresti\\\/ministerul-educatiei-cere-in-sfarsit-ca-situatia-claselor-online-sa-fie-publica-inspectoratul-scolar-bucuresti-nu-are-o-pagina-web-dedicata-acestei-statistici\\\/#primaryimage\"},\"thumbnailUrl\":\"https:\\\/\\\/buletin.de\\\/bucuresti\\\/wp-content\\\/uploads\\\/pagina.png\",\"articleSection\":[\"\u0218tiri\"],\"inLanguage\":\"en-GB\",\"copyrightYear\":\"2021\",\"copyrightHolder\":{\"@id\":\"https:\\\/\\\/buletin.de\\\/bucuresti\\\/#organization\"}},{\"@type\":\"WebPage\",\"@id\":\"https:\\\/\\\/buletin.de\\\/bucuresti\\\/ministerul-educatiei-cere-in-sfarsit-ca-situatia-claselor-online-sa-fie-publica-inspectoratul-scolar-bucuresti-nu-are-o-pagina-web-dedicata-acestei-statistici\\\/\",\"url\":\"https:\\\/\\\/buletin.de\\\/bucuresti\\\/ministerul-educatiei-cere-in-sfarsit-ca-situatia-claselor-online-sa-fie-publica-inspectoratul-scolar-bucuresti-nu-are-o-pagina-web-dedicata-acestei-statistici\\\/\",\"name\":\"Ministerul Educa\u021biei cere, \u00een sf\u00e2r\u0219it, ca situa\u021bia claselor online s\u0103 fie public\u0103. Inspectoratul \u0218colar Bucure\u0219ti nu are o pagin\u0103 web dedicat\u0103 acestei statistici - Buletin de Bucure\u0219ti\",\"isPartOf\":{\"@id\":\"https:\\\/\\\/buletin.de\\\/bucuresti\\\/#website\"},\"primaryImageOfPage\":{\"@id\":\"https:\\\/\\\/buletin.de\\\/bucuresti\\\/ministerul-educatiei-cere-in-sfarsit-ca-situatia-claselor-online-sa-fie-publica-inspectoratul-scolar-bucuresti-nu-are-o-pagina-web-dedicata-acestei-statistici\\\/#primaryimage\"},\"image\":{\"@id\":\"https:\\\/\\\/buletin.de\\\/bucuresti\\\/ministerul-educatiei-cere-in-sfarsit-ca-situatia-claselor-online-sa-fie-publica-inspectoratul-scolar-bucuresti-nu-are-o-pagina-web-dedicata-acestei-statistici\\\/#primaryimage\"},\"thumbnailUrl\":\"https:\\\/\\\/buletin.de\\\/bucuresti\\\/wp-content\\\/uploads\\\/pagina.png\",\"datePublished\":\"2021-10-04T12:16:35+00:00\",\"dateModified\":\"2021-10-04T12:16:36+00:00\",\"breadcrumb\":{\"@id\":\"https:\\\/\\\/buletin.de\\\/bucuresti\\\/ministerul-educatiei-cere-in-sfarsit-ca-situatia-claselor-online-sa-fie-publica-inspectoratul-scolar-bucuresti-nu-are-o-pagina-web-dedicata-acestei-statistici\\\/#breadcrumb\"},\"inLanguage\":\"en-GB\",\"potentialAction\":[{\"@type\":\"ReadAction\",\"target\":[\"https:\\\/\\\/buletin.de\\\/bucuresti\\\/ministerul-educatiei-cere-in-sfarsit-ca-situatia-claselor-online-sa-fie-publica-inspectoratul-scolar-bucuresti-nu-are-o-pagina-web-dedicata-acestei-statistici\\\/\"]}]},{\"@type\":\"ImageObject\",\"inLanguage\":\"en-GB\",\"@id\":\"https:\\\/\\\/buletin.de\\\/bucuresti\\\/ministerul-educatiei-cere-in-sfarsit-ca-situatia-claselor-online-sa-fie-publica-inspectoratul-scolar-bucuresti-nu-are-o-pagina-web-dedicata-acestei-statistici\\\/#primaryimage\",\"url\":\"https:\\\/\\\/buletin.de\\\/bucuresti\\\/wp-content\\\/uploads\\\/pagina.png\",\"contentUrl\":\"https:\\\/\\\/buletin.de\\\/bucuresti\\\/wp-content\\\/uploads\\\/pagina.png\",\"width\":1185,\"height\":609},{\"@type\":\"BreadcrumbList\",\"@id\":\"https:\\\/\\\/buletin.de\\\/bucuresti\\\/ministerul-educatiei-cere-in-sfarsit-ca-situatia-claselor-online-sa-fie-publica-inspectoratul-scolar-bucuresti-nu-are-o-pagina-web-dedicata-acestei-statistici\\\/#breadcrumb\",\"itemListElement\":[{\"@type\":\"ListItem\",\"position\":1,\"name\":\"Acas\u0103\",\"item\":\"https:\\\/\\\/buletin.de\\\/bucuresti\\\/\"},{\"@type\":\"ListItem\",\"position\":2,\"name\":\"Ministerul Educa\u021biei cere, \u00een sf\u00e2r\u0219it, ca situa\u021bia claselor online s\u0103 fie public\u0103. Inspectoratul \u0218colar Bucure\u0219ti nu are o pagin\u0103 web dedicat\u0103 acestei statistici\"}]},{\"@type\":\"WebSite\",\"@id\":\"https:\\\/\\\/buletin.de\\\/bucuresti\\\/#website\",\"url\":\"https:\\\/\\\/buletin.de\\\/bucuresti\\\/\",\"name\":\"Buletin de Bucure\u0219ti\",\"description\":\"\u0218tiri \u0219i investiga\u021bii esen\u021biale din capital\u0103\",\"publisher\":{\"@id\":\"https:\\\/\\\/buletin.de\\\/bucuresti\\\/#organization\"},\"potentialAction\":[{\"@type\":\"SearchAction\",\"target\":{\"@type\":\"EntryPoint\",\"urlTemplate\":\"https:\\\/\\\/buletin.de\\\/bucuresti\\\/?s={search_term_string}\"},\"query-input\":{\"@type\":\"PropertyValueSpecification\",\"valueRequired\":true,\"valueName\":\"search_term_string\"}}],\"inLanguage\":\"en-GB\"},{\"@type\":\"Organization\",\"@id\":\"https:\\\/\\\/buletin.de\\\/bucuresti\\\/#organization\",\"name\":\"Buletin de Bucure\u0219ti\",\"url\":\"https:\\\/\\\/buletin.de\\\/bucuresti\\\/\",\"logo\":{\"@type\":\"ImageObject\",\"inLanguage\":\"en-GB\",\"@id\":\"https:\\\/\\\/buletin.de\\\/bucuresti\\\/#\\\/schema\\\/logo\\\/image\\\/\",\"url\":\"https:\\\/\\\/buletin.de\\\/bucuresti\\\/wp-content\\\/uploads\\\/logo-bdb-full-wide-vernil-transparent.png\",\"contentUrl\":\"https:\\\/\\\/buletin.de\\\/bucuresti\\\/wp-content\\\/uploads\\\/logo-bdb-full-wide-vernil-transparent.png\",\"width\":1782,\"height\":626,\"caption\":\"Buletin de Bucure\u0219ti\"},\"image\":{\"@id\":\"https:\\\/\\\/buletin.de\\\/bucuresti\\\/#\\\/schema\\\/logo\\\/image\\\/\"},\"sameAs\":[\"https:\\\/\\\/www.facebook.com\\\/buletin.de.buc\",\"https:\\\/\\\/www.instagram.com\\\/buletinde.bucuresti\\\/\"]},{\"@type\":\"Person\",\"@id\":\"https:\\\/\\\/buletin.de\\\/bucuresti\\\/#\\\/schema\\\/person\\\/d369d7ddc775abece205795e0b804614\",\"name\":\"Teodora Stroe\",\"image\":{\"@type\":\"ImageObject\",\"inLanguage\":\"en-GB\",\"@id\":\"https:\\\/\\\/secure.gravatar.com\\\/avatar\\\/2560b4cd9f5f1bc100b123158e657d75584bd1c3e1d9c69285720b9457c1b78d?s=96&d=monsterid&r=gc104800242ba5f2d78dd5d7dc4df08b6\",\"url\":\"https:\\\/\\\/secure.gravatar.com\\\/avatar\\\/2560b4cd9f5f1bc100b123158e657d75584bd1c3e1d9c69285720b9457c1b78d?s=96&d=monsterid&r=g\",\"contentUrl\":\"https:\\\/\\\/secure.gravatar.com\\\/avatar\\\/2560b4cd9f5f1bc100b123158e657d75584bd1c3e1d9c69285720b9457c1b78d?s=96&d=monsterid&r=g\",\"caption\":\"Teodora Stroe\"},\"url\":\"https:\\\/\\\/buletin.de\\\/bucuresti\\\/author\\\/simonacarlugea\\\/\"}]}<\/script>\n<!-- \/ Yoast SEO Premium plugin. -->","yoast_head_json":{"title":"Ministerul Educa\u021biei cere, \u00een sf\u00e2r\u0219it, ca situa\u021bia claselor online s\u0103 fie public\u0103. Inspectoratul \u0218colar Bucure\u0219ti nu are o pagin\u0103 web dedicat\u0103 acestei statistici - Buletin de Bucure\u0219ti","robots":{"index":"index","follow":"follow","max-snippet":"max-snippet:-1","max-image-preview":"max-image-preview:large","max-video-preview":"max-video-preview:-1"},"canonical":"https:\/\/buletin.de\/bucuresti\/ministerul-educatiei-cere-in-sfarsit-ca-situatia-claselor-online-sa-fie-publica-inspectoratul-scolar-bucuresti-nu-are-o-pagina-web-dedicata-acestei-statistici\/","og_locale":"en_GB","og_type":"article","og_title":"Ministerul Educa\u021biei cere, \u00een sf\u00e2r\u0219it, ca situa\u021bia claselor online s\u0103 fie public\u0103. Inspectoratul \u0218colar Bucure\u0219ti nu are o pagin\u0103 web dedicat\u0103 acestei statistici","og_description":"Ministerul Educa\u021biei cere ca toate inspectoratele \u0219colare din \u021bar\u0103, s\u0103 publice zilnic, \u00eencep\u00e2nd de ast\u0103zi, situa\u021bia claselor trecute online, anun\u021b\u0103 educatieprivat\u0103.ro. Adic\u0103 exact ce Buletin de Bucure\u0219ti a \u00eenceput s\u0103 fac\u0103, cu ajutorul comunit\u0103\u021bii, pentru Capital\u0103, \u00eenc\u0103 de s\u0103pt\u0103m\u00e2na trecut\u0103. Din 42 de inspectorate, c\u00e2te sunt \u00een toat\u0103 \u021bara, doar 28 au sec\u021biuni dedicate exclusiv [&hellip;]","og_url":"https:\/\/buletin.de\/bucuresti\/ministerul-educatiei-cere-in-sfarsit-ca-situatia-claselor-online-sa-fie-publica-inspectoratul-scolar-bucuresti-nu-are-o-pagina-web-dedicata-acestei-statistici\/","og_site_name":"Buletin de Bucure\u0219ti","article_publisher":"https:\/\/www.facebook.com\/buletin.de.buc","article_published_time":"2021-10-04T12:16:35+00:00","article_modified_time":"2021-10-04T12:16:36+00:00","og_image":[{"width":1185,"height":609,"url":"https:\/\/buletin.de\/bucuresti\/wp-content\/uploads\/pagina.png","type":"image\/png"}],"author":"Teodora Stroe","twitter_card":"summary_large_image","twitter_misc":{"Written by":"Teodora Stroe","Estimated reading time":"2 minutes"},"schema":{"@context":"https:\/\/schema.org","@graph":[{"@type":"Article","@id":"https:\/\/buletin.de\/bucuresti\/ministerul-educatiei-cere-in-sfarsit-ca-situatia-claselor-online-sa-fie-publica-inspectoratul-scolar-bucuresti-nu-are-o-pagina-web-dedicata-acestei-statistici\/#article","isPartOf":{"@id":"https:\/\/buletin.de\/bucuresti\/ministerul-educatiei-cere-in-sfarsit-ca-situatia-claselor-online-sa-fie-publica-inspectoratul-scolar-bucuresti-nu-are-o-pagina-web-dedicata-acestei-statistici\/"},"author":{"name":"Teodora Stroe","@id":"https:\/\/buletin.de\/bucuresti\/#\/schema\/person\/d369d7ddc775abece205795e0b804614"},"headline":"Ministerul Educa\u021biei cere, \u00een sf\u00e2r\u0219it, ca situa\u021bia claselor online s\u0103 fie public\u0103. Inspectoratul \u0218colar Bucure\u0219ti nu are o pagin\u0103 web dedicat\u0103 acestei statistici","datePublished":"2021-10-04T12:16:35+00:00","dateModified":"2021-10-04T12:16:36+00:00","mainEntityOfPage":{"@id":"https:\/\/buletin.de\/bucuresti\/ministerul-educatiei-cere-in-sfarsit-ca-situatia-claselor-online-sa-fie-publica-inspectoratul-scolar-bucuresti-nu-are-o-pagina-web-dedicata-acestei-statistici\/"},"wordCount":312,"publisher":{"@id":"https:\/\/buletin.de\/bucuresti\/#organization"},"image":{"@id":"https:\/\/buletin.de\/bucuresti\/ministerul-educatiei-cere-in-sfarsit-ca-situatia-claselor-online-sa-fie-publica-inspectoratul-scolar-bucuresti-nu-are-o-pagina-web-dedicata-acestei-statistici\/#primaryimage"},"thumbnailUrl":"https:\/\/buletin.de\/bucuresti\/wp-content\/uploads\/pagina.png","articleSection":["\u0218tiri"],"inLanguage":"en-GB","copyrightYear":"2021","copyrightHolder":{"@id":"https:\/\/buletin.de\/bucuresti\/#organization"}},{"@type":"WebPage","@id":"https:\/\/buletin.de\/bucuresti\/ministerul-educatiei-cere-in-sfarsit-ca-situatia-claselor-online-sa-fie-publica-inspectoratul-scolar-bucuresti-nu-are-o-pagina-web-dedicata-acestei-statistici\/","url":"https:\/\/buletin.de\/bucuresti\/ministerul-educatiei-cere-in-sfarsit-ca-situatia-claselor-online-sa-fie-publica-inspectoratul-scolar-bucuresti-nu-are-o-pagina-web-dedicata-acestei-statistici\/","name":"Ministerul Educa\u021biei cere, \u00een sf\u00e2r\u0219it, ca situa\u021bia claselor online s\u0103 fie public\u0103. Inspectoratul \u0218colar Bucure\u0219ti nu are o pagin\u0103 web dedicat\u0103 acestei statistici - Buletin de Bucure\u0219ti","isPartOf":{"@id":"https:\/\/buletin.de\/bucuresti\/#website"},"primaryImageOfPage":{"@id":"https:\/\/buletin.de\/bucuresti\/ministerul-educatiei-cere-in-sfarsit-ca-situatia-claselor-online-sa-fie-publica-inspectoratul-scolar-bucuresti-nu-are-o-pagina-web-dedicata-acestei-statistici\/#primaryimage"},"image":{"@id":"https:\/\/buletin.de\/bucuresti\/ministerul-educatiei-cere-in-sfarsit-ca-situatia-claselor-online-sa-fie-publica-inspectoratul-scolar-bucuresti-nu-are-o-pagina-web-dedicata-acestei-statistici\/#primaryimage"},"thumbnailUrl":"https:\/\/buletin.de\/bucuresti\/wp-content\/uploads\/pagina.png","datePublished":"2021-10-04T12:16:35+00:00","dateModified":"2021-10-04T12:16:36+00:00","breadcrumb":{"@id":"https:\/\/buletin.de\/bucuresti\/ministerul-educatiei-cere-in-sfarsit-ca-situatia-claselor-online-sa-fie-publica-inspectoratul-scolar-bucuresti-nu-are-o-pagina-web-dedicata-acestei-statistici\/#breadcrumb"},"inLanguage":"en-GB","potentialAction":[{"@type":"ReadAction","target":["https:\/\/buletin.de\/bucuresti\/ministerul-educatiei-cere-in-sfarsit-ca-situatia-claselor-online-sa-fie-publica-inspectoratul-scolar-bucuresti-nu-are-o-pagina-web-dedicata-acestei-statistici\/"]}]},{"@type":"ImageObject","inLanguage":"en-GB","@id":"https:\/\/buletin.de\/bucuresti\/ministerul-educatiei-cere-in-sfarsit-ca-situatia-claselor-online-sa-fie-publica-inspectoratul-scolar-bucuresti-nu-are-o-pagina-web-dedicata-acestei-statistici\/#primaryimage","url":"https:\/\/buletin.de\/bucuresti\/wp-content\/uploads\/pagina.png","contentUrl":"https:\/\/buletin.de\/bucuresti\/wp-content\/uploads\/pagina.png","width":1185,"height":609},{"@type":"BreadcrumbList","@id":"https:\/\/buletin.de\/bucuresti\/ministerul-educatiei-cere-in-sfarsit-ca-situatia-claselor-online-sa-fie-publica-inspectoratul-scolar-bucuresti-nu-are-o-pagina-web-dedicata-acestei-statistici\/#breadcrumb","itemListElement":[{"@type":"ListItem","position":1,"name":"Acas\u0103","item":"https:\/\/buletin.de\/bucuresti\/"},{"@type":"ListItem","position":2,"name":"Ministerul Educa\u021biei cere, \u00een sf\u00e2r\u0219it, ca situa\u021bia claselor online s\u0103 fie public\u0103. Inspectoratul \u0218colar Bucure\u0219ti nu are o pagin\u0103 web dedicat\u0103 acestei statistici"}]},{"@type":"WebSite","@id":"https:\/\/buletin.de\/bucuresti\/#website","url":"https:\/\/buletin.de\/bucuresti\/","name":"Buletin de Bucure\u0219ti","description":"\u0218tiri \u0219i investiga\u021bii esen\u021biale din capital\u0103","publisher":{"@id":"https:\/\/buletin.de\/bucuresti\/#organization"},"potentialAction":[{"@type":"SearchAction","target":{"@type":"EntryPoint","urlTemplate":"https:\/\/buletin.de\/bucuresti\/?s={search_term_string}"},"query-input":{"@type":"PropertyValueSpecification","valueRequired":true,"valueName":"search_term_string"}}],"inLanguage":"en-GB"},{"@type":"Organization","@id":"https:\/\/buletin.de\/bucuresti\/#organization","name":"Buletin de Bucure\u0219ti","url":"https:\/\/buletin.de\/bucuresti\/","logo":{"@type":"ImageObject","inLanguage":"en-GB","@id":"https:\/\/buletin.de\/bucuresti\/#\/schema\/logo\/image\/","url":"https:\/\/buletin.de\/bucuresti\/wp-content\/uploads\/logo-bdb-full-wide-vernil-transparent.png","contentUrl":"https:\/\/buletin.de\/bucuresti\/wp-content\/uploads\/logo-bdb-full-wide-vernil-transparent.png","width":1782,"height":626,"caption":"Buletin de Bucure\u0219ti"},"image":{"@id":"https:\/\/buletin.de\/bucuresti\/#\/schema\/logo\/image\/"},"sameAs":["https:\/\/www.facebook.com\/buletin.de.buc","https:\/\/www.instagram.com\/buletinde.bucuresti\/"]},{"@type":"Person","@id":"https:\/\/buletin.de\/bucuresti\/#\/schema\/person\/d369d7ddc775abece205795e0b804614","name":"Teodora Stroe","image":{"@type":"ImageObject","inLanguage":"en-GB","@id":"https:\/\/secure.gravatar.com\/avatar\/2560b4cd9f5f1bc100b123158e657d75584bd1c3e1d9c69285720b9457c1b78d?s=96&d=monsterid&r=gc104800242ba5f2d78dd5d7dc4df08b6","url":"https:\/\/secure.gravatar.com\/avatar\/2560b4cd9f5f1bc100b123158e657d75584bd1c3e1d9c69285720b9457c1b78d?s=96&d=monsterid&r=g","contentUrl":"https:\/\/secure.gravatar.com\/avatar\/2560b4cd9f5f1bc100b123158e657d75584bd1c3e1d9c69285720b9457c1b78d?s=96&d=monsterid&r=g","caption":"Teodora Stroe"},"url":"https:\/\/buletin.de\/bucuresti\/author\/simonacarlugea\/"}]}},"authors":[{"term_id":22579,"user_id":18,"is_guest":0,"slug":"simonacarlugea","display_name":"Teodora Stroe","avatar_url":"https:\/\/secure.gravatar.com\/avatar\/2560b4cd9f5f1bc100b123158e657d75584bd1c3e1d9c69285720b9457c1b78d?s=96&d=monsterid&r=g","0":null,"1":"","2":"","3":"","4":"","5":"","6":"","7":"","8":""}],"_links":{"self":[{"href":"https:\/\/buletin.de\/bucuresti\/wp-json\/wp\/v2\/posts\/31935","targetHints":{"allow":["GET"]}}],"collection":[{"href":"https:\/\/buletin.de\/bucuresti\/wp-json\/wp\/v2\/posts"}],"about":[{"href":"https:\/\/buletin.de\/bucuresti\/wp-json\/wp\/v2\/types\/post"}],"author":[{"embeddable":true,"href":"https:\/\/buletin.de\/bucuresti\/wp-json\/wp\/v2\/users\/18"}],"replies":[{"embeddable":true,"href":"https:\/\/buletin.de\/bucuresti\/wp-json\/wp\/v2\/comments?post=31935"}],"version-history":[{"count":10,"href":"https:\/\/buletin.de\/bucuresti\/wp-json\/wp\/v2\/posts\/31935\/revisions"}],"predecessor-version":[{"id":31948,"href":"https:\/\/buletin.de\/bucuresti\/wp-json\/wp\/v2\/posts\/31935\/revisions\/31948"}],"wp:featuredmedia":[{"embeddable":true,"href":"https:\/\/buletin.de\/bucuresti\/wp-json\/wp\/v2\/media\/31947"}],"wp:attachment":[{"href":"https:\/\/buletin.de\/bucuresti\/wp-json\/wp\/v2\/media?parent=31935"}],"wp:term":[{"taxonomy":"category","embeddable":true,"href":"https:\/\/buletin.de\/bucuresti\/wp-json\/wp\/v2\/categories?post=31935"},{"taxonomy":"post_tag","embeddable":true,"href":"https:\/\/buletin.de\/bucuresti\/wp-json\/wp\/v2\/tags?post=31935"},{"taxonomy":"author","embeddable":true,"href":"https:\/\/buletin.de\/bucuresti\/wp-json\/wp\/v2\/ppma_author?post=31935"}],"curies":[{"name":"wp","href":"https:\/\/api.w.org\/{rel}","templated":true}]}}