{"id":31925,"date":"2021-10-04T14:16:42","date_gmt":"2021-10-04T11:16:42","guid":{"rendered":"https:\/\/buletin.de\/bucuresti\/?p=31925"},"modified":"2021-10-04T14:16:43","modified_gmt":"2021-10-04T11:16:43","slug":"2200-de-clase-din-capitala-fac-cursurile-in-online","status":"publish","type":"post","link":"https:\/\/buletin.de\/bucuresti\/2200-de-clase-din-capitala-fac-cursurile-in-online\/","title":{"rendered":"2200 de clase din Capital\u0103 fac cursurile \u00een online"},"content":{"rendered":"\n<p><strong>Inspectoratul \u0218colar al Municipiului Bucure\u0219ti a declarat, ast\u0103zi, pentru Buletin de Bucure\u0219ti c\u0103 2200 de clase din cele 12.000 c\u00e2te sunt \u00een \u0219colile din Capital\u0103 sunt \u00een scenariul de \u00eenv\u0103\u021b\u0103m\u00e2nt online. Cele 2200 de clase sunt din peste jum\u0103tate din unit\u0103\u021bi de \u00eenv\u0103\u021b\u0103m\u00e2nt existente \u00een Bucure\u0219ti. \u00cen \u0219colile din Capital\u0103 s-au infectat,  \u00een ultimele 14 zile, \u00een jur de 450 de cadre didactice, nedidactice \u0219i cadre didactice auxiliare, informeaz\u0103 ISMB.<\/strong><\/p>\n\n\n\n<p>Conform ordinului comun dat de mini\u0219trii Educa\u021biei \u0219i S\u0103n\u0103t\u0103\u021bii, \u00een momentul \u00een care un elev dintr-o clas\u0103 este depistat pozitiv de Covid-19, sunt suspendate cursurile fizice pentru 14 zile, iar \u00eentreaga clas\u0103 este mutat\u0103 \u00een mediul online. Dup\u0103 8 zile, colegii care nu au fost contac\u021bi direc\u021bi ai elevilor depista\u021bi cu COVID pot reveni la prezen\u021ba fizic\u0103, cu condi\u021bia existen\u021bei unui test rapid negativ.<\/p>\n\n\n\n<p>\u00cen urm\u0103 cu o s\u0103pt\u0103m\u00e2n\u0103 erau doar 1300 de clase mutate \u00een online, iar \u00een ultimele \u0219apte zile num\u0103rul aproape s-a dublat. <\/p>\n\n\n\n<figure class=\"wp-block-embed is-type-wp-embed is-provider-buletin-de-bucure\u0219ti wp-block-embed-buletin-de-bucure\u0219ti\"><div class=\"wp-block-embed__wrapper\">\n<blockquote class=\"wp-embedded-content\" data-secret=\"Lu5t9jrxlb\"><a href=\"https:\/\/buletin.de\/bucuresti\/1300-de-clase-din-scolile-din-capitala-invata-online-acum-o-saptamana-erau-mai-putin-de-jumatate\/\">1300 de clase, din \u0219colile din Capital\u0103, \u00eenva\u021b\u0103 online. Acum o s\u0103pt\u0103m\u00e2n\u0103 erau mai pu\u021bin de jum\u0103tate<\/a><\/blockquote><iframe class=\"wp-embedded-content\" sandbox=\"allow-scripts\" security=\"restricted\" style=\"position: absolute; clip: rect(1px, 1px, 1px, 1px);\" title=\"&#8220;1300 de clase, din \u0219colile din Capital\u0103, \u00eenva\u021b\u0103 online. Acum o s\u0103pt\u0103m\u00e2n\u0103 erau mai pu\u021bin de jum\u0103tate&#8221; &#8212; Buletin de Bucure\u0219ti\" src=\"https:\/\/buletin.de\/bucuresti\/1300-de-clase-din-scolile-din-capitala-invata-online-acum-o-saptamana-erau-mai-putin-de-jumatate\/embed\/#?secret=MPKt6AY2ml#?secret=Lu5t9jrxlb\" data-secret=\"Lu5t9jrxlb\" width=\"600\" height=\"338\" frameborder=\"0\" marginwidth=\"0\" marginheight=\"0\" scrolling=\"no\"><\/iframe>\n<\/div><\/figure>\n\n\n\n<p>Autorit\u0103\u021bile au anun\u021bat, \u00een urm\u0103 cu pu\u021bin timp valoare ratei de inciden\u021b\u0103 la mia de locuitori, \u00een ultimele 14 zile \u2013&nbsp;<strong>9.64.&nbsp;<\/strong>Ieri acela\u0219i indicator avea valoarea de 8.98. Tot ieri, \u00een Bucure\u0219ti 2443 de persoane au fost depistate pozitiv Covid-19.<\/p>\n\n\n\n<p><\/p>\n\n\n\n<p> <\/p>\n","protected":false},"excerpt":{"rendered":"<p>Inspectoratul \u0218colar al Municipiului Bucure\u0219ti a declarat, ast\u0103zi, pentru Buletin de Bucure\u0219ti c\u0103 2200 de clase din cele 12.000 c\u00e2te sunt \u00een \u0219colile din Capital\u0103 sunt \u00een scenariul de \u00eenv\u0103\u021b\u0103m\u00e2nt online. Cele 2200 de clase sunt din peste jum\u0103tate din unit\u0103\u021bi de \u00eenv\u0103\u021b\u0103m\u00e2nt existente \u00een Bucure\u0219ti. \u00cen \u0219colile din Capital\u0103 s-au infectat, \u00een ultimele 14 [&hellip;]<\/p>\n","protected":false},"author":17,"featured_media":31431,"comment_status":"closed","ping_status":"open","sticky":false,"template":"","format":"standard","meta":{"_acf_changed":false,"inline_featured_image":false,"ngg_post_thumbnail":0,"footnotes":""},"categories":[62],"tags":[],"ppma_author":[22576],"class_list":["post-31925","post","type-post","status-publish","format-standard","has-post-thumbnail","hentry","category-stiri"],"acf":[],"yoast_head":"<!-- This site is optimized with the Yoast SEO Premium plugin v25.3 (Yoast SEO v27.4) - https:\/\/yoast.com\/product\/yoast-seo-premium-wordpress\/ -->\n<title>2200 de clase din Capital\u0103 fac cursurile \u00een online - Buletin de Bucure\u0219ti<\/title>\n<meta name=\"robots\" content=\"index, follow, max-snippet:-1, max-image-preview:large, max-video-preview:-1\" \/>\n<link rel=\"canonical\" href=\"https:\/\/buletin.de\/bucuresti\/2200-de-clase-din-capitala-fac-cursurile-in-online\/\" \/>\n<meta property=\"og:locale\" content=\"en_GB\" \/>\n<meta property=\"og:type\" content=\"article\" \/>\n<meta property=\"og:title\" content=\"2200 de clase din Capital\u0103 fac cursurile \u00een online\" \/>\n<meta property=\"og:description\" content=\"Inspectoratul \u0218colar al Municipiului Bucure\u0219ti a declarat, ast\u0103zi, pentru Buletin de Bucure\u0219ti c\u0103 2200 de clase din cele 12.000 c\u00e2te sunt \u00een \u0219colile din Capital\u0103 sunt \u00een scenariul de \u00eenv\u0103\u021b\u0103m\u00e2nt online. Cele 2200 de clase sunt din peste jum\u0103tate din unit\u0103\u021bi de \u00eenv\u0103\u021b\u0103m\u00e2nt existente \u00een Bucure\u0219ti. \u00cen \u0219colile din Capital\u0103 s-au infectat, \u00een ultimele 14 [&hellip;]\" \/>\n<meta property=\"og:url\" content=\"https:\/\/buletin.de\/bucuresti\/2200-de-clase-din-capitala-fac-cursurile-in-online\/\" \/>\n<meta property=\"og:site_name\" content=\"Buletin de Bucure\u0219ti\" \/>\n<meta property=\"article:publisher\" content=\"https:\/\/www.facebook.com\/buletin.de.buc\" \/>\n<meta property=\"article:published_time\" content=\"2021-10-04T11:16:42+00:00\" \/>\n<meta property=\"article:modified_time\" content=\"2021-10-04T11:16:43+00:00\" \/>\n<meta property=\"og:image\" content=\"https:\/\/buletin.de\/bucuresti\/wp-content\/uploads\/mche-lee-PC91Jm1DlWA-unsplash.jpg\" \/>\n\t<meta property=\"og:image:width\" content=\"2000\" \/>\n\t<meta property=\"og:image:height\" content=\"1500\" \/>\n\t<meta property=\"og:image:type\" content=\"image\/jpeg\" \/>\n<meta name=\"author\" content=\"Florin R\u00e2\u0219teiu\" \/>\n<meta name=\"twitter:card\" content=\"summary_large_image\" \/>\n<meta name=\"twitter:label1\" content=\"Written by\" \/>\n\t<meta name=\"twitter:data1\" content=\"Florin R\u00e2\u0219teiu\" \/>\n\t<meta name=\"twitter:label2\" content=\"Estimated reading time\" \/>\n\t<meta name=\"twitter:data2\" content=\"1 minute\" \/>\n<script type=\"application\/ld+json\" class=\"yoast-schema-graph\">{\"@context\":\"https:\\\/\\\/schema.org\",\"@graph\":[{\"@type\":\"Article\",\"@id\":\"https:\\\/\\\/buletin.de\\\/bucuresti\\\/2200-de-clase-din-capitala-fac-cursurile-in-online\\\/#article\",\"isPartOf\":{\"@id\":\"https:\\\/\\\/buletin.de\\\/bucuresti\\\/2200-de-clase-din-capitala-fac-cursurile-in-online\\\/\"},\"author\":{\"name\":\"Florin R\u00e2\u0219teiu\",\"@id\":\"https:\\\/\\\/buletin.de\\\/bucuresti\\\/#\\\/schema\\\/person\\\/b0686d7a8b666c6afc78239777fd8a89\"},\"headline\":\"2200 de clase din Capital\u0103 fac cursurile \u00een online\",\"datePublished\":\"2021-10-04T11:16:42+00:00\",\"dateModified\":\"2021-10-04T11:16:43+00:00\",\"mainEntityOfPage\":{\"@id\":\"https:\\\/\\\/buletin.de\\\/bucuresti\\\/2200-de-clase-din-capitala-fac-cursurile-in-online\\\/\"},\"wordCount\":230,\"publisher\":{\"@id\":\"https:\\\/\\\/buletin.de\\\/bucuresti\\\/#organization\"},\"image\":{\"@id\":\"https:\\\/\\\/buletin.de\\\/bucuresti\\\/2200-de-clase-din-capitala-fac-cursurile-in-online\\\/#primaryimage\"},\"thumbnailUrl\":\"https:\\\/\\\/buletin.de\\\/bucuresti\\\/wp-content\\\/uploads\\\/mche-lee-PC91Jm1DlWA-unsplash.jpg\",\"articleSection\":[\"\u0218tiri\"],\"inLanguage\":\"en-GB\",\"copyrightYear\":\"2021\",\"copyrightHolder\":{\"@id\":\"https:\\\/\\\/buletin.de\\\/bucuresti\\\/#organization\"}},{\"@type\":\"WebPage\",\"@id\":\"https:\\\/\\\/buletin.de\\\/bucuresti\\\/2200-de-clase-din-capitala-fac-cursurile-in-online\\\/\",\"url\":\"https:\\\/\\\/buletin.de\\\/bucuresti\\\/2200-de-clase-din-capitala-fac-cursurile-in-online\\\/\",\"name\":\"2200 de clase din Capital\u0103 fac cursurile \u00een online - Buletin de Bucure\u0219ti\",\"isPartOf\":{\"@id\":\"https:\\\/\\\/buletin.de\\\/bucuresti\\\/#website\"},\"primaryImageOfPage\":{\"@id\":\"https:\\\/\\\/buletin.de\\\/bucuresti\\\/2200-de-clase-din-capitala-fac-cursurile-in-online\\\/#primaryimage\"},\"image\":{\"@id\":\"https:\\\/\\\/buletin.de\\\/bucuresti\\\/2200-de-clase-din-capitala-fac-cursurile-in-online\\\/#primaryimage\"},\"thumbnailUrl\":\"https:\\\/\\\/buletin.de\\\/bucuresti\\\/wp-content\\\/uploads\\\/mche-lee-PC91Jm1DlWA-unsplash.jpg\",\"datePublished\":\"2021-10-04T11:16:42+00:00\",\"dateModified\":\"2021-10-04T11:16:43+00:00\",\"breadcrumb\":{\"@id\":\"https:\\\/\\\/buletin.de\\\/bucuresti\\\/2200-de-clase-din-capitala-fac-cursurile-in-online\\\/#breadcrumb\"},\"inLanguage\":\"en-GB\",\"potentialAction\":[{\"@type\":\"ReadAction\",\"target\":[\"https:\\\/\\\/buletin.de\\\/bucuresti\\\/2200-de-clase-din-capitala-fac-cursurile-in-online\\\/\"]}]},{\"@type\":\"ImageObject\",\"inLanguage\":\"en-GB\",\"@id\":\"https:\\\/\\\/buletin.de\\\/bucuresti\\\/2200-de-clase-din-capitala-fac-cursurile-in-online\\\/#primaryimage\",\"url\":\"https:\\\/\\\/buletin.de\\\/bucuresti\\\/wp-content\\\/uploads\\\/mche-lee-PC91Jm1DlWA-unsplash.jpg\",\"contentUrl\":\"https:\\\/\\\/buletin.de\\\/bucuresti\\\/wp-content\\\/uploads\\\/mche-lee-PC91Jm1DlWA-unsplash.jpg\",\"width\":2000,\"height\":1500},{\"@type\":\"BreadcrumbList\",\"@id\":\"https:\\\/\\\/buletin.de\\\/bucuresti\\\/2200-de-clase-din-capitala-fac-cursurile-in-online\\\/#breadcrumb\",\"itemListElement\":[{\"@type\":\"ListItem\",\"position\":1,\"name\":\"Acas\u0103\",\"item\":\"https:\\\/\\\/buletin.de\\\/bucuresti\\\/\"},{\"@type\":\"ListItem\",\"position\":2,\"name\":\"2200 de clase din Capital\u0103 fac cursurile \u00een online\"}]},{\"@type\":\"WebSite\",\"@id\":\"https:\\\/\\\/buletin.de\\\/bucuresti\\\/#website\",\"url\":\"https:\\\/\\\/buletin.de\\\/bucuresti\\\/\",\"name\":\"Buletin de Bucure\u0219ti\",\"description\":\"\u0218tiri \u0219i investiga\u021bii esen\u021biale din capital\u0103\",\"publisher\":{\"@id\":\"https:\\\/\\\/buletin.de\\\/bucuresti\\\/#organization\"},\"potentialAction\":[{\"@type\":\"SearchAction\",\"target\":{\"@type\":\"EntryPoint\",\"urlTemplate\":\"https:\\\/\\\/buletin.de\\\/bucuresti\\\/?s={search_term_string}\"},\"query-input\":{\"@type\":\"PropertyValueSpecification\",\"valueRequired\":true,\"valueName\":\"search_term_string\"}}],\"inLanguage\":\"en-GB\"},{\"@type\":\"Organization\",\"@id\":\"https:\\\/\\\/buletin.de\\\/bucuresti\\\/#organization\",\"name\":\"Buletin de Bucure\u0219ti\",\"url\":\"https:\\\/\\\/buletin.de\\\/bucuresti\\\/\",\"logo\":{\"@type\":\"ImageObject\",\"inLanguage\":\"en-GB\",\"@id\":\"https:\\\/\\\/buletin.de\\\/bucuresti\\\/#\\\/schema\\\/logo\\\/image\\\/\",\"url\":\"https:\\\/\\\/buletin.de\\\/bucuresti\\\/wp-content\\\/uploads\\\/logo-bdb-full-wide-vernil-transparent.png\",\"contentUrl\":\"https:\\\/\\\/buletin.de\\\/bucuresti\\\/wp-content\\\/uploads\\\/logo-bdb-full-wide-vernil-transparent.png\",\"width\":1782,\"height\":626,\"caption\":\"Buletin de Bucure\u0219ti\"},\"image\":{\"@id\":\"https:\\\/\\\/buletin.de\\\/bucuresti\\\/#\\\/schema\\\/logo\\\/image\\\/\"},\"sameAs\":[\"https:\\\/\\\/www.facebook.com\\\/buletin.de.buc\",\"https:\\\/\\\/www.instagram.com\\\/buletinde.bucuresti\\\/\"]},{\"@type\":\"Person\",\"@id\":\"https:\\\/\\\/buletin.de\\\/bucuresti\\\/#\\\/schema\\\/person\\\/b0686d7a8b666c6afc78239777fd8a89\",\"name\":\"Florin R\u00e2\u0219teiu\",\"image\":{\"@type\":\"ImageObject\",\"inLanguage\":\"en-GB\",\"@id\":\"https:\\\/\\\/buletin.de\\\/bucuresti\\\/wp-content\\\/uploads\\\/Florin-Rasteiu-96x96.jpgf0a6fe28453aa12f0a60e4d0a2e3a78c\",\"url\":\"https:\\\/\\\/buletin.de\\\/bucuresti\\\/wp-content\\\/uploads\\\/Florin-Rasteiu-96x96.jpg\",\"contentUrl\":\"https:\\\/\\\/buletin.de\\\/bucuresti\\\/wp-content\\\/uploads\\\/Florin-Rasteiu-96x96.jpg\",\"caption\":\"Florin R\u00e2\u0219teiu\"},\"description\":\"Jurnalist de investiga\u021bie. Lucreaz\u0103 de aproape 6 ani la Buletin de Bucure\u0219ti, unde a publicat articole care scot la suprafa\u021b\u0103 corup\u021bia din Capital\u0103. Analizeaz\u0103 baze de date zilnic \u0219i scoate pove\u0219ti din exceluri pline de cifre. Pune reflectorul pe adev\u0103r cu fiecare ocazie. A c\u00e2\u0219tigat premiul I la categoria Pres\u0103 Local\u0103 \u00een 2025 \u0219i locul al II-lea la aceea\u0219i categorie \u00een 2024 \u00een cadrul Premiilor Superscrieri pentru jurnalism independent.\",\"url\":\"https:\\\/\\\/buletin.de\\\/bucuresti\\\/author\\\/florinrasteiu\\\/\"}]}<\/script>\n<!-- \/ Yoast SEO Premium plugin. -->","yoast_head_json":{"title":"2200 de clase din Capital\u0103 fac cursurile \u00een online - Buletin de Bucure\u0219ti","robots":{"index":"index","follow":"follow","max-snippet":"max-snippet:-1","max-image-preview":"max-image-preview:large","max-video-preview":"max-video-preview:-1"},"canonical":"https:\/\/buletin.de\/bucuresti\/2200-de-clase-din-capitala-fac-cursurile-in-online\/","og_locale":"en_GB","og_type":"article","og_title":"2200 de clase din Capital\u0103 fac cursurile \u00een online","og_description":"Inspectoratul \u0218colar al Municipiului Bucure\u0219ti a declarat, ast\u0103zi, pentru Buletin de Bucure\u0219ti c\u0103 2200 de clase din cele 12.000 c\u00e2te sunt \u00een \u0219colile din Capital\u0103 sunt \u00een scenariul de \u00eenv\u0103\u021b\u0103m\u00e2nt online. Cele 2200 de clase sunt din peste jum\u0103tate din unit\u0103\u021bi de \u00eenv\u0103\u021b\u0103m\u00e2nt existente \u00een Bucure\u0219ti. \u00cen \u0219colile din Capital\u0103 s-au infectat, \u00een ultimele 14 [&hellip;]","og_url":"https:\/\/buletin.de\/bucuresti\/2200-de-clase-din-capitala-fac-cursurile-in-online\/","og_site_name":"Buletin de Bucure\u0219ti","article_publisher":"https:\/\/www.facebook.com\/buletin.de.buc","article_published_time":"2021-10-04T11:16:42+00:00","article_modified_time":"2021-10-04T11:16:43+00:00","og_image":[{"width":2000,"height":1500,"url":"https:\/\/buletin.de\/bucuresti\/wp-content\/uploads\/mche-lee-PC91Jm1DlWA-unsplash.jpg","type":"image\/jpeg"}],"author":"Florin R\u00e2\u0219teiu","twitter_card":"summary_large_image","twitter_misc":{"Written by":"Florin R\u00e2\u0219teiu","Estimated reading time":"1 minute"},"schema":{"@context":"https:\/\/schema.org","@graph":[{"@type":"Article","@id":"https:\/\/buletin.de\/bucuresti\/2200-de-clase-din-capitala-fac-cursurile-in-online\/#article","isPartOf":{"@id":"https:\/\/buletin.de\/bucuresti\/2200-de-clase-din-capitala-fac-cursurile-in-online\/"},"author":{"name":"Florin R\u00e2\u0219teiu","@id":"https:\/\/buletin.de\/bucuresti\/#\/schema\/person\/b0686d7a8b666c6afc78239777fd8a89"},"headline":"2200 de clase din Capital\u0103 fac cursurile \u00een online","datePublished":"2021-10-04T11:16:42+00:00","dateModified":"2021-10-04T11:16:43+00:00","mainEntityOfPage":{"@id":"https:\/\/buletin.de\/bucuresti\/2200-de-clase-din-capitala-fac-cursurile-in-online\/"},"wordCount":230,"publisher":{"@id":"https:\/\/buletin.de\/bucuresti\/#organization"},"image":{"@id":"https:\/\/buletin.de\/bucuresti\/2200-de-clase-din-capitala-fac-cursurile-in-online\/#primaryimage"},"thumbnailUrl":"https:\/\/buletin.de\/bucuresti\/wp-content\/uploads\/mche-lee-PC91Jm1DlWA-unsplash.jpg","articleSection":["\u0218tiri"],"inLanguage":"en-GB","copyrightYear":"2021","copyrightHolder":{"@id":"https:\/\/buletin.de\/bucuresti\/#organization"}},{"@type":"WebPage","@id":"https:\/\/buletin.de\/bucuresti\/2200-de-clase-din-capitala-fac-cursurile-in-online\/","url":"https:\/\/buletin.de\/bucuresti\/2200-de-clase-din-capitala-fac-cursurile-in-online\/","name":"2200 de clase din Capital\u0103 fac cursurile \u00een online - Buletin de Bucure\u0219ti","isPartOf":{"@id":"https:\/\/buletin.de\/bucuresti\/#website"},"primaryImageOfPage":{"@id":"https:\/\/buletin.de\/bucuresti\/2200-de-clase-din-capitala-fac-cursurile-in-online\/#primaryimage"},"image":{"@id":"https:\/\/buletin.de\/bucuresti\/2200-de-clase-din-capitala-fac-cursurile-in-online\/#primaryimage"},"thumbnailUrl":"https:\/\/buletin.de\/bucuresti\/wp-content\/uploads\/mche-lee-PC91Jm1DlWA-unsplash.jpg","datePublished":"2021-10-04T11:16:42+00:00","dateModified":"2021-10-04T11:16:43+00:00","breadcrumb":{"@id":"https:\/\/buletin.de\/bucuresti\/2200-de-clase-din-capitala-fac-cursurile-in-online\/#breadcrumb"},"inLanguage":"en-GB","potentialAction":[{"@type":"ReadAction","target":["https:\/\/buletin.de\/bucuresti\/2200-de-clase-din-capitala-fac-cursurile-in-online\/"]}]},{"@type":"ImageObject","inLanguage":"en-GB","@id":"https:\/\/buletin.de\/bucuresti\/2200-de-clase-din-capitala-fac-cursurile-in-online\/#primaryimage","url":"https:\/\/buletin.de\/bucuresti\/wp-content\/uploads\/mche-lee-PC91Jm1DlWA-unsplash.jpg","contentUrl":"https:\/\/buletin.de\/bucuresti\/wp-content\/uploads\/mche-lee-PC91Jm1DlWA-unsplash.jpg","width":2000,"height":1500},{"@type":"BreadcrumbList","@id":"https:\/\/buletin.de\/bucuresti\/2200-de-clase-din-capitala-fac-cursurile-in-online\/#breadcrumb","itemListElement":[{"@type":"ListItem","position":1,"name":"Acas\u0103","item":"https:\/\/buletin.de\/bucuresti\/"},{"@type":"ListItem","position":2,"name":"2200 de clase din Capital\u0103 fac cursurile \u00een online"}]},{"@type":"WebSite","@id":"https:\/\/buletin.de\/bucuresti\/#website","url":"https:\/\/buletin.de\/bucuresti\/","name":"Buletin de Bucure\u0219ti","description":"\u0218tiri \u0219i investiga\u021bii esen\u021biale din capital\u0103","publisher":{"@id":"https:\/\/buletin.de\/bucuresti\/#organization"},"potentialAction":[{"@type":"SearchAction","target":{"@type":"EntryPoint","urlTemplate":"https:\/\/buletin.de\/bucuresti\/?s={search_term_string}"},"query-input":{"@type":"PropertyValueSpecification","valueRequired":true,"valueName":"search_term_string"}}],"inLanguage":"en-GB"},{"@type":"Organization","@id":"https:\/\/buletin.de\/bucuresti\/#organization","name":"Buletin de Bucure\u0219ti","url":"https:\/\/buletin.de\/bucuresti\/","logo":{"@type":"ImageObject","inLanguage":"en-GB","@id":"https:\/\/buletin.de\/bucuresti\/#\/schema\/logo\/image\/","url":"https:\/\/buletin.de\/bucuresti\/wp-content\/uploads\/logo-bdb-full-wide-vernil-transparent.png","contentUrl":"https:\/\/buletin.de\/bucuresti\/wp-content\/uploads\/logo-bdb-full-wide-vernil-transparent.png","width":1782,"height":626,"caption":"Buletin de Bucure\u0219ti"},"image":{"@id":"https:\/\/buletin.de\/bucuresti\/#\/schema\/logo\/image\/"},"sameAs":["https:\/\/www.facebook.com\/buletin.de.buc","https:\/\/www.instagram.com\/buletinde.bucuresti\/"]},{"@type":"Person","@id":"https:\/\/buletin.de\/bucuresti\/#\/schema\/person\/b0686d7a8b666c6afc78239777fd8a89","name":"Florin R\u00e2\u0219teiu","image":{"@type":"ImageObject","inLanguage":"en-GB","@id":"https:\/\/buletin.de\/bucuresti\/wp-content\/uploads\/Florin-Rasteiu-96x96.jpgf0a6fe28453aa12f0a60e4d0a2e3a78c","url":"https:\/\/buletin.de\/bucuresti\/wp-content\/uploads\/Florin-Rasteiu-96x96.jpg","contentUrl":"https:\/\/buletin.de\/bucuresti\/wp-content\/uploads\/Florin-Rasteiu-96x96.jpg","caption":"Florin R\u00e2\u0219teiu"},"description":"Jurnalist de investiga\u021bie. Lucreaz\u0103 de aproape 6 ani la Buletin de Bucure\u0219ti, unde a publicat articole care scot la suprafa\u021b\u0103 corup\u021bia din Capital\u0103. Analizeaz\u0103 baze de date zilnic \u0219i scoate pove\u0219ti din exceluri pline de cifre. Pune reflectorul pe adev\u0103r cu fiecare ocazie. A c\u00e2\u0219tigat premiul I la categoria Pres\u0103 Local\u0103 \u00een 2025 \u0219i locul al II-lea la aceea\u0219i categorie \u00een 2024 \u00een cadrul Premiilor Superscrieri pentru jurnalism independent.","url":"https:\/\/buletin.de\/bucuresti\/author\/florinrasteiu\/"}]}},"authors":[{"term_id":22576,"user_id":17,"is_guest":0,"slug":"florinrasteiu","display_name":"Florin R\u00e2\u0219teiu","avatar_url":"https:\/\/buletin.de\/bucuresti\/wp-content\/uploads\/Florin-Rasteiu-96x96.jpg","0":null,"1":"","2":"","3":"","4":"","5":"","6":"","7":"","8":""}],"_links":{"self":[{"href":"https:\/\/buletin.de\/bucuresti\/wp-json\/wp\/v2\/posts\/31925","targetHints":{"allow":["GET"]}}],"collection":[{"href":"https:\/\/buletin.de\/bucuresti\/wp-json\/wp\/v2\/posts"}],"about":[{"href":"https:\/\/buletin.de\/bucuresti\/wp-json\/wp\/v2\/types\/post"}],"author":[{"embeddable":true,"href":"https:\/\/buletin.de\/bucuresti\/wp-json\/wp\/v2\/users\/17"}],"replies":[{"embeddable":true,"href":"https:\/\/buletin.de\/bucuresti\/wp-json\/wp\/v2\/comments?post=31925"}],"version-history":[{"count":3,"href":"https:\/\/buletin.de\/bucuresti\/wp-json\/wp\/v2\/posts\/31925\/revisions"}],"predecessor-version":[{"id":31934,"href":"https:\/\/buletin.de\/bucuresti\/wp-json\/wp\/v2\/posts\/31925\/revisions\/31934"}],"wp:featuredmedia":[{"embeddable":true,"href":"https:\/\/buletin.de\/bucuresti\/wp-json\/wp\/v2\/media\/31431"}],"wp:attachment":[{"href":"https:\/\/buletin.de\/bucuresti\/wp-json\/wp\/v2\/media?parent=31925"}],"wp:term":[{"taxonomy":"category","embeddable":true,"href":"https:\/\/buletin.de\/bucuresti\/wp-json\/wp\/v2\/categories?post=31925"},{"taxonomy":"post_tag","embeddable":true,"href":"https:\/\/buletin.de\/bucuresti\/wp-json\/wp\/v2\/tags?post=31925"},{"taxonomy":"author","embeddable":true,"href":"https:\/\/buletin.de\/bucuresti\/wp-json\/wp\/v2\/ppma_author?post=31925"}],"curies":[{"name":"wp","href":"https:\/\/api.w.org\/{rel}","templated":true}]}}