{"id":31917,"date":"2021-10-04T11:31:54","date_gmt":"2021-10-04T08:31:54","guid":{"rendered":"https:\/\/buletin.de\/bucuresti\/?p=31917"},"modified":"2021-10-04T11:31:56","modified_gmt":"2021-10-04T08:31:56","slug":"964-rata-de-incidenta-in-capitala","status":"publish","type":"post","link":"https:\/\/buletin.de\/bucuresti\/964-rata-de-incidenta-in-capitala\/","title":{"rendered":"9,64 rata de inciden\u021b\u0103 \u00een Capital\u0103"},"content":{"rendered":"\n<p>Explozie a ratei de inciden\u021b\u0103 COVID \u00een Bucure\u0219ti. Autorit\u0103\u021bile au anun\u021bat, \u00een urm\u0103 cu pu\u021bin timp valoare ratei de inciden\u021b\u0103 la mia de locuitori, \u00een ultimele 14 zile &#8211; <strong>9.64. <\/strong>Ieri acela\u0219i indicator avea valoarea de 8.98. Tot ieri, \u00een Bucure\u0219ti 2443 de persoane au fost depistate pozitiv COVID19.<\/p>\n\n\n\n<p>\u00cencep\u00e2nd de pe 3 octombrie, ora 0.00, \u00een Capital\u0103 se aplic\u0103 noi m\u0103suri de restric\u021bie pentru limitarea r\u0103sp\u00e2ndirii virusului.<\/p>\n\n\n\n<figure class=\"wp-block-embed is-type-wp-embed is-provider-buletin-de-bucure\u0219ti wp-block-embed-buletin-de-bucure\u0219ti\"><div class=\"wp-block-embed__wrapper\">\n<blockquote class=\"wp-embedded-content\" data-secret=\"aDqcONwD04\"><a href=\"https:\/\/buletin.de\/bucuresti\/noi-masuri-pentru-capitala-dupa-sedinta-de-guvern-ce-a-decis-prefectura-bucuresti-in-aceasta-seara\/\">Noi m\u0103suri pentru Capital\u0103, dup\u0103 \u0219edin\u021ba de Guvern. Ce a decis Prefectura Bucure\u0219ti \u00een aceast\u0103 sear\u0103<\/a><\/blockquote><iframe class=\"wp-embedded-content\" sandbox=\"allow-scripts\" security=\"restricted\" style=\"position: absolute; clip: rect(1px, 1px, 1px, 1px);\" title=\"&#8220;Noi m\u0103suri pentru Capital\u0103, dup\u0103 \u0219edin\u021ba de Guvern. Ce a decis Prefectura Bucure\u0219ti \u00een aceast\u0103 sear\u0103&#8221; &#8212; Buletin de Bucure\u0219ti\" src=\"https:\/\/buletin.de\/bucuresti\/noi-masuri-pentru-capitala-dupa-sedinta-de-guvern-ce-a-decis-prefectura-bucuresti-in-aceasta-seara\/embed\/#?secret=loYKoU2jLJ#?secret=aDqcONwD04\" data-secret=\"aDqcONwD04\" width=\"600\" height=\"338\" frameborder=\"0\" marginwidth=\"0\" marginheight=\"0\" scrolling=\"no\"><\/iframe>\n<\/div><\/figure>\n\n\n\n<p>sursa foto Ion Mate\u0219<\/p>\n","protected":false},"excerpt":{"rendered":"<p>Explozie a ratei de inciden\u021b\u0103 COVID \u00een Bucure\u0219ti. Autorit\u0103\u021bile au anun\u021bat, \u00een urm\u0103 cu pu\u021bin timp valoare ratei de inciden\u021b\u0103 la mia de locuitori, \u00een ultimele 14 zile &#8211; 9.64. Ieri acela\u0219i indicator avea valoarea de 8.98. Tot ieri, \u00een Bucure\u0219ti 2443 de persoane au fost depistate pozitiv COVID19. \u00cencep\u00e2nd de pe 3 octombrie, ora [&hellip;]<\/p>\n","protected":false},"author":18,"featured_media":31922,"comment_status":"closed","ping_status":"open","sticky":false,"template":"","format":"standard","meta":{"_acf_changed":false,"inline_featured_image":false,"ngg_post_thumbnail":0,"footnotes":""},"categories":[62],"tags":[],"ppma_author":[22579],"class_list":["post-31917","post","type-post","status-publish","format-standard","has-post-thumbnail","hentry","category-stiri"],"acf":[],"yoast_head":"<!-- This site is optimized with the Yoast SEO Premium plugin v25.3 (Yoast SEO v27.4) - https:\/\/yoast.com\/product\/yoast-seo-premium-wordpress\/ -->\n<title>9,64 rata de inciden\u021b\u0103 \u00een Capital\u0103 - Buletin de Bucure\u0219ti<\/title>\n<meta name=\"robots\" content=\"index, follow, max-snippet:-1, max-image-preview:large, max-video-preview:-1\" \/>\n<link rel=\"canonical\" href=\"https:\/\/buletin.de\/bucuresti\/964-rata-de-incidenta-in-capitala\/\" \/>\n<meta property=\"og:locale\" content=\"en_GB\" \/>\n<meta property=\"og:type\" content=\"article\" \/>\n<meta property=\"og:title\" content=\"9,64 rata de inciden\u021b\u0103 \u00een Capital\u0103\" \/>\n<meta property=\"og:description\" content=\"Explozie a ratei de inciden\u021b\u0103 COVID \u00een Bucure\u0219ti. Autorit\u0103\u021bile au anun\u021bat, \u00een urm\u0103 cu pu\u021bin timp valoare ratei de inciden\u021b\u0103 la mia de locuitori, \u00een ultimele 14 zile &#8211; 9.64. Ieri acela\u0219i indicator avea valoarea de 8.98. Tot ieri, \u00een Bucure\u0219ti 2443 de persoane au fost depistate pozitiv COVID19. \u00cencep\u00e2nd de pe 3 octombrie, ora [&hellip;]\" \/>\n<meta property=\"og:url\" content=\"https:\/\/buletin.de\/bucuresti\/964-rata-de-incidenta-in-capitala\/\" \/>\n<meta property=\"og:site_name\" content=\"Buletin de Bucure\u0219ti\" \/>\n<meta property=\"article:publisher\" content=\"https:\/\/www.facebook.com\/buletin.de.buc\" \/>\n<meta property=\"article:published_time\" content=\"2021-10-04T08:31:54+00:00\" \/>\n<meta property=\"article:modified_time\" content=\"2021-10-04T08:31:56+00:00\" \/>\n<meta property=\"og:image\" content=\"https:\/\/buletin.de\/bucuresti\/wp-content\/uploads\/byJohnny-562010-1.jpg\" \/>\n\t<meta property=\"og:image:width\" content=\"937\" \/>\n\t<meta property=\"og:image:height\" content=\"625\" \/>\n\t<meta property=\"og:image:type\" content=\"image\/jpeg\" \/>\n<meta name=\"author\" content=\"Teodora Stroe\" \/>\n<meta name=\"twitter:card\" content=\"summary_large_image\" \/>\n<meta name=\"twitter:label1\" content=\"Written by\" \/>\n\t<meta name=\"twitter:data1\" content=\"Teodora Stroe\" \/>\n\t<meta name=\"twitter:label2\" content=\"Estimated reading time\" \/>\n\t<meta name=\"twitter:data2\" content=\"1 minute\" \/>\n<script type=\"application\/ld+json\" class=\"yoast-schema-graph\">{\"@context\":\"https:\\\/\\\/schema.org\",\"@graph\":[{\"@type\":\"Article\",\"@id\":\"https:\\\/\\\/buletin.de\\\/bucuresti\\\/964-rata-de-incidenta-in-capitala\\\/#article\",\"isPartOf\":{\"@id\":\"https:\\\/\\\/buletin.de\\\/bucuresti\\\/964-rata-de-incidenta-in-capitala\\\/\"},\"author\":{\"name\":\"Teodora Stroe\",\"@id\":\"https:\\\/\\\/buletin.de\\\/bucuresti\\\/#\\\/schema\\\/person\\\/d369d7ddc775abece205795e0b804614\"},\"headline\":\"9,64 rata de inciden\u021b\u0103 \u00een Capital\u0103\",\"datePublished\":\"2021-10-04T08:31:54+00:00\",\"dateModified\":\"2021-10-04T08:31:56+00:00\",\"mainEntityOfPage\":{\"@id\":\"https:\\\/\\\/buletin.de\\\/bucuresti\\\/964-rata-de-incidenta-in-capitala\\\/\"},\"wordCount\":87,\"publisher\":{\"@id\":\"https:\\\/\\\/buletin.de\\\/bucuresti\\\/#organization\"},\"image\":{\"@id\":\"https:\\\/\\\/buletin.de\\\/bucuresti\\\/964-rata-de-incidenta-in-capitala\\\/#primaryimage\"},\"thumbnailUrl\":\"https:\\\/\\\/buletin.de\\\/bucuresti\\\/wp-content\\\/uploads\\\/byJohnny-562010-1.jpg\",\"articleSection\":[\"\u0218tiri\"],\"inLanguage\":\"en-GB\",\"copyrightYear\":\"2021\",\"copyrightHolder\":{\"@id\":\"https:\\\/\\\/buletin.de\\\/bucuresti\\\/#organization\"}},{\"@type\":\"WebPage\",\"@id\":\"https:\\\/\\\/buletin.de\\\/bucuresti\\\/964-rata-de-incidenta-in-capitala\\\/\",\"url\":\"https:\\\/\\\/buletin.de\\\/bucuresti\\\/964-rata-de-incidenta-in-capitala\\\/\",\"name\":\"9,64 rata de inciden\u021b\u0103 \u00een Capital\u0103 - Buletin de Bucure\u0219ti\",\"isPartOf\":{\"@id\":\"https:\\\/\\\/buletin.de\\\/bucuresti\\\/#website\"},\"primaryImageOfPage\":{\"@id\":\"https:\\\/\\\/buletin.de\\\/bucuresti\\\/964-rata-de-incidenta-in-capitala\\\/#primaryimage\"},\"image\":{\"@id\":\"https:\\\/\\\/buletin.de\\\/bucuresti\\\/964-rata-de-incidenta-in-capitala\\\/#primaryimage\"},\"thumbnailUrl\":\"https:\\\/\\\/buletin.de\\\/bucuresti\\\/wp-content\\\/uploads\\\/byJohnny-562010-1.jpg\",\"datePublished\":\"2021-10-04T08:31:54+00:00\",\"dateModified\":\"2021-10-04T08:31:56+00:00\",\"breadcrumb\":{\"@id\":\"https:\\\/\\\/buletin.de\\\/bucuresti\\\/964-rata-de-incidenta-in-capitala\\\/#breadcrumb\"},\"inLanguage\":\"en-GB\",\"potentialAction\":[{\"@type\":\"ReadAction\",\"target\":[\"https:\\\/\\\/buletin.de\\\/bucuresti\\\/964-rata-de-incidenta-in-capitala\\\/\"]}]},{\"@type\":\"ImageObject\",\"inLanguage\":\"en-GB\",\"@id\":\"https:\\\/\\\/buletin.de\\\/bucuresti\\\/964-rata-de-incidenta-in-capitala\\\/#primaryimage\",\"url\":\"https:\\\/\\\/buletin.de\\\/bucuresti\\\/wp-content\\\/uploads\\\/byJohnny-562010-1.jpg\",\"contentUrl\":\"https:\\\/\\\/buletin.de\\\/bucuresti\\\/wp-content\\\/uploads\\\/byJohnny-562010-1.jpg\",\"width\":937,\"height\":625},{\"@type\":\"BreadcrumbList\",\"@id\":\"https:\\\/\\\/buletin.de\\\/bucuresti\\\/964-rata-de-incidenta-in-capitala\\\/#breadcrumb\",\"itemListElement\":[{\"@type\":\"ListItem\",\"position\":1,\"name\":\"Acas\u0103\",\"item\":\"https:\\\/\\\/buletin.de\\\/bucuresti\\\/\"},{\"@type\":\"ListItem\",\"position\":2,\"name\":\"9,64 rata de inciden\u021b\u0103 \u00een Capital\u0103\"}]},{\"@type\":\"WebSite\",\"@id\":\"https:\\\/\\\/buletin.de\\\/bucuresti\\\/#website\",\"url\":\"https:\\\/\\\/buletin.de\\\/bucuresti\\\/\",\"name\":\"Buletin de Bucure\u0219ti\",\"description\":\"\u0218tiri \u0219i investiga\u021bii esen\u021biale din capital\u0103\",\"publisher\":{\"@id\":\"https:\\\/\\\/buletin.de\\\/bucuresti\\\/#organization\"},\"potentialAction\":[{\"@type\":\"SearchAction\",\"target\":{\"@type\":\"EntryPoint\",\"urlTemplate\":\"https:\\\/\\\/buletin.de\\\/bucuresti\\\/?s={search_term_string}\"},\"query-input\":{\"@type\":\"PropertyValueSpecification\",\"valueRequired\":true,\"valueName\":\"search_term_string\"}}],\"inLanguage\":\"en-GB\"},{\"@type\":\"Organization\",\"@id\":\"https:\\\/\\\/buletin.de\\\/bucuresti\\\/#organization\",\"name\":\"Buletin de Bucure\u0219ti\",\"url\":\"https:\\\/\\\/buletin.de\\\/bucuresti\\\/\",\"logo\":{\"@type\":\"ImageObject\",\"inLanguage\":\"en-GB\",\"@id\":\"https:\\\/\\\/buletin.de\\\/bucuresti\\\/#\\\/schema\\\/logo\\\/image\\\/\",\"url\":\"https:\\\/\\\/buletin.de\\\/bucuresti\\\/wp-content\\\/uploads\\\/logo-bdb-full-wide-vernil-transparent.png\",\"contentUrl\":\"https:\\\/\\\/buletin.de\\\/bucuresti\\\/wp-content\\\/uploads\\\/logo-bdb-full-wide-vernil-transparent.png\",\"width\":1782,\"height\":626,\"caption\":\"Buletin de Bucure\u0219ti\"},\"image\":{\"@id\":\"https:\\\/\\\/buletin.de\\\/bucuresti\\\/#\\\/schema\\\/logo\\\/image\\\/\"},\"sameAs\":[\"https:\\\/\\\/www.facebook.com\\\/buletin.de.buc\",\"https:\\\/\\\/www.instagram.com\\\/buletinde.bucuresti\\\/\"]},{\"@type\":\"Person\",\"@id\":\"https:\\\/\\\/buletin.de\\\/bucuresti\\\/#\\\/schema\\\/person\\\/d369d7ddc775abece205795e0b804614\",\"name\":\"Teodora Stroe\",\"image\":{\"@type\":\"ImageObject\",\"inLanguage\":\"en-GB\",\"@id\":\"https:\\\/\\\/secure.gravatar.com\\\/avatar\\\/2560b4cd9f5f1bc100b123158e657d75584bd1c3e1d9c69285720b9457c1b78d?s=96&d=monsterid&r=gc104800242ba5f2d78dd5d7dc4df08b6\",\"url\":\"https:\\\/\\\/secure.gravatar.com\\\/avatar\\\/2560b4cd9f5f1bc100b123158e657d75584bd1c3e1d9c69285720b9457c1b78d?s=96&d=monsterid&r=g\",\"contentUrl\":\"https:\\\/\\\/secure.gravatar.com\\\/avatar\\\/2560b4cd9f5f1bc100b123158e657d75584bd1c3e1d9c69285720b9457c1b78d?s=96&d=monsterid&r=g\",\"caption\":\"Teodora Stroe\"},\"url\":\"https:\\\/\\\/buletin.de\\\/bucuresti\\\/author\\\/simonacarlugea\\\/\"}]}<\/script>\n<!-- \/ Yoast SEO Premium plugin. -->","yoast_head_json":{"title":"9,64 rata de inciden\u021b\u0103 \u00een Capital\u0103 - Buletin de Bucure\u0219ti","robots":{"index":"index","follow":"follow","max-snippet":"max-snippet:-1","max-image-preview":"max-image-preview:large","max-video-preview":"max-video-preview:-1"},"canonical":"https:\/\/buletin.de\/bucuresti\/964-rata-de-incidenta-in-capitala\/","og_locale":"en_GB","og_type":"article","og_title":"9,64 rata de inciden\u021b\u0103 \u00een Capital\u0103","og_description":"Explozie a ratei de inciden\u021b\u0103 COVID \u00een Bucure\u0219ti. Autorit\u0103\u021bile au anun\u021bat, \u00een urm\u0103 cu pu\u021bin timp valoare ratei de inciden\u021b\u0103 la mia de locuitori, \u00een ultimele 14 zile &#8211; 9.64. Ieri acela\u0219i indicator avea valoarea de 8.98. Tot ieri, \u00een Bucure\u0219ti 2443 de persoane au fost depistate pozitiv COVID19. \u00cencep\u00e2nd de pe 3 octombrie, ora [&hellip;]","og_url":"https:\/\/buletin.de\/bucuresti\/964-rata-de-incidenta-in-capitala\/","og_site_name":"Buletin de Bucure\u0219ti","article_publisher":"https:\/\/www.facebook.com\/buletin.de.buc","article_published_time":"2021-10-04T08:31:54+00:00","article_modified_time":"2021-10-04T08:31:56+00:00","og_image":[{"width":937,"height":625,"url":"https:\/\/buletin.de\/bucuresti\/wp-content\/uploads\/byJohnny-562010-1.jpg","type":"image\/jpeg"}],"author":"Teodora Stroe","twitter_card":"summary_large_image","twitter_misc":{"Written by":"Teodora Stroe","Estimated reading time":"1 minute"},"schema":{"@context":"https:\/\/schema.org","@graph":[{"@type":"Article","@id":"https:\/\/buletin.de\/bucuresti\/964-rata-de-incidenta-in-capitala\/#article","isPartOf":{"@id":"https:\/\/buletin.de\/bucuresti\/964-rata-de-incidenta-in-capitala\/"},"author":{"name":"Teodora Stroe","@id":"https:\/\/buletin.de\/bucuresti\/#\/schema\/person\/d369d7ddc775abece205795e0b804614"},"headline":"9,64 rata de inciden\u021b\u0103 \u00een Capital\u0103","datePublished":"2021-10-04T08:31:54+00:00","dateModified":"2021-10-04T08:31:56+00:00","mainEntityOfPage":{"@id":"https:\/\/buletin.de\/bucuresti\/964-rata-de-incidenta-in-capitala\/"},"wordCount":87,"publisher":{"@id":"https:\/\/buletin.de\/bucuresti\/#organization"},"image":{"@id":"https:\/\/buletin.de\/bucuresti\/964-rata-de-incidenta-in-capitala\/#primaryimage"},"thumbnailUrl":"https:\/\/buletin.de\/bucuresti\/wp-content\/uploads\/byJohnny-562010-1.jpg","articleSection":["\u0218tiri"],"inLanguage":"en-GB","copyrightYear":"2021","copyrightHolder":{"@id":"https:\/\/buletin.de\/bucuresti\/#organization"}},{"@type":"WebPage","@id":"https:\/\/buletin.de\/bucuresti\/964-rata-de-incidenta-in-capitala\/","url":"https:\/\/buletin.de\/bucuresti\/964-rata-de-incidenta-in-capitala\/","name":"9,64 rata de inciden\u021b\u0103 \u00een Capital\u0103 - Buletin de Bucure\u0219ti","isPartOf":{"@id":"https:\/\/buletin.de\/bucuresti\/#website"},"primaryImageOfPage":{"@id":"https:\/\/buletin.de\/bucuresti\/964-rata-de-incidenta-in-capitala\/#primaryimage"},"image":{"@id":"https:\/\/buletin.de\/bucuresti\/964-rata-de-incidenta-in-capitala\/#primaryimage"},"thumbnailUrl":"https:\/\/buletin.de\/bucuresti\/wp-content\/uploads\/byJohnny-562010-1.jpg","datePublished":"2021-10-04T08:31:54+00:00","dateModified":"2021-10-04T08:31:56+00:00","breadcrumb":{"@id":"https:\/\/buletin.de\/bucuresti\/964-rata-de-incidenta-in-capitala\/#breadcrumb"},"inLanguage":"en-GB","potentialAction":[{"@type":"ReadAction","target":["https:\/\/buletin.de\/bucuresti\/964-rata-de-incidenta-in-capitala\/"]}]},{"@type":"ImageObject","inLanguage":"en-GB","@id":"https:\/\/buletin.de\/bucuresti\/964-rata-de-incidenta-in-capitala\/#primaryimage","url":"https:\/\/buletin.de\/bucuresti\/wp-content\/uploads\/byJohnny-562010-1.jpg","contentUrl":"https:\/\/buletin.de\/bucuresti\/wp-content\/uploads\/byJohnny-562010-1.jpg","width":937,"height":625},{"@type":"BreadcrumbList","@id":"https:\/\/buletin.de\/bucuresti\/964-rata-de-incidenta-in-capitala\/#breadcrumb","itemListElement":[{"@type":"ListItem","position":1,"name":"Acas\u0103","item":"https:\/\/buletin.de\/bucuresti\/"},{"@type":"ListItem","position":2,"name":"9,64 rata de inciden\u021b\u0103 \u00een Capital\u0103"}]},{"@type":"WebSite","@id":"https:\/\/buletin.de\/bucuresti\/#website","url":"https:\/\/buletin.de\/bucuresti\/","name":"Buletin de Bucure\u0219ti","description":"\u0218tiri \u0219i investiga\u021bii esen\u021biale din capital\u0103","publisher":{"@id":"https:\/\/buletin.de\/bucuresti\/#organization"},"potentialAction":[{"@type":"SearchAction","target":{"@type":"EntryPoint","urlTemplate":"https:\/\/buletin.de\/bucuresti\/?s={search_term_string}"},"query-input":{"@type":"PropertyValueSpecification","valueRequired":true,"valueName":"search_term_string"}}],"inLanguage":"en-GB"},{"@type":"Organization","@id":"https:\/\/buletin.de\/bucuresti\/#organization","name":"Buletin de Bucure\u0219ti","url":"https:\/\/buletin.de\/bucuresti\/","logo":{"@type":"ImageObject","inLanguage":"en-GB","@id":"https:\/\/buletin.de\/bucuresti\/#\/schema\/logo\/image\/","url":"https:\/\/buletin.de\/bucuresti\/wp-content\/uploads\/logo-bdb-full-wide-vernil-transparent.png","contentUrl":"https:\/\/buletin.de\/bucuresti\/wp-content\/uploads\/logo-bdb-full-wide-vernil-transparent.png","width":1782,"height":626,"caption":"Buletin de Bucure\u0219ti"},"image":{"@id":"https:\/\/buletin.de\/bucuresti\/#\/schema\/logo\/image\/"},"sameAs":["https:\/\/www.facebook.com\/buletin.de.buc","https:\/\/www.instagram.com\/buletinde.bucuresti\/"]},{"@type":"Person","@id":"https:\/\/buletin.de\/bucuresti\/#\/schema\/person\/d369d7ddc775abece205795e0b804614","name":"Teodora Stroe","image":{"@type":"ImageObject","inLanguage":"en-GB","@id":"https:\/\/secure.gravatar.com\/avatar\/2560b4cd9f5f1bc100b123158e657d75584bd1c3e1d9c69285720b9457c1b78d?s=96&d=monsterid&r=gc104800242ba5f2d78dd5d7dc4df08b6","url":"https:\/\/secure.gravatar.com\/avatar\/2560b4cd9f5f1bc100b123158e657d75584bd1c3e1d9c69285720b9457c1b78d?s=96&d=monsterid&r=g","contentUrl":"https:\/\/secure.gravatar.com\/avatar\/2560b4cd9f5f1bc100b123158e657d75584bd1c3e1d9c69285720b9457c1b78d?s=96&d=monsterid&r=g","caption":"Teodora Stroe"},"url":"https:\/\/buletin.de\/bucuresti\/author\/simonacarlugea\/"}]}},"authors":[{"term_id":22579,"user_id":18,"is_guest":0,"slug":"simonacarlugea","display_name":"Teodora Stroe","avatar_url":"https:\/\/secure.gravatar.com\/avatar\/2560b4cd9f5f1bc100b123158e657d75584bd1c3e1d9c69285720b9457c1b78d?s=96&d=monsterid&r=g","0":null,"1":"","2":"","3":"","4":"","5":"","6":"","7":"","8":""}],"_links":{"self":[{"href":"https:\/\/buletin.de\/bucuresti\/wp-json\/wp\/v2\/posts\/31917","targetHints":{"allow":["GET"]}}],"collection":[{"href":"https:\/\/buletin.de\/bucuresti\/wp-json\/wp\/v2\/posts"}],"about":[{"href":"https:\/\/buletin.de\/bucuresti\/wp-json\/wp\/v2\/types\/post"}],"author":[{"embeddable":true,"href":"https:\/\/buletin.de\/bucuresti\/wp-json\/wp\/v2\/users\/18"}],"replies":[{"embeddable":true,"href":"https:\/\/buletin.de\/bucuresti\/wp-json\/wp\/v2\/comments?post=31917"}],"version-history":[{"count":4,"href":"https:\/\/buletin.de\/bucuresti\/wp-json\/wp\/v2\/posts\/31917\/revisions"}],"predecessor-version":[{"id":31923,"href":"https:\/\/buletin.de\/bucuresti\/wp-json\/wp\/v2\/posts\/31917\/revisions\/31923"}],"wp:featuredmedia":[{"embeddable":true,"href":"https:\/\/buletin.de\/bucuresti\/wp-json\/wp\/v2\/media\/31922"}],"wp:attachment":[{"href":"https:\/\/buletin.de\/bucuresti\/wp-json\/wp\/v2\/media?parent=31917"}],"wp:term":[{"taxonomy":"category","embeddable":true,"href":"https:\/\/buletin.de\/bucuresti\/wp-json\/wp\/v2\/categories?post=31917"},{"taxonomy":"post_tag","embeddable":true,"href":"https:\/\/buletin.de\/bucuresti\/wp-json\/wp\/v2\/tags?post=31917"},{"taxonomy":"author","embeddable":true,"href":"https:\/\/buletin.de\/bucuresti\/wp-json\/wp\/v2\/ppma_author?post=31917"}],"curies":[{"name":"wp","href":"https:\/\/api.w.org\/{rel}","templated":true}]}}