{"id":31912,"date":"2021-10-04T11:03:26","date_gmt":"2021-10-04T08:03:26","guid":{"rendered":"https:\/\/buletin.de\/bucuresti\/?p=31912"},"modified":"2021-10-04T11:07:48","modified_gmt":"2021-10-04T08:07:48","slug":"lucian-bode-42-de-sanctiuni-dupa-protestele-de-sambata-vor-mai-urma-si-altele","status":"publish","type":"post","link":"https:\/\/buletin.de\/bucuresti\/lucian-bode-42-de-sanctiuni-dupa-protestele-de-sambata-vor-mai-urma-si-altele\/","title":{"rendered":"Lucian Bode: 42 de sanc\u021biuni dup\u0103 protestele de s\u00e2mb\u0103t\u0103. Vor mai urma \u0219i altele"},"content":{"rendered":"\n<p>Ministrul de Interne, Lucian Bode a anun\u021bat bilan\u021bul provizoriu al sanc\u021biunilor aplicate dup\u0103 protestele de s\u00e2mb\u0103t\u0103 din Capital\u0103. P\u00e2n\u0103 acum au fost date 42 de sanc\u021biuni, inclusiv organizatorilor acestor manifesta\u021bii \u00een valoare de 48.400 de lei. 8 persoane care incitau la violen\u021b\u0103 au fost extrase \u00een timpul protestelor, duse la sec\u021biile de poli\u021bie \u0219i amendate. Ministrul a afirmat c\u0103 cercet\u0103rile nu sunt \u00eencheiate \u0219i vor urma \u0219i alte sanc\u021biuni.<\/p>\n\n\n\n<p>15.000 de prostestatari \u00een Bucure\u0219ti este cifra oficial\u0103 anun\u021bat\u0103 de ministrul de interne. Bode a declarat c\u0103 manifesta\u021biile din Bucure\u0219ti s-au desf\u0103\u0219urat pa\u0219nic de\u0219i aveau informa\u021bii c\u0103 existp grupuri infiltrate care incitau la violen\u021b\u0103. <\/p>\n\n\n\n<p>&#8220;For\u021bele de ordine au fost provocate. S-au aruncat spre ele cu diverse obiecte, cu ap\u0103. 8 persoane au fost extrase, duse la sec\u021bie \u0219i sanc\u021bionate&#8221;, a mai spus Lucian Bode.<\/p>\n\n\n\n<p>P\u00e2n\u0103 acum au fost aplicate 42 de sanc\u021biuni \u00een valoare total\u0103 de 48.400 de lei, dar cercet\u0103rile nu sunt finalizate.<\/p>\n\n\n\n<p>Peste 15.000 de persoane au protestat, s\u00e2mb\u0103t\u0103, \u00een Bucure\u0219ti. Manifesta\u021biile au fost organizate separat de AUR \u00een Pia\u021ba Universit\u0103\u021bii \u0219i un grup de asocia\u021bii \u00een Pia\u021ba Victoriei. \u00cen final to\u021bi protestatarii s-au adunat \u00een Pia\u021ba Victoriei.<\/p>\n\n\n\n<p>surs\u0103 foto Ionu\u021b Predic\u0103<\/p>\n\n\n\n<p><\/p>\n","protected":false},"excerpt":{"rendered":"<p>Ministrul de Interne, Lucian Bode a anun\u021bat bilan\u021bul provizoriu al sanc\u021biunilor aplicate dup\u0103 protestele de s\u00e2mb\u0103t\u0103 din Capital\u0103. P\u00e2n\u0103 acum au fost date 42 de sanc\u021biuni, inclusiv organizatorilor acestor manifesta\u021bii \u00een valoare de 48.400 de lei. 8 persoane care incitau la violen\u021b\u0103 au fost extrase \u00een timpul protestelor, duse la sec\u021biile de poli\u021bie \u0219i amendate. [&hellip;]<\/p>\n","protected":false},"author":18,"featured_media":31849,"comment_status":"closed","ping_status":"open","sticky":false,"template":"","format":"standard","meta":{"_acf_changed":false,"inline_featured_image":false,"ngg_post_thumbnail":0,"footnotes":""},"categories":[62],"tags":[154,9,114],"ppma_author":[22579],"class_list":["post-31912","post","type-post","status-publish","format-standard","has-post-thumbnail","hentry","category-stiri","tag-amenzi","tag-bucuresti","tag-protest"],"acf":[],"yoast_head":"<!-- This site is optimized with the Yoast SEO Premium plugin v25.3 (Yoast SEO v27.4) - https:\/\/yoast.com\/product\/yoast-seo-premium-wordpress\/ -->\n<title>Lucian Bode: 42 de sanc\u021biuni dup\u0103 protestele de s\u00e2mb\u0103t\u0103. Vor mai urma \u0219i altele - Buletin de Bucure\u0219ti<\/title>\n<meta name=\"robots\" content=\"index, follow, max-snippet:-1, max-image-preview:large, max-video-preview:-1\" \/>\n<link rel=\"canonical\" href=\"https:\/\/buletin.de\/bucuresti\/lucian-bode-42-de-sanctiuni-dupa-protestele-de-sambata-vor-mai-urma-si-altele\/\" \/>\n<meta property=\"og:locale\" content=\"en_GB\" \/>\n<meta property=\"og:type\" content=\"article\" \/>\n<meta property=\"og:title\" content=\"Lucian Bode: 42 de sanc\u021biuni dup\u0103 protestele de s\u00e2mb\u0103t\u0103. Vor mai urma \u0219i altele\" \/>\n<meta property=\"og:description\" content=\"Ministrul de Interne, Lucian Bode a anun\u021bat bilan\u021bul provizoriu al sanc\u021biunilor aplicate dup\u0103 protestele de s\u00e2mb\u0103t\u0103 din Capital\u0103. P\u00e2n\u0103 acum au fost date 42 de sanc\u021biuni, inclusiv organizatorilor acestor manifesta\u021bii \u00een valoare de 48.400 de lei. 8 persoane care incitau la violen\u021b\u0103 au fost extrase \u00een timpul protestelor, duse la sec\u021biile de poli\u021bie \u0219i amendate. [&hellip;]\" \/>\n<meta property=\"og:url\" content=\"https:\/\/buletin.de\/bucuresti\/lucian-bode-42-de-sanctiuni-dupa-protestele-de-sambata-vor-mai-urma-si-altele\/\" \/>\n<meta property=\"og:site_name\" content=\"Buletin de Bucure\u0219ti\" \/>\n<meta property=\"article:publisher\" content=\"https:\/\/www.facebook.com\/buletin.de.buc\" \/>\n<meta property=\"article:published_time\" content=\"2021-10-04T08:03:26+00:00\" \/>\n<meta property=\"article:modified_time\" content=\"2021-10-04T08:07:48+00:00\" \/>\n<meta property=\"og:image\" content=\"https:\/\/buletin.de\/bucuresti\/wp-content\/uploads\/243687136_2692683994360337_1821628745298931771_n-3.jpg\" \/>\n\t<meta property=\"og:image:width\" content=\"750\" \/>\n\t<meta property=\"og:image:height\" content=\"500\" \/>\n\t<meta property=\"og:image:type\" content=\"image\/jpeg\" \/>\n<meta name=\"author\" content=\"Teodora Stroe\" \/>\n<meta name=\"twitter:card\" content=\"summary_large_image\" \/>\n<meta name=\"twitter:label1\" content=\"Written by\" \/>\n\t<meta name=\"twitter:data1\" content=\"Teodora Stroe\" \/>\n\t<meta name=\"twitter:label2\" content=\"Estimated reading time\" \/>\n\t<meta name=\"twitter:data2\" content=\"1 minute\" \/>\n<script type=\"application\/ld+json\" class=\"yoast-schema-graph\">{\"@context\":\"https:\\\/\\\/schema.org\",\"@graph\":[{\"@type\":\"Article\",\"@id\":\"https:\\\/\\\/buletin.de\\\/bucuresti\\\/lucian-bode-42-de-sanctiuni-dupa-protestele-de-sambata-vor-mai-urma-si-altele\\\/#article\",\"isPartOf\":{\"@id\":\"https:\\\/\\\/buletin.de\\\/bucuresti\\\/lucian-bode-42-de-sanctiuni-dupa-protestele-de-sambata-vor-mai-urma-si-altele\\\/\"},\"author\":{\"name\":\"Teodora Stroe\",\"@id\":\"https:\\\/\\\/buletin.de\\\/bucuresti\\\/#\\\/schema\\\/person\\\/d369d7ddc775abece205795e0b804614\"},\"headline\":\"Lucian Bode: 42 de sanc\u021biuni dup\u0103 protestele de s\u00e2mb\u0103t\u0103. Vor mai urma \u0219i altele\",\"datePublished\":\"2021-10-04T08:03:26+00:00\",\"dateModified\":\"2021-10-04T08:07:48+00:00\",\"mainEntityOfPage\":{\"@id\":\"https:\\\/\\\/buletin.de\\\/bucuresti\\\/lucian-bode-42-de-sanctiuni-dupa-protestele-de-sambata-vor-mai-urma-si-altele\\\/\"},\"wordCount\":237,\"publisher\":{\"@id\":\"https:\\\/\\\/buletin.de\\\/bucuresti\\\/#organization\"},\"image\":{\"@id\":\"https:\\\/\\\/buletin.de\\\/bucuresti\\\/lucian-bode-42-de-sanctiuni-dupa-protestele-de-sambata-vor-mai-urma-si-altele\\\/#primaryimage\"},\"thumbnailUrl\":\"https:\\\/\\\/buletin.de\\\/bucuresti\\\/wp-content\\\/uploads\\\/243687136_2692683994360337_1821628745298931771_n-3.jpg\",\"keywords\":[\"amenzi\",\"bucuresti\",\"protest\"],\"articleSection\":[\"\u0218tiri\"],\"inLanguage\":\"en-GB\",\"copyrightYear\":\"2021\",\"copyrightHolder\":{\"@id\":\"https:\\\/\\\/buletin.de\\\/bucuresti\\\/#organization\"}},{\"@type\":\"WebPage\",\"@id\":\"https:\\\/\\\/buletin.de\\\/bucuresti\\\/lucian-bode-42-de-sanctiuni-dupa-protestele-de-sambata-vor-mai-urma-si-altele\\\/\",\"url\":\"https:\\\/\\\/buletin.de\\\/bucuresti\\\/lucian-bode-42-de-sanctiuni-dupa-protestele-de-sambata-vor-mai-urma-si-altele\\\/\",\"name\":\"Lucian Bode: 42 de sanc\u021biuni dup\u0103 protestele de s\u00e2mb\u0103t\u0103. Vor mai urma \u0219i altele - Buletin de Bucure\u0219ti\",\"isPartOf\":{\"@id\":\"https:\\\/\\\/buletin.de\\\/bucuresti\\\/#website\"},\"primaryImageOfPage\":{\"@id\":\"https:\\\/\\\/buletin.de\\\/bucuresti\\\/lucian-bode-42-de-sanctiuni-dupa-protestele-de-sambata-vor-mai-urma-si-altele\\\/#primaryimage\"},\"image\":{\"@id\":\"https:\\\/\\\/buletin.de\\\/bucuresti\\\/lucian-bode-42-de-sanctiuni-dupa-protestele-de-sambata-vor-mai-urma-si-altele\\\/#primaryimage\"},\"thumbnailUrl\":\"https:\\\/\\\/buletin.de\\\/bucuresti\\\/wp-content\\\/uploads\\\/243687136_2692683994360337_1821628745298931771_n-3.jpg\",\"datePublished\":\"2021-10-04T08:03:26+00:00\",\"dateModified\":\"2021-10-04T08:07:48+00:00\",\"breadcrumb\":{\"@id\":\"https:\\\/\\\/buletin.de\\\/bucuresti\\\/lucian-bode-42-de-sanctiuni-dupa-protestele-de-sambata-vor-mai-urma-si-altele\\\/#breadcrumb\"},\"inLanguage\":\"en-GB\",\"potentialAction\":[{\"@type\":\"ReadAction\",\"target\":[\"https:\\\/\\\/buletin.de\\\/bucuresti\\\/lucian-bode-42-de-sanctiuni-dupa-protestele-de-sambata-vor-mai-urma-si-altele\\\/\"]}]},{\"@type\":\"ImageObject\",\"inLanguage\":\"en-GB\",\"@id\":\"https:\\\/\\\/buletin.de\\\/bucuresti\\\/lucian-bode-42-de-sanctiuni-dupa-protestele-de-sambata-vor-mai-urma-si-altele\\\/#primaryimage\",\"url\":\"https:\\\/\\\/buletin.de\\\/bucuresti\\\/wp-content\\\/uploads\\\/243687136_2692683994360337_1821628745298931771_n-3.jpg\",\"contentUrl\":\"https:\\\/\\\/buletin.de\\\/bucuresti\\\/wp-content\\\/uploads\\\/243687136_2692683994360337_1821628745298931771_n-3.jpg\",\"width\":750,\"height\":500},{\"@type\":\"BreadcrumbList\",\"@id\":\"https:\\\/\\\/buletin.de\\\/bucuresti\\\/lucian-bode-42-de-sanctiuni-dupa-protestele-de-sambata-vor-mai-urma-si-altele\\\/#breadcrumb\",\"itemListElement\":[{\"@type\":\"ListItem\",\"position\":1,\"name\":\"Acas\u0103\",\"item\":\"https:\\\/\\\/buletin.de\\\/bucuresti\\\/\"},{\"@type\":\"ListItem\",\"position\":2,\"name\":\"Lucian Bode: 42 de sanc\u021biuni dup\u0103 protestele de s\u00e2mb\u0103t\u0103. Vor mai urma \u0219i altele\"}]},{\"@type\":\"WebSite\",\"@id\":\"https:\\\/\\\/buletin.de\\\/bucuresti\\\/#website\",\"url\":\"https:\\\/\\\/buletin.de\\\/bucuresti\\\/\",\"name\":\"Buletin de Bucure\u0219ti\",\"description\":\"\u0218tiri \u0219i investiga\u021bii esen\u021biale din capital\u0103\",\"publisher\":{\"@id\":\"https:\\\/\\\/buletin.de\\\/bucuresti\\\/#organization\"},\"potentialAction\":[{\"@type\":\"SearchAction\",\"target\":{\"@type\":\"EntryPoint\",\"urlTemplate\":\"https:\\\/\\\/buletin.de\\\/bucuresti\\\/?s={search_term_string}\"},\"query-input\":{\"@type\":\"PropertyValueSpecification\",\"valueRequired\":true,\"valueName\":\"search_term_string\"}}],\"inLanguage\":\"en-GB\"},{\"@type\":\"Organization\",\"@id\":\"https:\\\/\\\/buletin.de\\\/bucuresti\\\/#organization\",\"name\":\"Buletin de Bucure\u0219ti\",\"url\":\"https:\\\/\\\/buletin.de\\\/bucuresti\\\/\",\"logo\":{\"@type\":\"ImageObject\",\"inLanguage\":\"en-GB\",\"@id\":\"https:\\\/\\\/buletin.de\\\/bucuresti\\\/#\\\/schema\\\/logo\\\/image\\\/\",\"url\":\"https:\\\/\\\/buletin.de\\\/bucuresti\\\/wp-content\\\/uploads\\\/logo-bdb-full-wide-vernil-transparent.png\",\"contentUrl\":\"https:\\\/\\\/buletin.de\\\/bucuresti\\\/wp-content\\\/uploads\\\/logo-bdb-full-wide-vernil-transparent.png\",\"width\":1782,\"height\":626,\"caption\":\"Buletin de Bucure\u0219ti\"},\"image\":{\"@id\":\"https:\\\/\\\/buletin.de\\\/bucuresti\\\/#\\\/schema\\\/logo\\\/image\\\/\"},\"sameAs\":[\"https:\\\/\\\/www.facebook.com\\\/buletin.de.buc\",\"https:\\\/\\\/www.instagram.com\\\/buletinde.bucuresti\\\/\"]},{\"@type\":\"Person\",\"@id\":\"https:\\\/\\\/buletin.de\\\/bucuresti\\\/#\\\/schema\\\/person\\\/d369d7ddc775abece205795e0b804614\",\"name\":\"Teodora Stroe\",\"image\":{\"@type\":\"ImageObject\",\"inLanguage\":\"en-GB\",\"@id\":\"https:\\\/\\\/secure.gravatar.com\\\/avatar\\\/2560b4cd9f5f1bc100b123158e657d75584bd1c3e1d9c69285720b9457c1b78d?s=96&d=monsterid&r=gc104800242ba5f2d78dd5d7dc4df08b6\",\"url\":\"https:\\\/\\\/secure.gravatar.com\\\/avatar\\\/2560b4cd9f5f1bc100b123158e657d75584bd1c3e1d9c69285720b9457c1b78d?s=96&d=monsterid&r=g\",\"contentUrl\":\"https:\\\/\\\/secure.gravatar.com\\\/avatar\\\/2560b4cd9f5f1bc100b123158e657d75584bd1c3e1d9c69285720b9457c1b78d?s=96&d=monsterid&r=g\",\"caption\":\"Teodora Stroe\"},\"url\":\"https:\\\/\\\/buletin.de\\\/bucuresti\\\/author\\\/simonacarlugea\\\/\"}]}<\/script>\n<!-- \/ Yoast SEO Premium plugin. -->","yoast_head_json":{"title":"Lucian Bode: 42 de sanc\u021biuni dup\u0103 protestele de s\u00e2mb\u0103t\u0103. Vor mai urma \u0219i altele - Buletin de Bucure\u0219ti","robots":{"index":"index","follow":"follow","max-snippet":"max-snippet:-1","max-image-preview":"max-image-preview:large","max-video-preview":"max-video-preview:-1"},"canonical":"https:\/\/buletin.de\/bucuresti\/lucian-bode-42-de-sanctiuni-dupa-protestele-de-sambata-vor-mai-urma-si-altele\/","og_locale":"en_GB","og_type":"article","og_title":"Lucian Bode: 42 de sanc\u021biuni dup\u0103 protestele de s\u00e2mb\u0103t\u0103. Vor mai urma \u0219i altele","og_description":"Ministrul de Interne, Lucian Bode a anun\u021bat bilan\u021bul provizoriu al sanc\u021biunilor aplicate dup\u0103 protestele de s\u00e2mb\u0103t\u0103 din Capital\u0103. P\u00e2n\u0103 acum au fost date 42 de sanc\u021biuni, inclusiv organizatorilor acestor manifesta\u021bii \u00een valoare de 48.400 de lei. 8 persoane care incitau la violen\u021b\u0103 au fost extrase \u00een timpul protestelor, duse la sec\u021biile de poli\u021bie \u0219i amendate. [&hellip;]","og_url":"https:\/\/buletin.de\/bucuresti\/lucian-bode-42-de-sanctiuni-dupa-protestele-de-sambata-vor-mai-urma-si-altele\/","og_site_name":"Buletin de Bucure\u0219ti","article_publisher":"https:\/\/www.facebook.com\/buletin.de.buc","article_published_time":"2021-10-04T08:03:26+00:00","article_modified_time":"2021-10-04T08:07:48+00:00","og_image":[{"width":750,"height":500,"url":"https:\/\/buletin.de\/bucuresti\/wp-content\/uploads\/243687136_2692683994360337_1821628745298931771_n-3.jpg","type":"image\/jpeg"}],"author":"Teodora Stroe","twitter_card":"summary_large_image","twitter_misc":{"Written by":"Teodora Stroe","Estimated reading time":"1 minute"},"schema":{"@context":"https:\/\/schema.org","@graph":[{"@type":"Article","@id":"https:\/\/buletin.de\/bucuresti\/lucian-bode-42-de-sanctiuni-dupa-protestele-de-sambata-vor-mai-urma-si-altele\/#article","isPartOf":{"@id":"https:\/\/buletin.de\/bucuresti\/lucian-bode-42-de-sanctiuni-dupa-protestele-de-sambata-vor-mai-urma-si-altele\/"},"author":{"name":"Teodora Stroe","@id":"https:\/\/buletin.de\/bucuresti\/#\/schema\/person\/d369d7ddc775abece205795e0b804614"},"headline":"Lucian Bode: 42 de sanc\u021biuni dup\u0103 protestele de s\u00e2mb\u0103t\u0103. Vor mai urma \u0219i altele","datePublished":"2021-10-04T08:03:26+00:00","dateModified":"2021-10-04T08:07:48+00:00","mainEntityOfPage":{"@id":"https:\/\/buletin.de\/bucuresti\/lucian-bode-42-de-sanctiuni-dupa-protestele-de-sambata-vor-mai-urma-si-altele\/"},"wordCount":237,"publisher":{"@id":"https:\/\/buletin.de\/bucuresti\/#organization"},"image":{"@id":"https:\/\/buletin.de\/bucuresti\/lucian-bode-42-de-sanctiuni-dupa-protestele-de-sambata-vor-mai-urma-si-altele\/#primaryimage"},"thumbnailUrl":"https:\/\/buletin.de\/bucuresti\/wp-content\/uploads\/243687136_2692683994360337_1821628745298931771_n-3.jpg","keywords":["amenzi","bucuresti","protest"],"articleSection":["\u0218tiri"],"inLanguage":"en-GB","copyrightYear":"2021","copyrightHolder":{"@id":"https:\/\/buletin.de\/bucuresti\/#organization"}},{"@type":"WebPage","@id":"https:\/\/buletin.de\/bucuresti\/lucian-bode-42-de-sanctiuni-dupa-protestele-de-sambata-vor-mai-urma-si-altele\/","url":"https:\/\/buletin.de\/bucuresti\/lucian-bode-42-de-sanctiuni-dupa-protestele-de-sambata-vor-mai-urma-si-altele\/","name":"Lucian Bode: 42 de sanc\u021biuni dup\u0103 protestele de s\u00e2mb\u0103t\u0103. Vor mai urma \u0219i altele - Buletin de Bucure\u0219ti","isPartOf":{"@id":"https:\/\/buletin.de\/bucuresti\/#website"},"primaryImageOfPage":{"@id":"https:\/\/buletin.de\/bucuresti\/lucian-bode-42-de-sanctiuni-dupa-protestele-de-sambata-vor-mai-urma-si-altele\/#primaryimage"},"image":{"@id":"https:\/\/buletin.de\/bucuresti\/lucian-bode-42-de-sanctiuni-dupa-protestele-de-sambata-vor-mai-urma-si-altele\/#primaryimage"},"thumbnailUrl":"https:\/\/buletin.de\/bucuresti\/wp-content\/uploads\/243687136_2692683994360337_1821628745298931771_n-3.jpg","datePublished":"2021-10-04T08:03:26+00:00","dateModified":"2021-10-04T08:07:48+00:00","breadcrumb":{"@id":"https:\/\/buletin.de\/bucuresti\/lucian-bode-42-de-sanctiuni-dupa-protestele-de-sambata-vor-mai-urma-si-altele\/#breadcrumb"},"inLanguage":"en-GB","potentialAction":[{"@type":"ReadAction","target":["https:\/\/buletin.de\/bucuresti\/lucian-bode-42-de-sanctiuni-dupa-protestele-de-sambata-vor-mai-urma-si-altele\/"]}]},{"@type":"ImageObject","inLanguage":"en-GB","@id":"https:\/\/buletin.de\/bucuresti\/lucian-bode-42-de-sanctiuni-dupa-protestele-de-sambata-vor-mai-urma-si-altele\/#primaryimage","url":"https:\/\/buletin.de\/bucuresti\/wp-content\/uploads\/243687136_2692683994360337_1821628745298931771_n-3.jpg","contentUrl":"https:\/\/buletin.de\/bucuresti\/wp-content\/uploads\/243687136_2692683994360337_1821628745298931771_n-3.jpg","width":750,"height":500},{"@type":"BreadcrumbList","@id":"https:\/\/buletin.de\/bucuresti\/lucian-bode-42-de-sanctiuni-dupa-protestele-de-sambata-vor-mai-urma-si-altele\/#breadcrumb","itemListElement":[{"@type":"ListItem","position":1,"name":"Acas\u0103","item":"https:\/\/buletin.de\/bucuresti\/"},{"@type":"ListItem","position":2,"name":"Lucian Bode: 42 de sanc\u021biuni dup\u0103 protestele de s\u00e2mb\u0103t\u0103. Vor mai urma \u0219i altele"}]},{"@type":"WebSite","@id":"https:\/\/buletin.de\/bucuresti\/#website","url":"https:\/\/buletin.de\/bucuresti\/","name":"Buletin de Bucure\u0219ti","description":"\u0218tiri \u0219i investiga\u021bii esen\u021biale din capital\u0103","publisher":{"@id":"https:\/\/buletin.de\/bucuresti\/#organization"},"potentialAction":[{"@type":"SearchAction","target":{"@type":"EntryPoint","urlTemplate":"https:\/\/buletin.de\/bucuresti\/?s={search_term_string}"},"query-input":{"@type":"PropertyValueSpecification","valueRequired":true,"valueName":"search_term_string"}}],"inLanguage":"en-GB"},{"@type":"Organization","@id":"https:\/\/buletin.de\/bucuresti\/#organization","name":"Buletin de Bucure\u0219ti","url":"https:\/\/buletin.de\/bucuresti\/","logo":{"@type":"ImageObject","inLanguage":"en-GB","@id":"https:\/\/buletin.de\/bucuresti\/#\/schema\/logo\/image\/","url":"https:\/\/buletin.de\/bucuresti\/wp-content\/uploads\/logo-bdb-full-wide-vernil-transparent.png","contentUrl":"https:\/\/buletin.de\/bucuresti\/wp-content\/uploads\/logo-bdb-full-wide-vernil-transparent.png","width":1782,"height":626,"caption":"Buletin de Bucure\u0219ti"},"image":{"@id":"https:\/\/buletin.de\/bucuresti\/#\/schema\/logo\/image\/"},"sameAs":["https:\/\/www.facebook.com\/buletin.de.buc","https:\/\/www.instagram.com\/buletinde.bucuresti\/"]},{"@type":"Person","@id":"https:\/\/buletin.de\/bucuresti\/#\/schema\/person\/d369d7ddc775abece205795e0b804614","name":"Teodora Stroe","image":{"@type":"ImageObject","inLanguage":"en-GB","@id":"https:\/\/secure.gravatar.com\/avatar\/2560b4cd9f5f1bc100b123158e657d75584bd1c3e1d9c69285720b9457c1b78d?s=96&d=monsterid&r=gc104800242ba5f2d78dd5d7dc4df08b6","url":"https:\/\/secure.gravatar.com\/avatar\/2560b4cd9f5f1bc100b123158e657d75584bd1c3e1d9c69285720b9457c1b78d?s=96&d=monsterid&r=g","contentUrl":"https:\/\/secure.gravatar.com\/avatar\/2560b4cd9f5f1bc100b123158e657d75584bd1c3e1d9c69285720b9457c1b78d?s=96&d=monsterid&r=g","caption":"Teodora Stroe"},"url":"https:\/\/buletin.de\/bucuresti\/author\/simonacarlugea\/"}]}},"authors":[{"term_id":22579,"user_id":18,"is_guest":0,"slug":"simonacarlugea","display_name":"Teodora Stroe","avatar_url":"https:\/\/secure.gravatar.com\/avatar\/2560b4cd9f5f1bc100b123158e657d75584bd1c3e1d9c69285720b9457c1b78d?s=96&d=monsterid&r=g","0":null,"1":"","2":"","3":"","4":"","5":"","6":"","7":"","8":""}],"_links":{"self":[{"href":"https:\/\/buletin.de\/bucuresti\/wp-json\/wp\/v2\/posts\/31912","targetHints":{"allow":["GET"]}}],"collection":[{"href":"https:\/\/buletin.de\/bucuresti\/wp-json\/wp\/v2\/posts"}],"about":[{"href":"https:\/\/buletin.de\/bucuresti\/wp-json\/wp\/v2\/types\/post"}],"author":[{"embeddable":true,"href":"https:\/\/buletin.de\/bucuresti\/wp-json\/wp\/v2\/users\/18"}],"replies":[{"embeddable":true,"href":"https:\/\/buletin.de\/bucuresti\/wp-json\/wp\/v2\/comments?post=31912"}],"version-history":[{"count":4,"href":"https:\/\/buletin.de\/bucuresti\/wp-json\/wp\/v2\/posts\/31912\/revisions"}],"predecessor-version":[{"id":31916,"href":"https:\/\/buletin.de\/bucuresti\/wp-json\/wp\/v2\/posts\/31912\/revisions\/31916"}],"wp:featuredmedia":[{"embeddable":true,"href":"https:\/\/buletin.de\/bucuresti\/wp-json\/wp\/v2\/media\/31849"}],"wp:attachment":[{"href":"https:\/\/buletin.de\/bucuresti\/wp-json\/wp\/v2\/media?parent=31912"}],"wp:term":[{"taxonomy":"category","embeddable":true,"href":"https:\/\/buletin.de\/bucuresti\/wp-json\/wp\/v2\/categories?post=31912"},{"taxonomy":"post_tag","embeddable":true,"href":"https:\/\/buletin.de\/bucuresti\/wp-json\/wp\/v2\/tags?post=31912"},{"taxonomy":"author","embeddable":true,"href":"https:\/\/buletin.de\/bucuresti\/wp-json\/wp\/v2\/ppma_author?post=31912"}],"curies":[{"name":"wp","href":"https:\/\/api.w.org\/{rel}","templated":true}]}}