{"id":31893,"date":"2021-10-03T20:31:43","date_gmt":"2021-10-03T17:31:43","guid":{"rendered":"https:\/\/buletin.de\/bucuresti\/?p=31893"},"modified":"2021-10-03T20:31:44","modified_gmt":"2021-10-03T17:31:44","slug":"aproape-jumate-din-ilfov-intra-in-carantina-de-noapte","status":"publish","type":"post","link":"https:\/\/buletin.de\/bucuresti\/aproape-jumate-din-ilfov-intra-in-carantina-de-noapte\/","title":{"rendered":"Aproape jumate din Ilfov intr\u0103 \u00een carantina de noapte"},"content":{"rendered":"\n<p><strong><strong>CJSU Ilfov luat ieri<\/strong><a href=\"https:\/\/if.prefectura.mai.gov.ro\/wp-content\/uploads\/sites\/55\/2021\/10\/Hotararea-CJSU-Ilfov-nr-180-din-02.10.2021_.pdf\"><strong>noi m\u0103suri de restric\u021bie<\/strong><\/a><strong> pentru 27 de localit\u0103\u021bi din jude\u021b, dup\u0103 ce aceste m\u0103suri au fost am\u00e2nate patru zile \u00een a\u0219teptarea unei hot\u0103r\u00e2ri din partea Guvernului. 19 dintre aceste localit\u0103\u021bi au intrat de noaptea trecut\u0103 \u00een carantina de noapte, \u00een timp ce celelalte opt vor avea \u0219i ele carantin\u0103 de noapte, dar doar \u00een zilele de vineri, s\u00e2mb\u0103t\u0103 \u0219i duminic\u0103. De la aceast\u0103 carantin\u0103 de noapte sunt scuti\u021bi cei vaccina\u021bi, dar \u0219i cei care se deplaseaz\u0103 \u00een scop profesional sau medical. O alt\u0103 noutate adus\u0103 de ultimele modific\u0103ri este c\u0103 activitatea \u00een baruri, cluburi \u0219i discoteci este interzis\u0103. S\u0103lile de jocuri pentru noroc r\u0103m\u00e2n deschise 50% din capacitate, dar doar pentru cei vaccina\u021bi. R\u0103m\u00e2ne valabil certificatul verde pentru frecventarea restaurantelor \u0219i obligativitatea purt\u0103rii m\u0103\u0219tii \u00een spa\u021biile deschise.&nbsp;<\/strong><\/strong><\/p>\n\n\n\n<p>M\u0103surile nu se aplic\u0103 \u00een cazul persoanelor care au v\u00e2rsta mai mic\u0103 sau egal\u0103 cu 12 ani.<\/p>\n\n\n\n<ul class=\"wp-block-list\"><li>\u00cen spa\u021biile publice: pie\u021be, t\u00e2rguri, b\u00e2lciuri, talciocuri, sta\u021bii pentru transportul \u00een comun, spa\u021biile comerciale, mijloacele de transport \u00een comun \u0219i la locul de munc\u0103 se instituie obligativitatea purt\u0103rii m\u0103\u0219tii de protec\u021bie, astfel \u00eenc\u00e2t s\u0103 acopere nasul \u0219i gura.<\/li><li>Este obligatorie&nbsp; purtarea m\u0103\u0219tii de protec\u021bie, astfel \u00eenc\u00e2t s\u0103 acopere gura \u0219i nasul, pe o raz\u0103 de 50 m \u00een jurul unit\u0103\u021bilor de \u00eenv\u0103\u021b\u0103m\u00e2nt, pentru persoanele care sta\u021bioneaz\u0103 \u00een acest perimetru.<\/li><li>\u00cen unit\u0103\u021bile de \u00eenv\u0103\u021b\u0103m\u00e2nt este permis\u0103 desf\u0103\u0219urarea orelor de educa\u021bie fizic\u0103 doar \u00een spa\u021bii deschise, f\u0103r\u0103 obligativitatea purt\u0103rii m\u0103\u0219tii de protec\u021bie.<\/li><li>\u00cen spa\u0163iile \u00eenchise sau deschise, competi\u0163iile sportive se pot desf\u0103\u015fura \u00een Municipiul Bucure\u0219ti cu&nbsp; participarea spectatorilor p\u00e2n\u0103 la 50% din capacitatea maxim\u0103 a spa\u0163iului, cu asigurarea unei distan\u0163e&nbsp; de minimum 1 metru \u00eentre persoane \u0219i cu purtarea m\u0103\u0219tii de protec\u021bie, dac\u0103 inciden\u0163a cumulat\u0103 la 14 zile \u00een localitate este mai mare de 6\/1.000 de locuitori. Participarea este permis\u0103 doar pentru persoanele care sunt vaccinate \u00eempotriva virusului SARS-CoV-2 \u015fi pentru care au trecut 10 zile de la finalizarea schemei complete de vaccinare, respectiv persoanele care se afl\u0103 \u00een perioada cuprins\u0103 \u00eentre a 15-a zi \u015fi a 180-a zi ulterioar\u0103 confirm\u0103rii infect\u0103rii cu virusul SARS-CoV-2.<\/li><li>Organizarea \u015fi desf\u0103\u015furarea activit\u0103\u0163ii \u00een cadrul cinematografelor, institu\u0163iilor de spectacole \u015fi\/sau concerte sunt permise cu participarea publicului p\u00e2n\u0103 la 50% din capacitatea maxim\u0103 a spa\u0163iului \u015fi cu purtarea m\u0103\u015ftii de protec\u0163ie, dac\u0103 inciden\u0163a cumulat\u0103 la 14 zile \u00een localitate este mai mare de 6\/1.000 de locuitori.<\/li><\/ul>\n\n\n\n<p>Participarea este permis\u0103 doar pentru persoanele care sunt vaccinate \u00eempotriva virusului SARS-CoV2 \u015fi pentru care au trecut 10 zile de la finalizarea schemei complete de vaccinare, respectiv persoanele care se afl\u0103 \u00een perioada cuprins\u0103 \u00eentre a 15-a zi \u015fi a 180-a zi ulterioar\u0103 confirm\u0103rii infect\u0103rii cu virusul SARS-CoV-2.<\/p>\n\n\n\n<ul class=\"wp-block-list\"><li>Organizarea \u015fi desf\u0103\u015furarea \u00een aer liber a spectacolelor, concertelor, festivalurilor publice \u015fi private sau a altor evenimente culturale sunt permise cu participarea publicului p\u00e2n\u0103 la 50% din capacitatea maxim\u0103 a spa\u0163iului \u0219i cu purtarea m\u0103\u0219tii de protec\u021bie, dac\u0103 inciden\u0163a cumulat\u0103 la 14 zile \u00een localitate este mai mare de 6\/1.000 de&nbsp; locuitori.<\/li><\/ul>\n\n\n\n<p>M\u0103surile au fost luate pentru 27 de localit\u0103\u021bi ilfovene, 19 cu rata de inciden\u021b\u0103 de peste 7,5 la o mie de locuitori \u0219i opt care au dep\u0103\u0219it rata de 6\/1000 d elocuitori. <\/p>\n\n\n\n<ul class=\"wp-block-list\"><li>Afuma\u021bi \u2013 10,61\/1000 locuitori<\/li><li>Berceni \u2013 11,26\/1000 locuitori<\/li><li>Br\u0103ne\u0219ti \u2013 8,29\/1000 locuitori<\/li><li>Bragadiru \u2013 12,32\/1000 locuitori<\/li><li>Chiajna \u2013 10,90\/1000 locuitori<\/li><li>Clinceni \u2013 8,55\/1000 locuitori<\/li><li>Cop\u0103ceni \u2013 9,09\/1000 locuitori<\/li><li>Corbeanca \u2013 9,36\/1000 locuitori<\/li><li>D\u0103r\u0103\u0219ti-Ilfov \u2013 8,11\/1000 locuitori<\/li><li>1 Decembrie \u2013 7,82\/1000 locuitori<\/li><li>Dobroe\u0219ti \u2013 12,57\/1000 locuitori<\/li><li>Domne\u0219ti \u2013 7,60\/1000 locuitori<\/li><li>M\u0103gurele \u2013 10,63\/1000 locuitori<\/li><li>Mogo\u0219oaia \u2013 11,07\/1000 locuitori<\/li><li>Otopeni \u2013 9,66\/1000 locuitori<\/li><li>Pantelimon \u2013 7,70\/1000 locuitori<\/li><li>Pope\u0219ti-Leordeni \u2013 10,89\/1000 locuitori<\/li><li>\u0218tef\u0103ne\u0219tii de Jos \u2013 8,87\/1000 locuitori<\/li><li>Voluntari \u2013 10,69\/1000 locuitori<\/li><li>Balote\u0219ti \u2013 6,34\/1000 locuitori<\/li><li>Cernica \u2013 7,00\/1000 locuitori<\/li><li>Dragomire\u0219ti \u2013 6,07\/1000 locuitori<\/li><li>Gruiu \u2013 6,80\/1000 locuitori<\/li><li>Glina \u2013 6,40\/1000 locuitori<\/li><li>Tunari \u2013 6,83\/1000 locuitori<\/li><li>Petr\u0103chioaia \u2013 6,15\/1000 locuitori <\/li><li>Jilava \u2013 7,21\/1000 locuitori        <\/li><\/ul>\n\n\n\n<p>\u00cen jude\u021bul Ilfov s-au raportat, duminic\u0103, 479 de cazuri noi de COVID-19. Rata de inciden\u021b\u0103 \u00een Ilfov este de 9,38 cazuri de infectare la 1.000 de locuitori.<\/p>\n","protected":false},"excerpt":{"rendered":"<p>CJSU Ilfov luat ierinoi m\u0103suri de restric\u021bie pentru 27 de localit\u0103\u021bi din jude\u021b, dup\u0103 ce aceste m\u0103suri au fost am\u00e2nate patru zile \u00een a\u0219teptarea unei hot\u0103r\u00e2ri din partea Guvernului. 19 dintre aceste localit\u0103\u021bi au intrat de noaptea trecut\u0103 \u00een carantina de noapte, \u00een timp ce celelalte opt vor avea \u0219i ele carantin\u0103 de noapte, dar [&hellip;]<\/p>\n","protected":false},"author":17,"featured_media":31481,"comment_status":"closed","ping_status":"open","sticky":false,"template":"","format":"standard","meta":{"_acf_changed":false,"inline_featured_image":false,"ngg_post_thumbnail":0,"footnotes":""},"categories":[62],"tags":[],"ppma_author":[22576],"class_list":["post-31893","post","type-post","status-publish","format-standard","has-post-thumbnail","hentry","category-stiri"],"acf":[],"yoast_head":"<!-- This site is optimized with the Yoast SEO Premium plugin v25.3 (Yoast SEO v27.4) - https:\/\/yoast.com\/product\/yoast-seo-premium-wordpress\/ -->\n<title>Aproape jumate din Ilfov intr\u0103 \u00een carantina de noapte - Buletin de Bucure\u0219ti<\/title>\n<meta name=\"robots\" content=\"index, follow, max-snippet:-1, max-image-preview:large, max-video-preview:-1\" \/>\n<link rel=\"canonical\" href=\"https:\/\/buletin.de\/bucuresti\/aproape-jumate-din-ilfov-intra-in-carantina-de-noapte\/\" \/>\n<meta property=\"og:locale\" content=\"en_GB\" \/>\n<meta property=\"og:type\" content=\"article\" \/>\n<meta property=\"og:title\" content=\"Aproape jumate din Ilfov intr\u0103 \u00een carantina de noapte\" \/>\n<meta property=\"og:description\" content=\"CJSU Ilfov luat ierinoi m\u0103suri de restric\u021bie pentru 27 de localit\u0103\u021bi din jude\u021b, dup\u0103 ce aceste m\u0103suri au fost am\u00e2nate patru zile \u00een a\u0219teptarea unei hot\u0103r\u00e2ri din partea Guvernului. 19 dintre aceste localit\u0103\u021bi au intrat de noaptea trecut\u0103 \u00een carantina de noapte, \u00een timp ce celelalte opt vor avea \u0219i ele carantin\u0103 de noapte, dar [&hellip;]\" \/>\n<meta property=\"og:url\" content=\"https:\/\/buletin.de\/bucuresti\/aproape-jumate-din-ilfov-intra-in-carantina-de-noapte\/\" \/>\n<meta property=\"og:site_name\" content=\"Buletin de Bucure\u0219ti\" \/>\n<meta property=\"article:publisher\" content=\"https:\/\/www.facebook.com\/buletin.de.buc\" \/>\n<meta property=\"article:published_time\" content=\"2021-10-03T17:31:43+00:00\" \/>\n<meta property=\"article:modified_time\" content=\"2021-10-03T17:31:44+00:00\" \/>\n<meta property=\"og:image\" content=\"https:\/\/buletin.de\/bucuresti\/wp-content\/uploads\/photo-1596978759889-91e1a654faca-1.jpg\" \/>\n\t<meta property=\"og:image:width\" content=\"870\" \/>\n\t<meta property=\"og:image:height\" content=\"580\" \/>\n\t<meta property=\"og:image:type\" content=\"image\/jpeg\" \/>\n<meta name=\"author\" content=\"Florin R\u00e2\u0219teiu\" \/>\n<meta name=\"twitter:card\" content=\"summary_large_image\" \/>\n<meta name=\"twitter:label1\" content=\"Written by\" \/>\n\t<meta name=\"twitter:data1\" content=\"Florin R\u00e2\u0219teiu\" \/>\n\t<meta name=\"twitter:label2\" content=\"Estimated reading time\" \/>\n\t<meta name=\"twitter:data2\" content=\"3 minutes\" \/>\n<script type=\"application\/ld+json\" class=\"yoast-schema-graph\">{\"@context\":\"https:\\\/\\\/schema.org\",\"@graph\":[{\"@type\":\"Article\",\"@id\":\"https:\\\/\\\/buletin.de\\\/bucuresti\\\/aproape-jumate-din-ilfov-intra-in-carantina-de-noapte\\\/#article\",\"isPartOf\":{\"@id\":\"https:\\\/\\\/buletin.de\\\/bucuresti\\\/aproape-jumate-din-ilfov-intra-in-carantina-de-noapte\\\/\"},\"author\":{\"name\":\"Florin R\u00e2\u0219teiu\",\"@id\":\"https:\\\/\\\/buletin.de\\\/bucuresti\\\/#\\\/schema\\\/person\\\/b0686d7a8b666c6afc78239777fd8a89\"},\"headline\":\"Aproape jumate din Ilfov intr\u0103 \u00een carantina de noapte\",\"datePublished\":\"2021-10-03T17:31:43+00:00\",\"dateModified\":\"2021-10-03T17:31:44+00:00\",\"mainEntityOfPage\":{\"@id\":\"https:\\\/\\\/buletin.de\\\/bucuresti\\\/aproape-jumate-din-ilfov-intra-in-carantina-de-noapte\\\/\"},\"wordCount\":693,\"publisher\":{\"@id\":\"https:\\\/\\\/buletin.de\\\/bucuresti\\\/#organization\"},\"image\":{\"@id\":\"https:\\\/\\\/buletin.de\\\/bucuresti\\\/aproape-jumate-din-ilfov-intra-in-carantina-de-noapte\\\/#primaryimage\"},\"thumbnailUrl\":\"https:\\\/\\\/buletin.de\\\/bucuresti\\\/wp-content\\\/uploads\\\/photo-1596978759889-91e1a654faca-1.jpg\",\"articleSection\":[\"\u0218tiri\"],\"inLanguage\":\"en-GB\",\"copyrightYear\":\"2021\",\"copyrightHolder\":{\"@id\":\"https:\\\/\\\/buletin.de\\\/bucuresti\\\/#organization\"}},{\"@type\":\"WebPage\",\"@id\":\"https:\\\/\\\/buletin.de\\\/bucuresti\\\/aproape-jumate-din-ilfov-intra-in-carantina-de-noapte\\\/\",\"url\":\"https:\\\/\\\/buletin.de\\\/bucuresti\\\/aproape-jumate-din-ilfov-intra-in-carantina-de-noapte\\\/\",\"name\":\"Aproape jumate din Ilfov intr\u0103 \u00een carantina de noapte - Buletin de Bucure\u0219ti\",\"isPartOf\":{\"@id\":\"https:\\\/\\\/buletin.de\\\/bucuresti\\\/#website\"},\"primaryImageOfPage\":{\"@id\":\"https:\\\/\\\/buletin.de\\\/bucuresti\\\/aproape-jumate-din-ilfov-intra-in-carantina-de-noapte\\\/#primaryimage\"},\"image\":{\"@id\":\"https:\\\/\\\/buletin.de\\\/bucuresti\\\/aproape-jumate-din-ilfov-intra-in-carantina-de-noapte\\\/#primaryimage\"},\"thumbnailUrl\":\"https:\\\/\\\/buletin.de\\\/bucuresti\\\/wp-content\\\/uploads\\\/photo-1596978759889-91e1a654faca-1.jpg\",\"datePublished\":\"2021-10-03T17:31:43+00:00\",\"dateModified\":\"2021-10-03T17:31:44+00:00\",\"breadcrumb\":{\"@id\":\"https:\\\/\\\/buletin.de\\\/bucuresti\\\/aproape-jumate-din-ilfov-intra-in-carantina-de-noapte\\\/#breadcrumb\"},\"inLanguage\":\"en-GB\",\"potentialAction\":[{\"@type\":\"ReadAction\",\"target\":[\"https:\\\/\\\/buletin.de\\\/bucuresti\\\/aproape-jumate-din-ilfov-intra-in-carantina-de-noapte\\\/\"]}]},{\"@type\":\"ImageObject\",\"inLanguage\":\"en-GB\",\"@id\":\"https:\\\/\\\/buletin.de\\\/bucuresti\\\/aproape-jumate-din-ilfov-intra-in-carantina-de-noapte\\\/#primaryimage\",\"url\":\"https:\\\/\\\/buletin.de\\\/bucuresti\\\/wp-content\\\/uploads\\\/photo-1596978759889-91e1a654faca-1.jpg\",\"contentUrl\":\"https:\\\/\\\/buletin.de\\\/bucuresti\\\/wp-content\\\/uploads\\\/photo-1596978759889-91e1a654faca-1.jpg\",\"width\":870,\"height\":580},{\"@type\":\"BreadcrumbList\",\"@id\":\"https:\\\/\\\/buletin.de\\\/bucuresti\\\/aproape-jumate-din-ilfov-intra-in-carantina-de-noapte\\\/#breadcrumb\",\"itemListElement\":[{\"@type\":\"ListItem\",\"position\":1,\"name\":\"Acas\u0103\",\"item\":\"https:\\\/\\\/buletin.de\\\/bucuresti\\\/\"},{\"@type\":\"ListItem\",\"position\":2,\"name\":\"Aproape jumate din Ilfov intr\u0103 \u00een carantina de noapte\"}]},{\"@type\":\"WebSite\",\"@id\":\"https:\\\/\\\/buletin.de\\\/bucuresti\\\/#website\",\"url\":\"https:\\\/\\\/buletin.de\\\/bucuresti\\\/\",\"name\":\"Buletin de Bucure\u0219ti\",\"description\":\"\u0218tiri \u0219i investiga\u021bii esen\u021biale din capital\u0103\",\"publisher\":{\"@id\":\"https:\\\/\\\/buletin.de\\\/bucuresti\\\/#organization\"},\"potentialAction\":[{\"@type\":\"SearchAction\",\"target\":{\"@type\":\"EntryPoint\",\"urlTemplate\":\"https:\\\/\\\/buletin.de\\\/bucuresti\\\/?s={search_term_string}\"},\"query-input\":{\"@type\":\"PropertyValueSpecification\",\"valueRequired\":true,\"valueName\":\"search_term_string\"}}],\"inLanguage\":\"en-GB\"},{\"@type\":\"Organization\",\"@id\":\"https:\\\/\\\/buletin.de\\\/bucuresti\\\/#organization\",\"name\":\"Buletin de Bucure\u0219ti\",\"url\":\"https:\\\/\\\/buletin.de\\\/bucuresti\\\/\",\"logo\":{\"@type\":\"ImageObject\",\"inLanguage\":\"en-GB\",\"@id\":\"https:\\\/\\\/buletin.de\\\/bucuresti\\\/#\\\/schema\\\/logo\\\/image\\\/\",\"url\":\"https:\\\/\\\/buletin.de\\\/bucuresti\\\/wp-content\\\/uploads\\\/logo-bdb-full-wide-vernil-transparent.png\",\"contentUrl\":\"https:\\\/\\\/buletin.de\\\/bucuresti\\\/wp-content\\\/uploads\\\/logo-bdb-full-wide-vernil-transparent.png\",\"width\":1782,\"height\":626,\"caption\":\"Buletin de Bucure\u0219ti\"},\"image\":{\"@id\":\"https:\\\/\\\/buletin.de\\\/bucuresti\\\/#\\\/schema\\\/logo\\\/image\\\/\"},\"sameAs\":[\"https:\\\/\\\/www.facebook.com\\\/buletin.de.buc\",\"https:\\\/\\\/www.instagram.com\\\/buletinde.bucuresti\\\/\"]},{\"@type\":\"Person\",\"@id\":\"https:\\\/\\\/buletin.de\\\/bucuresti\\\/#\\\/schema\\\/person\\\/b0686d7a8b666c6afc78239777fd8a89\",\"name\":\"Florin R\u00e2\u0219teiu\",\"image\":{\"@type\":\"ImageObject\",\"inLanguage\":\"en-GB\",\"@id\":\"https:\\\/\\\/buletin.de\\\/bucuresti\\\/wp-content\\\/uploads\\\/Florin-Rasteiu-96x96.jpgf0a6fe28453aa12f0a60e4d0a2e3a78c\",\"url\":\"https:\\\/\\\/buletin.de\\\/bucuresti\\\/wp-content\\\/uploads\\\/Florin-Rasteiu-96x96.jpg\",\"contentUrl\":\"https:\\\/\\\/buletin.de\\\/bucuresti\\\/wp-content\\\/uploads\\\/Florin-Rasteiu-96x96.jpg\",\"caption\":\"Florin R\u00e2\u0219teiu\"},\"description\":\"Jurnalist de investiga\u021bie. Lucreaz\u0103 de aproape 6 ani la Buletin de Bucure\u0219ti, unde a publicat articole care scot la suprafa\u021b\u0103 corup\u021bia din Capital\u0103. Analizeaz\u0103 baze de date zilnic \u0219i scoate pove\u0219ti din exceluri pline de cifre. Pune reflectorul pe adev\u0103r cu fiecare ocazie. A c\u00e2\u0219tigat premiul I la categoria Pres\u0103 Local\u0103 \u00een 2025 \u0219i locul al II-lea la aceea\u0219i categorie \u00een 2024 \u00een cadrul Premiilor Superscrieri pentru jurnalism independent.\",\"url\":\"https:\\\/\\\/buletin.de\\\/bucuresti\\\/author\\\/florinrasteiu\\\/\"}]}<\/script>\n<!-- \/ Yoast SEO Premium plugin. -->","yoast_head_json":{"title":"Aproape jumate din Ilfov intr\u0103 \u00een carantina de noapte - Buletin de Bucure\u0219ti","robots":{"index":"index","follow":"follow","max-snippet":"max-snippet:-1","max-image-preview":"max-image-preview:large","max-video-preview":"max-video-preview:-1"},"canonical":"https:\/\/buletin.de\/bucuresti\/aproape-jumate-din-ilfov-intra-in-carantina-de-noapte\/","og_locale":"en_GB","og_type":"article","og_title":"Aproape jumate din Ilfov intr\u0103 \u00een carantina de noapte","og_description":"CJSU Ilfov luat ierinoi m\u0103suri de restric\u021bie pentru 27 de localit\u0103\u021bi din jude\u021b, dup\u0103 ce aceste m\u0103suri au fost am\u00e2nate patru zile \u00een a\u0219teptarea unei hot\u0103r\u00e2ri din partea Guvernului. 19 dintre aceste localit\u0103\u021bi au intrat de noaptea trecut\u0103 \u00een carantina de noapte, \u00een timp ce celelalte opt vor avea \u0219i ele carantin\u0103 de noapte, dar [&hellip;]","og_url":"https:\/\/buletin.de\/bucuresti\/aproape-jumate-din-ilfov-intra-in-carantina-de-noapte\/","og_site_name":"Buletin de Bucure\u0219ti","article_publisher":"https:\/\/www.facebook.com\/buletin.de.buc","article_published_time":"2021-10-03T17:31:43+00:00","article_modified_time":"2021-10-03T17:31:44+00:00","og_image":[{"width":870,"height":580,"url":"https:\/\/buletin.de\/bucuresti\/wp-content\/uploads\/photo-1596978759889-91e1a654faca-1.jpg","type":"image\/jpeg"}],"author":"Florin R\u00e2\u0219teiu","twitter_card":"summary_large_image","twitter_misc":{"Written by":"Florin R\u00e2\u0219teiu","Estimated reading time":"3 minutes"},"schema":{"@context":"https:\/\/schema.org","@graph":[{"@type":"Article","@id":"https:\/\/buletin.de\/bucuresti\/aproape-jumate-din-ilfov-intra-in-carantina-de-noapte\/#article","isPartOf":{"@id":"https:\/\/buletin.de\/bucuresti\/aproape-jumate-din-ilfov-intra-in-carantina-de-noapte\/"},"author":{"name":"Florin R\u00e2\u0219teiu","@id":"https:\/\/buletin.de\/bucuresti\/#\/schema\/person\/b0686d7a8b666c6afc78239777fd8a89"},"headline":"Aproape jumate din Ilfov intr\u0103 \u00een carantina de noapte","datePublished":"2021-10-03T17:31:43+00:00","dateModified":"2021-10-03T17:31:44+00:00","mainEntityOfPage":{"@id":"https:\/\/buletin.de\/bucuresti\/aproape-jumate-din-ilfov-intra-in-carantina-de-noapte\/"},"wordCount":693,"publisher":{"@id":"https:\/\/buletin.de\/bucuresti\/#organization"},"image":{"@id":"https:\/\/buletin.de\/bucuresti\/aproape-jumate-din-ilfov-intra-in-carantina-de-noapte\/#primaryimage"},"thumbnailUrl":"https:\/\/buletin.de\/bucuresti\/wp-content\/uploads\/photo-1596978759889-91e1a654faca-1.jpg","articleSection":["\u0218tiri"],"inLanguage":"en-GB","copyrightYear":"2021","copyrightHolder":{"@id":"https:\/\/buletin.de\/bucuresti\/#organization"}},{"@type":"WebPage","@id":"https:\/\/buletin.de\/bucuresti\/aproape-jumate-din-ilfov-intra-in-carantina-de-noapte\/","url":"https:\/\/buletin.de\/bucuresti\/aproape-jumate-din-ilfov-intra-in-carantina-de-noapte\/","name":"Aproape jumate din Ilfov intr\u0103 \u00een carantina de noapte - Buletin de Bucure\u0219ti","isPartOf":{"@id":"https:\/\/buletin.de\/bucuresti\/#website"},"primaryImageOfPage":{"@id":"https:\/\/buletin.de\/bucuresti\/aproape-jumate-din-ilfov-intra-in-carantina-de-noapte\/#primaryimage"},"image":{"@id":"https:\/\/buletin.de\/bucuresti\/aproape-jumate-din-ilfov-intra-in-carantina-de-noapte\/#primaryimage"},"thumbnailUrl":"https:\/\/buletin.de\/bucuresti\/wp-content\/uploads\/photo-1596978759889-91e1a654faca-1.jpg","datePublished":"2021-10-03T17:31:43+00:00","dateModified":"2021-10-03T17:31:44+00:00","breadcrumb":{"@id":"https:\/\/buletin.de\/bucuresti\/aproape-jumate-din-ilfov-intra-in-carantina-de-noapte\/#breadcrumb"},"inLanguage":"en-GB","potentialAction":[{"@type":"ReadAction","target":["https:\/\/buletin.de\/bucuresti\/aproape-jumate-din-ilfov-intra-in-carantina-de-noapte\/"]}]},{"@type":"ImageObject","inLanguage":"en-GB","@id":"https:\/\/buletin.de\/bucuresti\/aproape-jumate-din-ilfov-intra-in-carantina-de-noapte\/#primaryimage","url":"https:\/\/buletin.de\/bucuresti\/wp-content\/uploads\/photo-1596978759889-91e1a654faca-1.jpg","contentUrl":"https:\/\/buletin.de\/bucuresti\/wp-content\/uploads\/photo-1596978759889-91e1a654faca-1.jpg","width":870,"height":580},{"@type":"BreadcrumbList","@id":"https:\/\/buletin.de\/bucuresti\/aproape-jumate-din-ilfov-intra-in-carantina-de-noapte\/#breadcrumb","itemListElement":[{"@type":"ListItem","position":1,"name":"Acas\u0103","item":"https:\/\/buletin.de\/bucuresti\/"},{"@type":"ListItem","position":2,"name":"Aproape jumate din Ilfov intr\u0103 \u00een carantina de noapte"}]},{"@type":"WebSite","@id":"https:\/\/buletin.de\/bucuresti\/#website","url":"https:\/\/buletin.de\/bucuresti\/","name":"Buletin de Bucure\u0219ti","description":"\u0218tiri \u0219i investiga\u021bii esen\u021biale din capital\u0103","publisher":{"@id":"https:\/\/buletin.de\/bucuresti\/#organization"},"potentialAction":[{"@type":"SearchAction","target":{"@type":"EntryPoint","urlTemplate":"https:\/\/buletin.de\/bucuresti\/?s={search_term_string}"},"query-input":{"@type":"PropertyValueSpecification","valueRequired":true,"valueName":"search_term_string"}}],"inLanguage":"en-GB"},{"@type":"Organization","@id":"https:\/\/buletin.de\/bucuresti\/#organization","name":"Buletin de Bucure\u0219ti","url":"https:\/\/buletin.de\/bucuresti\/","logo":{"@type":"ImageObject","inLanguage":"en-GB","@id":"https:\/\/buletin.de\/bucuresti\/#\/schema\/logo\/image\/","url":"https:\/\/buletin.de\/bucuresti\/wp-content\/uploads\/logo-bdb-full-wide-vernil-transparent.png","contentUrl":"https:\/\/buletin.de\/bucuresti\/wp-content\/uploads\/logo-bdb-full-wide-vernil-transparent.png","width":1782,"height":626,"caption":"Buletin de Bucure\u0219ti"},"image":{"@id":"https:\/\/buletin.de\/bucuresti\/#\/schema\/logo\/image\/"},"sameAs":["https:\/\/www.facebook.com\/buletin.de.buc","https:\/\/www.instagram.com\/buletinde.bucuresti\/"]},{"@type":"Person","@id":"https:\/\/buletin.de\/bucuresti\/#\/schema\/person\/b0686d7a8b666c6afc78239777fd8a89","name":"Florin R\u00e2\u0219teiu","image":{"@type":"ImageObject","inLanguage":"en-GB","@id":"https:\/\/buletin.de\/bucuresti\/wp-content\/uploads\/Florin-Rasteiu-96x96.jpgf0a6fe28453aa12f0a60e4d0a2e3a78c","url":"https:\/\/buletin.de\/bucuresti\/wp-content\/uploads\/Florin-Rasteiu-96x96.jpg","contentUrl":"https:\/\/buletin.de\/bucuresti\/wp-content\/uploads\/Florin-Rasteiu-96x96.jpg","caption":"Florin R\u00e2\u0219teiu"},"description":"Jurnalist de investiga\u021bie. Lucreaz\u0103 de aproape 6 ani la Buletin de Bucure\u0219ti, unde a publicat articole care scot la suprafa\u021b\u0103 corup\u021bia din Capital\u0103. Analizeaz\u0103 baze de date zilnic \u0219i scoate pove\u0219ti din exceluri pline de cifre. Pune reflectorul pe adev\u0103r cu fiecare ocazie. A c\u00e2\u0219tigat premiul I la categoria Pres\u0103 Local\u0103 \u00een 2025 \u0219i locul al II-lea la aceea\u0219i categorie \u00een 2024 \u00een cadrul Premiilor Superscrieri pentru jurnalism independent.","url":"https:\/\/buletin.de\/bucuresti\/author\/florinrasteiu\/"}]}},"authors":[{"term_id":22576,"user_id":17,"is_guest":0,"slug":"florinrasteiu","display_name":"Florin R\u00e2\u0219teiu","avatar_url":"https:\/\/buletin.de\/bucuresti\/wp-content\/uploads\/Florin-Rasteiu-96x96.jpg","0":null,"1":"","2":"","3":"","4":"","5":"","6":"","7":"","8":""}],"_links":{"self":[{"href":"https:\/\/buletin.de\/bucuresti\/wp-json\/wp\/v2\/posts\/31893","targetHints":{"allow":["GET"]}}],"collection":[{"href":"https:\/\/buletin.de\/bucuresti\/wp-json\/wp\/v2\/posts"}],"about":[{"href":"https:\/\/buletin.de\/bucuresti\/wp-json\/wp\/v2\/types\/post"}],"author":[{"embeddable":true,"href":"https:\/\/buletin.de\/bucuresti\/wp-json\/wp\/v2\/users\/17"}],"replies":[{"embeddable":true,"href":"https:\/\/buletin.de\/bucuresti\/wp-json\/wp\/v2\/comments?post=31893"}],"version-history":[{"count":3,"href":"https:\/\/buletin.de\/bucuresti\/wp-json\/wp\/v2\/posts\/31893\/revisions"}],"predecessor-version":[{"id":31896,"href":"https:\/\/buletin.de\/bucuresti\/wp-json\/wp\/v2\/posts\/31893\/revisions\/31896"}],"wp:featuredmedia":[{"embeddable":true,"href":"https:\/\/buletin.de\/bucuresti\/wp-json\/wp\/v2\/media\/31481"}],"wp:attachment":[{"href":"https:\/\/buletin.de\/bucuresti\/wp-json\/wp\/v2\/media?parent=31893"}],"wp:term":[{"taxonomy":"category","embeddable":true,"href":"https:\/\/buletin.de\/bucuresti\/wp-json\/wp\/v2\/categories?post=31893"},{"taxonomy":"post_tag","embeddable":true,"href":"https:\/\/buletin.de\/bucuresti\/wp-json\/wp\/v2\/tags?post=31893"},{"taxonomy":"author","embeddable":true,"href":"https:\/\/buletin.de\/bucuresti\/wp-json\/wp\/v2\/ppma_author?post=31893"}],"curies":[{"name":"wp","href":"https:\/\/api.w.org\/{rel}","templated":true}]}}