{"id":31873,"date":"2021-10-03T14:16:08","date_gmt":"2021-10-03T11:16:08","guid":{"rendered":"https:\/\/buletin.de\/bucuresti\/?p=31873"},"modified":"2021-10-03T18:50:41","modified_gmt":"2021-10-03T15:50:41","slug":"inchise-la-incidenta-de-6-100-10-scoli-din-ilfov-se-redeschid-la-rata-peste-10-1000","status":"publish","type":"post","link":"https:\/\/buletin.de\/bucuresti\/inchise-la-incidenta-de-6-100-10-scoli-din-ilfov-se-redeschid-la-rata-peste-10-1000\/","title":{"rendered":"\u00cenchise la inciden\u021ba de 6\/1000, 10 \u0219coli din Ilfov se redeschid la rata peste 10\/1000"},"content":{"rendered":"\n<p><strong><strong><em>Dup\u0103 cinci zile \u00een care deciziile CJSU Ilfov au \u00eent\u00e2rziat s\u0103 apar\u0103, ieri, autorit\u0103\u021bile ilfovene au <\/em><\/strong><a href=\"https:\/\/if.prefectura.mai.gov.ro\/wp-content\/uploads\/sites\/55\/2021\/10\/Hotararea-CJSU-IF-nr-179-din-02.10.2021_.pdf\"><strong><em>decis<\/em><\/strong><\/a><strong><em> s\u0103 redeschid\u0103, de m\u00e2ine, \u0219colile \u00eenchise s\u0103pt\u0103m\u00e2na trecut\u0103 pe motiv c\u0103 au dep\u0103\u0219it rata inciden\u021bei de 6\/1000. Vorbim despre 10 \u0219coli primare \u0219i gimnaziale din Bragadiru, Chiajna, Dobroe\u0219ti \u0219i Afuma\u021bi. De luni, elevii din 265 de \u0219coli din 270 c\u00e2te exist\u0103 \u00een jude\u021b vor \u00eenv\u0103\u021ba fizic. \u00cen Ilfov, exist\u0103 doar cinci excep\u021bii. Dou\u0103 \u0219coli din Br\u0103ne\u0219ti \u0219i Vidra mutate online din cauza infrastructurii, alte dou\u0103 \u0219coli f\u0103r\u0103 plan de \u0219colarizare \u0219i o gr\u0103dini\u021b\u0103 din Ciolpani, \u00eenchis\u0103 din cauza infect\u0103rilor de Covid-19.&nbsp;<\/em><\/strong><\/strong><\/p>\n\n\n\n<h2 class=\"wp-block-heading\"><strong>10 \u0219coli din Ilfov se \u00eenchid <\/strong><\/h2>\n\n\n\n<p>Pe 24 septembrie, CJSU Ilfov lua decizia de a muta 10 \u0219coli \u00een online, dup\u0103 ce patru localit\u0103\u021bi au dep\u0103\u0219it rata de 6 la o mie de locuitori. \u0218colile \u00eenchise erau din localit\u0103\u021bile cele mai afectate din Ilfov &#8211; Bragadiru, Chiajna, Dobroe\u0219ti \u0219i Afuma\u021bi. <\/p>\n\n\n\n<p>La doar c\u00e2teva zile distan\u021b\u0103, pe 29 septembrie,<a href=\"https:\/\/buletin.de\/bucuresti\/coronavirus-romania-29-septembrie-2021\/https:\/\/buletin.de\/bucuresti\/coronavirus-romania-29-septembrie-2021\/\">Capitala dep\u0103\u0219ea rata de 6\/1000<\/a>, iar regulile \u00een vigoare prevedeau ca \u0219colile din Bucure\u0219ti s\u0103 se \u00eenchid\u0103, la fel ca \u00een cele patru localit\u0103\u021bi ilfovene, \u00eens\u0103 regulile s-au modificat din nou \u201e\u00een timpul jocului\u201d. Imediat dup\u0103 ce a fost dep\u0103\u0219it pragul de 6 din Bucure\u0219ti, ministrul Educa\u021biei, Sorin C\u00eempeanu, declara c\u0103 regula a fost aleas\u0103 pentru c\u0103 nu se a\u0219tepta s\u0103 fie dep\u0103\u0219it\u0103 rata de 6.&nbsp;<\/p>\n\n\n\n<blockquote class=\"wp-block-quote is-layout-flow wp-block-quote-is-layout-flow\"><p>Acum ne \u00eentreb\u0103m cu to\u021bii cum am ales acest prag de 6 la mie. Mie nu mi-e clar, ne-am bazat pe convingerile epidemiologilor, doar c\u0103 v\u0103 fac o m\u0103rturisire, e o convingere personal\u0103: \u00een momentul \u00een care s-a stabilit acel prag de 6 la mie, mult\u0103 lume a fost convins\u0103 c\u0103 nu ne vom mai apropia vreodat\u0103 de pragul de 6 la mie. La 1 august, era 0,13 la mie, de 40 de ori mai pu\u021bin.<\/p><cite>Sorin C\u00eempeanu pe 29 septembrie<br><\/cite><\/blockquote>\n\n\n\n<p>La doar c\u00e2teva ore de la declara\u021bia ministrului, dorin\u021ba de a decupla \u00eenchiderea \u0219colilor de pragul de 6 i-a fost \u00eendeplinit\u0103 de decizia grupului tehnico-\u0219tiin\u021bific.<\/p>\n\n\n\n<p>Ieri, CJSU Ilfov s-a conformat regulilor na\u021bionale \u0219i a adoptat o hot\u0103r\u00e2re prin care \u0219colile \u00eenchise s\u0103pt\u0103m\u00e2na trecut\u0103 se redeschid \u00een format fizic de luni, dup\u0103 o s\u0103pt\u0103m\u00e2n\u0103 \u00een care situa\u021bia s-a agravat pentru jude\u021bul din jurul Capitalei. \u00centre timp,<a href=\"https:\/\/buletin.de\/bucuresti\/orasul-bragadiru-primul-pe-tara-la-rata-de-infectare-1232-cazuri-la-1-000-de-locuitori\/\"> ora\u0219ul Bragadiru a devenit primul pe \u021bar\u0103 la rata de infectare<\/a>: 12,32 cazuri la 1.000 de locuitori.<\/p>\n\n\n\n<h2 class=\"wp-block-heading\"><strong>Catalogul infect\u0103rilor, faza pe Ilfov  <\/strong><\/h2>\n\n\n\n<p>P\u0103rin\u021bi din Afuma\u021bi, Br\u0103ne\u0219ti, Bragadiru, Berceni \u0219i nu numai au completat formularul <em>\u201eCatalogul Infect\u0103rilor\u201d<\/em>, unde au sesizat redac\u021biei Buletin de Bucure\u0219ti cazurile de infect\u0103ri din \u0219colile unde \u00eenva\u021b\u0103 copiii lor. Mul\u021bi dintre cei care au completat formularul se pl\u00e2ng de num\u0103rul mare de infect\u0103ri \u0219i de indiferen\u021ba autorit\u0103\u021bilor \u00een ceea ce prive\u0219te luarea unor m\u0103suri de protec\u021bie pentru elevi. <\/p>\n\n\n\n<ul class=\"wp-block-list\"><li><em>\u201eCazurile din Bragadiru Ilfov sunt destul de multe \u0219i din p\u0103cate nu se ia nici o m\u0103sur\u0103 de a stopa raspindirea. \u00cen \u0219coal\u0103 se \u0219tie ca sunt copii plus \u00eenv\u0103\u021b\u0103tori \/profesori infecta\u021bi \u0219i de luni ne cheam\u0103 \u00eenapoi la \u0219coal\u0103.\u201d<\/em><\/li><li>\u201e<em>Fiica mea a fost cea infectat\u0103 a luat \u00een familie de la veri\u0219oara ei cu care e \u0219i coleg\u0103 de clas\u0103, veri\u0219oara care nu a fost la \u0219coa\u0103. 2 zile a mers fizic la scoala dup\u0103 aceea i-am f\u0103cut test pcr \u0219i a r\u0103mas acas\u0103 urm\u0103toarele 14 zile. M\u0103 bucur ca nu a mai infectat niciun alt coleg, to\u0219i au revenit cu teste negative, cursurile s-au \u021binut mai mult afar\u0103 \u00een perioada aceea, sunt pu\u021bini copii \u00een clas\u0103, m\u0103surile de igien\u0103 sunt respectate<\/em>\u201d<\/li><\/ul>\n\n\n\n<h2 class=\"wp-block-heading\"><strong>\u201ePing-pong\u201d cu elevii din Afuma\u021bi<\/strong><\/h2>\n\n\n\n<p>Pe 19 septembrie, <a href=\"https:\/\/buletin.de\/bucuresti\/elevii-din-afumati-vor-face-de-luni-cursurile-in-format-online\/https:\/\/buletin.de\/bucuresti\/elevii-din-afumati-vor-face-de-luni-cursurile-in-format-online\/\">elevii din comuna Afuma\u021bi erau trimi\u0219i<\/a> acas\u0103 de decizia CJSU Ilfov, ca apoi s\u0103 afle \u00een prima zi de \u0219coal\u0103 online c\u0103 trebuie s\u0103 se re\u00eentoarc\u0103 \u00een b\u0103nci. <a href=\"https:\/\/buletin.de\/bucuresti\/elevii-din-afumati-se-intorc-maine-la-scoala-dupa-o-zi-de-cursuri-online-prefectura-ilfov-a-fost-o-greseala-de-interpretare-a-legii\/\">Decizia CJSU Ilfov a fost revocat\u0103 de acela\u0219i ministru al Educa\u021biei<\/a>, care a declarat c\u0103 e ilegal\u0103, \u0219i c\u0103, conform Ordinului comun al mini\u0219trilor Educa\u021biei \u0219i S\u0103n\u0103t\u0103\u021bii, decizia privind scenariul \u00een care se desf\u0103\u0219oar\u0103 cursurile se ia \u00een func\u021bie de rata de inciden\u021b\u0103 din ziua de vineri, \u0219i nu cum au procedat cei din jude\u021bul Ilfov. <\/p>\n\n\n\n<blockquote class=\"wp-block-quote is-layout-flow wp-block-quote-is-layout-flow\"><p>Este stabilit impreun\u0103 cu Ministerul S\u0103n\u0103t\u0103\u021bii, cu INSP \u0219i cu CNSU, ziua de vineri este singura zi de referin\u021b\u0103. Vineri au fost pe site-ul DSP 13 localit\u0103\u021bi care au dep\u0103\u0219it rata de infectare de 6 la mie. Nu ne juc\u0103m cu copiii, \u00eenchide \u0219coal\u0103 deschide \u0219coala. Am cerut s\u0103 se remedieze rapid situa\u021bia, \u00een interesul elevilor. Am cerut tuturor inspectorilor s\u0103 citeasc\u0103 acest ordin comun \u0219i s\u0103 \u00eel respecte.<\/p><cite>Spunea ministrul Educa\u021biei, Sorin C\u00eempeanu la <a href=\"https:\/\/www.digi24.ro\/stiri\/actualitate\/educatie\/cimpeanu-nervos-dupa-ce-scolile-din-afumati-s-au-inchis-nu-era-printre-cele-13-anuntate-vineri-autoritatile-sa-nu-inventeze-decizii-1673883\">Digi24<\/a><\/cite><\/blockquote>\n\n\n\n<p>La c\u00e2teva ore dup\u0103 declara\u021bia ministrului C\u00eempeanu, prefectul de Ilfov, Daniel Zamfir, a declarat tot la DIGI24 c\u0103 se va reveni asupra deciziile \u0219i c\u0103 de m\u00e2ine elevii din Afuma\u021bi se vor \u00eentoarce la cursurile cu prezen\u021b\u0103 fizic\u0103. \u00cen opinia prefectului, de vin\u0103 pentru situa\u021bia creat\u0103 este&nbsp;<em>o gre\u0219eal\u0103 de interpretare a Ordinului comun al mini\u0219trilor Educa\u021biei \u0219i S\u0103n\u0103t\u0103\u021bii.<\/em><\/p>\n\n\n\n<blockquote class=\"wp-block-quote is-layout-flow wp-block-quote-is-layout-flow\"><p>Se va reuni ast\u0103zi CJSU Ilfov \u0219i se va decide revenirea la \u0219coal\u0103 a elevilor din Afuma\u021bi. De m\u00e2ine se va reveni la \u0219coal\u0103, au fost informa\u021bi to\u021bi directorii de \u0219coli \u0219i p\u0103rin\u021bii. (\u2026) A fost o gre\u0219eal\u0103 de interpretare a Ordinului comun, o gre\u0219eal\u0103 a tuturor pentru c\u0103 propunerea a venit de la Inspectoratul \u0218colar Ilfov \u0219i de la DSP Ilfov iar CJSU a aprobat<\/p><cite>A spus Daniel Zamfir, prefectul de Ilfov, la <a href=\"https:\/\/www.digi24.ro\/stiri\/actualitate\/educatie\/cimpeanu-nervos-dupa-ce-scolile-din-afumati-s-au-inchis-nu-era-printre-cele-13-anuntate-vineri-autoritatile-sa-nu-inventeze-decizii-1673883\">Digi24<\/a><\/cite><\/blockquote>\n\n\n\n<p>Dup\u0103 tot acest \u201eping-pong\u201d, elevii din Afuma\u021bi au fost trimi\u0219i din nou acas\u0103 patru zile mai t\u00e2rziu, pe 24 septembrie, iar toat\u0103 s\u0103pt\u0103m\u00e2na trecut\u0103 au \u00eenv\u0103\u021bat \u00een format online. <\/p>\n\n\n\n<p>\u00cen acest moment, Afuma\u021bi a ajuns la rata de inciden\u021b\u0103 de 11,57 la o mie de locuitori, iar elevii de luni vor reveni la \u0219coal\u0103 dup\u0103 o s\u0103pt\u0103m\u00e2n\u0103 de \u00eenv\u0103\u021b\u0103m\u00e2nt online. <\/p>\n\n\n\n<p>\u00cen jude\u021bul Ilfov s-au raportat, ast\u0103zi, 479 de cazuri noi de COVID-19. Rata de inciden\u021b\u0103 \u00een Ilfov este de 9,38 cazuri de infectare la 1.000 de locuitori.<\/p>\n","protected":false},"excerpt":{"rendered":"<p>Dup\u0103 cinci zile \u00een care deciziile CJSU Ilfov au \u00eent\u00e2rziat s\u0103 apar\u0103, ieri, autorit\u0103\u021bile ilfovene au decis s\u0103 redeschid\u0103, de m\u00e2ine, \u0219colile \u00eenchise s\u0103pt\u0103m\u00e2na trecut\u0103 pe motiv c\u0103 au dep\u0103\u0219it rata inciden\u021bei de 6\/1000. Vorbim despre 10 \u0219coli primare \u0219i gimnaziale din Bragadiru, Chiajna, Dobroe\u0219ti \u0219i Afuma\u021bi. De luni, elevii din 265 de \u0219coli din [&hellip;]<\/p>\n","protected":false},"author":17,"featured_media":31381,"comment_status":"closed","ping_status":"open","sticky":false,"template":"","format":"standard","meta":{"_acf_changed":false,"inline_featured_image":false,"ngg_post_thumbnail":0,"footnotes":""},"categories":[62],"tags":[],"ppma_author":[22576],"class_list":["post-31873","post","type-post","status-publish","format-standard","has-post-thumbnail","hentry","category-stiri"],"acf":[],"yoast_head":"<!-- This site is optimized with the Yoast SEO Premium plugin v25.3 (Yoast SEO v27.4) - https:\/\/yoast.com\/product\/yoast-seo-premium-wordpress\/ -->\n<title>\u00cenchise la inciden\u021ba de 6\/1000, 10 \u0219coli din Ilfov se redeschid la rata peste 10\/1000 - Buletin de Bucure\u0219ti<\/title>\n<meta name=\"robots\" content=\"index, follow, max-snippet:-1, max-image-preview:large, max-video-preview:-1\" \/>\n<link rel=\"canonical\" href=\"https:\/\/buletin.de\/bucuresti\/inchise-la-incidenta-de-6-100-10-scoli-din-ilfov-se-redeschid-la-rata-peste-10-1000\/\" \/>\n<meta property=\"og:locale\" content=\"en_GB\" \/>\n<meta property=\"og:type\" content=\"article\" \/>\n<meta property=\"og:title\" content=\"\u00cenchise la inciden\u021ba de 6\/1000, 10 \u0219coli din Ilfov se redeschid la rata peste 10\/1000\" \/>\n<meta property=\"og:description\" content=\"Dup\u0103 cinci zile \u00een care deciziile CJSU Ilfov au \u00eent\u00e2rziat s\u0103 apar\u0103, ieri, autorit\u0103\u021bile ilfovene au decis s\u0103 redeschid\u0103, de m\u00e2ine, \u0219colile \u00eenchise s\u0103pt\u0103m\u00e2na trecut\u0103 pe motiv c\u0103 au dep\u0103\u0219it rata inciden\u021bei de 6\/1000. Vorbim despre 10 \u0219coli primare \u0219i gimnaziale din Bragadiru, Chiajna, Dobroe\u0219ti \u0219i Afuma\u021bi. De luni, elevii din 265 de \u0219coli din [&hellip;]\" \/>\n<meta property=\"og:url\" content=\"https:\/\/buletin.de\/bucuresti\/inchise-la-incidenta-de-6-100-10-scoli-din-ilfov-se-redeschid-la-rata-peste-10-1000\/\" \/>\n<meta property=\"og:site_name\" content=\"Buletin de Bucure\u0219ti\" \/>\n<meta property=\"article:publisher\" content=\"https:\/\/www.facebook.com\/buletin.de.buc\" \/>\n<meta property=\"article:published_time\" content=\"2021-10-03T11:16:08+00:00\" \/>\n<meta property=\"article:modified_time\" content=\"2021-10-03T15:50:41+00:00\" \/>\n<meta property=\"og:image\" content=\"https:\/\/buletin.de\/bucuresti\/wp-content\/uploads\/photo-1602542165989-999c53234fdd.jpg\" \/>\n\t<meta property=\"og:image:width\" content=\"1170\" \/>\n\t<meta property=\"og:image:height\" content=\"780\" \/>\n\t<meta property=\"og:image:type\" content=\"image\/jpeg\" \/>\n<meta name=\"author\" content=\"Florin R\u00e2\u0219teiu\" \/>\n<meta name=\"twitter:card\" content=\"summary_large_image\" \/>\n<meta name=\"twitter:label1\" content=\"Written by\" \/>\n\t<meta name=\"twitter:data1\" content=\"Florin R\u00e2\u0219teiu\" \/>\n\t<meta name=\"twitter:label2\" content=\"Estimated reading time\" \/>\n\t<meta name=\"twitter:data2\" content=\"5 minutes\" \/>\n<script type=\"application\/ld+json\" class=\"yoast-schema-graph\">{\"@context\":\"https:\\\/\\\/schema.org\",\"@graph\":[{\"@type\":\"Article\",\"@id\":\"https:\\\/\\\/buletin.de\\\/bucuresti\\\/inchise-la-incidenta-de-6-100-10-scoli-din-ilfov-se-redeschid-la-rata-peste-10-1000\\\/#article\",\"isPartOf\":{\"@id\":\"https:\\\/\\\/buletin.de\\\/bucuresti\\\/inchise-la-incidenta-de-6-100-10-scoli-din-ilfov-se-redeschid-la-rata-peste-10-1000\\\/\"},\"author\":{\"name\":\"Florin R\u00e2\u0219teiu\",\"@id\":\"https:\\\/\\\/buletin.de\\\/bucuresti\\\/#\\\/schema\\\/person\\\/b0686d7a8b666c6afc78239777fd8a89\"},\"headline\":\"\u00cenchise la inciden\u021ba de 6\\\/1000, 10 \u0219coli din Ilfov se redeschid la rata peste 10\\\/1000\",\"datePublished\":\"2021-10-03T11:16:08+00:00\",\"dateModified\":\"2021-10-03T15:50:41+00:00\",\"mainEntityOfPage\":{\"@id\":\"https:\\\/\\\/buletin.de\\\/bucuresti\\\/inchise-la-incidenta-de-6-100-10-scoli-din-ilfov-se-redeschid-la-rata-peste-10-1000\\\/\"},\"wordCount\":1090,\"publisher\":{\"@id\":\"https:\\\/\\\/buletin.de\\\/bucuresti\\\/#organization\"},\"image\":{\"@id\":\"https:\\\/\\\/buletin.de\\\/bucuresti\\\/inchise-la-incidenta-de-6-100-10-scoli-din-ilfov-se-redeschid-la-rata-peste-10-1000\\\/#primaryimage\"},\"thumbnailUrl\":\"https:\\\/\\\/buletin.de\\\/bucuresti\\\/wp-content\\\/uploads\\\/photo-1602542165989-999c53234fdd.jpg\",\"articleSection\":[\"\u0218tiri\"],\"inLanguage\":\"en-GB\",\"copyrightYear\":\"2021\",\"copyrightHolder\":{\"@id\":\"https:\\\/\\\/buletin.de\\\/bucuresti\\\/#organization\"}},{\"@type\":\"WebPage\",\"@id\":\"https:\\\/\\\/buletin.de\\\/bucuresti\\\/inchise-la-incidenta-de-6-100-10-scoli-din-ilfov-se-redeschid-la-rata-peste-10-1000\\\/\",\"url\":\"https:\\\/\\\/buletin.de\\\/bucuresti\\\/inchise-la-incidenta-de-6-100-10-scoli-din-ilfov-se-redeschid-la-rata-peste-10-1000\\\/\",\"name\":\"\u00cenchise la inciden\u021ba de 6\\\/1000, 10 \u0219coli din Ilfov se redeschid la rata peste 10\\\/1000 - Buletin de Bucure\u0219ti\",\"isPartOf\":{\"@id\":\"https:\\\/\\\/buletin.de\\\/bucuresti\\\/#website\"},\"primaryImageOfPage\":{\"@id\":\"https:\\\/\\\/buletin.de\\\/bucuresti\\\/inchise-la-incidenta-de-6-100-10-scoli-din-ilfov-se-redeschid-la-rata-peste-10-1000\\\/#primaryimage\"},\"image\":{\"@id\":\"https:\\\/\\\/buletin.de\\\/bucuresti\\\/inchise-la-incidenta-de-6-100-10-scoli-din-ilfov-se-redeschid-la-rata-peste-10-1000\\\/#primaryimage\"},\"thumbnailUrl\":\"https:\\\/\\\/buletin.de\\\/bucuresti\\\/wp-content\\\/uploads\\\/photo-1602542165989-999c53234fdd.jpg\",\"datePublished\":\"2021-10-03T11:16:08+00:00\",\"dateModified\":\"2021-10-03T15:50:41+00:00\",\"breadcrumb\":{\"@id\":\"https:\\\/\\\/buletin.de\\\/bucuresti\\\/inchise-la-incidenta-de-6-100-10-scoli-din-ilfov-se-redeschid-la-rata-peste-10-1000\\\/#breadcrumb\"},\"inLanguage\":\"en-GB\",\"potentialAction\":[{\"@type\":\"ReadAction\",\"target\":[\"https:\\\/\\\/buletin.de\\\/bucuresti\\\/inchise-la-incidenta-de-6-100-10-scoli-din-ilfov-se-redeschid-la-rata-peste-10-1000\\\/\"]}]},{\"@type\":\"ImageObject\",\"inLanguage\":\"en-GB\",\"@id\":\"https:\\\/\\\/buletin.de\\\/bucuresti\\\/inchise-la-incidenta-de-6-100-10-scoli-din-ilfov-se-redeschid-la-rata-peste-10-1000\\\/#primaryimage\",\"url\":\"https:\\\/\\\/buletin.de\\\/bucuresti\\\/wp-content\\\/uploads\\\/photo-1602542165989-999c53234fdd.jpg\",\"contentUrl\":\"https:\\\/\\\/buletin.de\\\/bucuresti\\\/wp-content\\\/uploads\\\/photo-1602542165989-999c53234fdd.jpg\",\"width\":1170,\"height\":780},{\"@type\":\"BreadcrumbList\",\"@id\":\"https:\\\/\\\/buletin.de\\\/bucuresti\\\/inchise-la-incidenta-de-6-100-10-scoli-din-ilfov-se-redeschid-la-rata-peste-10-1000\\\/#breadcrumb\",\"itemListElement\":[{\"@type\":\"ListItem\",\"position\":1,\"name\":\"Acas\u0103\",\"item\":\"https:\\\/\\\/buletin.de\\\/bucuresti\\\/\"},{\"@type\":\"ListItem\",\"position\":2,\"name\":\"\u00cenchise la inciden\u021ba de 6\\\/1000, 10 \u0219coli din Ilfov se redeschid la rata peste 10\\\/1000\"}]},{\"@type\":\"WebSite\",\"@id\":\"https:\\\/\\\/buletin.de\\\/bucuresti\\\/#website\",\"url\":\"https:\\\/\\\/buletin.de\\\/bucuresti\\\/\",\"name\":\"Buletin de Bucure\u0219ti\",\"description\":\"\u0218tiri \u0219i investiga\u021bii esen\u021biale din capital\u0103\",\"publisher\":{\"@id\":\"https:\\\/\\\/buletin.de\\\/bucuresti\\\/#organization\"},\"potentialAction\":[{\"@type\":\"SearchAction\",\"target\":{\"@type\":\"EntryPoint\",\"urlTemplate\":\"https:\\\/\\\/buletin.de\\\/bucuresti\\\/?s={search_term_string}\"},\"query-input\":{\"@type\":\"PropertyValueSpecification\",\"valueRequired\":true,\"valueName\":\"search_term_string\"}}],\"inLanguage\":\"en-GB\"},{\"@type\":\"Organization\",\"@id\":\"https:\\\/\\\/buletin.de\\\/bucuresti\\\/#organization\",\"name\":\"Buletin de Bucure\u0219ti\",\"url\":\"https:\\\/\\\/buletin.de\\\/bucuresti\\\/\",\"logo\":{\"@type\":\"ImageObject\",\"inLanguage\":\"en-GB\",\"@id\":\"https:\\\/\\\/buletin.de\\\/bucuresti\\\/#\\\/schema\\\/logo\\\/image\\\/\",\"url\":\"https:\\\/\\\/buletin.de\\\/bucuresti\\\/wp-content\\\/uploads\\\/logo-bdb-full-wide-vernil-transparent.png\",\"contentUrl\":\"https:\\\/\\\/buletin.de\\\/bucuresti\\\/wp-content\\\/uploads\\\/logo-bdb-full-wide-vernil-transparent.png\",\"width\":1782,\"height\":626,\"caption\":\"Buletin de Bucure\u0219ti\"},\"image\":{\"@id\":\"https:\\\/\\\/buletin.de\\\/bucuresti\\\/#\\\/schema\\\/logo\\\/image\\\/\"},\"sameAs\":[\"https:\\\/\\\/www.facebook.com\\\/buletin.de.buc\",\"https:\\\/\\\/www.instagram.com\\\/buletinde.bucuresti\\\/\"]},{\"@type\":\"Person\",\"@id\":\"https:\\\/\\\/buletin.de\\\/bucuresti\\\/#\\\/schema\\\/person\\\/b0686d7a8b666c6afc78239777fd8a89\",\"name\":\"Florin R\u00e2\u0219teiu\",\"image\":{\"@type\":\"ImageObject\",\"inLanguage\":\"en-GB\",\"@id\":\"https:\\\/\\\/buletin.de\\\/bucuresti\\\/wp-content\\\/uploads\\\/Florin-Rasteiu-96x96.jpgf0a6fe28453aa12f0a60e4d0a2e3a78c\",\"url\":\"https:\\\/\\\/buletin.de\\\/bucuresti\\\/wp-content\\\/uploads\\\/Florin-Rasteiu-96x96.jpg\",\"contentUrl\":\"https:\\\/\\\/buletin.de\\\/bucuresti\\\/wp-content\\\/uploads\\\/Florin-Rasteiu-96x96.jpg\",\"caption\":\"Florin R\u00e2\u0219teiu\"},\"description\":\"Jurnalist de investiga\u021bie. Lucreaz\u0103 de aproape 6 ani la Buletin de Bucure\u0219ti, unde a publicat articole care scot la suprafa\u021b\u0103 corup\u021bia din Capital\u0103. Analizeaz\u0103 baze de date zilnic \u0219i scoate pove\u0219ti din exceluri pline de cifre. Pune reflectorul pe adev\u0103r cu fiecare ocazie. A c\u00e2\u0219tigat premiul I la categoria Pres\u0103 Local\u0103 \u00een 2025 \u0219i locul al II-lea la aceea\u0219i categorie \u00een 2024 \u00een cadrul Premiilor Superscrieri pentru jurnalism independent.\",\"url\":\"https:\\\/\\\/buletin.de\\\/bucuresti\\\/author\\\/florinrasteiu\\\/\"}]}<\/script>\n<!-- \/ Yoast SEO Premium plugin. -->","yoast_head_json":{"title":"\u00cenchise la inciden\u021ba de 6\/1000, 10 \u0219coli din Ilfov se redeschid la rata peste 10\/1000 - Buletin de Bucure\u0219ti","robots":{"index":"index","follow":"follow","max-snippet":"max-snippet:-1","max-image-preview":"max-image-preview:large","max-video-preview":"max-video-preview:-1"},"canonical":"https:\/\/buletin.de\/bucuresti\/inchise-la-incidenta-de-6-100-10-scoli-din-ilfov-se-redeschid-la-rata-peste-10-1000\/","og_locale":"en_GB","og_type":"article","og_title":"\u00cenchise la inciden\u021ba de 6\/1000, 10 \u0219coli din Ilfov se redeschid la rata peste 10\/1000","og_description":"Dup\u0103 cinci zile \u00een care deciziile CJSU Ilfov au \u00eent\u00e2rziat s\u0103 apar\u0103, ieri, autorit\u0103\u021bile ilfovene au decis s\u0103 redeschid\u0103, de m\u00e2ine, \u0219colile \u00eenchise s\u0103pt\u0103m\u00e2na trecut\u0103 pe motiv c\u0103 au dep\u0103\u0219it rata inciden\u021bei de 6\/1000. Vorbim despre 10 \u0219coli primare \u0219i gimnaziale din Bragadiru, Chiajna, Dobroe\u0219ti \u0219i Afuma\u021bi. De luni, elevii din 265 de \u0219coli din [&hellip;]","og_url":"https:\/\/buletin.de\/bucuresti\/inchise-la-incidenta-de-6-100-10-scoli-din-ilfov-se-redeschid-la-rata-peste-10-1000\/","og_site_name":"Buletin de Bucure\u0219ti","article_publisher":"https:\/\/www.facebook.com\/buletin.de.buc","article_published_time":"2021-10-03T11:16:08+00:00","article_modified_time":"2021-10-03T15:50:41+00:00","og_image":[{"width":1170,"height":780,"url":"https:\/\/buletin.de\/bucuresti\/wp-content\/uploads\/photo-1602542165989-999c53234fdd.jpg","type":"image\/jpeg"}],"author":"Florin R\u00e2\u0219teiu","twitter_card":"summary_large_image","twitter_misc":{"Written by":"Florin R\u00e2\u0219teiu","Estimated reading time":"5 minutes"},"schema":{"@context":"https:\/\/schema.org","@graph":[{"@type":"Article","@id":"https:\/\/buletin.de\/bucuresti\/inchise-la-incidenta-de-6-100-10-scoli-din-ilfov-se-redeschid-la-rata-peste-10-1000\/#article","isPartOf":{"@id":"https:\/\/buletin.de\/bucuresti\/inchise-la-incidenta-de-6-100-10-scoli-din-ilfov-se-redeschid-la-rata-peste-10-1000\/"},"author":{"name":"Florin R\u00e2\u0219teiu","@id":"https:\/\/buletin.de\/bucuresti\/#\/schema\/person\/b0686d7a8b666c6afc78239777fd8a89"},"headline":"\u00cenchise la inciden\u021ba de 6\/1000, 10 \u0219coli din Ilfov se redeschid la rata peste 10\/1000","datePublished":"2021-10-03T11:16:08+00:00","dateModified":"2021-10-03T15:50:41+00:00","mainEntityOfPage":{"@id":"https:\/\/buletin.de\/bucuresti\/inchise-la-incidenta-de-6-100-10-scoli-din-ilfov-se-redeschid-la-rata-peste-10-1000\/"},"wordCount":1090,"publisher":{"@id":"https:\/\/buletin.de\/bucuresti\/#organization"},"image":{"@id":"https:\/\/buletin.de\/bucuresti\/inchise-la-incidenta-de-6-100-10-scoli-din-ilfov-se-redeschid-la-rata-peste-10-1000\/#primaryimage"},"thumbnailUrl":"https:\/\/buletin.de\/bucuresti\/wp-content\/uploads\/photo-1602542165989-999c53234fdd.jpg","articleSection":["\u0218tiri"],"inLanguage":"en-GB","copyrightYear":"2021","copyrightHolder":{"@id":"https:\/\/buletin.de\/bucuresti\/#organization"}},{"@type":"WebPage","@id":"https:\/\/buletin.de\/bucuresti\/inchise-la-incidenta-de-6-100-10-scoli-din-ilfov-se-redeschid-la-rata-peste-10-1000\/","url":"https:\/\/buletin.de\/bucuresti\/inchise-la-incidenta-de-6-100-10-scoli-din-ilfov-se-redeschid-la-rata-peste-10-1000\/","name":"\u00cenchise la inciden\u021ba de 6\/1000, 10 \u0219coli din Ilfov se redeschid la rata peste 10\/1000 - Buletin de Bucure\u0219ti","isPartOf":{"@id":"https:\/\/buletin.de\/bucuresti\/#website"},"primaryImageOfPage":{"@id":"https:\/\/buletin.de\/bucuresti\/inchise-la-incidenta-de-6-100-10-scoli-din-ilfov-se-redeschid-la-rata-peste-10-1000\/#primaryimage"},"image":{"@id":"https:\/\/buletin.de\/bucuresti\/inchise-la-incidenta-de-6-100-10-scoli-din-ilfov-se-redeschid-la-rata-peste-10-1000\/#primaryimage"},"thumbnailUrl":"https:\/\/buletin.de\/bucuresti\/wp-content\/uploads\/photo-1602542165989-999c53234fdd.jpg","datePublished":"2021-10-03T11:16:08+00:00","dateModified":"2021-10-03T15:50:41+00:00","breadcrumb":{"@id":"https:\/\/buletin.de\/bucuresti\/inchise-la-incidenta-de-6-100-10-scoli-din-ilfov-se-redeschid-la-rata-peste-10-1000\/#breadcrumb"},"inLanguage":"en-GB","potentialAction":[{"@type":"ReadAction","target":["https:\/\/buletin.de\/bucuresti\/inchise-la-incidenta-de-6-100-10-scoli-din-ilfov-se-redeschid-la-rata-peste-10-1000\/"]}]},{"@type":"ImageObject","inLanguage":"en-GB","@id":"https:\/\/buletin.de\/bucuresti\/inchise-la-incidenta-de-6-100-10-scoli-din-ilfov-se-redeschid-la-rata-peste-10-1000\/#primaryimage","url":"https:\/\/buletin.de\/bucuresti\/wp-content\/uploads\/photo-1602542165989-999c53234fdd.jpg","contentUrl":"https:\/\/buletin.de\/bucuresti\/wp-content\/uploads\/photo-1602542165989-999c53234fdd.jpg","width":1170,"height":780},{"@type":"BreadcrumbList","@id":"https:\/\/buletin.de\/bucuresti\/inchise-la-incidenta-de-6-100-10-scoli-din-ilfov-se-redeschid-la-rata-peste-10-1000\/#breadcrumb","itemListElement":[{"@type":"ListItem","position":1,"name":"Acas\u0103","item":"https:\/\/buletin.de\/bucuresti\/"},{"@type":"ListItem","position":2,"name":"\u00cenchise la inciden\u021ba de 6\/1000, 10 \u0219coli din Ilfov se redeschid la rata peste 10\/1000"}]},{"@type":"WebSite","@id":"https:\/\/buletin.de\/bucuresti\/#website","url":"https:\/\/buletin.de\/bucuresti\/","name":"Buletin de Bucure\u0219ti","description":"\u0218tiri \u0219i investiga\u021bii esen\u021biale din capital\u0103","publisher":{"@id":"https:\/\/buletin.de\/bucuresti\/#organization"},"potentialAction":[{"@type":"SearchAction","target":{"@type":"EntryPoint","urlTemplate":"https:\/\/buletin.de\/bucuresti\/?s={search_term_string}"},"query-input":{"@type":"PropertyValueSpecification","valueRequired":true,"valueName":"search_term_string"}}],"inLanguage":"en-GB"},{"@type":"Organization","@id":"https:\/\/buletin.de\/bucuresti\/#organization","name":"Buletin de Bucure\u0219ti","url":"https:\/\/buletin.de\/bucuresti\/","logo":{"@type":"ImageObject","inLanguage":"en-GB","@id":"https:\/\/buletin.de\/bucuresti\/#\/schema\/logo\/image\/","url":"https:\/\/buletin.de\/bucuresti\/wp-content\/uploads\/logo-bdb-full-wide-vernil-transparent.png","contentUrl":"https:\/\/buletin.de\/bucuresti\/wp-content\/uploads\/logo-bdb-full-wide-vernil-transparent.png","width":1782,"height":626,"caption":"Buletin de Bucure\u0219ti"},"image":{"@id":"https:\/\/buletin.de\/bucuresti\/#\/schema\/logo\/image\/"},"sameAs":["https:\/\/www.facebook.com\/buletin.de.buc","https:\/\/www.instagram.com\/buletinde.bucuresti\/"]},{"@type":"Person","@id":"https:\/\/buletin.de\/bucuresti\/#\/schema\/person\/b0686d7a8b666c6afc78239777fd8a89","name":"Florin R\u00e2\u0219teiu","image":{"@type":"ImageObject","inLanguage":"en-GB","@id":"https:\/\/buletin.de\/bucuresti\/wp-content\/uploads\/Florin-Rasteiu-96x96.jpgf0a6fe28453aa12f0a60e4d0a2e3a78c","url":"https:\/\/buletin.de\/bucuresti\/wp-content\/uploads\/Florin-Rasteiu-96x96.jpg","contentUrl":"https:\/\/buletin.de\/bucuresti\/wp-content\/uploads\/Florin-Rasteiu-96x96.jpg","caption":"Florin R\u00e2\u0219teiu"},"description":"Jurnalist de investiga\u021bie. Lucreaz\u0103 de aproape 6 ani la Buletin de Bucure\u0219ti, unde a publicat articole care scot la suprafa\u021b\u0103 corup\u021bia din Capital\u0103. Analizeaz\u0103 baze de date zilnic \u0219i scoate pove\u0219ti din exceluri pline de cifre. Pune reflectorul pe adev\u0103r cu fiecare ocazie. A c\u00e2\u0219tigat premiul I la categoria Pres\u0103 Local\u0103 \u00een 2025 \u0219i locul al II-lea la aceea\u0219i categorie \u00een 2024 \u00een cadrul Premiilor Superscrieri pentru jurnalism independent.","url":"https:\/\/buletin.de\/bucuresti\/author\/florinrasteiu\/"}]}},"authors":[{"term_id":22576,"user_id":17,"is_guest":0,"slug":"florinrasteiu","display_name":"Florin R\u00e2\u0219teiu","avatar_url":"https:\/\/buletin.de\/bucuresti\/wp-content\/uploads\/Florin-Rasteiu-96x96.jpg","0":null,"1":"","2":"","3":"","4":"","5":"","6":"","7":"","8":""}],"_links":{"self":[{"href":"https:\/\/buletin.de\/bucuresti\/wp-json\/wp\/v2\/posts\/31873","targetHints":{"allow":["GET"]}}],"collection":[{"href":"https:\/\/buletin.de\/bucuresti\/wp-json\/wp\/v2\/posts"}],"about":[{"href":"https:\/\/buletin.de\/bucuresti\/wp-json\/wp\/v2\/types\/post"}],"author":[{"embeddable":true,"href":"https:\/\/buletin.de\/bucuresti\/wp-json\/wp\/v2\/users\/17"}],"replies":[{"embeddable":true,"href":"https:\/\/buletin.de\/bucuresti\/wp-json\/wp\/v2\/comments?post=31873"}],"version-history":[{"count":14,"href":"https:\/\/buletin.de\/bucuresti\/wp-json\/wp\/v2\/posts\/31873\/revisions"}],"predecessor-version":[{"id":31892,"href":"https:\/\/buletin.de\/bucuresti\/wp-json\/wp\/v2\/posts\/31873\/revisions\/31892"}],"wp:featuredmedia":[{"embeddable":true,"href":"https:\/\/buletin.de\/bucuresti\/wp-json\/wp\/v2\/media\/31381"}],"wp:attachment":[{"href":"https:\/\/buletin.de\/bucuresti\/wp-json\/wp\/v2\/media?parent=31873"}],"wp:term":[{"taxonomy":"category","embeddable":true,"href":"https:\/\/buletin.de\/bucuresti\/wp-json\/wp\/v2\/categories?post=31873"},{"taxonomy":"post_tag","embeddable":true,"href":"https:\/\/buletin.de\/bucuresti\/wp-json\/wp\/v2\/tags?post=31873"},{"taxonomy":"author","embeddable":true,"href":"https:\/\/buletin.de\/bucuresti\/wp-json\/wp\/v2\/ppma_author?post=31873"}],"curies":[{"name":"wp","href":"https:\/\/api.w.org\/{rel}","templated":true}]}}