{"id":31789,"date":"2021-10-02T20:01:09","date_gmt":"2021-10-02T17:01:09","guid":{"rendered":"https:\/\/buletin.de\/bucuresti\/?p=31789"},"modified":"2021-10-02T20:01:10","modified_gmt":"2021-10-02T17:01:10","slug":"video-proteste-cu-peste-10-000-de-oameni-in-bucuresti-participantii-cer-libertate-fara-certificate-si-ca-vaccinarea-sa-nu-devina-obligatorie","status":"publish","type":"post","link":"https:\/\/buletin.de\/bucuresti\/video-proteste-cu-peste-10-000-de-oameni-in-bucuresti-participantii-cer-libertate-fara-certificate-si-ca-vaccinarea-sa-nu-devina-obligatorie\/","title":{"rendered":"VIDEO: Proteste cu peste 10.000 de oameni, \u00een Bucure\u0219ti. Participan\u021bii cer &#8220;Libertate f\u0103r\u0103 certificate&#8221; \u0219i ca vaccinarea s\u0103 nu devin\u0103 obligatorie"},"content":{"rendered":"\n<p>Dou\u0103 proteste au loc, \u00een acest moment, \u00een Capital\u0103, la care particip\u0103 peste 10.000 de persoane. Primul, organizat de AUR, a avut ca punct de plecare Pia\u021ba Universit\u0103\u021bii, iar coloana de participan\u021bi a plecat \u00een mar\u0219 spre Pia\u021ba Victoriei. Acolo se desf\u0103\u0219oar\u0103 al doilea protest, organizat de mai multe asocia\u021bii. Protestatarii cer ca vaccinarea s\u0103 nu devin\u0103 obligatorie \u0219i ca sistemul de Certificat Verde, care dovede\u0219te vaccinarea sau imunizarea post boal\u0103, s\u0103 dispar\u0103.<\/p>\n\n\n\n<p><\/p>\n\n\n\n<figure class=\"wp-block-video\"><video controls src=\"https:\/\/buletin.de\/bucuresti\/wp-content\/uploads\/video-1633188723-1.mp4\"><\/video><\/figure>\n\n\n\n<p>Ambele proteste au \u00eenceput \u00een jurul orei 17.00. Cei care au r\u0103spuns chem\u0103rii AUR s-au str\u00e2ns \u00een Pia\u021ba Universit\u0103\u021bii.  Participan\u021bii au venit \u00eenarma\u021bi cu pancarte, vuvuzele \u0219i bannere. Dup\u0103 ce au scandat \u00eempotriva Guvernului \u0219i a certificatului verde, au plecat \u00een mar\u0219, \u00een frunte cu George Simion, spre Pia\u021ba Universit\u0103\u021bii, acolo unde se vor uni cu al\u021bi protestatari, aduna\u021bi de  Asocia\u021bia Calea Neamului, Asocia\u021bia NEAMUNIT, Asocia\u021bia Alian\u021ba P\u0103rin\u021bilor, Grupul Civic Starea de Libertate, Grupul Civic Legitim\u0103 Ap\u0103rare<\/p>\n\n\n\n<p><\/p>\n\n\n\n<figure class=\"wp-block-gallery columns-3 is-cropped wp-block-gallery-1 is-layout-flex wp-block-gallery-is-layout-flex\"><ul class=\"blocks-gallery-grid\"><li class=\"blocks-gallery-item\"><figure><img fetchpriority=\"high\" decoding=\"async\" width=\"900\" height=\"326\" src=\"data:image\/gif;base64,R0lGODlhAQABAAAAACH5BAEKAAEALAAAAAABAAEAAAICTAEAOw==\" data-src=\"https:\/\/buletin.de\/bucuresti\/wp-content\/uploads\/243648421_389330242798616_3988605895174403109_n-3-900x326.jpg\" alt=\"\" data-id=\"31847\" data-full-url=\"https:\/\/buletin.de\/bucuresti\/wp-content\/uploads\/243648421_389330242798616_3988605895174403109_n-3.jpg\" data-link=\"https:\/\/buletin.de\/bucuresti\/?attachment_id=31847\" class=\"wp-image-31847 lazyload\" data-sizes=\"auto\" data-srcset=\"https:\/\/buletin.de\/bucuresti\/wp-content\/uploads\/243648421_389330242798616_3988605895174403109_n-3-900x326.jpg 900w, https:\/\/buletin.de\/bucuresti\/wp-content\/uploads\/243648421_389330242798616_3988605895174403109_n-3-300x109.jpg 300w, https:\/\/buletin.de\/bucuresti\/wp-content\/uploads\/243648421_389330242798616_3988605895174403109_n-3-768x278.jpg 768w, https:\/\/buletin.de\/bucuresti\/wp-content\/uploads\/243648421_389330242798616_3988605895174403109_n-3-550x199.jpg 550w, https:\/\/buletin.de\/bucuresti\/wp-content\/uploads\/243648421_389330242798616_3988605895174403109_n-3-600x217.jpg 600w, https:\/\/buletin.de\/bucuresti\/wp-content\/uploads\/243648421_389330242798616_3988605895174403109_n-3.jpg 956w\" sizes=\"(max-width: 900px) 100vw, 900px\" \/><\/figure><\/li><li class=\"blocks-gallery-item\"><figure><img decoding=\"async\" width=\"750\" height=\"500\" src=\"data:image\/gif;base64,R0lGODlhAQABAAAAACH5BAEKAAEALAAAAAABAAEAAAICTAEAOw==\" data-src=\"https:\/\/buletin.de\/bucuresti\/wp-content\/uploads\/243679674_4726785120673717_1451686570491163352_n-3.jpg\" alt=\"\" data-id=\"31848\" data-full-url=\"https:\/\/buletin.de\/bucuresti\/wp-content\/uploads\/243679674_4726785120673717_1451686570491163352_n-3.jpg\" data-link=\"https:\/\/buletin.de\/bucuresti\/?attachment_id=31848\" class=\"wp-image-31848 lazyload\" data-sizes=\"auto\" data-srcset=\"https:\/\/buletin.de\/bucuresti\/wp-content\/uploads\/243679674_4726785120673717_1451686570491163352_n-3.jpg 750w, https:\/\/buletin.de\/bucuresti\/wp-content\/uploads\/243679674_4726785120673717_1451686570491163352_n-3-300x200.jpg 300w, https:\/\/buletin.de\/bucuresti\/wp-content\/uploads\/243679674_4726785120673717_1451686570491163352_n-3-550x367.jpg 550w, https:\/\/buletin.de\/bucuresti\/wp-content\/uploads\/243679674_4726785120673717_1451686570491163352_n-3-600x400.jpg 600w\" sizes=\"(max-width: 750px) 100vw, 750px\" \/><\/figure><\/li><li class=\"blocks-gallery-item\"><figure><img decoding=\"async\" width=\"750\" height=\"500\" src=\"data:image\/gif;base64,R0lGODlhAQABAAAAACH5BAEKAAEALAAAAAABAAEAAAICTAEAOw==\" data-src=\"https:\/\/buletin.de\/bucuresti\/wp-content\/uploads\/243687136_2692683994360337_1821628745298931771_n-3.jpg\" alt=\"\" data-id=\"31849\" data-full-url=\"https:\/\/buletin.de\/bucuresti\/wp-content\/uploads\/243687136_2692683994360337_1821628745298931771_n-3.jpg\" data-link=\"https:\/\/buletin.de\/bucuresti\/?attachment_id=31849\" class=\"wp-image-31849 lazyload\" data-sizes=\"auto\" data-srcset=\"https:\/\/buletin.de\/bucuresti\/wp-content\/uploads\/243687136_2692683994360337_1821628745298931771_n-3.jpg 750w, https:\/\/buletin.de\/bucuresti\/wp-content\/uploads\/243687136_2692683994360337_1821628745298931771_n-3-300x200.jpg 300w, https:\/\/buletin.de\/bucuresti\/wp-content\/uploads\/243687136_2692683994360337_1821628745298931771_n-3-550x367.jpg 550w, https:\/\/buletin.de\/bucuresti\/wp-content\/uploads\/243687136_2692683994360337_1821628745298931771_n-3-600x400.jpg 600w\" sizes=\"(max-width: 750px) 100vw, 750px\" \/><\/figure><\/li><li class=\"blocks-gallery-item\"><figure><img loading=\"lazy\" decoding=\"async\" width=\"750\" height=\"500\" src=\"data:image\/gif;base64,R0lGODlhAQABAAAAACH5BAEKAAEALAAAAAABAAEAAAICTAEAOw==\" data-src=\"https:\/\/buletin.de\/bucuresti\/wp-content\/uploads\/243707995_2985540225052800_9139932164407386725_n-3.jpg\" alt=\"\" data-id=\"31850\" data-full-url=\"https:\/\/buletin.de\/bucuresti\/wp-content\/uploads\/243707995_2985540225052800_9139932164407386725_n-3.jpg\" data-link=\"https:\/\/buletin.de\/bucuresti\/?attachment_id=31850\" class=\"wp-image-31850 lazyload\" data-sizes=\"auto\" data-srcset=\"https:\/\/buletin.de\/bucuresti\/wp-content\/uploads\/243707995_2985540225052800_9139932164407386725_n-3.jpg 750w, https:\/\/buletin.de\/bucuresti\/wp-content\/uploads\/243707995_2985540225052800_9139932164407386725_n-3-300x200.jpg 300w, https:\/\/buletin.de\/bucuresti\/wp-content\/uploads\/243707995_2985540225052800_9139932164407386725_n-3-550x367.jpg 550w, https:\/\/buletin.de\/bucuresti\/wp-content\/uploads\/243707995_2985540225052800_9139932164407386725_n-3-600x400.jpg 600w\" sizes=\"(max-width: 750px) 100vw, 750px\" \/><\/figure><\/li><li class=\"blocks-gallery-item\"><figure><img loading=\"lazy\" decoding=\"async\" width=\"750\" height=\"500\" src=\"data:image\/gif;base64,R0lGODlhAQABAAAAACH5BAEKAAEALAAAAAABAAEAAAICTAEAOw==\" data-src=\"https:\/\/buletin.de\/bucuresti\/wp-content\/uploads\/243714649_389172569320675_6606083120528896060_n-3.jpg\" alt=\"\" data-id=\"31851\" data-full-url=\"https:\/\/buletin.de\/bucuresti\/wp-content\/uploads\/243714649_389172569320675_6606083120528896060_n-3.jpg\" data-link=\"https:\/\/buletin.de\/bucuresti\/?attachment_id=31851\" class=\"wp-image-31851 lazyload\" data-sizes=\"auto\" data-srcset=\"https:\/\/buletin.de\/bucuresti\/wp-content\/uploads\/243714649_389172569320675_6606083120528896060_n-3.jpg 750w, https:\/\/buletin.de\/bucuresti\/wp-content\/uploads\/243714649_389172569320675_6606083120528896060_n-3-300x200.jpg 300w, https:\/\/buletin.de\/bucuresti\/wp-content\/uploads\/243714649_389172569320675_6606083120528896060_n-3-550x367.jpg 550w, https:\/\/buletin.de\/bucuresti\/wp-content\/uploads\/243714649_389172569320675_6606083120528896060_n-3-600x400.jpg 600w\" sizes=\"(max-width: 750px) 100vw, 750px\" \/><\/figure><\/li><li class=\"blocks-gallery-item\"><figure><img loading=\"lazy\" decoding=\"async\" width=\"750\" height=\"500\" src=\"data:image\/gif;base64,R0lGODlhAQABAAAAACH5BAEKAAEALAAAAAABAAEAAAICTAEAOw==\" data-src=\"https:\/\/buletin.de\/bucuresti\/wp-content\/uploads\/243742697_898926031027650_2827570915646575846_n-3.jpg\" alt=\"\" data-id=\"31852\" data-full-url=\"https:\/\/buletin.de\/bucuresti\/wp-content\/uploads\/243742697_898926031027650_2827570915646575846_n-3.jpg\" data-link=\"https:\/\/buletin.de\/bucuresti\/?attachment_id=31852\" class=\"wp-image-31852 lazyload\" data-sizes=\"auto\" data-srcset=\"https:\/\/buletin.de\/bucuresti\/wp-content\/uploads\/243742697_898926031027650_2827570915646575846_n-3.jpg 750w, https:\/\/buletin.de\/bucuresti\/wp-content\/uploads\/243742697_898926031027650_2827570915646575846_n-3-300x200.jpg 300w, https:\/\/buletin.de\/bucuresti\/wp-content\/uploads\/243742697_898926031027650_2827570915646575846_n-3-550x367.jpg 550w, https:\/\/buletin.de\/bucuresti\/wp-content\/uploads\/243742697_898926031027650_2827570915646575846_n-3-600x400.jpg 600w\" sizes=\"(max-width: 750px) 100vw, 750px\" \/><\/figure><\/li><li class=\"blocks-gallery-item\"><figure><img loading=\"lazy\" decoding=\"async\" width=\"750\" height=\"500\" src=\"data:image\/gif;base64,R0lGODlhAQABAAAAACH5BAEKAAEALAAAAAABAAEAAAICTAEAOw==\" data-src=\"https:\/\/buletin.de\/bucuresti\/wp-content\/uploads\/243815937_875779993076121_4981709420002756976_n-3.jpg\" alt=\"\" data-id=\"31853\" data-full-url=\"https:\/\/buletin.de\/bucuresti\/wp-content\/uploads\/243815937_875779993076121_4981709420002756976_n-3.jpg\" data-link=\"https:\/\/buletin.de\/bucuresti\/?attachment_id=31853\" class=\"wp-image-31853 lazyload\" data-sizes=\"auto\" data-srcset=\"https:\/\/buletin.de\/bucuresti\/wp-content\/uploads\/243815937_875779993076121_4981709420002756976_n-3.jpg 750w, https:\/\/buletin.de\/bucuresti\/wp-content\/uploads\/243815937_875779993076121_4981709420002756976_n-3-300x200.jpg 300w, https:\/\/buletin.de\/bucuresti\/wp-content\/uploads\/243815937_875779993076121_4981709420002756976_n-3-550x367.jpg 550w, https:\/\/buletin.de\/bucuresti\/wp-content\/uploads\/243815937_875779993076121_4981709420002756976_n-3-600x400.jpg 600w\" sizes=\"(max-width: 750px) 100vw, 750px\" \/><\/figure><\/li><li class=\"blocks-gallery-item\"><figure><img loading=\"lazy\" decoding=\"async\" width=\"750\" height=\"500\" src=\"data:image\/gif;base64,R0lGODlhAQABAAAAACH5BAEKAAEALAAAAAABAAEAAAICTAEAOw==\" data-src=\"https:\/\/buletin.de\/bucuresti\/wp-content\/uploads\/243843170_541458820489552_3540929331776770157_n-3.jpg\" alt=\"\" data-id=\"31854\" data-full-url=\"https:\/\/buletin.de\/bucuresti\/wp-content\/uploads\/243843170_541458820489552_3540929331776770157_n-3.jpg\" data-link=\"https:\/\/buletin.de\/bucuresti\/?attachment_id=31854\" class=\"wp-image-31854 lazyload\" data-sizes=\"auto\" data-srcset=\"https:\/\/buletin.de\/bucuresti\/wp-content\/uploads\/243843170_541458820489552_3540929331776770157_n-3.jpg 750w, https:\/\/buletin.de\/bucuresti\/wp-content\/uploads\/243843170_541458820489552_3540929331776770157_n-3-300x200.jpg 300w, https:\/\/buletin.de\/bucuresti\/wp-content\/uploads\/243843170_541458820489552_3540929331776770157_n-3-550x367.jpg 550w, https:\/\/buletin.de\/bucuresti\/wp-content\/uploads\/243843170_541458820489552_3540929331776770157_n-3-600x400.jpg 600w\" sizes=\"(max-width: 750px) 100vw, 750px\" \/><\/figure><\/li><li class=\"blocks-gallery-item\"><figure><img loading=\"lazy\" decoding=\"async\" width=\"750\" height=\"500\" src=\"data:image\/gif;base64,R0lGODlhAQABAAAAACH5BAEKAAEALAAAAAABAAEAAAICTAEAOw==\" data-src=\"https:\/\/buletin.de\/bucuresti\/wp-content\/uploads\/243936194_4514697738590081_8577537204922112303_n-3.jpg\" alt=\"\" data-id=\"31856\" data-full-url=\"https:\/\/buletin.de\/bucuresti\/wp-content\/uploads\/243936194_4514697738590081_8577537204922112303_n-3.jpg\" data-link=\"https:\/\/buletin.de\/bucuresti\/?attachment_id=31856\" class=\"wp-image-31856 lazyload\" data-sizes=\"auto\" data-srcset=\"https:\/\/buletin.de\/bucuresti\/wp-content\/uploads\/243936194_4514697738590081_8577537204922112303_n-3.jpg 750w, https:\/\/buletin.de\/bucuresti\/wp-content\/uploads\/243936194_4514697738590081_8577537204922112303_n-3-300x200.jpg 300w, https:\/\/buletin.de\/bucuresti\/wp-content\/uploads\/243936194_4514697738590081_8577537204922112303_n-3-550x367.jpg 550w, https:\/\/buletin.de\/bucuresti\/wp-content\/uploads\/243936194_4514697738590081_8577537204922112303_n-3-600x400.jpg 600w\" sizes=\"(max-width: 750px) 100vw, 750px\" \/><\/figure><\/li><li class=\"blocks-gallery-item\"><figure><img loading=\"lazy\" decoding=\"async\" width=\"750\" height=\"500\" src=\"data:image\/gif;base64,R0lGODlhAQABAAAAACH5BAEKAAEALAAAAAABAAEAAAICTAEAOw==\" data-src=\"https:\/\/buletin.de\/bucuresti\/wp-content\/uploads\/244003952_199823638888742_2521642329852964762_n-3.jpg\" alt=\"\" data-id=\"31857\" data-full-url=\"https:\/\/buletin.de\/bucuresti\/wp-content\/uploads\/244003952_199823638888742_2521642329852964762_n-3.jpg\" data-link=\"https:\/\/buletin.de\/bucuresti\/?attachment_id=31857\" class=\"wp-image-31857 lazyload\" data-sizes=\"auto\" data-srcset=\"https:\/\/buletin.de\/bucuresti\/wp-content\/uploads\/244003952_199823638888742_2521642329852964762_n-3.jpg 750w, https:\/\/buletin.de\/bucuresti\/wp-content\/uploads\/244003952_199823638888742_2521642329852964762_n-3-300x200.jpg 300w, https:\/\/buletin.de\/bucuresti\/wp-content\/uploads\/244003952_199823638888742_2521642329852964762_n-3-550x367.jpg 550w, https:\/\/buletin.de\/bucuresti\/wp-content\/uploads\/244003952_199823638888742_2521642329852964762_n-3-600x400.jpg 600w\" sizes=\"(max-width: 750px) 100vw, 750px\" \/><\/figure><\/li><li class=\"blocks-gallery-item\"><figure><img loading=\"lazy\" decoding=\"async\" width=\"750\" height=\"500\" src=\"data:image\/gif;base64,R0lGODlhAQABAAAAACH5BAEKAAEALAAAAAABAAEAAAICTAEAOw==\" data-src=\"https:\/\/buletin.de\/bucuresti\/wp-content\/uploads\/244041879_155576586758987_1634086516713078084_n-3.jpg\" alt=\"\" data-id=\"31858\" data-full-url=\"https:\/\/buletin.de\/bucuresti\/wp-content\/uploads\/244041879_155576586758987_1634086516713078084_n-3.jpg\" data-link=\"https:\/\/buletin.de\/bucuresti\/?attachment_id=31858\" class=\"wp-image-31858 lazyload\" data-sizes=\"auto\" data-srcset=\"https:\/\/buletin.de\/bucuresti\/wp-content\/uploads\/244041879_155576586758987_1634086516713078084_n-3.jpg 750w, https:\/\/buletin.de\/bucuresti\/wp-content\/uploads\/244041879_155576586758987_1634086516713078084_n-3-300x200.jpg 300w, https:\/\/buletin.de\/bucuresti\/wp-content\/uploads\/244041879_155576586758987_1634086516713078084_n-3-550x367.jpg 550w, https:\/\/buletin.de\/bucuresti\/wp-content\/uploads\/244041879_155576586758987_1634086516713078084_n-3-600x400.jpg 600w\" sizes=\"(max-width: 750px) 100vw, 750px\" \/><\/figure><\/li><li class=\"blocks-gallery-item\"><figure><img loading=\"lazy\" decoding=\"async\" width=\"750\" height=\"500\" src=\"data:image\/gif;base64,R0lGODlhAQABAAAAACH5BAEKAAEALAAAAAABAAEAAAICTAEAOw==\" data-src=\"https:\/\/buletin.de\/bucuresti\/wp-content\/uploads\/244041885_2022192514616378_5972017105959910521_n-2.jpg\" alt=\"\" data-id=\"31859\" data-full-url=\"https:\/\/buletin.de\/bucuresti\/wp-content\/uploads\/244041885_2022192514616378_5972017105959910521_n-2.jpg\" data-link=\"https:\/\/buletin.de\/bucuresti\/?attachment_id=31859\" class=\"wp-image-31859 lazyload\" data-sizes=\"auto\" data-srcset=\"https:\/\/buletin.de\/bucuresti\/wp-content\/uploads\/244041885_2022192514616378_5972017105959910521_n-2.jpg 750w, https:\/\/buletin.de\/bucuresti\/wp-content\/uploads\/244041885_2022192514616378_5972017105959910521_n-2-300x200.jpg 300w, https:\/\/buletin.de\/bucuresti\/wp-content\/uploads\/244041885_2022192514616378_5972017105959910521_n-2-550x367.jpg 550w, https:\/\/buletin.de\/bucuresti\/wp-content\/uploads\/244041885_2022192514616378_5972017105959910521_n-2-600x400.jpg 600w\" sizes=\"(max-width: 750px) 100vw, 750px\" \/><\/figure><\/li><li class=\"blocks-gallery-item\"><figure><img loading=\"lazy\" decoding=\"async\" width=\"750\" height=\"500\" src=\"data:image\/gif;base64,R0lGODlhAQABAAAAACH5BAEKAAEALAAAAAABAAEAAAICTAEAOw==\" data-src=\"https:\/\/buletin.de\/bucuresti\/wp-content\/uploads\/244130286_449655379757625_4066936644111544614_n-3.jpg\" alt=\"\" data-id=\"31860\" data-full-url=\"https:\/\/buletin.de\/bucuresti\/wp-content\/uploads\/244130286_449655379757625_4066936644111544614_n-3.jpg\" data-link=\"https:\/\/buletin.de\/bucuresti\/?attachment_id=31860\" class=\"wp-image-31860 lazyload\" data-sizes=\"auto\" data-srcset=\"https:\/\/buletin.de\/bucuresti\/wp-content\/uploads\/244130286_449655379757625_4066936644111544614_n-3.jpg 750w, https:\/\/buletin.de\/bucuresti\/wp-content\/uploads\/244130286_449655379757625_4066936644111544614_n-3-300x200.jpg 300w, https:\/\/buletin.de\/bucuresti\/wp-content\/uploads\/244130286_449655379757625_4066936644111544614_n-3-550x367.jpg 550w, https:\/\/buletin.de\/bucuresti\/wp-content\/uploads\/244130286_449655379757625_4066936644111544614_n-3-600x400.jpg 600w\" sizes=\"(max-width: 750px) 100vw, 750px\" \/><\/figure><\/li><li class=\"blocks-gallery-item\"><figure><img loading=\"lazy\" decoding=\"async\" width=\"750\" height=\"500\" src=\"data:image\/gif;base64,R0lGODlhAQABAAAAACH5BAEKAAEALAAAAAABAAEAAAICTAEAOw==\" data-src=\"https:\/\/buletin.de\/bucuresti\/wp-content\/uploads\/244158722_342016514339745_7756218250566009039_n-3.jpg\" alt=\"\" data-id=\"31861\" data-full-url=\"https:\/\/buletin.de\/bucuresti\/wp-content\/uploads\/244158722_342016514339745_7756218250566009039_n-3.jpg\" data-link=\"https:\/\/buletin.de\/bucuresti\/?attachment_id=31861\" class=\"wp-image-31861 lazyload\" data-sizes=\"auto\" data-srcset=\"https:\/\/buletin.de\/bucuresti\/wp-content\/uploads\/244158722_342016514339745_7756218250566009039_n-3.jpg 750w, https:\/\/buletin.de\/bucuresti\/wp-content\/uploads\/244158722_342016514339745_7756218250566009039_n-3-300x200.jpg 300w, https:\/\/buletin.de\/bucuresti\/wp-content\/uploads\/244158722_342016514339745_7756218250566009039_n-3-550x367.jpg 550w, https:\/\/buletin.de\/bucuresti\/wp-content\/uploads\/244158722_342016514339745_7756218250566009039_n-3-600x400.jpg 600w\" sizes=\"(max-width: 750px) 100vw, 750px\" \/><\/figure><\/li><li class=\"blocks-gallery-item\"><figure><img loading=\"lazy\" decoding=\"async\" width=\"750\" height=\"500\" src=\"data:image\/gif;base64,R0lGODlhAQABAAAAACH5BAEKAAEALAAAAAABAAEAAAICTAEAOw==\" data-src=\"https:\/\/buletin.de\/bucuresti\/wp-content\/uploads\/244161157_406550231078977_5036288087955649250_n-3.jpg\" alt=\"\" data-id=\"31862\" data-full-url=\"https:\/\/buletin.de\/bucuresti\/wp-content\/uploads\/244161157_406550231078977_5036288087955649250_n-3.jpg\" data-link=\"https:\/\/buletin.de\/bucuresti\/?attachment_id=31862\" class=\"wp-image-31862 lazyload\" data-sizes=\"auto\" data-srcset=\"https:\/\/buletin.de\/bucuresti\/wp-content\/uploads\/244161157_406550231078977_5036288087955649250_n-3.jpg 750w, https:\/\/buletin.de\/bucuresti\/wp-content\/uploads\/244161157_406550231078977_5036288087955649250_n-3-300x200.jpg 300w, https:\/\/buletin.de\/bucuresti\/wp-content\/uploads\/244161157_406550231078977_5036288087955649250_n-3-550x367.jpg 550w, https:\/\/buletin.de\/bucuresti\/wp-content\/uploads\/244161157_406550231078977_5036288087955649250_n-3-600x400.jpg 600w\" sizes=\"(max-width: 750px) 100vw, 750px\" \/><\/figure><\/li><li class=\"blocks-gallery-item\"><figure><img loading=\"lazy\" decoding=\"async\" width=\"750\" height=\"500\" src=\"data:image\/gif;base64,R0lGODlhAQABAAAAACH5BAEKAAEALAAAAAABAAEAAAICTAEAOw==\" data-src=\"https:\/\/buletin.de\/bucuresti\/wp-content\/uploads\/244285525_2387815061352662_4612583396715237092_n-3.jpg\" alt=\"\" data-id=\"31863\" data-full-url=\"https:\/\/buletin.de\/bucuresti\/wp-content\/uploads\/244285525_2387815061352662_4612583396715237092_n-3.jpg\" data-link=\"https:\/\/buletin.de\/bucuresti\/?attachment_id=31863\" class=\"wp-image-31863 lazyload\" data-sizes=\"auto\" data-srcset=\"https:\/\/buletin.de\/bucuresti\/wp-content\/uploads\/244285525_2387815061352662_4612583396715237092_n-3.jpg 750w, https:\/\/buletin.de\/bucuresti\/wp-content\/uploads\/244285525_2387815061352662_4612583396715237092_n-3-300x200.jpg 300w, https:\/\/buletin.de\/bucuresti\/wp-content\/uploads\/244285525_2387815061352662_4612583396715237092_n-3-550x367.jpg 550w, https:\/\/buletin.de\/bucuresti\/wp-content\/uploads\/244285525_2387815061352662_4612583396715237092_n-3-600x400.jpg 600w\" sizes=\"(max-width: 750px) 100vw, 750px\" \/><\/figure><\/li><li class=\"blocks-gallery-item\"><figure><img loading=\"lazy\" decoding=\"async\" width=\"750\" height=\"500\" src=\"data:image\/gif;base64,R0lGODlhAQABAAAAACH5BAEKAAEALAAAAAABAAEAAAICTAEAOw==\" data-src=\"https:\/\/buletin.de\/bucuresti\/wp-content\/uploads\/243634692_405453090926482_5104982367975337391_n-3.jpg\" alt=\"\" data-id=\"31864\" data-full-url=\"https:\/\/buletin.de\/bucuresti\/wp-content\/uploads\/243634692_405453090926482_5104982367975337391_n-3.jpg\" data-link=\"https:\/\/buletin.de\/bucuresti\/?attachment_id=31864\" class=\"wp-image-31864 lazyload\" data-sizes=\"auto\" data-srcset=\"https:\/\/buletin.de\/bucuresti\/wp-content\/uploads\/243634692_405453090926482_5104982367975337391_n-3.jpg 750w, https:\/\/buletin.de\/bucuresti\/wp-content\/uploads\/243634692_405453090926482_5104982367975337391_n-3-300x200.jpg 300w, https:\/\/buletin.de\/bucuresti\/wp-content\/uploads\/243634692_405453090926482_5104982367975337391_n-3-550x367.jpg 550w, https:\/\/buletin.de\/bucuresti\/wp-content\/uploads\/243634692_405453090926482_5104982367975337391_n-3-600x400.jpg 600w\" sizes=\"(max-width: 750px) 100vw, 750px\" \/><\/figure><\/li><\/ul><\/figure>\n\n\n\n<p>Revendic\u0103rile pe care acest grup de organiza\u021bii le sus\u021bin au fost publicate pe pagina de Facebook a protestului.<\/p>\n\n\n\n<ul class=\"wp-block-list\"><li>Solicit\u0103 autorit\u0103\u021bilor renun\u021barea urgent\u0103 \u0219i definitiv\u0103 la folosirea \u201ccertificatului verde\u201d Covid pe teritoriul Rom\u00e2niei.<\/li><li>Cer ridicarea imediat\u0103 a st\u0103rii de alert\u0103, care a fost prelungit\u0103 \u00een mod nejustificat \u0219i nefundamentat din luna mai 2020 p\u00e2n\u0103 \u00een prezent, asigur\u00e2nd un cadru propice pentru numeroase abuzuri ale autorit\u0103\u021bilor \u0219i \u00eenc\u0103lc\u0103ri de drepturi ale cet\u0103\u021benilor, care trebuie s\u0103 \u00eenceteze.<\/li><li>Solicit\u0103 autorit\u0103\u021bilor oprirea tuturor m\u0103surilor de segregare a popula\u021biei Rom\u00e2niei pe criterii medico-sanitare.<\/li><li>Solicit\u0103 autorit\u0103\u021bilor renuntarea la orice form\u0103 de impunere direct\u0103 sau indirect\u0103 a vaccinarii obligatorii de orice tip.<\/li><li>Solicit\u0103 autorit\u0103\u021bilor s\u0103 promoveze \u0219i s\u0103 permit\u0103 utilizarea tratamentelor medicamentoase dovedite eficiente \u00een stadiile timpurii ale infec\u021biei cu Sars-Cov2, pentru evitarea supraaglomer\u0103rii spitalelor.<\/li><li>Solicit\u0103 autorit\u0103\u021bilor oprirea tuturor m\u0103surilor abuzive \u0219i discrimitatorii la adresa unor categorii profesionale (cadre medicale, personal MAI, personal ISU, cadre didactice, studen\u021bi, etc).<\/li><li>Solicit\u0103 men\u021binerea deschise, cu prezen\u021b\u0103 fizic\u0103, a tuturor unit\u0103\u021bilor de \u00eenv\u0103\u021b\u0103m\u00e2nt, de la cel pre\u0219colar p\u00e2n\u0103 la cel universitar, f\u0103r\u0103 masc\u0103 obligatorie, f\u0103r\u0103 constr\u00e2ngeri de niciun fel (testare obligatorie pentru elevi \u0219i studen\u021bi, certificat verde pentru profesori, etc).<\/li><li>Solicit\u0103m autorit\u0103\u021bilor renun\u021barea imediat\u0103 la m\u0103surile restrictive, dovedite inutile \u0219i ineficiente, care afecteaz\u0103 activitatea unor sectoare \u00eentregi din economie, at\u00e2t la nivelul angajatorilor, c\u00e2t \u0219i al angaja\u021bilor.<\/li><li>Solicit\u0103 autorit\u0103\u021bilor s\u0103 asigure accesul nediscriminatoriu la servicii de s\u0103n\u0103tate al tuturor cet\u0103\u021benilor, f\u0103r\u0103 a transforma spitale \u00eentregi \u00een unit\u0103\u021bi dedicate covid &#8211; m\u0103sura care duce la cre\u0219terea dramatica a mortalit\u0103\u021bii \u00een r\u00e2ndul pacien\u021bilor care sufer\u0103 de alte afec\u021biuni grave, acute sau cronice.<\/li><li>Solicit\u0103 autorit\u0103\u021bilor reglementarea strict\u0103 \u0219i plafonarea urgent\u0103 a pre\u021burilor la energie \u0219i gaze, a c\u0103ror cre\u0219tere exploziv\u0103 poate afecta serios nivelul de trai al multor cet\u0103\u021beni Rom\u00e2ni, pe fondul infla\u021biei, crizei economice, \u0219i apropierii sezonului friguros.<\/li><li>Solicit\u0103 Guvernului Rom\u00e2niei \u0219i tuturor autorit\u0103\u021bilor statului Rom\u00e2n sa \u00eenceteze adoptarea \u0219i aplicarea unor m\u0103suri \u0219i restric\u021bii abuzive \u0219i nelegale, care, sub pretextul pandemiei, \u00eencalc\u0103 Constitu\u021bia Rom\u00e2niei si drepturile \u0219i libert\u0103\u021bile fundamentale ale cet\u0103\u021benilor Rom\u00e2ni.<\/li><li>Solicit\u0103 cu fermitate ca cele trei puteri din stat (Executiv\u0103, Legislativ\u0103 \u0219i Judec\u0103toreasc\u0103) s\u0103 respecte Constitu\u021bia Rom\u00e2niei \u0219i s\u0103 \u00ee\u0219i respecte cu stricte\u021be toate atribu\u021biile, responsabilit\u0103\u021bile \u0219i regulamentele specifice de func\u021bionare<\/li><\/ul>\n\n\n\n<p>Surs\u0103 foto\/video &#8211; Ionut Predic\u0103<\/p>\n","protected":false},"excerpt":{"rendered":"<p>Dou\u0103 proteste au loc, \u00een acest moment, \u00een Capital\u0103, la care particip\u0103 peste 10.000 de persoane. Primul, organizat de AUR, a avut ca punct de plecare Pia\u021ba Universit\u0103\u021bii, iar coloana de participan\u021bi a plecat \u00een mar\u0219 spre Pia\u021ba Victoriei. Acolo se desf\u0103\u0219oar\u0103 al doilea protest, organizat de mai multe asocia\u021bii. Protestatarii cer ca vaccinarea s\u0103 [&hellip;]<\/p>\n","protected":false},"author":18,"featured_media":31792,"comment_status":"closed","ping_status":"open","sticky":false,"template":"","format":"standard","meta":{"_acf_changed":false,"inline_featured_image":false,"ngg_post_thumbnail":0,"footnotes":""},"categories":[62],"tags":[],"ppma_author":[22579],"class_list":["post-31789","post","type-post","status-publish","format-standard","has-post-thumbnail","hentry","category-stiri"],"acf":[],"yoast_head":"<!-- This site is optimized with the Yoast SEO Premium plugin v25.3 (Yoast SEO v27.4) - https:\/\/yoast.com\/product\/yoast-seo-premium-wordpress\/ -->\n<title>VIDEO: Proteste cu peste 10.000 de oameni, \u00een Bucure\u0219ti. Participan\u021bii cer &quot;Libertate f\u0103r\u0103 certificate&quot; \u0219i ca vaccinarea s\u0103 nu devin\u0103 obligatorie - Buletin de Bucure\u0219ti<\/title>\n<meta name=\"robots\" content=\"index, follow, max-snippet:-1, max-image-preview:large, max-video-preview:-1\" \/>\n<link rel=\"canonical\" href=\"https:\/\/buletin.de\/bucuresti\/video-proteste-cu-peste-10-000-de-oameni-in-bucuresti-participantii-cer-libertate-fara-certificate-si-ca-vaccinarea-sa-nu-devina-obligatorie\/\" \/>\n<meta property=\"og:locale\" content=\"en_GB\" \/>\n<meta property=\"og:type\" content=\"article\" \/>\n<meta property=\"og:title\" content=\"VIDEO: Proteste cu peste 10.000 de oameni, \u00een Bucure\u0219ti. Participan\u021bii cer &quot;Libertate f\u0103r\u0103 certificate&quot; \u0219i ca vaccinarea s\u0103 nu devin\u0103 obligatorie\" \/>\n<meta property=\"og:description\" content=\"Dou\u0103 proteste au loc, \u00een acest moment, \u00een Capital\u0103, la care particip\u0103 peste 10.000 de persoane. Primul, organizat de AUR, a avut ca punct de plecare Pia\u021ba Universit\u0103\u021bii, iar coloana de participan\u021bi a plecat \u00een mar\u0219 spre Pia\u021ba Victoriei. Acolo se desf\u0103\u0219oar\u0103 al doilea protest, organizat de mai multe asocia\u021bii. Protestatarii cer ca vaccinarea s\u0103 [&hellip;]\" \/>\n<meta property=\"og:url\" content=\"https:\/\/buletin.de\/bucuresti\/video-proteste-cu-peste-10-000-de-oameni-in-bucuresti-participantii-cer-libertate-fara-certificate-si-ca-vaccinarea-sa-nu-devina-obligatorie\/\" \/>\n<meta property=\"og:site_name\" content=\"Buletin de Bucure\u0219ti\" \/>\n<meta property=\"article:publisher\" content=\"https:\/\/www.facebook.com\/buletin.de.buc\" \/>\n<meta property=\"article:published_time\" content=\"2021-10-02T17:01:09+00:00\" \/>\n<meta property=\"article:modified_time\" content=\"2021-10-02T17:01:10+00:00\" \/>\n<meta property=\"og:image\" content=\"https:\/\/buletin.de\/bucuresti\/wp-content\/uploads\/243648421_389330242798616_3988605895174403109_n.jpg\" \/>\n\t<meta property=\"og:image:width\" content=\"956\" \/>\n\t<meta property=\"og:image:height\" content=\"346\" \/>\n\t<meta property=\"og:image:type\" content=\"image\/jpeg\" \/>\n<meta name=\"author\" content=\"Teodora Stroe\" \/>\n<meta name=\"twitter:card\" content=\"summary_large_image\" \/>\n<meta name=\"twitter:label1\" content=\"Written by\" \/>\n\t<meta name=\"twitter:data1\" content=\"Teodora Stroe\" \/>\n\t<meta name=\"twitter:label2\" content=\"Estimated reading time\" \/>\n\t<meta name=\"twitter:data2\" content=\"6 minutes\" \/>\n<script type=\"application\/ld+json\" class=\"yoast-schema-graph\">{\"@context\":\"https:\\\/\\\/schema.org\",\"@graph\":[{\"@type\":\"Article\",\"@id\":\"https:\\\/\\\/buletin.de\\\/bucuresti\\\/video-proteste-cu-peste-10-000-de-oameni-in-bucuresti-participantii-cer-libertate-fara-certificate-si-ca-vaccinarea-sa-nu-devina-obligatorie\\\/#article\",\"isPartOf\":{\"@id\":\"https:\\\/\\\/buletin.de\\\/bucuresti\\\/video-proteste-cu-peste-10-000-de-oameni-in-bucuresti-participantii-cer-libertate-fara-certificate-si-ca-vaccinarea-sa-nu-devina-obligatorie\\\/\"},\"author\":{\"name\":\"Teodora Stroe\",\"@id\":\"https:\\\/\\\/buletin.de\\\/bucuresti\\\/#\\\/schema\\\/person\\\/d369d7ddc775abece205795e0b804614\"},\"headline\":\"VIDEO: Proteste cu peste 10.000 de oameni, \u00een Bucure\u0219ti. Participan\u021bii cer &#8220;Libertate f\u0103r\u0103 certificate&#8221; \u0219i ca vaccinarea s\u0103 nu devin\u0103 obligatorie\",\"datePublished\":\"2021-10-02T17:01:09+00:00\",\"dateModified\":\"2021-10-02T17:01:10+00:00\",\"mainEntityOfPage\":{\"@id\":\"https:\\\/\\\/buletin.de\\\/bucuresti\\\/video-proteste-cu-peste-10-000-de-oameni-in-bucuresti-participantii-cer-libertate-fara-certificate-si-ca-vaccinarea-sa-nu-devina-obligatorie\\\/\"},\"wordCount\":638,\"publisher\":{\"@id\":\"https:\\\/\\\/buletin.de\\\/bucuresti\\\/#organization\"},\"image\":{\"@id\":\"https:\\\/\\\/buletin.de\\\/bucuresti\\\/video-proteste-cu-peste-10-000-de-oameni-in-bucuresti-participantii-cer-libertate-fara-certificate-si-ca-vaccinarea-sa-nu-devina-obligatorie\\\/#primaryimage\"},\"thumbnailUrl\":\"https:\\\/\\\/buletin.de\\\/bucuresti\\\/wp-content\\\/uploads\\\/243648421_389330242798616_3988605895174403109_n.jpg\",\"articleSection\":[\"\u0218tiri\"],\"inLanguage\":\"en-GB\",\"copyrightYear\":\"2021\",\"copyrightHolder\":{\"@id\":\"https:\\\/\\\/buletin.de\\\/bucuresti\\\/#organization\"}},{\"@type\":\"WebPage\",\"@id\":\"https:\\\/\\\/buletin.de\\\/bucuresti\\\/video-proteste-cu-peste-10-000-de-oameni-in-bucuresti-participantii-cer-libertate-fara-certificate-si-ca-vaccinarea-sa-nu-devina-obligatorie\\\/\",\"url\":\"https:\\\/\\\/buletin.de\\\/bucuresti\\\/video-proteste-cu-peste-10-000-de-oameni-in-bucuresti-participantii-cer-libertate-fara-certificate-si-ca-vaccinarea-sa-nu-devina-obligatorie\\\/\",\"name\":\"VIDEO: Proteste cu peste 10.000 de oameni, \u00een Bucure\u0219ti. Participan\u021bii cer \\\"Libertate f\u0103r\u0103 certificate\\\" \u0219i ca vaccinarea s\u0103 nu devin\u0103 obligatorie - Buletin de Bucure\u0219ti\",\"isPartOf\":{\"@id\":\"https:\\\/\\\/buletin.de\\\/bucuresti\\\/#website\"},\"primaryImageOfPage\":{\"@id\":\"https:\\\/\\\/buletin.de\\\/bucuresti\\\/video-proteste-cu-peste-10-000-de-oameni-in-bucuresti-participantii-cer-libertate-fara-certificate-si-ca-vaccinarea-sa-nu-devina-obligatorie\\\/#primaryimage\"},\"image\":{\"@id\":\"https:\\\/\\\/buletin.de\\\/bucuresti\\\/video-proteste-cu-peste-10-000-de-oameni-in-bucuresti-participantii-cer-libertate-fara-certificate-si-ca-vaccinarea-sa-nu-devina-obligatorie\\\/#primaryimage\"},\"thumbnailUrl\":\"https:\\\/\\\/buletin.de\\\/bucuresti\\\/wp-content\\\/uploads\\\/243648421_389330242798616_3988605895174403109_n.jpg\",\"datePublished\":\"2021-10-02T17:01:09+00:00\",\"dateModified\":\"2021-10-02T17:01:10+00:00\",\"breadcrumb\":{\"@id\":\"https:\\\/\\\/buletin.de\\\/bucuresti\\\/video-proteste-cu-peste-10-000-de-oameni-in-bucuresti-participantii-cer-libertate-fara-certificate-si-ca-vaccinarea-sa-nu-devina-obligatorie\\\/#breadcrumb\"},\"inLanguage\":\"en-GB\",\"potentialAction\":[{\"@type\":\"ReadAction\",\"target\":[\"https:\\\/\\\/buletin.de\\\/bucuresti\\\/video-proteste-cu-peste-10-000-de-oameni-in-bucuresti-participantii-cer-libertate-fara-certificate-si-ca-vaccinarea-sa-nu-devina-obligatorie\\\/\"]}]},{\"@type\":\"ImageObject\",\"inLanguage\":\"en-GB\",\"@id\":\"https:\\\/\\\/buletin.de\\\/bucuresti\\\/video-proteste-cu-peste-10-000-de-oameni-in-bucuresti-participantii-cer-libertate-fara-certificate-si-ca-vaccinarea-sa-nu-devina-obligatorie\\\/#primaryimage\",\"url\":\"https:\\\/\\\/buletin.de\\\/bucuresti\\\/wp-content\\\/uploads\\\/243648421_389330242798616_3988605895174403109_n.jpg\",\"contentUrl\":\"https:\\\/\\\/buletin.de\\\/bucuresti\\\/wp-content\\\/uploads\\\/243648421_389330242798616_3988605895174403109_n.jpg\",\"width\":956,\"height\":346},{\"@type\":\"BreadcrumbList\",\"@id\":\"https:\\\/\\\/buletin.de\\\/bucuresti\\\/video-proteste-cu-peste-10-000-de-oameni-in-bucuresti-participantii-cer-libertate-fara-certificate-si-ca-vaccinarea-sa-nu-devina-obligatorie\\\/#breadcrumb\",\"itemListElement\":[{\"@type\":\"ListItem\",\"position\":1,\"name\":\"Acas\u0103\",\"item\":\"https:\\\/\\\/buletin.de\\\/bucuresti\\\/\"},{\"@type\":\"ListItem\",\"position\":2,\"name\":\"VIDEO: Proteste cu peste 10.000 de oameni, \u00een Bucure\u0219ti. Participan\u021bii cer &#8220;Libertate f\u0103r\u0103 certificate&#8221; \u0219i ca vaccinarea s\u0103 nu devin\u0103 obligatorie\"}]},{\"@type\":\"WebSite\",\"@id\":\"https:\\\/\\\/buletin.de\\\/bucuresti\\\/#website\",\"url\":\"https:\\\/\\\/buletin.de\\\/bucuresti\\\/\",\"name\":\"Buletin de Bucure\u0219ti\",\"description\":\"\u0218tiri \u0219i investiga\u021bii esen\u021biale din capital\u0103\",\"publisher\":{\"@id\":\"https:\\\/\\\/buletin.de\\\/bucuresti\\\/#organization\"},\"potentialAction\":[{\"@type\":\"SearchAction\",\"target\":{\"@type\":\"EntryPoint\",\"urlTemplate\":\"https:\\\/\\\/buletin.de\\\/bucuresti\\\/?s={search_term_string}\"},\"query-input\":{\"@type\":\"PropertyValueSpecification\",\"valueRequired\":true,\"valueName\":\"search_term_string\"}}],\"inLanguage\":\"en-GB\"},{\"@type\":\"Organization\",\"@id\":\"https:\\\/\\\/buletin.de\\\/bucuresti\\\/#organization\",\"name\":\"Buletin de Bucure\u0219ti\",\"url\":\"https:\\\/\\\/buletin.de\\\/bucuresti\\\/\",\"logo\":{\"@type\":\"ImageObject\",\"inLanguage\":\"en-GB\",\"@id\":\"https:\\\/\\\/buletin.de\\\/bucuresti\\\/#\\\/schema\\\/logo\\\/image\\\/\",\"url\":\"https:\\\/\\\/buletin.de\\\/bucuresti\\\/wp-content\\\/uploads\\\/logo-bdb-full-wide-vernil-transparent.png\",\"contentUrl\":\"https:\\\/\\\/buletin.de\\\/bucuresti\\\/wp-content\\\/uploads\\\/logo-bdb-full-wide-vernil-transparent.png\",\"width\":1782,\"height\":626,\"caption\":\"Buletin de Bucure\u0219ti\"},\"image\":{\"@id\":\"https:\\\/\\\/buletin.de\\\/bucuresti\\\/#\\\/schema\\\/logo\\\/image\\\/\"},\"sameAs\":[\"https:\\\/\\\/www.facebook.com\\\/buletin.de.buc\",\"https:\\\/\\\/www.instagram.com\\\/buletinde.bucuresti\\\/\"]},{\"@type\":\"Person\",\"@id\":\"https:\\\/\\\/buletin.de\\\/bucuresti\\\/#\\\/schema\\\/person\\\/d369d7ddc775abece205795e0b804614\",\"name\":\"Teodora Stroe\",\"image\":{\"@type\":\"ImageObject\",\"inLanguage\":\"en-GB\",\"@id\":\"https:\\\/\\\/secure.gravatar.com\\\/avatar\\\/2560b4cd9f5f1bc100b123158e657d75584bd1c3e1d9c69285720b9457c1b78d?s=96&d=monsterid&r=gc104800242ba5f2d78dd5d7dc4df08b6\",\"url\":\"https:\\\/\\\/secure.gravatar.com\\\/avatar\\\/2560b4cd9f5f1bc100b123158e657d75584bd1c3e1d9c69285720b9457c1b78d?s=96&d=monsterid&r=g\",\"contentUrl\":\"https:\\\/\\\/secure.gravatar.com\\\/avatar\\\/2560b4cd9f5f1bc100b123158e657d75584bd1c3e1d9c69285720b9457c1b78d?s=96&d=monsterid&r=g\",\"caption\":\"Teodora Stroe\"},\"url\":\"https:\\\/\\\/buletin.de\\\/bucuresti\\\/author\\\/simonacarlugea\\\/\"}]}<\/script>\n<!-- \/ Yoast SEO Premium plugin. -->","yoast_head_json":{"title":"VIDEO: Proteste cu peste 10.000 de oameni, \u00een Bucure\u0219ti. Participan\u021bii cer \"Libertate f\u0103r\u0103 certificate\" \u0219i ca vaccinarea s\u0103 nu devin\u0103 obligatorie - Buletin de Bucure\u0219ti","robots":{"index":"index","follow":"follow","max-snippet":"max-snippet:-1","max-image-preview":"max-image-preview:large","max-video-preview":"max-video-preview:-1"},"canonical":"https:\/\/buletin.de\/bucuresti\/video-proteste-cu-peste-10-000-de-oameni-in-bucuresti-participantii-cer-libertate-fara-certificate-si-ca-vaccinarea-sa-nu-devina-obligatorie\/","og_locale":"en_GB","og_type":"article","og_title":"VIDEO: Proteste cu peste 10.000 de oameni, \u00een Bucure\u0219ti. Participan\u021bii cer \"Libertate f\u0103r\u0103 certificate\" \u0219i ca vaccinarea s\u0103 nu devin\u0103 obligatorie","og_description":"Dou\u0103 proteste au loc, \u00een acest moment, \u00een Capital\u0103, la care particip\u0103 peste 10.000 de persoane. Primul, organizat de AUR, a avut ca punct de plecare Pia\u021ba Universit\u0103\u021bii, iar coloana de participan\u021bi a plecat \u00een mar\u0219 spre Pia\u021ba Victoriei. Acolo se desf\u0103\u0219oar\u0103 al doilea protest, organizat de mai multe asocia\u021bii. Protestatarii cer ca vaccinarea s\u0103 [&hellip;]","og_url":"https:\/\/buletin.de\/bucuresti\/video-proteste-cu-peste-10-000-de-oameni-in-bucuresti-participantii-cer-libertate-fara-certificate-si-ca-vaccinarea-sa-nu-devina-obligatorie\/","og_site_name":"Buletin de Bucure\u0219ti","article_publisher":"https:\/\/www.facebook.com\/buletin.de.buc","article_published_time":"2021-10-02T17:01:09+00:00","article_modified_time":"2021-10-02T17:01:10+00:00","og_image":[{"width":956,"height":346,"url":"https:\/\/buletin.de\/bucuresti\/wp-content\/uploads\/243648421_389330242798616_3988605895174403109_n.jpg","type":"image\/jpeg"}],"author":"Teodora Stroe","twitter_card":"summary_large_image","twitter_misc":{"Written by":"Teodora Stroe","Estimated reading time":"6 minutes"},"schema":{"@context":"https:\/\/schema.org","@graph":[{"@type":"Article","@id":"https:\/\/buletin.de\/bucuresti\/video-proteste-cu-peste-10-000-de-oameni-in-bucuresti-participantii-cer-libertate-fara-certificate-si-ca-vaccinarea-sa-nu-devina-obligatorie\/#article","isPartOf":{"@id":"https:\/\/buletin.de\/bucuresti\/video-proteste-cu-peste-10-000-de-oameni-in-bucuresti-participantii-cer-libertate-fara-certificate-si-ca-vaccinarea-sa-nu-devina-obligatorie\/"},"author":{"name":"Teodora Stroe","@id":"https:\/\/buletin.de\/bucuresti\/#\/schema\/person\/d369d7ddc775abece205795e0b804614"},"headline":"VIDEO: Proteste cu peste 10.000 de oameni, \u00een Bucure\u0219ti. Participan\u021bii cer &#8220;Libertate f\u0103r\u0103 certificate&#8221; \u0219i ca vaccinarea s\u0103 nu devin\u0103 obligatorie","datePublished":"2021-10-02T17:01:09+00:00","dateModified":"2021-10-02T17:01:10+00:00","mainEntityOfPage":{"@id":"https:\/\/buletin.de\/bucuresti\/video-proteste-cu-peste-10-000-de-oameni-in-bucuresti-participantii-cer-libertate-fara-certificate-si-ca-vaccinarea-sa-nu-devina-obligatorie\/"},"wordCount":638,"publisher":{"@id":"https:\/\/buletin.de\/bucuresti\/#organization"},"image":{"@id":"https:\/\/buletin.de\/bucuresti\/video-proteste-cu-peste-10-000-de-oameni-in-bucuresti-participantii-cer-libertate-fara-certificate-si-ca-vaccinarea-sa-nu-devina-obligatorie\/#primaryimage"},"thumbnailUrl":"https:\/\/buletin.de\/bucuresti\/wp-content\/uploads\/243648421_389330242798616_3988605895174403109_n.jpg","articleSection":["\u0218tiri"],"inLanguage":"en-GB","copyrightYear":"2021","copyrightHolder":{"@id":"https:\/\/buletin.de\/bucuresti\/#organization"}},{"@type":"WebPage","@id":"https:\/\/buletin.de\/bucuresti\/video-proteste-cu-peste-10-000-de-oameni-in-bucuresti-participantii-cer-libertate-fara-certificate-si-ca-vaccinarea-sa-nu-devina-obligatorie\/","url":"https:\/\/buletin.de\/bucuresti\/video-proteste-cu-peste-10-000-de-oameni-in-bucuresti-participantii-cer-libertate-fara-certificate-si-ca-vaccinarea-sa-nu-devina-obligatorie\/","name":"VIDEO: Proteste cu peste 10.000 de oameni, \u00een Bucure\u0219ti. Participan\u021bii cer \"Libertate f\u0103r\u0103 certificate\" \u0219i ca vaccinarea s\u0103 nu devin\u0103 obligatorie - Buletin de Bucure\u0219ti","isPartOf":{"@id":"https:\/\/buletin.de\/bucuresti\/#website"},"primaryImageOfPage":{"@id":"https:\/\/buletin.de\/bucuresti\/video-proteste-cu-peste-10-000-de-oameni-in-bucuresti-participantii-cer-libertate-fara-certificate-si-ca-vaccinarea-sa-nu-devina-obligatorie\/#primaryimage"},"image":{"@id":"https:\/\/buletin.de\/bucuresti\/video-proteste-cu-peste-10-000-de-oameni-in-bucuresti-participantii-cer-libertate-fara-certificate-si-ca-vaccinarea-sa-nu-devina-obligatorie\/#primaryimage"},"thumbnailUrl":"https:\/\/buletin.de\/bucuresti\/wp-content\/uploads\/243648421_389330242798616_3988605895174403109_n.jpg","datePublished":"2021-10-02T17:01:09+00:00","dateModified":"2021-10-02T17:01:10+00:00","breadcrumb":{"@id":"https:\/\/buletin.de\/bucuresti\/video-proteste-cu-peste-10-000-de-oameni-in-bucuresti-participantii-cer-libertate-fara-certificate-si-ca-vaccinarea-sa-nu-devina-obligatorie\/#breadcrumb"},"inLanguage":"en-GB","potentialAction":[{"@type":"ReadAction","target":["https:\/\/buletin.de\/bucuresti\/video-proteste-cu-peste-10-000-de-oameni-in-bucuresti-participantii-cer-libertate-fara-certificate-si-ca-vaccinarea-sa-nu-devina-obligatorie\/"]}]},{"@type":"ImageObject","inLanguage":"en-GB","@id":"https:\/\/buletin.de\/bucuresti\/video-proteste-cu-peste-10-000-de-oameni-in-bucuresti-participantii-cer-libertate-fara-certificate-si-ca-vaccinarea-sa-nu-devina-obligatorie\/#primaryimage","url":"https:\/\/buletin.de\/bucuresti\/wp-content\/uploads\/243648421_389330242798616_3988605895174403109_n.jpg","contentUrl":"https:\/\/buletin.de\/bucuresti\/wp-content\/uploads\/243648421_389330242798616_3988605895174403109_n.jpg","width":956,"height":346},{"@type":"BreadcrumbList","@id":"https:\/\/buletin.de\/bucuresti\/video-proteste-cu-peste-10-000-de-oameni-in-bucuresti-participantii-cer-libertate-fara-certificate-si-ca-vaccinarea-sa-nu-devina-obligatorie\/#breadcrumb","itemListElement":[{"@type":"ListItem","position":1,"name":"Acas\u0103","item":"https:\/\/buletin.de\/bucuresti\/"},{"@type":"ListItem","position":2,"name":"VIDEO: Proteste cu peste 10.000 de oameni, \u00een Bucure\u0219ti. Participan\u021bii cer &#8220;Libertate f\u0103r\u0103 certificate&#8221; \u0219i ca vaccinarea s\u0103 nu devin\u0103 obligatorie"}]},{"@type":"WebSite","@id":"https:\/\/buletin.de\/bucuresti\/#website","url":"https:\/\/buletin.de\/bucuresti\/","name":"Buletin de Bucure\u0219ti","description":"\u0218tiri \u0219i investiga\u021bii esen\u021biale din capital\u0103","publisher":{"@id":"https:\/\/buletin.de\/bucuresti\/#organization"},"potentialAction":[{"@type":"SearchAction","target":{"@type":"EntryPoint","urlTemplate":"https:\/\/buletin.de\/bucuresti\/?s={search_term_string}"},"query-input":{"@type":"PropertyValueSpecification","valueRequired":true,"valueName":"search_term_string"}}],"inLanguage":"en-GB"},{"@type":"Organization","@id":"https:\/\/buletin.de\/bucuresti\/#organization","name":"Buletin de Bucure\u0219ti","url":"https:\/\/buletin.de\/bucuresti\/","logo":{"@type":"ImageObject","inLanguage":"en-GB","@id":"https:\/\/buletin.de\/bucuresti\/#\/schema\/logo\/image\/","url":"https:\/\/buletin.de\/bucuresti\/wp-content\/uploads\/logo-bdb-full-wide-vernil-transparent.png","contentUrl":"https:\/\/buletin.de\/bucuresti\/wp-content\/uploads\/logo-bdb-full-wide-vernil-transparent.png","width":1782,"height":626,"caption":"Buletin de Bucure\u0219ti"},"image":{"@id":"https:\/\/buletin.de\/bucuresti\/#\/schema\/logo\/image\/"},"sameAs":["https:\/\/www.facebook.com\/buletin.de.buc","https:\/\/www.instagram.com\/buletinde.bucuresti\/"]},{"@type":"Person","@id":"https:\/\/buletin.de\/bucuresti\/#\/schema\/person\/d369d7ddc775abece205795e0b804614","name":"Teodora Stroe","image":{"@type":"ImageObject","inLanguage":"en-GB","@id":"https:\/\/secure.gravatar.com\/avatar\/2560b4cd9f5f1bc100b123158e657d75584bd1c3e1d9c69285720b9457c1b78d?s=96&d=monsterid&r=gc104800242ba5f2d78dd5d7dc4df08b6","url":"https:\/\/secure.gravatar.com\/avatar\/2560b4cd9f5f1bc100b123158e657d75584bd1c3e1d9c69285720b9457c1b78d?s=96&d=monsterid&r=g","contentUrl":"https:\/\/secure.gravatar.com\/avatar\/2560b4cd9f5f1bc100b123158e657d75584bd1c3e1d9c69285720b9457c1b78d?s=96&d=monsterid&r=g","caption":"Teodora Stroe"},"url":"https:\/\/buletin.de\/bucuresti\/author\/simonacarlugea\/"}]}},"authors":[{"term_id":22579,"user_id":18,"is_guest":0,"slug":"simonacarlugea","display_name":"Teodora Stroe","avatar_url":"https:\/\/secure.gravatar.com\/avatar\/2560b4cd9f5f1bc100b123158e657d75584bd1c3e1d9c69285720b9457c1b78d?s=96&d=monsterid&r=g","0":null,"1":"","2":"","3":"","4":"","5":"","6":"","7":"","8":""}],"_links":{"self":[{"href":"https:\/\/buletin.de\/bucuresti\/wp-json\/wp\/v2\/posts\/31789","targetHints":{"allow":["GET"]}}],"collection":[{"href":"https:\/\/buletin.de\/bucuresti\/wp-json\/wp\/v2\/posts"}],"about":[{"href":"https:\/\/buletin.de\/bucuresti\/wp-json\/wp\/v2\/types\/post"}],"author":[{"embeddable":true,"href":"https:\/\/buletin.de\/bucuresti\/wp-json\/wp\/v2\/users\/18"}],"replies":[{"embeddable":true,"href":"https:\/\/buletin.de\/bucuresti\/wp-json\/wp\/v2\/comments?post=31789"}],"version-history":[{"count":2,"href":"https:\/\/buletin.de\/bucuresti\/wp-json\/wp\/v2\/posts\/31789\/revisions"}],"predecessor-version":[{"id":31866,"href":"https:\/\/buletin.de\/bucuresti\/wp-json\/wp\/v2\/posts\/31789\/revisions\/31866"}],"wp:featuredmedia":[{"embeddable":true,"href":"https:\/\/buletin.de\/bucuresti\/wp-json\/wp\/v2\/media\/31792"}],"wp:attachment":[{"href":"https:\/\/buletin.de\/bucuresti\/wp-json\/wp\/v2\/media?parent=31789"}],"wp:term":[{"taxonomy":"category","embeddable":true,"href":"https:\/\/buletin.de\/bucuresti\/wp-json\/wp\/v2\/categories?post=31789"},{"taxonomy":"post_tag","embeddable":true,"href":"https:\/\/buletin.de\/bucuresti\/wp-json\/wp\/v2\/tags?post=31789"},{"taxonomy":"author","embeddable":true,"href":"https:\/\/buletin.de\/bucuresti\/wp-json\/wp\/v2\/ppma_author?post=31789"}],"curies":[{"name":"wp","href":"https:\/\/api.w.org\/{rel}","templated":true}]}}