{"id":31691,"date":"2021-10-01T12:55:36","date_gmt":"2021-10-01T09:55:36","guid":{"rendered":"https:\/\/buletin.de\/bucuresti\/?p=31691"},"modified":"2021-10-01T12:55:37","modified_gmt":"2021-10-01T09:55:37","slug":"doi-inspectori-anaf-din-ilfov-acuzati-de-dna-de-luare-de-mita","status":"publish","type":"post","link":"https:\/\/buletin.de\/bucuresti\/doi-inspectori-anaf-din-ilfov-acuzati-de-dna-de-luare-de-mita\/","title":{"rendered":"Doi inspectori ANAF din Ilfov, acuza\u021bi de DNA de luare de mit\u0103"},"content":{"rendered":"\n<p><em><strong>Procurorii Direc\u021biei Na\u021bionale Anticorup\u021bie (DNA) au dispus re\u021binerea pentru 24 de ore a doi inspectori din cadrul Agen\u021biei Na\u021bionale de Administrare Fiscal\u0103 (ANAF) Ilfov. Cei doi sunt acuza\u021bi de luare de mit\u0103, iar unul dintre ei este cercetat \u0219i pentru trafic de influen\u021b\u0103.<\/strong><\/em><\/p>\n\n\n\n<p>Conform comunicatului DNA, pe 17 august 2021, Ro\u0219ca Florin Cristian ar fi primit 2.500 de lei de la administratorul unei firme pentru el \u0219i colega lui, Zeca Mirela. \u201e<em>Concret, banii respectivi ar fi fost pretin\u0219i \u0219i primi\u021bi de cei doi inculpa\u021bi pentru ca, \u00een raportul de inspec\u021bie fiscal\u0103 pe care urmau s\u0103 \u00eel \u00eentocmeasc\u0103 \u00een vederea solu\u021bion\u0103rii unei cereri de rambursare TVA \u00een cuantum de 10.349 lei, depus\u0103 de omul de afaceri, s\u0103 constate c\u0103 societatea acestuia este \u00eendrept\u0103\u021bit\u0103 la rambursarea TVA \u00een cuantumul solicitat<\/em>\u201d.<\/p>\n\n\n\n<p>Ro\u0219ca i-a promis omului de afaceri c\u0103 se va folosi de influen\u021ba pe care o are asupra conducerii ANAF Ilfov pentru ca raportul de inspec\u021bie fiscal\u0103 s\u0103 fie aprobat a\u0219a cum a fost \u00eentocmit.<\/p>\n\n\n\n<p><\/p>\n\n\n\n<p>Surs\u0103 Foto: Facebook\/DNA<\/p>\n","protected":false},"excerpt":{"rendered":"<p>Procurorii Direc\u021biei Na\u021bionale Anticorup\u021bie (DNA) au dispus re\u021binerea pentru 24 de ore a doi inspectori din cadrul Agen\u021biei Na\u021bionale de Administrare Fiscal\u0103 (ANAF) Ilfov. Cei doi sunt acuza\u021bi de luare de mit\u0103, iar unul dintre ei este cercetat \u0219i pentru trafic de influen\u021b\u0103. Conform comunicatului DNA, pe 17 august 2021, Ro\u0219ca Florin Cristian ar fi [&hellip;]<\/p>\n","protected":false},"author":6,"featured_media":31097,"comment_status":"closed","ping_status":"open","sticky":false,"template":"","format":"standard","meta":{"_acf_changed":false,"inline_featured_image":false,"ngg_post_thumbnail":0,"footnotes":""},"categories":[62],"tags":[3302,875,820],"ppma_author":[22588],"class_list":["post-31691","post","type-post","status-publish","format-standard","has-post-thumbnail","hentry","category-stiri","tag-anaf","tag-dna","tag-ilfov"],"acf":[],"yoast_head":"<!-- This site is optimized with the Yoast SEO Premium plugin v25.3 (Yoast SEO v27.5) - https:\/\/yoast.com\/product\/yoast-seo-premium-wordpress\/ -->\n<title>Doi inspectori ANAF din Ilfov, acuza\u021bi de DNA de luare de mit\u0103 - Buletin de Bucure\u0219ti<\/title>\n<meta name=\"robots\" content=\"index, follow, max-snippet:-1, max-image-preview:large, max-video-preview:-1\" \/>\n<link rel=\"canonical\" href=\"https:\/\/buletin.de\/bucuresti\/doi-inspectori-anaf-din-ilfov-acuzati-de-dna-de-luare-de-mita\/\" \/>\n<meta property=\"og:locale\" content=\"en_GB\" \/>\n<meta property=\"og:type\" content=\"article\" \/>\n<meta property=\"og:title\" content=\"Doi inspectori ANAF din Ilfov, acuza\u021bi de DNA de luare de mit\u0103\" \/>\n<meta property=\"og:description\" content=\"Procurorii Direc\u021biei Na\u021bionale Anticorup\u021bie (DNA) au dispus re\u021binerea pentru 24 de ore a doi inspectori din cadrul Agen\u021biei Na\u021bionale de Administrare Fiscal\u0103 (ANAF) Ilfov. Cei doi sunt acuza\u021bi de luare de mit\u0103, iar unul dintre ei este cercetat \u0219i pentru trafic de influen\u021b\u0103. Conform comunicatului DNA, pe 17 august 2021, Ro\u0219ca Florin Cristian ar fi [&hellip;]\" \/>\n<meta property=\"og:url\" content=\"https:\/\/buletin.de\/bucuresti\/doi-inspectori-anaf-din-ilfov-acuzati-de-dna-de-luare-de-mita\/\" \/>\n<meta property=\"og:site_name\" content=\"Buletin de Bucure\u0219ti\" \/>\n<meta property=\"article:publisher\" content=\"https:\/\/www.facebook.com\/buletin.de.buc\" \/>\n<meta property=\"article:published_time\" content=\"2021-10-01T09:55:36+00:00\" \/>\n<meta property=\"article:modified_time\" content=\"2021-10-01T09:55:37+00:00\" \/>\n<meta property=\"og:image\" content=\"https:\/\/buletin.de\/bucuresti\/wp-content\/uploads\/105704439_148640353468325_294029342393369722_n-1.jpg\" \/>\n\t<meta property=\"og:image:width\" content=\"2000\" \/>\n\t<meta property=\"og:image:height\" content=\"1335\" \/>\n\t<meta property=\"og:image:type\" content=\"image\/jpeg\" \/>\n<meta name=\"author\" content=\"Bianca Albu\" \/>\n<meta name=\"twitter:card\" content=\"summary_large_image\" \/>\n<meta name=\"twitter:label1\" content=\"Written by\" \/>\n\t<meta name=\"twitter:data1\" content=\"Bianca Albu\" \/>\n\t<meta name=\"twitter:label2\" content=\"Estimated reading time\" \/>\n\t<meta name=\"twitter:data2\" content=\"1 minute\" \/>\n<script type=\"application\/ld+json\" class=\"yoast-schema-graph\">{\"@context\":\"https:\\\/\\\/schema.org\",\"@graph\":[{\"@type\":\"Article\",\"@id\":\"https:\\\/\\\/buletin.de\\\/bucuresti\\\/doi-inspectori-anaf-din-ilfov-acuzati-de-dna-de-luare-de-mita\\\/#article\",\"isPartOf\":{\"@id\":\"https:\\\/\\\/buletin.de\\\/bucuresti\\\/doi-inspectori-anaf-din-ilfov-acuzati-de-dna-de-luare-de-mita\\\/\"},\"author\":{\"name\":\"Bianca Albu\",\"@id\":\"https:\\\/\\\/buletin.de\\\/bucuresti\\\/#\\\/schema\\\/person\\\/295dc2228d2dc79294d636619468dc7f\"},\"headline\":\"Doi inspectori ANAF din Ilfov, acuza\u021bi de DNA de luare de mit\u0103\",\"datePublished\":\"2021-10-01T09:55:36+00:00\",\"dateModified\":\"2021-10-01T09:55:37+00:00\",\"mainEntityOfPage\":{\"@id\":\"https:\\\/\\\/buletin.de\\\/bucuresti\\\/doi-inspectori-anaf-din-ilfov-acuzati-de-dna-de-luare-de-mita\\\/\"},\"wordCount\":193,\"publisher\":{\"@id\":\"https:\\\/\\\/buletin.de\\\/bucuresti\\\/#organization\"},\"image\":{\"@id\":\"https:\\\/\\\/buletin.de\\\/bucuresti\\\/doi-inspectori-anaf-din-ilfov-acuzati-de-dna-de-luare-de-mita\\\/#primaryimage\"},\"thumbnailUrl\":\"https:\\\/\\\/buletin.de\\\/bucuresti\\\/wp-content\\\/uploads\\\/105704439_148640353468325_294029342393369722_n-1.jpg\",\"keywords\":[\"anaf\",\"dna\",\"Ilfov\"],\"articleSection\":[\"\u0218tiri\"],\"inLanguage\":\"en-GB\",\"copyrightYear\":\"2021\",\"copyrightHolder\":{\"@id\":\"https:\\\/\\\/buletin.de\\\/bucuresti\\\/#organization\"}},{\"@type\":\"WebPage\",\"@id\":\"https:\\\/\\\/buletin.de\\\/bucuresti\\\/doi-inspectori-anaf-din-ilfov-acuzati-de-dna-de-luare-de-mita\\\/\",\"url\":\"https:\\\/\\\/buletin.de\\\/bucuresti\\\/doi-inspectori-anaf-din-ilfov-acuzati-de-dna-de-luare-de-mita\\\/\",\"name\":\"Doi inspectori ANAF din Ilfov, acuza\u021bi de DNA de luare de mit\u0103 - Buletin de Bucure\u0219ti\",\"isPartOf\":{\"@id\":\"https:\\\/\\\/buletin.de\\\/bucuresti\\\/#website\"},\"primaryImageOfPage\":{\"@id\":\"https:\\\/\\\/buletin.de\\\/bucuresti\\\/doi-inspectori-anaf-din-ilfov-acuzati-de-dna-de-luare-de-mita\\\/#primaryimage\"},\"image\":{\"@id\":\"https:\\\/\\\/buletin.de\\\/bucuresti\\\/doi-inspectori-anaf-din-ilfov-acuzati-de-dna-de-luare-de-mita\\\/#primaryimage\"},\"thumbnailUrl\":\"https:\\\/\\\/buletin.de\\\/bucuresti\\\/wp-content\\\/uploads\\\/105704439_148640353468325_294029342393369722_n-1.jpg\",\"datePublished\":\"2021-10-01T09:55:36+00:00\",\"dateModified\":\"2021-10-01T09:55:37+00:00\",\"breadcrumb\":{\"@id\":\"https:\\\/\\\/buletin.de\\\/bucuresti\\\/doi-inspectori-anaf-din-ilfov-acuzati-de-dna-de-luare-de-mita\\\/#breadcrumb\"},\"inLanguage\":\"en-GB\",\"potentialAction\":[{\"@type\":\"ReadAction\",\"target\":[\"https:\\\/\\\/buletin.de\\\/bucuresti\\\/doi-inspectori-anaf-din-ilfov-acuzati-de-dna-de-luare-de-mita\\\/\"]}]},{\"@type\":\"ImageObject\",\"inLanguage\":\"en-GB\",\"@id\":\"https:\\\/\\\/buletin.de\\\/bucuresti\\\/doi-inspectori-anaf-din-ilfov-acuzati-de-dna-de-luare-de-mita\\\/#primaryimage\",\"url\":\"https:\\\/\\\/buletin.de\\\/bucuresti\\\/wp-content\\\/uploads\\\/105704439_148640353468325_294029342393369722_n-1.jpg\",\"contentUrl\":\"https:\\\/\\\/buletin.de\\\/bucuresti\\\/wp-content\\\/uploads\\\/105704439_148640353468325_294029342393369722_n-1.jpg\",\"width\":2000,\"height\":1335},{\"@type\":\"BreadcrumbList\",\"@id\":\"https:\\\/\\\/buletin.de\\\/bucuresti\\\/doi-inspectori-anaf-din-ilfov-acuzati-de-dna-de-luare-de-mita\\\/#breadcrumb\",\"itemListElement\":[{\"@type\":\"ListItem\",\"position\":1,\"name\":\"Acas\u0103\",\"item\":\"https:\\\/\\\/buletin.de\\\/bucuresti\\\/\"},{\"@type\":\"ListItem\",\"position\":2,\"name\":\"Doi inspectori ANAF din Ilfov, acuza\u021bi de DNA de luare de mit\u0103\"}]},{\"@type\":\"WebSite\",\"@id\":\"https:\\\/\\\/buletin.de\\\/bucuresti\\\/#website\",\"url\":\"https:\\\/\\\/buletin.de\\\/bucuresti\\\/\",\"name\":\"Buletin de Bucure\u0219ti\",\"description\":\"\u0218tiri \u0219i investiga\u021bii esen\u021biale din capital\u0103\",\"publisher\":{\"@id\":\"https:\\\/\\\/buletin.de\\\/bucuresti\\\/#organization\"},\"potentialAction\":[{\"@type\":\"SearchAction\",\"target\":{\"@type\":\"EntryPoint\",\"urlTemplate\":\"https:\\\/\\\/buletin.de\\\/bucuresti\\\/?s={search_term_string}\"},\"query-input\":{\"@type\":\"PropertyValueSpecification\",\"valueRequired\":true,\"valueName\":\"search_term_string\"}}],\"inLanguage\":\"en-GB\"},{\"@type\":\"Organization\",\"@id\":\"https:\\\/\\\/buletin.de\\\/bucuresti\\\/#organization\",\"name\":\"Buletin de Bucure\u0219ti\",\"url\":\"https:\\\/\\\/buletin.de\\\/bucuresti\\\/\",\"logo\":{\"@type\":\"ImageObject\",\"inLanguage\":\"en-GB\",\"@id\":\"https:\\\/\\\/buletin.de\\\/bucuresti\\\/#\\\/schema\\\/logo\\\/image\\\/\",\"url\":\"https:\\\/\\\/buletin.de\\\/bucuresti\\\/wp-content\\\/uploads\\\/logo-bdb-full-wide-vernil-transparent.png\",\"contentUrl\":\"https:\\\/\\\/buletin.de\\\/bucuresti\\\/wp-content\\\/uploads\\\/logo-bdb-full-wide-vernil-transparent.png\",\"width\":1782,\"height\":626,\"caption\":\"Buletin de Bucure\u0219ti\"},\"image\":{\"@id\":\"https:\\\/\\\/buletin.de\\\/bucuresti\\\/#\\\/schema\\\/logo\\\/image\\\/\"},\"sameAs\":[\"https:\\\/\\\/www.facebook.com\\\/buletin.de.buc\",\"https:\\\/\\\/www.instagram.com\\\/buletinde.bucuresti\\\/\"]},{\"@type\":\"Person\",\"@id\":\"https:\\\/\\\/buletin.de\\\/bucuresti\\\/#\\\/schema\\\/person\\\/295dc2228d2dc79294d636619468dc7f\",\"name\":\"Bianca Albu\",\"image\":{\"@type\":\"ImageObject\",\"inLanguage\":\"en-GB\",\"@id\":\"https:\\\/\\\/secure.gravatar.com\\\/avatar\\\/3df2e34e20f529e6fd7be4311ee1f7c4ec4aa886971590baf6fa214b15743516?s=96&d=monsterid&r=gf541c715eeec409ce8101252a3c0d8a7\",\"url\":\"https:\\\/\\\/secure.gravatar.com\\\/avatar\\\/3df2e34e20f529e6fd7be4311ee1f7c4ec4aa886971590baf6fa214b15743516?s=96&d=monsterid&r=g\",\"contentUrl\":\"https:\\\/\\\/secure.gravatar.com\\\/avatar\\\/3df2e34e20f529e6fd7be4311ee1f7c4ec4aa886971590baf6fa214b15743516?s=96&d=monsterid&r=g\",\"caption\":\"Bianca Albu\"},\"description\":\"Reporter\",\"url\":\"https:\\\/\\\/buletin.de\\\/bucuresti\\\/author\\\/biancaalbu\\\/\"}]}<\/script>\n<!-- \/ Yoast SEO Premium plugin. -->","yoast_head_json":{"title":"Doi inspectori ANAF din Ilfov, acuza\u021bi de DNA de luare de mit\u0103 - Buletin de Bucure\u0219ti","robots":{"index":"index","follow":"follow","max-snippet":"max-snippet:-1","max-image-preview":"max-image-preview:large","max-video-preview":"max-video-preview:-1"},"canonical":"https:\/\/buletin.de\/bucuresti\/doi-inspectori-anaf-din-ilfov-acuzati-de-dna-de-luare-de-mita\/","og_locale":"en_GB","og_type":"article","og_title":"Doi inspectori ANAF din Ilfov, acuza\u021bi de DNA de luare de mit\u0103","og_description":"Procurorii Direc\u021biei Na\u021bionale Anticorup\u021bie (DNA) au dispus re\u021binerea pentru 24 de ore a doi inspectori din cadrul Agen\u021biei Na\u021bionale de Administrare Fiscal\u0103 (ANAF) Ilfov. Cei doi sunt acuza\u021bi de luare de mit\u0103, iar unul dintre ei este cercetat \u0219i pentru trafic de influen\u021b\u0103. Conform comunicatului DNA, pe 17 august 2021, Ro\u0219ca Florin Cristian ar fi [&hellip;]","og_url":"https:\/\/buletin.de\/bucuresti\/doi-inspectori-anaf-din-ilfov-acuzati-de-dna-de-luare-de-mita\/","og_site_name":"Buletin de Bucure\u0219ti","article_publisher":"https:\/\/www.facebook.com\/buletin.de.buc","article_published_time":"2021-10-01T09:55:36+00:00","article_modified_time":"2021-10-01T09:55:37+00:00","og_image":[{"width":2000,"height":1335,"url":"https:\/\/buletin.de\/bucuresti\/wp-content\/uploads\/105704439_148640353468325_294029342393369722_n-1.jpg","type":"image\/jpeg"}],"author":"Bianca Albu","twitter_card":"summary_large_image","twitter_misc":{"Written by":"Bianca Albu","Estimated reading time":"1 minute"},"schema":{"@context":"https:\/\/schema.org","@graph":[{"@type":"Article","@id":"https:\/\/buletin.de\/bucuresti\/doi-inspectori-anaf-din-ilfov-acuzati-de-dna-de-luare-de-mita\/#article","isPartOf":{"@id":"https:\/\/buletin.de\/bucuresti\/doi-inspectori-anaf-din-ilfov-acuzati-de-dna-de-luare-de-mita\/"},"author":{"name":"Bianca Albu","@id":"https:\/\/buletin.de\/bucuresti\/#\/schema\/person\/295dc2228d2dc79294d636619468dc7f"},"headline":"Doi inspectori ANAF din Ilfov, acuza\u021bi de DNA de luare de mit\u0103","datePublished":"2021-10-01T09:55:36+00:00","dateModified":"2021-10-01T09:55:37+00:00","mainEntityOfPage":{"@id":"https:\/\/buletin.de\/bucuresti\/doi-inspectori-anaf-din-ilfov-acuzati-de-dna-de-luare-de-mita\/"},"wordCount":193,"publisher":{"@id":"https:\/\/buletin.de\/bucuresti\/#organization"},"image":{"@id":"https:\/\/buletin.de\/bucuresti\/doi-inspectori-anaf-din-ilfov-acuzati-de-dna-de-luare-de-mita\/#primaryimage"},"thumbnailUrl":"https:\/\/buletin.de\/bucuresti\/wp-content\/uploads\/105704439_148640353468325_294029342393369722_n-1.jpg","keywords":["anaf","dna","Ilfov"],"articleSection":["\u0218tiri"],"inLanguage":"en-GB","copyrightYear":"2021","copyrightHolder":{"@id":"https:\/\/buletin.de\/bucuresti\/#organization"}},{"@type":"WebPage","@id":"https:\/\/buletin.de\/bucuresti\/doi-inspectori-anaf-din-ilfov-acuzati-de-dna-de-luare-de-mita\/","url":"https:\/\/buletin.de\/bucuresti\/doi-inspectori-anaf-din-ilfov-acuzati-de-dna-de-luare-de-mita\/","name":"Doi inspectori ANAF din Ilfov, acuza\u021bi de DNA de luare de mit\u0103 - Buletin de Bucure\u0219ti","isPartOf":{"@id":"https:\/\/buletin.de\/bucuresti\/#website"},"primaryImageOfPage":{"@id":"https:\/\/buletin.de\/bucuresti\/doi-inspectori-anaf-din-ilfov-acuzati-de-dna-de-luare-de-mita\/#primaryimage"},"image":{"@id":"https:\/\/buletin.de\/bucuresti\/doi-inspectori-anaf-din-ilfov-acuzati-de-dna-de-luare-de-mita\/#primaryimage"},"thumbnailUrl":"https:\/\/buletin.de\/bucuresti\/wp-content\/uploads\/105704439_148640353468325_294029342393369722_n-1.jpg","datePublished":"2021-10-01T09:55:36+00:00","dateModified":"2021-10-01T09:55:37+00:00","breadcrumb":{"@id":"https:\/\/buletin.de\/bucuresti\/doi-inspectori-anaf-din-ilfov-acuzati-de-dna-de-luare-de-mita\/#breadcrumb"},"inLanguage":"en-GB","potentialAction":[{"@type":"ReadAction","target":["https:\/\/buletin.de\/bucuresti\/doi-inspectori-anaf-din-ilfov-acuzati-de-dna-de-luare-de-mita\/"]}]},{"@type":"ImageObject","inLanguage":"en-GB","@id":"https:\/\/buletin.de\/bucuresti\/doi-inspectori-anaf-din-ilfov-acuzati-de-dna-de-luare-de-mita\/#primaryimage","url":"https:\/\/buletin.de\/bucuresti\/wp-content\/uploads\/105704439_148640353468325_294029342393369722_n-1.jpg","contentUrl":"https:\/\/buletin.de\/bucuresti\/wp-content\/uploads\/105704439_148640353468325_294029342393369722_n-1.jpg","width":2000,"height":1335},{"@type":"BreadcrumbList","@id":"https:\/\/buletin.de\/bucuresti\/doi-inspectori-anaf-din-ilfov-acuzati-de-dna-de-luare-de-mita\/#breadcrumb","itemListElement":[{"@type":"ListItem","position":1,"name":"Acas\u0103","item":"https:\/\/buletin.de\/bucuresti\/"},{"@type":"ListItem","position":2,"name":"Doi inspectori ANAF din Ilfov, acuza\u021bi de DNA de luare de mit\u0103"}]},{"@type":"WebSite","@id":"https:\/\/buletin.de\/bucuresti\/#website","url":"https:\/\/buletin.de\/bucuresti\/","name":"Buletin de Bucure\u0219ti","description":"\u0218tiri \u0219i investiga\u021bii esen\u021biale din capital\u0103","publisher":{"@id":"https:\/\/buletin.de\/bucuresti\/#organization"},"potentialAction":[{"@type":"SearchAction","target":{"@type":"EntryPoint","urlTemplate":"https:\/\/buletin.de\/bucuresti\/?s={search_term_string}"},"query-input":{"@type":"PropertyValueSpecification","valueRequired":true,"valueName":"search_term_string"}}],"inLanguage":"en-GB"},{"@type":"Organization","@id":"https:\/\/buletin.de\/bucuresti\/#organization","name":"Buletin de Bucure\u0219ti","url":"https:\/\/buletin.de\/bucuresti\/","logo":{"@type":"ImageObject","inLanguage":"en-GB","@id":"https:\/\/buletin.de\/bucuresti\/#\/schema\/logo\/image\/","url":"https:\/\/buletin.de\/bucuresti\/wp-content\/uploads\/logo-bdb-full-wide-vernil-transparent.png","contentUrl":"https:\/\/buletin.de\/bucuresti\/wp-content\/uploads\/logo-bdb-full-wide-vernil-transparent.png","width":1782,"height":626,"caption":"Buletin de Bucure\u0219ti"},"image":{"@id":"https:\/\/buletin.de\/bucuresti\/#\/schema\/logo\/image\/"},"sameAs":["https:\/\/www.facebook.com\/buletin.de.buc","https:\/\/www.instagram.com\/buletinde.bucuresti\/"]},{"@type":"Person","@id":"https:\/\/buletin.de\/bucuresti\/#\/schema\/person\/295dc2228d2dc79294d636619468dc7f","name":"Bianca Albu","image":{"@type":"ImageObject","inLanguage":"en-GB","@id":"https:\/\/secure.gravatar.com\/avatar\/3df2e34e20f529e6fd7be4311ee1f7c4ec4aa886971590baf6fa214b15743516?s=96&d=monsterid&r=gf541c715eeec409ce8101252a3c0d8a7","url":"https:\/\/secure.gravatar.com\/avatar\/3df2e34e20f529e6fd7be4311ee1f7c4ec4aa886971590baf6fa214b15743516?s=96&d=monsterid&r=g","contentUrl":"https:\/\/secure.gravatar.com\/avatar\/3df2e34e20f529e6fd7be4311ee1f7c4ec4aa886971590baf6fa214b15743516?s=96&d=monsterid&r=g","caption":"Bianca Albu"},"description":"Reporter","url":"https:\/\/buletin.de\/bucuresti\/author\/biancaalbu\/"}]}},"authors":[{"term_id":22588,"user_id":6,"is_guest":0,"slug":"biancaalbu","display_name":"Bianca Albu","avatar_url":"https:\/\/secure.gravatar.com\/avatar\/3df2e34e20f529e6fd7be4311ee1f7c4ec4aa886971590baf6fa214b15743516?s=96&d=monsterid&r=g","0":null,"1":"","2":"","3":"","4":"","5":"","6":"","7":"","8":""}],"_links":{"self":[{"href":"https:\/\/buletin.de\/bucuresti\/wp-json\/wp\/v2\/posts\/31691","targetHints":{"allow":["GET"]}}],"collection":[{"href":"https:\/\/buletin.de\/bucuresti\/wp-json\/wp\/v2\/posts"}],"about":[{"href":"https:\/\/buletin.de\/bucuresti\/wp-json\/wp\/v2\/types\/post"}],"author":[{"embeddable":true,"href":"https:\/\/buletin.de\/bucuresti\/wp-json\/wp\/v2\/users\/6"}],"replies":[{"embeddable":true,"href":"https:\/\/buletin.de\/bucuresti\/wp-json\/wp\/v2\/comments?post=31691"}],"version-history":[{"count":2,"href":"https:\/\/buletin.de\/bucuresti\/wp-json\/wp\/v2\/posts\/31691\/revisions"}],"predecessor-version":[{"id":31693,"href":"https:\/\/buletin.de\/bucuresti\/wp-json\/wp\/v2\/posts\/31691\/revisions\/31693"}],"wp:featuredmedia":[{"embeddable":true,"href":"https:\/\/buletin.de\/bucuresti\/wp-json\/wp\/v2\/media\/31097"}],"wp:attachment":[{"href":"https:\/\/buletin.de\/bucuresti\/wp-json\/wp\/v2\/media?parent=31691"}],"wp:term":[{"taxonomy":"category","embeddable":true,"href":"https:\/\/buletin.de\/bucuresti\/wp-json\/wp\/v2\/categories?post=31691"},{"taxonomy":"post_tag","embeddable":true,"href":"https:\/\/buletin.de\/bucuresti\/wp-json\/wp\/v2\/tags?post=31691"},{"taxonomy":"author","embeddable":true,"href":"https:\/\/buletin.de\/bucuresti\/wp-json\/wp\/v2\/ppma_author?post=31691"}],"curies":[{"name":"wp","href":"https:\/\/api.w.org\/{rel}","templated":true}]}}