{"id":31361,"date":"2021-09-26T16:45:36","date_gmt":"2021-09-26T13:45:36","guid":{"rendered":"https:\/\/buletin.de\/bucuresti\/?p=31361"},"modified":"2021-09-26T16:55:19","modified_gmt":"2021-09-26T13:55:19","slug":"prefectura-bucuresti-masuri-anticovid","status":"publish","type":"post","link":"https:\/\/buletin.de\/bucuresti\/prefectura-bucuresti-masuri-anticovid\/","title":{"rendered":"Bucure\u0219ti: Masca, obligatorie \u00een spa\u021biile publice aglomerate \u0219i la locul de munc\u0103"},"content":{"rendered":"\n<p><font style=\"vertical-align: inherit;\"><font style=\"vertical-align: inherit;\">Comitetul Municipal pentru Situa\u021bii de Urgen\u021b\u0103 Bucure\u0219ti a stabilit o serie nou\u0103 de restric\u021bii, dup\u0103 ce <\/font><\/font><span style=\"color: initial;\"><font style=\"vertical-align: inherit;\"><font style=\"vertical-align: inherit;\">la nivelul Capitalei rata de inciden\u021b\u0103 cumulat\u0103 la 14 zile, a ajuns la 4,35 \/ 1000 de locuitori. M\u0103surile intr\u0103 \u00een vigoare \u00een aceast\u0103 noapte, pentru o perioad\u0103 de 14 zile, urm\u00e2nd a fi reevaluate \u00een func\u021bie de rata de inciden\u021b\u0103<\/font><\/font>. <\/span><\/p>\n\n\n\n<p><\/p>\n\n\n\n<p>Hot\u0103r\u00e2rea CMSUB de ast\u0103zi prevede:<\/p>\n\n\n\n<p><\/p>\n\n\n\n<ul class=\"wp-block-list\"><li><font style=\"vertical-align: inherit;\"><font style=\"vertical-align: inherit;\">\u00cen spa\u021biile publice, pie\u021be, t\u00e2rguri, b\u00e2lciuri, talciocuri, sta\u021bii pentru transport \u00een comun, spa\u021bii comerciale, mijloacele de transport \u00een comun \u0219i la locul de munc\u0103 se instituie obligativitatea purt\u0103rii m\u0103\u0219tii de protec\u021bie, astfel \u00eenc\u00e2t s\u0103 fie acopere nazal\u0103 \u0219i gura, \u00een condi\u021bii stabilite prin ordinul comun al ministrului s\u0103n\u0103t\u0103\u021bii \u0219i al ministrului afacerilor interne.<\/font><\/font><\/li><li><font style=\"vertical-align: inherit;\"><font style=\"vertical-align: inherit;\">Activitatea cu publicul a operatorilor economici care desf\u0103\u0219oar\u0103 activitatea \u00een spa\u021bii \u00eenchise \u00een domeniul s\u0103lilor de sport \u0219i \/ sau fitness este permis f\u0103r\u0103 a dep\u0103\u0219i 50% din capacitatea maxim\u0103 a spa\u021biului cu asigurarea unei suprafe\u021be de minimum 7 mp pentru fiecare persoan\u0103. Participarea este permis\u0103 doar pentru persoanele care sunt vaccinate \u00eempotriva virusului SARS-CoV-2 \u0219i pentru care au trecut 10 zile de la finalizarea schemei complete de vaccinare, persoanele care prezint\u0103 rezultate negative la un test RT-PCR pentru infec\u021bia cu virusul SARS-CoV- 2 nu mai vechi de 72 de ore sau rezultate negativ certificat la un test antigen rapid pentru infec\u021bia cu virusul SARS-CoV-2 nu mai vechi de 48 de ore, respectiv persoane care se afl\u0103 \u00een perioada cuprins\u0103 \u00eentre a 15-a zi \u0219i a 180-a zi ulterioar\u0103 confirm\u0103rii infect\u0103rii cu virusul SARS-CoV-2.<\/font><\/font><\/li><li>STB SA va monitoriza permanent gradul de \u00eenc\u0103rcare a mijloacelor de transport pe care le deserve\u0219te, \u00een scopul diminu\u0103rii aglomera\u021biei din vehicule \u0219i sta\u021bii, mai ales la orele de v\u00e2rf.<\/li><li>&nbsp;Se va respecta circuitul de urcare\/cobor\u00e2re \u00een mijloacele de transport, dup\u0103 cum urmeaz\u0103:<ul><li>\u00een autobuze \u0219i troleibuze, accesul pasagerilor se va efectua prin u\u0219a din fa\u021b\u0103, iar cobor\u00e2rea pe celelalte u\u0219i;<\/li><li>\u00een tramvaie, accesul pasagerilor se va efectua prin u\u0219a din mijloc, iar cobor\u00e2rea pe celelalte u\u0219i.<\/li><\/ul><\/li><li>STB SA va informa c\u0103l\u0103torii cu privire la obligativitatea purt\u0103rii corecte a m\u0103\u0219tii de protec\u021bie \u0219i a evit\u0103rii consumului de produse alimentare \u00een mijloacele de transport \u00een comun, prin mijloace audio-video \u0219i prin afi\u0219are \u00een mijloacele de transport \u00een comun.<\/li><li>Metrorex SA va informa \u0219i \u00eendruma publicul c\u0103l\u0103tor prin instala\u021biile de sonorizare despre situa\u021biile de aglomerare ap\u0103rute \u0219i \u00eel va informa asupra obligativit\u0103\u021bii de a p\u0103stra distan\u021barea fizic\u0103 \u0219i de a purta corect masca de protec\u021bie.<\/li><li>Men\u021bion\u0103m c\u0103 regimul contraven\u021bional aplicabil pentru nerespectarea m\u0103surilor dispuse este cel stabilit la art. 64 \u2013 70 din Legea nr.55\/2020.<\/li><li>&nbsp;Totodat\u0103, \u00een func\u021bie de evolu\u021bia situa\u021biei epidemiologice la nivelul Municipiului Bucure\u0219ti se vor putea institui m\u0103suri suplimentare, cu respectarea normelor legale \u00een vigoare.<\/li><\/ul>\n\n\n\n<p>&nbsp;&nbsp;&nbsp;Desemenea, CMSUB a decis \u0219i cum se va desf\u0103\u0219ura procesul de \u00eenv\u0103\u021b\u0103m\u00e2nt \u00een anumite \u0219coli \u0219i gr\u0103dini\u021be din Capital\u0103:&nbsp;&nbsp;&nbsp;&nbsp;&nbsp;&nbsp;&nbsp;&nbsp;&nbsp;<\/p>\n\n\n\n<ul class=\"wp-block-list\"><li>Desf\u0103\u0219urarea activit\u0103\u021bii cu prezen\u021b\u0103 fizic\u0103 pentru Gr\u0103dini\u021ba nr. 133- sector 2<\/li><li> \u00cencep\u00e2nd cu data de 27 septembrie 2021 p\u00e2n\u0103 la finalizarea construc\u021biei, \u0218coala gimnazial\u0103 Ferdinand I \u00ee\u0219i va desf\u0103\u0219ura activitatea \u00een sistem online din motive de infrastructur\u0103 \u0219i resurse existente.<\/li><li>&nbsp;\u00cen cadrul unit\u0103\u021bilor\/institu\u021biilor de \u00eenv\u0103\u021b\u0103m\u00e2nt \u00een condi\u021bii de siguran\u021b\u0103 epidemiologic\u0103, se constat\u0103 suspendarea cursurilor cu prezen\u021ba fizic\u0103 pentru unele grupe\/clase din cele 16 unit\u0103\u021bi \u0219colare, respectiv:<ul><li>&nbsp;&nbsp;&nbsp;&nbsp;&nbsp;&nbsp;&nbsp;&nbsp;&nbsp; &#8211; \u0218coala gimnazial\u0103 nr.162- sector 1 (21.09.2021-04.10.2021);<\/li><li>&nbsp;&nbsp;&nbsp;&nbsp;&nbsp;&nbsp;&nbsp;&nbsp;&nbsp; &#8211; \u0218coala gimnazial\u0103 nr. 149 &#8211; sector 3 (20.09.2021-03.10.2021);<\/li><li>&nbsp;&nbsp;&nbsp;&nbsp;&nbsp;&nbsp;&nbsp;&nbsp;&nbsp; &#8211; Gr\u0103dini\u021ba R\u0103s\u0103rit nr. 2 &#8211; sector 3 (17.09.2021-30.09.2021);<\/li><li>&nbsp;&nbsp;&nbsp;&nbsp;&nbsp;&nbsp;&nbsp;&nbsp;&nbsp; &#8211; \u0218coala Primar\u0103 Spectrum -sector 3 (23.09.2021-06.10.2021);<\/li><li>&nbsp;&nbsp;&nbsp;&nbsp;&nbsp;&nbsp;&nbsp;&nbsp;&nbsp; &#8211; Gr\u0103dini\u021ba Arlechino&amp;Friends- sector 3 (21.09.2021-04.10.2021);<\/li><li>&nbsp;&nbsp;&nbsp;&nbsp;&nbsp;&nbsp;&nbsp;&nbsp;&nbsp; &#8211; \u0218coala Gimnazial\u0103 Mexic- sector 3 (17.09.2021-30.09.2021);<\/li><li>&nbsp;&nbsp;&nbsp;&nbsp;&nbsp;&nbsp;&nbsp;&nbsp;&nbsp; &#8211; \u0218coala Gimnazial\u0103 nr. 54- sector 3 (24.09.2021-07.10.2021);<\/li><li>&nbsp;&nbsp;&nbsp;&nbsp;&nbsp;&nbsp;&nbsp;&nbsp;&nbsp; &#8211; Scoala Gimnazial\u0103 Just4Kids- sector 3 (22.09.2021-05.10.2021);<\/li><li>&nbsp;&nbsp;&nbsp;&nbsp;&nbsp;&nbsp;&nbsp;&nbsp;&nbsp; &#8211; \u0218coala Gimnazial\u0103 Petrache Poenaru- sector 5 (21.09.2021-04.10.2021);<\/li><li>&nbsp;&nbsp;&nbsp;&nbsp;&nbsp;&nbsp;&nbsp;&nbsp;&nbsp; &#8211; \u0218coala Gimnazial\u0103 Principesa Margareta- sector 5 (21.09.2021-04.10.2021);<\/li><li>&nbsp;&nbsp;&nbsp;&nbsp;&nbsp;&nbsp;&nbsp;&nbsp;&nbsp; &#8211; Gr\u0103dini\u021ba Nr. 269- sector 5 (17.09.2021-30.09.2021);<\/li><li>&nbsp;&nbsp;&nbsp;&nbsp;&nbsp;&nbsp;&nbsp;&nbsp;&nbsp; &#8211; Gr\u0103dini\u021ba Nr. 245- sector 5 (22.09.2021-05.10.2021);<\/li><li>&nbsp;&nbsp;&nbsp;&nbsp;&nbsp;&nbsp;&nbsp;&nbsp;&nbsp; &#8211; Gr\u0103dini\u021ba Hilary Clinton- sector 6 (23.09.2021-06.10.2021);<\/li><li>&nbsp;&nbsp;&nbsp;&nbsp;&nbsp;&nbsp;&nbsp;&nbsp;&nbsp; &#8211; Gr\u0103dini\u021ba Nr. 210- sector 6 (22.09.2021-05.10.2021);<\/li><li>&nbsp;&nbsp;&nbsp;&nbsp;&nbsp;&nbsp;&nbsp;&nbsp;&nbsp; &#8211; Gr\u0103dini\u021ba Nr. 217- sector 6 (21.09.2021-04.10.2021);<\/li><li>&nbsp;&nbsp;&nbsp;&nbsp;&nbsp;&nbsp;&nbsp;&nbsp;&nbsp; &#8211; \u0218coala Gimnazial\u0103 Nr. 161- sector 6 (21.09.2021-04.10.2021)<\/li><\/ul><\/li><\/ul>\n\n\n\n<p>Ast\u0103zi, \u00een Bucure\u0219ti, au fost \u00eenregistrate 653 de noi infect\u0103ri. Rata de inciden\u021b\u0103 a crescut \u00een ultima zi de la 4,10 la 4,35 cazuri de infectare la 1.000 de locuitori.<\/p>\n","protected":false},"excerpt":{"rendered":"<p>Comitetul Municipal pentru Situa\u021bii de Urgen\u021b\u0103 Bucure\u0219ti a stabilit o serie nou\u0103 de restric\u021bii, dup\u0103 ce la nivelul Capitalei rata de inciden\u021b\u0103 cumulat\u0103 la 14 zile, a ajuns la 4,35 \/ 1000 de locuitori. M\u0103surile intr\u0103 \u00een vigoare \u00een aceast\u0103 noapte, pentru o perioad\u0103 de 14 zile, urm\u00e2nd a fi reevaluate \u00een func\u021bie de rata [&hellip;]<\/p>\n","protected":false},"author":18,"featured_media":31363,"comment_status":"closed","ping_status":"open","sticky":false,"template":"","format":"standard","meta":{"_acf_changed":false,"inline_featured_image":false,"ngg_post_thumbnail":0,"footnotes":""},"categories":[62],"tags":[],"ppma_author":[22579],"class_list":["post-31361","post","type-post","status-publish","format-standard","has-post-thumbnail","hentry","category-stiri"],"acf":[],"yoast_head":"<!-- This site is optimized with the Yoast SEO Premium plugin v25.3 (Yoast SEO v27.5) - https:\/\/yoast.com\/product\/yoast-seo-premium-wordpress\/ -->\n<title>Bucure\u0219ti: Masca, obligatorie \u00een spa\u021biile publice aglomerate \u0219i la locul de munc\u0103 - Buletin de Bucure\u0219ti<\/title>\n<meta name=\"robots\" content=\"index, follow, max-snippet:-1, max-image-preview:large, max-video-preview:-1\" \/>\n<link rel=\"canonical\" href=\"https:\/\/buletin.de\/bucuresti\/prefectura-bucuresti-masuri-anticovid\/\" \/>\n<meta property=\"og:locale\" content=\"en_GB\" \/>\n<meta property=\"og:type\" content=\"article\" \/>\n<meta property=\"og:title\" content=\"Bucure\u0219ti: Masca, obligatorie \u00een spa\u021biile publice aglomerate \u0219i la locul de munc\u0103\" \/>\n<meta property=\"og:description\" content=\"Comitetul Municipal pentru Situa\u021bii de Urgen\u021b\u0103 Bucure\u0219ti a stabilit o serie nou\u0103 de restric\u021bii, dup\u0103 ce la nivelul Capitalei rata de inciden\u021b\u0103 cumulat\u0103 la 14 zile, a ajuns la 4,35 \/ 1000 de locuitori. M\u0103surile intr\u0103 \u00een vigoare \u00een aceast\u0103 noapte, pentru o perioad\u0103 de 14 zile, urm\u00e2nd a fi reevaluate \u00een func\u021bie de rata [&hellip;]\" \/>\n<meta property=\"og:url\" content=\"https:\/\/buletin.de\/bucuresti\/prefectura-bucuresti-masuri-anticovid\/\" \/>\n<meta property=\"og:site_name\" content=\"Buletin de Bucure\u0219ti\" \/>\n<meta property=\"article:publisher\" content=\"https:\/\/www.facebook.com\/buletin.de.buc\" \/>\n<meta property=\"article:published_time\" content=\"2021-09-26T13:45:36+00:00\" \/>\n<meta property=\"article:modified_time\" content=\"2021-09-26T13:55:19+00:00\" \/>\n<meta property=\"og:image\" content=\"https:\/\/buletin.de\/bucuresti\/wp-content\/uploads\/dollar-gill-R-EYaqOjhlo-unsplash.jpg\" \/>\n\t<meta property=\"og:image:width\" content=\"2000\" \/>\n\t<meta property=\"og:image:height\" content=\"1334\" \/>\n\t<meta property=\"og:image:type\" content=\"image\/jpeg\" \/>\n<meta name=\"author\" content=\"Teodora Stroe\" \/>\n<meta name=\"twitter:card\" content=\"summary_large_image\" \/>\n<meta name=\"twitter:label1\" content=\"Written by\" \/>\n\t<meta name=\"twitter:data1\" content=\"Teodora Stroe\" \/>\n\t<meta name=\"twitter:label2\" content=\"Estimated reading time\" \/>\n\t<meta name=\"twitter:data2\" content=\"3 minutes\" \/>\n<script type=\"application\/ld+json\" class=\"yoast-schema-graph\">{\"@context\":\"https:\\\/\\\/schema.org\",\"@graph\":[{\"@type\":\"Article\",\"@id\":\"https:\\\/\\\/buletin.de\\\/bucuresti\\\/prefectura-bucuresti-masuri-anticovid\\\/#article\",\"isPartOf\":{\"@id\":\"https:\\\/\\\/buletin.de\\\/bucuresti\\\/prefectura-bucuresti-masuri-anticovid\\\/\"},\"author\":{\"name\":\"Teodora Stroe\",\"@id\":\"https:\\\/\\\/buletin.de\\\/bucuresti\\\/#\\\/schema\\\/person\\\/d369d7ddc775abece205795e0b804614\"},\"headline\":\"Bucure\u0219ti: Masca, obligatorie \u00een spa\u021biile publice aglomerate \u0219i la locul de munc\u0103\",\"datePublished\":\"2021-09-26T13:45:36+00:00\",\"dateModified\":\"2021-09-26T13:55:19+00:00\",\"mainEntityOfPage\":{\"@id\":\"https:\\\/\\\/buletin.de\\\/bucuresti\\\/prefectura-bucuresti-masuri-anticovid\\\/\"},\"wordCount\":929,\"publisher\":{\"@id\":\"https:\\\/\\\/buletin.de\\\/bucuresti\\\/#organization\"},\"image\":{\"@id\":\"https:\\\/\\\/buletin.de\\\/bucuresti\\\/prefectura-bucuresti-masuri-anticovid\\\/#primaryimage\"},\"thumbnailUrl\":\"https:\\\/\\\/buletin.de\\\/bucuresti\\\/wp-content\\\/uploads\\\/dollar-gill-R-EYaqOjhlo-unsplash.jpg\",\"articleSection\":[\"\u0218tiri\"],\"inLanguage\":\"en-GB\",\"copyrightYear\":\"2021\",\"copyrightHolder\":{\"@id\":\"https:\\\/\\\/buletin.de\\\/bucuresti\\\/#organization\"}},{\"@type\":\"WebPage\",\"@id\":\"https:\\\/\\\/buletin.de\\\/bucuresti\\\/prefectura-bucuresti-masuri-anticovid\\\/\",\"url\":\"https:\\\/\\\/buletin.de\\\/bucuresti\\\/prefectura-bucuresti-masuri-anticovid\\\/\",\"name\":\"Bucure\u0219ti: Masca, obligatorie \u00een spa\u021biile publice aglomerate \u0219i la locul de munc\u0103 - Buletin de Bucure\u0219ti\",\"isPartOf\":{\"@id\":\"https:\\\/\\\/buletin.de\\\/bucuresti\\\/#website\"},\"primaryImageOfPage\":{\"@id\":\"https:\\\/\\\/buletin.de\\\/bucuresti\\\/prefectura-bucuresti-masuri-anticovid\\\/#primaryimage\"},\"image\":{\"@id\":\"https:\\\/\\\/buletin.de\\\/bucuresti\\\/prefectura-bucuresti-masuri-anticovid\\\/#primaryimage\"},\"thumbnailUrl\":\"https:\\\/\\\/buletin.de\\\/bucuresti\\\/wp-content\\\/uploads\\\/dollar-gill-R-EYaqOjhlo-unsplash.jpg\",\"datePublished\":\"2021-09-26T13:45:36+00:00\",\"dateModified\":\"2021-09-26T13:55:19+00:00\",\"breadcrumb\":{\"@id\":\"https:\\\/\\\/buletin.de\\\/bucuresti\\\/prefectura-bucuresti-masuri-anticovid\\\/#breadcrumb\"},\"inLanguage\":\"en-GB\",\"potentialAction\":[{\"@type\":\"ReadAction\",\"target\":[\"https:\\\/\\\/buletin.de\\\/bucuresti\\\/prefectura-bucuresti-masuri-anticovid\\\/\"]}]},{\"@type\":\"ImageObject\",\"inLanguage\":\"en-GB\",\"@id\":\"https:\\\/\\\/buletin.de\\\/bucuresti\\\/prefectura-bucuresti-masuri-anticovid\\\/#primaryimage\",\"url\":\"https:\\\/\\\/buletin.de\\\/bucuresti\\\/wp-content\\\/uploads\\\/dollar-gill-R-EYaqOjhlo-unsplash.jpg\",\"contentUrl\":\"https:\\\/\\\/buletin.de\\\/bucuresti\\\/wp-content\\\/uploads\\\/dollar-gill-R-EYaqOjhlo-unsplash.jpg\",\"width\":2000,\"height\":1334},{\"@type\":\"BreadcrumbList\",\"@id\":\"https:\\\/\\\/buletin.de\\\/bucuresti\\\/prefectura-bucuresti-masuri-anticovid\\\/#breadcrumb\",\"itemListElement\":[{\"@type\":\"ListItem\",\"position\":1,\"name\":\"Acas\u0103\",\"item\":\"https:\\\/\\\/buletin.de\\\/bucuresti\\\/\"},{\"@type\":\"ListItem\",\"position\":2,\"name\":\"Bucure\u0219ti: Masca, obligatorie \u00een spa\u021biile publice aglomerate \u0219i la locul de munc\u0103\"}]},{\"@type\":\"WebSite\",\"@id\":\"https:\\\/\\\/buletin.de\\\/bucuresti\\\/#website\",\"url\":\"https:\\\/\\\/buletin.de\\\/bucuresti\\\/\",\"name\":\"Buletin de Bucure\u0219ti\",\"description\":\"\u0218tiri \u0219i investiga\u021bii esen\u021biale din capital\u0103\",\"publisher\":{\"@id\":\"https:\\\/\\\/buletin.de\\\/bucuresti\\\/#organization\"},\"potentialAction\":[{\"@type\":\"SearchAction\",\"target\":{\"@type\":\"EntryPoint\",\"urlTemplate\":\"https:\\\/\\\/buletin.de\\\/bucuresti\\\/?s={search_term_string}\"},\"query-input\":{\"@type\":\"PropertyValueSpecification\",\"valueRequired\":true,\"valueName\":\"search_term_string\"}}],\"inLanguage\":\"en-GB\"},{\"@type\":\"Organization\",\"@id\":\"https:\\\/\\\/buletin.de\\\/bucuresti\\\/#organization\",\"name\":\"Buletin de Bucure\u0219ti\",\"url\":\"https:\\\/\\\/buletin.de\\\/bucuresti\\\/\",\"logo\":{\"@type\":\"ImageObject\",\"inLanguage\":\"en-GB\",\"@id\":\"https:\\\/\\\/buletin.de\\\/bucuresti\\\/#\\\/schema\\\/logo\\\/image\\\/\",\"url\":\"https:\\\/\\\/buletin.de\\\/bucuresti\\\/wp-content\\\/uploads\\\/logo-bdb-full-wide-vernil-transparent.png\",\"contentUrl\":\"https:\\\/\\\/buletin.de\\\/bucuresti\\\/wp-content\\\/uploads\\\/logo-bdb-full-wide-vernil-transparent.png\",\"width\":1782,\"height\":626,\"caption\":\"Buletin de Bucure\u0219ti\"},\"image\":{\"@id\":\"https:\\\/\\\/buletin.de\\\/bucuresti\\\/#\\\/schema\\\/logo\\\/image\\\/\"},\"sameAs\":[\"https:\\\/\\\/www.facebook.com\\\/buletin.de.buc\",\"https:\\\/\\\/www.instagram.com\\\/buletinde.bucuresti\\\/\"]},{\"@type\":\"Person\",\"@id\":\"https:\\\/\\\/buletin.de\\\/bucuresti\\\/#\\\/schema\\\/person\\\/d369d7ddc775abece205795e0b804614\",\"name\":\"Teodora Stroe\",\"image\":{\"@type\":\"ImageObject\",\"inLanguage\":\"en-GB\",\"@id\":\"https:\\\/\\\/secure.gravatar.com\\\/avatar\\\/2560b4cd9f5f1bc100b123158e657d75584bd1c3e1d9c69285720b9457c1b78d?s=96&d=monsterid&r=gc104800242ba5f2d78dd5d7dc4df08b6\",\"url\":\"https:\\\/\\\/secure.gravatar.com\\\/avatar\\\/2560b4cd9f5f1bc100b123158e657d75584bd1c3e1d9c69285720b9457c1b78d?s=96&d=monsterid&r=g\",\"contentUrl\":\"https:\\\/\\\/secure.gravatar.com\\\/avatar\\\/2560b4cd9f5f1bc100b123158e657d75584bd1c3e1d9c69285720b9457c1b78d?s=96&d=monsterid&r=g\",\"caption\":\"Teodora Stroe\"},\"url\":\"https:\\\/\\\/buletin.de\\\/bucuresti\\\/author\\\/simonacarlugea\\\/\"}]}<\/script>\n<!-- \/ Yoast SEO Premium plugin. -->","yoast_head_json":{"title":"Bucure\u0219ti: Masca, obligatorie \u00een spa\u021biile publice aglomerate \u0219i la locul de munc\u0103 - Buletin de Bucure\u0219ti","robots":{"index":"index","follow":"follow","max-snippet":"max-snippet:-1","max-image-preview":"max-image-preview:large","max-video-preview":"max-video-preview:-1"},"canonical":"https:\/\/buletin.de\/bucuresti\/prefectura-bucuresti-masuri-anticovid\/","og_locale":"en_GB","og_type":"article","og_title":"Bucure\u0219ti: Masca, obligatorie \u00een spa\u021biile publice aglomerate \u0219i la locul de munc\u0103","og_description":"Comitetul Municipal pentru Situa\u021bii de Urgen\u021b\u0103 Bucure\u0219ti a stabilit o serie nou\u0103 de restric\u021bii, dup\u0103 ce la nivelul Capitalei rata de inciden\u021b\u0103 cumulat\u0103 la 14 zile, a ajuns la 4,35 \/ 1000 de locuitori. M\u0103surile intr\u0103 \u00een vigoare \u00een aceast\u0103 noapte, pentru o perioad\u0103 de 14 zile, urm\u00e2nd a fi reevaluate \u00een func\u021bie de rata [&hellip;]","og_url":"https:\/\/buletin.de\/bucuresti\/prefectura-bucuresti-masuri-anticovid\/","og_site_name":"Buletin de Bucure\u0219ti","article_publisher":"https:\/\/www.facebook.com\/buletin.de.buc","article_published_time":"2021-09-26T13:45:36+00:00","article_modified_time":"2021-09-26T13:55:19+00:00","og_image":[{"width":2000,"height":1334,"url":"https:\/\/buletin.de\/bucuresti\/wp-content\/uploads\/dollar-gill-R-EYaqOjhlo-unsplash.jpg","type":"image\/jpeg"}],"author":"Teodora Stroe","twitter_card":"summary_large_image","twitter_misc":{"Written by":"Teodora Stroe","Estimated reading time":"3 minutes"},"schema":{"@context":"https:\/\/schema.org","@graph":[{"@type":"Article","@id":"https:\/\/buletin.de\/bucuresti\/prefectura-bucuresti-masuri-anticovid\/#article","isPartOf":{"@id":"https:\/\/buletin.de\/bucuresti\/prefectura-bucuresti-masuri-anticovid\/"},"author":{"name":"Teodora Stroe","@id":"https:\/\/buletin.de\/bucuresti\/#\/schema\/person\/d369d7ddc775abece205795e0b804614"},"headline":"Bucure\u0219ti: Masca, obligatorie \u00een spa\u021biile publice aglomerate \u0219i la locul de munc\u0103","datePublished":"2021-09-26T13:45:36+00:00","dateModified":"2021-09-26T13:55:19+00:00","mainEntityOfPage":{"@id":"https:\/\/buletin.de\/bucuresti\/prefectura-bucuresti-masuri-anticovid\/"},"wordCount":929,"publisher":{"@id":"https:\/\/buletin.de\/bucuresti\/#organization"},"image":{"@id":"https:\/\/buletin.de\/bucuresti\/prefectura-bucuresti-masuri-anticovid\/#primaryimage"},"thumbnailUrl":"https:\/\/buletin.de\/bucuresti\/wp-content\/uploads\/dollar-gill-R-EYaqOjhlo-unsplash.jpg","articleSection":["\u0218tiri"],"inLanguage":"en-GB","copyrightYear":"2021","copyrightHolder":{"@id":"https:\/\/buletin.de\/bucuresti\/#organization"}},{"@type":"WebPage","@id":"https:\/\/buletin.de\/bucuresti\/prefectura-bucuresti-masuri-anticovid\/","url":"https:\/\/buletin.de\/bucuresti\/prefectura-bucuresti-masuri-anticovid\/","name":"Bucure\u0219ti: Masca, obligatorie \u00een spa\u021biile publice aglomerate \u0219i la locul de munc\u0103 - Buletin de Bucure\u0219ti","isPartOf":{"@id":"https:\/\/buletin.de\/bucuresti\/#website"},"primaryImageOfPage":{"@id":"https:\/\/buletin.de\/bucuresti\/prefectura-bucuresti-masuri-anticovid\/#primaryimage"},"image":{"@id":"https:\/\/buletin.de\/bucuresti\/prefectura-bucuresti-masuri-anticovid\/#primaryimage"},"thumbnailUrl":"https:\/\/buletin.de\/bucuresti\/wp-content\/uploads\/dollar-gill-R-EYaqOjhlo-unsplash.jpg","datePublished":"2021-09-26T13:45:36+00:00","dateModified":"2021-09-26T13:55:19+00:00","breadcrumb":{"@id":"https:\/\/buletin.de\/bucuresti\/prefectura-bucuresti-masuri-anticovid\/#breadcrumb"},"inLanguage":"en-GB","potentialAction":[{"@type":"ReadAction","target":["https:\/\/buletin.de\/bucuresti\/prefectura-bucuresti-masuri-anticovid\/"]}]},{"@type":"ImageObject","inLanguage":"en-GB","@id":"https:\/\/buletin.de\/bucuresti\/prefectura-bucuresti-masuri-anticovid\/#primaryimage","url":"https:\/\/buletin.de\/bucuresti\/wp-content\/uploads\/dollar-gill-R-EYaqOjhlo-unsplash.jpg","contentUrl":"https:\/\/buletin.de\/bucuresti\/wp-content\/uploads\/dollar-gill-R-EYaqOjhlo-unsplash.jpg","width":2000,"height":1334},{"@type":"BreadcrumbList","@id":"https:\/\/buletin.de\/bucuresti\/prefectura-bucuresti-masuri-anticovid\/#breadcrumb","itemListElement":[{"@type":"ListItem","position":1,"name":"Acas\u0103","item":"https:\/\/buletin.de\/bucuresti\/"},{"@type":"ListItem","position":2,"name":"Bucure\u0219ti: Masca, obligatorie \u00een spa\u021biile publice aglomerate \u0219i la locul de munc\u0103"}]},{"@type":"WebSite","@id":"https:\/\/buletin.de\/bucuresti\/#website","url":"https:\/\/buletin.de\/bucuresti\/","name":"Buletin de Bucure\u0219ti","description":"\u0218tiri \u0219i investiga\u021bii esen\u021biale din capital\u0103","publisher":{"@id":"https:\/\/buletin.de\/bucuresti\/#organization"},"potentialAction":[{"@type":"SearchAction","target":{"@type":"EntryPoint","urlTemplate":"https:\/\/buletin.de\/bucuresti\/?s={search_term_string}"},"query-input":{"@type":"PropertyValueSpecification","valueRequired":true,"valueName":"search_term_string"}}],"inLanguage":"en-GB"},{"@type":"Organization","@id":"https:\/\/buletin.de\/bucuresti\/#organization","name":"Buletin de Bucure\u0219ti","url":"https:\/\/buletin.de\/bucuresti\/","logo":{"@type":"ImageObject","inLanguage":"en-GB","@id":"https:\/\/buletin.de\/bucuresti\/#\/schema\/logo\/image\/","url":"https:\/\/buletin.de\/bucuresti\/wp-content\/uploads\/logo-bdb-full-wide-vernil-transparent.png","contentUrl":"https:\/\/buletin.de\/bucuresti\/wp-content\/uploads\/logo-bdb-full-wide-vernil-transparent.png","width":1782,"height":626,"caption":"Buletin de Bucure\u0219ti"},"image":{"@id":"https:\/\/buletin.de\/bucuresti\/#\/schema\/logo\/image\/"},"sameAs":["https:\/\/www.facebook.com\/buletin.de.buc","https:\/\/www.instagram.com\/buletinde.bucuresti\/"]},{"@type":"Person","@id":"https:\/\/buletin.de\/bucuresti\/#\/schema\/person\/d369d7ddc775abece205795e0b804614","name":"Teodora Stroe","image":{"@type":"ImageObject","inLanguage":"en-GB","@id":"https:\/\/secure.gravatar.com\/avatar\/2560b4cd9f5f1bc100b123158e657d75584bd1c3e1d9c69285720b9457c1b78d?s=96&d=monsterid&r=gc104800242ba5f2d78dd5d7dc4df08b6","url":"https:\/\/secure.gravatar.com\/avatar\/2560b4cd9f5f1bc100b123158e657d75584bd1c3e1d9c69285720b9457c1b78d?s=96&d=monsterid&r=g","contentUrl":"https:\/\/secure.gravatar.com\/avatar\/2560b4cd9f5f1bc100b123158e657d75584bd1c3e1d9c69285720b9457c1b78d?s=96&d=monsterid&r=g","caption":"Teodora Stroe"},"url":"https:\/\/buletin.de\/bucuresti\/author\/simonacarlugea\/"}]}},"authors":[{"term_id":22579,"user_id":18,"is_guest":0,"slug":"simonacarlugea","display_name":"Teodora Stroe","avatar_url":"https:\/\/secure.gravatar.com\/avatar\/2560b4cd9f5f1bc100b123158e657d75584bd1c3e1d9c69285720b9457c1b78d?s=96&d=monsterid&r=g","0":null,"1":"","2":"","3":"","4":"","5":"","6":"","7":"","8":""}],"_links":{"self":[{"href":"https:\/\/buletin.de\/bucuresti\/wp-json\/wp\/v2\/posts\/31361","targetHints":{"allow":["GET"]}}],"collection":[{"href":"https:\/\/buletin.de\/bucuresti\/wp-json\/wp\/v2\/posts"}],"about":[{"href":"https:\/\/buletin.de\/bucuresti\/wp-json\/wp\/v2\/types\/post"}],"author":[{"embeddable":true,"href":"https:\/\/buletin.de\/bucuresti\/wp-json\/wp\/v2\/users\/18"}],"replies":[{"embeddable":true,"href":"https:\/\/buletin.de\/bucuresti\/wp-json\/wp\/v2\/comments?post=31361"}],"version-history":[{"count":12,"href":"https:\/\/buletin.de\/bucuresti\/wp-json\/wp\/v2\/posts\/31361\/revisions"}],"predecessor-version":[{"id":31375,"href":"https:\/\/buletin.de\/bucuresti\/wp-json\/wp\/v2\/posts\/31361\/revisions\/31375"}],"wp:featuredmedia":[{"embeddable":true,"href":"https:\/\/buletin.de\/bucuresti\/wp-json\/wp\/v2\/media\/31363"}],"wp:attachment":[{"href":"https:\/\/buletin.de\/bucuresti\/wp-json\/wp\/v2\/media?parent=31361"}],"wp:term":[{"taxonomy":"category","embeddable":true,"href":"https:\/\/buletin.de\/bucuresti\/wp-json\/wp\/v2\/categories?post=31361"},{"taxonomy":"post_tag","embeddable":true,"href":"https:\/\/buletin.de\/bucuresti\/wp-json\/wp\/v2\/tags?post=31361"},{"taxonomy":"author","embeddable":true,"href":"https:\/\/buletin.de\/bucuresti\/wp-json\/wp\/v2\/ppma_author?post=31361"}],"curies":[{"name":"wp","href":"https:\/\/api.w.org\/{rel}","templated":true}]}}