{"id":3127,"date":"2020-01-30T17:03:01","date_gmt":"2020-01-30T14:03:01","guid":{"rendered":"https:\/\/buletin.de\/bucuresti\/?p=3127"},"modified":"2020-01-30T17:03:53","modified_gmt":"2020-01-30T14:03:53","slug":"copil-ucis-de-gripa-in-capitala","status":"publish","type":"post","link":"https:\/\/buletin.de\/bucuresti\/copil-ucis-de-gripa-in-capitala\/","title":{"rendered":"Copil ucis de grip\u0103, \u00een Capital\u0103"},"content":{"rendered":"\n<p>Un b\u0103iat de 12 ani din Bucure\u015fti a murit ast\u0103zi din cauza virusului gripal de tip A, anun\u0163\u0103 oficialii Ministerului S\u0103n\u0103t\u0103\u0163ii. Copilul nu era vaccinat antigripal. Dac\u0103, anterior, cele mai multe cazuri de deces din cauza gripei erau asociate cu alte afec\u0163iuni pe care le aveau pacien\u0163ii, de data asta doctorii spun c\u0103 b\u0103iatul nu avea &#8220;condi\u0163ii medicale preexistente&#8221;.<\/p>\n\n\n\n<p>\u015etirea vine \u00een contextul unui val de \u00eemboln\u0103viri \u00een Capital\u0103, mul\u0163i dintre pacien\u0163i fiind copii. De altfel, clase din 47 de \u015fcoli \u015fi gr\u0103dini\u0163e au fost \u00eenchise, din cauza gripei depistate la elevi. Potrivit procedurii DSP, decizia \u00eenchiderii se ia dup\u0103 ce se \u00eenregistreaz\u0103 cel pu\u0163in trei cazuri \u00een aceea\u015fi clas\u0103. <\/p>\n\n\n\n<p>\u00cen cursul s\u0103pt\u0103m\u00e2nii trecute, reprezentan\u0163ii Asocia\u0163iei Elevilor din Bucure\u015fti \u015fi Ilfov au cerut autorit\u0103\u0163ilor s\u0103 ia m\u0103suri pentru a preveni r\u0103sp\u00e2ndirea virusului. \u00cen primul r\u00e2nd, elevii cer s\u0103 li se asigure normele de igien\u0103, pentru c\u0103, spun ei, exist\u0103 \u015fcoli f\u0103r\u0103 s\u0103pun, h\u00e2rtie igienic\u0103 \u015fi substan\u0163e dezinfectante.  <\/p>\n\n\n\n<p><em>Editor: Oana Despa<\/em><\/p>\n","protected":false},"excerpt":{"rendered":"<p>Un b\u0103iat de 12 ani din Bucure\u015fti a murit ast\u0103zi din cauza virusului gripal de tip A, anun\u0163\u0103 oficialii Ministerului S\u0103n\u0103t\u0103\u0163ii. Copilul nu era vaccinat antigripal. Dac\u0103, anterior, cele mai multe cazuri de deces din cauza gripei erau asociate cu alte afec\u0163iuni pe care le aveau pacien\u0163ii, de data asta doctorii spun c\u0103 b\u0103iatul nu [&hellip;]<\/p>\n","protected":false},"author":8,"featured_media":3128,"comment_status":"closed","ping_status":"open","sticky":false,"template":"","format":"standard","meta":{"_acf_changed":false,"inline_featured_image":false,"ngg_post_thumbnail":0,"footnotes":""},"categories":[4,62],"tags":[551,549,527,550,5],"ppma_author":[22586],"class_list":["post-3127","post","type-post","status-publish","format-standard","has-post-thumbnail","hentry","category-sanatate","category-stiri","tag-baiat-12-ani-gripa","tag-copil-ucis-gripa","tag-gripa","tag-gripa-bucuresti","tag-sanatate"],"acf":[],"yoast_head":"<!-- This site is optimized with the Yoast SEO Premium plugin v25.3 (Yoast SEO v27.5) - https:\/\/yoast.com\/product\/yoast-seo-premium-wordpress\/ -->\n<title>Copil ucis de grip\u0103, \u00een Capital\u0103 - Buletin de Bucure\u0219ti<\/title>\n<meta name=\"robots\" content=\"index, follow, max-snippet:-1, max-image-preview:large, max-video-preview:-1\" \/>\n<link rel=\"canonical\" href=\"https:\/\/buletin.de\/bucuresti\/copil-ucis-de-gripa-in-capitala\/\" \/>\n<meta property=\"og:locale\" content=\"en_GB\" \/>\n<meta property=\"og:type\" content=\"article\" \/>\n<meta property=\"og:title\" content=\"Copil ucis de grip\u0103, \u00een Capital\u0103\" \/>\n<meta property=\"og:description\" content=\"Un b\u0103iat de 12 ani din Bucure\u015fti a murit ast\u0103zi din cauza virusului gripal de tip A, anun\u0163\u0103 oficialii Ministerului S\u0103n\u0103t\u0103\u0163ii. Copilul nu era vaccinat antigripal. Dac\u0103, anterior, cele mai multe cazuri de deces din cauza gripei erau asociate cu alte afec\u0163iuni pe care le aveau pacien\u0163ii, de data asta doctorii spun c\u0103 b\u0103iatul nu [&hellip;]\" \/>\n<meta property=\"og:url\" content=\"https:\/\/buletin.de\/bucuresti\/copil-ucis-de-gripa-in-capitala\/\" \/>\n<meta property=\"og:site_name\" content=\"Buletin de Bucure\u0219ti\" \/>\n<meta property=\"article:publisher\" content=\"https:\/\/www.facebook.com\/buletin.de.buc\" \/>\n<meta property=\"article:published_time\" content=\"2020-01-30T14:03:01+00:00\" \/>\n<meta property=\"article:modified_time\" content=\"2020-01-30T14:03:53+00:00\" \/>\n<meta property=\"og:image\" content=\"https:\/\/buletin.de\/bucuresti\/wp-content\/uploads\/gripa-Hyttalo-Souza-scaled.jpg\" \/>\n\t<meta property=\"og:image:width\" content=\"2560\" \/>\n\t<meta property=\"og:image:height\" content=\"1721\" \/>\n\t<meta property=\"og:image:type\" content=\"image\/jpeg\" \/>\n<meta name=\"author\" content=\"Ionu\u021b Lepa\" \/>\n<meta name=\"twitter:card\" content=\"summary_large_image\" \/>\n<meta name=\"twitter:label1\" content=\"Written by\" \/>\n\t<meta name=\"twitter:data1\" content=\"Ionu\u021b Lepa\" \/>\n\t<meta name=\"twitter:label2\" content=\"Estimated reading time\" \/>\n\t<meta name=\"twitter:data2\" content=\"1 minute\" \/>\n<script type=\"application\/ld+json\" class=\"yoast-schema-graph\">{\"@context\":\"https:\\\/\\\/schema.org\",\"@graph\":[{\"@type\":\"Article\",\"@id\":\"https:\\\/\\\/buletin.de\\\/bucuresti\\\/copil-ucis-de-gripa-in-capitala\\\/#article\",\"isPartOf\":{\"@id\":\"https:\\\/\\\/buletin.de\\\/bucuresti\\\/copil-ucis-de-gripa-in-capitala\\\/\"},\"author\":{\"name\":\"Ionu\u021b Lepa\",\"@id\":\"https:\\\/\\\/buletin.de\\\/bucuresti\\\/#\\\/schema\\\/person\\\/5272b8a057b33890940b57b837fc4ce6\"},\"headline\":\"Copil ucis de grip\u0103, \u00een Capital\u0103\",\"datePublished\":\"2020-01-30T14:03:01+00:00\",\"dateModified\":\"2020-01-30T14:03:53+00:00\",\"mainEntityOfPage\":{\"@id\":\"https:\\\/\\\/buletin.de\\\/bucuresti\\\/copil-ucis-de-gripa-in-capitala\\\/\"},\"wordCount\":196,\"publisher\":{\"@id\":\"https:\\\/\\\/buletin.de\\\/bucuresti\\\/#organization\"},\"image\":{\"@id\":\"https:\\\/\\\/buletin.de\\\/bucuresti\\\/copil-ucis-de-gripa-in-capitala\\\/#primaryimage\"},\"thumbnailUrl\":\"https:\\\/\\\/buletin.de\\\/bucuresti\\\/wp-content\\\/uploads\\\/gripa-Hyttalo-Souza-scaled.jpg\",\"keywords\":[\"baiat 12 ani gripa\",\"copil ucis gripa\",\"gripa\",\"gripa bucuresti\",\"sanatate\"],\"articleSection\":[\"S\u0103n\u0103tate\",\"\u0218tiri\"],\"inLanguage\":\"en-GB\",\"copyrightYear\":\"2020\",\"copyrightHolder\":{\"@id\":\"https:\\\/\\\/buletin.de\\\/bucuresti\\\/#organization\"}},{\"@type\":\"WebPage\",\"@id\":\"https:\\\/\\\/buletin.de\\\/bucuresti\\\/copil-ucis-de-gripa-in-capitala\\\/\",\"url\":\"https:\\\/\\\/buletin.de\\\/bucuresti\\\/copil-ucis-de-gripa-in-capitala\\\/\",\"name\":\"Copil ucis de grip\u0103, \u00een Capital\u0103 - Buletin de Bucure\u0219ti\",\"isPartOf\":{\"@id\":\"https:\\\/\\\/buletin.de\\\/bucuresti\\\/#website\"},\"primaryImageOfPage\":{\"@id\":\"https:\\\/\\\/buletin.de\\\/bucuresti\\\/copil-ucis-de-gripa-in-capitala\\\/#primaryimage\"},\"image\":{\"@id\":\"https:\\\/\\\/buletin.de\\\/bucuresti\\\/copil-ucis-de-gripa-in-capitala\\\/#primaryimage\"},\"thumbnailUrl\":\"https:\\\/\\\/buletin.de\\\/bucuresti\\\/wp-content\\\/uploads\\\/gripa-Hyttalo-Souza-scaled.jpg\",\"datePublished\":\"2020-01-30T14:03:01+00:00\",\"dateModified\":\"2020-01-30T14:03:53+00:00\",\"breadcrumb\":{\"@id\":\"https:\\\/\\\/buletin.de\\\/bucuresti\\\/copil-ucis-de-gripa-in-capitala\\\/#breadcrumb\"},\"inLanguage\":\"en-GB\",\"potentialAction\":[{\"@type\":\"ReadAction\",\"target\":[\"https:\\\/\\\/buletin.de\\\/bucuresti\\\/copil-ucis-de-gripa-in-capitala\\\/\"]}]},{\"@type\":\"ImageObject\",\"inLanguage\":\"en-GB\",\"@id\":\"https:\\\/\\\/buletin.de\\\/bucuresti\\\/copil-ucis-de-gripa-in-capitala\\\/#primaryimage\",\"url\":\"https:\\\/\\\/buletin.de\\\/bucuresti\\\/wp-content\\\/uploads\\\/gripa-Hyttalo-Souza-scaled.jpg\",\"contentUrl\":\"https:\\\/\\\/buletin.de\\\/bucuresti\\\/wp-content\\\/uploads\\\/gripa-Hyttalo-Souza-scaled.jpg\",\"width\":2560,\"height\":1721,\"caption\":\"sursa foto: Hyttalo Souza, via unsplash.com\"},{\"@type\":\"BreadcrumbList\",\"@id\":\"https:\\\/\\\/buletin.de\\\/bucuresti\\\/copil-ucis-de-gripa-in-capitala\\\/#breadcrumb\",\"itemListElement\":[{\"@type\":\"ListItem\",\"position\":1,\"name\":\"Acas\u0103\",\"item\":\"https:\\\/\\\/buletin.de\\\/bucuresti\\\/\"},{\"@type\":\"ListItem\",\"position\":2,\"name\":\"Copil ucis de grip\u0103, \u00een Capital\u0103\"}]},{\"@type\":\"WebSite\",\"@id\":\"https:\\\/\\\/buletin.de\\\/bucuresti\\\/#website\",\"url\":\"https:\\\/\\\/buletin.de\\\/bucuresti\\\/\",\"name\":\"Buletin de Bucure\u0219ti\",\"description\":\"\u0218tiri \u0219i investiga\u021bii esen\u021biale din capital\u0103\",\"publisher\":{\"@id\":\"https:\\\/\\\/buletin.de\\\/bucuresti\\\/#organization\"},\"potentialAction\":[{\"@type\":\"SearchAction\",\"target\":{\"@type\":\"EntryPoint\",\"urlTemplate\":\"https:\\\/\\\/buletin.de\\\/bucuresti\\\/?s={search_term_string}\"},\"query-input\":{\"@type\":\"PropertyValueSpecification\",\"valueRequired\":true,\"valueName\":\"search_term_string\"}}],\"inLanguage\":\"en-GB\"},{\"@type\":\"Organization\",\"@id\":\"https:\\\/\\\/buletin.de\\\/bucuresti\\\/#organization\",\"name\":\"Buletin de Bucure\u0219ti\",\"url\":\"https:\\\/\\\/buletin.de\\\/bucuresti\\\/\",\"logo\":{\"@type\":\"ImageObject\",\"inLanguage\":\"en-GB\",\"@id\":\"https:\\\/\\\/buletin.de\\\/bucuresti\\\/#\\\/schema\\\/logo\\\/image\\\/\",\"url\":\"https:\\\/\\\/buletin.de\\\/bucuresti\\\/wp-content\\\/uploads\\\/logo-bdb-full-wide-vernil-transparent.png\",\"contentUrl\":\"https:\\\/\\\/buletin.de\\\/bucuresti\\\/wp-content\\\/uploads\\\/logo-bdb-full-wide-vernil-transparent.png\",\"width\":1782,\"height\":626,\"caption\":\"Buletin de Bucure\u0219ti\"},\"image\":{\"@id\":\"https:\\\/\\\/buletin.de\\\/bucuresti\\\/#\\\/schema\\\/logo\\\/image\\\/\"},\"sameAs\":[\"https:\\\/\\\/www.facebook.com\\\/buletin.de.buc\",\"https:\\\/\\\/www.instagram.com\\\/buletinde.bucuresti\\\/\"]},{\"@type\":\"Person\",\"@id\":\"https:\\\/\\\/buletin.de\\\/bucuresti\\\/#\\\/schema\\\/person\\\/5272b8a057b33890940b57b837fc4ce6\",\"name\":\"Ionu\u021b Lepa\",\"image\":{\"@type\":\"ImageObject\",\"inLanguage\":\"en-GB\",\"@id\":\"https:\\\/\\\/buletin.de\\\/bucuresti\\\/wp-content\\\/uploads\\\/Ionut-Lepa-96x96.jpg5c4e4d9e049808799a8821652d2410a4\",\"url\":\"https:\\\/\\\/buletin.de\\\/bucuresti\\\/wp-content\\\/uploads\\\/Ionut-Lepa-96x96.jpg\",\"contentUrl\":\"https:\\\/\\\/buletin.de\\\/bucuresti\\\/wp-content\\\/uploads\\\/Ionut-Lepa-96x96.jpg\",\"caption\":\"Ionu\u021b Lepa\"},\"url\":\"https:\\\/\\\/buletin.de\\\/bucuresti\\\/author\\\/ionutlepa\\\/\"}]}<\/script>\n<!-- \/ Yoast SEO Premium plugin. -->","yoast_head_json":{"title":"Copil ucis de grip\u0103, \u00een Capital\u0103 - Buletin de Bucure\u0219ti","robots":{"index":"index","follow":"follow","max-snippet":"max-snippet:-1","max-image-preview":"max-image-preview:large","max-video-preview":"max-video-preview:-1"},"canonical":"https:\/\/buletin.de\/bucuresti\/copil-ucis-de-gripa-in-capitala\/","og_locale":"en_GB","og_type":"article","og_title":"Copil ucis de grip\u0103, \u00een Capital\u0103","og_description":"Un b\u0103iat de 12 ani din Bucure\u015fti a murit ast\u0103zi din cauza virusului gripal de tip A, anun\u0163\u0103 oficialii Ministerului S\u0103n\u0103t\u0103\u0163ii. Copilul nu era vaccinat antigripal. Dac\u0103, anterior, cele mai multe cazuri de deces din cauza gripei erau asociate cu alte afec\u0163iuni pe care le aveau pacien\u0163ii, de data asta doctorii spun c\u0103 b\u0103iatul nu [&hellip;]","og_url":"https:\/\/buletin.de\/bucuresti\/copil-ucis-de-gripa-in-capitala\/","og_site_name":"Buletin de Bucure\u0219ti","article_publisher":"https:\/\/www.facebook.com\/buletin.de.buc","article_published_time":"2020-01-30T14:03:01+00:00","article_modified_time":"2020-01-30T14:03:53+00:00","og_image":[{"width":2560,"height":1721,"url":"https:\/\/buletin.de\/bucuresti\/wp-content\/uploads\/gripa-Hyttalo-Souza-scaled.jpg","type":"image\/jpeg"}],"author":"Ionu\u021b Lepa","twitter_card":"summary_large_image","twitter_misc":{"Written by":"Ionu\u021b Lepa","Estimated reading time":"1 minute"},"schema":{"@context":"https:\/\/schema.org","@graph":[{"@type":"Article","@id":"https:\/\/buletin.de\/bucuresti\/copil-ucis-de-gripa-in-capitala\/#article","isPartOf":{"@id":"https:\/\/buletin.de\/bucuresti\/copil-ucis-de-gripa-in-capitala\/"},"author":{"name":"Ionu\u021b Lepa","@id":"https:\/\/buletin.de\/bucuresti\/#\/schema\/person\/5272b8a057b33890940b57b837fc4ce6"},"headline":"Copil ucis de grip\u0103, \u00een Capital\u0103","datePublished":"2020-01-30T14:03:01+00:00","dateModified":"2020-01-30T14:03:53+00:00","mainEntityOfPage":{"@id":"https:\/\/buletin.de\/bucuresti\/copil-ucis-de-gripa-in-capitala\/"},"wordCount":196,"publisher":{"@id":"https:\/\/buletin.de\/bucuresti\/#organization"},"image":{"@id":"https:\/\/buletin.de\/bucuresti\/copil-ucis-de-gripa-in-capitala\/#primaryimage"},"thumbnailUrl":"https:\/\/buletin.de\/bucuresti\/wp-content\/uploads\/gripa-Hyttalo-Souza-scaled.jpg","keywords":["baiat 12 ani gripa","copil ucis gripa","gripa","gripa bucuresti","sanatate"],"articleSection":["S\u0103n\u0103tate","\u0218tiri"],"inLanguage":"en-GB","copyrightYear":"2020","copyrightHolder":{"@id":"https:\/\/buletin.de\/bucuresti\/#organization"}},{"@type":"WebPage","@id":"https:\/\/buletin.de\/bucuresti\/copil-ucis-de-gripa-in-capitala\/","url":"https:\/\/buletin.de\/bucuresti\/copil-ucis-de-gripa-in-capitala\/","name":"Copil ucis de grip\u0103, \u00een Capital\u0103 - Buletin de Bucure\u0219ti","isPartOf":{"@id":"https:\/\/buletin.de\/bucuresti\/#website"},"primaryImageOfPage":{"@id":"https:\/\/buletin.de\/bucuresti\/copil-ucis-de-gripa-in-capitala\/#primaryimage"},"image":{"@id":"https:\/\/buletin.de\/bucuresti\/copil-ucis-de-gripa-in-capitala\/#primaryimage"},"thumbnailUrl":"https:\/\/buletin.de\/bucuresti\/wp-content\/uploads\/gripa-Hyttalo-Souza-scaled.jpg","datePublished":"2020-01-30T14:03:01+00:00","dateModified":"2020-01-30T14:03:53+00:00","breadcrumb":{"@id":"https:\/\/buletin.de\/bucuresti\/copil-ucis-de-gripa-in-capitala\/#breadcrumb"},"inLanguage":"en-GB","potentialAction":[{"@type":"ReadAction","target":["https:\/\/buletin.de\/bucuresti\/copil-ucis-de-gripa-in-capitala\/"]}]},{"@type":"ImageObject","inLanguage":"en-GB","@id":"https:\/\/buletin.de\/bucuresti\/copil-ucis-de-gripa-in-capitala\/#primaryimage","url":"https:\/\/buletin.de\/bucuresti\/wp-content\/uploads\/gripa-Hyttalo-Souza-scaled.jpg","contentUrl":"https:\/\/buletin.de\/bucuresti\/wp-content\/uploads\/gripa-Hyttalo-Souza-scaled.jpg","width":2560,"height":1721,"caption":"sursa foto: Hyttalo Souza, via unsplash.com"},{"@type":"BreadcrumbList","@id":"https:\/\/buletin.de\/bucuresti\/copil-ucis-de-gripa-in-capitala\/#breadcrumb","itemListElement":[{"@type":"ListItem","position":1,"name":"Acas\u0103","item":"https:\/\/buletin.de\/bucuresti\/"},{"@type":"ListItem","position":2,"name":"Copil ucis de grip\u0103, \u00een Capital\u0103"}]},{"@type":"WebSite","@id":"https:\/\/buletin.de\/bucuresti\/#website","url":"https:\/\/buletin.de\/bucuresti\/","name":"Buletin de Bucure\u0219ti","description":"\u0218tiri \u0219i investiga\u021bii esen\u021biale din capital\u0103","publisher":{"@id":"https:\/\/buletin.de\/bucuresti\/#organization"},"potentialAction":[{"@type":"SearchAction","target":{"@type":"EntryPoint","urlTemplate":"https:\/\/buletin.de\/bucuresti\/?s={search_term_string}"},"query-input":{"@type":"PropertyValueSpecification","valueRequired":true,"valueName":"search_term_string"}}],"inLanguage":"en-GB"},{"@type":"Organization","@id":"https:\/\/buletin.de\/bucuresti\/#organization","name":"Buletin de Bucure\u0219ti","url":"https:\/\/buletin.de\/bucuresti\/","logo":{"@type":"ImageObject","inLanguage":"en-GB","@id":"https:\/\/buletin.de\/bucuresti\/#\/schema\/logo\/image\/","url":"https:\/\/buletin.de\/bucuresti\/wp-content\/uploads\/logo-bdb-full-wide-vernil-transparent.png","contentUrl":"https:\/\/buletin.de\/bucuresti\/wp-content\/uploads\/logo-bdb-full-wide-vernil-transparent.png","width":1782,"height":626,"caption":"Buletin de Bucure\u0219ti"},"image":{"@id":"https:\/\/buletin.de\/bucuresti\/#\/schema\/logo\/image\/"},"sameAs":["https:\/\/www.facebook.com\/buletin.de.buc","https:\/\/www.instagram.com\/buletinde.bucuresti\/"]},{"@type":"Person","@id":"https:\/\/buletin.de\/bucuresti\/#\/schema\/person\/5272b8a057b33890940b57b837fc4ce6","name":"Ionu\u021b Lepa","image":{"@type":"ImageObject","inLanguage":"en-GB","@id":"https:\/\/buletin.de\/bucuresti\/wp-content\/uploads\/Ionut-Lepa-96x96.jpg5c4e4d9e049808799a8821652d2410a4","url":"https:\/\/buletin.de\/bucuresti\/wp-content\/uploads\/Ionut-Lepa-96x96.jpg","contentUrl":"https:\/\/buletin.de\/bucuresti\/wp-content\/uploads\/Ionut-Lepa-96x96.jpg","caption":"Ionu\u021b Lepa"},"url":"https:\/\/buletin.de\/bucuresti\/author\/ionutlepa\/"}]}},"authors":[{"term_id":22586,"user_id":8,"is_guest":0,"slug":"ionutlepa","display_name":"Ionu\u021b Lepa","avatar_url":"https:\/\/buletin.de\/bucuresti\/wp-content\/uploads\/Ionut-Lepa-96x96.jpg","0":null,"1":"","2":"","3":"","4":"","5":"","6":"","7":"","8":""}],"_links":{"self":[{"href":"https:\/\/buletin.de\/bucuresti\/wp-json\/wp\/v2\/posts\/3127","targetHints":{"allow":["GET"]}}],"collection":[{"href":"https:\/\/buletin.de\/bucuresti\/wp-json\/wp\/v2\/posts"}],"about":[{"href":"https:\/\/buletin.de\/bucuresti\/wp-json\/wp\/v2\/types\/post"}],"author":[{"embeddable":true,"href":"https:\/\/buletin.de\/bucuresti\/wp-json\/wp\/v2\/users\/8"}],"replies":[{"embeddable":true,"href":"https:\/\/buletin.de\/bucuresti\/wp-json\/wp\/v2\/comments?post=3127"}],"version-history":[{"count":3,"href":"https:\/\/buletin.de\/bucuresti\/wp-json\/wp\/v2\/posts\/3127\/revisions"}],"predecessor-version":[{"id":3146,"href":"https:\/\/buletin.de\/bucuresti\/wp-json\/wp\/v2\/posts\/3127\/revisions\/3146"}],"wp:featuredmedia":[{"embeddable":true,"href":"https:\/\/buletin.de\/bucuresti\/wp-json\/wp\/v2\/media\/3128"}],"wp:attachment":[{"href":"https:\/\/buletin.de\/bucuresti\/wp-json\/wp\/v2\/media?parent=3127"}],"wp:term":[{"taxonomy":"category","embeddable":true,"href":"https:\/\/buletin.de\/bucuresti\/wp-json\/wp\/v2\/categories?post=3127"},{"taxonomy":"post_tag","embeddable":true,"href":"https:\/\/buletin.de\/bucuresti\/wp-json\/wp\/v2\/tags?post=3127"},{"taxonomy":"author","embeddable":true,"href":"https:\/\/buletin.de\/bucuresti\/wp-json\/wp\/v2\/ppma_author?post=3127"}],"curies":[{"name":"wp","href":"https:\/\/api.w.org\/{rel}","templated":true}]}}