{"id":31223,"date":"2021-09-24T18:03:04","date_gmt":"2021-09-24T15:03:04","guid":{"rendered":"https:\/\/buletin.de\/bucuresti\/?p=31223"},"modified":"2021-09-24T18:28:10","modified_gmt":"2021-09-24T15:28:10","slug":"capitala-intra-in-scenariul-rosu-din-aceasta-noapte","status":"publish","type":"post","link":"https:\/\/buletin.de\/bucuresti\/capitala-intra-in-scenariul-rosu-din-aceasta-noapte\/","title":{"rendered":"Capitala intr\u0103 \u00een scenariul ro\u0219u din aceast\u0103 noapte. Certificatul verde va fi obligatoriu"},"content":{"rendered":"\n<p><strong><strong>Dup\u0103 ce \u0219edin\u021ba de ieri a CMSUB a fost am\u00e2nat\u0103 cu o zi, comitetul a hot\u0103r\u00e2t abia ast\u0103zi, dup\u0103 o \u0219edin\u021b\u0103 de \u0219ase ore intrarea Capitalei \u00een scenariul ro\u0219u \u0219i impunerea unor restric\u021bii suplimentare. \u0218edin\u021ba a avut loc \u00een termenul legal de 48 de ore de la dep\u0103\u0219irea ratei de 3 la mia de locuitori. Odat\u0103 cu intrarea \u00een scenariul ro\u0219u, certificatul verde devine obligatoriu pentru a frecventa barurile \u0219i restaurantele, dar \u0219i pentru participare la spectacole \u0219i concerte \u00een aer liber. Hot\u0103r\u00e2rea CMSUB decide ca adun\u0103rile publice precum mitingurile \u0219i demonstra\u021biile pot fi organizate cu un num\u0103r maxim de 100 de participan\u021bi. Restaurantele \u0219i cafenelele trebuie s\u0103 primeasc\u0103 clien\u021bi, astfel \u00eenc\u00e2t s\u0103 nu se dep\u0103\u0219easc\u0103 50% din capacitatea spa\u021biului \u0219i s\u0103 intre doar persoane care prezint\u0103 certificatul verde. \u00cen s\u0103lile de spectacole, concerte \u0219i la proiec\u021biile de film este obligatorie intrarea cu certificatul Covid, iar capacitatea maxim\u0103 de 50% nu poate fi dep\u0103\u0219it\u0103.<\/strong>Se p\u0103streaz\u0103 prevederea conform c\u0103reia orele de sport se pot organiza doar \u00een aer liber. M\u0103surile suplimentare luate ast\u0103zi se aplic\u0103 din aceast\u0103 noapte de la 00:00 \u0219i pot fi citite integral mai jos:&nbsp;<\/strong><\/p>\n\n\n\n<ul class=\"has-background wp-block-list\" style=\"background-color:#f8fba2\"><li><em>Este obligatorie&nbsp; purtarea m\u0103\u0219tii de protec\u021bie, astfel \u00eenc\u00e2t s\u0103 acopere gura \u0219i nasul, pe o raz\u0103 de 50 m \u00een jurul unit\u0103\u021bilor de \u00eenv\u0103\u021b\u0103m\u00e2nt, pentru persoanele care sta\u021bioneaz\u0103 \u00een acest perimetru.<\/em><\/li><li><em>Este permis\u0103 desf\u0103\u0219urarea orelor de educa\u021bie fizic\u0103 doar \u00een spa\u021bii deschise, f\u0103r\u0103 obligativitatea purt\u0103rii m\u0103\u0219tii de protec\u021bie.<\/em><\/li><li><em>Se interzic activit\u0103\u0163ile recreative \u015fi sportive desf\u0103\u015furate \u00een aer liber, cu excep\u021bia particip\u0103rii a cel mult 10 persoane care nu locuiesc \u00eempreun\u0103.<\/em><\/li><li><em>Se permite organizarea de evenimente private (nun\u0163i, botezuri) cu un num\u0103r de participan\u0163i de maximum 200 de persoane \u00een interior \u015fi cu asigurarea unei suprafe\u0163e de minimum 2 mp pentru fiecare persoan\u0103. Doar pentru persoanel vaccinate sau care prezint\u0103 test negativ. <\/em><\/li><li><em>Se permite organizarea de cursuri de instruire \u015fi workshopuri pentru adul\u0163i, inclusiv cele organizate pentru implementarea proiectelor finan\u0163ate din fonduri europene, cu un num\u0103r de participan\u0163i mai mare de 250 de persoane \u00een interior \u015fi mai mare de 300 de persoane \u00een exterior, cu asigurarea unei suprafe\u0163e de minimum 2 mp pentru fiecare persoan\u0103.<\/em><\/li><li><em>Se permite organizarea de conferin\u0163e cu un num\u0103r de participan\u0163i mai mare de 300 de persoane \u00een interior, cu asigurarea unei suprafe\u0163e de 2 mp pentru fiecare persoan\u0103, dac\u0103 toate persoanele sunt vaccinate \u00eempotriva virusului SARS-CoV-2 \u015fi pentru care au trecut 10 zile de la finalizarea schemei complete de vaccinare.<\/em><\/li><li><em>Activitatea restaurantelor \u015fi a cafenelelor din interiorul hotelurilor, pensiunilor sau altor unit\u0103\u0163i de cazare, precum \u015fi la terasele acestora este permis\u0103 p\u00e2n\u0103 la capacitatea maxim\u0103 a spa\u0163iului \u00een intervalul orar 5,00 &#8211; 2,00, doar pentru persoanele cazate \u00een cadrul acestor unit\u0103\u0163i.<\/em><\/li><li><em>Activitatea cu publicul a operatorilor economici care desf\u0103\u015foar\u0103 activit\u0103\u0163i de preparare, comercializare \u015fi consum al produselor alimentare \u015fi\/sau b\u0103uturilor alcoolice \u015fi nealcoolice, de tipul restaurantelor \u015fi cafenelelor, \u00een interiorul cl\u0103dirilor, precum \u015fi la terase este permis\u0103 p\u00e2n\u0103 la 50% din capacitatea maxim\u0103 a spa\u0163iului \u00een intervalul orar 5,00 &#8211; 2,00.<\/em><\/li><li><em>Activitatea \u00een baruri, cluburi \u015fi discoteci este permis\u0103 f\u0103r\u0103 a dep\u0103\u015fi 30% din capacitatea maxim\u0103 a spa\u0163iului \u00een intervalul orar 5,00 &#8211; 2,00, dac\u0103 toate persoanele sunt vaccinate \u00eempotriva virusului SARS-CoV-2 \u015fi pentru care au trecut 10 zile de la finalizarea schemei complete de vaccinare.<\/em><\/li><li><em>Activitatea cu publicul a operatorilor economici care desf\u0103\u015foar\u0103 activitatea \u00een spa\u0163ii \u00eenchise \u00een domeniul s\u0103lilor de sport \u015fi\/sau fitness este permis\u0103 f\u0103r\u0103 a dep\u0103\u015fi 50% din capacitatea maxim\u0103 a spa\u0163iului, cu asigurarea unei suprafe\u0163e de minimum 7 mp pentru fiecare persoan\u0103.<\/em><\/li><li><em>Activitatea operatorilor economici care administreaz\u0103 locuri de joac\u0103 pentru copii \u00een spa\u0163ii \u00eenchise este permis\u0103 f\u0103r\u0103 a dep\u0103\u015fi 50% din capacitatea maxim\u0103 a spa\u0163iului \u015fi \u00een intervalul orar 5,00 &#8211; 24,00.<\/em><\/li><li><em>Activitatea operatorilor economici care administreaz\u0103 s\u0103li de jocuri este permis\u0103 f\u0103r\u0103 a dep\u0103\u015fi 50% din capacitatea maxim\u0103 a spa\u0163iului \u00een intervalul orar 5,00 &#8211; 2,00.<\/em><\/li><li><em>Organizatorii\/Operatorii economici care desf\u0103\u015foar\u0103 activit\u0103\u0163i potrivit prezentei au obliga\u0163ia de a scana codul QR de pe certificatul digital al Uniunii Europene privind COVID-19 folosind sec\u0163iunea &#8220;Verificare reguli interne&#8221; din aplica\u0163ia mobil\u0103 &#8220;Check DCC&#8221; pentru verificarea autenticit\u0103\u0163ii, valabilit\u0103\u0163ii \u015fi integrit\u0103\u0163ii certificatului, f\u0103r\u0103 a se re\u0163ine niciun fel de date sau informa\u0163ii din certificatul verificat.<\/em><\/li><li>STB SA va monitoriza permanent gradul de \u00eenc\u0103rcare a mijloacelor de transport pe care le deserve\u0219te, \u00een scopul diminu\u0103rii aglomera\u021biei din vehicule \u0219i sta\u021bii, mai ales la orele de v\u00e2rf.<\/li><\/ul>\n\n\n\n<p>\u00cen Capital\u0103 s-au \u00eenregistrat 991 de noi infect\u0103ri. Rata de inciden\u021b\u0103 a crescut de la 3,65 la 3,77 cazuri de infectare la 1.000 de locuitori.<\/p>\n\n\n\n<p>Surs\u0103 Foto Cover: Cosmin Pojoranu<\/p>\n","protected":false},"excerpt":{"rendered":"<p>Dup\u0103 ce \u0219edin\u021ba de ieri a CMSUB a fost am\u00e2nat\u0103 cu o zi, comitetul a hot\u0103r\u00e2t abia ast\u0103zi, dup\u0103 o \u0219edin\u021b\u0103 de \u0219ase ore intrarea Capitalei \u00een scenariul ro\u0219u \u0219i impunerea unor restric\u021bii suplimentare. \u0218edin\u021ba a avut loc \u00een termenul legal de 48 de ore de la dep\u0103\u0219irea ratei de 3 la mia de locuitori. [&hellip;]<\/p>\n","protected":false},"author":17,"featured_media":29736,"comment_status":"closed","ping_status":"open","sticky":false,"template":"","format":"standard","meta":{"_acf_changed":false,"inline_featured_image":false,"ngg_post_thumbnail":0,"footnotes":""},"categories":[62],"tags":[],"ppma_author":[22576],"class_list":["post-31223","post","type-post","status-publish","format-standard","has-post-thumbnail","hentry","category-stiri"],"acf":[],"yoast_head":"<!-- This site is optimized with the Yoast SEO Premium plugin v25.3 (Yoast SEO v27.5) - https:\/\/yoast.com\/product\/yoast-seo-premium-wordpress\/ -->\n<title>Capitala intr\u0103 \u00een scenariul ro\u0219u din aceast\u0103 noapte. Certificatul verde va fi obligatoriu - Buletin de Bucure\u0219ti<\/title>\n<meta name=\"robots\" content=\"index, follow, max-snippet:-1, max-image-preview:large, max-video-preview:-1\" \/>\n<link rel=\"canonical\" href=\"https:\/\/buletin.de\/bucuresti\/capitala-intra-in-scenariul-rosu-din-aceasta-noapte\/\" \/>\n<meta property=\"og:locale\" content=\"en_GB\" \/>\n<meta property=\"og:type\" content=\"article\" \/>\n<meta property=\"og:title\" content=\"Capitala intr\u0103 \u00een scenariul ro\u0219u din aceast\u0103 noapte. Certificatul verde va fi obligatoriu\" \/>\n<meta property=\"og:description\" content=\"Dup\u0103 ce \u0219edin\u021ba de ieri a CMSUB a fost am\u00e2nat\u0103 cu o zi, comitetul a hot\u0103r\u00e2t abia ast\u0103zi, dup\u0103 o \u0219edin\u021b\u0103 de \u0219ase ore intrarea Capitalei \u00een scenariul ro\u0219u \u0219i impunerea unor restric\u021bii suplimentare. \u0218edin\u021ba a avut loc \u00een termenul legal de 48 de ore de la dep\u0103\u0219irea ratei de 3 la mia de locuitori. [&hellip;]\" \/>\n<meta property=\"og:url\" content=\"https:\/\/buletin.de\/bucuresti\/capitala-intra-in-scenariul-rosu-din-aceasta-noapte\/\" \/>\n<meta property=\"og:site_name\" content=\"Buletin de Bucure\u0219ti\" \/>\n<meta property=\"article:publisher\" content=\"https:\/\/www.facebook.com\/buletin.de.buc\" \/>\n<meta property=\"article:published_time\" content=\"2021-09-24T15:03:04+00:00\" \/>\n<meta property=\"article:modified_time\" content=\"2021-09-24T15:28:10+00:00\" \/>\n<meta property=\"og:image\" content=\"https:\/\/buletin.de\/bucuresti\/wp-content\/uploads\/20210703_204510-scaled.jpg\" \/>\n\t<meta property=\"og:image:width\" content=\"2560\" \/>\n\t<meta property=\"og:image:height\" content=\"1213\" \/>\n\t<meta property=\"og:image:type\" content=\"image\/jpeg\" \/>\n<meta name=\"author\" content=\"Florin R\u00e2\u0219teiu\" \/>\n<meta name=\"twitter:card\" content=\"summary_large_image\" \/>\n<meta name=\"twitter:label1\" content=\"Written by\" \/>\n\t<meta name=\"twitter:data1\" content=\"Florin R\u00e2\u0219teiu\" \/>\n\t<meta name=\"twitter:label2\" content=\"Estimated reading time\" \/>\n\t<meta name=\"twitter:data2\" content=\"4 minutes\" \/>\n<script type=\"application\/ld+json\" class=\"yoast-schema-graph\">{\"@context\":\"https:\\\/\\\/schema.org\",\"@graph\":[{\"@type\":\"Article\",\"@id\":\"https:\\\/\\\/buletin.de\\\/bucuresti\\\/capitala-intra-in-scenariul-rosu-din-aceasta-noapte\\\/#article\",\"isPartOf\":{\"@id\":\"https:\\\/\\\/buletin.de\\\/bucuresti\\\/capitala-intra-in-scenariul-rosu-din-aceasta-noapte\\\/\"},\"author\":{\"name\":\"Florin R\u00e2\u0219teiu\",\"@id\":\"https:\\\/\\\/buletin.de\\\/bucuresti\\\/#\\\/schema\\\/person\\\/b0686d7a8b666c6afc78239777fd8a89\"},\"headline\":\"Capitala intr\u0103 \u00een scenariul ro\u0219u din aceast\u0103 noapte. Certificatul verde va fi obligatoriu\",\"datePublished\":\"2021-09-24T15:03:04+00:00\",\"dateModified\":\"2021-09-24T15:28:10+00:00\",\"mainEntityOfPage\":{\"@id\":\"https:\\\/\\\/buletin.de\\\/bucuresti\\\/capitala-intra-in-scenariul-rosu-din-aceasta-noapte\\\/\"},\"wordCount\":835,\"publisher\":{\"@id\":\"https:\\\/\\\/buletin.de\\\/bucuresti\\\/#organization\"},\"image\":{\"@id\":\"https:\\\/\\\/buletin.de\\\/bucuresti\\\/capitala-intra-in-scenariul-rosu-din-aceasta-noapte\\\/#primaryimage\"},\"thumbnailUrl\":\"https:\\\/\\\/buletin.de\\\/bucuresti\\\/wp-content\\\/uploads\\\/20210703_204510-scaled.jpg\",\"articleSection\":[\"\u0218tiri\"],\"inLanguage\":\"en-GB\",\"copyrightYear\":\"2021\",\"copyrightHolder\":{\"@id\":\"https:\\\/\\\/buletin.de\\\/bucuresti\\\/#organization\"}},{\"@type\":\"WebPage\",\"@id\":\"https:\\\/\\\/buletin.de\\\/bucuresti\\\/capitala-intra-in-scenariul-rosu-din-aceasta-noapte\\\/\",\"url\":\"https:\\\/\\\/buletin.de\\\/bucuresti\\\/capitala-intra-in-scenariul-rosu-din-aceasta-noapte\\\/\",\"name\":\"Capitala intr\u0103 \u00een scenariul ro\u0219u din aceast\u0103 noapte. Certificatul verde va fi obligatoriu - Buletin de Bucure\u0219ti\",\"isPartOf\":{\"@id\":\"https:\\\/\\\/buletin.de\\\/bucuresti\\\/#website\"},\"primaryImageOfPage\":{\"@id\":\"https:\\\/\\\/buletin.de\\\/bucuresti\\\/capitala-intra-in-scenariul-rosu-din-aceasta-noapte\\\/#primaryimage\"},\"image\":{\"@id\":\"https:\\\/\\\/buletin.de\\\/bucuresti\\\/capitala-intra-in-scenariul-rosu-din-aceasta-noapte\\\/#primaryimage\"},\"thumbnailUrl\":\"https:\\\/\\\/buletin.de\\\/bucuresti\\\/wp-content\\\/uploads\\\/20210703_204510-scaled.jpg\",\"datePublished\":\"2021-09-24T15:03:04+00:00\",\"dateModified\":\"2021-09-24T15:28:10+00:00\",\"breadcrumb\":{\"@id\":\"https:\\\/\\\/buletin.de\\\/bucuresti\\\/capitala-intra-in-scenariul-rosu-din-aceasta-noapte\\\/#breadcrumb\"},\"inLanguage\":\"en-GB\",\"potentialAction\":[{\"@type\":\"ReadAction\",\"target\":[\"https:\\\/\\\/buletin.de\\\/bucuresti\\\/capitala-intra-in-scenariul-rosu-din-aceasta-noapte\\\/\"]}]},{\"@type\":\"ImageObject\",\"inLanguage\":\"en-GB\",\"@id\":\"https:\\\/\\\/buletin.de\\\/bucuresti\\\/capitala-intra-in-scenariul-rosu-din-aceasta-noapte\\\/#primaryimage\",\"url\":\"https:\\\/\\\/buletin.de\\\/bucuresti\\\/wp-content\\\/uploads\\\/20210703_204510-scaled.jpg\",\"contentUrl\":\"https:\\\/\\\/buletin.de\\\/bucuresti\\\/wp-content\\\/uploads\\\/20210703_204510-scaled.jpg\",\"width\":2560,\"height\":1213},{\"@type\":\"BreadcrumbList\",\"@id\":\"https:\\\/\\\/buletin.de\\\/bucuresti\\\/capitala-intra-in-scenariul-rosu-din-aceasta-noapte\\\/#breadcrumb\",\"itemListElement\":[{\"@type\":\"ListItem\",\"position\":1,\"name\":\"Acas\u0103\",\"item\":\"https:\\\/\\\/buletin.de\\\/bucuresti\\\/\"},{\"@type\":\"ListItem\",\"position\":2,\"name\":\"Capitala intr\u0103 \u00een scenariul ro\u0219u din aceast\u0103 noapte. Certificatul verde va fi obligatoriu\"}]},{\"@type\":\"WebSite\",\"@id\":\"https:\\\/\\\/buletin.de\\\/bucuresti\\\/#website\",\"url\":\"https:\\\/\\\/buletin.de\\\/bucuresti\\\/\",\"name\":\"Buletin de Bucure\u0219ti\",\"description\":\"\u0218tiri \u0219i investiga\u021bii esen\u021biale din capital\u0103\",\"publisher\":{\"@id\":\"https:\\\/\\\/buletin.de\\\/bucuresti\\\/#organization\"},\"potentialAction\":[{\"@type\":\"SearchAction\",\"target\":{\"@type\":\"EntryPoint\",\"urlTemplate\":\"https:\\\/\\\/buletin.de\\\/bucuresti\\\/?s={search_term_string}\"},\"query-input\":{\"@type\":\"PropertyValueSpecification\",\"valueRequired\":true,\"valueName\":\"search_term_string\"}}],\"inLanguage\":\"en-GB\"},{\"@type\":\"Organization\",\"@id\":\"https:\\\/\\\/buletin.de\\\/bucuresti\\\/#organization\",\"name\":\"Buletin de Bucure\u0219ti\",\"url\":\"https:\\\/\\\/buletin.de\\\/bucuresti\\\/\",\"logo\":{\"@type\":\"ImageObject\",\"inLanguage\":\"en-GB\",\"@id\":\"https:\\\/\\\/buletin.de\\\/bucuresti\\\/#\\\/schema\\\/logo\\\/image\\\/\",\"url\":\"https:\\\/\\\/buletin.de\\\/bucuresti\\\/wp-content\\\/uploads\\\/logo-bdb-full-wide-vernil-transparent.png\",\"contentUrl\":\"https:\\\/\\\/buletin.de\\\/bucuresti\\\/wp-content\\\/uploads\\\/logo-bdb-full-wide-vernil-transparent.png\",\"width\":1782,\"height\":626,\"caption\":\"Buletin de Bucure\u0219ti\"},\"image\":{\"@id\":\"https:\\\/\\\/buletin.de\\\/bucuresti\\\/#\\\/schema\\\/logo\\\/image\\\/\"},\"sameAs\":[\"https:\\\/\\\/www.facebook.com\\\/buletin.de.buc\",\"https:\\\/\\\/www.instagram.com\\\/buletinde.bucuresti\\\/\"]},{\"@type\":\"Person\",\"@id\":\"https:\\\/\\\/buletin.de\\\/bucuresti\\\/#\\\/schema\\\/person\\\/b0686d7a8b666c6afc78239777fd8a89\",\"name\":\"Florin R\u00e2\u0219teiu\",\"image\":{\"@type\":\"ImageObject\",\"inLanguage\":\"en-GB\",\"@id\":\"https:\\\/\\\/buletin.de\\\/bucuresti\\\/wp-content\\\/uploads\\\/Florin-Rasteiu-96x96.jpgf0a6fe28453aa12f0a60e4d0a2e3a78c\",\"url\":\"https:\\\/\\\/buletin.de\\\/bucuresti\\\/wp-content\\\/uploads\\\/Florin-Rasteiu-96x96.jpg\",\"contentUrl\":\"https:\\\/\\\/buletin.de\\\/bucuresti\\\/wp-content\\\/uploads\\\/Florin-Rasteiu-96x96.jpg\",\"caption\":\"Florin R\u00e2\u0219teiu\"},\"description\":\"Jurnalist de investiga\u021bie. Lucreaz\u0103 de aproape 6 ani la Buletin de Bucure\u0219ti, unde a publicat articole care scot la suprafa\u021b\u0103 corup\u021bia din Capital\u0103. Analizeaz\u0103 baze de date zilnic \u0219i scoate pove\u0219ti din exceluri pline de cifre. Pune reflectorul pe adev\u0103r cu fiecare ocazie. A c\u00e2\u0219tigat premiul I la categoria Pres\u0103 Local\u0103 \u00een 2025 \u0219i locul al II-lea la aceea\u0219i categorie \u00een 2024 \u00een cadrul Premiilor Superscrieri pentru jurnalism independent.\",\"url\":\"https:\\\/\\\/buletin.de\\\/bucuresti\\\/author\\\/florinrasteiu\\\/\"}]}<\/script>\n<!-- \/ Yoast SEO Premium plugin. -->","yoast_head_json":{"title":"Capitala intr\u0103 \u00een scenariul ro\u0219u din aceast\u0103 noapte. Certificatul verde va fi obligatoriu - Buletin de Bucure\u0219ti","robots":{"index":"index","follow":"follow","max-snippet":"max-snippet:-1","max-image-preview":"max-image-preview:large","max-video-preview":"max-video-preview:-1"},"canonical":"https:\/\/buletin.de\/bucuresti\/capitala-intra-in-scenariul-rosu-din-aceasta-noapte\/","og_locale":"en_GB","og_type":"article","og_title":"Capitala intr\u0103 \u00een scenariul ro\u0219u din aceast\u0103 noapte. Certificatul verde va fi obligatoriu","og_description":"Dup\u0103 ce \u0219edin\u021ba de ieri a CMSUB a fost am\u00e2nat\u0103 cu o zi, comitetul a hot\u0103r\u00e2t abia ast\u0103zi, dup\u0103 o \u0219edin\u021b\u0103 de \u0219ase ore intrarea Capitalei \u00een scenariul ro\u0219u \u0219i impunerea unor restric\u021bii suplimentare. \u0218edin\u021ba a avut loc \u00een termenul legal de 48 de ore de la dep\u0103\u0219irea ratei de 3 la mia de locuitori. [&hellip;]","og_url":"https:\/\/buletin.de\/bucuresti\/capitala-intra-in-scenariul-rosu-din-aceasta-noapte\/","og_site_name":"Buletin de Bucure\u0219ti","article_publisher":"https:\/\/www.facebook.com\/buletin.de.buc","article_published_time":"2021-09-24T15:03:04+00:00","article_modified_time":"2021-09-24T15:28:10+00:00","og_image":[{"width":2560,"height":1213,"url":"https:\/\/buletin.de\/bucuresti\/wp-content\/uploads\/20210703_204510-scaled.jpg","type":"image\/jpeg"}],"author":"Florin R\u00e2\u0219teiu","twitter_card":"summary_large_image","twitter_misc":{"Written by":"Florin R\u00e2\u0219teiu","Estimated reading time":"4 minutes"},"schema":{"@context":"https:\/\/schema.org","@graph":[{"@type":"Article","@id":"https:\/\/buletin.de\/bucuresti\/capitala-intra-in-scenariul-rosu-din-aceasta-noapte\/#article","isPartOf":{"@id":"https:\/\/buletin.de\/bucuresti\/capitala-intra-in-scenariul-rosu-din-aceasta-noapte\/"},"author":{"name":"Florin R\u00e2\u0219teiu","@id":"https:\/\/buletin.de\/bucuresti\/#\/schema\/person\/b0686d7a8b666c6afc78239777fd8a89"},"headline":"Capitala intr\u0103 \u00een scenariul ro\u0219u din aceast\u0103 noapte. Certificatul verde va fi obligatoriu","datePublished":"2021-09-24T15:03:04+00:00","dateModified":"2021-09-24T15:28:10+00:00","mainEntityOfPage":{"@id":"https:\/\/buletin.de\/bucuresti\/capitala-intra-in-scenariul-rosu-din-aceasta-noapte\/"},"wordCount":835,"publisher":{"@id":"https:\/\/buletin.de\/bucuresti\/#organization"},"image":{"@id":"https:\/\/buletin.de\/bucuresti\/capitala-intra-in-scenariul-rosu-din-aceasta-noapte\/#primaryimage"},"thumbnailUrl":"https:\/\/buletin.de\/bucuresti\/wp-content\/uploads\/20210703_204510-scaled.jpg","articleSection":["\u0218tiri"],"inLanguage":"en-GB","copyrightYear":"2021","copyrightHolder":{"@id":"https:\/\/buletin.de\/bucuresti\/#organization"}},{"@type":"WebPage","@id":"https:\/\/buletin.de\/bucuresti\/capitala-intra-in-scenariul-rosu-din-aceasta-noapte\/","url":"https:\/\/buletin.de\/bucuresti\/capitala-intra-in-scenariul-rosu-din-aceasta-noapte\/","name":"Capitala intr\u0103 \u00een scenariul ro\u0219u din aceast\u0103 noapte. Certificatul verde va fi obligatoriu - Buletin de Bucure\u0219ti","isPartOf":{"@id":"https:\/\/buletin.de\/bucuresti\/#website"},"primaryImageOfPage":{"@id":"https:\/\/buletin.de\/bucuresti\/capitala-intra-in-scenariul-rosu-din-aceasta-noapte\/#primaryimage"},"image":{"@id":"https:\/\/buletin.de\/bucuresti\/capitala-intra-in-scenariul-rosu-din-aceasta-noapte\/#primaryimage"},"thumbnailUrl":"https:\/\/buletin.de\/bucuresti\/wp-content\/uploads\/20210703_204510-scaled.jpg","datePublished":"2021-09-24T15:03:04+00:00","dateModified":"2021-09-24T15:28:10+00:00","breadcrumb":{"@id":"https:\/\/buletin.de\/bucuresti\/capitala-intra-in-scenariul-rosu-din-aceasta-noapte\/#breadcrumb"},"inLanguage":"en-GB","potentialAction":[{"@type":"ReadAction","target":["https:\/\/buletin.de\/bucuresti\/capitala-intra-in-scenariul-rosu-din-aceasta-noapte\/"]}]},{"@type":"ImageObject","inLanguage":"en-GB","@id":"https:\/\/buletin.de\/bucuresti\/capitala-intra-in-scenariul-rosu-din-aceasta-noapte\/#primaryimage","url":"https:\/\/buletin.de\/bucuresti\/wp-content\/uploads\/20210703_204510-scaled.jpg","contentUrl":"https:\/\/buletin.de\/bucuresti\/wp-content\/uploads\/20210703_204510-scaled.jpg","width":2560,"height":1213},{"@type":"BreadcrumbList","@id":"https:\/\/buletin.de\/bucuresti\/capitala-intra-in-scenariul-rosu-din-aceasta-noapte\/#breadcrumb","itemListElement":[{"@type":"ListItem","position":1,"name":"Acas\u0103","item":"https:\/\/buletin.de\/bucuresti\/"},{"@type":"ListItem","position":2,"name":"Capitala intr\u0103 \u00een scenariul ro\u0219u din aceast\u0103 noapte. Certificatul verde va fi obligatoriu"}]},{"@type":"WebSite","@id":"https:\/\/buletin.de\/bucuresti\/#website","url":"https:\/\/buletin.de\/bucuresti\/","name":"Buletin de Bucure\u0219ti","description":"\u0218tiri \u0219i investiga\u021bii esen\u021biale din capital\u0103","publisher":{"@id":"https:\/\/buletin.de\/bucuresti\/#organization"},"potentialAction":[{"@type":"SearchAction","target":{"@type":"EntryPoint","urlTemplate":"https:\/\/buletin.de\/bucuresti\/?s={search_term_string}"},"query-input":{"@type":"PropertyValueSpecification","valueRequired":true,"valueName":"search_term_string"}}],"inLanguage":"en-GB"},{"@type":"Organization","@id":"https:\/\/buletin.de\/bucuresti\/#organization","name":"Buletin de Bucure\u0219ti","url":"https:\/\/buletin.de\/bucuresti\/","logo":{"@type":"ImageObject","inLanguage":"en-GB","@id":"https:\/\/buletin.de\/bucuresti\/#\/schema\/logo\/image\/","url":"https:\/\/buletin.de\/bucuresti\/wp-content\/uploads\/logo-bdb-full-wide-vernil-transparent.png","contentUrl":"https:\/\/buletin.de\/bucuresti\/wp-content\/uploads\/logo-bdb-full-wide-vernil-transparent.png","width":1782,"height":626,"caption":"Buletin de Bucure\u0219ti"},"image":{"@id":"https:\/\/buletin.de\/bucuresti\/#\/schema\/logo\/image\/"},"sameAs":["https:\/\/www.facebook.com\/buletin.de.buc","https:\/\/www.instagram.com\/buletinde.bucuresti\/"]},{"@type":"Person","@id":"https:\/\/buletin.de\/bucuresti\/#\/schema\/person\/b0686d7a8b666c6afc78239777fd8a89","name":"Florin R\u00e2\u0219teiu","image":{"@type":"ImageObject","inLanguage":"en-GB","@id":"https:\/\/buletin.de\/bucuresti\/wp-content\/uploads\/Florin-Rasteiu-96x96.jpgf0a6fe28453aa12f0a60e4d0a2e3a78c","url":"https:\/\/buletin.de\/bucuresti\/wp-content\/uploads\/Florin-Rasteiu-96x96.jpg","contentUrl":"https:\/\/buletin.de\/bucuresti\/wp-content\/uploads\/Florin-Rasteiu-96x96.jpg","caption":"Florin R\u00e2\u0219teiu"},"description":"Jurnalist de investiga\u021bie. Lucreaz\u0103 de aproape 6 ani la Buletin de Bucure\u0219ti, unde a publicat articole care scot la suprafa\u021b\u0103 corup\u021bia din Capital\u0103. Analizeaz\u0103 baze de date zilnic \u0219i scoate pove\u0219ti din exceluri pline de cifre. Pune reflectorul pe adev\u0103r cu fiecare ocazie. A c\u00e2\u0219tigat premiul I la categoria Pres\u0103 Local\u0103 \u00een 2025 \u0219i locul al II-lea la aceea\u0219i categorie \u00een 2024 \u00een cadrul Premiilor Superscrieri pentru jurnalism independent.","url":"https:\/\/buletin.de\/bucuresti\/author\/florinrasteiu\/"}]}},"authors":[{"term_id":22576,"user_id":17,"is_guest":0,"slug":"florinrasteiu","display_name":"Florin R\u00e2\u0219teiu","avatar_url":"https:\/\/buletin.de\/bucuresti\/wp-content\/uploads\/Florin-Rasteiu-96x96.jpg","0":null,"1":"","2":"","3":"","4":"","5":"","6":"","7":"","8":""}],"_links":{"self":[{"href":"https:\/\/buletin.de\/bucuresti\/wp-json\/wp\/v2\/posts\/31223","targetHints":{"allow":["GET"]}}],"collection":[{"href":"https:\/\/buletin.de\/bucuresti\/wp-json\/wp\/v2\/posts"}],"about":[{"href":"https:\/\/buletin.de\/bucuresti\/wp-json\/wp\/v2\/types\/post"}],"author":[{"embeddable":true,"href":"https:\/\/buletin.de\/bucuresti\/wp-json\/wp\/v2\/users\/17"}],"replies":[{"embeddable":true,"href":"https:\/\/buletin.de\/bucuresti\/wp-json\/wp\/v2\/comments?post=31223"}],"version-history":[{"count":9,"href":"https:\/\/buletin.de\/bucuresti\/wp-json\/wp\/v2\/posts\/31223\/revisions"}],"predecessor-version":[{"id":31235,"href":"https:\/\/buletin.de\/bucuresti\/wp-json\/wp\/v2\/posts\/31223\/revisions\/31235"}],"wp:featuredmedia":[{"embeddable":true,"href":"https:\/\/buletin.de\/bucuresti\/wp-json\/wp\/v2\/media\/29736"}],"wp:attachment":[{"href":"https:\/\/buletin.de\/bucuresti\/wp-json\/wp\/v2\/media?parent=31223"}],"wp:term":[{"taxonomy":"category","embeddable":true,"href":"https:\/\/buletin.de\/bucuresti\/wp-json\/wp\/v2\/categories?post=31223"},{"taxonomy":"post_tag","embeddable":true,"href":"https:\/\/buletin.de\/bucuresti\/wp-json\/wp\/v2\/tags?post=31223"},{"taxonomy":"author","embeddable":true,"href":"https:\/\/buletin.de\/bucuresti\/wp-json\/wp\/v2\/ppma_author?post=31223"}],"curies":[{"name":"wp","href":"https:\/\/api.w.org\/{rel}","templated":true}]}}