{"id":31163,"date":"2021-09-23T21:53:20","date_gmt":"2021-09-23T18:53:20","guid":{"rendered":"https:\/\/buletin.de\/bucuresti\/?p=31163"},"modified":"2021-09-23T21:53:51","modified_gmt":"2021-09-23T18:53:51","slug":"rectificarea-bugetului-de-la-sectorul-1-a-cazut-la-vot-la-fel-si-proiectul-prin-care-adp-isi-angaja-avocati","status":"publish","type":"post","link":"https:\/\/buletin.de\/bucuresti\/rectificarea-bugetului-de-la-sectorul-1-a-cazut-la-vot-la-fel-si-proiectul-prin-care-adp-isi-angaja-avocati\/","title":{"rendered":"Rectificarea bugetului de la Sectorul 1 a c\u0103zut la vot. La fel \u0219i proiectul prin care ADP \u00ee\u0219i angaja avoca\u021bi"},"content":{"rendered":"\n<p>Proiectul de hot\u0103r\u00e2re prin care se prevedea rectificarea de buget a Prim\u0103riei Sectorului 1 a fost respins, joi, de c\u0103tre consilierii locali. \u00cen documentul men\u021bionat erau prev\u0103zute, printre altele, sume suplimentare pentru unit\u0103\u021bile de \u00eenv\u0103\u021b\u0103m\u00e2nt de pe raza sectorului, pentru spitale \u0219i pentru Complexul Multifunc\u021bional Caraiman.<\/p>\n\n\n\n<p>Proiectul a fost respins de consilierii PNL \u0219i PSD, \u00eentrunind doar 11 voturi favorabile din 23 de consilieri locali prezen\u021bi la \u0219edin\u021ba de consiliu local.<\/p>\n\n\n\n<p>Primarul Clotilde Armand sus\u021bine c\u0103, \u00een urma rezultatului votului, exist\u0103 riscul ca centrul de vaccinare de la Romexpo s\u0103 fie \u00eenchis.<\/p>\n\n\n\n<p><em>\u201eRectificarea bugetar\u0103 nu a fost votat\u0103 de consilierii PNL \u0219i PSD. Astfel, cheltuielile de la centrul de vaccinare din complexul Romexpo nu vor putea fi pl\u0103tite \u0219i exist\u0103 un risc real ca acest centru s\u0103 fie \u00eenchis. Ceea ce au f\u0103cut ast\u0103zi ace\u0219ti consilieri incon\u0219tien\u021bi se pedepse\u0219te prin lege (z\u0103d\u0103rnicirea combaterii bolilor) &#8211; \u00een plin val patru al pandemiei de Covid 19 \u0219i \u00eentr-o capital\u0103 care a intrat \u00een scenariul ro\u0219u din cauza num\u0103rului de noi infect\u0103ri cu Covid 19. Tot \u00een proiectul de rectificare bugetar\u0103 erau cuprinse toate solicit\u0103rile de investi\u021bii, repara\u021bii \u0219i achizi\u021bii ale unit\u0103\u021bilor de \u00eenv\u0103\u021b\u0103m\u00e2nt din sectorul 1, conform solicit\u0103rilor f\u0103cute de directorii \u0219colilor. De exemplu: Colegiul Na\u021bional de Muzic\u0103 &#8220;George Enescu&#8221; a solicitat 2 milioane de lei pentru achizi\u021bionarea de instrumente muzicale pentru desf\u0103\u0219urarea de cursuri \u00een noua cl\u0103dire deschis\u0103 cur\u00e2nd \u00een fost sediu ADP Sector 1\u201d<\/em>, a scris primarul Clotilde Armand pe pagina sa de Facebook.<\/p>\n\n\n\n<iframe src=\"https:\/\/www.facebook.com\/plugins\/post.php?href=https%3A%2F%2Fwww.facebook.com%2Fclotildearmand.ro%2Fposts%2F404133111078020&amp;show_text=true&amp;width=500\" width=\"500\" height=\"730\" style=\"border:none;overflow:hidden\" scrolling=\"no\" frameborder=\"0\" allowfullscreen=\"true\" allow=\"autoplay; clipboard-write; encrypted-media; picture-in-picture; web-share\"><\/iframe>\n\n\n\n<div class=\"wp-block-file\"><a href=\"https:\/\/buletin.de\/bucuresti\/wp-content\/uploads\/1.-k2-279_anonimizat.pdf\">Proiectul respins de consilierii locali ai PNL \u0219i PSD de la Sectorul 1 poate fi desc\u0103rcat de aici.<\/a><a href=\"https:\/\/buletin.de\/bucuresti\/wp-content\/uploads\/1.-k2-279_anonimizat.pdf\" class=\"wp-block-file__button\" download>Download<\/a><\/div>\n\n\n\n<p>Administra\u021bia Domeniului Public Sector 1 nu va putea achizi\u021biona servicii juridice externe, \u00eentruc\u00e2t acesta a fost un alt proiect care a c\u0103zut la vot.<\/p>\n\n\n\n<p>\u00cen motivarea proiectului de hot\u0103r\u00e2re se preciza c\u0103, \u00een momentul de fa\u021b\u0103, \u201epe l\u00e2ng\u0103 activitatea administrativ\u0103 desf\u0103\u0219urat\u0103 la nivelul serviciului juridic, consilierii juridici asigur\u0103 consultan\u021ba \u0219i reprezentarea juridic\u0103 \u00een 50 de litigii aflate pe rolul instan\u021belor de judecat\u0103\u201d.<\/p>\n\n\n\n<p>\u201e\u00cen prezent se \u00eenregistreaz\u0103 o serie de litigii \u00eentemeiate pe procedura special\u0103 a ordonan\u021bei de plat\u0103, formulat\u0103 de asocierea SC CONFEC\u021aII METALICE MOBILIER URBAN (lider) \u2013 SC SUMMETRICA SRL \u2013 SC EDIL CONSTRUCT DESIGN SRL, care necesit\u0103 o expertiz\u0103 juridic\u0103 de specialitate, av\u00e2nd \u00een vedere c\u0103 asupra crean\u021belor \u00eenregistrate de institu\u021bia noastr\u0103 planeaz\u0103 o suspiciune de ilegalitate\u201d.<\/p>\n\n\n\n<figure class=\"wp-block-image size-large\"><img fetchpriority=\"high\" decoding=\"async\" width=\"771\" height=\"900\" src=\"data:image\/gif;base64,R0lGODlhAQABAAAAACH5BAEKAAEALAAAAAABAAEAAAICTAEAOw==\" data-src=\"https:\/\/buletin.de\/bucuresti\/wp-content\/uploads\/proiect-adp-s-1-771x900.jpg\" alt=\"\" class=\"wp-image-31165 lazyload\" data-sizes=\"auto\" data-srcset=\"https:\/\/buletin.de\/bucuresti\/wp-content\/uploads\/proiect-adp-s-1-771x900.jpg 771w, https:\/\/buletin.de\/bucuresti\/wp-content\/uploads\/proiect-adp-s-1-257x300.jpg 257w, https:\/\/buletin.de\/bucuresti\/wp-content\/uploads\/proiect-adp-s-1-768x896.jpg 768w, https:\/\/buletin.de\/bucuresti\/wp-content\/uploads\/proiect-adp-s-1-550x642.jpg 550w, https:\/\/buletin.de\/bucuresti\/wp-content\/uploads\/proiect-adp-s-1-428x500.jpg 428w, https:\/\/buletin.de\/bucuresti\/wp-content\/uploads\/proiect-adp-s-1-600x700.jpg 600w, https:\/\/buletin.de\/bucuresti\/wp-content\/uploads\/proiect-adp-s-1.jpg 777w\" sizes=\"(max-width: 771px) 100vw, 771px\" \/><\/figure>\n\n\n\n<p>Valoarea total\u0103 a contract\u0103rii serviciilor juridice se ridic\u0103 la suma de 35.700 de lei cu TVA, pentru acoperirea unui necesar de 100 de ore de consultan\u021b\u0103 \u0219i reprezentare juridic\u0103.<\/p>\n\n\n\n<figure class=\"wp-block-image size-large\"><img decoding=\"async\" width=\"751\" height=\"171\" src=\"data:image\/gif;base64,R0lGODlhAQABAAAAACH5BAEKAAEALAAAAAABAAEAAAICTAEAOw==\" data-src=\"https:\/\/buletin.de\/bucuresti\/wp-content\/uploads\/contract-adp-s1.jpg\" alt=\"\" class=\"wp-image-31166 lazyload\" data-sizes=\"auto\" data-srcset=\"https:\/\/buletin.de\/bucuresti\/wp-content\/uploads\/contract-adp-s1.jpg 751w, https:\/\/buletin.de\/bucuresti\/wp-content\/uploads\/contract-adp-s1-300x68.jpg 300w, https:\/\/buletin.de\/bucuresti\/wp-content\/uploads\/contract-adp-s1-550x125.jpg 550w, https:\/\/buletin.de\/bucuresti\/wp-content\/uploads\/contract-adp-s1-600x137.jpg 600w\" sizes=\"(max-width: 751px) 100vw, 751px\" \/><\/figure>\n\n\n\n<p>Un alt proiect respins de consilierii locali este cel prin care se cerea ca Bulevardul Ion Mihalache \u0219i Calea Grivi\u021bei s\u0103 fie transmise \u00een administrarea Prim\u0103riei Sectorului 1. Este a doua oar\u0103 c\u00e2nd acest proiect cade la vot.<\/p>\n\n\n\n<p>A fost respins \u0219i proiectul prin care Consiliul General al municipiului Bucure\u0219ti cerea cooperarea dintre Sectorul 1 \u0219i Administra\u021bia Str\u0103zilor Bucure\u0219ti \u00een vederea finan\u021b\u0103rii \u0219i realiz\u0103rii \u00een comun a lucr\u0103rilor la spa\u021biile publice aflate pe re\u021beaua stradal\u0103 principal\u0103 din sector.<\/p>\n\n\n\n<p>\u00cenceput\u0103 la ora 13:00, cu o \u00eent\u00eerziere de o or\u0103, \u0219edin\u021ba de consiliu local de la Sectorul 1 se desf\u0103\u0219oar\u0103 \u0219i la aceast\u0103 or\u0103.<\/p>\n\n\n\n<figure class=\"wp-block-embed is-type-video is-provider-youtube wp-block-embed-youtube wp-embed-aspect-4-3 wp-has-aspect-ratio\"><div class=\"wp-block-embed__wrapper\">\n<div class=\"jlvid_container\"><iframe title=\"\u0218edin\u021ba ordinar\u0103 a CL Sector 1 convocat\u0103 pentru data de 23.09.2021\" width=\"1200\" height=\"675\" src=\"https:\/\/www.youtube.com\/embed\/ZwsBALHeW8o?feature=oembed\" frameborder=\"0\" allow=\"accelerometer; autoplay; clipboard-write; encrypted-media; gyroscope; picture-in-picture; web-share\" allowfullscreen><\/iframe><\/div>\n<\/div><\/figure>\n","protected":false},"excerpt":{"rendered":"<p>Proiectul de hot\u0103r\u00e2re prin care se prevedea rectificarea de buget a Prim\u0103riei Sectorului 1 a fost respins, joi, de c\u0103tre consilierii locali. \u00cen documentul men\u021bionat erau prev\u0103zute, printre altele, sume suplimentare pentru unit\u0103\u021bile de \u00eenv\u0103\u021b\u0103m\u00e2nt de pe raza sectorului, pentru spitale \u0219i pentru Complexul Multifunc\u021bional Caraiman. Proiectul a fost respins de consilierii PNL \u0219i PSD, [&hellip;]<\/p>\n","protected":false},"author":25,"featured_media":22741,"comment_status":"closed","ping_status":"open","sticky":false,"template":"","format":"standard","meta":{"_acf_changed":false,"inline_featured_image":false,"ngg_post_thumbnail":0,"footnotes":""},"categories":[62],"tags":[],"ppma_author":[22597],"class_list":["post-31163","post","type-post","status-publish","format-standard","has-post-thumbnail","hentry","category-stiri"],"acf":[],"yoast_head":"<!-- This site is optimized with the Yoast SEO Premium plugin v25.3 (Yoast SEO v27.5) - https:\/\/yoast.com\/product\/yoast-seo-premium-wordpress\/ -->\n<title>Rectificarea bugetului de la Sectorul 1 a c\u0103zut la vot. La fel \u0219i proiectul prin care ADP \u00ee\u0219i angaja avoca\u021bi - Buletin de Bucure\u0219ti<\/title>\n<meta name=\"robots\" content=\"index, follow, max-snippet:-1, max-image-preview:large, max-video-preview:-1\" \/>\n<link rel=\"canonical\" href=\"https:\/\/buletin.de\/bucuresti\/rectificarea-bugetului-de-la-sectorul-1-a-cazut-la-vot-la-fel-si-proiectul-prin-care-adp-isi-angaja-avocati\/\" \/>\n<meta property=\"og:locale\" content=\"en_GB\" \/>\n<meta property=\"og:type\" content=\"article\" \/>\n<meta property=\"og:title\" content=\"Rectificarea bugetului de la Sectorul 1 a c\u0103zut la vot. La fel \u0219i proiectul prin care ADP \u00ee\u0219i angaja avoca\u021bi\" \/>\n<meta property=\"og:description\" content=\"Proiectul de hot\u0103r\u00e2re prin care se prevedea rectificarea de buget a Prim\u0103riei Sectorului 1 a fost respins, joi, de c\u0103tre consilierii locali. \u00cen documentul men\u021bionat erau prev\u0103zute, printre altele, sume suplimentare pentru unit\u0103\u021bile de \u00eenv\u0103\u021b\u0103m\u00e2nt de pe raza sectorului, pentru spitale \u0219i pentru Complexul Multifunc\u021bional Caraiman. Proiectul a fost respins de consilierii PNL \u0219i PSD, [&hellip;]\" \/>\n<meta property=\"og:url\" content=\"https:\/\/buletin.de\/bucuresti\/rectificarea-bugetului-de-la-sectorul-1-a-cazut-la-vot-la-fel-si-proiectul-prin-care-adp-isi-angaja-avocati\/\" \/>\n<meta property=\"og:site_name\" content=\"Buletin de Bucure\u0219ti\" \/>\n<meta property=\"article:publisher\" content=\"https:\/\/www.facebook.com\/buletin.de.buc\" \/>\n<meta property=\"article:published_time\" content=\"2021-09-23T18:53:20+00:00\" \/>\n<meta property=\"article:modified_time\" content=\"2021-09-23T18:53:51+00:00\" \/>\n<meta property=\"og:image\" content=\"https:\/\/buletin.de\/bucuresti\/wp-content\/uploads\/sediu-ps1-banu-manta.jpeg\" \/>\n\t<meta property=\"og:image:width\" content=\"1600\" \/>\n\t<meta property=\"og:image:height\" content=\"1066\" \/>\n\t<meta property=\"og:image:type\" content=\"image\/jpeg\" \/>\n<meta name=\"author\" content=\"Ana Tudor\" \/>\n<meta name=\"twitter:card\" content=\"summary_large_image\" \/>\n<meta name=\"twitter:label1\" content=\"Written by\" \/>\n\t<meta name=\"twitter:data1\" content=\"Ana Tudor\" \/>\n\t<meta name=\"twitter:label2\" content=\"Estimated reading time\" \/>\n\t<meta name=\"twitter:data2\" content=\"3 minutes\" \/>\n<script type=\"application\/ld+json\" class=\"yoast-schema-graph\">{\"@context\":\"https:\\\/\\\/schema.org\",\"@graph\":[{\"@type\":\"Article\",\"@id\":\"https:\\\/\\\/buletin.de\\\/bucuresti\\\/rectificarea-bugetului-de-la-sectorul-1-a-cazut-la-vot-la-fel-si-proiectul-prin-care-adp-isi-angaja-avocati\\\/#article\",\"isPartOf\":{\"@id\":\"https:\\\/\\\/buletin.de\\\/bucuresti\\\/rectificarea-bugetului-de-la-sectorul-1-a-cazut-la-vot-la-fel-si-proiectul-prin-care-adp-isi-angaja-avocati\\\/\"},\"author\":{\"name\":\"Ana Tudor\",\"@id\":\"https:\\\/\\\/buletin.de\\\/bucuresti\\\/#\\\/schema\\\/person\\\/8ce85bbda5515a1abb525993294155a8\"},\"headline\":\"Rectificarea bugetului de la Sectorul 1 a c\u0103zut la vot. La fel \u0219i proiectul prin care ADP \u00ee\u0219i angaja avoca\u021bi\",\"datePublished\":\"2021-09-23T18:53:20+00:00\",\"dateModified\":\"2021-09-23T18:53:51+00:00\",\"mainEntityOfPage\":{\"@id\":\"https:\\\/\\\/buletin.de\\\/bucuresti\\\/rectificarea-bugetului-de-la-sectorul-1-a-cazut-la-vot-la-fel-si-proiectul-prin-care-adp-isi-angaja-avocati\\\/\"},\"wordCount\":594,\"publisher\":{\"@id\":\"https:\\\/\\\/buletin.de\\\/bucuresti\\\/#organization\"},\"image\":{\"@id\":\"https:\\\/\\\/buletin.de\\\/bucuresti\\\/rectificarea-bugetului-de-la-sectorul-1-a-cazut-la-vot-la-fel-si-proiectul-prin-care-adp-isi-angaja-avocati\\\/#primaryimage\"},\"thumbnailUrl\":\"https:\\\/\\\/buletin.de\\\/bucuresti\\\/wp-content\\\/uploads\\\/sediu-ps1-banu-manta.jpeg\",\"articleSection\":[\"\u0218tiri\"],\"inLanguage\":\"en-GB\",\"copyrightYear\":\"2021\",\"copyrightHolder\":{\"@id\":\"https:\\\/\\\/buletin.de\\\/bucuresti\\\/#organization\"}},{\"@type\":\"WebPage\",\"@id\":\"https:\\\/\\\/buletin.de\\\/bucuresti\\\/rectificarea-bugetului-de-la-sectorul-1-a-cazut-la-vot-la-fel-si-proiectul-prin-care-adp-isi-angaja-avocati\\\/\",\"url\":\"https:\\\/\\\/buletin.de\\\/bucuresti\\\/rectificarea-bugetului-de-la-sectorul-1-a-cazut-la-vot-la-fel-si-proiectul-prin-care-adp-isi-angaja-avocati\\\/\",\"name\":\"Rectificarea bugetului de la Sectorul 1 a c\u0103zut la vot. La fel \u0219i proiectul prin care ADP \u00ee\u0219i angaja avoca\u021bi - Buletin de Bucure\u0219ti\",\"isPartOf\":{\"@id\":\"https:\\\/\\\/buletin.de\\\/bucuresti\\\/#website\"},\"primaryImageOfPage\":{\"@id\":\"https:\\\/\\\/buletin.de\\\/bucuresti\\\/rectificarea-bugetului-de-la-sectorul-1-a-cazut-la-vot-la-fel-si-proiectul-prin-care-adp-isi-angaja-avocati\\\/#primaryimage\"},\"image\":{\"@id\":\"https:\\\/\\\/buletin.de\\\/bucuresti\\\/rectificarea-bugetului-de-la-sectorul-1-a-cazut-la-vot-la-fel-si-proiectul-prin-care-adp-isi-angaja-avocati\\\/#primaryimage\"},\"thumbnailUrl\":\"https:\\\/\\\/buletin.de\\\/bucuresti\\\/wp-content\\\/uploads\\\/sediu-ps1-banu-manta.jpeg\",\"datePublished\":\"2021-09-23T18:53:20+00:00\",\"dateModified\":\"2021-09-23T18:53:51+00:00\",\"breadcrumb\":{\"@id\":\"https:\\\/\\\/buletin.de\\\/bucuresti\\\/rectificarea-bugetului-de-la-sectorul-1-a-cazut-la-vot-la-fel-si-proiectul-prin-care-adp-isi-angaja-avocati\\\/#breadcrumb\"},\"inLanguage\":\"en-GB\",\"potentialAction\":[{\"@type\":\"ReadAction\",\"target\":[\"https:\\\/\\\/buletin.de\\\/bucuresti\\\/rectificarea-bugetului-de-la-sectorul-1-a-cazut-la-vot-la-fel-si-proiectul-prin-care-adp-isi-angaja-avocati\\\/\"]}]},{\"@type\":\"ImageObject\",\"inLanguage\":\"en-GB\",\"@id\":\"https:\\\/\\\/buletin.de\\\/bucuresti\\\/rectificarea-bugetului-de-la-sectorul-1-a-cazut-la-vot-la-fel-si-proiectul-prin-care-adp-isi-angaja-avocati\\\/#primaryimage\",\"url\":\"https:\\\/\\\/buletin.de\\\/bucuresti\\\/wp-content\\\/uploads\\\/sediu-ps1-banu-manta.jpeg\",\"contentUrl\":\"https:\\\/\\\/buletin.de\\\/bucuresti\\\/wp-content\\\/uploads\\\/sediu-ps1-banu-manta.jpeg\",\"width\":1600,\"height\":1066,\"caption\":\"FOTO: Arhiva\"},{\"@type\":\"BreadcrumbList\",\"@id\":\"https:\\\/\\\/buletin.de\\\/bucuresti\\\/rectificarea-bugetului-de-la-sectorul-1-a-cazut-la-vot-la-fel-si-proiectul-prin-care-adp-isi-angaja-avocati\\\/#breadcrumb\",\"itemListElement\":[{\"@type\":\"ListItem\",\"position\":1,\"name\":\"Acas\u0103\",\"item\":\"https:\\\/\\\/buletin.de\\\/bucuresti\\\/\"},{\"@type\":\"ListItem\",\"position\":2,\"name\":\"Rectificarea bugetului de la Sectorul 1 a c\u0103zut la vot. La fel \u0219i proiectul prin care ADP \u00ee\u0219i angaja avoca\u021bi\"}]},{\"@type\":\"WebSite\",\"@id\":\"https:\\\/\\\/buletin.de\\\/bucuresti\\\/#website\",\"url\":\"https:\\\/\\\/buletin.de\\\/bucuresti\\\/\",\"name\":\"Buletin de Bucure\u0219ti\",\"description\":\"\u0218tiri \u0219i investiga\u021bii esen\u021biale din capital\u0103\",\"publisher\":{\"@id\":\"https:\\\/\\\/buletin.de\\\/bucuresti\\\/#organization\"},\"potentialAction\":[{\"@type\":\"SearchAction\",\"target\":{\"@type\":\"EntryPoint\",\"urlTemplate\":\"https:\\\/\\\/buletin.de\\\/bucuresti\\\/?s={search_term_string}\"},\"query-input\":{\"@type\":\"PropertyValueSpecification\",\"valueRequired\":true,\"valueName\":\"search_term_string\"}}],\"inLanguage\":\"en-GB\"},{\"@type\":\"Organization\",\"@id\":\"https:\\\/\\\/buletin.de\\\/bucuresti\\\/#organization\",\"name\":\"Buletin de Bucure\u0219ti\",\"url\":\"https:\\\/\\\/buletin.de\\\/bucuresti\\\/\",\"logo\":{\"@type\":\"ImageObject\",\"inLanguage\":\"en-GB\",\"@id\":\"https:\\\/\\\/buletin.de\\\/bucuresti\\\/#\\\/schema\\\/logo\\\/image\\\/\",\"url\":\"https:\\\/\\\/buletin.de\\\/bucuresti\\\/wp-content\\\/uploads\\\/logo-bdb-full-wide-vernil-transparent.png\",\"contentUrl\":\"https:\\\/\\\/buletin.de\\\/bucuresti\\\/wp-content\\\/uploads\\\/logo-bdb-full-wide-vernil-transparent.png\",\"width\":1782,\"height\":626,\"caption\":\"Buletin de Bucure\u0219ti\"},\"image\":{\"@id\":\"https:\\\/\\\/buletin.de\\\/bucuresti\\\/#\\\/schema\\\/logo\\\/image\\\/\"},\"sameAs\":[\"https:\\\/\\\/www.facebook.com\\\/buletin.de.buc\",\"https:\\\/\\\/www.instagram.com\\\/buletinde.bucuresti\\\/\"]},{\"@type\":\"Person\",\"@id\":\"https:\\\/\\\/buletin.de\\\/bucuresti\\\/#\\\/schema\\\/person\\\/8ce85bbda5515a1abb525993294155a8\",\"name\":\"Ana Tudor\",\"image\":{\"@type\":\"ImageObject\",\"inLanguage\":\"en-GB\",\"@id\":\"https:\\\/\\\/secure.gravatar.com\\\/avatar\\\/390c40e2d9367046adb10d832317e3f5fb181fdecb236cb1a8187477756ae24a?s=96&d=monsterid&r=g0f86ad5d6b77046fd61bd633bbfa4a29\",\"url\":\"https:\\\/\\\/secure.gravatar.com\\\/avatar\\\/390c40e2d9367046adb10d832317e3f5fb181fdecb236cb1a8187477756ae24a?s=96&d=monsterid&r=g\",\"contentUrl\":\"https:\\\/\\\/secure.gravatar.com\\\/avatar\\\/390c40e2d9367046adb10d832317e3f5fb181fdecb236cb1a8187477756ae24a?s=96&d=monsterid&r=g\",\"caption\":\"Ana Tudor\"},\"url\":\"https:\\\/\\\/buletin.de\\\/bucuresti\\\/author\\\/anamaria\\\/\"}]}<\/script>\n<!-- \/ Yoast SEO Premium plugin. -->","yoast_head_json":{"title":"Rectificarea bugetului de la Sectorul 1 a c\u0103zut la vot. La fel \u0219i proiectul prin care ADP \u00ee\u0219i angaja avoca\u021bi - Buletin de Bucure\u0219ti","robots":{"index":"index","follow":"follow","max-snippet":"max-snippet:-1","max-image-preview":"max-image-preview:large","max-video-preview":"max-video-preview:-1"},"canonical":"https:\/\/buletin.de\/bucuresti\/rectificarea-bugetului-de-la-sectorul-1-a-cazut-la-vot-la-fel-si-proiectul-prin-care-adp-isi-angaja-avocati\/","og_locale":"en_GB","og_type":"article","og_title":"Rectificarea bugetului de la Sectorul 1 a c\u0103zut la vot. La fel \u0219i proiectul prin care ADP \u00ee\u0219i angaja avoca\u021bi","og_description":"Proiectul de hot\u0103r\u00e2re prin care se prevedea rectificarea de buget a Prim\u0103riei Sectorului 1 a fost respins, joi, de c\u0103tre consilierii locali. \u00cen documentul men\u021bionat erau prev\u0103zute, printre altele, sume suplimentare pentru unit\u0103\u021bile de \u00eenv\u0103\u021b\u0103m\u00e2nt de pe raza sectorului, pentru spitale \u0219i pentru Complexul Multifunc\u021bional Caraiman. Proiectul a fost respins de consilierii PNL \u0219i PSD, [&hellip;]","og_url":"https:\/\/buletin.de\/bucuresti\/rectificarea-bugetului-de-la-sectorul-1-a-cazut-la-vot-la-fel-si-proiectul-prin-care-adp-isi-angaja-avocati\/","og_site_name":"Buletin de Bucure\u0219ti","article_publisher":"https:\/\/www.facebook.com\/buletin.de.buc","article_published_time":"2021-09-23T18:53:20+00:00","article_modified_time":"2021-09-23T18:53:51+00:00","og_image":[{"width":1600,"height":1066,"url":"https:\/\/buletin.de\/bucuresti\/wp-content\/uploads\/sediu-ps1-banu-manta.jpeg","type":"image\/jpeg"}],"author":"Ana Tudor","twitter_card":"summary_large_image","twitter_misc":{"Written by":"Ana Tudor","Estimated reading time":"3 minutes"},"schema":{"@context":"https:\/\/schema.org","@graph":[{"@type":"Article","@id":"https:\/\/buletin.de\/bucuresti\/rectificarea-bugetului-de-la-sectorul-1-a-cazut-la-vot-la-fel-si-proiectul-prin-care-adp-isi-angaja-avocati\/#article","isPartOf":{"@id":"https:\/\/buletin.de\/bucuresti\/rectificarea-bugetului-de-la-sectorul-1-a-cazut-la-vot-la-fel-si-proiectul-prin-care-adp-isi-angaja-avocati\/"},"author":{"name":"Ana Tudor","@id":"https:\/\/buletin.de\/bucuresti\/#\/schema\/person\/8ce85bbda5515a1abb525993294155a8"},"headline":"Rectificarea bugetului de la Sectorul 1 a c\u0103zut la vot. La fel \u0219i proiectul prin care ADP \u00ee\u0219i angaja avoca\u021bi","datePublished":"2021-09-23T18:53:20+00:00","dateModified":"2021-09-23T18:53:51+00:00","mainEntityOfPage":{"@id":"https:\/\/buletin.de\/bucuresti\/rectificarea-bugetului-de-la-sectorul-1-a-cazut-la-vot-la-fel-si-proiectul-prin-care-adp-isi-angaja-avocati\/"},"wordCount":594,"publisher":{"@id":"https:\/\/buletin.de\/bucuresti\/#organization"},"image":{"@id":"https:\/\/buletin.de\/bucuresti\/rectificarea-bugetului-de-la-sectorul-1-a-cazut-la-vot-la-fel-si-proiectul-prin-care-adp-isi-angaja-avocati\/#primaryimage"},"thumbnailUrl":"https:\/\/buletin.de\/bucuresti\/wp-content\/uploads\/sediu-ps1-banu-manta.jpeg","articleSection":["\u0218tiri"],"inLanguage":"en-GB","copyrightYear":"2021","copyrightHolder":{"@id":"https:\/\/buletin.de\/bucuresti\/#organization"}},{"@type":"WebPage","@id":"https:\/\/buletin.de\/bucuresti\/rectificarea-bugetului-de-la-sectorul-1-a-cazut-la-vot-la-fel-si-proiectul-prin-care-adp-isi-angaja-avocati\/","url":"https:\/\/buletin.de\/bucuresti\/rectificarea-bugetului-de-la-sectorul-1-a-cazut-la-vot-la-fel-si-proiectul-prin-care-adp-isi-angaja-avocati\/","name":"Rectificarea bugetului de la Sectorul 1 a c\u0103zut la vot. La fel \u0219i proiectul prin care ADP \u00ee\u0219i angaja avoca\u021bi - Buletin de Bucure\u0219ti","isPartOf":{"@id":"https:\/\/buletin.de\/bucuresti\/#website"},"primaryImageOfPage":{"@id":"https:\/\/buletin.de\/bucuresti\/rectificarea-bugetului-de-la-sectorul-1-a-cazut-la-vot-la-fel-si-proiectul-prin-care-adp-isi-angaja-avocati\/#primaryimage"},"image":{"@id":"https:\/\/buletin.de\/bucuresti\/rectificarea-bugetului-de-la-sectorul-1-a-cazut-la-vot-la-fel-si-proiectul-prin-care-adp-isi-angaja-avocati\/#primaryimage"},"thumbnailUrl":"https:\/\/buletin.de\/bucuresti\/wp-content\/uploads\/sediu-ps1-banu-manta.jpeg","datePublished":"2021-09-23T18:53:20+00:00","dateModified":"2021-09-23T18:53:51+00:00","breadcrumb":{"@id":"https:\/\/buletin.de\/bucuresti\/rectificarea-bugetului-de-la-sectorul-1-a-cazut-la-vot-la-fel-si-proiectul-prin-care-adp-isi-angaja-avocati\/#breadcrumb"},"inLanguage":"en-GB","potentialAction":[{"@type":"ReadAction","target":["https:\/\/buletin.de\/bucuresti\/rectificarea-bugetului-de-la-sectorul-1-a-cazut-la-vot-la-fel-si-proiectul-prin-care-adp-isi-angaja-avocati\/"]}]},{"@type":"ImageObject","inLanguage":"en-GB","@id":"https:\/\/buletin.de\/bucuresti\/rectificarea-bugetului-de-la-sectorul-1-a-cazut-la-vot-la-fel-si-proiectul-prin-care-adp-isi-angaja-avocati\/#primaryimage","url":"https:\/\/buletin.de\/bucuresti\/wp-content\/uploads\/sediu-ps1-banu-manta.jpeg","contentUrl":"https:\/\/buletin.de\/bucuresti\/wp-content\/uploads\/sediu-ps1-banu-manta.jpeg","width":1600,"height":1066,"caption":"FOTO: Arhiva"},{"@type":"BreadcrumbList","@id":"https:\/\/buletin.de\/bucuresti\/rectificarea-bugetului-de-la-sectorul-1-a-cazut-la-vot-la-fel-si-proiectul-prin-care-adp-isi-angaja-avocati\/#breadcrumb","itemListElement":[{"@type":"ListItem","position":1,"name":"Acas\u0103","item":"https:\/\/buletin.de\/bucuresti\/"},{"@type":"ListItem","position":2,"name":"Rectificarea bugetului de la Sectorul 1 a c\u0103zut la vot. La fel \u0219i proiectul prin care ADP \u00ee\u0219i angaja avoca\u021bi"}]},{"@type":"WebSite","@id":"https:\/\/buletin.de\/bucuresti\/#website","url":"https:\/\/buletin.de\/bucuresti\/","name":"Buletin de Bucure\u0219ti","description":"\u0218tiri \u0219i investiga\u021bii esen\u021biale din capital\u0103","publisher":{"@id":"https:\/\/buletin.de\/bucuresti\/#organization"},"potentialAction":[{"@type":"SearchAction","target":{"@type":"EntryPoint","urlTemplate":"https:\/\/buletin.de\/bucuresti\/?s={search_term_string}"},"query-input":{"@type":"PropertyValueSpecification","valueRequired":true,"valueName":"search_term_string"}}],"inLanguage":"en-GB"},{"@type":"Organization","@id":"https:\/\/buletin.de\/bucuresti\/#organization","name":"Buletin de Bucure\u0219ti","url":"https:\/\/buletin.de\/bucuresti\/","logo":{"@type":"ImageObject","inLanguage":"en-GB","@id":"https:\/\/buletin.de\/bucuresti\/#\/schema\/logo\/image\/","url":"https:\/\/buletin.de\/bucuresti\/wp-content\/uploads\/logo-bdb-full-wide-vernil-transparent.png","contentUrl":"https:\/\/buletin.de\/bucuresti\/wp-content\/uploads\/logo-bdb-full-wide-vernil-transparent.png","width":1782,"height":626,"caption":"Buletin de Bucure\u0219ti"},"image":{"@id":"https:\/\/buletin.de\/bucuresti\/#\/schema\/logo\/image\/"},"sameAs":["https:\/\/www.facebook.com\/buletin.de.buc","https:\/\/www.instagram.com\/buletinde.bucuresti\/"]},{"@type":"Person","@id":"https:\/\/buletin.de\/bucuresti\/#\/schema\/person\/8ce85bbda5515a1abb525993294155a8","name":"Ana Tudor","image":{"@type":"ImageObject","inLanguage":"en-GB","@id":"https:\/\/secure.gravatar.com\/avatar\/390c40e2d9367046adb10d832317e3f5fb181fdecb236cb1a8187477756ae24a?s=96&d=monsterid&r=g0f86ad5d6b77046fd61bd633bbfa4a29","url":"https:\/\/secure.gravatar.com\/avatar\/390c40e2d9367046adb10d832317e3f5fb181fdecb236cb1a8187477756ae24a?s=96&d=monsterid&r=g","contentUrl":"https:\/\/secure.gravatar.com\/avatar\/390c40e2d9367046adb10d832317e3f5fb181fdecb236cb1a8187477756ae24a?s=96&d=monsterid&r=g","caption":"Ana Tudor"},"url":"https:\/\/buletin.de\/bucuresti\/author\/anamaria\/"}]}},"authors":[{"term_id":22597,"user_id":25,"is_guest":0,"slug":"anamaria","display_name":"Ana Tudor","avatar_url":"https:\/\/secure.gravatar.com\/avatar\/390c40e2d9367046adb10d832317e3f5fb181fdecb236cb1a8187477756ae24a?s=96&d=monsterid&r=g","0":null,"1":"","2":"","3":"","4":"","5":"","6":"","7":"","8":""}],"_links":{"self":[{"href":"https:\/\/buletin.de\/bucuresti\/wp-json\/wp\/v2\/posts\/31163","targetHints":{"allow":["GET"]}}],"collection":[{"href":"https:\/\/buletin.de\/bucuresti\/wp-json\/wp\/v2\/posts"}],"about":[{"href":"https:\/\/buletin.de\/bucuresti\/wp-json\/wp\/v2\/types\/post"}],"author":[{"embeddable":true,"href":"https:\/\/buletin.de\/bucuresti\/wp-json\/wp\/v2\/users\/25"}],"replies":[{"embeddable":true,"href":"https:\/\/buletin.de\/bucuresti\/wp-json\/wp\/v2\/comments?post=31163"}],"version-history":[{"count":2,"href":"https:\/\/buletin.de\/bucuresti\/wp-json\/wp\/v2\/posts\/31163\/revisions"}],"predecessor-version":[{"id":31168,"href":"https:\/\/buletin.de\/bucuresti\/wp-json\/wp\/v2\/posts\/31163\/revisions\/31168"}],"wp:featuredmedia":[{"embeddable":true,"href":"https:\/\/buletin.de\/bucuresti\/wp-json\/wp\/v2\/media\/22741"}],"wp:attachment":[{"href":"https:\/\/buletin.de\/bucuresti\/wp-json\/wp\/v2\/media?parent=31163"}],"wp:term":[{"taxonomy":"category","embeddable":true,"href":"https:\/\/buletin.de\/bucuresti\/wp-json\/wp\/v2\/categories?post=31163"},{"taxonomy":"post_tag","embeddable":true,"href":"https:\/\/buletin.de\/bucuresti\/wp-json\/wp\/v2\/tags?post=31163"},{"taxonomy":"author","embeddable":true,"href":"https:\/\/buletin.de\/bucuresti\/wp-json\/wp\/v2\/ppma_author?post=31163"}],"curies":[{"name":"wp","href":"https:\/\/api.w.org\/{rel}","templated":true}]}}