{"id":31026,"date":"2021-09-20T12:43:20","date_gmt":"2021-09-20T09:43:20","guid":{"rendered":"https:\/\/buletin.de\/bucuresti\/?p=31026"},"modified":"2023-09-19T14:43:37","modified_gmt":"2023-09-19T12:43:37","slug":"termoenergetica-incepe-probele-in-retea-bucurestenii-sunt-avertizati-sa-termine-lucrarile-la-instalatiile-interioare","status":"publish","type":"post","link":"https:\/\/buletin.de\/bucuresti\/termoenergetica-incepe-probele-in-retea-bucurestenii-sunt-avertizati-sa-termine-lucrarile-la-instalatiile-interioare\/","title":{"rendered":"Termoenergetica \u00eencepe probele \u00een re\u021bea. Bucure\u0219tenii sunt avertiza\u021bi s\u0103 termine lucr\u0103rile la instala\u021biile interioare"},"content":{"rendered":"\n<p>Termoenergetica a anun\u021bat c\u0103 \u00eencepe \u00eenc\u0103rcarea cu ap\u0103 a instala\u0163iilor \u0219i probele de presiune la instala\u021biile interioare Bucure\u0219ti, luni, 20 septembrie 2021.  Ac\u0163iunile sunt necesare pentru preg\u0103tirea re\u0163elei de termoficare \u00een noul sezon de \u00eenc\u0103lzire 2021-2022.<\/p>\n\n\n\n<p><br>\u00cenc\u0103rcarea cu ap\u0103 a instala\u0163iilor de alimentare cu energie termic\u0103 se va face treptat \u00een toate sectoarele Municipiului Bucure\u0219ti iar data exact\u0103 pentru fiecare zon\u0103 va fi afi\u0219at\u0103 la scara fiec\u0103rui bloc. <\/p>\n\n\n\n<p><br>Termoenergetica solicit\u0103 bucure\u0219tenilor s\u0103 se asigure c\u0103 lucr\u0103rile la instala\u0163iile interioare din imobile vor fi finalizate \u00een timp util, astfel \u00eenc\u00e2t s\u0103 fie evitate inunda\u0163iile \u00een apartamente sau \u00een subsolurile blocurilor, ce pot ap\u0103rea odat\u0103 cu \u00eenc\u0103rcarea acestora.<\/p>\n\n\n\n<p><br>Data c\u00e2nd va \u00eencepe furniz\u0103rea agentului termic pentru \u00eenc\u0103lzire va fi anun\u0163at\u0103 ulterior, dup\u0103 \u00eendeplinirea condi\u021biilor legale, conform prevederilor H.G.nr.425\/1994, modificat\u0103 prin H.G. nr.337\/ 2018.<br><\/p>\n","protected":false},"excerpt":{"rendered":"<p>Termoenergetica a anun\u021bat c\u0103 \u00eencepe \u00eenc\u0103rcarea cu ap\u0103 a instala\u0163iilor \u0219i probele de presiune la instala\u021biile interioare Bucure\u0219ti, luni, 20 septembrie 2021. Ac\u0163iunile sunt necesare pentru preg\u0103tirea re\u0163elei de termoficare \u00een noul sezon de \u00eenc\u0103lzire 2021-2022. \u00cenc\u0103rcarea cu ap\u0103 a instala\u0163iilor de alimentare cu energie termic\u0103 se va face treptat \u00een toate sectoarele Municipiului Bucure\u0219ti [&hellip;]<\/p>\n","protected":false},"author":18,"featured_media":31028,"comment_status":"closed","ping_status":"open","sticky":false,"template":"","format":"standard","meta":{"_acf_changed":false,"inline_featured_image":false,"ngg_post_thumbnail":0,"footnotes":""},"categories":[62,6214],"tags":[3281,533],"ppma_author":[22579],"class_list":["post-31026","post","type-post","status-publish","format-standard","has-post-thumbnail","hentry","category-stiri","category-termo","tag-probe","tag-termoenergetica"],"acf":[],"yoast_head":"<!-- This site is optimized with the Yoast SEO Premium plugin v25.3 (Yoast SEO v27.4) - https:\/\/yoast.com\/product\/yoast-seo-premium-wordpress\/ -->\n<title>Termoenergetica \u00eencepe probele \u00een re\u021bea. Bucure\u0219tenii sunt avertiza\u021bi s\u0103 termine lucr\u0103rile la instala\u021biile interioare - Buletin de Bucure\u0219ti<\/title>\n<meta name=\"robots\" content=\"index, follow, max-snippet:-1, max-image-preview:large, max-video-preview:-1\" \/>\n<link rel=\"canonical\" href=\"https:\/\/buletin.de\/bucuresti\/termoenergetica-incepe-probele-in-retea-bucurestenii-sunt-avertizati-sa-termine-lucrarile-la-instalatiile-interioare\/\" \/>\n<meta property=\"og:locale\" content=\"en_GB\" \/>\n<meta property=\"og:type\" content=\"article\" \/>\n<meta property=\"og:title\" content=\"Termoenergetica \u00eencepe probele \u00een re\u021bea. Bucure\u0219tenii sunt avertiza\u021bi s\u0103 termine lucr\u0103rile la instala\u021biile interioare\" \/>\n<meta property=\"og:description\" content=\"Termoenergetica a anun\u021bat c\u0103 \u00eencepe \u00eenc\u0103rcarea cu ap\u0103 a instala\u0163iilor \u0219i probele de presiune la instala\u021biile interioare Bucure\u0219ti, luni, 20 septembrie 2021. Ac\u0163iunile sunt necesare pentru preg\u0103tirea re\u0163elei de termoficare \u00een noul sezon de \u00eenc\u0103lzire 2021-2022. \u00cenc\u0103rcarea cu ap\u0103 a instala\u0163iilor de alimentare cu energie termic\u0103 se va face treptat \u00een toate sectoarele Municipiului Bucure\u0219ti [&hellip;]\" \/>\n<meta property=\"og:url\" content=\"https:\/\/buletin.de\/bucuresti\/termoenergetica-incepe-probele-in-retea-bucurestenii-sunt-avertizati-sa-termine-lucrarile-la-instalatiile-interioare\/\" \/>\n<meta property=\"og:site_name\" content=\"Buletin de Bucure\u0219ti\" \/>\n<meta property=\"article:publisher\" content=\"https:\/\/www.facebook.com\/buletin.de.buc\" \/>\n<meta property=\"article:published_time\" content=\"2021-09-20T09:43:20+00:00\" \/>\n<meta property=\"article:modified_time\" content=\"2023-09-19T12:43:37+00:00\" \/>\n<meta property=\"og:image\" content=\"https:\/\/buletin.de\/bucuresti\/wp-content\/uploads\/01a2c67b-9863-4b04-9fc6-5874cce1014a.jpg\" \/>\n\t<meta property=\"og:image:width\" content=\"1600\" \/>\n\t<meta property=\"og:image:height\" content=\"1200\" \/>\n\t<meta property=\"og:image:type\" content=\"image\/jpeg\" \/>\n<meta name=\"author\" content=\"Teodora Stroe\" \/>\n<meta name=\"twitter:card\" content=\"summary_large_image\" \/>\n<meta name=\"twitter:label1\" content=\"Written by\" \/>\n\t<meta name=\"twitter:data1\" content=\"Teodora Stroe\" \/>\n\t<meta name=\"twitter:label2\" content=\"Estimated reading time\" \/>\n\t<meta name=\"twitter:data2\" content=\"1 minute\" \/>\n<script type=\"application\/ld+json\" class=\"yoast-schema-graph\">{\"@context\":\"https:\\\/\\\/schema.org\",\"@graph\":[{\"@type\":\"Article\",\"@id\":\"https:\\\/\\\/buletin.de\\\/bucuresti\\\/termoenergetica-incepe-probele-in-retea-bucurestenii-sunt-avertizati-sa-termine-lucrarile-la-instalatiile-interioare\\\/#article\",\"isPartOf\":{\"@id\":\"https:\\\/\\\/buletin.de\\\/bucuresti\\\/termoenergetica-incepe-probele-in-retea-bucurestenii-sunt-avertizati-sa-termine-lucrarile-la-instalatiile-interioare\\\/\"},\"author\":{\"name\":\"Teodora Stroe\",\"@id\":\"https:\\\/\\\/buletin.de\\\/bucuresti\\\/#\\\/schema\\\/person\\\/d369d7ddc775abece205795e0b804614\"},\"headline\":\"Termoenergetica \u00eencepe probele \u00een re\u021bea. Bucure\u0219tenii sunt avertiza\u021bi s\u0103 termine lucr\u0103rile la instala\u021biile interioare\",\"datePublished\":\"2021-09-20T09:43:20+00:00\",\"dateModified\":\"2023-09-19T12:43:37+00:00\",\"mainEntityOfPage\":{\"@id\":\"https:\\\/\\\/buletin.de\\\/bucuresti\\\/termoenergetica-incepe-probele-in-retea-bucurestenii-sunt-avertizati-sa-termine-lucrarile-la-instalatiile-interioare\\\/\"},\"wordCount\":176,\"publisher\":{\"@id\":\"https:\\\/\\\/buletin.de\\\/bucuresti\\\/#organization\"},\"image\":{\"@id\":\"https:\\\/\\\/buletin.de\\\/bucuresti\\\/termoenergetica-incepe-probele-in-retea-bucurestenii-sunt-avertizati-sa-termine-lucrarile-la-instalatiile-interioare\\\/#primaryimage\"},\"thumbnailUrl\":\"https:\\\/\\\/buletin.de\\\/bucuresti\\\/wp-content\\\/uploads\\\/01a2c67b-9863-4b04-9fc6-5874cce1014a.jpg\",\"keywords\":[\"probe\",\"termoenergetica\"],\"articleSection\":[\"\u0218tiri\",\"Termoficare\"],\"inLanguage\":\"en-GB\",\"copyrightYear\":\"2021\",\"copyrightHolder\":{\"@id\":\"https:\\\/\\\/buletin.de\\\/bucuresti\\\/#organization\"}},{\"@type\":\"WebPage\",\"@id\":\"https:\\\/\\\/buletin.de\\\/bucuresti\\\/termoenergetica-incepe-probele-in-retea-bucurestenii-sunt-avertizati-sa-termine-lucrarile-la-instalatiile-interioare\\\/\",\"url\":\"https:\\\/\\\/buletin.de\\\/bucuresti\\\/termoenergetica-incepe-probele-in-retea-bucurestenii-sunt-avertizati-sa-termine-lucrarile-la-instalatiile-interioare\\\/\",\"name\":\"Termoenergetica \u00eencepe probele \u00een re\u021bea. Bucure\u0219tenii sunt avertiza\u021bi s\u0103 termine lucr\u0103rile la instala\u021biile interioare - Buletin de Bucure\u0219ti\",\"isPartOf\":{\"@id\":\"https:\\\/\\\/buletin.de\\\/bucuresti\\\/#website\"},\"primaryImageOfPage\":{\"@id\":\"https:\\\/\\\/buletin.de\\\/bucuresti\\\/termoenergetica-incepe-probele-in-retea-bucurestenii-sunt-avertizati-sa-termine-lucrarile-la-instalatiile-interioare\\\/#primaryimage\"},\"image\":{\"@id\":\"https:\\\/\\\/buletin.de\\\/bucuresti\\\/termoenergetica-incepe-probele-in-retea-bucurestenii-sunt-avertizati-sa-termine-lucrarile-la-instalatiile-interioare\\\/#primaryimage\"},\"thumbnailUrl\":\"https:\\\/\\\/buletin.de\\\/bucuresti\\\/wp-content\\\/uploads\\\/01a2c67b-9863-4b04-9fc6-5874cce1014a.jpg\",\"datePublished\":\"2021-09-20T09:43:20+00:00\",\"dateModified\":\"2023-09-19T12:43:37+00:00\",\"breadcrumb\":{\"@id\":\"https:\\\/\\\/buletin.de\\\/bucuresti\\\/termoenergetica-incepe-probele-in-retea-bucurestenii-sunt-avertizati-sa-termine-lucrarile-la-instalatiile-interioare\\\/#breadcrumb\"},\"inLanguage\":\"en-GB\",\"potentialAction\":[{\"@type\":\"ReadAction\",\"target\":[\"https:\\\/\\\/buletin.de\\\/bucuresti\\\/termoenergetica-incepe-probele-in-retea-bucurestenii-sunt-avertizati-sa-termine-lucrarile-la-instalatiile-interioare\\\/\"]}]},{\"@type\":\"ImageObject\",\"inLanguage\":\"en-GB\",\"@id\":\"https:\\\/\\\/buletin.de\\\/bucuresti\\\/termoenergetica-incepe-probele-in-retea-bucurestenii-sunt-avertizati-sa-termine-lucrarile-la-instalatiile-interioare\\\/#primaryimage\",\"url\":\"https:\\\/\\\/buletin.de\\\/bucuresti\\\/wp-content\\\/uploads\\\/01a2c67b-9863-4b04-9fc6-5874cce1014a.jpg\",\"contentUrl\":\"https:\\\/\\\/buletin.de\\\/bucuresti\\\/wp-content\\\/uploads\\\/01a2c67b-9863-4b04-9fc6-5874cce1014a.jpg\",\"width\":1600,\"height\":1200},{\"@type\":\"BreadcrumbList\",\"@id\":\"https:\\\/\\\/buletin.de\\\/bucuresti\\\/termoenergetica-incepe-probele-in-retea-bucurestenii-sunt-avertizati-sa-termine-lucrarile-la-instalatiile-interioare\\\/#breadcrumb\",\"itemListElement\":[{\"@type\":\"ListItem\",\"position\":1,\"name\":\"Acas\u0103\",\"item\":\"https:\\\/\\\/buletin.de\\\/bucuresti\\\/\"},{\"@type\":\"ListItem\",\"position\":2,\"name\":\"Termoenergetica \u00eencepe probele \u00een re\u021bea. Bucure\u0219tenii sunt avertiza\u021bi s\u0103 termine lucr\u0103rile la instala\u021biile interioare\"}]},{\"@type\":\"WebSite\",\"@id\":\"https:\\\/\\\/buletin.de\\\/bucuresti\\\/#website\",\"url\":\"https:\\\/\\\/buletin.de\\\/bucuresti\\\/\",\"name\":\"Buletin de Bucure\u0219ti\",\"description\":\"\u0218tiri \u0219i investiga\u021bii esen\u021biale din capital\u0103\",\"publisher\":{\"@id\":\"https:\\\/\\\/buletin.de\\\/bucuresti\\\/#organization\"},\"potentialAction\":[{\"@type\":\"SearchAction\",\"target\":{\"@type\":\"EntryPoint\",\"urlTemplate\":\"https:\\\/\\\/buletin.de\\\/bucuresti\\\/?s={search_term_string}\"},\"query-input\":{\"@type\":\"PropertyValueSpecification\",\"valueRequired\":true,\"valueName\":\"search_term_string\"}}],\"inLanguage\":\"en-GB\"},{\"@type\":\"Organization\",\"@id\":\"https:\\\/\\\/buletin.de\\\/bucuresti\\\/#organization\",\"name\":\"Buletin de Bucure\u0219ti\",\"url\":\"https:\\\/\\\/buletin.de\\\/bucuresti\\\/\",\"logo\":{\"@type\":\"ImageObject\",\"inLanguage\":\"en-GB\",\"@id\":\"https:\\\/\\\/buletin.de\\\/bucuresti\\\/#\\\/schema\\\/logo\\\/image\\\/\",\"url\":\"https:\\\/\\\/buletin.de\\\/bucuresti\\\/wp-content\\\/uploads\\\/logo-bdb-full-wide-vernil-transparent.png\",\"contentUrl\":\"https:\\\/\\\/buletin.de\\\/bucuresti\\\/wp-content\\\/uploads\\\/logo-bdb-full-wide-vernil-transparent.png\",\"width\":1782,\"height\":626,\"caption\":\"Buletin de Bucure\u0219ti\"},\"image\":{\"@id\":\"https:\\\/\\\/buletin.de\\\/bucuresti\\\/#\\\/schema\\\/logo\\\/image\\\/\"},\"sameAs\":[\"https:\\\/\\\/www.facebook.com\\\/buletin.de.buc\",\"https:\\\/\\\/www.instagram.com\\\/buletinde.bucuresti\\\/\"]},{\"@type\":\"Person\",\"@id\":\"https:\\\/\\\/buletin.de\\\/bucuresti\\\/#\\\/schema\\\/person\\\/d369d7ddc775abece205795e0b804614\",\"name\":\"Teodora Stroe\",\"image\":{\"@type\":\"ImageObject\",\"inLanguage\":\"en-GB\",\"@id\":\"https:\\\/\\\/secure.gravatar.com\\\/avatar\\\/2560b4cd9f5f1bc100b123158e657d75584bd1c3e1d9c69285720b9457c1b78d?s=96&d=monsterid&r=gc104800242ba5f2d78dd5d7dc4df08b6\",\"url\":\"https:\\\/\\\/secure.gravatar.com\\\/avatar\\\/2560b4cd9f5f1bc100b123158e657d75584bd1c3e1d9c69285720b9457c1b78d?s=96&d=monsterid&r=g\",\"contentUrl\":\"https:\\\/\\\/secure.gravatar.com\\\/avatar\\\/2560b4cd9f5f1bc100b123158e657d75584bd1c3e1d9c69285720b9457c1b78d?s=96&d=monsterid&r=g\",\"caption\":\"Teodora Stroe\"},\"url\":\"https:\\\/\\\/buletin.de\\\/bucuresti\\\/author\\\/simonacarlugea\\\/\"}]}<\/script>\n<!-- \/ Yoast SEO Premium plugin. -->","yoast_head_json":{"title":"Termoenergetica \u00eencepe probele \u00een re\u021bea. Bucure\u0219tenii sunt avertiza\u021bi s\u0103 termine lucr\u0103rile la instala\u021biile interioare - Buletin de Bucure\u0219ti","robots":{"index":"index","follow":"follow","max-snippet":"max-snippet:-1","max-image-preview":"max-image-preview:large","max-video-preview":"max-video-preview:-1"},"canonical":"https:\/\/buletin.de\/bucuresti\/termoenergetica-incepe-probele-in-retea-bucurestenii-sunt-avertizati-sa-termine-lucrarile-la-instalatiile-interioare\/","og_locale":"en_GB","og_type":"article","og_title":"Termoenergetica \u00eencepe probele \u00een re\u021bea. Bucure\u0219tenii sunt avertiza\u021bi s\u0103 termine lucr\u0103rile la instala\u021biile interioare","og_description":"Termoenergetica a anun\u021bat c\u0103 \u00eencepe \u00eenc\u0103rcarea cu ap\u0103 a instala\u0163iilor \u0219i probele de presiune la instala\u021biile interioare Bucure\u0219ti, luni, 20 septembrie 2021. Ac\u0163iunile sunt necesare pentru preg\u0103tirea re\u0163elei de termoficare \u00een noul sezon de \u00eenc\u0103lzire 2021-2022. \u00cenc\u0103rcarea cu ap\u0103 a instala\u0163iilor de alimentare cu energie termic\u0103 se va face treptat \u00een toate sectoarele Municipiului Bucure\u0219ti [&hellip;]","og_url":"https:\/\/buletin.de\/bucuresti\/termoenergetica-incepe-probele-in-retea-bucurestenii-sunt-avertizati-sa-termine-lucrarile-la-instalatiile-interioare\/","og_site_name":"Buletin de Bucure\u0219ti","article_publisher":"https:\/\/www.facebook.com\/buletin.de.buc","article_published_time":"2021-09-20T09:43:20+00:00","article_modified_time":"2023-09-19T12:43:37+00:00","og_image":[{"width":1600,"height":1200,"url":"https:\/\/buletin.de\/bucuresti\/wp-content\/uploads\/01a2c67b-9863-4b04-9fc6-5874cce1014a.jpg","type":"image\/jpeg"}],"author":"Teodora Stroe","twitter_card":"summary_large_image","twitter_misc":{"Written by":"Teodora Stroe","Estimated reading time":"1 minute"},"schema":{"@context":"https:\/\/schema.org","@graph":[{"@type":"Article","@id":"https:\/\/buletin.de\/bucuresti\/termoenergetica-incepe-probele-in-retea-bucurestenii-sunt-avertizati-sa-termine-lucrarile-la-instalatiile-interioare\/#article","isPartOf":{"@id":"https:\/\/buletin.de\/bucuresti\/termoenergetica-incepe-probele-in-retea-bucurestenii-sunt-avertizati-sa-termine-lucrarile-la-instalatiile-interioare\/"},"author":{"name":"Teodora Stroe","@id":"https:\/\/buletin.de\/bucuresti\/#\/schema\/person\/d369d7ddc775abece205795e0b804614"},"headline":"Termoenergetica \u00eencepe probele \u00een re\u021bea. Bucure\u0219tenii sunt avertiza\u021bi s\u0103 termine lucr\u0103rile la instala\u021biile interioare","datePublished":"2021-09-20T09:43:20+00:00","dateModified":"2023-09-19T12:43:37+00:00","mainEntityOfPage":{"@id":"https:\/\/buletin.de\/bucuresti\/termoenergetica-incepe-probele-in-retea-bucurestenii-sunt-avertizati-sa-termine-lucrarile-la-instalatiile-interioare\/"},"wordCount":176,"publisher":{"@id":"https:\/\/buletin.de\/bucuresti\/#organization"},"image":{"@id":"https:\/\/buletin.de\/bucuresti\/termoenergetica-incepe-probele-in-retea-bucurestenii-sunt-avertizati-sa-termine-lucrarile-la-instalatiile-interioare\/#primaryimage"},"thumbnailUrl":"https:\/\/buletin.de\/bucuresti\/wp-content\/uploads\/01a2c67b-9863-4b04-9fc6-5874cce1014a.jpg","keywords":["probe","termoenergetica"],"articleSection":["\u0218tiri","Termoficare"],"inLanguage":"en-GB","copyrightYear":"2021","copyrightHolder":{"@id":"https:\/\/buletin.de\/bucuresti\/#organization"}},{"@type":"WebPage","@id":"https:\/\/buletin.de\/bucuresti\/termoenergetica-incepe-probele-in-retea-bucurestenii-sunt-avertizati-sa-termine-lucrarile-la-instalatiile-interioare\/","url":"https:\/\/buletin.de\/bucuresti\/termoenergetica-incepe-probele-in-retea-bucurestenii-sunt-avertizati-sa-termine-lucrarile-la-instalatiile-interioare\/","name":"Termoenergetica \u00eencepe probele \u00een re\u021bea. Bucure\u0219tenii sunt avertiza\u021bi s\u0103 termine lucr\u0103rile la instala\u021biile interioare - Buletin de Bucure\u0219ti","isPartOf":{"@id":"https:\/\/buletin.de\/bucuresti\/#website"},"primaryImageOfPage":{"@id":"https:\/\/buletin.de\/bucuresti\/termoenergetica-incepe-probele-in-retea-bucurestenii-sunt-avertizati-sa-termine-lucrarile-la-instalatiile-interioare\/#primaryimage"},"image":{"@id":"https:\/\/buletin.de\/bucuresti\/termoenergetica-incepe-probele-in-retea-bucurestenii-sunt-avertizati-sa-termine-lucrarile-la-instalatiile-interioare\/#primaryimage"},"thumbnailUrl":"https:\/\/buletin.de\/bucuresti\/wp-content\/uploads\/01a2c67b-9863-4b04-9fc6-5874cce1014a.jpg","datePublished":"2021-09-20T09:43:20+00:00","dateModified":"2023-09-19T12:43:37+00:00","breadcrumb":{"@id":"https:\/\/buletin.de\/bucuresti\/termoenergetica-incepe-probele-in-retea-bucurestenii-sunt-avertizati-sa-termine-lucrarile-la-instalatiile-interioare\/#breadcrumb"},"inLanguage":"en-GB","potentialAction":[{"@type":"ReadAction","target":["https:\/\/buletin.de\/bucuresti\/termoenergetica-incepe-probele-in-retea-bucurestenii-sunt-avertizati-sa-termine-lucrarile-la-instalatiile-interioare\/"]}]},{"@type":"ImageObject","inLanguage":"en-GB","@id":"https:\/\/buletin.de\/bucuresti\/termoenergetica-incepe-probele-in-retea-bucurestenii-sunt-avertizati-sa-termine-lucrarile-la-instalatiile-interioare\/#primaryimage","url":"https:\/\/buletin.de\/bucuresti\/wp-content\/uploads\/01a2c67b-9863-4b04-9fc6-5874cce1014a.jpg","contentUrl":"https:\/\/buletin.de\/bucuresti\/wp-content\/uploads\/01a2c67b-9863-4b04-9fc6-5874cce1014a.jpg","width":1600,"height":1200},{"@type":"BreadcrumbList","@id":"https:\/\/buletin.de\/bucuresti\/termoenergetica-incepe-probele-in-retea-bucurestenii-sunt-avertizati-sa-termine-lucrarile-la-instalatiile-interioare\/#breadcrumb","itemListElement":[{"@type":"ListItem","position":1,"name":"Acas\u0103","item":"https:\/\/buletin.de\/bucuresti\/"},{"@type":"ListItem","position":2,"name":"Termoenergetica \u00eencepe probele \u00een re\u021bea. Bucure\u0219tenii sunt avertiza\u021bi s\u0103 termine lucr\u0103rile la instala\u021biile interioare"}]},{"@type":"WebSite","@id":"https:\/\/buletin.de\/bucuresti\/#website","url":"https:\/\/buletin.de\/bucuresti\/","name":"Buletin de Bucure\u0219ti","description":"\u0218tiri \u0219i investiga\u021bii esen\u021biale din capital\u0103","publisher":{"@id":"https:\/\/buletin.de\/bucuresti\/#organization"},"potentialAction":[{"@type":"SearchAction","target":{"@type":"EntryPoint","urlTemplate":"https:\/\/buletin.de\/bucuresti\/?s={search_term_string}"},"query-input":{"@type":"PropertyValueSpecification","valueRequired":true,"valueName":"search_term_string"}}],"inLanguage":"en-GB"},{"@type":"Organization","@id":"https:\/\/buletin.de\/bucuresti\/#organization","name":"Buletin de Bucure\u0219ti","url":"https:\/\/buletin.de\/bucuresti\/","logo":{"@type":"ImageObject","inLanguage":"en-GB","@id":"https:\/\/buletin.de\/bucuresti\/#\/schema\/logo\/image\/","url":"https:\/\/buletin.de\/bucuresti\/wp-content\/uploads\/logo-bdb-full-wide-vernil-transparent.png","contentUrl":"https:\/\/buletin.de\/bucuresti\/wp-content\/uploads\/logo-bdb-full-wide-vernil-transparent.png","width":1782,"height":626,"caption":"Buletin de Bucure\u0219ti"},"image":{"@id":"https:\/\/buletin.de\/bucuresti\/#\/schema\/logo\/image\/"},"sameAs":["https:\/\/www.facebook.com\/buletin.de.buc","https:\/\/www.instagram.com\/buletinde.bucuresti\/"]},{"@type":"Person","@id":"https:\/\/buletin.de\/bucuresti\/#\/schema\/person\/d369d7ddc775abece205795e0b804614","name":"Teodora Stroe","image":{"@type":"ImageObject","inLanguage":"en-GB","@id":"https:\/\/secure.gravatar.com\/avatar\/2560b4cd9f5f1bc100b123158e657d75584bd1c3e1d9c69285720b9457c1b78d?s=96&d=monsterid&r=gc104800242ba5f2d78dd5d7dc4df08b6","url":"https:\/\/secure.gravatar.com\/avatar\/2560b4cd9f5f1bc100b123158e657d75584bd1c3e1d9c69285720b9457c1b78d?s=96&d=monsterid&r=g","contentUrl":"https:\/\/secure.gravatar.com\/avatar\/2560b4cd9f5f1bc100b123158e657d75584bd1c3e1d9c69285720b9457c1b78d?s=96&d=monsterid&r=g","caption":"Teodora Stroe"},"url":"https:\/\/buletin.de\/bucuresti\/author\/simonacarlugea\/"}]}},"authors":[{"term_id":22579,"user_id":18,"is_guest":0,"slug":"simonacarlugea","display_name":"Teodora Stroe","avatar_url":"https:\/\/secure.gravatar.com\/avatar\/2560b4cd9f5f1bc100b123158e657d75584bd1c3e1d9c69285720b9457c1b78d?s=96&d=monsterid&r=g","0":null,"1":"","2":"","3":"","4":"","5":"","6":"","7":"","8":""}],"_links":{"self":[{"href":"https:\/\/buletin.de\/bucuresti\/wp-json\/wp\/v2\/posts\/31026","targetHints":{"allow":["GET"]}}],"collection":[{"href":"https:\/\/buletin.de\/bucuresti\/wp-json\/wp\/v2\/posts"}],"about":[{"href":"https:\/\/buletin.de\/bucuresti\/wp-json\/wp\/v2\/types\/post"}],"author":[{"embeddable":true,"href":"https:\/\/buletin.de\/bucuresti\/wp-json\/wp\/v2\/users\/18"}],"replies":[{"embeddable":true,"href":"https:\/\/buletin.de\/bucuresti\/wp-json\/wp\/v2\/comments?post=31026"}],"version-history":[{"count":1,"href":"https:\/\/buletin.de\/bucuresti\/wp-json\/wp\/v2\/posts\/31026\/revisions"}],"predecessor-version":[{"id":31027,"href":"https:\/\/buletin.de\/bucuresti\/wp-json\/wp\/v2\/posts\/31026\/revisions\/31027"}],"wp:featuredmedia":[{"embeddable":true,"href":"https:\/\/buletin.de\/bucuresti\/wp-json\/wp\/v2\/media\/31028"}],"wp:attachment":[{"href":"https:\/\/buletin.de\/bucuresti\/wp-json\/wp\/v2\/media?parent=31026"}],"wp:term":[{"taxonomy":"category","embeddable":true,"href":"https:\/\/buletin.de\/bucuresti\/wp-json\/wp\/v2\/categories?post=31026"},{"taxonomy":"post_tag","embeddable":true,"href":"https:\/\/buletin.de\/bucuresti\/wp-json\/wp\/v2\/tags?post=31026"},{"taxonomy":"author","embeddable":true,"href":"https:\/\/buletin.de\/bucuresti\/wp-json\/wp\/v2\/ppma_author?post=31026"}],"curies":[{"name":"wp","href":"https:\/\/api.w.org\/{rel}","templated":true}]}}