{"id":30988,"date":"2021-09-18T16:05:10","date_gmt":"2021-09-18T13:05:10","guid":{"rendered":"https:\/\/buletin.de\/bucuresti\/?p=30988"},"modified":"2021-09-18T16:05:11","modified_gmt":"2021-09-18T13:05:11","slug":"noi-restrictii-in-capitala-orele-de-sport-se-pot-organiza-doar-in-aer-liber-trei-scoli-din-bucuresti-se-muta-in-online","status":"publish","type":"post","link":"https:\/\/buletin.de\/bucuresti\/noi-restrictii-in-capitala-orele-de-sport-se-pot-organiza-doar-in-aer-liber-trei-scoli-din-bucuresti-se-muta-in-online\/","title":{"rendered":"Noi restric\u021bii \u00een Capital\u0103 | Orele de sport se pot organiza doar \u00een aer liber. Trei \u0219coli din Bucure\u0219ti se mut\u0103 \u00een online"},"content":{"rendered":"\n<p><strong>Comitetul Municipal pentru Situa\u021bii de Urgen\u021b\u0103 Bucure\u0219ti a hot\u0103r\u00e2t, ast\u0103zi, luarea unor m\u0103suri suplimentare de protec\u021bie pentru locuitorii din Capital\u0103. Ace\u0219tia sunt obliga\u021bi s\u0103 poarte masc\u0103 de protec\u021bie dac\u0103 se afl\u0103 pe o raz\u0103 de 50 m \u00een jurul unit\u0103\u021bilor de \u00eenv\u0103\u021b\u0103m\u00e2nt, iar orele de sport sep pot organiza doar \u00een aer liber. De asemenea, concertele \u0219i spectacolele organizate \u00een interior nu pot dep\u0103\u0219i 70% din capacitate \u0219i cu purtarea m\u0103\u0219tii de protec\u021bie, evenimentele sportive din aer liber pot fi organizate cu capacitate maxim\u0103 doar dac\u0103 to\u021bi spectatorii sunt vaccina\u021bi, iar concertele \u00een aer liber pot avea maximum 2500 persoane, care sunt obligate s\u0103 poarte masc\u0103. Mai mult, Gr\u0103dini\u021ba nr.133, \u0218coala Gimnazial\u0103 nr.124 \u0219i \u0218coala Sanitar\u0103 Postliceal\u0103 VITA \u00ee\u0219i vor muta activitatea \u00een mediul online, din motive de infrastructur\u0103 \u0219i resurse existente. M\u0103surile luate azi vor fi aplicate, \u00eencep\u00e2nd cu data de 19.09.2021, ora 00.00.&nbsp;<\/strong><\/p>\n\n\n\n<p>Cele mai importante m\u0103suri de protec\u021bie \u00eempotriva Covid-19 decise de CMBSU sunt urm\u0103toarele: <\/p>\n\n\n\n<ul class=\"has-background wp-block-list\" style=\"background-color:#f4ffba\"><li><em>&nbsp;Este obligatorie&nbsp; purtarea m\u0103\u0219tii de protec\u021bie, astfel \u00eenc\u00e2t s\u0103 acopere gura \u0219i nasul, pe o raz\u0103 de 50 m \u00een jurul unit\u0103\u021bilor de \u00eenv\u0103\u021b\u0103m\u00e2nt, pentru persoanele care sta\u021bioneaz\u0103 \u00een acest perimetru.<\/em><\/li><li><em>Este permis\u0103 desf\u0103\u0219urarea orelor de educa\u021bie fizic\u0103 doar \u00een spa\u021bii deschise, f\u0103r\u0103 obligativitatea purt\u0103rii m\u0103\u0219tii de protec\u021bie.<\/em><\/li><li><em>\u00cen spa\u0163iile \u00eenchise sau deschise, competi\u0163iile sportive se pot desf\u0103\u015fura cu participarea spectatorilor p\u00e2n\u0103 la 50% din capacitatea maxim\u0103 a spa\u0163iului, cu asigurarea unei distan\u021be de minimun 1 metru \u00eentre persoane<\/em><\/li><li><em>\u00cen spa\u021biile \u00eenchise sau deschise competi\u0163iile sportive se pot desf\u0103\u015fura&nbsp; cu participarea spectatorilor p\u00e2n\u0103 la capacitatea maxim\u0103 a spa\u021biului. Participarea este permis\u0103 doar pentru persoanele care sunt vaccinate \u00eempotriva virusului SARS-CoV-2 \u0219i pentru care au trecut 10 zile de la finalizarea schemei complete de vaccinare<\/em><\/li><li><em>Organizarea \u015fi desf\u0103\u015furarea activit\u0103\u0163ii \u00een cadrul cinematografelor, institu\u0163iilor de spectacole \u015fi\/sau concerte sunt permise cu participarea publicului p\u00e2n\u0103 la 70% din capacitatea maxim\u0103 a spa\u0163iului \u015fi cu purtarea m\u0103\u015ftii de protec\u0163ie.<\/em>O<em>organizarea \u015fi desf\u0103\u015furarea activit\u0103\u0163ii institu\u0163iilor publice sau private de cultur\u0103 care administreaz\u0103 spa\u0163ii special destinate activit\u0103\u0163ilor cultural artistice \u00een aer liber se pot realiza cu participarea a cel mult 1.000 de persoane pe scaune, cu asigurarea unei suprafe\u0163e minime de 4 mp pentru fiecare persoan\u0103 \u015fi cu respectarea normelor de protec\u0163ie sanitar\u0103<\/em><\/li><li><em>Organizarea \u0219i desf\u0103\u0219urarea \u00een aer liber a spectacolelor, concertelor, festivalurilor publice \u0219i private sau a altor evenimente culturale sunt permise cu participarea a cel mult 2.500 de spectatori \u0219i cu purtarea m\u0103\u0219tii de protec\u021bie. Participarea este permis\u0103 doar pentru persoanele care sunt vaccinate \u00eempotriva virusului SARS-CoV-2 pentru care au trecut 10 zile de la finalizarea schemei complete de vaccinare, persoanele care prezint\u0103 rezultatul negativ al unui test RT-PCR pentru infec\u021bia cu virusul SARS-CoV-2 nu mai vechi de 72 de ore sau rezultatul negativ certificat al unui test antigen rapid pentru infec\u021bia cu virusul SARS-CoV-2 nu mai vechi de 48 de ore, respectiv persoanele care se afl\u0103 \u00een perioada cuprins\u0103 \u00eentre a 15-a zi \u015fi a 180-a zi ulterioar\u0103 confirm\u0103rii infect\u0103rii cu virusul SARS-CoV-2<\/em><\/li><li><em>Organizarea \u0219i desf\u0103\u0219urarea \u00een aer liber a spectacolelor, concertelor, festivalurilor publice \u0219i private sau a altor evenimente culturale&nbsp; cu un num\u0103r mai mare de 2500 de spectatori este permis\u0103 doar pentru persoanele care sunt vaccinate \u00eempotriva virusului SARS-CoV-2 \u0219i pentru care au trecut 10 zile de la finalizarea schemei complete de vaccinare.<\/em><\/li><li><em>Se interzic activit\u0103\u021bile recreative \u0219i sportive desf\u0103\u0219urate \u00een aer liber, cu excep\u021bia particip\u0103rii a cel mult 30 de persoane care nu locuiesc \u00eempreun\u0103<\/em><\/li><li><em>Se permite organizarea de evenimente private (nun\u021bi, botezuri, mese festive etc.) cu un num\u0103r de participan\u021bi de maximum 150 de persoane \u00een exterior sau maximum 100 de persoane \u00een interior, cu respectarea normelor de protec\u021bie sanitar\u0103.<\/em><\/li><li><em>Activitatea \u00een baruri, cluburi \u015fi discoteci este permis\u0103 f\u0103r\u0103 a dep\u0103\u015fi 70% din capacitatea maxim\u0103 a spa\u0163iului \u00een intervalul orar 5,00-2,00 \u00een jude\u0163ele\/localit\u0103\u0163ile unde inciden\u0163a cumulat\u0103 la 14 zile este mai mare de 2\/1.000 de locuitori \u015fi mai mic\u0103 sau egal\u0103 cu 3\/1.000 de locuitori, dac\u0103 toate persoanele sunt vaccinate \u00eempotriva virusului SARS-CoV-2 \u015fi pentru care au trecut 10 zile de la finalizarea schemei complete de vaccinare.<\/em><\/li><li><em>Activitatea operatorilor economici care administreaz\u0103 s\u0103li de jocuri este permis\u0103 f\u0103r\u0103 a dep\u0103\u015fi 70% din capacitatea maxim\u0103 a spa\u0163iului \u00een intervalul orar 5,00-2,00 \u00een jude\u0163ele\/localit\u0103\u0163ile unde inciden\u0163a cumulat\u0103 la 14 zile este mai mare de 2\/1.000 de locuitori \u015fi mai mic\u0103 sau egal\u0103 cu 3\/1.000 de locuitori, dac\u0103 toate persoanele sunt vaccinate \u00eempotriva virusului SARS-CoV-2 \u015fi pentru care au trecut 10 zile de la finalizarea schemei complete de vaccinare.<\/em><\/li><\/ul>\n\n\n\n<p>Pe l\u00e2ng\u0103 m\u0103surile suplimentare de protec\u021bie adoptate ast\u0103zi de CMBSU, a fost adoptat\u0103 o alt\u0103 hot\u0103r\u00e2re care mut\u0103 \u00een mediul online \u0218coala Gimnazial\u0103 nr.124 \u0219i \u0218coala Sanitar\u0103 Postliceal\u0103 VITA. Conform hot\u0103r\u00e2rii, \u00een aceste unit\u0103\u021bi se desf\u0103\u0219oar\u0103 lucr\u0103ri, ceea ce nu permite luarea m\u0103surilor de protec\u021bie \u00eempotriva Covid-19.<\/p>\n\n\n\n<figure class=\"wp-block-image size-large\"><a href=\"https:\/\/buletin.de\/bucuresti\/wp-content\/uploads\/Captura-ecran-63.png\"><img fetchpriority=\"high\" decoding=\"async\" width=\"777\" height=\"723\" src=\"data:image\/gif;base64,R0lGODlhAQABAAAAACH5BAEKAAEALAAAAAABAAEAAAICTAEAOw==\" data-src=\"https:\/\/buletin.de\/bucuresti\/wp-content\/uploads\/Captura-ecran-63.png\" alt=\"\" class=\"wp-image-30989 lazyload\" data-sizes=\"auto\" data-srcset=\"https:\/\/buletin.de\/bucuresti\/wp-content\/uploads\/Captura-ecran-63.png 777w, https:\/\/buletin.de\/bucuresti\/wp-content\/uploads\/Captura-ecran-63-300x279.png 300w, https:\/\/buletin.de\/bucuresti\/wp-content\/uploads\/Captura-ecran-63-768x715.png 768w, https:\/\/buletin.de\/bucuresti\/wp-content\/uploads\/Captura-ecran-63-550x512.png 550w, https:\/\/buletin.de\/bucuresti\/wp-content\/uploads\/Captura-ecran-63-537x500.png 537w, https:\/\/buletin.de\/bucuresti\/wp-content\/uploads\/Captura-ecran-63-600x558.png 600w\" sizes=\"(max-width: 777px) 100vw, 777px\" \/><\/a><figcaption>Captur\u0103 ecran: Hot\u0103r\u00e2re CMBSU <\/figcaption><\/figure>\n\n\n\n<p>\u0218edin\u021ba CMBSU de ast\u0103zi a fost convocat\u0103 ieri pentru luarea unor m\u0103suri suplimentare de protec\u021bie \u00eempotriva Covid-19, dup\u0103 ce rata de infectare a trecut de 2,05 la mie. \u00centre timp, ast\u0103zi s-au \u00eenregistrat, \u00een Capital\u0103, 617 noi infect\u0103ri. Rata de inciden\u021b\u0103 a crescut \u00een ultima zi de la 2,05 la 2,33 cazuri de infectare la 1.000 de locuitori.<\/p>\n\n\n\n<p>Surs\u0103 cover: Captur\u0103 ecran: Hot\u0103r\u00e2re CMBSU<\/p>\n","protected":false},"excerpt":{"rendered":"<p>Comitetul Municipal pentru Situa\u021bii de Urgen\u021b\u0103 Bucure\u0219ti a hot\u0103r\u00e2t, ast\u0103zi, luarea unor m\u0103suri suplimentare de protec\u021bie pentru locuitorii din Capital\u0103. Ace\u0219tia sunt obliga\u021bi s\u0103 poarte masc\u0103 de protec\u021bie dac\u0103 se afl\u0103 pe o raz\u0103 de 50 m \u00een jurul unit\u0103\u021bilor de \u00eenv\u0103\u021b\u0103m\u00e2nt, iar orele de sport sep pot organiza doar \u00een aer liber. De asemenea, [&hellip;]<\/p>\n","protected":false},"author":17,"featured_media":30989,"comment_status":"closed","ping_status":"open","sticky":false,"template":"","format":"standard","meta":{"_acf_changed":false,"inline_featured_image":false,"ngg_post_thumbnail":0,"footnotes":""},"categories":[62],"tags":[],"ppma_author":[22576],"class_list":["post-30988","post","type-post","status-publish","format-standard","has-post-thumbnail","hentry","category-stiri"],"acf":[],"yoast_head":"<!-- This site is optimized with the Yoast SEO Premium plugin v25.3 (Yoast SEO v27.5) - https:\/\/yoast.com\/product\/yoast-seo-premium-wordpress\/ -->\n<title>Noi restric\u021bii \u00een Capital\u0103 | Orele de sport se pot organiza doar \u00een aer liber. Trei \u0219coli din Bucure\u0219ti se mut\u0103 \u00een online - Buletin de Bucure\u0219ti<\/title>\n<meta name=\"robots\" content=\"index, follow, max-snippet:-1, max-image-preview:large, max-video-preview:-1\" \/>\n<link rel=\"canonical\" href=\"https:\/\/buletin.de\/bucuresti\/noi-restrictii-in-capitala-orele-de-sport-se-pot-organiza-doar-in-aer-liber-trei-scoli-din-bucuresti-se-muta-in-online\/\" \/>\n<meta property=\"og:locale\" content=\"en_GB\" \/>\n<meta property=\"og:type\" content=\"article\" \/>\n<meta property=\"og:title\" content=\"Noi restric\u021bii \u00een Capital\u0103 | Orele de sport se pot organiza doar \u00een aer liber. Trei \u0219coli din Bucure\u0219ti se mut\u0103 \u00een online\" \/>\n<meta property=\"og:description\" content=\"Comitetul Municipal pentru Situa\u021bii de Urgen\u021b\u0103 Bucure\u0219ti a hot\u0103r\u00e2t, ast\u0103zi, luarea unor m\u0103suri suplimentare de protec\u021bie pentru locuitorii din Capital\u0103. Ace\u0219tia sunt obliga\u021bi s\u0103 poarte masc\u0103 de protec\u021bie dac\u0103 se afl\u0103 pe o raz\u0103 de 50 m \u00een jurul unit\u0103\u021bilor de \u00eenv\u0103\u021b\u0103m\u00e2nt, iar orele de sport sep pot organiza doar \u00een aer liber. De asemenea, [&hellip;]\" \/>\n<meta property=\"og:url\" content=\"https:\/\/buletin.de\/bucuresti\/noi-restrictii-in-capitala-orele-de-sport-se-pot-organiza-doar-in-aer-liber-trei-scoli-din-bucuresti-se-muta-in-online\/\" \/>\n<meta property=\"og:site_name\" content=\"Buletin de Bucure\u0219ti\" \/>\n<meta property=\"article:publisher\" content=\"https:\/\/www.facebook.com\/buletin.de.buc\" \/>\n<meta property=\"article:published_time\" content=\"2021-09-18T13:05:10+00:00\" \/>\n<meta property=\"article:modified_time\" content=\"2021-09-18T13:05:11+00:00\" \/>\n<meta property=\"og:image\" content=\"https:\/\/buletin.de\/bucuresti\/wp-content\/uploads\/Captura-ecran-63.png\" \/>\n\t<meta property=\"og:image:width\" content=\"777\" \/>\n\t<meta property=\"og:image:height\" content=\"723\" \/>\n\t<meta property=\"og:image:type\" content=\"image\/png\" \/>\n<meta name=\"author\" content=\"Florin R\u00e2\u0219teiu\" \/>\n<meta name=\"twitter:card\" content=\"summary_large_image\" \/>\n<meta name=\"twitter:label1\" content=\"Written by\" \/>\n\t<meta name=\"twitter:data1\" content=\"Florin R\u00e2\u0219teiu\" \/>\n\t<meta name=\"twitter:label2\" content=\"Estimated reading time\" \/>\n\t<meta name=\"twitter:data2\" content=\"4 minutes\" \/>\n<script type=\"application\/ld+json\" class=\"yoast-schema-graph\">{\"@context\":\"https:\\\/\\\/schema.org\",\"@graph\":[{\"@type\":\"Article\",\"@id\":\"https:\\\/\\\/buletin.de\\\/bucuresti\\\/noi-restrictii-in-capitala-orele-de-sport-se-pot-organiza-doar-in-aer-liber-trei-scoli-din-bucuresti-se-muta-in-online\\\/#article\",\"isPartOf\":{\"@id\":\"https:\\\/\\\/buletin.de\\\/bucuresti\\\/noi-restrictii-in-capitala-orele-de-sport-se-pot-organiza-doar-in-aer-liber-trei-scoli-din-bucuresti-se-muta-in-online\\\/\"},\"author\":{\"name\":\"Florin R\u00e2\u0219teiu\",\"@id\":\"https:\\\/\\\/buletin.de\\\/bucuresti\\\/#\\\/schema\\\/person\\\/b0686d7a8b666c6afc78239777fd8a89\"},\"headline\":\"Noi restric\u021bii \u00een Capital\u0103 | Orele de sport se pot organiza doar \u00een aer liber. Trei \u0219coli din Bucure\u0219ti se mut\u0103 \u00een online\",\"datePublished\":\"2021-09-18T13:05:10+00:00\",\"dateModified\":\"2021-09-18T13:05:11+00:00\",\"mainEntityOfPage\":{\"@id\":\"https:\\\/\\\/buletin.de\\\/bucuresti\\\/noi-restrictii-in-capitala-orele-de-sport-se-pot-organiza-doar-in-aer-liber-trei-scoli-din-bucuresti-se-muta-in-online\\\/\"},\"wordCount\":963,\"publisher\":{\"@id\":\"https:\\\/\\\/buletin.de\\\/bucuresti\\\/#organization\"},\"image\":{\"@id\":\"https:\\\/\\\/buletin.de\\\/bucuresti\\\/noi-restrictii-in-capitala-orele-de-sport-se-pot-organiza-doar-in-aer-liber-trei-scoli-din-bucuresti-se-muta-in-online\\\/#primaryimage\"},\"thumbnailUrl\":\"https:\\\/\\\/buletin.de\\\/bucuresti\\\/wp-content\\\/uploads\\\/Captura-ecran-63.png\",\"articleSection\":[\"\u0218tiri\"],\"inLanguage\":\"en-GB\",\"copyrightYear\":\"2021\",\"copyrightHolder\":{\"@id\":\"https:\\\/\\\/buletin.de\\\/bucuresti\\\/#organization\"}},{\"@type\":\"WebPage\",\"@id\":\"https:\\\/\\\/buletin.de\\\/bucuresti\\\/noi-restrictii-in-capitala-orele-de-sport-se-pot-organiza-doar-in-aer-liber-trei-scoli-din-bucuresti-se-muta-in-online\\\/\",\"url\":\"https:\\\/\\\/buletin.de\\\/bucuresti\\\/noi-restrictii-in-capitala-orele-de-sport-se-pot-organiza-doar-in-aer-liber-trei-scoli-din-bucuresti-se-muta-in-online\\\/\",\"name\":\"Noi restric\u021bii \u00een Capital\u0103 | Orele de sport se pot organiza doar \u00een aer liber. Trei \u0219coli din Bucure\u0219ti se mut\u0103 \u00een online - Buletin de Bucure\u0219ti\",\"isPartOf\":{\"@id\":\"https:\\\/\\\/buletin.de\\\/bucuresti\\\/#website\"},\"primaryImageOfPage\":{\"@id\":\"https:\\\/\\\/buletin.de\\\/bucuresti\\\/noi-restrictii-in-capitala-orele-de-sport-se-pot-organiza-doar-in-aer-liber-trei-scoli-din-bucuresti-se-muta-in-online\\\/#primaryimage\"},\"image\":{\"@id\":\"https:\\\/\\\/buletin.de\\\/bucuresti\\\/noi-restrictii-in-capitala-orele-de-sport-se-pot-organiza-doar-in-aer-liber-trei-scoli-din-bucuresti-se-muta-in-online\\\/#primaryimage\"},\"thumbnailUrl\":\"https:\\\/\\\/buletin.de\\\/bucuresti\\\/wp-content\\\/uploads\\\/Captura-ecran-63.png\",\"datePublished\":\"2021-09-18T13:05:10+00:00\",\"dateModified\":\"2021-09-18T13:05:11+00:00\",\"breadcrumb\":{\"@id\":\"https:\\\/\\\/buletin.de\\\/bucuresti\\\/noi-restrictii-in-capitala-orele-de-sport-se-pot-organiza-doar-in-aer-liber-trei-scoli-din-bucuresti-se-muta-in-online\\\/#breadcrumb\"},\"inLanguage\":\"en-GB\",\"potentialAction\":[{\"@type\":\"ReadAction\",\"target\":[\"https:\\\/\\\/buletin.de\\\/bucuresti\\\/noi-restrictii-in-capitala-orele-de-sport-se-pot-organiza-doar-in-aer-liber-trei-scoli-din-bucuresti-se-muta-in-online\\\/\"]}]},{\"@type\":\"ImageObject\",\"inLanguage\":\"en-GB\",\"@id\":\"https:\\\/\\\/buletin.de\\\/bucuresti\\\/noi-restrictii-in-capitala-orele-de-sport-se-pot-organiza-doar-in-aer-liber-trei-scoli-din-bucuresti-se-muta-in-online\\\/#primaryimage\",\"url\":\"https:\\\/\\\/buletin.de\\\/bucuresti\\\/wp-content\\\/uploads\\\/Captura-ecran-63.png\",\"contentUrl\":\"https:\\\/\\\/buletin.de\\\/bucuresti\\\/wp-content\\\/uploads\\\/Captura-ecran-63.png\",\"width\":777,\"height\":723},{\"@type\":\"BreadcrumbList\",\"@id\":\"https:\\\/\\\/buletin.de\\\/bucuresti\\\/noi-restrictii-in-capitala-orele-de-sport-se-pot-organiza-doar-in-aer-liber-trei-scoli-din-bucuresti-se-muta-in-online\\\/#breadcrumb\",\"itemListElement\":[{\"@type\":\"ListItem\",\"position\":1,\"name\":\"Acas\u0103\",\"item\":\"https:\\\/\\\/buletin.de\\\/bucuresti\\\/\"},{\"@type\":\"ListItem\",\"position\":2,\"name\":\"Noi restric\u021bii \u00een Capital\u0103 | Orele de sport se pot organiza doar \u00een aer liber. Trei \u0219coli din Bucure\u0219ti se mut\u0103 \u00een online\"}]},{\"@type\":\"WebSite\",\"@id\":\"https:\\\/\\\/buletin.de\\\/bucuresti\\\/#website\",\"url\":\"https:\\\/\\\/buletin.de\\\/bucuresti\\\/\",\"name\":\"Buletin de Bucure\u0219ti\",\"description\":\"\u0218tiri \u0219i investiga\u021bii esen\u021biale din capital\u0103\",\"publisher\":{\"@id\":\"https:\\\/\\\/buletin.de\\\/bucuresti\\\/#organization\"},\"potentialAction\":[{\"@type\":\"SearchAction\",\"target\":{\"@type\":\"EntryPoint\",\"urlTemplate\":\"https:\\\/\\\/buletin.de\\\/bucuresti\\\/?s={search_term_string}\"},\"query-input\":{\"@type\":\"PropertyValueSpecification\",\"valueRequired\":true,\"valueName\":\"search_term_string\"}}],\"inLanguage\":\"en-GB\"},{\"@type\":\"Organization\",\"@id\":\"https:\\\/\\\/buletin.de\\\/bucuresti\\\/#organization\",\"name\":\"Buletin de Bucure\u0219ti\",\"url\":\"https:\\\/\\\/buletin.de\\\/bucuresti\\\/\",\"logo\":{\"@type\":\"ImageObject\",\"inLanguage\":\"en-GB\",\"@id\":\"https:\\\/\\\/buletin.de\\\/bucuresti\\\/#\\\/schema\\\/logo\\\/image\\\/\",\"url\":\"https:\\\/\\\/buletin.de\\\/bucuresti\\\/wp-content\\\/uploads\\\/logo-bdb-full-wide-vernil-transparent.png\",\"contentUrl\":\"https:\\\/\\\/buletin.de\\\/bucuresti\\\/wp-content\\\/uploads\\\/logo-bdb-full-wide-vernil-transparent.png\",\"width\":1782,\"height\":626,\"caption\":\"Buletin de Bucure\u0219ti\"},\"image\":{\"@id\":\"https:\\\/\\\/buletin.de\\\/bucuresti\\\/#\\\/schema\\\/logo\\\/image\\\/\"},\"sameAs\":[\"https:\\\/\\\/www.facebook.com\\\/buletin.de.buc\",\"https:\\\/\\\/www.instagram.com\\\/buletinde.bucuresti\\\/\"]},{\"@type\":\"Person\",\"@id\":\"https:\\\/\\\/buletin.de\\\/bucuresti\\\/#\\\/schema\\\/person\\\/b0686d7a8b666c6afc78239777fd8a89\",\"name\":\"Florin R\u00e2\u0219teiu\",\"image\":{\"@type\":\"ImageObject\",\"inLanguage\":\"en-GB\",\"@id\":\"https:\\\/\\\/buletin.de\\\/bucuresti\\\/wp-content\\\/uploads\\\/Florin-Rasteiu-96x96.jpgf0a6fe28453aa12f0a60e4d0a2e3a78c\",\"url\":\"https:\\\/\\\/buletin.de\\\/bucuresti\\\/wp-content\\\/uploads\\\/Florin-Rasteiu-96x96.jpg\",\"contentUrl\":\"https:\\\/\\\/buletin.de\\\/bucuresti\\\/wp-content\\\/uploads\\\/Florin-Rasteiu-96x96.jpg\",\"caption\":\"Florin R\u00e2\u0219teiu\"},\"description\":\"Jurnalist de investiga\u021bie. Lucreaz\u0103 de aproape 6 ani la Buletin de Bucure\u0219ti, unde a publicat articole care scot la suprafa\u021b\u0103 corup\u021bia din Capital\u0103. Analizeaz\u0103 baze de date zilnic \u0219i scoate pove\u0219ti din exceluri pline de cifre. Pune reflectorul pe adev\u0103r cu fiecare ocazie. A c\u00e2\u0219tigat premiul I la categoria Pres\u0103 Local\u0103 \u00een 2025 \u0219i locul al II-lea la aceea\u0219i categorie \u00een 2024 \u00een cadrul Premiilor Superscrieri pentru jurnalism independent.\",\"url\":\"https:\\\/\\\/buletin.de\\\/bucuresti\\\/author\\\/florinrasteiu\\\/\"}]}<\/script>\n<!-- \/ Yoast SEO Premium plugin. -->","yoast_head_json":{"title":"Noi restric\u021bii \u00een Capital\u0103 | Orele de sport se pot organiza doar \u00een aer liber. Trei \u0219coli din Bucure\u0219ti se mut\u0103 \u00een online - Buletin de Bucure\u0219ti","robots":{"index":"index","follow":"follow","max-snippet":"max-snippet:-1","max-image-preview":"max-image-preview:large","max-video-preview":"max-video-preview:-1"},"canonical":"https:\/\/buletin.de\/bucuresti\/noi-restrictii-in-capitala-orele-de-sport-se-pot-organiza-doar-in-aer-liber-trei-scoli-din-bucuresti-se-muta-in-online\/","og_locale":"en_GB","og_type":"article","og_title":"Noi restric\u021bii \u00een Capital\u0103 | Orele de sport se pot organiza doar \u00een aer liber. Trei \u0219coli din Bucure\u0219ti se mut\u0103 \u00een online","og_description":"Comitetul Municipal pentru Situa\u021bii de Urgen\u021b\u0103 Bucure\u0219ti a hot\u0103r\u00e2t, ast\u0103zi, luarea unor m\u0103suri suplimentare de protec\u021bie pentru locuitorii din Capital\u0103. Ace\u0219tia sunt obliga\u021bi s\u0103 poarte masc\u0103 de protec\u021bie dac\u0103 se afl\u0103 pe o raz\u0103 de 50 m \u00een jurul unit\u0103\u021bilor de \u00eenv\u0103\u021b\u0103m\u00e2nt, iar orele de sport sep pot organiza doar \u00een aer liber. De asemenea, [&hellip;]","og_url":"https:\/\/buletin.de\/bucuresti\/noi-restrictii-in-capitala-orele-de-sport-se-pot-organiza-doar-in-aer-liber-trei-scoli-din-bucuresti-se-muta-in-online\/","og_site_name":"Buletin de Bucure\u0219ti","article_publisher":"https:\/\/www.facebook.com\/buletin.de.buc","article_published_time":"2021-09-18T13:05:10+00:00","article_modified_time":"2021-09-18T13:05:11+00:00","og_image":[{"width":777,"height":723,"url":"https:\/\/buletin.de\/bucuresti\/wp-content\/uploads\/Captura-ecran-63.png","type":"image\/png"}],"author":"Florin R\u00e2\u0219teiu","twitter_card":"summary_large_image","twitter_misc":{"Written by":"Florin R\u00e2\u0219teiu","Estimated reading time":"4 minutes"},"schema":{"@context":"https:\/\/schema.org","@graph":[{"@type":"Article","@id":"https:\/\/buletin.de\/bucuresti\/noi-restrictii-in-capitala-orele-de-sport-se-pot-organiza-doar-in-aer-liber-trei-scoli-din-bucuresti-se-muta-in-online\/#article","isPartOf":{"@id":"https:\/\/buletin.de\/bucuresti\/noi-restrictii-in-capitala-orele-de-sport-se-pot-organiza-doar-in-aer-liber-trei-scoli-din-bucuresti-se-muta-in-online\/"},"author":{"name":"Florin R\u00e2\u0219teiu","@id":"https:\/\/buletin.de\/bucuresti\/#\/schema\/person\/b0686d7a8b666c6afc78239777fd8a89"},"headline":"Noi restric\u021bii \u00een Capital\u0103 | Orele de sport se pot organiza doar \u00een aer liber. Trei \u0219coli din Bucure\u0219ti se mut\u0103 \u00een online","datePublished":"2021-09-18T13:05:10+00:00","dateModified":"2021-09-18T13:05:11+00:00","mainEntityOfPage":{"@id":"https:\/\/buletin.de\/bucuresti\/noi-restrictii-in-capitala-orele-de-sport-se-pot-organiza-doar-in-aer-liber-trei-scoli-din-bucuresti-se-muta-in-online\/"},"wordCount":963,"publisher":{"@id":"https:\/\/buletin.de\/bucuresti\/#organization"},"image":{"@id":"https:\/\/buletin.de\/bucuresti\/noi-restrictii-in-capitala-orele-de-sport-se-pot-organiza-doar-in-aer-liber-trei-scoli-din-bucuresti-se-muta-in-online\/#primaryimage"},"thumbnailUrl":"https:\/\/buletin.de\/bucuresti\/wp-content\/uploads\/Captura-ecran-63.png","articleSection":["\u0218tiri"],"inLanguage":"en-GB","copyrightYear":"2021","copyrightHolder":{"@id":"https:\/\/buletin.de\/bucuresti\/#organization"}},{"@type":"WebPage","@id":"https:\/\/buletin.de\/bucuresti\/noi-restrictii-in-capitala-orele-de-sport-se-pot-organiza-doar-in-aer-liber-trei-scoli-din-bucuresti-se-muta-in-online\/","url":"https:\/\/buletin.de\/bucuresti\/noi-restrictii-in-capitala-orele-de-sport-se-pot-organiza-doar-in-aer-liber-trei-scoli-din-bucuresti-se-muta-in-online\/","name":"Noi restric\u021bii \u00een Capital\u0103 | Orele de sport se pot organiza doar \u00een aer liber. Trei \u0219coli din Bucure\u0219ti se mut\u0103 \u00een online - Buletin de Bucure\u0219ti","isPartOf":{"@id":"https:\/\/buletin.de\/bucuresti\/#website"},"primaryImageOfPage":{"@id":"https:\/\/buletin.de\/bucuresti\/noi-restrictii-in-capitala-orele-de-sport-se-pot-organiza-doar-in-aer-liber-trei-scoli-din-bucuresti-se-muta-in-online\/#primaryimage"},"image":{"@id":"https:\/\/buletin.de\/bucuresti\/noi-restrictii-in-capitala-orele-de-sport-se-pot-organiza-doar-in-aer-liber-trei-scoli-din-bucuresti-se-muta-in-online\/#primaryimage"},"thumbnailUrl":"https:\/\/buletin.de\/bucuresti\/wp-content\/uploads\/Captura-ecran-63.png","datePublished":"2021-09-18T13:05:10+00:00","dateModified":"2021-09-18T13:05:11+00:00","breadcrumb":{"@id":"https:\/\/buletin.de\/bucuresti\/noi-restrictii-in-capitala-orele-de-sport-se-pot-organiza-doar-in-aer-liber-trei-scoli-din-bucuresti-se-muta-in-online\/#breadcrumb"},"inLanguage":"en-GB","potentialAction":[{"@type":"ReadAction","target":["https:\/\/buletin.de\/bucuresti\/noi-restrictii-in-capitala-orele-de-sport-se-pot-organiza-doar-in-aer-liber-trei-scoli-din-bucuresti-se-muta-in-online\/"]}]},{"@type":"ImageObject","inLanguage":"en-GB","@id":"https:\/\/buletin.de\/bucuresti\/noi-restrictii-in-capitala-orele-de-sport-se-pot-organiza-doar-in-aer-liber-trei-scoli-din-bucuresti-se-muta-in-online\/#primaryimage","url":"https:\/\/buletin.de\/bucuresti\/wp-content\/uploads\/Captura-ecran-63.png","contentUrl":"https:\/\/buletin.de\/bucuresti\/wp-content\/uploads\/Captura-ecran-63.png","width":777,"height":723},{"@type":"BreadcrumbList","@id":"https:\/\/buletin.de\/bucuresti\/noi-restrictii-in-capitala-orele-de-sport-se-pot-organiza-doar-in-aer-liber-trei-scoli-din-bucuresti-se-muta-in-online\/#breadcrumb","itemListElement":[{"@type":"ListItem","position":1,"name":"Acas\u0103","item":"https:\/\/buletin.de\/bucuresti\/"},{"@type":"ListItem","position":2,"name":"Noi restric\u021bii \u00een Capital\u0103 | Orele de sport se pot organiza doar \u00een aer liber. Trei \u0219coli din Bucure\u0219ti se mut\u0103 \u00een online"}]},{"@type":"WebSite","@id":"https:\/\/buletin.de\/bucuresti\/#website","url":"https:\/\/buletin.de\/bucuresti\/","name":"Buletin de Bucure\u0219ti","description":"\u0218tiri \u0219i investiga\u021bii esen\u021biale din capital\u0103","publisher":{"@id":"https:\/\/buletin.de\/bucuresti\/#organization"},"potentialAction":[{"@type":"SearchAction","target":{"@type":"EntryPoint","urlTemplate":"https:\/\/buletin.de\/bucuresti\/?s={search_term_string}"},"query-input":{"@type":"PropertyValueSpecification","valueRequired":true,"valueName":"search_term_string"}}],"inLanguage":"en-GB"},{"@type":"Organization","@id":"https:\/\/buletin.de\/bucuresti\/#organization","name":"Buletin de Bucure\u0219ti","url":"https:\/\/buletin.de\/bucuresti\/","logo":{"@type":"ImageObject","inLanguage":"en-GB","@id":"https:\/\/buletin.de\/bucuresti\/#\/schema\/logo\/image\/","url":"https:\/\/buletin.de\/bucuresti\/wp-content\/uploads\/logo-bdb-full-wide-vernil-transparent.png","contentUrl":"https:\/\/buletin.de\/bucuresti\/wp-content\/uploads\/logo-bdb-full-wide-vernil-transparent.png","width":1782,"height":626,"caption":"Buletin de Bucure\u0219ti"},"image":{"@id":"https:\/\/buletin.de\/bucuresti\/#\/schema\/logo\/image\/"},"sameAs":["https:\/\/www.facebook.com\/buletin.de.buc","https:\/\/www.instagram.com\/buletinde.bucuresti\/"]},{"@type":"Person","@id":"https:\/\/buletin.de\/bucuresti\/#\/schema\/person\/b0686d7a8b666c6afc78239777fd8a89","name":"Florin R\u00e2\u0219teiu","image":{"@type":"ImageObject","inLanguage":"en-GB","@id":"https:\/\/buletin.de\/bucuresti\/wp-content\/uploads\/Florin-Rasteiu-96x96.jpgf0a6fe28453aa12f0a60e4d0a2e3a78c","url":"https:\/\/buletin.de\/bucuresti\/wp-content\/uploads\/Florin-Rasteiu-96x96.jpg","contentUrl":"https:\/\/buletin.de\/bucuresti\/wp-content\/uploads\/Florin-Rasteiu-96x96.jpg","caption":"Florin R\u00e2\u0219teiu"},"description":"Jurnalist de investiga\u021bie. Lucreaz\u0103 de aproape 6 ani la Buletin de Bucure\u0219ti, unde a publicat articole care scot la suprafa\u021b\u0103 corup\u021bia din Capital\u0103. Analizeaz\u0103 baze de date zilnic \u0219i scoate pove\u0219ti din exceluri pline de cifre. Pune reflectorul pe adev\u0103r cu fiecare ocazie. A c\u00e2\u0219tigat premiul I la categoria Pres\u0103 Local\u0103 \u00een 2025 \u0219i locul al II-lea la aceea\u0219i categorie \u00een 2024 \u00een cadrul Premiilor Superscrieri pentru jurnalism independent.","url":"https:\/\/buletin.de\/bucuresti\/author\/florinrasteiu\/"}]}},"authors":[{"term_id":22576,"user_id":17,"is_guest":0,"slug":"florinrasteiu","display_name":"Florin R\u00e2\u0219teiu","avatar_url":"https:\/\/buletin.de\/bucuresti\/wp-content\/uploads\/Florin-Rasteiu-96x96.jpg","0":null,"1":"","2":"","3":"","4":"","5":"","6":"","7":"","8":""}],"_links":{"self":[{"href":"https:\/\/buletin.de\/bucuresti\/wp-json\/wp\/v2\/posts\/30988","targetHints":{"allow":["GET"]}}],"collection":[{"href":"https:\/\/buletin.de\/bucuresti\/wp-json\/wp\/v2\/posts"}],"about":[{"href":"https:\/\/buletin.de\/bucuresti\/wp-json\/wp\/v2\/types\/post"}],"author":[{"embeddable":true,"href":"https:\/\/buletin.de\/bucuresti\/wp-json\/wp\/v2\/users\/17"}],"replies":[{"embeddable":true,"href":"https:\/\/buletin.de\/bucuresti\/wp-json\/wp\/v2\/comments?post=30988"}],"version-history":[{"count":4,"href":"https:\/\/buletin.de\/bucuresti\/wp-json\/wp\/v2\/posts\/30988\/revisions"}],"predecessor-version":[{"id":30995,"href":"https:\/\/buletin.de\/bucuresti\/wp-json\/wp\/v2\/posts\/30988\/revisions\/30995"}],"wp:featuredmedia":[{"embeddable":true,"href":"https:\/\/buletin.de\/bucuresti\/wp-json\/wp\/v2\/media\/30989"}],"wp:attachment":[{"href":"https:\/\/buletin.de\/bucuresti\/wp-json\/wp\/v2\/media?parent=30988"}],"wp:term":[{"taxonomy":"category","embeddable":true,"href":"https:\/\/buletin.de\/bucuresti\/wp-json\/wp\/v2\/categories?post=30988"},{"taxonomy":"post_tag","embeddable":true,"href":"https:\/\/buletin.de\/bucuresti\/wp-json\/wp\/v2\/tags?post=30988"},{"taxonomy":"author","embeddable":true,"href":"https:\/\/buletin.de\/bucuresti\/wp-json\/wp\/v2\/ppma_author?post=30988"}],"curies":[{"name":"wp","href":"https:\/\/api.w.org\/{rel}","templated":true}]}}