{"id":30978,"date":"2021-09-18T15:16:02","date_gmt":"2021-09-18T12:16:02","guid":{"rendered":"https:\/\/buletin.de\/bucuresti\/?p=30978"},"modified":"2021-09-18T15:16:02","modified_gmt":"2021-09-18T12:16:02","slug":"foto-umple-golul-din-viata-ta-caini-pentru-adoptie-prezentati-la-meciul-rapid-gaz-metan","status":"publish","type":"post","link":"https:\/\/buletin.de\/bucuresti\/foto-umple-golul-din-viata-ta-caini-pentru-adoptie-prezentati-la-meciul-rapid-gaz-metan\/","title":{"rendered":"(FOTO) \u201eUmple golul din via\u021ba ta\u201d: c\u00e2ini pentru adop\u021bie, prezenta\u021bi la meciul Rapid-Gaz Metan"},"content":{"rendered":"\n<p><strong>Mici \u0219i mari, salva\u021bi de la o via\u021b\u0103 chinuit\u0103 petrecut\u0103 pe str\u0103zi, a\u0219teapt\u0103 s\u0103-\u0219i g\u0103seasc\u0103 familii. \u0218ase c\u00e2ini, preg\u0103ti\u021bi s\u0103 \u00eenceap\u0103 o via\u021b\u0103 nou\u0103 al\u0103turi de st\u0103p\u00e2nii lor, au fost prezenta\u021bi de c\u0103tre fotbali\u0219ti seara trecut\u0103, pe Arena Na\u021bional\u0103, \u00eenaintea meciului Rapid-Gaz Metan.<\/strong><\/p>\n\n\n\n<figure class=\"wp-block-gallery columns-3 is-cropped wp-block-gallery-1 is-layout-flex wp-block-gallery-is-layout-flex\"><ul class=\"blocks-gallery-grid\"><li class=\"blocks-gallery-item\"><figure><img fetchpriority=\"high\" decoding=\"async\" width=\"866\" height=\"900\" src=\"data:image\/gif;base64,R0lGODlhAQABAAAAACH5BAEKAAEALAAAAAABAAEAAAICTAEAOw==\" data-src=\"https:\/\/buletin.de\/bucuresti\/wp-content\/uploads\/caini-fotbal-866x900.jpg\" alt=\"\" data-id=\"30979\" data-full-url=\"https:\/\/buletin.de\/bucuresti\/wp-content\/uploads\/caini-fotbal.jpg\" data-link=\"https:\/\/buletin.de\/bucuresti\/?attachment_id=30979\" class=\"wp-image-30979 lazyload\" data-sizes=\"auto\" data-srcset=\"https:\/\/buletin.de\/bucuresti\/wp-content\/uploads\/caini-fotbal-866x900.jpg 866w, https:\/\/buletin.de\/bucuresti\/wp-content\/uploads\/caini-fotbal-289x300.jpg 289w, https:\/\/buletin.de\/bucuresti\/wp-content\/uploads\/caini-fotbal-768x798.jpg 768w, https:\/\/buletin.de\/bucuresti\/wp-content\/uploads\/caini-fotbal-550x571.jpg 550w, https:\/\/buletin.de\/bucuresti\/wp-content\/uploads\/caini-fotbal-481x500.jpg 481w, https:\/\/buletin.de\/bucuresti\/wp-content\/uploads\/caini-fotbal-600x623.jpg 600w, https:\/\/buletin.de\/bucuresti\/wp-content\/uploads\/caini-fotbal.jpg 924w\" sizes=\"(max-width: 866px) 100vw, 866px\" \/><\/figure><\/li><li class=\"blocks-gallery-item\"><figure><img decoding=\"async\" width=\"679\" height=\"900\" src=\"data:image\/gif;base64,R0lGODlhAQABAAAAACH5BAEKAAEALAAAAAABAAEAAAICTAEAOw==\" data-src=\"https:\/\/buletin.de\/bucuresti\/wp-content\/uploads\/fotbal-caini-adoprtie-4-679x900.jpg\" alt=\"\" data-id=\"30980\" data-full-url=\"https:\/\/buletin.de\/bucuresti\/wp-content\/uploads\/fotbal-caini-adoprtie-4.jpg\" data-link=\"https:\/\/buletin.de\/bucuresti\/?attachment_id=30980\" class=\"wp-image-30980 lazyload\" data-sizes=\"auto\" data-srcset=\"https:\/\/buletin.de\/bucuresti\/wp-content\/uploads\/fotbal-caini-adoprtie-4-679x900.jpg 679w, https:\/\/buletin.de\/bucuresti\/wp-content\/uploads\/fotbal-caini-adoprtie-4-226x300.jpg 226w, https:\/\/buletin.de\/bucuresti\/wp-content\/uploads\/fotbal-caini-adoprtie-4-550x729.jpg 550w, https:\/\/buletin.de\/bucuresti\/wp-content\/uploads\/fotbal-caini-adoprtie-4-377x500.jpg 377w, https:\/\/buletin.de\/bucuresti\/wp-content\/uploads\/fotbal-caini-adoprtie-4-600x796.jpg 600w, https:\/\/buletin.de\/bucuresti\/wp-content\/uploads\/fotbal-caini-adoprtie-4.jpg 724w\" sizes=\"(max-width: 679px) 100vw, 679px\" \/><\/figure><\/li><li class=\"blocks-gallery-item\"><figure><img decoding=\"async\" width=\"900\" height=\"600\" src=\"data:image\/gif;base64,R0lGODlhAQABAAAAACH5BAEKAAEALAAAAAABAAEAAAICTAEAOw==\" data-src=\"https:\/\/buletin.de\/bucuresti\/wp-content\/uploads\/fotbal-caini-adoptie-2-900x600.jpg\" alt=\"\" data-id=\"30981\" data-full-url=\"https:\/\/buletin.de\/bucuresti\/wp-content\/uploads\/fotbal-caini-adoptie-2.jpg\" data-link=\"https:\/\/buletin.de\/bucuresti\/?attachment_id=30981\" class=\"wp-image-30981 lazyload\" data-sizes=\"auto\" data-srcset=\"https:\/\/buletin.de\/bucuresti\/wp-content\/uploads\/fotbal-caini-adoptie-2-900x600.jpg 900w, https:\/\/buletin.de\/bucuresti\/wp-content\/uploads\/fotbal-caini-adoptie-2-300x200.jpg 300w, https:\/\/buletin.de\/bucuresti\/wp-content\/uploads\/fotbal-caini-adoptie-2-768x512.jpg 768w, https:\/\/buletin.de\/bucuresti\/wp-content\/uploads\/fotbal-caini-adoptie-2-550x367.jpg 550w, https:\/\/buletin.de\/bucuresti\/wp-content\/uploads\/fotbal-caini-adoptie-2-750x500.jpg 750w, https:\/\/buletin.de\/bucuresti\/wp-content\/uploads\/fotbal-caini-adoptie-2-600x400.jpg 600w, https:\/\/buletin.de\/bucuresti\/wp-content\/uploads\/fotbal-caini-adoptie-2.jpg 960w\" sizes=\"(max-width: 900px) 100vw, 900px\" \/><\/figure><\/li><li class=\"blocks-gallery-item\"><figure><img loading=\"lazy\" decoding=\"async\" width=\"900\" height=\"600\" src=\"data:image\/gif;base64,R0lGODlhAQABAAAAACH5BAEKAAEALAAAAAABAAEAAAICTAEAOw==\" data-src=\"https:\/\/buletin.de\/bucuresti\/wp-content\/uploads\/fotbal-caini-adoptie-3-900x600.jpg\" alt=\"\" data-id=\"30982\" data-full-url=\"https:\/\/buletin.de\/bucuresti\/wp-content\/uploads\/fotbal-caini-adoptie-3.jpg\" data-link=\"https:\/\/buletin.de\/bucuresti\/?attachment_id=30982\" class=\"wp-image-30982 lazyload\" data-sizes=\"auto\" data-srcset=\"https:\/\/buletin.de\/bucuresti\/wp-content\/uploads\/fotbal-caini-adoptie-3-900x600.jpg 900w, https:\/\/buletin.de\/bucuresti\/wp-content\/uploads\/fotbal-caini-adoptie-3-300x200.jpg 300w, https:\/\/buletin.de\/bucuresti\/wp-content\/uploads\/fotbal-caini-adoptie-3-768x512.jpg 768w, https:\/\/buletin.de\/bucuresti\/wp-content\/uploads\/fotbal-caini-adoptie-3-550x367.jpg 550w, https:\/\/buletin.de\/bucuresti\/wp-content\/uploads\/fotbal-caini-adoptie-3-750x500.jpg 750w, https:\/\/buletin.de\/bucuresti\/wp-content\/uploads\/fotbal-caini-adoptie-3-600x400.jpg 600w, https:\/\/buletin.de\/bucuresti\/wp-content\/uploads\/fotbal-caini-adoptie-3.jpg 960w\" sizes=\"(max-width: 900px) 100vw, 900px\" \/><\/figure><\/li><li class=\"blocks-gallery-item\"><figure><img loading=\"lazy\" decoding=\"async\" width=\"675\" height=\"900\" src=\"data:image\/gif;base64,R0lGODlhAQABAAAAACH5BAEKAAEALAAAAAABAAEAAAICTAEAOw==\" data-src=\"https:\/\/buletin.de\/bucuresti\/wp-content\/uploads\/fotbal-caini-adoptie-5-675x900.jpg\" alt=\"\" data-id=\"30983\" data-full-url=\"https:\/\/buletin.de\/bucuresti\/wp-content\/uploads\/fotbal-caini-adoptie-5.jpg\" data-link=\"https:\/\/buletin.de\/bucuresti\/?attachment_id=30983\" class=\"wp-image-30983 lazyload\" data-sizes=\"auto\" data-srcset=\"https:\/\/buletin.de\/bucuresti\/wp-content\/uploads\/fotbal-caini-adoptie-5-675x900.jpg 675w, https:\/\/buletin.de\/bucuresti\/wp-content\/uploads\/fotbal-caini-adoptie-5-225x300.jpg 225w, https:\/\/buletin.de\/bucuresti\/wp-content\/uploads\/fotbal-caini-adoptie-5-550x733.jpg 550w, https:\/\/buletin.de\/bucuresti\/wp-content\/uploads\/fotbal-caini-adoptie-5-375x500.jpg 375w, https:\/\/buletin.de\/bucuresti\/wp-content\/uploads\/fotbal-caini-adoptie-5-600x800.jpg 600w, https:\/\/buletin.de\/bucuresti\/wp-content\/uploads\/fotbal-caini-adoptie-5.jpg 720w\" sizes=\"(max-width: 675px) 100vw, 675px\" \/><\/figure><\/li><li class=\"blocks-gallery-item\"><figure><img loading=\"lazy\" decoding=\"async\" width=\"675\" height=\"900\" src=\"data:image\/gif;base64,R0lGODlhAQABAAAAACH5BAEKAAEALAAAAAABAAEAAAICTAEAOw==\" data-src=\"https:\/\/buletin.de\/bucuresti\/wp-content\/uploads\/fotbal-caini-adoptie-6-675x900.jpg\" alt=\"\" data-id=\"30984\" data-full-url=\"https:\/\/buletin.de\/bucuresti\/wp-content\/uploads\/fotbal-caini-adoptie-6.jpg\" data-link=\"https:\/\/buletin.de\/bucuresti\/?attachment_id=30984\" class=\"wp-image-30984 lazyload\" data-sizes=\"auto\" data-srcset=\"https:\/\/buletin.de\/bucuresti\/wp-content\/uploads\/fotbal-caini-adoptie-6-675x900.jpg 675w, https:\/\/buletin.de\/bucuresti\/wp-content\/uploads\/fotbal-caini-adoptie-6-225x300.jpg 225w, https:\/\/buletin.de\/bucuresti\/wp-content\/uploads\/fotbal-caini-adoptie-6-550x733.jpg 550w, https:\/\/buletin.de\/bucuresti\/wp-content\/uploads\/fotbal-caini-adoptie-6-375x500.jpg 375w, https:\/\/buletin.de\/bucuresti\/wp-content\/uploads\/fotbal-caini-adoptie-6-600x800.jpg 600w, https:\/\/buletin.de\/bucuresti\/wp-content\/uploads\/fotbal-caini-adoptie-6.jpg 720w\" sizes=\"(max-width: 675px) 100vw, 675px\" \/><\/figure><\/li><li class=\"blocks-gallery-item\"><figure><img loading=\"lazy\" decoding=\"async\" width=\"900\" height=\"600\" src=\"data:image\/gif;base64,R0lGODlhAQABAAAAACH5BAEKAAEALAAAAAABAAEAAAICTAEAOw==\" data-src=\"https:\/\/buletin.de\/bucuresti\/wp-content\/uploads\/fotbal-caini-adoptie-main-900x600.jpg\" alt=\"\" data-id=\"30985\" data-full-url=\"https:\/\/buletin.de\/bucuresti\/wp-content\/uploads\/fotbal-caini-adoptie-main.jpg\" data-link=\"https:\/\/buletin.de\/bucuresti\/?attachment_id=30985\" class=\"wp-image-30985 lazyload\" data-sizes=\"auto\" data-srcset=\"https:\/\/buletin.de\/bucuresti\/wp-content\/uploads\/fotbal-caini-adoptie-main-900x600.jpg 900w, https:\/\/buletin.de\/bucuresti\/wp-content\/uploads\/fotbal-caini-adoptie-main-300x200.jpg 300w, https:\/\/buletin.de\/bucuresti\/wp-content\/uploads\/fotbal-caini-adoptie-main-768x512.jpg 768w, https:\/\/buletin.de\/bucuresti\/wp-content\/uploads\/fotbal-caini-adoptie-main-550x367.jpg 550w, https:\/\/buletin.de\/bucuresti\/wp-content\/uploads\/fotbal-caini-adoptie-main-750x500.jpg 750w, https:\/\/buletin.de\/bucuresti\/wp-content\/uploads\/fotbal-caini-adoptie-main-600x400.jpg 600w, https:\/\/buletin.de\/bucuresti\/wp-content\/uploads\/fotbal-caini-adoptie-main.jpg 960w\" sizes=\"(max-width: 900px) 100vw, 900px\" \/><\/figure><\/li><li class=\"blocks-gallery-item\"><figure><img loading=\"lazy\" decoding=\"async\" width=\"900\" height=\"600\" src=\"data:image\/gif;base64,R0lGODlhAQABAAAAACH5BAEKAAEALAAAAAABAAEAAAICTAEAOw==\" data-src=\"https:\/\/buletin.de\/bucuresti\/wp-content\/uploads\/fotbal-caini-adoptie-900x600.jpg\" alt=\"\" data-id=\"30986\" data-full-url=\"https:\/\/buletin.de\/bucuresti\/wp-content\/uploads\/fotbal-caini-adoptie.jpg\" data-link=\"https:\/\/buletin.de\/bucuresti\/?attachment_id=30986\" class=\"wp-image-30986 lazyload\" data-sizes=\"auto\" data-srcset=\"https:\/\/buletin.de\/bucuresti\/wp-content\/uploads\/fotbal-caini-adoptie-900x600.jpg 900w, https:\/\/buletin.de\/bucuresti\/wp-content\/uploads\/fotbal-caini-adoptie-300x200.jpg 300w, https:\/\/buletin.de\/bucuresti\/wp-content\/uploads\/fotbal-caini-adoptie-768x512.jpg 768w, https:\/\/buletin.de\/bucuresti\/wp-content\/uploads\/fotbal-caini-adoptie-550x367.jpg 550w, https:\/\/buletin.de\/bucuresti\/wp-content\/uploads\/fotbal-caini-adoptie-750x500.jpg 750w, https:\/\/buletin.de\/bucuresti\/wp-content\/uploads\/fotbal-caini-adoptie-600x400.jpg 600w, https:\/\/buletin.de\/bucuresti\/wp-content\/uploads\/fotbal-caini-adoptie.jpg 960w\" sizes=\"(max-width: 900px) 100vw, 900px\" \/><\/figure><\/li><\/ul><figcaption class=\"blocks-gallery-caption\">sursa foto: Facebbok \/ Protec\u021bia Animalelor CJ Ilfov<\/figcaption><\/figure>\n\n\n\n<p><em>\u201eA fost din nou o sear\u0103 magic\u0103. \u201eUmple g\u26bd\ufe0flul din via\u021ba ta\u201d, la meciul Rapid-Gaz Metan. &nbsp;Asear\u0103 am prezentat din nou \u0219ase c\u0103\u021bei pentru adop\u021bie, pe Arena Na\u021bional\u0103. To\u021bi sunt pui, unii de talie mic\u0103, al\u021bii de talie mare. To\u021bi au nevoie de familii iubitoare \u0219i responsabile. &nbsp;Mul\u021bumim mult juc\u0103torilor celor dou\u0103 echipe! S-au implicat cu adev\u0103rat \u00een acest proiect, au \u021binut c\u0103\u021beii \u00een bra\u021be cu grij\u0103 \u0219i tandre\u021be. Mul\u021bumim, Liga Profesionista de Fotbal LPF! Din nou totul s-a desf\u0103\u0219urat ca la carte. Suporterii au fost foarte \u00een\u021beleg\u0103tori \u0219i au \u021binut cont de faptul c\u0103 orice zgomot extrem ar fi putut traumatiza c\u0103\u021beii\u201d,<\/em> au precizat reprezentan\u021bii Protec\u021biei Animalelor din Ilfov.<\/p>\n\n\n\n<iframe src=\"https:\/\/www.facebook.com\/plugins\/video.php?height=317&#038;href=https%3A%2F%2Fwww.facebook.com%2Fhilde.stefania%2Fvideos%2F274959517798236%2F&#038;show_text=true&#038;width=560&#038;t=0\" width=\"560\" height=\"432\" style=\"border:none;overflow:hidden\" scrolling=\"no\" frameborder=\"0\" allowfullscreen=\"true\" allow=\"autoplay; clipboard-write; encrypted-media; picture-in-picture; web-share\" allowFullScreen=\"true\"><\/iframe>\n\n\n\n<p>Liga Profesionist\u0103 de Fotbal \u0219i Consiliul Jude\u021bean Ilfov au ini\u021biat o campanie prin care se sus\u021bine adop\u021bia c\u00e2inilor f\u0103r\u0103 st\u0103p\u00e2n. Astfel, animalele din ad\u0103posturile publice din jude\u021bul Ilfov vor fi prezentate \u00eenaintea meciurilor.<\/p>\n\n\n\n<p><em>\u201eMen\u0163ion\u0103m c\u0103, recent, CJ Ilfov a \u00eencheiat un proiect de colaborare cu LPF av\u00e2nd drept obiectiv promovarea adop\u0163iei de animale \u00een Rom\u00e2nia. C\u00e2inii sunt vaccina\u0163i, steriliza\u0163i, deparazita\u0163i, preg\u0103ti\u0163i pentru a fi lua\u0163i acas\u0103 de c\u0103tre iubitorii de animale\u201d,<\/em> au declarat oficialii LPF.<\/p>\n\n\n\n<p>Primii c\u00e2ini disponibili pentru adop\u021bie au fost prezenta\u021bi duminica trecut\u0103, la derby-ul FCSB-Dinamo, care s-a disputant pe Arena Na\u021bional\u0103.<\/p>\n\n\n\n<p>Dup\u0103 meciul de s\u0103pt\u0103m\u00e2na trecut\u0103, imaginile cu fotbali\u0219tii care \u021bin \u00een bra\u021be c\u00e2inii f\u0103r\u0103 st\u0103p\u00e2n au ap\u0103rut \u00een \u00eentreaga lume:<\/p>\n\n\n\n<iframe src=\"https:\/\/www.facebook.com\/plugins\/post.php?href=https%3A%2F%2Fwww.facebook.com%2FESPNFC%2Fphotos%2Fa.403514944820%2F10159140521264821%2F%3Ftype%3D3&#038;show_text=true&#038;width=500\" width=\"500\" height=\"609\" style=\"border:none;overflow:hidden\" scrolling=\"no\" frameborder=\"0\" allowfullscreen=\"true\" allow=\"autoplay; clipboard-write; encrypted-media; picture-in-picture; web-share\"><\/iframe>\n\n\n\n<iframe src=\"https:\/\/www.facebook.com\/plugins\/post.php?href=https%3A%2F%2Fwww.facebook.com%2FSavetheDogsSTD%2Fposts%2F5070016269680086&#038;show_text=true&#038;width=500\" width=\"500\" height=\"560\" style=\"border:none;overflow:hidden\" scrolling=\"no\" frameborder=\"0\" allowfullscreen=\"true\" allow=\"autoplay; clipboard-write; encrypted-media; picture-in-picture; web-share\"><\/iframe>\n\n\n\n<iframe src=\"https:\/\/www.facebook.com\/plugins\/post.php?href=https%3A%2F%2Fwww.facebook.com%2Fcalcioscostumato%2Fposts%2F3972576429520771&#038;show_text=true&#038;width=500\" width=\"500\" height=\"527\" style=\"border:none;overflow:hidden\" scrolling=\"no\" frameborder=\"0\" allowfullscreen=\"true\" allow=\"autoplay; clipboard-write; encrypted-media; picture-in-picture; web-share\"><\/iframe>\n","protected":false},"excerpt":{"rendered":"<p>Mici \u0219i mari, salva\u021bi de la o via\u021b\u0103 chinuit\u0103 petrecut\u0103 pe str\u0103zi, a\u0219teapt\u0103 s\u0103-\u0219i g\u0103seasc\u0103 familii. \u0218ase c\u00e2ini, preg\u0103ti\u021bi s\u0103 \u00eenceap\u0103 o via\u021b\u0103 nou\u0103 al\u0103turi de st\u0103p\u00e2nii lor, au fost prezenta\u021bi de c\u0103tre fotbali\u0219ti seara trecut\u0103, pe Arena Na\u021bional\u0103, \u00eenaintea meciului Rapid-Gaz Metan. \u201eA fost din nou o sear\u0103 magic\u0103. \u201eUmple g\u26bd\ufe0flul din via\u021ba ta\u201d, [&hellip;]<\/p>\n","protected":false},"author":25,"featured_media":30984,"comment_status":"closed","ping_status":"open","sticky":false,"template":"","format":"standard","meta":{"_acf_changed":false,"inline_featured_image":false,"ngg_post_thumbnail":0,"footnotes":""},"categories":[62],"tags":[3275,307,2920,820,3277,3276],"ppma_author":[22597],"class_list":["post-30978","post","type-post","status-publish","format-standard","has-post-thumbnail","hentry","category-stiri","tag-adoptie","tag-caini","tag-fotbal","tag-ilfov","tag-lpf","tag-protectia-animalelor"],"acf":[],"yoast_head":"<!-- This site is optimized with the Yoast SEO Premium plugin v25.3 (Yoast SEO v27.5) - https:\/\/yoast.com\/product\/yoast-seo-premium-wordpress\/ -->\n<title>(FOTO) \u201eUmple golul din via\u021ba ta\u201d: c\u00e2ini pentru adop\u021bie, prezenta\u021bi la meciul Rapid-Gaz Metan - Buletin de Bucure\u0219ti<\/title>\n<meta name=\"robots\" content=\"index, follow, max-snippet:-1, max-image-preview:large, max-video-preview:-1\" \/>\n<link rel=\"canonical\" href=\"https:\/\/buletin.de\/bucuresti\/foto-umple-golul-din-viata-ta-caini-pentru-adoptie-prezentati-la-meciul-rapid-gaz-metan\/\" \/>\n<meta property=\"og:locale\" content=\"en_GB\" \/>\n<meta property=\"og:type\" content=\"article\" \/>\n<meta property=\"og:title\" content=\"(FOTO) \u201eUmple golul din via\u021ba ta\u201d: c\u00e2ini pentru adop\u021bie, prezenta\u021bi la meciul Rapid-Gaz Metan\" \/>\n<meta property=\"og:description\" content=\"Mici \u0219i mari, salva\u021bi de la o via\u021b\u0103 chinuit\u0103 petrecut\u0103 pe str\u0103zi, a\u0219teapt\u0103 s\u0103-\u0219i g\u0103seasc\u0103 familii. \u0218ase c\u00e2ini, preg\u0103ti\u021bi s\u0103 \u00eenceap\u0103 o via\u021b\u0103 nou\u0103 al\u0103turi de st\u0103p\u00e2nii lor, au fost prezenta\u021bi de c\u0103tre fotbali\u0219ti seara trecut\u0103, pe Arena Na\u021bional\u0103, \u00eenaintea meciului Rapid-Gaz Metan. \u201eA fost din nou o sear\u0103 magic\u0103. \u201eUmple g\u26bd\ufe0flul din via\u021ba ta\u201d, [&hellip;]\" \/>\n<meta property=\"og:url\" content=\"https:\/\/buletin.de\/bucuresti\/foto-umple-golul-din-viata-ta-caini-pentru-adoptie-prezentati-la-meciul-rapid-gaz-metan\/\" \/>\n<meta property=\"og:site_name\" content=\"Buletin de Bucure\u0219ti\" \/>\n<meta property=\"article:publisher\" content=\"https:\/\/www.facebook.com\/buletin.de.buc\" \/>\n<meta property=\"article:published_time\" content=\"2021-09-18T12:16:02+00:00\" \/>\n<meta property=\"og:image\" content=\"https:\/\/buletin.de\/bucuresti\/wp-content\/uploads\/fotbal-caini-adoptie-6.jpg\" \/>\n\t<meta property=\"og:image:width\" content=\"720\" \/>\n\t<meta property=\"og:image:height\" content=\"960\" \/>\n\t<meta property=\"og:image:type\" content=\"image\/jpeg\" \/>\n<meta name=\"author\" content=\"Ana Tudor\" \/>\n<meta name=\"twitter:card\" content=\"summary_large_image\" \/>\n<meta name=\"twitter:label1\" content=\"Written by\" \/>\n\t<meta name=\"twitter:data1\" content=\"Ana Tudor\" \/>\n\t<meta name=\"twitter:label2\" content=\"Estimated reading time\" \/>\n\t<meta name=\"twitter:data2\" content=\"3 minutes\" \/>\n<script type=\"application\/ld+json\" class=\"yoast-schema-graph\">{\"@context\":\"https:\\\/\\\/schema.org\",\"@graph\":[{\"@type\":\"Article\",\"@id\":\"https:\\\/\\\/buletin.de\\\/bucuresti\\\/foto-umple-golul-din-viata-ta-caini-pentru-adoptie-prezentati-la-meciul-rapid-gaz-metan\\\/#article\",\"isPartOf\":{\"@id\":\"https:\\\/\\\/buletin.de\\\/bucuresti\\\/foto-umple-golul-din-viata-ta-caini-pentru-adoptie-prezentati-la-meciul-rapid-gaz-metan\\\/\"},\"author\":{\"name\":\"Ana Tudor\",\"@id\":\"https:\\\/\\\/buletin.de\\\/bucuresti\\\/#\\\/schema\\\/person\\\/8ce85bbda5515a1abb525993294155a8\"},\"headline\":\"(FOTO) \u201eUmple golul din via\u021ba ta\u201d: c\u00e2ini pentru adop\u021bie, prezenta\u021bi la meciul Rapid-Gaz Metan\",\"datePublished\":\"2021-09-18T12:16:02+00:00\",\"mainEntityOfPage\":{\"@id\":\"https:\\\/\\\/buletin.de\\\/bucuresti\\\/foto-umple-golul-din-viata-ta-caini-pentru-adoptie-prezentati-la-meciul-rapid-gaz-metan\\\/\"},\"wordCount\":369,\"publisher\":{\"@id\":\"https:\\\/\\\/buletin.de\\\/bucuresti\\\/#organization\"},\"image\":{\"@id\":\"https:\\\/\\\/buletin.de\\\/bucuresti\\\/foto-umple-golul-din-viata-ta-caini-pentru-adoptie-prezentati-la-meciul-rapid-gaz-metan\\\/#primaryimage\"},\"thumbnailUrl\":\"https:\\\/\\\/buletin.de\\\/bucuresti\\\/wp-content\\\/uploads\\\/fotbal-caini-adoptie-6.jpg\",\"keywords\":[\"adoptie\",\"caini\",\"Fotbal\",\"Ilfov\",\"LPF\",\"protectia animalelor\"],\"articleSection\":[\"\u0218tiri\"],\"inLanguage\":\"en-GB\",\"copyrightYear\":\"2021\",\"copyrightHolder\":{\"@id\":\"https:\\\/\\\/buletin.de\\\/bucuresti\\\/#organization\"}},{\"@type\":\"WebPage\",\"@id\":\"https:\\\/\\\/buletin.de\\\/bucuresti\\\/foto-umple-golul-din-viata-ta-caini-pentru-adoptie-prezentati-la-meciul-rapid-gaz-metan\\\/\",\"url\":\"https:\\\/\\\/buletin.de\\\/bucuresti\\\/foto-umple-golul-din-viata-ta-caini-pentru-adoptie-prezentati-la-meciul-rapid-gaz-metan\\\/\",\"name\":\"(FOTO) \u201eUmple golul din via\u021ba ta\u201d: c\u00e2ini pentru adop\u021bie, prezenta\u021bi la meciul Rapid-Gaz Metan - Buletin de Bucure\u0219ti\",\"isPartOf\":{\"@id\":\"https:\\\/\\\/buletin.de\\\/bucuresti\\\/#website\"},\"primaryImageOfPage\":{\"@id\":\"https:\\\/\\\/buletin.de\\\/bucuresti\\\/foto-umple-golul-din-viata-ta-caini-pentru-adoptie-prezentati-la-meciul-rapid-gaz-metan\\\/#primaryimage\"},\"image\":{\"@id\":\"https:\\\/\\\/buletin.de\\\/bucuresti\\\/foto-umple-golul-din-viata-ta-caini-pentru-adoptie-prezentati-la-meciul-rapid-gaz-metan\\\/#primaryimage\"},\"thumbnailUrl\":\"https:\\\/\\\/buletin.de\\\/bucuresti\\\/wp-content\\\/uploads\\\/fotbal-caini-adoptie-6.jpg\",\"datePublished\":\"2021-09-18T12:16:02+00:00\",\"breadcrumb\":{\"@id\":\"https:\\\/\\\/buletin.de\\\/bucuresti\\\/foto-umple-golul-din-viata-ta-caini-pentru-adoptie-prezentati-la-meciul-rapid-gaz-metan\\\/#breadcrumb\"},\"inLanguage\":\"en-GB\",\"potentialAction\":[{\"@type\":\"ReadAction\",\"target\":[\"https:\\\/\\\/buletin.de\\\/bucuresti\\\/foto-umple-golul-din-viata-ta-caini-pentru-adoptie-prezentati-la-meciul-rapid-gaz-metan\\\/\"]}]},{\"@type\":\"ImageObject\",\"inLanguage\":\"en-GB\",\"@id\":\"https:\\\/\\\/buletin.de\\\/bucuresti\\\/foto-umple-golul-din-viata-ta-caini-pentru-adoptie-prezentati-la-meciul-rapid-gaz-metan\\\/#primaryimage\",\"url\":\"https:\\\/\\\/buletin.de\\\/bucuresti\\\/wp-content\\\/uploads\\\/fotbal-caini-adoptie-6.jpg\",\"contentUrl\":\"https:\\\/\\\/buletin.de\\\/bucuresti\\\/wp-content\\\/uploads\\\/fotbal-caini-adoptie-6.jpg\",\"width\":720,\"height\":960},{\"@type\":\"BreadcrumbList\",\"@id\":\"https:\\\/\\\/buletin.de\\\/bucuresti\\\/foto-umple-golul-din-viata-ta-caini-pentru-adoptie-prezentati-la-meciul-rapid-gaz-metan\\\/#breadcrumb\",\"itemListElement\":[{\"@type\":\"ListItem\",\"position\":1,\"name\":\"Acas\u0103\",\"item\":\"https:\\\/\\\/buletin.de\\\/bucuresti\\\/\"},{\"@type\":\"ListItem\",\"position\":2,\"name\":\"(FOTO) \u201eUmple golul din via\u021ba ta\u201d: c\u00e2ini pentru adop\u021bie, prezenta\u021bi la meciul Rapid-Gaz Metan\"}]},{\"@type\":\"WebSite\",\"@id\":\"https:\\\/\\\/buletin.de\\\/bucuresti\\\/#website\",\"url\":\"https:\\\/\\\/buletin.de\\\/bucuresti\\\/\",\"name\":\"Buletin de Bucure\u0219ti\",\"description\":\"\u0218tiri \u0219i investiga\u021bii esen\u021biale din capital\u0103\",\"publisher\":{\"@id\":\"https:\\\/\\\/buletin.de\\\/bucuresti\\\/#organization\"},\"potentialAction\":[{\"@type\":\"SearchAction\",\"target\":{\"@type\":\"EntryPoint\",\"urlTemplate\":\"https:\\\/\\\/buletin.de\\\/bucuresti\\\/?s={search_term_string}\"},\"query-input\":{\"@type\":\"PropertyValueSpecification\",\"valueRequired\":true,\"valueName\":\"search_term_string\"}}],\"inLanguage\":\"en-GB\"},{\"@type\":\"Organization\",\"@id\":\"https:\\\/\\\/buletin.de\\\/bucuresti\\\/#organization\",\"name\":\"Buletin de Bucure\u0219ti\",\"url\":\"https:\\\/\\\/buletin.de\\\/bucuresti\\\/\",\"logo\":{\"@type\":\"ImageObject\",\"inLanguage\":\"en-GB\",\"@id\":\"https:\\\/\\\/buletin.de\\\/bucuresti\\\/#\\\/schema\\\/logo\\\/image\\\/\",\"url\":\"https:\\\/\\\/buletin.de\\\/bucuresti\\\/wp-content\\\/uploads\\\/logo-bdb-full-wide-vernil-transparent.png\",\"contentUrl\":\"https:\\\/\\\/buletin.de\\\/bucuresti\\\/wp-content\\\/uploads\\\/logo-bdb-full-wide-vernil-transparent.png\",\"width\":1782,\"height\":626,\"caption\":\"Buletin de Bucure\u0219ti\"},\"image\":{\"@id\":\"https:\\\/\\\/buletin.de\\\/bucuresti\\\/#\\\/schema\\\/logo\\\/image\\\/\"},\"sameAs\":[\"https:\\\/\\\/www.facebook.com\\\/buletin.de.buc\",\"https:\\\/\\\/www.instagram.com\\\/buletinde.bucuresti\\\/\"]},{\"@type\":\"Person\",\"@id\":\"https:\\\/\\\/buletin.de\\\/bucuresti\\\/#\\\/schema\\\/person\\\/8ce85bbda5515a1abb525993294155a8\",\"name\":\"Ana Tudor\",\"image\":{\"@type\":\"ImageObject\",\"inLanguage\":\"en-GB\",\"@id\":\"https:\\\/\\\/secure.gravatar.com\\\/avatar\\\/390c40e2d9367046adb10d832317e3f5fb181fdecb236cb1a8187477756ae24a?s=96&d=monsterid&r=g0f86ad5d6b77046fd61bd633bbfa4a29\",\"url\":\"https:\\\/\\\/secure.gravatar.com\\\/avatar\\\/390c40e2d9367046adb10d832317e3f5fb181fdecb236cb1a8187477756ae24a?s=96&d=monsterid&r=g\",\"contentUrl\":\"https:\\\/\\\/secure.gravatar.com\\\/avatar\\\/390c40e2d9367046adb10d832317e3f5fb181fdecb236cb1a8187477756ae24a?s=96&d=monsterid&r=g\",\"caption\":\"Ana Tudor\"},\"url\":\"https:\\\/\\\/buletin.de\\\/bucuresti\\\/author\\\/anamaria\\\/\"}]}<\/script>\n<!-- \/ Yoast SEO Premium plugin. -->","yoast_head_json":{"title":"(FOTO) \u201eUmple golul din via\u021ba ta\u201d: c\u00e2ini pentru adop\u021bie, prezenta\u021bi la meciul Rapid-Gaz Metan - Buletin de Bucure\u0219ti","robots":{"index":"index","follow":"follow","max-snippet":"max-snippet:-1","max-image-preview":"max-image-preview:large","max-video-preview":"max-video-preview:-1"},"canonical":"https:\/\/buletin.de\/bucuresti\/foto-umple-golul-din-viata-ta-caini-pentru-adoptie-prezentati-la-meciul-rapid-gaz-metan\/","og_locale":"en_GB","og_type":"article","og_title":"(FOTO) \u201eUmple golul din via\u021ba ta\u201d: c\u00e2ini pentru adop\u021bie, prezenta\u021bi la meciul Rapid-Gaz Metan","og_description":"Mici \u0219i mari, salva\u021bi de la o via\u021b\u0103 chinuit\u0103 petrecut\u0103 pe str\u0103zi, a\u0219teapt\u0103 s\u0103-\u0219i g\u0103seasc\u0103 familii. \u0218ase c\u00e2ini, preg\u0103ti\u021bi s\u0103 \u00eenceap\u0103 o via\u021b\u0103 nou\u0103 al\u0103turi de st\u0103p\u00e2nii lor, au fost prezenta\u021bi de c\u0103tre fotbali\u0219ti seara trecut\u0103, pe Arena Na\u021bional\u0103, \u00eenaintea meciului Rapid-Gaz Metan. \u201eA fost din nou o sear\u0103 magic\u0103. \u201eUmple g\u26bd\ufe0flul din via\u021ba ta\u201d, [&hellip;]","og_url":"https:\/\/buletin.de\/bucuresti\/foto-umple-golul-din-viata-ta-caini-pentru-adoptie-prezentati-la-meciul-rapid-gaz-metan\/","og_site_name":"Buletin de Bucure\u0219ti","article_publisher":"https:\/\/www.facebook.com\/buletin.de.buc","article_published_time":"2021-09-18T12:16:02+00:00","og_image":[{"width":720,"height":960,"url":"https:\/\/buletin.de\/bucuresti\/wp-content\/uploads\/fotbal-caini-adoptie-6.jpg","type":"image\/jpeg"}],"author":"Ana Tudor","twitter_card":"summary_large_image","twitter_misc":{"Written by":"Ana Tudor","Estimated reading time":"3 minutes"},"schema":{"@context":"https:\/\/schema.org","@graph":[{"@type":"Article","@id":"https:\/\/buletin.de\/bucuresti\/foto-umple-golul-din-viata-ta-caini-pentru-adoptie-prezentati-la-meciul-rapid-gaz-metan\/#article","isPartOf":{"@id":"https:\/\/buletin.de\/bucuresti\/foto-umple-golul-din-viata-ta-caini-pentru-adoptie-prezentati-la-meciul-rapid-gaz-metan\/"},"author":{"name":"Ana Tudor","@id":"https:\/\/buletin.de\/bucuresti\/#\/schema\/person\/8ce85bbda5515a1abb525993294155a8"},"headline":"(FOTO) \u201eUmple golul din via\u021ba ta\u201d: c\u00e2ini pentru adop\u021bie, prezenta\u021bi la meciul Rapid-Gaz Metan","datePublished":"2021-09-18T12:16:02+00:00","mainEntityOfPage":{"@id":"https:\/\/buletin.de\/bucuresti\/foto-umple-golul-din-viata-ta-caini-pentru-adoptie-prezentati-la-meciul-rapid-gaz-metan\/"},"wordCount":369,"publisher":{"@id":"https:\/\/buletin.de\/bucuresti\/#organization"},"image":{"@id":"https:\/\/buletin.de\/bucuresti\/foto-umple-golul-din-viata-ta-caini-pentru-adoptie-prezentati-la-meciul-rapid-gaz-metan\/#primaryimage"},"thumbnailUrl":"https:\/\/buletin.de\/bucuresti\/wp-content\/uploads\/fotbal-caini-adoptie-6.jpg","keywords":["adoptie","caini","Fotbal","Ilfov","LPF","protectia animalelor"],"articleSection":["\u0218tiri"],"inLanguage":"en-GB","copyrightYear":"2021","copyrightHolder":{"@id":"https:\/\/buletin.de\/bucuresti\/#organization"}},{"@type":"WebPage","@id":"https:\/\/buletin.de\/bucuresti\/foto-umple-golul-din-viata-ta-caini-pentru-adoptie-prezentati-la-meciul-rapid-gaz-metan\/","url":"https:\/\/buletin.de\/bucuresti\/foto-umple-golul-din-viata-ta-caini-pentru-adoptie-prezentati-la-meciul-rapid-gaz-metan\/","name":"(FOTO) \u201eUmple golul din via\u021ba ta\u201d: c\u00e2ini pentru adop\u021bie, prezenta\u021bi la meciul Rapid-Gaz Metan - Buletin de Bucure\u0219ti","isPartOf":{"@id":"https:\/\/buletin.de\/bucuresti\/#website"},"primaryImageOfPage":{"@id":"https:\/\/buletin.de\/bucuresti\/foto-umple-golul-din-viata-ta-caini-pentru-adoptie-prezentati-la-meciul-rapid-gaz-metan\/#primaryimage"},"image":{"@id":"https:\/\/buletin.de\/bucuresti\/foto-umple-golul-din-viata-ta-caini-pentru-adoptie-prezentati-la-meciul-rapid-gaz-metan\/#primaryimage"},"thumbnailUrl":"https:\/\/buletin.de\/bucuresti\/wp-content\/uploads\/fotbal-caini-adoptie-6.jpg","datePublished":"2021-09-18T12:16:02+00:00","breadcrumb":{"@id":"https:\/\/buletin.de\/bucuresti\/foto-umple-golul-din-viata-ta-caini-pentru-adoptie-prezentati-la-meciul-rapid-gaz-metan\/#breadcrumb"},"inLanguage":"en-GB","potentialAction":[{"@type":"ReadAction","target":["https:\/\/buletin.de\/bucuresti\/foto-umple-golul-din-viata-ta-caini-pentru-adoptie-prezentati-la-meciul-rapid-gaz-metan\/"]}]},{"@type":"ImageObject","inLanguage":"en-GB","@id":"https:\/\/buletin.de\/bucuresti\/foto-umple-golul-din-viata-ta-caini-pentru-adoptie-prezentati-la-meciul-rapid-gaz-metan\/#primaryimage","url":"https:\/\/buletin.de\/bucuresti\/wp-content\/uploads\/fotbal-caini-adoptie-6.jpg","contentUrl":"https:\/\/buletin.de\/bucuresti\/wp-content\/uploads\/fotbal-caini-adoptie-6.jpg","width":720,"height":960},{"@type":"BreadcrumbList","@id":"https:\/\/buletin.de\/bucuresti\/foto-umple-golul-din-viata-ta-caini-pentru-adoptie-prezentati-la-meciul-rapid-gaz-metan\/#breadcrumb","itemListElement":[{"@type":"ListItem","position":1,"name":"Acas\u0103","item":"https:\/\/buletin.de\/bucuresti\/"},{"@type":"ListItem","position":2,"name":"(FOTO) \u201eUmple golul din via\u021ba ta\u201d: c\u00e2ini pentru adop\u021bie, prezenta\u021bi la meciul Rapid-Gaz Metan"}]},{"@type":"WebSite","@id":"https:\/\/buletin.de\/bucuresti\/#website","url":"https:\/\/buletin.de\/bucuresti\/","name":"Buletin de Bucure\u0219ti","description":"\u0218tiri \u0219i investiga\u021bii esen\u021biale din capital\u0103","publisher":{"@id":"https:\/\/buletin.de\/bucuresti\/#organization"},"potentialAction":[{"@type":"SearchAction","target":{"@type":"EntryPoint","urlTemplate":"https:\/\/buletin.de\/bucuresti\/?s={search_term_string}"},"query-input":{"@type":"PropertyValueSpecification","valueRequired":true,"valueName":"search_term_string"}}],"inLanguage":"en-GB"},{"@type":"Organization","@id":"https:\/\/buletin.de\/bucuresti\/#organization","name":"Buletin de Bucure\u0219ti","url":"https:\/\/buletin.de\/bucuresti\/","logo":{"@type":"ImageObject","inLanguage":"en-GB","@id":"https:\/\/buletin.de\/bucuresti\/#\/schema\/logo\/image\/","url":"https:\/\/buletin.de\/bucuresti\/wp-content\/uploads\/logo-bdb-full-wide-vernil-transparent.png","contentUrl":"https:\/\/buletin.de\/bucuresti\/wp-content\/uploads\/logo-bdb-full-wide-vernil-transparent.png","width":1782,"height":626,"caption":"Buletin de Bucure\u0219ti"},"image":{"@id":"https:\/\/buletin.de\/bucuresti\/#\/schema\/logo\/image\/"},"sameAs":["https:\/\/www.facebook.com\/buletin.de.buc","https:\/\/www.instagram.com\/buletinde.bucuresti\/"]},{"@type":"Person","@id":"https:\/\/buletin.de\/bucuresti\/#\/schema\/person\/8ce85bbda5515a1abb525993294155a8","name":"Ana Tudor","image":{"@type":"ImageObject","inLanguage":"en-GB","@id":"https:\/\/secure.gravatar.com\/avatar\/390c40e2d9367046adb10d832317e3f5fb181fdecb236cb1a8187477756ae24a?s=96&d=monsterid&r=g0f86ad5d6b77046fd61bd633bbfa4a29","url":"https:\/\/secure.gravatar.com\/avatar\/390c40e2d9367046adb10d832317e3f5fb181fdecb236cb1a8187477756ae24a?s=96&d=monsterid&r=g","contentUrl":"https:\/\/secure.gravatar.com\/avatar\/390c40e2d9367046adb10d832317e3f5fb181fdecb236cb1a8187477756ae24a?s=96&d=monsterid&r=g","caption":"Ana Tudor"},"url":"https:\/\/buletin.de\/bucuresti\/author\/anamaria\/"}]}},"authors":[{"term_id":22597,"user_id":25,"is_guest":0,"slug":"anamaria","display_name":"Ana Tudor","avatar_url":"https:\/\/secure.gravatar.com\/avatar\/390c40e2d9367046adb10d832317e3f5fb181fdecb236cb1a8187477756ae24a?s=96&d=monsterid&r=g","0":null,"1":"","2":"","3":"","4":"","5":"","6":"","7":"","8":""}],"_links":{"self":[{"href":"https:\/\/buletin.de\/bucuresti\/wp-json\/wp\/v2\/posts\/30978","targetHints":{"allow":["GET"]}}],"collection":[{"href":"https:\/\/buletin.de\/bucuresti\/wp-json\/wp\/v2\/posts"}],"about":[{"href":"https:\/\/buletin.de\/bucuresti\/wp-json\/wp\/v2\/types\/post"}],"author":[{"embeddable":true,"href":"https:\/\/buletin.de\/bucuresti\/wp-json\/wp\/v2\/users\/25"}],"replies":[{"embeddable":true,"href":"https:\/\/buletin.de\/bucuresti\/wp-json\/wp\/v2\/comments?post=30978"}],"version-history":[{"count":2,"href":"https:\/\/buletin.de\/bucuresti\/wp-json\/wp\/v2\/posts\/30978\/revisions"}],"predecessor-version":[{"id":30991,"href":"https:\/\/buletin.de\/bucuresti\/wp-json\/wp\/v2\/posts\/30978\/revisions\/30991"}],"wp:featuredmedia":[{"embeddable":true,"href":"https:\/\/buletin.de\/bucuresti\/wp-json\/wp\/v2\/media\/30984"}],"wp:attachment":[{"href":"https:\/\/buletin.de\/bucuresti\/wp-json\/wp\/v2\/media?parent=30978"}],"wp:term":[{"taxonomy":"category","embeddable":true,"href":"https:\/\/buletin.de\/bucuresti\/wp-json\/wp\/v2\/categories?post=30978"},{"taxonomy":"post_tag","embeddable":true,"href":"https:\/\/buletin.de\/bucuresti\/wp-json\/wp\/v2\/tags?post=30978"},{"taxonomy":"author","embeddable":true,"href":"https:\/\/buletin.de\/bucuresti\/wp-json\/wp\/v2\/ppma_author?post=30978"}],"curies":[{"name":"wp","href":"https:\/\/api.w.org\/{rel}","templated":true}]}}