{"id":30898,"date":"2021-09-17T12:53:37","date_gmt":"2021-09-17T09:53:37","guid":{"rendered":"https:\/\/buletin.de\/bucuresti\/?p=30898"},"modified":"2021-09-17T12:53:38","modified_gmt":"2021-09-17T09:53:38","slug":"inca-un-esec-pentru-consilierii-psd-sector-1-proiectele-prin-care-voiau-sa-controleze-activitatea-primarului-nu-au-trecut-din-lipsa-de-cvorum","status":"publish","type":"post","link":"https:\/\/buletin.de\/bucuresti\/inca-un-esec-pentru-consilierii-psd-sector-1-proiectele-prin-care-voiau-sa-controleze-activitatea-primarului-nu-au-trecut-din-lipsa-de-cvorum\/","title":{"rendered":"\u00cenc\u0103 un e\u0219ec pentru consilierii PSD Sector 1. Proiectele prin care voiau s\u0103 controleze activitatea primarului nu au trecut din lips\u0103 de cvorum"},"content":{"rendered":"\n<p><strong>\u0218edin\u021ba extraordinar\u0103 a Consiliului Local al Sectorului 1 nu a mai avut loc vineri din lips\u0103 de cvorum. Pe ordinea de zi se aflau patru proiecte de hot\u0103r\u00e2re ce vizau organizarea unor comisii care s\u0103 verifice cum au fost cheltui\u021bi banii pentru anumite institu\u021bii subordonate prim\u0103riei, precum \u0219i verificarea achizi\u021biilor f\u0103cute de prim\u0103rie. <\/strong><\/p>\n\n\n\n<p>Este a doua oar\u0103 c\u00e2nd aceast\u0103 \u0219edin\u021ba \u00een care ar fi trebuit s\u0103 se voteze cele patru proiecte nu se desf\u0103\u0219oar\u0103 din lips\u0103 de cvorum. Ultima dat\u0103 nu s-a \u021binut \u00een data de 19 august.<\/p>\n\n\n\n<p>Astfel, la proiectul de hot\u0103r\u00e2re num\u0103rul 1 se prevedea constituirea unei comisii mixte care s\u0103 verifice execu\u021bia bugetar\u0103 a mai multor institu\u021bii subordonate prim\u0103riei: Administra\u021bia Domeniului Public, Direc\u021bia General\u0103 de Asisten\u021b\u0103 Social\u0103 \u0219i Protec\u021bia Copilului, Centrul Multifunc\u021bional Caraiman, Poli\u021bia Local\u0103, Direc\u021bia de Utilit\u0103\u021bi Publice, Salubrizare \u0219i Protec\u021bua Mediului, Direc\u021bia General\u0103 Impozite \u0219i Taxe Locale.<\/p>\n\n\n\n<p>La punctul num\u0103rul 2 se preciza constituirea unei comise mixte pentru a verifica modul \u00een care a fost dus\u0103 la \u00eendeplinirea hot\u0103r\u00e2rea de consiliu prin care au fost transmise \u00een administrarea CL al Sectorului 1 a terenurilor \u0219i cl\u0103dirilor a patru spitale.<\/p>\n\n\n\n<p>Aceea\u0219i comisie ar fi avut drept obiect \u0219i verificarea modului \u00een care au fost reorganizate Administra\u021bia Unit\u0103\u021bilor de \u00cenv\u0103\u021b\u0103m\u00e2nt Preuniversitar \u0219i Unit\u0103\u021bile Spitalice\u0219ti, Administra\u021bia Pie\u021belor \u0219i Centrul Cultural.<\/p>\n\n\n\n<p>Prin proiectul num\u0103rul 3 se voia constituirea unei comisii care s\u0103 verifice modul \u00een care a fost \u00eencheiat contractul dintre Administra\u021bia Domeniului Public Sector 1 \u0219i SC Brai-Cata SRL, \u00een plin\u0103 criz\u0103 a gunoaielor.<\/p>\n\n\n\n<p>Ultimul proiect se refer\u0103 la organizarea unei comisii care s\u0103 verifice activitatea voluntarilor din aparatul de specialitate al primarului Clotilde Armand \u0219i din institu\u021biile subordonate Consiliului Local al Sectorului 1.<\/p>\n\n\n\n<figure class=\"wp-block-image size-large\"><img fetchpriority=\"high\" decoding=\"async\" width=\"760\" height=\"819\" src=\"data:image\/gif;base64,R0lGODlhAQABAAAAACH5BAEKAAEALAAAAAABAAEAAAICTAEAOw==\" data-src=\"https:\/\/buletin.de\/bucuresti\/wp-content\/uploads\/proiect-17-sept-s1.jpg\" alt=\"\" class=\"wp-image-30899 lazyload\" data-sizes=\"auto\" data-srcset=\"https:\/\/buletin.de\/bucuresti\/wp-content\/uploads\/proiect-17-sept-s1.jpg 760w, https:\/\/buletin.de\/bucuresti\/wp-content\/uploads\/proiect-17-sept-s1-278x300.jpg 278w, https:\/\/buletin.de\/bucuresti\/wp-content\/uploads\/proiect-17-sept-s1-550x593.jpg 550w, https:\/\/buletin.de\/bucuresti\/wp-content\/uploads\/proiect-17-sept-s1-464x500.jpg 464w, https:\/\/buletin.de\/bucuresti\/wp-content\/uploads\/proiect-17-sept-s1-600x647.jpg 600w\" sizes=\"(max-width: 760px) 100vw, 760px\" \/><\/figure>\n\n\n\n<p><strong>Daniela Popa, consilier local PSD: \u201dLe este fric\u0103 de ceea ce am putea g\u0103si\u201d<\/strong><\/p>\n\n\n\n<p>Daniela Popa, consilier local PSD, a declarat, pentru <a href=\"https:\/\/buletin.de\/bucuresti\/\" target=\"_blank\" rel=\"noreferrer noopener\"><strong>Buletin de Bucure\u0219ti,<\/strong> <\/a>c\u0103 aceste \u0219edin\u021be nu au loc \u00eentruc\u00e2t nu se dore\u0219te <em>\u201etransparentizarea bugetului consiliului local\u201d.<\/em><\/p>\n\n\n\n<p><em>\u201eEste un haos de nedescris! Le este fric\u0103 de ceea ce vom g\u0103si \u00een urma acestor verific\u0103ri. Noi vrem s\u0103 verific\u0103m \u0219i achizi\u021biile din timpul pandemiei. Singurele explica\u021bii pentru lipsa de cvorum sunt c\u0103 aceast\u0103 coali\u021bie USR-PNL-PMP refuz\u0103 s\u0103 transparentizeze bugetul consiliului local. Noi vrem s\u0103 verific\u0103m \u0219i achizi\u021biile din timpul pandemiei\u201d, <\/em>precizeaz\u0103 Daniela Popa.<\/p>\n\n\n\n<p>Aceasta mai sus\u021bine c\u0103 vor fi convocate \u0219edin\u021be extraordinare pentru sus\u021binerea acestor proiecte \u00een fiecare lun\u0103.<\/p>\n\n\n\n<iframe src=\"https:\/\/www.facebook.com\/plugins\/video.php?height=314&#038;href=https%3A%2F%2Fwww.facebook.com%2FPrimariaSectorUnu%2Fvideos%2F221595683191917%2F&#038;show_text=true&#038;width=560&#038;t=0\" width=\"560\" height=\"429\" style=\"border:none;overflow:hidden\" scrolling=\"no\" frameborder=\"0\" allowfullscreen=\"true\" allow=\"autoplay; clipboard-write; encrypted-media; picture-in-picture; web-share\" allowFullScreen=\"true\"><\/iframe>\n\n\n\n<p><a href=\"\"><\/a><\/p>\n","protected":false},"excerpt":{"rendered":"<p>\u0218edin\u021ba extraordinar\u0103 a Consiliului Local al Sectorului 1 nu a mai avut loc vineri din lips\u0103 de cvorum. Pe ordinea de zi se aflau patru proiecte de hot\u0103r\u00e2re ce vizau organizarea unor comisii care s\u0103 verifice cum au fost cheltui\u021bi banii pentru anumite institu\u021bii subordonate prim\u0103riei, precum \u0219i verificarea achizi\u021biilor f\u0103cute de prim\u0103rie. Este a [&hellip;]<\/p>\n","protected":false},"author":25,"featured_media":30899,"comment_status":"closed","ping_status":"open","sticky":false,"template":"","format":"standard","meta":{"_acf_changed":false,"inline_featured_image":false,"ngg_post_thumbnail":0,"footnotes":""},"categories":[62],"tags":[],"ppma_author":[22597],"class_list":["post-30898","post","type-post","status-publish","format-standard","has-post-thumbnail","hentry","category-stiri"],"acf":[],"yoast_head":"<!-- This site is optimized with the Yoast SEO Premium plugin v25.3 (Yoast SEO v27.5) - https:\/\/yoast.com\/product\/yoast-seo-premium-wordpress\/ -->\n<title>\u00cenc\u0103 un e\u0219ec pentru consilierii PSD Sector 1. Proiectele prin care voiau s\u0103 controleze activitatea primarului nu au trecut din lips\u0103 de cvorum - Buletin de Bucure\u0219ti<\/title>\n<meta name=\"robots\" content=\"index, follow, max-snippet:-1, max-image-preview:large, max-video-preview:-1\" \/>\n<link rel=\"canonical\" href=\"https:\/\/buletin.de\/bucuresti\/inca-un-esec-pentru-consilierii-psd-sector-1-proiectele-prin-care-voiau-sa-controleze-activitatea-primarului-nu-au-trecut-din-lipsa-de-cvorum\/\" \/>\n<meta property=\"og:locale\" content=\"en_GB\" \/>\n<meta property=\"og:type\" content=\"article\" \/>\n<meta property=\"og:title\" content=\"\u00cenc\u0103 un e\u0219ec pentru consilierii PSD Sector 1. Proiectele prin care voiau s\u0103 controleze activitatea primarului nu au trecut din lips\u0103 de cvorum\" \/>\n<meta property=\"og:description\" content=\"\u0218edin\u021ba extraordinar\u0103 a Consiliului Local al Sectorului 1 nu a mai avut loc vineri din lips\u0103 de cvorum. Pe ordinea de zi se aflau patru proiecte de hot\u0103r\u00e2re ce vizau organizarea unor comisii care s\u0103 verifice cum au fost cheltui\u021bi banii pentru anumite institu\u021bii subordonate prim\u0103riei, precum \u0219i verificarea achizi\u021biilor f\u0103cute de prim\u0103rie. Este a [&hellip;]\" \/>\n<meta property=\"og:url\" content=\"https:\/\/buletin.de\/bucuresti\/inca-un-esec-pentru-consilierii-psd-sector-1-proiectele-prin-care-voiau-sa-controleze-activitatea-primarului-nu-au-trecut-din-lipsa-de-cvorum\/\" \/>\n<meta property=\"og:site_name\" content=\"Buletin de Bucure\u0219ti\" \/>\n<meta property=\"article:publisher\" content=\"https:\/\/www.facebook.com\/buletin.de.buc\" \/>\n<meta property=\"article:published_time\" content=\"2021-09-17T09:53:37+00:00\" \/>\n<meta property=\"article:modified_time\" content=\"2021-09-17T09:53:38+00:00\" \/>\n<meta property=\"og:image\" content=\"https:\/\/buletin.de\/bucuresti\/wp-content\/uploads\/proiect-17-sept-s1.jpg\" \/>\n\t<meta property=\"og:image:width\" content=\"760\" \/>\n\t<meta property=\"og:image:height\" content=\"819\" \/>\n\t<meta property=\"og:image:type\" content=\"image\/jpeg\" \/>\n<meta name=\"author\" content=\"Ana Tudor\" \/>\n<meta name=\"twitter:card\" content=\"summary_large_image\" \/>\n<meta name=\"twitter:label1\" content=\"Written by\" \/>\n\t<meta name=\"twitter:data1\" content=\"Ana Tudor\" \/>\n\t<meta name=\"twitter:label2\" content=\"Estimated reading time\" \/>\n\t<meta name=\"twitter:data2\" content=\"2 minutes\" \/>\n<script type=\"application\/ld+json\" class=\"yoast-schema-graph\">{\"@context\":\"https:\\\/\\\/schema.org\",\"@graph\":[{\"@type\":\"Article\",\"@id\":\"https:\\\/\\\/buletin.de\\\/bucuresti\\\/inca-un-esec-pentru-consilierii-psd-sector-1-proiectele-prin-care-voiau-sa-controleze-activitatea-primarului-nu-au-trecut-din-lipsa-de-cvorum\\\/#article\",\"isPartOf\":{\"@id\":\"https:\\\/\\\/buletin.de\\\/bucuresti\\\/inca-un-esec-pentru-consilierii-psd-sector-1-proiectele-prin-care-voiau-sa-controleze-activitatea-primarului-nu-au-trecut-din-lipsa-de-cvorum\\\/\"},\"author\":{\"name\":\"Ana Tudor\",\"@id\":\"https:\\\/\\\/buletin.de\\\/bucuresti\\\/#\\\/schema\\\/person\\\/8ce85bbda5515a1abb525993294155a8\"},\"headline\":\"\u00cenc\u0103 un e\u0219ec pentru consilierii PSD Sector 1. Proiectele prin care voiau s\u0103 controleze activitatea primarului nu au trecut din lips\u0103 de cvorum\",\"datePublished\":\"2021-09-17T09:53:37+00:00\",\"dateModified\":\"2021-09-17T09:53:38+00:00\",\"mainEntityOfPage\":{\"@id\":\"https:\\\/\\\/buletin.de\\\/bucuresti\\\/inca-un-esec-pentru-consilierii-psd-sector-1-proiectele-prin-care-voiau-sa-controleze-activitatea-primarului-nu-au-trecut-din-lipsa-de-cvorum\\\/\"},\"wordCount\":460,\"publisher\":{\"@id\":\"https:\\\/\\\/buletin.de\\\/bucuresti\\\/#organization\"},\"image\":{\"@id\":\"https:\\\/\\\/buletin.de\\\/bucuresti\\\/inca-un-esec-pentru-consilierii-psd-sector-1-proiectele-prin-care-voiau-sa-controleze-activitatea-primarului-nu-au-trecut-din-lipsa-de-cvorum\\\/#primaryimage\"},\"thumbnailUrl\":\"https:\\\/\\\/buletin.de\\\/bucuresti\\\/wp-content\\\/uploads\\\/proiect-17-sept-s1.jpg\",\"articleSection\":[\"\u0218tiri\"],\"inLanguage\":\"en-GB\",\"copyrightYear\":\"2021\",\"copyrightHolder\":{\"@id\":\"https:\\\/\\\/buletin.de\\\/bucuresti\\\/#organization\"}},{\"@type\":\"WebPage\",\"@id\":\"https:\\\/\\\/buletin.de\\\/bucuresti\\\/inca-un-esec-pentru-consilierii-psd-sector-1-proiectele-prin-care-voiau-sa-controleze-activitatea-primarului-nu-au-trecut-din-lipsa-de-cvorum\\\/\",\"url\":\"https:\\\/\\\/buletin.de\\\/bucuresti\\\/inca-un-esec-pentru-consilierii-psd-sector-1-proiectele-prin-care-voiau-sa-controleze-activitatea-primarului-nu-au-trecut-din-lipsa-de-cvorum\\\/\",\"name\":\"\u00cenc\u0103 un e\u0219ec pentru consilierii PSD Sector 1. Proiectele prin care voiau s\u0103 controleze activitatea primarului nu au trecut din lips\u0103 de cvorum - Buletin de Bucure\u0219ti\",\"isPartOf\":{\"@id\":\"https:\\\/\\\/buletin.de\\\/bucuresti\\\/#website\"},\"primaryImageOfPage\":{\"@id\":\"https:\\\/\\\/buletin.de\\\/bucuresti\\\/inca-un-esec-pentru-consilierii-psd-sector-1-proiectele-prin-care-voiau-sa-controleze-activitatea-primarului-nu-au-trecut-din-lipsa-de-cvorum\\\/#primaryimage\"},\"image\":{\"@id\":\"https:\\\/\\\/buletin.de\\\/bucuresti\\\/inca-un-esec-pentru-consilierii-psd-sector-1-proiectele-prin-care-voiau-sa-controleze-activitatea-primarului-nu-au-trecut-din-lipsa-de-cvorum\\\/#primaryimage\"},\"thumbnailUrl\":\"https:\\\/\\\/buletin.de\\\/bucuresti\\\/wp-content\\\/uploads\\\/proiect-17-sept-s1.jpg\",\"datePublished\":\"2021-09-17T09:53:37+00:00\",\"dateModified\":\"2021-09-17T09:53:38+00:00\",\"breadcrumb\":{\"@id\":\"https:\\\/\\\/buletin.de\\\/bucuresti\\\/inca-un-esec-pentru-consilierii-psd-sector-1-proiectele-prin-care-voiau-sa-controleze-activitatea-primarului-nu-au-trecut-din-lipsa-de-cvorum\\\/#breadcrumb\"},\"inLanguage\":\"en-GB\",\"potentialAction\":[{\"@type\":\"ReadAction\",\"target\":[\"https:\\\/\\\/buletin.de\\\/bucuresti\\\/inca-un-esec-pentru-consilierii-psd-sector-1-proiectele-prin-care-voiau-sa-controleze-activitatea-primarului-nu-au-trecut-din-lipsa-de-cvorum\\\/\"]}]},{\"@type\":\"ImageObject\",\"inLanguage\":\"en-GB\",\"@id\":\"https:\\\/\\\/buletin.de\\\/bucuresti\\\/inca-un-esec-pentru-consilierii-psd-sector-1-proiectele-prin-care-voiau-sa-controleze-activitatea-primarului-nu-au-trecut-din-lipsa-de-cvorum\\\/#primaryimage\",\"url\":\"https:\\\/\\\/buletin.de\\\/bucuresti\\\/wp-content\\\/uploads\\\/proiect-17-sept-s1.jpg\",\"contentUrl\":\"https:\\\/\\\/buletin.de\\\/bucuresti\\\/wp-content\\\/uploads\\\/proiect-17-sept-s1.jpg\",\"width\":760,\"height\":819},{\"@type\":\"BreadcrumbList\",\"@id\":\"https:\\\/\\\/buletin.de\\\/bucuresti\\\/inca-un-esec-pentru-consilierii-psd-sector-1-proiectele-prin-care-voiau-sa-controleze-activitatea-primarului-nu-au-trecut-din-lipsa-de-cvorum\\\/#breadcrumb\",\"itemListElement\":[{\"@type\":\"ListItem\",\"position\":1,\"name\":\"Acas\u0103\",\"item\":\"https:\\\/\\\/buletin.de\\\/bucuresti\\\/\"},{\"@type\":\"ListItem\",\"position\":2,\"name\":\"\u00cenc\u0103 un e\u0219ec pentru consilierii PSD Sector 1. Proiectele prin care voiau s\u0103 controleze activitatea primarului nu au trecut din lips\u0103 de cvorum\"}]},{\"@type\":\"WebSite\",\"@id\":\"https:\\\/\\\/buletin.de\\\/bucuresti\\\/#website\",\"url\":\"https:\\\/\\\/buletin.de\\\/bucuresti\\\/\",\"name\":\"Buletin de Bucure\u0219ti\",\"description\":\"\u0218tiri \u0219i investiga\u021bii esen\u021biale din capital\u0103\",\"publisher\":{\"@id\":\"https:\\\/\\\/buletin.de\\\/bucuresti\\\/#organization\"},\"potentialAction\":[{\"@type\":\"SearchAction\",\"target\":{\"@type\":\"EntryPoint\",\"urlTemplate\":\"https:\\\/\\\/buletin.de\\\/bucuresti\\\/?s={search_term_string}\"},\"query-input\":{\"@type\":\"PropertyValueSpecification\",\"valueRequired\":true,\"valueName\":\"search_term_string\"}}],\"inLanguage\":\"en-GB\"},{\"@type\":\"Organization\",\"@id\":\"https:\\\/\\\/buletin.de\\\/bucuresti\\\/#organization\",\"name\":\"Buletin de Bucure\u0219ti\",\"url\":\"https:\\\/\\\/buletin.de\\\/bucuresti\\\/\",\"logo\":{\"@type\":\"ImageObject\",\"inLanguage\":\"en-GB\",\"@id\":\"https:\\\/\\\/buletin.de\\\/bucuresti\\\/#\\\/schema\\\/logo\\\/image\\\/\",\"url\":\"https:\\\/\\\/buletin.de\\\/bucuresti\\\/wp-content\\\/uploads\\\/logo-bdb-full-wide-vernil-transparent.png\",\"contentUrl\":\"https:\\\/\\\/buletin.de\\\/bucuresti\\\/wp-content\\\/uploads\\\/logo-bdb-full-wide-vernil-transparent.png\",\"width\":1782,\"height\":626,\"caption\":\"Buletin de Bucure\u0219ti\"},\"image\":{\"@id\":\"https:\\\/\\\/buletin.de\\\/bucuresti\\\/#\\\/schema\\\/logo\\\/image\\\/\"},\"sameAs\":[\"https:\\\/\\\/www.facebook.com\\\/buletin.de.buc\",\"https:\\\/\\\/www.instagram.com\\\/buletinde.bucuresti\\\/\"]},{\"@type\":\"Person\",\"@id\":\"https:\\\/\\\/buletin.de\\\/bucuresti\\\/#\\\/schema\\\/person\\\/8ce85bbda5515a1abb525993294155a8\",\"name\":\"Ana Tudor\",\"image\":{\"@type\":\"ImageObject\",\"inLanguage\":\"en-GB\",\"@id\":\"https:\\\/\\\/secure.gravatar.com\\\/avatar\\\/390c40e2d9367046adb10d832317e3f5fb181fdecb236cb1a8187477756ae24a?s=96&d=monsterid&r=g0f86ad5d6b77046fd61bd633bbfa4a29\",\"url\":\"https:\\\/\\\/secure.gravatar.com\\\/avatar\\\/390c40e2d9367046adb10d832317e3f5fb181fdecb236cb1a8187477756ae24a?s=96&d=monsterid&r=g\",\"contentUrl\":\"https:\\\/\\\/secure.gravatar.com\\\/avatar\\\/390c40e2d9367046adb10d832317e3f5fb181fdecb236cb1a8187477756ae24a?s=96&d=monsterid&r=g\",\"caption\":\"Ana Tudor\"},\"url\":\"https:\\\/\\\/buletin.de\\\/bucuresti\\\/author\\\/anamaria\\\/\"}]}<\/script>\n<!-- \/ Yoast SEO Premium plugin. -->","yoast_head_json":{"title":"\u00cenc\u0103 un e\u0219ec pentru consilierii PSD Sector 1. Proiectele prin care voiau s\u0103 controleze activitatea primarului nu au trecut din lips\u0103 de cvorum - Buletin de Bucure\u0219ti","robots":{"index":"index","follow":"follow","max-snippet":"max-snippet:-1","max-image-preview":"max-image-preview:large","max-video-preview":"max-video-preview:-1"},"canonical":"https:\/\/buletin.de\/bucuresti\/inca-un-esec-pentru-consilierii-psd-sector-1-proiectele-prin-care-voiau-sa-controleze-activitatea-primarului-nu-au-trecut-din-lipsa-de-cvorum\/","og_locale":"en_GB","og_type":"article","og_title":"\u00cenc\u0103 un e\u0219ec pentru consilierii PSD Sector 1. Proiectele prin care voiau s\u0103 controleze activitatea primarului nu au trecut din lips\u0103 de cvorum","og_description":"\u0218edin\u021ba extraordinar\u0103 a Consiliului Local al Sectorului 1 nu a mai avut loc vineri din lips\u0103 de cvorum. Pe ordinea de zi se aflau patru proiecte de hot\u0103r\u00e2re ce vizau organizarea unor comisii care s\u0103 verifice cum au fost cheltui\u021bi banii pentru anumite institu\u021bii subordonate prim\u0103riei, precum \u0219i verificarea achizi\u021biilor f\u0103cute de prim\u0103rie. Este a [&hellip;]","og_url":"https:\/\/buletin.de\/bucuresti\/inca-un-esec-pentru-consilierii-psd-sector-1-proiectele-prin-care-voiau-sa-controleze-activitatea-primarului-nu-au-trecut-din-lipsa-de-cvorum\/","og_site_name":"Buletin de Bucure\u0219ti","article_publisher":"https:\/\/www.facebook.com\/buletin.de.buc","article_published_time":"2021-09-17T09:53:37+00:00","article_modified_time":"2021-09-17T09:53:38+00:00","og_image":[{"width":760,"height":819,"url":"https:\/\/buletin.de\/bucuresti\/wp-content\/uploads\/proiect-17-sept-s1.jpg","type":"image\/jpeg"}],"author":"Ana Tudor","twitter_card":"summary_large_image","twitter_misc":{"Written by":"Ana Tudor","Estimated reading time":"2 minutes"},"schema":{"@context":"https:\/\/schema.org","@graph":[{"@type":"Article","@id":"https:\/\/buletin.de\/bucuresti\/inca-un-esec-pentru-consilierii-psd-sector-1-proiectele-prin-care-voiau-sa-controleze-activitatea-primarului-nu-au-trecut-din-lipsa-de-cvorum\/#article","isPartOf":{"@id":"https:\/\/buletin.de\/bucuresti\/inca-un-esec-pentru-consilierii-psd-sector-1-proiectele-prin-care-voiau-sa-controleze-activitatea-primarului-nu-au-trecut-din-lipsa-de-cvorum\/"},"author":{"name":"Ana Tudor","@id":"https:\/\/buletin.de\/bucuresti\/#\/schema\/person\/8ce85bbda5515a1abb525993294155a8"},"headline":"\u00cenc\u0103 un e\u0219ec pentru consilierii PSD Sector 1. Proiectele prin care voiau s\u0103 controleze activitatea primarului nu au trecut din lips\u0103 de cvorum","datePublished":"2021-09-17T09:53:37+00:00","dateModified":"2021-09-17T09:53:38+00:00","mainEntityOfPage":{"@id":"https:\/\/buletin.de\/bucuresti\/inca-un-esec-pentru-consilierii-psd-sector-1-proiectele-prin-care-voiau-sa-controleze-activitatea-primarului-nu-au-trecut-din-lipsa-de-cvorum\/"},"wordCount":460,"publisher":{"@id":"https:\/\/buletin.de\/bucuresti\/#organization"},"image":{"@id":"https:\/\/buletin.de\/bucuresti\/inca-un-esec-pentru-consilierii-psd-sector-1-proiectele-prin-care-voiau-sa-controleze-activitatea-primarului-nu-au-trecut-din-lipsa-de-cvorum\/#primaryimage"},"thumbnailUrl":"https:\/\/buletin.de\/bucuresti\/wp-content\/uploads\/proiect-17-sept-s1.jpg","articleSection":["\u0218tiri"],"inLanguage":"en-GB","copyrightYear":"2021","copyrightHolder":{"@id":"https:\/\/buletin.de\/bucuresti\/#organization"}},{"@type":"WebPage","@id":"https:\/\/buletin.de\/bucuresti\/inca-un-esec-pentru-consilierii-psd-sector-1-proiectele-prin-care-voiau-sa-controleze-activitatea-primarului-nu-au-trecut-din-lipsa-de-cvorum\/","url":"https:\/\/buletin.de\/bucuresti\/inca-un-esec-pentru-consilierii-psd-sector-1-proiectele-prin-care-voiau-sa-controleze-activitatea-primarului-nu-au-trecut-din-lipsa-de-cvorum\/","name":"\u00cenc\u0103 un e\u0219ec pentru consilierii PSD Sector 1. Proiectele prin care voiau s\u0103 controleze activitatea primarului nu au trecut din lips\u0103 de cvorum - Buletin de Bucure\u0219ti","isPartOf":{"@id":"https:\/\/buletin.de\/bucuresti\/#website"},"primaryImageOfPage":{"@id":"https:\/\/buletin.de\/bucuresti\/inca-un-esec-pentru-consilierii-psd-sector-1-proiectele-prin-care-voiau-sa-controleze-activitatea-primarului-nu-au-trecut-din-lipsa-de-cvorum\/#primaryimage"},"image":{"@id":"https:\/\/buletin.de\/bucuresti\/inca-un-esec-pentru-consilierii-psd-sector-1-proiectele-prin-care-voiau-sa-controleze-activitatea-primarului-nu-au-trecut-din-lipsa-de-cvorum\/#primaryimage"},"thumbnailUrl":"https:\/\/buletin.de\/bucuresti\/wp-content\/uploads\/proiect-17-sept-s1.jpg","datePublished":"2021-09-17T09:53:37+00:00","dateModified":"2021-09-17T09:53:38+00:00","breadcrumb":{"@id":"https:\/\/buletin.de\/bucuresti\/inca-un-esec-pentru-consilierii-psd-sector-1-proiectele-prin-care-voiau-sa-controleze-activitatea-primarului-nu-au-trecut-din-lipsa-de-cvorum\/#breadcrumb"},"inLanguage":"en-GB","potentialAction":[{"@type":"ReadAction","target":["https:\/\/buletin.de\/bucuresti\/inca-un-esec-pentru-consilierii-psd-sector-1-proiectele-prin-care-voiau-sa-controleze-activitatea-primarului-nu-au-trecut-din-lipsa-de-cvorum\/"]}]},{"@type":"ImageObject","inLanguage":"en-GB","@id":"https:\/\/buletin.de\/bucuresti\/inca-un-esec-pentru-consilierii-psd-sector-1-proiectele-prin-care-voiau-sa-controleze-activitatea-primarului-nu-au-trecut-din-lipsa-de-cvorum\/#primaryimage","url":"https:\/\/buletin.de\/bucuresti\/wp-content\/uploads\/proiect-17-sept-s1.jpg","contentUrl":"https:\/\/buletin.de\/bucuresti\/wp-content\/uploads\/proiect-17-sept-s1.jpg","width":760,"height":819},{"@type":"BreadcrumbList","@id":"https:\/\/buletin.de\/bucuresti\/inca-un-esec-pentru-consilierii-psd-sector-1-proiectele-prin-care-voiau-sa-controleze-activitatea-primarului-nu-au-trecut-din-lipsa-de-cvorum\/#breadcrumb","itemListElement":[{"@type":"ListItem","position":1,"name":"Acas\u0103","item":"https:\/\/buletin.de\/bucuresti\/"},{"@type":"ListItem","position":2,"name":"\u00cenc\u0103 un e\u0219ec pentru consilierii PSD Sector 1. Proiectele prin care voiau s\u0103 controleze activitatea primarului nu au trecut din lips\u0103 de cvorum"}]},{"@type":"WebSite","@id":"https:\/\/buletin.de\/bucuresti\/#website","url":"https:\/\/buletin.de\/bucuresti\/","name":"Buletin de Bucure\u0219ti","description":"\u0218tiri \u0219i investiga\u021bii esen\u021biale din capital\u0103","publisher":{"@id":"https:\/\/buletin.de\/bucuresti\/#organization"},"potentialAction":[{"@type":"SearchAction","target":{"@type":"EntryPoint","urlTemplate":"https:\/\/buletin.de\/bucuresti\/?s={search_term_string}"},"query-input":{"@type":"PropertyValueSpecification","valueRequired":true,"valueName":"search_term_string"}}],"inLanguage":"en-GB"},{"@type":"Organization","@id":"https:\/\/buletin.de\/bucuresti\/#organization","name":"Buletin de Bucure\u0219ti","url":"https:\/\/buletin.de\/bucuresti\/","logo":{"@type":"ImageObject","inLanguage":"en-GB","@id":"https:\/\/buletin.de\/bucuresti\/#\/schema\/logo\/image\/","url":"https:\/\/buletin.de\/bucuresti\/wp-content\/uploads\/logo-bdb-full-wide-vernil-transparent.png","contentUrl":"https:\/\/buletin.de\/bucuresti\/wp-content\/uploads\/logo-bdb-full-wide-vernil-transparent.png","width":1782,"height":626,"caption":"Buletin de Bucure\u0219ti"},"image":{"@id":"https:\/\/buletin.de\/bucuresti\/#\/schema\/logo\/image\/"},"sameAs":["https:\/\/www.facebook.com\/buletin.de.buc","https:\/\/www.instagram.com\/buletinde.bucuresti\/"]},{"@type":"Person","@id":"https:\/\/buletin.de\/bucuresti\/#\/schema\/person\/8ce85bbda5515a1abb525993294155a8","name":"Ana Tudor","image":{"@type":"ImageObject","inLanguage":"en-GB","@id":"https:\/\/secure.gravatar.com\/avatar\/390c40e2d9367046adb10d832317e3f5fb181fdecb236cb1a8187477756ae24a?s=96&d=monsterid&r=g0f86ad5d6b77046fd61bd633bbfa4a29","url":"https:\/\/secure.gravatar.com\/avatar\/390c40e2d9367046adb10d832317e3f5fb181fdecb236cb1a8187477756ae24a?s=96&d=monsterid&r=g","contentUrl":"https:\/\/secure.gravatar.com\/avatar\/390c40e2d9367046adb10d832317e3f5fb181fdecb236cb1a8187477756ae24a?s=96&d=monsterid&r=g","caption":"Ana Tudor"},"url":"https:\/\/buletin.de\/bucuresti\/author\/anamaria\/"}]}},"authors":[{"term_id":22597,"user_id":25,"is_guest":0,"slug":"anamaria","display_name":"Ana Tudor","avatar_url":"https:\/\/secure.gravatar.com\/avatar\/390c40e2d9367046adb10d832317e3f5fb181fdecb236cb1a8187477756ae24a?s=96&d=monsterid&r=g","0":null,"1":"","2":"","3":"","4":"","5":"","6":"","7":"","8":""}],"_links":{"self":[{"href":"https:\/\/buletin.de\/bucuresti\/wp-json\/wp\/v2\/posts\/30898","targetHints":{"allow":["GET"]}}],"collection":[{"href":"https:\/\/buletin.de\/bucuresti\/wp-json\/wp\/v2\/posts"}],"about":[{"href":"https:\/\/buletin.de\/bucuresti\/wp-json\/wp\/v2\/types\/post"}],"author":[{"embeddable":true,"href":"https:\/\/buletin.de\/bucuresti\/wp-json\/wp\/v2\/users\/25"}],"replies":[{"embeddable":true,"href":"https:\/\/buletin.de\/bucuresti\/wp-json\/wp\/v2\/comments?post=30898"}],"version-history":[{"count":3,"href":"https:\/\/buletin.de\/bucuresti\/wp-json\/wp\/v2\/posts\/30898\/revisions"}],"predecessor-version":[{"id":30902,"href":"https:\/\/buletin.de\/bucuresti\/wp-json\/wp\/v2\/posts\/30898\/revisions\/30902"}],"wp:featuredmedia":[{"embeddable":true,"href":"https:\/\/buletin.de\/bucuresti\/wp-json\/wp\/v2\/media\/30899"}],"wp:attachment":[{"href":"https:\/\/buletin.de\/bucuresti\/wp-json\/wp\/v2\/media?parent=30898"}],"wp:term":[{"taxonomy":"category","embeddable":true,"href":"https:\/\/buletin.de\/bucuresti\/wp-json\/wp\/v2\/categories?post=30898"},{"taxonomy":"post_tag","embeddable":true,"href":"https:\/\/buletin.de\/bucuresti\/wp-json\/wp\/v2\/tags?post=30898"},{"taxonomy":"author","embeddable":true,"href":"https:\/\/buletin.de\/bucuresti\/wp-json\/wp\/v2\/ppma_author?post=30898"}],"curies":[{"name":"wp","href":"https:\/\/api.w.org\/{rel}","templated":true}]}}