{"id":3071,"date":"2020-01-29T07:32:34","date_gmt":"2020-01-29T04:32:34","guid":{"rendered":"https:\/\/buletin.de\/bucuresti\/?p=3071"},"modified":"2020-01-29T09:33:28","modified_gmt":"2020-01-29T06:33:28","slug":"razboiul-gripei-in-timp-ce-firea-anunta-1-400-de-cazuri-in-scoli-seful-laboratorului-de-la-matei-bals-exclude-varianta-unei-epidemii-si-indeamna-la-calm","status":"publish","type":"post","link":"https:\/\/buletin.de\/bucuresti\/razboiul-gripei-in-timp-ce-firea-anunta-1-400-de-cazuri-in-scoli-seful-laboratorului-de-la-matei-bals-exclude-varianta-unei-epidemii-si-indeamna-la-calm\/","title":{"rendered":"R\u0103zboiul gripei: \u00cen timp ce Firea anun\u021b\u0103 1.400 de cazuri \u00een \u0219coli, \u0219eful laboratorului de la \u201eMatei Bal\u015f\u201d exclude o epidemie \u0219i \u00eendeamn\u0103 la calm"},"content":{"rendered":"\n<p><strong>Administra\u021bia Spitalelor \u0219i Serviciilor Medicale Bucure\u0219ti anun\u021ba c\u0103 personalul din cabinetele medicale \u0219colare a raportat, \u00een data de 28 ianuarie, <a href=\"https:\/\/www.educatieprivata.ro\/stiri\/assmb-anunta-1400-de-cazuri-de-gripa-in-scolile-si-gradinitele-publice-din-bucuresti\/?fbclid=IwAR2HiagI0W3YQ7d3GpuhxytBJPfemunpS_yPn5pDk64Gf953duShLQECYsI\">un num\u0103r de 1.400 de cazuri de grip\u0103 la nivelul sistemului public de \u00eenv\u0103\u021b\u0103m\u00e2nt din Bucure\u0219ti.<\/a><\/strong> Cifra reprezint\u0103 aproximativ 0,5% din totalul elevilor bucure\u0219teni (249.000) \u0219i se bate cap \u00een cap cu datele oficiale ale Ministerului S\u0103n\u0103t\u0103\u021bii. <\/p>\n\n\n\n<p class=\"has-large-font-size\"><strong>Care cifr\u0103 e real\u0103?<\/strong><\/p>\n\n\n\n<p>Anun\u021bul municipalita\u021bii vine la o zi dup\u0103 ce primarul general al Capitalei, Gabriela Firea, a organizat un comandament de urgen\u021b\u0103 \u00een cadrul c\u0103ruia a anun\u021bat c\u0103 nu are posibilitatea legal\u0103 s\u0103 \u00eenchid\u0103 \u0219colile din Bucure\u0219ti \u0219i la care anun\u021ba c\u0103 num\u0103rul \u00eemboln\u0103virilor \u00een \u0219coli a ajuns la 1000. <\/p>\n\n\n\n<p>\u00cen aceea\u0219i zi, Buletin de Bucure\u0219ti <a href=\"https:\/\/buletin.de\/bucuresti\/comandament-de-urgenta-convocat-de-firea-pentru-92-de-cazuri-de-gripa-confirmate-la-nivelul-capitalei-prof-ioan-gherghina-sunt-putine-cazuri-ca-trebuie-sa-avem-grija-asta-e-altceva\/\">a dezv\u0103luit c\u0103 la nivelul Ministerului S\u0103n\u0103t\u0103\u021bii exist\u0103 confirmate doar 92 de cazuri de grip\u0103,<\/a> <a href=\"https:\/\/buletin.de\/bucuresti\/comandament-de-urgenta-convocat-de-firea-pentru-92-de-cazuri-de-gripa-confirmate-la-nivelul-capitalei-prof-ioan-gherghina-sunt-putine-cazuri-ca-trebuie-sa-avem-grija-asta-e-altceva\/\">\u00een dreptul Capitalei,<\/a> potrivit raportului din 23 ianuarie emis de Centrul Na\u021bional de Supraveghere \u0219i Control a Bolilor Transmisibile(CNSCBT). Asta \u00een contextul \u00een care, \u00een aceea\u0219i perioada a anului trecut, erau confirmate 242 de cazuri de grip\u0103 \u0219i 4 decese.   <\/p>\n\n\n\n<p class=\"has-large-font-size\"><strong>Cine num\u0103r\u0103 bolnavii \u0219i cum?<\/strong><\/p>\n\n\n\n<p> De fapt, nicio autoritate nu are o metodologie clar\u0103 de num\u0103rat bolnavii. La Centrul Na\u021bional de Supraveghere \u0219i Control a Bolilor Transmisibile sunt \u00eenregistrate doar cazurile confirmate prin analize de laboratori, \u00een timp ce medicii din subordinea Gabrielei Firea num\u0103r\u0103 cazurile \u00een baza unor  adeverin\u021be medicale aduse de p\u0103rin\u021bi, adeverin\u021be eliberate de al\u021bi medici, dup\u0103 cum au declarat pentru Buletin de Bucure\u0219ti mai multe cadre didactice din \u0219colile bucure\u0219tene. <\/p>\n\n\n\n<p>Asta, \u00een condi\u021biile, \u00een care at\u00e2t laboratoarele de stat din cadrul Spitalelor de boli infec\u021bioase, c\u00e2t \u0219i cele ale clinicilor private au eviden\u021be clare a celor care au fost testa\u021bi de grip\u0103 \u0219i a celor care au primit rezultat pozitiv. Numai c\u0103, nimeni nu adun\u0103 toate aceste date \u00eentr-un singur loc. <\/p>\n\n\n\n<h2 class=\"wp-block-heading\">\t<strong>O\nepidemie \u201cde vorbe\u201d?<\/strong><\/h2>\n\n\n\n<p> \u00cen condi\u021biile \u00een care urm\u0103toarea raportare CNSCBT va fi joi, 30 ianuarie, reporterii Buletin de Bucure\u0219ti au stat de vorb\u0103 cu \u0219eful Laboratorului Institutului Na\u0163ional de Boli Infec\u0163ioase \u201eMatei Bal\u015f\u201d din Bucure\u015fti pentru a afla dac\u0103 exist\u0103 un risc major. <\/p>\n\n\n\n<figure class=\"wp-block-image size-large\"><img fetchpriority=\"high\" decoding=\"async\" width=\"900\" height=\"600\" src=\"data:image\/gif;base64,R0lGODlhAQABAAAAACH5BAEKAAEALAAAAAABAAEAAAICTAEAOw==\" data-src=\"https:\/\/buletin.de\/bucuresti\/wp-content\/uploads\/alexandru_rafila_medic_infectionist_9642_1070_90_bigger-900x600.jpg\" alt=\"\" class=\"wp-image-3072 lazyload\" data-sizes=\"auto\" data-srcset=\"https:\/\/buletin.de\/bucuresti\/wp-content\/uploads\/alexandru_rafila_medic_infectionist_9642_1070_90_bigger-900x600.jpg 900w, https:\/\/buletin.de\/bucuresti\/wp-content\/uploads\/alexandru_rafila_medic_infectionist_9642_1070_90_bigger-600x400.jpg 600w, https:\/\/buletin.de\/bucuresti\/wp-content\/uploads\/alexandru_rafila_medic_infectionist_9642_1070_90_bigger-300x200.jpg 300w, https:\/\/buletin.de\/bucuresti\/wp-content\/uploads\/alexandru_rafila_medic_infectionist_9642_1070_90_bigger-768x512.jpg 768w, https:\/\/buletin.de\/bucuresti\/wp-content\/uploads\/alexandru_rafila_medic_infectionist_9642_1070_90_bigger-1060x706.jpg 1060w, https:\/\/buletin.de\/bucuresti\/wp-content\/uploads\/alexandru_rafila_medic_infectionist_9642_1070_90_bigger-550x366.jpg 550w, https:\/\/buletin.de\/bucuresti\/wp-content\/uploads\/alexandru_rafila_medic_infectionist_9642_1070_90_bigger-750x500.jpg 750w, https:\/\/buletin.de\/bucuresti\/wp-content\/uploads\/alexandru_rafila_medic_infectionist_9642_1070_90_bigger.jpg 1070w\" sizes=\"(max-width: 900px) 100vw, 900px\" \/><figcaption>Prof. dr. Alexandru Rafila este microbiolog si specialist \u00een s\u0103n\u0103tate public\u0103.(sursa: medichub.ro)<\/figcaption><\/figure>\n\n\n\n<p>Prof.dr. Alexandru Rafila a explicat c\u0103 nu se pune problema de o epidemie de grip\u0103 \u00een Capital\u0103 dar \u0219i c\u0103, \u00een acest moment, nu se poate vorbi despre \u201ev\u00e2rful sezonului gripal\u201d.<\/p>\n\n\n\n<p> <em>&#8211; Este exclus. Nu exist\u0103 epidemie de grip\u0103 \u00een momentul de fa\u0163\u0103. Este o circula\u0163ie moderat\u0103 a virusurilor gripale. Rezult\u0103 asta foarte clar din comunicatul dat s\u0103pt\u0103m\u00e2na trecut\u0103 de Centrul Na\u0163ional de Supraveghere \u015fi Control a Bolilor Transmisibile. Joi, la urm\u0103toarea centralizare, o s\u0103 vedem exact care este situa\u0163ia acestor cazuri de grip\u0103. Cu siguran\u0163\u0103<strong> nu discut\u0103m despre v\u00e2rful sezonului gripal<\/strong>. E foarte probabil c\u0103 num\u0103rul de cazuri de grip\u0103 s\u0103 creasc\u0103 \u00een perioada urm\u0103toare. \u015ei atunci, cea mai bun\u0103 solu\u0163ie pentru a evita r\u0103sp\u00e2ndirea bolii, cel pu\u0163in \u00een perioad\u0103 c\u0103 aceasta este ca \u00een privin\u0163a \u015fcolilor copiii s\u0103 fie tria\u0163i. Se face un triaj foarte simplu, diminea\u0163a, pe care \u00eel pot face at\u00e2t cadrele medicale c\u00e2t \u015fi profesorii din clas\u0103. Copii care sunt r\u0103ci\u0163i sunt \u00eendruma\u0163i acas\u0103, deci trebuie luat\u0103 leg\u0103tura cu p\u0103rin\u0163ii s\u0103 \u00eei \u0163in\u0103 acas\u0103, bine\u00een\u0163eles cu tratament indicat de medicul de familie.<\/em><\/p>\n\n\n\n<p>\t<strong>&#8211;\nTehnic vorbind, cum are loc centralizarea datelor cu privire la copii\ncu gripa din \u015fcoli?<\/strong><\/p>\n\n\n\n<p> \t<em>&#8211;\nCazurile de grip\u0103 sunt diagnosticate de medicul de familie, de un\nspecialist \u00een boli infec\u0163ioase sau de un medic pediatru. C\u00e2nd\ncopilul se simte bine, acela\u015fi medic \u00eel examineaz\u0103. Dac\u0103 va\nconstata c\u0103 este s\u0103n\u0103tos se va elibera o adeverin\u0163\u0103 din care\nrezult\u0103 c\u0103 respectivul copil se poate \u00eentoarce \u00een colectivitate.\nE o chestiune care se \u00eent\u00e2mpl\u0103 de mul\u0163i ani, nu e nimic nou.<\/em><\/p>\n\n\n\n<p> <strong>&#8211; Anul acesta sunt suficiente loturi de vaccin pentru categoriile vulnerabile? <\/strong><\/p>\n\n\n\n<p><em>\t&#8211; Nu sunt\nsuficiente, dar e ceva mai mult dec\u00e2t anul trecut. S-au vaccinat \u00een\nloc de 1,3 milioane de persoane, 1,5 milioane de persoane cu vaccin\ndin programul Ministerului S\u0103n\u0103t\u0103\u0163ii iar pe pia\u0163a liber\u0103\nprobabil v\u00e2nz\u0103rile s-au dublat. Anul trecut au fost cca. 200 de mii\nde doze de vaccin comercializate \u0219i din ce \u015ftiu, p\u00e2n\u0103 acum,\nvorbim de 400 de mii de doze.<\/em><\/p>\n\n\n\n<p><strong>\t&#8211; La sugari \u0219i\ncopii p\u00e2n\u0103 \u00een \u015fase ani, cum st\u0103m?<\/strong><\/p>\n\n\n\n<p>\t<em>&#8211;\nAici nu s-a administrat vaccin dec\u00e2t la cei care au afec\u0163iuni\ncronice. Nu cred c\u0103 este o acoperire vaccinal\u0103 foarte ridicat\u0103 la\naceast\u0103 categorie de v\u00e2rst\u0103. <\/em>\n<\/p>\n\n\n\n<p>\t<strong>&#8211;\nSunt foarte mul\u0163i p\u0103rin\u0163i \u00een acest moment care cer \u00eenchiderea\n\u015fcolilor. Dumneavoastr\u0103, ca specialist, cum vede\u0163i aceast\u0103\nsitua\u0163ie?<\/strong><\/p>\n\n\n\n<p><em>\t&#8211; Av\u00e2nd \u00een\nvedere c\u0103 num\u0103rul de cazuri care au fost \u00een Bucure\u015fti nu este a\u015fa\nde mare, nu \u015ftiu dac\u0103 este cea mai bun\u0103 m\u0103sur\u0103 \u015fi \u00een orice caz\nnu trebuie aplicat\u0103 o m\u0103sur\u0103 general\u0103 la toate \u015fcolile. Repet,\nnu discut\u0103m de epidemie de grip\u0103. Probabil c\u0103 este vorba despre\n\u00eengrijorare iar opinia public\u0103 \u00eentotdeauna este mai sensibil\u0103 mai\nales <strong>c\u00e2nd discu\u0163i despre dou\u0103\nsubiecte oarecum apropiate ca \u015fi domeniu, \u015fi aici m\u0103 refer la\ngrip\u0103 \u015fi coronavirus.<\/strong> Sigur,\nsensibilitatea este mai mare \u00een astfel de situa\u0163ii. <\/em>\n<\/p>\n\n\n\n<p>\t<strong>&#8211;\nV\u0103 a\u015ftepta\u0163i la o cre\u015ftere semnificativ\u0103 la raportarea de joi a\nCentrul Na\u0163ional de Supraveghere \u015fi Control a Bolilor\nTransmisibile?<\/strong><\/p>\n\n\n\n<p>\t<em>&#8211;\nProbabil c\u0103 o s\u0103 fie un trend cresc\u0103tor. Oricum, de la o s\u0103pt\u0103m\u00e2n\u0103\nla alta num\u0103rul de cazuri a crescut cu cca. 10%. Dac\u0103 ne referim la\nsitua\u0163ia de anul trecut, din aceea\u015fi s\u0103pt\u0103m\u00e2n\u0103, num\u0103rul de\n\u00eemboln\u0103viri la nivel na\u0163ional \u015fi \u00een Bucure\u015fti este mai mic.<\/em><\/p>\n\n\n\n<p>Ulterior <a href=\"https:\/\/buletin.de\/bucuresti\/comandament-de-urgenta-convocat-de-firea-pentru-92-de-cazuri-de-gripa-confirmate-la-nivelul-capitalei-prof-ioan-gherghina-sunt-putine-cazuri-ca-trebuie-sa-avem-grija-asta-e-altceva\/\">dezv\u0103luirilor Buletin de Bucure\u0219ti<\/a>, biroul de pres\u0103 al municipalit\u0103\u021bii a revenit cu preciz\u0103ri potrivit c\u0103rora datele Ministerului S\u0103n\u0103t\u0103\u021bii ar fi din 19 ianuarie dar \u0219i c\u0103 \u201e<em>Primaria Municipiului Bucure\u0219ti are \u00een subordine cabinetele de medicin\u0103 \u0219colar\u0103, care au raportat 1.000 de cazuri de grip\u0103 confirmate \u00een r\u00e2ndul elevilor din \u0219colile de stat bucure\u0219tene<\/em>\u201d.<\/p>\n\n\n\n<p>Pentru o imagine mai clar\u0103 a acestei situa\u021bii, redac\u021bia a solicitat mai multe l\u0103muriri \u00een acest sens. <\/p>\n\n\n\n<p>Am \u00eentrebat: <\/p>\n\n\n\n<ul class=\"wp-block-list\"><li><em>Care este num\u0103rul total de elevi(\u0219colari \u0219i pre\u0219colari) din municipiul Bucure\u0219ti<\/em>?<\/li><li><em>Care a fost metoda de referin\u021b\u0103 folosit\u0103 de speciali\u0219tii din cabinetele de medicin\u0103 \u0219colar\u0103 pentru a confirma num\u0103rul de cazuri de grip\u0103 comunicat public<\/em>?<\/li><li><em>Care este procedura de centralizare a datelor privind \u00eemboln\u0103virile de grip\u0103<\/em>?<\/li><li><em>Care este fi\u0219a postului pentru un medic de medicin\u0103 \u0219colar\u0103<\/em>?<\/li><\/ul>\n\n\n\n<p> \tP\u00e2n\u0103\nla ora public\u0103rii acestui material nu am primit niciun r\u0103spuns. \n<\/p>\n","protected":false},"excerpt":{"rendered":"<p>Administra\u021bia Spitalelor \u0219i Serviciilor Medicale Bucure\u0219ti anun\u021ba c\u0103 personalul din cabinetele medicale \u0219colare a raportat, \u00een data de 28 ianuarie, un num\u0103r de 1.400 de cazuri de grip\u0103 la nivelul sistemului public de \u00eenv\u0103\u021b\u0103m\u00e2nt din Bucure\u0219ti. Cifra reprezint\u0103 aproximativ 0,5% din totalul elevilor bucure\u0219teni (249.000) \u0219i se bate cap \u00een cap cu datele oficiale ale [&hellip;]<\/p>\n","protected":false},"author":10,"featured_media":3074,"comment_status":"closed","ping_status":"open","sticky":false,"template":"","format":"standard","meta":{"_acf_changed":false,"inline_featured_image":false,"ngg_post_thumbnail":0,"footnotes":""},"categories":[4],"tags":[538,536,28,527,539,104,537],"ppma_author":[22575],"class_list":["post-3071","post","type-post","status-publish","format-standard","has-post-thumbnail","hentry","category-sanatate","tag-cazuri-confirmate","tag-epidemie","tag-firea","tag-gripa","tag-matei-bals","tag-pmb","tag-rafila"],"acf":[],"yoast_head":"<!-- This site is optimized with the Yoast SEO Premium plugin v25.3 (Yoast SEO v27.4) - https:\/\/yoast.com\/product\/yoast-seo-premium-wordpress\/ -->\n<title>R\u0103zboiul gripei: \u00cen timp ce Firea anun\u021b\u0103 1.400 de cazuri \u00een \u0219coli, \u0219eful laboratorului de la \u201eMatei Bal\u015f\u201d exclude o epidemie \u0219i \u00eendeamn\u0103 la calm - Buletin de Bucure\u0219ti<\/title>\n<meta name=\"robots\" content=\"index, follow, max-snippet:-1, max-image-preview:large, max-video-preview:-1\" \/>\n<link rel=\"canonical\" href=\"https:\/\/buletin.de\/bucuresti\/razboiul-gripei-in-timp-ce-firea-anunta-1-400-de-cazuri-in-scoli-seful-laboratorului-de-la-matei-bals-exclude-varianta-unei-epidemii-si-indeamna-la-calm\/\" \/>\n<meta property=\"og:locale\" content=\"en_GB\" \/>\n<meta property=\"og:type\" content=\"article\" \/>\n<meta property=\"og:title\" content=\"R\u0103zboiul gripei: \u00cen timp ce Firea anun\u021b\u0103 1.400 de cazuri \u00een \u0219coli, \u0219eful laboratorului de la \u201eMatei Bal\u015f\u201d exclude o epidemie \u0219i \u00eendeamn\u0103 la calm\" \/>\n<meta property=\"og:description\" content=\"Administra\u021bia Spitalelor \u0219i Serviciilor Medicale Bucure\u0219ti anun\u021ba c\u0103 personalul din cabinetele medicale \u0219colare a raportat, \u00een data de 28 ianuarie, un num\u0103r de 1.400 de cazuri de grip\u0103 la nivelul sistemului public de \u00eenv\u0103\u021b\u0103m\u00e2nt din Bucure\u0219ti. Cifra reprezint\u0103 aproximativ 0,5% din totalul elevilor bucure\u0219teni (249.000) \u0219i se bate cap \u00een cap cu datele oficiale ale [&hellip;]\" \/>\n<meta property=\"og:url\" content=\"https:\/\/buletin.de\/bucuresti\/razboiul-gripei-in-timp-ce-firea-anunta-1-400-de-cazuri-in-scoli-seful-laboratorului-de-la-matei-bals-exclude-varianta-unei-epidemii-si-indeamna-la-calm\/\" \/>\n<meta property=\"og:site_name\" content=\"Buletin de Bucure\u0219ti\" \/>\n<meta property=\"article:publisher\" content=\"https:\/\/www.facebook.com\/buletin.de.buc\" \/>\n<meta property=\"article:published_time\" content=\"2020-01-29T04:32:34+00:00\" \/>\n<meta property=\"article:modified_time\" content=\"2020-01-29T06:33:28+00:00\" \/>\n<meta property=\"og:image\" content=\"https:\/\/buletin.de\/bucuresti\/wp-content\/uploads\/colaj-statii-1-1-scaled.jpg\" \/>\n\t<meta property=\"og:image:width\" content=\"2560\" \/>\n\t<meta property=\"og:image:height\" content=\"1296\" \/>\n\t<meta property=\"og:image:type\" content=\"image\/jpeg\" \/>\n<meta name=\"author\" content=\"C\u0103t\u0103lin Dosca\u0219\" \/>\n<meta name=\"twitter:card\" content=\"summary_large_image\" \/>\n<meta name=\"twitter:label1\" content=\"Written by\" \/>\n\t<meta name=\"twitter:data1\" content=\"C\u0103t\u0103lin Dosca\u0219\" \/>\n\t<meta name=\"twitter:label2\" content=\"Estimated reading time\" \/>\n\t<meta name=\"twitter:data2\" content=\"6 minutes\" \/>\n<script type=\"application\/ld+json\" class=\"yoast-schema-graph\">{\"@context\":\"https:\\\/\\\/schema.org\",\"@graph\":[{\"@type\":\"Article\",\"@id\":\"https:\\\/\\\/buletin.de\\\/bucuresti\\\/razboiul-gripei-in-timp-ce-firea-anunta-1-400-de-cazuri-in-scoli-seful-laboratorului-de-la-matei-bals-exclude-varianta-unei-epidemii-si-indeamna-la-calm\\\/#article\",\"isPartOf\":{\"@id\":\"https:\\\/\\\/buletin.de\\\/bucuresti\\\/razboiul-gripei-in-timp-ce-firea-anunta-1-400-de-cazuri-in-scoli-seful-laboratorului-de-la-matei-bals-exclude-varianta-unei-epidemii-si-indeamna-la-calm\\\/\"},\"author\":{\"name\":\"C\u0103t\u0103lin Dosca\u0219\",\"@id\":\"https:\\\/\\\/buletin.de\\\/bucuresti\\\/#\\\/schema\\\/person\\\/31117187ed4d0bdb0a4c7d6acc79d0f8\"},\"headline\":\"R\u0103zboiul gripei: \u00cen timp ce Firea anun\u021b\u0103 1.400 de cazuri \u00een \u0219coli, \u0219eful laboratorului de la \u201eMatei Bal\u015f\u201d exclude o epidemie \u0219i \u00eendeamn\u0103 la calm\",\"datePublished\":\"2020-01-29T04:32:34+00:00\",\"dateModified\":\"2020-01-29T06:33:28+00:00\",\"mainEntityOfPage\":{\"@id\":\"https:\\\/\\\/buletin.de\\\/bucuresti\\\/razboiul-gripei-in-timp-ce-firea-anunta-1-400-de-cazuri-in-scoli-seful-laboratorului-de-la-matei-bals-exclude-varianta-unei-epidemii-si-indeamna-la-calm\\\/\"},\"wordCount\":1209,\"publisher\":{\"@id\":\"https:\\\/\\\/buletin.de\\\/bucuresti\\\/#organization\"},\"image\":{\"@id\":\"https:\\\/\\\/buletin.de\\\/bucuresti\\\/razboiul-gripei-in-timp-ce-firea-anunta-1-400-de-cazuri-in-scoli-seful-laboratorului-de-la-matei-bals-exclude-varianta-unei-epidemii-si-indeamna-la-calm\\\/#primaryimage\"},\"thumbnailUrl\":\"https:\\\/\\\/buletin.de\\\/bucuresti\\\/wp-content\\\/uploads\\\/colaj-statii-1-1-scaled.jpg\",\"keywords\":[\"cazuri confirmate\",\"epidemie\",\"firea\",\"gripa\",\"matei bals\",\"pmb\",\"rafila\"],\"articleSection\":[\"S\u0103n\u0103tate\"],\"inLanguage\":\"en-GB\",\"copyrightYear\":\"2020\",\"copyrightHolder\":{\"@id\":\"https:\\\/\\\/buletin.de\\\/bucuresti\\\/#organization\"}},{\"@type\":\"WebPage\",\"@id\":\"https:\\\/\\\/buletin.de\\\/bucuresti\\\/razboiul-gripei-in-timp-ce-firea-anunta-1-400-de-cazuri-in-scoli-seful-laboratorului-de-la-matei-bals-exclude-varianta-unei-epidemii-si-indeamna-la-calm\\\/\",\"url\":\"https:\\\/\\\/buletin.de\\\/bucuresti\\\/razboiul-gripei-in-timp-ce-firea-anunta-1-400-de-cazuri-in-scoli-seful-laboratorului-de-la-matei-bals-exclude-varianta-unei-epidemii-si-indeamna-la-calm\\\/\",\"name\":\"R\u0103zboiul gripei: \u00cen timp ce Firea anun\u021b\u0103 1.400 de cazuri \u00een \u0219coli, \u0219eful laboratorului de la \u201eMatei Bal\u015f\u201d exclude o epidemie \u0219i \u00eendeamn\u0103 la calm - Buletin de Bucure\u0219ti\",\"isPartOf\":{\"@id\":\"https:\\\/\\\/buletin.de\\\/bucuresti\\\/#website\"},\"primaryImageOfPage\":{\"@id\":\"https:\\\/\\\/buletin.de\\\/bucuresti\\\/razboiul-gripei-in-timp-ce-firea-anunta-1-400-de-cazuri-in-scoli-seful-laboratorului-de-la-matei-bals-exclude-varianta-unei-epidemii-si-indeamna-la-calm\\\/#primaryimage\"},\"image\":{\"@id\":\"https:\\\/\\\/buletin.de\\\/bucuresti\\\/razboiul-gripei-in-timp-ce-firea-anunta-1-400-de-cazuri-in-scoli-seful-laboratorului-de-la-matei-bals-exclude-varianta-unei-epidemii-si-indeamna-la-calm\\\/#primaryimage\"},\"thumbnailUrl\":\"https:\\\/\\\/buletin.de\\\/bucuresti\\\/wp-content\\\/uploads\\\/colaj-statii-1-1-scaled.jpg\",\"datePublished\":\"2020-01-29T04:32:34+00:00\",\"dateModified\":\"2020-01-29T06:33:28+00:00\",\"breadcrumb\":{\"@id\":\"https:\\\/\\\/buletin.de\\\/bucuresti\\\/razboiul-gripei-in-timp-ce-firea-anunta-1-400-de-cazuri-in-scoli-seful-laboratorului-de-la-matei-bals-exclude-varianta-unei-epidemii-si-indeamna-la-calm\\\/#breadcrumb\"},\"inLanguage\":\"en-GB\",\"potentialAction\":[{\"@type\":\"ReadAction\",\"target\":[\"https:\\\/\\\/buletin.de\\\/bucuresti\\\/razboiul-gripei-in-timp-ce-firea-anunta-1-400-de-cazuri-in-scoli-seful-laboratorului-de-la-matei-bals-exclude-varianta-unei-epidemii-si-indeamna-la-calm\\\/\"]}]},{\"@type\":\"ImageObject\",\"inLanguage\":\"en-GB\",\"@id\":\"https:\\\/\\\/buletin.de\\\/bucuresti\\\/razboiul-gripei-in-timp-ce-firea-anunta-1-400-de-cazuri-in-scoli-seful-laboratorului-de-la-matei-bals-exclude-varianta-unei-epidemii-si-indeamna-la-calm\\\/#primaryimage\",\"url\":\"https:\\\/\\\/buletin.de\\\/bucuresti\\\/wp-content\\\/uploads\\\/colaj-statii-1-1-scaled.jpg\",\"contentUrl\":\"https:\\\/\\\/buletin.de\\\/bucuresti\\\/wp-content\\\/uploads\\\/colaj-statii-1-1-scaled.jpg\",\"width\":2560,\"height\":1296},{\"@type\":\"BreadcrumbList\",\"@id\":\"https:\\\/\\\/buletin.de\\\/bucuresti\\\/razboiul-gripei-in-timp-ce-firea-anunta-1-400-de-cazuri-in-scoli-seful-laboratorului-de-la-matei-bals-exclude-varianta-unei-epidemii-si-indeamna-la-calm\\\/#breadcrumb\",\"itemListElement\":[{\"@type\":\"ListItem\",\"position\":1,\"name\":\"Acas\u0103\",\"item\":\"https:\\\/\\\/buletin.de\\\/bucuresti\\\/\"},{\"@type\":\"ListItem\",\"position\":2,\"name\":\"R\u0103zboiul gripei: \u00cen timp ce Firea anun\u021b\u0103 1.400 de cazuri \u00een \u0219coli, \u0219eful laboratorului de la \u201eMatei Bal\u015f\u201d exclude o epidemie \u0219i \u00eendeamn\u0103 la calm\"}]},{\"@type\":\"WebSite\",\"@id\":\"https:\\\/\\\/buletin.de\\\/bucuresti\\\/#website\",\"url\":\"https:\\\/\\\/buletin.de\\\/bucuresti\\\/\",\"name\":\"Buletin de Bucure\u0219ti\",\"description\":\"\u0218tiri \u0219i investiga\u021bii esen\u021biale din capital\u0103\",\"publisher\":{\"@id\":\"https:\\\/\\\/buletin.de\\\/bucuresti\\\/#organization\"},\"potentialAction\":[{\"@type\":\"SearchAction\",\"target\":{\"@type\":\"EntryPoint\",\"urlTemplate\":\"https:\\\/\\\/buletin.de\\\/bucuresti\\\/?s={search_term_string}\"},\"query-input\":{\"@type\":\"PropertyValueSpecification\",\"valueRequired\":true,\"valueName\":\"search_term_string\"}}],\"inLanguage\":\"en-GB\"},{\"@type\":\"Organization\",\"@id\":\"https:\\\/\\\/buletin.de\\\/bucuresti\\\/#organization\",\"name\":\"Buletin de Bucure\u0219ti\",\"url\":\"https:\\\/\\\/buletin.de\\\/bucuresti\\\/\",\"logo\":{\"@type\":\"ImageObject\",\"inLanguage\":\"en-GB\",\"@id\":\"https:\\\/\\\/buletin.de\\\/bucuresti\\\/#\\\/schema\\\/logo\\\/image\\\/\",\"url\":\"https:\\\/\\\/buletin.de\\\/bucuresti\\\/wp-content\\\/uploads\\\/logo-bdb-full-wide-vernil-transparent.png\",\"contentUrl\":\"https:\\\/\\\/buletin.de\\\/bucuresti\\\/wp-content\\\/uploads\\\/logo-bdb-full-wide-vernil-transparent.png\",\"width\":1782,\"height\":626,\"caption\":\"Buletin de Bucure\u0219ti\"},\"image\":{\"@id\":\"https:\\\/\\\/buletin.de\\\/bucuresti\\\/#\\\/schema\\\/logo\\\/image\\\/\"},\"sameAs\":[\"https:\\\/\\\/www.facebook.com\\\/buletin.de.buc\",\"https:\\\/\\\/www.instagram.com\\\/buletinde.bucuresti\\\/\"]},{\"@type\":\"Person\",\"@id\":\"https:\\\/\\\/buletin.de\\\/bucuresti\\\/#\\\/schema\\\/person\\\/31117187ed4d0bdb0a4c7d6acc79d0f8\",\"name\":\"C\u0103t\u0103lin Dosca\u0219\",\"image\":{\"@type\":\"ImageObject\",\"inLanguage\":\"en-GB\",\"@id\":\"https:\\\/\\\/buletin.de\\\/bucuresti\\\/wp-content\\\/uploads\\\/Catalin-Doscas-e1732731064764-96x96.jpga93e2943bb3b1c1f9ead823df6e6317a\",\"url\":\"https:\\\/\\\/buletin.de\\\/bucuresti\\\/wp-content\\\/uploads\\\/Catalin-Doscas-e1732731064764-96x96.jpg\",\"contentUrl\":\"https:\\\/\\\/buletin.de\\\/bucuresti\\\/wp-content\\\/uploads\\\/Catalin-Doscas-e1732731064764-96x96.jpg\",\"caption\":\"C\u0103t\u0103lin Dosca\u0219\"},\"description\":\"Reporter \u0219i redactor-\u0219ef Buletin de Bucure\u0219ti. Lucreaz\u0103 \u00een mass-media de la v\u00e2rsta de 15 ani, c\u00e2nd a publicat primele articole \u00een presa local\u0103 din Tecuci. \u00cen Bucure\u0219ti a lucrat \u00een redac\u021bii radio ca reporter, redactor \u0219i prezentator (StudentFM, Na\u021bionalFM, Radio Total, Smart FM), unde a acoperit domeniile politic, economic, social \u0219i externe. Ulterior, a fost editor-coordonator al postului Realitatea FM. Experien\u021ba \u00een jurnalismul online a dob\u00e2ndit-o la portalul B365.ro, unde a fost editor. \u00cen 2012 s-a angajat \u00een televiziune. La Realitatea TV a fost, pe r\u00e2nd, reporter la sec\u021bia Social, reporter special la emisiunea de reportaje \u0219i anchete \u201eReporterii Realit\u0103\u021bii\u201d, dar \u0219i editor al jurnalelor de \u0219tiri. Ulterior, a f\u0103cut parte din sec\u021bia de Investiga\u021bii de la Digi24 \u0219i a lucrat la campania \u201eRom\u00e2nia furat\u0103\u201d. A revenit \u00een presa scris\u0103 \u00een 2017, ca reporter special, \u00een cadrul unui proiect de repozi\u021bionare a tabloidului Libertatea \u00een cotidian generalist. Este jurnalist Buletin de Bucure\u0219ti din 2019.\",\"url\":\"https:\\\/\\\/buletin.de\\\/bucuresti\\\/author\\\/catalin\\\/\"}]}<\/script>\n<!-- \/ Yoast SEO Premium plugin. -->","yoast_head_json":{"title":"R\u0103zboiul gripei: \u00cen timp ce Firea anun\u021b\u0103 1.400 de cazuri \u00een \u0219coli, \u0219eful laboratorului de la \u201eMatei Bal\u015f\u201d exclude o epidemie \u0219i \u00eendeamn\u0103 la calm - Buletin de Bucure\u0219ti","robots":{"index":"index","follow":"follow","max-snippet":"max-snippet:-1","max-image-preview":"max-image-preview:large","max-video-preview":"max-video-preview:-1"},"canonical":"https:\/\/buletin.de\/bucuresti\/razboiul-gripei-in-timp-ce-firea-anunta-1-400-de-cazuri-in-scoli-seful-laboratorului-de-la-matei-bals-exclude-varianta-unei-epidemii-si-indeamna-la-calm\/","og_locale":"en_GB","og_type":"article","og_title":"R\u0103zboiul gripei: \u00cen timp ce Firea anun\u021b\u0103 1.400 de cazuri \u00een \u0219coli, \u0219eful laboratorului de la \u201eMatei Bal\u015f\u201d exclude o epidemie \u0219i \u00eendeamn\u0103 la calm","og_description":"Administra\u021bia Spitalelor \u0219i Serviciilor Medicale Bucure\u0219ti anun\u021ba c\u0103 personalul din cabinetele medicale \u0219colare a raportat, \u00een data de 28 ianuarie, un num\u0103r de 1.400 de cazuri de grip\u0103 la nivelul sistemului public de \u00eenv\u0103\u021b\u0103m\u00e2nt din Bucure\u0219ti. Cifra reprezint\u0103 aproximativ 0,5% din totalul elevilor bucure\u0219teni (249.000) \u0219i se bate cap \u00een cap cu datele oficiale ale [&hellip;]","og_url":"https:\/\/buletin.de\/bucuresti\/razboiul-gripei-in-timp-ce-firea-anunta-1-400-de-cazuri-in-scoli-seful-laboratorului-de-la-matei-bals-exclude-varianta-unei-epidemii-si-indeamna-la-calm\/","og_site_name":"Buletin de Bucure\u0219ti","article_publisher":"https:\/\/www.facebook.com\/buletin.de.buc","article_published_time":"2020-01-29T04:32:34+00:00","article_modified_time":"2020-01-29T06:33:28+00:00","og_image":[{"width":2560,"height":1296,"url":"https:\/\/buletin.de\/bucuresti\/wp-content\/uploads\/colaj-statii-1-1-scaled.jpg","type":"image\/jpeg"}],"author":"C\u0103t\u0103lin Dosca\u0219","twitter_card":"summary_large_image","twitter_misc":{"Written by":"C\u0103t\u0103lin Dosca\u0219","Estimated reading time":"6 minutes"},"schema":{"@context":"https:\/\/schema.org","@graph":[{"@type":"Article","@id":"https:\/\/buletin.de\/bucuresti\/razboiul-gripei-in-timp-ce-firea-anunta-1-400-de-cazuri-in-scoli-seful-laboratorului-de-la-matei-bals-exclude-varianta-unei-epidemii-si-indeamna-la-calm\/#article","isPartOf":{"@id":"https:\/\/buletin.de\/bucuresti\/razboiul-gripei-in-timp-ce-firea-anunta-1-400-de-cazuri-in-scoli-seful-laboratorului-de-la-matei-bals-exclude-varianta-unei-epidemii-si-indeamna-la-calm\/"},"author":{"name":"C\u0103t\u0103lin Dosca\u0219","@id":"https:\/\/buletin.de\/bucuresti\/#\/schema\/person\/31117187ed4d0bdb0a4c7d6acc79d0f8"},"headline":"R\u0103zboiul gripei: \u00cen timp ce Firea anun\u021b\u0103 1.400 de cazuri \u00een \u0219coli, \u0219eful laboratorului de la \u201eMatei Bal\u015f\u201d exclude o epidemie \u0219i \u00eendeamn\u0103 la calm","datePublished":"2020-01-29T04:32:34+00:00","dateModified":"2020-01-29T06:33:28+00:00","mainEntityOfPage":{"@id":"https:\/\/buletin.de\/bucuresti\/razboiul-gripei-in-timp-ce-firea-anunta-1-400-de-cazuri-in-scoli-seful-laboratorului-de-la-matei-bals-exclude-varianta-unei-epidemii-si-indeamna-la-calm\/"},"wordCount":1209,"publisher":{"@id":"https:\/\/buletin.de\/bucuresti\/#organization"},"image":{"@id":"https:\/\/buletin.de\/bucuresti\/razboiul-gripei-in-timp-ce-firea-anunta-1-400-de-cazuri-in-scoli-seful-laboratorului-de-la-matei-bals-exclude-varianta-unei-epidemii-si-indeamna-la-calm\/#primaryimage"},"thumbnailUrl":"https:\/\/buletin.de\/bucuresti\/wp-content\/uploads\/colaj-statii-1-1-scaled.jpg","keywords":["cazuri confirmate","epidemie","firea","gripa","matei bals","pmb","rafila"],"articleSection":["S\u0103n\u0103tate"],"inLanguage":"en-GB","copyrightYear":"2020","copyrightHolder":{"@id":"https:\/\/buletin.de\/bucuresti\/#organization"}},{"@type":"WebPage","@id":"https:\/\/buletin.de\/bucuresti\/razboiul-gripei-in-timp-ce-firea-anunta-1-400-de-cazuri-in-scoli-seful-laboratorului-de-la-matei-bals-exclude-varianta-unei-epidemii-si-indeamna-la-calm\/","url":"https:\/\/buletin.de\/bucuresti\/razboiul-gripei-in-timp-ce-firea-anunta-1-400-de-cazuri-in-scoli-seful-laboratorului-de-la-matei-bals-exclude-varianta-unei-epidemii-si-indeamna-la-calm\/","name":"R\u0103zboiul gripei: \u00cen timp ce Firea anun\u021b\u0103 1.400 de cazuri \u00een \u0219coli, \u0219eful laboratorului de la \u201eMatei Bal\u015f\u201d exclude o epidemie \u0219i \u00eendeamn\u0103 la calm - Buletin de Bucure\u0219ti","isPartOf":{"@id":"https:\/\/buletin.de\/bucuresti\/#website"},"primaryImageOfPage":{"@id":"https:\/\/buletin.de\/bucuresti\/razboiul-gripei-in-timp-ce-firea-anunta-1-400-de-cazuri-in-scoli-seful-laboratorului-de-la-matei-bals-exclude-varianta-unei-epidemii-si-indeamna-la-calm\/#primaryimage"},"image":{"@id":"https:\/\/buletin.de\/bucuresti\/razboiul-gripei-in-timp-ce-firea-anunta-1-400-de-cazuri-in-scoli-seful-laboratorului-de-la-matei-bals-exclude-varianta-unei-epidemii-si-indeamna-la-calm\/#primaryimage"},"thumbnailUrl":"https:\/\/buletin.de\/bucuresti\/wp-content\/uploads\/colaj-statii-1-1-scaled.jpg","datePublished":"2020-01-29T04:32:34+00:00","dateModified":"2020-01-29T06:33:28+00:00","breadcrumb":{"@id":"https:\/\/buletin.de\/bucuresti\/razboiul-gripei-in-timp-ce-firea-anunta-1-400-de-cazuri-in-scoli-seful-laboratorului-de-la-matei-bals-exclude-varianta-unei-epidemii-si-indeamna-la-calm\/#breadcrumb"},"inLanguage":"en-GB","potentialAction":[{"@type":"ReadAction","target":["https:\/\/buletin.de\/bucuresti\/razboiul-gripei-in-timp-ce-firea-anunta-1-400-de-cazuri-in-scoli-seful-laboratorului-de-la-matei-bals-exclude-varianta-unei-epidemii-si-indeamna-la-calm\/"]}]},{"@type":"ImageObject","inLanguage":"en-GB","@id":"https:\/\/buletin.de\/bucuresti\/razboiul-gripei-in-timp-ce-firea-anunta-1-400-de-cazuri-in-scoli-seful-laboratorului-de-la-matei-bals-exclude-varianta-unei-epidemii-si-indeamna-la-calm\/#primaryimage","url":"https:\/\/buletin.de\/bucuresti\/wp-content\/uploads\/colaj-statii-1-1-scaled.jpg","contentUrl":"https:\/\/buletin.de\/bucuresti\/wp-content\/uploads\/colaj-statii-1-1-scaled.jpg","width":2560,"height":1296},{"@type":"BreadcrumbList","@id":"https:\/\/buletin.de\/bucuresti\/razboiul-gripei-in-timp-ce-firea-anunta-1-400-de-cazuri-in-scoli-seful-laboratorului-de-la-matei-bals-exclude-varianta-unei-epidemii-si-indeamna-la-calm\/#breadcrumb","itemListElement":[{"@type":"ListItem","position":1,"name":"Acas\u0103","item":"https:\/\/buletin.de\/bucuresti\/"},{"@type":"ListItem","position":2,"name":"R\u0103zboiul gripei: \u00cen timp ce Firea anun\u021b\u0103 1.400 de cazuri \u00een \u0219coli, \u0219eful laboratorului de la \u201eMatei Bal\u015f\u201d exclude o epidemie \u0219i \u00eendeamn\u0103 la calm"}]},{"@type":"WebSite","@id":"https:\/\/buletin.de\/bucuresti\/#website","url":"https:\/\/buletin.de\/bucuresti\/","name":"Buletin de Bucure\u0219ti","description":"\u0218tiri \u0219i investiga\u021bii esen\u021biale din capital\u0103","publisher":{"@id":"https:\/\/buletin.de\/bucuresti\/#organization"},"potentialAction":[{"@type":"SearchAction","target":{"@type":"EntryPoint","urlTemplate":"https:\/\/buletin.de\/bucuresti\/?s={search_term_string}"},"query-input":{"@type":"PropertyValueSpecification","valueRequired":true,"valueName":"search_term_string"}}],"inLanguage":"en-GB"},{"@type":"Organization","@id":"https:\/\/buletin.de\/bucuresti\/#organization","name":"Buletin de Bucure\u0219ti","url":"https:\/\/buletin.de\/bucuresti\/","logo":{"@type":"ImageObject","inLanguage":"en-GB","@id":"https:\/\/buletin.de\/bucuresti\/#\/schema\/logo\/image\/","url":"https:\/\/buletin.de\/bucuresti\/wp-content\/uploads\/logo-bdb-full-wide-vernil-transparent.png","contentUrl":"https:\/\/buletin.de\/bucuresti\/wp-content\/uploads\/logo-bdb-full-wide-vernil-transparent.png","width":1782,"height":626,"caption":"Buletin de Bucure\u0219ti"},"image":{"@id":"https:\/\/buletin.de\/bucuresti\/#\/schema\/logo\/image\/"},"sameAs":["https:\/\/www.facebook.com\/buletin.de.buc","https:\/\/www.instagram.com\/buletinde.bucuresti\/"]},{"@type":"Person","@id":"https:\/\/buletin.de\/bucuresti\/#\/schema\/person\/31117187ed4d0bdb0a4c7d6acc79d0f8","name":"C\u0103t\u0103lin Dosca\u0219","image":{"@type":"ImageObject","inLanguage":"en-GB","@id":"https:\/\/buletin.de\/bucuresti\/wp-content\/uploads\/Catalin-Doscas-e1732731064764-96x96.jpga93e2943bb3b1c1f9ead823df6e6317a","url":"https:\/\/buletin.de\/bucuresti\/wp-content\/uploads\/Catalin-Doscas-e1732731064764-96x96.jpg","contentUrl":"https:\/\/buletin.de\/bucuresti\/wp-content\/uploads\/Catalin-Doscas-e1732731064764-96x96.jpg","caption":"C\u0103t\u0103lin Dosca\u0219"},"description":"Reporter \u0219i redactor-\u0219ef Buletin de Bucure\u0219ti. Lucreaz\u0103 \u00een mass-media de la v\u00e2rsta de 15 ani, c\u00e2nd a publicat primele articole \u00een presa local\u0103 din Tecuci. \u00cen Bucure\u0219ti a lucrat \u00een redac\u021bii radio ca reporter, redactor \u0219i prezentator (StudentFM, Na\u021bionalFM, Radio Total, Smart FM), unde a acoperit domeniile politic, economic, social \u0219i externe. Ulterior, a fost editor-coordonator al postului Realitatea FM. Experien\u021ba \u00een jurnalismul online a dob\u00e2ndit-o la portalul B365.ro, unde a fost editor. \u00cen 2012 s-a angajat \u00een televiziune. La Realitatea TV a fost, pe r\u00e2nd, reporter la sec\u021bia Social, reporter special la emisiunea de reportaje \u0219i anchete \u201eReporterii Realit\u0103\u021bii\u201d, dar \u0219i editor al jurnalelor de \u0219tiri. Ulterior, a f\u0103cut parte din sec\u021bia de Investiga\u021bii de la Digi24 \u0219i a lucrat la campania \u201eRom\u00e2nia furat\u0103\u201d. A revenit \u00een presa scris\u0103 \u00een 2017, ca reporter special, \u00een cadrul unui proiect de repozi\u021bionare a tabloidului Libertatea \u00een cotidian generalist. Este jurnalist Buletin de Bucure\u0219ti din 2019.","url":"https:\/\/buletin.de\/bucuresti\/author\/catalin\/"}]}},"authors":[{"term_id":22575,"user_id":10,"is_guest":0,"slug":"catalin","display_name":"C\u0103t\u0103lin Dosca\u0219","avatar_url":"https:\/\/buletin.de\/bucuresti\/wp-content\/uploads\/Catalin-Doscas-e1732731064764-96x96.jpg","0":null,"1":"","2":"","3":"","4":"","5":"","6":"","7":"","8":""}],"_links":{"self":[{"href":"https:\/\/buletin.de\/bucuresti\/wp-json\/wp\/v2\/posts\/3071","targetHints":{"allow":["GET"]}}],"collection":[{"href":"https:\/\/buletin.de\/bucuresti\/wp-json\/wp\/v2\/posts"}],"about":[{"href":"https:\/\/buletin.de\/bucuresti\/wp-json\/wp\/v2\/types\/post"}],"author":[{"embeddable":true,"href":"https:\/\/buletin.de\/bucuresti\/wp-json\/wp\/v2\/users\/10"}],"replies":[{"embeddable":true,"href":"https:\/\/buletin.de\/bucuresti\/wp-json\/wp\/v2\/comments?post=3071"}],"version-history":[{"count":6,"href":"https:\/\/buletin.de\/bucuresti\/wp-json\/wp\/v2\/posts\/3071\/revisions"}],"predecessor-version":[{"id":3080,"href":"https:\/\/buletin.de\/bucuresti\/wp-json\/wp\/v2\/posts\/3071\/revisions\/3080"}],"wp:featuredmedia":[{"embeddable":true,"href":"https:\/\/buletin.de\/bucuresti\/wp-json\/wp\/v2\/media\/3074"}],"wp:attachment":[{"href":"https:\/\/buletin.de\/bucuresti\/wp-json\/wp\/v2\/media?parent=3071"}],"wp:term":[{"taxonomy":"category","embeddable":true,"href":"https:\/\/buletin.de\/bucuresti\/wp-json\/wp\/v2\/categories?post=3071"},{"taxonomy":"post_tag","embeddable":true,"href":"https:\/\/buletin.de\/bucuresti\/wp-json\/wp\/v2\/tags?post=3071"},{"taxonomy":"author","embeddable":true,"href":"https:\/\/buletin.de\/bucuresti\/wp-json\/wp\/v2\/ppma_author?post=3071"}],"curies":[{"name":"wp","href":"https:\/\/api.w.org\/{rel}","templated":true}]}}